




{"id":40251,"date":"2013-11-07T00:55:00","date_gmt":"2013-11-06T21:55:00","guid":{"rendered":"http:\/\/qtmm.org\/?p=40251"},"modified":"2022-01-26T00:57:18","modified_gmt":"2022-01-25T21:57:18","slug":"refat-cubarov-biz-milliy-siniflar-ve-subesiz-milliy-mektepler-acilmasi-icun-calisacaqmiz","status":"publish","type":"post","link":"https:\/\/qtmm.org\/qt\/refat-cubarov-biz-milliy-siniflar-ve-subesiz-milliy-mektepler-acilmasi-icun-calisacaqmiz\/","title":{"rendered":"Refat \u00c7UBAROV: Biz milliy s\u0131n\u0131flar ve \u015f\u00fcbesiz, milliy mektepler a\u00e7\u0131lmas\u0131 i\u00e7\u00fcn \u00e7al\u0131\u015facaqm\u0131z"},"content":{"rendered":"\n<p>Noyabr 7 k\u00fcn\u00fc Meclis reisi Refat \u00c7ubarov Macaristann\u0131\u00f1 Ukrainadaki El\u00e7iligini\u00f1 1-nci k\u00e2tibi Timeyya Vayon ile k\u00f6r\u00fc\u015fti.<\/p>\n\n\n\n<p>Vayon han\u0131m\u011fa Macaristan Cumhuriyetini\u00f1 Aqmescitteki El\u00e7iligini\u00f1 birinci k\u00e2tibi Viktor Pavlenko refaqatl\u0131q yapt\u0131.<\/p>\n\n\n\n<p>Meclisni k\u00f6r\u00fc\u015f\u00fcvde Meclis reisini\u00f1 muavini Nariman Cel\u00e2l, t\u0131\u015fq\u0131 al\u00e2qalar b\u00f6l\u00fcgini\u00f1 ba\u015f\u0131 Ali Hamzin ve K\u00e2tibiyet ba\u015f\u0131 Dil\u00e2ver AK\u0130YEV temsil ettiler.<\/p>\n\n\n\n<figure class=\"wp-block-image size-full\"><img loading=\"lazy\" decoding=\"async\" width=\"650\" height=\"350\" src=\"http:\/\/qtmm.org\/wp-content\/uploads\/2022\/01\/1_135.jpeg\" alt=\"\" class=\"wp-image-40252\" srcset=\"https:\/\/qtmm.org\/wp-content\/uploads\/2022\/01\/1_135.jpeg 650w, https:\/\/qtmm.org\/wp-content\/uploads\/2022\/01\/1_135-300x162.jpeg 300w\" sizes=\"auto, (max-width: 650px) 100vw, 650px\" \/><\/figure>\n\n\n\n<p>Macaristann\u0131\u00f1 Ukrainadaki El\u00e7iligini\u00f1 1-nci k\u00e2tibi Timeyya Vayon k\u00f6r\u00fc\u015f\u00fcvni\u00f1 ba\u015f\u0131nda Refat \u00c7ubarovn\u0131 Meclis reisi vazifesine saylan\u011fan\u0131 ile hay\u0131rlad\u0131 ve q\u0131r\u0131mtatar halq\u0131 o\u011frunda semereli \u00e7al\u0131\u015fmas\u0131n\u0131 tiledi. \u00d6z nevbetinde Refat \u00c7ubarov macaristanl\u0131 diplomatqa 2013 senesi okt\u00e2br 26-27 k\u00fcnleri ol\u0131p ke\u00e7ken 6-nc\u0131 \u00e7a\u011f\u0131r\u0131l\u0131\u015f Qurultay 1-nci sessiyas\u0131n\u0131\u00f1 neticeleri aqq\u0131nda mal\u00fcmat berdi ve Meclisni\u00f1 qurum\u0131 ve q\u0131r\u0131mtatarlar vek\u00e2letli organ\u0131n\u0131\u00f1 fazifelerinen tan\u0131\u015f etti.<br><br>Timeyya VAYONn\u0131\u00f1 s\u00f6ylegenine k\u00f6re, bug\u00fcnde-bug\u00fcn Ukrainada, Karpatlar art\u0131nda 150 bi\u00f1 civar\u0131nda macarlar ya\u015fap, milliy azl\u0131qlarn\u0131\u00f1 aqlar\u0131 ve serbestligini qor\u00e7alav meseleleri q\u0131r\u0131mtatar halq\u0131 i\u00e7\u00fcn ol\u011fan\u0131 kibi m\u00fcimdirler.<\/p>\n\n\n\n<p>&#8220;Macaristan sadece Ukrainan\u0131\u00f1 baya\u011f\u0131 macarlar ya\u015fad\u0131\u011f\u0131 qom\u015fus\u0131 degil de, ayn\u0131 zamanda em q\u0131r\u0131mtatarlar, em macalarlar i\u00e7\u00fcn bir seviyede aktual meseleler mevcut old\u0131\u011f\u0131 bir yerdir, &#8211; dedi Meclis yolba\u015f\u00e7\u0131s\u0131. \u2013 \u0130lk-evel\u00e2, bu milliy tasil ve ana tilini \u00f6gren\u00fcv meselesidir. Biz milliy mektepler ve, \u015f\u00fcbesiz, ukrain ve q\u0131r\u0131mtatar tilinde oqut\u0131l\u011fan mekteplerni\u00f1 a\u00e7\u0131lmas\u0131n\u0131 isteymiz&#8221;.<\/p>\n\n\n\n<figure class=\"wp-block-image size-full\"><img loading=\"lazy\" decoding=\"async\" width=\"650\" height=\"370\" src=\"http:\/\/qtmm.org\/wp-content\/uploads\/2022\/01\/2_138.jpeg\" alt=\"\" class=\"wp-image-40256\" srcset=\"https:\/\/qtmm.org\/wp-content\/uploads\/2022\/01\/2_138.jpeg 650w, https:\/\/qtmm.org\/wp-content\/uploads\/2022\/01\/2_138-300x171.jpeg 300w\" sizes=\"auto, (max-width: 650px) 100vw, 650px\" \/><\/figure>\n\n\n\n<p>Macaristann\u0131\u00f1 Ukrainadaki El\u00e7iligini\u00f1 1-nci k\u00e2tibi Timeyya Vayon Zakarpatye vil\u00e2yetinde ya\u015fa\u011fan macarlar \u00e7ektigi bir s\u0131ra q\u0131y\u0131nl\u0131qlar\u011fa da diqqatn\u0131 celp etti. Timeya VAYON han\u0131m seslendirgen misaller s\u0131ras\u0131nda macar tili ocalar\u0131n\u0131\u00f1 yeti\u015fmegenidir. Ayr\u0131ca \u015fu da qayd etildi ki, Macaristandan Ukraina\u011fa oquv qullanmalar\u0131n\u0131 ketirmekni yasaqla\u011fan ukrain qanunlar\u0131 bu meseleni suniy \u015fekilde daa da m\u00fcrekkeple\u015ftire.<\/p>\n\n\n\n<p>K\u00f6r\u00fc\u015f\u00fcvde baq\u0131l\u011fan meseleler s\u0131ras\u0131nda taraflar Q\u0131r\u0131m ve Ukrainada siyasiy-i\u00e7timaiy vaziyetni talil etip, q\u0131r\u0131mtatarlar s\u00fcrg\u00fcnligini\u00f1 70 y\u0131ll\u0131\u011f\u0131 arfesinde q\u0131r\u0131mtatarlarn\u0131\u00f1 meseleleri boyunca halqara forumn\u0131 ke\u00e7ir\u00fcv istiqballerini muzakere ettiler.<\/p>\n\n\n\n<p>&#8220;Halqara forumn\u0131\u00f1 ke\u00e7irilmesi q\u0131r\u0131mtatarlar i\u00e7\u00fcn, bun\u0131\u00f1 kibi de Q\u0131r\u0131mn\u0131\u00f1 tam\u0131r halq\u0131n\u0131\u00f1 \u011fayr\u0131dan itklev meselelerini kesen-kes \u00e7ezmege az\u0131r ol\u011fan Ukraina i\u00e7\u00fcn \u011fayet zarurd\u0131r&#8221;, &#8211; devam etti Meclis reisi R. \u00c7ubarov. \u2013 Bun\u0131\u00f1nen birge \u015fun\u0131 da qayd etti ki, noyabrde Viln\u00fcste Ukraina Avropa Birligi ile birle\u015fme aqq\u0131ndaki a\u00f1la\u015fman\u0131 imzala\u011fan\u0131nen Meclim Avropa Birligi \u00e7er\u00e7ivesinde tam\u0131r halqlarn\u0131\u00f1 ve milliy azl\u0131qlarn\u0131\u00f1, \u015fu c\u00fcmleden q\u0131r\u0131mtatarlarn\u0131\u00f1 problemleri boyunca monitoring gruppas\u0131 meydan\u011fa ketirilmesi i\u00e7\u00fcn te\u015febb\u00fcs k\u00f6stermekni planla\u015ft\u0131ra.<\/p>\n\n\n\n<figure class=\"wp-block-image size-full\"><img loading=\"lazy\" decoding=\"async\" width=\"650\" height=\"384\" src=\"http:\/\/qtmm.org\/wp-content\/uploads\/2022\/01\/3_106.jpeg\" alt=\"\" class=\"wp-image-40260\" srcset=\"https:\/\/qtmm.org\/wp-content\/uploads\/2022\/01\/3_106.jpeg 650w, https:\/\/qtmm.org\/wp-content\/uploads\/2022\/01\/3_106-300x177.jpeg 300w\" sizes=\"auto, (max-width: 650px) 100vw, 650px\" \/><\/figure>\n\n\n\n<p>&#8220;Avropa parlamenti devletleri gruppas\u0131na V\u0131\u015fegrad gruppas\u0131 ve Balt\u0131q devletlerini kirsetmek de \u00e7oq m\u00fcim, \u00e7\u00fcnki mezk\u00fcr devletlerni\u00f1 halqlar\u0131 sovet rejimi qanl\u0131 ve \u015fiddetli siyasetini\u00f1 eziyetlerini \u00f6z boynunda \u00e7ektiler&#8221;, &#8211; dedi Meclis t\u0131\u015fq\u0131 al\u00e2qalar b\u00f6l\u00fcgini\u00f1 ba\u015f\u0131 Ali HAMZ\u0130N.<\/p>\n\n\n\n<p>K\u00f6r\u00fc\u015f\u00fcvni\u00f1 so\u00f1unda taraflar qayd ettiler ki, Avropa Birliginen a\u00f1la\u015fman\u0131\u00f1 imzalanmas\u0131 Ukraina\u011fa Avropa halqlar\u0131 ailesinde munasip yer almaq imk\u00e2n\u0131n\u0131 berir ve demokratik degerlikler devletni\u00f1 cemiyetine a\u015flan\u0131r.<\/p>\n\n\n\n<figure class=\"wp-block-image size-full\"><img loading=\"lazy\" decoding=\"async\" width=\"650\" height=\"385\" src=\"http:\/\/qtmm.org\/wp-content\/uploads\/2022\/01\/4_98.jpeg\" alt=\"\" class=\"wp-image-40264\" srcset=\"https:\/\/qtmm.org\/wp-content\/uploads\/2022\/01\/4_98.jpeg 650w, https:\/\/qtmm.org\/wp-content\/uploads\/2022\/01\/4_98-300x178.jpeg 300w\" sizes=\"auto, (max-width: 650px) 100vw, 650px\" \/><\/figure>\n","protected":false},"excerpt":{"rendered":"<p>Noyabr 7 k\u00fcn\u00fc Meclis reisi Refat \u00c7ubarov Macaristann\u0131\u00f1 Ukrainadaki El\u00e7iligini\u00f1 1-nci k\u00e2tibi Timeyya Vayon ile k\u00f6r\u00fc\u015fti. Vayon han\u0131m\u011fa Macaristan Cumhuriyetini\u00f1 Aqmescitteki El\u00e7iligini\u00f1 birinci k\u00e2tibi Viktor Pavlenko refaqatl\u0131q yapt\u0131. Meclisni k\u00f6r\u00fc\u015f\u00fcvde Meclis reisini\u00f1 muavini Nariman Cel\u00e2l, t\u0131\u015fq\u0131 al\u00e2qalar b\u00f6l\u00fcgini\u00f1 ba\u015f\u0131 Ali Hamzin ve K\u00e2tibiyet ba\u015f\u0131 Dil\u00e2ver AK\u0130YEV temsil ettiler. Macaristann\u0131\u00f1 Ukrainadaki El\u00e7iligini\u00f1 1-nci k\u00e2tibi Timeyya Vayon [&hellip;]<\/p>\n","protected":false},"author":1,"featured_media":0,"comment_status":"open","ping_status":"open","sticky":false,"template":"","format":"standard","meta":{"inline_featured_image":false,"footnotes":""},"categories":[265],"tags":[],"class_list":["post-40251","post","type-post","status-publish","format-standard","hentry","category-haberler"],"acf":[],"yoast_head":"<!-- This site is optimized with the Yoast SEO plugin v27.4 - https:\/\/yoast.com\/product\/yoast-seo-wordpress\/ -->\n<title>Refat \u00c7UBAROV: Biz milliy s\u0131n\u0131flar ve \u015f\u00fcbesiz, milliy mektepler a\u00e7\u0131lmas\u0131 i\u00e7\u00fcn \u00e7al\u0131\u015facaqm\u0131z - \u041c\u0435\u0434\u0436\u043b\u0456\u0441<\/title>\n<meta name=\"robots\" content=\"index, follow, max-snippet:-1, max-image-preview:large, max-video-preview:-1\" \/>\n<link rel=\"canonical\" href=\"https:\/\/qtmm.org\/qt\/refat-cubarov-biz-milliy-siniflar-ve-subesiz-milliy-mektepler-acilmasi-icun-calisacaqmiz\/\" \/>\n<meta property=\"og:locale\" content=\"en_US\" \/>\n<meta property=\"og:type\" content=\"article\" \/>\n<meta property=\"og:title\" content=\"Refat \u00c7UBAROV: Biz milliy s\u0131n\u0131flar ve \u015f\u00fcbesiz, milliy mektepler a\u00e7\u0131lmas\u0131 i\u00e7\u00fcn \u00e7al\u0131\u015facaqm\u0131z - \u041c\u0435\u0434\u0436\u043b\u0456\u0441\" \/>\n<meta property=\"og:description\" content=\"Noyabr 7 k\u00fcn\u00fc Meclis reisi Refat \u00c7ubarov Macaristann\u0131\u00f1 Ukrainadaki El\u00e7iligini\u00f1 1-nci k\u00e2tibi Timeyya Vayon ile k\u00f6r\u00fc\u015fti. Vayon han\u0131m\u011fa Macaristan Cumhuriyetini\u00f1 Aqmescitteki El\u00e7iligini\u00f1 birinci k\u00e2tibi Viktor Pavlenko refaqatl\u0131q yapt\u0131. Meclisni k\u00f6r\u00fc\u015f\u00fcvde Meclis reisini\u00f1 muavini Nariman Cel\u00e2l, t\u0131\u015fq\u0131 al\u00e2qalar b\u00f6l\u00fcgini\u00f1 ba\u015f\u0131 Ali Hamzin ve K\u00e2tibiyet ba\u015f\u0131 Dil\u00e2ver AK\u0130YEV temsil ettiler. Macaristann\u0131\u00f1 Ukrainadaki El\u00e7iligini\u00f1 1-nci k\u00e2tibi Timeyya Vayon [&hellip;]\" \/>\n<meta property=\"og:url\" content=\"https:\/\/qtmm.org\/qt\/refat-cubarov-biz-milliy-siniflar-ve-subesiz-milliy-mektepler-acilmasi-icun-calisacaqmiz\/\" \/>\n<meta property=\"og:site_name\" content=\"\u041c\u0435\u0434\u0436\u043b\u0456\u0441\" \/>\n<meta property=\"article:publisher\" content=\"https:\/\/www.facebook.com\/qtmm.info\/\" \/>\n<meta property=\"article:published_time\" content=\"2013-11-06T21:55:00+00:00\" \/>\n<meta property=\"article:modified_time\" content=\"2022-01-25T21:57:18+00:00\" \/>\n<meta property=\"og:image\" content=\"https:\/\/qtmm.org\/wp-content\/uploads\/2022\/01\/1_135.jpeg\" \/>\n\t<meta property=\"og:image:width\" content=\"650\" \/>\n\t<meta property=\"og:image:height\" content=\"350\" \/>\n\t<meta property=\"og:image:type\" content=\"image\/jpeg\" \/>\n<meta name=\"author\" content=\"Developer\" \/>\n<meta name=\"twitter:card\" content=\"summary_large_image\" \/>\n<meta name=\"twitter:label1\" content=\"Written by\" \/>\n\t<meta name=\"twitter:data1\" content=\"Developer\" \/>\n\t<meta name=\"twitter:label2\" content=\"Est. reading time\" \/>\n\t<meta name=\"twitter:data2\" content=\"3 minutes\" \/>\n<script type=\"application\/ld+json\" class=\"yoast-schema-graph\">{\"@context\":\"https:\\\/\\\/schema.org\",\"@graph\":[{\"@type\":\"Article\",\"@id\":\"https:\\\/\\\/qtmm.org\\\/qt\\\/refat-cubarov-biz-milliy-siniflar-ve-subesiz-milliy-mektepler-acilmasi-icun-calisacaqmiz\\\/#article\",\"isPartOf\":{\"@id\":\"https:\\\/\\\/qtmm.org\\\/qt\\\/refat-cubarov-biz-milliy-siniflar-ve-subesiz-milliy-mektepler-acilmasi-icun-calisacaqmiz\\\/\"},\"author\":{\"name\":\"Developer\",\"@id\":\"https:\\\/\\\/qtmm.org\\\/qt\\\/#\\\/schema\\\/person\\\/de562469f971dec226ac06e60bbf74a7\"},\"headline\":\"Refat \u00c7UBAROV: Biz milliy s\u0131n\u0131flar ve \u015f\u00fcbesiz, milliy mektepler a\u00e7\u0131lmas\u0131 i\u00e7\u00fcn \u00e7al\u0131\u015facaqm\u0131z\",\"datePublished\":\"2013-11-06T21:55:00+00:00\",\"dateModified\":\"2022-01-25T21:57:18+00:00\",\"mainEntityOfPage\":{\"@id\":\"https:\\\/\\\/qtmm.org\\\/qt\\\/refat-cubarov-biz-milliy-siniflar-ve-subesiz-milliy-mektepler-acilmasi-icun-calisacaqmiz\\\/\"},\"wordCount\":564,\"commentCount\":0,\"publisher\":{\"@id\":\"https:\\\/\\\/qtmm.org\\\/qt\\\/#organization\"},\"image\":{\"@id\":\"https:\\\/\\\/qtmm.org\\\/qt\\\/refat-cubarov-biz-milliy-siniflar-ve-subesiz-milliy-mektepler-acilmasi-icun-calisacaqmiz\\\/#primaryimage\"},\"thumbnailUrl\":\"http:\\\/\\\/qtmm.org\\\/wp-content\\\/uploads\\\/2022\\\/01\\\/1_135.jpeg\",\"articleSection\":[\"Haberler\"],\"inLanguage\":\"qt\",\"potentialAction\":[{\"@type\":\"CommentAction\",\"name\":\"Comment\",\"target\":[\"https:\\\/\\\/qtmm.org\\\/qt\\\/refat-cubarov-biz-milliy-siniflar-ve-subesiz-milliy-mektepler-acilmasi-icun-calisacaqmiz\\\/#respond\"]}]},{\"@type\":\"WebPage\",\"@id\":\"https:\\\/\\\/qtmm.org\\\/qt\\\/refat-cubarov-biz-milliy-siniflar-ve-subesiz-milliy-mektepler-acilmasi-icun-calisacaqmiz\\\/\",\"url\":\"https:\\\/\\\/qtmm.org\\\/qt\\\/refat-cubarov-biz-milliy-siniflar-ve-subesiz-milliy-mektepler-acilmasi-icun-calisacaqmiz\\\/\",\"name\":\"Refat \u00c7UBAROV: Biz milliy s\u0131n\u0131flar ve \u015f\u00fcbesiz, milliy mektepler a\u00e7\u0131lmas\u0131 i\u00e7\u00fcn \u00e7al\u0131\u015facaqm\u0131z - \u041c\u0435\u0434\u0436\u043b\u0456\u0441\",\"isPartOf\":{\"@id\":\"https:\\\/\\\/qtmm.org\\\/qt\\\/#website\"},\"primaryImageOfPage\":{\"@id\":\"https:\\\/\\\/qtmm.org\\\/qt\\\/refat-cubarov-biz-milliy-siniflar-ve-subesiz-milliy-mektepler-acilmasi-icun-calisacaqmiz\\\/#primaryimage\"},\"image\":{\"@id\":\"https:\\\/\\\/qtmm.org\\\/qt\\\/refat-cubarov-biz-milliy-siniflar-ve-subesiz-milliy-mektepler-acilmasi-icun-calisacaqmiz\\\/#primaryimage\"},\"thumbnailUrl\":\"http:\\\/\\\/qtmm.org\\\/wp-content\\\/uploads\\\/2022\\\/01\\\/1_135.jpeg\",\"datePublished\":\"2013-11-06T21:55:00+00:00\",\"dateModified\":\"2022-01-25T21:57:18+00:00\",\"breadcrumb\":{\"@id\":\"https:\\\/\\\/qtmm.org\\\/qt\\\/refat-cubarov-biz-milliy-siniflar-ve-subesiz-milliy-mektepler-acilmasi-icun-calisacaqmiz\\\/#breadcrumb\"},\"inLanguage\":\"qt\",\"potentialAction\":[{\"@type\":\"ReadAction\",\"target\":[\"https:\\\/\\\/qtmm.org\\\/qt\\\/refat-cubarov-biz-milliy-siniflar-ve-subesiz-milliy-mektepler-acilmasi-icun-calisacaqmiz\\\/\"]}]},{\"@type\":\"ImageObject\",\"inLanguage\":\"qt\",\"@id\":\"https:\\\/\\\/qtmm.org\\\/qt\\\/refat-cubarov-biz-milliy-siniflar-ve-subesiz-milliy-mektepler-acilmasi-icun-calisacaqmiz\\\/#primaryimage\",\"url\":\"http:\\\/\\\/qtmm.org\\\/wp-content\\\/uploads\\\/2022\\\/01\\\/1_135.jpeg\",\"contentUrl\":\"http:\\\/\\\/qtmm.org\\\/wp-content\\\/uploads\\\/2022\\\/01\\\/1_135.jpeg\"},{\"@type\":\"BreadcrumbList\",\"@id\":\"https:\\\/\\\/qtmm.org\\\/qt\\\/refat-cubarov-biz-milliy-siniflar-ve-subesiz-milliy-mektepler-acilmasi-icun-calisacaqmiz\\\/#breadcrumb\",\"itemListElement\":[{\"@type\":\"ListItem\",\"position\":1,\"name\":\"\u0413\u043e\u043b\u043e\u0432\u043d\u0430\",\"item\":\"https:\\\/\\\/qtmm.org\\\/qt\\\/\"},{\"@type\":\"ListItem\",\"position\":2,\"name\":\"Refat \u00c7UBAROV: Biz milliy s\u0131n\u0131flar ve \u015f\u00fcbesiz, milliy mektepler a\u00e7\u0131lmas\u0131 i\u00e7\u00fcn \u00e7al\u0131\u015facaqm\u0131z\"}]},{\"@type\":\"WebSite\",\"@id\":\"https:\\\/\\\/qtmm.org\\\/qt\\\/#website\",\"url\":\"https:\\\/\\\/qtmm.org\\\/qt\\\/\",\"name\":\"\u041c\u0435\u0434\u0436\u043b\u0456\u0441\",\"description\":\"\",\"publisher\":{\"@id\":\"https:\\\/\\\/qtmm.org\\\/qt\\\/#organization\"},\"potentialAction\":[{\"@type\":\"SearchAction\",\"target\":{\"@type\":\"EntryPoint\",\"urlTemplate\":\"https:\\\/\\\/qtmm.org\\\/qt\\\/?s={search_term_string}\"},\"query-input\":{\"@type\":\"PropertyValueSpecification\",\"valueRequired\":true,\"valueName\":\"search_term_string\"}}],\"inLanguage\":\"qt\"},{\"@type\":\"Organization\",\"@id\":\"https:\\\/\\\/qtmm.org\\\/qt\\\/#organization\",\"name\":\"\u041c\u0435\u0434\u0436\u043b\u0456\u0441\",\"url\":\"https:\\\/\\\/qtmm.org\\\/qt\\\/\",\"logo\":{\"@type\":\"ImageObject\",\"inLanguage\":\"qt\",\"@id\":\"https:\\\/\\\/qtmm.org\\\/qt\\\/#\\\/schema\\\/logo\\\/image\\\/\",\"url\":\"https:\\\/\\\/qtmm.org\\\/wp-content\\\/uploads\\\/2024\\\/12\\\/ua-mejlis-logo-rgb.svg\",\"contentUrl\":\"https:\\\/\\\/qtmm.org\\\/wp-content\\\/uploads\\\/2024\\\/12\\\/ua-mejlis-logo-rgb.svg\",\"caption\":\"\u041c\u0435\u0434\u0436\u043b\u0456\u0441\"},\"image\":{\"@id\":\"https:\\\/\\\/qtmm.org\\\/qt\\\/#\\\/schema\\\/logo\\\/image\\\/\"},\"sameAs\":[\"https:\\\/\\\/www.facebook.com\\\/qtmm.info\\\/\"]},{\"@type\":\"Person\",\"@id\":\"https:\\\/\\\/qtmm.org\\\/qt\\\/#\\\/schema\\\/person\\\/de562469f971dec226ac06e60bbf74a7\",\"name\":\"Developer\",\"image\":{\"@type\":\"ImageObject\",\"inLanguage\":\"qt\",\"@id\":\"https:\\\/\\\/secure.gravatar.com\\\/avatar\\\/392b4cc8fbfeb00b39dfeeab4ee6edded39ffd48e25858637e4765810300227e?s=96&d=mm&r=g\",\"url\":\"https:\\\/\\\/secure.gravatar.com\\\/avatar\\\/392b4cc8fbfeb00b39dfeeab4ee6edded39ffd48e25858637e4765810300227e?s=96&d=mm&r=g\",\"contentUrl\":\"https:\\\/\\\/secure.gravatar.com\\\/avatar\\\/392b4cc8fbfeb00b39dfeeab4ee6edded39ffd48e25858637e4765810300227e?s=96&d=mm&r=g\",\"caption\":\"Developer\"},\"url\":\"https:\\\/\\\/qtmm.org\\\/qt\\\/author\\\/Developer\\\/\"}]}<\/script>\n<!-- \/ Yoast SEO plugin. -->","yoast_head_json":{"title":"Refat \u00c7UBAROV: Biz milliy s\u0131n\u0131flar ve \u015f\u00fcbesiz, milliy mektepler a\u00e7\u0131lmas\u0131 i\u00e7\u00fcn \u00e7al\u0131\u015facaqm\u0131z - \u041c\u0435\u0434\u0436\u043b\u0456\u0441","robots":{"index":"index","follow":"follow","max-snippet":"max-snippet:-1","max-image-preview":"max-image-preview:large","max-video-preview":"max-video-preview:-1"},"canonical":"https:\/\/qtmm.org\/qt\/refat-cubarov-biz-milliy-siniflar-ve-subesiz-milliy-mektepler-acilmasi-icun-calisacaqmiz\/","og_locale":"en_US","og_type":"article","og_title":"Refat \u00c7UBAROV: Biz milliy s\u0131n\u0131flar ve \u015f\u00fcbesiz, milliy mektepler a\u00e7\u0131lmas\u0131 i\u00e7\u00fcn \u00e7al\u0131\u015facaqm\u0131z - \u041c\u0435\u0434\u0436\u043b\u0456\u0441","og_description":"Noyabr 7 k\u00fcn\u00fc Meclis reisi Refat \u00c7ubarov Macaristann\u0131\u00f1 Ukrainadaki El\u00e7iligini\u00f1 1-nci k\u00e2tibi Timeyya Vayon ile k\u00f6r\u00fc\u015fti. Vayon han\u0131m\u011fa Macaristan Cumhuriyetini\u00f1 Aqmescitteki El\u00e7iligini\u00f1 birinci k\u00e2tibi Viktor Pavlenko refaqatl\u0131q yapt\u0131. Meclisni k\u00f6r\u00fc\u015f\u00fcvde Meclis reisini\u00f1 muavini Nariman Cel\u00e2l, t\u0131\u015fq\u0131 al\u00e2qalar b\u00f6l\u00fcgini\u00f1 ba\u015f\u0131 Ali Hamzin ve K\u00e2tibiyet ba\u015f\u0131 Dil\u00e2ver AK\u0130YEV temsil ettiler. Macaristann\u0131\u00f1 Ukrainadaki El\u00e7iligini\u00f1 1-nci k\u00e2tibi Timeyya Vayon [&hellip;]","og_url":"https:\/\/qtmm.org\/qt\/refat-cubarov-biz-milliy-siniflar-ve-subesiz-milliy-mektepler-acilmasi-icun-calisacaqmiz\/","og_site_name":"\u041c\u0435\u0434\u0436\u043b\u0456\u0441","article_publisher":"https:\/\/www.facebook.com\/qtmm.info\/","article_published_time":"2013-11-06T21:55:00+00:00","article_modified_time":"2022-01-25T21:57:18+00:00","og_image":[{"width":650,"height":350,"url":"https:\/\/qtmm.org\/wp-content\/uploads\/2022\/01\/1_135.jpeg","type":"image\/jpeg"}],"author":"Developer","twitter_card":"summary_large_image","twitter_misc":{"Written by":"Developer","Est. reading time":"3 minutes"},"schema":{"@context":"https:\/\/schema.org","@graph":[{"@type":"Article","@id":"https:\/\/qtmm.org\/qt\/refat-cubarov-biz-milliy-siniflar-ve-subesiz-milliy-mektepler-acilmasi-icun-calisacaqmiz\/#article","isPartOf":{"@id":"https:\/\/qtmm.org\/qt\/refat-cubarov-biz-milliy-siniflar-ve-subesiz-milliy-mektepler-acilmasi-icun-calisacaqmiz\/"},"author":{"name":"Developer","@id":"https:\/\/qtmm.org\/qt\/#\/schema\/person\/de562469f971dec226ac06e60bbf74a7"},"headline":"Refat \u00c7UBAROV: Biz milliy s\u0131n\u0131flar ve \u015f\u00fcbesiz, milliy mektepler a\u00e7\u0131lmas\u0131 i\u00e7\u00fcn \u00e7al\u0131\u015facaqm\u0131z","datePublished":"2013-11-06T21:55:00+00:00","dateModified":"2022-01-25T21:57:18+00:00","mainEntityOfPage":{"@id":"https:\/\/qtmm.org\/qt\/refat-cubarov-biz-milliy-siniflar-ve-subesiz-milliy-mektepler-acilmasi-icun-calisacaqmiz\/"},"wordCount":564,"commentCount":0,"publisher":{"@id":"https:\/\/qtmm.org\/qt\/#organization"},"image":{"@id":"https:\/\/qtmm.org\/qt\/refat-cubarov-biz-milliy-siniflar-ve-subesiz-milliy-mektepler-acilmasi-icun-calisacaqmiz\/#primaryimage"},"thumbnailUrl":"http:\/\/qtmm.org\/wp-content\/uploads\/2022\/01\/1_135.jpeg","articleSection":["Haberler"],"inLanguage":"qt","potentialAction":[{"@type":"CommentAction","name":"Comment","target":["https:\/\/qtmm.org\/qt\/refat-cubarov-biz-milliy-siniflar-ve-subesiz-milliy-mektepler-acilmasi-icun-calisacaqmiz\/#respond"]}]},{"@type":"WebPage","@id":"https:\/\/qtmm.org\/qt\/refat-cubarov-biz-milliy-siniflar-ve-subesiz-milliy-mektepler-acilmasi-icun-calisacaqmiz\/","url":"https:\/\/qtmm.org\/qt\/refat-cubarov-biz-milliy-siniflar-ve-subesiz-milliy-mektepler-acilmasi-icun-calisacaqmiz\/","name":"Refat \u00c7UBAROV: Biz milliy s\u0131n\u0131flar ve \u015f\u00fcbesiz, milliy mektepler a\u00e7\u0131lmas\u0131 i\u00e7\u00fcn \u00e7al\u0131\u015facaqm\u0131z - \u041c\u0435\u0434\u0436\u043b\u0456\u0441","isPartOf":{"@id":"https:\/\/qtmm.org\/qt\/#website"},"primaryImageOfPage":{"@id":"https:\/\/qtmm.org\/qt\/refat-cubarov-biz-milliy-siniflar-ve-subesiz-milliy-mektepler-acilmasi-icun-calisacaqmiz\/#primaryimage"},"image":{"@id":"https:\/\/qtmm.org\/qt\/refat-cubarov-biz-milliy-siniflar-ve-subesiz-milliy-mektepler-acilmasi-icun-calisacaqmiz\/#primaryimage"},"thumbnailUrl":"http:\/\/qtmm.org\/wp-content\/uploads\/2022\/01\/1_135.jpeg","datePublished":"2013-11-06T21:55:00+00:00","dateModified":"2022-01-25T21:57:18+00:00","breadcrumb":{"@id":"https:\/\/qtmm.org\/qt\/refat-cubarov-biz-milliy-siniflar-ve-subesiz-milliy-mektepler-acilmasi-icun-calisacaqmiz\/#breadcrumb"},"inLanguage":"qt","potentialAction":[{"@type":"ReadAction","target":["https:\/\/qtmm.org\/qt\/refat-cubarov-biz-milliy-siniflar-ve-subesiz-milliy-mektepler-acilmasi-icun-calisacaqmiz\/"]}]},{"@type":"ImageObject","inLanguage":"qt","@id":"https:\/\/qtmm.org\/qt\/refat-cubarov-biz-milliy-siniflar-ve-subesiz-milliy-mektepler-acilmasi-icun-calisacaqmiz\/#primaryimage","url":"http:\/\/qtmm.org\/wp-content\/uploads\/2022\/01\/1_135.jpeg","contentUrl":"http:\/\/qtmm.org\/wp-content\/uploads\/2022\/01\/1_135.jpeg"},{"@type":"BreadcrumbList","@id":"https:\/\/qtmm.org\/qt\/refat-cubarov-biz-milliy-siniflar-ve-subesiz-milliy-mektepler-acilmasi-icun-calisacaqmiz\/#breadcrumb","itemListElement":[{"@type":"ListItem","position":1,"name":"\u0413\u043e\u043b\u043e\u0432\u043d\u0430","item":"https:\/\/qtmm.org\/qt\/"},{"@type":"ListItem","position":2,"name":"Refat \u00c7UBAROV: Biz milliy s\u0131n\u0131flar ve \u015f\u00fcbesiz, milliy mektepler a\u00e7\u0131lmas\u0131 i\u00e7\u00fcn \u00e7al\u0131\u015facaqm\u0131z"}]},{"@type":"WebSite","@id":"https:\/\/qtmm.org\/qt\/#website","url":"https:\/\/qtmm.org\/qt\/","name":"\u041c\u0435\u0434\u0436\u043b\u0456\u0441","description":"","publisher":{"@id":"https:\/\/qtmm.org\/qt\/#organization"},"potentialAction":[{"@type":"SearchAction","target":{"@type":"EntryPoint","urlTemplate":"https:\/\/qtmm.org\/qt\/?s={search_term_string}"},"query-input":{"@type":"PropertyValueSpecification","valueRequired":true,"valueName":"search_term_string"}}],"inLanguage":"qt"},{"@type":"Organization","@id":"https:\/\/qtmm.org\/qt\/#organization","name":"\u041c\u0435\u0434\u0436\u043b\u0456\u0441","url":"https:\/\/qtmm.org\/qt\/","logo":{"@type":"ImageObject","inLanguage":"qt","@id":"https:\/\/qtmm.org\/qt\/#\/schema\/logo\/image\/","url":"https:\/\/qtmm.org\/wp-content\/uploads\/2024\/12\/ua-mejlis-logo-rgb.svg","contentUrl":"https:\/\/qtmm.org\/wp-content\/uploads\/2024\/12\/ua-mejlis-logo-rgb.svg","caption":"\u041c\u0435\u0434\u0436\u043b\u0456\u0441"},"image":{"@id":"https:\/\/qtmm.org\/qt\/#\/schema\/logo\/image\/"},"sameAs":["https:\/\/www.facebook.com\/qtmm.info\/"]},{"@type":"Person","@id":"https:\/\/qtmm.org\/qt\/#\/schema\/person\/de562469f971dec226ac06e60bbf74a7","name":"Developer","image":{"@type":"ImageObject","inLanguage":"qt","@id":"https:\/\/secure.gravatar.com\/avatar\/392b4cc8fbfeb00b39dfeeab4ee6edded39ffd48e25858637e4765810300227e?s=96&d=mm&r=g","url":"https:\/\/secure.gravatar.com\/avatar\/392b4cc8fbfeb00b39dfeeab4ee6edded39ffd48e25858637e4765810300227e?s=96&d=mm&r=g","contentUrl":"https:\/\/secure.gravatar.com\/avatar\/392b4cc8fbfeb00b39dfeeab4ee6edded39ffd48e25858637e4765810300227e?s=96&d=mm&r=g","caption":"Developer"},"url":"https:\/\/qtmm.org\/qt\/author\/Developer\/"}]}},"_links":{"self":[{"href":"https:\/\/qtmm.org\/qt\/wp-json\/wp\/v2\/posts\/40251","targetHints":{"allow":["GET"]}}],"collection":[{"href":"https:\/\/qtmm.org\/qt\/wp-json\/wp\/v2\/posts"}],"about":[{"href":"https:\/\/qtmm.org\/qt\/wp-json\/wp\/v2\/types\/post"}],"author":[{"embeddable":true,"href":"https:\/\/qtmm.org\/qt\/wp-json\/wp\/v2\/users\/1"}],"replies":[{"embeddable":true,"href":"https:\/\/qtmm.org\/qt\/wp-json\/wp\/v2\/comments?post=40251"}],"version-history":[{"count":1,"href":"https:\/\/qtmm.org\/qt\/wp-json\/wp\/v2\/posts\/40251\/revisions"}],"predecessor-version":[{"id":40268,"href":"https:\/\/qtmm.org\/qt\/wp-json\/wp\/v2\/posts\/40251\/revisions\/40268"}],"wp:attachment":[{"href":"https:\/\/qtmm.org\/qt\/wp-json\/wp\/v2\/media?parent=40251"}],"wp:term":[{"taxonomy":"category","embeddable":true,"href":"https:\/\/qtmm.org\/qt\/wp-json\/wp\/v2\/categories?post=40251"},{"taxonomy":"post_tag","embeddable":true,"href":"https:\/\/qtmm.org\/qt\/wp-json\/wp\/v2\/tags?post=40251"}],"curies":[{"name":"wp","href":"https:\/\/api.w.org\/{rel}","templated":true}]}}