




{"id":40249,"date":"2013-11-07T00:54:00","date_gmt":"2013-11-06T21:54:00","guid":{"rendered":"http:\/\/qtmm.org\/?p=40249"},"modified":"2022-01-26T00:55:36","modified_gmt":"2022-01-25T21:55:36","slug":"meclis-reisi-refat-cubarov-qirim-nazirler-surasinin-reisi-anatoliy-mogilov-ile-korusti","status":"publish","type":"post","link":"https:\/\/qtmm.org\/qt\/meclis-reisi-refat-cubarov-qirim-nazirler-surasinin-reisi-anatoliy-mogilov-ile-korusti\/","title":{"rendered":"Meclis reisi Refat \u00c7ubarov Q\u0131r\u0131m Nazirler \u015euras\u0131n\u0131\u00f1 reisi Anatoliy Mogil\u00f6v ile k\u00f6r\u00fc\u015fti"},"content":{"rendered":"\n<p>2013 senesi noyabr 7 k\u00fcn\u00fc Meclis reisi, Q\u0131r\u0131m Yuqar\u0131 \u015euras\u0131n\u0131\u00f1 deputat\u0131&nbsp; Refat \u00c7ubarov Q\u0131r\u0131m Nazirler \u015euras\u0131n\u0131\u00f1 reisi Anatoliy Mogil\u00f6v ile k\u00f6r\u00fc\u015fti.&nbsp; K\u00f6r\u00fc\u015f\u00fcv devam\u0131nda A. Mogil\u00f6v ve R. \u00c7ubarov&nbsp; \u00e7ezimi birlikte areket etilmesini talap etken bir s\u0131ra meselelerni muzakere ettiler.<\/p>\n\n\n\n<p>Mezk\u00fcr meseleler s\u0131ras\u0131nda Ukraina Devlet b\u00fccetini\u00f1 2014 senesine leyhas\u0131nen ba\u011fl\u0131 teklifler baq\u0131ld\u0131. Refat \u00c7ubarov Q\u0131r\u0131m \u00fck\u00fcmetine Ukraina sotsial siyaset nazirligini\u00f1 2014 senesi Ukraina devlet b\u00fccetine q\u0131r\u0131mtatarlar ve diger \u015fah\u0131slarn\u0131\u00f1 yerle\u015ftirilmesine 197 million grivn\u00e2 kirsetmek teklifine qoltutmaq teklifini bildirdi.<\/p>\n\n\n\n<p>Belli ki, ayn\u0131 \u015fu teklifni Ukraina ba\u015f nazirni\u00f1 ad\u0131na evel Ukraina halq deputat\u0131 Mustafa Cemilev yolla\u011fan edi.<\/p>\n\n\n\n<p>Refat \u00c7ubarov ve Anatoliy Mogil\u00f6v bun\u0131\u00f1 kibi de q\u0131r\u0131mtatarlarn\u0131\u00f1 aqlar\u0131n\u0131 tiklev boyunca halqara forumn\u0131 q\u0131r\u0131mtatar halq\u0131 s\u00fcrg\u00fcnligini\u00f1 70 y\u0131ll\u0131\u011f\u0131na qadar&nbsp; ke\u00e7ir\u00fcv istiqballerini baqt\u0131lar. Nazirler \u015euras\u0131n\u0131\u00f1 ba\u015f\u0131 A. Mogil\u00f6v halqara cemaat\u00e7\u0131l\u0131qn\u0131\u00f1 yapabilecek yard\u0131m\u0131n\u0131 Q\u0131r\u0131m inki\u015faf\u0131 ve sakinlerini\u00f1 eyiall\u0131l\u0131\u011f\u0131 i\u00e7\u00fcn qullanmaqn\u0131\u00f1 \u015fekillerine dair fikirlerini bildirdi.<\/p>\n\n\n\n<p>Bundan da \u011fayr\u0131 muzakere etilgen meseleler boyunca taraflar \u00f6z noqtai-nazarlar\u0131n\u0131 ifade ettiler. K\u00f6r\u00fc\u015f\u00fcvni\u00f1 so\u00f1unda dialogn\u0131 devam ettirmek aqq\u0131nda a\u00f1la\u015f\u0131ld\u0131.<\/p>\n","protected":false},"excerpt":{"rendered":"<p>2013 senesi noyabr 7 k\u00fcn\u00fc Meclis reisi, Q\u0131r\u0131m Yuqar\u0131 \u015euras\u0131n\u0131\u00f1 deputat\u0131&nbsp; Refat \u00c7ubarov Q\u0131r\u0131m Nazirler \u015euras\u0131n\u0131\u00f1 reisi Anatoliy Mogil\u00f6v ile k\u00f6r\u00fc\u015fti.&nbsp; K\u00f6r\u00fc\u015f\u00fcv devam\u0131nda A. Mogil\u00f6v ve R. \u00c7ubarov&nbsp; \u00e7ezimi birlikte areket etilmesini talap etken bir s\u0131ra meselelerni muzakere ettiler. Mezk\u00fcr meseleler s\u0131ras\u0131nda Ukraina Devlet b\u00fccetini\u00f1 2014 senesine leyhas\u0131nen ba\u011fl\u0131 teklifler baq\u0131ld\u0131. Refat \u00c7ubarov Q\u0131r\u0131m \u00fck\u00fcmetine [&hellip;]<\/p>\n","protected":false},"author":1,"featured_media":0,"comment_status":"open","ping_status":"open","sticky":false,"template":"","format":"standard","meta":{"inline_featured_image":false,"footnotes":""},"categories":[265],"tags":[],"class_list":["post-40249","post","type-post","status-publish","format-standard","hentry","category-haberler"],"acf":[],"yoast_head":"<!-- This site is optimized with the Yoast SEO plugin v27.4 - https:\/\/yoast.com\/product\/yoast-seo-wordpress\/ -->\n<title>Meclis reisi Refat \u00c7ubarov Q\u0131r\u0131m Nazirler \u015euras\u0131n\u0131\u00f1 reisi Anatoliy Mogil\u00f6v ile k\u00f6r\u00fc\u015fti - \u041c\u0435\u0434\u0436\u043b\u0456\u0441<\/title>\n<meta name=\"robots\" content=\"index, follow, max-snippet:-1, max-image-preview:large, max-video-preview:-1\" \/>\n<link rel=\"canonical\" href=\"https:\/\/qtmm.org\/qt\/meclis-reisi-refat-cubarov-qirim-nazirler-surasinin-reisi-anatoliy-mogilov-ile-korusti\/\" \/>\n<meta property=\"og:locale\" content=\"en_US\" \/>\n<meta property=\"og:type\" content=\"article\" \/>\n<meta property=\"og:title\" content=\"Meclis reisi Refat \u00c7ubarov Q\u0131r\u0131m Nazirler \u015euras\u0131n\u0131\u00f1 reisi Anatoliy Mogil\u00f6v ile k\u00f6r\u00fc\u015fti - \u041c\u0435\u0434\u0436\u043b\u0456\u0441\" \/>\n<meta property=\"og:description\" content=\"2013 senesi noyabr 7 k\u00fcn\u00fc Meclis reisi, Q\u0131r\u0131m Yuqar\u0131 \u015euras\u0131n\u0131\u00f1 deputat\u0131&nbsp; Refat \u00c7ubarov Q\u0131r\u0131m Nazirler \u015euras\u0131n\u0131\u00f1 reisi Anatoliy Mogil\u00f6v ile k\u00f6r\u00fc\u015fti.&nbsp; K\u00f6r\u00fc\u015f\u00fcv devam\u0131nda A. Mogil\u00f6v ve R. \u00c7ubarov&nbsp; \u00e7ezimi birlikte areket etilmesini talap etken bir s\u0131ra meselelerni muzakere ettiler. Mezk\u00fcr meseleler s\u0131ras\u0131nda Ukraina Devlet b\u00fccetini\u00f1 2014 senesine leyhas\u0131nen ba\u011fl\u0131 teklifler baq\u0131ld\u0131. Refat \u00c7ubarov Q\u0131r\u0131m \u00fck\u00fcmetine [&hellip;]\" \/>\n<meta property=\"og:url\" content=\"https:\/\/qtmm.org\/qt\/meclis-reisi-refat-cubarov-qirim-nazirler-surasinin-reisi-anatoliy-mogilov-ile-korusti\/\" \/>\n<meta property=\"og:site_name\" content=\"\u041c\u0435\u0434\u0436\u043b\u0456\u0441\" \/>\n<meta property=\"article:publisher\" content=\"https:\/\/www.facebook.com\/qtmm.info\/\" \/>\n<meta property=\"article:published_time\" content=\"2013-11-06T21:54:00+00:00\" \/>\n<meta property=\"article:modified_time\" content=\"2022-01-25T21:55:36+00:00\" \/>\n<meta name=\"author\" content=\"Developer\" \/>\n<meta name=\"twitter:card\" content=\"summary_large_image\" \/>\n<meta name=\"twitter:label1\" content=\"Written by\" \/>\n\t<meta name=\"twitter:data1\" content=\"Developer\" \/>\n\t<meta name=\"twitter:label2\" content=\"Est. reading time\" \/>\n\t<meta name=\"twitter:data2\" content=\"1 minute\" \/>\n<script type=\"application\/ld+json\" class=\"yoast-schema-graph\">{\"@context\":\"https:\\\/\\\/schema.org\",\"@graph\":[{\"@type\":\"Article\",\"@id\":\"https:\\\/\\\/qtmm.org\\\/qt\\\/meclis-reisi-refat-cubarov-qirim-nazirler-surasinin-reisi-anatoliy-mogilov-ile-korusti\\\/#article\",\"isPartOf\":{\"@id\":\"https:\\\/\\\/qtmm.org\\\/qt\\\/meclis-reisi-refat-cubarov-qirim-nazirler-surasinin-reisi-anatoliy-mogilov-ile-korusti\\\/\"},\"author\":{\"name\":\"Developer\",\"@id\":\"https:\\\/\\\/qtmm.org\\\/qt\\\/#\\\/schema\\\/person\\\/de562469f971dec226ac06e60bbf74a7\"},\"headline\":\"Meclis reisi Refat \u00c7ubarov Q\u0131r\u0131m Nazirler \u015euras\u0131n\u0131\u00f1 reisi Anatoliy Mogil\u00f6v ile k\u00f6r\u00fc\u015fti\",\"datePublished\":\"2013-11-06T21:54:00+00:00\",\"dateModified\":\"2022-01-25T21:55:36+00:00\",\"mainEntityOfPage\":{\"@id\":\"https:\\\/\\\/qtmm.org\\\/qt\\\/meclis-reisi-refat-cubarov-qirim-nazirler-surasinin-reisi-anatoliy-mogilov-ile-korusti\\\/\"},\"wordCount\":235,\"commentCount\":0,\"publisher\":{\"@id\":\"https:\\\/\\\/qtmm.org\\\/qt\\\/#organization\"},\"articleSection\":[\"Haberler\"],\"inLanguage\":\"qt\",\"potentialAction\":[{\"@type\":\"CommentAction\",\"name\":\"Comment\",\"target\":[\"https:\\\/\\\/qtmm.org\\\/qt\\\/meclis-reisi-refat-cubarov-qirim-nazirler-surasinin-reisi-anatoliy-mogilov-ile-korusti\\\/#respond\"]}]},{\"@type\":\"WebPage\",\"@id\":\"https:\\\/\\\/qtmm.org\\\/qt\\\/meclis-reisi-refat-cubarov-qirim-nazirler-surasinin-reisi-anatoliy-mogilov-ile-korusti\\\/\",\"url\":\"https:\\\/\\\/qtmm.org\\\/qt\\\/meclis-reisi-refat-cubarov-qirim-nazirler-surasinin-reisi-anatoliy-mogilov-ile-korusti\\\/\",\"name\":\"Meclis reisi Refat \u00c7ubarov Q\u0131r\u0131m Nazirler \u015euras\u0131n\u0131\u00f1 reisi Anatoliy Mogil\u00f6v ile k\u00f6r\u00fc\u015fti - \u041c\u0435\u0434\u0436\u043b\u0456\u0441\",\"isPartOf\":{\"@id\":\"https:\\\/\\\/qtmm.org\\\/qt\\\/#website\"},\"datePublished\":\"2013-11-06T21:54:00+00:00\",\"dateModified\":\"2022-01-25T21:55:36+00:00\",\"breadcrumb\":{\"@id\":\"https:\\\/\\\/qtmm.org\\\/qt\\\/meclis-reisi-refat-cubarov-qirim-nazirler-surasinin-reisi-anatoliy-mogilov-ile-korusti\\\/#breadcrumb\"},\"inLanguage\":\"qt\",\"potentialAction\":[{\"@type\":\"ReadAction\",\"target\":[\"https:\\\/\\\/qtmm.org\\\/qt\\\/meclis-reisi-refat-cubarov-qirim-nazirler-surasinin-reisi-anatoliy-mogilov-ile-korusti\\\/\"]}]},{\"@type\":\"BreadcrumbList\",\"@id\":\"https:\\\/\\\/qtmm.org\\\/qt\\\/meclis-reisi-refat-cubarov-qirim-nazirler-surasinin-reisi-anatoliy-mogilov-ile-korusti\\\/#breadcrumb\",\"itemListElement\":[{\"@type\":\"ListItem\",\"position\":1,\"name\":\"\u0413\u043e\u043b\u043e\u0432\u043d\u0430\",\"item\":\"https:\\\/\\\/qtmm.org\\\/qt\\\/\"},{\"@type\":\"ListItem\",\"position\":2,\"name\":\"Meclis reisi Refat \u00c7ubarov Q\u0131r\u0131m Nazirler \u015euras\u0131n\u0131\u00f1 reisi Anatoliy Mogil\u00f6v ile k\u00f6r\u00fc\u015fti\"}]},{\"@type\":\"WebSite\",\"@id\":\"https:\\\/\\\/qtmm.org\\\/qt\\\/#website\",\"url\":\"https:\\\/\\\/qtmm.org\\\/qt\\\/\",\"name\":\"\u041c\u0435\u0434\u0436\u043b\u0456\u0441\",\"description\":\"\",\"publisher\":{\"@id\":\"https:\\\/\\\/qtmm.org\\\/qt\\\/#organization\"},\"potentialAction\":[{\"@type\":\"SearchAction\",\"target\":{\"@type\":\"EntryPoint\",\"urlTemplate\":\"https:\\\/\\\/qtmm.org\\\/qt\\\/?s={search_term_string}\"},\"query-input\":{\"@type\":\"PropertyValueSpecification\",\"valueRequired\":true,\"valueName\":\"search_term_string\"}}],\"inLanguage\":\"qt\"},{\"@type\":\"Organization\",\"@id\":\"https:\\\/\\\/qtmm.org\\\/qt\\\/#organization\",\"name\":\"\u041c\u0435\u0434\u0436\u043b\u0456\u0441\",\"url\":\"https:\\\/\\\/qtmm.org\\\/qt\\\/\",\"logo\":{\"@type\":\"ImageObject\",\"inLanguage\":\"qt\",\"@id\":\"https:\\\/\\\/qtmm.org\\\/qt\\\/#\\\/schema\\\/logo\\\/image\\\/\",\"url\":\"https:\\\/\\\/qtmm.org\\\/wp-content\\\/uploads\\\/2024\\\/12\\\/ua-mejlis-logo-rgb.svg\",\"contentUrl\":\"https:\\\/\\\/qtmm.org\\\/wp-content\\\/uploads\\\/2024\\\/12\\\/ua-mejlis-logo-rgb.svg\",\"caption\":\"\u041c\u0435\u0434\u0436\u043b\u0456\u0441\"},\"image\":{\"@id\":\"https:\\\/\\\/qtmm.org\\\/qt\\\/#\\\/schema\\\/logo\\\/image\\\/\"},\"sameAs\":[\"https:\\\/\\\/www.facebook.com\\\/qtmm.info\\\/\"]},{\"@type\":\"Person\",\"@id\":\"https:\\\/\\\/qtmm.org\\\/qt\\\/#\\\/schema\\\/person\\\/de562469f971dec226ac06e60bbf74a7\",\"name\":\"Developer\",\"image\":{\"@type\":\"ImageObject\",\"inLanguage\":\"qt\",\"@id\":\"https:\\\/\\\/secure.gravatar.com\\\/avatar\\\/392b4cc8fbfeb00b39dfeeab4ee6edded39ffd48e25858637e4765810300227e?s=96&d=mm&r=g\",\"url\":\"https:\\\/\\\/secure.gravatar.com\\\/avatar\\\/392b4cc8fbfeb00b39dfeeab4ee6edded39ffd48e25858637e4765810300227e?s=96&d=mm&r=g\",\"contentUrl\":\"https:\\\/\\\/secure.gravatar.com\\\/avatar\\\/392b4cc8fbfeb00b39dfeeab4ee6edded39ffd48e25858637e4765810300227e?s=96&d=mm&r=g\",\"caption\":\"Developer\"},\"url\":\"https:\\\/\\\/qtmm.org\\\/qt\\\/author\\\/Developer\\\/\"}]}<\/script>\n<!-- \/ Yoast SEO plugin. -->","yoast_head_json":{"title":"Meclis reisi Refat \u00c7ubarov Q\u0131r\u0131m Nazirler \u015euras\u0131n\u0131\u00f1 reisi Anatoliy Mogil\u00f6v ile k\u00f6r\u00fc\u015fti - \u041c\u0435\u0434\u0436\u043b\u0456\u0441","robots":{"index":"index","follow":"follow","max-snippet":"max-snippet:-1","max-image-preview":"max-image-preview:large","max-video-preview":"max-video-preview:-1"},"canonical":"https:\/\/qtmm.org\/qt\/meclis-reisi-refat-cubarov-qirim-nazirler-surasinin-reisi-anatoliy-mogilov-ile-korusti\/","og_locale":"en_US","og_type":"article","og_title":"Meclis reisi Refat \u00c7ubarov Q\u0131r\u0131m Nazirler \u015euras\u0131n\u0131\u00f1 reisi Anatoliy Mogil\u00f6v ile k\u00f6r\u00fc\u015fti - \u041c\u0435\u0434\u0436\u043b\u0456\u0441","og_description":"2013 senesi noyabr 7 k\u00fcn\u00fc Meclis reisi, Q\u0131r\u0131m Yuqar\u0131 \u015euras\u0131n\u0131\u00f1 deputat\u0131&nbsp; Refat \u00c7ubarov Q\u0131r\u0131m Nazirler \u015euras\u0131n\u0131\u00f1 reisi Anatoliy Mogil\u00f6v ile k\u00f6r\u00fc\u015fti.&nbsp; K\u00f6r\u00fc\u015f\u00fcv devam\u0131nda A. Mogil\u00f6v ve R. \u00c7ubarov&nbsp; \u00e7ezimi birlikte areket etilmesini talap etken bir s\u0131ra meselelerni muzakere ettiler. Mezk\u00fcr meseleler s\u0131ras\u0131nda Ukraina Devlet b\u00fccetini\u00f1 2014 senesine leyhas\u0131nen ba\u011fl\u0131 teklifler baq\u0131ld\u0131. Refat \u00c7ubarov Q\u0131r\u0131m \u00fck\u00fcmetine [&hellip;]","og_url":"https:\/\/qtmm.org\/qt\/meclis-reisi-refat-cubarov-qirim-nazirler-surasinin-reisi-anatoliy-mogilov-ile-korusti\/","og_site_name":"\u041c\u0435\u0434\u0436\u043b\u0456\u0441","article_publisher":"https:\/\/www.facebook.com\/qtmm.info\/","article_published_time":"2013-11-06T21:54:00+00:00","article_modified_time":"2022-01-25T21:55:36+00:00","author":"Developer","twitter_card":"summary_large_image","twitter_misc":{"Written by":"Developer","Est. reading time":"1 minute"},"schema":{"@context":"https:\/\/schema.org","@graph":[{"@type":"Article","@id":"https:\/\/qtmm.org\/qt\/meclis-reisi-refat-cubarov-qirim-nazirler-surasinin-reisi-anatoliy-mogilov-ile-korusti\/#article","isPartOf":{"@id":"https:\/\/qtmm.org\/qt\/meclis-reisi-refat-cubarov-qirim-nazirler-surasinin-reisi-anatoliy-mogilov-ile-korusti\/"},"author":{"name":"Developer","@id":"https:\/\/qtmm.org\/qt\/#\/schema\/person\/de562469f971dec226ac06e60bbf74a7"},"headline":"Meclis reisi Refat \u00c7ubarov Q\u0131r\u0131m Nazirler \u015euras\u0131n\u0131\u00f1 reisi Anatoliy Mogil\u00f6v ile k\u00f6r\u00fc\u015fti","datePublished":"2013-11-06T21:54:00+00:00","dateModified":"2022-01-25T21:55:36+00:00","mainEntityOfPage":{"@id":"https:\/\/qtmm.org\/qt\/meclis-reisi-refat-cubarov-qirim-nazirler-surasinin-reisi-anatoliy-mogilov-ile-korusti\/"},"wordCount":235,"commentCount":0,"publisher":{"@id":"https:\/\/qtmm.org\/qt\/#organization"},"articleSection":["Haberler"],"inLanguage":"qt","potentialAction":[{"@type":"CommentAction","name":"Comment","target":["https:\/\/qtmm.org\/qt\/meclis-reisi-refat-cubarov-qirim-nazirler-surasinin-reisi-anatoliy-mogilov-ile-korusti\/#respond"]}]},{"@type":"WebPage","@id":"https:\/\/qtmm.org\/qt\/meclis-reisi-refat-cubarov-qirim-nazirler-surasinin-reisi-anatoliy-mogilov-ile-korusti\/","url":"https:\/\/qtmm.org\/qt\/meclis-reisi-refat-cubarov-qirim-nazirler-surasinin-reisi-anatoliy-mogilov-ile-korusti\/","name":"Meclis reisi Refat \u00c7ubarov Q\u0131r\u0131m Nazirler \u015euras\u0131n\u0131\u00f1 reisi Anatoliy Mogil\u00f6v ile k\u00f6r\u00fc\u015fti - \u041c\u0435\u0434\u0436\u043b\u0456\u0441","isPartOf":{"@id":"https:\/\/qtmm.org\/qt\/#website"},"datePublished":"2013-11-06T21:54:00+00:00","dateModified":"2022-01-25T21:55:36+00:00","breadcrumb":{"@id":"https:\/\/qtmm.org\/qt\/meclis-reisi-refat-cubarov-qirim-nazirler-surasinin-reisi-anatoliy-mogilov-ile-korusti\/#breadcrumb"},"inLanguage":"qt","potentialAction":[{"@type":"ReadAction","target":["https:\/\/qtmm.org\/qt\/meclis-reisi-refat-cubarov-qirim-nazirler-surasinin-reisi-anatoliy-mogilov-ile-korusti\/"]}]},{"@type":"BreadcrumbList","@id":"https:\/\/qtmm.org\/qt\/meclis-reisi-refat-cubarov-qirim-nazirler-surasinin-reisi-anatoliy-mogilov-ile-korusti\/#breadcrumb","itemListElement":[{"@type":"ListItem","position":1,"name":"\u0413\u043e\u043b\u043e\u0432\u043d\u0430","item":"https:\/\/qtmm.org\/qt\/"},{"@type":"ListItem","position":2,"name":"Meclis reisi Refat \u00c7ubarov Q\u0131r\u0131m Nazirler \u015euras\u0131n\u0131\u00f1 reisi Anatoliy Mogil\u00f6v ile k\u00f6r\u00fc\u015fti"}]},{"@type":"WebSite","@id":"https:\/\/qtmm.org\/qt\/#website","url":"https:\/\/qtmm.org\/qt\/","name":"\u041c\u0435\u0434\u0436\u043b\u0456\u0441","description":"","publisher":{"@id":"https:\/\/qtmm.org\/qt\/#organization"},"potentialAction":[{"@type":"SearchAction","target":{"@type":"EntryPoint","urlTemplate":"https:\/\/qtmm.org\/qt\/?s={search_term_string}"},"query-input":{"@type":"PropertyValueSpecification","valueRequired":true,"valueName":"search_term_string"}}],"inLanguage":"qt"},{"@type":"Organization","@id":"https:\/\/qtmm.org\/qt\/#organization","name":"\u041c\u0435\u0434\u0436\u043b\u0456\u0441","url":"https:\/\/qtmm.org\/qt\/","logo":{"@type":"ImageObject","inLanguage":"qt","@id":"https:\/\/qtmm.org\/qt\/#\/schema\/logo\/image\/","url":"https:\/\/qtmm.org\/wp-content\/uploads\/2024\/12\/ua-mejlis-logo-rgb.svg","contentUrl":"https:\/\/qtmm.org\/wp-content\/uploads\/2024\/12\/ua-mejlis-logo-rgb.svg","caption":"\u041c\u0435\u0434\u0436\u043b\u0456\u0441"},"image":{"@id":"https:\/\/qtmm.org\/qt\/#\/schema\/logo\/image\/"},"sameAs":["https:\/\/www.facebook.com\/qtmm.info\/"]},{"@type":"Person","@id":"https:\/\/qtmm.org\/qt\/#\/schema\/person\/de562469f971dec226ac06e60bbf74a7","name":"Developer","image":{"@type":"ImageObject","inLanguage":"qt","@id":"https:\/\/secure.gravatar.com\/avatar\/392b4cc8fbfeb00b39dfeeab4ee6edded39ffd48e25858637e4765810300227e?s=96&d=mm&r=g","url":"https:\/\/secure.gravatar.com\/avatar\/392b4cc8fbfeb00b39dfeeab4ee6edded39ffd48e25858637e4765810300227e?s=96&d=mm&r=g","contentUrl":"https:\/\/secure.gravatar.com\/avatar\/392b4cc8fbfeb00b39dfeeab4ee6edded39ffd48e25858637e4765810300227e?s=96&d=mm&r=g","caption":"Developer"},"url":"https:\/\/qtmm.org\/qt\/author\/Developer\/"}]}},"_links":{"self":[{"href":"https:\/\/qtmm.org\/qt\/wp-json\/wp\/v2\/posts\/40249","targetHints":{"allow":["GET"]}}],"collection":[{"href":"https:\/\/qtmm.org\/qt\/wp-json\/wp\/v2\/posts"}],"about":[{"href":"https:\/\/qtmm.org\/qt\/wp-json\/wp\/v2\/types\/post"}],"author":[{"embeddable":true,"href":"https:\/\/qtmm.org\/qt\/wp-json\/wp\/v2\/users\/1"}],"replies":[{"embeddable":true,"href":"https:\/\/qtmm.org\/qt\/wp-json\/wp\/v2\/comments?post=40249"}],"version-history":[{"count":1,"href":"https:\/\/qtmm.org\/qt\/wp-json\/wp\/v2\/posts\/40249\/revisions"}],"predecessor-version":[{"id":40250,"href":"https:\/\/qtmm.org\/qt\/wp-json\/wp\/v2\/posts\/40249\/revisions\/40250"}],"wp:attachment":[{"href":"https:\/\/qtmm.org\/qt\/wp-json\/wp\/v2\/media?parent=40249"}],"wp:term":[{"taxonomy":"category","embeddable":true,"href":"https:\/\/qtmm.org\/qt\/wp-json\/wp\/v2\/categories?post=40249"},{"taxonomy":"post_tag","embeddable":true,"href":"https:\/\/qtmm.org\/qt\/wp-json\/wp\/v2\/tags?post=40249"}],"curies":[{"name":"wp","href":"https:\/\/api.w.org\/{rel}","templated":true}]}}