




{"id":40237,"date":"2013-11-05T00:53:00","date_gmt":"2013-11-04T21:53:00","guid":{"rendered":"http:\/\/qtmm.org\/?p=40237"},"modified":"2022-01-26T00:53:24","modified_gmt":"2022-01-25T21:53:24","slug":"meclis-dekabr-10-kunu-halqara-insan-aqlari-kunune-bagislangan-miting-kecirecek","status":"publish","type":"post","link":"https:\/\/qtmm.org\/qt\/meclis-dekabr-10-kunu-halqara-insan-aqlari-kunune-bagislangan-miting-kecirecek\/","title":{"rendered":"Meclis dekabr 10 k\u00fcn\u00fc Halqara insan aqlar\u0131 k\u00fcn\u00fcne ba\u011f\u0131\u015flan\u011fan miting ke\u00e7irecek"},"content":{"rendered":"\n<p>Noyabr 5 k\u00fcn\u00fc Aqmescitte Meclis topla\u015fuv\u0131 ol\u0131p ke\u00e7ti. Onda dekabr 10 k\u00fcn\u00fc qayd etilgen Halqara insan aqlar\u0131 k\u00fcn\u00fcne ba\u011f\u0131\u015flan\u011fan mitingni ke\u00e7ir\u00fcv boyunca te\u015fkiliy komitet aqq\u0131nda mesele muzakere etildi. Meclis reisi Refat \u00c7ubarov \u015fun\u0131 hat\u0131rlatt\u0131 ki, Meclis ve q\u0131r\u0131mtatar cemaat te\u015fkil\u00e2tlar\u0131n\u0131\u00f1 qoltutuv\u0131nda Q\u0131r\u0131mda er y\u0131l\u0131 Halqara insan aqlar\u0131 k\u00fcn\u00fcne ba\u011f\u0131\u015flan\u0131p B\u00fct\u00fcnq\u0131r\u0131m mitingi ke\u00e7irilmekte. Meclis reisini\u00f1 aytqan\u0131na k\u00f6re anane \u00e7er\u00e7ivesinle bu senede de Meclisni\u00f1 qoltutuv\u0131nla m\u0131tlaqa miting \u00f6tkerilecek.<\/p>\n\n\n\n<p>Meclis reisini\u00f1 teklifi boyunca mitingni ke\u00e7tir\u00fcv boyunca te\u015fkiliy komitet erk\u00e2n\u0131na on\u0131\u00f1 muavinleri Ahtem \u00c7iygoz,&nbsp; Ayder Acimambetov, Zaur Smirnov, bun\u0131\u00f1 kibi Meclis azalar\u0131 Zeynur Yakubov ve Lemar Yunusov kirsetildiler. Te\u015fkiliy komitet reisi olaraq Ahtem \u00c7iygoz tayinlendi.<\/p>\n\n\n\n<p>Mal\u00fcmat i\u00e7\u00fcn: Halqara insan aqlar\u0131 k\u00fcn\u00fc BMT Ba\u015f assambleyas\u0131n\u0131\u00f1 teklifine k\u00f6re 1950 senesinden ba\u015flap dekabr 10-da ke\u00e7irile. Bu k\u00fcn\u00fc 1948 senesi BMT Ba\u015f assambleyas\u0131 Umumiy insan aqlar\u0131 deklaratsiyas\u0131n\u0131 qabul etti.<\/p>\n","protected":false},"excerpt":{"rendered":"<p>Noyabr 5 k\u00fcn\u00fc Aqmescitte Meclis topla\u015fuv\u0131 ol\u0131p ke\u00e7ti. Onda dekabr 10 k\u00fcn\u00fc qayd etilgen Halqara insan aqlar\u0131 k\u00fcn\u00fcne ba\u011f\u0131\u015flan\u011fan mitingni ke\u00e7ir\u00fcv boyunca te\u015fkiliy komitet aqq\u0131nda mesele muzakere etildi. Meclis reisi Refat \u00c7ubarov \u015fun\u0131 hat\u0131rlatt\u0131 ki, Meclis ve q\u0131r\u0131mtatar cemaat te\u015fkil\u00e2tlar\u0131n\u0131\u00f1 qoltutuv\u0131nda Q\u0131r\u0131mda er y\u0131l\u0131 Halqara insan aqlar\u0131 k\u00fcn\u00fcne ba\u011f\u0131\u015flan\u0131p B\u00fct\u00fcnq\u0131r\u0131m mitingi ke\u00e7irilmekte. Meclis reisini\u00f1 aytqan\u0131na [&hellip;]<\/p>\n","protected":false},"author":1,"featured_media":0,"comment_status":"open","ping_status":"open","sticky":false,"template":"","format":"standard","meta":{"inline_featured_image":false,"footnotes":""},"categories":[265],"tags":[],"class_list":["post-40237","post","type-post","status-publish","format-standard","hentry","category-haberler"],"acf":[],"yoast_head":"<!-- This site is optimized with the Yoast SEO plugin v27.4 - https:\/\/yoast.com\/product\/yoast-seo-wordpress\/ -->\n<title>Meclis dekabr 10 k\u00fcn\u00fc Halqara insan aqlar\u0131 k\u00fcn\u00fcne ba\u011f\u0131\u015flan\u011fan miting ke\u00e7irecek - \u041c\u0435\u0434\u0436\u043b\u0456\u0441<\/title>\n<meta name=\"robots\" content=\"index, follow, max-snippet:-1, max-image-preview:large, max-video-preview:-1\" \/>\n<link rel=\"canonical\" href=\"https:\/\/qtmm.org\/qt\/meclis-dekabr-10-kunu-halqara-insan-aqlari-kunune-bagislangan-miting-kecirecek\/\" \/>\n<meta property=\"og:locale\" content=\"en_US\" \/>\n<meta property=\"og:type\" content=\"article\" \/>\n<meta property=\"og:title\" content=\"Meclis dekabr 10 k\u00fcn\u00fc Halqara insan aqlar\u0131 k\u00fcn\u00fcne ba\u011f\u0131\u015flan\u011fan miting ke\u00e7irecek - \u041c\u0435\u0434\u0436\u043b\u0456\u0441\" \/>\n<meta property=\"og:description\" content=\"Noyabr 5 k\u00fcn\u00fc Aqmescitte Meclis topla\u015fuv\u0131 ol\u0131p ke\u00e7ti. Onda dekabr 10 k\u00fcn\u00fc qayd etilgen Halqara insan aqlar\u0131 k\u00fcn\u00fcne ba\u011f\u0131\u015flan\u011fan mitingni ke\u00e7ir\u00fcv boyunca te\u015fkiliy komitet aqq\u0131nda mesele muzakere etildi. Meclis reisi Refat \u00c7ubarov \u015fun\u0131 hat\u0131rlatt\u0131 ki, Meclis ve q\u0131r\u0131mtatar cemaat te\u015fkil\u00e2tlar\u0131n\u0131\u00f1 qoltutuv\u0131nda Q\u0131r\u0131mda er y\u0131l\u0131 Halqara insan aqlar\u0131 k\u00fcn\u00fcne ba\u011f\u0131\u015flan\u0131p B\u00fct\u00fcnq\u0131r\u0131m mitingi ke\u00e7irilmekte. Meclis reisini\u00f1 aytqan\u0131na [&hellip;]\" \/>\n<meta property=\"og:url\" content=\"https:\/\/qtmm.org\/qt\/meclis-dekabr-10-kunu-halqara-insan-aqlari-kunune-bagislangan-miting-kecirecek\/\" \/>\n<meta property=\"og:site_name\" content=\"\u041c\u0435\u0434\u0436\u043b\u0456\u0441\" \/>\n<meta property=\"article:publisher\" content=\"https:\/\/www.facebook.com\/qtmm.info\/\" \/>\n<meta property=\"article:published_time\" content=\"2013-11-04T21:53:00+00:00\" \/>\n<meta property=\"article:modified_time\" content=\"2022-01-25T21:53:24+00:00\" \/>\n<meta name=\"author\" content=\"Developer\" \/>\n<meta name=\"twitter:card\" content=\"summary_large_image\" \/>\n<meta name=\"twitter:label1\" content=\"Written by\" \/>\n\t<meta name=\"twitter:data1\" content=\"Developer\" \/>\n\t<meta name=\"twitter:label2\" content=\"Est. reading time\" \/>\n\t<meta name=\"twitter:data2\" content=\"1 minute\" \/>\n<script type=\"application\/ld+json\" class=\"yoast-schema-graph\">{\"@context\":\"https:\\\/\\\/schema.org\",\"@graph\":[{\"@type\":\"Article\",\"@id\":\"https:\\\/\\\/qtmm.org\\\/qt\\\/meclis-dekabr-10-kunu-halqara-insan-aqlari-kunune-bagislangan-miting-kecirecek\\\/#article\",\"isPartOf\":{\"@id\":\"https:\\\/\\\/qtmm.org\\\/qt\\\/meclis-dekabr-10-kunu-halqara-insan-aqlari-kunune-bagislangan-miting-kecirecek\\\/\"},\"author\":{\"name\":\"Developer\",\"@id\":\"https:\\\/\\\/qtmm.org\\\/qt\\\/#\\\/schema\\\/person\\\/de562469f971dec226ac06e60bbf74a7\"},\"headline\":\"Meclis dekabr 10 k\u00fcn\u00fc Halqara insan aqlar\u0131 k\u00fcn\u00fcne ba\u011f\u0131\u015flan\u011fan miting ke\u00e7irecek\",\"datePublished\":\"2013-11-04T21:53:00+00:00\",\"dateModified\":\"2022-01-25T21:53:24+00:00\",\"mainEntityOfPage\":{\"@id\":\"https:\\\/\\\/qtmm.org\\\/qt\\\/meclis-dekabr-10-kunu-halqara-insan-aqlari-kunune-bagislangan-miting-kecirecek\\\/\"},\"wordCount\":196,\"commentCount\":0,\"publisher\":{\"@id\":\"https:\\\/\\\/qtmm.org\\\/qt\\\/#organization\"},\"articleSection\":[\"Haberler\"],\"inLanguage\":\"qt\",\"potentialAction\":[{\"@type\":\"CommentAction\",\"name\":\"Comment\",\"target\":[\"https:\\\/\\\/qtmm.org\\\/qt\\\/meclis-dekabr-10-kunu-halqara-insan-aqlari-kunune-bagislangan-miting-kecirecek\\\/#respond\"]}]},{\"@type\":\"WebPage\",\"@id\":\"https:\\\/\\\/qtmm.org\\\/qt\\\/meclis-dekabr-10-kunu-halqara-insan-aqlari-kunune-bagislangan-miting-kecirecek\\\/\",\"url\":\"https:\\\/\\\/qtmm.org\\\/qt\\\/meclis-dekabr-10-kunu-halqara-insan-aqlari-kunune-bagislangan-miting-kecirecek\\\/\",\"name\":\"Meclis dekabr 10 k\u00fcn\u00fc Halqara insan aqlar\u0131 k\u00fcn\u00fcne ba\u011f\u0131\u015flan\u011fan miting ke\u00e7irecek - \u041c\u0435\u0434\u0436\u043b\u0456\u0441\",\"isPartOf\":{\"@id\":\"https:\\\/\\\/qtmm.org\\\/qt\\\/#website\"},\"datePublished\":\"2013-11-04T21:53:00+00:00\",\"dateModified\":\"2022-01-25T21:53:24+00:00\",\"breadcrumb\":{\"@id\":\"https:\\\/\\\/qtmm.org\\\/qt\\\/meclis-dekabr-10-kunu-halqara-insan-aqlari-kunune-bagislangan-miting-kecirecek\\\/#breadcrumb\"},\"inLanguage\":\"qt\",\"potentialAction\":[{\"@type\":\"ReadAction\",\"target\":[\"https:\\\/\\\/qtmm.org\\\/qt\\\/meclis-dekabr-10-kunu-halqara-insan-aqlari-kunune-bagislangan-miting-kecirecek\\\/\"]}]},{\"@type\":\"BreadcrumbList\",\"@id\":\"https:\\\/\\\/qtmm.org\\\/qt\\\/meclis-dekabr-10-kunu-halqara-insan-aqlari-kunune-bagislangan-miting-kecirecek\\\/#breadcrumb\",\"itemListElement\":[{\"@type\":\"ListItem\",\"position\":1,\"name\":\"\u0413\u043e\u043b\u043e\u0432\u043d\u0430\",\"item\":\"https:\\\/\\\/qtmm.org\\\/qt\\\/\"},{\"@type\":\"ListItem\",\"position\":2,\"name\":\"Meclis dekabr 10 k\u00fcn\u00fc Halqara insan aqlar\u0131 k\u00fcn\u00fcne ba\u011f\u0131\u015flan\u011fan miting ke\u00e7irecek\"}]},{\"@type\":\"WebSite\",\"@id\":\"https:\\\/\\\/qtmm.org\\\/qt\\\/#website\",\"url\":\"https:\\\/\\\/qtmm.org\\\/qt\\\/\",\"name\":\"\u041c\u0435\u0434\u0436\u043b\u0456\u0441\",\"description\":\"\",\"publisher\":{\"@id\":\"https:\\\/\\\/qtmm.org\\\/qt\\\/#organization\"},\"potentialAction\":[{\"@type\":\"SearchAction\",\"target\":{\"@type\":\"EntryPoint\",\"urlTemplate\":\"https:\\\/\\\/qtmm.org\\\/qt\\\/?s={search_term_string}\"},\"query-input\":{\"@type\":\"PropertyValueSpecification\",\"valueRequired\":true,\"valueName\":\"search_term_string\"}}],\"inLanguage\":\"qt\"},{\"@type\":\"Organization\",\"@id\":\"https:\\\/\\\/qtmm.org\\\/qt\\\/#organization\",\"name\":\"\u041c\u0435\u0434\u0436\u043b\u0456\u0441\",\"url\":\"https:\\\/\\\/qtmm.org\\\/qt\\\/\",\"logo\":{\"@type\":\"ImageObject\",\"inLanguage\":\"qt\",\"@id\":\"https:\\\/\\\/qtmm.org\\\/qt\\\/#\\\/schema\\\/logo\\\/image\\\/\",\"url\":\"https:\\\/\\\/qtmm.org\\\/wp-content\\\/uploads\\\/2024\\\/12\\\/ua-mejlis-logo-rgb.svg\",\"contentUrl\":\"https:\\\/\\\/qtmm.org\\\/wp-content\\\/uploads\\\/2024\\\/12\\\/ua-mejlis-logo-rgb.svg\",\"caption\":\"\u041c\u0435\u0434\u0436\u043b\u0456\u0441\"},\"image\":{\"@id\":\"https:\\\/\\\/qtmm.org\\\/qt\\\/#\\\/schema\\\/logo\\\/image\\\/\"},\"sameAs\":[\"https:\\\/\\\/www.facebook.com\\\/qtmm.info\\\/\"]},{\"@type\":\"Person\",\"@id\":\"https:\\\/\\\/qtmm.org\\\/qt\\\/#\\\/schema\\\/person\\\/de562469f971dec226ac06e60bbf74a7\",\"name\":\"Developer\",\"image\":{\"@type\":\"ImageObject\",\"inLanguage\":\"qt\",\"@id\":\"https:\\\/\\\/secure.gravatar.com\\\/avatar\\\/392b4cc8fbfeb00b39dfeeab4ee6edded39ffd48e25858637e4765810300227e?s=96&d=mm&r=g\",\"url\":\"https:\\\/\\\/secure.gravatar.com\\\/avatar\\\/392b4cc8fbfeb00b39dfeeab4ee6edded39ffd48e25858637e4765810300227e?s=96&d=mm&r=g\",\"contentUrl\":\"https:\\\/\\\/secure.gravatar.com\\\/avatar\\\/392b4cc8fbfeb00b39dfeeab4ee6edded39ffd48e25858637e4765810300227e?s=96&d=mm&r=g\",\"caption\":\"Developer\"},\"url\":\"https:\\\/\\\/qtmm.org\\\/qt\\\/author\\\/Developer\\\/\"}]}<\/script>\n<!-- \/ Yoast SEO plugin. -->","yoast_head_json":{"title":"Meclis dekabr 10 k\u00fcn\u00fc Halqara insan aqlar\u0131 k\u00fcn\u00fcne ba\u011f\u0131\u015flan\u011fan miting ke\u00e7irecek - \u041c\u0435\u0434\u0436\u043b\u0456\u0441","robots":{"index":"index","follow":"follow","max-snippet":"max-snippet:-1","max-image-preview":"max-image-preview:large","max-video-preview":"max-video-preview:-1"},"canonical":"https:\/\/qtmm.org\/qt\/meclis-dekabr-10-kunu-halqara-insan-aqlari-kunune-bagislangan-miting-kecirecek\/","og_locale":"en_US","og_type":"article","og_title":"Meclis dekabr 10 k\u00fcn\u00fc Halqara insan aqlar\u0131 k\u00fcn\u00fcne ba\u011f\u0131\u015flan\u011fan miting ke\u00e7irecek - \u041c\u0435\u0434\u0436\u043b\u0456\u0441","og_description":"Noyabr 5 k\u00fcn\u00fc Aqmescitte Meclis topla\u015fuv\u0131 ol\u0131p ke\u00e7ti. Onda dekabr 10 k\u00fcn\u00fc qayd etilgen Halqara insan aqlar\u0131 k\u00fcn\u00fcne ba\u011f\u0131\u015flan\u011fan mitingni ke\u00e7ir\u00fcv boyunca te\u015fkiliy komitet aqq\u0131nda mesele muzakere etildi. Meclis reisi Refat \u00c7ubarov \u015fun\u0131 hat\u0131rlatt\u0131 ki, Meclis ve q\u0131r\u0131mtatar cemaat te\u015fkil\u00e2tlar\u0131n\u0131\u00f1 qoltutuv\u0131nda Q\u0131r\u0131mda er y\u0131l\u0131 Halqara insan aqlar\u0131 k\u00fcn\u00fcne ba\u011f\u0131\u015flan\u0131p B\u00fct\u00fcnq\u0131r\u0131m mitingi ke\u00e7irilmekte. Meclis reisini\u00f1 aytqan\u0131na [&hellip;]","og_url":"https:\/\/qtmm.org\/qt\/meclis-dekabr-10-kunu-halqara-insan-aqlari-kunune-bagislangan-miting-kecirecek\/","og_site_name":"\u041c\u0435\u0434\u0436\u043b\u0456\u0441","article_publisher":"https:\/\/www.facebook.com\/qtmm.info\/","article_published_time":"2013-11-04T21:53:00+00:00","article_modified_time":"2022-01-25T21:53:24+00:00","author":"Developer","twitter_card":"summary_large_image","twitter_misc":{"Written by":"Developer","Est. reading time":"1 minute"},"schema":{"@context":"https:\/\/schema.org","@graph":[{"@type":"Article","@id":"https:\/\/qtmm.org\/qt\/meclis-dekabr-10-kunu-halqara-insan-aqlari-kunune-bagislangan-miting-kecirecek\/#article","isPartOf":{"@id":"https:\/\/qtmm.org\/qt\/meclis-dekabr-10-kunu-halqara-insan-aqlari-kunune-bagislangan-miting-kecirecek\/"},"author":{"name":"Developer","@id":"https:\/\/qtmm.org\/qt\/#\/schema\/person\/de562469f971dec226ac06e60bbf74a7"},"headline":"Meclis dekabr 10 k\u00fcn\u00fc Halqara insan aqlar\u0131 k\u00fcn\u00fcne ba\u011f\u0131\u015flan\u011fan miting ke\u00e7irecek","datePublished":"2013-11-04T21:53:00+00:00","dateModified":"2022-01-25T21:53:24+00:00","mainEntityOfPage":{"@id":"https:\/\/qtmm.org\/qt\/meclis-dekabr-10-kunu-halqara-insan-aqlari-kunune-bagislangan-miting-kecirecek\/"},"wordCount":196,"commentCount":0,"publisher":{"@id":"https:\/\/qtmm.org\/qt\/#organization"},"articleSection":["Haberler"],"inLanguage":"qt","potentialAction":[{"@type":"CommentAction","name":"Comment","target":["https:\/\/qtmm.org\/qt\/meclis-dekabr-10-kunu-halqara-insan-aqlari-kunune-bagislangan-miting-kecirecek\/#respond"]}]},{"@type":"WebPage","@id":"https:\/\/qtmm.org\/qt\/meclis-dekabr-10-kunu-halqara-insan-aqlari-kunune-bagislangan-miting-kecirecek\/","url":"https:\/\/qtmm.org\/qt\/meclis-dekabr-10-kunu-halqara-insan-aqlari-kunune-bagislangan-miting-kecirecek\/","name":"Meclis dekabr 10 k\u00fcn\u00fc Halqara insan aqlar\u0131 k\u00fcn\u00fcne ba\u011f\u0131\u015flan\u011fan miting ke\u00e7irecek - \u041c\u0435\u0434\u0436\u043b\u0456\u0441","isPartOf":{"@id":"https:\/\/qtmm.org\/qt\/#website"},"datePublished":"2013-11-04T21:53:00+00:00","dateModified":"2022-01-25T21:53:24+00:00","breadcrumb":{"@id":"https:\/\/qtmm.org\/qt\/meclis-dekabr-10-kunu-halqara-insan-aqlari-kunune-bagislangan-miting-kecirecek\/#breadcrumb"},"inLanguage":"qt","potentialAction":[{"@type":"ReadAction","target":["https:\/\/qtmm.org\/qt\/meclis-dekabr-10-kunu-halqara-insan-aqlari-kunune-bagislangan-miting-kecirecek\/"]}]},{"@type":"BreadcrumbList","@id":"https:\/\/qtmm.org\/qt\/meclis-dekabr-10-kunu-halqara-insan-aqlari-kunune-bagislangan-miting-kecirecek\/#breadcrumb","itemListElement":[{"@type":"ListItem","position":1,"name":"\u0413\u043e\u043b\u043e\u0432\u043d\u0430","item":"https:\/\/qtmm.org\/qt\/"},{"@type":"ListItem","position":2,"name":"Meclis dekabr 10 k\u00fcn\u00fc Halqara insan aqlar\u0131 k\u00fcn\u00fcne ba\u011f\u0131\u015flan\u011fan miting ke\u00e7irecek"}]},{"@type":"WebSite","@id":"https:\/\/qtmm.org\/qt\/#website","url":"https:\/\/qtmm.org\/qt\/","name":"\u041c\u0435\u0434\u0436\u043b\u0456\u0441","description":"","publisher":{"@id":"https:\/\/qtmm.org\/qt\/#organization"},"potentialAction":[{"@type":"SearchAction","target":{"@type":"EntryPoint","urlTemplate":"https:\/\/qtmm.org\/qt\/?s={search_term_string}"},"query-input":{"@type":"PropertyValueSpecification","valueRequired":true,"valueName":"search_term_string"}}],"inLanguage":"qt"},{"@type":"Organization","@id":"https:\/\/qtmm.org\/qt\/#organization","name":"\u041c\u0435\u0434\u0436\u043b\u0456\u0441","url":"https:\/\/qtmm.org\/qt\/","logo":{"@type":"ImageObject","inLanguage":"qt","@id":"https:\/\/qtmm.org\/qt\/#\/schema\/logo\/image\/","url":"https:\/\/qtmm.org\/wp-content\/uploads\/2024\/12\/ua-mejlis-logo-rgb.svg","contentUrl":"https:\/\/qtmm.org\/wp-content\/uploads\/2024\/12\/ua-mejlis-logo-rgb.svg","caption":"\u041c\u0435\u0434\u0436\u043b\u0456\u0441"},"image":{"@id":"https:\/\/qtmm.org\/qt\/#\/schema\/logo\/image\/"},"sameAs":["https:\/\/www.facebook.com\/qtmm.info\/"]},{"@type":"Person","@id":"https:\/\/qtmm.org\/qt\/#\/schema\/person\/de562469f971dec226ac06e60bbf74a7","name":"Developer","image":{"@type":"ImageObject","inLanguage":"qt","@id":"https:\/\/secure.gravatar.com\/avatar\/392b4cc8fbfeb00b39dfeeab4ee6edded39ffd48e25858637e4765810300227e?s=96&d=mm&r=g","url":"https:\/\/secure.gravatar.com\/avatar\/392b4cc8fbfeb00b39dfeeab4ee6edded39ffd48e25858637e4765810300227e?s=96&d=mm&r=g","contentUrl":"https:\/\/secure.gravatar.com\/avatar\/392b4cc8fbfeb00b39dfeeab4ee6edded39ffd48e25858637e4765810300227e?s=96&d=mm&r=g","caption":"Developer"},"url":"https:\/\/qtmm.org\/qt\/author\/Developer\/"}]}},"_links":{"self":[{"href":"https:\/\/qtmm.org\/qt\/wp-json\/wp\/v2\/posts\/40237","targetHints":{"allow":["GET"]}}],"collection":[{"href":"https:\/\/qtmm.org\/qt\/wp-json\/wp\/v2\/posts"}],"about":[{"href":"https:\/\/qtmm.org\/qt\/wp-json\/wp\/v2\/types\/post"}],"author":[{"embeddable":true,"href":"https:\/\/qtmm.org\/qt\/wp-json\/wp\/v2\/users\/1"}],"replies":[{"embeddable":true,"href":"https:\/\/qtmm.org\/qt\/wp-json\/wp\/v2\/comments?post=40237"}],"version-history":[{"count":1,"href":"https:\/\/qtmm.org\/qt\/wp-json\/wp\/v2\/posts\/40237\/revisions"}],"predecessor-version":[{"id":40238,"href":"https:\/\/qtmm.org\/qt\/wp-json\/wp\/v2\/posts\/40237\/revisions\/40238"}],"wp:attachment":[{"href":"https:\/\/qtmm.org\/qt\/wp-json\/wp\/v2\/media?parent=40237"}],"wp:term":[{"taxonomy":"category","embeddable":true,"href":"https:\/\/qtmm.org\/qt\/wp-json\/wp\/v2\/categories?post=40237"},{"taxonomy":"post_tag","embeddable":true,"href":"https:\/\/qtmm.org\/qt\/wp-json\/wp\/v2\/tags?post=40237"}],"curies":[{"name":"wp","href":"https:\/\/api.w.org\/{rel}","templated":true}]}}