




{"id":40231,"date":"2013-11-05T00:52:00","date_gmt":"2013-11-04T21:52:00","guid":{"rendered":"http:\/\/qtmm.org\/?p=40231"},"modified":"2022-01-26T00:52:52","modified_gmt":"2022-01-25T21:52:52","slug":"qirimtatar-halqi-meclisinin-qurumi-tasdiqlandi","status":"publish","type":"post","link":"https:\/\/qtmm.org\/qt\/qirimtatar-halqi-meclisinin-qurumi-tasdiqlandi\/","title":{"rendered":"Q\u0131r\u0131mtatar halq\u0131 Meclisini\u00f1 qurum\u0131 tasdiqland\u0131"},"content":{"rendered":"\n<p>Q\u0131r\u0131mtatar halq\u0131 Meclisini\u00f1 Noyabr 5-te ol\u0131p ke\u00e7ken topla\u015fuv\u0131nda\u00a0 Meclisni\u00f1 ya\u00f1\u0131 saylan\u011fan erk\u00e2n\u0131n\u0131\u00f1 ve on\u0131\u00f1 icra organlar\u0131n\u0131\u00f1 qurum\u0131 tasdiqland\u0131.<\/p>\n\n\n\n<figure class=\"wp-block-image size-full\"><img loading=\"lazy\" decoding=\"async\" width=\"670\" height=\"310\" src=\"http:\/\/qtmm.org\/wp-content\/uploads\/2022\/01\/top_struktura.jpeg\" alt=\"\" class=\"wp-image-40232\" srcset=\"https:\/\/qtmm.org\/wp-content\/uploads\/2022\/01\/top_struktura.jpeg 670w, https:\/\/qtmm.org\/wp-content\/uploads\/2022\/01\/top_struktura-300x139.jpeg 300w\" sizes=\"auto, (max-width: 670px) 100vw, 670px\" \/><\/figure>\n\n\n\n<p>B\u00f6yleliknen Meclis aqq\u0131nda Nizamnameni\u00f1 3 ve 4 maddeleri ve Milliy&nbsp; Meclis reisini\u00f1 q\u0131r\u0131mtatar halq\u0131n\u0131\u00f1 yek\u00e2ne aliy vek\u00e2letli icra organ\u0131n\u0131\u00f1&nbsp; qurum\u0131 ve icra organlar\u0131 aqq\u0131ndaki tekliflerine k\u00f6re Q\u0131r\u0131mtatar halq\u0131n\u0131\u00f1 Meclisi Meclis reisini\u00f1&nbsp;<strong>5 muavini vazifesini kirsetmek ve<\/strong><\/p>\n\n\n\n<p><strong>1. Ayder AC\u0130MAMBETOV<\/strong><\/p>\n\n\n\n<p><strong>2. Nariman CEL\u00c2LOV<\/strong><\/p>\n\n\n\n<p><strong>3. Aslan \u00d6MER QIRIMLI<\/strong><\/p>\n\n\n\n<p><strong>4. Zaur SM\u0130RNOV<\/strong><\/p>\n\n\n\n<p><strong>5. Ahtem \u00c7\u0130YGOZni<\/strong><\/p>\n\n\n\n<p><strong>Milliy Meclis reisini\u00f1 muavinleri olaraq tasdiqlama\u011fa QARAR BERD\u0130:<\/strong><\/p>\n\n\n\n<p>Bun\u0131\u00f1 kibi de Meclis azalar\u0131&nbsp;<strong>Meclisni\u00f1 mezk\u00fcr b\u00f6l\u00fcklerini tasdiqlad\u0131lar<\/strong>:<\/p>\n\n\n\n<p><br>1. \u0130nformatsion-analitik idare&nbsp; \u2013reberi Meclis reisini\u00f1 muavini&nbsp;<strong>Nariman CEL\u00c2L<\/strong>;<\/p>\n\n\n\n<p>2. Milliy idare organlar\u0131, Q\u0131r\u0131m Muhtar Cumhuriyeti devlet ve icra organlar\u0131, yerli idare organlar\u0131, b\u00fct\u00fcn seviyedeki deputatlar ile \u00e7al\u0131\u015fuv boyunca idare&nbsp;&nbsp; &#8211; reberi Meclis reisini\u00f1 muavini&nbsp;<strong>Zaur SM\u0130RNOV<\/strong>;<\/p>\n\n\n\n<p>3. T\u0131\u015fq\u0131 iqtisadiy al\u00e2qalar, yat\u0131r\u0131mlar ve milliy iqtisadiyat&nbsp; inki\u015faf\u0131 idaresi \u2013 reberi Meclis reisini\u00f1 muavini&nbsp;<strong>Aslan \u00d6MER QIRIMLI<\/strong>;<\/p>\n\n\n\n<p>4. Q\u0131r\u0131mtatar tilinde tasil ve q\u0131r\u0131mtatar tilini Q\u0131r\u0131mn\u0131\u00f1 devlet ve cemaat i\u015fini\u00f1 epsi saalar\u0131na kirset\u00fcv idaresi&nbsp; &#8211; reberi&nbsp;<strong>Emine AVAM\u0130LEVA<\/strong>;<\/p>\n\n\n\n<p>5. Medeniyet, tarih ve maneviy \u00f6m\u00fcr&nbsp; idaresi&nbsp; \u2013 reberi&nbsp;&nbsp;<strong>Bekir MAMUTOV<\/strong>;<\/p>\n\n\n\n<p>6. Sport ve gen\u00e7ler siyaseti idaresi&nbsp; \u2013 reberi&nbsp;&nbsp;<strong>Seydamet YAG\u00c2YEV<\/strong>;<\/p>\n\n\n\n<p>7. Q\u0131r\u0131mn\u0131\u00f1 tabiat resurslar\u0131 ve topraq meseleleri boyunca idare \u2013 reberi&nbsp;&nbsp;<strong>Sad\u0131h TABAH<\/strong>;<\/p>\n\n\n\n<p>8. Q\u0131r\u0131mtatar halq\u0131 milliy areketini\u00f1 veteranlar\u0131,, cemaat te\u015fkitl\u00e2tlar\u0131nen ba\u011f tutmaq boyunca idare &#8211;&nbsp; reberi Meclis reisini\u00f1 muavini&nbsp;<strong>Ayder<\/strong><\/p>\n\n\n\n<p><strong>AC\u0130MAMBETOV<\/strong>;<\/p>\n\n\n\n<p>9. T\u0131\u015fq\u0131 al\u00e2qalar idaresi&nbsp; \u2013 reberi&nbsp;&nbsp;<strong>Ali HAMZ\u0130N<\/strong>;<\/p>\n\n\n\n<p>10. K\u00e2tibiyet&nbsp; \u2013 reberi&nbsp;&nbsp;<strong>Dil\u00e2ver AK\u0130YEV<\/strong>;<\/p>\n\n\n\n<p>11. Adliye idaresi \u2013 reberi&nbsp;<strong>Teyfuq \u011eAFAROV<\/strong>;<\/p>\n\n\n\n<p>12. Q\u0131r\u0131mtatar matbuat vastalar\u0131n\u0131 inki\u015faf et\u00fcv idaresi &#8211;&nbsp; reberi&nbsp;&nbsp;<strong>Gayana Y\u00dcKSEL<\/strong>;<\/p>\n\n\n\n<p>13. Matbuat h\u0131zmeti \u2013 reberi&nbsp;<strong>&nbsp;Liliya M\u00dcSL\u0130MOVA.<\/strong><\/p>\n","protected":false},"excerpt":{"rendered":"<p>Q\u0131r\u0131mtatar halq\u0131 Meclisini\u00f1 Noyabr 5-te ol\u0131p ke\u00e7ken topla\u015fuv\u0131nda\u00a0 Meclisni\u00f1 ya\u00f1\u0131 saylan\u011fan erk\u00e2n\u0131n\u0131\u00f1 ve on\u0131\u00f1 icra organlar\u0131n\u0131\u00f1 qurum\u0131 tasdiqland\u0131. B\u00f6yleliknen Meclis aqq\u0131nda Nizamnameni\u00f1 3 ve 4 maddeleri ve Milliy&nbsp; Meclis reisini\u00f1 q\u0131r\u0131mtatar halq\u0131n\u0131\u00f1 yek\u00e2ne aliy vek\u00e2letli icra organ\u0131n\u0131\u00f1&nbsp; qurum\u0131 ve icra organlar\u0131 aqq\u0131ndaki tekliflerine k\u00f6re Q\u0131r\u0131mtatar halq\u0131n\u0131\u00f1 Meclisi Meclis reisini\u00f1&nbsp;5 muavini vazifesini kirsetmek ve 1. Ayder [&hellip;]<\/p>\n","protected":false},"author":1,"featured_media":0,"comment_status":"open","ping_status":"open","sticky":false,"template":"","format":"standard","meta":{"inline_featured_image":false,"footnotes":""},"categories":[265],"tags":[],"class_list":["post-40231","post","type-post","status-publish","format-standard","hentry","category-haberler"],"acf":[],"yoast_head":"<!-- This site is optimized with the Yoast SEO plugin v27.4 - https:\/\/yoast.com\/product\/yoast-seo-wordpress\/ -->\n<title>Q\u0131r\u0131mtatar halq\u0131 Meclisini\u00f1 qurum\u0131 tasdiqland\u0131 - \u041c\u0435\u0434\u0436\u043b\u0456\u0441<\/title>\n<meta name=\"robots\" content=\"index, follow, max-snippet:-1, max-image-preview:large, max-video-preview:-1\" \/>\n<link rel=\"canonical\" href=\"https:\/\/qtmm.org\/qt\/qirimtatar-halqi-meclisinin-qurumi-tasdiqlandi\/\" \/>\n<meta property=\"og:locale\" content=\"en_US\" \/>\n<meta property=\"og:type\" content=\"article\" \/>\n<meta property=\"og:title\" content=\"Q\u0131r\u0131mtatar halq\u0131 Meclisini\u00f1 qurum\u0131 tasdiqland\u0131 - \u041c\u0435\u0434\u0436\u043b\u0456\u0441\" \/>\n<meta property=\"og:description\" content=\"Q\u0131r\u0131mtatar halq\u0131 Meclisini\u00f1 Noyabr 5-te ol\u0131p ke\u00e7ken topla\u015fuv\u0131nda\u00a0 Meclisni\u00f1 ya\u00f1\u0131 saylan\u011fan erk\u00e2n\u0131n\u0131\u00f1 ve on\u0131\u00f1 icra organlar\u0131n\u0131\u00f1 qurum\u0131 tasdiqland\u0131. B\u00f6yleliknen Meclis aqq\u0131nda Nizamnameni\u00f1 3 ve 4 maddeleri ve Milliy&nbsp; Meclis reisini\u00f1 q\u0131r\u0131mtatar halq\u0131n\u0131\u00f1 yek\u00e2ne aliy vek\u00e2letli icra organ\u0131n\u0131\u00f1&nbsp; qurum\u0131 ve icra organlar\u0131 aqq\u0131ndaki tekliflerine k\u00f6re Q\u0131r\u0131mtatar halq\u0131n\u0131\u00f1 Meclisi Meclis reisini\u00f1&nbsp;5 muavini vazifesini kirsetmek ve 1. Ayder [&hellip;]\" \/>\n<meta property=\"og:url\" content=\"https:\/\/qtmm.org\/qt\/qirimtatar-halqi-meclisinin-qurumi-tasdiqlandi\/\" \/>\n<meta property=\"og:site_name\" content=\"\u041c\u0435\u0434\u0436\u043b\u0456\u0441\" \/>\n<meta property=\"article:publisher\" content=\"https:\/\/www.facebook.com\/qtmm.info\/\" \/>\n<meta property=\"article:published_time\" content=\"2013-11-04T21:52:00+00:00\" \/>\n<meta property=\"article:modified_time\" content=\"2022-01-25T21:52:52+00:00\" \/>\n<meta property=\"og:image\" content=\"https:\/\/qtmm.org\/wp-content\/uploads\/2022\/01\/top_struktura.jpeg\" \/>\n\t<meta property=\"og:image:width\" content=\"670\" \/>\n\t<meta property=\"og:image:height\" content=\"310\" \/>\n\t<meta property=\"og:image:type\" content=\"image\/jpeg\" \/>\n<meta name=\"author\" content=\"Developer\" \/>\n<meta name=\"twitter:card\" content=\"summary_large_image\" \/>\n<meta name=\"twitter:label1\" content=\"Written by\" \/>\n\t<meta name=\"twitter:data1\" content=\"Developer\" \/>\n\t<meta name=\"twitter:label2\" content=\"Est. reading time\" \/>\n\t<meta name=\"twitter:data2\" content=\"2 minutes\" \/>\n<script type=\"application\/ld+json\" class=\"yoast-schema-graph\">{\"@context\":\"https:\\\/\\\/schema.org\",\"@graph\":[{\"@type\":\"Article\",\"@id\":\"https:\\\/\\\/qtmm.org\\\/qt\\\/qirimtatar-halqi-meclisinin-qurumi-tasdiqlandi\\\/#article\",\"isPartOf\":{\"@id\":\"https:\\\/\\\/qtmm.org\\\/qt\\\/qirimtatar-halqi-meclisinin-qurumi-tasdiqlandi\\\/\"},\"author\":{\"name\":\"Developer\",\"@id\":\"https:\\\/\\\/qtmm.org\\\/qt\\\/#\\\/schema\\\/person\\\/de562469f971dec226ac06e60bbf74a7\"},\"headline\":\"Q\u0131r\u0131mtatar halq\u0131 Meclisini\u00f1 qurum\u0131 tasdiqland\u0131\",\"datePublished\":\"2013-11-04T21:52:00+00:00\",\"dateModified\":\"2022-01-25T21:52:52+00:00\",\"mainEntityOfPage\":{\"@id\":\"https:\\\/\\\/qtmm.org\\\/qt\\\/qirimtatar-halqi-meclisinin-qurumi-tasdiqlandi\\\/\"},\"wordCount\":348,\"commentCount\":0,\"publisher\":{\"@id\":\"https:\\\/\\\/qtmm.org\\\/qt\\\/#organization\"},\"image\":{\"@id\":\"https:\\\/\\\/qtmm.org\\\/qt\\\/qirimtatar-halqi-meclisinin-qurumi-tasdiqlandi\\\/#primaryimage\"},\"thumbnailUrl\":\"http:\\\/\\\/qtmm.org\\\/wp-content\\\/uploads\\\/2022\\\/01\\\/top_struktura.jpeg\",\"articleSection\":[\"Haberler\"],\"inLanguage\":\"qt\",\"potentialAction\":[{\"@type\":\"CommentAction\",\"name\":\"Comment\",\"target\":[\"https:\\\/\\\/qtmm.org\\\/qt\\\/qirimtatar-halqi-meclisinin-qurumi-tasdiqlandi\\\/#respond\"]}]},{\"@type\":\"WebPage\",\"@id\":\"https:\\\/\\\/qtmm.org\\\/qt\\\/qirimtatar-halqi-meclisinin-qurumi-tasdiqlandi\\\/\",\"url\":\"https:\\\/\\\/qtmm.org\\\/qt\\\/qirimtatar-halqi-meclisinin-qurumi-tasdiqlandi\\\/\",\"name\":\"Q\u0131r\u0131mtatar halq\u0131 Meclisini\u00f1 qurum\u0131 tasdiqland\u0131 - \u041c\u0435\u0434\u0436\u043b\u0456\u0441\",\"isPartOf\":{\"@id\":\"https:\\\/\\\/qtmm.org\\\/qt\\\/#website\"},\"primaryImageOfPage\":{\"@id\":\"https:\\\/\\\/qtmm.org\\\/qt\\\/qirimtatar-halqi-meclisinin-qurumi-tasdiqlandi\\\/#primaryimage\"},\"image\":{\"@id\":\"https:\\\/\\\/qtmm.org\\\/qt\\\/qirimtatar-halqi-meclisinin-qurumi-tasdiqlandi\\\/#primaryimage\"},\"thumbnailUrl\":\"http:\\\/\\\/qtmm.org\\\/wp-content\\\/uploads\\\/2022\\\/01\\\/top_struktura.jpeg\",\"datePublished\":\"2013-11-04T21:52:00+00:00\",\"dateModified\":\"2022-01-25T21:52:52+00:00\",\"breadcrumb\":{\"@id\":\"https:\\\/\\\/qtmm.org\\\/qt\\\/qirimtatar-halqi-meclisinin-qurumi-tasdiqlandi\\\/#breadcrumb\"},\"inLanguage\":\"qt\",\"potentialAction\":[{\"@type\":\"ReadAction\",\"target\":[\"https:\\\/\\\/qtmm.org\\\/qt\\\/qirimtatar-halqi-meclisinin-qurumi-tasdiqlandi\\\/\"]}]},{\"@type\":\"ImageObject\",\"inLanguage\":\"qt\",\"@id\":\"https:\\\/\\\/qtmm.org\\\/qt\\\/qirimtatar-halqi-meclisinin-qurumi-tasdiqlandi\\\/#primaryimage\",\"url\":\"http:\\\/\\\/qtmm.org\\\/wp-content\\\/uploads\\\/2022\\\/01\\\/top_struktura.jpeg\",\"contentUrl\":\"http:\\\/\\\/qtmm.org\\\/wp-content\\\/uploads\\\/2022\\\/01\\\/top_struktura.jpeg\"},{\"@type\":\"BreadcrumbList\",\"@id\":\"https:\\\/\\\/qtmm.org\\\/qt\\\/qirimtatar-halqi-meclisinin-qurumi-tasdiqlandi\\\/#breadcrumb\",\"itemListElement\":[{\"@type\":\"ListItem\",\"position\":1,\"name\":\"\u0413\u043e\u043b\u043e\u0432\u043d\u0430\",\"item\":\"https:\\\/\\\/qtmm.org\\\/qt\\\/\"},{\"@type\":\"ListItem\",\"position\":2,\"name\":\"Q\u0131r\u0131mtatar halq\u0131 Meclisini\u00f1 qurum\u0131 tasdiqland\u0131\"}]},{\"@type\":\"WebSite\",\"@id\":\"https:\\\/\\\/qtmm.org\\\/qt\\\/#website\",\"url\":\"https:\\\/\\\/qtmm.org\\\/qt\\\/\",\"name\":\"\u041c\u0435\u0434\u0436\u043b\u0456\u0441\",\"description\":\"\",\"publisher\":{\"@id\":\"https:\\\/\\\/qtmm.org\\\/qt\\\/#organization\"},\"potentialAction\":[{\"@type\":\"SearchAction\",\"target\":{\"@type\":\"EntryPoint\",\"urlTemplate\":\"https:\\\/\\\/qtmm.org\\\/qt\\\/?s={search_term_string}\"},\"query-input\":{\"@type\":\"PropertyValueSpecification\",\"valueRequired\":true,\"valueName\":\"search_term_string\"}}],\"inLanguage\":\"qt\"},{\"@type\":\"Organization\",\"@id\":\"https:\\\/\\\/qtmm.org\\\/qt\\\/#organization\",\"name\":\"\u041c\u0435\u0434\u0436\u043b\u0456\u0441\",\"url\":\"https:\\\/\\\/qtmm.org\\\/qt\\\/\",\"logo\":{\"@type\":\"ImageObject\",\"inLanguage\":\"qt\",\"@id\":\"https:\\\/\\\/qtmm.org\\\/qt\\\/#\\\/schema\\\/logo\\\/image\\\/\",\"url\":\"https:\\\/\\\/qtmm.org\\\/wp-content\\\/uploads\\\/2024\\\/12\\\/ua-mejlis-logo-rgb.svg\",\"contentUrl\":\"https:\\\/\\\/qtmm.org\\\/wp-content\\\/uploads\\\/2024\\\/12\\\/ua-mejlis-logo-rgb.svg\",\"caption\":\"\u041c\u0435\u0434\u0436\u043b\u0456\u0441\"},\"image\":{\"@id\":\"https:\\\/\\\/qtmm.org\\\/qt\\\/#\\\/schema\\\/logo\\\/image\\\/\"},\"sameAs\":[\"https:\\\/\\\/www.facebook.com\\\/qtmm.info\\\/\"]},{\"@type\":\"Person\",\"@id\":\"https:\\\/\\\/qtmm.org\\\/qt\\\/#\\\/schema\\\/person\\\/de562469f971dec226ac06e60bbf74a7\",\"name\":\"Developer\",\"image\":{\"@type\":\"ImageObject\",\"inLanguage\":\"qt\",\"@id\":\"https:\\\/\\\/secure.gravatar.com\\\/avatar\\\/392b4cc8fbfeb00b39dfeeab4ee6edded39ffd48e25858637e4765810300227e?s=96&d=mm&r=g\",\"url\":\"https:\\\/\\\/secure.gravatar.com\\\/avatar\\\/392b4cc8fbfeb00b39dfeeab4ee6edded39ffd48e25858637e4765810300227e?s=96&d=mm&r=g\",\"contentUrl\":\"https:\\\/\\\/secure.gravatar.com\\\/avatar\\\/392b4cc8fbfeb00b39dfeeab4ee6edded39ffd48e25858637e4765810300227e?s=96&d=mm&r=g\",\"caption\":\"Developer\"},\"url\":\"https:\\\/\\\/qtmm.org\\\/qt\\\/author\\\/Developer\\\/\"}]}<\/script>\n<!-- \/ Yoast SEO plugin. -->","yoast_head_json":{"title":"Q\u0131r\u0131mtatar halq\u0131 Meclisini\u00f1 qurum\u0131 tasdiqland\u0131 - \u041c\u0435\u0434\u0436\u043b\u0456\u0441","robots":{"index":"index","follow":"follow","max-snippet":"max-snippet:-1","max-image-preview":"max-image-preview:large","max-video-preview":"max-video-preview:-1"},"canonical":"https:\/\/qtmm.org\/qt\/qirimtatar-halqi-meclisinin-qurumi-tasdiqlandi\/","og_locale":"en_US","og_type":"article","og_title":"Q\u0131r\u0131mtatar halq\u0131 Meclisini\u00f1 qurum\u0131 tasdiqland\u0131 - \u041c\u0435\u0434\u0436\u043b\u0456\u0441","og_description":"Q\u0131r\u0131mtatar halq\u0131 Meclisini\u00f1 Noyabr 5-te ol\u0131p ke\u00e7ken topla\u015fuv\u0131nda\u00a0 Meclisni\u00f1 ya\u00f1\u0131 saylan\u011fan erk\u00e2n\u0131n\u0131\u00f1 ve on\u0131\u00f1 icra organlar\u0131n\u0131\u00f1 qurum\u0131 tasdiqland\u0131. B\u00f6yleliknen Meclis aqq\u0131nda Nizamnameni\u00f1 3 ve 4 maddeleri ve Milliy&nbsp; Meclis reisini\u00f1 q\u0131r\u0131mtatar halq\u0131n\u0131\u00f1 yek\u00e2ne aliy vek\u00e2letli icra organ\u0131n\u0131\u00f1&nbsp; qurum\u0131 ve icra organlar\u0131 aqq\u0131ndaki tekliflerine k\u00f6re Q\u0131r\u0131mtatar halq\u0131n\u0131\u00f1 Meclisi Meclis reisini\u00f1&nbsp;5 muavini vazifesini kirsetmek ve 1. Ayder [&hellip;]","og_url":"https:\/\/qtmm.org\/qt\/qirimtatar-halqi-meclisinin-qurumi-tasdiqlandi\/","og_site_name":"\u041c\u0435\u0434\u0436\u043b\u0456\u0441","article_publisher":"https:\/\/www.facebook.com\/qtmm.info\/","article_published_time":"2013-11-04T21:52:00+00:00","article_modified_time":"2022-01-25T21:52:52+00:00","og_image":[{"width":670,"height":310,"url":"https:\/\/qtmm.org\/wp-content\/uploads\/2022\/01\/top_struktura.jpeg","type":"image\/jpeg"}],"author":"Developer","twitter_card":"summary_large_image","twitter_misc":{"Written by":"Developer","Est. reading time":"2 minutes"},"schema":{"@context":"https:\/\/schema.org","@graph":[{"@type":"Article","@id":"https:\/\/qtmm.org\/qt\/qirimtatar-halqi-meclisinin-qurumi-tasdiqlandi\/#article","isPartOf":{"@id":"https:\/\/qtmm.org\/qt\/qirimtatar-halqi-meclisinin-qurumi-tasdiqlandi\/"},"author":{"name":"Developer","@id":"https:\/\/qtmm.org\/qt\/#\/schema\/person\/de562469f971dec226ac06e60bbf74a7"},"headline":"Q\u0131r\u0131mtatar halq\u0131 Meclisini\u00f1 qurum\u0131 tasdiqland\u0131","datePublished":"2013-11-04T21:52:00+00:00","dateModified":"2022-01-25T21:52:52+00:00","mainEntityOfPage":{"@id":"https:\/\/qtmm.org\/qt\/qirimtatar-halqi-meclisinin-qurumi-tasdiqlandi\/"},"wordCount":348,"commentCount":0,"publisher":{"@id":"https:\/\/qtmm.org\/qt\/#organization"},"image":{"@id":"https:\/\/qtmm.org\/qt\/qirimtatar-halqi-meclisinin-qurumi-tasdiqlandi\/#primaryimage"},"thumbnailUrl":"http:\/\/qtmm.org\/wp-content\/uploads\/2022\/01\/top_struktura.jpeg","articleSection":["Haberler"],"inLanguage":"qt","potentialAction":[{"@type":"CommentAction","name":"Comment","target":["https:\/\/qtmm.org\/qt\/qirimtatar-halqi-meclisinin-qurumi-tasdiqlandi\/#respond"]}]},{"@type":"WebPage","@id":"https:\/\/qtmm.org\/qt\/qirimtatar-halqi-meclisinin-qurumi-tasdiqlandi\/","url":"https:\/\/qtmm.org\/qt\/qirimtatar-halqi-meclisinin-qurumi-tasdiqlandi\/","name":"Q\u0131r\u0131mtatar halq\u0131 Meclisini\u00f1 qurum\u0131 tasdiqland\u0131 - \u041c\u0435\u0434\u0436\u043b\u0456\u0441","isPartOf":{"@id":"https:\/\/qtmm.org\/qt\/#website"},"primaryImageOfPage":{"@id":"https:\/\/qtmm.org\/qt\/qirimtatar-halqi-meclisinin-qurumi-tasdiqlandi\/#primaryimage"},"image":{"@id":"https:\/\/qtmm.org\/qt\/qirimtatar-halqi-meclisinin-qurumi-tasdiqlandi\/#primaryimage"},"thumbnailUrl":"http:\/\/qtmm.org\/wp-content\/uploads\/2022\/01\/top_struktura.jpeg","datePublished":"2013-11-04T21:52:00+00:00","dateModified":"2022-01-25T21:52:52+00:00","breadcrumb":{"@id":"https:\/\/qtmm.org\/qt\/qirimtatar-halqi-meclisinin-qurumi-tasdiqlandi\/#breadcrumb"},"inLanguage":"qt","potentialAction":[{"@type":"ReadAction","target":["https:\/\/qtmm.org\/qt\/qirimtatar-halqi-meclisinin-qurumi-tasdiqlandi\/"]}]},{"@type":"ImageObject","inLanguage":"qt","@id":"https:\/\/qtmm.org\/qt\/qirimtatar-halqi-meclisinin-qurumi-tasdiqlandi\/#primaryimage","url":"http:\/\/qtmm.org\/wp-content\/uploads\/2022\/01\/top_struktura.jpeg","contentUrl":"http:\/\/qtmm.org\/wp-content\/uploads\/2022\/01\/top_struktura.jpeg"},{"@type":"BreadcrumbList","@id":"https:\/\/qtmm.org\/qt\/qirimtatar-halqi-meclisinin-qurumi-tasdiqlandi\/#breadcrumb","itemListElement":[{"@type":"ListItem","position":1,"name":"\u0413\u043e\u043b\u043e\u0432\u043d\u0430","item":"https:\/\/qtmm.org\/qt\/"},{"@type":"ListItem","position":2,"name":"Q\u0131r\u0131mtatar halq\u0131 Meclisini\u00f1 qurum\u0131 tasdiqland\u0131"}]},{"@type":"WebSite","@id":"https:\/\/qtmm.org\/qt\/#website","url":"https:\/\/qtmm.org\/qt\/","name":"\u041c\u0435\u0434\u0436\u043b\u0456\u0441","description":"","publisher":{"@id":"https:\/\/qtmm.org\/qt\/#organization"},"potentialAction":[{"@type":"SearchAction","target":{"@type":"EntryPoint","urlTemplate":"https:\/\/qtmm.org\/qt\/?s={search_term_string}"},"query-input":{"@type":"PropertyValueSpecification","valueRequired":true,"valueName":"search_term_string"}}],"inLanguage":"qt"},{"@type":"Organization","@id":"https:\/\/qtmm.org\/qt\/#organization","name":"\u041c\u0435\u0434\u0436\u043b\u0456\u0441","url":"https:\/\/qtmm.org\/qt\/","logo":{"@type":"ImageObject","inLanguage":"qt","@id":"https:\/\/qtmm.org\/qt\/#\/schema\/logo\/image\/","url":"https:\/\/qtmm.org\/wp-content\/uploads\/2024\/12\/ua-mejlis-logo-rgb.svg","contentUrl":"https:\/\/qtmm.org\/wp-content\/uploads\/2024\/12\/ua-mejlis-logo-rgb.svg","caption":"\u041c\u0435\u0434\u0436\u043b\u0456\u0441"},"image":{"@id":"https:\/\/qtmm.org\/qt\/#\/schema\/logo\/image\/"},"sameAs":["https:\/\/www.facebook.com\/qtmm.info\/"]},{"@type":"Person","@id":"https:\/\/qtmm.org\/qt\/#\/schema\/person\/de562469f971dec226ac06e60bbf74a7","name":"Developer","image":{"@type":"ImageObject","inLanguage":"qt","@id":"https:\/\/secure.gravatar.com\/avatar\/392b4cc8fbfeb00b39dfeeab4ee6edded39ffd48e25858637e4765810300227e?s=96&d=mm&r=g","url":"https:\/\/secure.gravatar.com\/avatar\/392b4cc8fbfeb00b39dfeeab4ee6edded39ffd48e25858637e4765810300227e?s=96&d=mm&r=g","contentUrl":"https:\/\/secure.gravatar.com\/avatar\/392b4cc8fbfeb00b39dfeeab4ee6edded39ffd48e25858637e4765810300227e?s=96&d=mm&r=g","caption":"Developer"},"url":"https:\/\/qtmm.org\/qt\/author\/Developer\/"}]}},"_links":{"self":[{"href":"https:\/\/qtmm.org\/qt\/wp-json\/wp\/v2\/posts\/40231","targetHints":{"allow":["GET"]}}],"collection":[{"href":"https:\/\/qtmm.org\/qt\/wp-json\/wp\/v2\/posts"}],"about":[{"href":"https:\/\/qtmm.org\/qt\/wp-json\/wp\/v2\/types\/post"}],"author":[{"embeddable":true,"href":"https:\/\/qtmm.org\/qt\/wp-json\/wp\/v2\/users\/1"}],"replies":[{"embeddable":true,"href":"https:\/\/qtmm.org\/qt\/wp-json\/wp\/v2\/comments?post=40231"}],"version-history":[{"count":1,"href":"https:\/\/qtmm.org\/qt\/wp-json\/wp\/v2\/posts\/40231\/revisions"}],"predecessor-version":[{"id":40236,"href":"https:\/\/qtmm.org\/qt\/wp-json\/wp\/v2\/posts\/40231\/revisions\/40236"}],"wp:attachment":[{"href":"https:\/\/qtmm.org\/qt\/wp-json\/wp\/v2\/media?parent=40231"}],"wp:term":[{"taxonomy":"category","embeddable":true,"href":"https:\/\/qtmm.org\/qt\/wp-json\/wp\/v2\/categories?post=40231"},{"taxonomy":"post_tag","embeddable":true,"href":"https:\/\/qtmm.org\/qt\/wp-json\/wp\/v2\/tags?post=40231"}],"curies":[{"name":"wp","href":"https:\/\/api.w.org\/{rel}","templated":true}]}}