




{"id":40225,"date":"2013-11-05T00:51:00","date_gmt":"2013-11-04T21:51:00","guid":{"rendered":"http:\/\/qtmm.org\/?p=40225"},"modified":"2022-01-26T00:52:04","modified_gmt":"2022-01-25T21:52:04","slug":"meclis-qurultay-merkeziy-saylav-komissiyasina-qirimtatarlarnin-milliy-yerli-organlarini-saylavlarni-teskilatlandiruv-ve-keciruvni-avale-etti","status":"publish","type":"post","link":"https:\/\/qtmm.org\/qt\/meclis-qurultay-merkeziy-saylav-komissiyasina-qirimtatarlarnin-milliy-yerli-organlarini-saylavlarni-teskilatlandiruv-ve-keciruvni-avale-etti\/","title":{"rendered":"Meclis Qurultay Merkeziy saylav komissiyas\u0131na q\u0131r\u0131mtatarlarn\u0131\u00f1 milliy yerli organlar\u0131n\u0131 saylavlarn\u0131 te\u015fkil\u00e2tland\u0131ruv ve ke\u00e7ir\u00fcvni avale etti"},"content":{"rendered":"\n<p>&#8220;Q\u0131r\u0131mtatar halq\u0131 Qurultay\u0131na delegatlarn\u0131 saylav aqq\u0131nda nizamname&#8221;ni\u00f1 16.4 maddesine binaen q\u0131r\u0131mtatar halq\u0131 yerli idare organlar\u0131n\u0131 saylavn\u0131 te\u015fkil\u00e2tland\u0131ruv ve ke\u00e7ir\u00fcv Q\u0131r\u0131mtatar halq\u0131 Qurultay\u0131n\u0131\u00f1 merkeziy saylav komissiyas\u0131na avale etilgenini esapqa alaraq Meclis qarar ald\u0131. Bu qarar boyunca Milliy Meclisni\u00f1 2008 senesi avgust 17-deki &#8220;Yerli meclislerni saylavn\u0131 te\u015fkil\u00e2tland\u0131ruv ve ke\u00e7ir\u00fcv boyunca komissiya aqq\u0131nda&#8221; qarar\u0131 \u00f6z k\u00fc\u00e7\u00fcni coyd\u0131, dep say\u0131la.<\/p>\n\n\n\n<p>Mezk\u00fcr qarar i\u00e7\u00fcn 2013 senesi noyabr 5-te Meclisni\u00f1 topla\u015fuv\u0131nda Meclis azalar\u0131 bira\u011f\u0131zdan rey berdiler.<\/p>\n\n\n\n<p>Hat\u0131rlatmal\u0131 ki, Q\u0131r\u0131mtatar halq\u0131 Qurultay\u0131n\u0131\u00f1 Merkeziy saylav komissiyas\u0131na Zair SMEDL\u00c2YEV reislik yapa.<\/p>\n\n\n\n<div class=\"wp-block-image\"><figure class=\"aligncenter size-full\"><img loading=\"lazy\" decoding=\"async\" width=\"416\" height=\"541\" src=\"http:\/\/qtmm.org\/wp-content\/uploads\/2022\/01\/smedlyaev_zair_1.jpeg\" alt=\"\" class=\"wp-image-40226\" srcset=\"https:\/\/qtmm.org\/wp-content\/uploads\/2022\/01\/smedlyaev_zair_1.jpeg 416w, https:\/\/qtmm.org\/wp-content\/uploads\/2022\/01\/smedlyaev_zair_1-231x300.jpeg 231w\" sizes=\"auto, (max-width: 416px) 100vw, 416px\" \/><\/figure><\/div>\n","protected":false},"excerpt":{"rendered":"<p>&#8220;Q\u0131r\u0131mtatar halq\u0131 Qurultay\u0131na delegatlarn\u0131 saylav aqq\u0131nda nizamname&#8221;ni\u00f1 16.4 maddesine binaen q\u0131r\u0131mtatar halq\u0131 yerli idare organlar\u0131n\u0131 saylavn\u0131 te\u015fkil\u00e2tland\u0131ruv ve ke\u00e7ir\u00fcv Q\u0131r\u0131mtatar halq\u0131 Qurultay\u0131n\u0131\u00f1 merkeziy saylav komissiyas\u0131na avale etilgenini esapqa alaraq Meclis qarar ald\u0131. Bu qarar boyunca Milliy Meclisni\u00f1 2008 senesi avgust 17-deki &#8220;Yerli meclislerni saylavn\u0131 te\u015fkil\u00e2tland\u0131ruv ve ke\u00e7ir\u00fcv boyunca komissiya aqq\u0131nda&#8221; qarar\u0131 \u00f6z k\u00fc\u00e7\u00fcni coyd\u0131, dep [&hellip;]<\/p>\n","protected":false},"author":1,"featured_media":0,"comment_status":"open","ping_status":"open","sticky":false,"template":"","format":"standard","meta":{"inline_featured_image":false,"footnotes":""},"categories":[265],"tags":[],"class_list":["post-40225","post","type-post","status-publish","format-standard","hentry","category-haberler"],"acf":[],"yoast_head":"<!-- This site is optimized with the Yoast SEO plugin v27.4 - https:\/\/yoast.com\/product\/yoast-seo-wordpress\/ -->\n<title>Meclis Qurultay Merkeziy saylav komissiyas\u0131na q\u0131r\u0131mtatarlarn\u0131\u00f1 milliy yerli organlar\u0131n\u0131 saylavlarn\u0131 te\u015fkil\u00e2tland\u0131ruv ve ke\u00e7ir\u00fcvni avale etti - \u041c\u0435\u0434\u0436\u043b\u0456\u0441<\/title>\n<meta name=\"robots\" content=\"index, follow, max-snippet:-1, max-image-preview:large, max-video-preview:-1\" \/>\n<link rel=\"canonical\" href=\"https:\/\/qtmm.org\/qt\/meclis-qurultay-merkeziy-saylav-komissiyasina-qirimtatarlarnin-milliy-yerli-organlarini-saylavlarni-teskilatlandiruv-ve-keciruvni-avale-etti\/\" \/>\n<meta property=\"og:locale\" content=\"en_US\" \/>\n<meta property=\"og:type\" content=\"article\" \/>\n<meta property=\"og:title\" content=\"Meclis Qurultay Merkeziy saylav komissiyas\u0131na q\u0131r\u0131mtatarlarn\u0131\u00f1 milliy yerli organlar\u0131n\u0131 saylavlarn\u0131 te\u015fkil\u00e2tland\u0131ruv ve ke\u00e7ir\u00fcvni avale etti - \u041c\u0435\u0434\u0436\u043b\u0456\u0441\" \/>\n<meta property=\"og:description\" content=\"&#8220;Q\u0131r\u0131mtatar halq\u0131 Qurultay\u0131na delegatlarn\u0131 saylav aqq\u0131nda nizamname&#8221;ni\u00f1 16.4 maddesine binaen q\u0131r\u0131mtatar halq\u0131 yerli idare organlar\u0131n\u0131 saylavn\u0131 te\u015fkil\u00e2tland\u0131ruv ve ke\u00e7ir\u00fcv Q\u0131r\u0131mtatar halq\u0131 Qurultay\u0131n\u0131\u00f1 merkeziy saylav komissiyas\u0131na avale etilgenini esapqa alaraq Meclis qarar ald\u0131. Bu qarar boyunca Milliy Meclisni\u00f1 2008 senesi avgust 17-deki &#8220;Yerli meclislerni saylavn\u0131 te\u015fkil\u00e2tland\u0131ruv ve ke\u00e7ir\u00fcv boyunca komissiya aqq\u0131nda&#8221; qarar\u0131 \u00f6z k\u00fc\u00e7\u00fcni coyd\u0131, dep [&hellip;]\" \/>\n<meta property=\"og:url\" content=\"https:\/\/qtmm.org\/qt\/meclis-qurultay-merkeziy-saylav-komissiyasina-qirimtatarlarnin-milliy-yerli-organlarini-saylavlarni-teskilatlandiruv-ve-keciruvni-avale-etti\/\" \/>\n<meta property=\"og:site_name\" content=\"\u041c\u0435\u0434\u0436\u043b\u0456\u0441\" \/>\n<meta property=\"article:publisher\" content=\"https:\/\/www.facebook.com\/qtmm.info\/\" \/>\n<meta property=\"article:published_time\" content=\"2013-11-04T21:51:00+00:00\" \/>\n<meta property=\"article:modified_time\" content=\"2022-01-25T21:52:04+00:00\" \/>\n<meta property=\"og:image\" content=\"https:\/\/qtmm.org\/wp-content\/uploads\/2022\/01\/smedlyaev_zair_1.jpeg\" \/>\n\t<meta property=\"og:image:width\" content=\"416\" \/>\n\t<meta property=\"og:image:height\" content=\"541\" \/>\n\t<meta property=\"og:image:type\" content=\"image\/jpeg\" \/>\n<meta name=\"author\" content=\"Developer\" \/>\n<meta name=\"twitter:card\" content=\"summary_large_image\" \/>\n<meta name=\"twitter:label1\" content=\"Written by\" \/>\n\t<meta name=\"twitter:data1\" content=\"Developer\" \/>\n\t<meta name=\"twitter:label2\" content=\"Est. reading time\" \/>\n\t<meta name=\"twitter:data2\" content=\"1 minute\" \/>\n<script type=\"application\/ld+json\" class=\"yoast-schema-graph\">{\"@context\":\"https:\\\/\\\/schema.org\",\"@graph\":[{\"@type\":\"Article\",\"@id\":\"https:\\\/\\\/qtmm.org\\\/qt\\\/meclis-qurultay-merkeziy-saylav-komissiyasina-qirimtatarlarnin-milliy-yerli-organlarini-saylavlarni-teskilatlandiruv-ve-keciruvni-avale-etti\\\/#article\",\"isPartOf\":{\"@id\":\"https:\\\/\\\/qtmm.org\\\/qt\\\/meclis-qurultay-merkeziy-saylav-komissiyasina-qirimtatarlarnin-milliy-yerli-organlarini-saylavlarni-teskilatlandiruv-ve-keciruvni-avale-etti\\\/\"},\"author\":{\"name\":\"Developer\",\"@id\":\"https:\\\/\\\/qtmm.org\\\/qt\\\/#\\\/schema\\\/person\\\/de562469f971dec226ac06e60bbf74a7\"},\"headline\":\"Meclis Qurultay Merkeziy saylav komissiyas\u0131na q\u0131r\u0131mtatarlarn\u0131\u00f1 milliy yerli organlar\u0131n\u0131 saylavlarn\u0131 te\u015fkil\u00e2tland\u0131ruv ve ke\u00e7ir\u00fcvni avale etti\",\"datePublished\":\"2013-11-04T21:51:00+00:00\",\"dateModified\":\"2022-01-25T21:52:04+00:00\",\"mainEntityOfPage\":{\"@id\":\"https:\\\/\\\/qtmm.org\\\/qt\\\/meclis-qurultay-merkeziy-saylav-komissiyasina-qirimtatarlarnin-milliy-yerli-organlarini-saylavlarni-teskilatlandiruv-ve-keciruvni-avale-etti\\\/\"},\"wordCount\":139,\"commentCount\":0,\"publisher\":{\"@id\":\"https:\\\/\\\/qtmm.org\\\/qt\\\/#organization\"},\"image\":{\"@id\":\"https:\\\/\\\/qtmm.org\\\/qt\\\/meclis-qurultay-merkeziy-saylav-komissiyasina-qirimtatarlarnin-milliy-yerli-organlarini-saylavlarni-teskilatlandiruv-ve-keciruvni-avale-etti\\\/#primaryimage\"},\"thumbnailUrl\":\"http:\\\/\\\/qtmm.org\\\/wp-content\\\/uploads\\\/2022\\\/01\\\/smedlyaev_zair_1.jpeg\",\"articleSection\":[\"Haberler\"],\"inLanguage\":\"qt\",\"potentialAction\":[{\"@type\":\"CommentAction\",\"name\":\"Comment\",\"target\":[\"https:\\\/\\\/qtmm.org\\\/qt\\\/meclis-qurultay-merkeziy-saylav-komissiyasina-qirimtatarlarnin-milliy-yerli-organlarini-saylavlarni-teskilatlandiruv-ve-keciruvni-avale-etti\\\/#respond\"]}]},{\"@type\":\"WebPage\",\"@id\":\"https:\\\/\\\/qtmm.org\\\/qt\\\/meclis-qurultay-merkeziy-saylav-komissiyasina-qirimtatarlarnin-milliy-yerli-organlarini-saylavlarni-teskilatlandiruv-ve-keciruvni-avale-etti\\\/\",\"url\":\"https:\\\/\\\/qtmm.org\\\/qt\\\/meclis-qurultay-merkeziy-saylav-komissiyasina-qirimtatarlarnin-milliy-yerli-organlarini-saylavlarni-teskilatlandiruv-ve-keciruvni-avale-etti\\\/\",\"name\":\"Meclis Qurultay Merkeziy saylav komissiyas\u0131na q\u0131r\u0131mtatarlarn\u0131\u00f1 milliy yerli organlar\u0131n\u0131 saylavlarn\u0131 te\u015fkil\u00e2tland\u0131ruv ve ke\u00e7ir\u00fcvni avale etti - \u041c\u0435\u0434\u0436\u043b\u0456\u0441\",\"isPartOf\":{\"@id\":\"https:\\\/\\\/qtmm.org\\\/qt\\\/#website\"},\"primaryImageOfPage\":{\"@id\":\"https:\\\/\\\/qtmm.org\\\/qt\\\/meclis-qurultay-merkeziy-saylav-komissiyasina-qirimtatarlarnin-milliy-yerli-organlarini-saylavlarni-teskilatlandiruv-ve-keciruvni-avale-etti\\\/#primaryimage\"},\"image\":{\"@id\":\"https:\\\/\\\/qtmm.org\\\/qt\\\/meclis-qurultay-merkeziy-saylav-komissiyasina-qirimtatarlarnin-milliy-yerli-organlarini-saylavlarni-teskilatlandiruv-ve-keciruvni-avale-etti\\\/#primaryimage\"},\"thumbnailUrl\":\"http:\\\/\\\/qtmm.org\\\/wp-content\\\/uploads\\\/2022\\\/01\\\/smedlyaev_zair_1.jpeg\",\"datePublished\":\"2013-11-04T21:51:00+00:00\",\"dateModified\":\"2022-01-25T21:52:04+00:00\",\"breadcrumb\":{\"@id\":\"https:\\\/\\\/qtmm.org\\\/qt\\\/meclis-qurultay-merkeziy-saylav-komissiyasina-qirimtatarlarnin-milliy-yerli-organlarini-saylavlarni-teskilatlandiruv-ve-keciruvni-avale-etti\\\/#breadcrumb\"},\"inLanguage\":\"qt\",\"potentialAction\":[{\"@type\":\"ReadAction\",\"target\":[\"https:\\\/\\\/qtmm.org\\\/qt\\\/meclis-qurultay-merkeziy-saylav-komissiyasina-qirimtatarlarnin-milliy-yerli-organlarini-saylavlarni-teskilatlandiruv-ve-keciruvni-avale-etti\\\/\"]}]},{\"@type\":\"ImageObject\",\"inLanguage\":\"qt\",\"@id\":\"https:\\\/\\\/qtmm.org\\\/qt\\\/meclis-qurultay-merkeziy-saylav-komissiyasina-qirimtatarlarnin-milliy-yerli-organlarini-saylavlarni-teskilatlandiruv-ve-keciruvni-avale-etti\\\/#primaryimage\",\"url\":\"http:\\\/\\\/qtmm.org\\\/wp-content\\\/uploads\\\/2022\\\/01\\\/smedlyaev_zair_1.jpeg\",\"contentUrl\":\"http:\\\/\\\/qtmm.org\\\/wp-content\\\/uploads\\\/2022\\\/01\\\/smedlyaev_zair_1.jpeg\"},{\"@type\":\"BreadcrumbList\",\"@id\":\"https:\\\/\\\/qtmm.org\\\/qt\\\/meclis-qurultay-merkeziy-saylav-komissiyasina-qirimtatarlarnin-milliy-yerli-organlarini-saylavlarni-teskilatlandiruv-ve-keciruvni-avale-etti\\\/#breadcrumb\",\"itemListElement\":[{\"@type\":\"ListItem\",\"position\":1,\"name\":\"\u0413\u043e\u043b\u043e\u0432\u043d\u0430\",\"item\":\"https:\\\/\\\/qtmm.org\\\/qt\\\/\"},{\"@type\":\"ListItem\",\"position\":2,\"name\":\"Meclis Qurultay Merkeziy saylav komissiyas\u0131na q\u0131r\u0131mtatarlarn\u0131\u00f1 milliy yerli organlar\u0131n\u0131 saylavlarn\u0131 te\u015fkil\u00e2tland\u0131ruv ve ke\u00e7ir\u00fcvni avale etti\"}]},{\"@type\":\"WebSite\",\"@id\":\"https:\\\/\\\/qtmm.org\\\/qt\\\/#website\",\"url\":\"https:\\\/\\\/qtmm.org\\\/qt\\\/\",\"name\":\"\u041c\u0435\u0434\u0436\u043b\u0456\u0441\",\"description\":\"\",\"publisher\":{\"@id\":\"https:\\\/\\\/qtmm.org\\\/qt\\\/#organization\"},\"potentialAction\":[{\"@type\":\"SearchAction\",\"target\":{\"@type\":\"EntryPoint\",\"urlTemplate\":\"https:\\\/\\\/qtmm.org\\\/qt\\\/?s={search_term_string}\"},\"query-input\":{\"@type\":\"PropertyValueSpecification\",\"valueRequired\":true,\"valueName\":\"search_term_string\"}}],\"inLanguage\":\"qt\"},{\"@type\":\"Organization\",\"@id\":\"https:\\\/\\\/qtmm.org\\\/qt\\\/#organization\",\"name\":\"\u041c\u0435\u0434\u0436\u043b\u0456\u0441\",\"url\":\"https:\\\/\\\/qtmm.org\\\/qt\\\/\",\"logo\":{\"@type\":\"ImageObject\",\"inLanguage\":\"qt\",\"@id\":\"https:\\\/\\\/qtmm.org\\\/qt\\\/#\\\/schema\\\/logo\\\/image\\\/\",\"url\":\"https:\\\/\\\/qtmm.org\\\/wp-content\\\/uploads\\\/2024\\\/12\\\/ua-mejlis-logo-rgb.svg\",\"contentUrl\":\"https:\\\/\\\/qtmm.org\\\/wp-content\\\/uploads\\\/2024\\\/12\\\/ua-mejlis-logo-rgb.svg\",\"caption\":\"\u041c\u0435\u0434\u0436\u043b\u0456\u0441\"},\"image\":{\"@id\":\"https:\\\/\\\/qtmm.org\\\/qt\\\/#\\\/schema\\\/logo\\\/image\\\/\"},\"sameAs\":[\"https:\\\/\\\/www.facebook.com\\\/qtmm.info\\\/\"]},{\"@type\":\"Person\",\"@id\":\"https:\\\/\\\/qtmm.org\\\/qt\\\/#\\\/schema\\\/person\\\/de562469f971dec226ac06e60bbf74a7\",\"name\":\"Developer\",\"image\":{\"@type\":\"ImageObject\",\"inLanguage\":\"qt\",\"@id\":\"https:\\\/\\\/secure.gravatar.com\\\/avatar\\\/392b4cc8fbfeb00b39dfeeab4ee6edded39ffd48e25858637e4765810300227e?s=96&d=mm&r=g\",\"url\":\"https:\\\/\\\/secure.gravatar.com\\\/avatar\\\/392b4cc8fbfeb00b39dfeeab4ee6edded39ffd48e25858637e4765810300227e?s=96&d=mm&r=g\",\"contentUrl\":\"https:\\\/\\\/secure.gravatar.com\\\/avatar\\\/392b4cc8fbfeb00b39dfeeab4ee6edded39ffd48e25858637e4765810300227e?s=96&d=mm&r=g\",\"caption\":\"Developer\"},\"url\":\"https:\\\/\\\/qtmm.org\\\/qt\\\/author\\\/Developer\\\/\"}]}<\/script>\n<!-- \/ Yoast SEO plugin. -->","yoast_head_json":{"title":"Meclis Qurultay Merkeziy saylav komissiyas\u0131na q\u0131r\u0131mtatarlarn\u0131\u00f1 milliy yerli organlar\u0131n\u0131 saylavlarn\u0131 te\u015fkil\u00e2tland\u0131ruv ve ke\u00e7ir\u00fcvni avale etti - \u041c\u0435\u0434\u0436\u043b\u0456\u0441","robots":{"index":"index","follow":"follow","max-snippet":"max-snippet:-1","max-image-preview":"max-image-preview:large","max-video-preview":"max-video-preview:-1"},"canonical":"https:\/\/qtmm.org\/qt\/meclis-qurultay-merkeziy-saylav-komissiyasina-qirimtatarlarnin-milliy-yerli-organlarini-saylavlarni-teskilatlandiruv-ve-keciruvni-avale-etti\/","og_locale":"en_US","og_type":"article","og_title":"Meclis Qurultay Merkeziy saylav komissiyas\u0131na q\u0131r\u0131mtatarlarn\u0131\u00f1 milliy yerli organlar\u0131n\u0131 saylavlarn\u0131 te\u015fkil\u00e2tland\u0131ruv ve ke\u00e7ir\u00fcvni avale etti - \u041c\u0435\u0434\u0436\u043b\u0456\u0441","og_description":"&#8220;Q\u0131r\u0131mtatar halq\u0131 Qurultay\u0131na delegatlarn\u0131 saylav aqq\u0131nda nizamname&#8221;ni\u00f1 16.4 maddesine binaen q\u0131r\u0131mtatar halq\u0131 yerli idare organlar\u0131n\u0131 saylavn\u0131 te\u015fkil\u00e2tland\u0131ruv ve ke\u00e7ir\u00fcv Q\u0131r\u0131mtatar halq\u0131 Qurultay\u0131n\u0131\u00f1 merkeziy saylav komissiyas\u0131na avale etilgenini esapqa alaraq Meclis qarar ald\u0131. Bu qarar boyunca Milliy Meclisni\u00f1 2008 senesi avgust 17-deki &#8220;Yerli meclislerni saylavn\u0131 te\u015fkil\u00e2tland\u0131ruv ve ke\u00e7ir\u00fcv boyunca komissiya aqq\u0131nda&#8221; qarar\u0131 \u00f6z k\u00fc\u00e7\u00fcni coyd\u0131, dep [&hellip;]","og_url":"https:\/\/qtmm.org\/qt\/meclis-qurultay-merkeziy-saylav-komissiyasina-qirimtatarlarnin-milliy-yerli-organlarini-saylavlarni-teskilatlandiruv-ve-keciruvni-avale-etti\/","og_site_name":"\u041c\u0435\u0434\u0436\u043b\u0456\u0441","article_publisher":"https:\/\/www.facebook.com\/qtmm.info\/","article_published_time":"2013-11-04T21:51:00+00:00","article_modified_time":"2022-01-25T21:52:04+00:00","og_image":[{"width":416,"height":541,"url":"https:\/\/qtmm.org\/wp-content\/uploads\/2022\/01\/smedlyaev_zair_1.jpeg","type":"image\/jpeg"}],"author":"Developer","twitter_card":"summary_large_image","twitter_misc":{"Written by":"Developer","Est. reading time":"1 minute"},"schema":{"@context":"https:\/\/schema.org","@graph":[{"@type":"Article","@id":"https:\/\/qtmm.org\/qt\/meclis-qurultay-merkeziy-saylav-komissiyasina-qirimtatarlarnin-milliy-yerli-organlarini-saylavlarni-teskilatlandiruv-ve-keciruvni-avale-etti\/#article","isPartOf":{"@id":"https:\/\/qtmm.org\/qt\/meclis-qurultay-merkeziy-saylav-komissiyasina-qirimtatarlarnin-milliy-yerli-organlarini-saylavlarni-teskilatlandiruv-ve-keciruvni-avale-etti\/"},"author":{"name":"Developer","@id":"https:\/\/qtmm.org\/qt\/#\/schema\/person\/de562469f971dec226ac06e60bbf74a7"},"headline":"Meclis Qurultay Merkeziy saylav komissiyas\u0131na q\u0131r\u0131mtatarlarn\u0131\u00f1 milliy yerli organlar\u0131n\u0131 saylavlarn\u0131 te\u015fkil\u00e2tland\u0131ruv ve ke\u00e7ir\u00fcvni avale etti","datePublished":"2013-11-04T21:51:00+00:00","dateModified":"2022-01-25T21:52:04+00:00","mainEntityOfPage":{"@id":"https:\/\/qtmm.org\/qt\/meclis-qurultay-merkeziy-saylav-komissiyasina-qirimtatarlarnin-milliy-yerli-organlarini-saylavlarni-teskilatlandiruv-ve-keciruvni-avale-etti\/"},"wordCount":139,"commentCount":0,"publisher":{"@id":"https:\/\/qtmm.org\/qt\/#organization"},"image":{"@id":"https:\/\/qtmm.org\/qt\/meclis-qurultay-merkeziy-saylav-komissiyasina-qirimtatarlarnin-milliy-yerli-organlarini-saylavlarni-teskilatlandiruv-ve-keciruvni-avale-etti\/#primaryimage"},"thumbnailUrl":"http:\/\/qtmm.org\/wp-content\/uploads\/2022\/01\/smedlyaev_zair_1.jpeg","articleSection":["Haberler"],"inLanguage":"qt","potentialAction":[{"@type":"CommentAction","name":"Comment","target":["https:\/\/qtmm.org\/qt\/meclis-qurultay-merkeziy-saylav-komissiyasina-qirimtatarlarnin-milliy-yerli-organlarini-saylavlarni-teskilatlandiruv-ve-keciruvni-avale-etti\/#respond"]}]},{"@type":"WebPage","@id":"https:\/\/qtmm.org\/qt\/meclis-qurultay-merkeziy-saylav-komissiyasina-qirimtatarlarnin-milliy-yerli-organlarini-saylavlarni-teskilatlandiruv-ve-keciruvni-avale-etti\/","url":"https:\/\/qtmm.org\/qt\/meclis-qurultay-merkeziy-saylav-komissiyasina-qirimtatarlarnin-milliy-yerli-organlarini-saylavlarni-teskilatlandiruv-ve-keciruvni-avale-etti\/","name":"Meclis Qurultay Merkeziy saylav komissiyas\u0131na q\u0131r\u0131mtatarlarn\u0131\u00f1 milliy yerli organlar\u0131n\u0131 saylavlarn\u0131 te\u015fkil\u00e2tland\u0131ruv ve ke\u00e7ir\u00fcvni avale etti - \u041c\u0435\u0434\u0436\u043b\u0456\u0441","isPartOf":{"@id":"https:\/\/qtmm.org\/qt\/#website"},"primaryImageOfPage":{"@id":"https:\/\/qtmm.org\/qt\/meclis-qurultay-merkeziy-saylav-komissiyasina-qirimtatarlarnin-milliy-yerli-organlarini-saylavlarni-teskilatlandiruv-ve-keciruvni-avale-etti\/#primaryimage"},"image":{"@id":"https:\/\/qtmm.org\/qt\/meclis-qurultay-merkeziy-saylav-komissiyasina-qirimtatarlarnin-milliy-yerli-organlarini-saylavlarni-teskilatlandiruv-ve-keciruvni-avale-etti\/#primaryimage"},"thumbnailUrl":"http:\/\/qtmm.org\/wp-content\/uploads\/2022\/01\/smedlyaev_zair_1.jpeg","datePublished":"2013-11-04T21:51:00+00:00","dateModified":"2022-01-25T21:52:04+00:00","breadcrumb":{"@id":"https:\/\/qtmm.org\/qt\/meclis-qurultay-merkeziy-saylav-komissiyasina-qirimtatarlarnin-milliy-yerli-organlarini-saylavlarni-teskilatlandiruv-ve-keciruvni-avale-etti\/#breadcrumb"},"inLanguage":"qt","potentialAction":[{"@type":"ReadAction","target":["https:\/\/qtmm.org\/qt\/meclis-qurultay-merkeziy-saylav-komissiyasina-qirimtatarlarnin-milliy-yerli-organlarini-saylavlarni-teskilatlandiruv-ve-keciruvni-avale-etti\/"]}]},{"@type":"ImageObject","inLanguage":"qt","@id":"https:\/\/qtmm.org\/qt\/meclis-qurultay-merkeziy-saylav-komissiyasina-qirimtatarlarnin-milliy-yerli-organlarini-saylavlarni-teskilatlandiruv-ve-keciruvni-avale-etti\/#primaryimage","url":"http:\/\/qtmm.org\/wp-content\/uploads\/2022\/01\/smedlyaev_zair_1.jpeg","contentUrl":"http:\/\/qtmm.org\/wp-content\/uploads\/2022\/01\/smedlyaev_zair_1.jpeg"},{"@type":"BreadcrumbList","@id":"https:\/\/qtmm.org\/qt\/meclis-qurultay-merkeziy-saylav-komissiyasina-qirimtatarlarnin-milliy-yerli-organlarini-saylavlarni-teskilatlandiruv-ve-keciruvni-avale-etti\/#breadcrumb","itemListElement":[{"@type":"ListItem","position":1,"name":"\u0413\u043e\u043b\u043e\u0432\u043d\u0430","item":"https:\/\/qtmm.org\/qt\/"},{"@type":"ListItem","position":2,"name":"Meclis Qurultay Merkeziy saylav komissiyas\u0131na q\u0131r\u0131mtatarlarn\u0131\u00f1 milliy yerli organlar\u0131n\u0131 saylavlarn\u0131 te\u015fkil\u00e2tland\u0131ruv ve ke\u00e7ir\u00fcvni avale etti"}]},{"@type":"WebSite","@id":"https:\/\/qtmm.org\/qt\/#website","url":"https:\/\/qtmm.org\/qt\/","name":"\u041c\u0435\u0434\u0436\u043b\u0456\u0441","description":"","publisher":{"@id":"https:\/\/qtmm.org\/qt\/#organization"},"potentialAction":[{"@type":"SearchAction","target":{"@type":"EntryPoint","urlTemplate":"https:\/\/qtmm.org\/qt\/?s={search_term_string}"},"query-input":{"@type":"PropertyValueSpecification","valueRequired":true,"valueName":"search_term_string"}}],"inLanguage":"qt"},{"@type":"Organization","@id":"https:\/\/qtmm.org\/qt\/#organization","name":"\u041c\u0435\u0434\u0436\u043b\u0456\u0441","url":"https:\/\/qtmm.org\/qt\/","logo":{"@type":"ImageObject","inLanguage":"qt","@id":"https:\/\/qtmm.org\/qt\/#\/schema\/logo\/image\/","url":"https:\/\/qtmm.org\/wp-content\/uploads\/2024\/12\/ua-mejlis-logo-rgb.svg","contentUrl":"https:\/\/qtmm.org\/wp-content\/uploads\/2024\/12\/ua-mejlis-logo-rgb.svg","caption":"\u041c\u0435\u0434\u0436\u043b\u0456\u0441"},"image":{"@id":"https:\/\/qtmm.org\/qt\/#\/schema\/logo\/image\/"},"sameAs":["https:\/\/www.facebook.com\/qtmm.info\/"]},{"@type":"Person","@id":"https:\/\/qtmm.org\/qt\/#\/schema\/person\/de562469f971dec226ac06e60bbf74a7","name":"Developer","image":{"@type":"ImageObject","inLanguage":"qt","@id":"https:\/\/secure.gravatar.com\/avatar\/392b4cc8fbfeb00b39dfeeab4ee6edded39ffd48e25858637e4765810300227e?s=96&d=mm&r=g","url":"https:\/\/secure.gravatar.com\/avatar\/392b4cc8fbfeb00b39dfeeab4ee6edded39ffd48e25858637e4765810300227e?s=96&d=mm&r=g","contentUrl":"https:\/\/secure.gravatar.com\/avatar\/392b4cc8fbfeb00b39dfeeab4ee6edded39ffd48e25858637e4765810300227e?s=96&d=mm&r=g","caption":"Developer"},"url":"https:\/\/qtmm.org\/qt\/author\/Developer\/"}]}},"_links":{"self":[{"href":"https:\/\/qtmm.org\/qt\/wp-json\/wp\/v2\/posts\/40225","targetHints":{"allow":["GET"]}}],"collection":[{"href":"https:\/\/qtmm.org\/qt\/wp-json\/wp\/v2\/posts"}],"about":[{"href":"https:\/\/qtmm.org\/qt\/wp-json\/wp\/v2\/types\/post"}],"author":[{"embeddable":true,"href":"https:\/\/qtmm.org\/qt\/wp-json\/wp\/v2\/users\/1"}],"replies":[{"embeddable":true,"href":"https:\/\/qtmm.org\/qt\/wp-json\/wp\/v2\/comments?post=40225"}],"version-history":[{"count":1,"href":"https:\/\/qtmm.org\/qt\/wp-json\/wp\/v2\/posts\/40225\/revisions"}],"predecessor-version":[{"id":40230,"href":"https:\/\/qtmm.org\/qt\/wp-json\/wp\/v2\/posts\/40225\/revisions\/40230"}],"wp:attachment":[{"href":"https:\/\/qtmm.org\/qt\/wp-json\/wp\/v2\/media?parent=40225"}],"wp:term":[{"taxonomy":"category","embeddable":true,"href":"https:\/\/qtmm.org\/qt\/wp-json\/wp\/v2\/categories?post=40225"},{"taxonomy":"post_tag","embeddable":true,"href":"https:\/\/qtmm.org\/qt\/wp-json\/wp\/v2\/tags?post=40225"}],"curies":[{"name":"wp","href":"https:\/\/api.w.org\/{rel}","templated":true}]}}