




{"id":40169,"date":"2013-11-04T00:45:00","date_gmt":"2013-11-03T21:45:00","guid":{"rendered":"http:\/\/qtmm.org\/?p=40169"},"modified":"2022-01-26T00:46:15","modified_gmt":"2022-01-25T21:46:15","slug":"refat-cubarovni-qirimtatar-halqi-meclisinin-reisi-olaraq-saylangani-munasebetinen-hayirlamaqtalar","status":"publish","type":"post","link":"https:\/\/qtmm.org\/qt\/refat-cubarovni-qirimtatar-halqi-meclisinin-reisi-olaraq-saylangani-munasebetinen-hayirlamaqtalar\/","title":{"rendered":"Refat \u00c7UBAROVn\u0131 Q\u0131r\u0131mtatar halq\u0131 Meclisini\u00f1 reisi olaraq saylan\u011fan\u0131 munasebetinen hay\u0131rlamaqtalar"},"content":{"rendered":"\n<p>C\u00fcmleden, Meclisni\u00f1 ya\u00f1\u0131 saylan\u011fan reisi Refat \u00c7ubarov\u011fa \u00f6z hay\u0131rlavlar\u0131n\u0131 Ukraina halq deputatlar\u0131, devlet ve cumhuriyet nazirlikleri ve idarelerni\u00f1 yolba\u015f\u00e7\u0131lar\u0131, diniy te\u015fkil\u00e2t, halqara te\u015fkil\u00e2tlarn\u0131\u00f1 vekilleri, Ukrainada akkreditatsiya etilgen diplomatlar yollamaqtalar.<\/p>\n\n\n\n<p>Meclis reisine vazifelerini muvafaqiyetli eda etmesini tilegen Avropa Birligini\u00f1 Ukrainadaki vek\u00e2letligini\u00f1 ba\u015f\u0131 Yan Tombinski bun\u0131\u00f1nen birge Avropa Birligi q\u0131r\u0131mtatarlarn\u0131\u00f1 aqlar\u0131n\u0131 tiklev meselesini\u00f1 \u00e7eziminde i\u015fbirlikke qoltutma\u011fa az\u0131r ol\u011fan\u0131n\u0131 i\u015fand\u0131rd\u0131.<br><br>&#8220;Eminim ki, sizi\u00f1 tecribe\u00f1iz, printsipial sebatl\u0131\u011f\u0131\u00f1\u0131z ve ikmeti\u00f1iz \u00f6z aqlar\u0131 i\u00e7\u00fcn siyasiy k\u00fcre\u015f al\u0131p bar\u011fan q\u0131r\u0131mtatar halq\u0131n\u0131\u00f1 areketlerine, bun\u0131\u00f1 kibi de tarihiy adaletni tiklev, Ukrainada munasip ayatn\u0131\u00f1 inki\u015faf\u0131na siltem olur, &#8211; denile Ukraina Yuqar\u0131 \u015euras\u0131n\u0131\u00f1 &#8220;Batk\u0456v\u015f\u00e7ina&#8221; fraktsiyas\u0131n\u0131\u00f1 ba\u015f\u0131 Arseniy Yatsen\u00fckni\u00f1 hay\u0131rlav\u0131nda. &#8211; &#8220;Batk\u0456v\u015f\u00e7ina&#8221; B\u00fct\u00fcnukrain birle\u015fmesi Q\u0131r\u0131mtatar halq\u0131n\u0131\u00f1 Meclisinen ol\u011fan \u00e7oqy\u0131ll\u0131q ortaql\u0131q ve dostane munasebetlerge y\u00fcksek q\u0131ymet kese&#8221;.<\/p>\n\n\n\n<p>Arseniy YATsEN\u00dcK bun\u0131\u00f1 kibi de \u015fun\u0131 da qayd etti ki, &#8220;Batk\u0456v\u015f\u00e7ina&#8221; B\u00fct\u00fcnukrain birle\u015fmesi kelecekte de bozul\u011fan aqlarn\u0131 tiklev, adalet ve uquqn\u0131\u00f1 zaferi, ukrain devlet\u00e7iligi ve Ukrainadamilletlerara bar\u0131\u015f\u0131ql\u0131qta demokratik esaslarn\u0131\u00f1 tesis et\u00fcvde Mecliske qoltutmaqn\u0131 devam etecek.<\/p>\n\n\n\n<p>Ukraina medeniyet naziri Leonid Novohatko \u00f6z hay\u0131rlav telegrammas\u0131nda Refat \u00c7ubarovn\u0131\u00f1 itibar\u0131, ikmeti ve cemaat faaliyeti saas\u0131ndaki \u00e7oqy\u0131ll\u0131q tecribesi q\u0131r\u0131mtatarlarn\u0131\u00f1 milliy meselelerini\u00f1 \u00e7ezimine tesir etecegine eminlik bildirdi. &#8220;Ukraina Medeniyet nazirligi ve Meclis aras\u0131ndaki mahsuldar emekda\u015fl\u0131q ileride de olaca\u011f\u0131na \u00fcm\u00fct eterek, Sizge has ilham, \u011fayret \u00f6m\u00fcri\u00f1iz ve i\u015fi\u00f1izde daima yolda\u015f\u0131\u00f1\u0131z olmas\u0131n\u0131 tileyim&#8221;, &#8211; dep yaza Leonid NOVOHATKO.<br><br>&#8220;Meclis reisi olaraq saylan\u011fan\u0131\u00f1\u0131znen hay\u0131rlay\u0131m ve bu vazifede i\u015fi\u00f1iz Ukrainan\u0131\u00f1 b\u00fct\u00fcn halq\u0131na hay\u0131r ketirmesini tileyim, &#8211; denile Ukraina musulmanlar\u0131 diniy idaresini\u00f1 ba\u015f\u0131 Ahmeda TAM\u0130Mni\u00f1 mekt\u00fcbinde. \u2013 Allahtan q\u0131r\u0131mtatarlar\u0131na bar\u0131\u015f\u0131q ve eyilik isteymiz&#8221;<br><br>&#8220;Meclis reisi vazifesindeki faaliyeti\u00f1iz Cumhuriyet halqlar\u0131n\u0131\u00f1 m\u00fcndericeli dialog\u0131n\u0131 teminlemege yard\u0131m etip, Q\u0131r\u0131m ve Ukrainada milletlerara bar\u0131\u015f\u0131ql\u0131qn\u0131 pekitir, &#8211; dep yaza \u00f6z hay\u0131rlav\u0131nda Ukraina halq deputat\u0131 B\u00f6ris DEY\u00c7, bun\u0131\u00f1 kibi de Meclis reisi Refat \u00c7ubarov\u011fa qaviy sa\u011fl\u0131q ve Ukraina o\u011frunda mahsuldar \u00e7al\u0131\u015fmalarn\u0131 tilep.<br><br>&#8220;Sizni Meclis reisi etip sayla\u011fan Q\u0131r\u0131mtatar halq\u0131n\u0131\u00f1 Sizge bildirgen b\u00fcy\u00fck i\u015fan\u00e7\u0131 ile samimiy tebrik etem, &#8211; denile Ukraina halq deputat\u0131 Aleksandr FELDMANn\u0131\u00f1 hay\u0131rlav\u0131nda. \u2013 Sizge qaviy sa\u011fl\u0131q, halqn\u0131\u00f1 talaplar\u0131 ve insan aqlar\u0131n\u0131 teminlev i\u015finde sizge k\u00fc\u00e7-taqat tileyim&#8221;.<br><br>Milliy Meclis ve Avropa milliy azl\u0131qlar Federatsion Birlik(FUEN), aras\u0131nda s\u0131q\u0131 dialog ve munasebetlerni\u00f1 inki\u015faf\u0131n\u0131 teminlevde i\u015fbirlikni devam etmege eminlikni FUEN Prezidentini\u00f1 muavini Halit Habip o\u011flu bildire.<\/p>\n\n\n\n<p>Meclis reisligine saylanmas\u0131 munasebetinen Refat \u00c7ubarov\u011fa hay\u0131rlav\u0131n\u0131 &#8220;UDAR Vitaliya Kli\u00e7ko&#8221; partiyas\u0131ndan Ukraina halq deputat\u0131 Aleksandr Mo\u00e7kov da yollap, Meclisni\u00f1 ya\u00f1\u0131 reisi q\u0131r\u0131mtatar halq\u0131n\u0131\u00f1 aqlar\u0131n\u0131 tiklevde, demokratik cemiyetni quruvda, Q\u0131r\u0131mda ya\u015fa\u011fan b\u00fct\u00fcn milletler vekillerini\u00f1 dostane ya\u015famas\u0131 o\u011frunda k\u00fc\u00e7-\u011fayretini sarf etecegine eminligini ifade etti.<\/p>\n\n\n\n<p>Q\u0131r\u0131mtatar halq\u0131 o\u011frunda k\u00fcre\u015fte Refat \u00c7ubarov\u011fa mahsuldar \u00e7al\u0131\u015fmalar ve ilhamn\u0131 Poloniyan\u0131\u00f1 Aqyar \u015feehrindeki Ba\u015f konsul\u0131 Veslav MAZUR, &#8220;Umma&#8221; Ukraina musulmanlar\u0131 diniy idaresini\u00f1 reisi \u0130sl\u00e2m G\u0130MADUT\u0130N&#8221;Umma&#8221; Ukraina musulmanlar\u0131 diniy idaresini\u00f1 m\u00fcftisi Said \u0130SMAG\u0130LOV, bun\u0131\u00f1 kibi de Ba\u011f\u00e7asaray \u015feer valisi Konstantin RUBANENKO tilediler.<br><br>\u015eun\u0131 da qayd etmeli ki, Refat \u00c7ubarovn\u0131 Q\u0131r\u0131mtatar halq\u0131 Meclisini\u00f1 reisligine saylanmas\u0131 ile on\u0131\u00f1 d\u00fcnyan\u0131\u00f1 \u00e7e\u015fit k\u00f6\u015felerinde ya\u015fa\u011fan \u00e7oqtan-\u00e7oq dostlar\u0131, ukrain ve halqara siyaset alan\u0131n\u0131\u00f1 vekilleri telefon vastas\u0131nen ve i\u00e7timaiy a\u011flarda hay\u0131rlad\u0131lar.<\/p>\n","protected":false},"excerpt":{"rendered":"<p>C\u00fcmleden, Meclisni\u00f1 ya\u00f1\u0131 saylan\u011fan reisi Refat \u00c7ubarov\u011fa \u00f6z hay\u0131rlavlar\u0131n\u0131 Ukraina halq deputatlar\u0131, devlet ve cumhuriyet nazirlikleri ve idarelerni\u00f1 yolba\u015f\u00e7\u0131lar\u0131, diniy te\u015fkil\u00e2t, halqara te\u015fkil\u00e2tlarn\u0131\u00f1 vekilleri, Ukrainada akkreditatsiya etilgen diplomatlar yollamaqtalar. Meclis reisine vazifelerini muvafaqiyetli eda etmesini tilegen Avropa Birligini\u00f1 Ukrainadaki vek\u00e2letligini\u00f1 ba\u015f\u0131 Yan Tombinski bun\u0131\u00f1nen birge Avropa Birligi q\u0131r\u0131mtatarlarn\u0131\u00f1 aqlar\u0131n\u0131 tiklev meselesini\u00f1 \u00e7eziminde i\u015fbirlikke qoltutma\u011fa az\u0131r [&hellip;]<\/p>\n","protected":false},"author":1,"featured_media":0,"comment_status":"open","ping_status":"open","sticky":false,"template":"","format":"standard","meta":{"inline_featured_image":false,"footnotes":""},"categories":[265],"tags":[],"class_list":["post-40169","post","type-post","status-publish","format-standard","hentry","category-haberler"],"acf":[],"yoast_head":"<!-- This site is optimized with the Yoast SEO plugin v27.4 - https:\/\/yoast.com\/product\/yoast-seo-wordpress\/ -->\n<title>Refat \u00c7UBAROVn\u0131 Q\u0131r\u0131mtatar halq\u0131 Meclisini\u00f1 reisi olaraq saylan\u011fan\u0131 munasebetinen hay\u0131rlamaqtalar - \u041c\u0435\u0434\u0436\u043b\u0456\u0441<\/title>\n<meta name=\"robots\" content=\"index, follow, max-snippet:-1, max-image-preview:large, max-video-preview:-1\" \/>\n<link rel=\"canonical\" href=\"https:\/\/qtmm.org\/qt\/refat-cubarovni-qirimtatar-halqi-meclisinin-reisi-olaraq-saylangani-munasebetinen-hayirlamaqtalar\/\" \/>\n<meta property=\"og:locale\" content=\"en_US\" \/>\n<meta property=\"og:type\" content=\"article\" \/>\n<meta property=\"og:title\" content=\"Refat \u00c7UBAROVn\u0131 Q\u0131r\u0131mtatar halq\u0131 Meclisini\u00f1 reisi olaraq saylan\u011fan\u0131 munasebetinen hay\u0131rlamaqtalar - \u041c\u0435\u0434\u0436\u043b\u0456\u0441\" \/>\n<meta property=\"og:description\" content=\"C\u00fcmleden, Meclisni\u00f1 ya\u00f1\u0131 saylan\u011fan reisi Refat \u00c7ubarov\u011fa \u00f6z hay\u0131rlavlar\u0131n\u0131 Ukraina halq deputatlar\u0131, devlet ve cumhuriyet nazirlikleri ve idarelerni\u00f1 yolba\u015f\u00e7\u0131lar\u0131, diniy te\u015fkil\u00e2t, halqara te\u015fkil\u00e2tlarn\u0131\u00f1 vekilleri, Ukrainada akkreditatsiya etilgen diplomatlar yollamaqtalar. Meclis reisine vazifelerini muvafaqiyetli eda etmesini tilegen Avropa Birligini\u00f1 Ukrainadaki vek\u00e2letligini\u00f1 ba\u015f\u0131 Yan Tombinski bun\u0131\u00f1nen birge Avropa Birligi q\u0131r\u0131mtatarlarn\u0131\u00f1 aqlar\u0131n\u0131 tiklev meselesini\u00f1 \u00e7eziminde i\u015fbirlikke qoltutma\u011fa az\u0131r [&hellip;]\" \/>\n<meta property=\"og:url\" content=\"https:\/\/qtmm.org\/qt\/refat-cubarovni-qirimtatar-halqi-meclisinin-reisi-olaraq-saylangani-munasebetinen-hayirlamaqtalar\/\" \/>\n<meta property=\"og:site_name\" content=\"\u041c\u0435\u0434\u0436\u043b\u0456\u0441\" \/>\n<meta property=\"article:publisher\" content=\"https:\/\/www.facebook.com\/qtmm.info\/\" \/>\n<meta property=\"article:published_time\" content=\"2013-11-03T21:45:00+00:00\" \/>\n<meta property=\"article:modified_time\" content=\"2022-01-25T21:46:15+00:00\" \/>\n<meta name=\"author\" content=\"Developer\" \/>\n<meta name=\"twitter:card\" content=\"summary_large_image\" \/>\n<meta name=\"twitter:label1\" content=\"Written by\" \/>\n\t<meta name=\"twitter:data1\" content=\"Developer\" \/>\n\t<meta name=\"twitter:label2\" content=\"Est. reading time\" \/>\n\t<meta name=\"twitter:data2\" content=\"3 minutes\" \/>\n<script type=\"application\/ld+json\" class=\"yoast-schema-graph\">{\"@context\":\"https:\\\/\\\/schema.org\",\"@graph\":[{\"@type\":\"Article\",\"@id\":\"https:\\\/\\\/qtmm.org\\\/qt\\\/refat-cubarovni-qirimtatar-halqi-meclisinin-reisi-olaraq-saylangani-munasebetinen-hayirlamaqtalar\\\/#article\",\"isPartOf\":{\"@id\":\"https:\\\/\\\/qtmm.org\\\/qt\\\/refat-cubarovni-qirimtatar-halqi-meclisinin-reisi-olaraq-saylangani-munasebetinen-hayirlamaqtalar\\\/\"},\"author\":{\"name\":\"Developer\",\"@id\":\"https:\\\/\\\/qtmm.org\\\/qt\\\/#\\\/schema\\\/person\\\/de562469f971dec226ac06e60bbf74a7\"},\"headline\":\"Refat \u00c7UBAROVn\u0131 Q\u0131r\u0131mtatar halq\u0131 Meclisini\u00f1 reisi olaraq saylan\u011fan\u0131 munasebetinen hay\u0131rlamaqtalar\",\"datePublished\":\"2013-11-03T21:45:00+00:00\",\"dateModified\":\"2022-01-25T21:46:15+00:00\",\"mainEntityOfPage\":{\"@id\":\"https:\\\/\\\/qtmm.org\\\/qt\\\/refat-cubarovni-qirimtatar-halqi-meclisinin-reisi-olaraq-saylangani-munasebetinen-hayirlamaqtalar\\\/\"},\"wordCount\":655,\"commentCount\":0,\"publisher\":{\"@id\":\"https:\\\/\\\/qtmm.org\\\/qt\\\/#organization\"},\"articleSection\":[\"Haberler\"],\"inLanguage\":\"qt\",\"potentialAction\":[{\"@type\":\"CommentAction\",\"name\":\"Comment\",\"target\":[\"https:\\\/\\\/qtmm.org\\\/qt\\\/refat-cubarovni-qirimtatar-halqi-meclisinin-reisi-olaraq-saylangani-munasebetinen-hayirlamaqtalar\\\/#respond\"]}]},{\"@type\":\"WebPage\",\"@id\":\"https:\\\/\\\/qtmm.org\\\/qt\\\/refat-cubarovni-qirimtatar-halqi-meclisinin-reisi-olaraq-saylangani-munasebetinen-hayirlamaqtalar\\\/\",\"url\":\"https:\\\/\\\/qtmm.org\\\/qt\\\/refat-cubarovni-qirimtatar-halqi-meclisinin-reisi-olaraq-saylangani-munasebetinen-hayirlamaqtalar\\\/\",\"name\":\"Refat \u00c7UBAROVn\u0131 Q\u0131r\u0131mtatar halq\u0131 Meclisini\u00f1 reisi olaraq saylan\u011fan\u0131 munasebetinen hay\u0131rlamaqtalar - \u041c\u0435\u0434\u0436\u043b\u0456\u0441\",\"isPartOf\":{\"@id\":\"https:\\\/\\\/qtmm.org\\\/qt\\\/#website\"},\"datePublished\":\"2013-11-03T21:45:00+00:00\",\"dateModified\":\"2022-01-25T21:46:15+00:00\",\"breadcrumb\":{\"@id\":\"https:\\\/\\\/qtmm.org\\\/qt\\\/refat-cubarovni-qirimtatar-halqi-meclisinin-reisi-olaraq-saylangani-munasebetinen-hayirlamaqtalar\\\/#breadcrumb\"},\"inLanguage\":\"qt\",\"potentialAction\":[{\"@type\":\"ReadAction\",\"target\":[\"https:\\\/\\\/qtmm.org\\\/qt\\\/refat-cubarovni-qirimtatar-halqi-meclisinin-reisi-olaraq-saylangani-munasebetinen-hayirlamaqtalar\\\/\"]}]},{\"@type\":\"BreadcrumbList\",\"@id\":\"https:\\\/\\\/qtmm.org\\\/qt\\\/refat-cubarovni-qirimtatar-halqi-meclisinin-reisi-olaraq-saylangani-munasebetinen-hayirlamaqtalar\\\/#breadcrumb\",\"itemListElement\":[{\"@type\":\"ListItem\",\"position\":1,\"name\":\"\u0413\u043e\u043b\u043e\u0432\u043d\u0430\",\"item\":\"https:\\\/\\\/qtmm.org\\\/qt\\\/\"},{\"@type\":\"ListItem\",\"position\":2,\"name\":\"Refat \u00c7UBAROVn\u0131 Q\u0131r\u0131mtatar halq\u0131 Meclisini\u00f1 reisi olaraq saylan\u011fan\u0131 munasebetinen hay\u0131rlamaqtalar\"}]},{\"@type\":\"WebSite\",\"@id\":\"https:\\\/\\\/qtmm.org\\\/qt\\\/#website\",\"url\":\"https:\\\/\\\/qtmm.org\\\/qt\\\/\",\"name\":\"\u041c\u0435\u0434\u0436\u043b\u0456\u0441\",\"description\":\"\",\"publisher\":{\"@id\":\"https:\\\/\\\/qtmm.org\\\/qt\\\/#organization\"},\"potentialAction\":[{\"@type\":\"SearchAction\",\"target\":{\"@type\":\"EntryPoint\",\"urlTemplate\":\"https:\\\/\\\/qtmm.org\\\/qt\\\/?s={search_term_string}\"},\"query-input\":{\"@type\":\"PropertyValueSpecification\",\"valueRequired\":true,\"valueName\":\"search_term_string\"}}],\"inLanguage\":\"qt\"},{\"@type\":\"Organization\",\"@id\":\"https:\\\/\\\/qtmm.org\\\/qt\\\/#organization\",\"name\":\"\u041c\u0435\u0434\u0436\u043b\u0456\u0441\",\"url\":\"https:\\\/\\\/qtmm.org\\\/qt\\\/\",\"logo\":{\"@type\":\"ImageObject\",\"inLanguage\":\"qt\",\"@id\":\"https:\\\/\\\/qtmm.org\\\/qt\\\/#\\\/schema\\\/logo\\\/image\\\/\",\"url\":\"https:\\\/\\\/qtmm.org\\\/wp-content\\\/uploads\\\/2024\\\/12\\\/ua-mejlis-logo-rgb.svg\",\"contentUrl\":\"https:\\\/\\\/qtmm.org\\\/wp-content\\\/uploads\\\/2024\\\/12\\\/ua-mejlis-logo-rgb.svg\",\"caption\":\"\u041c\u0435\u0434\u0436\u043b\u0456\u0441\"},\"image\":{\"@id\":\"https:\\\/\\\/qtmm.org\\\/qt\\\/#\\\/schema\\\/logo\\\/image\\\/\"},\"sameAs\":[\"https:\\\/\\\/www.facebook.com\\\/qtmm.info\\\/\"]},{\"@type\":\"Person\",\"@id\":\"https:\\\/\\\/qtmm.org\\\/qt\\\/#\\\/schema\\\/person\\\/de562469f971dec226ac06e60bbf74a7\",\"name\":\"Developer\",\"image\":{\"@type\":\"ImageObject\",\"inLanguage\":\"qt\",\"@id\":\"https:\\\/\\\/secure.gravatar.com\\\/avatar\\\/392b4cc8fbfeb00b39dfeeab4ee6edded39ffd48e25858637e4765810300227e?s=96&d=mm&r=g\",\"url\":\"https:\\\/\\\/secure.gravatar.com\\\/avatar\\\/392b4cc8fbfeb00b39dfeeab4ee6edded39ffd48e25858637e4765810300227e?s=96&d=mm&r=g\",\"contentUrl\":\"https:\\\/\\\/secure.gravatar.com\\\/avatar\\\/392b4cc8fbfeb00b39dfeeab4ee6edded39ffd48e25858637e4765810300227e?s=96&d=mm&r=g\",\"caption\":\"Developer\"},\"url\":\"https:\\\/\\\/qtmm.org\\\/qt\\\/author\\\/Developer\\\/\"}]}<\/script>\n<!-- \/ Yoast SEO plugin. -->","yoast_head_json":{"title":"Refat \u00c7UBAROVn\u0131 Q\u0131r\u0131mtatar halq\u0131 Meclisini\u00f1 reisi olaraq saylan\u011fan\u0131 munasebetinen hay\u0131rlamaqtalar - \u041c\u0435\u0434\u0436\u043b\u0456\u0441","robots":{"index":"index","follow":"follow","max-snippet":"max-snippet:-1","max-image-preview":"max-image-preview:large","max-video-preview":"max-video-preview:-1"},"canonical":"https:\/\/qtmm.org\/qt\/refat-cubarovni-qirimtatar-halqi-meclisinin-reisi-olaraq-saylangani-munasebetinen-hayirlamaqtalar\/","og_locale":"en_US","og_type":"article","og_title":"Refat \u00c7UBAROVn\u0131 Q\u0131r\u0131mtatar halq\u0131 Meclisini\u00f1 reisi olaraq saylan\u011fan\u0131 munasebetinen hay\u0131rlamaqtalar - \u041c\u0435\u0434\u0436\u043b\u0456\u0441","og_description":"C\u00fcmleden, Meclisni\u00f1 ya\u00f1\u0131 saylan\u011fan reisi Refat \u00c7ubarov\u011fa \u00f6z hay\u0131rlavlar\u0131n\u0131 Ukraina halq deputatlar\u0131, devlet ve cumhuriyet nazirlikleri ve idarelerni\u00f1 yolba\u015f\u00e7\u0131lar\u0131, diniy te\u015fkil\u00e2t, halqara te\u015fkil\u00e2tlarn\u0131\u00f1 vekilleri, Ukrainada akkreditatsiya etilgen diplomatlar yollamaqtalar. Meclis reisine vazifelerini muvafaqiyetli eda etmesini tilegen Avropa Birligini\u00f1 Ukrainadaki vek\u00e2letligini\u00f1 ba\u015f\u0131 Yan Tombinski bun\u0131\u00f1nen birge Avropa Birligi q\u0131r\u0131mtatarlarn\u0131\u00f1 aqlar\u0131n\u0131 tiklev meselesini\u00f1 \u00e7eziminde i\u015fbirlikke qoltutma\u011fa az\u0131r [&hellip;]","og_url":"https:\/\/qtmm.org\/qt\/refat-cubarovni-qirimtatar-halqi-meclisinin-reisi-olaraq-saylangani-munasebetinen-hayirlamaqtalar\/","og_site_name":"\u041c\u0435\u0434\u0436\u043b\u0456\u0441","article_publisher":"https:\/\/www.facebook.com\/qtmm.info\/","article_published_time":"2013-11-03T21:45:00+00:00","article_modified_time":"2022-01-25T21:46:15+00:00","author":"Developer","twitter_card":"summary_large_image","twitter_misc":{"Written by":"Developer","Est. reading time":"3 minutes"},"schema":{"@context":"https:\/\/schema.org","@graph":[{"@type":"Article","@id":"https:\/\/qtmm.org\/qt\/refat-cubarovni-qirimtatar-halqi-meclisinin-reisi-olaraq-saylangani-munasebetinen-hayirlamaqtalar\/#article","isPartOf":{"@id":"https:\/\/qtmm.org\/qt\/refat-cubarovni-qirimtatar-halqi-meclisinin-reisi-olaraq-saylangani-munasebetinen-hayirlamaqtalar\/"},"author":{"name":"Developer","@id":"https:\/\/qtmm.org\/qt\/#\/schema\/person\/de562469f971dec226ac06e60bbf74a7"},"headline":"Refat \u00c7UBAROVn\u0131 Q\u0131r\u0131mtatar halq\u0131 Meclisini\u00f1 reisi olaraq saylan\u011fan\u0131 munasebetinen hay\u0131rlamaqtalar","datePublished":"2013-11-03T21:45:00+00:00","dateModified":"2022-01-25T21:46:15+00:00","mainEntityOfPage":{"@id":"https:\/\/qtmm.org\/qt\/refat-cubarovni-qirimtatar-halqi-meclisinin-reisi-olaraq-saylangani-munasebetinen-hayirlamaqtalar\/"},"wordCount":655,"commentCount":0,"publisher":{"@id":"https:\/\/qtmm.org\/qt\/#organization"},"articleSection":["Haberler"],"inLanguage":"qt","potentialAction":[{"@type":"CommentAction","name":"Comment","target":["https:\/\/qtmm.org\/qt\/refat-cubarovni-qirimtatar-halqi-meclisinin-reisi-olaraq-saylangani-munasebetinen-hayirlamaqtalar\/#respond"]}]},{"@type":"WebPage","@id":"https:\/\/qtmm.org\/qt\/refat-cubarovni-qirimtatar-halqi-meclisinin-reisi-olaraq-saylangani-munasebetinen-hayirlamaqtalar\/","url":"https:\/\/qtmm.org\/qt\/refat-cubarovni-qirimtatar-halqi-meclisinin-reisi-olaraq-saylangani-munasebetinen-hayirlamaqtalar\/","name":"Refat \u00c7UBAROVn\u0131 Q\u0131r\u0131mtatar halq\u0131 Meclisini\u00f1 reisi olaraq saylan\u011fan\u0131 munasebetinen hay\u0131rlamaqtalar - \u041c\u0435\u0434\u0436\u043b\u0456\u0441","isPartOf":{"@id":"https:\/\/qtmm.org\/qt\/#website"},"datePublished":"2013-11-03T21:45:00+00:00","dateModified":"2022-01-25T21:46:15+00:00","breadcrumb":{"@id":"https:\/\/qtmm.org\/qt\/refat-cubarovni-qirimtatar-halqi-meclisinin-reisi-olaraq-saylangani-munasebetinen-hayirlamaqtalar\/#breadcrumb"},"inLanguage":"qt","potentialAction":[{"@type":"ReadAction","target":["https:\/\/qtmm.org\/qt\/refat-cubarovni-qirimtatar-halqi-meclisinin-reisi-olaraq-saylangani-munasebetinen-hayirlamaqtalar\/"]}]},{"@type":"BreadcrumbList","@id":"https:\/\/qtmm.org\/qt\/refat-cubarovni-qirimtatar-halqi-meclisinin-reisi-olaraq-saylangani-munasebetinen-hayirlamaqtalar\/#breadcrumb","itemListElement":[{"@type":"ListItem","position":1,"name":"\u0413\u043e\u043b\u043e\u0432\u043d\u0430","item":"https:\/\/qtmm.org\/qt\/"},{"@type":"ListItem","position":2,"name":"Refat \u00c7UBAROVn\u0131 Q\u0131r\u0131mtatar halq\u0131 Meclisini\u00f1 reisi olaraq saylan\u011fan\u0131 munasebetinen hay\u0131rlamaqtalar"}]},{"@type":"WebSite","@id":"https:\/\/qtmm.org\/qt\/#website","url":"https:\/\/qtmm.org\/qt\/","name":"\u041c\u0435\u0434\u0436\u043b\u0456\u0441","description":"","publisher":{"@id":"https:\/\/qtmm.org\/qt\/#organization"},"potentialAction":[{"@type":"SearchAction","target":{"@type":"EntryPoint","urlTemplate":"https:\/\/qtmm.org\/qt\/?s={search_term_string}"},"query-input":{"@type":"PropertyValueSpecification","valueRequired":true,"valueName":"search_term_string"}}],"inLanguage":"qt"},{"@type":"Organization","@id":"https:\/\/qtmm.org\/qt\/#organization","name":"\u041c\u0435\u0434\u0436\u043b\u0456\u0441","url":"https:\/\/qtmm.org\/qt\/","logo":{"@type":"ImageObject","inLanguage":"qt","@id":"https:\/\/qtmm.org\/qt\/#\/schema\/logo\/image\/","url":"https:\/\/qtmm.org\/wp-content\/uploads\/2024\/12\/ua-mejlis-logo-rgb.svg","contentUrl":"https:\/\/qtmm.org\/wp-content\/uploads\/2024\/12\/ua-mejlis-logo-rgb.svg","caption":"\u041c\u0435\u0434\u0436\u043b\u0456\u0441"},"image":{"@id":"https:\/\/qtmm.org\/qt\/#\/schema\/logo\/image\/"},"sameAs":["https:\/\/www.facebook.com\/qtmm.info\/"]},{"@type":"Person","@id":"https:\/\/qtmm.org\/qt\/#\/schema\/person\/de562469f971dec226ac06e60bbf74a7","name":"Developer","image":{"@type":"ImageObject","inLanguage":"qt","@id":"https:\/\/secure.gravatar.com\/avatar\/392b4cc8fbfeb00b39dfeeab4ee6edded39ffd48e25858637e4765810300227e?s=96&d=mm&r=g","url":"https:\/\/secure.gravatar.com\/avatar\/392b4cc8fbfeb00b39dfeeab4ee6edded39ffd48e25858637e4765810300227e?s=96&d=mm&r=g","contentUrl":"https:\/\/secure.gravatar.com\/avatar\/392b4cc8fbfeb00b39dfeeab4ee6edded39ffd48e25858637e4765810300227e?s=96&d=mm&r=g","caption":"Developer"},"url":"https:\/\/qtmm.org\/qt\/author\/Developer\/"}]}},"_links":{"self":[{"href":"https:\/\/qtmm.org\/qt\/wp-json\/wp\/v2\/posts\/40169","targetHints":{"allow":["GET"]}}],"collection":[{"href":"https:\/\/qtmm.org\/qt\/wp-json\/wp\/v2\/posts"}],"about":[{"href":"https:\/\/qtmm.org\/qt\/wp-json\/wp\/v2\/types\/post"}],"author":[{"embeddable":true,"href":"https:\/\/qtmm.org\/qt\/wp-json\/wp\/v2\/users\/1"}],"replies":[{"embeddable":true,"href":"https:\/\/qtmm.org\/qt\/wp-json\/wp\/v2\/comments?post=40169"}],"version-history":[{"count":1,"href":"https:\/\/qtmm.org\/qt\/wp-json\/wp\/v2\/posts\/40169\/revisions"}],"predecessor-version":[{"id":40170,"href":"https:\/\/qtmm.org\/qt\/wp-json\/wp\/v2\/posts\/40169\/revisions\/40170"}],"wp:attachment":[{"href":"https:\/\/qtmm.org\/qt\/wp-json\/wp\/v2\/media?parent=40169"}],"wp:term":[{"taxonomy":"category","embeddable":true,"href":"https:\/\/qtmm.org\/qt\/wp-json\/wp\/v2\/categories?post=40169"},{"taxonomy":"post_tag","embeddable":true,"href":"https:\/\/qtmm.org\/qt\/wp-json\/wp\/v2\/tags?post=40169"}],"curies":[{"name":"wp","href":"https:\/\/api.w.org\/{rel}","templated":true}]}}