




{"id":40155,"date":"2013-11-04T00:44:00","date_gmt":"2013-11-03T21:44:00","guid":{"rendered":"http:\/\/qtmm.org\/?p=40155"},"modified":"2022-01-26T00:45:39","modified_gmt":"2022-01-25T21:45:39","slug":"butundunya-tatarlar-kongressi-idel-volgaboyu-tatarlarinin-qirim-birlesmesi-ve-tugan-tel-merkezi-refat-cubarovni-meclis-reisi-vazifesine-saylanganinen-hayirladi","status":"publish","type":"post","link":"https:\/\/qtmm.org\/qt\/butundunya-tatarlar-kongressi-idel-volgaboyu-tatarlarinin-qirim-birlesmesi-ve-tugan-tel-merkezi-refat-cubarovni-meclis-reisi-vazifesine-saylanganinen-hayirladi\/","title":{"rendered":"B\u00fct\u00fcnd\u00fcnya tatarlar kongressi, \u00ab\u0130del\u00bb Volgaboyu tatarlar\u0131n\u0131\u00f1 Q\u0131r\u0131m birle\u015fmesi ve \u00abTugan tel\u00bb merkezi Refat \u00c7ubarovn\u0131 Meclis reisi vazifesine saylan\u011fan\u0131nen hay\u0131rlad\u0131"},"content":{"rendered":"\n<p>4 noyabr k\u00fcn\u00fc B\u00fct\u00fcnd\u00fcnya tatarlar kongressi, &#8220;\u0130del&#8221; Volgaboyu tatarlar\u0131n\u0131\u00f1 Q\u0131r\u0131m birle\u015fmesi ve &#8220;Tugan tel&#8221; merkezini\u00f1 ba\u015f\u0131 \u0130lmiy Temirgaliyev, &#8220;\u0130del&#8221;ni\u00f1 ya\u015flar b\u00f6l\u00fcgini\u00f1 yolba\u015f\u00e7\u0131s\u0131 Ay\u015fe Halilova, birle\u015fme azalar\u0131 Ravil SUNN\u00dcKOV ve Halida KAZAK, bun\u0131\u00f1 kibi de &#8220;Azatl\u0131q&#8221; radios\u0131 tatar-ba\u015fq\u0131rt h\u0131zmetini\u00f1 m\u00fchbiri, &#8220;Y\u0131ld\u0131z&#8221; mecmuas\u0131n\u0131\u00f1 ba\u015f muarriri Dil\u00e2ver OSMANOV Refat \u00c7ubarovn\u0131 Meclis reisi vazifesine saylan\u011fan\u0131nen hay\u0131rlap keldiler.<\/p>\n\n\n\n<figure class=\"wp-block-image size-full\"><img loading=\"lazy\" decoding=\"async\" width=\"650\" height=\"448\" src=\"http:\/\/qtmm.org\/wp-content\/uploads\/2022\/01\/photo_2_1.jpeg\" alt=\"\" class=\"wp-image-40156\" srcset=\"https:\/\/qtmm.org\/wp-content\/uploads\/2022\/01\/photo_2_1.jpeg 650w, https:\/\/qtmm.org\/wp-content\/uploads\/2022\/01\/photo_2_1-300x207.jpeg 300w\" sizes=\"auto, (max-width: 650px) 100vw, 650px\" \/><\/figure>\n\n\n\n<p>&#8220;Biz Sizi\u00f1 q\u0131r\u0131mtatarlar ve \u00e7e\u015fit cemaat te\u015fkil\u00e2tlar\u0131 aras\u0131ndaki munasebetlerni pekit\u00fcvnen ba\u011fl\u0131 pozitsiya\u00f1\u0131z\u011fa qoltutam\u0131z, &#8211; dedi \u0130lmir Temirgilayev Refat \u00c7ubarovn\u0131 Meclis reisi vazifesine saylan\u011fan\u0131nen hay\u0131rlarken. Volgaboyu tatarlar birle\u015fmesini\u00f1 prezidenti emin ki, q\u0131r\u0131mtatarlar ve qazantatarlarn\u0131\u00f1 dostlu\u011f\u0131, bun\u0131\u00f1 kibi de fikirler birligi b\u00fct\u00fcn q\u0131r\u0131ml\u0131larn\u0131\u00f1 turmu\u015f\u0131n\u0131 eyile\u015ftirir.<\/p>\n\n\n\n<p>&#8220;\u0130del&#8221; birle\u015fmesini\u00f1 azas\u0131 Halida KAZAK B\u00fct\u00fcnd\u00fcnya tatarlar kongressi icra komitetini\u00f1 reisi Rinat ZAK\u0130ROVn\u0131\u00f1 Refat \u00c7ubarov ad\u0131na yolla\u011fan hay\u0131rlav\u0131n\u0131 seslendirdi. &#8220;Refat \u00c7ubarov q\u0131r\u0131mtatar tili, medeniyetini\u00f1 faal qoruy\u0131c\u0131s\u0131 olaraq bellidir. Q\u0131r\u0131mtatar milliy matbuat vastalar\u0131n\u0131\u00f1 tiklenmesine on\u0131\u00f1 ne qadar k\u00fc\u00e7-\u011fayret sarf etken&#8221;, &#8211; denile Rinat Zakirovn\u0131\u00f1 mekt\u00fcbinde.<\/p>\n\n\n\n<figure class=\"wp-block-image size-full\"><img loading=\"lazy\" decoding=\"async\" width=\"650\" height=\"455\" src=\"http:\/\/qtmm.org\/wp-content\/uploads\/2022\/01\/photo_5_4.jpeg\" alt=\"\" class=\"wp-image-40160\" srcset=\"https:\/\/qtmm.org\/wp-content\/uploads\/2022\/01\/photo_5_4.jpeg 650w, https:\/\/qtmm.org\/wp-content\/uploads\/2022\/01\/photo_5_4-300x210.jpeg 300w\" sizes=\"auto, (max-width: 650px) 100vw, 650px\" \/><\/figure>\n\n\n\n<p>B\u00fct\u00fcnd\u00fcnya tatarlar kongressi icra komitetini\u00f1 reisi Rinat ZAK\u0130ROV ya\u00f1\u0131 vazifede Refat \u00c7ubarov b\u00f6yle printsipial ve aktiv ol\u0131p qalaca\u011f\u0131nda emin ol\u011fan\u0131n\u0131 yaza. &#8220;Biz inanam\u0131z ki, bizim qarda\u015f halqlar\u0131m\u0131z s\u0131q\u0131 ves amimiy dostane al\u00e2qalar\u0131n\u0131 devam eterler&#8221;.<\/p>\n\n\n\n<p>\u00d6z nevbetinde Meclis reisi Refat \u00c7ubarov hay\u0131rlavlar ves amimiy tilekler i\u00e7\u00fcn te\u015fekk\u00fcr bildirip, \u0130smail Gasprinskiy, Amdi Geraybay, Bekir \u00c7oban-zade ve bun\u0131\u00f1 kibi de evelki \u00e7a\u011f\u0131r\u0131l\u0131\u015f Qurultay ve Meclis erk\u00e2nlar\u0131 taraf\u0131ndan qoyul\u011fan temelge esaslan\u011fan q\u0131r\u0131mtatar ve qazantatarlar aras\u0131ndaki ananeviy ba\u011f ep qaviyle\u015fecegine eminligini bildirdi<\/p>\n","protected":false},"excerpt":{"rendered":"<p>4 noyabr k\u00fcn\u00fc B\u00fct\u00fcnd\u00fcnya tatarlar kongressi, &#8220;\u0130del&#8221; Volgaboyu tatarlar\u0131n\u0131\u00f1 Q\u0131r\u0131m birle\u015fmesi ve &#8220;Tugan tel&#8221; merkezini\u00f1 ba\u015f\u0131 \u0130lmiy Temirgaliyev, &#8220;\u0130del&#8221;ni\u00f1 ya\u015flar b\u00f6l\u00fcgini\u00f1 yolba\u015f\u00e7\u0131s\u0131 Ay\u015fe Halilova, birle\u015fme azalar\u0131 Ravil SUNN\u00dcKOV ve Halida KAZAK, bun\u0131\u00f1 kibi de &#8220;Azatl\u0131q&#8221; radios\u0131 tatar-ba\u015fq\u0131rt h\u0131zmetini\u00f1 m\u00fchbiri, &#8220;Y\u0131ld\u0131z&#8221; mecmuas\u0131n\u0131\u00f1 ba\u015f muarriri Dil\u00e2ver OSMANOV Refat \u00c7ubarovn\u0131 Meclis reisi vazifesine saylan\u011fan\u0131nen hay\u0131rlap keldiler. &#8220;Biz Sizi\u00f1 [&hellip;]<\/p>\n","protected":false},"author":1,"featured_media":40164,"comment_status":"open","ping_status":"open","sticky":false,"template":"","format":"standard","meta":{"inline_featured_image":false,"footnotes":""},"categories":[265],"tags":[],"class_list":["post-40155","post","type-post","status-publish","format-standard","has-post-thumbnail","hentry","category-haberler"],"acf":[],"yoast_head":"<!-- This site is optimized with the Yoast SEO plugin v27.4 - https:\/\/yoast.com\/product\/yoast-seo-wordpress\/ -->\n<title>B\u00fct\u00fcnd\u00fcnya tatarlar kongressi, \u00ab\u0130del\u00bb Volgaboyu tatarlar\u0131n\u0131\u00f1 Q\u0131r\u0131m birle\u015fmesi ve \u00abTugan tel\u00bb merkezi Refat \u00c7ubarovn\u0131 Meclis reisi vazifesine saylan\u011fan\u0131nen hay\u0131rlad\u0131 - \u041c\u0435\u0434\u0436\u043b\u0456\u0441<\/title>\n<meta name=\"robots\" content=\"index, follow, max-snippet:-1, max-image-preview:large, max-video-preview:-1\" \/>\n<link rel=\"canonical\" href=\"https:\/\/qtmm.org\/qt\/butundunya-tatarlar-kongressi-idel-volgaboyu-tatarlarinin-qirim-birlesmesi-ve-tugan-tel-merkezi-refat-cubarovni-meclis-reisi-vazifesine-saylanganinen-hayirladi\/\" \/>\n<meta property=\"og:locale\" content=\"en_US\" \/>\n<meta property=\"og:type\" content=\"article\" \/>\n<meta property=\"og:title\" content=\"B\u00fct\u00fcnd\u00fcnya tatarlar kongressi, \u00ab\u0130del\u00bb Volgaboyu tatarlar\u0131n\u0131\u00f1 Q\u0131r\u0131m birle\u015fmesi ve \u00abTugan tel\u00bb merkezi Refat \u00c7ubarovn\u0131 Meclis reisi vazifesine saylan\u011fan\u0131nen hay\u0131rlad\u0131 - \u041c\u0435\u0434\u0436\u043b\u0456\u0441\" \/>\n<meta property=\"og:description\" content=\"4 noyabr k\u00fcn\u00fc B\u00fct\u00fcnd\u00fcnya tatarlar kongressi, &#8220;\u0130del&#8221; Volgaboyu tatarlar\u0131n\u0131\u00f1 Q\u0131r\u0131m birle\u015fmesi ve &#8220;Tugan tel&#8221; merkezini\u00f1 ba\u015f\u0131 \u0130lmiy Temirgaliyev, &#8220;\u0130del&#8221;ni\u00f1 ya\u015flar b\u00f6l\u00fcgini\u00f1 yolba\u015f\u00e7\u0131s\u0131 Ay\u015fe Halilova, birle\u015fme azalar\u0131 Ravil SUNN\u00dcKOV ve Halida KAZAK, bun\u0131\u00f1 kibi de &#8220;Azatl\u0131q&#8221; radios\u0131 tatar-ba\u015fq\u0131rt h\u0131zmetini\u00f1 m\u00fchbiri, &#8220;Y\u0131ld\u0131z&#8221; mecmuas\u0131n\u0131\u00f1 ba\u015f muarriri Dil\u00e2ver OSMANOV Refat \u00c7ubarovn\u0131 Meclis reisi vazifesine saylan\u011fan\u0131nen hay\u0131rlap keldiler. &#8220;Biz Sizi\u00f1 [&hellip;]\" \/>\n<meta property=\"og:url\" content=\"https:\/\/qtmm.org\/qt\/butundunya-tatarlar-kongressi-idel-volgaboyu-tatarlarinin-qirim-birlesmesi-ve-tugan-tel-merkezi-refat-cubarovni-meclis-reisi-vazifesine-saylanganinen-hayirladi\/\" \/>\n<meta property=\"og:site_name\" content=\"\u041c\u0435\u0434\u0436\u043b\u0456\u0441\" \/>\n<meta property=\"article:publisher\" content=\"https:\/\/www.facebook.com\/qtmm.info\/\" \/>\n<meta property=\"article:published_time\" content=\"2013-11-03T21:44:00+00:00\" \/>\n<meta property=\"article:modified_time\" content=\"2022-01-25T21:45:39+00:00\" \/>\n<meta property=\"og:image\" content=\"https:\/\/qtmm.org\/wp-content\/uploads\/2022\/01\/photo_3_2.jpeg\" \/>\n\t<meta property=\"og:image:width\" content=\"650\" \/>\n\t<meta property=\"og:image:height\" content=\"393\" \/>\n\t<meta property=\"og:image:type\" content=\"image\/jpeg\" \/>\n<meta name=\"author\" content=\"Developer\" \/>\n<meta name=\"twitter:card\" content=\"summary_large_image\" \/>\n<meta name=\"twitter:label1\" content=\"Written by\" \/>\n\t<meta name=\"twitter:data1\" content=\"Developer\" \/>\n\t<meta name=\"twitter:label2\" content=\"Est. reading time\" \/>\n\t<meta name=\"twitter:data2\" content=\"2 minutes\" \/>\n<script type=\"application\/ld+json\" class=\"yoast-schema-graph\">{\"@context\":\"https:\\\/\\\/schema.org\",\"@graph\":[{\"@type\":\"Article\",\"@id\":\"https:\\\/\\\/qtmm.org\\\/qt\\\/butundunya-tatarlar-kongressi-idel-volgaboyu-tatarlarinin-qirim-birlesmesi-ve-tugan-tel-merkezi-refat-cubarovni-meclis-reisi-vazifesine-saylanganinen-hayirladi\\\/#article\",\"isPartOf\":{\"@id\":\"https:\\\/\\\/qtmm.org\\\/qt\\\/butundunya-tatarlar-kongressi-idel-volgaboyu-tatarlarinin-qirim-birlesmesi-ve-tugan-tel-merkezi-refat-cubarovni-meclis-reisi-vazifesine-saylanganinen-hayirladi\\\/\"},\"author\":{\"name\":\"Developer\",\"@id\":\"https:\\\/\\\/qtmm.org\\\/qt\\\/#\\\/schema\\\/person\\\/de562469f971dec226ac06e60bbf74a7\"},\"headline\":\"B\u00fct\u00fcnd\u00fcnya tatarlar kongressi, \u00ab\u0130del\u00bb Volgaboyu tatarlar\u0131n\u0131\u00f1 Q\u0131r\u0131m birle\u015fmesi ve \u00abTugan tel\u00bb merkezi Refat \u00c7ubarovn\u0131 Meclis reisi vazifesine saylan\u011fan\u0131nen hay\u0131rlad\u0131\",\"datePublished\":\"2013-11-03T21:44:00+00:00\",\"dateModified\":\"2022-01-25T21:45:39+00:00\",\"mainEntityOfPage\":{\"@id\":\"https:\\\/\\\/qtmm.org\\\/qt\\\/butundunya-tatarlar-kongressi-idel-volgaboyu-tatarlarinin-qirim-birlesmesi-ve-tugan-tel-merkezi-refat-cubarovni-meclis-reisi-vazifesine-saylanganinen-hayirladi\\\/\"},\"wordCount\":345,\"commentCount\":0,\"publisher\":{\"@id\":\"https:\\\/\\\/qtmm.org\\\/qt\\\/#organization\"},\"image\":{\"@id\":\"https:\\\/\\\/qtmm.org\\\/qt\\\/butundunya-tatarlar-kongressi-idel-volgaboyu-tatarlarinin-qirim-birlesmesi-ve-tugan-tel-merkezi-refat-cubarovni-meclis-reisi-vazifesine-saylanganinen-hayirladi\\\/#primaryimage\"},\"thumbnailUrl\":\"https:\\\/\\\/qtmm.org\\\/wp-content\\\/uploads\\\/2022\\\/01\\\/photo_3_2.jpeg\",\"articleSection\":[\"Haberler\"],\"inLanguage\":\"qt\",\"potentialAction\":[{\"@type\":\"CommentAction\",\"name\":\"Comment\",\"target\":[\"https:\\\/\\\/qtmm.org\\\/qt\\\/butundunya-tatarlar-kongressi-idel-volgaboyu-tatarlarinin-qirim-birlesmesi-ve-tugan-tel-merkezi-refat-cubarovni-meclis-reisi-vazifesine-saylanganinen-hayirladi\\\/#respond\"]}]},{\"@type\":\"WebPage\",\"@id\":\"https:\\\/\\\/qtmm.org\\\/qt\\\/butundunya-tatarlar-kongressi-idel-volgaboyu-tatarlarinin-qirim-birlesmesi-ve-tugan-tel-merkezi-refat-cubarovni-meclis-reisi-vazifesine-saylanganinen-hayirladi\\\/\",\"url\":\"https:\\\/\\\/qtmm.org\\\/qt\\\/butundunya-tatarlar-kongressi-idel-volgaboyu-tatarlarinin-qirim-birlesmesi-ve-tugan-tel-merkezi-refat-cubarovni-meclis-reisi-vazifesine-saylanganinen-hayirladi\\\/\",\"name\":\"B\u00fct\u00fcnd\u00fcnya tatarlar kongressi, \u00ab\u0130del\u00bb Volgaboyu tatarlar\u0131n\u0131\u00f1 Q\u0131r\u0131m birle\u015fmesi ve \u00abTugan tel\u00bb merkezi Refat \u00c7ubarovn\u0131 Meclis reisi vazifesine saylan\u011fan\u0131nen hay\u0131rlad\u0131 - \u041c\u0435\u0434\u0436\u043b\u0456\u0441\",\"isPartOf\":{\"@id\":\"https:\\\/\\\/qtmm.org\\\/qt\\\/#website\"},\"primaryImageOfPage\":{\"@id\":\"https:\\\/\\\/qtmm.org\\\/qt\\\/butundunya-tatarlar-kongressi-idel-volgaboyu-tatarlarinin-qirim-birlesmesi-ve-tugan-tel-merkezi-refat-cubarovni-meclis-reisi-vazifesine-saylanganinen-hayirladi\\\/#primaryimage\"},\"image\":{\"@id\":\"https:\\\/\\\/qtmm.org\\\/qt\\\/butundunya-tatarlar-kongressi-idel-volgaboyu-tatarlarinin-qirim-birlesmesi-ve-tugan-tel-merkezi-refat-cubarovni-meclis-reisi-vazifesine-saylanganinen-hayirladi\\\/#primaryimage\"},\"thumbnailUrl\":\"https:\\\/\\\/qtmm.org\\\/wp-content\\\/uploads\\\/2022\\\/01\\\/photo_3_2.jpeg\",\"datePublished\":\"2013-11-03T21:44:00+00:00\",\"dateModified\":\"2022-01-25T21:45:39+00:00\",\"breadcrumb\":{\"@id\":\"https:\\\/\\\/qtmm.org\\\/qt\\\/butundunya-tatarlar-kongressi-idel-volgaboyu-tatarlarinin-qirim-birlesmesi-ve-tugan-tel-merkezi-refat-cubarovni-meclis-reisi-vazifesine-saylanganinen-hayirladi\\\/#breadcrumb\"},\"inLanguage\":\"qt\",\"potentialAction\":[{\"@type\":\"ReadAction\",\"target\":[\"https:\\\/\\\/qtmm.org\\\/qt\\\/butundunya-tatarlar-kongressi-idel-volgaboyu-tatarlarinin-qirim-birlesmesi-ve-tugan-tel-merkezi-refat-cubarovni-meclis-reisi-vazifesine-saylanganinen-hayirladi\\\/\"]}]},{\"@type\":\"ImageObject\",\"inLanguage\":\"qt\",\"@id\":\"https:\\\/\\\/qtmm.org\\\/qt\\\/butundunya-tatarlar-kongressi-idel-volgaboyu-tatarlarinin-qirim-birlesmesi-ve-tugan-tel-merkezi-refat-cubarovni-meclis-reisi-vazifesine-saylanganinen-hayirladi\\\/#primaryimage\",\"url\":\"https:\\\/\\\/qtmm.org\\\/wp-content\\\/uploads\\\/2022\\\/01\\\/photo_3_2.jpeg\",\"contentUrl\":\"https:\\\/\\\/qtmm.org\\\/wp-content\\\/uploads\\\/2022\\\/01\\\/photo_3_2.jpeg\",\"width\":650,\"height\":393},{\"@type\":\"BreadcrumbList\",\"@id\":\"https:\\\/\\\/qtmm.org\\\/qt\\\/butundunya-tatarlar-kongressi-idel-volgaboyu-tatarlarinin-qirim-birlesmesi-ve-tugan-tel-merkezi-refat-cubarovni-meclis-reisi-vazifesine-saylanganinen-hayirladi\\\/#breadcrumb\",\"itemListElement\":[{\"@type\":\"ListItem\",\"position\":1,\"name\":\"\u0413\u043e\u043b\u043e\u0432\u043d\u0430\",\"item\":\"https:\\\/\\\/qtmm.org\\\/qt\\\/\"},{\"@type\":\"ListItem\",\"position\":2,\"name\":\"B\u00fct\u00fcnd\u00fcnya tatarlar kongressi, \u00ab\u0130del\u00bb Volgaboyu tatarlar\u0131n\u0131\u00f1 Q\u0131r\u0131m birle\u015fmesi ve \u00abTugan tel\u00bb merkezi Refat \u00c7ubarovn\u0131 Meclis reisi vazifesine saylan\u011fan\u0131nen hay\u0131rlad\u0131\"}]},{\"@type\":\"WebSite\",\"@id\":\"https:\\\/\\\/qtmm.org\\\/qt\\\/#website\",\"url\":\"https:\\\/\\\/qtmm.org\\\/qt\\\/\",\"name\":\"\u041c\u0435\u0434\u0436\u043b\u0456\u0441\",\"description\":\"\",\"publisher\":{\"@id\":\"https:\\\/\\\/qtmm.org\\\/qt\\\/#organization\"},\"potentialAction\":[{\"@type\":\"SearchAction\",\"target\":{\"@type\":\"EntryPoint\",\"urlTemplate\":\"https:\\\/\\\/qtmm.org\\\/qt\\\/?s={search_term_string}\"},\"query-input\":{\"@type\":\"PropertyValueSpecification\",\"valueRequired\":true,\"valueName\":\"search_term_string\"}}],\"inLanguage\":\"qt\"},{\"@type\":\"Organization\",\"@id\":\"https:\\\/\\\/qtmm.org\\\/qt\\\/#organization\",\"name\":\"\u041c\u0435\u0434\u0436\u043b\u0456\u0441\",\"url\":\"https:\\\/\\\/qtmm.org\\\/qt\\\/\",\"logo\":{\"@type\":\"ImageObject\",\"inLanguage\":\"qt\",\"@id\":\"https:\\\/\\\/qtmm.org\\\/qt\\\/#\\\/schema\\\/logo\\\/image\\\/\",\"url\":\"https:\\\/\\\/qtmm.org\\\/wp-content\\\/uploads\\\/2024\\\/12\\\/ua-mejlis-logo-rgb.svg\",\"contentUrl\":\"https:\\\/\\\/qtmm.org\\\/wp-content\\\/uploads\\\/2024\\\/12\\\/ua-mejlis-logo-rgb.svg\",\"caption\":\"\u041c\u0435\u0434\u0436\u043b\u0456\u0441\"},\"image\":{\"@id\":\"https:\\\/\\\/qtmm.org\\\/qt\\\/#\\\/schema\\\/logo\\\/image\\\/\"},\"sameAs\":[\"https:\\\/\\\/www.facebook.com\\\/qtmm.info\\\/\"]},{\"@type\":\"Person\",\"@id\":\"https:\\\/\\\/qtmm.org\\\/qt\\\/#\\\/schema\\\/person\\\/de562469f971dec226ac06e60bbf74a7\",\"name\":\"Developer\",\"image\":{\"@type\":\"ImageObject\",\"inLanguage\":\"qt\",\"@id\":\"https:\\\/\\\/secure.gravatar.com\\\/avatar\\\/392b4cc8fbfeb00b39dfeeab4ee6edded39ffd48e25858637e4765810300227e?s=96&d=mm&r=g\",\"url\":\"https:\\\/\\\/secure.gravatar.com\\\/avatar\\\/392b4cc8fbfeb00b39dfeeab4ee6edded39ffd48e25858637e4765810300227e?s=96&d=mm&r=g\",\"contentUrl\":\"https:\\\/\\\/secure.gravatar.com\\\/avatar\\\/392b4cc8fbfeb00b39dfeeab4ee6edded39ffd48e25858637e4765810300227e?s=96&d=mm&r=g\",\"caption\":\"Developer\"},\"url\":\"https:\\\/\\\/qtmm.org\\\/qt\\\/author\\\/Developer\\\/\"}]}<\/script>\n<!-- \/ Yoast SEO plugin. -->","yoast_head_json":{"title":"B\u00fct\u00fcnd\u00fcnya tatarlar kongressi, \u00ab\u0130del\u00bb Volgaboyu tatarlar\u0131n\u0131\u00f1 Q\u0131r\u0131m birle\u015fmesi ve \u00abTugan tel\u00bb merkezi Refat \u00c7ubarovn\u0131 Meclis reisi vazifesine saylan\u011fan\u0131nen hay\u0131rlad\u0131 - \u041c\u0435\u0434\u0436\u043b\u0456\u0441","robots":{"index":"index","follow":"follow","max-snippet":"max-snippet:-1","max-image-preview":"max-image-preview:large","max-video-preview":"max-video-preview:-1"},"canonical":"https:\/\/qtmm.org\/qt\/butundunya-tatarlar-kongressi-idel-volgaboyu-tatarlarinin-qirim-birlesmesi-ve-tugan-tel-merkezi-refat-cubarovni-meclis-reisi-vazifesine-saylanganinen-hayirladi\/","og_locale":"en_US","og_type":"article","og_title":"B\u00fct\u00fcnd\u00fcnya tatarlar kongressi, \u00ab\u0130del\u00bb Volgaboyu tatarlar\u0131n\u0131\u00f1 Q\u0131r\u0131m birle\u015fmesi ve \u00abTugan tel\u00bb merkezi Refat \u00c7ubarovn\u0131 Meclis reisi vazifesine saylan\u011fan\u0131nen hay\u0131rlad\u0131 - \u041c\u0435\u0434\u0436\u043b\u0456\u0441","og_description":"4 noyabr k\u00fcn\u00fc B\u00fct\u00fcnd\u00fcnya tatarlar kongressi, &#8220;\u0130del&#8221; Volgaboyu tatarlar\u0131n\u0131\u00f1 Q\u0131r\u0131m birle\u015fmesi ve &#8220;Tugan tel&#8221; merkezini\u00f1 ba\u015f\u0131 \u0130lmiy Temirgaliyev, &#8220;\u0130del&#8221;ni\u00f1 ya\u015flar b\u00f6l\u00fcgini\u00f1 yolba\u015f\u00e7\u0131s\u0131 Ay\u015fe Halilova, birle\u015fme azalar\u0131 Ravil SUNN\u00dcKOV ve Halida KAZAK, bun\u0131\u00f1 kibi de &#8220;Azatl\u0131q&#8221; radios\u0131 tatar-ba\u015fq\u0131rt h\u0131zmetini\u00f1 m\u00fchbiri, &#8220;Y\u0131ld\u0131z&#8221; mecmuas\u0131n\u0131\u00f1 ba\u015f muarriri Dil\u00e2ver OSMANOV Refat \u00c7ubarovn\u0131 Meclis reisi vazifesine saylan\u011fan\u0131nen hay\u0131rlap keldiler. &#8220;Biz Sizi\u00f1 [&hellip;]","og_url":"https:\/\/qtmm.org\/qt\/butundunya-tatarlar-kongressi-idel-volgaboyu-tatarlarinin-qirim-birlesmesi-ve-tugan-tel-merkezi-refat-cubarovni-meclis-reisi-vazifesine-saylanganinen-hayirladi\/","og_site_name":"\u041c\u0435\u0434\u0436\u043b\u0456\u0441","article_publisher":"https:\/\/www.facebook.com\/qtmm.info\/","article_published_time":"2013-11-03T21:44:00+00:00","article_modified_time":"2022-01-25T21:45:39+00:00","og_image":[{"width":650,"height":393,"url":"https:\/\/qtmm.org\/wp-content\/uploads\/2022\/01\/photo_3_2.jpeg","type":"image\/jpeg"}],"author":"Developer","twitter_card":"summary_large_image","twitter_misc":{"Written by":"Developer","Est. reading time":"2 minutes"},"schema":{"@context":"https:\/\/schema.org","@graph":[{"@type":"Article","@id":"https:\/\/qtmm.org\/qt\/butundunya-tatarlar-kongressi-idel-volgaboyu-tatarlarinin-qirim-birlesmesi-ve-tugan-tel-merkezi-refat-cubarovni-meclis-reisi-vazifesine-saylanganinen-hayirladi\/#article","isPartOf":{"@id":"https:\/\/qtmm.org\/qt\/butundunya-tatarlar-kongressi-idel-volgaboyu-tatarlarinin-qirim-birlesmesi-ve-tugan-tel-merkezi-refat-cubarovni-meclis-reisi-vazifesine-saylanganinen-hayirladi\/"},"author":{"name":"Developer","@id":"https:\/\/qtmm.org\/qt\/#\/schema\/person\/de562469f971dec226ac06e60bbf74a7"},"headline":"B\u00fct\u00fcnd\u00fcnya tatarlar kongressi, \u00ab\u0130del\u00bb Volgaboyu tatarlar\u0131n\u0131\u00f1 Q\u0131r\u0131m birle\u015fmesi ve \u00abTugan tel\u00bb merkezi Refat \u00c7ubarovn\u0131 Meclis reisi vazifesine saylan\u011fan\u0131nen hay\u0131rlad\u0131","datePublished":"2013-11-03T21:44:00+00:00","dateModified":"2022-01-25T21:45:39+00:00","mainEntityOfPage":{"@id":"https:\/\/qtmm.org\/qt\/butundunya-tatarlar-kongressi-idel-volgaboyu-tatarlarinin-qirim-birlesmesi-ve-tugan-tel-merkezi-refat-cubarovni-meclis-reisi-vazifesine-saylanganinen-hayirladi\/"},"wordCount":345,"commentCount":0,"publisher":{"@id":"https:\/\/qtmm.org\/qt\/#organization"},"image":{"@id":"https:\/\/qtmm.org\/qt\/butundunya-tatarlar-kongressi-idel-volgaboyu-tatarlarinin-qirim-birlesmesi-ve-tugan-tel-merkezi-refat-cubarovni-meclis-reisi-vazifesine-saylanganinen-hayirladi\/#primaryimage"},"thumbnailUrl":"https:\/\/qtmm.org\/wp-content\/uploads\/2022\/01\/photo_3_2.jpeg","articleSection":["Haberler"],"inLanguage":"qt","potentialAction":[{"@type":"CommentAction","name":"Comment","target":["https:\/\/qtmm.org\/qt\/butundunya-tatarlar-kongressi-idel-volgaboyu-tatarlarinin-qirim-birlesmesi-ve-tugan-tel-merkezi-refat-cubarovni-meclis-reisi-vazifesine-saylanganinen-hayirladi\/#respond"]}]},{"@type":"WebPage","@id":"https:\/\/qtmm.org\/qt\/butundunya-tatarlar-kongressi-idel-volgaboyu-tatarlarinin-qirim-birlesmesi-ve-tugan-tel-merkezi-refat-cubarovni-meclis-reisi-vazifesine-saylanganinen-hayirladi\/","url":"https:\/\/qtmm.org\/qt\/butundunya-tatarlar-kongressi-idel-volgaboyu-tatarlarinin-qirim-birlesmesi-ve-tugan-tel-merkezi-refat-cubarovni-meclis-reisi-vazifesine-saylanganinen-hayirladi\/","name":"B\u00fct\u00fcnd\u00fcnya tatarlar kongressi, \u00ab\u0130del\u00bb Volgaboyu tatarlar\u0131n\u0131\u00f1 Q\u0131r\u0131m birle\u015fmesi ve \u00abTugan tel\u00bb merkezi Refat \u00c7ubarovn\u0131 Meclis reisi vazifesine saylan\u011fan\u0131nen hay\u0131rlad\u0131 - \u041c\u0435\u0434\u0436\u043b\u0456\u0441","isPartOf":{"@id":"https:\/\/qtmm.org\/qt\/#website"},"primaryImageOfPage":{"@id":"https:\/\/qtmm.org\/qt\/butundunya-tatarlar-kongressi-idel-volgaboyu-tatarlarinin-qirim-birlesmesi-ve-tugan-tel-merkezi-refat-cubarovni-meclis-reisi-vazifesine-saylanganinen-hayirladi\/#primaryimage"},"image":{"@id":"https:\/\/qtmm.org\/qt\/butundunya-tatarlar-kongressi-idel-volgaboyu-tatarlarinin-qirim-birlesmesi-ve-tugan-tel-merkezi-refat-cubarovni-meclis-reisi-vazifesine-saylanganinen-hayirladi\/#primaryimage"},"thumbnailUrl":"https:\/\/qtmm.org\/wp-content\/uploads\/2022\/01\/photo_3_2.jpeg","datePublished":"2013-11-03T21:44:00+00:00","dateModified":"2022-01-25T21:45:39+00:00","breadcrumb":{"@id":"https:\/\/qtmm.org\/qt\/butundunya-tatarlar-kongressi-idel-volgaboyu-tatarlarinin-qirim-birlesmesi-ve-tugan-tel-merkezi-refat-cubarovni-meclis-reisi-vazifesine-saylanganinen-hayirladi\/#breadcrumb"},"inLanguage":"qt","potentialAction":[{"@type":"ReadAction","target":["https:\/\/qtmm.org\/qt\/butundunya-tatarlar-kongressi-idel-volgaboyu-tatarlarinin-qirim-birlesmesi-ve-tugan-tel-merkezi-refat-cubarovni-meclis-reisi-vazifesine-saylanganinen-hayirladi\/"]}]},{"@type":"ImageObject","inLanguage":"qt","@id":"https:\/\/qtmm.org\/qt\/butundunya-tatarlar-kongressi-idel-volgaboyu-tatarlarinin-qirim-birlesmesi-ve-tugan-tel-merkezi-refat-cubarovni-meclis-reisi-vazifesine-saylanganinen-hayirladi\/#primaryimage","url":"https:\/\/qtmm.org\/wp-content\/uploads\/2022\/01\/photo_3_2.jpeg","contentUrl":"https:\/\/qtmm.org\/wp-content\/uploads\/2022\/01\/photo_3_2.jpeg","width":650,"height":393},{"@type":"BreadcrumbList","@id":"https:\/\/qtmm.org\/qt\/butundunya-tatarlar-kongressi-idel-volgaboyu-tatarlarinin-qirim-birlesmesi-ve-tugan-tel-merkezi-refat-cubarovni-meclis-reisi-vazifesine-saylanganinen-hayirladi\/#breadcrumb","itemListElement":[{"@type":"ListItem","position":1,"name":"\u0413\u043e\u043b\u043e\u0432\u043d\u0430","item":"https:\/\/qtmm.org\/qt\/"},{"@type":"ListItem","position":2,"name":"B\u00fct\u00fcnd\u00fcnya tatarlar kongressi, \u00ab\u0130del\u00bb Volgaboyu tatarlar\u0131n\u0131\u00f1 Q\u0131r\u0131m birle\u015fmesi ve \u00abTugan tel\u00bb merkezi Refat \u00c7ubarovn\u0131 Meclis reisi vazifesine saylan\u011fan\u0131nen hay\u0131rlad\u0131"}]},{"@type":"WebSite","@id":"https:\/\/qtmm.org\/qt\/#website","url":"https:\/\/qtmm.org\/qt\/","name":"\u041c\u0435\u0434\u0436\u043b\u0456\u0441","description":"","publisher":{"@id":"https:\/\/qtmm.org\/qt\/#organization"},"potentialAction":[{"@type":"SearchAction","target":{"@type":"EntryPoint","urlTemplate":"https:\/\/qtmm.org\/qt\/?s={search_term_string}"},"query-input":{"@type":"PropertyValueSpecification","valueRequired":true,"valueName":"search_term_string"}}],"inLanguage":"qt"},{"@type":"Organization","@id":"https:\/\/qtmm.org\/qt\/#organization","name":"\u041c\u0435\u0434\u0436\u043b\u0456\u0441","url":"https:\/\/qtmm.org\/qt\/","logo":{"@type":"ImageObject","inLanguage":"qt","@id":"https:\/\/qtmm.org\/qt\/#\/schema\/logo\/image\/","url":"https:\/\/qtmm.org\/wp-content\/uploads\/2024\/12\/ua-mejlis-logo-rgb.svg","contentUrl":"https:\/\/qtmm.org\/wp-content\/uploads\/2024\/12\/ua-mejlis-logo-rgb.svg","caption":"\u041c\u0435\u0434\u0436\u043b\u0456\u0441"},"image":{"@id":"https:\/\/qtmm.org\/qt\/#\/schema\/logo\/image\/"},"sameAs":["https:\/\/www.facebook.com\/qtmm.info\/"]},{"@type":"Person","@id":"https:\/\/qtmm.org\/qt\/#\/schema\/person\/de562469f971dec226ac06e60bbf74a7","name":"Developer","image":{"@type":"ImageObject","inLanguage":"qt","@id":"https:\/\/secure.gravatar.com\/avatar\/392b4cc8fbfeb00b39dfeeab4ee6edded39ffd48e25858637e4765810300227e?s=96&d=mm&r=g","url":"https:\/\/secure.gravatar.com\/avatar\/392b4cc8fbfeb00b39dfeeab4ee6edded39ffd48e25858637e4765810300227e?s=96&d=mm&r=g","contentUrl":"https:\/\/secure.gravatar.com\/avatar\/392b4cc8fbfeb00b39dfeeab4ee6edded39ffd48e25858637e4765810300227e?s=96&d=mm&r=g","caption":"Developer"},"url":"https:\/\/qtmm.org\/qt\/author\/Developer\/"}]}},"_links":{"self":[{"href":"https:\/\/qtmm.org\/qt\/wp-json\/wp\/v2\/posts\/40155","targetHints":{"allow":["GET"]}}],"collection":[{"href":"https:\/\/qtmm.org\/qt\/wp-json\/wp\/v2\/posts"}],"about":[{"href":"https:\/\/qtmm.org\/qt\/wp-json\/wp\/v2\/types\/post"}],"author":[{"embeddable":true,"href":"https:\/\/qtmm.org\/qt\/wp-json\/wp\/v2\/users\/1"}],"replies":[{"embeddable":true,"href":"https:\/\/qtmm.org\/qt\/wp-json\/wp\/v2\/comments?post=40155"}],"version-history":[{"count":1,"href":"https:\/\/qtmm.org\/qt\/wp-json\/wp\/v2\/posts\/40155\/revisions"}],"predecessor-version":[{"id":40168,"href":"https:\/\/qtmm.org\/qt\/wp-json\/wp\/v2\/posts\/40155\/revisions\/40168"}],"wp:featuredmedia":[{"embeddable":true,"href":"https:\/\/qtmm.org\/qt\/wp-json\/wp\/v2\/media\/40164"}],"wp:attachment":[{"href":"https:\/\/qtmm.org\/qt\/wp-json\/wp\/v2\/media?parent=40155"}],"wp:term":[{"taxonomy":"category","embeddable":true,"href":"https:\/\/qtmm.org\/qt\/wp-json\/wp\/v2\/categories?post=40155"},{"taxonomy":"post_tag","embeddable":true,"href":"https:\/\/qtmm.org\/qt\/wp-json\/wp\/v2\/tags?post=40155"}],"curies":[{"name":"wp","href":"https:\/\/api.w.org\/{rel}","templated":true}]}}