




{"id":40141,"date":"2013-11-04T00:43:00","date_gmt":"2013-11-03T21:43:00","guid":{"rendered":"http:\/\/qtmm.org\/?p=40141"},"modified":"2022-01-26T00:44:12","modified_gmt":"2022-01-25T21:44:12","slug":"noyabr-3-kunu-sudaq-regional-meclisinin-kenisletilgen-toplasuvi-olip-kecti","status":"publish","type":"post","link":"https:\/\/qtmm.org\/qt\/noyabr-3-kunu-sudaq-regional-meclisinin-kenisletilgen-toplasuvi-olip-kecti\/","title":{"rendered":"Noyabr 3 k\u00fcn\u00fc Sudaq regional meclisini\u00f1 keni\u015fletilgen topla\u015fuv\u0131 ol\u0131p ke\u00e7ti"},"content":{"rendered":"\n<p>Sudaq regional meclisini\u00f1 ofisinde \u00f6tkerilgen topla\u015fuvda Sudaq regional meclis reisi \u0130lver AMETOV, Qurultay Tefti\u015f komissiyas\u0131n\u0131\u00f1 reisi Ali \u00d6zenba\u015f, Meclis azas\u0131 Abduraman Egiz, bun\u0131\u00f1 kibi de Sudaq region\u0131ndaki yerli meclis reisleri i\u015ftirak ettiler.<\/p>\n\n\n\n<figure class=\"wp-block-image size-full\"><img loading=\"lazy\" decoding=\"async\" width=\"650\" height=\"350\" src=\"http:\/\/qtmm.org\/wp-content\/uploads\/2022\/01\/1450869_10151799873704412_734098178_n.jpeg\" alt=\"\" class=\"wp-image-40142\" srcset=\"https:\/\/qtmm.org\/wp-content\/uploads\/2022\/01\/1450869_10151799873704412_734098178_n.jpeg 650w, https:\/\/qtmm.org\/wp-content\/uploads\/2022\/01\/1450869_10151799873704412_734098178_n-300x162.jpeg 300w\" sizes=\"auto, (max-width: 650px) 100vw, 650px\" \/><\/figure>\n\n\n\n<p>Topla\u015fuvn\u0131\u00f1 ba\u015f\u0131nda Qurultay Tefti\u015f komissiyas\u0131n\u0131\u00f1 reisi Ali \u00d6zenba\u015f keni\u015fletilgen topla\u015fuvda ayr\u0131 yerli meclis vekilleri i\u015ftirak etmegenini teesss\u00fcfle qayd etti. Topla\u015fuvda Qaps\u0131hor meclisini\u00f1 reisi yoq edi.<\/p>\n\n\n\n<p>Ali \u00d6ZENBA\u015e Qurultay Tefti\u015f komissiyas\u0131n\u0131\u00f1 i\u015fi aqq\u0131nda ik\u00e2ye etip, yerli meclis reislerini semetde\u015flerimiz aras\u0131nda milliy matbuatqa, c\u00fcmleden &#8220;Q\u0131r\u0131m&#8221; ve &#8220;Avdet&#8221; gazetalar\u0131na abune oluv boyunca te\u015fviqat al\u0131p barma\u011fa \u00e7a\u011f\u0131rd\u0131.<\/p>\n\n\n\n<figure class=\"wp-block-image size-full\"><img loading=\"lazy\" decoding=\"async\" width=\"650\" height=\"350\" src=\"http:\/\/qtmm.org\/wp-content\/uploads\/2022\/01\/1451523_10151799873999412_1939610952_n.jpeg\" alt=\"\" class=\"wp-image-40146\" srcset=\"https:\/\/qtmm.org\/wp-content\/uploads\/2022\/01\/1451523_10151799873999412_1939610952_n.jpeg 650w, https:\/\/qtmm.org\/wp-content\/uploads\/2022\/01\/1451523_10151799873999412_1939610952_n-300x162.jpeg 300w\" sizes=\"auto, (max-width: 650px) 100vw, 650px\" \/><\/figure>\n\n\n\n<p>\u00d6z nevbetinde Meclis azas\u0131 Abduraman Egiz Aqmescitte okt\u00e2br 26-27 k\u00fcnleri ol\u0131p ke\u00e7ken VI \u00e7a\u011f\u0131r\u0131l\u0131\u015f Qurultay\u0131 1-nci sessiyas\u0131n\u0131\u00f1 neticeleri aqq\u0131nda mal\u00fcmat berdi.<\/p>\n\n\n\n<p>Topla\u015fuv devam\u0131nda Sudaq region\u0131ndan s\u00fcrg\u00fcn etilgen q\u0131r\u0131mtatarlarn\u0131\u00f1 hat\u0131ras\u0131na abide qoyuv meselesini muzakere ettiler. Belli ki, bu abideni\u00f1 m\u00fcellifi rahmetli eykelt\u0131ra\u015f \u0130lmiy Ametov edi.<\/p>\n\n\n\n<figure class=\"wp-block-image size-full\"><img loading=\"lazy\" decoding=\"async\" width=\"650\" height=\"350\" src=\"http:\/\/qtmm.org\/wp-content\/uploads\/2022\/01\/1455914_10151799874159412_1025174053_n.jpeg\" alt=\"\" class=\"wp-image-40150\" srcset=\"https:\/\/qtmm.org\/wp-content\/uploads\/2022\/01\/1455914_10151799874159412_1025174053_n.jpeg 650w, https:\/\/qtmm.org\/wp-content\/uploads\/2022\/01\/1455914_10151799874159412_1025174053_n-300x162.jpeg 300w\" sizes=\"auto, (max-width: 650px) 100vw, 650px\" \/><\/figure>\n","protected":false},"excerpt":{"rendered":"<p>Sudaq regional meclisini\u00f1 ofisinde \u00f6tkerilgen topla\u015fuvda Sudaq regional meclis reisi \u0130lver AMETOV, Qurultay Tefti\u015f komissiyas\u0131n\u0131\u00f1 reisi Ali \u00d6zenba\u015f, Meclis azas\u0131 Abduraman Egiz, bun\u0131\u00f1 kibi de Sudaq region\u0131ndaki yerli meclis reisleri i\u015ftirak ettiler. Topla\u015fuvn\u0131\u00f1 ba\u015f\u0131nda Qurultay Tefti\u015f komissiyas\u0131n\u0131\u00f1 reisi Ali \u00d6zenba\u015f keni\u015fletilgen topla\u015fuvda ayr\u0131 yerli meclis vekilleri i\u015ftirak etmegenini teesss\u00fcfle qayd etti. Topla\u015fuvda Qaps\u0131hor meclisini\u00f1 reisi [&hellip;]<\/p>\n","protected":false},"author":1,"featured_media":0,"comment_status":"open","ping_status":"open","sticky":false,"template":"","format":"standard","meta":{"inline_featured_image":false,"footnotes":""},"categories":[265],"tags":[],"class_list":["post-40141","post","type-post","status-publish","format-standard","hentry","category-haberler"],"acf":[],"yoast_head":"<!-- This site is optimized with the Yoast SEO plugin v27.4 - https:\/\/yoast.com\/product\/yoast-seo-wordpress\/ -->\n<title>Noyabr 3 k\u00fcn\u00fc Sudaq regional meclisini\u00f1 keni\u015fletilgen topla\u015fuv\u0131 ol\u0131p ke\u00e7ti - \u041c\u0435\u0434\u0436\u043b\u0456\u0441<\/title>\n<meta name=\"robots\" content=\"index, follow, max-snippet:-1, max-image-preview:large, max-video-preview:-1\" \/>\n<link rel=\"canonical\" href=\"https:\/\/qtmm.org\/qt\/noyabr-3-kunu-sudaq-regional-meclisinin-kenisletilgen-toplasuvi-olip-kecti\/\" \/>\n<meta property=\"og:locale\" content=\"en_US\" \/>\n<meta property=\"og:type\" content=\"article\" \/>\n<meta property=\"og:title\" content=\"Noyabr 3 k\u00fcn\u00fc Sudaq regional meclisini\u00f1 keni\u015fletilgen topla\u015fuv\u0131 ol\u0131p ke\u00e7ti - \u041c\u0435\u0434\u0436\u043b\u0456\u0441\" \/>\n<meta property=\"og:description\" content=\"Sudaq regional meclisini\u00f1 ofisinde \u00f6tkerilgen topla\u015fuvda Sudaq regional meclis reisi \u0130lver AMETOV, Qurultay Tefti\u015f komissiyas\u0131n\u0131\u00f1 reisi Ali \u00d6zenba\u015f, Meclis azas\u0131 Abduraman Egiz, bun\u0131\u00f1 kibi de Sudaq region\u0131ndaki yerli meclis reisleri i\u015ftirak ettiler. Topla\u015fuvn\u0131\u00f1 ba\u015f\u0131nda Qurultay Tefti\u015f komissiyas\u0131n\u0131\u00f1 reisi Ali \u00d6zenba\u015f keni\u015fletilgen topla\u015fuvda ayr\u0131 yerli meclis vekilleri i\u015ftirak etmegenini teesss\u00fcfle qayd etti. Topla\u015fuvda Qaps\u0131hor meclisini\u00f1 reisi [&hellip;]\" \/>\n<meta property=\"og:url\" content=\"https:\/\/qtmm.org\/qt\/noyabr-3-kunu-sudaq-regional-meclisinin-kenisletilgen-toplasuvi-olip-kecti\/\" \/>\n<meta property=\"og:site_name\" content=\"\u041c\u0435\u0434\u0436\u043b\u0456\u0441\" \/>\n<meta property=\"article:publisher\" content=\"https:\/\/www.facebook.com\/qtmm.info\/\" \/>\n<meta property=\"article:published_time\" content=\"2013-11-03T21:43:00+00:00\" \/>\n<meta property=\"article:modified_time\" content=\"2022-01-25T21:44:12+00:00\" \/>\n<meta property=\"og:image\" content=\"https:\/\/qtmm.org\/wp-content\/uploads\/2022\/01\/1450869_10151799873704412_734098178_n.jpeg\" \/>\n\t<meta property=\"og:image:width\" content=\"650\" \/>\n\t<meta property=\"og:image:height\" content=\"350\" \/>\n\t<meta property=\"og:image:type\" content=\"image\/jpeg\" \/>\n<meta name=\"author\" content=\"Developer\" \/>\n<meta name=\"twitter:card\" content=\"summary_large_image\" \/>\n<meta name=\"twitter:label1\" content=\"Written by\" \/>\n\t<meta name=\"twitter:data1\" content=\"Developer\" \/>\n\t<meta name=\"twitter:label2\" content=\"Est. reading time\" \/>\n\t<meta name=\"twitter:data2\" content=\"1 minute\" \/>\n<script type=\"application\/ld+json\" class=\"yoast-schema-graph\">{\"@context\":\"https:\\\/\\\/schema.org\",\"@graph\":[{\"@type\":\"Article\",\"@id\":\"https:\\\/\\\/qtmm.org\\\/qt\\\/noyabr-3-kunu-sudaq-regional-meclisinin-kenisletilgen-toplasuvi-olip-kecti\\\/#article\",\"isPartOf\":{\"@id\":\"https:\\\/\\\/qtmm.org\\\/qt\\\/noyabr-3-kunu-sudaq-regional-meclisinin-kenisletilgen-toplasuvi-olip-kecti\\\/\"},\"author\":{\"name\":\"Developer\",\"@id\":\"https:\\\/\\\/qtmm.org\\\/qt\\\/#\\\/schema\\\/person\\\/de562469f971dec226ac06e60bbf74a7\"},\"headline\":\"Noyabr 3 k\u00fcn\u00fc Sudaq regional meclisini\u00f1 keni\u015fletilgen topla\u015fuv\u0131 ol\u0131p ke\u00e7ti\",\"datePublished\":\"2013-11-03T21:43:00+00:00\",\"dateModified\":\"2022-01-25T21:44:12+00:00\",\"mainEntityOfPage\":{\"@id\":\"https:\\\/\\\/qtmm.org\\\/qt\\\/noyabr-3-kunu-sudaq-regional-meclisinin-kenisletilgen-toplasuvi-olip-kecti\\\/\"},\"wordCount\":190,\"commentCount\":0,\"publisher\":{\"@id\":\"https:\\\/\\\/qtmm.org\\\/qt\\\/#organization\"},\"image\":{\"@id\":\"https:\\\/\\\/qtmm.org\\\/qt\\\/noyabr-3-kunu-sudaq-regional-meclisinin-kenisletilgen-toplasuvi-olip-kecti\\\/#primaryimage\"},\"thumbnailUrl\":\"http:\\\/\\\/qtmm.org\\\/wp-content\\\/uploads\\\/2022\\\/01\\\/1450869_10151799873704412_734098178_n.jpeg\",\"articleSection\":[\"Haberler\"],\"inLanguage\":\"qt\",\"potentialAction\":[{\"@type\":\"CommentAction\",\"name\":\"Comment\",\"target\":[\"https:\\\/\\\/qtmm.org\\\/qt\\\/noyabr-3-kunu-sudaq-regional-meclisinin-kenisletilgen-toplasuvi-olip-kecti\\\/#respond\"]}]},{\"@type\":\"WebPage\",\"@id\":\"https:\\\/\\\/qtmm.org\\\/qt\\\/noyabr-3-kunu-sudaq-regional-meclisinin-kenisletilgen-toplasuvi-olip-kecti\\\/\",\"url\":\"https:\\\/\\\/qtmm.org\\\/qt\\\/noyabr-3-kunu-sudaq-regional-meclisinin-kenisletilgen-toplasuvi-olip-kecti\\\/\",\"name\":\"Noyabr 3 k\u00fcn\u00fc Sudaq regional meclisini\u00f1 keni\u015fletilgen topla\u015fuv\u0131 ol\u0131p ke\u00e7ti - \u041c\u0435\u0434\u0436\u043b\u0456\u0441\",\"isPartOf\":{\"@id\":\"https:\\\/\\\/qtmm.org\\\/qt\\\/#website\"},\"primaryImageOfPage\":{\"@id\":\"https:\\\/\\\/qtmm.org\\\/qt\\\/noyabr-3-kunu-sudaq-regional-meclisinin-kenisletilgen-toplasuvi-olip-kecti\\\/#primaryimage\"},\"image\":{\"@id\":\"https:\\\/\\\/qtmm.org\\\/qt\\\/noyabr-3-kunu-sudaq-regional-meclisinin-kenisletilgen-toplasuvi-olip-kecti\\\/#primaryimage\"},\"thumbnailUrl\":\"http:\\\/\\\/qtmm.org\\\/wp-content\\\/uploads\\\/2022\\\/01\\\/1450869_10151799873704412_734098178_n.jpeg\",\"datePublished\":\"2013-11-03T21:43:00+00:00\",\"dateModified\":\"2022-01-25T21:44:12+00:00\",\"breadcrumb\":{\"@id\":\"https:\\\/\\\/qtmm.org\\\/qt\\\/noyabr-3-kunu-sudaq-regional-meclisinin-kenisletilgen-toplasuvi-olip-kecti\\\/#breadcrumb\"},\"inLanguage\":\"qt\",\"potentialAction\":[{\"@type\":\"ReadAction\",\"target\":[\"https:\\\/\\\/qtmm.org\\\/qt\\\/noyabr-3-kunu-sudaq-regional-meclisinin-kenisletilgen-toplasuvi-olip-kecti\\\/\"]}]},{\"@type\":\"ImageObject\",\"inLanguage\":\"qt\",\"@id\":\"https:\\\/\\\/qtmm.org\\\/qt\\\/noyabr-3-kunu-sudaq-regional-meclisinin-kenisletilgen-toplasuvi-olip-kecti\\\/#primaryimage\",\"url\":\"http:\\\/\\\/qtmm.org\\\/wp-content\\\/uploads\\\/2022\\\/01\\\/1450869_10151799873704412_734098178_n.jpeg\",\"contentUrl\":\"http:\\\/\\\/qtmm.org\\\/wp-content\\\/uploads\\\/2022\\\/01\\\/1450869_10151799873704412_734098178_n.jpeg\"},{\"@type\":\"BreadcrumbList\",\"@id\":\"https:\\\/\\\/qtmm.org\\\/qt\\\/noyabr-3-kunu-sudaq-regional-meclisinin-kenisletilgen-toplasuvi-olip-kecti\\\/#breadcrumb\",\"itemListElement\":[{\"@type\":\"ListItem\",\"position\":1,\"name\":\"\u0413\u043e\u043b\u043e\u0432\u043d\u0430\",\"item\":\"https:\\\/\\\/qtmm.org\\\/qt\\\/\"},{\"@type\":\"ListItem\",\"position\":2,\"name\":\"Noyabr 3 k\u00fcn\u00fc Sudaq regional meclisini\u00f1 keni\u015fletilgen topla\u015fuv\u0131 ol\u0131p ke\u00e7ti\"}]},{\"@type\":\"WebSite\",\"@id\":\"https:\\\/\\\/qtmm.org\\\/qt\\\/#website\",\"url\":\"https:\\\/\\\/qtmm.org\\\/qt\\\/\",\"name\":\"\u041c\u0435\u0434\u0436\u043b\u0456\u0441\",\"description\":\"\",\"publisher\":{\"@id\":\"https:\\\/\\\/qtmm.org\\\/qt\\\/#organization\"},\"potentialAction\":[{\"@type\":\"SearchAction\",\"target\":{\"@type\":\"EntryPoint\",\"urlTemplate\":\"https:\\\/\\\/qtmm.org\\\/qt\\\/?s={search_term_string}\"},\"query-input\":{\"@type\":\"PropertyValueSpecification\",\"valueRequired\":true,\"valueName\":\"search_term_string\"}}],\"inLanguage\":\"qt\"},{\"@type\":\"Organization\",\"@id\":\"https:\\\/\\\/qtmm.org\\\/qt\\\/#organization\",\"name\":\"\u041c\u0435\u0434\u0436\u043b\u0456\u0441\",\"url\":\"https:\\\/\\\/qtmm.org\\\/qt\\\/\",\"logo\":{\"@type\":\"ImageObject\",\"inLanguage\":\"qt\",\"@id\":\"https:\\\/\\\/qtmm.org\\\/qt\\\/#\\\/schema\\\/logo\\\/image\\\/\",\"url\":\"https:\\\/\\\/qtmm.org\\\/wp-content\\\/uploads\\\/2024\\\/12\\\/ua-mejlis-logo-rgb.svg\",\"contentUrl\":\"https:\\\/\\\/qtmm.org\\\/wp-content\\\/uploads\\\/2024\\\/12\\\/ua-mejlis-logo-rgb.svg\",\"caption\":\"\u041c\u0435\u0434\u0436\u043b\u0456\u0441\"},\"image\":{\"@id\":\"https:\\\/\\\/qtmm.org\\\/qt\\\/#\\\/schema\\\/logo\\\/image\\\/\"},\"sameAs\":[\"https:\\\/\\\/www.facebook.com\\\/qtmm.info\\\/\"]},{\"@type\":\"Person\",\"@id\":\"https:\\\/\\\/qtmm.org\\\/qt\\\/#\\\/schema\\\/person\\\/de562469f971dec226ac06e60bbf74a7\",\"name\":\"Developer\",\"image\":{\"@type\":\"ImageObject\",\"inLanguage\":\"qt\",\"@id\":\"https:\\\/\\\/secure.gravatar.com\\\/avatar\\\/392b4cc8fbfeb00b39dfeeab4ee6edded39ffd48e25858637e4765810300227e?s=96&d=mm&r=g\",\"url\":\"https:\\\/\\\/secure.gravatar.com\\\/avatar\\\/392b4cc8fbfeb00b39dfeeab4ee6edded39ffd48e25858637e4765810300227e?s=96&d=mm&r=g\",\"contentUrl\":\"https:\\\/\\\/secure.gravatar.com\\\/avatar\\\/392b4cc8fbfeb00b39dfeeab4ee6edded39ffd48e25858637e4765810300227e?s=96&d=mm&r=g\",\"caption\":\"Developer\"},\"url\":\"https:\\\/\\\/qtmm.org\\\/qt\\\/author\\\/Developer\\\/\"}]}<\/script>\n<!-- \/ Yoast SEO plugin. -->","yoast_head_json":{"title":"Noyabr 3 k\u00fcn\u00fc Sudaq regional meclisini\u00f1 keni\u015fletilgen topla\u015fuv\u0131 ol\u0131p ke\u00e7ti - \u041c\u0435\u0434\u0436\u043b\u0456\u0441","robots":{"index":"index","follow":"follow","max-snippet":"max-snippet:-1","max-image-preview":"max-image-preview:large","max-video-preview":"max-video-preview:-1"},"canonical":"https:\/\/qtmm.org\/qt\/noyabr-3-kunu-sudaq-regional-meclisinin-kenisletilgen-toplasuvi-olip-kecti\/","og_locale":"en_US","og_type":"article","og_title":"Noyabr 3 k\u00fcn\u00fc Sudaq regional meclisini\u00f1 keni\u015fletilgen topla\u015fuv\u0131 ol\u0131p ke\u00e7ti - \u041c\u0435\u0434\u0436\u043b\u0456\u0441","og_description":"Sudaq regional meclisini\u00f1 ofisinde \u00f6tkerilgen topla\u015fuvda Sudaq regional meclis reisi \u0130lver AMETOV, Qurultay Tefti\u015f komissiyas\u0131n\u0131\u00f1 reisi Ali \u00d6zenba\u015f, Meclis azas\u0131 Abduraman Egiz, bun\u0131\u00f1 kibi de Sudaq region\u0131ndaki yerli meclis reisleri i\u015ftirak ettiler. Topla\u015fuvn\u0131\u00f1 ba\u015f\u0131nda Qurultay Tefti\u015f komissiyas\u0131n\u0131\u00f1 reisi Ali \u00d6zenba\u015f keni\u015fletilgen topla\u015fuvda ayr\u0131 yerli meclis vekilleri i\u015ftirak etmegenini teesss\u00fcfle qayd etti. Topla\u015fuvda Qaps\u0131hor meclisini\u00f1 reisi [&hellip;]","og_url":"https:\/\/qtmm.org\/qt\/noyabr-3-kunu-sudaq-regional-meclisinin-kenisletilgen-toplasuvi-olip-kecti\/","og_site_name":"\u041c\u0435\u0434\u0436\u043b\u0456\u0441","article_publisher":"https:\/\/www.facebook.com\/qtmm.info\/","article_published_time":"2013-11-03T21:43:00+00:00","article_modified_time":"2022-01-25T21:44:12+00:00","og_image":[{"width":650,"height":350,"url":"https:\/\/qtmm.org\/wp-content\/uploads\/2022\/01\/1450869_10151799873704412_734098178_n.jpeg","type":"image\/jpeg"}],"author":"Developer","twitter_card":"summary_large_image","twitter_misc":{"Written by":"Developer","Est. reading time":"1 minute"},"schema":{"@context":"https:\/\/schema.org","@graph":[{"@type":"Article","@id":"https:\/\/qtmm.org\/qt\/noyabr-3-kunu-sudaq-regional-meclisinin-kenisletilgen-toplasuvi-olip-kecti\/#article","isPartOf":{"@id":"https:\/\/qtmm.org\/qt\/noyabr-3-kunu-sudaq-regional-meclisinin-kenisletilgen-toplasuvi-olip-kecti\/"},"author":{"name":"Developer","@id":"https:\/\/qtmm.org\/qt\/#\/schema\/person\/de562469f971dec226ac06e60bbf74a7"},"headline":"Noyabr 3 k\u00fcn\u00fc Sudaq regional meclisini\u00f1 keni\u015fletilgen topla\u015fuv\u0131 ol\u0131p ke\u00e7ti","datePublished":"2013-11-03T21:43:00+00:00","dateModified":"2022-01-25T21:44:12+00:00","mainEntityOfPage":{"@id":"https:\/\/qtmm.org\/qt\/noyabr-3-kunu-sudaq-regional-meclisinin-kenisletilgen-toplasuvi-olip-kecti\/"},"wordCount":190,"commentCount":0,"publisher":{"@id":"https:\/\/qtmm.org\/qt\/#organization"},"image":{"@id":"https:\/\/qtmm.org\/qt\/noyabr-3-kunu-sudaq-regional-meclisinin-kenisletilgen-toplasuvi-olip-kecti\/#primaryimage"},"thumbnailUrl":"http:\/\/qtmm.org\/wp-content\/uploads\/2022\/01\/1450869_10151799873704412_734098178_n.jpeg","articleSection":["Haberler"],"inLanguage":"qt","potentialAction":[{"@type":"CommentAction","name":"Comment","target":["https:\/\/qtmm.org\/qt\/noyabr-3-kunu-sudaq-regional-meclisinin-kenisletilgen-toplasuvi-olip-kecti\/#respond"]}]},{"@type":"WebPage","@id":"https:\/\/qtmm.org\/qt\/noyabr-3-kunu-sudaq-regional-meclisinin-kenisletilgen-toplasuvi-olip-kecti\/","url":"https:\/\/qtmm.org\/qt\/noyabr-3-kunu-sudaq-regional-meclisinin-kenisletilgen-toplasuvi-olip-kecti\/","name":"Noyabr 3 k\u00fcn\u00fc Sudaq regional meclisini\u00f1 keni\u015fletilgen topla\u015fuv\u0131 ol\u0131p ke\u00e7ti - \u041c\u0435\u0434\u0436\u043b\u0456\u0441","isPartOf":{"@id":"https:\/\/qtmm.org\/qt\/#website"},"primaryImageOfPage":{"@id":"https:\/\/qtmm.org\/qt\/noyabr-3-kunu-sudaq-regional-meclisinin-kenisletilgen-toplasuvi-olip-kecti\/#primaryimage"},"image":{"@id":"https:\/\/qtmm.org\/qt\/noyabr-3-kunu-sudaq-regional-meclisinin-kenisletilgen-toplasuvi-olip-kecti\/#primaryimage"},"thumbnailUrl":"http:\/\/qtmm.org\/wp-content\/uploads\/2022\/01\/1450869_10151799873704412_734098178_n.jpeg","datePublished":"2013-11-03T21:43:00+00:00","dateModified":"2022-01-25T21:44:12+00:00","breadcrumb":{"@id":"https:\/\/qtmm.org\/qt\/noyabr-3-kunu-sudaq-regional-meclisinin-kenisletilgen-toplasuvi-olip-kecti\/#breadcrumb"},"inLanguage":"qt","potentialAction":[{"@type":"ReadAction","target":["https:\/\/qtmm.org\/qt\/noyabr-3-kunu-sudaq-regional-meclisinin-kenisletilgen-toplasuvi-olip-kecti\/"]}]},{"@type":"ImageObject","inLanguage":"qt","@id":"https:\/\/qtmm.org\/qt\/noyabr-3-kunu-sudaq-regional-meclisinin-kenisletilgen-toplasuvi-olip-kecti\/#primaryimage","url":"http:\/\/qtmm.org\/wp-content\/uploads\/2022\/01\/1450869_10151799873704412_734098178_n.jpeg","contentUrl":"http:\/\/qtmm.org\/wp-content\/uploads\/2022\/01\/1450869_10151799873704412_734098178_n.jpeg"},{"@type":"BreadcrumbList","@id":"https:\/\/qtmm.org\/qt\/noyabr-3-kunu-sudaq-regional-meclisinin-kenisletilgen-toplasuvi-olip-kecti\/#breadcrumb","itemListElement":[{"@type":"ListItem","position":1,"name":"\u0413\u043e\u043b\u043e\u0432\u043d\u0430","item":"https:\/\/qtmm.org\/qt\/"},{"@type":"ListItem","position":2,"name":"Noyabr 3 k\u00fcn\u00fc Sudaq regional meclisini\u00f1 keni\u015fletilgen topla\u015fuv\u0131 ol\u0131p ke\u00e7ti"}]},{"@type":"WebSite","@id":"https:\/\/qtmm.org\/qt\/#website","url":"https:\/\/qtmm.org\/qt\/","name":"\u041c\u0435\u0434\u0436\u043b\u0456\u0441","description":"","publisher":{"@id":"https:\/\/qtmm.org\/qt\/#organization"},"potentialAction":[{"@type":"SearchAction","target":{"@type":"EntryPoint","urlTemplate":"https:\/\/qtmm.org\/qt\/?s={search_term_string}"},"query-input":{"@type":"PropertyValueSpecification","valueRequired":true,"valueName":"search_term_string"}}],"inLanguage":"qt"},{"@type":"Organization","@id":"https:\/\/qtmm.org\/qt\/#organization","name":"\u041c\u0435\u0434\u0436\u043b\u0456\u0441","url":"https:\/\/qtmm.org\/qt\/","logo":{"@type":"ImageObject","inLanguage":"qt","@id":"https:\/\/qtmm.org\/qt\/#\/schema\/logo\/image\/","url":"https:\/\/qtmm.org\/wp-content\/uploads\/2024\/12\/ua-mejlis-logo-rgb.svg","contentUrl":"https:\/\/qtmm.org\/wp-content\/uploads\/2024\/12\/ua-mejlis-logo-rgb.svg","caption":"\u041c\u0435\u0434\u0436\u043b\u0456\u0441"},"image":{"@id":"https:\/\/qtmm.org\/qt\/#\/schema\/logo\/image\/"},"sameAs":["https:\/\/www.facebook.com\/qtmm.info\/"]},{"@type":"Person","@id":"https:\/\/qtmm.org\/qt\/#\/schema\/person\/de562469f971dec226ac06e60bbf74a7","name":"Developer","image":{"@type":"ImageObject","inLanguage":"qt","@id":"https:\/\/secure.gravatar.com\/avatar\/392b4cc8fbfeb00b39dfeeab4ee6edded39ffd48e25858637e4765810300227e?s=96&d=mm&r=g","url":"https:\/\/secure.gravatar.com\/avatar\/392b4cc8fbfeb00b39dfeeab4ee6edded39ffd48e25858637e4765810300227e?s=96&d=mm&r=g","contentUrl":"https:\/\/secure.gravatar.com\/avatar\/392b4cc8fbfeb00b39dfeeab4ee6edded39ffd48e25858637e4765810300227e?s=96&d=mm&r=g","caption":"Developer"},"url":"https:\/\/qtmm.org\/qt\/author\/Developer\/"}]}},"_links":{"self":[{"href":"https:\/\/qtmm.org\/qt\/wp-json\/wp\/v2\/posts\/40141","targetHints":{"allow":["GET"]}}],"collection":[{"href":"https:\/\/qtmm.org\/qt\/wp-json\/wp\/v2\/posts"}],"about":[{"href":"https:\/\/qtmm.org\/qt\/wp-json\/wp\/v2\/types\/post"}],"author":[{"embeddable":true,"href":"https:\/\/qtmm.org\/qt\/wp-json\/wp\/v2\/users\/1"}],"replies":[{"embeddable":true,"href":"https:\/\/qtmm.org\/qt\/wp-json\/wp\/v2\/comments?post=40141"}],"version-history":[{"count":1,"href":"https:\/\/qtmm.org\/qt\/wp-json\/wp\/v2\/posts\/40141\/revisions"}],"predecessor-version":[{"id":40154,"href":"https:\/\/qtmm.org\/qt\/wp-json\/wp\/v2\/posts\/40141\/revisions\/40154"}],"wp:attachment":[{"href":"https:\/\/qtmm.org\/qt\/wp-json\/wp\/v2\/media?parent=40141"}],"wp:term":[{"taxonomy":"category","embeddable":true,"href":"https:\/\/qtmm.org\/qt\/wp-json\/wp\/v2\/categories?post=40141"},{"taxonomy":"post_tag","embeddable":true,"href":"https:\/\/qtmm.org\/qt\/wp-json\/wp\/v2\/tags?post=40141"}],"curies":[{"name":"wp","href":"https:\/\/api.w.org\/{rel}","templated":true}]}}