




{"id":40119,"date":"2013-11-04T00:41:00","date_gmt":"2013-11-03T21:41:00","guid":{"rendered":"http:\/\/qtmm.org\/?p=40119"},"modified":"2022-01-26T00:42:57","modified_gmt":"2022-01-25T21:42:57","slug":"2013-cenesi-noyabr-2-kunu-saqta-regional-meclisnin-kenisletilgen-toplasuvi-kecirildi","status":"publish","type":"post","link":"https:\/\/qtmm.org\/qt\/2013-cenesi-noyabr-2-kunu-saqta-regional-meclisnin-kenisletilgen-toplasuvi-kecirildi\/","title":{"rendered":"2013 cenesi noyabr 2 k\u00fcn\u00fc Saqta regional meclisni\u00f1 keni\u015fletilgen topla\u015fuv\u0131 ke\u00e7irildi"},"content":{"rendered":"\n<p>Topla\u015fuv i\u015finde Milliy Meclis reisi Refat \u00c7ubarov, Meclis azalar\u0131 Ahtem \u00c7\u0130YGOZ, Zaur SM\u0130RNOV, Mustafa MAU\u015eEV, Ayder AC\u0130MAMBETOV ve Dinara SEYTGAZ\u0130YEVA, bun\u0131\u00f1 kibi de &#8220;\u0130nki\u015faf&#8221; cemaat te\u015fkil\u00e2t\u0131ndan VI \u00e7a\u011f\u0131r\u0131l\u0131\u015f Qurultay\u0131na se\u00e7ilgen delegatlar\u0131, Ukraina halq deputat\u0131 \u00d6leg PARASK\u0130V, Saq rayon \u015furas\u0131nda &#8220;Kurultay-Ruh&#8221; fraktsiyas\u0131n\u0131\u00f1 azalar\u0131 i\u015ftirak ettiler.<\/p>\n\n\n\n<p>Saq regional meclis reisi Eskender Bil\u00e2lov okt\u00e2br 26-27 k\u00fcnleri Aqmescitte ol\u0131p ke\u00e7ken VI \u00e7a\u011f\u0131r\u0131l\u0131\u015f Qurultay\u0131 1- nci sessiyas\u0131n\u0131\u00f1 neticelerini seslendirdi.<\/p>\n\n\n\n<figure class=\"wp-block-image size-full\"><img loading=\"lazy\" decoding=\"async\" width=\"650\" height=\"390\" src=\"http:\/\/qtmm.org\/wp-content\/uploads\/2022\/01\/1_133.jpeg\" alt=\"\" class=\"wp-image-40124\" srcset=\"https:\/\/qtmm.org\/wp-content\/uploads\/2022\/01\/1_133.jpeg 650w, https:\/\/qtmm.org\/wp-content\/uploads\/2022\/01\/1_133-300x180.jpeg 300w\" sizes=\"auto, (max-width: 650px) 100vw, 650px\" \/><\/figure>\n\n\n\n<p>On\u0131\u00f1 i\u015fand\u0131r\u011fan\u0131na k\u00f6re, yerli meclis reisleri, azalar\u0131, Qurultay delegatlar\u0131 ve deputatlardan ibaret komandas\u0131 qoyul\u011fan vazifelerni eda etmege iqtidarl\u0131 ve Meclisnen s\u0131q\u0131 i\u015fbirlikke az\u0131r.<\/p>\n\n\n\n<figure class=\"wp-block-image size-full\"><img loading=\"lazy\" decoding=\"async\" width=\"650\" height=\"315\" src=\"http:\/\/qtmm.org\/wp-content\/uploads\/2022\/01\/2_135.jpeg\" alt=\"\" class=\"wp-image-40128\" srcset=\"https:\/\/qtmm.org\/wp-content\/uploads\/2022\/01\/2_135.jpeg 650w, https:\/\/qtmm.org\/wp-content\/uploads\/2022\/01\/2_135-300x145.jpeg 300w\" sizes=\"auto, (max-width: 650px) 100vw, 650px\" \/><\/figure>\n\n\n\n<figure class=\"wp-block-image size-full\"><img loading=\"lazy\" decoding=\"async\" width=\"650\" height=\"320\" src=\"http:\/\/qtmm.org\/wp-content\/uploads\/2022\/01\/4_96.jpeg\" alt=\"\" class=\"wp-image-40132\" srcset=\"https:\/\/qtmm.org\/wp-content\/uploads\/2022\/01\/4_96.jpeg 650w, https:\/\/qtmm.org\/wp-content\/uploads\/2022\/01\/4_96-300x148.jpeg 300w\" sizes=\"auto, (max-width: 650px) 100vw, 650px\" \/><\/figure>\n\n\n\n<figure class=\"wp-block-image size-full\"><img loading=\"lazy\" decoding=\"async\" width=\"650\" height=\"368\" src=\"http:\/\/qtmm.org\/wp-content\/uploads\/2022\/01\/5_57.jpeg\" alt=\"\" class=\"wp-image-40136\" srcset=\"https:\/\/qtmm.org\/wp-content\/uploads\/2022\/01\/5_57.jpeg 650w, https:\/\/qtmm.org\/wp-content\/uploads\/2022\/01\/5_57-300x170.jpeg 300w\" sizes=\"auto, (max-width: 650px) 100vw, 650px\" \/><\/figure>\n","protected":false},"excerpt":{"rendered":"<p>Topla\u015fuv i\u015finde Milliy Meclis reisi Refat \u00c7ubarov, Meclis azalar\u0131 Ahtem \u00c7\u0130YGOZ, Zaur SM\u0130RNOV, Mustafa MAU\u015eEV, Ayder AC\u0130MAMBETOV ve Dinara SEYTGAZ\u0130YEVA, bun\u0131\u00f1 kibi de &#8220;\u0130nki\u015faf&#8221; cemaat te\u015fkil\u00e2t\u0131ndan VI \u00e7a\u011f\u0131r\u0131l\u0131\u015f Qurultay\u0131na se\u00e7ilgen delegatlar\u0131, Ukraina halq deputat\u0131 \u00d6leg PARASK\u0130V, Saq rayon \u015furas\u0131nda &#8220;Kurultay-Ruh&#8221; fraktsiyas\u0131n\u0131\u00f1 azalar\u0131 i\u015ftirak ettiler. Saq regional meclis reisi Eskender Bil\u00e2lov okt\u00e2br 26-27 k\u00fcnleri Aqmescitte ol\u0131p [&hellip;]<\/p>\n","protected":false},"author":1,"featured_media":40120,"comment_status":"open","ping_status":"open","sticky":false,"template":"","format":"standard","meta":{"inline_featured_image":false,"footnotes":""},"categories":[265],"tags":[],"class_list":["post-40119","post","type-post","status-publish","format-standard","has-post-thumbnail","hentry","category-haberler"],"acf":[],"yoast_head":"<!-- This site is optimized with the Yoast SEO plugin v27.4 - https:\/\/yoast.com\/product\/yoast-seo-wordpress\/ -->\n<title>2013 cenesi noyabr 2 k\u00fcn\u00fc Saqta regional meclisni\u00f1 keni\u015fletilgen topla\u015fuv\u0131 ke\u00e7irildi - \u041c\u0435\u0434\u0436\u043b\u0456\u0441<\/title>\n<meta name=\"robots\" content=\"index, follow, max-snippet:-1, max-image-preview:large, max-video-preview:-1\" \/>\n<link rel=\"canonical\" href=\"https:\/\/qtmm.org\/qt\/2013-cenesi-noyabr-2-kunu-saqta-regional-meclisnin-kenisletilgen-toplasuvi-kecirildi\/\" \/>\n<meta property=\"og:locale\" content=\"en_US\" \/>\n<meta property=\"og:type\" content=\"article\" \/>\n<meta property=\"og:title\" content=\"2013 cenesi noyabr 2 k\u00fcn\u00fc Saqta regional meclisni\u00f1 keni\u015fletilgen topla\u015fuv\u0131 ke\u00e7irildi - \u041c\u0435\u0434\u0436\u043b\u0456\u0441\" \/>\n<meta property=\"og:description\" content=\"Topla\u015fuv i\u015finde Milliy Meclis reisi Refat \u00c7ubarov, Meclis azalar\u0131 Ahtem \u00c7\u0130YGOZ, Zaur SM\u0130RNOV, Mustafa MAU\u015eEV, Ayder AC\u0130MAMBETOV ve Dinara SEYTGAZ\u0130YEVA, bun\u0131\u00f1 kibi de &#8220;\u0130nki\u015faf&#8221; cemaat te\u015fkil\u00e2t\u0131ndan VI \u00e7a\u011f\u0131r\u0131l\u0131\u015f Qurultay\u0131na se\u00e7ilgen delegatlar\u0131, Ukraina halq deputat\u0131 \u00d6leg PARASK\u0130V, Saq rayon \u015furas\u0131nda &#8220;Kurultay-Ruh&#8221; fraktsiyas\u0131n\u0131\u00f1 azalar\u0131 i\u015ftirak ettiler. Saq regional meclis reisi Eskender Bil\u00e2lov okt\u00e2br 26-27 k\u00fcnleri Aqmescitte ol\u0131p [&hellip;]\" \/>\n<meta property=\"og:url\" content=\"https:\/\/qtmm.org\/qt\/2013-cenesi-noyabr-2-kunu-saqta-regional-meclisnin-kenisletilgen-toplasuvi-kecirildi\/\" \/>\n<meta property=\"og:site_name\" content=\"\u041c\u0435\u0434\u0436\u043b\u0456\u0441\" \/>\n<meta property=\"article:publisher\" content=\"https:\/\/www.facebook.com\/qtmm.info\/\" \/>\n<meta property=\"article:published_time\" content=\"2013-11-03T21:41:00+00:00\" \/>\n<meta property=\"article:modified_time\" content=\"2022-01-25T21:42:57+00:00\" \/>\n<meta property=\"og:image\" content=\"https:\/\/qtmm.org\/wp-content\/uploads\/2022\/01\/3_103.jpeg\" \/>\n\t<meta property=\"og:image:width\" content=\"650\" \/>\n\t<meta property=\"og:image:height\" content=\"370\" \/>\n\t<meta property=\"og:image:type\" content=\"image\/jpeg\" \/>\n<meta name=\"author\" content=\"Developer\" \/>\n<meta name=\"twitter:card\" content=\"summary_large_image\" \/>\n<meta name=\"twitter:label1\" content=\"Written by\" \/>\n\t<meta name=\"twitter:data1\" content=\"Developer\" \/>\n\t<meta name=\"twitter:label2\" content=\"Est. reading time\" \/>\n\t<meta name=\"twitter:data2\" content=\"1 minute\" \/>\n<script type=\"application\/ld+json\" class=\"yoast-schema-graph\">{\"@context\":\"https:\\\/\\\/schema.org\",\"@graph\":[{\"@type\":\"Article\",\"@id\":\"https:\\\/\\\/qtmm.org\\\/qt\\\/2013-cenesi-noyabr-2-kunu-saqta-regional-meclisnin-kenisletilgen-toplasuvi-kecirildi\\\/#article\",\"isPartOf\":{\"@id\":\"https:\\\/\\\/qtmm.org\\\/qt\\\/2013-cenesi-noyabr-2-kunu-saqta-regional-meclisnin-kenisletilgen-toplasuvi-kecirildi\\\/\"},\"author\":{\"name\":\"Developer\",\"@id\":\"https:\\\/\\\/qtmm.org\\\/qt\\\/#\\\/schema\\\/person\\\/de562469f971dec226ac06e60bbf74a7\"},\"headline\":\"2013 cenesi noyabr 2 k\u00fcn\u00fc Saqta regional meclisni\u00f1 keni\u015fletilgen topla\u015fuv\u0131 ke\u00e7irildi\",\"datePublished\":\"2013-11-03T21:41:00+00:00\",\"dateModified\":\"2022-01-25T21:42:57+00:00\",\"mainEntityOfPage\":{\"@id\":\"https:\\\/\\\/qtmm.org\\\/qt\\\/2013-cenesi-noyabr-2-kunu-saqta-regional-meclisnin-kenisletilgen-toplasuvi-kecirildi\\\/\"},\"wordCount\":135,\"commentCount\":0,\"publisher\":{\"@id\":\"https:\\\/\\\/qtmm.org\\\/qt\\\/#organization\"},\"image\":{\"@id\":\"https:\\\/\\\/qtmm.org\\\/qt\\\/2013-cenesi-noyabr-2-kunu-saqta-regional-meclisnin-kenisletilgen-toplasuvi-kecirildi\\\/#primaryimage\"},\"thumbnailUrl\":\"https:\\\/\\\/qtmm.org\\\/wp-content\\\/uploads\\\/2022\\\/01\\\/3_103.jpeg\",\"articleSection\":[\"Haberler\"],\"inLanguage\":\"qt\",\"potentialAction\":[{\"@type\":\"CommentAction\",\"name\":\"Comment\",\"target\":[\"https:\\\/\\\/qtmm.org\\\/qt\\\/2013-cenesi-noyabr-2-kunu-saqta-regional-meclisnin-kenisletilgen-toplasuvi-kecirildi\\\/#respond\"]}]},{\"@type\":\"WebPage\",\"@id\":\"https:\\\/\\\/qtmm.org\\\/qt\\\/2013-cenesi-noyabr-2-kunu-saqta-regional-meclisnin-kenisletilgen-toplasuvi-kecirildi\\\/\",\"url\":\"https:\\\/\\\/qtmm.org\\\/qt\\\/2013-cenesi-noyabr-2-kunu-saqta-regional-meclisnin-kenisletilgen-toplasuvi-kecirildi\\\/\",\"name\":\"2013 cenesi noyabr 2 k\u00fcn\u00fc Saqta regional meclisni\u00f1 keni\u015fletilgen topla\u015fuv\u0131 ke\u00e7irildi - \u041c\u0435\u0434\u0436\u043b\u0456\u0441\",\"isPartOf\":{\"@id\":\"https:\\\/\\\/qtmm.org\\\/qt\\\/#website\"},\"primaryImageOfPage\":{\"@id\":\"https:\\\/\\\/qtmm.org\\\/qt\\\/2013-cenesi-noyabr-2-kunu-saqta-regional-meclisnin-kenisletilgen-toplasuvi-kecirildi\\\/#primaryimage\"},\"image\":{\"@id\":\"https:\\\/\\\/qtmm.org\\\/qt\\\/2013-cenesi-noyabr-2-kunu-saqta-regional-meclisnin-kenisletilgen-toplasuvi-kecirildi\\\/#primaryimage\"},\"thumbnailUrl\":\"https:\\\/\\\/qtmm.org\\\/wp-content\\\/uploads\\\/2022\\\/01\\\/3_103.jpeg\",\"datePublished\":\"2013-11-03T21:41:00+00:00\",\"dateModified\":\"2022-01-25T21:42:57+00:00\",\"breadcrumb\":{\"@id\":\"https:\\\/\\\/qtmm.org\\\/qt\\\/2013-cenesi-noyabr-2-kunu-saqta-regional-meclisnin-kenisletilgen-toplasuvi-kecirildi\\\/#breadcrumb\"},\"inLanguage\":\"qt\",\"potentialAction\":[{\"@type\":\"ReadAction\",\"target\":[\"https:\\\/\\\/qtmm.org\\\/qt\\\/2013-cenesi-noyabr-2-kunu-saqta-regional-meclisnin-kenisletilgen-toplasuvi-kecirildi\\\/\"]}]},{\"@type\":\"ImageObject\",\"inLanguage\":\"qt\",\"@id\":\"https:\\\/\\\/qtmm.org\\\/qt\\\/2013-cenesi-noyabr-2-kunu-saqta-regional-meclisnin-kenisletilgen-toplasuvi-kecirildi\\\/#primaryimage\",\"url\":\"https:\\\/\\\/qtmm.org\\\/wp-content\\\/uploads\\\/2022\\\/01\\\/3_103.jpeg\",\"contentUrl\":\"https:\\\/\\\/qtmm.org\\\/wp-content\\\/uploads\\\/2022\\\/01\\\/3_103.jpeg\",\"width\":650,\"height\":370},{\"@type\":\"BreadcrumbList\",\"@id\":\"https:\\\/\\\/qtmm.org\\\/qt\\\/2013-cenesi-noyabr-2-kunu-saqta-regional-meclisnin-kenisletilgen-toplasuvi-kecirildi\\\/#breadcrumb\",\"itemListElement\":[{\"@type\":\"ListItem\",\"position\":1,\"name\":\"\u0413\u043e\u043b\u043e\u0432\u043d\u0430\",\"item\":\"https:\\\/\\\/qtmm.org\\\/qt\\\/\"},{\"@type\":\"ListItem\",\"position\":2,\"name\":\"2013 cenesi noyabr 2 k\u00fcn\u00fc Saqta regional meclisni\u00f1 keni\u015fletilgen topla\u015fuv\u0131 ke\u00e7irildi\"}]},{\"@type\":\"WebSite\",\"@id\":\"https:\\\/\\\/qtmm.org\\\/qt\\\/#website\",\"url\":\"https:\\\/\\\/qtmm.org\\\/qt\\\/\",\"name\":\"\u041c\u0435\u0434\u0436\u043b\u0456\u0441\",\"description\":\"\",\"publisher\":{\"@id\":\"https:\\\/\\\/qtmm.org\\\/qt\\\/#organization\"},\"potentialAction\":[{\"@type\":\"SearchAction\",\"target\":{\"@type\":\"EntryPoint\",\"urlTemplate\":\"https:\\\/\\\/qtmm.org\\\/qt\\\/?s={search_term_string}\"},\"query-input\":{\"@type\":\"PropertyValueSpecification\",\"valueRequired\":true,\"valueName\":\"search_term_string\"}}],\"inLanguage\":\"qt\"},{\"@type\":\"Organization\",\"@id\":\"https:\\\/\\\/qtmm.org\\\/qt\\\/#organization\",\"name\":\"\u041c\u0435\u0434\u0436\u043b\u0456\u0441\",\"url\":\"https:\\\/\\\/qtmm.org\\\/qt\\\/\",\"logo\":{\"@type\":\"ImageObject\",\"inLanguage\":\"qt\",\"@id\":\"https:\\\/\\\/qtmm.org\\\/qt\\\/#\\\/schema\\\/logo\\\/image\\\/\",\"url\":\"https:\\\/\\\/qtmm.org\\\/wp-content\\\/uploads\\\/2024\\\/12\\\/ua-mejlis-logo-rgb.svg\",\"contentUrl\":\"https:\\\/\\\/qtmm.org\\\/wp-content\\\/uploads\\\/2024\\\/12\\\/ua-mejlis-logo-rgb.svg\",\"caption\":\"\u041c\u0435\u0434\u0436\u043b\u0456\u0441\"},\"image\":{\"@id\":\"https:\\\/\\\/qtmm.org\\\/qt\\\/#\\\/schema\\\/logo\\\/image\\\/\"},\"sameAs\":[\"https:\\\/\\\/www.facebook.com\\\/qtmm.info\\\/\"]},{\"@type\":\"Person\",\"@id\":\"https:\\\/\\\/qtmm.org\\\/qt\\\/#\\\/schema\\\/person\\\/de562469f971dec226ac06e60bbf74a7\",\"name\":\"Developer\",\"image\":{\"@type\":\"ImageObject\",\"inLanguage\":\"qt\",\"@id\":\"https:\\\/\\\/secure.gravatar.com\\\/avatar\\\/392b4cc8fbfeb00b39dfeeab4ee6edded39ffd48e25858637e4765810300227e?s=96&d=mm&r=g\",\"url\":\"https:\\\/\\\/secure.gravatar.com\\\/avatar\\\/392b4cc8fbfeb00b39dfeeab4ee6edded39ffd48e25858637e4765810300227e?s=96&d=mm&r=g\",\"contentUrl\":\"https:\\\/\\\/secure.gravatar.com\\\/avatar\\\/392b4cc8fbfeb00b39dfeeab4ee6edded39ffd48e25858637e4765810300227e?s=96&d=mm&r=g\",\"caption\":\"Developer\"},\"url\":\"https:\\\/\\\/qtmm.org\\\/qt\\\/author\\\/Developer\\\/\"}]}<\/script>\n<!-- \/ Yoast SEO plugin. -->","yoast_head_json":{"title":"2013 cenesi noyabr 2 k\u00fcn\u00fc Saqta regional meclisni\u00f1 keni\u015fletilgen topla\u015fuv\u0131 ke\u00e7irildi - \u041c\u0435\u0434\u0436\u043b\u0456\u0441","robots":{"index":"index","follow":"follow","max-snippet":"max-snippet:-1","max-image-preview":"max-image-preview:large","max-video-preview":"max-video-preview:-1"},"canonical":"https:\/\/qtmm.org\/qt\/2013-cenesi-noyabr-2-kunu-saqta-regional-meclisnin-kenisletilgen-toplasuvi-kecirildi\/","og_locale":"en_US","og_type":"article","og_title":"2013 cenesi noyabr 2 k\u00fcn\u00fc Saqta regional meclisni\u00f1 keni\u015fletilgen topla\u015fuv\u0131 ke\u00e7irildi - \u041c\u0435\u0434\u0436\u043b\u0456\u0441","og_description":"Topla\u015fuv i\u015finde Milliy Meclis reisi Refat \u00c7ubarov, Meclis azalar\u0131 Ahtem \u00c7\u0130YGOZ, Zaur SM\u0130RNOV, Mustafa MAU\u015eEV, Ayder AC\u0130MAMBETOV ve Dinara SEYTGAZ\u0130YEVA, bun\u0131\u00f1 kibi de &#8220;\u0130nki\u015faf&#8221; cemaat te\u015fkil\u00e2t\u0131ndan VI \u00e7a\u011f\u0131r\u0131l\u0131\u015f Qurultay\u0131na se\u00e7ilgen delegatlar\u0131, Ukraina halq deputat\u0131 \u00d6leg PARASK\u0130V, Saq rayon \u015furas\u0131nda &#8220;Kurultay-Ruh&#8221; fraktsiyas\u0131n\u0131\u00f1 azalar\u0131 i\u015ftirak ettiler. Saq regional meclis reisi Eskender Bil\u00e2lov okt\u00e2br 26-27 k\u00fcnleri Aqmescitte ol\u0131p [&hellip;]","og_url":"https:\/\/qtmm.org\/qt\/2013-cenesi-noyabr-2-kunu-saqta-regional-meclisnin-kenisletilgen-toplasuvi-kecirildi\/","og_site_name":"\u041c\u0435\u0434\u0436\u043b\u0456\u0441","article_publisher":"https:\/\/www.facebook.com\/qtmm.info\/","article_published_time":"2013-11-03T21:41:00+00:00","article_modified_time":"2022-01-25T21:42:57+00:00","og_image":[{"width":650,"height":370,"url":"https:\/\/qtmm.org\/wp-content\/uploads\/2022\/01\/3_103.jpeg","type":"image\/jpeg"}],"author":"Developer","twitter_card":"summary_large_image","twitter_misc":{"Written by":"Developer","Est. reading time":"1 minute"},"schema":{"@context":"https:\/\/schema.org","@graph":[{"@type":"Article","@id":"https:\/\/qtmm.org\/qt\/2013-cenesi-noyabr-2-kunu-saqta-regional-meclisnin-kenisletilgen-toplasuvi-kecirildi\/#article","isPartOf":{"@id":"https:\/\/qtmm.org\/qt\/2013-cenesi-noyabr-2-kunu-saqta-regional-meclisnin-kenisletilgen-toplasuvi-kecirildi\/"},"author":{"name":"Developer","@id":"https:\/\/qtmm.org\/qt\/#\/schema\/person\/de562469f971dec226ac06e60bbf74a7"},"headline":"2013 cenesi noyabr 2 k\u00fcn\u00fc Saqta regional meclisni\u00f1 keni\u015fletilgen topla\u015fuv\u0131 ke\u00e7irildi","datePublished":"2013-11-03T21:41:00+00:00","dateModified":"2022-01-25T21:42:57+00:00","mainEntityOfPage":{"@id":"https:\/\/qtmm.org\/qt\/2013-cenesi-noyabr-2-kunu-saqta-regional-meclisnin-kenisletilgen-toplasuvi-kecirildi\/"},"wordCount":135,"commentCount":0,"publisher":{"@id":"https:\/\/qtmm.org\/qt\/#organization"},"image":{"@id":"https:\/\/qtmm.org\/qt\/2013-cenesi-noyabr-2-kunu-saqta-regional-meclisnin-kenisletilgen-toplasuvi-kecirildi\/#primaryimage"},"thumbnailUrl":"https:\/\/qtmm.org\/wp-content\/uploads\/2022\/01\/3_103.jpeg","articleSection":["Haberler"],"inLanguage":"qt","potentialAction":[{"@type":"CommentAction","name":"Comment","target":["https:\/\/qtmm.org\/qt\/2013-cenesi-noyabr-2-kunu-saqta-regional-meclisnin-kenisletilgen-toplasuvi-kecirildi\/#respond"]}]},{"@type":"WebPage","@id":"https:\/\/qtmm.org\/qt\/2013-cenesi-noyabr-2-kunu-saqta-regional-meclisnin-kenisletilgen-toplasuvi-kecirildi\/","url":"https:\/\/qtmm.org\/qt\/2013-cenesi-noyabr-2-kunu-saqta-regional-meclisnin-kenisletilgen-toplasuvi-kecirildi\/","name":"2013 cenesi noyabr 2 k\u00fcn\u00fc Saqta regional meclisni\u00f1 keni\u015fletilgen topla\u015fuv\u0131 ke\u00e7irildi - \u041c\u0435\u0434\u0436\u043b\u0456\u0441","isPartOf":{"@id":"https:\/\/qtmm.org\/qt\/#website"},"primaryImageOfPage":{"@id":"https:\/\/qtmm.org\/qt\/2013-cenesi-noyabr-2-kunu-saqta-regional-meclisnin-kenisletilgen-toplasuvi-kecirildi\/#primaryimage"},"image":{"@id":"https:\/\/qtmm.org\/qt\/2013-cenesi-noyabr-2-kunu-saqta-regional-meclisnin-kenisletilgen-toplasuvi-kecirildi\/#primaryimage"},"thumbnailUrl":"https:\/\/qtmm.org\/wp-content\/uploads\/2022\/01\/3_103.jpeg","datePublished":"2013-11-03T21:41:00+00:00","dateModified":"2022-01-25T21:42:57+00:00","breadcrumb":{"@id":"https:\/\/qtmm.org\/qt\/2013-cenesi-noyabr-2-kunu-saqta-regional-meclisnin-kenisletilgen-toplasuvi-kecirildi\/#breadcrumb"},"inLanguage":"qt","potentialAction":[{"@type":"ReadAction","target":["https:\/\/qtmm.org\/qt\/2013-cenesi-noyabr-2-kunu-saqta-regional-meclisnin-kenisletilgen-toplasuvi-kecirildi\/"]}]},{"@type":"ImageObject","inLanguage":"qt","@id":"https:\/\/qtmm.org\/qt\/2013-cenesi-noyabr-2-kunu-saqta-regional-meclisnin-kenisletilgen-toplasuvi-kecirildi\/#primaryimage","url":"https:\/\/qtmm.org\/wp-content\/uploads\/2022\/01\/3_103.jpeg","contentUrl":"https:\/\/qtmm.org\/wp-content\/uploads\/2022\/01\/3_103.jpeg","width":650,"height":370},{"@type":"BreadcrumbList","@id":"https:\/\/qtmm.org\/qt\/2013-cenesi-noyabr-2-kunu-saqta-regional-meclisnin-kenisletilgen-toplasuvi-kecirildi\/#breadcrumb","itemListElement":[{"@type":"ListItem","position":1,"name":"\u0413\u043e\u043b\u043e\u0432\u043d\u0430","item":"https:\/\/qtmm.org\/qt\/"},{"@type":"ListItem","position":2,"name":"2013 cenesi noyabr 2 k\u00fcn\u00fc Saqta regional meclisni\u00f1 keni\u015fletilgen topla\u015fuv\u0131 ke\u00e7irildi"}]},{"@type":"WebSite","@id":"https:\/\/qtmm.org\/qt\/#website","url":"https:\/\/qtmm.org\/qt\/","name":"\u041c\u0435\u0434\u0436\u043b\u0456\u0441","description":"","publisher":{"@id":"https:\/\/qtmm.org\/qt\/#organization"},"potentialAction":[{"@type":"SearchAction","target":{"@type":"EntryPoint","urlTemplate":"https:\/\/qtmm.org\/qt\/?s={search_term_string}"},"query-input":{"@type":"PropertyValueSpecification","valueRequired":true,"valueName":"search_term_string"}}],"inLanguage":"qt"},{"@type":"Organization","@id":"https:\/\/qtmm.org\/qt\/#organization","name":"\u041c\u0435\u0434\u0436\u043b\u0456\u0441","url":"https:\/\/qtmm.org\/qt\/","logo":{"@type":"ImageObject","inLanguage":"qt","@id":"https:\/\/qtmm.org\/qt\/#\/schema\/logo\/image\/","url":"https:\/\/qtmm.org\/wp-content\/uploads\/2024\/12\/ua-mejlis-logo-rgb.svg","contentUrl":"https:\/\/qtmm.org\/wp-content\/uploads\/2024\/12\/ua-mejlis-logo-rgb.svg","caption":"\u041c\u0435\u0434\u0436\u043b\u0456\u0441"},"image":{"@id":"https:\/\/qtmm.org\/qt\/#\/schema\/logo\/image\/"},"sameAs":["https:\/\/www.facebook.com\/qtmm.info\/"]},{"@type":"Person","@id":"https:\/\/qtmm.org\/qt\/#\/schema\/person\/de562469f971dec226ac06e60bbf74a7","name":"Developer","image":{"@type":"ImageObject","inLanguage":"qt","@id":"https:\/\/secure.gravatar.com\/avatar\/392b4cc8fbfeb00b39dfeeab4ee6edded39ffd48e25858637e4765810300227e?s=96&d=mm&r=g","url":"https:\/\/secure.gravatar.com\/avatar\/392b4cc8fbfeb00b39dfeeab4ee6edded39ffd48e25858637e4765810300227e?s=96&d=mm&r=g","contentUrl":"https:\/\/secure.gravatar.com\/avatar\/392b4cc8fbfeb00b39dfeeab4ee6edded39ffd48e25858637e4765810300227e?s=96&d=mm&r=g","caption":"Developer"},"url":"https:\/\/qtmm.org\/qt\/author\/Developer\/"}]}},"_links":{"self":[{"href":"https:\/\/qtmm.org\/qt\/wp-json\/wp\/v2\/posts\/40119","targetHints":{"allow":["GET"]}}],"collection":[{"href":"https:\/\/qtmm.org\/qt\/wp-json\/wp\/v2\/posts"}],"about":[{"href":"https:\/\/qtmm.org\/qt\/wp-json\/wp\/v2\/types\/post"}],"author":[{"embeddable":true,"href":"https:\/\/qtmm.org\/qt\/wp-json\/wp\/v2\/users\/1"}],"replies":[{"embeddable":true,"href":"https:\/\/qtmm.org\/qt\/wp-json\/wp\/v2\/comments?post=40119"}],"version-history":[{"count":1,"href":"https:\/\/qtmm.org\/qt\/wp-json\/wp\/v2\/posts\/40119\/revisions"}],"predecessor-version":[{"id":40140,"href":"https:\/\/qtmm.org\/qt\/wp-json\/wp\/v2\/posts\/40119\/revisions\/40140"}],"wp:featuredmedia":[{"embeddable":true,"href":"https:\/\/qtmm.org\/qt\/wp-json\/wp\/v2\/media\/40120"}],"wp:attachment":[{"href":"https:\/\/qtmm.org\/qt\/wp-json\/wp\/v2\/media?parent=40119"}],"wp:term":[{"taxonomy":"category","embeddable":true,"href":"https:\/\/qtmm.org\/qt\/wp-json\/wp\/v2\/categories?post=40119"},{"taxonomy":"post_tag","embeddable":true,"href":"https:\/\/qtmm.org\/qt\/wp-json\/wp\/v2\/tags?post=40119"}],"curies":[{"name":"wp","href":"https:\/\/api.w.org\/{rel}","templated":true}]}}