




{"id":40097,"date":"2013-11-01T00:39:00","date_gmt":"2013-10-31T21:39:00","guid":{"rendered":"http:\/\/qtmm.org\/?p=40097"},"modified":"2022-01-26T00:41:15","modified_gmt":"2022-01-25T21:41:15","slug":"meclis-reisi-refat-cubarov-tatargosdram-teatr-artisti-saniye-nalbantovani-95-yasinen-hayirladi","status":"publish","type":"post","link":"https:\/\/qtmm.org\/qt\/meclis-reisi-refat-cubarov-tatargosdram-teatr-artisti-saniye-nalbantovani-95-yasinen-hayirladi\/","title":{"rendered":"Meclis reisi Refat \u00c7UBAROV \u00abTatargosdram teatr\u00bb artisti Saniye Nalbantovan\u0131 95 ya\u015f\u0131nen hay\u0131rlad\u0131"},"content":{"rendered":"\n<p>Bug\u00fcn e\u00f1 istidatl\u0131 q\u0131r\u0131mtatar aktrisalardan biri, pek \u00e7oq y\u0131rlarn\u0131\u00f1 ve ustda icrac\u0131s\u0131 s\u00fcrg\u00fcnlikten evelki &#8220;TatarGosdram teatr&#8221; sanas\u0131nda parlaq rollerni yaratqan Saniye Nalbantova 95 ya\u015f\u0131n\u0131 qayd etmekte.<\/p>\n\n\n\n<div class=\"wp-block-image\"><figure class=\"aligncenter size-full\"><img loading=\"lazy\" decoding=\"async\" width=\"600\" height=\"770\" src=\"http:\/\/qtmm.org\/wp-content\/uploads\/2022\/01\/sn2.jpeg\" alt=\"\" class=\"wp-image-40098\" srcset=\"https:\/\/qtmm.org\/wp-content\/uploads\/2022\/01\/sn2.jpeg 600w, https:\/\/qtmm.org\/wp-content\/uploads\/2022\/01\/sn2-234x300.jpeg 234w\" sizes=\"auto, (max-width: 600px) 100vw, 600px\" \/><\/figure><\/div>\n\n\n\n<p>Sabadan ta ke\u00e7 maalgece bu parlaq \u015fah\u0131sn\u0131 musafirler, Q\u0131r\u0131mtatar akademik muz\u0131kal\u0131 drama teatrini\u00f1 artistleri ziyaret etmekteler.<\/p>\n\n\n\n<figure class=\"wp-block-image size-full\"><img loading=\"lazy\" decoding=\"async\" width=\"800\" height=\"600\" src=\"http:\/\/qtmm.org\/wp-content\/uploads\/2022\/01\/1sn.jpeg\" alt=\"\" class=\"wp-image-40102\" srcset=\"https:\/\/qtmm.org\/wp-content\/uploads\/2022\/01\/1sn.jpeg 800w, https:\/\/qtmm.org\/wp-content\/uploads\/2022\/01\/1sn-300x225.jpeg 300w, https:\/\/qtmm.org\/wp-content\/uploads\/2022\/01\/1sn-768x576.jpeg 768w\" sizes=\"auto, (max-width: 800px) 100vw, 800px\" \/><\/figure>\n\n\n\n<figure class=\"wp-block-image size-full\"><img loading=\"lazy\" decoding=\"async\" width=\"800\" height=\"600\" src=\"http:\/\/qtmm.org\/wp-content\/uploads\/2022\/01\/sn3.jpeg\" alt=\"\" class=\"wp-image-40106\" srcset=\"https:\/\/qtmm.org\/wp-content\/uploads\/2022\/01\/sn3.jpeg 800w, https:\/\/qtmm.org\/wp-content\/uploads\/2022\/01\/sn3-300x225.jpeg 300w, https:\/\/qtmm.org\/wp-content\/uploads\/2022\/01\/sn3-768x576.jpeg 768w\" sizes=\"auto, (max-width: 800px) 100vw, 800px\" \/><\/figure>\n\n\n\n<p>Hansarayda ol\u011fan tantanal\u0131 merasimden so\u00f1 Milliy Meclis reisi Refat \u00c7ubarov ve Meclis azas\u0131 Sad\u0131h Tabah Saniye Nalbantovan\u0131 yubiley ile hay\u0131rlama\u011fa keldiler. Meclis reisi milliy teatr sanat\u0131n\u0131\u00f1 inki\u015faf\u0131na qo\u015fqan salmaql\u0131 issesi i\u00e7\u00fcn sanat\u00e7\u0131\u011fa samimiy minnetdarl\u0131\u011f\u0131n\u0131 bildirdi.<\/p>\n\n\n\n<figure class=\"wp-block-image size-full\"><img loading=\"lazy\" decoding=\"async\" width=\"800\" height=\"600\" src=\"http:\/\/qtmm.org\/wp-content\/uploads\/2022\/01\/sn5.jpeg\" alt=\"\" class=\"wp-image-40110\" srcset=\"https:\/\/qtmm.org\/wp-content\/uploads\/2022\/01\/sn5.jpeg 800w, https:\/\/qtmm.org\/wp-content\/uploads\/2022\/01\/sn5-300x225.jpeg 300w, https:\/\/qtmm.org\/wp-content\/uploads\/2022\/01\/sn5-768x576.jpeg 768w\" sizes=\"auto, (max-width: 800px) 100vw, 800px\" \/><\/figure>\n\n\n\n<p>Milliy Meclis reisi Refat \u00c7ubarov ve Meclis azas\u0131 Sad\u0131h Tabah Saniye han\u0131mn\u0131 Meclis ad\u0131ndan hay\u0131rlap, \u00e7e\u00e7ek ve bah\u015f\u0131\u015flar ba\u011f\u0131\u015flad\u0131lar.<\/p>\n\n\n\n<p>Musafirler Saniye han\u0131m\u011fa uzun \u00f6m\u00fcr, qaviy sa\u011fl\u0131q ve tend\u00fcristlik tilediler. Meclis azalar\u0131nen bir s\u0131rada Saniye han\u0131mn\u0131 III \u00e7a\u011f\u0131r\u0131l\u0131\u015f Qurultay\u0131n\u0131\u00f1 delegat\u0131 Beyye \u0130lyasova ve ATR telekanal\u0131nda &#8220;Tarih&#8221; sedas\u0131 programmas\u0131n\u0131\u00f1 m\u00fcellifi ve al\u0131p bar\u0131c\u0131s\u0131 G\u00fclnara BEK\u0130ROVA da hay\u0131rlad\u0131lar.<\/p>\n\n\n\n<figure class=\"wp-block-image size-full\"><img loading=\"lazy\" decoding=\"async\" width=\"800\" height=\"600\" src=\"http:\/\/qtmm.org\/wp-content\/uploads\/2022\/01\/sn8.jpeg\" alt=\"\" class=\"wp-image-40114\" srcset=\"https:\/\/qtmm.org\/wp-content\/uploads\/2022\/01\/sn8.jpeg 800w, https:\/\/qtmm.org\/wp-content\/uploads\/2022\/01\/sn8-300x225.jpeg 300w, https:\/\/qtmm.org\/wp-content\/uploads\/2022\/01\/sn8-768x576.jpeg 768w\" sizes=\"auto, (max-width: 800px) 100vw, 800px\" \/><\/figure>\n","protected":false},"excerpt":{"rendered":"<p>Bug\u00fcn e\u00f1 istidatl\u0131 q\u0131r\u0131mtatar aktrisalardan biri, pek \u00e7oq y\u0131rlarn\u0131\u00f1 ve ustda icrac\u0131s\u0131 s\u00fcrg\u00fcnlikten evelki &#8220;TatarGosdram teatr&#8221; sanas\u0131nda parlaq rollerni yaratqan Saniye Nalbantova 95 ya\u015f\u0131n\u0131 qayd etmekte. Sabadan ta ke\u00e7 maalgece bu parlaq \u015fah\u0131sn\u0131 musafirler, Q\u0131r\u0131mtatar akademik muz\u0131kal\u0131 drama teatrini\u00f1 artistleri ziyaret etmekteler. Hansarayda ol\u011fan tantanal\u0131 merasimden so\u00f1 Milliy Meclis reisi Refat \u00c7ubarov ve Meclis azas\u0131 [&hellip;]<\/p>\n","protected":false},"author":1,"featured_media":0,"comment_status":"open","ping_status":"open","sticky":false,"template":"","format":"standard","meta":{"inline_featured_image":false,"footnotes":""},"categories":[265],"tags":[],"class_list":["post-40097","post","type-post","status-publish","format-standard","hentry","category-haberler"],"acf":[],"yoast_head":"<!-- This site is optimized with the Yoast SEO plugin v27.4 - https:\/\/yoast.com\/product\/yoast-seo-wordpress\/ -->\n<title>Meclis reisi Refat \u00c7UBAROV \u00abTatargosdram teatr\u00bb artisti Saniye Nalbantovan\u0131 95 ya\u015f\u0131nen hay\u0131rlad\u0131 - \u041c\u0435\u0434\u0436\u043b\u0456\u0441<\/title>\n<meta name=\"robots\" content=\"index, follow, max-snippet:-1, max-image-preview:large, max-video-preview:-1\" \/>\n<link rel=\"canonical\" href=\"https:\/\/qtmm.org\/qt\/meclis-reisi-refat-cubarov-tatargosdram-teatr-artisti-saniye-nalbantovani-95-yasinen-hayirladi\/\" \/>\n<meta property=\"og:locale\" content=\"en_US\" \/>\n<meta property=\"og:type\" content=\"article\" \/>\n<meta property=\"og:title\" content=\"Meclis reisi Refat \u00c7UBAROV \u00abTatargosdram teatr\u00bb artisti Saniye Nalbantovan\u0131 95 ya\u015f\u0131nen hay\u0131rlad\u0131 - \u041c\u0435\u0434\u0436\u043b\u0456\u0441\" \/>\n<meta property=\"og:description\" content=\"Bug\u00fcn e\u00f1 istidatl\u0131 q\u0131r\u0131mtatar aktrisalardan biri, pek \u00e7oq y\u0131rlarn\u0131\u00f1 ve ustda icrac\u0131s\u0131 s\u00fcrg\u00fcnlikten evelki &#8220;TatarGosdram teatr&#8221; sanas\u0131nda parlaq rollerni yaratqan Saniye Nalbantova 95 ya\u015f\u0131n\u0131 qayd etmekte. Sabadan ta ke\u00e7 maalgece bu parlaq \u015fah\u0131sn\u0131 musafirler, Q\u0131r\u0131mtatar akademik muz\u0131kal\u0131 drama teatrini\u00f1 artistleri ziyaret etmekteler. Hansarayda ol\u011fan tantanal\u0131 merasimden so\u00f1 Milliy Meclis reisi Refat \u00c7ubarov ve Meclis azas\u0131 [&hellip;]\" \/>\n<meta property=\"og:url\" content=\"https:\/\/qtmm.org\/qt\/meclis-reisi-refat-cubarov-tatargosdram-teatr-artisti-saniye-nalbantovani-95-yasinen-hayirladi\/\" \/>\n<meta property=\"og:site_name\" content=\"\u041c\u0435\u0434\u0436\u043b\u0456\u0441\" \/>\n<meta property=\"article:publisher\" content=\"https:\/\/www.facebook.com\/qtmm.info\/\" \/>\n<meta property=\"article:published_time\" content=\"2013-10-31T21:39:00+00:00\" \/>\n<meta property=\"article:modified_time\" content=\"2022-01-25T21:41:15+00:00\" \/>\n<meta property=\"og:image\" content=\"https:\/\/qtmm.org\/wp-content\/uploads\/2022\/01\/sn2.jpeg\" \/>\n\t<meta property=\"og:image:width\" content=\"600\" \/>\n\t<meta property=\"og:image:height\" content=\"770\" \/>\n\t<meta property=\"og:image:type\" content=\"image\/jpeg\" \/>\n<meta name=\"author\" content=\"Developer\" \/>\n<meta name=\"twitter:card\" content=\"summary_large_image\" \/>\n<meta name=\"twitter:label1\" content=\"Written by\" \/>\n\t<meta name=\"twitter:data1\" content=\"Developer\" \/>\n\t<meta name=\"twitter:label2\" content=\"Est. reading time\" \/>\n\t<meta name=\"twitter:data2\" content=\"1 minute\" \/>\n<script type=\"application\/ld+json\" class=\"yoast-schema-graph\">{\"@context\":\"https:\\\/\\\/schema.org\",\"@graph\":[{\"@type\":\"Article\",\"@id\":\"https:\\\/\\\/qtmm.org\\\/qt\\\/meclis-reisi-refat-cubarov-tatargosdram-teatr-artisti-saniye-nalbantovani-95-yasinen-hayirladi\\\/#article\",\"isPartOf\":{\"@id\":\"https:\\\/\\\/qtmm.org\\\/qt\\\/meclis-reisi-refat-cubarov-tatargosdram-teatr-artisti-saniye-nalbantovani-95-yasinen-hayirladi\\\/\"},\"author\":{\"name\":\"Developer\",\"@id\":\"https:\\\/\\\/qtmm.org\\\/qt\\\/#\\\/schema\\\/person\\\/de562469f971dec226ac06e60bbf74a7\"},\"headline\":\"Meclis reisi Refat \u00c7UBAROV \u00abTatargosdram teatr\u00bb artisti Saniye Nalbantovan\u0131 95 ya\u015f\u0131nen hay\u0131rlad\u0131\",\"datePublished\":\"2013-10-31T21:39:00+00:00\",\"dateModified\":\"2022-01-25T21:41:15+00:00\",\"mainEntityOfPage\":{\"@id\":\"https:\\\/\\\/qtmm.org\\\/qt\\\/meclis-reisi-refat-cubarov-tatargosdram-teatr-artisti-saniye-nalbantovani-95-yasinen-hayirladi\\\/\"},\"wordCount\":198,\"commentCount\":0,\"publisher\":{\"@id\":\"https:\\\/\\\/qtmm.org\\\/qt\\\/#organization\"},\"image\":{\"@id\":\"https:\\\/\\\/qtmm.org\\\/qt\\\/meclis-reisi-refat-cubarov-tatargosdram-teatr-artisti-saniye-nalbantovani-95-yasinen-hayirladi\\\/#primaryimage\"},\"thumbnailUrl\":\"http:\\\/\\\/qtmm.org\\\/wp-content\\\/uploads\\\/2022\\\/01\\\/sn2.jpeg\",\"articleSection\":[\"Haberler\"],\"inLanguage\":\"qt\",\"potentialAction\":[{\"@type\":\"CommentAction\",\"name\":\"Comment\",\"target\":[\"https:\\\/\\\/qtmm.org\\\/qt\\\/meclis-reisi-refat-cubarov-tatargosdram-teatr-artisti-saniye-nalbantovani-95-yasinen-hayirladi\\\/#respond\"]}]},{\"@type\":\"WebPage\",\"@id\":\"https:\\\/\\\/qtmm.org\\\/qt\\\/meclis-reisi-refat-cubarov-tatargosdram-teatr-artisti-saniye-nalbantovani-95-yasinen-hayirladi\\\/\",\"url\":\"https:\\\/\\\/qtmm.org\\\/qt\\\/meclis-reisi-refat-cubarov-tatargosdram-teatr-artisti-saniye-nalbantovani-95-yasinen-hayirladi\\\/\",\"name\":\"Meclis reisi Refat \u00c7UBAROV \u00abTatargosdram teatr\u00bb artisti Saniye Nalbantovan\u0131 95 ya\u015f\u0131nen hay\u0131rlad\u0131 - \u041c\u0435\u0434\u0436\u043b\u0456\u0441\",\"isPartOf\":{\"@id\":\"https:\\\/\\\/qtmm.org\\\/qt\\\/#website\"},\"primaryImageOfPage\":{\"@id\":\"https:\\\/\\\/qtmm.org\\\/qt\\\/meclis-reisi-refat-cubarov-tatargosdram-teatr-artisti-saniye-nalbantovani-95-yasinen-hayirladi\\\/#primaryimage\"},\"image\":{\"@id\":\"https:\\\/\\\/qtmm.org\\\/qt\\\/meclis-reisi-refat-cubarov-tatargosdram-teatr-artisti-saniye-nalbantovani-95-yasinen-hayirladi\\\/#primaryimage\"},\"thumbnailUrl\":\"http:\\\/\\\/qtmm.org\\\/wp-content\\\/uploads\\\/2022\\\/01\\\/sn2.jpeg\",\"datePublished\":\"2013-10-31T21:39:00+00:00\",\"dateModified\":\"2022-01-25T21:41:15+00:00\",\"breadcrumb\":{\"@id\":\"https:\\\/\\\/qtmm.org\\\/qt\\\/meclis-reisi-refat-cubarov-tatargosdram-teatr-artisti-saniye-nalbantovani-95-yasinen-hayirladi\\\/#breadcrumb\"},\"inLanguage\":\"qt\",\"potentialAction\":[{\"@type\":\"ReadAction\",\"target\":[\"https:\\\/\\\/qtmm.org\\\/qt\\\/meclis-reisi-refat-cubarov-tatargosdram-teatr-artisti-saniye-nalbantovani-95-yasinen-hayirladi\\\/\"]}]},{\"@type\":\"ImageObject\",\"inLanguage\":\"qt\",\"@id\":\"https:\\\/\\\/qtmm.org\\\/qt\\\/meclis-reisi-refat-cubarov-tatargosdram-teatr-artisti-saniye-nalbantovani-95-yasinen-hayirladi\\\/#primaryimage\",\"url\":\"http:\\\/\\\/qtmm.org\\\/wp-content\\\/uploads\\\/2022\\\/01\\\/sn2.jpeg\",\"contentUrl\":\"http:\\\/\\\/qtmm.org\\\/wp-content\\\/uploads\\\/2022\\\/01\\\/sn2.jpeg\"},{\"@type\":\"BreadcrumbList\",\"@id\":\"https:\\\/\\\/qtmm.org\\\/qt\\\/meclis-reisi-refat-cubarov-tatargosdram-teatr-artisti-saniye-nalbantovani-95-yasinen-hayirladi\\\/#breadcrumb\",\"itemListElement\":[{\"@type\":\"ListItem\",\"position\":1,\"name\":\"\u0413\u043e\u043b\u043e\u0432\u043d\u0430\",\"item\":\"https:\\\/\\\/qtmm.org\\\/qt\\\/\"},{\"@type\":\"ListItem\",\"position\":2,\"name\":\"Meclis reisi Refat \u00c7UBAROV \u00abTatargosdram teatr\u00bb artisti Saniye Nalbantovan\u0131 95 ya\u015f\u0131nen hay\u0131rlad\u0131\"}]},{\"@type\":\"WebSite\",\"@id\":\"https:\\\/\\\/qtmm.org\\\/qt\\\/#website\",\"url\":\"https:\\\/\\\/qtmm.org\\\/qt\\\/\",\"name\":\"\u041c\u0435\u0434\u0436\u043b\u0456\u0441\",\"description\":\"\",\"publisher\":{\"@id\":\"https:\\\/\\\/qtmm.org\\\/qt\\\/#organization\"},\"potentialAction\":[{\"@type\":\"SearchAction\",\"target\":{\"@type\":\"EntryPoint\",\"urlTemplate\":\"https:\\\/\\\/qtmm.org\\\/qt\\\/?s={search_term_string}\"},\"query-input\":{\"@type\":\"PropertyValueSpecification\",\"valueRequired\":true,\"valueName\":\"search_term_string\"}}],\"inLanguage\":\"qt\"},{\"@type\":\"Organization\",\"@id\":\"https:\\\/\\\/qtmm.org\\\/qt\\\/#organization\",\"name\":\"\u041c\u0435\u0434\u0436\u043b\u0456\u0441\",\"url\":\"https:\\\/\\\/qtmm.org\\\/qt\\\/\",\"logo\":{\"@type\":\"ImageObject\",\"inLanguage\":\"qt\",\"@id\":\"https:\\\/\\\/qtmm.org\\\/qt\\\/#\\\/schema\\\/logo\\\/image\\\/\",\"url\":\"https:\\\/\\\/qtmm.org\\\/wp-content\\\/uploads\\\/2024\\\/12\\\/ua-mejlis-logo-rgb.svg\",\"contentUrl\":\"https:\\\/\\\/qtmm.org\\\/wp-content\\\/uploads\\\/2024\\\/12\\\/ua-mejlis-logo-rgb.svg\",\"caption\":\"\u041c\u0435\u0434\u0436\u043b\u0456\u0441\"},\"image\":{\"@id\":\"https:\\\/\\\/qtmm.org\\\/qt\\\/#\\\/schema\\\/logo\\\/image\\\/\"},\"sameAs\":[\"https:\\\/\\\/www.facebook.com\\\/qtmm.info\\\/\"]},{\"@type\":\"Person\",\"@id\":\"https:\\\/\\\/qtmm.org\\\/qt\\\/#\\\/schema\\\/person\\\/de562469f971dec226ac06e60bbf74a7\",\"name\":\"Developer\",\"image\":{\"@type\":\"ImageObject\",\"inLanguage\":\"qt\",\"@id\":\"https:\\\/\\\/secure.gravatar.com\\\/avatar\\\/392b4cc8fbfeb00b39dfeeab4ee6edded39ffd48e25858637e4765810300227e?s=96&d=mm&r=g\",\"url\":\"https:\\\/\\\/secure.gravatar.com\\\/avatar\\\/392b4cc8fbfeb00b39dfeeab4ee6edded39ffd48e25858637e4765810300227e?s=96&d=mm&r=g\",\"contentUrl\":\"https:\\\/\\\/secure.gravatar.com\\\/avatar\\\/392b4cc8fbfeb00b39dfeeab4ee6edded39ffd48e25858637e4765810300227e?s=96&d=mm&r=g\",\"caption\":\"Developer\"},\"url\":\"https:\\\/\\\/qtmm.org\\\/qt\\\/author\\\/Developer\\\/\"}]}<\/script>\n<!-- \/ Yoast SEO plugin. -->","yoast_head_json":{"title":"Meclis reisi Refat \u00c7UBAROV \u00abTatargosdram teatr\u00bb artisti Saniye Nalbantovan\u0131 95 ya\u015f\u0131nen hay\u0131rlad\u0131 - \u041c\u0435\u0434\u0436\u043b\u0456\u0441","robots":{"index":"index","follow":"follow","max-snippet":"max-snippet:-1","max-image-preview":"max-image-preview:large","max-video-preview":"max-video-preview:-1"},"canonical":"https:\/\/qtmm.org\/qt\/meclis-reisi-refat-cubarov-tatargosdram-teatr-artisti-saniye-nalbantovani-95-yasinen-hayirladi\/","og_locale":"en_US","og_type":"article","og_title":"Meclis reisi Refat \u00c7UBAROV \u00abTatargosdram teatr\u00bb artisti Saniye Nalbantovan\u0131 95 ya\u015f\u0131nen hay\u0131rlad\u0131 - \u041c\u0435\u0434\u0436\u043b\u0456\u0441","og_description":"Bug\u00fcn e\u00f1 istidatl\u0131 q\u0131r\u0131mtatar aktrisalardan biri, pek \u00e7oq y\u0131rlarn\u0131\u00f1 ve ustda icrac\u0131s\u0131 s\u00fcrg\u00fcnlikten evelki &#8220;TatarGosdram teatr&#8221; sanas\u0131nda parlaq rollerni yaratqan Saniye Nalbantova 95 ya\u015f\u0131n\u0131 qayd etmekte. Sabadan ta ke\u00e7 maalgece bu parlaq \u015fah\u0131sn\u0131 musafirler, Q\u0131r\u0131mtatar akademik muz\u0131kal\u0131 drama teatrini\u00f1 artistleri ziyaret etmekteler. Hansarayda ol\u011fan tantanal\u0131 merasimden so\u00f1 Milliy Meclis reisi Refat \u00c7ubarov ve Meclis azas\u0131 [&hellip;]","og_url":"https:\/\/qtmm.org\/qt\/meclis-reisi-refat-cubarov-tatargosdram-teatr-artisti-saniye-nalbantovani-95-yasinen-hayirladi\/","og_site_name":"\u041c\u0435\u0434\u0436\u043b\u0456\u0441","article_publisher":"https:\/\/www.facebook.com\/qtmm.info\/","article_published_time":"2013-10-31T21:39:00+00:00","article_modified_time":"2022-01-25T21:41:15+00:00","og_image":[{"width":600,"height":770,"url":"https:\/\/qtmm.org\/wp-content\/uploads\/2022\/01\/sn2.jpeg","type":"image\/jpeg"}],"author":"Developer","twitter_card":"summary_large_image","twitter_misc":{"Written by":"Developer","Est. reading time":"1 minute"},"schema":{"@context":"https:\/\/schema.org","@graph":[{"@type":"Article","@id":"https:\/\/qtmm.org\/qt\/meclis-reisi-refat-cubarov-tatargosdram-teatr-artisti-saniye-nalbantovani-95-yasinen-hayirladi\/#article","isPartOf":{"@id":"https:\/\/qtmm.org\/qt\/meclis-reisi-refat-cubarov-tatargosdram-teatr-artisti-saniye-nalbantovani-95-yasinen-hayirladi\/"},"author":{"name":"Developer","@id":"https:\/\/qtmm.org\/qt\/#\/schema\/person\/de562469f971dec226ac06e60bbf74a7"},"headline":"Meclis reisi Refat \u00c7UBAROV \u00abTatargosdram teatr\u00bb artisti Saniye Nalbantovan\u0131 95 ya\u015f\u0131nen hay\u0131rlad\u0131","datePublished":"2013-10-31T21:39:00+00:00","dateModified":"2022-01-25T21:41:15+00:00","mainEntityOfPage":{"@id":"https:\/\/qtmm.org\/qt\/meclis-reisi-refat-cubarov-tatargosdram-teatr-artisti-saniye-nalbantovani-95-yasinen-hayirladi\/"},"wordCount":198,"commentCount":0,"publisher":{"@id":"https:\/\/qtmm.org\/qt\/#organization"},"image":{"@id":"https:\/\/qtmm.org\/qt\/meclis-reisi-refat-cubarov-tatargosdram-teatr-artisti-saniye-nalbantovani-95-yasinen-hayirladi\/#primaryimage"},"thumbnailUrl":"http:\/\/qtmm.org\/wp-content\/uploads\/2022\/01\/sn2.jpeg","articleSection":["Haberler"],"inLanguage":"qt","potentialAction":[{"@type":"CommentAction","name":"Comment","target":["https:\/\/qtmm.org\/qt\/meclis-reisi-refat-cubarov-tatargosdram-teatr-artisti-saniye-nalbantovani-95-yasinen-hayirladi\/#respond"]}]},{"@type":"WebPage","@id":"https:\/\/qtmm.org\/qt\/meclis-reisi-refat-cubarov-tatargosdram-teatr-artisti-saniye-nalbantovani-95-yasinen-hayirladi\/","url":"https:\/\/qtmm.org\/qt\/meclis-reisi-refat-cubarov-tatargosdram-teatr-artisti-saniye-nalbantovani-95-yasinen-hayirladi\/","name":"Meclis reisi Refat \u00c7UBAROV \u00abTatargosdram teatr\u00bb artisti Saniye Nalbantovan\u0131 95 ya\u015f\u0131nen hay\u0131rlad\u0131 - \u041c\u0435\u0434\u0436\u043b\u0456\u0441","isPartOf":{"@id":"https:\/\/qtmm.org\/qt\/#website"},"primaryImageOfPage":{"@id":"https:\/\/qtmm.org\/qt\/meclis-reisi-refat-cubarov-tatargosdram-teatr-artisti-saniye-nalbantovani-95-yasinen-hayirladi\/#primaryimage"},"image":{"@id":"https:\/\/qtmm.org\/qt\/meclis-reisi-refat-cubarov-tatargosdram-teatr-artisti-saniye-nalbantovani-95-yasinen-hayirladi\/#primaryimage"},"thumbnailUrl":"http:\/\/qtmm.org\/wp-content\/uploads\/2022\/01\/sn2.jpeg","datePublished":"2013-10-31T21:39:00+00:00","dateModified":"2022-01-25T21:41:15+00:00","breadcrumb":{"@id":"https:\/\/qtmm.org\/qt\/meclis-reisi-refat-cubarov-tatargosdram-teatr-artisti-saniye-nalbantovani-95-yasinen-hayirladi\/#breadcrumb"},"inLanguage":"qt","potentialAction":[{"@type":"ReadAction","target":["https:\/\/qtmm.org\/qt\/meclis-reisi-refat-cubarov-tatargosdram-teatr-artisti-saniye-nalbantovani-95-yasinen-hayirladi\/"]}]},{"@type":"ImageObject","inLanguage":"qt","@id":"https:\/\/qtmm.org\/qt\/meclis-reisi-refat-cubarov-tatargosdram-teatr-artisti-saniye-nalbantovani-95-yasinen-hayirladi\/#primaryimage","url":"http:\/\/qtmm.org\/wp-content\/uploads\/2022\/01\/sn2.jpeg","contentUrl":"http:\/\/qtmm.org\/wp-content\/uploads\/2022\/01\/sn2.jpeg"},{"@type":"BreadcrumbList","@id":"https:\/\/qtmm.org\/qt\/meclis-reisi-refat-cubarov-tatargosdram-teatr-artisti-saniye-nalbantovani-95-yasinen-hayirladi\/#breadcrumb","itemListElement":[{"@type":"ListItem","position":1,"name":"\u0413\u043e\u043b\u043e\u0432\u043d\u0430","item":"https:\/\/qtmm.org\/qt\/"},{"@type":"ListItem","position":2,"name":"Meclis reisi Refat \u00c7UBAROV \u00abTatargosdram teatr\u00bb artisti Saniye Nalbantovan\u0131 95 ya\u015f\u0131nen hay\u0131rlad\u0131"}]},{"@type":"WebSite","@id":"https:\/\/qtmm.org\/qt\/#website","url":"https:\/\/qtmm.org\/qt\/","name":"\u041c\u0435\u0434\u0436\u043b\u0456\u0441","description":"","publisher":{"@id":"https:\/\/qtmm.org\/qt\/#organization"},"potentialAction":[{"@type":"SearchAction","target":{"@type":"EntryPoint","urlTemplate":"https:\/\/qtmm.org\/qt\/?s={search_term_string}"},"query-input":{"@type":"PropertyValueSpecification","valueRequired":true,"valueName":"search_term_string"}}],"inLanguage":"qt"},{"@type":"Organization","@id":"https:\/\/qtmm.org\/qt\/#organization","name":"\u041c\u0435\u0434\u0436\u043b\u0456\u0441","url":"https:\/\/qtmm.org\/qt\/","logo":{"@type":"ImageObject","inLanguage":"qt","@id":"https:\/\/qtmm.org\/qt\/#\/schema\/logo\/image\/","url":"https:\/\/qtmm.org\/wp-content\/uploads\/2024\/12\/ua-mejlis-logo-rgb.svg","contentUrl":"https:\/\/qtmm.org\/wp-content\/uploads\/2024\/12\/ua-mejlis-logo-rgb.svg","caption":"\u041c\u0435\u0434\u0436\u043b\u0456\u0441"},"image":{"@id":"https:\/\/qtmm.org\/qt\/#\/schema\/logo\/image\/"},"sameAs":["https:\/\/www.facebook.com\/qtmm.info\/"]},{"@type":"Person","@id":"https:\/\/qtmm.org\/qt\/#\/schema\/person\/de562469f971dec226ac06e60bbf74a7","name":"Developer","image":{"@type":"ImageObject","inLanguage":"qt","@id":"https:\/\/secure.gravatar.com\/avatar\/392b4cc8fbfeb00b39dfeeab4ee6edded39ffd48e25858637e4765810300227e?s=96&d=mm&r=g","url":"https:\/\/secure.gravatar.com\/avatar\/392b4cc8fbfeb00b39dfeeab4ee6edded39ffd48e25858637e4765810300227e?s=96&d=mm&r=g","contentUrl":"https:\/\/secure.gravatar.com\/avatar\/392b4cc8fbfeb00b39dfeeab4ee6edded39ffd48e25858637e4765810300227e?s=96&d=mm&r=g","caption":"Developer"},"url":"https:\/\/qtmm.org\/qt\/author\/Developer\/"}]}},"_links":{"self":[{"href":"https:\/\/qtmm.org\/qt\/wp-json\/wp\/v2\/posts\/40097","targetHints":{"allow":["GET"]}}],"collection":[{"href":"https:\/\/qtmm.org\/qt\/wp-json\/wp\/v2\/posts"}],"about":[{"href":"https:\/\/qtmm.org\/qt\/wp-json\/wp\/v2\/types\/post"}],"author":[{"embeddable":true,"href":"https:\/\/qtmm.org\/qt\/wp-json\/wp\/v2\/users\/1"}],"replies":[{"embeddable":true,"href":"https:\/\/qtmm.org\/qt\/wp-json\/wp\/v2\/comments?post=40097"}],"version-history":[{"count":1,"href":"https:\/\/qtmm.org\/qt\/wp-json\/wp\/v2\/posts\/40097\/revisions"}],"predecessor-version":[{"id":40118,"href":"https:\/\/qtmm.org\/qt\/wp-json\/wp\/v2\/posts\/40097\/revisions\/40118"}],"wp:attachment":[{"href":"https:\/\/qtmm.org\/qt\/wp-json\/wp\/v2\/media?parent=40097"}],"wp:term":[{"taxonomy":"category","embeddable":true,"href":"https:\/\/qtmm.org\/qt\/wp-json\/wp\/v2\/categories?post=40097"},{"taxonomy":"post_tag","embeddable":true,"href":"https:\/\/qtmm.org\/qt\/wp-json\/wp\/v2\/tags?post=40097"}],"curies":[{"name":"wp","href":"https:\/\/api.w.org\/{rel}","templated":true}]}}