




{"id":40067,"date":"2013-11-01T00:37:00","date_gmt":"2013-10-31T21:37:00","guid":{"rendered":"http:\/\/qtmm.org\/?p=40067"},"modified":"2022-01-26T00:39:27","modified_gmt":"2022-01-25T21:39:27","slug":"refat-cubarov-qirimtatar-halqi-oz-topraginda-aqlari-tolusinen-tiklenmesine-qadar-kuresecek","status":"publish","type":"post","link":"https:\/\/qtmm.org\/qt\/refat-cubarov-qirimtatar-halqi-oz-topraginda-aqlari-tolusinen-tiklenmesine-qadar-kuresecek\/","title":{"rendered":"Refat \u00c7ubarov: Q\u0131r\u0131mtatar halq\u0131 \u00f6z topra\u011f\u0131nda aqlar\u0131 tolus\u0131nen tiklenmesine qadar k\u00fcre\u015fecek"},"content":{"rendered":"\n<p>Cuma k\u00fcn\u00fc 2013 senesi noyabr 1-de Q\u0131r\u0131m hanl\u0131\u011f\u0131n\u0131\u00f1 tarihiy paytaht\u0131 Ba\u011f\u00e7asaraydaki Hansaray azbar\u0131nda ya\u00f1\u0131 saylan\u011fan Meclis reisi ve Meclis azalar\u0131 \u00f6z vazifelerine kiri\u015fmesini\u00f1 tantanal\u0131 merasimi ol\u0131p ke\u00e7ti<\/p>\n\n\n\n<p>Tantanal\u0131 merasimde Milliy Meclisni\u00f1 sab\u0131q reisi Mustafa Cemilev, Meclis reisi Refat \u00c7ubarov, evelki \u00e7a\u011f\u0131r\u0131l\u0131\u015f Qurultay\u0131, Meclis azalar\u0131, VI \u00e7a\u011f\u0131r\u0131l\u0131\u015f Qurultay\u0131n\u0131\u00f1 birinci sessiyas\u0131nda saylan\u011fan Meclis azalar\u0131, Tefti\u015f komissiyas\u0131n\u0131\u00f1 azalar\u0131, regional ve yerli meclis azalar\u0131, milliy areket veteranlar\u0131,milliy idare organlar\u0131n\u0131\u00f1 qoltutuv\u0131nda saylan\u011fan \u00e7e\u015fit seviyedeki \u015furalarn\u0131\u00f1 deputatlar\u0131, q\u0131r\u0131mtatar cemaat te\u015fkil\u00e2tlar\u0131n\u0131\u00f1 vekilleri, Ba\u011f\u00e7asaray sakinleri ve musafirler i\u015ftirak ettiler.<\/p>\n\n\n\n<figure class=\"wp-block-image size-full\"><img loading=\"lazy\" decoding=\"async\" width=\"650\" height=\"400\" src=\"http:\/\/qtmm.org\/wp-content\/uploads\/2022\/01\/img_2097.jpeg\" alt=\"\" class=\"wp-image-40068\" srcset=\"https:\/\/qtmm.org\/wp-content\/uploads\/2022\/01\/img_2097.jpeg 650w, https:\/\/qtmm.org\/wp-content\/uploads\/2022\/01\/img_2097-300x185.jpeg 300w\" sizes=\"auto, (max-width: 650px) 100vw, 650px\" \/><\/figure>\n\n\n\n<p>Merasim Hancamide cuma namaz\u0131ndan ve doquz Q\u0131r\u0131m han\u0131 ve aile azalar\u0131, saray zadek\u00e2nlar\u0131 defn etilgen hanlar qabristan\u0131nda duadan ba\u015fland\u0131.<\/p>\n\n\n\n<figure class=\"wp-block-image size-full\"><img loading=\"lazy\" decoding=\"async\" width=\"650\" height=\"355\" src=\"http:\/\/qtmm.org\/wp-content\/uploads\/2022\/01\/mezarlyk.jpeg\" alt=\"\" class=\"wp-image-40072\" srcset=\"https:\/\/qtmm.org\/wp-content\/uploads\/2022\/01\/mezarlyk.jpeg 650w, https:\/\/qtmm.org\/wp-content\/uploads\/2022\/01\/mezarlyk-300x164.jpeg 300w\" sizes=\"auto, (max-width: 650px) 100vw, 650px\" \/><\/figure>\n\n\n\n<p>Tedbirni al\u0131p bar\u011fan VI \u00e7a\u011f\u0131r\u0131l\u0131\u015f Qurultay delegat\u0131 \u015eevket Memetov tantanal\u0131 merasimni\u00f1 tarihiy emiyetini qayd eterken, aman-aman y\u00fcz y\u0131l evelsi Ba\u011f\u00e7asarayda Hansaray azbar\u0131nda Noman \u00c7elebicihan, Cafer Seydamet, Asan Sabri-Ayvazov milliy bayraqn\u0131 tiklegenlerini hat\u0131rlatt\u0131. &#8220;1917 senesi noyabr ay\u0131nda Q\u0131r\u0131mtatar halq\u0131n\u0131\u00f1 birinci qurultay\u0131 ke\u00e7irildi, &#8211; dedi Memetov. \u2013 1930 \u2013nc\u0131 y\u0131llarda ise bol\u015fevikler ba\u015fla\u011fan repressiyalar aqibetinde o devirni\u00f1 k\u00f6r\u00fcmli q\u0131r\u0131mtatar siyaset\u00e7ileri \u00f6ld\u00fcrildiler&#8221;.<\/p>\n\n\n\n<p>Hansaray azbar\u0131ndaki tantanal\u0131 merasim Q\u0131r\u0131mtatar akademik milliy teatr artistleri Emine Cevdetova ve Seytabla Memetov icras\u0131nda milliy gimnnen ba\u015fland\u0131.<\/p>\n\n\n\n<p>Bundan so\u00f1 Milliy Meclisni\u00f1 sab\u0131q reisi Mustafa Cemilev \u00e7\u0131q\u0131\u015fta bulund\u0131. &#8220;Halq taraf\u0131ndan saylan\u011fan organ \u00e7e\u015fit sotsiologik tedqiqatlar\u011fa baqmadan Ukraina ve sab\u0131q Sovetler Birligi devletlerinde semetde\u015fler e\u00f1 \u00e7oq qoltutt\u0131\u011f\u0131 organd\u0131r, &#8211; dedi Mustafa Cemilev. \u2013 \u00dcm\u00fct etem ki, ileride de \u00f6yle olur. Bu sene biz saylav sistemine de\u00f1i\u015fmeler kirsettik ve on\u0131 daa da demokratik yapt\u0131q. Bu sistema boyunca Qurultay delegatlar\u0131n\u0131 se\u00e7tik. Bun\u0131\u00f1 kibi de Meclisni\u00f1 ya\u00f1\u0131 reisini saylad\u0131q&#8221;.<\/p>\n\n\n\n<figure class=\"wp-block-image size-full\"><img loading=\"lazy\" decoding=\"async\" width=\"650\" height=\"437\" src=\"http:\/\/qtmm.org\/wp-content\/uploads\/2022\/01\/vystuplenie_m.dzhemileva.jpg\" alt=\"\" class=\"wp-image-40076\" srcset=\"https:\/\/qtmm.org\/wp-content\/uploads\/2022\/01\/vystuplenie_m.dzhemileva.jpg 650w, https:\/\/qtmm.org\/wp-content\/uploads\/2022\/01\/vystuplenie_m.dzhemileva-300x202.jpg 300w\" sizes=\"auto, (max-width: 650px) 100vw, 650px\" \/><\/figure>\n\n\n\n<p>Mustafa Cemilev Meclis reisi vazifesine namzet olaraq eki munasip siyaset\u00e7i Refat \u00c7ubarov ve Remzi \u0130lyasov k\u00f6sterilip, Refat \u00c7ubarov ye\u00f1genini hat\u0131rlatt\u0131. On\u0131\u00f1 aytqan\u0131na k\u00f6re, &#8220;eger Remzi \u0130lyasov saylan\u011fan olsa edi, bug\u00fcn o da \u00f6z vek\u00e2letligini b\u00f6yle tantanal\u0131 \u015fekilde ba\u015flar edi&#8221;.<br><br>M.Cemilevni\u00f1 s\u00f6ylegenine k\u00f6re Refat \u00c7ubarov ke\u00e7ken as\u0131rdan berli milliy arekettedir. &#8220;O, 1991 senesi &#8220;Q\u0131r\u0131mtatar halq\u0131 mustaqilligi aqq\u0131nda deklaratsiya&#8221;n\u0131 az\u0131rla\u011fanlardan biri edi. \u0130nanam ki, o, bu deklaratsiyan\u0131 \u00f6m\u00fcrge ke\u00e7irebilir&#8221;, &#8211; dedi M.Cemilev.<br><br>Mustafa Cemilev ya\u00f1\u0131 saylan\u011fan Meclis erk\u00e2n\u0131n\u0131\u00f1 seviyesine y\u00fcksek q\u0131ymet kesti. &#8220;Olarn\u0131\u00f1 aras\u0131nda \u00f6z halq\u0131n\u0131 sevgen ve o\u00f1a yard\u0131m etmege t\u0131r\u0131\u015fqan ya\u015flar \u00e7oq&#8221;, &#8211; dedi M.Cemilev. &#8211; Allah yard\u0131mc\u0131lar\u0131 olsun&#8221;.<\/p>\n\n\n\n<p>So\u00f1ra Meclisni\u00f1 sab\u0131q reisi Mustafa Cemilev Meclisni\u00f1 ya\u00f1\u0131 saylan\u011fan reisi Refat \u00c7ubarov\u011fa Meclis Nizamnamesi ve milliy bayraqn\u0131 berdi.<\/p>\n\n\n\n<figure class=\"wp-block-image size-full\"><img loading=\"lazy\" decoding=\"async\" width=\"650\" height=\"339\" src=\"http:\/\/qtmm.org\/wp-content\/uploads\/2022\/01\/peredacha_atributiki.jpeg\" alt=\"\" class=\"wp-image-40080\" srcset=\"https:\/\/qtmm.org\/wp-content\/uploads\/2022\/01\/peredacha_atributiki.jpeg 650w, https:\/\/qtmm.org\/wp-content\/uploads\/2022\/01\/peredacha_atributiki-300x156.jpeg 300w\" sizes=\"auto, (max-width: 650px) 100vw, 650px\" \/><\/figure>\n\n\n\n<p>Q\u0131r\u0131m musulmanlar\u0131n\u0131\u00f1 m\u00fcftisi haci Emirali Ablayev ise ya\u00f1\u0131 reiske musulmanlarn\u0131\u00f1 muqaddes kitab\u0131 Quran-\u0131 Kerimni taqdim etti. Refat \u00c7ubarov Qurann\u0131 \u00fc\u00e7 kere \u00f6pip, &#8220;Ant etem, Millet i\u00e7\u00fcn \u00e7al\u0131\u015fma\u011fa s\u00f6z berem!&#8221; dep yemin etti.<\/p>\n\n\n\n<figure class=\"wp-block-image size-full\"><img loading=\"lazy\" decoding=\"async\" width=\"670\" height=\"310\" src=\"http:\/\/qtmm.org\/wp-content\/uploads\/2022\/01\/topnews_3.jpeg\" alt=\"\" class=\"wp-image-40084\" srcset=\"https:\/\/qtmm.org\/wp-content\/uploads\/2022\/01\/topnews_3.jpeg 670w, https:\/\/qtmm.org\/wp-content\/uploads\/2022\/01\/topnews_3-300x139.jpeg 300w\" sizes=\"auto, (max-width: 670px) 100vw, 670px\" \/><\/figure>\n\n\n\n<p>Ve merasimde bulun\u011fanlar \u00f6g\u00fcnde \u00e7\u0131q\u0131\u015fta bulun\u0131p, q\u0131r\u0131mtatar halq\u0131n\u0131\u00f1 lideri Mustafa Cemilevni, Q\u0131r\u0131m musulmanlar\u0131n\u0131\u00f1 m\u00fcftisini, semetde\u015flerimizni, Ba\u011f\u00e7asaray sakinleri ve musafirlerni sel\u00e2mlad\u0131.<br><br>&#8220;96 y\u0131l evelsi ayn\u0131 \u015fu yerde Hansarayda Q\u0131r\u0131mtatar halq\u0131 1-nci qurultay\u0131n\u0131\u00f1 milletni\u00f1 aqlar\u0131n\u0131 temin etmek maqsad\u0131nen saylan\u011fan delegatlar\u0131 \u00f6z vazifelerine kiri\u015ftiler, &#8211; dedi R. \u00c7ubarov. \u2013 20 y\u0131l devam\u0131nda halq\u0131m\u0131z bir \u00e7oq facial\u0131 adiselerni ba\u015f\u0131ndan ke\u00e7irdi. Q\u0131r\u0131mtatarlar zorbal\u0131qnen s\u00fcrg\u00fcn etildiler, y\u0131llarca olarn\u0131 \u00f6ld\u00fcrmege t\u0131r\u0131\u015ft\u0131lar&#8221;. Meclis reisini\u00f1 s\u00f6zlerine k\u00f6re bir \u00e7oq me\u015faqatlar\u011fa baqmadan q\u0131r\u0131mtatar halq\u0131 q\u0131r\u0131lmad\u0131, b\u00fck\u00fclmedi, \u00f6z aqlar\u0131, Vatanqa qaytuv i\u00e7\u00fcn k\u00fcre\u015fte qatt\u0131 turd\u0131 ve bug\u00fcn de bu k\u00fcre\u015fni al\u0131p bara, ta ki milletni\u00f1 aqlar\u0131 tolus\u0131nen tiklenilmegence devam etecek.<\/p>\n\n\n\n<p>&#8220;Bug\u00fcn m\u0131nda toplan\u0131rkenmiz ana-babalar\u0131m\u0131z, dedelerimiz, milliy areket veteranlar\u0131 ve 1-nci Qurultayn\u0131\u00f1 ces\u00fcr liderlerine ve bug\u00fcnki liderimizge so\u00f1suz minnetdarl\u0131\u011f\u0131m\u0131zn\u0131 bildirmek isteymiz, &#8211; devam etti nutq\u0131n\u0131 R. \u00c7ubarov ve 6-nc\u0131 \u00e7a\u011f\u0131r\u0131l\u0131\u015f qurultay\u0131n\u0131\u00f1 delegatlar\u0131, Meclisni\u00f1 ya\u00f1\u0131 azalar\u0131 evelki \u00e7a\u011f\u0131r\u0131l\u0131\u015flarda \u00e7al\u0131\u015fqan meslekde\u015flerini\u00f1 i\u015fini devam eteceklerine, q\u0131r\u0131mtatar halq\u0131n\u0131\u00f1 parlaq kelecegine salmaql\u0131 isse qo\u015facaqlar\u0131na eminlik bildirdi.<\/p>\n\n\n\n<figure class=\"wp-block-image size-full\"><img loading=\"lazy\" decoding=\"async\" width=\"650\" height=\"400\" src=\"http:\/\/qtmm.org\/wp-content\/uploads\/2022\/01\/vystuplenie_r.chubarova.jpg\" alt=\"\" class=\"wp-image-40088\" srcset=\"https:\/\/qtmm.org\/wp-content\/uploads\/2022\/01\/vystuplenie_r.chubarova.jpg 650w, https:\/\/qtmm.org\/wp-content\/uploads\/2022\/01\/vystuplenie_r.chubarova-300x185.jpg 300w\" sizes=\"auto, (max-width: 650px) 100vw, 650px\" \/><\/figure>\n\n\n\n<p>Bundan so\u00f1 Meclisni\u00f1 ya\u00f1\u0131 saylan\u011fan er bir azas\u0131 milliy bayraqn\u0131 \u00f6perek: &#8220;Ant etemen, s\u00f6z beremen millet i\u00e7\u00fcn \u00e7al\u0131\u015fma\u011fa&#8221; dep yemin etti.<\/p>\n\n\n\n<p>Tantanal\u0131 tedbirden so\u00f1 Meclis ve Qurultay Tefti\u015f komissiyas\u0131n\u0131\u00f1 azalar\u0131 1917 senesi Noman \u00c7elebicihan ve Cafer Seydamet i\u015ftirakinde 1-nci Qurultay delegatlar\u0131 kibi Demir qap\u0131 \u00f6g\u00fcnde, Hansaray balkonlar\u0131n\u0131\u00f1 birinde ve Hansaray\u011fa kiri\u015fte umumiy resim \u00e7ektirdiler.<\/p>\n\n\n\n<p>Merasimni\u00f1 so\u00f1unda q\u0131r\u0131mtatar halq\u0131n\u0131\u00f1 lideri Mustafa Cemilev ve Meclis reisi Refat \u00c7ubarov brifing ke\u00e7irdiler. Onda Refat \u00c7ubarov kadrlarn\u0131 tayinlev ve Meclisni\u00f1 ilerideki i\u015fi husus\u0131ndaki suallerge cevap berirken: &#8220;Menim komandam Meclisni\u00f1 32 azas\u0131d\u0131r, ve biz q\u0131r\u0131mtatar halq\u0131n\u0131\u00f1 kelecegi i\u00e7\u00fcn \u00e7al\u0131\u015facaqm\u0131z&#8221;, dedi.<\/p>\n","protected":false},"excerpt":{"rendered":"<p>Cuma k\u00fcn\u00fc 2013 senesi noyabr 1-de Q\u0131r\u0131m hanl\u0131\u011f\u0131n\u0131\u00f1 tarihiy paytaht\u0131 Ba\u011f\u00e7asaraydaki Hansaray azbar\u0131nda ya\u00f1\u0131 saylan\u011fan Meclis reisi ve Meclis azalar\u0131 \u00f6z vazifelerine kiri\u015fmesini\u00f1 tantanal\u0131 merasimi ol\u0131p ke\u00e7ti Tantanal\u0131 merasimde Milliy Meclisni\u00f1 sab\u0131q reisi Mustafa Cemilev, Meclis reisi Refat \u00c7ubarov, evelki \u00e7a\u011f\u0131r\u0131l\u0131\u015f Qurultay\u0131, Meclis azalar\u0131, VI \u00e7a\u011f\u0131r\u0131l\u0131\u015f Qurultay\u0131n\u0131\u00f1 birinci sessiyas\u0131nda saylan\u011fan Meclis azalar\u0131, Tefti\u015f komissiyas\u0131n\u0131\u00f1 azalar\u0131, [&hellip;]<\/p>\n","protected":false},"author":1,"featured_media":40092,"comment_status":"open","ping_status":"open","sticky":false,"template":"","format":"standard","meta":{"inline_featured_image":false,"footnotes":""},"categories":[265],"tags":[],"class_list":["post-40067","post","type-post","status-publish","format-standard","has-post-thumbnail","hentry","category-haberler"],"acf":[],"yoast_head":"<!-- This site is optimized with the Yoast SEO plugin v27.4 - https:\/\/yoast.com\/product\/yoast-seo-wordpress\/ -->\n<title>Refat \u00c7ubarov: Q\u0131r\u0131mtatar halq\u0131 \u00f6z topra\u011f\u0131nda aqlar\u0131 tolus\u0131nen tiklenmesine qadar k\u00fcre\u015fecek - \u041c\u0435\u0434\u0436\u043b\u0456\u0441<\/title>\n<meta name=\"robots\" content=\"index, follow, max-snippet:-1, max-image-preview:large, max-video-preview:-1\" \/>\n<link rel=\"canonical\" href=\"https:\/\/qtmm.org\/qt\/refat-cubarov-qirimtatar-halqi-oz-topraginda-aqlari-tolusinen-tiklenmesine-qadar-kuresecek\/\" \/>\n<meta property=\"og:locale\" content=\"en_US\" \/>\n<meta property=\"og:type\" content=\"article\" \/>\n<meta property=\"og:title\" content=\"Refat \u00c7ubarov: Q\u0131r\u0131mtatar halq\u0131 \u00f6z topra\u011f\u0131nda aqlar\u0131 tolus\u0131nen tiklenmesine qadar k\u00fcre\u015fecek - \u041c\u0435\u0434\u0436\u043b\u0456\u0441\" \/>\n<meta property=\"og:description\" content=\"Cuma k\u00fcn\u00fc 2013 senesi noyabr 1-de Q\u0131r\u0131m hanl\u0131\u011f\u0131n\u0131\u00f1 tarihiy paytaht\u0131 Ba\u011f\u00e7asaraydaki Hansaray azbar\u0131nda ya\u00f1\u0131 saylan\u011fan Meclis reisi ve Meclis azalar\u0131 \u00f6z vazifelerine kiri\u015fmesini\u00f1 tantanal\u0131 merasimi ol\u0131p ke\u00e7ti Tantanal\u0131 merasimde Milliy Meclisni\u00f1 sab\u0131q reisi Mustafa Cemilev, Meclis reisi Refat \u00c7ubarov, evelki \u00e7a\u011f\u0131r\u0131l\u0131\u015f Qurultay\u0131, Meclis azalar\u0131, VI \u00e7a\u011f\u0131r\u0131l\u0131\u015f Qurultay\u0131n\u0131\u00f1 birinci sessiyas\u0131nda saylan\u011fan Meclis azalar\u0131, Tefti\u015f komissiyas\u0131n\u0131\u00f1 azalar\u0131, [&hellip;]\" \/>\n<meta property=\"og:url\" content=\"https:\/\/qtmm.org\/qt\/refat-cubarov-qirimtatar-halqi-oz-topraginda-aqlari-tolusinen-tiklenmesine-qadar-kuresecek\/\" \/>\n<meta property=\"og:site_name\" content=\"\u041c\u0435\u0434\u0436\u043b\u0456\u0441\" \/>\n<meta property=\"article:publisher\" content=\"https:\/\/www.facebook.com\/qtmm.info\/\" \/>\n<meta property=\"article:published_time\" content=\"2013-10-31T21:37:00+00:00\" \/>\n<meta property=\"article:modified_time\" content=\"2022-01-25T21:39:27+00:00\" \/>\n<meta property=\"og:image\" content=\"https:\/\/qtmm.org\/wp-content\/uploads\/2022\/01\/dsc_0799.jpeg\" \/>\n\t<meta property=\"og:image:width\" content=\"650\" \/>\n\t<meta property=\"og:image:height\" content=\"430\" \/>\n\t<meta property=\"og:image:type\" content=\"image\/jpeg\" \/>\n<meta name=\"author\" content=\"Developer\" \/>\n<meta name=\"twitter:card\" content=\"summary_large_image\" \/>\n<meta name=\"twitter:label1\" content=\"Written by\" \/>\n\t<meta name=\"twitter:data1\" content=\"Developer\" \/>\n\t<meta name=\"twitter:label2\" content=\"Est. reading time\" \/>\n\t<meta name=\"twitter:data2\" content=\"4 minutes\" \/>\n<script type=\"application\/ld+json\" class=\"yoast-schema-graph\">{\"@context\":\"https:\\\/\\\/schema.org\",\"@graph\":[{\"@type\":\"Article\",\"@id\":\"https:\\\/\\\/qtmm.org\\\/qt\\\/refat-cubarov-qirimtatar-halqi-oz-topraginda-aqlari-tolusinen-tiklenmesine-qadar-kuresecek\\\/#article\",\"isPartOf\":{\"@id\":\"https:\\\/\\\/qtmm.org\\\/qt\\\/refat-cubarov-qirimtatar-halqi-oz-topraginda-aqlari-tolusinen-tiklenmesine-qadar-kuresecek\\\/\"},\"author\":{\"name\":\"Developer\",\"@id\":\"https:\\\/\\\/qtmm.org\\\/qt\\\/#\\\/schema\\\/person\\\/de562469f971dec226ac06e60bbf74a7\"},\"headline\":\"Refat \u00c7ubarov: Q\u0131r\u0131mtatar halq\u0131 \u00f6z topra\u011f\u0131nda aqlar\u0131 tolus\u0131nen tiklenmesine qadar k\u00fcre\u015fecek\",\"datePublished\":\"2013-10-31T21:37:00+00:00\",\"dateModified\":\"2022-01-25T21:39:27+00:00\",\"mainEntityOfPage\":{\"@id\":\"https:\\\/\\\/qtmm.org\\\/qt\\\/refat-cubarov-qirimtatar-halqi-oz-topraginda-aqlari-tolusinen-tiklenmesine-qadar-kuresecek\\\/\"},\"wordCount\":882,\"commentCount\":0,\"publisher\":{\"@id\":\"https:\\\/\\\/qtmm.org\\\/qt\\\/#organization\"},\"image\":{\"@id\":\"https:\\\/\\\/qtmm.org\\\/qt\\\/refat-cubarov-qirimtatar-halqi-oz-topraginda-aqlari-tolusinen-tiklenmesine-qadar-kuresecek\\\/#primaryimage\"},\"thumbnailUrl\":\"https:\\\/\\\/qtmm.org\\\/wp-content\\\/uploads\\\/2022\\\/01\\\/dsc_0799.jpeg\",\"articleSection\":[\"Haberler\"],\"inLanguage\":\"qt\",\"potentialAction\":[{\"@type\":\"CommentAction\",\"name\":\"Comment\",\"target\":[\"https:\\\/\\\/qtmm.org\\\/qt\\\/refat-cubarov-qirimtatar-halqi-oz-topraginda-aqlari-tolusinen-tiklenmesine-qadar-kuresecek\\\/#respond\"]}]},{\"@type\":\"WebPage\",\"@id\":\"https:\\\/\\\/qtmm.org\\\/qt\\\/refat-cubarov-qirimtatar-halqi-oz-topraginda-aqlari-tolusinen-tiklenmesine-qadar-kuresecek\\\/\",\"url\":\"https:\\\/\\\/qtmm.org\\\/qt\\\/refat-cubarov-qirimtatar-halqi-oz-topraginda-aqlari-tolusinen-tiklenmesine-qadar-kuresecek\\\/\",\"name\":\"Refat \u00c7ubarov: Q\u0131r\u0131mtatar halq\u0131 \u00f6z topra\u011f\u0131nda aqlar\u0131 tolus\u0131nen tiklenmesine qadar k\u00fcre\u015fecek - \u041c\u0435\u0434\u0436\u043b\u0456\u0441\",\"isPartOf\":{\"@id\":\"https:\\\/\\\/qtmm.org\\\/qt\\\/#website\"},\"primaryImageOfPage\":{\"@id\":\"https:\\\/\\\/qtmm.org\\\/qt\\\/refat-cubarov-qirimtatar-halqi-oz-topraginda-aqlari-tolusinen-tiklenmesine-qadar-kuresecek\\\/#primaryimage\"},\"image\":{\"@id\":\"https:\\\/\\\/qtmm.org\\\/qt\\\/refat-cubarov-qirimtatar-halqi-oz-topraginda-aqlari-tolusinen-tiklenmesine-qadar-kuresecek\\\/#primaryimage\"},\"thumbnailUrl\":\"https:\\\/\\\/qtmm.org\\\/wp-content\\\/uploads\\\/2022\\\/01\\\/dsc_0799.jpeg\",\"datePublished\":\"2013-10-31T21:37:00+00:00\",\"dateModified\":\"2022-01-25T21:39:27+00:00\",\"breadcrumb\":{\"@id\":\"https:\\\/\\\/qtmm.org\\\/qt\\\/refat-cubarov-qirimtatar-halqi-oz-topraginda-aqlari-tolusinen-tiklenmesine-qadar-kuresecek\\\/#breadcrumb\"},\"inLanguage\":\"qt\",\"potentialAction\":[{\"@type\":\"ReadAction\",\"target\":[\"https:\\\/\\\/qtmm.org\\\/qt\\\/refat-cubarov-qirimtatar-halqi-oz-topraginda-aqlari-tolusinen-tiklenmesine-qadar-kuresecek\\\/\"]}]},{\"@type\":\"ImageObject\",\"inLanguage\":\"qt\",\"@id\":\"https:\\\/\\\/qtmm.org\\\/qt\\\/refat-cubarov-qirimtatar-halqi-oz-topraginda-aqlari-tolusinen-tiklenmesine-qadar-kuresecek\\\/#primaryimage\",\"url\":\"https:\\\/\\\/qtmm.org\\\/wp-content\\\/uploads\\\/2022\\\/01\\\/dsc_0799.jpeg\",\"contentUrl\":\"https:\\\/\\\/qtmm.org\\\/wp-content\\\/uploads\\\/2022\\\/01\\\/dsc_0799.jpeg\",\"width\":650,\"height\":430},{\"@type\":\"BreadcrumbList\",\"@id\":\"https:\\\/\\\/qtmm.org\\\/qt\\\/refat-cubarov-qirimtatar-halqi-oz-topraginda-aqlari-tolusinen-tiklenmesine-qadar-kuresecek\\\/#breadcrumb\",\"itemListElement\":[{\"@type\":\"ListItem\",\"position\":1,\"name\":\"\u0413\u043e\u043b\u043e\u0432\u043d\u0430\",\"item\":\"https:\\\/\\\/qtmm.org\\\/qt\\\/\"},{\"@type\":\"ListItem\",\"position\":2,\"name\":\"Refat \u00c7ubarov: Q\u0131r\u0131mtatar halq\u0131 \u00f6z topra\u011f\u0131nda aqlar\u0131 tolus\u0131nen tiklenmesine qadar k\u00fcre\u015fecek\"}]},{\"@type\":\"WebSite\",\"@id\":\"https:\\\/\\\/qtmm.org\\\/qt\\\/#website\",\"url\":\"https:\\\/\\\/qtmm.org\\\/qt\\\/\",\"name\":\"\u041c\u0435\u0434\u0436\u043b\u0456\u0441\",\"description\":\"\",\"publisher\":{\"@id\":\"https:\\\/\\\/qtmm.org\\\/qt\\\/#organization\"},\"potentialAction\":[{\"@type\":\"SearchAction\",\"target\":{\"@type\":\"EntryPoint\",\"urlTemplate\":\"https:\\\/\\\/qtmm.org\\\/qt\\\/?s={search_term_string}\"},\"query-input\":{\"@type\":\"PropertyValueSpecification\",\"valueRequired\":true,\"valueName\":\"search_term_string\"}}],\"inLanguage\":\"qt\"},{\"@type\":\"Organization\",\"@id\":\"https:\\\/\\\/qtmm.org\\\/qt\\\/#organization\",\"name\":\"\u041c\u0435\u0434\u0436\u043b\u0456\u0441\",\"url\":\"https:\\\/\\\/qtmm.org\\\/qt\\\/\",\"logo\":{\"@type\":\"ImageObject\",\"inLanguage\":\"qt\",\"@id\":\"https:\\\/\\\/qtmm.org\\\/qt\\\/#\\\/schema\\\/logo\\\/image\\\/\",\"url\":\"https:\\\/\\\/qtmm.org\\\/wp-content\\\/uploads\\\/2024\\\/12\\\/ua-mejlis-logo-rgb.svg\",\"contentUrl\":\"https:\\\/\\\/qtmm.org\\\/wp-content\\\/uploads\\\/2024\\\/12\\\/ua-mejlis-logo-rgb.svg\",\"caption\":\"\u041c\u0435\u0434\u0436\u043b\u0456\u0441\"},\"image\":{\"@id\":\"https:\\\/\\\/qtmm.org\\\/qt\\\/#\\\/schema\\\/logo\\\/image\\\/\"},\"sameAs\":[\"https:\\\/\\\/www.facebook.com\\\/qtmm.info\\\/\"]},{\"@type\":\"Person\",\"@id\":\"https:\\\/\\\/qtmm.org\\\/qt\\\/#\\\/schema\\\/person\\\/de562469f971dec226ac06e60bbf74a7\",\"name\":\"Developer\",\"image\":{\"@type\":\"ImageObject\",\"inLanguage\":\"qt\",\"@id\":\"https:\\\/\\\/secure.gravatar.com\\\/avatar\\\/392b4cc8fbfeb00b39dfeeab4ee6edded39ffd48e25858637e4765810300227e?s=96&d=mm&r=g\",\"url\":\"https:\\\/\\\/secure.gravatar.com\\\/avatar\\\/392b4cc8fbfeb00b39dfeeab4ee6edded39ffd48e25858637e4765810300227e?s=96&d=mm&r=g\",\"contentUrl\":\"https:\\\/\\\/secure.gravatar.com\\\/avatar\\\/392b4cc8fbfeb00b39dfeeab4ee6edded39ffd48e25858637e4765810300227e?s=96&d=mm&r=g\",\"caption\":\"Developer\"},\"url\":\"https:\\\/\\\/qtmm.org\\\/qt\\\/author\\\/Developer\\\/\"}]}<\/script>\n<!-- \/ Yoast SEO plugin. -->","yoast_head_json":{"title":"Refat \u00c7ubarov: Q\u0131r\u0131mtatar halq\u0131 \u00f6z topra\u011f\u0131nda aqlar\u0131 tolus\u0131nen tiklenmesine qadar k\u00fcre\u015fecek - \u041c\u0435\u0434\u0436\u043b\u0456\u0441","robots":{"index":"index","follow":"follow","max-snippet":"max-snippet:-1","max-image-preview":"max-image-preview:large","max-video-preview":"max-video-preview:-1"},"canonical":"https:\/\/qtmm.org\/qt\/refat-cubarov-qirimtatar-halqi-oz-topraginda-aqlari-tolusinen-tiklenmesine-qadar-kuresecek\/","og_locale":"en_US","og_type":"article","og_title":"Refat \u00c7ubarov: Q\u0131r\u0131mtatar halq\u0131 \u00f6z topra\u011f\u0131nda aqlar\u0131 tolus\u0131nen tiklenmesine qadar k\u00fcre\u015fecek - \u041c\u0435\u0434\u0436\u043b\u0456\u0441","og_description":"Cuma k\u00fcn\u00fc 2013 senesi noyabr 1-de Q\u0131r\u0131m hanl\u0131\u011f\u0131n\u0131\u00f1 tarihiy paytaht\u0131 Ba\u011f\u00e7asaraydaki Hansaray azbar\u0131nda ya\u00f1\u0131 saylan\u011fan Meclis reisi ve Meclis azalar\u0131 \u00f6z vazifelerine kiri\u015fmesini\u00f1 tantanal\u0131 merasimi ol\u0131p ke\u00e7ti Tantanal\u0131 merasimde Milliy Meclisni\u00f1 sab\u0131q reisi Mustafa Cemilev, Meclis reisi Refat \u00c7ubarov, evelki \u00e7a\u011f\u0131r\u0131l\u0131\u015f Qurultay\u0131, Meclis azalar\u0131, VI \u00e7a\u011f\u0131r\u0131l\u0131\u015f Qurultay\u0131n\u0131\u00f1 birinci sessiyas\u0131nda saylan\u011fan Meclis azalar\u0131, Tefti\u015f komissiyas\u0131n\u0131\u00f1 azalar\u0131, [&hellip;]","og_url":"https:\/\/qtmm.org\/qt\/refat-cubarov-qirimtatar-halqi-oz-topraginda-aqlari-tolusinen-tiklenmesine-qadar-kuresecek\/","og_site_name":"\u041c\u0435\u0434\u0436\u043b\u0456\u0441","article_publisher":"https:\/\/www.facebook.com\/qtmm.info\/","article_published_time":"2013-10-31T21:37:00+00:00","article_modified_time":"2022-01-25T21:39:27+00:00","og_image":[{"width":650,"height":430,"url":"https:\/\/qtmm.org\/wp-content\/uploads\/2022\/01\/dsc_0799.jpeg","type":"image\/jpeg"}],"author":"Developer","twitter_card":"summary_large_image","twitter_misc":{"Written by":"Developer","Est. reading time":"4 minutes"},"schema":{"@context":"https:\/\/schema.org","@graph":[{"@type":"Article","@id":"https:\/\/qtmm.org\/qt\/refat-cubarov-qirimtatar-halqi-oz-topraginda-aqlari-tolusinen-tiklenmesine-qadar-kuresecek\/#article","isPartOf":{"@id":"https:\/\/qtmm.org\/qt\/refat-cubarov-qirimtatar-halqi-oz-topraginda-aqlari-tolusinen-tiklenmesine-qadar-kuresecek\/"},"author":{"name":"Developer","@id":"https:\/\/qtmm.org\/qt\/#\/schema\/person\/de562469f971dec226ac06e60bbf74a7"},"headline":"Refat \u00c7ubarov: Q\u0131r\u0131mtatar halq\u0131 \u00f6z topra\u011f\u0131nda aqlar\u0131 tolus\u0131nen tiklenmesine qadar k\u00fcre\u015fecek","datePublished":"2013-10-31T21:37:00+00:00","dateModified":"2022-01-25T21:39:27+00:00","mainEntityOfPage":{"@id":"https:\/\/qtmm.org\/qt\/refat-cubarov-qirimtatar-halqi-oz-topraginda-aqlari-tolusinen-tiklenmesine-qadar-kuresecek\/"},"wordCount":882,"commentCount":0,"publisher":{"@id":"https:\/\/qtmm.org\/qt\/#organization"},"image":{"@id":"https:\/\/qtmm.org\/qt\/refat-cubarov-qirimtatar-halqi-oz-topraginda-aqlari-tolusinen-tiklenmesine-qadar-kuresecek\/#primaryimage"},"thumbnailUrl":"https:\/\/qtmm.org\/wp-content\/uploads\/2022\/01\/dsc_0799.jpeg","articleSection":["Haberler"],"inLanguage":"qt","potentialAction":[{"@type":"CommentAction","name":"Comment","target":["https:\/\/qtmm.org\/qt\/refat-cubarov-qirimtatar-halqi-oz-topraginda-aqlari-tolusinen-tiklenmesine-qadar-kuresecek\/#respond"]}]},{"@type":"WebPage","@id":"https:\/\/qtmm.org\/qt\/refat-cubarov-qirimtatar-halqi-oz-topraginda-aqlari-tolusinen-tiklenmesine-qadar-kuresecek\/","url":"https:\/\/qtmm.org\/qt\/refat-cubarov-qirimtatar-halqi-oz-topraginda-aqlari-tolusinen-tiklenmesine-qadar-kuresecek\/","name":"Refat \u00c7ubarov: Q\u0131r\u0131mtatar halq\u0131 \u00f6z topra\u011f\u0131nda aqlar\u0131 tolus\u0131nen tiklenmesine qadar k\u00fcre\u015fecek - \u041c\u0435\u0434\u0436\u043b\u0456\u0441","isPartOf":{"@id":"https:\/\/qtmm.org\/qt\/#website"},"primaryImageOfPage":{"@id":"https:\/\/qtmm.org\/qt\/refat-cubarov-qirimtatar-halqi-oz-topraginda-aqlari-tolusinen-tiklenmesine-qadar-kuresecek\/#primaryimage"},"image":{"@id":"https:\/\/qtmm.org\/qt\/refat-cubarov-qirimtatar-halqi-oz-topraginda-aqlari-tolusinen-tiklenmesine-qadar-kuresecek\/#primaryimage"},"thumbnailUrl":"https:\/\/qtmm.org\/wp-content\/uploads\/2022\/01\/dsc_0799.jpeg","datePublished":"2013-10-31T21:37:00+00:00","dateModified":"2022-01-25T21:39:27+00:00","breadcrumb":{"@id":"https:\/\/qtmm.org\/qt\/refat-cubarov-qirimtatar-halqi-oz-topraginda-aqlari-tolusinen-tiklenmesine-qadar-kuresecek\/#breadcrumb"},"inLanguage":"qt","potentialAction":[{"@type":"ReadAction","target":["https:\/\/qtmm.org\/qt\/refat-cubarov-qirimtatar-halqi-oz-topraginda-aqlari-tolusinen-tiklenmesine-qadar-kuresecek\/"]}]},{"@type":"ImageObject","inLanguage":"qt","@id":"https:\/\/qtmm.org\/qt\/refat-cubarov-qirimtatar-halqi-oz-topraginda-aqlari-tolusinen-tiklenmesine-qadar-kuresecek\/#primaryimage","url":"https:\/\/qtmm.org\/wp-content\/uploads\/2022\/01\/dsc_0799.jpeg","contentUrl":"https:\/\/qtmm.org\/wp-content\/uploads\/2022\/01\/dsc_0799.jpeg","width":650,"height":430},{"@type":"BreadcrumbList","@id":"https:\/\/qtmm.org\/qt\/refat-cubarov-qirimtatar-halqi-oz-topraginda-aqlari-tolusinen-tiklenmesine-qadar-kuresecek\/#breadcrumb","itemListElement":[{"@type":"ListItem","position":1,"name":"\u0413\u043e\u043b\u043e\u0432\u043d\u0430","item":"https:\/\/qtmm.org\/qt\/"},{"@type":"ListItem","position":2,"name":"Refat \u00c7ubarov: Q\u0131r\u0131mtatar halq\u0131 \u00f6z topra\u011f\u0131nda aqlar\u0131 tolus\u0131nen tiklenmesine qadar k\u00fcre\u015fecek"}]},{"@type":"WebSite","@id":"https:\/\/qtmm.org\/qt\/#website","url":"https:\/\/qtmm.org\/qt\/","name":"\u041c\u0435\u0434\u0436\u043b\u0456\u0441","description":"","publisher":{"@id":"https:\/\/qtmm.org\/qt\/#organization"},"potentialAction":[{"@type":"SearchAction","target":{"@type":"EntryPoint","urlTemplate":"https:\/\/qtmm.org\/qt\/?s={search_term_string}"},"query-input":{"@type":"PropertyValueSpecification","valueRequired":true,"valueName":"search_term_string"}}],"inLanguage":"qt"},{"@type":"Organization","@id":"https:\/\/qtmm.org\/qt\/#organization","name":"\u041c\u0435\u0434\u0436\u043b\u0456\u0441","url":"https:\/\/qtmm.org\/qt\/","logo":{"@type":"ImageObject","inLanguage":"qt","@id":"https:\/\/qtmm.org\/qt\/#\/schema\/logo\/image\/","url":"https:\/\/qtmm.org\/wp-content\/uploads\/2024\/12\/ua-mejlis-logo-rgb.svg","contentUrl":"https:\/\/qtmm.org\/wp-content\/uploads\/2024\/12\/ua-mejlis-logo-rgb.svg","caption":"\u041c\u0435\u0434\u0436\u043b\u0456\u0441"},"image":{"@id":"https:\/\/qtmm.org\/qt\/#\/schema\/logo\/image\/"},"sameAs":["https:\/\/www.facebook.com\/qtmm.info\/"]},{"@type":"Person","@id":"https:\/\/qtmm.org\/qt\/#\/schema\/person\/de562469f971dec226ac06e60bbf74a7","name":"Developer","image":{"@type":"ImageObject","inLanguage":"qt","@id":"https:\/\/secure.gravatar.com\/avatar\/392b4cc8fbfeb00b39dfeeab4ee6edded39ffd48e25858637e4765810300227e?s=96&d=mm&r=g","url":"https:\/\/secure.gravatar.com\/avatar\/392b4cc8fbfeb00b39dfeeab4ee6edded39ffd48e25858637e4765810300227e?s=96&d=mm&r=g","contentUrl":"https:\/\/secure.gravatar.com\/avatar\/392b4cc8fbfeb00b39dfeeab4ee6edded39ffd48e25858637e4765810300227e?s=96&d=mm&r=g","caption":"Developer"},"url":"https:\/\/qtmm.org\/qt\/author\/Developer\/"}]}},"_links":{"self":[{"href":"https:\/\/qtmm.org\/qt\/wp-json\/wp\/v2\/posts\/40067","targetHints":{"allow":["GET"]}}],"collection":[{"href":"https:\/\/qtmm.org\/qt\/wp-json\/wp\/v2\/posts"}],"about":[{"href":"https:\/\/qtmm.org\/qt\/wp-json\/wp\/v2\/types\/post"}],"author":[{"embeddable":true,"href":"https:\/\/qtmm.org\/qt\/wp-json\/wp\/v2\/users\/1"}],"replies":[{"embeddable":true,"href":"https:\/\/qtmm.org\/qt\/wp-json\/wp\/v2\/comments?post=40067"}],"version-history":[{"count":1,"href":"https:\/\/qtmm.org\/qt\/wp-json\/wp\/v2\/posts\/40067\/revisions"}],"predecessor-version":[{"id":40096,"href":"https:\/\/qtmm.org\/qt\/wp-json\/wp\/v2\/posts\/40067\/revisions\/40096"}],"wp:featuredmedia":[{"embeddable":true,"href":"https:\/\/qtmm.org\/qt\/wp-json\/wp\/v2\/media\/40092"}],"wp:attachment":[{"href":"https:\/\/qtmm.org\/qt\/wp-json\/wp\/v2\/media?parent=40067"}],"wp:term":[{"taxonomy":"category","embeddable":true,"href":"https:\/\/qtmm.org\/qt\/wp-json\/wp\/v2\/categories?post=40067"},{"taxonomy":"post_tag","embeddable":true,"href":"https:\/\/qtmm.org\/qt\/wp-json\/wp\/v2\/tags?post=40067"}],"curies":[{"name":"wp","href":"https:\/\/api.w.org\/{rel}","templated":true}]}}