




{"id":40041,"date":"2013-10-31T00:34:00","date_gmt":"2013-10-30T21:34:00","guid":{"rendered":"http:\/\/qtmm.org\/?p=40041"},"modified":"2022-01-26T00:37:04","modified_gmt":"2022-01-25T21:37:04","slug":"meclis-reisi-refat-cubarov-meclis-isinin-semereligi-onin-uygun-quruminin-secilmesine-bagli","status":"publish","type":"post","link":"https:\/\/qtmm.org\/qt\/meclis-reisi-refat-cubarov-meclis-isinin-semereligi-onin-uygun-quruminin-secilmesine-bagli\/","title":{"rendered":"Meclis reisi Refat \u00c7ubarov: Meclis i\u015fini\u00f1 semereligi on\u0131\u00f1 uy\u011fun qurum\u0131n\u0131\u00f1 se\u00e7ilmesine ba\u011fl\u0131"},"content":{"rendered":"\n<p>2013 senesi okt\u00e2br 31kun\u00fc Aqmescitte Milliy Meclis ya\u00f1\u0131 erk\u00e2n\u0131n\u0131\u00f1 ilk topla\u015fuv\u0131 \u00f6tkerildi.<\/p>\n\n\n\n<figure class=\"wp-block-image size-full\"><img loading=\"lazy\" decoding=\"async\" width=\"650\" height=\"286\" src=\"http:\/\/qtmm.org\/wp-content\/uploads\/2022\/01\/photo_5_3.jpeg\" alt=\"\" class=\"wp-image-40042\" srcset=\"https:\/\/qtmm.org\/wp-content\/uploads\/2022\/01\/photo_5_3.jpeg 650w, https:\/\/qtmm.org\/wp-content\/uploads\/2022\/01\/photo_5_3-300x132.jpeg 300w\" sizes=\"auto, (max-width: 650px) 100vw, 650px\" \/><\/figure>\n\n\n\n<p>Topla\u015fuvn\u0131 a\u00e7qan Meclis reisi Refat \u00c7ubarov Meclis azalar\u0131n\u0131 ya\u00f1\u0131 erk\u00e2nn\u0131\u00f1 \u00e7al\u0131\u015f\u0131p ba\u015flamas\u0131nen hay\u0131rlap, Meclisni\u00f1 b\u00fct\u00fcn faaliyeti q\u0131r\u0131mtatar halq\u0131 menfaatlar\u0131n\u0131\u00f1 o\u011frunda olaca\u011f\u0131na eminlik bildirdi.<\/p>\n\n\n\n<figure class=\"wp-block-image size-full\"><img loading=\"lazy\" decoding=\"async\" width=\"650\" height=\"394\" src=\"http:\/\/qtmm.org\/wp-content\/uploads\/2022\/01\/img_1956.jpeg\" alt=\"\" class=\"wp-image-40046\" srcset=\"https:\/\/qtmm.org\/wp-content\/uploads\/2022\/01\/img_1956.jpeg 650w, https:\/\/qtmm.org\/wp-content\/uploads\/2022\/01\/img_1956-300x182.jpeg 300w\" sizes=\"auto, (max-width: 650px) 100vw, 650px\" \/><\/figure>\n\n\n\n<p>Evelden planla\u015ft\u0131r\u0131l\u011fan\u0131 kibi Meclis azalar\u0131 \u00f6zlerini\u00f1 ilk topla\u015fuv\u0131nda Meclis qurum\u0131 ve on\u0131\u00f1 icra organlar\u0131 boyunca tekliflerni muzakere ettiler. &#8220;Biz ne derecede uy\u011fun bir qurum se\u00e7ebilgenimizge Meclis i\u015fini\u00f1 semereligi ba\u011fl\u0131 olacaq. \u015eun\u0131\u00f1 i\u00e7\u00fcn rici etem, er biri\u00f1iz Meclis qurum\u0131 boyunca teklifleri\u00f1izni detallerinen esasland\u0131r\u0131\u00f1\u0131z. Evelki ve \u015fimdiki \u00e7a\u011f\u0131r\u0131l\u0131\u015f Qurultay delegatlar\u0131 birinci dereceli, dep tan\u0131\u011fan mesele ve y\u00f6neli\u015flerge ayr\u0131ca diqqat ay\u0131rma\u00f1\u0131zn\u0131 da rica etem&#8221;, &#8211; dedi Meclis reisi Refat \u00c7ubarov meslekde\u015flerine h\u0131tap eterek.<\/p>\n\n\n\n<figure class=\"wp-block-image size-full\"><img loading=\"lazy\" decoding=\"async\" width=\"650\" height=\"319\" src=\"http:\/\/qtmm.org\/wp-content\/uploads\/2022\/01\/photo_3_1.jpeg\" alt=\"\" class=\"wp-image-40050\" srcset=\"https:\/\/qtmm.org\/wp-content\/uploads\/2022\/01\/photo_3_1.jpeg 650w, https:\/\/qtmm.org\/wp-content\/uploads\/2022\/01\/photo_3_1-300x147.jpeg 300w\" sizes=\"auto, (max-width: 650px) 100vw, 650px\" \/><\/figure>\n\n\n\n<p>Topla\u015fuv devam\u0131nda mezk\u00fcr mesele boyunca fikirlernen obyektiv ve faydal\u0131 payla\u015fuv old\u0131. Meclis qurum\u0131 muzakeresinde \u00e7\u0131q\u0131\u015fta bulun\u011fan Meclis azalar\u0131 Meclis faaliyetini idare et\u00fcv, faaliyetini\u00f1 \u00fcst\u00fcn y\u00f6neli\u015flerini belgilev boyunca em Qurultay qararlar\u0131na uy\u011fun, em de q\u0131r\u0131mtatar halq\u0131 beklentilerine keli\u015fken konkret tekliflerini ifade ettiler.<\/p>\n\n\n\n<figure class=\"wp-block-image size-full\"><img loading=\"lazy\" decoding=\"async\" width=\"650\" height=\"320\" src=\"http:\/\/qtmm.org\/wp-content\/uploads\/2022\/01\/img_1965.jpeg\" alt=\"\" class=\"wp-image-40054\" srcset=\"https:\/\/qtmm.org\/wp-content\/uploads\/2022\/01\/img_1965.jpeg 650w, https:\/\/qtmm.org\/wp-content\/uploads\/2022\/01\/img_1965-300x148.jpeg 300w\" sizes=\"auto, (max-width: 650px) 100vw, 650px\" \/><\/figure>\n\n\n\n<p>S\u00f6zge \u00e7\u0131qqan Meclis azalar\u0131n\u0131\u00f1 episi qayd ettiler ki, Meclis qurum\u0131 ve on\u0131\u00f1 icra organlar\u0131 meselesi Meclis faaliyetini\u00f1 birinci dereceli mesele ve y\u00f6neli\u015flerinen ba\u011flan\u011fan\u0131 alda muzakere etilmesi Meclis azalar\u0131n\u0131 ait qurum b\u00f6l\u00fcklerine tayinlev, bun\u0131\u00f1 kibi de Meclis reisi muavinlerini tasdiqlamaq i\u00e7\u00fcn \u015fah\u0131slarn\u0131 belgilevde yard\u0131m eter.<\/p>\n\n\n\n<p>B\u00f6yleliknen, Meclis azalar\u0131n\u0131\u00f1 al\u011fan qarar\u0131na k\u00f6re, Milliy Meclisni\u00f1 nevbetteki topla\u015fuv\u0131 noyabr 5 k\u00fcn\u00fc ke\u00e7irilip, onda Meclis qurum\u0131 ve on\u0131\u00f1 icra organlar\u0131, Meclis reisini\u00f1 muavinleri ve b\u00f6l\u00fcklerini\u00f1 reberlerini tasdiqlamaq planla\u015ft\u0131r\u0131la.<\/p>\n\n\n\n<figure class=\"wp-block-image size-full\"><img loading=\"lazy\" decoding=\"async\" width=\"650\" height=\"344\" src=\"http:\/\/qtmm.org\/wp-content\/uploads\/2022\/01\/img_1988.jpeg\" alt=\"\" class=\"wp-image-40058\" srcset=\"https:\/\/qtmm.org\/wp-content\/uploads\/2022\/01\/img_1988.jpeg 650w, https:\/\/qtmm.org\/wp-content\/uploads\/2022\/01\/img_1988-300x159.jpeg 300w\" sizes=\"auto, (max-width: 650px) 100vw, 650px\" \/><\/figure>\n\n\n\n<p>Birinci topla\u015fuvn\u0131\u00f1 so\u00f1unda Q\u0131r\u0131m musulmanlar\u0131n\u0131\u00f1 m\u00fcftisi ac\u0131 Emirali Ablayev \u00e7\u0131q\u0131\u015fta bulund\u0131.<\/p>\n\n\n\n<p>Meclisni\u00f1 ilk topla\u015fuv\u0131nda 31 azas\u0131 i\u015ftirak etip, ekisi uzurli sebepke k\u00f6re qat\u0131lmad\u0131. Qurultay Tefti\u015f komissiyas\u0131n\u0131\u00f1 erk\u00e2n\u0131 tolus\u0131nen, bun\u0131\u00f1 kibi de evelki ve \u015fimdiki \u00e7a\u011f\u0131r\u0131l\u0131\u015f Qurultaylar\u0131n\u0131\u00f1 delegatlar\u0131, q\u0131r\u0131mtatar cemaat te\u015fkil\u00e2tlar\u0131n\u0131\u00f1 vekilleri i\u015ftirak ettiler.<\/p>\n\n\n\n<figure class=\"wp-block-image size-full\"><img loading=\"lazy\" decoding=\"async\" width=\"650\" height=\"345\" src=\"http:\/\/qtmm.org\/wp-content\/uploads\/2022\/01\/photo_1_1.jpeg\" alt=\"\" class=\"wp-image-40062\" srcset=\"https:\/\/qtmm.org\/wp-content\/uploads\/2022\/01\/photo_1_1.jpeg 650w, https:\/\/qtmm.org\/wp-content\/uploads\/2022\/01\/photo_1_1-300x159.jpeg 300w\" sizes=\"auto, (max-width: 650px) 100vw, 650px\" \/><\/figure>\n\n\n\n<p><em>\u015eun\u0131 hat\u0131rlatam\u0131z ki, noyabr 1 k\u00fcn\u00fc Ba\u011f\u00e7asarayda Meclis reisi ve Meclis ya\u00f1\u0131 azalar\u0131n\u0131\u00f1 \u00f6z vek\u00e2letliklerini qabul et\u00fcvini\u00f1 tantanal\u0131 merasimi ol\u0131p ke\u00e7ecek. Tedbir Hancamidesaat 11.30-da cuma namaz\u0131nen ba\u015flanacaq.<\/em><\/p>\n","protected":false},"excerpt":{"rendered":"<p>2013 senesi okt\u00e2br 31kun\u00fc Aqmescitte Milliy Meclis ya\u00f1\u0131 erk\u00e2n\u0131n\u0131\u00f1 ilk topla\u015fuv\u0131 \u00f6tkerildi. Topla\u015fuvn\u0131 a\u00e7qan Meclis reisi Refat \u00c7ubarov Meclis azalar\u0131n\u0131 ya\u00f1\u0131 erk\u00e2nn\u0131\u00f1 \u00e7al\u0131\u015f\u0131p ba\u015flamas\u0131nen hay\u0131rlap, Meclisni\u00f1 b\u00fct\u00fcn faaliyeti q\u0131r\u0131mtatar halq\u0131 menfaatlar\u0131n\u0131\u00f1 o\u011frunda olaca\u011f\u0131na eminlik bildirdi. Evelden planla\u015ft\u0131r\u0131l\u011fan\u0131 kibi Meclis azalar\u0131 \u00f6zlerini\u00f1 ilk topla\u015fuv\u0131nda Meclis qurum\u0131 ve on\u0131\u00f1 icra organlar\u0131 boyunca tekliflerni muzakere ettiler. &#8220;Biz ne [&hellip;]<\/p>\n","protected":false},"author":1,"featured_media":0,"comment_status":"open","ping_status":"open","sticky":false,"template":"","format":"standard","meta":{"inline_featured_image":false,"footnotes":""},"categories":[265],"tags":[],"class_list":["post-40041","post","type-post","status-publish","format-standard","hentry","category-haberler"],"acf":[],"yoast_head":"<!-- This site is optimized with the Yoast SEO plugin v27.4 - https:\/\/yoast.com\/product\/yoast-seo-wordpress\/ -->\n<title>Meclis reisi Refat \u00c7ubarov: Meclis i\u015fini\u00f1 semereligi on\u0131\u00f1 uy\u011fun qurum\u0131n\u0131\u00f1 se\u00e7ilmesine ba\u011fl\u0131 - \u041c\u0435\u0434\u0436\u043b\u0456\u0441<\/title>\n<meta name=\"robots\" content=\"index, follow, max-snippet:-1, max-image-preview:large, max-video-preview:-1\" \/>\n<link rel=\"canonical\" href=\"https:\/\/qtmm.org\/qt\/meclis-reisi-refat-cubarov-meclis-isinin-semereligi-onin-uygun-quruminin-secilmesine-bagli\/\" \/>\n<meta property=\"og:locale\" content=\"en_US\" \/>\n<meta property=\"og:type\" content=\"article\" \/>\n<meta property=\"og:title\" content=\"Meclis reisi Refat \u00c7ubarov: Meclis i\u015fini\u00f1 semereligi on\u0131\u00f1 uy\u011fun qurum\u0131n\u0131\u00f1 se\u00e7ilmesine ba\u011fl\u0131 - \u041c\u0435\u0434\u0436\u043b\u0456\u0441\" \/>\n<meta property=\"og:description\" content=\"2013 senesi okt\u00e2br 31kun\u00fc Aqmescitte Milliy Meclis ya\u00f1\u0131 erk\u00e2n\u0131n\u0131\u00f1 ilk topla\u015fuv\u0131 \u00f6tkerildi. Topla\u015fuvn\u0131 a\u00e7qan Meclis reisi Refat \u00c7ubarov Meclis azalar\u0131n\u0131 ya\u00f1\u0131 erk\u00e2nn\u0131\u00f1 \u00e7al\u0131\u015f\u0131p ba\u015flamas\u0131nen hay\u0131rlap, Meclisni\u00f1 b\u00fct\u00fcn faaliyeti q\u0131r\u0131mtatar halq\u0131 menfaatlar\u0131n\u0131\u00f1 o\u011frunda olaca\u011f\u0131na eminlik bildirdi. Evelden planla\u015ft\u0131r\u0131l\u011fan\u0131 kibi Meclis azalar\u0131 \u00f6zlerini\u00f1 ilk topla\u015fuv\u0131nda Meclis qurum\u0131 ve on\u0131\u00f1 icra organlar\u0131 boyunca tekliflerni muzakere ettiler. &#8220;Biz ne [&hellip;]\" \/>\n<meta property=\"og:url\" content=\"https:\/\/qtmm.org\/qt\/meclis-reisi-refat-cubarov-meclis-isinin-semereligi-onin-uygun-quruminin-secilmesine-bagli\/\" \/>\n<meta property=\"og:site_name\" content=\"\u041c\u0435\u0434\u0436\u043b\u0456\u0441\" \/>\n<meta property=\"article:publisher\" content=\"https:\/\/www.facebook.com\/qtmm.info\/\" \/>\n<meta property=\"article:published_time\" content=\"2013-10-30T21:34:00+00:00\" \/>\n<meta property=\"article:modified_time\" content=\"2022-01-25T21:37:04+00:00\" \/>\n<meta property=\"og:image\" content=\"https:\/\/qtmm.org\/wp-content\/uploads\/2022\/01\/photo_5_3.jpeg\" \/>\n\t<meta property=\"og:image:width\" content=\"650\" \/>\n\t<meta property=\"og:image:height\" content=\"286\" \/>\n\t<meta property=\"og:image:type\" content=\"image\/jpeg\" \/>\n<meta name=\"author\" content=\"Developer\" \/>\n<meta name=\"twitter:card\" content=\"summary_large_image\" \/>\n<meta name=\"twitter:label1\" content=\"Written by\" \/>\n\t<meta name=\"twitter:data1\" content=\"Developer\" \/>\n\t<meta name=\"twitter:label2\" content=\"Est. reading time\" \/>\n\t<meta name=\"twitter:data2\" content=\"2 minutes\" \/>\n<script type=\"application\/ld+json\" class=\"yoast-schema-graph\">{\"@context\":\"https:\\\/\\\/schema.org\",\"@graph\":[{\"@type\":\"Article\",\"@id\":\"https:\\\/\\\/qtmm.org\\\/qt\\\/meclis-reisi-refat-cubarov-meclis-isinin-semereligi-onin-uygun-quruminin-secilmesine-bagli\\\/#article\",\"isPartOf\":{\"@id\":\"https:\\\/\\\/qtmm.org\\\/qt\\\/meclis-reisi-refat-cubarov-meclis-isinin-semereligi-onin-uygun-quruminin-secilmesine-bagli\\\/\"},\"author\":{\"name\":\"Developer\",\"@id\":\"https:\\\/\\\/qtmm.org\\\/qt\\\/#\\\/schema\\\/person\\\/de562469f971dec226ac06e60bbf74a7\"},\"headline\":\"Meclis reisi Refat \u00c7ubarov: Meclis i\u015fini\u00f1 semereligi on\u0131\u00f1 uy\u011fun qurum\u0131n\u0131\u00f1 se\u00e7ilmesine ba\u011fl\u0131\",\"datePublished\":\"2013-10-30T21:34:00+00:00\",\"dateModified\":\"2022-01-25T21:37:04+00:00\",\"mainEntityOfPage\":{\"@id\":\"https:\\\/\\\/qtmm.org\\\/qt\\\/meclis-reisi-refat-cubarov-meclis-isinin-semereligi-onin-uygun-quruminin-secilmesine-bagli\\\/\"},\"wordCount\":421,\"commentCount\":0,\"publisher\":{\"@id\":\"https:\\\/\\\/qtmm.org\\\/qt\\\/#organization\"},\"image\":{\"@id\":\"https:\\\/\\\/qtmm.org\\\/qt\\\/meclis-reisi-refat-cubarov-meclis-isinin-semereligi-onin-uygun-quruminin-secilmesine-bagli\\\/#primaryimage\"},\"thumbnailUrl\":\"http:\\\/\\\/qtmm.org\\\/wp-content\\\/uploads\\\/2022\\\/01\\\/photo_5_3.jpeg\",\"articleSection\":[\"Haberler\"],\"inLanguage\":\"qt\",\"potentialAction\":[{\"@type\":\"CommentAction\",\"name\":\"Comment\",\"target\":[\"https:\\\/\\\/qtmm.org\\\/qt\\\/meclis-reisi-refat-cubarov-meclis-isinin-semereligi-onin-uygun-quruminin-secilmesine-bagli\\\/#respond\"]}]},{\"@type\":\"WebPage\",\"@id\":\"https:\\\/\\\/qtmm.org\\\/qt\\\/meclis-reisi-refat-cubarov-meclis-isinin-semereligi-onin-uygun-quruminin-secilmesine-bagli\\\/\",\"url\":\"https:\\\/\\\/qtmm.org\\\/qt\\\/meclis-reisi-refat-cubarov-meclis-isinin-semereligi-onin-uygun-quruminin-secilmesine-bagli\\\/\",\"name\":\"Meclis reisi Refat \u00c7ubarov: Meclis i\u015fini\u00f1 semereligi on\u0131\u00f1 uy\u011fun qurum\u0131n\u0131\u00f1 se\u00e7ilmesine ba\u011fl\u0131 - \u041c\u0435\u0434\u0436\u043b\u0456\u0441\",\"isPartOf\":{\"@id\":\"https:\\\/\\\/qtmm.org\\\/qt\\\/#website\"},\"primaryImageOfPage\":{\"@id\":\"https:\\\/\\\/qtmm.org\\\/qt\\\/meclis-reisi-refat-cubarov-meclis-isinin-semereligi-onin-uygun-quruminin-secilmesine-bagli\\\/#primaryimage\"},\"image\":{\"@id\":\"https:\\\/\\\/qtmm.org\\\/qt\\\/meclis-reisi-refat-cubarov-meclis-isinin-semereligi-onin-uygun-quruminin-secilmesine-bagli\\\/#primaryimage\"},\"thumbnailUrl\":\"http:\\\/\\\/qtmm.org\\\/wp-content\\\/uploads\\\/2022\\\/01\\\/photo_5_3.jpeg\",\"datePublished\":\"2013-10-30T21:34:00+00:00\",\"dateModified\":\"2022-01-25T21:37:04+00:00\",\"breadcrumb\":{\"@id\":\"https:\\\/\\\/qtmm.org\\\/qt\\\/meclis-reisi-refat-cubarov-meclis-isinin-semereligi-onin-uygun-quruminin-secilmesine-bagli\\\/#breadcrumb\"},\"inLanguage\":\"qt\",\"potentialAction\":[{\"@type\":\"ReadAction\",\"target\":[\"https:\\\/\\\/qtmm.org\\\/qt\\\/meclis-reisi-refat-cubarov-meclis-isinin-semereligi-onin-uygun-quruminin-secilmesine-bagli\\\/\"]}]},{\"@type\":\"ImageObject\",\"inLanguage\":\"qt\",\"@id\":\"https:\\\/\\\/qtmm.org\\\/qt\\\/meclis-reisi-refat-cubarov-meclis-isinin-semereligi-onin-uygun-quruminin-secilmesine-bagli\\\/#primaryimage\",\"url\":\"http:\\\/\\\/qtmm.org\\\/wp-content\\\/uploads\\\/2022\\\/01\\\/photo_5_3.jpeg\",\"contentUrl\":\"http:\\\/\\\/qtmm.org\\\/wp-content\\\/uploads\\\/2022\\\/01\\\/photo_5_3.jpeg\"},{\"@type\":\"BreadcrumbList\",\"@id\":\"https:\\\/\\\/qtmm.org\\\/qt\\\/meclis-reisi-refat-cubarov-meclis-isinin-semereligi-onin-uygun-quruminin-secilmesine-bagli\\\/#breadcrumb\",\"itemListElement\":[{\"@type\":\"ListItem\",\"position\":1,\"name\":\"\u0413\u043e\u043b\u043e\u0432\u043d\u0430\",\"item\":\"https:\\\/\\\/qtmm.org\\\/qt\\\/\"},{\"@type\":\"ListItem\",\"position\":2,\"name\":\"Meclis reisi Refat \u00c7ubarov: Meclis i\u015fini\u00f1 semereligi on\u0131\u00f1 uy\u011fun qurum\u0131n\u0131\u00f1 se\u00e7ilmesine ba\u011fl\u0131\"}]},{\"@type\":\"WebSite\",\"@id\":\"https:\\\/\\\/qtmm.org\\\/qt\\\/#website\",\"url\":\"https:\\\/\\\/qtmm.org\\\/qt\\\/\",\"name\":\"\u041c\u0435\u0434\u0436\u043b\u0456\u0441\",\"description\":\"\",\"publisher\":{\"@id\":\"https:\\\/\\\/qtmm.org\\\/qt\\\/#organization\"},\"potentialAction\":[{\"@type\":\"SearchAction\",\"target\":{\"@type\":\"EntryPoint\",\"urlTemplate\":\"https:\\\/\\\/qtmm.org\\\/qt\\\/?s={search_term_string}\"},\"query-input\":{\"@type\":\"PropertyValueSpecification\",\"valueRequired\":true,\"valueName\":\"search_term_string\"}}],\"inLanguage\":\"qt\"},{\"@type\":\"Organization\",\"@id\":\"https:\\\/\\\/qtmm.org\\\/qt\\\/#organization\",\"name\":\"\u041c\u0435\u0434\u0436\u043b\u0456\u0441\",\"url\":\"https:\\\/\\\/qtmm.org\\\/qt\\\/\",\"logo\":{\"@type\":\"ImageObject\",\"inLanguage\":\"qt\",\"@id\":\"https:\\\/\\\/qtmm.org\\\/qt\\\/#\\\/schema\\\/logo\\\/image\\\/\",\"url\":\"https:\\\/\\\/qtmm.org\\\/wp-content\\\/uploads\\\/2024\\\/12\\\/ua-mejlis-logo-rgb.svg\",\"contentUrl\":\"https:\\\/\\\/qtmm.org\\\/wp-content\\\/uploads\\\/2024\\\/12\\\/ua-mejlis-logo-rgb.svg\",\"caption\":\"\u041c\u0435\u0434\u0436\u043b\u0456\u0441\"},\"image\":{\"@id\":\"https:\\\/\\\/qtmm.org\\\/qt\\\/#\\\/schema\\\/logo\\\/image\\\/\"},\"sameAs\":[\"https:\\\/\\\/www.facebook.com\\\/qtmm.info\\\/\"]},{\"@type\":\"Person\",\"@id\":\"https:\\\/\\\/qtmm.org\\\/qt\\\/#\\\/schema\\\/person\\\/de562469f971dec226ac06e60bbf74a7\",\"name\":\"Developer\",\"image\":{\"@type\":\"ImageObject\",\"inLanguage\":\"qt\",\"@id\":\"https:\\\/\\\/secure.gravatar.com\\\/avatar\\\/392b4cc8fbfeb00b39dfeeab4ee6edded39ffd48e25858637e4765810300227e?s=96&d=mm&r=g\",\"url\":\"https:\\\/\\\/secure.gravatar.com\\\/avatar\\\/392b4cc8fbfeb00b39dfeeab4ee6edded39ffd48e25858637e4765810300227e?s=96&d=mm&r=g\",\"contentUrl\":\"https:\\\/\\\/secure.gravatar.com\\\/avatar\\\/392b4cc8fbfeb00b39dfeeab4ee6edded39ffd48e25858637e4765810300227e?s=96&d=mm&r=g\",\"caption\":\"Developer\"},\"url\":\"https:\\\/\\\/qtmm.org\\\/qt\\\/author\\\/Developer\\\/\"}]}<\/script>\n<!-- \/ Yoast SEO plugin. -->","yoast_head_json":{"title":"Meclis reisi Refat \u00c7ubarov: Meclis i\u015fini\u00f1 semereligi on\u0131\u00f1 uy\u011fun qurum\u0131n\u0131\u00f1 se\u00e7ilmesine ba\u011fl\u0131 - \u041c\u0435\u0434\u0436\u043b\u0456\u0441","robots":{"index":"index","follow":"follow","max-snippet":"max-snippet:-1","max-image-preview":"max-image-preview:large","max-video-preview":"max-video-preview:-1"},"canonical":"https:\/\/qtmm.org\/qt\/meclis-reisi-refat-cubarov-meclis-isinin-semereligi-onin-uygun-quruminin-secilmesine-bagli\/","og_locale":"en_US","og_type":"article","og_title":"Meclis reisi Refat \u00c7ubarov: Meclis i\u015fini\u00f1 semereligi on\u0131\u00f1 uy\u011fun qurum\u0131n\u0131\u00f1 se\u00e7ilmesine ba\u011fl\u0131 - \u041c\u0435\u0434\u0436\u043b\u0456\u0441","og_description":"2013 senesi okt\u00e2br 31kun\u00fc Aqmescitte Milliy Meclis ya\u00f1\u0131 erk\u00e2n\u0131n\u0131\u00f1 ilk topla\u015fuv\u0131 \u00f6tkerildi. Topla\u015fuvn\u0131 a\u00e7qan Meclis reisi Refat \u00c7ubarov Meclis azalar\u0131n\u0131 ya\u00f1\u0131 erk\u00e2nn\u0131\u00f1 \u00e7al\u0131\u015f\u0131p ba\u015flamas\u0131nen hay\u0131rlap, Meclisni\u00f1 b\u00fct\u00fcn faaliyeti q\u0131r\u0131mtatar halq\u0131 menfaatlar\u0131n\u0131\u00f1 o\u011frunda olaca\u011f\u0131na eminlik bildirdi. Evelden planla\u015ft\u0131r\u0131l\u011fan\u0131 kibi Meclis azalar\u0131 \u00f6zlerini\u00f1 ilk topla\u015fuv\u0131nda Meclis qurum\u0131 ve on\u0131\u00f1 icra organlar\u0131 boyunca tekliflerni muzakere ettiler. &#8220;Biz ne [&hellip;]","og_url":"https:\/\/qtmm.org\/qt\/meclis-reisi-refat-cubarov-meclis-isinin-semereligi-onin-uygun-quruminin-secilmesine-bagli\/","og_site_name":"\u041c\u0435\u0434\u0436\u043b\u0456\u0441","article_publisher":"https:\/\/www.facebook.com\/qtmm.info\/","article_published_time":"2013-10-30T21:34:00+00:00","article_modified_time":"2022-01-25T21:37:04+00:00","og_image":[{"width":650,"height":286,"url":"https:\/\/qtmm.org\/wp-content\/uploads\/2022\/01\/photo_5_3.jpeg","type":"image\/jpeg"}],"author":"Developer","twitter_card":"summary_large_image","twitter_misc":{"Written by":"Developer","Est. reading time":"2 minutes"},"schema":{"@context":"https:\/\/schema.org","@graph":[{"@type":"Article","@id":"https:\/\/qtmm.org\/qt\/meclis-reisi-refat-cubarov-meclis-isinin-semereligi-onin-uygun-quruminin-secilmesine-bagli\/#article","isPartOf":{"@id":"https:\/\/qtmm.org\/qt\/meclis-reisi-refat-cubarov-meclis-isinin-semereligi-onin-uygun-quruminin-secilmesine-bagli\/"},"author":{"name":"Developer","@id":"https:\/\/qtmm.org\/qt\/#\/schema\/person\/de562469f971dec226ac06e60bbf74a7"},"headline":"Meclis reisi Refat \u00c7ubarov: Meclis i\u015fini\u00f1 semereligi on\u0131\u00f1 uy\u011fun qurum\u0131n\u0131\u00f1 se\u00e7ilmesine ba\u011fl\u0131","datePublished":"2013-10-30T21:34:00+00:00","dateModified":"2022-01-25T21:37:04+00:00","mainEntityOfPage":{"@id":"https:\/\/qtmm.org\/qt\/meclis-reisi-refat-cubarov-meclis-isinin-semereligi-onin-uygun-quruminin-secilmesine-bagli\/"},"wordCount":421,"commentCount":0,"publisher":{"@id":"https:\/\/qtmm.org\/qt\/#organization"},"image":{"@id":"https:\/\/qtmm.org\/qt\/meclis-reisi-refat-cubarov-meclis-isinin-semereligi-onin-uygun-quruminin-secilmesine-bagli\/#primaryimage"},"thumbnailUrl":"http:\/\/qtmm.org\/wp-content\/uploads\/2022\/01\/photo_5_3.jpeg","articleSection":["Haberler"],"inLanguage":"qt","potentialAction":[{"@type":"CommentAction","name":"Comment","target":["https:\/\/qtmm.org\/qt\/meclis-reisi-refat-cubarov-meclis-isinin-semereligi-onin-uygun-quruminin-secilmesine-bagli\/#respond"]}]},{"@type":"WebPage","@id":"https:\/\/qtmm.org\/qt\/meclis-reisi-refat-cubarov-meclis-isinin-semereligi-onin-uygun-quruminin-secilmesine-bagli\/","url":"https:\/\/qtmm.org\/qt\/meclis-reisi-refat-cubarov-meclis-isinin-semereligi-onin-uygun-quruminin-secilmesine-bagli\/","name":"Meclis reisi Refat \u00c7ubarov: Meclis i\u015fini\u00f1 semereligi on\u0131\u00f1 uy\u011fun qurum\u0131n\u0131\u00f1 se\u00e7ilmesine ba\u011fl\u0131 - \u041c\u0435\u0434\u0436\u043b\u0456\u0441","isPartOf":{"@id":"https:\/\/qtmm.org\/qt\/#website"},"primaryImageOfPage":{"@id":"https:\/\/qtmm.org\/qt\/meclis-reisi-refat-cubarov-meclis-isinin-semereligi-onin-uygun-quruminin-secilmesine-bagli\/#primaryimage"},"image":{"@id":"https:\/\/qtmm.org\/qt\/meclis-reisi-refat-cubarov-meclis-isinin-semereligi-onin-uygun-quruminin-secilmesine-bagli\/#primaryimage"},"thumbnailUrl":"http:\/\/qtmm.org\/wp-content\/uploads\/2022\/01\/photo_5_3.jpeg","datePublished":"2013-10-30T21:34:00+00:00","dateModified":"2022-01-25T21:37:04+00:00","breadcrumb":{"@id":"https:\/\/qtmm.org\/qt\/meclis-reisi-refat-cubarov-meclis-isinin-semereligi-onin-uygun-quruminin-secilmesine-bagli\/#breadcrumb"},"inLanguage":"qt","potentialAction":[{"@type":"ReadAction","target":["https:\/\/qtmm.org\/qt\/meclis-reisi-refat-cubarov-meclis-isinin-semereligi-onin-uygun-quruminin-secilmesine-bagli\/"]}]},{"@type":"ImageObject","inLanguage":"qt","@id":"https:\/\/qtmm.org\/qt\/meclis-reisi-refat-cubarov-meclis-isinin-semereligi-onin-uygun-quruminin-secilmesine-bagli\/#primaryimage","url":"http:\/\/qtmm.org\/wp-content\/uploads\/2022\/01\/photo_5_3.jpeg","contentUrl":"http:\/\/qtmm.org\/wp-content\/uploads\/2022\/01\/photo_5_3.jpeg"},{"@type":"BreadcrumbList","@id":"https:\/\/qtmm.org\/qt\/meclis-reisi-refat-cubarov-meclis-isinin-semereligi-onin-uygun-quruminin-secilmesine-bagli\/#breadcrumb","itemListElement":[{"@type":"ListItem","position":1,"name":"\u0413\u043e\u043b\u043e\u0432\u043d\u0430","item":"https:\/\/qtmm.org\/qt\/"},{"@type":"ListItem","position":2,"name":"Meclis reisi Refat \u00c7ubarov: Meclis i\u015fini\u00f1 semereligi on\u0131\u00f1 uy\u011fun qurum\u0131n\u0131\u00f1 se\u00e7ilmesine ba\u011fl\u0131"}]},{"@type":"WebSite","@id":"https:\/\/qtmm.org\/qt\/#website","url":"https:\/\/qtmm.org\/qt\/","name":"\u041c\u0435\u0434\u0436\u043b\u0456\u0441","description":"","publisher":{"@id":"https:\/\/qtmm.org\/qt\/#organization"},"potentialAction":[{"@type":"SearchAction","target":{"@type":"EntryPoint","urlTemplate":"https:\/\/qtmm.org\/qt\/?s={search_term_string}"},"query-input":{"@type":"PropertyValueSpecification","valueRequired":true,"valueName":"search_term_string"}}],"inLanguage":"qt"},{"@type":"Organization","@id":"https:\/\/qtmm.org\/qt\/#organization","name":"\u041c\u0435\u0434\u0436\u043b\u0456\u0441","url":"https:\/\/qtmm.org\/qt\/","logo":{"@type":"ImageObject","inLanguage":"qt","@id":"https:\/\/qtmm.org\/qt\/#\/schema\/logo\/image\/","url":"https:\/\/qtmm.org\/wp-content\/uploads\/2024\/12\/ua-mejlis-logo-rgb.svg","contentUrl":"https:\/\/qtmm.org\/wp-content\/uploads\/2024\/12\/ua-mejlis-logo-rgb.svg","caption":"\u041c\u0435\u0434\u0436\u043b\u0456\u0441"},"image":{"@id":"https:\/\/qtmm.org\/qt\/#\/schema\/logo\/image\/"},"sameAs":["https:\/\/www.facebook.com\/qtmm.info\/"]},{"@type":"Person","@id":"https:\/\/qtmm.org\/qt\/#\/schema\/person\/de562469f971dec226ac06e60bbf74a7","name":"Developer","image":{"@type":"ImageObject","inLanguage":"qt","@id":"https:\/\/secure.gravatar.com\/avatar\/392b4cc8fbfeb00b39dfeeab4ee6edded39ffd48e25858637e4765810300227e?s=96&d=mm&r=g","url":"https:\/\/secure.gravatar.com\/avatar\/392b4cc8fbfeb00b39dfeeab4ee6edded39ffd48e25858637e4765810300227e?s=96&d=mm&r=g","contentUrl":"https:\/\/secure.gravatar.com\/avatar\/392b4cc8fbfeb00b39dfeeab4ee6edded39ffd48e25858637e4765810300227e?s=96&d=mm&r=g","caption":"Developer"},"url":"https:\/\/qtmm.org\/qt\/author\/Developer\/"}]}},"_links":{"self":[{"href":"https:\/\/qtmm.org\/qt\/wp-json\/wp\/v2\/posts\/40041","targetHints":{"allow":["GET"]}}],"collection":[{"href":"https:\/\/qtmm.org\/qt\/wp-json\/wp\/v2\/posts"}],"about":[{"href":"https:\/\/qtmm.org\/qt\/wp-json\/wp\/v2\/types\/post"}],"author":[{"embeddable":true,"href":"https:\/\/qtmm.org\/qt\/wp-json\/wp\/v2\/users\/1"}],"replies":[{"embeddable":true,"href":"https:\/\/qtmm.org\/qt\/wp-json\/wp\/v2\/comments?post=40041"}],"version-history":[{"count":1,"href":"https:\/\/qtmm.org\/qt\/wp-json\/wp\/v2\/posts\/40041\/revisions"}],"predecessor-version":[{"id":40066,"href":"https:\/\/qtmm.org\/qt\/wp-json\/wp\/v2\/posts\/40041\/revisions\/40066"}],"wp:attachment":[{"href":"https:\/\/qtmm.org\/qt\/wp-json\/wp\/v2\/media?parent=40041"}],"wp:term":[{"taxonomy":"category","embeddable":true,"href":"https:\/\/qtmm.org\/qt\/wp-json\/wp\/v2\/categories?post=40041"},{"taxonomy":"post_tag","embeddable":true,"href":"https:\/\/qtmm.org\/qt\/wp-json\/wp\/v2\/tags?post=40041"}],"curies":[{"name":"wp","href":"https:\/\/api.w.org\/{rel}","templated":true}]}}