




{"id":40031,"date":"2013-10-30T00:33:00","date_gmt":"2013-10-29T21:33:00","guid":{"rendered":"http:\/\/qtmm.org\/?p=40031"},"modified":"2022-01-26T00:34:32","modified_gmt":"2022-01-25T21:34:32","slug":"noyabr-1-kunu-bagcasarayda-meclis-azalari-oz-vazifelerini-baslamasinin-tantanali-merasimi-kecirilecek","status":"publish","type":"post","link":"https:\/\/qtmm.org\/qt\/noyabr-1-kunu-bagcasarayda-meclis-azalari-oz-vazifelerini-baslamasinin-tantanali-merasimi-kecirilecek\/","title":{"rendered":"Noyabr 1 k\u00fcn\u00fc Ba\u011f\u00e7asarayda Meclis azalar\u0131 \u00f6z vazifelerini ba\u015flamas\u0131n\u0131\u00f1 tantanal\u0131 merasimi ke\u00e7irilecek"},"content":{"rendered":"\n<p>Noyabr 1 &#8211; cuma k\u00fcn\u00fc Meclisni\u00f1 ya\u00f1\u0131 saylan\u011fan reisi ve azalar\u0131n\u0131\u00f1 \u00f6z vazifelerini eda etip ba\u015flamas\u0131n\u0131\u00f1 tantanal\u0131 merasimi \u00f6tkerilecek.<\/p>\n\n\n\n<p>Merasim saat 11.30-da cuma namaz\u0131nen ba\u015flanacaq.<\/p>\n\n\n\n<figure class=\"wp-block-image size-full\"><img loading=\"lazy\" decoding=\"async\" width=\"800\" height=\"600\" src=\"http:\/\/qtmm.org\/wp-content\/uploads\/2022\/01\/hanjami.jpeg\" alt=\"\" class=\"wp-image-40032\" srcset=\"https:\/\/qtmm.org\/wp-content\/uploads\/2022\/01\/hanjami.jpeg 800w, https:\/\/qtmm.org\/wp-content\/uploads\/2022\/01\/hanjami-300x225.jpeg 300w, https:\/\/qtmm.org\/wp-content\/uploads\/2022\/01\/hanjami-768x576.jpeg 768w\" sizes=\"auto, (max-width: 800px) 100vw, 800px\" \/><\/figure>\n\n\n\n<p>Tantanal\u0131 tedbirde Milliy Meclisni\u00f1 sab\u0131q reisi Mustafa Cemilev, Meclis reisi Refat \u00c7ubarov, VI \u00e7a\u011f\u0131r\u0131l\u0131\u015f Qurultay\u0131n\u0131\u00f1 birinci sessiyas\u0131nda saylan\u011fan Meclis azalar\u0131 i\u015ftirak etecekler.<\/p>\n\n\n\n<p>Tedbirge Qurultay Tefti\u015f komissiyas\u0131n\u0131\u00f1 azalar\u0131, regional ve yerli meclis azalar\u0131, q\u0131r\u0131mtatar halq\u0131 milliy areketini\u00f1 veteranlar\u0131, milliy idare organlar\u0131n\u0131\u00f1 qoltutuv\u0131nda saylan\u011fan \u00e7e\u015fit seviyedeki \u015furalarn\u0131\u00f1 deputatlar\u0131, q\u0131r\u0131mtatar cemaat te\u015fkil\u00e2tlar\u0131n\u0131\u00f1 vekilleri davet etileler.<\/p>\n\n\n\n<p>Hat\u0131rlatam\u0131z ki, 2013 senesi okt\u00e2br 26-27 k\u00fcnleri Aqmescitte Q\u0131r\u0131mtatar halq\u0131 VI \u00e7a\u011f\u0131r\u0131l\u0131\u015f Qurultay\u0131n\u0131\u00f1 birinci sessiyas\u0131 \u00f6tkerilip, onda Meclisni\u00f1 ya\u00f1\u0131 reisi olaraq Refat \u00c7ubarov ve q\u0131r\u0131mtatar halq\u0131 vek\u00e2letli organ\u0131n\u0131\u00f1 ya\u00f1\u0131 erk\u00e2n\u0131 sayland\u0131.<\/p>\n\n\n\n<figure class=\"wp-block-image size-full\"><img loading=\"lazy\" decoding=\"async\" width=\"670\" height=\"310\" src=\"http:\/\/qtmm.org\/wp-content\/uploads\/2022\/01\/img_1894_2.jpeg\" alt=\"\" class=\"wp-image-40036\" srcset=\"https:\/\/qtmm.org\/wp-content\/uploads\/2022\/01\/img_1894_2.jpeg 670w, https:\/\/qtmm.org\/wp-content\/uploads\/2022\/01\/img_1894_2-300x139.jpeg 300w\" sizes=\"auto, (max-width: 670px) 100vw, 670px\" \/><\/figure>\n","protected":false},"excerpt":{"rendered":"<p>Noyabr 1 &#8211; cuma k\u00fcn\u00fc Meclisni\u00f1 ya\u00f1\u0131 saylan\u011fan reisi ve azalar\u0131n\u0131\u00f1 \u00f6z vazifelerini eda etip ba\u015flamas\u0131n\u0131\u00f1 tantanal\u0131 merasimi \u00f6tkerilecek. Merasim saat 11.30-da cuma namaz\u0131nen ba\u015flanacaq. Tantanal\u0131 tedbirde Milliy Meclisni\u00f1 sab\u0131q reisi Mustafa Cemilev, Meclis reisi Refat \u00c7ubarov, VI \u00e7a\u011f\u0131r\u0131l\u0131\u015f Qurultay\u0131n\u0131\u00f1 birinci sessiyas\u0131nda saylan\u011fan Meclis azalar\u0131 i\u015ftirak etecekler. Tedbirge Qurultay Tefti\u015f komissiyas\u0131n\u0131\u00f1 azalar\u0131, regional ve yerli [&hellip;]<\/p>\n","protected":false},"author":1,"featured_media":0,"comment_status":"open","ping_status":"open","sticky":false,"template":"","format":"standard","meta":{"inline_featured_image":false,"footnotes":""},"categories":[265],"tags":[],"class_list":["post-40031","post","type-post","status-publish","format-standard","hentry","category-haberler"],"acf":[],"yoast_head":"<!-- This site is optimized with the Yoast SEO plugin v27.4 - https:\/\/yoast.com\/product\/yoast-seo-wordpress\/ -->\n<title>Noyabr 1 k\u00fcn\u00fc Ba\u011f\u00e7asarayda Meclis azalar\u0131 \u00f6z vazifelerini ba\u015flamas\u0131n\u0131\u00f1 tantanal\u0131 merasimi ke\u00e7irilecek - \u041c\u0435\u0434\u0436\u043b\u0456\u0441<\/title>\n<meta name=\"robots\" content=\"index, follow, max-snippet:-1, max-image-preview:large, max-video-preview:-1\" \/>\n<link rel=\"canonical\" href=\"https:\/\/qtmm.org\/qt\/noyabr-1-kunu-bagcasarayda-meclis-azalari-oz-vazifelerini-baslamasinin-tantanali-merasimi-kecirilecek\/\" \/>\n<meta property=\"og:locale\" content=\"en_US\" \/>\n<meta property=\"og:type\" content=\"article\" \/>\n<meta property=\"og:title\" content=\"Noyabr 1 k\u00fcn\u00fc Ba\u011f\u00e7asarayda Meclis azalar\u0131 \u00f6z vazifelerini ba\u015flamas\u0131n\u0131\u00f1 tantanal\u0131 merasimi ke\u00e7irilecek - \u041c\u0435\u0434\u0436\u043b\u0456\u0441\" \/>\n<meta property=\"og:description\" content=\"Noyabr 1 &#8211; cuma k\u00fcn\u00fc Meclisni\u00f1 ya\u00f1\u0131 saylan\u011fan reisi ve azalar\u0131n\u0131\u00f1 \u00f6z vazifelerini eda etip ba\u015flamas\u0131n\u0131\u00f1 tantanal\u0131 merasimi \u00f6tkerilecek. Merasim saat 11.30-da cuma namaz\u0131nen ba\u015flanacaq. Tantanal\u0131 tedbirde Milliy Meclisni\u00f1 sab\u0131q reisi Mustafa Cemilev, Meclis reisi Refat \u00c7ubarov, VI \u00e7a\u011f\u0131r\u0131l\u0131\u015f Qurultay\u0131n\u0131\u00f1 birinci sessiyas\u0131nda saylan\u011fan Meclis azalar\u0131 i\u015ftirak etecekler. Tedbirge Qurultay Tefti\u015f komissiyas\u0131n\u0131\u00f1 azalar\u0131, regional ve yerli [&hellip;]\" \/>\n<meta property=\"og:url\" content=\"https:\/\/qtmm.org\/qt\/noyabr-1-kunu-bagcasarayda-meclis-azalari-oz-vazifelerini-baslamasinin-tantanali-merasimi-kecirilecek\/\" \/>\n<meta property=\"og:site_name\" content=\"\u041c\u0435\u0434\u0436\u043b\u0456\u0441\" \/>\n<meta property=\"article:publisher\" content=\"https:\/\/www.facebook.com\/qtmm.info\/\" \/>\n<meta property=\"article:published_time\" content=\"2013-10-29T21:33:00+00:00\" \/>\n<meta property=\"article:modified_time\" content=\"2022-01-25T21:34:32+00:00\" \/>\n<meta property=\"og:image\" content=\"https:\/\/qtmm.org\/wp-content\/uploads\/2022\/01\/hanjami.jpeg\" \/>\n\t<meta property=\"og:image:width\" content=\"800\" \/>\n\t<meta property=\"og:image:height\" content=\"600\" \/>\n\t<meta property=\"og:image:type\" content=\"image\/jpeg\" \/>\n<meta name=\"author\" content=\"Developer\" \/>\n<meta name=\"twitter:card\" content=\"summary_large_image\" \/>\n<meta name=\"twitter:label1\" content=\"Written by\" \/>\n\t<meta name=\"twitter:data1\" content=\"Developer\" \/>\n\t<meta name=\"twitter:label2\" content=\"Est. reading time\" \/>\n\t<meta name=\"twitter:data2\" content=\"1 minute\" \/>\n<script type=\"application\/ld+json\" class=\"yoast-schema-graph\">{\"@context\":\"https:\\\/\\\/schema.org\",\"@graph\":[{\"@type\":\"Article\",\"@id\":\"https:\\\/\\\/qtmm.org\\\/qt\\\/noyabr-1-kunu-bagcasarayda-meclis-azalari-oz-vazifelerini-baslamasinin-tantanali-merasimi-kecirilecek\\\/#article\",\"isPartOf\":{\"@id\":\"https:\\\/\\\/qtmm.org\\\/qt\\\/noyabr-1-kunu-bagcasarayda-meclis-azalari-oz-vazifelerini-baslamasinin-tantanali-merasimi-kecirilecek\\\/\"},\"author\":{\"name\":\"Developer\",\"@id\":\"https:\\\/\\\/qtmm.org\\\/qt\\\/#\\\/schema\\\/person\\\/de562469f971dec226ac06e60bbf74a7\"},\"headline\":\"Noyabr 1 k\u00fcn\u00fc Ba\u011f\u00e7asarayda Meclis azalar\u0131 \u00f6z vazifelerini ba\u015flamas\u0131n\u0131\u00f1 tantanal\u0131 merasimi ke\u00e7irilecek\",\"datePublished\":\"2013-10-29T21:33:00+00:00\",\"dateModified\":\"2022-01-25T21:34:32+00:00\",\"mainEntityOfPage\":{\"@id\":\"https:\\\/\\\/qtmm.org\\\/qt\\\/noyabr-1-kunu-bagcasarayda-meclis-azalari-oz-vazifelerini-baslamasinin-tantanali-merasimi-kecirilecek\\\/\"},\"wordCount\":162,\"commentCount\":0,\"publisher\":{\"@id\":\"https:\\\/\\\/qtmm.org\\\/qt\\\/#organization\"},\"image\":{\"@id\":\"https:\\\/\\\/qtmm.org\\\/qt\\\/noyabr-1-kunu-bagcasarayda-meclis-azalari-oz-vazifelerini-baslamasinin-tantanali-merasimi-kecirilecek\\\/#primaryimage\"},\"thumbnailUrl\":\"http:\\\/\\\/qtmm.org\\\/wp-content\\\/uploads\\\/2022\\\/01\\\/hanjami.jpeg\",\"articleSection\":[\"Haberler\"],\"inLanguage\":\"qt\",\"potentialAction\":[{\"@type\":\"CommentAction\",\"name\":\"Comment\",\"target\":[\"https:\\\/\\\/qtmm.org\\\/qt\\\/noyabr-1-kunu-bagcasarayda-meclis-azalari-oz-vazifelerini-baslamasinin-tantanali-merasimi-kecirilecek\\\/#respond\"]}]},{\"@type\":\"WebPage\",\"@id\":\"https:\\\/\\\/qtmm.org\\\/qt\\\/noyabr-1-kunu-bagcasarayda-meclis-azalari-oz-vazifelerini-baslamasinin-tantanali-merasimi-kecirilecek\\\/\",\"url\":\"https:\\\/\\\/qtmm.org\\\/qt\\\/noyabr-1-kunu-bagcasarayda-meclis-azalari-oz-vazifelerini-baslamasinin-tantanali-merasimi-kecirilecek\\\/\",\"name\":\"Noyabr 1 k\u00fcn\u00fc Ba\u011f\u00e7asarayda Meclis azalar\u0131 \u00f6z vazifelerini ba\u015flamas\u0131n\u0131\u00f1 tantanal\u0131 merasimi ke\u00e7irilecek - \u041c\u0435\u0434\u0436\u043b\u0456\u0441\",\"isPartOf\":{\"@id\":\"https:\\\/\\\/qtmm.org\\\/qt\\\/#website\"},\"primaryImageOfPage\":{\"@id\":\"https:\\\/\\\/qtmm.org\\\/qt\\\/noyabr-1-kunu-bagcasarayda-meclis-azalari-oz-vazifelerini-baslamasinin-tantanali-merasimi-kecirilecek\\\/#primaryimage\"},\"image\":{\"@id\":\"https:\\\/\\\/qtmm.org\\\/qt\\\/noyabr-1-kunu-bagcasarayda-meclis-azalari-oz-vazifelerini-baslamasinin-tantanali-merasimi-kecirilecek\\\/#primaryimage\"},\"thumbnailUrl\":\"http:\\\/\\\/qtmm.org\\\/wp-content\\\/uploads\\\/2022\\\/01\\\/hanjami.jpeg\",\"datePublished\":\"2013-10-29T21:33:00+00:00\",\"dateModified\":\"2022-01-25T21:34:32+00:00\",\"breadcrumb\":{\"@id\":\"https:\\\/\\\/qtmm.org\\\/qt\\\/noyabr-1-kunu-bagcasarayda-meclis-azalari-oz-vazifelerini-baslamasinin-tantanali-merasimi-kecirilecek\\\/#breadcrumb\"},\"inLanguage\":\"qt\",\"potentialAction\":[{\"@type\":\"ReadAction\",\"target\":[\"https:\\\/\\\/qtmm.org\\\/qt\\\/noyabr-1-kunu-bagcasarayda-meclis-azalari-oz-vazifelerini-baslamasinin-tantanali-merasimi-kecirilecek\\\/\"]}]},{\"@type\":\"ImageObject\",\"inLanguage\":\"qt\",\"@id\":\"https:\\\/\\\/qtmm.org\\\/qt\\\/noyabr-1-kunu-bagcasarayda-meclis-azalari-oz-vazifelerini-baslamasinin-tantanali-merasimi-kecirilecek\\\/#primaryimage\",\"url\":\"http:\\\/\\\/qtmm.org\\\/wp-content\\\/uploads\\\/2022\\\/01\\\/hanjami.jpeg\",\"contentUrl\":\"http:\\\/\\\/qtmm.org\\\/wp-content\\\/uploads\\\/2022\\\/01\\\/hanjami.jpeg\"},{\"@type\":\"BreadcrumbList\",\"@id\":\"https:\\\/\\\/qtmm.org\\\/qt\\\/noyabr-1-kunu-bagcasarayda-meclis-azalari-oz-vazifelerini-baslamasinin-tantanali-merasimi-kecirilecek\\\/#breadcrumb\",\"itemListElement\":[{\"@type\":\"ListItem\",\"position\":1,\"name\":\"\u0413\u043e\u043b\u043e\u0432\u043d\u0430\",\"item\":\"https:\\\/\\\/qtmm.org\\\/qt\\\/\"},{\"@type\":\"ListItem\",\"position\":2,\"name\":\"Noyabr 1 k\u00fcn\u00fc Ba\u011f\u00e7asarayda Meclis azalar\u0131 \u00f6z vazifelerini ba\u015flamas\u0131n\u0131\u00f1 tantanal\u0131 merasimi ke\u00e7irilecek\"}]},{\"@type\":\"WebSite\",\"@id\":\"https:\\\/\\\/qtmm.org\\\/qt\\\/#website\",\"url\":\"https:\\\/\\\/qtmm.org\\\/qt\\\/\",\"name\":\"\u041c\u0435\u0434\u0436\u043b\u0456\u0441\",\"description\":\"\",\"publisher\":{\"@id\":\"https:\\\/\\\/qtmm.org\\\/qt\\\/#organization\"},\"potentialAction\":[{\"@type\":\"SearchAction\",\"target\":{\"@type\":\"EntryPoint\",\"urlTemplate\":\"https:\\\/\\\/qtmm.org\\\/qt\\\/?s={search_term_string}\"},\"query-input\":{\"@type\":\"PropertyValueSpecification\",\"valueRequired\":true,\"valueName\":\"search_term_string\"}}],\"inLanguage\":\"qt\"},{\"@type\":\"Organization\",\"@id\":\"https:\\\/\\\/qtmm.org\\\/qt\\\/#organization\",\"name\":\"\u041c\u0435\u0434\u0436\u043b\u0456\u0441\",\"url\":\"https:\\\/\\\/qtmm.org\\\/qt\\\/\",\"logo\":{\"@type\":\"ImageObject\",\"inLanguage\":\"qt\",\"@id\":\"https:\\\/\\\/qtmm.org\\\/qt\\\/#\\\/schema\\\/logo\\\/image\\\/\",\"url\":\"https:\\\/\\\/qtmm.org\\\/wp-content\\\/uploads\\\/2024\\\/12\\\/ua-mejlis-logo-rgb.svg\",\"contentUrl\":\"https:\\\/\\\/qtmm.org\\\/wp-content\\\/uploads\\\/2024\\\/12\\\/ua-mejlis-logo-rgb.svg\",\"caption\":\"\u041c\u0435\u0434\u0436\u043b\u0456\u0441\"},\"image\":{\"@id\":\"https:\\\/\\\/qtmm.org\\\/qt\\\/#\\\/schema\\\/logo\\\/image\\\/\"},\"sameAs\":[\"https:\\\/\\\/www.facebook.com\\\/qtmm.info\\\/\"]},{\"@type\":\"Person\",\"@id\":\"https:\\\/\\\/qtmm.org\\\/qt\\\/#\\\/schema\\\/person\\\/de562469f971dec226ac06e60bbf74a7\",\"name\":\"Developer\",\"image\":{\"@type\":\"ImageObject\",\"inLanguage\":\"qt\",\"@id\":\"https:\\\/\\\/secure.gravatar.com\\\/avatar\\\/392b4cc8fbfeb00b39dfeeab4ee6edded39ffd48e25858637e4765810300227e?s=96&d=mm&r=g\",\"url\":\"https:\\\/\\\/secure.gravatar.com\\\/avatar\\\/392b4cc8fbfeb00b39dfeeab4ee6edded39ffd48e25858637e4765810300227e?s=96&d=mm&r=g\",\"contentUrl\":\"https:\\\/\\\/secure.gravatar.com\\\/avatar\\\/392b4cc8fbfeb00b39dfeeab4ee6edded39ffd48e25858637e4765810300227e?s=96&d=mm&r=g\",\"caption\":\"Developer\"},\"url\":\"https:\\\/\\\/qtmm.org\\\/qt\\\/author\\\/Developer\\\/\"}]}<\/script>\n<!-- \/ Yoast SEO plugin. -->","yoast_head_json":{"title":"Noyabr 1 k\u00fcn\u00fc Ba\u011f\u00e7asarayda Meclis azalar\u0131 \u00f6z vazifelerini ba\u015flamas\u0131n\u0131\u00f1 tantanal\u0131 merasimi ke\u00e7irilecek - \u041c\u0435\u0434\u0436\u043b\u0456\u0441","robots":{"index":"index","follow":"follow","max-snippet":"max-snippet:-1","max-image-preview":"max-image-preview:large","max-video-preview":"max-video-preview:-1"},"canonical":"https:\/\/qtmm.org\/qt\/noyabr-1-kunu-bagcasarayda-meclis-azalari-oz-vazifelerini-baslamasinin-tantanali-merasimi-kecirilecek\/","og_locale":"en_US","og_type":"article","og_title":"Noyabr 1 k\u00fcn\u00fc Ba\u011f\u00e7asarayda Meclis azalar\u0131 \u00f6z vazifelerini ba\u015flamas\u0131n\u0131\u00f1 tantanal\u0131 merasimi ke\u00e7irilecek - \u041c\u0435\u0434\u0436\u043b\u0456\u0441","og_description":"Noyabr 1 &#8211; cuma k\u00fcn\u00fc Meclisni\u00f1 ya\u00f1\u0131 saylan\u011fan reisi ve azalar\u0131n\u0131\u00f1 \u00f6z vazifelerini eda etip ba\u015flamas\u0131n\u0131\u00f1 tantanal\u0131 merasimi \u00f6tkerilecek. Merasim saat 11.30-da cuma namaz\u0131nen ba\u015flanacaq. Tantanal\u0131 tedbirde Milliy Meclisni\u00f1 sab\u0131q reisi Mustafa Cemilev, Meclis reisi Refat \u00c7ubarov, VI \u00e7a\u011f\u0131r\u0131l\u0131\u015f Qurultay\u0131n\u0131\u00f1 birinci sessiyas\u0131nda saylan\u011fan Meclis azalar\u0131 i\u015ftirak etecekler. Tedbirge Qurultay Tefti\u015f komissiyas\u0131n\u0131\u00f1 azalar\u0131, regional ve yerli [&hellip;]","og_url":"https:\/\/qtmm.org\/qt\/noyabr-1-kunu-bagcasarayda-meclis-azalari-oz-vazifelerini-baslamasinin-tantanali-merasimi-kecirilecek\/","og_site_name":"\u041c\u0435\u0434\u0436\u043b\u0456\u0441","article_publisher":"https:\/\/www.facebook.com\/qtmm.info\/","article_published_time":"2013-10-29T21:33:00+00:00","article_modified_time":"2022-01-25T21:34:32+00:00","og_image":[{"width":800,"height":600,"url":"https:\/\/qtmm.org\/wp-content\/uploads\/2022\/01\/hanjami.jpeg","type":"image\/jpeg"}],"author":"Developer","twitter_card":"summary_large_image","twitter_misc":{"Written by":"Developer","Est. reading time":"1 minute"},"schema":{"@context":"https:\/\/schema.org","@graph":[{"@type":"Article","@id":"https:\/\/qtmm.org\/qt\/noyabr-1-kunu-bagcasarayda-meclis-azalari-oz-vazifelerini-baslamasinin-tantanali-merasimi-kecirilecek\/#article","isPartOf":{"@id":"https:\/\/qtmm.org\/qt\/noyabr-1-kunu-bagcasarayda-meclis-azalari-oz-vazifelerini-baslamasinin-tantanali-merasimi-kecirilecek\/"},"author":{"name":"Developer","@id":"https:\/\/qtmm.org\/qt\/#\/schema\/person\/de562469f971dec226ac06e60bbf74a7"},"headline":"Noyabr 1 k\u00fcn\u00fc Ba\u011f\u00e7asarayda Meclis azalar\u0131 \u00f6z vazifelerini ba\u015flamas\u0131n\u0131\u00f1 tantanal\u0131 merasimi ke\u00e7irilecek","datePublished":"2013-10-29T21:33:00+00:00","dateModified":"2022-01-25T21:34:32+00:00","mainEntityOfPage":{"@id":"https:\/\/qtmm.org\/qt\/noyabr-1-kunu-bagcasarayda-meclis-azalari-oz-vazifelerini-baslamasinin-tantanali-merasimi-kecirilecek\/"},"wordCount":162,"commentCount":0,"publisher":{"@id":"https:\/\/qtmm.org\/qt\/#organization"},"image":{"@id":"https:\/\/qtmm.org\/qt\/noyabr-1-kunu-bagcasarayda-meclis-azalari-oz-vazifelerini-baslamasinin-tantanali-merasimi-kecirilecek\/#primaryimage"},"thumbnailUrl":"http:\/\/qtmm.org\/wp-content\/uploads\/2022\/01\/hanjami.jpeg","articleSection":["Haberler"],"inLanguage":"qt","potentialAction":[{"@type":"CommentAction","name":"Comment","target":["https:\/\/qtmm.org\/qt\/noyabr-1-kunu-bagcasarayda-meclis-azalari-oz-vazifelerini-baslamasinin-tantanali-merasimi-kecirilecek\/#respond"]}]},{"@type":"WebPage","@id":"https:\/\/qtmm.org\/qt\/noyabr-1-kunu-bagcasarayda-meclis-azalari-oz-vazifelerini-baslamasinin-tantanali-merasimi-kecirilecek\/","url":"https:\/\/qtmm.org\/qt\/noyabr-1-kunu-bagcasarayda-meclis-azalari-oz-vazifelerini-baslamasinin-tantanali-merasimi-kecirilecek\/","name":"Noyabr 1 k\u00fcn\u00fc Ba\u011f\u00e7asarayda Meclis azalar\u0131 \u00f6z vazifelerini ba\u015flamas\u0131n\u0131\u00f1 tantanal\u0131 merasimi ke\u00e7irilecek - \u041c\u0435\u0434\u0436\u043b\u0456\u0441","isPartOf":{"@id":"https:\/\/qtmm.org\/qt\/#website"},"primaryImageOfPage":{"@id":"https:\/\/qtmm.org\/qt\/noyabr-1-kunu-bagcasarayda-meclis-azalari-oz-vazifelerini-baslamasinin-tantanali-merasimi-kecirilecek\/#primaryimage"},"image":{"@id":"https:\/\/qtmm.org\/qt\/noyabr-1-kunu-bagcasarayda-meclis-azalari-oz-vazifelerini-baslamasinin-tantanali-merasimi-kecirilecek\/#primaryimage"},"thumbnailUrl":"http:\/\/qtmm.org\/wp-content\/uploads\/2022\/01\/hanjami.jpeg","datePublished":"2013-10-29T21:33:00+00:00","dateModified":"2022-01-25T21:34:32+00:00","breadcrumb":{"@id":"https:\/\/qtmm.org\/qt\/noyabr-1-kunu-bagcasarayda-meclis-azalari-oz-vazifelerini-baslamasinin-tantanali-merasimi-kecirilecek\/#breadcrumb"},"inLanguage":"qt","potentialAction":[{"@type":"ReadAction","target":["https:\/\/qtmm.org\/qt\/noyabr-1-kunu-bagcasarayda-meclis-azalari-oz-vazifelerini-baslamasinin-tantanali-merasimi-kecirilecek\/"]}]},{"@type":"ImageObject","inLanguage":"qt","@id":"https:\/\/qtmm.org\/qt\/noyabr-1-kunu-bagcasarayda-meclis-azalari-oz-vazifelerini-baslamasinin-tantanali-merasimi-kecirilecek\/#primaryimage","url":"http:\/\/qtmm.org\/wp-content\/uploads\/2022\/01\/hanjami.jpeg","contentUrl":"http:\/\/qtmm.org\/wp-content\/uploads\/2022\/01\/hanjami.jpeg"},{"@type":"BreadcrumbList","@id":"https:\/\/qtmm.org\/qt\/noyabr-1-kunu-bagcasarayda-meclis-azalari-oz-vazifelerini-baslamasinin-tantanali-merasimi-kecirilecek\/#breadcrumb","itemListElement":[{"@type":"ListItem","position":1,"name":"\u0413\u043e\u043b\u043e\u0432\u043d\u0430","item":"https:\/\/qtmm.org\/qt\/"},{"@type":"ListItem","position":2,"name":"Noyabr 1 k\u00fcn\u00fc Ba\u011f\u00e7asarayda Meclis azalar\u0131 \u00f6z vazifelerini ba\u015flamas\u0131n\u0131\u00f1 tantanal\u0131 merasimi ke\u00e7irilecek"}]},{"@type":"WebSite","@id":"https:\/\/qtmm.org\/qt\/#website","url":"https:\/\/qtmm.org\/qt\/","name":"\u041c\u0435\u0434\u0436\u043b\u0456\u0441","description":"","publisher":{"@id":"https:\/\/qtmm.org\/qt\/#organization"},"potentialAction":[{"@type":"SearchAction","target":{"@type":"EntryPoint","urlTemplate":"https:\/\/qtmm.org\/qt\/?s={search_term_string}"},"query-input":{"@type":"PropertyValueSpecification","valueRequired":true,"valueName":"search_term_string"}}],"inLanguage":"qt"},{"@type":"Organization","@id":"https:\/\/qtmm.org\/qt\/#organization","name":"\u041c\u0435\u0434\u0436\u043b\u0456\u0441","url":"https:\/\/qtmm.org\/qt\/","logo":{"@type":"ImageObject","inLanguage":"qt","@id":"https:\/\/qtmm.org\/qt\/#\/schema\/logo\/image\/","url":"https:\/\/qtmm.org\/wp-content\/uploads\/2024\/12\/ua-mejlis-logo-rgb.svg","contentUrl":"https:\/\/qtmm.org\/wp-content\/uploads\/2024\/12\/ua-mejlis-logo-rgb.svg","caption":"\u041c\u0435\u0434\u0436\u043b\u0456\u0441"},"image":{"@id":"https:\/\/qtmm.org\/qt\/#\/schema\/logo\/image\/"},"sameAs":["https:\/\/www.facebook.com\/qtmm.info\/"]},{"@type":"Person","@id":"https:\/\/qtmm.org\/qt\/#\/schema\/person\/de562469f971dec226ac06e60bbf74a7","name":"Developer","image":{"@type":"ImageObject","inLanguage":"qt","@id":"https:\/\/secure.gravatar.com\/avatar\/392b4cc8fbfeb00b39dfeeab4ee6edded39ffd48e25858637e4765810300227e?s=96&d=mm&r=g","url":"https:\/\/secure.gravatar.com\/avatar\/392b4cc8fbfeb00b39dfeeab4ee6edded39ffd48e25858637e4765810300227e?s=96&d=mm&r=g","contentUrl":"https:\/\/secure.gravatar.com\/avatar\/392b4cc8fbfeb00b39dfeeab4ee6edded39ffd48e25858637e4765810300227e?s=96&d=mm&r=g","caption":"Developer"},"url":"https:\/\/qtmm.org\/qt\/author\/Developer\/"}]}},"_links":{"self":[{"href":"https:\/\/qtmm.org\/qt\/wp-json\/wp\/v2\/posts\/40031","targetHints":{"allow":["GET"]}}],"collection":[{"href":"https:\/\/qtmm.org\/qt\/wp-json\/wp\/v2\/posts"}],"about":[{"href":"https:\/\/qtmm.org\/qt\/wp-json\/wp\/v2\/types\/post"}],"author":[{"embeddable":true,"href":"https:\/\/qtmm.org\/qt\/wp-json\/wp\/v2\/users\/1"}],"replies":[{"embeddable":true,"href":"https:\/\/qtmm.org\/qt\/wp-json\/wp\/v2\/comments?post=40031"}],"version-history":[{"count":1,"href":"https:\/\/qtmm.org\/qt\/wp-json\/wp\/v2\/posts\/40031\/revisions"}],"predecessor-version":[{"id":40040,"href":"https:\/\/qtmm.org\/qt\/wp-json\/wp\/v2\/posts\/40031\/revisions\/40040"}],"wp:attachment":[{"href":"https:\/\/qtmm.org\/qt\/wp-json\/wp\/v2\/media?parent=40031"}],"wp:term":[{"taxonomy":"category","embeddable":true,"href":"https:\/\/qtmm.org\/qt\/wp-json\/wp\/v2\/categories?post=40031"},{"taxonomy":"post_tag","embeddable":true,"href":"https:\/\/qtmm.org\/qt\/wp-json\/wp\/v2\/tags?post=40031"}],"curies":[{"name":"wp","href":"https:\/\/api.w.org\/{rel}","templated":true}]}}