




{"id":40009,"date":"2013-10-28T00:30:00","date_gmt":"2013-10-27T21:30:00","guid":{"rendered":"http:\/\/qtmm.org\/?p=40009"},"modified":"2022-01-26T00:33:23","modified_gmt":"2022-01-25T21:33:23","slug":"qirimtatar-halqi-meclisi-ve-teftis-komissiyasinin-yani-erkani-saylandi","status":"publish","type":"post","link":"https:\/\/qtmm.org\/qt\/qirimtatar-halqi-meclisi-ve-teftis-komissiyasinin-yani-erkani-saylandi\/","title":{"rendered":"Q\u0131r\u0131mtatar halq\u0131 Meclisi ve Tefti\u015f komissiyas\u0131n\u0131\u00f1 ya\u00f1\u0131 erk\u00e2n\u0131 sayland\u0131"},"content":{"rendered":"\n<p>27 okt\u00e2br k\u00fcn\u00fc aq\u015fam saat doquzda Q\u0131r\u0131mtatar halq\u0131 Meclisi ve Tefti\u015f komissiyas\u0131n\u0131\u00f1 azalar\u0131n\u0131 saylav boyunca gizli rey ber\u00fcv protseduras\u0131 ba\u015fland\u0131.<\/p>\n\n\n\n<p>Meclis ve Tefti\u015f komissiyas\u0131 azalar\u0131na namzetlerni k\u00f6ster\u00fcv neticelerine k\u00f6re Esap komissiyas\u0131 Meclis azal\u0131\u011f\u0131na namzetlerni\u00f1 57 adamdan ve Tefti\u015f komissiyas\u0131 azal\u0131\u011f\u0131na 16 ki\u015fiden ibaret cedvelini seslendirdi.<\/p>\n\n\n\n<p>Delegatlar teklif etilgen cedvellerni tasdiqlap, gizli rey ber\u00fcv protseduras\u0131n\u0131 ba\u015flad\u0131lar.<br><br>Gece saat 23-te esap komissiyas\u0131 reylerni saymaq i\u00e7\u00fcn \u00e7ekildiler.<\/p>\n\n\n\n<p>Okt\u00e2br 28 k\u00fcn\u00fc saba saat 8.30-da Meclis azalar\u0131n\u0131 ve Tefti\u015f komissiyas\u0131 azalar\u0131n\u0131 saylav boyunca Esap komissiyas\u0131 gizli rey ber\u00fcvni\u00f1 neticelerini seslendirdi.<\/p>\n\n\n\n<figure class=\"wp-block-image size-full\"><img loading=\"lazy\" decoding=\"async\" width=\"650\" height=\"418\" src=\"http:\/\/qtmm.org\/wp-content\/uploads\/2022\/01\/img_1875.jpeg\" alt=\"\" class=\"wp-image-40014\" srcset=\"https:\/\/qtmm.org\/wp-content\/uploads\/2022\/01\/img_1875.jpeg 650w, https:\/\/qtmm.org\/wp-content\/uploads\/2022\/01\/img_1875-300x193.jpeg 300w\" sizes=\"auto, (max-width: 650px) 100vw, 650px\" \/><\/figure>\n\n\n\n<p>Esap komissiyas\u0131n\u0131\u00f1 reisi Abibe Sidorova bildirgenine k\u00f6re Mecliske sayland\u0131lar:<\/p>\n\n\n\n<p>1&nbsp;<strong>Ablayev Emirali<\/strong><\/p>\n\n\n\n<p>2&nbsp;<strong>Avamileva Emine<\/strong><\/p>\n\n\n\n<p>3&nbsp;<strong>Acimambetov Ayder<\/strong><\/p>\n\n\n\n<p>4&nbsp;<strong>Akiyev Dil\u00e2ver<\/strong><\/p>\n\n\n\n<p>5&nbsp;<strong>Aliyev Asan<\/strong><\/p>\n\n\n\n<p>6&nbsp;<strong>Bariyev Eskender<\/strong><\/p>\n\n\n\n<p>7&nbsp;<strong>Bekirova G\u00fclnara<\/strong><\/p>\n\n\n\n<p>8&nbsp;<strong>Gafarov Teyfuk<\/strong><\/p>\n\n\n\n<p>9&nbsp;<strong>Cel\u00e2lov Nariman<\/strong><\/p>\n\n\n\n<p>10&nbsp;<strong>\u0130lyasov Remzi<\/strong><\/p>\n\n\n\n<p>11&nbsp;<strong>Kaybullayev \u015eevket<\/strong><\/p>\n\n\n\n<p>12&nbsp;<strong>K\u00fcrtiyev Enver<\/strong><\/p>\n\n\n\n<p>13&nbsp;<strong>Mamutov Bekir<\/strong><\/p>\n\n\n\n<p>14&nbsp;<strong>Mau\u015fev Mustafa<\/strong><\/p>\n\n\n\n<p>15&nbsp;<strong>\u00d6mer Aslan K\u0131r\u0131ml\u0131<\/strong><\/p>\n\n\n\n<p>16&nbsp;<strong>Osmanov Kad\u0131r<\/strong><\/p>\n\n\n\n<p>17&nbsp;<strong>Sayitablayev Refat<\/strong><\/p>\n\n\n\n<p>18&nbsp;<strong>Seytgaziyeva Dinara<\/strong><\/p>\n\n\n\n<p>19&nbsp;<strong>Smirnov Zaur<\/strong><\/p>\n\n\n\n<p>20&nbsp;<strong>Suleymanov Abmecit<\/strong><\/p>\n\n\n\n<p>21&nbsp;<strong>Tabah Sad\u0131h<\/strong><\/p>\n\n\n\n<p>22&nbsp;<strong>\u00dcmerov \u0130lmi<\/strong><\/p>\n\n\n\n<p>23&nbsp;<strong>Hamzin Ali<\/strong><\/p>\n\n\n\n<p>24&nbsp;<strong>\u00c7egertma \u0130braim<\/strong><\/p>\n\n\n\n<p>25&nbsp;<strong>\u00c7iygoz Ahtem<\/strong><\/p>\n\n\n\n<p>26&nbsp;<strong>\u015eevkiyev Riza<\/strong><\/p>\n\n\n\n<p>27&nbsp;<strong>Egiz Abduraman<\/strong><\/p>\n\n\n\n<p>28&nbsp;<strong>Y\u00fcksel Gayana<\/strong><\/p>\n\n\n\n<p>29&nbsp;<strong>Yunusov Lemmar<\/strong><\/p>\n\n\n\n<p>30&nbsp;<strong>Yagyayev Seydamet<\/strong><\/p>\n\n\n\n<p>31&nbsp;<strong>Yakubov Zeynur<\/strong><\/p>\n\n\n\n<p>32&nbsp;<strong>Yakubov Ruslan<\/strong><br><br><br>Qurultayn\u0131\u00f1 Tefti\u015f komissiyas\u0131na sayland\u0131lar:<br><br>1&nbsp;<strong>Dudakov Edem<\/strong><br><br>2&nbsp;<strong>Memetov Refat Hudus \u00f6gl\u0131<\/strong><br><br>3&nbsp;<strong>Muratov Remzi<\/strong><br><br>4&nbsp;<strong>\u00d6zenba\u015f Ali<\/strong><br><br>5&nbsp;<strong>Re\u015fitov Aziz<\/strong><br><br>6&nbsp;<strong>Suleymanov Tal\u00e2t<\/strong><br><br>7&nbsp;<strong>\u00dcmerov Emirasan<\/strong><br><br><br>Meclis reisi Refat \u00c7ubarov Esap komissiyalar\u0131n\u0131\u00f1 azalar\u0131na Qurultay 1-nci sessiyas\u0131 k\u00fcnleri yapt\u0131qlar\u0131 i\u015fleri i\u00e7\u00fcn te\u015fekk\u00fcr bildirip, Meclis ve Tefti\u015f komissiyas\u0131n\u0131\u00f1 ya\u00f1\u0131 azalar\u0131n\u0131 hay\u0131rlad\u0131.<\/p>\n\n\n\n<p>Bun\u0131\u00f1 kibi de o, okt\u00e2br 31 k\u00fcn\u00fc Meclisni\u00f1 birinci topla\u015fuv\u0131 ke\u00e7irilip, onda Meclis h\u0131zmetleri, b\u00f6l\u00fck ve idareleri \u015fekillenecegini bildirdi. \u00d6z\u00fcni\u00f1 birinci muavini ve muavinlerini tayinlevge dair qarar\u0131n\u0131 Refat \u00c7ubarov Reglament ve Meclis aqq\u0131nda Nizamnamege k\u00f6re alacaq.<\/p>\n\n\n\n<figure class=\"wp-block-image size-full\"><img loading=\"lazy\" decoding=\"async\" width=\"650\" height=\"475\" src=\"http:\/\/qtmm.org\/wp-content\/uploads\/2022\/01\/img_1893.jpeg\" alt=\"\" class=\"wp-image-40018\" srcset=\"https:\/\/qtmm.org\/wp-content\/uploads\/2022\/01\/img_1893.jpeg 650w, https:\/\/qtmm.org\/wp-content\/uploads\/2022\/01\/img_1893-300x219.jpeg 300w\" sizes=\"auto, (max-width: 650px) 100vw, 650px\" \/><\/figure>\n\n\n\n<p>R. \u00c7ubarovn\u0131\u00f1 s\u00f6ylegenine k\u00f6re noyabr 1 \u2013 cuma k\u00fcn\u00fc Ba\u011f\u00e7asarayda Hancamide cuma namaz\u0131ndan so\u00f1 Meclisni\u00f1 ya\u00f1\u0131 erk\u00e2n\u0131 \u00f6z vazifesine ba\u015flamas\u0131n\u0131\u00f1 tantanal\u0131 merasimi \u00f6tkerilecek.<\/p>\n\n\n\n<figure class=\"wp-block-image size-full\"><img loading=\"lazy\" decoding=\"async\" width=\"650\" height=\"236\" src=\"http:\/\/qtmm.org\/wp-content\/uploads\/2022\/01\/img_1896.jpeg\" alt=\"\" class=\"wp-image-40022\" srcset=\"https:\/\/qtmm.org\/wp-content\/uploads\/2022\/01\/img_1896.jpeg 650w, https:\/\/qtmm.org\/wp-content\/uploads\/2022\/01\/img_1896-300x109.jpeg 300w\" sizes=\"auto, (max-width: 650px) 100vw, 650px\" \/><\/figure>\n\n\n\n<p>Tantanal\u0131 tedbirge evelki \u00e7a\u011f\u0131r\u0131l\u0131\u015f Qurultay\u0131n\u0131\u00f1 delegatlar\u0131 taraf\u0131ndan saylan\u011fan Meclis azalar\u0131, bun\u0131\u00f1 kibi de VI \u00e7a\u011f\u0131r\u0131l\u0131\u015f Qurultay\u0131n\u0131\u00f1 delegatlar\u0131 da davet etildiler.<\/p>\n\n\n\n<p>Q\u0131r\u0131mtatar halq\u0131 VI \u00e7a\u011f\u0131r\u0131l\u0131\u015f Qurultay\u0131 Q\u0131r\u0131mtatar halq\u0131 VI \u00e7a\u011f\u0131r\u0131l\u0131\u015f Qurultay\u0131 Tefti\u015f komissiyas\u0131n\u0131\u00f1 reisi olaraq birinci topla\u015fuvda Tefti\u015f komissiya azalar\u0131 taraf\u0131ndan saylan\u011fan Ali \u00d6zenba\u015fn\u0131 reis olaraq tasdiqlad\u0131\/.<\/p>\n\n\n\n<p>2013 senesi okt\u00e2br 28 k\u00fcn\u00fc VI \u00e7a\u011f\u0131r\u0131l\u0131\u015f Qurultay\u0131n\u0131\u00f1 1-nci sessiyas\u0131 \u00f6z i\u015fini yek\u00fcnledi<\/p>\n\n\n\n<figure class=\"wp-block-image size-full\"><img loading=\"lazy\" decoding=\"async\" width=\"650\" height=\"321\" src=\"http:\/\/qtmm.org\/wp-content\/uploads\/2022\/01\/img_1894.jpeg\" alt=\"\" class=\"wp-image-40026\" srcset=\"https:\/\/qtmm.org\/wp-content\/uploads\/2022\/01\/img_1894.jpeg 650w, https:\/\/qtmm.org\/wp-content\/uploads\/2022\/01\/img_1894-300x148.jpeg 300w\" sizes=\"auto, (max-width: 650px) 100vw, 650px\" \/><\/figure>\n","protected":false},"excerpt":{"rendered":"<p>27 okt\u00e2br k\u00fcn\u00fc aq\u015fam saat doquzda Q\u0131r\u0131mtatar halq\u0131 Meclisi ve Tefti\u015f komissiyas\u0131n\u0131\u00f1 azalar\u0131n\u0131 saylav boyunca gizli rey ber\u00fcv protseduras\u0131 ba\u015fland\u0131. Meclis ve Tefti\u015f komissiyas\u0131 azalar\u0131na namzetlerni k\u00f6ster\u00fcv neticelerine k\u00f6re Esap komissiyas\u0131 Meclis azal\u0131\u011f\u0131na namzetlerni\u00f1 57 adamdan ve Tefti\u015f komissiyas\u0131 azal\u0131\u011f\u0131na 16 ki\u015fiden ibaret cedvelini seslendirdi. Delegatlar teklif etilgen cedvellerni tasdiqlap, gizli rey ber\u00fcv protseduras\u0131n\u0131 ba\u015flad\u0131lar. [&hellip;]<\/p>\n","protected":false},"author":1,"featured_media":40010,"comment_status":"open","ping_status":"open","sticky":false,"template":"","format":"standard","meta":{"inline_featured_image":false,"footnotes":""},"categories":[265],"tags":[],"class_list":["post-40009","post","type-post","status-publish","format-standard","has-post-thumbnail","hentry","category-haberler"],"acf":[],"yoast_head":"<!-- This site is optimized with the Yoast SEO plugin v27.4 - https:\/\/yoast.com\/product\/yoast-seo-wordpress\/ -->\n<title>Q\u0131r\u0131mtatar halq\u0131 Meclisi ve Tefti\u015f komissiyas\u0131n\u0131\u00f1 ya\u00f1\u0131 erk\u00e2n\u0131 sayland\u0131 - \u041c\u0435\u0434\u0436\u043b\u0456\u0441<\/title>\n<meta name=\"robots\" content=\"index, follow, max-snippet:-1, max-image-preview:large, max-video-preview:-1\" \/>\n<link rel=\"canonical\" href=\"https:\/\/qtmm.org\/qt\/qirimtatar-halqi-meclisi-ve-teftis-komissiyasinin-yani-erkani-saylandi\/\" \/>\n<meta property=\"og:locale\" content=\"en_US\" \/>\n<meta property=\"og:type\" content=\"article\" \/>\n<meta property=\"og:title\" content=\"Q\u0131r\u0131mtatar halq\u0131 Meclisi ve Tefti\u015f komissiyas\u0131n\u0131\u00f1 ya\u00f1\u0131 erk\u00e2n\u0131 sayland\u0131 - \u041c\u0435\u0434\u0436\u043b\u0456\u0441\" \/>\n<meta property=\"og:description\" content=\"27 okt\u00e2br k\u00fcn\u00fc aq\u015fam saat doquzda Q\u0131r\u0131mtatar halq\u0131 Meclisi ve Tefti\u015f komissiyas\u0131n\u0131\u00f1 azalar\u0131n\u0131 saylav boyunca gizli rey ber\u00fcv protseduras\u0131 ba\u015fland\u0131. Meclis ve Tefti\u015f komissiyas\u0131 azalar\u0131na namzetlerni k\u00f6ster\u00fcv neticelerine k\u00f6re Esap komissiyas\u0131 Meclis azal\u0131\u011f\u0131na namzetlerni\u00f1 57 adamdan ve Tefti\u015f komissiyas\u0131 azal\u0131\u011f\u0131na 16 ki\u015fiden ibaret cedvelini seslendirdi. Delegatlar teklif etilgen cedvellerni tasdiqlap, gizli rey ber\u00fcv protseduras\u0131n\u0131 ba\u015flad\u0131lar. [&hellip;]\" \/>\n<meta property=\"og:url\" content=\"https:\/\/qtmm.org\/qt\/qirimtatar-halqi-meclisi-ve-teftis-komissiyasinin-yani-erkani-saylandi\/\" \/>\n<meta property=\"og:site_name\" content=\"\u041c\u0435\u0434\u0436\u043b\u0456\u0441\" \/>\n<meta property=\"article:publisher\" content=\"https:\/\/www.facebook.com\/qtmm.info\/\" \/>\n<meta property=\"article:published_time\" content=\"2013-10-27T21:30:00+00:00\" \/>\n<meta property=\"article:modified_time\" content=\"2022-01-25T21:33:23+00:00\" \/>\n<meta property=\"og:image\" content=\"https:\/\/qtmm.org\/wp-content\/uploads\/2022\/01\/img_1862.jpeg\" \/>\n\t<meta property=\"og:image:width\" content=\"650\" \/>\n\t<meta property=\"og:image:height\" content=\"415\" \/>\n\t<meta property=\"og:image:type\" content=\"image\/jpeg\" \/>\n<meta name=\"author\" content=\"Developer\" \/>\n<meta name=\"twitter:card\" content=\"summary_large_image\" \/>\n<meta name=\"twitter:label1\" content=\"Written by\" \/>\n\t<meta name=\"twitter:data1\" content=\"Developer\" \/>\n\t<meta name=\"twitter:label2\" content=\"Est. reading time\" \/>\n\t<meta name=\"twitter:data2\" content=\"2 minutes\" \/>\n<script type=\"application\/ld+json\" class=\"yoast-schema-graph\">{\"@context\":\"https:\\\/\\\/schema.org\",\"@graph\":[{\"@type\":\"Article\",\"@id\":\"https:\\\/\\\/qtmm.org\\\/qt\\\/qirimtatar-halqi-meclisi-ve-teftis-komissiyasinin-yani-erkani-saylandi\\\/#article\",\"isPartOf\":{\"@id\":\"https:\\\/\\\/qtmm.org\\\/qt\\\/qirimtatar-halqi-meclisi-ve-teftis-komissiyasinin-yani-erkani-saylandi\\\/\"},\"author\":{\"name\":\"Developer\",\"@id\":\"https:\\\/\\\/qtmm.org\\\/qt\\\/#\\\/schema\\\/person\\\/de562469f971dec226ac06e60bbf74a7\"},\"headline\":\"Q\u0131r\u0131mtatar halq\u0131 Meclisi ve Tefti\u015f komissiyas\u0131n\u0131\u00f1 ya\u00f1\u0131 erk\u00e2n\u0131 sayland\u0131\",\"datePublished\":\"2013-10-27T21:30:00+00:00\",\"dateModified\":\"2022-01-25T21:33:23+00:00\",\"mainEntityOfPage\":{\"@id\":\"https:\\\/\\\/qtmm.org\\\/qt\\\/qirimtatar-halqi-meclisi-ve-teftis-komissiyasinin-yani-erkani-saylandi\\\/\"},\"wordCount\":464,\"commentCount\":0,\"publisher\":{\"@id\":\"https:\\\/\\\/qtmm.org\\\/qt\\\/#organization\"},\"image\":{\"@id\":\"https:\\\/\\\/qtmm.org\\\/qt\\\/qirimtatar-halqi-meclisi-ve-teftis-komissiyasinin-yani-erkani-saylandi\\\/#primaryimage\"},\"thumbnailUrl\":\"https:\\\/\\\/qtmm.org\\\/wp-content\\\/uploads\\\/2022\\\/01\\\/img_1862.jpeg\",\"articleSection\":[\"Haberler\"],\"inLanguage\":\"qt\",\"potentialAction\":[{\"@type\":\"CommentAction\",\"name\":\"Comment\",\"target\":[\"https:\\\/\\\/qtmm.org\\\/qt\\\/qirimtatar-halqi-meclisi-ve-teftis-komissiyasinin-yani-erkani-saylandi\\\/#respond\"]}]},{\"@type\":\"WebPage\",\"@id\":\"https:\\\/\\\/qtmm.org\\\/qt\\\/qirimtatar-halqi-meclisi-ve-teftis-komissiyasinin-yani-erkani-saylandi\\\/\",\"url\":\"https:\\\/\\\/qtmm.org\\\/qt\\\/qirimtatar-halqi-meclisi-ve-teftis-komissiyasinin-yani-erkani-saylandi\\\/\",\"name\":\"Q\u0131r\u0131mtatar halq\u0131 Meclisi ve Tefti\u015f komissiyas\u0131n\u0131\u00f1 ya\u00f1\u0131 erk\u00e2n\u0131 sayland\u0131 - \u041c\u0435\u0434\u0436\u043b\u0456\u0441\",\"isPartOf\":{\"@id\":\"https:\\\/\\\/qtmm.org\\\/qt\\\/#website\"},\"primaryImageOfPage\":{\"@id\":\"https:\\\/\\\/qtmm.org\\\/qt\\\/qirimtatar-halqi-meclisi-ve-teftis-komissiyasinin-yani-erkani-saylandi\\\/#primaryimage\"},\"image\":{\"@id\":\"https:\\\/\\\/qtmm.org\\\/qt\\\/qirimtatar-halqi-meclisi-ve-teftis-komissiyasinin-yani-erkani-saylandi\\\/#primaryimage\"},\"thumbnailUrl\":\"https:\\\/\\\/qtmm.org\\\/wp-content\\\/uploads\\\/2022\\\/01\\\/img_1862.jpeg\",\"datePublished\":\"2013-10-27T21:30:00+00:00\",\"dateModified\":\"2022-01-25T21:33:23+00:00\",\"breadcrumb\":{\"@id\":\"https:\\\/\\\/qtmm.org\\\/qt\\\/qirimtatar-halqi-meclisi-ve-teftis-komissiyasinin-yani-erkani-saylandi\\\/#breadcrumb\"},\"inLanguage\":\"qt\",\"potentialAction\":[{\"@type\":\"ReadAction\",\"target\":[\"https:\\\/\\\/qtmm.org\\\/qt\\\/qirimtatar-halqi-meclisi-ve-teftis-komissiyasinin-yani-erkani-saylandi\\\/\"]}]},{\"@type\":\"ImageObject\",\"inLanguage\":\"qt\",\"@id\":\"https:\\\/\\\/qtmm.org\\\/qt\\\/qirimtatar-halqi-meclisi-ve-teftis-komissiyasinin-yani-erkani-saylandi\\\/#primaryimage\",\"url\":\"https:\\\/\\\/qtmm.org\\\/wp-content\\\/uploads\\\/2022\\\/01\\\/img_1862.jpeg\",\"contentUrl\":\"https:\\\/\\\/qtmm.org\\\/wp-content\\\/uploads\\\/2022\\\/01\\\/img_1862.jpeg\",\"width\":650,\"height\":415},{\"@type\":\"BreadcrumbList\",\"@id\":\"https:\\\/\\\/qtmm.org\\\/qt\\\/qirimtatar-halqi-meclisi-ve-teftis-komissiyasinin-yani-erkani-saylandi\\\/#breadcrumb\",\"itemListElement\":[{\"@type\":\"ListItem\",\"position\":1,\"name\":\"\u0413\u043e\u043b\u043e\u0432\u043d\u0430\",\"item\":\"https:\\\/\\\/qtmm.org\\\/qt\\\/\"},{\"@type\":\"ListItem\",\"position\":2,\"name\":\"Q\u0131r\u0131mtatar halq\u0131 Meclisi ve Tefti\u015f komissiyas\u0131n\u0131\u00f1 ya\u00f1\u0131 erk\u00e2n\u0131 sayland\u0131\"}]},{\"@type\":\"WebSite\",\"@id\":\"https:\\\/\\\/qtmm.org\\\/qt\\\/#website\",\"url\":\"https:\\\/\\\/qtmm.org\\\/qt\\\/\",\"name\":\"\u041c\u0435\u0434\u0436\u043b\u0456\u0441\",\"description\":\"\",\"publisher\":{\"@id\":\"https:\\\/\\\/qtmm.org\\\/qt\\\/#organization\"},\"potentialAction\":[{\"@type\":\"SearchAction\",\"target\":{\"@type\":\"EntryPoint\",\"urlTemplate\":\"https:\\\/\\\/qtmm.org\\\/qt\\\/?s={search_term_string}\"},\"query-input\":{\"@type\":\"PropertyValueSpecification\",\"valueRequired\":true,\"valueName\":\"search_term_string\"}}],\"inLanguage\":\"qt\"},{\"@type\":\"Organization\",\"@id\":\"https:\\\/\\\/qtmm.org\\\/qt\\\/#organization\",\"name\":\"\u041c\u0435\u0434\u0436\u043b\u0456\u0441\",\"url\":\"https:\\\/\\\/qtmm.org\\\/qt\\\/\",\"logo\":{\"@type\":\"ImageObject\",\"inLanguage\":\"qt\",\"@id\":\"https:\\\/\\\/qtmm.org\\\/qt\\\/#\\\/schema\\\/logo\\\/image\\\/\",\"url\":\"https:\\\/\\\/qtmm.org\\\/wp-content\\\/uploads\\\/2024\\\/12\\\/ua-mejlis-logo-rgb.svg\",\"contentUrl\":\"https:\\\/\\\/qtmm.org\\\/wp-content\\\/uploads\\\/2024\\\/12\\\/ua-mejlis-logo-rgb.svg\",\"caption\":\"\u041c\u0435\u0434\u0436\u043b\u0456\u0441\"},\"image\":{\"@id\":\"https:\\\/\\\/qtmm.org\\\/qt\\\/#\\\/schema\\\/logo\\\/image\\\/\"},\"sameAs\":[\"https:\\\/\\\/www.facebook.com\\\/qtmm.info\\\/\"]},{\"@type\":\"Person\",\"@id\":\"https:\\\/\\\/qtmm.org\\\/qt\\\/#\\\/schema\\\/person\\\/de562469f971dec226ac06e60bbf74a7\",\"name\":\"Developer\",\"image\":{\"@type\":\"ImageObject\",\"inLanguage\":\"qt\",\"@id\":\"https:\\\/\\\/secure.gravatar.com\\\/avatar\\\/392b4cc8fbfeb00b39dfeeab4ee6edded39ffd48e25858637e4765810300227e?s=96&d=mm&r=g\",\"url\":\"https:\\\/\\\/secure.gravatar.com\\\/avatar\\\/392b4cc8fbfeb00b39dfeeab4ee6edded39ffd48e25858637e4765810300227e?s=96&d=mm&r=g\",\"contentUrl\":\"https:\\\/\\\/secure.gravatar.com\\\/avatar\\\/392b4cc8fbfeb00b39dfeeab4ee6edded39ffd48e25858637e4765810300227e?s=96&d=mm&r=g\",\"caption\":\"Developer\"},\"url\":\"https:\\\/\\\/qtmm.org\\\/qt\\\/author\\\/Developer\\\/\"}]}<\/script>\n<!-- \/ Yoast SEO plugin. -->","yoast_head_json":{"title":"Q\u0131r\u0131mtatar halq\u0131 Meclisi ve Tefti\u015f komissiyas\u0131n\u0131\u00f1 ya\u00f1\u0131 erk\u00e2n\u0131 sayland\u0131 - \u041c\u0435\u0434\u0436\u043b\u0456\u0441","robots":{"index":"index","follow":"follow","max-snippet":"max-snippet:-1","max-image-preview":"max-image-preview:large","max-video-preview":"max-video-preview:-1"},"canonical":"https:\/\/qtmm.org\/qt\/qirimtatar-halqi-meclisi-ve-teftis-komissiyasinin-yani-erkani-saylandi\/","og_locale":"en_US","og_type":"article","og_title":"Q\u0131r\u0131mtatar halq\u0131 Meclisi ve Tefti\u015f komissiyas\u0131n\u0131\u00f1 ya\u00f1\u0131 erk\u00e2n\u0131 sayland\u0131 - \u041c\u0435\u0434\u0436\u043b\u0456\u0441","og_description":"27 okt\u00e2br k\u00fcn\u00fc aq\u015fam saat doquzda Q\u0131r\u0131mtatar halq\u0131 Meclisi ve Tefti\u015f komissiyas\u0131n\u0131\u00f1 azalar\u0131n\u0131 saylav boyunca gizli rey ber\u00fcv protseduras\u0131 ba\u015fland\u0131. Meclis ve Tefti\u015f komissiyas\u0131 azalar\u0131na namzetlerni k\u00f6ster\u00fcv neticelerine k\u00f6re Esap komissiyas\u0131 Meclis azal\u0131\u011f\u0131na namzetlerni\u00f1 57 adamdan ve Tefti\u015f komissiyas\u0131 azal\u0131\u011f\u0131na 16 ki\u015fiden ibaret cedvelini seslendirdi. Delegatlar teklif etilgen cedvellerni tasdiqlap, gizli rey ber\u00fcv protseduras\u0131n\u0131 ba\u015flad\u0131lar. [&hellip;]","og_url":"https:\/\/qtmm.org\/qt\/qirimtatar-halqi-meclisi-ve-teftis-komissiyasinin-yani-erkani-saylandi\/","og_site_name":"\u041c\u0435\u0434\u0436\u043b\u0456\u0441","article_publisher":"https:\/\/www.facebook.com\/qtmm.info\/","article_published_time":"2013-10-27T21:30:00+00:00","article_modified_time":"2022-01-25T21:33:23+00:00","og_image":[{"width":650,"height":415,"url":"https:\/\/qtmm.org\/wp-content\/uploads\/2022\/01\/img_1862.jpeg","type":"image\/jpeg"}],"author":"Developer","twitter_card":"summary_large_image","twitter_misc":{"Written by":"Developer","Est. reading time":"2 minutes"},"schema":{"@context":"https:\/\/schema.org","@graph":[{"@type":"Article","@id":"https:\/\/qtmm.org\/qt\/qirimtatar-halqi-meclisi-ve-teftis-komissiyasinin-yani-erkani-saylandi\/#article","isPartOf":{"@id":"https:\/\/qtmm.org\/qt\/qirimtatar-halqi-meclisi-ve-teftis-komissiyasinin-yani-erkani-saylandi\/"},"author":{"name":"Developer","@id":"https:\/\/qtmm.org\/qt\/#\/schema\/person\/de562469f971dec226ac06e60bbf74a7"},"headline":"Q\u0131r\u0131mtatar halq\u0131 Meclisi ve Tefti\u015f komissiyas\u0131n\u0131\u00f1 ya\u00f1\u0131 erk\u00e2n\u0131 sayland\u0131","datePublished":"2013-10-27T21:30:00+00:00","dateModified":"2022-01-25T21:33:23+00:00","mainEntityOfPage":{"@id":"https:\/\/qtmm.org\/qt\/qirimtatar-halqi-meclisi-ve-teftis-komissiyasinin-yani-erkani-saylandi\/"},"wordCount":464,"commentCount":0,"publisher":{"@id":"https:\/\/qtmm.org\/qt\/#organization"},"image":{"@id":"https:\/\/qtmm.org\/qt\/qirimtatar-halqi-meclisi-ve-teftis-komissiyasinin-yani-erkani-saylandi\/#primaryimage"},"thumbnailUrl":"https:\/\/qtmm.org\/wp-content\/uploads\/2022\/01\/img_1862.jpeg","articleSection":["Haberler"],"inLanguage":"qt","potentialAction":[{"@type":"CommentAction","name":"Comment","target":["https:\/\/qtmm.org\/qt\/qirimtatar-halqi-meclisi-ve-teftis-komissiyasinin-yani-erkani-saylandi\/#respond"]}]},{"@type":"WebPage","@id":"https:\/\/qtmm.org\/qt\/qirimtatar-halqi-meclisi-ve-teftis-komissiyasinin-yani-erkani-saylandi\/","url":"https:\/\/qtmm.org\/qt\/qirimtatar-halqi-meclisi-ve-teftis-komissiyasinin-yani-erkani-saylandi\/","name":"Q\u0131r\u0131mtatar halq\u0131 Meclisi ve Tefti\u015f komissiyas\u0131n\u0131\u00f1 ya\u00f1\u0131 erk\u00e2n\u0131 sayland\u0131 - \u041c\u0435\u0434\u0436\u043b\u0456\u0441","isPartOf":{"@id":"https:\/\/qtmm.org\/qt\/#website"},"primaryImageOfPage":{"@id":"https:\/\/qtmm.org\/qt\/qirimtatar-halqi-meclisi-ve-teftis-komissiyasinin-yani-erkani-saylandi\/#primaryimage"},"image":{"@id":"https:\/\/qtmm.org\/qt\/qirimtatar-halqi-meclisi-ve-teftis-komissiyasinin-yani-erkani-saylandi\/#primaryimage"},"thumbnailUrl":"https:\/\/qtmm.org\/wp-content\/uploads\/2022\/01\/img_1862.jpeg","datePublished":"2013-10-27T21:30:00+00:00","dateModified":"2022-01-25T21:33:23+00:00","breadcrumb":{"@id":"https:\/\/qtmm.org\/qt\/qirimtatar-halqi-meclisi-ve-teftis-komissiyasinin-yani-erkani-saylandi\/#breadcrumb"},"inLanguage":"qt","potentialAction":[{"@type":"ReadAction","target":["https:\/\/qtmm.org\/qt\/qirimtatar-halqi-meclisi-ve-teftis-komissiyasinin-yani-erkani-saylandi\/"]}]},{"@type":"ImageObject","inLanguage":"qt","@id":"https:\/\/qtmm.org\/qt\/qirimtatar-halqi-meclisi-ve-teftis-komissiyasinin-yani-erkani-saylandi\/#primaryimage","url":"https:\/\/qtmm.org\/wp-content\/uploads\/2022\/01\/img_1862.jpeg","contentUrl":"https:\/\/qtmm.org\/wp-content\/uploads\/2022\/01\/img_1862.jpeg","width":650,"height":415},{"@type":"BreadcrumbList","@id":"https:\/\/qtmm.org\/qt\/qirimtatar-halqi-meclisi-ve-teftis-komissiyasinin-yani-erkani-saylandi\/#breadcrumb","itemListElement":[{"@type":"ListItem","position":1,"name":"\u0413\u043e\u043b\u043e\u0432\u043d\u0430","item":"https:\/\/qtmm.org\/qt\/"},{"@type":"ListItem","position":2,"name":"Q\u0131r\u0131mtatar halq\u0131 Meclisi ve Tefti\u015f komissiyas\u0131n\u0131\u00f1 ya\u00f1\u0131 erk\u00e2n\u0131 sayland\u0131"}]},{"@type":"WebSite","@id":"https:\/\/qtmm.org\/qt\/#website","url":"https:\/\/qtmm.org\/qt\/","name":"\u041c\u0435\u0434\u0436\u043b\u0456\u0441","description":"","publisher":{"@id":"https:\/\/qtmm.org\/qt\/#organization"},"potentialAction":[{"@type":"SearchAction","target":{"@type":"EntryPoint","urlTemplate":"https:\/\/qtmm.org\/qt\/?s={search_term_string}"},"query-input":{"@type":"PropertyValueSpecification","valueRequired":true,"valueName":"search_term_string"}}],"inLanguage":"qt"},{"@type":"Organization","@id":"https:\/\/qtmm.org\/qt\/#organization","name":"\u041c\u0435\u0434\u0436\u043b\u0456\u0441","url":"https:\/\/qtmm.org\/qt\/","logo":{"@type":"ImageObject","inLanguage":"qt","@id":"https:\/\/qtmm.org\/qt\/#\/schema\/logo\/image\/","url":"https:\/\/qtmm.org\/wp-content\/uploads\/2024\/12\/ua-mejlis-logo-rgb.svg","contentUrl":"https:\/\/qtmm.org\/wp-content\/uploads\/2024\/12\/ua-mejlis-logo-rgb.svg","caption":"\u041c\u0435\u0434\u0436\u043b\u0456\u0441"},"image":{"@id":"https:\/\/qtmm.org\/qt\/#\/schema\/logo\/image\/"},"sameAs":["https:\/\/www.facebook.com\/qtmm.info\/"]},{"@type":"Person","@id":"https:\/\/qtmm.org\/qt\/#\/schema\/person\/de562469f971dec226ac06e60bbf74a7","name":"Developer","image":{"@type":"ImageObject","inLanguage":"qt","@id":"https:\/\/secure.gravatar.com\/avatar\/392b4cc8fbfeb00b39dfeeab4ee6edded39ffd48e25858637e4765810300227e?s=96&d=mm&r=g","url":"https:\/\/secure.gravatar.com\/avatar\/392b4cc8fbfeb00b39dfeeab4ee6edded39ffd48e25858637e4765810300227e?s=96&d=mm&r=g","contentUrl":"https:\/\/secure.gravatar.com\/avatar\/392b4cc8fbfeb00b39dfeeab4ee6edded39ffd48e25858637e4765810300227e?s=96&d=mm&r=g","caption":"Developer"},"url":"https:\/\/qtmm.org\/qt\/author\/Developer\/"}]}},"_links":{"self":[{"href":"https:\/\/qtmm.org\/qt\/wp-json\/wp\/v2\/posts\/40009","targetHints":{"allow":["GET"]}}],"collection":[{"href":"https:\/\/qtmm.org\/qt\/wp-json\/wp\/v2\/posts"}],"about":[{"href":"https:\/\/qtmm.org\/qt\/wp-json\/wp\/v2\/types\/post"}],"author":[{"embeddable":true,"href":"https:\/\/qtmm.org\/qt\/wp-json\/wp\/v2\/users\/1"}],"replies":[{"embeddable":true,"href":"https:\/\/qtmm.org\/qt\/wp-json\/wp\/v2\/comments?post=40009"}],"version-history":[{"count":1,"href":"https:\/\/qtmm.org\/qt\/wp-json\/wp\/v2\/posts\/40009\/revisions"}],"predecessor-version":[{"id":40030,"href":"https:\/\/qtmm.org\/qt\/wp-json\/wp\/v2\/posts\/40009\/revisions\/40030"}],"wp:featuredmedia":[{"embeddable":true,"href":"https:\/\/qtmm.org\/qt\/wp-json\/wp\/v2\/media\/40010"}],"wp:attachment":[{"href":"https:\/\/qtmm.org\/qt\/wp-json\/wp\/v2\/media?parent=40009"}],"wp:term":[{"taxonomy":"category","embeddable":true,"href":"https:\/\/qtmm.org\/qt\/wp-json\/wp\/v2\/categories?post=40009"},{"taxonomy":"post_tag","embeddable":true,"href":"https:\/\/qtmm.org\/qt\/wp-json\/wp\/v2\/tags?post=40009"}],"curies":[{"name":"wp","href":"https:\/\/api.w.org\/{rel}","templated":true}]}}