




{"id":39999,"date":"2013-10-27T00:29:00","date_gmt":"2013-10-26T21:29:00","guid":{"rendered":"http:\/\/qtmm.org\/?p=39999"},"modified":"2022-01-26T00:30:45","modified_gmt":"2022-01-25T21:30:45","slug":"meclis-reisi-refat-cubarov-men-qurultay-delegatlari-saylagan-meclis-erkaninen-calismaga-azirim","status":"publish","type":"post","link":"https:\/\/qtmm.org\/qt\/meclis-reisi-refat-cubarov-men-qurultay-delegatlari-saylagan-meclis-erkaninen-calismaga-azirim\/","title":{"rendered":"Meclis reisi Refat \u00c7ubarov: \u00abMen Qurultay delegatlar\u0131 sayla\u011fan Meclis erk\u00e2n\u0131nen \u00e7al\u0131\u015fma\u011fa az\u0131r\u0131m\u00bb"},"content":{"rendered":"\n<p>Meclis reisi Refat \u00c7ubarov jurnalistlerge izaat berirken, Meclis i\u015fini faalle\u015ftirmek niyetinde ol\u011fan meselelerni\u00f1 \u00fc\u00e7 blok\u0131n\u0131 belgilep, olarn\u0131\u00f1 amelge ke\u00e7irilmesi i\u00e7\u00fcn yapacaq ad\u0131mlar\u0131n\u0131 seslendirdi.<\/p>\n\n\n\n<p>Meclis reisi R. \u00c7ubarovn\u0131\u00f1 aytqan\u0131na k\u00f6re, o Ukraina akimlerinen dialogn\u0131 pekitmek qarar\u0131nda. &#8220;Biz (q\u0131r\u0131mtatar halq\u0131) \u00f6z topra\u011f\u0131m\u0131z\u011fa qayt\u0131p keldik, amma 22 y\u0131l i\u00e7inde Ukraina qanunlar\u0131nda tesis etilgen uquqiy istiqballerge malik degilmiz. Dialogn\u0131 quvetlendirrmek, ad\u0131m-ad\u0131mnen ait qanunlarn\u0131\u00f1 qabul etilmesi taba ketmek kerekmiz&#8221;, &#8211; dedi R. \u00c7ubarov, s\u00f6z Qurultay, Meclis ve akimiyet aras\u0131nda \u00f6zara munasebetlerini qurmaq kerekligi aqq\u0131nda ketkenini a\u00f1lat\u0131p.<\/p>\n\n\n\n<figure class=\"wp-block-image size-full\"><img loading=\"lazy\" decoding=\"async\" width=\"800\" height=\"600\" src=\"http:\/\/qtmm.org\/wp-content\/uploads\/2022\/01\/rc1.jpeg\" alt=\"\" class=\"wp-image-40000\" srcset=\"https:\/\/qtmm.org\/wp-content\/uploads\/2022\/01\/rc1.jpeg 800w, https:\/\/qtmm.org\/wp-content\/uploads\/2022\/01\/rc1-300x225.jpeg 300w, https:\/\/qtmm.org\/wp-content\/uploads\/2022\/01\/rc1-768x576.jpeg 768w\" sizes=\"auto, (max-width: 800px) 100vw, 800px\" \/><\/figure>\n\n\n\n<p>&#8220;Biz \u00f6yle bir munasebet qurmal\u0131m\u0131z ki, bundan Q\u0131r\u0131mn\u0131\u00f1 epsi sakinleri menfaatlar olsunlar, &#8211; dep devam etti Meclis reisi. \u2013 So\u00f1ki y\u0131llarda b\u00f6yle muntazam dialog olma\u011fan\u0131 i\u00e7 bir kimse i\u00e7\u00fcn s\u0131r degil. Baz\u0131 vazifeli \u015fah\u0131slarn\u0131\u00f1 q\u0131r\u0131mtatarlarn\u0131\u00f1 vek\u00e2letli organ\u0131n\u0131 k\u00f6rmemezlikke almaq, ayr\u0131 q\u0131r\u0131mtatarlar ile epizodik ba\u011f qurmaq t\u0131r\u0131\u015fuvlar\u0131 Q\u0131r\u0131m \u00fck\u00fcmeti i\u00e7\u00fcn faydal\u0131 olmad\u0131, vaziyetni de eyile\u015ftirmedi&#8221;.<\/p>\n\n\n\n<p>Bu munasebetnen R. \u00c7ubarov ekinci mesele olaraq Q\u0131r\u0131m akimiyeti ile muntazam dialog qurmaqn\u0131 k\u00f6re. &#8220;Biz dialog i\u00e7\u00fcn a\u00e7\u0131qm\u0131z, dialog\u011fa az\u0131rm\u0131z, &#8211; dedi \u00c7ubarov. Bun\u0131\u00f1nen birlikte o, \u015fun\u0131 da qayd etti ki, Qurultay q\u0131r\u0131mtatarlarn\u0131\u00f1 lideri Mustafa Cemilevni\u00f1 mahsus vek\u00e2letlikleri boyunca Qurultay qarar al\u011fan\u0131ndan memn\u00fcn. Q\u0131r\u0131mtatar halq\u0131n\u0131\u00f1 aqlar\u0131 boyunca Halqara forum\u011fa az\u0131rl\u0131q boyunca i\u015f Mustafa Cemilev ile birlikte al\u0131p bar\u0131lacaq.<\/p>\n\n\n\n<p>Meclisni\u00f1 ya\u00f1\u0131 reisi emiyet berecek \u00fc\u00e7\u00fcnci problem \u2013 q\u0131r\u0131mtatarlarn\u0131\u00f1 kendi aralar\u0131nda, \u00e7e\u015fit te\u015fkil\u00e2tlar aras\u0131ndaki ba\u011flarn\u0131 m\u00fckemmelle\u015ftirmektir.<br>&#8220;Biz \u00e7al\u0131\u015fuvn\u0131\u00f1, \u00f6zlerini Meclis ve Qurultay\u011fa muhalif olaraq a\u00e7\u0131qtan-a\u00e7\u0131q k\u00f6stergen q\u0131r\u0131mtatarlarnen bile umumiy printsiplerini tapma\u011fa t\u0131r\u0131\u015facaqm\u0131z&#8221;,- dedi \u00c7ubarov.<\/p>\n\n\n\n<figure class=\"wp-block-image size-full\"><img loading=\"lazy\" decoding=\"async\" width=\"676\" height=\"600\" src=\"http:\/\/qtmm.org\/wp-content\/uploads\/2022\/01\/rch2.jpeg\" alt=\"\" class=\"wp-image-40004\" srcset=\"https:\/\/qtmm.org\/wp-content\/uploads\/2022\/01\/rch2.jpeg 676w, https:\/\/qtmm.org\/wp-content\/uploads\/2022\/01\/rch2-300x266.jpeg 300w\" sizes=\"auto, (max-width: 676px) 100vw, 676px\" \/><\/figure>\n\n\n\n<p>R. \u00c7ubarovn\u0131\u00f1 s\u00f6zlerine k\u00f6re Qurultay sessiyas\u0131n\u0131\u00f1 eki i\u015f k\u00fcn\u00fc q\u0131r\u0131mtatar halq\u0131 milliy qurultay\u011fa ne derecede qoltutqan\u0131 ve y\u00fcksek emiyetini k\u00f6sterdi. &#8220;Zan\u0131mca, muhalifet de pozitsiyalarn\u0131 birle\u015ftirmek i\u00e7\u00fcn birinci ad\u0131mlar\u011fa az\u0131r&#8221;, &#8211; Meclis reisi b\u00f6yle fikirni ifade etti.<\/p>\n\n\n\n<p>Bundan da \u011fayr\u0131 Meclis reisi Refat \u00c7ubarov \u00f6z\u00fcni\u00f1 birinci muavini vazifesine namzetlerni belgilevde belli beklentileri mevcut ol\u011fan\u0131n\u0131 s\u00f6yledi. &#8220;\u015eun\u0131 s\u00f6yleye bilem ki, bu insan Qurultayn\u0131\u00f1 ya\u00f1\u0131 delegatlar\u0131ndan olabilir, eger de o se\u00e7imlerde y\u00fcksek reyting qazansa&#8221;, &#8211; dedi \u00c7ubarov ve saylan\u0131l\u011fan bir insan olaraq Meclisni\u00f1 Qurultay taraf\u0131ndan se\u00e7ilgen er angi erk\u00e2n\u0131nen \u00e7al\u0131\u015facaq.<\/p>\n\n\n\n<p>&#8220;Er alda men Mecliste er kes \u00f6z vazifelerini professional ve \u015ftat esas\u0131nda eda etkenlerini ve olarn\u0131\u00f1 aras\u0131nda \u00e7oq\u00e7a gen\u00e7ler olmas\u0131n\u0131 ister edim, &#8211; dep qayd etti Meclis reisi Refat \u00c7ubarov.<\/p>\n","protected":false},"excerpt":{"rendered":"<p>Meclis reisi Refat \u00c7ubarov jurnalistlerge izaat berirken, Meclis i\u015fini faalle\u015ftirmek niyetinde ol\u011fan meselelerni\u00f1 \u00fc\u00e7 blok\u0131n\u0131 belgilep, olarn\u0131\u00f1 amelge ke\u00e7irilmesi i\u00e7\u00fcn yapacaq ad\u0131mlar\u0131n\u0131 seslendirdi. Meclis reisi R. \u00c7ubarovn\u0131\u00f1 aytqan\u0131na k\u00f6re, o Ukraina akimlerinen dialogn\u0131 pekitmek qarar\u0131nda. &#8220;Biz (q\u0131r\u0131mtatar halq\u0131) \u00f6z topra\u011f\u0131m\u0131z\u011fa qayt\u0131p keldik, amma 22 y\u0131l i\u00e7inde Ukraina qanunlar\u0131nda tesis etilgen uquqiy istiqballerge malik degilmiz. Dialogn\u0131 [&hellip;]<\/p>\n","protected":false},"author":1,"featured_media":0,"comment_status":"open","ping_status":"open","sticky":false,"template":"","format":"standard","meta":{"inline_featured_image":false,"footnotes":""},"categories":[265],"tags":[],"class_list":["post-39999","post","type-post","status-publish","format-standard","hentry","category-haberler"],"acf":[],"yoast_head":"<!-- This site is optimized with the Yoast SEO plugin v27.4 - https:\/\/yoast.com\/product\/yoast-seo-wordpress\/ -->\n<title>Meclis reisi Refat \u00c7ubarov: \u00abMen Qurultay delegatlar\u0131 sayla\u011fan Meclis erk\u00e2n\u0131nen \u00e7al\u0131\u015fma\u011fa az\u0131r\u0131m\u00bb - \u041c\u0435\u0434\u0436\u043b\u0456\u0441<\/title>\n<meta name=\"robots\" content=\"index, follow, max-snippet:-1, max-image-preview:large, max-video-preview:-1\" \/>\n<link rel=\"canonical\" href=\"https:\/\/qtmm.org\/qt\/meclis-reisi-refat-cubarov-men-qurultay-delegatlari-saylagan-meclis-erkaninen-calismaga-azirim\/\" \/>\n<meta property=\"og:locale\" content=\"en_US\" \/>\n<meta property=\"og:type\" content=\"article\" \/>\n<meta property=\"og:title\" content=\"Meclis reisi Refat \u00c7ubarov: \u00abMen Qurultay delegatlar\u0131 sayla\u011fan Meclis erk\u00e2n\u0131nen \u00e7al\u0131\u015fma\u011fa az\u0131r\u0131m\u00bb - \u041c\u0435\u0434\u0436\u043b\u0456\u0441\" \/>\n<meta property=\"og:description\" content=\"Meclis reisi Refat \u00c7ubarov jurnalistlerge izaat berirken, Meclis i\u015fini faalle\u015ftirmek niyetinde ol\u011fan meselelerni\u00f1 \u00fc\u00e7 blok\u0131n\u0131 belgilep, olarn\u0131\u00f1 amelge ke\u00e7irilmesi i\u00e7\u00fcn yapacaq ad\u0131mlar\u0131n\u0131 seslendirdi. Meclis reisi R. \u00c7ubarovn\u0131\u00f1 aytqan\u0131na k\u00f6re, o Ukraina akimlerinen dialogn\u0131 pekitmek qarar\u0131nda. &#8220;Biz (q\u0131r\u0131mtatar halq\u0131) \u00f6z topra\u011f\u0131m\u0131z\u011fa qayt\u0131p keldik, amma 22 y\u0131l i\u00e7inde Ukraina qanunlar\u0131nda tesis etilgen uquqiy istiqballerge malik degilmiz. Dialogn\u0131 [&hellip;]\" \/>\n<meta property=\"og:url\" content=\"https:\/\/qtmm.org\/qt\/meclis-reisi-refat-cubarov-men-qurultay-delegatlari-saylagan-meclis-erkaninen-calismaga-azirim\/\" \/>\n<meta property=\"og:site_name\" content=\"\u041c\u0435\u0434\u0436\u043b\u0456\u0441\" \/>\n<meta property=\"article:publisher\" content=\"https:\/\/www.facebook.com\/qtmm.info\/\" \/>\n<meta property=\"article:published_time\" content=\"2013-10-26T21:29:00+00:00\" \/>\n<meta property=\"article:modified_time\" content=\"2022-01-25T21:30:45+00:00\" \/>\n<meta property=\"og:image\" content=\"https:\/\/qtmm.org\/wp-content\/uploads\/2022\/01\/rc1.jpeg\" \/>\n\t<meta property=\"og:image:width\" content=\"800\" \/>\n\t<meta property=\"og:image:height\" content=\"600\" \/>\n\t<meta property=\"og:image:type\" content=\"image\/jpeg\" \/>\n<meta name=\"author\" content=\"Developer\" \/>\n<meta name=\"twitter:card\" content=\"summary_large_image\" \/>\n<meta name=\"twitter:label1\" content=\"Written by\" \/>\n\t<meta name=\"twitter:data1\" content=\"Developer\" \/>\n\t<meta name=\"twitter:label2\" content=\"Est. reading time\" \/>\n\t<meta name=\"twitter:data2\" content=\"2 minutes\" \/>\n<script type=\"application\/ld+json\" class=\"yoast-schema-graph\">{\"@context\":\"https:\\\/\\\/schema.org\",\"@graph\":[{\"@type\":\"Article\",\"@id\":\"https:\\\/\\\/qtmm.org\\\/qt\\\/meclis-reisi-refat-cubarov-men-qurultay-delegatlari-saylagan-meclis-erkaninen-calismaga-azirim\\\/#article\",\"isPartOf\":{\"@id\":\"https:\\\/\\\/qtmm.org\\\/qt\\\/meclis-reisi-refat-cubarov-men-qurultay-delegatlari-saylagan-meclis-erkaninen-calismaga-azirim\\\/\"},\"author\":{\"name\":\"Developer\",\"@id\":\"https:\\\/\\\/qtmm.org\\\/qt\\\/#\\\/schema\\\/person\\\/de562469f971dec226ac06e60bbf74a7\"},\"headline\":\"Meclis reisi Refat \u00c7ubarov: \u00abMen Qurultay delegatlar\u0131 sayla\u011fan Meclis erk\u00e2n\u0131nen \u00e7al\u0131\u015fma\u011fa az\u0131r\u0131m\u00bb\",\"datePublished\":\"2013-10-26T21:29:00+00:00\",\"dateModified\":\"2022-01-25T21:30:45+00:00\",\"mainEntityOfPage\":{\"@id\":\"https:\\\/\\\/qtmm.org\\\/qt\\\/meclis-reisi-refat-cubarov-men-qurultay-delegatlari-saylagan-meclis-erkaninen-calismaga-azirim\\\/\"},\"wordCount\":493,\"commentCount\":0,\"publisher\":{\"@id\":\"https:\\\/\\\/qtmm.org\\\/qt\\\/#organization\"},\"image\":{\"@id\":\"https:\\\/\\\/qtmm.org\\\/qt\\\/meclis-reisi-refat-cubarov-men-qurultay-delegatlari-saylagan-meclis-erkaninen-calismaga-azirim\\\/#primaryimage\"},\"thumbnailUrl\":\"http:\\\/\\\/qtmm.org\\\/wp-content\\\/uploads\\\/2022\\\/01\\\/rc1.jpeg\",\"articleSection\":[\"Haberler\"],\"inLanguage\":\"qt\",\"potentialAction\":[{\"@type\":\"CommentAction\",\"name\":\"Comment\",\"target\":[\"https:\\\/\\\/qtmm.org\\\/qt\\\/meclis-reisi-refat-cubarov-men-qurultay-delegatlari-saylagan-meclis-erkaninen-calismaga-azirim\\\/#respond\"]}]},{\"@type\":\"WebPage\",\"@id\":\"https:\\\/\\\/qtmm.org\\\/qt\\\/meclis-reisi-refat-cubarov-men-qurultay-delegatlari-saylagan-meclis-erkaninen-calismaga-azirim\\\/\",\"url\":\"https:\\\/\\\/qtmm.org\\\/qt\\\/meclis-reisi-refat-cubarov-men-qurultay-delegatlari-saylagan-meclis-erkaninen-calismaga-azirim\\\/\",\"name\":\"Meclis reisi Refat \u00c7ubarov: \u00abMen Qurultay delegatlar\u0131 sayla\u011fan Meclis erk\u00e2n\u0131nen \u00e7al\u0131\u015fma\u011fa az\u0131r\u0131m\u00bb - \u041c\u0435\u0434\u0436\u043b\u0456\u0441\",\"isPartOf\":{\"@id\":\"https:\\\/\\\/qtmm.org\\\/qt\\\/#website\"},\"primaryImageOfPage\":{\"@id\":\"https:\\\/\\\/qtmm.org\\\/qt\\\/meclis-reisi-refat-cubarov-men-qurultay-delegatlari-saylagan-meclis-erkaninen-calismaga-azirim\\\/#primaryimage\"},\"image\":{\"@id\":\"https:\\\/\\\/qtmm.org\\\/qt\\\/meclis-reisi-refat-cubarov-men-qurultay-delegatlari-saylagan-meclis-erkaninen-calismaga-azirim\\\/#primaryimage\"},\"thumbnailUrl\":\"http:\\\/\\\/qtmm.org\\\/wp-content\\\/uploads\\\/2022\\\/01\\\/rc1.jpeg\",\"datePublished\":\"2013-10-26T21:29:00+00:00\",\"dateModified\":\"2022-01-25T21:30:45+00:00\",\"breadcrumb\":{\"@id\":\"https:\\\/\\\/qtmm.org\\\/qt\\\/meclis-reisi-refat-cubarov-men-qurultay-delegatlari-saylagan-meclis-erkaninen-calismaga-azirim\\\/#breadcrumb\"},\"inLanguage\":\"qt\",\"potentialAction\":[{\"@type\":\"ReadAction\",\"target\":[\"https:\\\/\\\/qtmm.org\\\/qt\\\/meclis-reisi-refat-cubarov-men-qurultay-delegatlari-saylagan-meclis-erkaninen-calismaga-azirim\\\/\"]}]},{\"@type\":\"ImageObject\",\"inLanguage\":\"qt\",\"@id\":\"https:\\\/\\\/qtmm.org\\\/qt\\\/meclis-reisi-refat-cubarov-men-qurultay-delegatlari-saylagan-meclis-erkaninen-calismaga-azirim\\\/#primaryimage\",\"url\":\"http:\\\/\\\/qtmm.org\\\/wp-content\\\/uploads\\\/2022\\\/01\\\/rc1.jpeg\",\"contentUrl\":\"http:\\\/\\\/qtmm.org\\\/wp-content\\\/uploads\\\/2022\\\/01\\\/rc1.jpeg\"},{\"@type\":\"BreadcrumbList\",\"@id\":\"https:\\\/\\\/qtmm.org\\\/qt\\\/meclis-reisi-refat-cubarov-men-qurultay-delegatlari-saylagan-meclis-erkaninen-calismaga-azirim\\\/#breadcrumb\",\"itemListElement\":[{\"@type\":\"ListItem\",\"position\":1,\"name\":\"\u0413\u043e\u043b\u043e\u0432\u043d\u0430\",\"item\":\"https:\\\/\\\/qtmm.org\\\/qt\\\/\"},{\"@type\":\"ListItem\",\"position\":2,\"name\":\"Meclis reisi Refat \u00c7ubarov: \u00abMen Qurultay delegatlar\u0131 sayla\u011fan Meclis erk\u00e2n\u0131nen \u00e7al\u0131\u015fma\u011fa az\u0131r\u0131m\u00bb\"}]},{\"@type\":\"WebSite\",\"@id\":\"https:\\\/\\\/qtmm.org\\\/qt\\\/#website\",\"url\":\"https:\\\/\\\/qtmm.org\\\/qt\\\/\",\"name\":\"\u041c\u0435\u0434\u0436\u043b\u0456\u0441\",\"description\":\"\",\"publisher\":{\"@id\":\"https:\\\/\\\/qtmm.org\\\/qt\\\/#organization\"},\"potentialAction\":[{\"@type\":\"SearchAction\",\"target\":{\"@type\":\"EntryPoint\",\"urlTemplate\":\"https:\\\/\\\/qtmm.org\\\/qt\\\/?s={search_term_string}\"},\"query-input\":{\"@type\":\"PropertyValueSpecification\",\"valueRequired\":true,\"valueName\":\"search_term_string\"}}],\"inLanguage\":\"qt\"},{\"@type\":\"Organization\",\"@id\":\"https:\\\/\\\/qtmm.org\\\/qt\\\/#organization\",\"name\":\"\u041c\u0435\u0434\u0436\u043b\u0456\u0441\",\"url\":\"https:\\\/\\\/qtmm.org\\\/qt\\\/\",\"logo\":{\"@type\":\"ImageObject\",\"inLanguage\":\"qt\",\"@id\":\"https:\\\/\\\/qtmm.org\\\/qt\\\/#\\\/schema\\\/logo\\\/image\\\/\",\"url\":\"https:\\\/\\\/qtmm.org\\\/wp-content\\\/uploads\\\/2024\\\/12\\\/ua-mejlis-logo-rgb.svg\",\"contentUrl\":\"https:\\\/\\\/qtmm.org\\\/wp-content\\\/uploads\\\/2024\\\/12\\\/ua-mejlis-logo-rgb.svg\",\"caption\":\"\u041c\u0435\u0434\u0436\u043b\u0456\u0441\"},\"image\":{\"@id\":\"https:\\\/\\\/qtmm.org\\\/qt\\\/#\\\/schema\\\/logo\\\/image\\\/\"},\"sameAs\":[\"https:\\\/\\\/www.facebook.com\\\/qtmm.info\\\/\"]},{\"@type\":\"Person\",\"@id\":\"https:\\\/\\\/qtmm.org\\\/qt\\\/#\\\/schema\\\/person\\\/de562469f971dec226ac06e60bbf74a7\",\"name\":\"Developer\",\"image\":{\"@type\":\"ImageObject\",\"inLanguage\":\"qt\",\"@id\":\"https:\\\/\\\/secure.gravatar.com\\\/avatar\\\/392b4cc8fbfeb00b39dfeeab4ee6edded39ffd48e25858637e4765810300227e?s=96&d=mm&r=g\",\"url\":\"https:\\\/\\\/secure.gravatar.com\\\/avatar\\\/392b4cc8fbfeb00b39dfeeab4ee6edded39ffd48e25858637e4765810300227e?s=96&d=mm&r=g\",\"contentUrl\":\"https:\\\/\\\/secure.gravatar.com\\\/avatar\\\/392b4cc8fbfeb00b39dfeeab4ee6edded39ffd48e25858637e4765810300227e?s=96&d=mm&r=g\",\"caption\":\"Developer\"},\"url\":\"https:\\\/\\\/qtmm.org\\\/qt\\\/author\\\/Developer\\\/\"}]}<\/script>\n<!-- \/ Yoast SEO plugin. -->","yoast_head_json":{"title":"Meclis reisi Refat \u00c7ubarov: \u00abMen Qurultay delegatlar\u0131 sayla\u011fan Meclis erk\u00e2n\u0131nen \u00e7al\u0131\u015fma\u011fa az\u0131r\u0131m\u00bb - \u041c\u0435\u0434\u0436\u043b\u0456\u0441","robots":{"index":"index","follow":"follow","max-snippet":"max-snippet:-1","max-image-preview":"max-image-preview:large","max-video-preview":"max-video-preview:-1"},"canonical":"https:\/\/qtmm.org\/qt\/meclis-reisi-refat-cubarov-men-qurultay-delegatlari-saylagan-meclis-erkaninen-calismaga-azirim\/","og_locale":"en_US","og_type":"article","og_title":"Meclis reisi Refat \u00c7ubarov: \u00abMen Qurultay delegatlar\u0131 sayla\u011fan Meclis erk\u00e2n\u0131nen \u00e7al\u0131\u015fma\u011fa az\u0131r\u0131m\u00bb - \u041c\u0435\u0434\u0436\u043b\u0456\u0441","og_description":"Meclis reisi Refat \u00c7ubarov jurnalistlerge izaat berirken, Meclis i\u015fini faalle\u015ftirmek niyetinde ol\u011fan meselelerni\u00f1 \u00fc\u00e7 blok\u0131n\u0131 belgilep, olarn\u0131\u00f1 amelge ke\u00e7irilmesi i\u00e7\u00fcn yapacaq ad\u0131mlar\u0131n\u0131 seslendirdi. Meclis reisi R. \u00c7ubarovn\u0131\u00f1 aytqan\u0131na k\u00f6re, o Ukraina akimlerinen dialogn\u0131 pekitmek qarar\u0131nda. &#8220;Biz (q\u0131r\u0131mtatar halq\u0131) \u00f6z topra\u011f\u0131m\u0131z\u011fa qayt\u0131p keldik, amma 22 y\u0131l i\u00e7inde Ukraina qanunlar\u0131nda tesis etilgen uquqiy istiqballerge malik degilmiz. Dialogn\u0131 [&hellip;]","og_url":"https:\/\/qtmm.org\/qt\/meclis-reisi-refat-cubarov-men-qurultay-delegatlari-saylagan-meclis-erkaninen-calismaga-azirim\/","og_site_name":"\u041c\u0435\u0434\u0436\u043b\u0456\u0441","article_publisher":"https:\/\/www.facebook.com\/qtmm.info\/","article_published_time":"2013-10-26T21:29:00+00:00","article_modified_time":"2022-01-25T21:30:45+00:00","og_image":[{"width":800,"height":600,"url":"https:\/\/qtmm.org\/wp-content\/uploads\/2022\/01\/rc1.jpeg","type":"image\/jpeg"}],"author":"Developer","twitter_card":"summary_large_image","twitter_misc":{"Written by":"Developer","Est. reading time":"2 minutes"},"schema":{"@context":"https:\/\/schema.org","@graph":[{"@type":"Article","@id":"https:\/\/qtmm.org\/qt\/meclis-reisi-refat-cubarov-men-qurultay-delegatlari-saylagan-meclis-erkaninen-calismaga-azirim\/#article","isPartOf":{"@id":"https:\/\/qtmm.org\/qt\/meclis-reisi-refat-cubarov-men-qurultay-delegatlari-saylagan-meclis-erkaninen-calismaga-azirim\/"},"author":{"name":"Developer","@id":"https:\/\/qtmm.org\/qt\/#\/schema\/person\/de562469f971dec226ac06e60bbf74a7"},"headline":"Meclis reisi Refat \u00c7ubarov: \u00abMen Qurultay delegatlar\u0131 sayla\u011fan Meclis erk\u00e2n\u0131nen \u00e7al\u0131\u015fma\u011fa az\u0131r\u0131m\u00bb","datePublished":"2013-10-26T21:29:00+00:00","dateModified":"2022-01-25T21:30:45+00:00","mainEntityOfPage":{"@id":"https:\/\/qtmm.org\/qt\/meclis-reisi-refat-cubarov-men-qurultay-delegatlari-saylagan-meclis-erkaninen-calismaga-azirim\/"},"wordCount":493,"commentCount":0,"publisher":{"@id":"https:\/\/qtmm.org\/qt\/#organization"},"image":{"@id":"https:\/\/qtmm.org\/qt\/meclis-reisi-refat-cubarov-men-qurultay-delegatlari-saylagan-meclis-erkaninen-calismaga-azirim\/#primaryimage"},"thumbnailUrl":"http:\/\/qtmm.org\/wp-content\/uploads\/2022\/01\/rc1.jpeg","articleSection":["Haberler"],"inLanguage":"qt","potentialAction":[{"@type":"CommentAction","name":"Comment","target":["https:\/\/qtmm.org\/qt\/meclis-reisi-refat-cubarov-men-qurultay-delegatlari-saylagan-meclis-erkaninen-calismaga-azirim\/#respond"]}]},{"@type":"WebPage","@id":"https:\/\/qtmm.org\/qt\/meclis-reisi-refat-cubarov-men-qurultay-delegatlari-saylagan-meclis-erkaninen-calismaga-azirim\/","url":"https:\/\/qtmm.org\/qt\/meclis-reisi-refat-cubarov-men-qurultay-delegatlari-saylagan-meclis-erkaninen-calismaga-azirim\/","name":"Meclis reisi Refat \u00c7ubarov: \u00abMen Qurultay delegatlar\u0131 sayla\u011fan Meclis erk\u00e2n\u0131nen \u00e7al\u0131\u015fma\u011fa az\u0131r\u0131m\u00bb - \u041c\u0435\u0434\u0436\u043b\u0456\u0441","isPartOf":{"@id":"https:\/\/qtmm.org\/qt\/#website"},"primaryImageOfPage":{"@id":"https:\/\/qtmm.org\/qt\/meclis-reisi-refat-cubarov-men-qurultay-delegatlari-saylagan-meclis-erkaninen-calismaga-azirim\/#primaryimage"},"image":{"@id":"https:\/\/qtmm.org\/qt\/meclis-reisi-refat-cubarov-men-qurultay-delegatlari-saylagan-meclis-erkaninen-calismaga-azirim\/#primaryimage"},"thumbnailUrl":"http:\/\/qtmm.org\/wp-content\/uploads\/2022\/01\/rc1.jpeg","datePublished":"2013-10-26T21:29:00+00:00","dateModified":"2022-01-25T21:30:45+00:00","breadcrumb":{"@id":"https:\/\/qtmm.org\/qt\/meclis-reisi-refat-cubarov-men-qurultay-delegatlari-saylagan-meclis-erkaninen-calismaga-azirim\/#breadcrumb"},"inLanguage":"qt","potentialAction":[{"@type":"ReadAction","target":["https:\/\/qtmm.org\/qt\/meclis-reisi-refat-cubarov-men-qurultay-delegatlari-saylagan-meclis-erkaninen-calismaga-azirim\/"]}]},{"@type":"ImageObject","inLanguage":"qt","@id":"https:\/\/qtmm.org\/qt\/meclis-reisi-refat-cubarov-men-qurultay-delegatlari-saylagan-meclis-erkaninen-calismaga-azirim\/#primaryimage","url":"http:\/\/qtmm.org\/wp-content\/uploads\/2022\/01\/rc1.jpeg","contentUrl":"http:\/\/qtmm.org\/wp-content\/uploads\/2022\/01\/rc1.jpeg"},{"@type":"BreadcrumbList","@id":"https:\/\/qtmm.org\/qt\/meclis-reisi-refat-cubarov-men-qurultay-delegatlari-saylagan-meclis-erkaninen-calismaga-azirim\/#breadcrumb","itemListElement":[{"@type":"ListItem","position":1,"name":"\u0413\u043e\u043b\u043e\u0432\u043d\u0430","item":"https:\/\/qtmm.org\/qt\/"},{"@type":"ListItem","position":2,"name":"Meclis reisi Refat \u00c7ubarov: \u00abMen Qurultay delegatlar\u0131 sayla\u011fan Meclis erk\u00e2n\u0131nen \u00e7al\u0131\u015fma\u011fa az\u0131r\u0131m\u00bb"}]},{"@type":"WebSite","@id":"https:\/\/qtmm.org\/qt\/#website","url":"https:\/\/qtmm.org\/qt\/","name":"\u041c\u0435\u0434\u0436\u043b\u0456\u0441","description":"","publisher":{"@id":"https:\/\/qtmm.org\/qt\/#organization"},"potentialAction":[{"@type":"SearchAction","target":{"@type":"EntryPoint","urlTemplate":"https:\/\/qtmm.org\/qt\/?s={search_term_string}"},"query-input":{"@type":"PropertyValueSpecification","valueRequired":true,"valueName":"search_term_string"}}],"inLanguage":"qt"},{"@type":"Organization","@id":"https:\/\/qtmm.org\/qt\/#organization","name":"\u041c\u0435\u0434\u0436\u043b\u0456\u0441","url":"https:\/\/qtmm.org\/qt\/","logo":{"@type":"ImageObject","inLanguage":"qt","@id":"https:\/\/qtmm.org\/qt\/#\/schema\/logo\/image\/","url":"https:\/\/qtmm.org\/wp-content\/uploads\/2024\/12\/ua-mejlis-logo-rgb.svg","contentUrl":"https:\/\/qtmm.org\/wp-content\/uploads\/2024\/12\/ua-mejlis-logo-rgb.svg","caption":"\u041c\u0435\u0434\u0436\u043b\u0456\u0441"},"image":{"@id":"https:\/\/qtmm.org\/qt\/#\/schema\/logo\/image\/"},"sameAs":["https:\/\/www.facebook.com\/qtmm.info\/"]},{"@type":"Person","@id":"https:\/\/qtmm.org\/qt\/#\/schema\/person\/de562469f971dec226ac06e60bbf74a7","name":"Developer","image":{"@type":"ImageObject","inLanguage":"qt","@id":"https:\/\/secure.gravatar.com\/avatar\/392b4cc8fbfeb00b39dfeeab4ee6edded39ffd48e25858637e4765810300227e?s=96&d=mm&r=g","url":"https:\/\/secure.gravatar.com\/avatar\/392b4cc8fbfeb00b39dfeeab4ee6edded39ffd48e25858637e4765810300227e?s=96&d=mm&r=g","contentUrl":"https:\/\/secure.gravatar.com\/avatar\/392b4cc8fbfeb00b39dfeeab4ee6edded39ffd48e25858637e4765810300227e?s=96&d=mm&r=g","caption":"Developer"},"url":"https:\/\/qtmm.org\/qt\/author\/Developer\/"}]}},"_links":{"self":[{"href":"https:\/\/qtmm.org\/qt\/wp-json\/wp\/v2\/posts\/39999","targetHints":{"allow":["GET"]}}],"collection":[{"href":"https:\/\/qtmm.org\/qt\/wp-json\/wp\/v2\/posts"}],"about":[{"href":"https:\/\/qtmm.org\/qt\/wp-json\/wp\/v2\/types\/post"}],"author":[{"embeddable":true,"href":"https:\/\/qtmm.org\/qt\/wp-json\/wp\/v2\/users\/1"}],"replies":[{"embeddable":true,"href":"https:\/\/qtmm.org\/qt\/wp-json\/wp\/v2\/comments?post=39999"}],"version-history":[{"count":1,"href":"https:\/\/qtmm.org\/qt\/wp-json\/wp\/v2\/posts\/39999\/revisions"}],"predecessor-version":[{"id":40008,"href":"https:\/\/qtmm.org\/qt\/wp-json\/wp\/v2\/posts\/39999\/revisions\/40008"}],"wp:attachment":[{"href":"https:\/\/qtmm.org\/qt\/wp-json\/wp\/v2\/media?parent=39999"}],"wp:term":[{"taxonomy":"category","embeddable":true,"href":"https:\/\/qtmm.org\/qt\/wp-json\/wp\/v2\/categories?post=39999"},{"taxonomy":"post_tag","embeddable":true,"href":"https:\/\/qtmm.org\/qt\/wp-json\/wp\/v2\/tags?post=39999"}],"curies":[{"name":"wp","href":"https:\/\/api.w.org\/{rel}","templated":true}]}}