




{"id":39981,"date":"2013-10-27T00:27:00","date_gmt":"2013-10-26T21:27:00","guid":{"rendered":"http:\/\/qtmm.org\/?p=39981"},"modified":"2022-01-26T00:29:22","modified_gmt":"2022-01-25T21:29:22","slug":"milliy-meclisnin-yani-reisi-olaraq-refat-cubarov-saylandi","status":"publish","type":"post","link":"https:\/\/qtmm.org\/qt\/milliy-meclisnin-yani-reisi-olaraq-refat-cubarov-saylandi\/","title":{"rendered":"Milliy Meclisni\u00f1 ya\u00f1\u0131 reisi olaraq Refat \u00c7ubarov sayland\u0131"},"content":{"rendered":"\n<p>Q\u0131r\u0131mtatar halq\u0131 Meclisini\u00f1 reisini saylav boyunca Qurultay esap komissiyas\u0131n\u0131\u00f1 ba\u015f\u0131 Lemmar Yunusov gizli rey ber\u00fcv neticelerini sevslendirdi. Esap komissiyas\u0131n\u0131\u00f1 mal\u00fcmatlar\u0131na k\u00f6re 248 b\u00fclleten az\u0131rlan\u0131p, 242-si tarqat\u0131ld\u0131, 6 b\u00fclleten qapat\u0131ld\u0131. &#8220;242 b\u00fclleten a\u00e7\u0131l\u011fan so\u00f1 2 b\u00fclleten ker\u00e7ek degil, dep say\u0131ld\u0131&#8221;, &#8211; dep il\u00e2n etti L. Yunusov.<\/p>\n\n\n\n<p>Remzi \u0130lyasovn\u0131\u00f1 namzeti i\u00e7\u00fcn Qurultayn\u0131\u00f1 114 delegat\u0131 rey berdi, Refat \u00c7ubarovn\u0131\u00f1 namzetine ise 126 delegat qoltutt\u0131. B\u00f6yleliknen, Milliy Meclisni\u00f1 ya\u00f1\u0131 reisi olaraq Refat \u00c7ubarov sayland\u0131.<\/p>\n\n\n\n<figure class=\"wp-block-image size-full\"><img loading=\"lazy\" decoding=\"async\" width=\"800\" height=\"600\" src=\"http:\/\/qtmm.org\/wp-content\/uploads\/2022\/01\/img_1700.jpeg\" alt=\"\" class=\"wp-image-39982\" srcset=\"https:\/\/qtmm.org\/wp-content\/uploads\/2022\/01\/img_1700.jpeg 800w, https:\/\/qtmm.org\/wp-content\/uploads\/2022\/01\/img_1700-300x225.jpeg 300w, https:\/\/qtmm.org\/wp-content\/uploads\/2022\/01\/img_1700-768x576.jpeg 768w\" sizes=\"auto, (max-width: 800px) 100vw, 800px\" \/><\/figure>\n\n\n\n<p>\u00d6z nevbetinde Remzi \u0130lyasov Refat \u00c7ubarovn\u0131 \u011falebe ile hay\u0131rlap, o\u00f1a Meclis reisi vazifesinde muvafaqiyetli ve mahsuldar \u00e7al\u0131\u015fmalar tiledi. Bundan so\u00f1 Remzi \u0130lyasov ve Refat \u00c7ubarov el tutu\u015ft\u0131lar.<\/p>\n\n\n\n<p>1991 senesinden berli Mecliske reislik yapqan Mustafa Cemilev jurnalistlerge izaat berirken, Meclis reisi olaraq Refat \u00c7ubarov se\u00e7ilgeninden memn\u00fcn ol\u011fan\u0131n\u0131 s\u00f6yledi ve eger de Remzi \u0130lyasov saylan\u011fan olsa da memn\u00fcn olaca\u011f\u0131n\u0131 il\u00e2ve etti.<\/p>\n\n\n\n<figure class=\"wp-block-image size-full\"><img loading=\"lazy\" decoding=\"async\" width=\"800\" height=\"600\" src=\"http:\/\/qtmm.org\/wp-content\/uploads\/2022\/01\/pojatie_ruk_2.jpeg\" alt=\"\" class=\"wp-image-39986\" srcset=\"https:\/\/qtmm.org\/wp-content\/uploads\/2022\/01\/pojatie_ruk_2.jpeg 800w, https:\/\/qtmm.org\/wp-content\/uploads\/2022\/01\/pojatie_ruk_2-300x225.jpeg 300w, https:\/\/qtmm.org\/wp-content\/uploads\/2022\/01\/pojatie_ruk_2-768x576.jpeg 768w\" sizes=\"auto, (max-width: 800px) 100vw, 800px\" \/><\/figure>\n\n\n\n<p>Mustafa Cemilev ileride bu eki siyaset\u00e7i beraberlikte \u00e7al\u0131\u015facaqlar\u0131na \u00fcm\u00fct bildirdi. &#8220;Q\u0131r\u0131mtatar halq\u0131n\u0131\u00f1 \u00f6m\u00fcrinde tarihiy vaqia y\u00fcz berdi \u2014 22 y\u0131l degende Meclis reisi de\u00f1i\u015fti ve bizim vazifemiz ya\u00f1\u0131 reberlerge, ya\u00f1\u0131 saylan\u011fan reiske yard\u0131m bermektir, &#8211; dedi M. Cemilev. &#8211; Meclis ba\u015fqanl\u0131\u011f\u0131 i\u015fan\u00e7l\u0131 ellerge ke\u00e7keninden memn\u00fcnim&#8221;.<\/p>\n\n\n\n<figure class=\"wp-block-image size-full\"><img loading=\"lazy\" decoding=\"async\" width=\"800\" height=\"600\" src=\"http:\/\/qtmm.org\/wp-content\/uploads\/2022\/01\/boss1.jpeg\" alt=\"\" class=\"wp-image-39990\" srcset=\"https:\/\/qtmm.org\/wp-content\/uploads\/2022\/01\/boss1.jpeg 800w, https:\/\/qtmm.org\/wp-content\/uploads\/2022\/01\/boss1-300x225.jpeg 300w, https:\/\/qtmm.org\/wp-content\/uploads\/2022\/01\/boss1-768x576.jpeg 768w\" sizes=\"auto, (max-width: 800px) 100vw, 800px\" \/><\/figure>\n\n\n\n<p>Kelecekke planlar\u0131nen payla\u015fqan Mustafa Cemilev &#8220;Halqqa h\u0131zmet etmek i\u00e7\u00fcn Meclis reisi olmaq \u015fart degil. Yap\u0131lacaq i\u015f pek \u00e7oq. Ekinci meseleni men \u00f6z \u00e7\u0131q\u0131\u015f\u0131mda seslendirdim. Men q\u0131r\u0131mtatar halq\u0131 idare sistemas\u0131n\u0131 yani Meclis-Qurultay milliy organ qurum\u0131n\u0131 pekit\u00fcvni \u00f6z\u00fcmni\u00f1 vazifem, dep bilem&#8221;.<\/p>\n\n\n\n<figure class=\"wp-block-image size-full\"><img loading=\"lazy\" decoding=\"async\" width=\"800\" height=\"600\" src=\"http:\/\/qtmm.org\/wp-content\/uploads\/2022\/01\/boss2.jpeg\" alt=\"\" class=\"wp-image-39994\" srcset=\"https:\/\/qtmm.org\/wp-content\/uploads\/2022\/01\/boss2.jpeg 800w, https:\/\/qtmm.org\/wp-content\/uploads\/2022\/01\/boss2-300x225.jpeg 300w, https:\/\/qtmm.org\/wp-content\/uploads\/2022\/01\/boss2-768x576.jpeg 768w\" sizes=\"auto, (max-width: 800px) 100vw, 800px\" \/><\/figure>\n\n\n\n<p>Q\u0131r\u0131mtatar halq\u0131n\u0131\u00f1 d\u00fcnyaca tan\u0131l\u011fan lideri Mustafa Cemilev \u015fun\u0131 da qayd etti ki, eger de Meclisni\u00f1 ya\u00f1\u0131 reis yolba\u015f\u00e7\u0131l\u0131\u011f\u0131ndaki erk\u00e2n\u0131 \u00e7al\u0131\u015f\u0131p olamasa, e\u00f1 q\u0131sqa m\u00fcddet i\u00e7inde Qurultayn\u0131\u00f1 ya\u00f1\u0131 otur\u0131m\u0131 \u00e7a\u011f\u0131r\u0131l\u0131p, ya\u00f1\u0131 reisi ve ya\u00f1\u0131 erk\u00e2n\u0131 saylanabilir. &#8220;Men bu aqta tenbiledim, eger de Qurultay yolba\u015f\u00e7\u0131lar meselesini muzakere etmek i\u00e7\u00fcn ya\u00f1\u0131 otur\u0131m \u00e7a\u011f\u0131rmaq zoruna qalsa, bu insanlarn\u0131\u00f1 siyaset\u00e7i olaraq istiqbali yoqt\u0131r, &#8211; dedi M. Cemilev. &#8211; \u015eun\u0131\u00f1 i\u00e7\u00fcn de men olar\u011fa Qurultay delegatlar\u0131na nisbeten ve zenaatda\u015flar\u0131nen munasebetlerinde muqaytl\u0131qnen laq\u0131rd\u0131 etmelerini tevsiye ettim&#8221;.<\/p>\n\n\n\n<p>VI \u00e7a\u011f\u0131r\u0131l\u0131\u015f Qurultay delegatlar\u0131 33 ki\u015fiden ibaret Q\u0131r\u0131mtatar halq\u0131 Meclisi azalar\u0131n\u0131, \u015fu c\u00fcmleden Meclis reisi, bun\u0131\u00f1 kibi de Qurultay Tefti\u015f komissiyas\u0131 azalar\u0131n\u0131 saylama\u011fa kiri\u015ftiler.&nbsp;<\/p>\n","protected":false},"excerpt":{"rendered":"<p>Q\u0131r\u0131mtatar halq\u0131 Meclisini\u00f1 reisini saylav boyunca Qurultay esap komissiyas\u0131n\u0131\u00f1 ba\u015f\u0131 Lemmar Yunusov gizli rey ber\u00fcv neticelerini sevslendirdi. Esap komissiyas\u0131n\u0131\u00f1 mal\u00fcmatlar\u0131na k\u00f6re 248 b\u00fclleten az\u0131rlan\u0131p, 242-si tarqat\u0131ld\u0131, 6 b\u00fclleten qapat\u0131ld\u0131. &#8220;242 b\u00fclleten a\u00e7\u0131l\u011fan so\u00f1 2 b\u00fclleten ker\u00e7ek degil, dep say\u0131ld\u0131&#8221;, &#8211; dep il\u00e2n etti L. Yunusov. Remzi \u0130lyasovn\u0131\u00f1 namzeti i\u00e7\u00fcn Qurultayn\u0131\u00f1 114 delegat\u0131 rey berdi, Refat [&hellip;]<\/p>\n","protected":false},"author":1,"featured_media":0,"comment_status":"open","ping_status":"open","sticky":false,"template":"","format":"standard","meta":{"inline_featured_image":false,"footnotes":""},"categories":[265],"tags":[],"class_list":["post-39981","post","type-post","status-publish","format-standard","hentry","category-haberler"],"acf":[],"yoast_head":"<!-- This site is optimized with the Yoast SEO plugin v27.4 - https:\/\/yoast.com\/product\/yoast-seo-wordpress\/ -->\n<title>Milliy Meclisni\u00f1 ya\u00f1\u0131 reisi olaraq Refat \u00c7ubarov sayland\u0131 - \u041c\u0435\u0434\u0436\u043b\u0456\u0441<\/title>\n<meta name=\"robots\" content=\"index, follow, max-snippet:-1, max-image-preview:large, max-video-preview:-1\" \/>\n<link rel=\"canonical\" href=\"https:\/\/qtmm.org\/qt\/milliy-meclisnin-yani-reisi-olaraq-refat-cubarov-saylandi\/\" \/>\n<meta property=\"og:locale\" content=\"en_US\" \/>\n<meta property=\"og:type\" content=\"article\" \/>\n<meta property=\"og:title\" content=\"Milliy Meclisni\u00f1 ya\u00f1\u0131 reisi olaraq Refat \u00c7ubarov sayland\u0131 - \u041c\u0435\u0434\u0436\u043b\u0456\u0441\" \/>\n<meta property=\"og:description\" content=\"Q\u0131r\u0131mtatar halq\u0131 Meclisini\u00f1 reisini saylav boyunca Qurultay esap komissiyas\u0131n\u0131\u00f1 ba\u015f\u0131 Lemmar Yunusov gizli rey ber\u00fcv neticelerini sevslendirdi. Esap komissiyas\u0131n\u0131\u00f1 mal\u00fcmatlar\u0131na k\u00f6re 248 b\u00fclleten az\u0131rlan\u0131p, 242-si tarqat\u0131ld\u0131, 6 b\u00fclleten qapat\u0131ld\u0131. &#8220;242 b\u00fclleten a\u00e7\u0131l\u011fan so\u00f1 2 b\u00fclleten ker\u00e7ek degil, dep say\u0131ld\u0131&#8221;, &#8211; dep il\u00e2n etti L. Yunusov. Remzi \u0130lyasovn\u0131\u00f1 namzeti i\u00e7\u00fcn Qurultayn\u0131\u00f1 114 delegat\u0131 rey berdi, Refat [&hellip;]\" \/>\n<meta property=\"og:url\" content=\"https:\/\/qtmm.org\/qt\/milliy-meclisnin-yani-reisi-olaraq-refat-cubarov-saylandi\/\" \/>\n<meta property=\"og:site_name\" content=\"\u041c\u0435\u0434\u0436\u043b\u0456\u0441\" \/>\n<meta property=\"article:publisher\" content=\"https:\/\/www.facebook.com\/qtmm.info\/\" \/>\n<meta property=\"article:published_time\" content=\"2013-10-26T21:27:00+00:00\" \/>\n<meta property=\"article:modified_time\" content=\"2022-01-25T21:29:22+00:00\" \/>\n<meta property=\"og:image\" content=\"https:\/\/qtmm.org\/wp-content\/uploads\/2022\/01\/img_1700.jpeg\" \/>\n\t<meta property=\"og:image:width\" content=\"800\" \/>\n\t<meta property=\"og:image:height\" content=\"600\" \/>\n\t<meta property=\"og:image:type\" content=\"image\/jpeg\" \/>\n<meta name=\"author\" content=\"Developer\" \/>\n<meta name=\"twitter:card\" content=\"summary_large_image\" \/>\n<meta name=\"twitter:label1\" content=\"Written by\" \/>\n\t<meta name=\"twitter:data1\" content=\"Developer\" \/>\n\t<meta name=\"twitter:label2\" content=\"Est. reading time\" \/>\n\t<meta name=\"twitter:data2\" content=\"2 minutes\" \/>\n<script type=\"application\/ld+json\" class=\"yoast-schema-graph\">{\"@context\":\"https:\\\/\\\/schema.org\",\"@graph\":[{\"@type\":\"Article\",\"@id\":\"https:\\\/\\\/qtmm.org\\\/qt\\\/milliy-meclisnin-yani-reisi-olaraq-refat-cubarov-saylandi\\\/#article\",\"isPartOf\":{\"@id\":\"https:\\\/\\\/qtmm.org\\\/qt\\\/milliy-meclisnin-yani-reisi-olaraq-refat-cubarov-saylandi\\\/\"},\"author\":{\"name\":\"Developer\",\"@id\":\"https:\\\/\\\/qtmm.org\\\/qt\\\/#\\\/schema\\\/person\\\/de562469f971dec226ac06e60bbf74a7\"},\"headline\":\"Milliy Meclisni\u00f1 ya\u00f1\u0131 reisi olaraq Refat \u00c7ubarov sayland\u0131\",\"datePublished\":\"2013-10-26T21:27:00+00:00\",\"dateModified\":\"2022-01-25T21:29:22+00:00\",\"mainEntityOfPage\":{\"@id\":\"https:\\\/\\\/qtmm.org\\\/qt\\\/milliy-meclisnin-yani-reisi-olaraq-refat-cubarov-saylandi\\\/\"},\"wordCount\":424,\"commentCount\":0,\"publisher\":{\"@id\":\"https:\\\/\\\/qtmm.org\\\/qt\\\/#organization\"},\"image\":{\"@id\":\"https:\\\/\\\/qtmm.org\\\/qt\\\/milliy-meclisnin-yani-reisi-olaraq-refat-cubarov-saylandi\\\/#primaryimage\"},\"thumbnailUrl\":\"http:\\\/\\\/qtmm.org\\\/wp-content\\\/uploads\\\/2022\\\/01\\\/img_1700.jpeg\",\"articleSection\":[\"Haberler\"],\"inLanguage\":\"qt\",\"potentialAction\":[{\"@type\":\"CommentAction\",\"name\":\"Comment\",\"target\":[\"https:\\\/\\\/qtmm.org\\\/qt\\\/milliy-meclisnin-yani-reisi-olaraq-refat-cubarov-saylandi\\\/#respond\"]}]},{\"@type\":\"WebPage\",\"@id\":\"https:\\\/\\\/qtmm.org\\\/qt\\\/milliy-meclisnin-yani-reisi-olaraq-refat-cubarov-saylandi\\\/\",\"url\":\"https:\\\/\\\/qtmm.org\\\/qt\\\/milliy-meclisnin-yani-reisi-olaraq-refat-cubarov-saylandi\\\/\",\"name\":\"Milliy Meclisni\u00f1 ya\u00f1\u0131 reisi olaraq Refat \u00c7ubarov sayland\u0131 - \u041c\u0435\u0434\u0436\u043b\u0456\u0441\",\"isPartOf\":{\"@id\":\"https:\\\/\\\/qtmm.org\\\/qt\\\/#website\"},\"primaryImageOfPage\":{\"@id\":\"https:\\\/\\\/qtmm.org\\\/qt\\\/milliy-meclisnin-yani-reisi-olaraq-refat-cubarov-saylandi\\\/#primaryimage\"},\"image\":{\"@id\":\"https:\\\/\\\/qtmm.org\\\/qt\\\/milliy-meclisnin-yani-reisi-olaraq-refat-cubarov-saylandi\\\/#primaryimage\"},\"thumbnailUrl\":\"http:\\\/\\\/qtmm.org\\\/wp-content\\\/uploads\\\/2022\\\/01\\\/img_1700.jpeg\",\"datePublished\":\"2013-10-26T21:27:00+00:00\",\"dateModified\":\"2022-01-25T21:29:22+00:00\",\"breadcrumb\":{\"@id\":\"https:\\\/\\\/qtmm.org\\\/qt\\\/milliy-meclisnin-yani-reisi-olaraq-refat-cubarov-saylandi\\\/#breadcrumb\"},\"inLanguage\":\"qt\",\"potentialAction\":[{\"@type\":\"ReadAction\",\"target\":[\"https:\\\/\\\/qtmm.org\\\/qt\\\/milliy-meclisnin-yani-reisi-olaraq-refat-cubarov-saylandi\\\/\"]}]},{\"@type\":\"ImageObject\",\"inLanguage\":\"qt\",\"@id\":\"https:\\\/\\\/qtmm.org\\\/qt\\\/milliy-meclisnin-yani-reisi-olaraq-refat-cubarov-saylandi\\\/#primaryimage\",\"url\":\"http:\\\/\\\/qtmm.org\\\/wp-content\\\/uploads\\\/2022\\\/01\\\/img_1700.jpeg\",\"contentUrl\":\"http:\\\/\\\/qtmm.org\\\/wp-content\\\/uploads\\\/2022\\\/01\\\/img_1700.jpeg\"},{\"@type\":\"BreadcrumbList\",\"@id\":\"https:\\\/\\\/qtmm.org\\\/qt\\\/milliy-meclisnin-yani-reisi-olaraq-refat-cubarov-saylandi\\\/#breadcrumb\",\"itemListElement\":[{\"@type\":\"ListItem\",\"position\":1,\"name\":\"\u0413\u043e\u043b\u043e\u0432\u043d\u0430\",\"item\":\"https:\\\/\\\/qtmm.org\\\/qt\\\/\"},{\"@type\":\"ListItem\",\"position\":2,\"name\":\"Milliy Meclisni\u00f1 ya\u00f1\u0131 reisi olaraq Refat \u00c7ubarov sayland\u0131\"}]},{\"@type\":\"WebSite\",\"@id\":\"https:\\\/\\\/qtmm.org\\\/qt\\\/#website\",\"url\":\"https:\\\/\\\/qtmm.org\\\/qt\\\/\",\"name\":\"\u041c\u0435\u0434\u0436\u043b\u0456\u0441\",\"description\":\"\",\"publisher\":{\"@id\":\"https:\\\/\\\/qtmm.org\\\/qt\\\/#organization\"},\"potentialAction\":[{\"@type\":\"SearchAction\",\"target\":{\"@type\":\"EntryPoint\",\"urlTemplate\":\"https:\\\/\\\/qtmm.org\\\/qt\\\/?s={search_term_string}\"},\"query-input\":{\"@type\":\"PropertyValueSpecification\",\"valueRequired\":true,\"valueName\":\"search_term_string\"}}],\"inLanguage\":\"qt\"},{\"@type\":\"Organization\",\"@id\":\"https:\\\/\\\/qtmm.org\\\/qt\\\/#organization\",\"name\":\"\u041c\u0435\u0434\u0436\u043b\u0456\u0441\",\"url\":\"https:\\\/\\\/qtmm.org\\\/qt\\\/\",\"logo\":{\"@type\":\"ImageObject\",\"inLanguage\":\"qt\",\"@id\":\"https:\\\/\\\/qtmm.org\\\/qt\\\/#\\\/schema\\\/logo\\\/image\\\/\",\"url\":\"https:\\\/\\\/qtmm.org\\\/wp-content\\\/uploads\\\/2024\\\/12\\\/ua-mejlis-logo-rgb.svg\",\"contentUrl\":\"https:\\\/\\\/qtmm.org\\\/wp-content\\\/uploads\\\/2024\\\/12\\\/ua-mejlis-logo-rgb.svg\",\"caption\":\"\u041c\u0435\u0434\u0436\u043b\u0456\u0441\"},\"image\":{\"@id\":\"https:\\\/\\\/qtmm.org\\\/qt\\\/#\\\/schema\\\/logo\\\/image\\\/\"},\"sameAs\":[\"https:\\\/\\\/www.facebook.com\\\/qtmm.info\\\/\"]},{\"@type\":\"Person\",\"@id\":\"https:\\\/\\\/qtmm.org\\\/qt\\\/#\\\/schema\\\/person\\\/de562469f971dec226ac06e60bbf74a7\",\"name\":\"Developer\",\"image\":{\"@type\":\"ImageObject\",\"inLanguage\":\"qt\",\"@id\":\"https:\\\/\\\/secure.gravatar.com\\\/avatar\\\/392b4cc8fbfeb00b39dfeeab4ee6edded39ffd48e25858637e4765810300227e?s=96&d=mm&r=g\",\"url\":\"https:\\\/\\\/secure.gravatar.com\\\/avatar\\\/392b4cc8fbfeb00b39dfeeab4ee6edded39ffd48e25858637e4765810300227e?s=96&d=mm&r=g\",\"contentUrl\":\"https:\\\/\\\/secure.gravatar.com\\\/avatar\\\/392b4cc8fbfeb00b39dfeeab4ee6edded39ffd48e25858637e4765810300227e?s=96&d=mm&r=g\",\"caption\":\"Developer\"},\"url\":\"https:\\\/\\\/qtmm.org\\\/qt\\\/author\\\/Developer\\\/\"}]}<\/script>\n<!-- \/ Yoast SEO plugin. -->","yoast_head_json":{"title":"Milliy Meclisni\u00f1 ya\u00f1\u0131 reisi olaraq Refat \u00c7ubarov sayland\u0131 - \u041c\u0435\u0434\u0436\u043b\u0456\u0441","robots":{"index":"index","follow":"follow","max-snippet":"max-snippet:-1","max-image-preview":"max-image-preview:large","max-video-preview":"max-video-preview:-1"},"canonical":"https:\/\/qtmm.org\/qt\/milliy-meclisnin-yani-reisi-olaraq-refat-cubarov-saylandi\/","og_locale":"en_US","og_type":"article","og_title":"Milliy Meclisni\u00f1 ya\u00f1\u0131 reisi olaraq Refat \u00c7ubarov sayland\u0131 - \u041c\u0435\u0434\u0436\u043b\u0456\u0441","og_description":"Q\u0131r\u0131mtatar halq\u0131 Meclisini\u00f1 reisini saylav boyunca Qurultay esap komissiyas\u0131n\u0131\u00f1 ba\u015f\u0131 Lemmar Yunusov gizli rey ber\u00fcv neticelerini sevslendirdi. Esap komissiyas\u0131n\u0131\u00f1 mal\u00fcmatlar\u0131na k\u00f6re 248 b\u00fclleten az\u0131rlan\u0131p, 242-si tarqat\u0131ld\u0131, 6 b\u00fclleten qapat\u0131ld\u0131. &#8220;242 b\u00fclleten a\u00e7\u0131l\u011fan so\u00f1 2 b\u00fclleten ker\u00e7ek degil, dep say\u0131ld\u0131&#8221;, &#8211; dep il\u00e2n etti L. Yunusov. Remzi \u0130lyasovn\u0131\u00f1 namzeti i\u00e7\u00fcn Qurultayn\u0131\u00f1 114 delegat\u0131 rey berdi, Refat [&hellip;]","og_url":"https:\/\/qtmm.org\/qt\/milliy-meclisnin-yani-reisi-olaraq-refat-cubarov-saylandi\/","og_site_name":"\u041c\u0435\u0434\u0436\u043b\u0456\u0441","article_publisher":"https:\/\/www.facebook.com\/qtmm.info\/","article_published_time":"2013-10-26T21:27:00+00:00","article_modified_time":"2022-01-25T21:29:22+00:00","og_image":[{"width":800,"height":600,"url":"https:\/\/qtmm.org\/wp-content\/uploads\/2022\/01\/img_1700.jpeg","type":"image\/jpeg"}],"author":"Developer","twitter_card":"summary_large_image","twitter_misc":{"Written by":"Developer","Est. reading time":"2 minutes"},"schema":{"@context":"https:\/\/schema.org","@graph":[{"@type":"Article","@id":"https:\/\/qtmm.org\/qt\/milliy-meclisnin-yani-reisi-olaraq-refat-cubarov-saylandi\/#article","isPartOf":{"@id":"https:\/\/qtmm.org\/qt\/milliy-meclisnin-yani-reisi-olaraq-refat-cubarov-saylandi\/"},"author":{"name":"Developer","@id":"https:\/\/qtmm.org\/qt\/#\/schema\/person\/de562469f971dec226ac06e60bbf74a7"},"headline":"Milliy Meclisni\u00f1 ya\u00f1\u0131 reisi olaraq Refat \u00c7ubarov sayland\u0131","datePublished":"2013-10-26T21:27:00+00:00","dateModified":"2022-01-25T21:29:22+00:00","mainEntityOfPage":{"@id":"https:\/\/qtmm.org\/qt\/milliy-meclisnin-yani-reisi-olaraq-refat-cubarov-saylandi\/"},"wordCount":424,"commentCount":0,"publisher":{"@id":"https:\/\/qtmm.org\/qt\/#organization"},"image":{"@id":"https:\/\/qtmm.org\/qt\/milliy-meclisnin-yani-reisi-olaraq-refat-cubarov-saylandi\/#primaryimage"},"thumbnailUrl":"http:\/\/qtmm.org\/wp-content\/uploads\/2022\/01\/img_1700.jpeg","articleSection":["Haberler"],"inLanguage":"qt","potentialAction":[{"@type":"CommentAction","name":"Comment","target":["https:\/\/qtmm.org\/qt\/milliy-meclisnin-yani-reisi-olaraq-refat-cubarov-saylandi\/#respond"]}]},{"@type":"WebPage","@id":"https:\/\/qtmm.org\/qt\/milliy-meclisnin-yani-reisi-olaraq-refat-cubarov-saylandi\/","url":"https:\/\/qtmm.org\/qt\/milliy-meclisnin-yani-reisi-olaraq-refat-cubarov-saylandi\/","name":"Milliy Meclisni\u00f1 ya\u00f1\u0131 reisi olaraq Refat \u00c7ubarov sayland\u0131 - \u041c\u0435\u0434\u0436\u043b\u0456\u0441","isPartOf":{"@id":"https:\/\/qtmm.org\/qt\/#website"},"primaryImageOfPage":{"@id":"https:\/\/qtmm.org\/qt\/milliy-meclisnin-yani-reisi-olaraq-refat-cubarov-saylandi\/#primaryimage"},"image":{"@id":"https:\/\/qtmm.org\/qt\/milliy-meclisnin-yani-reisi-olaraq-refat-cubarov-saylandi\/#primaryimage"},"thumbnailUrl":"http:\/\/qtmm.org\/wp-content\/uploads\/2022\/01\/img_1700.jpeg","datePublished":"2013-10-26T21:27:00+00:00","dateModified":"2022-01-25T21:29:22+00:00","breadcrumb":{"@id":"https:\/\/qtmm.org\/qt\/milliy-meclisnin-yani-reisi-olaraq-refat-cubarov-saylandi\/#breadcrumb"},"inLanguage":"qt","potentialAction":[{"@type":"ReadAction","target":["https:\/\/qtmm.org\/qt\/milliy-meclisnin-yani-reisi-olaraq-refat-cubarov-saylandi\/"]}]},{"@type":"ImageObject","inLanguage":"qt","@id":"https:\/\/qtmm.org\/qt\/milliy-meclisnin-yani-reisi-olaraq-refat-cubarov-saylandi\/#primaryimage","url":"http:\/\/qtmm.org\/wp-content\/uploads\/2022\/01\/img_1700.jpeg","contentUrl":"http:\/\/qtmm.org\/wp-content\/uploads\/2022\/01\/img_1700.jpeg"},{"@type":"BreadcrumbList","@id":"https:\/\/qtmm.org\/qt\/milliy-meclisnin-yani-reisi-olaraq-refat-cubarov-saylandi\/#breadcrumb","itemListElement":[{"@type":"ListItem","position":1,"name":"\u0413\u043e\u043b\u043e\u0432\u043d\u0430","item":"https:\/\/qtmm.org\/qt\/"},{"@type":"ListItem","position":2,"name":"Milliy Meclisni\u00f1 ya\u00f1\u0131 reisi olaraq Refat \u00c7ubarov sayland\u0131"}]},{"@type":"WebSite","@id":"https:\/\/qtmm.org\/qt\/#website","url":"https:\/\/qtmm.org\/qt\/","name":"\u041c\u0435\u0434\u0436\u043b\u0456\u0441","description":"","publisher":{"@id":"https:\/\/qtmm.org\/qt\/#organization"},"potentialAction":[{"@type":"SearchAction","target":{"@type":"EntryPoint","urlTemplate":"https:\/\/qtmm.org\/qt\/?s={search_term_string}"},"query-input":{"@type":"PropertyValueSpecification","valueRequired":true,"valueName":"search_term_string"}}],"inLanguage":"qt"},{"@type":"Organization","@id":"https:\/\/qtmm.org\/qt\/#organization","name":"\u041c\u0435\u0434\u0436\u043b\u0456\u0441","url":"https:\/\/qtmm.org\/qt\/","logo":{"@type":"ImageObject","inLanguage":"qt","@id":"https:\/\/qtmm.org\/qt\/#\/schema\/logo\/image\/","url":"https:\/\/qtmm.org\/wp-content\/uploads\/2024\/12\/ua-mejlis-logo-rgb.svg","contentUrl":"https:\/\/qtmm.org\/wp-content\/uploads\/2024\/12\/ua-mejlis-logo-rgb.svg","caption":"\u041c\u0435\u0434\u0436\u043b\u0456\u0441"},"image":{"@id":"https:\/\/qtmm.org\/qt\/#\/schema\/logo\/image\/"},"sameAs":["https:\/\/www.facebook.com\/qtmm.info\/"]},{"@type":"Person","@id":"https:\/\/qtmm.org\/qt\/#\/schema\/person\/de562469f971dec226ac06e60bbf74a7","name":"Developer","image":{"@type":"ImageObject","inLanguage":"qt","@id":"https:\/\/secure.gravatar.com\/avatar\/392b4cc8fbfeb00b39dfeeab4ee6edded39ffd48e25858637e4765810300227e?s=96&d=mm&r=g","url":"https:\/\/secure.gravatar.com\/avatar\/392b4cc8fbfeb00b39dfeeab4ee6edded39ffd48e25858637e4765810300227e?s=96&d=mm&r=g","contentUrl":"https:\/\/secure.gravatar.com\/avatar\/392b4cc8fbfeb00b39dfeeab4ee6edded39ffd48e25858637e4765810300227e?s=96&d=mm&r=g","caption":"Developer"},"url":"https:\/\/qtmm.org\/qt\/author\/Developer\/"}]}},"_links":{"self":[{"href":"https:\/\/qtmm.org\/qt\/wp-json\/wp\/v2\/posts\/39981","targetHints":{"allow":["GET"]}}],"collection":[{"href":"https:\/\/qtmm.org\/qt\/wp-json\/wp\/v2\/posts"}],"about":[{"href":"https:\/\/qtmm.org\/qt\/wp-json\/wp\/v2\/types\/post"}],"author":[{"embeddable":true,"href":"https:\/\/qtmm.org\/qt\/wp-json\/wp\/v2\/users\/1"}],"replies":[{"embeddable":true,"href":"https:\/\/qtmm.org\/qt\/wp-json\/wp\/v2\/comments?post=39981"}],"version-history":[{"count":1,"href":"https:\/\/qtmm.org\/qt\/wp-json\/wp\/v2\/posts\/39981\/revisions"}],"predecessor-version":[{"id":39998,"href":"https:\/\/qtmm.org\/qt\/wp-json\/wp\/v2\/posts\/39981\/revisions\/39998"}],"wp:attachment":[{"href":"https:\/\/qtmm.org\/qt\/wp-json\/wp\/v2\/media?parent=39981"}],"wp:term":[{"taxonomy":"category","embeddable":true,"href":"https:\/\/qtmm.org\/qt\/wp-json\/wp\/v2\/categories?post=39981"},{"taxonomy":"post_tag","embeddable":true,"href":"https:\/\/qtmm.org\/qt\/wp-json\/wp\/v2\/tags?post=39981"}],"curies":[{"name":"wp","href":"https:\/\/api.w.org\/{rel}","templated":true}]}}