




{"id":39955,"date":"2013-10-27T00:26:00","date_gmt":"2013-10-26T21:26:00","guid":{"rendered":"http:\/\/qtmm.org\/?p=39955"},"modified":"2022-01-26T00:27:44","modified_gmt":"2022-01-25T21:27:44","slug":"qurultay-delegatlari-qirimtatar-halqi-meclisinin-reisini-gizli-rey-beruv-sekilinde-saylamaqtalar","status":"publish","type":"post","link":"https:\/\/qtmm.org\/qt\/qurultay-delegatlari-qirimtatar-halqi-meclisinin-reisini-gizli-rey-beruv-sekilinde-saylamaqtalar\/","title":{"rendered":"Qurultay delegatlar\u0131 Q\u0131r\u0131mtatar halq\u0131 Meclisini\u00f1 reisini gizli rey ber\u00fcv \u015fekilinde saylamaqtalar"},"content":{"rendered":"\n<p>2013 senesi okt\u00e2br 27 k\u00fcn\u00fc Qurultay delegatlar\u0131 Meclis reisini saylav boyunca gizli rey bermek i\u00e7\u00fcn Esap komissiyas\u0131 taraf\u0131ndan az\u0131rlan\u0131l\u011fan b\u00fclletenler \u015fekilini tasdiqla\u011fan so\u00f1 Meclis reisini gizli rey ber\u00fcv yolunen saylama\u011fa kiri\u015ftiler.<\/p>\n\n\n\n<p>Esap komissiyas\u0131n\u0131\u00f1 reisi Lemmar Yunusov bildirgenine k\u00f6re rey bermek i\u00e7\u00fcn 248 b\u00fclleten az\u0131rlan\u0131ld\u0131.<\/p>\n\n\n\n<figure class=\"wp-block-image size-full\"><img loading=\"lazy\" decoding=\"async\" width=\"650\" height=\"355\" src=\"http:\/\/qtmm.org\/wp-content\/uploads\/2022\/01\/img_3425.jpeg\" alt=\"\" class=\"wp-image-39956\" srcset=\"https:\/\/qtmm.org\/wp-content\/uploads\/2022\/01\/img_3425.jpeg 650w, https:\/\/qtmm.org\/wp-content\/uploads\/2022\/01\/img_3425-300x164.jpeg 300w\" sizes=\"auto, (max-width: 650px) 100vw, 650px\" \/><\/figure>\n\n\n\n<figure class=\"wp-block-image size-full\"><img loading=\"lazy\" decoding=\"async\" width=\"650\" height=\"357\" src=\"http:\/\/qtmm.org\/wp-content\/uploads\/2022\/01\/img_3468.jpeg\" alt=\"\" class=\"wp-image-39960\" srcset=\"https:\/\/qtmm.org\/wp-content\/uploads\/2022\/01\/img_3468.jpeg 650w, https:\/\/qtmm.org\/wp-content\/uploads\/2022\/01\/img_3468-300x165.jpeg 300w\" sizes=\"auto, (max-width: 650px) 100vw, 650px\" \/><\/figure>\n\n\n\n<p>Qurultay delegatlar\u0131 elifbe tertibinde Esap komissiyas\u0131 azalar\u0131ndan b\u00fclletenlerini al\u0131p, cedvelde imza qoyalar ve bundan so\u00f1 gizli rey bermek i\u00e7\u00fcn kabinalarda rey bereler.<\/p>\n\n\n\n<figure class=\"wp-block-image size-full\"><img loading=\"lazy\" decoding=\"async\" width=\"650\" height=\"324\" src=\"http:\/\/qtmm.org\/wp-content\/uploads\/2022\/01\/photo_2.jpeg\" alt=\"\" class=\"wp-image-39964\" srcset=\"https:\/\/qtmm.org\/wp-content\/uploads\/2022\/01\/photo_2.jpeg 650w, https:\/\/qtmm.org\/wp-content\/uploads\/2022\/01\/photo_2-300x150.jpeg 300w\" sizes=\"auto, (max-width: 650px) 100vw, 650px\" \/><\/figure>\n\n\n\n<figure class=\"wp-block-image size-full\"><img loading=\"lazy\" decoding=\"async\" width=\"650\" height=\"392\" src=\"http:\/\/qtmm.org\/wp-content\/uploads\/2022\/01\/img_3392.jpeg\" alt=\"\" class=\"wp-image-39968\" srcset=\"https:\/\/qtmm.org\/wp-content\/uploads\/2022\/01\/img_3392.jpeg 650w, https:\/\/qtmm.org\/wp-content\/uploads\/2022\/01\/img_3392-300x181.jpeg 300w\" sizes=\"auto, (max-width: 650px) 100vw, 650px\" \/><\/figure>\n\n\n\n<p>Salonda bulun\u011fan k\u00fctleviy matbuat vastalar\u0131n\u0131\u00f1 vekilleri Esap komissiya azalar\u0131nen beraber rey ber\u00fcv keti\u015fat\u0131n\u0131 k\u00f6zeteler.<\/p>\n\n\n\n<p>Saat 15.30-da rey ber\u00fcv yek\u00fcnlendi ve Esap komissiyas\u0131n\u0131\u00f1 azalar\u0131 rey ber\u00fcv neticelerine yek\u00fcnlerini saymaq i\u00e7\u00fcn \u00e7ekildiler.<\/p>\n\n\n\n<figure class=\"wp-block-image size-full\"><img loading=\"lazy\" decoding=\"async\" width=\"650\" height=\"589\" src=\"http:\/\/qtmm.org\/wp-content\/uploads\/2022\/01\/img_3518.jpeg\" alt=\"\" class=\"wp-image-39972\" srcset=\"https:\/\/qtmm.org\/wp-content\/uploads\/2022\/01\/img_3518.jpeg 650w, https:\/\/qtmm.org\/wp-content\/uploads\/2022\/01\/img_3518-300x272.jpeg 300w\" sizes=\"auto, (max-width: 650px) 100vw, 650px\" \/><\/figure>\n\n\n\n<figure class=\"wp-block-image size-full\"><img loading=\"lazy\" decoding=\"async\" width=\"650\" height=\"473\" src=\"http:\/\/qtmm.org\/wp-content\/uploads\/2022\/01\/img_1766.jpeg\" alt=\"\" class=\"wp-image-39976\" srcset=\"https:\/\/qtmm.org\/wp-content\/uploads\/2022\/01\/img_1766.jpeg 650w, https:\/\/qtmm.org\/wp-content\/uploads\/2022\/01\/img_1766-300x218.jpeg 300w\" sizes=\"auto, (max-width: 650px) 100vw, 650px\" \/><\/figure>\n","protected":false},"excerpt":{"rendered":"<p>2013 senesi okt\u00e2br 27 k\u00fcn\u00fc Qurultay delegatlar\u0131 Meclis reisini saylav boyunca gizli rey bermek i\u00e7\u00fcn Esap komissiyas\u0131 taraf\u0131ndan az\u0131rlan\u0131l\u011fan b\u00fclletenler \u015fekilini tasdiqla\u011fan so\u00f1 Meclis reisini gizli rey ber\u00fcv yolunen saylama\u011fa kiri\u015ftiler. Esap komissiyas\u0131n\u0131\u00f1 reisi Lemmar Yunusov bildirgenine k\u00f6re rey bermek i\u00e7\u00fcn 248 b\u00fclleten az\u0131rlan\u0131ld\u0131. Qurultay delegatlar\u0131 elifbe tertibinde Esap komissiyas\u0131 azalar\u0131ndan b\u00fclletenlerini al\u0131p, cedvelde imza [&hellip;]<\/p>\n","protected":false},"author":1,"featured_media":0,"comment_status":"open","ping_status":"open","sticky":false,"template":"","format":"standard","meta":{"inline_featured_image":false,"footnotes":""},"categories":[265],"tags":[],"class_list":["post-39955","post","type-post","status-publish","format-standard","hentry","category-haberler"],"acf":[],"yoast_head":"<!-- This site is optimized with the Yoast SEO plugin v27.4 - https:\/\/yoast.com\/product\/yoast-seo-wordpress\/ -->\n<title>Qurultay delegatlar\u0131 Q\u0131r\u0131mtatar halq\u0131 Meclisini\u00f1 reisini gizli rey ber\u00fcv \u015fekilinde saylamaqtalar - \u041c\u0435\u0434\u0436\u043b\u0456\u0441<\/title>\n<meta name=\"robots\" content=\"index, follow, max-snippet:-1, max-image-preview:large, max-video-preview:-1\" \/>\n<link rel=\"canonical\" href=\"https:\/\/qtmm.org\/qt\/qurultay-delegatlari-qirimtatar-halqi-meclisinin-reisini-gizli-rey-beruv-sekilinde-saylamaqtalar\/\" \/>\n<meta property=\"og:locale\" content=\"en_US\" \/>\n<meta property=\"og:type\" content=\"article\" \/>\n<meta property=\"og:title\" content=\"Qurultay delegatlar\u0131 Q\u0131r\u0131mtatar halq\u0131 Meclisini\u00f1 reisini gizli rey ber\u00fcv \u015fekilinde saylamaqtalar - \u041c\u0435\u0434\u0436\u043b\u0456\u0441\" \/>\n<meta property=\"og:description\" content=\"2013 senesi okt\u00e2br 27 k\u00fcn\u00fc Qurultay delegatlar\u0131 Meclis reisini saylav boyunca gizli rey bermek i\u00e7\u00fcn Esap komissiyas\u0131 taraf\u0131ndan az\u0131rlan\u0131l\u011fan b\u00fclletenler \u015fekilini tasdiqla\u011fan so\u00f1 Meclis reisini gizli rey ber\u00fcv yolunen saylama\u011fa kiri\u015ftiler. Esap komissiyas\u0131n\u0131\u00f1 reisi Lemmar Yunusov bildirgenine k\u00f6re rey bermek i\u00e7\u00fcn 248 b\u00fclleten az\u0131rlan\u0131ld\u0131. Qurultay delegatlar\u0131 elifbe tertibinde Esap komissiyas\u0131 azalar\u0131ndan b\u00fclletenlerini al\u0131p, cedvelde imza [&hellip;]\" \/>\n<meta property=\"og:url\" content=\"https:\/\/qtmm.org\/qt\/qurultay-delegatlari-qirimtatar-halqi-meclisinin-reisini-gizli-rey-beruv-sekilinde-saylamaqtalar\/\" \/>\n<meta property=\"og:site_name\" content=\"\u041c\u0435\u0434\u0436\u043b\u0456\u0441\" \/>\n<meta property=\"article:publisher\" content=\"https:\/\/www.facebook.com\/qtmm.info\/\" \/>\n<meta property=\"article:published_time\" content=\"2013-10-26T21:26:00+00:00\" \/>\n<meta property=\"article:modified_time\" content=\"2022-01-25T21:27:44+00:00\" \/>\n<meta property=\"og:image\" content=\"https:\/\/qtmm.org\/wp-content\/uploads\/2022\/01\/img_3425.jpeg\" \/>\n\t<meta property=\"og:image:width\" content=\"650\" \/>\n\t<meta property=\"og:image:height\" content=\"355\" \/>\n\t<meta property=\"og:image:type\" content=\"image\/jpeg\" \/>\n<meta name=\"author\" content=\"Developer\" \/>\n<meta name=\"twitter:card\" content=\"summary_large_image\" \/>\n<meta name=\"twitter:label1\" content=\"Written by\" \/>\n\t<meta name=\"twitter:data1\" content=\"Developer\" \/>\n\t<meta name=\"twitter:label2\" content=\"Est. reading time\" \/>\n\t<meta name=\"twitter:data2\" content=\"1 minute\" \/>\n<script type=\"application\/ld+json\" class=\"yoast-schema-graph\">{\"@context\":\"https:\\\/\\\/schema.org\",\"@graph\":[{\"@type\":\"Article\",\"@id\":\"https:\\\/\\\/qtmm.org\\\/qt\\\/qurultay-delegatlari-qirimtatar-halqi-meclisinin-reisini-gizli-rey-beruv-sekilinde-saylamaqtalar\\\/#article\",\"isPartOf\":{\"@id\":\"https:\\\/\\\/qtmm.org\\\/qt\\\/qurultay-delegatlari-qirimtatar-halqi-meclisinin-reisini-gizli-rey-beruv-sekilinde-saylamaqtalar\\\/\"},\"author\":{\"name\":\"Developer\",\"@id\":\"https:\\\/\\\/qtmm.org\\\/qt\\\/#\\\/schema\\\/person\\\/de562469f971dec226ac06e60bbf74a7\"},\"headline\":\"Qurultay delegatlar\u0131 Q\u0131r\u0131mtatar halq\u0131 Meclisini\u00f1 reisini gizli rey ber\u00fcv \u015fekilinde saylamaqtalar\",\"datePublished\":\"2013-10-26T21:26:00+00:00\",\"dateModified\":\"2022-01-25T21:27:44+00:00\",\"mainEntityOfPage\":{\"@id\":\"https:\\\/\\\/qtmm.org\\\/qt\\\/qurultay-delegatlari-qirimtatar-halqi-meclisinin-reisini-gizli-rey-beruv-sekilinde-saylamaqtalar\\\/\"},\"wordCount\":143,\"commentCount\":0,\"publisher\":{\"@id\":\"https:\\\/\\\/qtmm.org\\\/qt\\\/#organization\"},\"image\":{\"@id\":\"https:\\\/\\\/qtmm.org\\\/qt\\\/qurultay-delegatlari-qirimtatar-halqi-meclisinin-reisini-gizli-rey-beruv-sekilinde-saylamaqtalar\\\/#primaryimage\"},\"thumbnailUrl\":\"http:\\\/\\\/qtmm.org\\\/wp-content\\\/uploads\\\/2022\\\/01\\\/img_3425.jpeg\",\"articleSection\":[\"Haberler\"],\"inLanguage\":\"qt\",\"potentialAction\":[{\"@type\":\"CommentAction\",\"name\":\"Comment\",\"target\":[\"https:\\\/\\\/qtmm.org\\\/qt\\\/qurultay-delegatlari-qirimtatar-halqi-meclisinin-reisini-gizli-rey-beruv-sekilinde-saylamaqtalar\\\/#respond\"]}]},{\"@type\":\"WebPage\",\"@id\":\"https:\\\/\\\/qtmm.org\\\/qt\\\/qurultay-delegatlari-qirimtatar-halqi-meclisinin-reisini-gizli-rey-beruv-sekilinde-saylamaqtalar\\\/\",\"url\":\"https:\\\/\\\/qtmm.org\\\/qt\\\/qurultay-delegatlari-qirimtatar-halqi-meclisinin-reisini-gizli-rey-beruv-sekilinde-saylamaqtalar\\\/\",\"name\":\"Qurultay delegatlar\u0131 Q\u0131r\u0131mtatar halq\u0131 Meclisini\u00f1 reisini gizli rey ber\u00fcv \u015fekilinde saylamaqtalar - \u041c\u0435\u0434\u0436\u043b\u0456\u0441\",\"isPartOf\":{\"@id\":\"https:\\\/\\\/qtmm.org\\\/qt\\\/#website\"},\"primaryImageOfPage\":{\"@id\":\"https:\\\/\\\/qtmm.org\\\/qt\\\/qurultay-delegatlari-qirimtatar-halqi-meclisinin-reisini-gizli-rey-beruv-sekilinde-saylamaqtalar\\\/#primaryimage\"},\"image\":{\"@id\":\"https:\\\/\\\/qtmm.org\\\/qt\\\/qurultay-delegatlari-qirimtatar-halqi-meclisinin-reisini-gizli-rey-beruv-sekilinde-saylamaqtalar\\\/#primaryimage\"},\"thumbnailUrl\":\"http:\\\/\\\/qtmm.org\\\/wp-content\\\/uploads\\\/2022\\\/01\\\/img_3425.jpeg\",\"datePublished\":\"2013-10-26T21:26:00+00:00\",\"dateModified\":\"2022-01-25T21:27:44+00:00\",\"breadcrumb\":{\"@id\":\"https:\\\/\\\/qtmm.org\\\/qt\\\/qurultay-delegatlari-qirimtatar-halqi-meclisinin-reisini-gizli-rey-beruv-sekilinde-saylamaqtalar\\\/#breadcrumb\"},\"inLanguage\":\"qt\",\"potentialAction\":[{\"@type\":\"ReadAction\",\"target\":[\"https:\\\/\\\/qtmm.org\\\/qt\\\/qurultay-delegatlari-qirimtatar-halqi-meclisinin-reisini-gizli-rey-beruv-sekilinde-saylamaqtalar\\\/\"]}]},{\"@type\":\"ImageObject\",\"inLanguage\":\"qt\",\"@id\":\"https:\\\/\\\/qtmm.org\\\/qt\\\/qurultay-delegatlari-qirimtatar-halqi-meclisinin-reisini-gizli-rey-beruv-sekilinde-saylamaqtalar\\\/#primaryimage\",\"url\":\"http:\\\/\\\/qtmm.org\\\/wp-content\\\/uploads\\\/2022\\\/01\\\/img_3425.jpeg\",\"contentUrl\":\"http:\\\/\\\/qtmm.org\\\/wp-content\\\/uploads\\\/2022\\\/01\\\/img_3425.jpeg\"},{\"@type\":\"BreadcrumbList\",\"@id\":\"https:\\\/\\\/qtmm.org\\\/qt\\\/qurultay-delegatlari-qirimtatar-halqi-meclisinin-reisini-gizli-rey-beruv-sekilinde-saylamaqtalar\\\/#breadcrumb\",\"itemListElement\":[{\"@type\":\"ListItem\",\"position\":1,\"name\":\"\u0413\u043e\u043b\u043e\u0432\u043d\u0430\",\"item\":\"https:\\\/\\\/qtmm.org\\\/qt\\\/\"},{\"@type\":\"ListItem\",\"position\":2,\"name\":\"Qurultay delegatlar\u0131 Q\u0131r\u0131mtatar halq\u0131 Meclisini\u00f1 reisini gizli rey ber\u00fcv \u015fekilinde saylamaqtalar\"}]},{\"@type\":\"WebSite\",\"@id\":\"https:\\\/\\\/qtmm.org\\\/qt\\\/#website\",\"url\":\"https:\\\/\\\/qtmm.org\\\/qt\\\/\",\"name\":\"\u041c\u0435\u0434\u0436\u043b\u0456\u0441\",\"description\":\"\",\"publisher\":{\"@id\":\"https:\\\/\\\/qtmm.org\\\/qt\\\/#organization\"},\"potentialAction\":[{\"@type\":\"SearchAction\",\"target\":{\"@type\":\"EntryPoint\",\"urlTemplate\":\"https:\\\/\\\/qtmm.org\\\/qt\\\/?s={search_term_string}\"},\"query-input\":{\"@type\":\"PropertyValueSpecification\",\"valueRequired\":true,\"valueName\":\"search_term_string\"}}],\"inLanguage\":\"qt\"},{\"@type\":\"Organization\",\"@id\":\"https:\\\/\\\/qtmm.org\\\/qt\\\/#organization\",\"name\":\"\u041c\u0435\u0434\u0436\u043b\u0456\u0441\",\"url\":\"https:\\\/\\\/qtmm.org\\\/qt\\\/\",\"logo\":{\"@type\":\"ImageObject\",\"inLanguage\":\"qt\",\"@id\":\"https:\\\/\\\/qtmm.org\\\/qt\\\/#\\\/schema\\\/logo\\\/image\\\/\",\"url\":\"https:\\\/\\\/qtmm.org\\\/wp-content\\\/uploads\\\/2024\\\/12\\\/ua-mejlis-logo-rgb.svg\",\"contentUrl\":\"https:\\\/\\\/qtmm.org\\\/wp-content\\\/uploads\\\/2024\\\/12\\\/ua-mejlis-logo-rgb.svg\",\"caption\":\"\u041c\u0435\u0434\u0436\u043b\u0456\u0441\"},\"image\":{\"@id\":\"https:\\\/\\\/qtmm.org\\\/qt\\\/#\\\/schema\\\/logo\\\/image\\\/\"},\"sameAs\":[\"https:\\\/\\\/www.facebook.com\\\/qtmm.info\\\/\"]},{\"@type\":\"Person\",\"@id\":\"https:\\\/\\\/qtmm.org\\\/qt\\\/#\\\/schema\\\/person\\\/de562469f971dec226ac06e60bbf74a7\",\"name\":\"Developer\",\"image\":{\"@type\":\"ImageObject\",\"inLanguage\":\"qt\",\"@id\":\"https:\\\/\\\/secure.gravatar.com\\\/avatar\\\/392b4cc8fbfeb00b39dfeeab4ee6edded39ffd48e25858637e4765810300227e?s=96&d=mm&r=g\",\"url\":\"https:\\\/\\\/secure.gravatar.com\\\/avatar\\\/392b4cc8fbfeb00b39dfeeab4ee6edded39ffd48e25858637e4765810300227e?s=96&d=mm&r=g\",\"contentUrl\":\"https:\\\/\\\/secure.gravatar.com\\\/avatar\\\/392b4cc8fbfeb00b39dfeeab4ee6edded39ffd48e25858637e4765810300227e?s=96&d=mm&r=g\",\"caption\":\"Developer\"},\"url\":\"https:\\\/\\\/qtmm.org\\\/qt\\\/author\\\/Developer\\\/\"}]}<\/script>\n<!-- \/ Yoast SEO plugin. -->","yoast_head_json":{"title":"Qurultay delegatlar\u0131 Q\u0131r\u0131mtatar halq\u0131 Meclisini\u00f1 reisini gizli rey ber\u00fcv \u015fekilinde saylamaqtalar - \u041c\u0435\u0434\u0436\u043b\u0456\u0441","robots":{"index":"index","follow":"follow","max-snippet":"max-snippet:-1","max-image-preview":"max-image-preview:large","max-video-preview":"max-video-preview:-1"},"canonical":"https:\/\/qtmm.org\/qt\/qurultay-delegatlari-qirimtatar-halqi-meclisinin-reisini-gizli-rey-beruv-sekilinde-saylamaqtalar\/","og_locale":"en_US","og_type":"article","og_title":"Qurultay delegatlar\u0131 Q\u0131r\u0131mtatar halq\u0131 Meclisini\u00f1 reisini gizli rey ber\u00fcv \u015fekilinde saylamaqtalar - \u041c\u0435\u0434\u0436\u043b\u0456\u0441","og_description":"2013 senesi okt\u00e2br 27 k\u00fcn\u00fc Qurultay delegatlar\u0131 Meclis reisini saylav boyunca gizli rey bermek i\u00e7\u00fcn Esap komissiyas\u0131 taraf\u0131ndan az\u0131rlan\u0131l\u011fan b\u00fclletenler \u015fekilini tasdiqla\u011fan so\u00f1 Meclis reisini gizli rey ber\u00fcv yolunen saylama\u011fa kiri\u015ftiler. Esap komissiyas\u0131n\u0131\u00f1 reisi Lemmar Yunusov bildirgenine k\u00f6re rey bermek i\u00e7\u00fcn 248 b\u00fclleten az\u0131rlan\u0131ld\u0131. Qurultay delegatlar\u0131 elifbe tertibinde Esap komissiyas\u0131 azalar\u0131ndan b\u00fclletenlerini al\u0131p, cedvelde imza [&hellip;]","og_url":"https:\/\/qtmm.org\/qt\/qurultay-delegatlari-qirimtatar-halqi-meclisinin-reisini-gizli-rey-beruv-sekilinde-saylamaqtalar\/","og_site_name":"\u041c\u0435\u0434\u0436\u043b\u0456\u0441","article_publisher":"https:\/\/www.facebook.com\/qtmm.info\/","article_published_time":"2013-10-26T21:26:00+00:00","article_modified_time":"2022-01-25T21:27:44+00:00","og_image":[{"width":650,"height":355,"url":"https:\/\/qtmm.org\/wp-content\/uploads\/2022\/01\/img_3425.jpeg","type":"image\/jpeg"}],"author":"Developer","twitter_card":"summary_large_image","twitter_misc":{"Written by":"Developer","Est. reading time":"1 minute"},"schema":{"@context":"https:\/\/schema.org","@graph":[{"@type":"Article","@id":"https:\/\/qtmm.org\/qt\/qurultay-delegatlari-qirimtatar-halqi-meclisinin-reisini-gizli-rey-beruv-sekilinde-saylamaqtalar\/#article","isPartOf":{"@id":"https:\/\/qtmm.org\/qt\/qurultay-delegatlari-qirimtatar-halqi-meclisinin-reisini-gizli-rey-beruv-sekilinde-saylamaqtalar\/"},"author":{"name":"Developer","@id":"https:\/\/qtmm.org\/qt\/#\/schema\/person\/de562469f971dec226ac06e60bbf74a7"},"headline":"Qurultay delegatlar\u0131 Q\u0131r\u0131mtatar halq\u0131 Meclisini\u00f1 reisini gizli rey ber\u00fcv \u015fekilinde saylamaqtalar","datePublished":"2013-10-26T21:26:00+00:00","dateModified":"2022-01-25T21:27:44+00:00","mainEntityOfPage":{"@id":"https:\/\/qtmm.org\/qt\/qurultay-delegatlari-qirimtatar-halqi-meclisinin-reisini-gizli-rey-beruv-sekilinde-saylamaqtalar\/"},"wordCount":143,"commentCount":0,"publisher":{"@id":"https:\/\/qtmm.org\/qt\/#organization"},"image":{"@id":"https:\/\/qtmm.org\/qt\/qurultay-delegatlari-qirimtatar-halqi-meclisinin-reisini-gizli-rey-beruv-sekilinde-saylamaqtalar\/#primaryimage"},"thumbnailUrl":"http:\/\/qtmm.org\/wp-content\/uploads\/2022\/01\/img_3425.jpeg","articleSection":["Haberler"],"inLanguage":"qt","potentialAction":[{"@type":"CommentAction","name":"Comment","target":["https:\/\/qtmm.org\/qt\/qurultay-delegatlari-qirimtatar-halqi-meclisinin-reisini-gizli-rey-beruv-sekilinde-saylamaqtalar\/#respond"]}]},{"@type":"WebPage","@id":"https:\/\/qtmm.org\/qt\/qurultay-delegatlari-qirimtatar-halqi-meclisinin-reisini-gizli-rey-beruv-sekilinde-saylamaqtalar\/","url":"https:\/\/qtmm.org\/qt\/qurultay-delegatlari-qirimtatar-halqi-meclisinin-reisini-gizli-rey-beruv-sekilinde-saylamaqtalar\/","name":"Qurultay delegatlar\u0131 Q\u0131r\u0131mtatar halq\u0131 Meclisini\u00f1 reisini gizli rey ber\u00fcv \u015fekilinde saylamaqtalar - \u041c\u0435\u0434\u0436\u043b\u0456\u0441","isPartOf":{"@id":"https:\/\/qtmm.org\/qt\/#website"},"primaryImageOfPage":{"@id":"https:\/\/qtmm.org\/qt\/qurultay-delegatlari-qirimtatar-halqi-meclisinin-reisini-gizli-rey-beruv-sekilinde-saylamaqtalar\/#primaryimage"},"image":{"@id":"https:\/\/qtmm.org\/qt\/qurultay-delegatlari-qirimtatar-halqi-meclisinin-reisini-gizli-rey-beruv-sekilinde-saylamaqtalar\/#primaryimage"},"thumbnailUrl":"http:\/\/qtmm.org\/wp-content\/uploads\/2022\/01\/img_3425.jpeg","datePublished":"2013-10-26T21:26:00+00:00","dateModified":"2022-01-25T21:27:44+00:00","breadcrumb":{"@id":"https:\/\/qtmm.org\/qt\/qurultay-delegatlari-qirimtatar-halqi-meclisinin-reisini-gizli-rey-beruv-sekilinde-saylamaqtalar\/#breadcrumb"},"inLanguage":"qt","potentialAction":[{"@type":"ReadAction","target":["https:\/\/qtmm.org\/qt\/qurultay-delegatlari-qirimtatar-halqi-meclisinin-reisini-gizli-rey-beruv-sekilinde-saylamaqtalar\/"]}]},{"@type":"ImageObject","inLanguage":"qt","@id":"https:\/\/qtmm.org\/qt\/qurultay-delegatlari-qirimtatar-halqi-meclisinin-reisini-gizli-rey-beruv-sekilinde-saylamaqtalar\/#primaryimage","url":"http:\/\/qtmm.org\/wp-content\/uploads\/2022\/01\/img_3425.jpeg","contentUrl":"http:\/\/qtmm.org\/wp-content\/uploads\/2022\/01\/img_3425.jpeg"},{"@type":"BreadcrumbList","@id":"https:\/\/qtmm.org\/qt\/qurultay-delegatlari-qirimtatar-halqi-meclisinin-reisini-gizli-rey-beruv-sekilinde-saylamaqtalar\/#breadcrumb","itemListElement":[{"@type":"ListItem","position":1,"name":"\u0413\u043e\u043b\u043e\u0432\u043d\u0430","item":"https:\/\/qtmm.org\/qt\/"},{"@type":"ListItem","position":2,"name":"Qurultay delegatlar\u0131 Q\u0131r\u0131mtatar halq\u0131 Meclisini\u00f1 reisini gizli rey ber\u00fcv \u015fekilinde saylamaqtalar"}]},{"@type":"WebSite","@id":"https:\/\/qtmm.org\/qt\/#website","url":"https:\/\/qtmm.org\/qt\/","name":"\u041c\u0435\u0434\u0436\u043b\u0456\u0441","description":"","publisher":{"@id":"https:\/\/qtmm.org\/qt\/#organization"},"potentialAction":[{"@type":"SearchAction","target":{"@type":"EntryPoint","urlTemplate":"https:\/\/qtmm.org\/qt\/?s={search_term_string}"},"query-input":{"@type":"PropertyValueSpecification","valueRequired":true,"valueName":"search_term_string"}}],"inLanguage":"qt"},{"@type":"Organization","@id":"https:\/\/qtmm.org\/qt\/#organization","name":"\u041c\u0435\u0434\u0436\u043b\u0456\u0441","url":"https:\/\/qtmm.org\/qt\/","logo":{"@type":"ImageObject","inLanguage":"qt","@id":"https:\/\/qtmm.org\/qt\/#\/schema\/logo\/image\/","url":"https:\/\/qtmm.org\/wp-content\/uploads\/2024\/12\/ua-mejlis-logo-rgb.svg","contentUrl":"https:\/\/qtmm.org\/wp-content\/uploads\/2024\/12\/ua-mejlis-logo-rgb.svg","caption":"\u041c\u0435\u0434\u0436\u043b\u0456\u0441"},"image":{"@id":"https:\/\/qtmm.org\/qt\/#\/schema\/logo\/image\/"},"sameAs":["https:\/\/www.facebook.com\/qtmm.info\/"]},{"@type":"Person","@id":"https:\/\/qtmm.org\/qt\/#\/schema\/person\/de562469f971dec226ac06e60bbf74a7","name":"Developer","image":{"@type":"ImageObject","inLanguage":"qt","@id":"https:\/\/secure.gravatar.com\/avatar\/392b4cc8fbfeb00b39dfeeab4ee6edded39ffd48e25858637e4765810300227e?s=96&d=mm&r=g","url":"https:\/\/secure.gravatar.com\/avatar\/392b4cc8fbfeb00b39dfeeab4ee6edded39ffd48e25858637e4765810300227e?s=96&d=mm&r=g","contentUrl":"https:\/\/secure.gravatar.com\/avatar\/392b4cc8fbfeb00b39dfeeab4ee6edded39ffd48e25858637e4765810300227e?s=96&d=mm&r=g","caption":"Developer"},"url":"https:\/\/qtmm.org\/qt\/author\/Developer\/"}]}},"_links":{"self":[{"href":"https:\/\/qtmm.org\/qt\/wp-json\/wp\/v2\/posts\/39955","targetHints":{"allow":["GET"]}}],"collection":[{"href":"https:\/\/qtmm.org\/qt\/wp-json\/wp\/v2\/posts"}],"about":[{"href":"https:\/\/qtmm.org\/qt\/wp-json\/wp\/v2\/types\/post"}],"author":[{"embeddable":true,"href":"https:\/\/qtmm.org\/qt\/wp-json\/wp\/v2\/users\/1"}],"replies":[{"embeddable":true,"href":"https:\/\/qtmm.org\/qt\/wp-json\/wp\/v2\/comments?post=39955"}],"version-history":[{"count":1,"href":"https:\/\/qtmm.org\/qt\/wp-json\/wp\/v2\/posts\/39955\/revisions"}],"predecessor-version":[{"id":39980,"href":"https:\/\/qtmm.org\/qt\/wp-json\/wp\/v2\/posts\/39955\/revisions\/39980"}],"wp:attachment":[{"href":"https:\/\/qtmm.org\/qt\/wp-json\/wp\/v2\/media?parent=39955"}],"wp:term":[{"taxonomy":"category","embeddable":true,"href":"https:\/\/qtmm.org\/qt\/wp-json\/wp\/v2\/categories?post=39955"},{"taxonomy":"post_tag","embeddable":true,"href":"https:\/\/qtmm.org\/qt\/wp-json\/wp\/v2\/tags?post=39955"}],"curies":[{"name":"wp","href":"https:\/\/api.w.org\/{rel}","templated":true}]}}