




{"id":39929,"date":"2013-10-27T00:23:00","date_gmt":"2013-10-26T21:23:00","guid":{"rendered":"http:\/\/qtmm.org\/?p=39929"},"modified":"2022-01-26T00:25:48","modified_gmt":"2022-01-25T21:25:48","slug":"vi-cagirilis-qurultay-delegatlari-meclis-reisi-vazifesine-uc-namzet-mustafa-cemilev-refat-cubarov-ve-remzi-ilyasovni-kosterdiler","status":"publish","type":"post","link":"https:\/\/qtmm.org\/qt\/vi-cagirilis-qurultay-delegatlari-meclis-reisi-vazifesine-uc-namzet-mustafa-cemilev-refat-cubarov-ve-remzi-ilyasovni-kosterdiler\/","title":{"rendered":"VI \u00e7a\u011f\u0131r\u0131l\u0131\u015f Qurultay delegatlar\u0131 Meclis reisi vazifesine \u00fc\u00e7 namzet: Mustafa Cemilev, Refat \u00c7ubarov ve Remzi \u0130lyasovn\u0131 k\u00f6sterdiler"},"content":{"rendered":"\n<p>Aqmescitte 27 okt\u00e2br k\u00fcn\u00fc Q\u0131r\u0131mtatar akademik muz\u0131kal\u0131-drama teatrinde VI \u00e7a\u011f\u0131r\u0131l\u0131\u015f Qurultayn\u0131\u00f1 1-nci sessiyas\u0131 \u00f6z i\u015fini devam etmekte.<\/p>\n\n\n\n<p>Topla\u015fuvn\u0131\u00f1 ba\u015f\u0131nda salonda Qurultayn\u0131\u00f1 243 delegat\u0131 cedvelge al\u0131n\u011fan\u0131 il\u00e2n etildi.<\/p>\n\n\n\n<figure class=\"wp-block-image size-full\"><img loading=\"lazy\" decoding=\"async\" width=\"800\" height=\"450\" src=\"http:\/\/qtmm.org\/wp-content\/uploads\/2022\/01\/golosovanie.jpeg\" alt=\"\" class=\"wp-image-39930\" srcset=\"https:\/\/qtmm.org\/wp-content\/uploads\/2022\/01\/golosovanie.jpeg 800w, https:\/\/qtmm.org\/wp-content\/uploads\/2022\/01\/golosovanie-300x169.jpeg 300w, https:\/\/qtmm.org\/wp-content\/uploads\/2022\/01\/golosovanie-768x432.jpeg 768w\" sizes=\"auto, (max-width: 800px) 100vw, 800px\" \/><\/figure>\n\n\n\n<p>Sessiya k\u00fcn tertibine k\u00f6re delegatlar \u00fc\u00e7\u00fcnci mesele &#8220;Q\u0131r\u0131mtatar halq\u0131 Qurultay\u0131n\u0131\u00f1 saylav organlar\u0131n\u0131 se\u00e7\u00fcv: delegatlarn\u0131\u00f1 \u00e7\u0131q\u0131\u015f\u0131, namzetlerni k\u00f6ster\u00fcv ve muzakeresi&#8221;<\/p>\n\n\n\n<figure class=\"wp-block-image size-full\"><img loading=\"lazy\" decoding=\"async\" width=\"800\" height=\"600\" src=\"http:\/\/qtmm.org\/wp-content\/uploads\/2022\/01\/pod_voprosom_povestki.jpeg\" alt=\"\" class=\"wp-image-39934\" srcset=\"https:\/\/qtmm.org\/wp-content\/uploads\/2022\/01\/pod_voprosom_povestki.jpeg 800w, https:\/\/qtmm.org\/wp-content\/uploads\/2022\/01\/pod_voprosom_povestki-300x225.jpeg 300w, https:\/\/qtmm.org\/wp-content\/uploads\/2022\/01\/pod_voprosom_povestki-768x576.jpeg 768w\" sizes=\"auto, (max-width: 800px) 100vw, 800px\" \/><\/figure>\n\n\n\n<p>\u00c7\u0131q\u0131\u015f\u00e7ta bulun\u011fan 20 delegat, reis vazifesine Mustafa Cemilev, Refat \u00c7ubarov ve Remzi \u0130lyasovn\u0131\u00f1 namzetlerini k\u00f6sterdiler.<\/p>\n\n\n\n<figure class=\"wp-block-image size-full\"><img loading=\"lazy\" decoding=\"async\" width=\"800\" height=\"600\" src=\"http:\/\/qtmm.org\/wp-content\/uploads\/2022\/01\/vydvizhenie.jpeg\" alt=\"\" class=\"wp-image-39938\" srcset=\"https:\/\/qtmm.org\/wp-content\/uploads\/2022\/01\/vydvizhenie.jpeg 800w, https:\/\/qtmm.org\/wp-content\/uploads\/2022\/01\/vydvizhenie-300x225.jpeg 300w, https:\/\/qtmm.org\/wp-content\/uploads\/2022\/01\/vydvizhenie-768x576.jpeg 768w\" sizes=\"auto, (max-width: 800px) 100vw, 800px\" \/><\/figure>\n\n\n\n<p>Reis vazifesine namzetler k\u00f6ster\u00fcv protseduras\u0131 bitken so\u00f1 Mustafa Cemilev \u00f6z namzetini keri qaytard\u0131. &#8220;\u0130\u015fan\u00e7\u0131\u00f1\u0131z i\u00e7\u00fcn te\u015fekk\u00fcr. L\u00e2kin men bu teklifni qabul etip olamay\u0131m. Sebepleri aqq\u0131nda evel de aytqan edim. Men \u00f6z namzetimni alam. Bu\u00f1a aqq\u0131m bar&#8221;, &#8211; dedi M. Cemilev on\u0131\u00f1 namzetini k\u00f6stergen Qurultay delegatlar\u0131na h\u0131tap eterek.<\/p>\n\n\n\n<p>&#8220;Menim tekrar Meclis reisi olaraq saylanmam kerekligini\u00f1 sebeplerinden biri Halqara forum ke\u00e7irilmesidir, &#8211; devam etti Cemilev. \u2013 Forumlar ke\u00e7ir\u00fcvni Meclis reisi vazifesinen ba\u011flamaq olmaz. B\u00f6yle forumlar daa \u00e7oq olur. Bundan da \u011fayr\u0131, bu forum olaca\u011f\u0131-olmayca\u011f\u0131 daa bellisiz, \u00e7\u00fcnki Ukraina bu\u00f1a \u00f6z raz\u0131l\u0131\u011f\u0131n\u0131 bermedi. Ebet forumn\u0131 Br\u00fcssel ya da Strasburgda da ke\u00e7irmek m\u00fcmk\u00fcn, amma bu ya\u00f1l\u0131\u015ft\u0131r&#8221;.<\/p>\n\n\n\n<figure class=\"wp-block-image size-full\"><img loading=\"lazy\" decoding=\"async\" width=\"800\" height=\"600\" src=\"http:\/\/qtmm.org\/wp-content\/uploads\/2022\/01\/shef.jpeg\" alt=\"\" class=\"wp-image-39942\" srcset=\"https:\/\/qtmm.org\/wp-content\/uploads\/2022\/01\/shef.jpeg 800w, https:\/\/qtmm.org\/wp-content\/uploads\/2022\/01\/shef-300x225.jpeg 300w, https:\/\/qtmm.org\/wp-content\/uploads\/2022\/01\/shef-768x576.jpeg 768w\" sizes=\"auto, (max-width: 800px) 100vw, 800px\" \/><\/figure>\n\n\n\n<p>&#8220;Diger eki namzet aqq\u0131nda ayt\u0131rken Mustafa Cemilev Remzi \u0130lyasov ve Refat \u00c7ubarov munasip insanlar ol\u011fanlar\u0131n\u0131 qayd etti. &#8220;Eki namzetni\u00f1 de yah\u015f\u0131 \u00e7izgileri bar. Refat \u00c7ubarov \u2013 diplomat, halq deputat\u0131 ol\u0131p \u00e7al\u0131\u015ft\u0131. Remzi \u0130lyasov da devlet qurum\u0131nda \u00e7al\u0131\u015ft\u0131, itibar\u0131 y\u00fcksek, te\u015fkil\u00e2tiy qabiliyeti bar, &#8211; dep a\u00f1latt\u0131 M. Cemilev. \u2013 Ma\u00f1a qalsa bu eki insan beraber \u00e7al\u0131\u015fsalar halq i\u00e7\u00fcn pek faydal\u0131 olur&#8221;.<br><br>Mustafa Cemilev Meclisni\u00f1 ya\u00f1\u0131 reisini saylavn\u0131\u00f1 neticeleri a\u00e7\u0131qlan\u011fan so\u00f1ra da Remzi \u0130lyasov ve Refat \u00c7ubarov beraber \u00e7al\u0131\u015facaqlar\u0131na \u00fcm\u00fct bildirdi. &#8220;Rey ber\u00fcv ba\u015flanmazdan evel b\u00f6yle teklifim bar. Bizim qaidelerimizge k\u00f6re Meclis reisi \u00f6z\u00fcni\u00f1 birinci muavinini saylay. Men Refat \u00c7ubarovdan \u015fun\u0131 e\u015fitmek isteyim, eger reis olaraq se\u00e7ilse Remzi \u0130lyasovn\u0131 \u00f6z\u00fcni\u00f1 birinci muavini etip tayinleycekmi ve aksine Remzi \u0130lyasov bu vazifege Refat \u00c7ubarovn\u0131 teklif etecekmi. Bu\u00f1a k\u00f6re men de \u00f6z qarar\u0131mn\u0131 alacam&#8221;, &#8211; dedi Cemilev.<br>Bundan da \u011fayr\u0131 Mustafa Cemilevni\u00f1 s\u00f6zlerine k\u00f6re eger Qurultay delegatlar\u0131 ad\u0131-ad\u0131nen rey ber\u00fcvge qoltutsalar, on\u0131\u00f1 ad\u0131 Qurultay delegatlar\u0131 cedvelinde so\u00f1una qoyulmas\u0131n\u0131 rica etecek. Qurultay delegatlar\u0131 gizli rey ber\u00fcv \u015fekilini qald\u0131rd\u0131lar.<br>Reis vazifesine eki namzet tasdiqlan\u011fan so\u00f1 Refat \u00c7ubarov ve Remzi \u0130lyasov Qurultay delegatlar\u0131n\u0131 \u00f6z programmalar\u0131 ile tan\u0131\u015f etip, Qurultay delegatlar\u0131 ve musafirlerini\u00f1 suallerine cevap berdi.<br>\u015eun\u0131 qayd etmeli ki, Meclis reisi vazifesine namzetlerni\u00f1 ekisi de \u00f6zlerini reisni\u00f1 birinci muavini vazifesinde k\u00f6rmegenlerini bildirdiler.<\/p>\n\n\n\n<figure class=\"wp-block-image size-full\"><img loading=\"lazy\" decoding=\"async\" width=\"800\" height=\"600\" src=\"http:\/\/qtmm.org\/wp-content\/uploads\/2022\/01\/foto_1_10.jpeg\" alt=\"\" class=\"wp-image-39946\" srcset=\"https:\/\/qtmm.org\/wp-content\/uploads\/2022\/01\/foto_1_10.jpeg 800w, https:\/\/qtmm.org\/wp-content\/uploads\/2022\/01\/foto_1_10-300x225.jpeg 300w, https:\/\/qtmm.org\/wp-content\/uploads\/2022\/01\/foto_1_10-768x576.jpeg 768w\" sizes=\"auto, (max-width: 800px) 100vw, 800px\" \/><\/figure>\n\n\n\n<figure class=\"wp-block-image size-full\"><img loading=\"lazy\" decoding=\"async\" width=\"800\" height=\"600\" src=\"http:\/\/qtmm.org\/wp-content\/uploads\/2022\/01\/foto_3_1.jpeg\" alt=\"\" class=\"wp-image-39950\" srcset=\"https:\/\/qtmm.org\/wp-content\/uploads\/2022\/01\/foto_3_1.jpeg 800w, https:\/\/qtmm.org\/wp-content\/uploads\/2022\/01\/foto_3_1-300x225.jpeg 300w, https:\/\/qtmm.org\/wp-content\/uploads\/2022\/01\/foto_3_1-768x576.jpeg 768w\" sizes=\"auto, (max-width: 800px) 100vw, 800px\" \/><\/figure>\n","protected":false},"excerpt":{"rendered":"<p>Aqmescitte 27 okt\u00e2br k\u00fcn\u00fc Q\u0131r\u0131mtatar akademik muz\u0131kal\u0131-drama teatrinde VI \u00e7a\u011f\u0131r\u0131l\u0131\u015f Qurultayn\u0131\u00f1 1-nci sessiyas\u0131 \u00f6z i\u015fini devam etmekte. Topla\u015fuvn\u0131\u00f1 ba\u015f\u0131nda salonda Qurultayn\u0131\u00f1 243 delegat\u0131 cedvelge al\u0131n\u011fan\u0131 il\u00e2n etildi. Sessiya k\u00fcn tertibine k\u00f6re delegatlar \u00fc\u00e7\u00fcnci mesele &#8220;Q\u0131r\u0131mtatar halq\u0131 Qurultay\u0131n\u0131\u00f1 saylav organlar\u0131n\u0131 se\u00e7\u00fcv: delegatlarn\u0131\u00f1 \u00e7\u0131q\u0131\u015f\u0131, namzetlerni k\u00f6ster\u00fcv ve muzakeresi&#8221; \u00c7\u0131q\u0131\u015f\u00e7ta bulun\u011fan 20 delegat, reis vazifesine Mustafa Cemilev, Refat [&hellip;]<\/p>\n","protected":false},"author":1,"featured_media":0,"comment_status":"open","ping_status":"open","sticky":false,"template":"","format":"standard","meta":{"inline_featured_image":false,"footnotes":""},"categories":[265],"tags":[],"class_list":["post-39929","post","type-post","status-publish","format-standard","hentry","category-haberler"],"acf":[],"yoast_head":"<!-- This site is optimized with the Yoast SEO plugin v27.4 - https:\/\/yoast.com\/product\/yoast-seo-wordpress\/ -->\n<title>VI \u00e7a\u011f\u0131r\u0131l\u0131\u015f Qurultay delegatlar\u0131 Meclis reisi vazifesine \u00fc\u00e7 namzet: Mustafa Cemilev, Refat \u00c7ubarov ve Remzi \u0130lyasovn\u0131 k\u00f6sterdiler - \u041c\u0435\u0434\u0436\u043b\u0456\u0441<\/title>\n<meta name=\"robots\" content=\"index, follow, max-snippet:-1, max-image-preview:large, max-video-preview:-1\" \/>\n<link rel=\"canonical\" href=\"https:\/\/qtmm.org\/qt\/vi-cagirilis-qurultay-delegatlari-meclis-reisi-vazifesine-uc-namzet-mustafa-cemilev-refat-cubarov-ve-remzi-ilyasovni-kosterdiler\/\" \/>\n<meta property=\"og:locale\" content=\"en_US\" \/>\n<meta property=\"og:type\" content=\"article\" \/>\n<meta property=\"og:title\" content=\"VI \u00e7a\u011f\u0131r\u0131l\u0131\u015f Qurultay delegatlar\u0131 Meclis reisi vazifesine \u00fc\u00e7 namzet: Mustafa Cemilev, Refat \u00c7ubarov ve Remzi \u0130lyasovn\u0131 k\u00f6sterdiler - \u041c\u0435\u0434\u0436\u043b\u0456\u0441\" \/>\n<meta property=\"og:description\" content=\"Aqmescitte 27 okt\u00e2br k\u00fcn\u00fc Q\u0131r\u0131mtatar akademik muz\u0131kal\u0131-drama teatrinde VI \u00e7a\u011f\u0131r\u0131l\u0131\u015f Qurultayn\u0131\u00f1 1-nci sessiyas\u0131 \u00f6z i\u015fini devam etmekte. Topla\u015fuvn\u0131\u00f1 ba\u015f\u0131nda salonda Qurultayn\u0131\u00f1 243 delegat\u0131 cedvelge al\u0131n\u011fan\u0131 il\u00e2n etildi. Sessiya k\u00fcn tertibine k\u00f6re delegatlar \u00fc\u00e7\u00fcnci mesele &#8220;Q\u0131r\u0131mtatar halq\u0131 Qurultay\u0131n\u0131\u00f1 saylav organlar\u0131n\u0131 se\u00e7\u00fcv: delegatlarn\u0131\u00f1 \u00e7\u0131q\u0131\u015f\u0131, namzetlerni k\u00f6ster\u00fcv ve muzakeresi&#8221; \u00c7\u0131q\u0131\u015f\u00e7ta bulun\u011fan 20 delegat, reis vazifesine Mustafa Cemilev, Refat [&hellip;]\" \/>\n<meta property=\"og:url\" content=\"https:\/\/qtmm.org\/qt\/vi-cagirilis-qurultay-delegatlari-meclis-reisi-vazifesine-uc-namzet-mustafa-cemilev-refat-cubarov-ve-remzi-ilyasovni-kosterdiler\/\" \/>\n<meta property=\"og:site_name\" content=\"\u041c\u0435\u0434\u0436\u043b\u0456\u0441\" \/>\n<meta property=\"article:publisher\" content=\"https:\/\/www.facebook.com\/qtmm.info\/\" \/>\n<meta property=\"article:published_time\" content=\"2013-10-26T21:23:00+00:00\" \/>\n<meta property=\"article:modified_time\" content=\"2022-01-25T21:25:48+00:00\" \/>\n<meta property=\"og:image\" content=\"https:\/\/qtmm.org\/wp-content\/uploads\/2022\/01\/golosovanie.jpeg\" \/>\n\t<meta property=\"og:image:width\" content=\"800\" \/>\n\t<meta property=\"og:image:height\" content=\"450\" \/>\n\t<meta property=\"og:image:type\" content=\"image\/jpeg\" \/>\n<meta name=\"author\" content=\"Developer\" \/>\n<meta name=\"twitter:card\" content=\"summary_large_image\" \/>\n<meta name=\"twitter:label1\" content=\"Written by\" \/>\n\t<meta name=\"twitter:data1\" content=\"Developer\" \/>\n\t<meta name=\"twitter:label2\" content=\"Est. reading time\" \/>\n\t<meta name=\"twitter:data2\" content=\"2 minutes\" \/>\n<script type=\"application\/ld+json\" class=\"yoast-schema-graph\">{\"@context\":\"https:\\\/\\\/schema.org\",\"@graph\":[{\"@type\":\"Article\",\"@id\":\"https:\\\/\\\/qtmm.org\\\/qt\\\/vi-cagirilis-qurultay-delegatlari-meclis-reisi-vazifesine-uc-namzet-mustafa-cemilev-refat-cubarov-ve-remzi-ilyasovni-kosterdiler\\\/#article\",\"isPartOf\":{\"@id\":\"https:\\\/\\\/qtmm.org\\\/qt\\\/vi-cagirilis-qurultay-delegatlari-meclis-reisi-vazifesine-uc-namzet-mustafa-cemilev-refat-cubarov-ve-remzi-ilyasovni-kosterdiler\\\/\"},\"author\":{\"name\":\"Developer\",\"@id\":\"https:\\\/\\\/qtmm.org\\\/qt\\\/#\\\/schema\\\/person\\\/de562469f971dec226ac06e60bbf74a7\"},\"headline\":\"VI \u00e7a\u011f\u0131r\u0131l\u0131\u015f Qurultay delegatlar\u0131 Meclis reisi vazifesine \u00fc\u00e7 namzet: Mustafa Cemilev, Refat \u00c7ubarov ve Remzi \u0130lyasovn\u0131 k\u00f6sterdiler\",\"datePublished\":\"2013-10-26T21:23:00+00:00\",\"dateModified\":\"2022-01-25T21:25:48+00:00\",\"mainEntityOfPage\":{\"@id\":\"https:\\\/\\\/qtmm.org\\\/qt\\\/vi-cagirilis-qurultay-delegatlari-meclis-reisi-vazifesine-uc-namzet-mustafa-cemilev-refat-cubarov-ve-remzi-ilyasovni-kosterdiler\\\/\"},\"wordCount\":481,\"commentCount\":0,\"publisher\":{\"@id\":\"https:\\\/\\\/qtmm.org\\\/qt\\\/#organization\"},\"image\":{\"@id\":\"https:\\\/\\\/qtmm.org\\\/qt\\\/vi-cagirilis-qurultay-delegatlari-meclis-reisi-vazifesine-uc-namzet-mustafa-cemilev-refat-cubarov-ve-remzi-ilyasovni-kosterdiler\\\/#primaryimage\"},\"thumbnailUrl\":\"http:\\\/\\\/qtmm.org\\\/wp-content\\\/uploads\\\/2022\\\/01\\\/golosovanie.jpeg\",\"articleSection\":[\"Haberler\"],\"inLanguage\":\"qt\",\"potentialAction\":[{\"@type\":\"CommentAction\",\"name\":\"Comment\",\"target\":[\"https:\\\/\\\/qtmm.org\\\/qt\\\/vi-cagirilis-qurultay-delegatlari-meclis-reisi-vazifesine-uc-namzet-mustafa-cemilev-refat-cubarov-ve-remzi-ilyasovni-kosterdiler\\\/#respond\"]}]},{\"@type\":\"WebPage\",\"@id\":\"https:\\\/\\\/qtmm.org\\\/qt\\\/vi-cagirilis-qurultay-delegatlari-meclis-reisi-vazifesine-uc-namzet-mustafa-cemilev-refat-cubarov-ve-remzi-ilyasovni-kosterdiler\\\/\",\"url\":\"https:\\\/\\\/qtmm.org\\\/qt\\\/vi-cagirilis-qurultay-delegatlari-meclis-reisi-vazifesine-uc-namzet-mustafa-cemilev-refat-cubarov-ve-remzi-ilyasovni-kosterdiler\\\/\",\"name\":\"VI \u00e7a\u011f\u0131r\u0131l\u0131\u015f Qurultay delegatlar\u0131 Meclis reisi vazifesine \u00fc\u00e7 namzet: Mustafa Cemilev, Refat \u00c7ubarov ve Remzi \u0130lyasovn\u0131 k\u00f6sterdiler - \u041c\u0435\u0434\u0436\u043b\u0456\u0441\",\"isPartOf\":{\"@id\":\"https:\\\/\\\/qtmm.org\\\/qt\\\/#website\"},\"primaryImageOfPage\":{\"@id\":\"https:\\\/\\\/qtmm.org\\\/qt\\\/vi-cagirilis-qurultay-delegatlari-meclis-reisi-vazifesine-uc-namzet-mustafa-cemilev-refat-cubarov-ve-remzi-ilyasovni-kosterdiler\\\/#primaryimage\"},\"image\":{\"@id\":\"https:\\\/\\\/qtmm.org\\\/qt\\\/vi-cagirilis-qurultay-delegatlari-meclis-reisi-vazifesine-uc-namzet-mustafa-cemilev-refat-cubarov-ve-remzi-ilyasovni-kosterdiler\\\/#primaryimage\"},\"thumbnailUrl\":\"http:\\\/\\\/qtmm.org\\\/wp-content\\\/uploads\\\/2022\\\/01\\\/golosovanie.jpeg\",\"datePublished\":\"2013-10-26T21:23:00+00:00\",\"dateModified\":\"2022-01-25T21:25:48+00:00\",\"breadcrumb\":{\"@id\":\"https:\\\/\\\/qtmm.org\\\/qt\\\/vi-cagirilis-qurultay-delegatlari-meclis-reisi-vazifesine-uc-namzet-mustafa-cemilev-refat-cubarov-ve-remzi-ilyasovni-kosterdiler\\\/#breadcrumb\"},\"inLanguage\":\"qt\",\"potentialAction\":[{\"@type\":\"ReadAction\",\"target\":[\"https:\\\/\\\/qtmm.org\\\/qt\\\/vi-cagirilis-qurultay-delegatlari-meclis-reisi-vazifesine-uc-namzet-mustafa-cemilev-refat-cubarov-ve-remzi-ilyasovni-kosterdiler\\\/\"]}]},{\"@type\":\"ImageObject\",\"inLanguage\":\"qt\",\"@id\":\"https:\\\/\\\/qtmm.org\\\/qt\\\/vi-cagirilis-qurultay-delegatlari-meclis-reisi-vazifesine-uc-namzet-mustafa-cemilev-refat-cubarov-ve-remzi-ilyasovni-kosterdiler\\\/#primaryimage\",\"url\":\"http:\\\/\\\/qtmm.org\\\/wp-content\\\/uploads\\\/2022\\\/01\\\/golosovanie.jpeg\",\"contentUrl\":\"http:\\\/\\\/qtmm.org\\\/wp-content\\\/uploads\\\/2022\\\/01\\\/golosovanie.jpeg\"},{\"@type\":\"BreadcrumbList\",\"@id\":\"https:\\\/\\\/qtmm.org\\\/qt\\\/vi-cagirilis-qurultay-delegatlari-meclis-reisi-vazifesine-uc-namzet-mustafa-cemilev-refat-cubarov-ve-remzi-ilyasovni-kosterdiler\\\/#breadcrumb\",\"itemListElement\":[{\"@type\":\"ListItem\",\"position\":1,\"name\":\"\u0413\u043e\u043b\u043e\u0432\u043d\u0430\",\"item\":\"https:\\\/\\\/qtmm.org\\\/qt\\\/\"},{\"@type\":\"ListItem\",\"position\":2,\"name\":\"VI \u00e7a\u011f\u0131r\u0131l\u0131\u015f Qurultay delegatlar\u0131 Meclis reisi vazifesine \u00fc\u00e7 namzet: Mustafa Cemilev, Refat \u00c7ubarov ve Remzi \u0130lyasovn\u0131 k\u00f6sterdiler\"}]},{\"@type\":\"WebSite\",\"@id\":\"https:\\\/\\\/qtmm.org\\\/qt\\\/#website\",\"url\":\"https:\\\/\\\/qtmm.org\\\/qt\\\/\",\"name\":\"\u041c\u0435\u0434\u0436\u043b\u0456\u0441\",\"description\":\"\",\"publisher\":{\"@id\":\"https:\\\/\\\/qtmm.org\\\/qt\\\/#organization\"},\"potentialAction\":[{\"@type\":\"SearchAction\",\"target\":{\"@type\":\"EntryPoint\",\"urlTemplate\":\"https:\\\/\\\/qtmm.org\\\/qt\\\/?s={search_term_string}\"},\"query-input\":{\"@type\":\"PropertyValueSpecification\",\"valueRequired\":true,\"valueName\":\"search_term_string\"}}],\"inLanguage\":\"qt\"},{\"@type\":\"Organization\",\"@id\":\"https:\\\/\\\/qtmm.org\\\/qt\\\/#organization\",\"name\":\"\u041c\u0435\u0434\u0436\u043b\u0456\u0441\",\"url\":\"https:\\\/\\\/qtmm.org\\\/qt\\\/\",\"logo\":{\"@type\":\"ImageObject\",\"inLanguage\":\"qt\",\"@id\":\"https:\\\/\\\/qtmm.org\\\/qt\\\/#\\\/schema\\\/logo\\\/image\\\/\",\"url\":\"https:\\\/\\\/qtmm.org\\\/wp-content\\\/uploads\\\/2024\\\/12\\\/ua-mejlis-logo-rgb.svg\",\"contentUrl\":\"https:\\\/\\\/qtmm.org\\\/wp-content\\\/uploads\\\/2024\\\/12\\\/ua-mejlis-logo-rgb.svg\",\"caption\":\"\u041c\u0435\u0434\u0436\u043b\u0456\u0441\"},\"image\":{\"@id\":\"https:\\\/\\\/qtmm.org\\\/qt\\\/#\\\/schema\\\/logo\\\/image\\\/\"},\"sameAs\":[\"https:\\\/\\\/www.facebook.com\\\/qtmm.info\\\/\"]},{\"@type\":\"Person\",\"@id\":\"https:\\\/\\\/qtmm.org\\\/qt\\\/#\\\/schema\\\/person\\\/de562469f971dec226ac06e60bbf74a7\",\"name\":\"Developer\",\"image\":{\"@type\":\"ImageObject\",\"inLanguage\":\"qt\",\"@id\":\"https:\\\/\\\/secure.gravatar.com\\\/avatar\\\/392b4cc8fbfeb00b39dfeeab4ee6edded39ffd48e25858637e4765810300227e?s=96&d=mm&r=g\",\"url\":\"https:\\\/\\\/secure.gravatar.com\\\/avatar\\\/392b4cc8fbfeb00b39dfeeab4ee6edded39ffd48e25858637e4765810300227e?s=96&d=mm&r=g\",\"contentUrl\":\"https:\\\/\\\/secure.gravatar.com\\\/avatar\\\/392b4cc8fbfeb00b39dfeeab4ee6edded39ffd48e25858637e4765810300227e?s=96&d=mm&r=g\",\"caption\":\"Developer\"},\"url\":\"https:\\\/\\\/qtmm.org\\\/qt\\\/author\\\/Developer\\\/\"}]}<\/script>\n<!-- \/ Yoast SEO plugin. -->","yoast_head_json":{"title":"VI \u00e7a\u011f\u0131r\u0131l\u0131\u015f Qurultay delegatlar\u0131 Meclis reisi vazifesine \u00fc\u00e7 namzet: Mustafa Cemilev, Refat \u00c7ubarov ve Remzi \u0130lyasovn\u0131 k\u00f6sterdiler - \u041c\u0435\u0434\u0436\u043b\u0456\u0441","robots":{"index":"index","follow":"follow","max-snippet":"max-snippet:-1","max-image-preview":"max-image-preview:large","max-video-preview":"max-video-preview:-1"},"canonical":"https:\/\/qtmm.org\/qt\/vi-cagirilis-qurultay-delegatlari-meclis-reisi-vazifesine-uc-namzet-mustafa-cemilev-refat-cubarov-ve-remzi-ilyasovni-kosterdiler\/","og_locale":"en_US","og_type":"article","og_title":"VI \u00e7a\u011f\u0131r\u0131l\u0131\u015f Qurultay delegatlar\u0131 Meclis reisi vazifesine \u00fc\u00e7 namzet: Mustafa Cemilev, Refat \u00c7ubarov ve Remzi \u0130lyasovn\u0131 k\u00f6sterdiler - \u041c\u0435\u0434\u0436\u043b\u0456\u0441","og_description":"Aqmescitte 27 okt\u00e2br k\u00fcn\u00fc Q\u0131r\u0131mtatar akademik muz\u0131kal\u0131-drama teatrinde VI \u00e7a\u011f\u0131r\u0131l\u0131\u015f Qurultayn\u0131\u00f1 1-nci sessiyas\u0131 \u00f6z i\u015fini devam etmekte. Topla\u015fuvn\u0131\u00f1 ba\u015f\u0131nda salonda Qurultayn\u0131\u00f1 243 delegat\u0131 cedvelge al\u0131n\u011fan\u0131 il\u00e2n etildi. Sessiya k\u00fcn tertibine k\u00f6re delegatlar \u00fc\u00e7\u00fcnci mesele &#8220;Q\u0131r\u0131mtatar halq\u0131 Qurultay\u0131n\u0131\u00f1 saylav organlar\u0131n\u0131 se\u00e7\u00fcv: delegatlarn\u0131\u00f1 \u00e7\u0131q\u0131\u015f\u0131, namzetlerni k\u00f6ster\u00fcv ve muzakeresi&#8221; \u00c7\u0131q\u0131\u015f\u00e7ta bulun\u011fan 20 delegat, reis vazifesine Mustafa Cemilev, Refat [&hellip;]","og_url":"https:\/\/qtmm.org\/qt\/vi-cagirilis-qurultay-delegatlari-meclis-reisi-vazifesine-uc-namzet-mustafa-cemilev-refat-cubarov-ve-remzi-ilyasovni-kosterdiler\/","og_site_name":"\u041c\u0435\u0434\u0436\u043b\u0456\u0441","article_publisher":"https:\/\/www.facebook.com\/qtmm.info\/","article_published_time":"2013-10-26T21:23:00+00:00","article_modified_time":"2022-01-25T21:25:48+00:00","og_image":[{"width":800,"height":450,"url":"https:\/\/qtmm.org\/wp-content\/uploads\/2022\/01\/golosovanie.jpeg","type":"image\/jpeg"}],"author":"Developer","twitter_card":"summary_large_image","twitter_misc":{"Written by":"Developer","Est. reading time":"2 minutes"},"schema":{"@context":"https:\/\/schema.org","@graph":[{"@type":"Article","@id":"https:\/\/qtmm.org\/qt\/vi-cagirilis-qurultay-delegatlari-meclis-reisi-vazifesine-uc-namzet-mustafa-cemilev-refat-cubarov-ve-remzi-ilyasovni-kosterdiler\/#article","isPartOf":{"@id":"https:\/\/qtmm.org\/qt\/vi-cagirilis-qurultay-delegatlari-meclis-reisi-vazifesine-uc-namzet-mustafa-cemilev-refat-cubarov-ve-remzi-ilyasovni-kosterdiler\/"},"author":{"name":"Developer","@id":"https:\/\/qtmm.org\/qt\/#\/schema\/person\/de562469f971dec226ac06e60bbf74a7"},"headline":"VI \u00e7a\u011f\u0131r\u0131l\u0131\u015f Qurultay delegatlar\u0131 Meclis reisi vazifesine \u00fc\u00e7 namzet: Mustafa Cemilev, Refat \u00c7ubarov ve Remzi \u0130lyasovn\u0131 k\u00f6sterdiler","datePublished":"2013-10-26T21:23:00+00:00","dateModified":"2022-01-25T21:25:48+00:00","mainEntityOfPage":{"@id":"https:\/\/qtmm.org\/qt\/vi-cagirilis-qurultay-delegatlari-meclis-reisi-vazifesine-uc-namzet-mustafa-cemilev-refat-cubarov-ve-remzi-ilyasovni-kosterdiler\/"},"wordCount":481,"commentCount":0,"publisher":{"@id":"https:\/\/qtmm.org\/qt\/#organization"},"image":{"@id":"https:\/\/qtmm.org\/qt\/vi-cagirilis-qurultay-delegatlari-meclis-reisi-vazifesine-uc-namzet-mustafa-cemilev-refat-cubarov-ve-remzi-ilyasovni-kosterdiler\/#primaryimage"},"thumbnailUrl":"http:\/\/qtmm.org\/wp-content\/uploads\/2022\/01\/golosovanie.jpeg","articleSection":["Haberler"],"inLanguage":"qt","potentialAction":[{"@type":"CommentAction","name":"Comment","target":["https:\/\/qtmm.org\/qt\/vi-cagirilis-qurultay-delegatlari-meclis-reisi-vazifesine-uc-namzet-mustafa-cemilev-refat-cubarov-ve-remzi-ilyasovni-kosterdiler\/#respond"]}]},{"@type":"WebPage","@id":"https:\/\/qtmm.org\/qt\/vi-cagirilis-qurultay-delegatlari-meclis-reisi-vazifesine-uc-namzet-mustafa-cemilev-refat-cubarov-ve-remzi-ilyasovni-kosterdiler\/","url":"https:\/\/qtmm.org\/qt\/vi-cagirilis-qurultay-delegatlari-meclis-reisi-vazifesine-uc-namzet-mustafa-cemilev-refat-cubarov-ve-remzi-ilyasovni-kosterdiler\/","name":"VI \u00e7a\u011f\u0131r\u0131l\u0131\u015f Qurultay delegatlar\u0131 Meclis reisi vazifesine \u00fc\u00e7 namzet: Mustafa Cemilev, Refat \u00c7ubarov ve Remzi \u0130lyasovn\u0131 k\u00f6sterdiler - \u041c\u0435\u0434\u0436\u043b\u0456\u0441","isPartOf":{"@id":"https:\/\/qtmm.org\/qt\/#website"},"primaryImageOfPage":{"@id":"https:\/\/qtmm.org\/qt\/vi-cagirilis-qurultay-delegatlari-meclis-reisi-vazifesine-uc-namzet-mustafa-cemilev-refat-cubarov-ve-remzi-ilyasovni-kosterdiler\/#primaryimage"},"image":{"@id":"https:\/\/qtmm.org\/qt\/vi-cagirilis-qurultay-delegatlari-meclis-reisi-vazifesine-uc-namzet-mustafa-cemilev-refat-cubarov-ve-remzi-ilyasovni-kosterdiler\/#primaryimage"},"thumbnailUrl":"http:\/\/qtmm.org\/wp-content\/uploads\/2022\/01\/golosovanie.jpeg","datePublished":"2013-10-26T21:23:00+00:00","dateModified":"2022-01-25T21:25:48+00:00","breadcrumb":{"@id":"https:\/\/qtmm.org\/qt\/vi-cagirilis-qurultay-delegatlari-meclis-reisi-vazifesine-uc-namzet-mustafa-cemilev-refat-cubarov-ve-remzi-ilyasovni-kosterdiler\/#breadcrumb"},"inLanguage":"qt","potentialAction":[{"@type":"ReadAction","target":["https:\/\/qtmm.org\/qt\/vi-cagirilis-qurultay-delegatlari-meclis-reisi-vazifesine-uc-namzet-mustafa-cemilev-refat-cubarov-ve-remzi-ilyasovni-kosterdiler\/"]}]},{"@type":"ImageObject","inLanguage":"qt","@id":"https:\/\/qtmm.org\/qt\/vi-cagirilis-qurultay-delegatlari-meclis-reisi-vazifesine-uc-namzet-mustafa-cemilev-refat-cubarov-ve-remzi-ilyasovni-kosterdiler\/#primaryimage","url":"http:\/\/qtmm.org\/wp-content\/uploads\/2022\/01\/golosovanie.jpeg","contentUrl":"http:\/\/qtmm.org\/wp-content\/uploads\/2022\/01\/golosovanie.jpeg"},{"@type":"BreadcrumbList","@id":"https:\/\/qtmm.org\/qt\/vi-cagirilis-qurultay-delegatlari-meclis-reisi-vazifesine-uc-namzet-mustafa-cemilev-refat-cubarov-ve-remzi-ilyasovni-kosterdiler\/#breadcrumb","itemListElement":[{"@type":"ListItem","position":1,"name":"\u0413\u043e\u043b\u043e\u0432\u043d\u0430","item":"https:\/\/qtmm.org\/qt\/"},{"@type":"ListItem","position":2,"name":"VI \u00e7a\u011f\u0131r\u0131l\u0131\u015f Qurultay delegatlar\u0131 Meclis reisi vazifesine \u00fc\u00e7 namzet: Mustafa Cemilev, Refat \u00c7ubarov ve Remzi \u0130lyasovn\u0131 k\u00f6sterdiler"}]},{"@type":"WebSite","@id":"https:\/\/qtmm.org\/qt\/#website","url":"https:\/\/qtmm.org\/qt\/","name":"\u041c\u0435\u0434\u0436\u043b\u0456\u0441","description":"","publisher":{"@id":"https:\/\/qtmm.org\/qt\/#organization"},"potentialAction":[{"@type":"SearchAction","target":{"@type":"EntryPoint","urlTemplate":"https:\/\/qtmm.org\/qt\/?s={search_term_string}"},"query-input":{"@type":"PropertyValueSpecification","valueRequired":true,"valueName":"search_term_string"}}],"inLanguage":"qt"},{"@type":"Organization","@id":"https:\/\/qtmm.org\/qt\/#organization","name":"\u041c\u0435\u0434\u0436\u043b\u0456\u0441","url":"https:\/\/qtmm.org\/qt\/","logo":{"@type":"ImageObject","inLanguage":"qt","@id":"https:\/\/qtmm.org\/qt\/#\/schema\/logo\/image\/","url":"https:\/\/qtmm.org\/wp-content\/uploads\/2024\/12\/ua-mejlis-logo-rgb.svg","contentUrl":"https:\/\/qtmm.org\/wp-content\/uploads\/2024\/12\/ua-mejlis-logo-rgb.svg","caption":"\u041c\u0435\u0434\u0436\u043b\u0456\u0441"},"image":{"@id":"https:\/\/qtmm.org\/qt\/#\/schema\/logo\/image\/"},"sameAs":["https:\/\/www.facebook.com\/qtmm.info\/"]},{"@type":"Person","@id":"https:\/\/qtmm.org\/qt\/#\/schema\/person\/de562469f971dec226ac06e60bbf74a7","name":"Developer","image":{"@type":"ImageObject","inLanguage":"qt","@id":"https:\/\/secure.gravatar.com\/avatar\/392b4cc8fbfeb00b39dfeeab4ee6edded39ffd48e25858637e4765810300227e?s=96&d=mm&r=g","url":"https:\/\/secure.gravatar.com\/avatar\/392b4cc8fbfeb00b39dfeeab4ee6edded39ffd48e25858637e4765810300227e?s=96&d=mm&r=g","contentUrl":"https:\/\/secure.gravatar.com\/avatar\/392b4cc8fbfeb00b39dfeeab4ee6edded39ffd48e25858637e4765810300227e?s=96&d=mm&r=g","caption":"Developer"},"url":"https:\/\/qtmm.org\/qt\/author\/Developer\/"}]}},"_links":{"self":[{"href":"https:\/\/qtmm.org\/qt\/wp-json\/wp\/v2\/posts\/39929","targetHints":{"allow":["GET"]}}],"collection":[{"href":"https:\/\/qtmm.org\/qt\/wp-json\/wp\/v2\/posts"}],"about":[{"href":"https:\/\/qtmm.org\/qt\/wp-json\/wp\/v2\/types\/post"}],"author":[{"embeddable":true,"href":"https:\/\/qtmm.org\/qt\/wp-json\/wp\/v2\/users\/1"}],"replies":[{"embeddable":true,"href":"https:\/\/qtmm.org\/qt\/wp-json\/wp\/v2\/comments?post=39929"}],"version-history":[{"count":1,"href":"https:\/\/qtmm.org\/qt\/wp-json\/wp\/v2\/posts\/39929\/revisions"}],"predecessor-version":[{"id":39954,"href":"https:\/\/qtmm.org\/qt\/wp-json\/wp\/v2\/posts\/39929\/revisions\/39954"}],"wp:attachment":[{"href":"https:\/\/qtmm.org\/qt\/wp-json\/wp\/v2\/media?parent=39929"}],"wp:term":[{"taxonomy":"category","embeddable":true,"href":"https:\/\/qtmm.org\/qt\/wp-json\/wp\/v2\/categories?post=39929"},{"taxonomy":"post_tag","embeddable":true,"href":"https:\/\/qtmm.org\/qt\/wp-json\/wp\/v2\/tags?post=39929"}],"curies":[{"name":"wp","href":"https:\/\/api.w.org\/{rel}","templated":true}]}}