




{"id":39907,"date":"2013-10-26T00:21:00","date_gmt":"2013-10-25T21:21:00","guid":{"rendered":"http:\/\/qtmm.org\/?p=39907"},"modified":"2022-01-26T00:23:46","modified_gmt":"2022-01-25T21:23:46","slug":"aqmescitte-qirimoglubir-halqnin-kuresi-filmi-taqdim-etildi","status":"publish","type":"post","link":"https:\/\/qtmm.org\/qt\/aqmescitte-qirimoglubir-halqnin-kuresi-filmi-taqdim-etildi\/","title":{"rendered":"Aqmescitte \u00abQ\u0131r\u0131mo\u011flu\u2026Bir halqn\u0131\u00f1 k\u00fcre\u015fi\u00bb filmi taqdim etildi"},"content":{"rendered":"\n<p>Okt\u00e2br 26 k\u00fcn\u00fc Q\u0131r\u0131mtatar halq\u0131 VI \u00e7a\u011f\u0131r\u0131l\u0131\u015f\u0131 Qurultay\u0131 i\u015fini\u00f1 birinci k\u00fcn\u00fc Q\u0131r\u0131mtatar akademik muz\u0131kal\u0131 drama teatrinde \u00e7oqtan beklenilgen &#8220;Q\u0131r\u0131mo\u011flu\u2026Bir halqn\u0131\u00f1 k\u00fcre\u015fi&#8221; filmi taqdim etildi.<\/p>\n\n\n\n<p>Qurultayn\u0131\u00f1 birinci otur\u0131m\u0131na kelgen filmni\u00f1 yarat\u0131c\u0131lar\u0131 T\u00fcrkiyeni\u00f1 &#8220;TRT&#8221; devlet televizion kanal\u0131nda vesiqal\u0131 filmlerinen belli rejiss\u00f6rlar Ne\u015fe Sar\u0131soy Karatay ve Zafer Karatay qurultay delegatlar\u0131 ve milliy areket veteranlar\u0131 \u00f6g\u00fcnde \u00e7\u0131q\u0131\u015fta bulund\u0131lar.<\/p>\n\n\n\n<figure class=\"wp-block-image size-full\"><img loading=\"lazy\" decoding=\"async\" width=\"800\" height=\"600\" src=\"http:\/\/qtmm.org\/wp-content\/uploads\/2022\/01\/img_1631.jpeg\" alt=\"\" class=\"wp-image-39908\" srcset=\"https:\/\/qtmm.org\/wp-content\/uploads\/2022\/01\/img_1631.jpeg 800w, https:\/\/qtmm.org\/wp-content\/uploads\/2022\/01\/img_1631-300x225.jpeg 300w, https:\/\/qtmm.org\/wp-content\/uploads\/2022\/01\/img_1631-768x576.jpeg 768w\" sizes=\"auto, (max-width: 800px) 100vw, 800px\" \/><\/figure>\n\n\n\n<p>Zafer Karatay \u015fun\u0131 hat\u0131rlatt\u0131 ki, filmni\u00f1 taqdimi bir y\u0131l evelsi planla\u015ft\u0131r\u0131l\u0131p, bir s\u0131ra sebeplerden \u00f6tr\u00fc k\u00f6sterilmedi. Resmiy tan\u0131t\u0131m ise 2013 senesi mart 18-de T\u00fcrkiyeni\u00f1 paytaht\u0131 Anqarada T\u00fcrkiyeni\u00f1 Odalar ve Borsalar Birligini\u00f1 salon\u0131nda ol\u0131p ke\u00e7ti. &#8220;Bug\u00fcn biz niayet i\u015fimizni\u00f1 neticelerini sizi\u00f1 diqqat\u0131\u00f1\u0131z\u011fa avale etkenimizden memn\u00fcnmiz&#8221;, &#8211; dedi Z. Karatay.<\/p>\n\n\n\n<p>Filmni\u00f1 prod\u00fcser ive stsenariy m\u00fcellifi Zafer Karatay iyaye etti ki, q\u0131r\u0131mtatarlar aqq\u0131nda i\u015fbu film T\u00fcrkiyeni\u00f1 devlet televizion kanal\u0131 taraf\u0131ndan \u00e7\u0131qar\u0131l\u0131p, 270 daqqa devam ete.<\/p>\n\n\n\n<figure class=\"wp-block-image size-full\"><img loading=\"lazy\" decoding=\"async\" width=\"800\" height=\"600\" src=\"http:\/\/qtmm.org\/wp-content\/uploads\/2022\/01\/img_1630.jpeg\" alt=\"\" class=\"wp-image-39912\" srcset=\"https:\/\/qtmm.org\/wp-content\/uploads\/2022\/01\/img_1630.jpeg 800w, https:\/\/qtmm.org\/wp-content\/uploads\/2022\/01\/img_1630-300x225.jpeg 300w, https:\/\/qtmm.org\/wp-content\/uploads\/2022\/01\/img_1630-768x576.jpeg 768w\" sizes=\"auto, (max-width: 800px) 100vw, 800px\" \/><\/figure>\n\n\n\n<p>&#8220;Film 9 q\u0131s\u0131mdan ibaret ol\u0131p, er bir par\u00e7as\u0131 30 daqqa kete. Mezk\u00fcr vesiqal\u0131 filmni az\u0131rlamaq, \u00e7ekimler, arhivlerde \u00e7al\u0131\u015fuv ve so\u00f1una yetkizmek i\u00e7\u00fcn eki bu\u00e7uq y\u0131l kerek old\u0131. Filmni\u00f1 \u00e7ekimleri Q\u0131r\u0131m, Ukraina, AQ\u015e, T\u00fcrkiye, Bel\u00e7ika, Rusiye ve \u00d6zbekistanda yap\u0131ld\u0131&#8221;, dep qayd etti Z.Karatay. Millet lideri ve belli siyaset\u00e7i Mustafa Abducemil Q\u0131r\u0131moglun\u0131\u00f1 taqdiri misalinde seyirci q\u0131r\u0131mtatar halq\u0131n\u0131\u00f1 1944 senesi s\u00fcrg\u00fcnliginden so\u00f1ki taqdiri, Vatan\u011fa qaytmaq o\u011frundaki k\u00fcre\u015finen tan\u0131\u015f ola.<\/p>\n\n\n\n<figure class=\"wp-block-image size-full\"><img loading=\"lazy\" decoding=\"async\" width=\"800\" height=\"600\" src=\"http:\/\/qtmm.org\/wp-content\/uploads\/2022\/01\/img_1628.jpeg\" alt=\"\" class=\"wp-image-39916\" srcset=\"https:\/\/qtmm.org\/wp-content\/uploads\/2022\/01\/img_1628.jpeg 800w, https:\/\/qtmm.org\/wp-content\/uploads\/2022\/01\/img_1628-300x225.jpeg 300w, https:\/\/qtmm.org\/wp-content\/uploads\/2022\/01\/img_1628-768x576.jpeg 768w\" sizes=\"auto, (max-width: 800px) 100vw, 800px\" \/><\/figure>\n\n\n\n<p>&#8220;Q\u0131r\u0131mo\u011flu\u2026Bir halqn\u0131\u00f1 k\u00fcre\u015fi&#8221; filmi \u2013 q\u0131r\u0131mtatar halq\u0131n\u0131\u00f1 facias\u0131n\u0131, Vatan i\u00e7\u00fcn k\u00fcre\u015fi, Ukrainada \u015fimdiki vaziyetini a\u00e7\u0131qla\u011fan filmler t\u00fcrk\u00fcmini\u00f1 ba\u015flan\u011f\u0131\u00e7\u0131d\u0131r. Bu film T\u00fcrkiyeni\u00f1 &#8220;TRT&#8221; devlet televizion kanal\u0131nda vesiqal\u0131 filmlerinen belli rejiss\u00f6rlar Ne\u015fe Sar\u0131soy Karatay ve Zafer Karatay \u011fayesini\u00f1 birincisidir. Zafer Karatay film endi T\u00fcrkiye devlet telekanal\u0131nda numay\u0131\u015f etilgenini de qayd etti. Qurultay i\u015ftira\u00e7kilerine filmni\u00f1 1944 senesi may\u0131s 18 facias\u0131 ve on\u0131\u00f1 aqibetlerini tarif etken birinci eki q\u0131sm\u0131 k\u00f6sterildi.<\/p>\n\n\n\n<figure class=\"wp-block-image size-full\"><img loading=\"lazy\" decoding=\"async\" width=\"800\" height=\"600\" src=\"http:\/\/qtmm.org\/wp-content\/uploads\/2022\/01\/img_1636.jpeg\" alt=\"\" class=\"wp-image-39920\" srcset=\"https:\/\/qtmm.org\/wp-content\/uploads\/2022\/01\/img_1636.jpeg 800w, https:\/\/qtmm.org\/wp-content\/uploads\/2022\/01\/img_1636-300x225.jpeg 300w, https:\/\/qtmm.org\/wp-content\/uploads\/2022\/01\/img_1636-768x576.jpeg 768w\" sizes=\"auto, (max-width: 800px) 100vw, 800px\" \/><\/figure>\n\n\n\n<p>\u015eun\u0131 qayd etmeli ki, \u00e7ekimler vaqt\u0131nda d\u00fcnyaca me\u015fur dissidentler Vladimir Bukovskiy, Sergey Kovalev, L\u00fcdmila Alekseyeva, Yevgeniy Sverst\u00fck, Aleksandr Podrabinek, Miroslav Marinovi\u00e7, Yuriy Orlov, Pavel Litvinov, Andrey Grigorenko, Semen Gluzman ve bun\u0131\u00f1 kibi de q\u0131r\u0131mtatar milliy areketi i\u015ftirak\u00e7ilerinen intervy\u00fclar yaz\u0131ld\u0131. Bun\u0131\u00f1 kibi de q\u0131r\u0131mtatarlarn\u0131\u00f1 taqdiri ve bug\u00fcnki vaziyeti aqq\u0131nda \u00f6z fikirlerini Ukraina Prezidenti Viktor Yanukovi\u00e7, Ukrainan\u0131\u00f1 sab\u0131q prezidenti (1991-1994 ss) Leonid Krav\u00e7uk, T\u00fcrkiye Cumhurba\u015fqan\u0131 (1993-2000 ss) Suleyman Demirel, T\u00fcrkiyeni\u00f1 Ba\u015f naziri Recep Tayip Erdogan, T\u00fcrkiye T\u0131\u015f i\u015fleri naziri Ahmet Davutoglu ve bir \u00e7oqlar\u0131 bildireler.<\/p>\n\n\n\n<p>Filmni\u00f1 eki q\u0131sm\u0131 k\u00f6sterilip bitken so\u00f1 on\u0131\u00f1 m\u00fcelliflerine h\u0131tap etken Amerika diasporas\u0131n\u0131\u00f1 vekili Rustem Borluca q\u0131r\u0131mtatar halq\u0131 ve on\u0131\u00f1 lideri Mustafa Cemilev aqq\u0131nda b\u00f6yle m\u00fcndericeli ve tesirli film yapqan\u0131 i\u00e7\u00fcn Ne\u015fe ve Zafer Karatay\u011fa te\u015fekk\u00fcr bildirip, \u00f6z ailesi ad\u0131ndan bah\u015f\u0131\u015f ediye etti.<\/p>\n\n\n\n<figure class=\"wp-block-image size-full\"><img loading=\"lazy\" decoding=\"async\" width=\"800\" height=\"600\" src=\"http:\/\/qtmm.org\/wp-content\/uploads\/2022\/01\/img_1626.jpeg\" alt=\"\" class=\"wp-image-39924\" srcset=\"https:\/\/qtmm.org\/wp-content\/uploads\/2022\/01\/img_1626.jpeg 800w, https:\/\/qtmm.org\/wp-content\/uploads\/2022\/01\/img_1626-300x225.jpeg 300w, https:\/\/qtmm.org\/wp-content\/uploads\/2022\/01\/img_1626-768x576.jpeg 768w\" sizes=\"auto, (max-width: 800px) 100vw, 800px\" \/><\/figure>\n","protected":false},"excerpt":{"rendered":"<p>Okt\u00e2br 26 k\u00fcn\u00fc Q\u0131r\u0131mtatar halq\u0131 VI \u00e7a\u011f\u0131r\u0131l\u0131\u015f\u0131 Qurultay\u0131 i\u015fini\u00f1 birinci k\u00fcn\u00fc Q\u0131r\u0131mtatar akademik muz\u0131kal\u0131 drama teatrinde \u00e7oqtan beklenilgen &#8220;Q\u0131r\u0131mo\u011flu\u2026Bir halqn\u0131\u00f1 k\u00fcre\u015fi&#8221; filmi taqdim etildi. Qurultayn\u0131\u00f1 birinci otur\u0131m\u0131na kelgen filmni\u00f1 yarat\u0131c\u0131lar\u0131 T\u00fcrkiyeni\u00f1 &#8220;TRT&#8221; devlet televizion kanal\u0131nda vesiqal\u0131 filmlerinen belli rejiss\u00f6rlar Ne\u015fe Sar\u0131soy Karatay ve Zafer Karatay qurultay delegatlar\u0131 ve milliy areket veteranlar\u0131 \u00f6g\u00fcnde \u00e7\u0131q\u0131\u015fta bulund\u0131lar. Zafer [&hellip;]<\/p>\n","protected":false},"author":1,"featured_media":0,"comment_status":"open","ping_status":"open","sticky":false,"template":"","format":"standard","meta":{"inline_featured_image":false,"footnotes":""},"categories":[265],"tags":[],"class_list":["post-39907","post","type-post","status-publish","format-standard","hentry","category-haberler"],"acf":[],"yoast_head":"<!-- This site is optimized with the Yoast SEO plugin v27.4 - https:\/\/yoast.com\/product\/yoast-seo-wordpress\/ -->\n<title>Aqmescitte \u00abQ\u0131r\u0131mo\u011flu\u2026Bir halqn\u0131\u00f1 k\u00fcre\u015fi\u00bb filmi taqdim etildi - \u041c\u0435\u0434\u0436\u043b\u0456\u0441<\/title>\n<meta name=\"robots\" content=\"index, follow, max-snippet:-1, max-image-preview:large, max-video-preview:-1\" \/>\n<link rel=\"canonical\" href=\"https:\/\/qtmm.org\/qt\/aqmescitte-qirimoglubir-halqnin-kuresi-filmi-taqdim-etildi\/\" \/>\n<meta property=\"og:locale\" content=\"en_US\" \/>\n<meta property=\"og:type\" content=\"article\" \/>\n<meta property=\"og:title\" content=\"Aqmescitte \u00abQ\u0131r\u0131mo\u011flu\u2026Bir halqn\u0131\u00f1 k\u00fcre\u015fi\u00bb filmi taqdim etildi - \u041c\u0435\u0434\u0436\u043b\u0456\u0441\" \/>\n<meta property=\"og:description\" content=\"Okt\u00e2br 26 k\u00fcn\u00fc Q\u0131r\u0131mtatar halq\u0131 VI \u00e7a\u011f\u0131r\u0131l\u0131\u015f\u0131 Qurultay\u0131 i\u015fini\u00f1 birinci k\u00fcn\u00fc Q\u0131r\u0131mtatar akademik muz\u0131kal\u0131 drama teatrinde \u00e7oqtan beklenilgen &#8220;Q\u0131r\u0131mo\u011flu\u2026Bir halqn\u0131\u00f1 k\u00fcre\u015fi&#8221; filmi taqdim etildi. Qurultayn\u0131\u00f1 birinci otur\u0131m\u0131na kelgen filmni\u00f1 yarat\u0131c\u0131lar\u0131 T\u00fcrkiyeni\u00f1 &#8220;TRT&#8221; devlet televizion kanal\u0131nda vesiqal\u0131 filmlerinen belli rejiss\u00f6rlar Ne\u015fe Sar\u0131soy Karatay ve Zafer Karatay qurultay delegatlar\u0131 ve milliy areket veteranlar\u0131 \u00f6g\u00fcnde \u00e7\u0131q\u0131\u015fta bulund\u0131lar. Zafer [&hellip;]\" \/>\n<meta property=\"og:url\" content=\"https:\/\/qtmm.org\/qt\/aqmescitte-qirimoglubir-halqnin-kuresi-filmi-taqdim-etildi\/\" \/>\n<meta property=\"og:site_name\" content=\"\u041c\u0435\u0434\u0436\u043b\u0456\u0441\" \/>\n<meta property=\"article:publisher\" content=\"https:\/\/www.facebook.com\/qtmm.info\/\" \/>\n<meta property=\"article:published_time\" content=\"2013-10-25T21:21:00+00:00\" \/>\n<meta property=\"article:modified_time\" content=\"2022-01-25T21:23:46+00:00\" \/>\n<meta property=\"og:image\" content=\"https:\/\/qtmm.org\/wp-content\/uploads\/2022\/01\/img_1631.jpeg\" \/>\n\t<meta property=\"og:image:width\" content=\"800\" \/>\n\t<meta property=\"og:image:height\" content=\"600\" \/>\n\t<meta property=\"og:image:type\" content=\"image\/jpeg\" \/>\n<meta name=\"author\" content=\"Developer\" \/>\n<meta name=\"twitter:card\" content=\"summary_large_image\" \/>\n<meta name=\"twitter:label1\" content=\"Written by\" \/>\n\t<meta name=\"twitter:data1\" content=\"Developer\" \/>\n\t<meta name=\"twitter:label2\" content=\"Est. reading time\" \/>\n\t<meta name=\"twitter:data2\" content=\"3 minutes\" \/>\n<script type=\"application\/ld+json\" class=\"yoast-schema-graph\">{\"@context\":\"https:\\\/\\\/schema.org\",\"@graph\":[{\"@type\":\"Article\",\"@id\":\"https:\\\/\\\/qtmm.org\\\/qt\\\/aqmescitte-qirimoglubir-halqnin-kuresi-filmi-taqdim-etildi\\\/#article\",\"isPartOf\":{\"@id\":\"https:\\\/\\\/qtmm.org\\\/qt\\\/aqmescitte-qirimoglubir-halqnin-kuresi-filmi-taqdim-etildi\\\/\"},\"author\":{\"name\":\"Developer\",\"@id\":\"https:\\\/\\\/qtmm.org\\\/qt\\\/#\\\/schema\\\/person\\\/de562469f971dec226ac06e60bbf74a7\"},\"headline\":\"Aqmescitte \u00abQ\u0131r\u0131mo\u011flu\u2026Bir halqn\u0131\u00f1 k\u00fcre\u015fi\u00bb filmi taqdim etildi\",\"datePublished\":\"2013-10-25T21:21:00+00:00\",\"dateModified\":\"2022-01-25T21:23:46+00:00\",\"mainEntityOfPage\":{\"@id\":\"https:\\\/\\\/qtmm.org\\\/qt\\\/aqmescitte-qirimoglubir-halqnin-kuresi-filmi-taqdim-etildi\\\/\"},\"wordCount\":546,\"commentCount\":0,\"publisher\":{\"@id\":\"https:\\\/\\\/qtmm.org\\\/qt\\\/#organization\"},\"image\":{\"@id\":\"https:\\\/\\\/qtmm.org\\\/qt\\\/aqmescitte-qirimoglubir-halqnin-kuresi-filmi-taqdim-etildi\\\/#primaryimage\"},\"thumbnailUrl\":\"http:\\\/\\\/qtmm.org\\\/wp-content\\\/uploads\\\/2022\\\/01\\\/img_1631.jpeg\",\"articleSection\":[\"Haberler\"],\"inLanguage\":\"qt\",\"potentialAction\":[{\"@type\":\"CommentAction\",\"name\":\"Comment\",\"target\":[\"https:\\\/\\\/qtmm.org\\\/qt\\\/aqmescitte-qirimoglubir-halqnin-kuresi-filmi-taqdim-etildi\\\/#respond\"]}]},{\"@type\":\"WebPage\",\"@id\":\"https:\\\/\\\/qtmm.org\\\/qt\\\/aqmescitte-qirimoglubir-halqnin-kuresi-filmi-taqdim-etildi\\\/\",\"url\":\"https:\\\/\\\/qtmm.org\\\/qt\\\/aqmescitte-qirimoglubir-halqnin-kuresi-filmi-taqdim-etildi\\\/\",\"name\":\"Aqmescitte \u00abQ\u0131r\u0131mo\u011flu\u2026Bir halqn\u0131\u00f1 k\u00fcre\u015fi\u00bb filmi taqdim etildi - \u041c\u0435\u0434\u0436\u043b\u0456\u0441\",\"isPartOf\":{\"@id\":\"https:\\\/\\\/qtmm.org\\\/qt\\\/#website\"},\"primaryImageOfPage\":{\"@id\":\"https:\\\/\\\/qtmm.org\\\/qt\\\/aqmescitte-qirimoglubir-halqnin-kuresi-filmi-taqdim-etildi\\\/#primaryimage\"},\"image\":{\"@id\":\"https:\\\/\\\/qtmm.org\\\/qt\\\/aqmescitte-qirimoglubir-halqnin-kuresi-filmi-taqdim-etildi\\\/#primaryimage\"},\"thumbnailUrl\":\"http:\\\/\\\/qtmm.org\\\/wp-content\\\/uploads\\\/2022\\\/01\\\/img_1631.jpeg\",\"datePublished\":\"2013-10-25T21:21:00+00:00\",\"dateModified\":\"2022-01-25T21:23:46+00:00\",\"breadcrumb\":{\"@id\":\"https:\\\/\\\/qtmm.org\\\/qt\\\/aqmescitte-qirimoglubir-halqnin-kuresi-filmi-taqdim-etildi\\\/#breadcrumb\"},\"inLanguage\":\"qt\",\"potentialAction\":[{\"@type\":\"ReadAction\",\"target\":[\"https:\\\/\\\/qtmm.org\\\/qt\\\/aqmescitte-qirimoglubir-halqnin-kuresi-filmi-taqdim-etildi\\\/\"]}]},{\"@type\":\"ImageObject\",\"inLanguage\":\"qt\",\"@id\":\"https:\\\/\\\/qtmm.org\\\/qt\\\/aqmescitte-qirimoglubir-halqnin-kuresi-filmi-taqdim-etildi\\\/#primaryimage\",\"url\":\"http:\\\/\\\/qtmm.org\\\/wp-content\\\/uploads\\\/2022\\\/01\\\/img_1631.jpeg\",\"contentUrl\":\"http:\\\/\\\/qtmm.org\\\/wp-content\\\/uploads\\\/2022\\\/01\\\/img_1631.jpeg\"},{\"@type\":\"BreadcrumbList\",\"@id\":\"https:\\\/\\\/qtmm.org\\\/qt\\\/aqmescitte-qirimoglubir-halqnin-kuresi-filmi-taqdim-etildi\\\/#breadcrumb\",\"itemListElement\":[{\"@type\":\"ListItem\",\"position\":1,\"name\":\"\u0413\u043e\u043b\u043e\u0432\u043d\u0430\",\"item\":\"https:\\\/\\\/qtmm.org\\\/qt\\\/\"},{\"@type\":\"ListItem\",\"position\":2,\"name\":\"Aqmescitte \u00abQ\u0131r\u0131mo\u011flu\u2026Bir halqn\u0131\u00f1 k\u00fcre\u015fi\u00bb filmi taqdim etildi\"}]},{\"@type\":\"WebSite\",\"@id\":\"https:\\\/\\\/qtmm.org\\\/qt\\\/#website\",\"url\":\"https:\\\/\\\/qtmm.org\\\/qt\\\/\",\"name\":\"\u041c\u0435\u0434\u0436\u043b\u0456\u0441\",\"description\":\"\",\"publisher\":{\"@id\":\"https:\\\/\\\/qtmm.org\\\/qt\\\/#organization\"},\"potentialAction\":[{\"@type\":\"SearchAction\",\"target\":{\"@type\":\"EntryPoint\",\"urlTemplate\":\"https:\\\/\\\/qtmm.org\\\/qt\\\/?s={search_term_string}\"},\"query-input\":{\"@type\":\"PropertyValueSpecification\",\"valueRequired\":true,\"valueName\":\"search_term_string\"}}],\"inLanguage\":\"qt\"},{\"@type\":\"Organization\",\"@id\":\"https:\\\/\\\/qtmm.org\\\/qt\\\/#organization\",\"name\":\"\u041c\u0435\u0434\u0436\u043b\u0456\u0441\",\"url\":\"https:\\\/\\\/qtmm.org\\\/qt\\\/\",\"logo\":{\"@type\":\"ImageObject\",\"inLanguage\":\"qt\",\"@id\":\"https:\\\/\\\/qtmm.org\\\/qt\\\/#\\\/schema\\\/logo\\\/image\\\/\",\"url\":\"https:\\\/\\\/qtmm.org\\\/wp-content\\\/uploads\\\/2024\\\/12\\\/ua-mejlis-logo-rgb.svg\",\"contentUrl\":\"https:\\\/\\\/qtmm.org\\\/wp-content\\\/uploads\\\/2024\\\/12\\\/ua-mejlis-logo-rgb.svg\",\"caption\":\"\u041c\u0435\u0434\u0436\u043b\u0456\u0441\"},\"image\":{\"@id\":\"https:\\\/\\\/qtmm.org\\\/qt\\\/#\\\/schema\\\/logo\\\/image\\\/\"},\"sameAs\":[\"https:\\\/\\\/www.facebook.com\\\/qtmm.info\\\/\"]},{\"@type\":\"Person\",\"@id\":\"https:\\\/\\\/qtmm.org\\\/qt\\\/#\\\/schema\\\/person\\\/de562469f971dec226ac06e60bbf74a7\",\"name\":\"Developer\",\"image\":{\"@type\":\"ImageObject\",\"inLanguage\":\"qt\",\"@id\":\"https:\\\/\\\/secure.gravatar.com\\\/avatar\\\/392b4cc8fbfeb00b39dfeeab4ee6edded39ffd48e25858637e4765810300227e?s=96&d=mm&r=g\",\"url\":\"https:\\\/\\\/secure.gravatar.com\\\/avatar\\\/392b4cc8fbfeb00b39dfeeab4ee6edded39ffd48e25858637e4765810300227e?s=96&d=mm&r=g\",\"contentUrl\":\"https:\\\/\\\/secure.gravatar.com\\\/avatar\\\/392b4cc8fbfeb00b39dfeeab4ee6edded39ffd48e25858637e4765810300227e?s=96&d=mm&r=g\",\"caption\":\"Developer\"},\"url\":\"https:\\\/\\\/qtmm.org\\\/qt\\\/author\\\/Developer\\\/\"}]}<\/script>\n<!-- \/ Yoast SEO plugin. -->","yoast_head_json":{"title":"Aqmescitte \u00abQ\u0131r\u0131mo\u011flu\u2026Bir halqn\u0131\u00f1 k\u00fcre\u015fi\u00bb filmi taqdim etildi - \u041c\u0435\u0434\u0436\u043b\u0456\u0441","robots":{"index":"index","follow":"follow","max-snippet":"max-snippet:-1","max-image-preview":"max-image-preview:large","max-video-preview":"max-video-preview:-1"},"canonical":"https:\/\/qtmm.org\/qt\/aqmescitte-qirimoglubir-halqnin-kuresi-filmi-taqdim-etildi\/","og_locale":"en_US","og_type":"article","og_title":"Aqmescitte \u00abQ\u0131r\u0131mo\u011flu\u2026Bir halqn\u0131\u00f1 k\u00fcre\u015fi\u00bb filmi taqdim etildi - \u041c\u0435\u0434\u0436\u043b\u0456\u0441","og_description":"Okt\u00e2br 26 k\u00fcn\u00fc Q\u0131r\u0131mtatar halq\u0131 VI \u00e7a\u011f\u0131r\u0131l\u0131\u015f\u0131 Qurultay\u0131 i\u015fini\u00f1 birinci k\u00fcn\u00fc Q\u0131r\u0131mtatar akademik muz\u0131kal\u0131 drama teatrinde \u00e7oqtan beklenilgen &#8220;Q\u0131r\u0131mo\u011flu\u2026Bir halqn\u0131\u00f1 k\u00fcre\u015fi&#8221; filmi taqdim etildi. Qurultayn\u0131\u00f1 birinci otur\u0131m\u0131na kelgen filmni\u00f1 yarat\u0131c\u0131lar\u0131 T\u00fcrkiyeni\u00f1 &#8220;TRT&#8221; devlet televizion kanal\u0131nda vesiqal\u0131 filmlerinen belli rejiss\u00f6rlar Ne\u015fe Sar\u0131soy Karatay ve Zafer Karatay qurultay delegatlar\u0131 ve milliy areket veteranlar\u0131 \u00f6g\u00fcnde \u00e7\u0131q\u0131\u015fta bulund\u0131lar. Zafer [&hellip;]","og_url":"https:\/\/qtmm.org\/qt\/aqmescitte-qirimoglubir-halqnin-kuresi-filmi-taqdim-etildi\/","og_site_name":"\u041c\u0435\u0434\u0436\u043b\u0456\u0441","article_publisher":"https:\/\/www.facebook.com\/qtmm.info\/","article_published_time":"2013-10-25T21:21:00+00:00","article_modified_time":"2022-01-25T21:23:46+00:00","og_image":[{"width":800,"height":600,"url":"https:\/\/qtmm.org\/wp-content\/uploads\/2022\/01\/img_1631.jpeg","type":"image\/jpeg"}],"author":"Developer","twitter_card":"summary_large_image","twitter_misc":{"Written by":"Developer","Est. reading time":"3 minutes"},"schema":{"@context":"https:\/\/schema.org","@graph":[{"@type":"Article","@id":"https:\/\/qtmm.org\/qt\/aqmescitte-qirimoglubir-halqnin-kuresi-filmi-taqdim-etildi\/#article","isPartOf":{"@id":"https:\/\/qtmm.org\/qt\/aqmescitte-qirimoglubir-halqnin-kuresi-filmi-taqdim-etildi\/"},"author":{"name":"Developer","@id":"https:\/\/qtmm.org\/qt\/#\/schema\/person\/de562469f971dec226ac06e60bbf74a7"},"headline":"Aqmescitte \u00abQ\u0131r\u0131mo\u011flu\u2026Bir halqn\u0131\u00f1 k\u00fcre\u015fi\u00bb filmi taqdim etildi","datePublished":"2013-10-25T21:21:00+00:00","dateModified":"2022-01-25T21:23:46+00:00","mainEntityOfPage":{"@id":"https:\/\/qtmm.org\/qt\/aqmescitte-qirimoglubir-halqnin-kuresi-filmi-taqdim-etildi\/"},"wordCount":546,"commentCount":0,"publisher":{"@id":"https:\/\/qtmm.org\/qt\/#organization"},"image":{"@id":"https:\/\/qtmm.org\/qt\/aqmescitte-qirimoglubir-halqnin-kuresi-filmi-taqdim-etildi\/#primaryimage"},"thumbnailUrl":"http:\/\/qtmm.org\/wp-content\/uploads\/2022\/01\/img_1631.jpeg","articleSection":["Haberler"],"inLanguage":"qt","potentialAction":[{"@type":"CommentAction","name":"Comment","target":["https:\/\/qtmm.org\/qt\/aqmescitte-qirimoglubir-halqnin-kuresi-filmi-taqdim-etildi\/#respond"]}]},{"@type":"WebPage","@id":"https:\/\/qtmm.org\/qt\/aqmescitte-qirimoglubir-halqnin-kuresi-filmi-taqdim-etildi\/","url":"https:\/\/qtmm.org\/qt\/aqmescitte-qirimoglubir-halqnin-kuresi-filmi-taqdim-etildi\/","name":"Aqmescitte \u00abQ\u0131r\u0131mo\u011flu\u2026Bir halqn\u0131\u00f1 k\u00fcre\u015fi\u00bb filmi taqdim etildi - \u041c\u0435\u0434\u0436\u043b\u0456\u0441","isPartOf":{"@id":"https:\/\/qtmm.org\/qt\/#website"},"primaryImageOfPage":{"@id":"https:\/\/qtmm.org\/qt\/aqmescitte-qirimoglubir-halqnin-kuresi-filmi-taqdim-etildi\/#primaryimage"},"image":{"@id":"https:\/\/qtmm.org\/qt\/aqmescitte-qirimoglubir-halqnin-kuresi-filmi-taqdim-etildi\/#primaryimage"},"thumbnailUrl":"http:\/\/qtmm.org\/wp-content\/uploads\/2022\/01\/img_1631.jpeg","datePublished":"2013-10-25T21:21:00+00:00","dateModified":"2022-01-25T21:23:46+00:00","breadcrumb":{"@id":"https:\/\/qtmm.org\/qt\/aqmescitte-qirimoglubir-halqnin-kuresi-filmi-taqdim-etildi\/#breadcrumb"},"inLanguage":"qt","potentialAction":[{"@type":"ReadAction","target":["https:\/\/qtmm.org\/qt\/aqmescitte-qirimoglubir-halqnin-kuresi-filmi-taqdim-etildi\/"]}]},{"@type":"ImageObject","inLanguage":"qt","@id":"https:\/\/qtmm.org\/qt\/aqmescitte-qirimoglubir-halqnin-kuresi-filmi-taqdim-etildi\/#primaryimage","url":"http:\/\/qtmm.org\/wp-content\/uploads\/2022\/01\/img_1631.jpeg","contentUrl":"http:\/\/qtmm.org\/wp-content\/uploads\/2022\/01\/img_1631.jpeg"},{"@type":"BreadcrumbList","@id":"https:\/\/qtmm.org\/qt\/aqmescitte-qirimoglubir-halqnin-kuresi-filmi-taqdim-etildi\/#breadcrumb","itemListElement":[{"@type":"ListItem","position":1,"name":"\u0413\u043e\u043b\u043e\u0432\u043d\u0430","item":"https:\/\/qtmm.org\/qt\/"},{"@type":"ListItem","position":2,"name":"Aqmescitte \u00abQ\u0131r\u0131mo\u011flu\u2026Bir halqn\u0131\u00f1 k\u00fcre\u015fi\u00bb filmi taqdim etildi"}]},{"@type":"WebSite","@id":"https:\/\/qtmm.org\/qt\/#website","url":"https:\/\/qtmm.org\/qt\/","name":"\u041c\u0435\u0434\u0436\u043b\u0456\u0441","description":"","publisher":{"@id":"https:\/\/qtmm.org\/qt\/#organization"},"potentialAction":[{"@type":"SearchAction","target":{"@type":"EntryPoint","urlTemplate":"https:\/\/qtmm.org\/qt\/?s={search_term_string}"},"query-input":{"@type":"PropertyValueSpecification","valueRequired":true,"valueName":"search_term_string"}}],"inLanguage":"qt"},{"@type":"Organization","@id":"https:\/\/qtmm.org\/qt\/#organization","name":"\u041c\u0435\u0434\u0436\u043b\u0456\u0441","url":"https:\/\/qtmm.org\/qt\/","logo":{"@type":"ImageObject","inLanguage":"qt","@id":"https:\/\/qtmm.org\/qt\/#\/schema\/logo\/image\/","url":"https:\/\/qtmm.org\/wp-content\/uploads\/2024\/12\/ua-mejlis-logo-rgb.svg","contentUrl":"https:\/\/qtmm.org\/wp-content\/uploads\/2024\/12\/ua-mejlis-logo-rgb.svg","caption":"\u041c\u0435\u0434\u0436\u043b\u0456\u0441"},"image":{"@id":"https:\/\/qtmm.org\/qt\/#\/schema\/logo\/image\/"},"sameAs":["https:\/\/www.facebook.com\/qtmm.info\/"]},{"@type":"Person","@id":"https:\/\/qtmm.org\/qt\/#\/schema\/person\/de562469f971dec226ac06e60bbf74a7","name":"Developer","image":{"@type":"ImageObject","inLanguage":"qt","@id":"https:\/\/secure.gravatar.com\/avatar\/392b4cc8fbfeb00b39dfeeab4ee6edded39ffd48e25858637e4765810300227e?s=96&d=mm&r=g","url":"https:\/\/secure.gravatar.com\/avatar\/392b4cc8fbfeb00b39dfeeab4ee6edded39ffd48e25858637e4765810300227e?s=96&d=mm&r=g","contentUrl":"https:\/\/secure.gravatar.com\/avatar\/392b4cc8fbfeb00b39dfeeab4ee6edded39ffd48e25858637e4765810300227e?s=96&d=mm&r=g","caption":"Developer"},"url":"https:\/\/qtmm.org\/qt\/author\/Developer\/"}]}},"_links":{"self":[{"href":"https:\/\/qtmm.org\/qt\/wp-json\/wp\/v2\/posts\/39907","targetHints":{"allow":["GET"]}}],"collection":[{"href":"https:\/\/qtmm.org\/qt\/wp-json\/wp\/v2\/posts"}],"about":[{"href":"https:\/\/qtmm.org\/qt\/wp-json\/wp\/v2\/types\/post"}],"author":[{"embeddable":true,"href":"https:\/\/qtmm.org\/qt\/wp-json\/wp\/v2\/users\/1"}],"replies":[{"embeddable":true,"href":"https:\/\/qtmm.org\/qt\/wp-json\/wp\/v2\/comments?post=39907"}],"version-history":[{"count":1,"href":"https:\/\/qtmm.org\/qt\/wp-json\/wp\/v2\/posts\/39907\/revisions"}],"predecessor-version":[{"id":39928,"href":"https:\/\/qtmm.org\/qt\/wp-json\/wp\/v2\/posts\/39907\/revisions\/39928"}],"wp:attachment":[{"href":"https:\/\/qtmm.org\/qt\/wp-json\/wp\/v2\/media?parent=39907"}],"wp:term":[{"taxonomy":"category","embeddable":true,"href":"https:\/\/qtmm.org\/qt\/wp-json\/wp\/v2\/categories?post=39907"},{"taxonomy":"post_tag","embeddable":true,"href":"https:\/\/qtmm.org\/qt\/wp-json\/wp\/v2\/tags?post=39907"}],"curies":[{"name":"wp","href":"https:\/\/api.w.org\/{rel}","templated":true}]}}