




{"id":39905,"date":"2013-10-26T00:20:00","date_gmt":"2013-10-25T21:20:00","guid":{"rendered":"http:\/\/qtmm.org\/?p=39905"},"modified":"2022-01-26T00:21:35","modified_gmt":"2022-01-25T21:21:35","slug":"qirim-tatar-milli-meclisi-reisi-m-cemiloglunun-6-qurultayin-1-oturumumda-konusmasi","status":"publish","type":"post","link":"https:\/\/qtmm.org\/qt\/qirim-tatar-milli-meclisi-reisi-m-cemiloglunun-6-qurultayin-1-oturumumda-konusmasi\/","title":{"rendered":"Q\u0131r\u0131m Tatar Milli Meclisi Reisi M. Cemilo\u011flu\u2019nun 6 Qurultay\u0131n 1 Oturumumda konu\u015fmas\u0131"},"content":{"rendered":"\n<p class=\"has-text-align-center\"><strong>Q\u0131r\u0131m Tatar Milli Meclisi Reisi M. Cemilo\u011flu\u2019nun 6. Qurultay\u0131n 1.Oturumumda konu\u015fmas\u0131<\/strong><\/p>\n\n\n\n<p class=\"has-text-align-center\"><em>(26 Ekim, 2013., Aqmescit)<\/em><\/p>\n\n\n\n<p class=\"has-text-align-center\"><strong>Say\u011f\u0131l\u0131 6 Qurultay vekilleri, say\u011f\u0131l\u0131 misafirlerimiz.<\/strong><\/p>\n\n\n\n<p>\u0130lk \u00f6nce t\u00fcm Qurultay vekillerini bu milletimizin en y\u00fcksek qurulu\u015funa se\u00e7ildiklerinden dolay\u0131 samimiyetle tebrik etmek isteyim. \u00dcmit ederim ki, t\u00fcm vekillerimiz se\u00e7ildikleri 5 y\u0131ll\u0131q m\u00fcddet i\u00e7erisinde bu milletni en iyi ve onurlu \u015fekilde temsil etmek i\u00e7in hep ellerinden kelgenini yapacaqlard\u0131r. Milli birli\u011fimiz ne derecede olaca\u011f\u0131, milli meselemizin \u00e7\u00f6z\u00fcm\u00fcmde \u00f6n\u00fcm\u00fczdeki 5 y\u0131l devam\u0131nda ne derecede \u00f6nemli ad\u0131m at\u0131laca\u011f\u0131, halq\u0131m\u0131z\u0131n milli ve insan haqlar\u0131na say\u011f\u0131 \u00f6n\u00fcm\u00fczdeki 5 y\u0131l i\u00e7erisinde ne \u00f6l\u00e7\u00fcde artabilece\u011fi b\u00fcy\u00fck derecede Qurultay vekillerinin ve Qurultay taraf\u0131ndan se\u00e7ilecek Milli Meclisimizin, yerli ve b\u00f6lge meclislerimizin davran\u0131\u015flar\u0131na va hareketlerine ba\u011fl\u0131 olacaqt\u0131r.<\/p>\n\n\n\n<p>Milli y\u00f6netim sistemimizni yeniden qurmaya ba\u015flad\u0131\u011f\u0131m\u0131zdan art\u0131q 22 y\u0131ldan fazla bir vaqit ke\u00e7ti. O hareketin ba\u015f\u0131nda tur\u011fan insanlar\u0131n ve birinci Milli Meclisimizin azalar\u0131n bir q\u0131sm\u0131 art\u0131q rahmetli oldu, di\u011ferleri ya\u015fl\u0131 ve ihtiyar insanlar oldular. O zaman\u0131n ufaq \u00e7ocuklar\u0131 art\u0131q mesuliyetli qararlar alma\u011fa \u00e7areleri ol\u011fan insanlar oldular. \u015eimdi Q\u0131r\u0131m yar\u0131madas\u0131nda mevcut ol\u011fan 322 yerli ve b\u00f6lge meclislerimizge saylan\u011fan 2129 azalar\u0131ndan b\u00fcy\u00fck \u00e7o\u011funlu\u011fu, \u015fimdi bu Qurultay\u0131m\u0131z\u011fa saylan\u011fan 248 vekillerinden b\u00fcy\u00fck \u00e7o\u011funlu\u011fu 22 y\u0131l \u00f6nce ufaq \u00e7ocuqlard\u0131. \u00dcmit ederiz ki, yeni nesilimiz de babalar\u0131n\u0131n, dedelerinin inan\u00e7lar\u0131 ve ideallerine sad\u0131q olurlar.<\/p>\n\n\n\n<p>E\u011fer vatan\u0131m\u0131za aq\u0131n-aq\u0131n qaytma\u011fa ba\u015flad\u0131\u011f\u0131m\u0131z birinci y\u0131llar\u0131n ve \u015fimdiki halq\u0131m\u0131z\u0131n durumunu q\u0131yas etecek olsaq, elbette, \u00f6nemli farq k\u00f6rmek m\u00fcmk\u00fcn. Halq\u0131m\u0131z\u0131n b\u00fcy\u00fck q\u0131sm\u0131 art\u0131q vatanlar\u0131na qayt\u0131p keldi. \u00c7ad\u0131r kamplar, sadece \u2018propiska\u2019 olmaq i\u00e7in ard\u0131-s\u0131ray\u00fcr\u00fcy\u00fc\u015fler, numay\u0131\u015fler, piketler ve a\u00e7l\u0131q grevleri art\u0131k ke\u00e7mi\u015fte qald\u0131. Birka\u00e7 tane ana tilimizde mektepler a\u00e7\u0131ld\u0131. Varl\u0131kl\u0131 ve hay\u0131rsever soyda\u015flar\u0131m\u0131z\u0131n, m\u00fcsl\u00fcman \u00fclkelerin yard\u0131m\u0131nen birka\u00e7 camiler quruldu, birka\u00e7 gazet ve dergilerimiz, televizyon qanal\u0131m\u0131z, haber ajans\u0131m\u0131z var, haftada birqa\u00e7 saat devlet televizyon qanal\u0131nda ana tilimizde yay\u0131nlar izlemek m\u00fcmk\u00fcn, bir\u00e7ok \u00e7al\u011f\u0131 taq\u0131mlar\u0131m\u0131z, milli teatromuz var ve saire. Birqa\u00e7 Q\u0131r\u0131m Tatar\u0131 otonom cumhuriyetinin y\u00f6netim sisteminde, polisinde, savc\u0131l\u0131\u011f\u0131nda \u00e7al\u0131\u015fmaqtad\u0131r. Halq\u0131m\u0131z\u0131n aras\u0131nda becerikli ve varl\u0131ql\u0131 i\u015fadamlar\u0131m\u0131z da \u00e7\u0131qma\u011fa ba\u015flad\u0131. Olar\u0131n aras\u0131nda kendi ailelerin ve yaq\u0131nlar\u0131n maddi meselelerini \u00e7\u00f6zmekle beraber yerli meclislere ve zor durumda qal\u011fan soyda\u015flar\u0131m\u0131z\u011fa destek ve yard\u0131m ellerini uzatqan insanlar\u0131m\u0131z da az de\u011fil. Ve en \u00f6nemlisi, hep bu y\u0131llar devam\u0131nda halq\u0131m\u0131z\u011fa qar\u015f\u0131 burada y\u00fcr\u00fct\u00fclgen ayr\u0131nt\u0131c\u0131l\u0131q ve diskriminasyon siyasetke ra\u011fmen, \u00e7e\u015fit \u015fovenist gruplar\u0131n ve devlet adamlar\u0131n, baz\u0131 memleketlerin istihbaratlar\u0131n halq\u0131m\u0131z\u011fa qar\u015f\u0131 provokasyon davran\u0131\u015flar\u0131na ra\u011fmen, Rus dilinde yay\u0131nlan\u011fan halq\u0131m\u0131z\u011fa qar\u015f\u0131 yo\u011fun propagandaya ra\u011fmen, bizim camilerimizge, mezarl\u0131qlar\u0131m\u0131z\u011fa ve k\u00fclt\u00fcr varl\u0131qlar\u0131m\u0131z\u011fa \u011far\u015f\u0131 ard\u0131-s\u0131ra yap\u0131l\u011fan vandalizm hareketlerine ra\u011fmen biz bu topraqta b\u00fcy\u00fck milletleraras\u0131 \u00e7at\u0131\u015fmalar\u011fa ve burada qan d\u00f6k\u00fclmesine yol vermedik.<\/p>\n\n\n\n<p>Eminim ki, d\u00fcnya tarihinde t\u00fcm bir milletin, y\u00fczbinlerce insan\u0131n bir yerden ba\u015fqa bir yerge, hem de bu topluma qar\u015f\u0131 d\u00fc\u015fmanca baqqan bir yerge g\u00f6\u00e7 etmesi \u00e7at\u0131\u015fmas\u0131z, qav\u011fas\u0131z ve qans\u0131z olmam\u0131\u015ft\u0131r. Biz bunu ba\u015fard\u0131q! \u00c7\u00fcnki bizim \u0130kinci D\u00fcnya Sava\u015f\u0131ndan sonra meydana kelgen Milli hareketimiz, daima b\u00fcy\u00fck ecdad\u0131m\u0131z \u0130smail Bey Gasp\u0131ral\u0131n\u0131n humanistik, demokratik ve zor qullanmamaq prensiplerine sad\u0131q oldu.<\/p>\n\n\n\n<p>Halq\u0131m\u0131z\u0131n hep sorunlar\u0131n\u0131 \u00e7\u00f6z\u00fcm\u00fc, onun temel haqlar\u0131 tamam\u0131 ile iade etilmesi yolunda Milli hareketimiz ve elbette birinci s\u0131rada milli y\u00f6netim sistemimizin rol\u00fc ileride de \u011fayet b\u00fcy\u00fck olacaqt\u0131r.<\/p>\n\n\n\n<p>Q\u0131r\u0131m\u2019\u0131n d\u0131\u015far\u0131s\u0131nda \u011furbet topraqlar\u0131nda, s\u00fcrg\u00fcnden qayt\u0131p olama\u011fan a\u011f\u0131rl\u0131ql\u0131 Orta Asya cumhuriyetlerinde tahminlerimizge k\u00f6re daha 100 bine yaq\u0131n soyda\u015flar\u0131m\u0131z var. E\u011fer de olar\u011fa yard\u0131m verilmezse, olar i\u00e7in burada ba\u015flar\u0131n\u0131 soqacak evleri ve i\u015f yerleri temin etip olamazsaq, olar\u0131n b\u00fcy\u00fck \u00e7o\u011funlu\u011fu yaq\u0131n y\u0131llar i\u00e7erisinde vatanlaran\u0131a qayt\u0131p \u00f6z milletinen qo\u015fulup olam\u0131yacaqlar.<\/p>\n\n\n\n<p>Q\u0131r\u0131m\u2019da bizim toplu ya\u015fa\u011fan 300 ge yaq\u0131n k\u00f6y-qasabalar\u0131n b\u00fcy\u00fck \u00e7o\u011funlu\u011fu ac\u0131n\u0131ql\u0131 vaziyette. Bir\u00e7oq k\u00f6ylerde su, baz\u0131lar\u0131nda ise devaml\u0131 elektrik bile yoq. K\u00f6y-qasabalar\u0131n b\u00fcy\u00fck \u00e7o\u011funlu\u011funun soqaqlar\u0131 peri\u015fan durumda ve ya\u011fmurlu zamanlarda o soqaqlar hi\u00e7 y\u00fcr\u00fclmeyecek bataql\u0131qlar gibi olalar. \u0130\u015fsizlik seviyesi Q\u0131r\u0131m Tatarlar\u0131 aras\u0131nda Q\u0131r\u0131m\u2019\u0131n i\u00e7erisinde en y\u00fcksek noqtadad\u0131r. Soyda\u015flar\u0131m\u0131z\u0131n hayat seviyeleri, b\u0131raq\u0131n Avrupa standartlar\u0131n\u0131, t\u00fcm Q\u0131r\u0131m ve hem de Ukrayna\u2019n\u0131n seviyesinden daha \u00e7oq d\u00fc\u015f\u00fckt\u00fcr.<\/p>\n\n\n\n<p>Halq\u0131m\u0131z\u0131n sosyal meselelerinin s\u0131ras\u0131nda bizlerni en \u00e7oq rahats\u0131zlat\u011fan mesele elbette bizim k\u00f6y-qasabalar\u0131m\u0131zda ana tilimizde mekteplerin say\u0131s\u0131 son derece az oldu\u011fudur. Bizim evlatlar\u0131m\u0131z\u0131n y\u00fczde 90-n\u0131 Rus mekteplerine qatnamaq zorunda ve her milletin \u00f6z evlatlar\u0131n\u0131 ana tilde oqutma\u011fa haqq\u0131 oldu\u011fu hususta Ukrayna anayasas\u0131n\u0131n maddesi bizim halq\u0131m\u0131z i\u00e7in pratik olaraq \u00e7al\u0131\u015fmay demek m\u00fcmk\u00fcnd\u00fcr. Bizim evlatlar\u0131m\u0131z\u0131n b\u00fcy\u00fck \u00e7o\u011funlu\u011fu ana tilini evlerinde bile o\u011frenmeye imkanlar\u0131 yoq, \u00e7\u00fcnki olar\u0131n ana-babalar\u0131 da s\u00fcrg\u00fcnl\u00fckte ve hi\u00e7 ana tilimizde mektepler olma\u011fan \u015faraitte b\u00fcy\u00fcd\u00fcler. B\u00f6ylelikle, \u00f6n\u00fcm\u00fczde bizim ana tilimiz tamam ile yoq olup ketmesi ve buna k\u00f6re milli kimli\u011fimiz de yoq olup ketmesi tehlikesinen qar\u015f\u0131-qar\u015f\u0131m\u0131z. Q\u0131r\u0131m Tatar tili UNESCO\u2019nun yery\u00fcz\u00fcnden yoq olup ketme tehlikesinde olan tiller listesinde oldu\u011fu da hepinizin mal\u00fcmat\u0131ndad\u0131r.<\/p>\n\n\n\n<p>Onun i\u00e7in prioritetler, yani \u00f6ncelikler hususta s\u00f6z y\u00fcr\u00fct\u00fclecek olsa, elbette, yeni Qurultay\u0131m\u0131z\u0131n ve Milli Meclisimizin d\u0131qqat\u0131n\u0131n merkezinde ana tilimizde maarif sistemimizni yan\u0131dan qurmaq meselesi olmas\u0131 kerektir. Ama bu sistem qurulmazdan evvel de, hep bizim evlatlar\u0131m\u0131z\u0131n oqu\u011fan Rus mekteplerinde de ana tili dersleri olmas\u0131n\u0131 ve bizim evlatlar\u0131m\u0131z art\u0131q \u00e7o\u011funlu\u011fu te\u015fkil etken mekteplerni ise tamamile Q\u0131r\u0131m Tatar tilinde mektepler stat\u00fcs\u00fcne ke\u00e7irilmesini talap etmemiz kerek olacaqt\u0131r. Bu \u00e7ok adaletli ve haql\u0131 talapt\u0131r. Ve bu talaplar yerine ketirilmedi\u011fi taqdirde yerli ve b\u00f6lge meclisleri her t\u00fcrl\u00fc protesto hareketleri ke\u00e7irmeye haqlar\u0131 vard\u0131r.<\/p>\n\n\n\n<p>Hep bu kibi meselelerin \u00e7\u00f6z\u00fcm\u00fc birinci olaraq elbette devlet taraf\u0131ndan ayr\u0131lacaq paralarnen ba\u011fl\u0131d\u0131r, ama devlet Q\u0131r\u0131m Tatarlar\u0131na ayr\u0131lan paralar\u0131n miktar\u0131n\u0131 y\u0131l y\u0131la azalta. Bu sene s\u0131f\u0131r noqtas\u0131na keldi demek m\u00fcmk\u00fcnd\u00fcr.<\/p>\n\n\n\n<p>Bu sene halq\u0131m\u0131z\u0131n s\u00fcrg\u00fcn\u00fcn 69. y\u0131ld\u00f6n\u00fcm\u00fc m\u00fcnasebetinen, mal\u00fcm oldu\u011fu kibi, bizim diasporam\u0131z\u0131n temsilcileri birka\u00e7 Avrupa memleketlerindeki Ukrayna el\u00e7ilikleri yan\u0131nda Q\u0131r\u0131m Tatarlar\u0131na qar\u015f\u0131 y\u00fcr\u00fct\u00fclen \u015fovenist ve ayr\u0131nt\u0131c\u0131l\u0131q politikas\u0131ndan dolay\u0131 protesto g\u00f6steriler yapqan ediler. Buna qar\u015f\u0131l\u0131q olarak Ukrayna D\u0131\u015fi\u015fleri baqanl\u0131\u011f\u0131 da bir a\u00e7\u0131qlama yay\u0131nlad\u0131. Bu a\u00e7\u0131qlama\u011fa k\u00f6re Ukrayna devleti Q\u0131r\u0131m Tatarlar\u0131n meselelerini \u00e7\u00f6zmek i\u00e7in b\u00fcy\u00fck fedakarl\u0131qlar yapqan ekenmi\u015f ve \u015fimdiye qadar bu maqsatlar i\u00e7in devlet taraf\u0131ndan 1,2 milyard grivna ayr\u0131l\u011fan ekenmi\u015f.<\/p>\n\n\n\n<p>Hi\u00e7 bir \u015feyden haberleri olma\u011fan kimseler i\u00e7in bu s\u00f6ylenilgen raqam ker\u00e7ekten de b\u00fcy\u00fck kibi k\u00f6r\u00fcnebilir. Baz\u0131 kimselerin ve bu s\u0131rada esas vazifeleri Meclis\u2019imize qar\u015f\u0131 d\u00fc\u015fman hareketlerle u\u011fra\u015fan K\u0131r\u0131m Tatarlar\u0131n aras\u0131ndan kiralan\u011fan heriflerin bas\u0131nda yazd\u0131qlar\u0131na k\u00f6re, e\u011fer bu paralar\u0131n b\u00fcy\u00fck q\u0131sm\u0131 h\u0131rslanmaqan olsayd\u0131, t\u00fcm milletimizni vatan\u0131na qaytar\u0131p yerle\u015ftirilmesine yeterli olacaq ekenmi\u015f. Q\u0131r\u0131m Tatar Milli Meclisi bu paralarnen hi\u00e7bir alaqas\u0131 olma\u011fan\u0131na ra\u011fmen, bu paralar sadece Kiev taraf\u0131ndan tayin etilgen memurlar\u0131n elinde oldu\u011funa ve nas\u0131l masraf etildi\u011fini yinede Kiyev kendisi kontrol etmesine ra\u011fmen, bunlar bu qonuda da Milli Meclis\u2019ni su\u00e7lamaya \u00e7al\u0131\u015falar.<\/p>\n\n\n\n<p>Asl\u0131nda devlet taraf\u0131ndan s\u00fcrg\u00fcnl\u00fckke u\u011frat\u0131lan toplumlar\u0131n sorunlar\u0131n\u0131 \u00e7\u00f6zmek i\u00e7in ayr\u0131lan paralar \u00e7oq y\u0131llar devam\u0131nda tamamile devlet memurlar\u0131 ve otonom cumhuriyeti y\u00f6neticilerinin elindeydi ve olar istedikleri \u015fekilde masraf ettiler. Halq\u0131n ise ne kontrol etmesine ve ne de bu qonuda \u00e7oq y\u0131llar devam\u0131nda mal\u00fcmat alma\u011fa bile imkan\u0131 yoktu. O sebepten bu sermiyan\u0131n b\u00fcy\u00fck miqtar\u0131 s\u00fcrg\u00fcnl\u00fckke u\u011frat\u0131lan toplumlar\u0131n problemlerinen hi\u00e7 alakas\u0131 olmayan maqsatlar i\u00e7in masraf etilgen edi.<\/p>\n\n\n\n<p>Bundan da \u011fayr\u0131, ayr\u0131l\u011fan paralar\u0131n y\u00fczde 25 qadar\u0131 yine devletke \u00e7e\u015fit vergiler \u015feklinde qayt\u0131p kete edi. \u0130kinciden, s\u00fcrg\u00fcnl\u00fckke u\u011frat\u0131lan Ermeni, Bul\u011far, Grek ve Almanlar\u0131n toplam oran\u0131 hep s\u00fcrg\u00fcnl\u00fckke u\u011frat\u0131lan toplumlar\u0131n sadece y\u00fczde 1,4 olduqlar\u0131na ra\u011fmen onlar\u0131n ihtiyaclar\u0131na hep b\u00fct\u00e7e taraf\u0131ndan ayr\u0131l\u011fan paralardan y\u00fczde 20-i masraf etile edi. Yani, mesela, bir Ermeniye masraf etilen miktar bir Q\u0131r\u0131m Tatar\u0131na masraf etilgen miktardan tahmin olaraq 15 kere ziyade oldu. Asl\u0131nda bu da bir provokasyondu, \u00e7\u00fcnki niyetleri ve beklentileri bu paralar etraf\u0131nda Q\u0131r\u0131m Tatarlar\u0131 ve di\u011fer toplumlar aras\u0131nda qav\u011fa ve qar\u011fa\u015fa \u00e7\u0131karmaqt\u0131.<\/p>\n\n\n\n<p>Hep bu faktorlar hesapqa al\u0131nmasa bile, deyelim ki, hep devletten ayr\u0131l\u011fan paralar ideal \u015fekilde do\u011fru yolnen masraf etildi\u011fi taqdirde bile, 23 y\u0131l devam\u0131nda hep s\u00fcrg\u00fcnl\u00fckke u\u011frat\u0131lan her bir insan\u011fa 2250 grivna kele, yani 97 grivna bir y\u0131lda veya 8 grivna bir ay\u011fa. Ve men \u015fimdi daima Milli Meclisimizni qabahatlama\u011fa t\u0131r\u0131\u015fkan bo\u015fbo\u011faz kimselerden soramaq isteyim: Aceba adam ba\u015f\u0131na ayda sadece bir dolar ay\u0131r\u0131p onu vatan\u0131na qaytar\u0131p yerle\u015ftirme\u011fe, onun esas ihtiyaclar\u0131n\u0131 qar\u015f\u0131lama\u011fa m\u00fcmk\u00fcnm\u00fcyd\u00fc?<\/p>\n\n\n\n<p>Onun i\u00e7in, yeni se\u00e7ilgen Qurultay\u0131n bu hususta vazifesi, devletten halq\u0131m\u0131z\u0131n temel ihtiya\u00e7lar\u0131na ayr\u0131lan sermiyalar\u0131n miqtar\u0131n\u0131 kardinal \u015fekilde y\u00fckseltmesini talap etmekle beraber ba\u015fqa qaynaqlar\u0131 da aramaqtan ibaret olacaqt\u0131r. Bu s\u0131rada birqa\u00e7 y\u0131l evvel qurdu\u011fumuz B\u00fct\u00fcnd\u00fcnya Q\u0131r\u0131m Tatar Kongresin faaliyetlerini de y\u00fckseltilmesi kerek olacaqt\u0131r.<\/p>\n\n\n\n<p>Din meselelerimizde de \u011fayet \u00e7oq problemlerimiz var. Sonki y\u0131llarda, mal\u00fcm oldu\u011fu kibi, Q\u0131r\u0131m\u2019\u0131n d\u0131\u015far\u0131s\u0131ndan kirsetirilgen, halq\u0131m\u0131z\u0131n inan\u00e7lar\u0131na, onun urf-adetlerine ayq\u0131r\u0131 ol\u011fan \u00e7e\u015fit diniy tariqatlar haretler yapmaya ba\u015flad\u0131. Olar millet tan\u0131maylar, \u00e7\u00fcnki m\u00fcsl\u00fcman olmaq yetermi\u015f, ker\u00e7ek m\u00fcsl\u00fcman olaraq de yaln\u0131z kendilerini sayalar ve olar\u0131n fikrinde olmayanlar\u0131n hepsine \u2018kafir\u2019 dep aytalar. Olar\u0131n daha bir q\u0131sm\u0131 \u2018b\u00fct\u00fcnd\u00fcnya hilafeti qurmaq\u2019 kibi sa\u00e7ma niyetindeler, demokrtik qaide ve prensiplerine qar\u015f\u0131lar, \u00e7\u00fcnki bunlar\u0131 \u2018kafirler\u2019 d\u00fc\u015f\u00fcn\u00fcp \u00e7\u0131qar\u011fanlarm\u0131\u015f. \u015e\u00fcphesiz ki, bunlar\u0131n faaliyetleri halq\u0131m\u0131zn\u0131\u00f1 par\u00e7alanmas\u0131na, milletleraras\u0131 ve dini kerginlikke, \u0130slam dinini lekelenmesine, ona qar\u015f\u0131 di\u011fer insanlarda nefret duy\u011fular\u0131 peydah olmas\u0131na yol a\u00e7maqtad\u0131r. Ayn\u0131 zaman bunlar bizim d\u00fc\u015fmanlar\u0131m\u0131z i\u00e7in \u00e7oq faydal\u0131 kimseler, \u00e7\u00fcnki onlar daima Qurultay ve Milli Meclisimize qar\u015f\u0131lar, halq\u0131m\u0131z\u0131 b\u00f6lmeye \u00e7al\u0131\u015falar, se\u00e7imlerde insanlar\u0131m\u0131z\u0131 i\u015ftiraq etmesine ve devlet strukturlar\u0131na temsilcilerimiznin se\u00e7ilmesine qar\u015f\u0131lar. Olar\u0131 \u2018halifat\u2019, \u2018cihad\u2019 kibi bo\u015fbo\u011faz propagandalar\u0131 halq\u0131m\u0131za d\u00fc\u015fmanl\u0131q yapan yay\u0131n organlar\u0131 taraf\u0131ndan Q\u0131r\u0131m Tatarlar\u0131n\u0131 menfi s\u00fcrette k\u00f6stermek ve s\u0131radaki insanlar\u0131 \u2018Tatar tehlikesinen\u2019 qorqutmaq i\u00e7in \u00e7oq efektif \u015fekilde qullan\u0131lmaqtad\u0131r. Bundan da \u011fayr\u0131, elimize ke\u00e7ti\u011fi mal\u00fcmatlara k\u00f6re, olar\u0131n aras\u0131nda organlara \u2018seksotl\u0131q\u2019 yap\u0131p milli y\u00f6netim sisteminde \u00e7al\u0131\u015fan insanlara qar\u015f\u0131 mal\u00fcmatlar veya uydurmalar yaz\u0131p y\u00fcrgen kimseler de az de\u011fil.<\/p>\n\n\n\n<p>Bunlar\u0131n halq\u0131m\u0131z\u011fa ve milli davam\u0131z\u011fa ketirgen zararlar\u0131n\u0131 azaltmaq ve ortadan qald\u0131rmaq i\u00e7in bizim b\u00f6lge ve yerli meclislerimiz M\u00fcft\u00fcl\u00fc\u011f\u00fcm\u00fcznen beraber baz\u0131 tedbirler almas\u0131 kerek olacaqt\u0131r. Camilerimiz bunlar\u0131n propagandistlerinden temizlenmesi ve ibadet i\u00e7in kelip te M\u00fcft\u00fcl\u00fcg\u00fcm\u00fcz taraf\u0131ndan k\u00f6sterilgen \u00fcs\u00fclleri boz\u011fan, o muqaddes yerlerde insanlar aras\u0131nda qar\u011fa\u015fa ve qav\u011fa \u00e7\u0131qaran kimseler camilerimizden qovulmas\u0131 bile kerek olacaqt\u0131r.<\/p>\n\n\n\n<p>Hep camiler ve di\u011fer diniy qurulu\u015flar mutlaqa Q\u0131r\u0131m m\u00fcft\u00fcl\u00fc\u011f\u00fcne verilmesini talap edilmesi kerek olacaqt\u0131r. Yerli ve b\u00f6lge meclislerin azalar\u0131, Qurultay vekilleri hi\u00e7 olmad\u0131qta Cuma namazlar\u0131na qatnamalar\u0131, s\u0131q-s\u0131q vatanda\u015flarnen k\u00f6r\u00fc\u015fmeleri, olar\u0131n problemlerini \u00f6\u011frenmekle beraber olar\u011fa bu tariqat\u00e7\u0131lar\u0131n milli birli\u011fimizge ne qadar zarar ketirdiklerini anlatmas\u0131 da \u00e7oq \u00f6nemlidir. Bizim evlatlar\u0131m\u0131zn\u0131 bunlar\u0131n primitif ve zararl\u0131 ideolojilerinden qor\u00e7alamaq meselesi de \u00e7oq \u00f6nemli bir meseledir.<\/p>\n\n\n\n<p>Vatanda\u015flar\u0131m\u0131z qurdu\u011fu hep yen k\u00f6y-qasabalard\u0131n b\u00fcy\u00fck \u00e7o\u011funlu\u011funda mahsus camiler i\u00e7in ayr\u0131l\u011fan topraqlar vard\u0131r, ama maddi imkanlar olmad\u0131\u011f\u0131 sebebinden camiler qurulmay. Eminim ki, e\u011fer Milli Meclis ve M\u00fcft\u00fcl\u00fc\u011f\u00fcm\u00fcz bu qonuda daha fazla aktif olsalar, bu meseleye m\u00fcsl\u00fcman \u00fclkelerin diqqat\u0131n\u0131 \u00e7ekip olsalar, yaq\u0131n zamanlar i\u00e7eriside kerekli say\u0131na camiler qurulabilir. Ama burada esas prensipimiz \u015fu ki \u2013 camiler nerede ve nas\u0131l \u015fekilde qurulaca\u011f\u0131 hususta mutlaqa M\u00fcft\u00fcl\u00fc\u011f\u00fcm\u00fcznen anla\u015f\u0131lacaq ve qurulduqtan sonra \u015farts\u0131z olaraq M\u00fcft\u00fcl\u00fc\u011f\u00fcm\u00fcz\u00fcn m\u00fclkiyetine ke\u00e7ecektir.<\/p>\n\n\n\n<p>Halq\u0131m\u0131z\u0131n \u00e7oq sorunlar\u0131n efektiv, qapsaml\u0131 ve qav\u011fas\u0131z \u015fekilde \u00e7\u00f6z\u00fclmesi i\u00e7in elbette \u00e7\u00f6z\u00fcm yollar\u0131n\u0131 ve qaidelerini i\u015faret etken qanunlar qabul etilmesi kerek. \u00c7oq y\u0131llardan beri Q\u0131r\u0131m Tatarlar\u0131n ve di\u011fer s\u00fcrg\u00fcnl\u00fckke u\u011frat\u0131lan toplumlar\u0131n haq-huquklar\u0131n\u0131 iade etilmesi husuta qabul etilmesi i\u00e7in sarf etti\u011fimiz \u011fayretler daha istedi\u011fimiz neticelerge ketirmedi. Ker\u00e7ek, bu qanun projesi ke\u00e7ken y\u0131l\u0131n Haziran ay\u0131nda birinci oqumadan ke\u00e7ti ve Ukrayna Cumhurba\u015fqan\u0131 da kendisinin her y\u0131ll\u0131q parlamentoya yapt\u0131\u011f\u0131 m\u00fcracaatta bu qanun qab\u00fcl etilmesi faydal\u0131 olaca\u011f\u0131 hususta birqa\u00e7 kelime s\u00f6yledi, ama ikinci oquma esnas\u0131nda o qanunun esas maddeleri deni\u015ftirilmesi veya \u00e7\u0131qar\u0131lmas\u0131 tehlikesi var. Bu qonuda en \u00e7oq hareketler yapmaya \u00e7al\u0131\u015fanlar\u0131n s\u0131ras\u0131nda birinci olaraq Q\u0131r\u0131m otonom cumhuriyetin y\u00f6neticileridir. E\u011fer olar teklif etti\u011fi deni\u015fmeler bu qanuna kirsetilirse veya hesaba al\u0131n\u0131rsa asl\u0131nda bu qanunun hi\u00e7bir faydas\u0131 olm\u0131yacaq, \u00e7unki o zaman kerekli qanun yerine bo\u015f, yaln\u0131z s\u00fcrg\u00fcne u\u011frat\u0131lan toplumlar ba\u015fqa insanlarnen e\u015fit haqlar\u0131 oldu\u011fu hususta bir deklarasyon \u015fekline \u00e7evirilecektir \u2013 biz o kibi bo\u015f s\u00f6zleri devlet anayasas\u0131nda da oquyabiliriz.<\/p>\n\n\n\n<p>Bu projeye \u00f6yle de tart\u0131\u015fmalar olmamas\u0131 ve kab\u00fcl etilmesi qolayca olsun diye baz\u0131 \u00f6nemli maddeler kirsetilmedi, Avrupa G\u00fcvensizlk ve \u0130\u015fbirli\u011fi Te\u015fkilat\u0131n\u0131n Milli az\u0131nl\u0131qlar komisarl\u0131\u011f\u0131 taraf\u0131ndan bu proje Avrupa standartlar\u0131na en uy\u011fun bir qanun projesi olaraq de\u011ferlendirilgen edi. Hep buna baqmadan qanun projesinden \u00f6nemli maddeler \u00e7\u0131qar\u0131lacaq olsa Q\u0131r\u0131m Tatar Milli Meclisi hareketlerge ke\u00e7me\u011fe ve bu haqs\u0131zl\u0131qqa uluslaras\u0131 qurulu\u015flarn\u0131n d\u0131qqat\u0131n\u0131 \u00e7ekmesi kerek olacaqt\u0131r.<\/p>\n\n\n\n<p>Q\u0131r\u0131mTatarlar\u0131 \u00f6zhaqlar\u0131n\u0131 iadeetilmesim\u00fccaselesinde\u00e7oqzorluqlarnenqar\u015f\u0131 qar\u015f\u0131yakeleler. Bunun birka\u00e7 sebepleri var. Birinciden, asl\u0131nda baz\u0131ms\u0131zl\u0131\u011f\u0131n\u0131 ilan etti\u011finiden bu yana Ukrayna devletinin geli\u015fme yolu \u00e7oq p\u0131traql\u0131 ve \u00e7eli\u015fikli oldu. Bir taraftan demokratik prensipler ilan etile, ama ker\u00e7ek y\u00f6netim esas olaraq otoritar \u015fekilde devam ete.Devletin milletleraras\u0131 ili\u015fkiler, k\u00f6kenli halqlar\u0131n haq-hukuklar\u0131 ve asl\u0131nda insan haqlar\u0131 hususta temel ve Avrupa standartlar\u0131na esaslan\u011fan bir politikas\u0131 yoqtur demek m\u00fcmk\u00fcn. Buna k\u00f6re, bu devletin k\u00f6kenli halqlar\u0131ndan birisi ol\u011fan, s\u00fcrg\u00fcnl\u00fckten, soyq\u0131r\u0131mdan ve onlarca y\u0131llar devam etken s\u00fcrg\u00fcnl\u00fckten sonra vatan\u0131na qayt\u0131p kelgen Q\u0131r\u0131m Tatar halq\u0131n\u0131n haq-huquqlar\u0131 iade etilmesi hususta da bir sistemli siyaseti yoq.<\/p>\n\n\n\n<p>Bir birinin ard\u0131ndan iqt\u0131dar\u011fa kelgen siyasi quvvetler i\u00e7in Q\u0131r\u0131m Tatarlar\u0131 sanki \u00f6z haqlar\u0131 ol\u011fan ve o haqlar hi\u00e7 olmas\u0131qta bu devletin menfaat\u0131 i\u00e7in iade etilmesi kerek ol\u011fan bir millet de\u011fil de, yaln\u0131z bu siyasi quvvetke destek olacaq m\u0131, yoqsa zarar ketirecek mi d\u00fc\u015f\u00fcnceleriyle q\u0131ymet kesilen bir insanlar toplumudur. Bu kibi yaqla\u015f\u0131mlar en a\u00e7\u0131q \u015fekilde s\u0131radaki cumhurba\u015fkan\u0131, parlamento veya yerel se\u00e7imler esnas\u0131nda, yani pratik olaraq daima k\u00f6r\u00fcl\u00fcp tura. Q\u0131r\u0131m Tatarlar\u0131 hep se\u00e7imlerde daima bu devletin milli-demokratik quvvetlerini destekledi\u011fi sebebinden, olar\u0131n qar\u015f\u0131s\u0131nda ol\u011fan siyasi quvvetler iqtidar\u011fa keldikleri zaman, halq\u0131m\u0131z\u0131n vaziyeti daha ziyade zorla\u015fmaqtad\u0131r.<\/p>\n\n\n\n<p>Di\u011fer zorlu\u011fun temelinde Q\u0131r\u0131m yar\u0131madas\u0131n\u0131n \u00f6zelli\u011findedir. Mal\u00fcm oldu\u011fu kibi, burada ya\u015fayanlar\u0131n b\u00fcy\u00fck \u00e7o\u011funlu\u011fu Q\u0131r\u0131m Tatarlar\u0131n ve daha birqa\u00e7 toplumlar\u0131n s\u00fcrg\u00fcn\u00fcnden sonra kom\u015fu memleketten ketirilgen insanlar ve olar\u0131n torunlar\u0131d\u0131r. Ony\u0131llarca devam etken Q\u0131r\u0131m Tatarlar\u0131na qar\u015f\u0131 Stalin propagandas\u0131 Q\u0131r\u0131m yar\u0131madas\u0131 Ukrayna \u00e7ap\u0131nda daha ziyade temel atqan bir b\u00f6lgedir. Mesela, bu y\u0131l\u0131n bahar\u0131nda yap\u0131lan ve yay\u0131nlan\u011fan sosyolojik ara\u015ft\u0131rmalar\u011fa k\u00f6re, 20-ci y\u00fczy\u0131l\u0131n en b\u00fcy\u00fck ve deh\u015fetli cinayet\u00e7i ve qatillerin birisi burada ya\u015fayanlar\u0131n y\u00fczde 84 qadar\u0131 i\u00e7in o zamanlarda oldu\u011fu kibi yine b\u00fcy\u00fck ve her \u015feyni do\u011fru yapqan devlet adam\u0131 ve dahidir. Bunlar Stalin\u2019in Q\u0131r\u0131m Tatarlar\u0131na qar\u015f\u0131 yapt\u0131\u011f\u0131 cinayetlerni do\u011fru ve adaletli oldu\u011fu fikrindedirler.<\/p>\n\n\n\n<p>S\u00f6z s\u0131ras\u0131, bildi\u011finiz kibi, \u015fimdiki otonom cumhutiyetinin ba\u015f\u0131nda da Stalin\u2019in Q\u0131r\u0131m Tatar halq\u0131na qar\u015f\u0131 cinayetlerini haql\u0131 ve adaletl\u0131 oldu\u011fu hususta d\u00fc\u015f\u00fcncelerini a\u00e7\u0131qtan a\u00e7\u0131q bas\u0131nda ilan etken bir kimse tura.Onun a\u00e7\u0131qlad\u0131\u011f\u0131 versionuna k\u00f6re, Q\u0131r\u0131m Tatarlar\u0131 s\u00fcrg\u00fcnl\u00fckte pek rahat ediler, ama olarn\u0131 yenineden Q\u0131r\u0131m\u2019a zornen liderleri ketirgenlermi\u015f.<\/p>\n\n\n\n<p>Ukrayna\u2019n\u0131n sonki 23 y\u0131ll\u0131q ba\u011f\u0131ms\u0131zl\u0131\u011f\u0131 tarihinde hi\u00e7 zaman Q\u0131r\u0131m Tatarlar\u0131na qar\u015f\u0131 bu derede \u015fovenistik ve ayr\u0131nt\u0131c\u0131 siyaset uy\u011fulanma\u011fa edi. Hi\u00e7 zaman bu derecede a\u00e7\u0131qtan a\u00e7\u0131q halq\u0131m\u0131zn\u0131 b\u00f6lmek i\u00e7in avant\u00fcristik tedbirler, devlet strukturlar\u0131nda \u2018etnik temizlemeler\u2019 qullan\u0131lma\u011fand\u0131. \u0130nsanlar\u0131 yaln\u0131z Q\u0131r\u0131m Tatar olduqlar\u0131 veya kendi Milli Meclisine say\u011f\u0131 k\u00f6sterdikleri i\u00e7in i\u015ften \u00e7\u0131qaralar. Adam\u0131n milleti veya siyasi d\u00fc\u015f\u00fcnceleri i\u00e7in i\u015ften \u00e7\u0131qarmaq Ukrayna ceza qanuna k\u00f6re cinayet oldu\u011funu olar elbette bileler, ama \u00f6yle davranalar ki, sanki \u00f6m\u00fcr boyu iqtidarda ve kendi vaz\u0131felerinde olacaklar, ve hi\u00e7 zaman bu davran\u0131\u015flar\u0131 i\u00e7in cevap vermeye s\u0131ra kelmeyecek.<\/p>\n\n\n\n<p>Bunlar elbette \u2018etnik temizlemeler\u2019 konuda Milli Meclisimizin a\u00e7\u0131qlamalar\u0131m\u0131zn\u0131 ink\u00e2r eteler ve k\u00fcstah\u00e7as\u0131na devlet strukturlar\u0131nda Q\u0131r\u0131m Tatarlar\u0131n say\u0131s\u0131 olar\u0131n n\u00fcf\u00fcs oranlar\u0131na k\u00f6re daha fazla olduqlar\u0131 hususta gazetelerde temelsiz yalanlar yazalar. Ama Ukrayna parlamentosunun \u0130nsan haqlar\u0131 ve milletleraras\u0131 ili\u015fkiler Komitesi taraf\u0131ndan resmi soru\u015fturma yah\u0131ld\u0131\u011f\u0131 zaman, \u2018L\u00fctfen, otonom cumhuriyetin y\u00f6netim sisteminde genel olaraq ne qadar adam \u00e7al\u0131\u015fa ve olar\u0131n aras\u0131nda ne qadar Q\u0131r\u0131m Tatar\u0131 var oldu\u011fu hususta konkret mal\u00fcmat ve olar\u0131n soyadlar\u0131 listesini yollan\u0131z\u2019 diyen mekt\u00fcpke yazd\u0131qlar\u0131 cevaba baq\u0131n\u0131z:<em>\u00ab\u2026&nbsp;<\/em><em>\u0412&nbsp;<\/em><em>\u0420<\/em><em>\u0430\u0434\u0456 \u043c\u0456\u043d\u0456\u0441\u0442\u0440\u0456\u0432 \u0410\u0420\u041a \u0432\u0456\u0434\u0441\u0443\u0442\u043d\u0456 \u043e\u0444\u0456\u0446\u0456\u0439\u043d\u0456 \u0441\u0442\u0430\u0442\u0438\u0441\u0442\u0438\u0447\u043d\u0456 \u0434\u0430\u043d\u0456 \u0449\u043e\u0434\u043e \u0434\u0435\u043f\u043e\u0440\u0442\u043e\u0432\u0430\u043d\u0438\u0445 \u043a\u0440\u0438\u043c\u0441\u044c\u043a\u0438\u0445 \u0442\u0430\u0442\u0430\u0440 \u0456 \u043e\u0441\u0456\u0431 \u0456\u043d\u0448\u0438\u0445 \u043d\u0430\u0446\u0456\u043e\u043d\u0430\u043b\u044c\u043d\u043e\u0441\u0442\u0435\u0439, \u0449\u043e \u043f\u043e\u0432\u0435\u0440\u043d\u0443\u043b\u0438\u0441\u044f \u043d\u0430 \u043f\u0440\u043e\u0436\u0438\u0432\u0430\u043d\u043d\u044f \u0432 \u0423\u043a\u0440\u0430\u0457\u043d\u0443 \u0438 \u043f\u0440\u0430\u0446\u044e\u044e\u0442\u044c \u0432 \u043e\u0440\u0433\u0430\u043d\u0430\u0445 \u0432\u0438\u043a\u043e\u043d\u0430\u0432\u0447\u043e\u0457 \u0432\u043b\u0430\u0434\u0438 \u0410\u0420\u041a, \u043e\u0440\u0433\u0430\u043d\u0430\u0445 \u043c\u0456\u0441\u0446\u0435\u0432\u043e\u0433\u043e \u0441\u0430\u043c\u043e\u0432\u0440\u044f\u0434\u0443\u0432\u0430\u043d\u043d\u044f\u2026\u00bb.<\/em>Yani, otonom cumhuriyetin y\u00f6netiminde \u00e7al\u0131\u015fan insanlar\u0131n nas\u0131l milletten olduqlar\u0131 hususta mal\u00fcmatlar\u0131 yoqmu\u015f ve bu sebepten verilen sorulara cevap verip olamaylar. Bu s\u00f6zleri Q\u0131r\u0131m otonom cumhuriyetinin ba\u015fbaqan yard\u0131mc\u0131s\u0131 O.Udovina Ukrayna parlamentosonun \u0130nsan haqlar\u0131 Komitesinin ba\u015fkan\u0131 V.Patskan\u0131n ad\u0131na 12 Eyl\u00fcl 2013 tarihte yollad\u0131\u011f\u0131 mektupte yaz\u0131lm\u0131\u015ft\u0131r. Ayni s\u00f6zler V.Patskan\u2019\u0131n ad\u0131na o k\u00fcnler i\u00e7erisinde Q\u0131r\u0131m otonom cumhuriyeti Yuqar\u0131 \u015euras\u0131 ba\u015fkan yard\u0131mc\u0131s\u0131 G. \u0130offe taraf\u0131ndan yollan\u0131l\u011fan mektupte de var.<\/p>\n\n\n\n<p>Demek, Q\u0131r\u0131m Tatarlar\u0131n say\u0131s\u0131 devlet strukturlar\u0131nda \u011fayet \u00e7oq kibi yalanlar\u0131 da\u011f\u0131tt\u0131qlar\u0131 zaman bunlar \u00e7al\u0131\u015fan insanlar\u0131n milletleri hususta bilgileri var edi, ama konkret ve resmi sorular verildi\u011fi zaman, b\u00f6yle mal\u00fcmatlar olar\u0131n elinde yoqm\u0131\u015f.<\/p>\n\n\n\n<p>Bu sene 19 Eyl\u00fclde, yani 37 k\u00fcn \u00f6nce Avrupa Birli\u011fi komissar\u0131 \u015etefan F\u00fcle\u2019nen olup ke\u00e7ken k\u00f6r\u00fc\u015fmede otonom cumhuriyetin ba\u015fbaqan\u0131, Q\u0131r\u0131m Tatarlar\u0131n hep meseleleri art\u0131q \u00e7\u00f6z\u00fclm\u00fc\u015f oldu\u011fu, olar burada \u00e7oq rahat ya\u015fad\u0131qlar\u0131, Ruslara k\u00f6re daha varl\u0131ql\u0131 olduqlar\u0131, olar\u011fa Ruslar\u011fa k\u00f6re daha \u00e7oq topraq verildi\u011fi ve mahsus olar i\u00e7in nas\u0131ld\u0131r ayr\u0131 tedbirler al\u0131nmas\u0131 do\u011fru olmayaca\u011f\u0131 hususta sa\u00e7mal\u0131qlar s\u00f6yledi. Anla\u015f\u0131la ki, sorunlar\u0131m\u0131z\u0131n \u00e7\u00f6z\u00fcm\u00fcnde bunlardan nas\u0131ld\u0131r destek beklemeye s\u0131ra kelmey.<\/p>\n\n\n\n<p>Onun i\u00e7in Q\u0131r\u0131m Tatar Milli Meclisi Ukrayna\u2019n\u0131n y\u00fcksek rehberlerinen d\u00fcr\u00fcst ve samimiy diyalog yollar\u0131n\u0131 arama \u00e7al\u0131\u015fmalar\u0131n\u0131 devam etmekle beraber, Sovyet devrinde vatana qaytma m\u00fccadelemizde oldu\u011fu kibi daha fazla ve esas olaraq d\u00fcnya kamuoyuna ve uluslararas\u0131 qurulu\u015flar\u0131na hitap etilmesi kerek olacaqt\u0131r. Bizim Ukrayna devleti ve Avrupa Birli\u011fi aras\u0131nda ortaql\u0131q ve i\u015fbirlik anla\u015fma imzalanmas\u0131n\u0131n qatiyen taraftar\u0131 oldu\u011fumuzun sebebi de bu dur, \u00e7\u00fcnki anla\u015fma imzaland\u0131qtan sonra Avrupa Birli\u011fi ve di\u011fer uluslaras\u0131 qurulu\u015flar\u0131 taraf\u0131ndan Q\u0131r\u0131m Tatarlar\u0131n\u0131n durumunu, olar\u0131n haqlar\u0131na burada ne derecede riayet etildi\u011fi hususta tarafs\u0131z ve ard\u0131-s\u0131ra monitoringler yap\u0131lmas\u0131na yol a\u00e7\u0131lacaqt\u0131r. Bu fikirni biz \u00fc\u00e7 k\u00fcn \u00f6nce Litvanya merkezi Vilniuste \u015fimdi Avrupa Birli\u011fi\u2019nde ba\u015fkanl\u0131k yapan Litvanya\u2019n\u0131n ba\u015fbaqan\u0131 Algidas Butkavi\u00e7us\u2019a da s\u00f6yledik ve bu qonuda onun tam deste\u011fini ald\u0131q.<\/p>\n\n\n\n<p>Sonki \u00fc\u00e7 y\u0131l devam\u0131nda Q\u0131r\u0131m Tatar Milli Meclisi taraf\u0131ndan uluslararas\u0131 qurulu\u015flar\u0131n\u0131n bizim milli meselemize diqqat\u0131n\u0131 \u00e7ekmek i\u00e7in \u00e7oq aktif \u00e7al\u0131\u015fmalar yap\u0131ld\u0131 ve biz baz\u0131 neticelere ula\u015ft\u0131q demek m\u00fcmk\u00fcnd\u00fcr. Avrupa G\u00fcvensizlik ve \u0130\u015fbirli\u011fi Te\u015fkilat\u0131, Avrupa Birli\u011fi ve Birle\u015fik Devletler Te\u015fkilat\u0131n\u0131n strukturlar\u0131 taraf\u0131ndan Q\u0131r\u0131m Tatar Milli Meclisi taraf\u0131ndan Uluslaras\u0131 forum qonuda teklifi tamamile desteklendi. Ba\u011f\u0131ms\u0131z ve tarafs\u0131z uluslaras\u0131 ekspert gruplar\u0131 taraf\u0131ndan Q\u0131r\u0131m Tatar milli meselesinin esas y\u00f6ntemleri incelendi ve o problerin \u00e7\u00f6z\u00fcm yollar\u0131 hususta kerekli teklifler verildi.<\/p>\n\n\n\n<p>Elbet ba\u011f\u0131ms\u0131z uluslararas\u0131 ekspertlerin neticeleri Ukrayna D\u0131\u015f i\u015fleri bakan\u0131n ve otonom cumhuriyetin rehberli\u011fin \u00e7oq ho\u015funa gitmedi. Bunun sebeplerinden birincisi de \u015fu ki, o neticelerde Ukrayna devleti Q\u0131r\u0131m Tatar Milli Meclisini resmen tan\u0131mas\u0131 ve halq\u0131n meselelerini \u00e7\u00f6zum yollar\u0131n\u0131 esas olaraq o halq taraftan se\u00e7ilgen milli qurulu\u015fnen m\u00fczakere etilmesi kerek oldu\u011funu vur\u011fulana.<\/p>\n\n\n\n<p>19 Eyl\u00fclde Akmescit\u2019te olup ke\u00e7ken kor\u00fc\u015fmede Avrupa komissar\u0131 \u015etefan F\u00fcle bu Uluslararas\u0131 forumu Q\u0131r\u0131m Tatar halq\u0131n\u0131n 70-y\u0131ll\u0131\u011f\u0131ndan biraz \u00f6nce ke\u00e7irilmesi teklif etti. Bu teklif ker\u00e7ekle\u015fmesi i\u00e7in yaln\u0131z Ukrayna cumhurba\u015fqan\u0131n\u0131n deste\u011fi ve raz\u0131l\u0131\u011f\u0131 kerek olacaqt\u0131r.<\/p>\n\n\n\n<p>Q\u0131r\u0131m Tatar Milli Meclisinin bu qonuda vazifesi, bu forum\u011fa kerekli \u015fekilde ve titizlikle haz\u0131rlanmaq ve sonra hep forum taraf\u0131ndan qabul etilecek tekliflerni yerine ketirmekten ibaret olacakt\u0131r.<\/p>\n\n\n\n<p>Ve son olaraq, 74 y\u0131ll\u0131q aradan sonra yeniden qurul\u011fan Q\u0131r\u0131m Tatar Milli Meclisinin birinci reisi s\u0131fat\u0131nda daha birqa\u00e7 kelime s\u00f6ylemek isteyim.<\/p>\n\n\n\n<p>Bug\u00fcn burada Qurultay vekillerinin gizli verilen oylar\u0131nen Milli meclis\u2019in yeni azalar\u0131, yeni Milli Meclis reisi ve yeni Qurultay\u0131n Kontrol komisyonu se\u00e7ilecektir. B\u00fcy\u00fck ihtimal, se\u00e7ilen insanlar hep Qurultay vekillerin ho\u015funa k\u00f6re, bu s\u0131rada menim de ho\u015fuma k\u00f6re, olm\u0131yacaqt\u0131r. Ama se\u00e7imler adaletli ve demokratik \u015fekilde ke\u00e7ecek ve b\u00f6ylelikle halq\u0131m\u0131z\u0131n \u00e7o\u011funlu\u011fun iradesini aksettien se\u00e7im olacaqt\u0131r. Onun i\u00e7in, milli y\u00f6netim sistemimizin strukturlar\u0131na se\u00e7ilgen insanlar\u011fa qar\u015f\u0131 bizim \u015fahsi m\u00fcnasebetlerimiz nas\u0131l olsa bile, kendi sempat\u0131 ve ant\u0131patilerimizi kenara b\u0131raq\u0131p, o se\u00e7ilgen arqada\u015flar\u0131m\u0131z\u011fa say\u011f\u0131 k\u00f6stermemiz, Qurultay ve Milli Meclis taraftan al\u0131n\u011fan qararlarn\u0131 daima yerine ketirmemiz kerek olacaqt\u0131r. Yaln\u0131z b\u00f6ylelikle biz milli birli\u011fimizi qor\u00e7alap oluruz. Buna derler milli disiplin ve e\u011fer bu disiplin kerekli seviyede olursa, bizim halq\u0131m\u0131zn\u0131 hi\u00e7bir quvvet ve hi\u00e7bir memleketin gizli servisleri par\u00e7alay\u0131p olamaz.<\/p>\n\n\n\n<p>Q\u0131r\u0131m Tatar Milli Meclisinin reisi olmaq, yani halq taraf\u0131ndan se\u00e7ilgen milletin birinci insan\u0131 olmaq elbette b\u00fcy\u00fck \u015feref ve ayni zaman \u00e7oq b\u00fcy\u00fck mesuliyettir. 22 y\u0131ldan fazla bir devir i\u00e7erisinde bu \u015feref bana verildi. Bunun i\u00e7in men milletime, meni hep olup ke\u00e7ken d\u00f6rt Qurultayda b\u00fcy\u00fck \u00e7o\u011funluqnen se\u00e7ken vekillere sonsuz minnetdar\u0131m. Menim davran\u0131\u015flar\u0131m\u0131 ve Milli Meclisimizin \u00e7al\u0131\u015fmalar\u0131n\u0131 bazen tenqit etken vekillerge de \u00e7oq minnetdar\u0131m, \u00e7\u00fcnki samimi ve konstruktif tenqitler bizim y\u00fcnetim sistemimizin daha iyi \u00e7al\u0131\u015fmas\u0131na vesile ola. Bu vazifede qalmam\u0131 talap etip kendi m\u00fcracaatlar\u0131nen bizim milli bas\u0131n\u0131m\u0131z\u0131 ve internet siteleri dolduran soyda\u015flar\u0131m\u0131za, cemaat te\u015fkilatlar\u0131na ve Qurultay vekillerine de \u00e7oq minnetdar\u0131m. Ama, menim qanaat\u0131mca, bu vazifede men yeterinden daha ziyade vaqit qald\u0131m ve yerni di\u011fer arqada\u015flar\u0131m\u0131z i\u00e7in bo\u015faltmaya zaman keldi. Bundan sonra men bizim milli y\u00f6netim sistemimize Milli Meclis\u2019in azas\u0131 olmay\u0131p hizmet etmek isteyim.<\/p>\n\n\n\n<p>Hep Qurultay vekillerin ve yeni se\u00e7ilecek Milli Meclisin, onun reisinin \u00e7al\u0131\u015fmalar\u0131nda samimiyetle ba\u015far\u0131lar tileymen. \u00dcmit ederim ki sizin ilerideki 5 y\u0131ll\u0131q \u00e7al\u0131\u015fmalar\u0131n\u0131z milli haqlar\u0131m\u0131z iade etilmesi yolunda, bu topra\u011f\u0131n ker\u00e7ek sahibi olmam\u0131z yolunda b\u00fcy\u00fck bir ad\u0131m olacaqt\u0131r.<\/p>\n\n\n\n<p class=\"has-text-align-center\"><strong>Diqqat\u0131n\u0131z i\u00e7in sa\u011f olunuz!<\/strong><\/p>\n","protected":false},"excerpt":{"rendered":"<p>Q\u0131r\u0131m Tatar Milli Meclisi Reisi M. Cemilo\u011flu\u2019nun 6. Qurultay\u0131n 1.Oturumumda konu\u015fmas\u0131 (26 Ekim, 2013., Aqmescit) Say\u011f\u0131l\u0131 6 Qurultay vekilleri, say\u011f\u0131l\u0131 misafirlerimiz. \u0130lk \u00f6nce t\u00fcm Qurultay vekillerini bu milletimizin en y\u00fcksek qurulu\u015funa se\u00e7ildiklerinden dolay\u0131 samimiyetle tebrik etmek isteyim. \u00dcmit ederim ki, t\u00fcm vekillerimiz se\u00e7ildikleri 5 y\u0131ll\u0131q m\u00fcddet i\u00e7erisinde bu milletni en iyi ve onurlu \u015fekilde temsil [&hellip;]<\/p>\n","protected":false},"author":1,"featured_media":0,"comment_status":"open","ping_status":"open","sticky":false,"template":"","format":"standard","meta":{"inline_featured_image":false,"footnotes":""},"categories":[265],"tags":[],"class_list":["post-39905","post","type-post","status-publish","format-standard","hentry","category-haberler"],"acf":[],"yoast_head":"<!-- This site is optimized with the Yoast SEO plugin v27.4 - https:\/\/yoast.com\/product\/yoast-seo-wordpress\/ -->\n<title>Q\u0131r\u0131m Tatar Milli Meclisi Reisi M. Cemilo\u011flu\u2019nun 6 Qurultay\u0131n 1 Oturumumda konu\u015fmas\u0131 - \u041c\u0435\u0434\u0436\u043b\u0456\u0441<\/title>\n<meta name=\"robots\" content=\"index, follow, max-snippet:-1, max-image-preview:large, max-video-preview:-1\" \/>\n<link rel=\"canonical\" href=\"https:\/\/qtmm.org\/qt\/qirim-tatar-milli-meclisi-reisi-m-cemiloglunun-6-qurultayin-1-oturumumda-konusmasi\/\" \/>\n<meta property=\"og:locale\" content=\"en_US\" \/>\n<meta property=\"og:type\" content=\"article\" \/>\n<meta property=\"og:title\" content=\"Q\u0131r\u0131m Tatar Milli Meclisi Reisi M. Cemilo\u011flu\u2019nun 6 Qurultay\u0131n 1 Oturumumda konu\u015fmas\u0131 - \u041c\u0435\u0434\u0436\u043b\u0456\u0441\" \/>\n<meta property=\"og:description\" content=\"Q\u0131r\u0131m Tatar Milli Meclisi Reisi M. Cemilo\u011flu\u2019nun 6. Qurultay\u0131n 1.Oturumumda konu\u015fmas\u0131 (26 Ekim, 2013., Aqmescit) Say\u011f\u0131l\u0131 6 Qurultay vekilleri, say\u011f\u0131l\u0131 misafirlerimiz. \u0130lk \u00f6nce t\u00fcm Qurultay vekillerini bu milletimizin en y\u00fcksek qurulu\u015funa se\u00e7ildiklerinden dolay\u0131 samimiyetle tebrik etmek isteyim. \u00dcmit ederim ki, t\u00fcm vekillerimiz se\u00e7ildikleri 5 y\u0131ll\u0131q m\u00fcddet i\u00e7erisinde bu milletni en iyi ve onurlu \u015fekilde temsil [&hellip;]\" \/>\n<meta property=\"og:url\" content=\"https:\/\/qtmm.org\/qt\/qirim-tatar-milli-meclisi-reisi-m-cemiloglunun-6-qurultayin-1-oturumumda-konusmasi\/\" \/>\n<meta property=\"og:site_name\" content=\"\u041c\u0435\u0434\u0436\u043b\u0456\u0441\" \/>\n<meta property=\"article:publisher\" content=\"https:\/\/www.facebook.com\/qtmm.info\/\" \/>\n<meta property=\"article:published_time\" content=\"2013-10-25T21:20:00+00:00\" \/>\n<meta property=\"article:modified_time\" content=\"2022-01-25T21:21:35+00:00\" \/>\n<meta name=\"author\" content=\"Developer\" \/>\n<meta name=\"twitter:card\" content=\"summary_large_image\" \/>\n<meta name=\"twitter:label1\" content=\"Written by\" \/>\n\t<meta name=\"twitter:data1\" content=\"Developer\" \/>\n\t<meta name=\"twitter:label2\" content=\"Est. reading time\" \/>\n\t<meta name=\"twitter:data2\" content=\"23 minutes\" \/>\n<script type=\"application\/ld+json\" class=\"yoast-schema-graph\">{\"@context\":\"https:\\\/\\\/schema.org\",\"@graph\":[{\"@type\":\"Article\",\"@id\":\"https:\\\/\\\/qtmm.org\\\/qt\\\/qirim-tatar-milli-meclisi-reisi-m-cemiloglunun-6-qurultayin-1-oturumumda-konusmasi\\\/#article\",\"isPartOf\":{\"@id\":\"https:\\\/\\\/qtmm.org\\\/qt\\\/qirim-tatar-milli-meclisi-reisi-m-cemiloglunun-6-qurultayin-1-oturumumda-konusmasi\\\/\"},\"author\":{\"name\":\"Developer\",\"@id\":\"https:\\\/\\\/qtmm.org\\\/qt\\\/#\\\/schema\\\/person\\\/de562469f971dec226ac06e60bbf74a7\"},\"headline\":\"Q\u0131r\u0131m Tatar Milli Meclisi Reisi M. Cemilo\u011flu\u2019nun 6 Qurultay\u0131n 1 Oturumumda konu\u015fmas\u0131\",\"datePublished\":\"2013-10-25T21:20:00+00:00\",\"dateModified\":\"2022-01-25T21:21:35+00:00\",\"mainEntityOfPage\":{\"@id\":\"https:\\\/\\\/qtmm.org\\\/qt\\\/qirim-tatar-milli-meclisi-reisi-m-cemiloglunun-6-qurultayin-1-oturumumda-konusmasi\\\/\"},\"wordCount\":5029,\"commentCount\":0,\"publisher\":{\"@id\":\"https:\\\/\\\/qtmm.org\\\/qt\\\/#organization\"},\"articleSection\":[\"Haberler\"],\"inLanguage\":\"qt\",\"potentialAction\":[{\"@type\":\"CommentAction\",\"name\":\"Comment\",\"target\":[\"https:\\\/\\\/qtmm.org\\\/qt\\\/qirim-tatar-milli-meclisi-reisi-m-cemiloglunun-6-qurultayin-1-oturumumda-konusmasi\\\/#respond\"]}]},{\"@type\":\"WebPage\",\"@id\":\"https:\\\/\\\/qtmm.org\\\/qt\\\/qirim-tatar-milli-meclisi-reisi-m-cemiloglunun-6-qurultayin-1-oturumumda-konusmasi\\\/\",\"url\":\"https:\\\/\\\/qtmm.org\\\/qt\\\/qirim-tatar-milli-meclisi-reisi-m-cemiloglunun-6-qurultayin-1-oturumumda-konusmasi\\\/\",\"name\":\"Q\u0131r\u0131m Tatar Milli Meclisi Reisi M. Cemilo\u011flu\u2019nun 6 Qurultay\u0131n 1 Oturumumda konu\u015fmas\u0131 - \u041c\u0435\u0434\u0436\u043b\u0456\u0441\",\"isPartOf\":{\"@id\":\"https:\\\/\\\/qtmm.org\\\/qt\\\/#website\"},\"datePublished\":\"2013-10-25T21:20:00+00:00\",\"dateModified\":\"2022-01-25T21:21:35+00:00\",\"breadcrumb\":{\"@id\":\"https:\\\/\\\/qtmm.org\\\/qt\\\/qirim-tatar-milli-meclisi-reisi-m-cemiloglunun-6-qurultayin-1-oturumumda-konusmasi\\\/#breadcrumb\"},\"inLanguage\":\"qt\",\"potentialAction\":[{\"@type\":\"ReadAction\",\"target\":[\"https:\\\/\\\/qtmm.org\\\/qt\\\/qirim-tatar-milli-meclisi-reisi-m-cemiloglunun-6-qurultayin-1-oturumumda-konusmasi\\\/\"]}]},{\"@type\":\"BreadcrumbList\",\"@id\":\"https:\\\/\\\/qtmm.org\\\/qt\\\/qirim-tatar-milli-meclisi-reisi-m-cemiloglunun-6-qurultayin-1-oturumumda-konusmasi\\\/#breadcrumb\",\"itemListElement\":[{\"@type\":\"ListItem\",\"position\":1,\"name\":\"\u0413\u043e\u043b\u043e\u0432\u043d\u0430\",\"item\":\"https:\\\/\\\/qtmm.org\\\/qt\\\/\"},{\"@type\":\"ListItem\",\"position\":2,\"name\":\"Q\u0131r\u0131m Tatar Milli Meclisi Reisi M. Cemilo\u011flu\u2019nun 6 Qurultay\u0131n 1 Oturumumda konu\u015fmas\u0131\"}]},{\"@type\":\"WebSite\",\"@id\":\"https:\\\/\\\/qtmm.org\\\/qt\\\/#website\",\"url\":\"https:\\\/\\\/qtmm.org\\\/qt\\\/\",\"name\":\"\u041c\u0435\u0434\u0436\u043b\u0456\u0441\",\"description\":\"\",\"publisher\":{\"@id\":\"https:\\\/\\\/qtmm.org\\\/qt\\\/#organization\"},\"potentialAction\":[{\"@type\":\"SearchAction\",\"target\":{\"@type\":\"EntryPoint\",\"urlTemplate\":\"https:\\\/\\\/qtmm.org\\\/qt\\\/?s={search_term_string}\"},\"query-input\":{\"@type\":\"PropertyValueSpecification\",\"valueRequired\":true,\"valueName\":\"search_term_string\"}}],\"inLanguage\":\"qt\"},{\"@type\":\"Organization\",\"@id\":\"https:\\\/\\\/qtmm.org\\\/qt\\\/#organization\",\"name\":\"\u041c\u0435\u0434\u0436\u043b\u0456\u0441\",\"url\":\"https:\\\/\\\/qtmm.org\\\/qt\\\/\",\"logo\":{\"@type\":\"ImageObject\",\"inLanguage\":\"qt\",\"@id\":\"https:\\\/\\\/qtmm.org\\\/qt\\\/#\\\/schema\\\/logo\\\/image\\\/\",\"url\":\"https:\\\/\\\/qtmm.org\\\/wp-content\\\/uploads\\\/2024\\\/12\\\/ua-mejlis-logo-rgb.svg\",\"contentUrl\":\"https:\\\/\\\/qtmm.org\\\/wp-content\\\/uploads\\\/2024\\\/12\\\/ua-mejlis-logo-rgb.svg\",\"caption\":\"\u041c\u0435\u0434\u0436\u043b\u0456\u0441\"},\"image\":{\"@id\":\"https:\\\/\\\/qtmm.org\\\/qt\\\/#\\\/schema\\\/logo\\\/image\\\/\"},\"sameAs\":[\"https:\\\/\\\/www.facebook.com\\\/qtmm.info\\\/\"]},{\"@type\":\"Person\",\"@id\":\"https:\\\/\\\/qtmm.org\\\/qt\\\/#\\\/schema\\\/person\\\/de562469f971dec226ac06e60bbf74a7\",\"name\":\"Developer\",\"image\":{\"@type\":\"ImageObject\",\"inLanguage\":\"qt\",\"@id\":\"https:\\\/\\\/secure.gravatar.com\\\/avatar\\\/392b4cc8fbfeb00b39dfeeab4ee6edded39ffd48e25858637e4765810300227e?s=96&d=mm&r=g\",\"url\":\"https:\\\/\\\/secure.gravatar.com\\\/avatar\\\/392b4cc8fbfeb00b39dfeeab4ee6edded39ffd48e25858637e4765810300227e?s=96&d=mm&r=g\",\"contentUrl\":\"https:\\\/\\\/secure.gravatar.com\\\/avatar\\\/392b4cc8fbfeb00b39dfeeab4ee6edded39ffd48e25858637e4765810300227e?s=96&d=mm&r=g\",\"caption\":\"Developer\"},\"url\":\"https:\\\/\\\/qtmm.org\\\/qt\\\/author\\\/Developer\\\/\"}]}<\/script>\n<!-- \/ Yoast SEO plugin. -->","yoast_head_json":{"title":"Q\u0131r\u0131m Tatar Milli Meclisi Reisi M. Cemilo\u011flu\u2019nun 6 Qurultay\u0131n 1 Oturumumda konu\u015fmas\u0131 - \u041c\u0435\u0434\u0436\u043b\u0456\u0441","robots":{"index":"index","follow":"follow","max-snippet":"max-snippet:-1","max-image-preview":"max-image-preview:large","max-video-preview":"max-video-preview:-1"},"canonical":"https:\/\/qtmm.org\/qt\/qirim-tatar-milli-meclisi-reisi-m-cemiloglunun-6-qurultayin-1-oturumumda-konusmasi\/","og_locale":"en_US","og_type":"article","og_title":"Q\u0131r\u0131m Tatar Milli Meclisi Reisi M. Cemilo\u011flu\u2019nun 6 Qurultay\u0131n 1 Oturumumda konu\u015fmas\u0131 - \u041c\u0435\u0434\u0436\u043b\u0456\u0441","og_description":"Q\u0131r\u0131m Tatar Milli Meclisi Reisi M. Cemilo\u011flu\u2019nun 6. Qurultay\u0131n 1.Oturumumda konu\u015fmas\u0131 (26 Ekim, 2013., Aqmescit) Say\u011f\u0131l\u0131 6 Qurultay vekilleri, say\u011f\u0131l\u0131 misafirlerimiz. \u0130lk \u00f6nce t\u00fcm Qurultay vekillerini bu milletimizin en y\u00fcksek qurulu\u015funa se\u00e7ildiklerinden dolay\u0131 samimiyetle tebrik etmek isteyim. \u00dcmit ederim ki, t\u00fcm vekillerimiz se\u00e7ildikleri 5 y\u0131ll\u0131q m\u00fcddet i\u00e7erisinde bu milletni en iyi ve onurlu \u015fekilde temsil [&hellip;]","og_url":"https:\/\/qtmm.org\/qt\/qirim-tatar-milli-meclisi-reisi-m-cemiloglunun-6-qurultayin-1-oturumumda-konusmasi\/","og_site_name":"\u041c\u0435\u0434\u0436\u043b\u0456\u0441","article_publisher":"https:\/\/www.facebook.com\/qtmm.info\/","article_published_time":"2013-10-25T21:20:00+00:00","article_modified_time":"2022-01-25T21:21:35+00:00","author":"Developer","twitter_card":"summary_large_image","twitter_misc":{"Written by":"Developer","Est. reading time":"23 minutes"},"schema":{"@context":"https:\/\/schema.org","@graph":[{"@type":"Article","@id":"https:\/\/qtmm.org\/qt\/qirim-tatar-milli-meclisi-reisi-m-cemiloglunun-6-qurultayin-1-oturumumda-konusmasi\/#article","isPartOf":{"@id":"https:\/\/qtmm.org\/qt\/qirim-tatar-milli-meclisi-reisi-m-cemiloglunun-6-qurultayin-1-oturumumda-konusmasi\/"},"author":{"name":"Developer","@id":"https:\/\/qtmm.org\/qt\/#\/schema\/person\/de562469f971dec226ac06e60bbf74a7"},"headline":"Q\u0131r\u0131m Tatar Milli Meclisi Reisi M. Cemilo\u011flu\u2019nun 6 Qurultay\u0131n 1 Oturumumda konu\u015fmas\u0131","datePublished":"2013-10-25T21:20:00+00:00","dateModified":"2022-01-25T21:21:35+00:00","mainEntityOfPage":{"@id":"https:\/\/qtmm.org\/qt\/qirim-tatar-milli-meclisi-reisi-m-cemiloglunun-6-qurultayin-1-oturumumda-konusmasi\/"},"wordCount":5029,"commentCount":0,"publisher":{"@id":"https:\/\/qtmm.org\/qt\/#organization"},"articleSection":["Haberler"],"inLanguage":"qt","potentialAction":[{"@type":"CommentAction","name":"Comment","target":["https:\/\/qtmm.org\/qt\/qirim-tatar-milli-meclisi-reisi-m-cemiloglunun-6-qurultayin-1-oturumumda-konusmasi\/#respond"]}]},{"@type":"WebPage","@id":"https:\/\/qtmm.org\/qt\/qirim-tatar-milli-meclisi-reisi-m-cemiloglunun-6-qurultayin-1-oturumumda-konusmasi\/","url":"https:\/\/qtmm.org\/qt\/qirim-tatar-milli-meclisi-reisi-m-cemiloglunun-6-qurultayin-1-oturumumda-konusmasi\/","name":"Q\u0131r\u0131m Tatar Milli Meclisi Reisi M. Cemilo\u011flu\u2019nun 6 Qurultay\u0131n 1 Oturumumda konu\u015fmas\u0131 - \u041c\u0435\u0434\u0436\u043b\u0456\u0441","isPartOf":{"@id":"https:\/\/qtmm.org\/qt\/#website"},"datePublished":"2013-10-25T21:20:00+00:00","dateModified":"2022-01-25T21:21:35+00:00","breadcrumb":{"@id":"https:\/\/qtmm.org\/qt\/qirim-tatar-milli-meclisi-reisi-m-cemiloglunun-6-qurultayin-1-oturumumda-konusmasi\/#breadcrumb"},"inLanguage":"qt","potentialAction":[{"@type":"ReadAction","target":["https:\/\/qtmm.org\/qt\/qirim-tatar-milli-meclisi-reisi-m-cemiloglunun-6-qurultayin-1-oturumumda-konusmasi\/"]}]},{"@type":"BreadcrumbList","@id":"https:\/\/qtmm.org\/qt\/qirim-tatar-milli-meclisi-reisi-m-cemiloglunun-6-qurultayin-1-oturumumda-konusmasi\/#breadcrumb","itemListElement":[{"@type":"ListItem","position":1,"name":"\u0413\u043e\u043b\u043e\u0432\u043d\u0430","item":"https:\/\/qtmm.org\/qt\/"},{"@type":"ListItem","position":2,"name":"Q\u0131r\u0131m Tatar Milli Meclisi Reisi M. Cemilo\u011flu\u2019nun 6 Qurultay\u0131n 1 Oturumumda konu\u015fmas\u0131"}]},{"@type":"WebSite","@id":"https:\/\/qtmm.org\/qt\/#website","url":"https:\/\/qtmm.org\/qt\/","name":"\u041c\u0435\u0434\u0436\u043b\u0456\u0441","description":"","publisher":{"@id":"https:\/\/qtmm.org\/qt\/#organization"},"potentialAction":[{"@type":"SearchAction","target":{"@type":"EntryPoint","urlTemplate":"https:\/\/qtmm.org\/qt\/?s={search_term_string}"},"query-input":{"@type":"PropertyValueSpecification","valueRequired":true,"valueName":"search_term_string"}}],"inLanguage":"qt"},{"@type":"Organization","@id":"https:\/\/qtmm.org\/qt\/#organization","name":"\u041c\u0435\u0434\u0436\u043b\u0456\u0441","url":"https:\/\/qtmm.org\/qt\/","logo":{"@type":"ImageObject","inLanguage":"qt","@id":"https:\/\/qtmm.org\/qt\/#\/schema\/logo\/image\/","url":"https:\/\/qtmm.org\/wp-content\/uploads\/2024\/12\/ua-mejlis-logo-rgb.svg","contentUrl":"https:\/\/qtmm.org\/wp-content\/uploads\/2024\/12\/ua-mejlis-logo-rgb.svg","caption":"\u041c\u0435\u0434\u0436\u043b\u0456\u0441"},"image":{"@id":"https:\/\/qtmm.org\/qt\/#\/schema\/logo\/image\/"},"sameAs":["https:\/\/www.facebook.com\/qtmm.info\/"]},{"@type":"Person","@id":"https:\/\/qtmm.org\/qt\/#\/schema\/person\/de562469f971dec226ac06e60bbf74a7","name":"Developer","image":{"@type":"ImageObject","inLanguage":"qt","@id":"https:\/\/secure.gravatar.com\/avatar\/392b4cc8fbfeb00b39dfeeab4ee6edded39ffd48e25858637e4765810300227e?s=96&d=mm&r=g","url":"https:\/\/secure.gravatar.com\/avatar\/392b4cc8fbfeb00b39dfeeab4ee6edded39ffd48e25858637e4765810300227e?s=96&d=mm&r=g","contentUrl":"https:\/\/secure.gravatar.com\/avatar\/392b4cc8fbfeb00b39dfeeab4ee6edded39ffd48e25858637e4765810300227e?s=96&d=mm&r=g","caption":"Developer"},"url":"https:\/\/qtmm.org\/qt\/author\/Developer\/"}]}},"_links":{"self":[{"href":"https:\/\/qtmm.org\/qt\/wp-json\/wp\/v2\/posts\/39905","targetHints":{"allow":["GET"]}}],"collection":[{"href":"https:\/\/qtmm.org\/qt\/wp-json\/wp\/v2\/posts"}],"about":[{"href":"https:\/\/qtmm.org\/qt\/wp-json\/wp\/v2\/types\/post"}],"author":[{"embeddable":true,"href":"https:\/\/qtmm.org\/qt\/wp-json\/wp\/v2\/users\/1"}],"replies":[{"embeddable":true,"href":"https:\/\/qtmm.org\/qt\/wp-json\/wp\/v2\/comments?post=39905"}],"version-history":[{"count":1,"href":"https:\/\/qtmm.org\/qt\/wp-json\/wp\/v2\/posts\/39905\/revisions"}],"predecessor-version":[{"id":39906,"href":"https:\/\/qtmm.org\/qt\/wp-json\/wp\/v2\/posts\/39905\/revisions\/39906"}],"wp:attachment":[{"href":"https:\/\/qtmm.org\/qt\/wp-json\/wp\/v2\/media?parent=39905"}],"wp:term":[{"taxonomy":"category","embeddable":true,"href":"https:\/\/qtmm.org\/qt\/wp-json\/wp\/v2\/categories?post=39905"},{"taxonomy":"post_tag","embeddable":true,"href":"https:\/\/qtmm.org\/qt\/wp-json\/wp\/v2\/tags?post=39905"}],"curies":[{"name":"wp","href":"https:\/\/api.w.org\/{rel}","templated":true}]}}