




{"id":39891,"date":"2013-10-26T00:19:00","date_gmt":"2013-10-25T21:19:00","guid":{"rendered":"http:\/\/qtmm.org\/?p=39891"},"modified":"2022-01-26T00:20:41","modified_gmt":"2022-01-25T21:20:41","slug":"muhalifet-lideri-yuliya-timosenko-biz-qirimtatar-halqinin-stalin-totalitar-rejimi-tarafindan-bozulgan-oz-vataninda-yasamaq-aqqini-gayridan-tiklemek-kerekmiz","status":"publish","type":"post","link":"https:\/\/qtmm.org\/qt\/muhalifet-lideri-yuliya-timosenko-biz-qirimtatar-halqinin-stalin-totalitar-rejimi-tarafindan-bozulgan-oz-vataninda-yasamaq-aqqini-gayridan-tiklemek-kerekmiz\/","title":{"rendered":"Muhalifet lideri Yuliya Timo\u015fenko: Biz q\u0131r\u0131mtatar halq\u0131n\u0131\u00f1 Stalin totalitar rejimi taraf\u0131ndan bozul\u011fan \u00f6z Vatan\u0131nda ya\u015famaq aqq\u0131n\u0131 \u011fayr\u0131dan tiklemek kerekmiz"},"content":{"rendered":"\n<p>Okt\u00e2br 26 k\u00fcn\u00fc Q\u0131r\u0131mtatar halq\u0131 VI \u00e7a\u011f\u0131r\u0131l\u0131\u015f\u0131 Qurultay\u0131n\u0131\u00f1 1-nci otur\u0131m\u0131 ba\u015fland\u0131<\/p>\n\n\n\n<p>B\u00fct\u00fcnukrain &#8220;Batkiv\u015f\u00e7ina&#8221; birle\u015fmesini\u00f1 lideri Yuliya Timo\u015fenko ad\u0131ndan Q\u0131r\u0131mtatar halq\u0131 VI \u00e7a\u011f\u0131r\u0131l\u0131\u015f\u0131 Qurultay\u0131n\u0131\u00f1 delegatlar\u0131na hay\u0131rlavn\u0131 Ukraina halq deputat\u0131, Ukraina Yuqar\u0131 \u015euras\u0131 Avropa qat\u0131luv\u0131 meseleleri boyunca komitet b\u00f6l\u00fcgini\u00f1 reisi, &#8220;Batkiv\u015f\u00e7ina&#8221; fraktsiyas\u0131 reisini\u00f1 muavini B\u00f6ris Taras\u00fck oqup e\u015fittirdi.<\/p>\n\n\n\n<figure class=\"wp-block-image size-full\"><img loading=\"lazy\" decoding=\"async\" width=\"650\" height=\"378\" src=\"http:\/\/qtmm.org\/wp-content\/uploads\/2022\/01\/timoshenko_yuliya.jpeg\" alt=\"\" class=\"wp-image-39896\" srcset=\"https:\/\/qtmm.org\/wp-content\/uploads\/2022\/01\/timoshenko_yuliya.jpeg 650w, https:\/\/qtmm.org\/wp-content\/uploads\/2022\/01\/timoshenko_yuliya-300x174.jpeg 300w\" sizes=\"auto, (max-width: 650px) 100vw, 650px\" \/><\/figure>\n\n\n\n<p class=\"has-text-align-center\"><strong>&#8220;Q\u0131ymetli dostlar! Ye\u00f1ilmez q\u0131r\u0131mtatar halq\u0131n\u0131\u00f1 say\u011f\u0131l\u0131 vekilleri!<\/strong><\/p>\n\n\n\n<p>Bug\u00fcn q\u0131r\u0131mtatar halq\u0131 aliy vek\u00e2letli organ\u0131 milliy qurultay\u011fa toplan\u011fan delegatlar\u0131n\u0131 samimiy hay\u0131rlay\u0131m. Bug\u00fcn sizlernen beraber olmaq imk\u00e2n\u0131ndan mahrum olaraq g\u00f6\u00f1l\u00fcmnen sizler ile ol\u011fan\u0131mn\u0131 ve sizlerni\u00f1 adaletli i\u015fi\u00f1izge qoltutqan\u0131mn\u0131 bildirmek isteyim.<\/p>\n\n\n\n<p>Men \u015fimdi azatl\u0131qta olmasam da, bili\u00f1iz ki bug\u00fcnki m\u00fcrekkep, munaf\u0131qlar camilerni yaqqanda ve degerlikleri\u00f1izni aqaret etkende, ecdatlar\u0131\u00f1\u0131zn\u0131\u00f1 qan\u0131 t\u00f6k\u00fclgen topraqqa fesat\u00e7\u0131lar milletlerara nefret urluqlar\u0131n\u0131 sa\u00e7qan kergin k\u00fcnlerde sizlernen beraberim. Men sizi\u00f1 a\u011fr\u0131\u00f1\u0131zn\u0131 payla\u015fam ve \u011fadab\u0131\u00f1\u0131zn\u0131 a\u00f1lay\u0131m.<\/p>\n\n\n\n<p>Q\u0131r\u0131m bu c\u00fcmert ve muqaddes bir topraqt\u0131r, Avropa i\u00e7\u00fcn milletlerara ve dinlerara uy\u011funl\u0131q \u00f6rnegi olmaq kerek. Ukrain cemiyeti insanlar aras\u0131nda qav\u011falarn\u0131 toqtatmas\u0131 zarur. Vatanda\u015fl\u0131q a\u00f1\u0131n\u0131 y\u00fckseltmek, devlet siyasiy sistemni demokratla\u015ft\u0131rmaq iyayun \u00e7oq i\u015f yapmam\u0131z kerek.<\/p>\n\n\n\n<p>Biz q\u0131r\u0131mtatar halq\u0131n\u0131\u00f1 Stalinni\u00f1 totalitar rejimi taraf\u0131ndan bozul\u011fan \u00f6z Vatan\u0131nda ya\u015famaq aqq\u0131n\u0131 \u011fayr\u0131dan tiklemek kerekmiz. M\u0131nda aynecilikke yer berilmemek kerek. Bu menim a\u00e7\u0131qtan-a\u00e7\u0131q pozitsiyam. Ve daima b\u00f6yle olacaq, bizim beraber k\u00fcre\u015f al\u0131p barmaq ve zaferlerge iri\u015fmek saas\u0131nda tecribemiz bar. Eminim ki, e\u00f1 b\u00fcy\u00fck ye\u00f1i\u015fimiz daa \u00f6gde.<\/p>\n\n\n\n<p>Q\u0131ymetli q\u0131r\u0131mtatarlar\u0131m! Biz beraber ukrain halq\u0131m\u0131z. Ve eger de halq\u0131m\u0131z aras\u0131nda kimdir qor\u00e7alanma\u011fan olsa, aqlar\u0131 aqs\u0131mlansa, eziyet \u00e7ekse epimizge yaramay ola. Kelecegimizni beraber quram\u0131z. K\u00fc\u00e7lerimizni birle\u015ftirip tuv\u011fan Ukrainam\u0131zn\u0131 k\u00f6terirmiz, beraber Avropa serbest halqlar ailesine qo\u015ful\u0131rm\u0131z. Taliy bizge k\u00fcl\u00fcp baqar!<\/p>\n\n\n\n<p><strong>Q\u0131r\u0131mtatar halq\u0131na \u015fan-\u015ferefler!<\/strong><\/p>\n\n\n\n<p><strong>Ukraina\u011fa \u015fan-\u015ferefler!<\/strong><br>&nbsp;<\/p>\n\n\n\n<p><strong>Sizi\u00f1\u00a0 Yuliya Timo\u015fenko\u00f1\u0131z<\/strong><br><br><em>g.Harkov. Ka\u00e7anov apshanesi<br>25 okt\u00e2b 2013 senesi<\/em>\u00a0B\u00f6ris Taras\u00fck Yuliya Timo\u015fenkon\u0131\u00f1 hay\u0131rlav\u0131n\u0131 oqu\u011fan so\u00f1 Qurultay Prezidium\u0131n\u0131\u00f1 azas\u0131 Refat \u00c7ubarov Qurultay delegatlar\u0131 ad\u0131ndan &#8220;Batkiv\u015f\u00e7ina&#8221; reisi Yuliya Timo\u015fenko\u011fa samimiy s\u00f6zleri i\u00e7\u00fcn te\u015fekk\u00fcr bildirdi.\u00a0&#8220;Q\u0131r\u0131mtatar halq\u0131 Qurultay\u0131 delegatlar\u0131 ad\u0131na bildirgen samimiy ve \u00fcm\u00fct berici s\u00f6zleri\u00f1iz i\u00e7\u00fcn sa\u011f olu\u00f1\u0131z. \u00dcm\u00fct etem ki, b\u00fct\u00fcn delegatlar da bu\u00f1a qo\u015ful\u0131rlar, &#8211; dedi Refat \u00c7ubarov. \u2013 Avropa halqlar\u0131 ailesinde biz ker\u00e7ekten de beraberlikte bizge m\u00fcrekkep k\u00f6r\u00fcngen b\u00fct\u00fcn meselelerni \u00e7ezebilirmiz. Biz \u00f6z topra\u011f\u0131m\u0131zdam\u0131z ve biz mustaqil Ukraina devleti terkibinde belgilenirmiz. Biz daima beraber olurm\u0131z ve i\u00e7 kimse bu\u00f1a keder etip olamaz&#8221;.<\/p>\n\n\n\n<figure class=\"wp-block-image size-full\"><img loading=\"lazy\" decoding=\"async\" width=\"952\" height=\"650\" src=\"http:\/\/qtmm.org\/wp-content\/uploads\/2022\/01\/timoshenko-rotated.jpeg\" alt=\"\" class=\"wp-image-39900\" srcset=\"https:\/\/qtmm.org\/wp-content\/uploads\/2022\/01\/timoshenko-rotated.jpeg 952w, https:\/\/qtmm.org\/wp-content\/uploads\/2022\/01\/timoshenko-300x205.jpeg 300w, https:\/\/qtmm.org\/wp-content\/uploads\/2022\/01\/timoshenko-768x524.jpeg 768w\" sizes=\"auto, (max-width: 952px) 100vw, 952px\" \/><\/figure>\n","protected":false},"excerpt":{"rendered":"<p>Okt\u00e2br 26 k\u00fcn\u00fc Q\u0131r\u0131mtatar halq\u0131 VI \u00e7a\u011f\u0131r\u0131l\u0131\u015f\u0131 Qurultay\u0131n\u0131\u00f1 1-nci otur\u0131m\u0131 ba\u015fland\u0131 B\u00fct\u00fcnukrain &#8220;Batkiv\u015f\u00e7ina&#8221; birle\u015fmesini\u00f1 lideri Yuliya Timo\u015fenko ad\u0131ndan Q\u0131r\u0131mtatar halq\u0131 VI \u00e7a\u011f\u0131r\u0131l\u0131\u015f\u0131 Qurultay\u0131n\u0131\u00f1 delegatlar\u0131na hay\u0131rlavn\u0131 Ukraina halq deputat\u0131, Ukraina Yuqar\u0131 \u015euras\u0131 Avropa qat\u0131luv\u0131 meseleleri boyunca komitet b\u00f6l\u00fcgini\u00f1 reisi, &#8220;Batkiv\u015f\u00e7ina&#8221; fraktsiyas\u0131 reisini\u00f1 muavini B\u00f6ris Taras\u00fck oqup e\u015fittirdi. &#8220;Q\u0131ymetli dostlar! Ye\u00f1ilmez q\u0131r\u0131mtatar halq\u0131n\u0131\u00f1 say\u011f\u0131l\u0131 vekilleri! Bug\u00fcn q\u0131r\u0131mtatar [&hellip;]<\/p>\n","protected":false},"author":1,"featured_media":39892,"comment_status":"open","ping_status":"open","sticky":false,"template":"","format":"standard","meta":{"inline_featured_image":false,"footnotes":""},"categories":[265],"tags":[],"class_list":["post-39891","post","type-post","status-publish","format-standard","has-post-thumbnail","hentry","category-haberler"],"acf":[],"yoast_head":"<!-- This site is optimized with the Yoast SEO plugin v27.4 - https:\/\/yoast.com\/product\/yoast-seo-wordpress\/ -->\n<title>Muhalifet lideri Yuliya Timo\u015fenko: Biz q\u0131r\u0131mtatar halq\u0131n\u0131\u00f1 Stalin totalitar rejimi taraf\u0131ndan bozul\u011fan \u00f6z Vatan\u0131nda ya\u015famaq aqq\u0131n\u0131 \u011fayr\u0131dan tiklemek kerekmiz - \u041c\u0435\u0434\u0436\u043b\u0456\u0441<\/title>\n<meta name=\"robots\" content=\"index, follow, max-snippet:-1, max-image-preview:large, max-video-preview:-1\" \/>\n<link rel=\"canonical\" href=\"https:\/\/qtmm.org\/qt\/muhalifet-lideri-yuliya-timosenko-biz-qirimtatar-halqinin-stalin-totalitar-rejimi-tarafindan-bozulgan-oz-vataninda-yasamaq-aqqini-gayridan-tiklemek-kerekmiz\/\" \/>\n<meta property=\"og:locale\" content=\"en_US\" \/>\n<meta property=\"og:type\" content=\"article\" \/>\n<meta property=\"og:title\" content=\"Muhalifet lideri Yuliya Timo\u015fenko: Biz q\u0131r\u0131mtatar halq\u0131n\u0131\u00f1 Stalin totalitar rejimi taraf\u0131ndan bozul\u011fan \u00f6z Vatan\u0131nda ya\u015famaq aqq\u0131n\u0131 \u011fayr\u0131dan tiklemek kerekmiz - \u041c\u0435\u0434\u0436\u043b\u0456\u0441\" \/>\n<meta property=\"og:description\" content=\"Okt\u00e2br 26 k\u00fcn\u00fc Q\u0131r\u0131mtatar halq\u0131 VI \u00e7a\u011f\u0131r\u0131l\u0131\u015f\u0131 Qurultay\u0131n\u0131\u00f1 1-nci otur\u0131m\u0131 ba\u015fland\u0131 B\u00fct\u00fcnukrain &#8220;Batkiv\u015f\u00e7ina&#8221; birle\u015fmesini\u00f1 lideri Yuliya Timo\u015fenko ad\u0131ndan Q\u0131r\u0131mtatar halq\u0131 VI \u00e7a\u011f\u0131r\u0131l\u0131\u015f\u0131 Qurultay\u0131n\u0131\u00f1 delegatlar\u0131na hay\u0131rlavn\u0131 Ukraina halq deputat\u0131, Ukraina Yuqar\u0131 \u015euras\u0131 Avropa qat\u0131luv\u0131 meseleleri boyunca komitet b\u00f6l\u00fcgini\u00f1 reisi, &#8220;Batkiv\u015f\u00e7ina&#8221; fraktsiyas\u0131 reisini\u00f1 muavini B\u00f6ris Taras\u00fck oqup e\u015fittirdi. &#8220;Q\u0131ymetli dostlar! Ye\u00f1ilmez q\u0131r\u0131mtatar halq\u0131n\u0131\u00f1 say\u011f\u0131l\u0131 vekilleri! Bug\u00fcn q\u0131r\u0131mtatar [&hellip;]\" \/>\n<meta property=\"og:url\" content=\"https:\/\/qtmm.org\/qt\/muhalifet-lideri-yuliya-timosenko-biz-qirimtatar-halqinin-stalin-totalitar-rejimi-tarafindan-bozulgan-oz-vataninda-yasamaq-aqqini-gayridan-tiklemek-kerekmiz\/\" \/>\n<meta property=\"og:site_name\" content=\"\u041c\u0435\u0434\u0436\u043b\u0456\u0441\" \/>\n<meta property=\"article:publisher\" content=\"https:\/\/www.facebook.com\/qtmm.info\/\" \/>\n<meta property=\"article:published_time\" content=\"2013-10-25T21:19:00+00:00\" \/>\n<meta property=\"article:modified_time\" content=\"2022-01-25T21:20:41+00:00\" \/>\n<meta property=\"og:image\" content=\"https:\/\/qtmm.org\/wp-content\/uploads\/2022\/01\/vitannya_timoshenko.jpeg\" \/>\n\t<meta property=\"og:image:width\" content=\"650\" \/>\n\t<meta property=\"og:image:height\" content=\"380\" \/>\n\t<meta property=\"og:image:type\" content=\"image\/jpeg\" \/>\n<meta name=\"author\" content=\"Developer\" \/>\n<meta name=\"twitter:card\" content=\"summary_large_image\" \/>\n<meta name=\"twitter:label1\" content=\"Written by\" \/>\n\t<meta name=\"twitter:data1\" content=\"Developer\" \/>\n\t<meta name=\"twitter:label2\" content=\"Est. reading time\" \/>\n\t<meta name=\"twitter:data2\" content=\"3 minutes\" \/>\n<script type=\"application\/ld+json\" class=\"yoast-schema-graph\">{\"@context\":\"https:\\\/\\\/schema.org\",\"@graph\":[{\"@type\":\"Article\",\"@id\":\"https:\\\/\\\/qtmm.org\\\/qt\\\/muhalifet-lideri-yuliya-timosenko-biz-qirimtatar-halqinin-stalin-totalitar-rejimi-tarafindan-bozulgan-oz-vataninda-yasamaq-aqqini-gayridan-tiklemek-kerekmiz\\\/#article\",\"isPartOf\":{\"@id\":\"https:\\\/\\\/qtmm.org\\\/qt\\\/muhalifet-lideri-yuliya-timosenko-biz-qirimtatar-halqinin-stalin-totalitar-rejimi-tarafindan-bozulgan-oz-vataninda-yasamaq-aqqini-gayridan-tiklemek-kerekmiz\\\/\"},\"author\":{\"name\":\"Developer\",\"@id\":\"https:\\\/\\\/qtmm.org\\\/qt\\\/#\\\/schema\\\/person\\\/de562469f971dec226ac06e60bbf74a7\"},\"headline\":\"Muhalifet lideri Yuliya Timo\u015fenko: Biz q\u0131r\u0131mtatar halq\u0131n\u0131\u00f1 Stalin totalitar rejimi taraf\u0131ndan bozul\u011fan \u00f6z Vatan\u0131nda ya\u015famaq aqq\u0131n\u0131 \u011fayr\u0131dan tiklemek kerekmiz\",\"datePublished\":\"2013-10-25T21:19:00+00:00\",\"dateModified\":\"2022-01-25T21:20:41+00:00\",\"mainEntityOfPage\":{\"@id\":\"https:\\\/\\\/qtmm.org\\\/qt\\\/muhalifet-lideri-yuliya-timosenko-biz-qirimtatar-halqinin-stalin-totalitar-rejimi-tarafindan-bozulgan-oz-vataninda-yasamaq-aqqini-gayridan-tiklemek-kerekmiz\\\/\"},\"wordCount\":549,\"commentCount\":0,\"publisher\":{\"@id\":\"https:\\\/\\\/qtmm.org\\\/qt\\\/#organization\"},\"image\":{\"@id\":\"https:\\\/\\\/qtmm.org\\\/qt\\\/muhalifet-lideri-yuliya-timosenko-biz-qirimtatar-halqinin-stalin-totalitar-rejimi-tarafindan-bozulgan-oz-vataninda-yasamaq-aqqini-gayridan-tiklemek-kerekmiz\\\/#primaryimage\"},\"thumbnailUrl\":\"https:\\\/\\\/qtmm.org\\\/wp-content\\\/uploads\\\/2022\\\/01\\\/vitannya_timoshenko.jpeg\",\"articleSection\":[\"Haberler\"],\"inLanguage\":\"qt\",\"potentialAction\":[{\"@type\":\"CommentAction\",\"name\":\"Comment\",\"target\":[\"https:\\\/\\\/qtmm.org\\\/qt\\\/muhalifet-lideri-yuliya-timosenko-biz-qirimtatar-halqinin-stalin-totalitar-rejimi-tarafindan-bozulgan-oz-vataninda-yasamaq-aqqini-gayridan-tiklemek-kerekmiz\\\/#respond\"]}]},{\"@type\":\"WebPage\",\"@id\":\"https:\\\/\\\/qtmm.org\\\/qt\\\/muhalifet-lideri-yuliya-timosenko-biz-qirimtatar-halqinin-stalin-totalitar-rejimi-tarafindan-bozulgan-oz-vataninda-yasamaq-aqqini-gayridan-tiklemek-kerekmiz\\\/\",\"url\":\"https:\\\/\\\/qtmm.org\\\/qt\\\/muhalifet-lideri-yuliya-timosenko-biz-qirimtatar-halqinin-stalin-totalitar-rejimi-tarafindan-bozulgan-oz-vataninda-yasamaq-aqqini-gayridan-tiklemek-kerekmiz\\\/\",\"name\":\"Muhalifet lideri Yuliya Timo\u015fenko: Biz q\u0131r\u0131mtatar halq\u0131n\u0131\u00f1 Stalin totalitar rejimi taraf\u0131ndan bozul\u011fan \u00f6z Vatan\u0131nda ya\u015famaq aqq\u0131n\u0131 \u011fayr\u0131dan tiklemek kerekmiz - \u041c\u0435\u0434\u0436\u043b\u0456\u0441\",\"isPartOf\":{\"@id\":\"https:\\\/\\\/qtmm.org\\\/qt\\\/#website\"},\"primaryImageOfPage\":{\"@id\":\"https:\\\/\\\/qtmm.org\\\/qt\\\/muhalifet-lideri-yuliya-timosenko-biz-qirimtatar-halqinin-stalin-totalitar-rejimi-tarafindan-bozulgan-oz-vataninda-yasamaq-aqqini-gayridan-tiklemek-kerekmiz\\\/#primaryimage\"},\"image\":{\"@id\":\"https:\\\/\\\/qtmm.org\\\/qt\\\/muhalifet-lideri-yuliya-timosenko-biz-qirimtatar-halqinin-stalin-totalitar-rejimi-tarafindan-bozulgan-oz-vataninda-yasamaq-aqqini-gayridan-tiklemek-kerekmiz\\\/#primaryimage\"},\"thumbnailUrl\":\"https:\\\/\\\/qtmm.org\\\/wp-content\\\/uploads\\\/2022\\\/01\\\/vitannya_timoshenko.jpeg\",\"datePublished\":\"2013-10-25T21:19:00+00:00\",\"dateModified\":\"2022-01-25T21:20:41+00:00\",\"breadcrumb\":{\"@id\":\"https:\\\/\\\/qtmm.org\\\/qt\\\/muhalifet-lideri-yuliya-timosenko-biz-qirimtatar-halqinin-stalin-totalitar-rejimi-tarafindan-bozulgan-oz-vataninda-yasamaq-aqqini-gayridan-tiklemek-kerekmiz\\\/#breadcrumb\"},\"inLanguage\":\"qt\",\"potentialAction\":[{\"@type\":\"ReadAction\",\"target\":[\"https:\\\/\\\/qtmm.org\\\/qt\\\/muhalifet-lideri-yuliya-timosenko-biz-qirimtatar-halqinin-stalin-totalitar-rejimi-tarafindan-bozulgan-oz-vataninda-yasamaq-aqqini-gayridan-tiklemek-kerekmiz\\\/\"]}]},{\"@type\":\"ImageObject\",\"inLanguage\":\"qt\",\"@id\":\"https:\\\/\\\/qtmm.org\\\/qt\\\/muhalifet-lideri-yuliya-timosenko-biz-qirimtatar-halqinin-stalin-totalitar-rejimi-tarafindan-bozulgan-oz-vataninda-yasamaq-aqqini-gayridan-tiklemek-kerekmiz\\\/#primaryimage\",\"url\":\"https:\\\/\\\/qtmm.org\\\/wp-content\\\/uploads\\\/2022\\\/01\\\/vitannya_timoshenko.jpeg\",\"contentUrl\":\"https:\\\/\\\/qtmm.org\\\/wp-content\\\/uploads\\\/2022\\\/01\\\/vitannya_timoshenko.jpeg\",\"width\":650,\"height\":380},{\"@type\":\"BreadcrumbList\",\"@id\":\"https:\\\/\\\/qtmm.org\\\/qt\\\/muhalifet-lideri-yuliya-timosenko-biz-qirimtatar-halqinin-stalin-totalitar-rejimi-tarafindan-bozulgan-oz-vataninda-yasamaq-aqqini-gayridan-tiklemek-kerekmiz\\\/#breadcrumb\",\"itemListElement\":[{\"@type\":\"ListItem\",\"position\":1,\"name\":\"\u0413\u043e\u043b\u043e\u0432\u043d\u0430\",\"item\":\"https:\\\/\\\/qtmm.org\\\/qt\\\/\"},{\"@type\":\"ListItem\",\"position\":2,\"name\":\"Muhalifet lideri Yuliya Timo\u015fenko: Biz q\u0131r\u0131mtatar halq\u0131n\u0131\u00f1 Stalin totalitar rejimi taraf\u0131ndan bozul\u011fan \u00f6z Vatan\u0131nda ya\u015famaq aqq\u0131n\u0131 \u011fayr\u0131dan tiklemek kerekmiz\"}]},{\"@type\":\"WebSite\",\"@id\":\"https:\\\/\\\/qtmm.org\\\/qt\\\/#website\",\"url\":\"https:\\\/\\\/qtmm.org\\\/qt\\\/\",\"name\":\"\u041c\u0435\u0434\u0436\u043b\u0456\u0441\",\"description\":\"\",\"publisher\":{\"@id\":\"https:\\\/\\\/qtmm.org\\\/qt\\\/#organization\"},\"potentialAction\":[{\"@type\":\"SearchAction\",\"target\":{\"@type\":\"EntryPoint\",\"urlTemplate\":\"https:\\\/\\\/qtmm.org\\\/qt\\\/?s={search_term_string}\"},\"query-input\":{\"@type\":\"PropertyValueSpecification\",\"valueRequired\":true,\"valueName\":\"search_term_string\"}}],\"inLanguage\":\"qt\"},{\"@type\":\"Organization\",\"@id\":\"https:\\\/\\\/qtmm.org\\\/qt\\\/#organization\",\"name\":\"\u041c\u0435\u0434\u0436\u043b\u0456\u0441\",\"url\":\"https:\\\/\\\/qtmm.org\\\/qt\\\/\",\"logo\":{\"@type\":\"ImageObject\",\"inLanguage\":\"qt\",\"@id\":\"https:\\\/\\\/qtmm.org\\\/qt\\\/#\\\/schema\\\/logo\\\/image\\\/\",\"url\":\"https:\\\/\\\/qtmm.org\\\/wp-content\\\/uploads\\\/2024\\\/12\\\/ua-mejlis-logo-rgb.svg\",\"contentUrl\":\"https:\\\/\\\/qtmm.org\\\/wp-content\\\/uploads\\\/2024\\\/12\\\/ua-mejlis-logo-rgb.svg\",\"caption\":\"\u041c\u0435\u0434\u0436\u043b\u0456\u0441\"},\"image\":{\"@id\":\"https:\\\/\\\/qtmm.org\\\/qt\\\/#\\\/schema\\\/logo\\\/image\\\/\"},\"sameAs\":[\"https:\\\/\\\/www.facebook.com\\\/qtmm.info\\\/\"]},{\"@type\":\"Person\",\"@id\":\"https:\\\/\\\/qtmm.org\\\/qt\\\/#\\\/schema\\\/person\\\/de562469f971dec226ac06e60bbf74a7\",\"name\":\"Developer\",\"image\":{\"@type\":\"ImageObject\",\"inLanguage\":\"qt\",\"@id\":\"https:\\\/\\\/secure.gravatar.com\\\/avatar\\\/392b4cc8fbfeb00b39dfeeab4ee6edded39ffd48e25858637e4765810300227e?s=96&d=mm&r=g\",\"url\":\"https:\\\/\\\/secure.gravatar.com\\\/avatar\\\/392b4cc8fbfeb00b39dfeeab4ee6edded39ffd48e25858637e4765810300227e?s=96&d=mm&r=g\",\"contentUrl\":\"https:\\\/\\\/secure.gravatar.com\\\/avatar\\\/392b4cc8fbfeb00b39dfeeab4ee6edded39ffd48e25858637e4765810300227e?s=96&d=mm&r=g\",\"caption\":\"Developer\"},\"url\":\"https:\\\/\\\/qtmm.org\\\/qt\\\/author\\\/Developer\\\/\"}]}<\/script>\n<!-- \/ Yoast SEO plugin. -->","yoast_head_json":{"title":"Muhalifet lideri Yuliya Timo\u015fenko: Biz q\u0131r\u0131mtatar halq\u0131n\u0131\u00f1 Stalin totalitar rejimi taraf\u0131ndan bozul\u011fan \u00f6z Vatan\u0131nda ya\u015famaq aqq\u0131n\u0131 \u011fayr\u0131dan tiklemek kerekmiz - \u041c\u0435\u0434\u0436\u043b\u0456\u0441","robots":{"index":"index","follow":"follow","max-snippet":"max-snippet:-1","max-image-preview":"max-image-preview:large","max-video-preview":"max-video-preview:-1"},"canonical":"https:\/\/qtmm.org\/qt\/muhalifet-lideri-yuliya-timosenko-biz-qirimtatar-halqinin-stalin-totalitar-rejimi-tarafindan-bozulgan-oz-vataninda-yasamaq-aqqini-gayridan-tiklemek-kerekmiz\/","og_locale":"en_US","og_type":"article","og_title":"Muhalifet lideri Yuliya Timo\u015fenko: Biz q\u0131r\u0131mtatar halq\u0131n\u0131\u00f1 Stalin totalitar rejimi taraf\u0131ndan bozul\u011fan \u00f6z Vatan\u0131nda ya\u015famaq aqq\u0131n\u0131 \u011fayr\u0131dan tiklemek kerekmiz - \u041c\u0435\u0434\u0436\u043b\u0456\u0441","og_description":"Okt\u00e2br 26 k\u00fcn\u00fc Q\u0131r\u0131mtatar halq\u0131 VI \u00e7a\u011f\u0131r\u0131l\u0131\u015f\u0131 Qurultay\u0131n\u0131\u00f1 1-nci otur\u0131m\u0131 ba\u015fland\u0131 B\u00fct\u00fcnukrain &#8220;Batkiv\u015f\u00e7ina&#8221; birle\u015fmesini\u00f1 lideri Yuliya Timo\u015fenko ad\u0131ndan Q\u0131r\u0131mtatar halq\u0131 VI \u00e7a\u011f\u0131r\u0131l\u0131\u015f\u0131 Qurultay\u0131n\u0131\u00f1 delegatlar\u0131na hay\u0131rlavn\u0131 Ukraina halq deputat\u0131, Ukraina Yuqar\u0131 \u015euras\u0131 Avropa qat\u0131luv\u0131 meseleleri boyunca komitet b\u00f6l\u00fcgini\u00f1 reisi, &#8220;Batkiv\u015f\u00e7ina&#8221; fraktsiyas\u0131 reisini\u00f1 muavini B\u00f6ris Taras\u00fck oqup e\u015fittirdi. &#8220;Q\u0131ymetli dostlar! Ye\u00f1ilmez q\u0131r\u0131mtatar halq\u0131n\u0131\u00f1 say\u011f\u0131l\u0131 vekilleri! Bug\u00fcn q\u0131r\u0131mtatar [&hellip;]","og_url":"https:\/\/qtmm.org\/qt\/muhalifet-lideri-yuliya-timosenko-biz-qirimtatar-halqinin-stalin-totalitar-rejimi-tarafindan-bozulgan-oz-vataninda-yasamaq-aqqini-gayridan-tiklemek-kerekmiz\/","og_site_name":"\u041c\u0435\u0434\u0436\u043b\u0456\u0441","article_publisher":"https:\/\/www.facebook.com\/qtmm.info\/","article_published_time":"2013-10-25T21:19:00+00:00","article_modified_time":"2022-01-25T21:20:41+00:00","og_image":[{"width":650,"height":380,"url":"https:\/\/qtmm.org\/wp-content\/uploads\/2022\/01\/vitannya_timoshenko.jpeg","type":"image\/jpeg"}],"author":"Developer","twitter_card":"summary_large_image","twitter_misc":{"Written by":"Developer","Est. reading time":"3 minutes"},"schema":{"@context":"https:\/\/schema.org","@graph":[{"@type":"Article","@id":"https:\/\/qtmm.org\/qt\/muhalifet-lideri-yuliya-timosenko-biz-qirimtatar-halqinin-stalin-totalitar-rejimi-tarafindan-bozulgan-oz-vataninda-yasamaq-aqqini-gayridan-tiklemek-kerekmiz\/#article","isPartOf":{"@id":"https:\/\/qtmm.org\/qt\/muhalifet-lideri-yuliya-timosenko-biz-qirimtatar-halqinin-stalin-totalitar-rejimi-tarafindan-bozulgan-oz-vataninda-yasamaq-aqqini-gayridan-tiklemek-kerekmiz\/"},"author":{"name":"Developer","@id":"https:\/\/qtmm.org\/qt\/#\/schema\/person\/de562469f971dec226ac06e60bbf74a7"},"headline":"Muhalifet lideri Yuliya Timo\u015fenko: Biz q\u0131r\u0131mtatar halq\u0131n\u0131\u00f1 Stalin totalitar rejimi taraf\u0131ndan bozul\u011fan \u00f6z Vatan\u0131nda ya\u015famaq aqq\u0131n\u0131 \u011fayr\u0131dan tiklemek kerekmiz","datePublished":"2013-10-25T21:19:00+00:00","dateModified":"2022-01-25T21:20:41+00:00","mainEntityOfPage":{"@id":"https:\/\/qtmm.org\/qt\/muhalifet-lideri-yuliya-timosenko-biz-qirimtatar-halqinin-stalin-totalitar-rejimi-tarafindan-bozulgan-oz-vataninda-yasamaq-aqqini-gayridan-tiklemek-kerekmiz\/"},"wordCount":549,"commentCount":0,"publisher":{"@id":"https:\/\/qtmm.org\/qt\/#organization"},"image":{"@id":"https:\/\/qtmm.org\/qt\/muhalifet-lideri-yuliya-timosenko-biz-qirimtatar-halqinin-stalin-totalitar-rejimi-tarafindan-bozulgan-oz-vataninda-yasamaq-aqqini-gayridan-tiklemek-kerekmiz\/#primaryimage"},"thumbnailUrl":"https:\/\/qtmm.org\/wp-content\/uploads\/2022\/01\/vitannya_timoshenko.jpeg","articleSection":["Haberler"],"inLanguage":"qt","potentialAction":[{"@type":"CommentAction","name":"Comment","target":["https:\/\/qtmm.org\/qt\/muhalifet-lideri-yuliya-timosenko-biz-qirimtatar-halqinin-stalin-totalitar-rejimi-tarafindan-bozulgan-oz-vataninda-yasamaq-aqqini-gayridan-tiklemek-kerekmiz\/#respond"]}]},{"@type":"WebPage","@id":"https:\/\/qtmm.org\/qt\/muhalifet-lideri-yuliya-timosenko-biz-qirimtatar-halqinin-stalin-totalitar-rejimi-tarafindan-bozulgan-oz-vataninda-yasamaq-aqqini-gayridan-tiklemek-kerekmiz\/","url":"https:\/\/qtmm.org\/qt\/muhalifet-lideri-yuliya-timosenko-biz-qirimtatar-halqinin-stalin-totalitar-rejimi-tarafindan-bozulgan-oz-vataninda-yasamaq-aqqini-gayridan-tiklemek-kerekmiz\/","name":"Muhalifet lideri Yuliya Timo\u015fenko: Biz q\u0131r\u0131mtatar halq\u0131n\u0131\u00f1 Stalin totalitar rejimi taraf\u0131ndan bozul\u011fan \u00f6z Vatan\u0131nda ya\u015famaq aqq\u0131n\u0131 \u011fayr\u0131dan tiklemek kerekmiz - \u041c\u0435\u0434\u0436\u043b\u0456\u0441","isPartOf":{"@id":"https:\/\/qtmm.org\/qt\/#website"},"primaryImageOfPage":{"@id":"https:\/\/qtmm.org\/qt\/muhalifet-lideri-yuliya-timosenko-biz-qirimtatar-halqinin-stalin-totalitar-rejimi-tarafindan-bozulgan-oz-vataninda-yasamaq-aqqini-gayridan-tiklemek-kerekmiz\/#primaryimage"},"image":{"@id":"https:\/\/qtmm.org\/qt\/muhalifet-lideri-yuliya-timosenko-biz-qirimtatar-halqinin-stalin-totalitar-rejimi-tarafindan-bozulgan-oz-vataninda-yasamaq-aqqini-gayridan-tiklemek-kerekmiz\/#primaryimage"},"thumbnailUrl":"https:\/\/qtmm.org\/wp-content\/uploads\/2022\/01\/vitannya_timoshenko.jpeg","datePublished":"2013-10-25T21:19:00+00:00","dateModified":"2022-01-25T21:20:41+00:00","breadcrumb":{"@id":"https:\/\/qtmm.org\/qt\/muhalifet-lideri-yuliya-timosenko-biz-qirimtatar-halqinin-stalin-totalitar-rejimi-tarafindan-bozulgan-oz-vataninda-yasamaq-aqqini-gayridan-tiklemek-kerekmiz\/#breadcrumb"},"inLanguage":"qt","potentialAction":[{"@type":"ReadAction","target":["https:\/\/qtmm.org\/qt\/muhalifet-lideri-yuliya-timosenko-biz-qirimtatar-halqinin-stalin-totalitar-rejimi-tarafindan-bozulgan-oz-vataninda-yasamaq-aqqini-gayridan-tiklemek-kerekmiz\/"]}]},{"@type":"ImageObject","inLanguage":"qt","@id":"https:\/\/qtmm.org\/qt\/muhalifet-lideri-yuliya-timosenko-biz-qirimtatar-halqinin-stalin-totalitar-rejimi-tarafindan-bozulgan-oz-vataninda-yasamaq-aqqini-gayridan-tiklemek-kerekmiz\/#primaryimage","url":"https:\/\/qtmm.org\/wp-content\/uploads\/2022\/01\/vitannya_timoshenko.jpeg","contentUrl":"https:\/\/qtmm.org\/wp-content\/uploads\/2022\/01\/vitannya_timoshenko.jpeg","width":650,"height":380},{"@type":"BreadcrumbList","@id":"https:\/\/qtmm.org\/qt\/muhalifet-lideri-yuliya-timosenko-biz-qirimtatar-halqinin-stalin-totalitar-rejimi-tarafindan-bozulgan-oz-vataninda-yasamaq-aqqini-gayridan-tiklemek-kerekmiz\/#breadcrumb","itemListElement":[{"@type":"ListItem","position":1,"name":"\u0413\u043e\u043b\u043e\u0432\u043d\u0430","item":"https:\/\/qtmm.org\/qt\/"},{"@type":"ListItem","position":2,"name":"Muhalifet lideri Yuliya Timo\u015fenko: Biz q\u0131r\u0131mtatar halq\u0131n\u0131\u00f1 Stalin totalitar rejimi taraf\u0131ndan bozul\u011fan \u00f6z Vatan\u0131nda ya\u015famaq aqq\u0131n\u0131 \u011fayr\u0131dan tiklemek kerekmiz"}]},{"@type":"WebSite","@id":"https:\/\/qtmm.org\/qt\/#website","url":"https:\/\/qtmm.org\/qt\/","name":"\u041c\u0435\u0434\u0436\u043b\u0456\u0441","description":"","publisher":{"@id":"https:\/\/qtmm.org\/qt\/#organization"},"potentialAction":[{"@type":"SearchAction","target":{"@type":"EntryPoint","urlTemplate":"https:\/\/qtmm.org\/qt\/?s={search_term_string}"},"query-input":{"@type":"PropertyValueSpecification","valueRequired":true,"valueName":"search_term_string"}}],"inLanguage":"qt"},{"@type":"Organization","@id":"https:\/\/qtmm.org\/qt\/#organization","name":"\u041c\u0435\u0434\u0436\u043b\u0456\u0441","url":"https:\/\/qtmm.org\/qt\/","logo":{"@type":"ImageObject","inLanguage":"qt","@id":"https:\/\/qtmm.org\/qt\/#\/schema\/logo\/image\/","url":"https:\/\/qtmm.org\/wp-content\/uploads\/2024\/12\/ua-mejlis-logo-rgb.svg","contentUrl":"https:\/\/qtmm.org\/wp-content\/uploads\/2024\/12\/ua-mejlis-logo-rgb.svg","caption":"\u041c\u0435\u0434\u0436\u043b\u0456\u0441"},"image":{"@id":"https:\/\/qtmm.org\/qt\/#\/schema\/logo\/image\/"},"sameAs":["https:\/\/www.facebook.com\/qtmm.info\/"]},{"@type":"Person","@id":"https:\/\/qtmm.org\/qt\/#\/schema\/person\/de562469f971dec226ac06e60bbf74a7","name":"Developer","image":{"@type":"ImageObject","inLanguage":"qt","@id":"https:\/\/secure.gravatar.com\/avatar\/392b4cc8fbfeb00b39dfeeab4ee6edded39ffd48e25858637e4765810300227e?s=96&d=mm&r=g","url":"https:\/\/secure.gravatar.com\/avatar\/392b4cc8fbfeb00b39dfeeab4ee6edded39ffd48e25858637e4765810300227e?s=96&d=mm&r=g","contentUrl":"https:\/\/secure.gravatar.com\/avatar\/392b4cc8fbfeb00b39dfeeab4ee6edded39ffd48e25858637e4765810300227e?s=96&d=mm&r=g","caption":"Developer"},"url":"https:\/\/qtmm.org\/qt\/author\/Developer\/"}]}},"_links":{"self":[{"href":"https:\/\/qtmm.org\/qt\/wp-json\/wp\/v2\/posts\/39891","targetHints":{"allow":["GET"]}}],"collection":[{"href":"https:\/\/qtmm.org\/qt\/wp-json\/wp\/v2\/posts"}],"about":[{"href":"https:\/\/qtmm.org\/qt\/wp-json\/wp\/v2\/types\/post"}],"author":[{"embeddable":true,"href":"https:\/\/qtmm.org\/qt\/wp-json\/wp\/v2\/users\/1"}],"replies":[{"embeddable":true,"href":"https:\/\/qtmm.org\/qt\/wp-json\/wp\/v2\/comments?post=39891"}],"version-history":[{"count":1,"href":"https:\/\/qtmm.org\/qt\/wp-json\/wp\/v2\/posts\/39891\/revisions"}],"predecessor-version":[{"id":39904,"href":"https:\/\/qtmm.org\/qt\/wp-json\/wp\/v2\/posts\/39891\/revisions\/39904"}],"wp:featuredmedia":[{"embeddable":true,"href":"https:\/\/qtmm.org\/qt\/wp-json\/wp\/v2\/media\/39892"}],"wp:attachment":[{"href":"https:\/\/qtmm.org\/qt\/wp-json\/wp\/v2\/media?parent=39891"}],"wp:term":[{"taxonomy":"category","embeddable":true,"href":"https:\/\/qtmm.org\/qt\/wp-json\/wp\/v2\/categories?post=39891"},{"taxonomy":"post_tag","embeddable":true,"href":"https:\/\/qtmm.org\/qt\/wp-json\/wp\/v2\/tags?post=39891"}],"curies":[{"name":"wp","href":"https:\/\/api.w.org\/{rel}","templated":true}]}}