




{"id":39861,"date":"2013-10-26T00:16:00","date_gmt":"2013-10-25T21:16:00","guid":{"rendered":"http:\/\/qtmm.org\/?p=39861"},"modified":"2022-01-26T00:19:00","modified_gmt":"2022-01-25T21:19:00","slug":"aqmescitte-qirimtatar-halqi-vi-cagirilis-qurultayinin-1-nci-sessiyasi-oz-isini-basladi","status":"publish","type":"post","link":"https:\/\/qtmm.org\/qt\/aqmescitte-qirimtatar-halqi-vi-cagirilis-qurultayinin-1-nci-sessiyasi-oz-isini-basladi\/","title":{"rendered":"Aqmescitte Q\u0131r\u0131mtatar halq\u0131 VI \u00e7a\u011f\u0131r\u0131l\u0131\u015f Qurultay\u0131n\u0131\u00f1 1-nci sessiyas\u0131 \u00f6z i\u015fini ba\u015flad\u0131"},"content":{"rendered":"\n<p>2013 senesi okt\u00e2br 26 k\u00fcn\u00fc Aqmescitte Q\u0131r\u0131mtatar halq\u0131 VI \u00e7a\u011f\u0131r\u0131l\u0131\u015f Qurultay\u0131n\u0131\u00f1 1-nci sessiyas\u0131 \u00f6z i\u015fini ba\u015flad\u0131.<\/p>\n\n\n\n<figure class=\"wp-block-image size-full\"><img loading=\"lazy\" decoding=\"async\" width=\"650\" height=\"300\" src=\"http:\/\/qtmm.org\/wp-content\/uploads\/2022\/01\/1_132.jpeg\" alt=\"\" class=\"wp-image-39862\" srcset=\"https:\/\/qtmm.org\/wp-content\/uploads\/2022\/01\/1_132.jpeg 650w, https:\/\/qtmm.org\/wp-content\/uploads\/2022\/01\/1_132-300x138.jpeg 300w\" sizes=\"auto, (max-width: 650px) 100vw, 650px\" \/><\/figure>\n\n\n\n<p>Sessiyan\u0131 a\u00e7\u0131q dep il\u00e2n etken Qurultay Merkeziy saylav komissiyas\u0131n\u0131\u00f1 reisi Zair Smedl\u00e2yev salonda Qurultayn\u0131\u00f1 241 delegat\u0131 qayd etilgenini bildirdi.<\/p>\n\n\n\n<figure class=\"wp-block-image size-full\"><img loading=\"lazy\" decoding=\"async\" width=\"650\" height=\"342\" src=\"http:\/\/qtmm.org\/wp-content\/uploads\/2022\/01\/2_132.jpeg\" alt=\"\" class=\"wp-image-39866\" srcset=\"https:\/\/qtmm.org\/wp-content\/uploads\/2022\/01\/2_132.jpeg 650w, https:\/\/qtmm.org\/wp-content\/uploads\/2022\/01\/2_132-300x158.jpeg 300w\" sizes=\"auto, (max-width: 650px) 100vw, 650px\" \/><\/figure>\n\n\n\n<p>Qurultay otur\u0131m\u0131nda T\u00fcrkiye, Romaniya, Amerika, Rusiye, Qazahistan, Almaniya, Q\u0131r\u011f\u0131zstan, Frenkistan ve Poloniyadaki diaspora vekilleri, bun\u0131\u00f1 kibi de devlet ve cumhuriyet aikimiyeti, siyasiy firqalar ve cemaat te\u015fkil\u00e2tlar\u0131n\u0131\u00f1, Avropa Birligini\u00f1 Ukrainadaki vekilleri i\u015ftirak eteler.<\/p>\n\n\n\n<figure class=\"wp-block-image size-full\"><img loading=\"lazy\" decoding=\"async\" width=\"650\" height=\"301\" src=\"http:\/\/qtmm.org\/wp-content\/uploads\/2022\/01\/3_101.jpeg\" alt=\"\" class=\"wp-image-39870\" srcset=\"https:\/\/qtmm.org\/wp-content\/uploads\/2022\/01\/3_101.jpeg 650w, https:\/\/qtmm.org\/wp-content\/uploads\/2022\/01\/3_101-300x139.jpeg 300w\" sizes=\"auto, (max-width: 650px) 100vw, 650px\" \/><\/figure>\n\n\n\n<p>Sessiya Ukraina devlet ve milliy gimnler ile ba\u015fland\u0131. Milliy gimn Q\u0131r\u0131mtatar akademik muz\u0131kal\u0131-drama teatrini\u00f1 artistleri Emine Cevdetova ve Seytabla Memetovn\u0131\u00f1 icras\u0131nda ya\u00f1\u011f\u0131rad\u0131. Q\u0131r\u0131m musulmanlar\u0131n\u0131\u00f1 m\u00fcftisi ac\u0131 Emirali Ablayev ise Qurultay i\u015fini\u00f1 yah\u015f\u0131 ke\u00e7mesi i\u00e7\u00fcn dua oqud\u0131.<br>Qurultay delegatlar\u0131 Qurultay i\u015f\u00e7i organlar\u0131n\u0131 se\u00e7mege kiri\u015ftiler.<\/p>\n\n\n\n<p>Otur\u0131m prezidium\u0131na Mustafa Cemilev, Refat \u00c7ubarov, Remzi \u0130lyasov, Saniye Ametova, Seytasan Asanov ve Zair Smedl\u00e2yev sayland\u0131lar.<\/p>\n\n\n\n<figure class=\"wp-block-image size-full\"><img loading=\"lazy\" decoding=\"async\" width=\"650\" height=\"352\" src=\"http:\/\/qtmm.org\/wp-content\/uploads\/2022\/01\/4_95.jpeg\" alt=\"\" class=\"wp-image-39874\" srcset=\"https:\/\/qtmm.org\/wp-content\/uploads\/2022\/01\/4_95.jpeg 650w, https:\/\/qtmm.org\/wp-content\/uploads\/2022\/01\/4_95-300x162.jpeg 300w\" sizes=\"auto, (max-width: 650px) 100vw, 650px\" \/><\/figure>\n\n\n\n<p>Bun\u0131\u00f1 kibi de Qurultay delegatlar\u0131 Dil\u00e2ver Akiyev, Ayder Acimambetov, Diana Seytgaziyeva, \u0130lyas Muzafarov, \u015eefiqa Abduramanova ve Pevziye Mamutovadan ibaret otur\u0131m k\u00e2tibiyetini se\u00e7tiler.<\/p>\n\n\n\n<p>Muarririyet komissiyas\u0131na Bekir Mamutov, Teyfuq Gafarov, Emirasan \u00dcmerov, \u015eevket Qaybullayev, Eskender Bariyev, Elvedin \u00c7ubarov, Rustem Abduqad\u0131rov ve Gayana Y\u00fcksel kirsetildiler.<\/p>\n\n\n\n<p>Mandat komissiyas\u0131 terkibine Qurultay delegatlar\u0131 Server K\u00f6k\u00e7eyev, \u015eemsunur Mambedaliyeva, Nariman Nuftulayev, Emin Avamilev ve Muzafar Karauseinovn\u0131 saylad\u0131lar.<\/p>\n\n\n\n<p>Qurultay delegatlar\u0131 otur\u0131mn\u0131\u00f1 k\u00fcn tertibini tasdiqlad\u0131lar.<\/p>\n\n\n\n<p>Esas olaraq 6 meseleden ibaret k\u00fcn tertibi al\u0131nd\u0131.<\/p>\n\n\n\n<figure class=\"wp-block-image size-full\"><img loading=\"lazy\" decoding=\"async\" width=\"650\" height=\"354\" src=\"http:\/\/qtmm.org\/wp-content\/uploads\/2022\/01\/6_42.jpeg\" alt=\"\" class=\"wp-image-39878\" srcset=\"https:\/\/qtmm.org\/wp-content\/uploads\/2022\/01\/6_42.jpeg 650w, https:\/\/qtmm.org\/wp-content\/uploads\/2022\/01\/6_42-300x163.jpeg 300w\" sizes=\"auto, (max-width: 650px) 100vw, 650px\" \/><\/figure>\n\n\n\n<p><strong>Q\u0131r\u0131mtatar halq\u0131 VI \u00e7a\u011f\u0131r\u0131l\u0131\u015f Qurultay\u0131 1-nci sessiyas\u0131n\u0131\u00f1 k\u00fcn tertibi qabul etild\u0131.<\/strong><\/p>\n\n\n\n<p>1. Ukrainada i\u00e7timaiy-siyasiy vaziyet ve milliy idare organlar\u0131 ve q\u0131r\u0131mtatar halq\u0131 milliy vek\u00e2letligi sistemini\u00f1 q\u0131r\u0131mtatar halq\u0131n\u0131\u00f1 aqlar\u0131n\u0131 \u011fayr\u0131dan tiklev boyunca vazifeleri aqq\u0131nda<br><br>2. Q\u0131r\u0131mtatar halq\u0131 Qurultay\u0131, on\u0131\u00f1 saylanma organlar\u0131 ve yerli milliy idare organlar\u0131n\u0131\u00f1 faaliyeti ve te\u015fkil\u00e2t\u0131n\u0131 k\u00f6zetken vesiqalar\u011fa de\u00f1i\u015fme ve qo\u015fumcalar kirset\u00fcv aqq\u0131nda.<br><br>3. Q\u0131r\u0131mtatar halq\u0131 Qurultay\u0131n\u0131\u00f1 saylanma organlar\u0131 ve on\u0131\u00f1 vazifedar \u015fah\u0131slar\u0131n\u0131 se\u00e7\u00fcv aqq\u0131nda.<br><br>4. Q\u0131r\u0131mtatar halq\u0131n\u0131\u00f1 \u00f6z Vatan\u0131nda aqlar\u0131n\u0131 \u011fayr\u0131dan tiklev, Ukrainada on\u0131\u00f1 tel\u00fckesizligi ve inki\u015faf\u0131n\u0131 temin et\u00fcv boyunca halqara forum\u011fa az\u0131rl\u0131q aqq\u0131nda.<br><br>5. Q\u0131r\u0131mtatar halq\u0131 soyq\u0131r\u0131m\u0131n\u0131\u00f1 70 y\u0131ll\u0131\u011f\u0131 munasebetinen q\u0131r\u0131mtatar halq\u0131 milliy idare organlar\u0131, icadiy ve cemaat te\u015fkil\u00e2tlar\u0131n\u0131\u00f1 vazifeleri aqq\u0131nda.<br><br>6. Q\u0131r\u0131mtatar halq\u0131 Qurultay\u0131n\u0131\u00f1 vesiqalar\u0131n\u0131 qabul et\u00fcv aqq\u0131nda.<\/p>\n\n\n\n<p>Refat \u00c7ubarov Qurultay delegatlar\u0131 ad\u0131na Ukraina Yuqar\u0131 \u015euras\u0131n\u0131\u00f1 reisi Vladimir R\u0131bakn\u0131\u00f1, reis muavini Ruslan Ko\u015fulinskiy, Sotsial siyaset naziri Natalya Korolevskaya, Ukraina Medeniyet naziri Leonid Novohatko, ve &#8220;Udar Vitaliya Kli\u00e7ko&#8221; siyasiy firqan\u0131\u00f1 lideri Vitaliy Kli\u00e7kodan kelgen hay\u0131rlavlarn\u0131 oqup e\u015fittirdi.<\/p>\n\n\n\n<figure class=\"wp-block-image size-full\"><img loading=\"lazy\" decoding=\"async\" width=\"650\" height=\"377\" src=\"http:\/\/qtmm.org\/wp-content\/uploads\/2022\/01\/7_20.jpeg\" alt=\"\" class=\"wp-image-39882\" srcset=\"https:\/\/qtmm.org\/wp-content\/uploads\/2022\/01\/7_20.jpeg 650w, https:\/\/qtmm.org\/wp-content\/uploads\/2022\/01\/7_20-300x174.jpeg 300w\" sizes=\"auto, (max-width: 650px) 100vw, 650px\" \/><\/figure>\n\n\n\n<p>Ukrainada siyasiy-i\u00e7timaiy vaziyet ve milliy idare organlar\u0131, q\u0131r\u0131mtatar halq\u0131 milliy temsilciligi sistemas\u0131n\u0131\u00f1 q\u0131r\u0131mtatar halq\u0131n\u0131\u00f1 aqlar\u0131n\u0131 \u011fayr\u0131dan tiklev saas\u0131ndaki vazifeleri aqq\u0131nda maruzanen Meclis reisi Mustafa Cemilev \u00e7\u0131q\u0131\u015fta bulund\u0131.<\/p>\n\n\n\n<figure class=\"wp-block-image size-full\"><img loading=\"lazy\" decoding=\"async\" width=\"650\" height=\"344\" src=\"http:\/\/qtmm.org\/wp-content\/uploads\/2022\/01\/8_17.jpeg\" alt=\"\" class=\"wp-image-39886\" srcset=\"https:\/\/qtmm.org\/wp-content\/uploads\/2022\/01\/8_17.jpeg 650w, https:\/\/qtmm.org\/wp-content\/uploads\/2022\/01\/8_17-300x159.jpeg 300w\" sizes=\"auto, (max-width: 650px) 100vw, 650px\" \/><\/figure>\n","protected":false},"excerpt":{"rendered":"<p>2013 senesi okt\u00e2br 26 k\u00fcn\u00fc Aqmescitte Q\u0131r\u0131mtatar halq\u0131 VI \u00e7a\u011f\u0131r\u0131l\u0131\u015f Qurultay\u0131n\u0131\u00f1 1-nci sessiyas\u0131 \u00f6z i\u015fini ba\u015flad\u0131. Sessiyan\u0131 a\u00e7\u0131q dep il\u00e2n etken Qurultay Merkeziy saylav komissiyas\u0131n\u0131\u00f1 reisi Zair Smedl\u00e2yev salonda Qurultayn\u0131\u00f1 241 delegat\u0131 qayd etilgenini bildirdi. Qurultay otur\u0131m\u0131nda T\u00fcrkiye, Romaniya, Amerika, Rusiye, Qazahistan, Almaniya, Q\u0131r\u011f\u0131zstan, Frenkistan ve Poloniyadaki diaspora vekilleri, bun\u0131\u00f1 kibi de devlet ve cumhuriyet [&hellip;]<\/p>\n","protected":false},"author":1,"featured_media":0,"comment_status":"open","ping_status":"open","sticky":false,"template":"","format":"standard","meta":{"inline_featured_image":false,"footnotes":""},"categories":[265],"tags":[],"class_list":["post-39861","post","type-post","status-publish","format-standard","hentry","category-haberler"],"acf":[],"yoast_head":"<!-- This site is optimized with the Yoast SEO plugin v27.4 - https:\/\/yoast.com\/product\/yoast-seo-wordpress\/ -->\n<title>Aqmescitte Q\u0131r\u0131mtatar halq\u0131 VI \u00e7a\u011f\u0131r\u0131l\u0131\u015f Qurultay\u0131n\u0131\u00f1 1-nci sessiyas\u0131 \u00f6z i\u015fini ba\u015flad\u0131 - \u041c\u0435\u0434\u0436\u043b\u0456\u0441<\/title>\n<meta name=\"robots\" content=\"index, follow, max-snippet:-1, max-image-preview:large, max-video-preview:-1\" \/>\n<link rel=\"canonical\" href=\"https:\/\/qtmm.org\/qt\/aqmescitte-qirimtatar-halqi-vi-cagirilis-qurultayinin-1-nci-sessiyasi-oz-isini-basladi\/\" \/>\n<meta property=\"og:locale\" content=\"en_US\" \/>\n<meta property=\"og:type\" content=\"article\" \/>\n<meta property=\"og:title\" content=\"Aqmescitte Q\u0131r\u0131mtatar halq\u0131 VI \u00e7a\u011f\u0131r\u0131l\u0131\u015f Qurultay\u0131n\u0131\u00f1 1-nci sessiyas\u0131 \u00f6z i\u015fini ba\u015flad\u0131 - \u041c\u0435\u0434\u0436\u043b\u0456\u0441\" \/>\n<meta property=\"og:description\" content=\"2013 senesi okt\u00e2br 26 k\u00fcn\u00fc Aqmescitte Q\u0131r\u0131mtatar halq\u0131 VI \u00e7a\u011f\u0131r\u0131l\u0131\u015f Qurultay\u0131n\u0131\u00f1 1-nci sessiyas\u0131 \u00f6z i\u015fini ba\u015flad\u0131. Sessiyan\u0131 a\u00e7\u0131q dep il\u00e2n etken Qurultay Merkeziy saylav komissiyas\u0131n\u0131\u00f1 reisi Zair Smedl\u00e2yev salonda Qurultayn\u0131\u00f1 241 delegat\u0131 qayd etilgenini bildirdi. Qurultay otur\u0131m\u0131nda T\u00fcrkiye, Romaniya, Amerika, Rusiye, Qazahistan, Almaniya, Q\u0131r\u011f\u0131zstan, Frenkistan ve Poloniyadaki diaspora vekilleri, bun\u0131\u00f1 kibi de devlet ve cumhuriyet [&hellip;]\" \/>\n<meta property=\"og:url\" content=\"https:\/\/qtmm.org\/qt\/aqmescitte-qirimtatar-halqi-vi-cagirilis-qurultayinin-1-nci-sessiyasi-oz-isini-basladi\/\" \/>\n<meta property=\"og:site_name\" content=\"\u041c\u0435\u0434\u0436\u043b\u0456\u0441\" \/>\n<meta property=\"article:publisher\" content=\"https:\/\/www.facebook.com\/qtmm.info\/\" \/>\n<meta property=\"article:published_time\" content=\"2013-10-25T21:16:00+00:00\" \/>\n<meta property=\"article:modified_time\" content=\"2022-01-25T21:19:00+00:00\" \/>\n<meta property=\"og:image\" content=\"https:\/\/qtmm.org\/wp-content\/uploads\/2022\/01\/1_132.jpeg\" \/>\n\t<meta property=\"og:image:width\" content=\"650\" \/>\n\t<meta property=\"og:image:height\" content=\"300\" \/>\n\t<meta property=\"og:image:type\" content=\"image\/jpeg\" \/>\n<meta name=\"author\" content=\"Developer\" \/>\n<meta name=\"twitter:card\" content=\"summary_large_image\" \/>\n<meta name=\"twitter:label1\" content=\"Written by\" \/>\n\t<meta name=\"twitter:data1\" content=\"Developer\" \/>\n\t<meta name=\"twitter:label2\" content=\"Est. reading time\" \/>\n\t<meta name=\"twitter:data2\" content=\"3 minutes\" \/>\n<script type=\"application\/ld+json\" class=\"yoast-schema-graph\">{\"@context\":\"https:\\\/\\\/schema.org\",\"@graph\":[{\"@type\":\"Article\",\"@id\":\"https:\\\/\\\/qtmm.org\\\/qt\\\/aqmescitte-qirimtatar-halqi-vi-cagirilis-qurultayinin-1-nci-sessiyasi-oz-isini-basladi\\\/#article\",\"isPartOf\":{\"@id\":\"https:\\\/\\\/qtmm.org\\\/qt\\\/aqmescitte-qirimtatar-halqi-vi-cagirilis-qurultayinin-1-nci-sessiyasi-oz-isini-basladi\\\/\"},\"author\":{\"name\":\"Developer\",\"@id\":\"https:\\\/\\\/qtmm.org\\\/qt\\\/#\\\/schema\\\/person\\\/de562469f971dec226ac06e60bbf74a7\"},\"headline\":\"Aqmescitte Q\u0131r\u0131mtatar halq\u0131 VI \u00e7a\u011f\u0131r\u0131l\u0131\u015f Qurultay\u0131n\u0131\u00f1 1-nci sessiyas\u0131 \u00f6z i\u015fini ba\u015flad\u0131\",\"datePublished\":\"2013-10-25T21:16:00+00:00\",\"dateModified\":\"2022-01-25T21:19:00+00:00\",\"mainEntityOfPage\":{\"@id\":\"https:\\\/\\\/qtmm.org\\\/qt\\\/aqmescitte-qirimtatar-halqi-vi-cagirilis-qurultayinin-1-nci-sessiyasi-oz-isini-basladi\\\/\"},\"wordCount\":531,\"commentCount\":0,\"publisher\":{\"@id\":\"https:\\\/\\\/qtmm.org\\\/qt\\\/#organization\"},\"image\":{\"@id\":\"https:\\\/\\\/qtmm.org\\\/qt\\\/aqmescitte-qirimtatar-halqi-vi-cagirilis-qurultayinin-1-nci-sessiyasi-oz-isini-basladi\\\/#primaryimage\"},\"thumbnailUrl\":\"http:\\\/\\\/qtmm.org\\\/wp-content\\\/uploads\\\/2022\\\/01\\\/1_132.jpeg\",\"articleSection\":[\"Haberler\"],\"inLanguage\":\"qt\",\"potentialAction\":[{\"@type\":\"CommentAction\",\"name\":\"Comment\",\"target\":[\"https:\\\/\\\/qtmm.org\\\/qt\\\/aqmescitte-qirimtatar-halqi-vi-cagirilis-qurultayinin-1-nci-sessiyasi-oz-isini-basladi\\\/#respond\"]}]},{\"@type\":\"WebPage\",\"@id\":\"https:\\\/\\\/qtmm.org\\\/qt\\\/aqmescitte-qirimtatar-halqi-vi-cagirilis-qurultayinin-1-nci-sessiyasi-oz-isini-basladi\\\/\",\"url\":\"https:\\\/\\\/qtmm.org\\\/qt\\\/aqmescitte-qirimtatar-halqi-vi-cagirilis-qurultayinin-1-nci-sessiyasi-oz-isini-basladi\\\/\",\"name\":\"Aqmescitte Q\u0131r\u0131mtatar halq\u0131 VI \u00e7a\u011f\u0131r\u0131l\u0131\u015f Qurultay\u0131n\u0131\u00f1 1-nci sessiyas\u0131 \u00f6z i\u015fini ba\u015flad\u0131 - \u041c\u0435\u0434\u0436\u043b\u0456\u0441\",\"isPartOf\":{\"@id\":\"https:\\\/\\\/qtmm.org\\\/qt\\\/#website\"},\"primaryImageOfPage\":{\"@id\":\"https:\\\/\\\/qtmm.org\\\/qt\\\/aqmescitte-qirimtatar-halqi-vi-cagirilis-qurultayinin-1-nci-sessiyasi-oz-isini-basladi\\\/#primaryimage\"},\"image\":{\"@id\":\"https:\\\/\\\/qtmm.org\\\/qt\\\/aqmescitte-qirimtatar-halqi-vi-cagirilis-qurultayinin-1-nci-sessiyasi-oz-isini-basladi\\\/#primaryimage\"},\"thumbnailUrl\":\"http:\\\/\\\/qtmm.org\\\/wp-content\\\/uploads\\\/2022\\\/01\\\/1_132.jpeg\",\"datePublished\":\"2013-10-25T21:16:00+00:00\",\"dateModified\":\"2022-01-25T21:19:00+00:00\",\"breadcrumb\":{\"@id\":\"https:\\\/\\\/qtmm.org\\\/qt\\\/aqmescitte-qirimtatar-halqi-vi-cagirilis-qurultayinin-1-nci-sessiyasi-oz-isini-basladi\\\/#breadcrumb\"},\"inLanguage\":\"qt\",\"potentialAction\":[{\"@type\":\"ReadAction\",\"target\":[\"https:\\\/\\\/qtmm.org\\\/qt\\\/aqmescitte-qirimtatar-halqi-vi-cagirilis-qurultayinin-1-nci-sessiyasi-oz-isini-basladi\\\/\"]}]},{\"@type\":\"ImageObject\",\"inLanguage\":\"qt\",\"@id\":\"https:\\\/\\\/qtmm.org\\\/qt\\\/aqmescitte-qirimtatar-halqi-vi-cagirilis-qurultayinin-1-nci-sessiyasi-oz-isini-basladi\\\/#primaryimage\",\"url\":\"http:\\\/\\\/qtmm.org\\\/wp-content\\\/uploads\\\/2022\\\/01\\\/1_132.jpeg\",\"contentUrl\":\"http:\\\/\\\/qtmm.org\\\/wp-content\\\/uploads\\\/2022\\\/01\\\/1_132.jpeg\"},{\"@type\":\"BreadcrumbList\",\"@id\":\"https:\\\/\\\/qtmm.org\\\/qt\\\/aqmescitte-qirimtatar-halqi-vi-cagirilis-qurultayinin-1-nci-sessiyasi-oz-isini-basladi\\\/#breadcrumb\",\"itemListElement\":[{\"@type\":\"ListItem\",\"position\":1,\"name\":\"\u0413\u043e\u043b\u043e\u0432\u043d\u0430\",\"item\":\"https:\\\/\\\/qtmm.org\\\/qt\\\/\"},{\"@type\":\"ListItem\",\"position\":2,\"name\":\"Aqmescitte Q\u0131r\u0131mtatar halq\u0131 VI \u00e7a\u011f\u0131r\u0131l\u0131\u015f Qurultay\u0131n\u0131\u00f1 1-nci sessiyas\u0131 \u00f6z i\u015fini ba\u015flad\u0131\"}]},{\"@type\":\"WebSite\",\"@id\":\"https:\\\/\\\/qtmm.org\\\/qt\\\/#website\",\"url\":\"https:\\\/\\\/qtmm.org\\\/qt\\\/\",\"name\":\"\u041c\u0435\u0434\u0436\u043b\u0456\u0441\",\"description\":\"\",\"publisher\":{\"@id\":\"https:\\\/\\\/qtmm.org\\\/qt\\\/#organization\"},\"potentialAction\":[{\"@type\":\"SearchAction\",\"target\":{\"@type\":\"EntryPoint\",\"urlTemplate\":\"https:\\\/\\\/qtmm.org\\\/qt\\\/?s={search_term_string}\"},\"query-input\":{\"@type\":\"PropertyValueSpecification\",\"valueRequired\":true,\"valueName\":\"search_term_string\"}}],\"inLanguage\":\"qt\"},{\"@type\":\"Organization\",\"@id\":\"https:\\\/\\\/qtmm.org\\\/qt\\\/#organization\",\"name\":\"\u041c\u0435\u0434\u0436\u043b\u0456\u0441\",\"url\":\"https:\\\/\\\/qtmm.org\\\/qt\\\/\",\"logo\":{\"@type\":\"ImageObject\",\"inLanguage\":\"qt\",\"@id\":\"https:\\\/\\\/qtmm.org\\\/qt\\\/#\\\/schema\\\/logo\\\/image\\\/\",\"url\":\"https:\\\/\\\/qtmm.org\\\/wp-content\\\/uploads\\\/2024\\\/12\\\/ua-mejlis-logo-rgb.svg\",\"contentUrl\":\"https:\\\/\\\/qtmm.org\\\/wp-content\\\/uploads\\\/2024\\\/12\\\/ua-mejlis-logo-rgb.svg\",\"caption\":\"\u041c\u0435\u0434\u0436\u043b\u0456\u0441\"},\"image\":{\"@id\":\"https:\\\/\\\/qtmm.org\\\/qt\\\/#\\\/schema\\\/logo\\\/image\\\/\"},\"sameAs\":[\"https:\\\/\\\/www.facebook.com\\\/qtmm.info\\\/\"]},{\"@type\":\"Person\",\"@id\":\"https:\\\/\\\/qtmm.org\\\/qt\\\/#\\\/schema\\\/person\\\/de562469f971dec226ac06e60bbf74a7\",\"name\":\"Developer\",\"image\":{\"@type\":\"ImageObject\",\"inLanguage\":\"qt\",\"@id\":\"https:\\\/\\\/secure.gravatar.com\\\/avatar\\\/392b4cc8fbfeb00b39dfeeab4ee6edded39ffd48e25858637e4765810300227e?s=96&d=mm&r=g\",\"url\":\"https:\\\/\\\/secure.gravatar.com\\\/avatar\\\/392b4cc8fbfeb00b39dfeeab4ee6edded39ffd48e25858637e4765810300227e?s=96&d=mm&r=g\",\"contentUrl\":\"https:\\\/\\\/secure.gravatar.com\\\/avatar\\\/392b4cc8fbfeb00b39dfeeab4ee6edded39ffd48e25858637e4765810300227e?s=96&d=mm&r=g\",\"caption\":\"Developer\"},\"url\":\"https:\\\/\\\/qtmm.org\\\/qt\\\/author\\\/Developer\\\/\"}]}<\/script>\n<!-- \/ Yoast SEO plugin. -->","yoast_head_json":{"title":"Aqmescitte Q\u0131r\u0131mtatar halq\u0131 VI \u00e7a\u011f\u0131r\u0131l\u0131\u015f Qurultay\u0131n\u0131\u00f1 1-nci sessiyas\u0131 \u00f6z i\u015fini ba\u015flad\u0131 - \u041c\u0435\u0434\u0436\u043b\u0456\u0441","robots":{"index":"index","follow":"follow","max-snippet":"max-snippet:-1","max-image-preview":"max-image-preview:large","max-video-preview":"max-video-preview:-1"},"canonical":"https:\/\/qtmm.org\/qt\/aqmescitte-qirimtatar-halqi-vi-cagirilis-qurultayinin-1-nci-sessiyasi-oz-isini-basladi\/","og_locale":"en_US","og_type":"article","og_title":"Aqmescitte Q\u0131r\u0131mtatar halq\u0131 VI \u00e7a\u011f\u0131r\u0131l\u0131\u015f Qurultay\u0131n\u0131\u00f1 1-nci sessiyas\u0131 \u00f6z i\u015fini ba\u015flad\u0131 - \u041c\u0435\u0434\u0436\u043b\u0456\u0441","og_description":"2013 senesi okt\u00e2br 26 k\u00fcn\u00fc Aqmescitte Q\u0131r\u0131mtatar halq\u0131 VI \u00e7a\u011f\u0131r\u0131l\u0131\u015f Qurultay\u0131n\u0131\u00f1 1-nci sessiyas\u0131 \u00f6z i\u015fini ba\u015flad\u0131. Sessiyan\u0131 a\u00e7\u0131q dep il\u00e2n etken Qurultay Merkeziy saylav komissiyas\u0131n\u0131\u00f1 reisi Zair Smedl\u00e2yev salonda Qurultayn\u0131\u00f1 241 delegat\u0131 qayd etilgenini bildirdi. Qurultay otur\u0131m\u0131nda T\u00fcrkiye, Romaniya, Amerika, Rusiye, Qazahistan, Almaniya, Q\u0131r\u011f\u0131zstan, Frenkistan ve Poloniyadaki diaspora vekilleri, bun\u0131\u00f1 kibi de devlet ve cumhuriyet [&hellip;]","og_url":"https:\/\/qtmm.org\/qt\/aqmescitte-qirimtatar-halqi-vi-cagirilis-qurultayinin-1-nci-sessiyasi-oz-isini-basladi\/","og_site_name":"\u041c\u0435\u0434\u0436\u043b\u0456\u0441","article_publisher":"https:\/\/www.facebook.com\/qtmm.info\/","article_published_time":"2013-10-25T21:16:00+00:00","article_modified_time":"2022-01-25T21:19:00+00:00","og_image":[{"width":650,"height":300,"url":"https:\/\/qtmm.org\/wp-content\/uploads\/2022\/01\/1_132.jpeg","type":"image\/jpeg"}],"author":"Developer","twitter_card":"summary_large_image","twitter_misc":{"Written by":"Developer","Est. reading time":"3 minutes"},"schema":{"@context":"https:\/\/schema.org","@graph":[{"@type":"Article","@id":"https:\/\/qtmm.org\/qt\/aqmescitte-qirimtatar-halqi-vi-cagirilis-qurultayinin-1-nci-sessiyasi-oz-isini-basladi\/#article","isPartOf":{"@id":"https:\/\/qtmm.org\/qt\/aqmescitte-qirimtatar-halqi-vi-cagirilis-qurultayinin-1-nci-sessiyasi-oz-isini-basladi\/"},"author":{"name":"Developer","@id":"https:\/\/qtmm.org\/qt\/#\/schema\/person\/de562469f971dec226ac06e60bbf74a7"},"headline":"Aqmescitte Q\u0131r\u0131mtatar halq\u0131 VI \u00e7a\u011f\u0131r\u0131l\u0131\u015f Qurultay\u0131n\u0131\u00f1 1-nci sessiyas\u0131 \u00f6z i\u015fini ba\u015flad\u0131","datePublished":"2013-10-25T21:16:00+00:00","dateModified":"2022-01-25T21:19:00+00:00","mainEntityOfPage":{"@id":"https:\/\/qtmm.org\/qt\/aqmescitte-qirimtatar-halqi-vi-cagirilis-qurultayinin-1-nci-sessiyasi-oz-isini-basladi\/"},"wordCount":531,"commentCount":0,"publisher":{"@id":"https:\/\/qtmm.org\/qt\/#organization"},"image":{"@id":"https:\/\/qtmm.org\/qt\/aqmescitte-qirimtatar-halqi-vi-cagirilis-qurultayinin-1-nci-sessiyasi-oz-isini-basladi\/#primaryimage"},"thumbnailUrl":"http:\/\/qtmm.org\/wp-content\/uploads\/2022\/01\/1_132.jpeg","articleSection":["Haberler"],"inLanguage":"qt","potentialAction":[{"@type":"CommentAction","name":"Comment","target":["https:\/\/qtmm.org\/qt\/aqmescitte-qirimtatar-halqi-vi-cagirilis-qurultayinin-1-nci-sessiyasi-oz-isini-basladi\/#respond"]}]},{"@type":"WebPage","@id":"https:\/\/qtmm.org\/qt\/aqmescitte-qirimtatar-halqi-vi-cagirilis-qurultayinin-1-nci-sessiyasi-oz-isini-basladi\/","url":"https:\/\/qtmm.org\/qt\/aqmescitte-qirimtatar-halqi-vi-cagirilis-qurultayinin-1-nci-sessiyasi-oz-isini-basladi\/","name":"Aqmescitte Q\u0131r\u0131mtatar halq\u0131 VI \u00e7a\u011f\u0131r\u0131l\u0131\u015f Qurultay\u0131n\u0131\u00f1 1-nci sessiyas\u0131 \u00f6z i\u015fini ba\u015flad\u0131 - \u041c\u0435\u0434\u0436\u043b\u0456\u0441","isPartOf":{"@id":"https:\/\/qtmm.org\/qt\/#website"},"primaryImageOfPage":{"@id":"https:\/\/qtmm.org\/qt\/aqmescitte-qirimtatar-halqi-vi-cagirilis-qurultayinin-1-nci-sessiyasi-oz-isini-basladi\/#primaryimage"},"image":{"@id":"https:\/\/qtmm.org\/qt\/aqmescitte-qirimtatar-halqi-vi-cagirilis-qurultayinin-1-nci-sessiyasi-oz-isini-basladi\/#primaryimage"},"thumbnailUrl":"http:\/\/qtmm.org\/wp-content\/uploads\/2022\/01\/1_132.jpeg","datePublished":"2013-10-25T21:16:00+00:00","dateModified":"2022-01-25T21:19:00+00:00","breadcrumb":{"@id":"https:\/\/qtmm.org\/qt\/aqmescitte-qirimtatar-halqi-vi-cagirilis-qurultayinin-1-nci-sessiyasi-oz-isini-basladi\/#breadcrumb"},"inLanguage":"qt","potentialAction":[{"@type":"ReadAction","target":["https:\/\/qtmm.org\/qt\/aqmescitte-qirimtatar-halqi-vi-cagirilis-qurultayinin-1-nci-sessiyasi-oz-isini-basladi\/"]}]},{"@type":"ImageObject","inLanguage":"qt","@id":"https:\/\/qtmm.org\/qt\/aqmescitte-qirimtatar-halqi-vi-cagirilis-qurultayinin-1-nci-sessiyasi-oz-isini-basladi\/#primaryimage","url":"http:\/\/qtmm.org\/wp-content\/uploads\/2022\/01\/1_132.jpeg","contentUrl":"http:\/\/qtmm.org\/wp-content\/uploads\/2022\/01\/1_132.jpeg"},{"@type":"BreadcrumbList","@id":"https:\/\/qtmm.org\/qt\/aqmescitte-qirimtatar-halqi-vi-cagirilis-qurultayinin-1-nci-sessiyasi-oz-isini-basladi\/#breadcrumb","itemListElement":[{"@type":"ListItem","position":1,"name":"\u0413\u043e\u043b\u043e\u0432\u043d\u0430","item":"https:\/\/qtmm.org\/qt\/"},{"@type":"ListItem","position":2,"name":"Aqmescitte Q\u0131r\u0131mtatar halq\u0131 VI \u00e7a\u011f\u0131r\u0131l\u0131\u015f Qurultay\u0131n\u0131\u00f1 1-nci sessiyas\u0131 \u00f6z i\u015fini ba\u015flad\u0131"}]},{"@type":"WebSite","@id":"https:\/\/qtmm.org\/qt\/#website","url":"https:\/\/qtmm.org\/qt\/","name":"\u041c\u0435\u0434\u0436\u043b\u0456\u0441","description":"","publisher":{"@id":"https:\/\/qtmm.org\/qt\/#organization"},"potentialAction":[{"@type":"SearchAction","target":{"@type":"EntryPoint","urlTemplate":"https:\/\/qtmm.org\/qt\/?s={search_term_string}"},"query-input":{"@type":"PropertyValueSpecification","valueRequired":true,"valueName":"search_term_string"}}],"inLanguage":"qt"},{"@type":"Organization","@id":"https:\/\/qtmm.org\/qt\/#organization","name":"\u041c\u0435\u0434\u0436\u043b\u0456\u0441","url":"https:\/\/qtmm.org\/qt\/","logo":{"@type":"ImageObject","inLanguage":"qt","@id":"https:\/\/qtmm.org\/qt\/#\/schema\/logo\/image\/","url":"https:\/\/qtmm.org\/wp-content\/uploads\/2024\/12\/ua-mejlis-logo-rgb.svg","contentUrl":"https:\/\/qtmm.org\/wp-content\/uploads\/2024\/12\/ua-mejlis-logo-rgb.svg","caption":"\u041c\u0435\u0434\u0436\u043b\u0456\u0441"},"image":{"@id":"https:\/\/qtmm.org\/qt\/#\/schema\/logo\/image\/"},"sameAs":["https:\/\/www.facebook.com\/qtmm.info\/"]},{"@type":"Person","@id":"https:\/\/qtmm.org\/qt\/#\/schema\/person\/de562469f971dec226ac06e60bbf74a7","name":"Developer","image":{"@type":"ImageObject","inLanguage":"qt","@id":"https:\/\/secure.gravatar.com\/avatar\/392b4cc8fbfeb00b39dfeeab4ee6edded39ffd48e25858637e4765810300227e?s=96&d=mm&r=g","url":"https:\/\/secure.gravatar.com\/avatar\/392b4cc8fbfeb00b39dfeeab4ee6edded39ffd48e25858637e4765810300227e?s=96&d=mm&r=g","contentUrl":"https:\/\/secure.gravatar.com\/avatar\/392b4cc8fbfeb00b39dfeeab4ee6edded39ffd48e25858637e4765810300227e?s=96&d=mm&r=g","caption":"Developer"},"url":"https:\/\/qtmm.org\/qt\/author\/Developer\/"}]}},"_links":{"self":[{"href":"https:\/\/qtmm.org\/qt\/wp-json\/wp\/v2\/posts\/39861","targetHints":{"allow":["GET"]}}],"collection":[{"href":"https:\/\/qtmm.org\/qt\/wp-json\/wp\/v2\/posts"}],"about":[{"href":"https:\/\/qtmm.org\/qt\/wp-json\/wp\/v2\/types\/post"}],"author":[{"embeddable":true,"href":"https:\/\/qtmm.org\/qt\/wp-json\/wp\/v2\/users\/1"}],"replies":[{"embeddable":true,"href":"https:\/\/qtmm.org\/qt\/wp-json\/wp\/v2\/comments?post=39861"}],"version-history":[{"count":1,"href":"https:\/\/qtmm.org\/qt\/wp-json\/wp\/v2\/posts\/39861\/revisions"}],"predecessor-version":[{"id":39890,"href":"https:\/\/qtmm.org\/qt\/wp-json\/wp\/v2\/posts\/39861\/revisions\/39890"}],"wp:attachment":[{"href":"https:\/\/qtmm.org\/qt\/wp-json\/wp\/v2\/media?parent=39861"}],"wp:term":[{"taxonomy":"category","embeddable":true,"href":"https:\/\/qtmm.org\/qt\/wp-json\/wp\/v2\/categories?post=39861"},{"taxonomy":"post_tag","embeddable":true,"href":"https:\/\/qtmm.org\/qt\/wp-json\/wp\/v2\/tags?post=39861"}],"curies":[{"name":"wp","href":"https:\/\/api.w.org\/{rel}","templated":true}]}}