




{"id":39855,"date":"2013-10-26T00:16:00","date_gmt":"2013-10-25T21:16:00","guid":{"rendered":"http:\/\/qtmm.org\/?p=39855"},"modified":"2022-01-26T00:16:41","modified_gmt":"2022-01-25T21:16:41","slug":"ukraina-yuqari-surasinin-reisi-vladimir-ribak-qirimtatar-halqi-vi-cagirilisi-qurultayinin-delegatlarini-selamladi","status":"publish","type":"post","link":"https:\/\/qtmm.org\/qt\/ukraina-yuqari-surasinin-reisi-vladimir-ribak-qirimtatar-halqi-vi-cagirilisi-qurultayinin-delegatlarini-selamladi\/","title":{"rendered":"Ukraina Yuqar\u0131 \u015euras\u0131n\u0131\u00f1 reisi Vladimir R\u0131bak Q\u0131r\u0131mtatar halq\u0131 VI \u00e7a\u011f\u0131r\u0131l\u0131\u015f\u0131 Qurultay\u0131n\u0131\u00f1 delegatlar\u0131n\u0131 sel\u00e2mlad\u0131"},"content":{"rendered":"\n<p class=\"has-text-align-center\"><strong>Q\u0131r\u0131mtatar halq\u0131 VI \u00e7a\u011f\u0131r\u0131l\u0131\u015f\u0131 Qurultay\u0131n\u0131\u00f1 delegatlar\u0131na<\/strong><\/p>\n\n\n\n<p>Q\u0131r\u0131mtatar halq\u0131 tolu vek\u00e2letli aliy organ\u0131 \u2013 milliy qurultayn\u0131\u00f1 i\u015finen samimiy hay\u0131rlay\u0131m. \\<\/p>\n\n\n\n<p>Bir \u00e7oq y\u0131llar devam\u0131nda q\u0131r\u0131mtatarlar milliy idare organlar\u0131, q\u0131r\u0131mtatar halq\u0131 milliy vek\u00e2letligini\u00f1 sistemas\u0131, icadiy ve siyasiy te\u015fkil\u00e2tlar Ukrainada, Q\u0131r\u0131m Muhtar Cumhuriyetinde siyasiy vaziyetke dair meselelerni \u00e7ez\u00fcvde, q\u0131r\u0131mtatar halq\u0131n\u0131\u00f1 tel\u00fckesizligi ve inki\u015faf\u0131 kefilligini teminlevde m\u00fcim rol oynamaqtalar.<\/p>\n\n\n\n<p>\u00dcm\u00fct etem ki, Qurultayn\u0131\u00f1 kelecekte de devletimiz o\u011frunda, q\u0131r\u0131mtatar ve ukrain halqlar\u0131n\u0131\u00f1 dostlu\u011f\u0131 o\u011frunda mahsuldar faaliyeti, liderlerini\u00f1 devlet pozitsiyas\u0131, eki halq aras\u0131ndaki qaviy dostluq Vatan\u0131m\u0131zn\u0131\u00f1 parlaq kelecegimizni temin eter.<\/p>\n\n\n\n<p>Yap\u0131c\u0131 ve mahsuldar \u00e7al\u0131\u015fma\u00f1\u0131zn\u0131, semereli ve do\u011fru qarar qabul etme\u00f1izni tileyim.<\/p>\n\n\n\n<p>Forumn\u0131\u00f1 epsi i\u015ftirak\u00e7ilerine qaviy sa\u011fl\u0131q, icadiy ilham ve bug\u00fcnki m\u00fcim i\u015fi\u00f1izde ve ayat\u0131\u00f1\u0131zda muvafaqiyetler tileyim.<\/p>\n\n\n\n<p><strong>Vladimir RIBAK<\/strong><\/p>\n\n\n\n<figure class=\"wp-block-image size-full\"><img loading=\"lazy\" decoding=\"async\" width=\"650\" height=\"928\" src=\"http:\/\/qtmm.org\/wp-content\/uploads\/2022\/01\/v_tannya_ribaka.jpeg\" alt=\"\" class=\"wp-image-39856\" srcset=\"https:\/\/qtmm.org\/wp-content\/uploads\/2022\/01\/v_tannya_ribaka.jpeg 650w, https:\/\/qtmm.org\/wp-content\/uploads\/2022\/01\/v_tannya_ribaka-210x300.jpeg 210w\" sizes=\"auto, (max-width: 650px) 100vw, 650px\" \/><\/figure>\n","protected":false},"excerpt":{"rendered":"<p>Q\u0131r\u0131mtatar halq\u0131 VI \u00e7a\u011f\u0131r\u0131l\u0131\u015f\u0131 Qurultay\u0131n\u0131\u00f1 delegatlar\u0131na Q\u0131r\u0131mtatar halq\u0131 tolu vek\u00e2letli aliy organ\u0131 \u2013 milliy qurultayn\u0131\u00f1 i\u015finen samimiy hay\u0131rlay\u0131m. \\ Bir \u00e7oq y\u0131llar devam\u0131nda q\u0131r\u0131mtatarlar milliy idare organlar\u0131, q\u0131r\u0131mtatar halq\u0131 milliy vek\u00e2letligini\u00f1 sistemas\u0131, icadiy ve siyasiy te\u015fkil\u00e2tlar Ukrainada, Q\u0131r\u0131m Muhtar Cumhuriyetinde siyasiy vaziyetke dair meselelerni \u00e7ez\u00fcvde, q\u0131r\u0131mtatar halq\u0131n\u0131\u00f1 tel\u00fckesizligi ve inki\u015faf\u0131 kefilligini teminlevde m\u00fcim rol oynamaqtalar. [&hellip;]<\/p>\n","protected":false},"author":1,"featured_media":0,"comment_status":"open","ping_status":"open","sticky":false,"template":"","format":"standard","meta":{"inline_featured_image":false,"footnotes":""},"categories":[265],"tags":[],"class_list":["post-39855","post","type-post","status-publish","format-standard","hentry","category-haberler"],"acf":[],"yoast_head":"<!-- This site is optimized with the Yoast SEO plugin v27.4 - https:\/\/yoast.com\/product\/yoast-seo-wordpress\/ -->\n<title>Ukraina Yuqar\u0131 \u015euras\u0131n\u0131\u00f1 reisi Vladimir R\u0131bak Q\u0131r\u0131mtatar halq\u0131 VI \u00e7a\u011f\u0131r\u0131l\u0131\u015f\u0131 Qurultay\u0131n\u0131\u00f1 delegatlar\u0131n\u0131 sel\u00e2mlad\u0131 - \u041c\u0435\u0434\u0436\u043b\u0456\u0441<\/title>\n<meta name=\"robots\" content=\"index, follow, max-snippet:-1, max-image-preview:large, max-video-preview:-1\" \/>\n<link rel=\"canonical\" href=\"https:\/\/qtmm.org\/qt\/ukraina-yuqari-surasinin-reisi-vladimir-ribak-qirimtatar-halqi-vi-cagirilisi-qurultayinin-delegatlarini-selamladi\/\" \/>\n<meta property=\"og:locale\" content=\"en_US\" \/>\n<meta property=\"og:type\" content=\"article\" \/>\n<meta property=\"og:title\" content=\"Ukraina Yuqar\u0131 \u015euras\u0131n\u0131\u00f1 reisi Vladimir R\u0131bak Q\u0131r\u0131mtatar halq\u0131 VI \u00e7a\u011f\u0131r\u0131l\u0131\u015f\u0131 Qurultay\u0131n\u0131\u00f1 delegatlar\u0131n\u0131 sel\u00e2mlad\u0131 - \u041c\u0435\u0434\u0436\u043b\u0456\u0441\" \/>\n<meta property=\"og:description\" content=\"Q\u0131r\u0131mtatar halq\u0131 VI \u00e7a\u011f\u0131r\u0131l\u0131\u015f\u0131 Qurultay\u0131n\u0131\u00f1 delegatlar\u0131na Q\u0131r\u0131mtatar halq\u0131 tolu vek\u00e2letli aliy organ\u0131 \u2013 milliy qurultayn\u0131\u00f1 i\u015finen samimiy hay\u0131rlay\u0131m.  Bir \u00e7oq y\u0131llar devam\u0131nda q\u0131r\u0131mtatarlar milliy idare organlar\u0131, q\u0131r\u0131mtatar halq\u0131 milliy vek\u00e2letligini\u00f1 sistemas\u0131, icadiy ve siyasiy te\u015fkil\u00e2tlar Ukrainada, Q\u0131r\u0131m Muhtar Cumhuriyetinde siyasiy vaziyetke dair meselelerni \u00e7ez\u00fcvde, q\u0131r\u0131mtatar halq\u0131n\u0131\u00f1 tel\u00fckesizligi ve inki\u015faf\u0131 kefilligini teminlevde m\u00fcim rol oynamaqtalar. [&hellip;]\" \/>\n<meta property=\"og:url\" content=\"https:\/\/qtmm.org\/qt\/ukraina-yuqari-surasinin-reisi-vladimir-ribak-qirimtatar-halqi-vi-cagirilisi-qurultayinin-delegatlarini-selamladi\/\" \/>\n<meta property=\"og:site_name\" content=\"\u041c\u0435\u0434\u0436\u043b\u0456\u0441\" \/>\n<meta property=\"article:publisher\" content=\"https:\/\/www.facebook.com\/qtmm.info\/\" \/>\n<meta property=\"article:published_time\" content=\"2013-10-25T21:16:00+00:00\" \/>\n<meta property=\"article:modified_time\" content=\"2022-01-25T21:16:41+00:00\" \/>\n<meta property=\"og:image\" content=\"https:\/\/qtmm.org\/wp-content\/uploads\/2022\/01\/v_tannya_ribaka.jpeg\" \/>\n\t<meta property=\"og:image:width\" content=\"650\" \/>\n\t<meta property=\"og:image:height\" content=\"928\" \/>\n\t<meta property=\"og:image:type\" content=\"image\/jpeg\" \/>\n<meta name=\"author\" content=\"Developer\" \/>\n<meta name=\"twitter:card\" content=\"summary_large_image\" \/>\n<meta name=\"twitter:label1\" content=\"Written by\" \/>\n\t<meta name=\"twitter:data1\" content=\"Developer\" \/>\n\t<meta name=\"twitter:label2\" content=\"Est. reading time\" \/>\n\t<meta name=\"twitter:data2\" content=\"1 minute\" \/>\n<script type=\"application\/ld+json\" class=\"yoast-schema-graph\">{\"@context\":\"https:\\\/\\\/schema.org\",\"@graph\":[{\"@type\":\"Article\",\"@id\":\"https:\\\/\\\/qtmm.org\\\/qt\\\/ukraina-yuqari-surasinin-reisi-vladimir-ribak-qirimtatar-halqi-vi-cagirilisi-qurultayinin-delegatlarini-selamladi\\\/#article\",\"isPartOf\":{\"@id\":\"https:\\\/\\\/qtmm.org\\\/qt\\\/ukraina-yuqari-surasinin-reisi-vladimir-ribak-qirimtatar-halqi-vi-cagirilisi-qurultayinin-delegatlarini-selamladi\\\/\"},\"author\":{\"name\":\"Developer\",\"@id\":\"https:\\\/\\\/qtmm.org\\\/qt\\\/#\\\/schema\\\/person\\\/de562469f971dec226ac06e60bbf74a7\"},\"headline\":\"Ukraina Yuqar\u0131 \u015euras\u0131n\u0131\u00f1 reisi Vladimir R\u0131bak Q\u0131r\u0131mtatar halq\u0131 VI \u00e7a\u011f\u0131r\u0131l\u0131\u015f\u0131 Qurultay\u0131n\u0131\u00f1 delegatlar\u0131n\u0131 sel\u00e2mlad\u0131\",\"datePublished\":\"2013-10-25T21:16:00+00:00\",\"dateModified\":\"2022-01-25T21:16:41+00:00\",\"mainEntityOfPage\":{\"@id\":\"https:\\\/\\\/qtmm.org\\\/qt\\\/ukraina-yuqari-surasinin-reisi-vladimir-ribak-qirimtatar-halqi-vi-cagirilisi-qurultayinin-delegatlarini-selamladi\\\/\"},\"wordCount\":185,\"commentCount\":0,\"publisher\":{\"@id\":\"https:\\\/\\\/qtmm.org\\\/qt\\\/#organization\"},\"image\":{\"@id\":\"https:\\\/\\\/qtmm.org\\\/qt\\\/ukraina-yuqari-surasinin-reisi-vladimir-ribak-qirimtatar-halqi-vi-cagirilisi-qurultayinin-delegatlarini-selamladi\\\/#primaryimage\"},\"thumbnailUrl\":\"http:\\\/\\\/qtmm.org\\\/wp-content\\\/uploads\\\/2022\\\/01\\\/v_tannya_ribaka.jpeg\",\"articleSection\":[\"Haberler\"],\"inLanguage\":\"qt\",\"potentialAction\":[{\"@type\":\"CommentAction\",\"name\":\"Comment\",\"target\":[\"https:\\\/\\\/qtmm.org\\\/qt\\\/ukraina-yuqari-surasinin-reisi-vladimir-ribak-qirimtatar-halqi-vi-cagirilisi-qurultayinin-delegatlarini-selamladi\\\/#respond\"]}]},{\"@type\":\"WebPage\",\"@id\":\"https:\\\/\\\/qtmm.org\\\/qt\\\/ukraina-yuqari-surasinin-reisi-vladimir-ribak-qirimtatar-halqi-vi-cagirilisi-qurultayinin-delegatlarini-selamladi\\\/\",\"url\":\"https:\\\/\\\/qtmm.org\\\/qt\\\/ukraina-yuqari-surasinin-reisi-vladimir-ribak-qirimtatar-halqi-vi-cagirilisi-qurultayinin-delegatlarini-selamladi\\\/\",\"name\":\"Ukraina Yuqar\u0131 \u015euras\u0131n\u0131\u00f1 reisi Vladimir R\u0131bak Q\u0131r\u0131mtatar halq\u0131 VI \u00e7a\u011f\u0131r\u0131l\u0131\u015f\u0131 Qurultay\u0131n\u0131\u00f1 delegatlar\u0131n\u0131 sel\u00e2mlad\u0131 - \u041c\u0435\u0434\u0436\u043b\u0456\u0441\",\"isPartOf\":{\"@id\":\"https:\\\/\\\/qtmm.org\\\/qt\\\/#website\"},\"primaryImageOfPage\":{\"@id\":\"https:\\\/\\\/qtmm.org\\\/qt\\\/ukraina-yuqari-surasinin-reisi-vladimir-ribak-qirimtatar-halqi-vi-cagirilisi-qurultayinin-delegatlarini-selamladi\\\/#primaryimage\"},\"image\":{\"@id\":\"https:\\\/\\\/qtmm.org\\\/qt\\\/ukraina-yuqari-surasinin-reisi-vladimir-ribak-qirimtatar-halqi-vi-cagirilisi-qurultayinin-delegatlarini-selamladi\\\/#primaryimage\"},\"thumbnailUrl\":\"http:\\\/\\\/qtmm.org\\\/wp-content\\\/uploads\\\/2022\\\/01\\\/v_tannya_ribaka.jpeg\",\"datePublished\":\"2013-10-25T21:16:00+00:00\",\"dateModified\":\"2022-01-25T21:16:41+00:00\",\"breadcrumb\":{\"@id\":\"https:\\\/\\\/qtmm.org\\\/qt\\\/ukraina-yuqari-surasinin-reisi-vladimir-ribak-qirimtatar-halqi-vi-cagirilisi-qurultayinin-delegatlarini-selamladi\\\/#breadcrumb\"},\"inLanguage\":\"qt\",\"potentialAction\":[{\"@type\":\"ReadAction\",\"target\":[\"https:\\\/\\\/qtmm.org\\\/qt\\\/ukraina-yuqari-surasinin-reisi-vladimir-ribak-qirimtatar-halqi-vi-cagirilisi-qurultayinin-delegatlarini-selamladi\\\/\"]}]},{\"@type\":\"ImageObject\",\"inLanguage\":\"qt\",\"@id\":\"https:\\\/\\\/qtmm.org\\\/qt\\\/ukraina-yuqari-surasinin-reisi-vladimir-ribak-qirimtatar-halqi-vi-cagirilisi-qurultayinin-delegatlarini-selamladi\\\/#primaryimage\",\"url\":\"http:\\\/\\\/qtmm.org\\\/wp-content\\\/uploads\\\/2022\\\/01\\\/v_tannya_ribaka.jpeg\",\"contentUrl\":\"http:\\\/\\\/qtmm.org\\\/wp-content\\\/uploads\\\/2022\\\/01\\\/v_tannya_ribaka.jpeg\"},{\"@type\":\"BreadcrumbList\",\"@id\":\"https:\\\/\\\/qtmm.org\\\/qt\\\/ukraina-yuqari-surasinin-reisi-vladimir-ribak-qirimtatar-halqi-vi-cagirilisi-qurultayinin-delegatlarini-selamladi\\\/#breadcrumb\",\"itemListElement\":[{\"@type\":\"ListItem\",\"position\":1,\"name\":\"\u0413\u043e\u043b\u043e\u0432\u043d\u0430\",\"item\":\"https:\\\/\\\/qtmm.org\\\/qt\\\/\"},{\"@type\":\"ListItem\",\"position\":2,\"name\":\"Ukraina Yuqar\u0131 \u015euras\u0131n\u0131\u00f1 reisi Vladimir R\u0131bak Q\u0131r\u0131mtatar halq\u0131 VI \u00e7a\u011f\u0131r\u0131l\u0131\u015f\u0131 Qurultay\u0131n\u0131\u00f1 delegatlar\u0131n\u0131 sel\u00e2mlad\u0131\"}]},{\"@type\":\"WebSite\",\"@id\":\"https:\\\/\\\/qtmm.org\\\/qt\\\/#website\",\"url\":\"https:\\\/\\\/qtmm.org\\\/qt\\\/\",\"name\":\"\u041c\u0435\u0434\u0436\u043b\u0456\u0441\",\"description\":\"\",\"publisher\":{\"@id\":\"https:\\\/\\\/qtmm.org\\\/qt\\\/#organization\"},\"potentialAction\":[{\"@type\":\"SearchAction\",\"target\":{\"@type\":\"EntryPoint\",\"urlTemplate\":\"https:\\\/\\\/qtmm.org\\\/qt\\\/?s={search_term_string}\"},\"query-input\":{\"@type\":\"PropertyValueSpecification\",\"valueRequired\":true,\"valueName\":\"search_term_string\"}}],\"inLanguage\":\"qt\"},{\"@type\":\"Organization\",\"@id\":\"https:\\\/\\\/qtmm.org\\\/qt\\\/#organization\",\"name\":\"\u041c\u0435\u0434\u0436\u043b\u0456\u0441\",\"url\":\"https:\\\/\\\/qtmm.org\\\/qt\\\/\",\"logo\":{\"@type\":\"ImageObject\",\"inLanguage\":\"qt\",\"@id\":\"https:\\\/\\\/qtmm.org\\\/qt\\\/#\\\/schema\\\/logo\\\/image\\\/\",\"url\":\"https:\\\/\\\/qtmm.org\\\/wp-content\\\/uploads\\\/2024\\\/12\\\/ua-mejlis-logo-rgb.svg\",\"contentUrl\":\"https:\\\/\\\/qtmm.org\\\/wp-content\\\/uploads\\\/2024\\\/12\\\/ua-mejlis-logo-rgb.svg\",\"caption\":\"\u041c\u0435\u0434\u0436\u043b\u0456\u0441\"},\"image\":{\"@id\":\"https:\\\/\\\/qtmm.org\\\/qt\\\/#\\\/schema\\\/logo\\\/image\\\/\"},\"sameAs\":[\"https:\\\/\\\/www.facebook.com\\\/qtmm.info\\\/\"]},{\"@type\":\"Person\",\"@id\":\"https:\\\/\\\/qtmm.org\\\/qt\\\/#\\\/schema\\\/person\\\/de562469f971dec226ac06e60bbf74a7\",\"name\":\"Developer\",\"image\":{\"@type\":\"ImageObject\",\"inLanguage\":\"qt\",\"@id\":\"https:\\\/\\\/secure.gravatar.com\\\/avatar\\\/392b4cc8fbfeb00b39dfeeab4ee6edded39ffd48e25858637e4765810300227e?s=96&d=mm&r=g\",\"url\":\"https:\\\/\\\/secure.gravatar.com\\\/avatar\\\/392b4cc8fbfeb00b39dfeeab4ee6edded39ffd48e25858637e4765810300227e?s=96&d=mm&r=g\",\"contentUrl\":\"https:\\\/\\\/secure.gravatar.com\\\/avatar\\\/392b4cc8fbfeb00b39dfeeab4ee6edded39ffd48e25858637e4765810300227e?s=96&d=mm&r=g\",\"caption\":\"Developer\"},\"url\":\"https:\\\/\\\/qtmm.org\\\/qt\\\/author\\\/Developer\\\/\"}]}<\/script>\n<!-- \/ Yoast SEO plugin. -->","yoast_head_json":{"title":"Ukraina Yuqar\u0131 \u015euras\u0131n\u0131\u00f1 reisi Vladimir R\u0131bak Q\u0131r\u0131mtatar halq\u0131 VI \u00e7a\u011f\u0131r\u0131l\u0131\u015f\u0131 Qurultay\u0131n\u0131\u00f1 delegatlar\u0131n\u0131 sel\u00e2mlad\u0131 - \u041c\u0435\u0434\u0436\u043b\u0456\u0441","robots":{"index":"index","follow":"follow","max-snippet":"max-snippet:-1","max-image-preview":"max-image-preview:large","max-video-preview":"max-video-preview:-1"},"canonical":"https:\/\/qtmm.org\/qt\/ukraina-yuqari-surasinin-reisi-vladimir-ribak-qirimtatar-halqi-vi-cagirilisi-qurultayinin-delegatlarini-selamladi\/","og_locale":"en_US","og_type":"article","og_title":"Ukraina Yuqar\u0131 \u015euras\u0131n\u0131\u00f1 reisi Vladimir R\u0131bak Q\u0131r\u0131mtatar halq\u0131 VI \u00e7a\u011f\u0131r\u0131l\u0131\u015f\u0131 Qurultay\u0131n\u0131\u00f1 delegatlar\u0131n\u0131 sel\u00e2mlad\u0131 - \u041c\u0435\u0434\u0436\u043b\u0456\u0441","og_description":"Q\u0131r\u0131mtatar halq\u0131 VI \u00e7a\u011f\u0131r\u0131l\u0131\u015f\u0131 Qurultay\u0131n\u0131\u00f1 delegatlar\u0131na Q\u0131r\u0131mtatar halq\u0131 tolu vek\u00e2letli aliy organ\u0131 \u2013 milliy qurultayn\u0131\u00f1 i\u015finen samimiy hay\u0131rlay\u0131m.  Bir \u00e7oq y\u0131llar devam\u0131nda q\u0131r\u0131mtatarlar milliy idare organlar\u0131, q\u0131r\u0131mtatar halq\u0131 milliy vek\u00e2letligini\u00f1 sistemas\u0131, icadiy ve siyasiy te\u015fkil\u00e2tlar Ukrainada, Q\u0131r\u0131m Muhtar Cumhuriyetinde siyasiy vaziyetke dair meselelerni \u00e7ez\u00fcvde, q\u0131r\u0131mtatar halq\u0131n\u0131\u00f1 tel\u00fckesizligi ve inki\u015faf\u0131 kefilligini teminlevde m\u00fcim rol oynamaqtalar. [&hellip;]","og_url":"https:\/\/qtmm.org\/qt\/ukraina-yuqari-surasinin-reisi-vladimir-ribak-qirimtatar-halqi-vi-cagirilisi-qurultayinin-delegatlarini-selamladi\/","og_site_name":"\u041c\u0435\u0434\u0436\u043b\u0456\u0441","article_publisher":"https:\/\/www.facebook.com\/qtmm.info\/","article_published_time":"2013-10-25T21:16:00+00:00","article_modified_time":"2022-01-25T21:16:41+00:00","og_image":[{"width":650,"height":928,"url":"https:\/\/qtmm.org\/wp-content\/uploads\/2022\/01\/v_tannya_ribaka.jpeg","type":"image\/jpeg"}],"author":"Developer","twitter_card":"summary_large_image","twitter_misc":{"Written by":"Developer","Est. reading time":"1 minute"},"schema":{"@context":"https:\/\/schema.org","@graph":[{"@type":"Article","@id":"https:\/\/qtmm.org\/qt\/ukraina-yuqari-surasinin-reisi-vladimir-ribak-qirimtatar-halqi-vi-cagirilisi-qurultayinin-delegatlarini-selamladi\/#article","isPartOf":{"@id":"https:\/\/qtmm.org\/qt\/ukraina-yuqari-surasinin-reisi-vladimir-ribak-qirimtatar-halqi-vi-cagirilisi-qurultayinin-delegatlarini-selamladi\/"},"author":{"name":"Developer","@id":"https:\/\/qtmm.org\/qt\/#\/schema\/person\/de562469f971dec226ac06e60bbf74a7"},"headline":"Ukraina Yuqar\u0131 \u015euras\u0131n\u0131\u00f1 reisi Vladimir R\u0131bak Q\u0131r\u0131mtatar halq\u0131 VI \u00e7a\u011f\u0131r\u0131l\u0131\u015f\u0131 Qurultay\u0131n\u0131\u00f1 delegatlar\u0131n\u0131 sel\u00e2mlad\u0131","datePublished":"2013-10-25T21:16:00+00:00","dateModified":"2022-01-25T21:16:41+00:00","mainEntityOfPage":{"@id":"https:\/\/qtmm.org\/qt\/ukraina-yuqari-surasinin-reisi-vladimir-ribak-qirimtatar-halqi-vi-cagirilisi-qurultayinin-delegatlarini-selamladi\/"},"wordCount":185,"commentCount":0,"publisher":{"@id":"https:\/\/qtmm.org\/qt\/#organization"},"image":{"@id":"https:\/\/qtmm.org\/qt\/ukraina-yuqari-surasinin-reisi-vladimir-ribak-qirimtatar-halqi-vi-cagirilisi-qurultayinin-delegatlarini-selamladi\/#primaryimage"},"thumbnailUrl":"http:\/\/qtmm.org\/wp-content\/uploads\/2022\/01\/v_tannya_ribaka.jpeg","articleSection":["Haberler"],"inLanguage":"qt","potentialAction":[{"@type":"CommentAction","name":"Comment","target":["https:\/\/qtmm.org\/qt\/ukraina-yuqari-surasinin-reisi-vladimir-ribak-qirimtatar-halqi-vi-cagirilisi-qurultayinin-delegatlarini-selamladi\/#respond"]}]},{"@type":"WebPage","@id":"https:\/\/qtmm.org\/qt\/ukraina-yuqari-surasinin-reisi-vladimir-ribak-qirimtatar-halqi-vi-cagirilisi-qurultayinin-delegatlarini-selamladi\/","url":"https:\/\/qtmm.org\/qt\/ukraina-yuqari-surasinin-reisi-vladimir-ribak-qirimtatar-halqi-vi-cagirilisi-qurultayinin-delegatlarini-selamladi\/","name":"Ukraina Yuqar\u0131 \u015euras\u0131n\u0131\u00f1 reisi Vladimir R\u0131bak Q\u0131r\u0131mtatar halq\u0131 VI \u00e7a\u011f\u0131r\u0131l\u0131\u015f\u0131 Qurultay\u0131n\u0131\u00f1 delegatlar\u0131n\u0131 sel\u00e2mlad\u0131 - \u041c\u0435\u0434\u0436\u043b\u0456\u0441","isPartOf":{"@id":"https:\/\/qtmm.org\/qt\/#website"},"primaryImageOfPage":{"@id":"https:\/\/qtmm.org\/qt\/ukraina-yuqari-surasinin-reisi-vladimir-ribak-qirimtatar-halqi-vi-cagirilisi-qurultayinin-delegatlarini-selamladi\/#primaryimage"},"image":{"@id":"https:\/\/qtmm.org\/qt\/ukraina-yuqari-surasinin-reisi-vladimir-ribak-qirimtatar-halqi-vi-cagirilisi-qurultayinin-delegatlarini-selamladi\/#primaryimage"},"thumbnailUrl":"http:\/\/qtmm.org\/wp-content\/uploads\/2022\/01\/v_tannya_ribaka.jpeg","datePublished":"2013-10-25T21:16:00+00:00","dateModified":"2022-01-25T21:16:41+00:00","breadcrumb":{"@id":"https:\/\/qtmm.org\/qt\/ukraina-yuqari-surasinin-reisi-vladimir-ribak-qirimtatar-halqi-vi-cagirilisi-qurultayinin-delegatlarini-selamladi\/#breadcrumb"},"inLanguage":"qt","potentialAction":[{"@type":"ReadAction","target":["https:\/\/qtmm.org\/qt\/ukraina-yuqari-surasinin-reisi-vladimir-ribak-qirimtatar-halqi-vi-cagirilisi-qurultayinin-delegatlarini-selamladi\/"]}]},{"@type":"ImageObject","inLanguage":"qt","@id":"https:\/\/qtmm.org\/qt\/ukraina-yuqari-surasinin-reisi-vladimir-ribak-qirimtatar-halqi-vi-cagirilisi-qurultayinin-delegatlarini-selamladi\/#primaryimage","url":"http:\/\/qtmm.org\/wp-content\/uploads\/2022\/01\/v_tannya_ribaka.jpeg","contentUrl":"http:\/\/qtmm.org\/wp-content\/uploads\/2022\/01\/v_tannya_ribaka.jpeg"},{"@type":"BreadcrumbList","@id":"https:\/\/qtmm.org\/qt\/ukraina-yuqari-surasinin-reisi-vladimir-ribak-qirimtatar-halqi-vi-cagirilisi-qurultayinin-delegatlarini-selamladi\/#breadcrumb","itemListElement":[{"@type":"ListItem","position":1,"name":"\u0413\u043e\u043b\u043e\u0432\u043d\u0430","item":"https:\/\/qtmm.org\/qt\/"},{"@type":"ListItem","position":2,"name":"Ukraina Yuqar\u0131 \u015euras\u0131n\u0131\u00f1 reisi Vladimir R\u0131bak Q\u0131r\u0131mtatar halq\u0131 VI \u00e7a\u011f\u0131r\u0131l\u0131\u015f\u0131 Qurultay\u0131n\u0131\u00f1 delegatlar\u0131n\u0131 sel\u00e2mlad\u0131"}]},{"@type":"WebSite","@id":"https:\/\/qtmm.org\/qt\/#website","url":"https:\/\/qtmm.org\/qt\/","name":"\u041c\u0435\u0434\u0436\u043b\u0456\u0441","description":"","publisher":{"@id":"https:\/\/qtmm.org\/qt\/#organization"},"potentialAction":[{"@type":"SearchAction","target":{"@type":"EntryPoint","urlTemplate":"https:\/\/qtmm.org\/qt\/?s={search_term_string}"},"query-input":{"@type":"PropertyValueSpecification","valueRequired":true,"valueName":"search_term_string"}}],"inLanguage":"qt"},{"@type":"Organization","@id":"https:\/\/qtmm.org\/qt\/#organization","name":"\u041c\u0435\u0434\u0436\u043b\u0456\u0441","url":"https:\/\/qtmm.org\/qt\/","logo":{"@type":"ImageObject","inLanguage":"qt","@id":"https:\/\/qtmm.org\/qt\/#\/schema\/logo\/image\/","url":"https:\/\/qtmm.org\/wp-content\/uploads\/2024\/12\/ua-mejlis-logo-rgb.svg","contentUrl":"https:\/\/qtmm.org\/wp-content\/uploads\/2024\/12\/ua-mejlis-logo-rgb.svg","caption":"\u041c\u0435\u0434\u0436\u043b\u0456\u0441"},"image":{"@id":"https:\/\/qtmm.org\/qt\/#\/schema\/logo\/image\/"},"sameAs":["https:\/\/www.facebook.com\/qtmm.info\/"]},{"@type":"Person","@id":"https:\/\/qtmm.org\/qt\/#\/schema\/person\/de562469f971dec226ac06e60bbf74a7","name":"Developer","image":{"@type":"ImageObject","inLanguage":"qt","@id":"https:\/\/secure.gravatar.com\/avatar\/392b4cc8fbfeb00b39dfeeab4ee6edded39ffd48e25858637e4765810300227e?s=96&d=mm&r=g","url":"https:\/\/secure.gravatar.com\/avatar\/392b4cc8fbfeb00b39dfeeab4ee6edded39ffd48e25858637e4765810300227e?s=96&d=mm&r=g","contentUrl":"https:\/\/secure.gravatar.com\/avatar\/392b4cc8fbfeb00b39dfeeab4ee6edded39ffd48e25858637e4765810300227e?s=96&d=mm&r=g","caption":"Developer"},"url":"https:\/\/qtmm.org\/qt\/author\/Developer\/"}]}},"_links":{"self":[{"href":"https:\/\/qtmm.org\/qt\/wp-json\/wp\/v2\/posts\/39855","targetHints":{"allow":["GET"]}}],"collection":[{"href":"https:\/\/qtmm.org\/qt\/wp-json\/wp\/v2\/posts"}],"about":[{"href":"https:\/\/qtmm.org\/qt\/wp-json\/wp\/v2\/types\/post"}],"author":[{"embeddable":true,"href":"https:\/\/qtmm.org\/qt\/wp-json\/wp\/v2\/users\/1"}],"replies":[{"embeddable":true,"href":"https:\/\/qtmm.org\/qt\/wp-json\/wp\/v2\/comments?post=39855"}],"version-history":[{"count":1,"href":"https:\/\/qtmm.org\/qt\/wp-json\/wp\/v2\/posts\/39855\/revisions"}],"predecessor-version":[{"id":39860,"href":"https:\/\/qtmm.org\/qt\/wp-json\/wp\/v2\/posts\/39855\/revisions\/39860"}],"wp:attachment":[{"href":"https:\/\/qtmm.org\/qt\/wp-json\/wp\/v2\/media?parent=39855"}],"wp:term":[{"taxonomy":"category","embeddable":true,"href":"https:\/\/qtmm.org\/qt\/wp-json\/wp\/v2\/categories?post=39855"},{"taxonomy":"post_tag","embeddable":true,"href":"https:\/\/qtmm.org\/qt\/wp-json\/wp\/v2\/tags?post=39855"}],"curies":[{"name":"wp","href":"https:\/\/api.w.org\/{rel}","templated":true}]}}