




{"id":39843,"date":"2013-10-26T00:14:00","date_gmt":"2013-10-25T21:14:00","guid":{"rendered":"http:\/\/qtmm.org\/?p=39843"},"modified":"2022-01-26T00:14:55","modified_gmt":"2022-01-25T21:14:55","slug":"qirimtatar-halqi-vi-cagirilisi-qurultayinin-delegatlarini-ukraina-sotsial-siyaseti-naziri-natalya-korolevskaya-hayirladi","status":"publish","type":"post","link":"https:\/\/qtmm.org\/qt\/qirimtatar-halqi-vi-cagirilisi-qurultayinin-delegatlarini-ukraina-sotsial-siyaseti-naziri-natalya-korolevskaya-hayirladi\/","title":{"rendered":"Q\u0131r\u0131mtatar halq\u0131 VI \u00e7a\u011f\u0131r\u0131l\u0131\u015f\u0131 Qurultay\u0131n\u0131\u00f1 delegatlar\u0131n\u0131 Ukraina Sotsial siyaseti naziri Natalya Korolevskaya hay\u0131rlad\u0131"},"content":{"rendered":"\n<figure class=\"wp-block-image size-full\"><img loading=\"lazy\" decoding=\"async\" width=\"650\" height=\"209\" src=\"http:\/\/qtmm.org\/wp-content\/uploads\/2022\/01\/bezymyannyy_3.jpeg\" alt=\"\" class=\"wp-image-39844\" srcset=\"https:\/\/qtmm.org\/wp-content\/uploads\/2022\/01\/bezymyannyy_3.jpeg 650w, https:\/\/qtmm.org\/wp-content\/uploads\/2022\/01\/bezymyannyy_3-300x96.jpeg 300w\" sizes=\"auto, (max-width: 650px) 100vw, 650px\" \/><\/figure>\n\n\n\n<p class=\"has-text-align-center\"><strong>Qurultayn\u0131\u00f1 say\u011f\u0131l\u0131 delegatlar\u0131 ve musafirleri!<\/strong><\/p>\n\n\n\n<p>Q\u0131r\u0131mtatar halq\u0131 VI \u00e7a\u011f\u0131r\u0131l\u0131\u015f\u0131 Qurultay\u0131 1-nci sessiyas\u0131n\u0131\u00f1 i\u015fi ba\u015flanmas\u0131nen samimiy hay\u0131rlay\u0131m. S\u00fcrg\u00fcn etilgen halqlarn\u0131\u00f1 siyasiy-uquqiy, i\u00e7timaiy-iqtisadiy meselelerini\u00f1 \u00e7ezimi i\u00e7\u00fcn devlet taraf\u0131ndan belli bir i\u015f yap\u0131la.<\/p>\n\n\n\n<p>Sotsial siyaset nazirligi s\u00fcrg\u00fcn etilgen halqlarn\u0131\u00f1 iqtisadiy, siyasiy ve medeniy meselelerini\u00f1 \u00e7ezimine kelecekte de destek k\u00f6sterecegini i\u015fand\u0131ram.<\/p>\n\n\n\n<p>Forum delegatlar\u0131na \u00e7oqmilletli Ukrainan\u0131\u00f1 \u00e7e\u00e7eklenmesi o\u011frunda mahsuldar \u00e7al\u0131\u015fmalar, t\u00fc\u015f\u00fcnip-ta\u015f\u0131l\u0131p al\u0131n\u011fan qararlarn\u0131 tileyim.<br><br>&nbsp;<\/p>\n\n\n\n<p><strong>\u00dcrmet ile<\/strong><\/p>\n\n\n\n<p><strong>nazir&nbsp;&nbsp;&nbsp;&nbsp;&nbsp;&nbsp;&nbsp;&nbsp;&nbsp;&nbsp;&nbsp;&nbsp;&nbsp;&nbsp; N. Korolevska<\/strong><\/p>\n","protected":false},"excerpt":{"rendered":"<p>Qurultayn\u0131\u00f1 say\u011f\u0131l\u0131 delegatlar\u0131 ve musafirleri! Q\u0131r\u0131mtatar halq\u0131 VI \u00e7a\u011f\u0131r\u0131l\u0131\u015f\u0131 Qurultay\u0131 1-nci sessiyas\u0131n\u0131\u00f1 i\u015fi ba\u015flanmas\u0131nen samimiy hay\u0131rlay\u0131m. S\u00fcrg\u00fcn etilgen halqlarn\u0131\u00f1 siyasiy-uquqiy, i\u00e7timaiy-iqtisadiy meselelerini\u00f1 \u00e7ezimi i\u00e7\u00fcn devlet taraf\u0131ndan belli bir i\u015f yap\u0131la. Sotsial siyaset nazirligi s\u00fcrg\u00fcn etilgen halqlarn\u0131\u00f1 iqtisadiy, siyasiy ve medeniy meselelerini\u00f1 \u00e7ezimine kelecekte de destek k\u00f6sterecegini i\u015fand\u0131ram. Forum delegatlar\u0131na \u00e7oqmilletli Ukrainan\u0131\u00f1 \u00e7e\u00e7eklenmesi o\u011frunda mahsuldar \u00e7al\u0131\u015fmalar, [&hellip;]<\/p>\n","protected":false},"author":1,"featured_media":0,"comment_status":"open","ping_status":"open","sticky":false,"template":"","format":"standard","meta":{"inline_featured_image":false,"footnotes":""},"categories":[265],"tags":[],"class_list":["post-39843","post","type-post","status-publish","format-standard","hentry","category-haberler"],"acf":[],"yoast_head":"<!-- This site is optimized with the Yoast SEO plugin v27.4 - https:\/\/yoast.com\/product\/yoast-seo-wordpress\/ -->\n<title>Q\u0131r\u0131mtatar halq\u0131 VI \u00e7a\u011f\u0131r\u0131l\u0131\u015f\u0131 Qurultay\u0131n\u0131\u00f1 delegatlar\u0131n\u0131 Ukraina Sotsial siyaseti naziri Natalya Korolevskaya hay\u0131rlad\u0131 - \u041c\u0435\u0434\u0436\u043b\u0456\u0441<\/title>\n<meta name=\"robots\" content=\"index, follow, max-snippet:-1, max-image-preview:large, max-video-preview:-1\" \/>\n<link rel=\"canonical\" href=\"https:\/\/qtmm.org\/qt\/qirimtatar-halqi-vi-cagirilisi-qurultayinin-delegatlarini-ukraina-sotsial-siyaseti-naziri-natalya-korolevskaya-hayirladi\/\" \/>\n<meta property=\"og:locale\" content=\"en_US\" \/>\n<meta property=\"og:type\" content=\"article\" \/>\n<meta property=\"og:title\" content=\"Q\u0131r\u0131mtatar halq\u0131 VI \u00e7a\u011f\u0131r\u0131l\u0131\u015f\u0131 Qurultay\u0131n\u0131\u00f1 delegatlar\u0131n\u0131 Ukraina Sotsial siyaseti naziri Natalya Korolevskaya hay\u0131rlad\u0131 - \u041c\u0435\u0434\u0436\u043b\u0456\u0441\" \/>\n<meta property=\"og:description\" content=\"Qurultayn\u0131\u00f1 say\u011f\u0131l\u0131 delegatlar\u0131 ve musafirleri! Q\u0131r\u0131mtatar halq\u0131 VI \u00e7a\u011f\u0131r\u0131l\u0131\u015f\u0131 Qurultay\u0131 1-nci sessiyas\u0131n\u0131\u00f1 i\u015fi ba\u015flanmas\u0131nen samimiy hay\u0131rlay\u0131m. S\u00fcrg\u00fcn etilgen halqlarn\u0131\u00f1 siyasiy-uquqiy, i\u00e7timaiy-iqtisadiy meselelerini\u00f1 \u00e7ezimi i\u00e7\u00fcn devlet taraf\u0131ndan belli bir i\u015f yap\u0131la. Sotsial siyaset nazirligi s\u00fcrg\u00fcn etilgen halqlarn\u0131\u00f1 iqtisadiy, siyasiy ve medeniy meselelerini\u00f1 \u00e7ezimine kelecekte de destek k\u00f6sterecegini i\u015fand\u0131ram. Forum delegatlar\u0131na \u00e7oqmilletli Ukrainan\u0131\u00f1 \u00e7e\u00e7eklenmesi o\u011frunda mahsuldar \u00e7al\u0131\u015fmalar, [&hellip;]\" \/>\n<meta property=\"og:url\" content=\"https:\/\/qtmm.org\/qt\/qirimtatar-halqi-vi-cagirilisi-qurultayinin-delegatlarini-ukraina-sotsial-siyaseti-naziri-natalya-korolevskaya-hayirladi\/\" \/>\n<meta property=\"og:site_name\" content=\"\u041c\u0435\u0434\u0436\u043b\u0456\u0441\" \/>\n<meta property=\"article:publisher\" content=\"https:\/\/www.facebook.com\/qtmm.info\/\" \/>\n<meta property=\"article:published_time\" content=\"2013-10-25T21:14:00+00:00\" \/>\n<meta property=\"article:modified_time\" content=\"2022-01-25T21:14:55+00:00\" \/>\n<meta property=\"og:image\" content=\"https:\/\/qtmm.org\/wp-content\/uploads\/2022\/01\/bezymyannyy_3.jpeg\" \/>\n\t<meta property=\"og:image:width\" content=\"650\" \/>\n\t<meta property=\"og:image:height\" content=\"209\" \/>\n\t<meta property=\"og:image:type\" content=\"image\/jpeg\" \/>\n<meta name=\"author\" content=\"Developer\" \/>\n<meta name=\"twitter:card\" content=\"summary_large_image\" \/>\n<meta name=\"twitter:label1\" content=\"Written by\" \/>\n\t<meta name=\"twitter:data1\" content=\"Developer\" \/>\n\t<meta name=\"twitter:label2\" content=\"Est. reading time\" \/>\n\t<meta name=\"twitter:data2\" content=\"1 minute\" \/>\n<script type=\"application\/ld+json\" class=\"yoast-schema-graph\">{\"@context\":\"https:\\\/\\\/schema.org\",\"@graph\":[{\"@type\":\"Article\",\"@id\":\"https:\\\/\\\/qtmm.org\\\/qt\\\/qirimtatar-halqi-vi-cagirilisi-qurultayinin-delegatlarini-ukraina-sotsial-siyaseti-naziri-natalya-korolevskaya-hayirladi\\\/#article\",\"isPartOf\":{\"@id\":\"https:\\\/\\\/qtmm.org\\\/qt\\\/qirimtatar-halqi-vi-cagirilisi-qurultayinin-delegatlarini-ukraina-sotsial-siyaseti-naziri-natalya-korolevskaya-hayirladi\\\/\"},\"author\":{\"name\":\"Developer\",\"@id\":\"https:\\\/\\\/qtmm.org\\\/qt\\\/#\\\/schema\\\/person\\\/de562469f971dec226ac06e60bbf74a7\"},\"headline\":\"Q\u0131r\u0131mtatar halq\u0131 VI \u00e7a\u011f\u0131r\u0131l\u0131\u015f\u0131 Qurultay\u0131n\u0131\u00f1 delegatlar\u0131n\u0131 Ukraina Sotsial siyaseti naziri Natalya Korolevskaya hay\u0131rlad\u0131\",\"datePublished\":\"2013-10-25T21:14:00+00:00\",\"dateModified\":\"2022-01-25T21:14:55+00:00\",\"mainEntityOfPage\":{\"@id\":\"https:\\\/\\\/qtmm.org\\\/qt\\\/qirimtatar-halqi-vi-cagirilisi-qurultayinin-delegatlarini-ukraina-sotsial-siyaseti-naziri-natalya-korolevskaya-hayirladi\\\/\"},\"wordCount\":130,\"commentCount\":0,\"publisher\":{\"@id\":\"https:\\\/\\\/qtmm.org\\\/qt\\\/#organization\"},\"image\":{\"@id\":\"https:\\\/\\\/qtmm.org\\\/qt\\\/qirimtatar-halqi-vi-cagirilisi-qurultayinin-delegatlarini-ukraina-sotsial-siyaseti-naziri-natalya-korolevskaya-hayirladi\\\/#primaryimage\"},\"thumbnailUrl\":\"http:\\\/\\\/qtmm.org\\\/wp-content\\\/uploads\\\/2022\\\/01\\\/bezymyannyy_3.jpeg\",\"articleSection\":[\"Haberler\"],\"inLanguage\":\"qt\",\"potentialAction\":[{\"@type\":\"CommentAction\",\"name\":\"Comment\",\"target\":[\"https:\\\/\\\/qtmm.org\\\/qt\\\/qirimtatar-halqi-vi-cagirilisi-qurultayinin-delegatlarini-ukraina-sotsial-siyaseti-naziri-natalya-korolevskaya-hayirladi\\\/#respond\"]}]},{\"@type\":\"WebPage\",\"@id\":\"https:\\\/\\\/qtmm.org\\\/qt\\\/qirimtatar-halqi-vi-cagirilisi-qurultayinin-delegatlarini-ukraina-sotsial-siyaseti-naziri-natalya-korolevskaya-hayirladi\\\/\",\"url\":\"https:\\\/\\\/qtmm.org\\\/qt\\\/qirimtatar-halqi-vi-cagirilisi-qurultayinin-delegatlarini-ukraina-sotsial-siyaseti-naziri-natalya-korolevskaya-hayirladi\\\/\",\"name\":\"Q\u0131r\u0131mtatar halq\u0131 VI \u00e7a\u011f\u0131r\u0131l\u0131\u015f\u0131 Qurultay\u0131n\u0131\u00f1 delegatlar\u0131n\u0131 Ukraina Sotsial siyaseti naziri Natalya Korolevskaya hay\u0131rlad\u0131 - \u041c\u0435\u0434\u0436\u043b\u0456\u0441\",\"isPartOf\":{\"@id\":\"https:\\\/\\\/qtmm.org\\\/qt\\\/#website\"},\"primaryImageOfPage\":{\"@id\":\"https:\\\/\\\/qtmm.org\\\/qt\\\/qirimtatar-halqi-vi-cagirilisi-qurultayinin-delegatlarini-ukraina-sotsial-siyaseti-naziri-natalya-korolevskaya-hayirladi\\\/#primaryimage\"},\"image\":{\"@id\":\"https:\\\/\\\/qtmm.org\\\/qt\\\/qirimtatar-halqi-vi-cagirilisi-qurultayinin-delegatlarini-ukraina-sotsial-siyaseti-naziri-natalya-korolevskaya-hayirladi\\\/#primaryimage\"},\"thumbnailUrl\":\"http:\\\/\\\/qtmm.org\\\/wp-content\\\/uploads\\\/2022\\\/01\\\/bezymyannyy_3.jpeg\",\"datePublished\":\"2013-10-25T21:14:00+00:00\",\"dateModified\":\"2022-01-25T21:14:55+00:00\",\"breadcrumb\":{\"@id\":\"https:\\\/\\\/qtmm.org\\\/qt\\\/qirimtatar-halqi-vi-cagirilisi-qurultayinin-delegatlarini-ukraina-sotsial-siyaseti-naziri-natalya-korolevskaya-hayirladi\\\/#breadcrumb\"},\"inLanguage\":\"qt\",\"potentialAction\":[{\"@type\":\"ReadAction\",\"target\":[\"https:\\\/\\\/qtmm.org\\\/qt\\\/qirimtatar-halqi-vi-cagirilisi-qurultayinin-delegatlarini-ukraina-sotsial-siyaseti-naziri-natalya-korolevskaya-hayirladi\\\/\"]}]},{\"@type\":\"ImageObject\",\"inLanguage\":\"qt\",\"@id\":\"https:\\\/\\\/qtmm.org\\\/qt\\\/qirimtatar-halqi-vi-cagirilisi-qurultayinin-delegatlarini-ukraina-sotsial-siyaseti-naziri-natalya-korolevskaya-hayirladi\\\/#primaryimage\",\"url\":\"http:\\\/\\\/qtmm.org\\\/wp-content\\\/uploads\\\/2022\\\/01\\\/bezymyannyy_3.jpeg\",\"contentUrl\":\"http:\\\/\\\/qtmm.org\\\/wp-content\\\/uploads\\\/2022\\\/01\\\/bezymyannyy_3.jpeg\"},{\"@type\":\"BreadcrumbList\",\"@id\":\"https:\\\/\\\/qtmm.org\\\/qt\\\/qirimtatar-halqi-vi-cagirilisi-qurultayinin-delegatlarini-ukraina-sotsial-siyaseti-naziri-natalya-korolevskaya-hayirladi\\\/#breadcrumb\",\"itemListElement\":[{\"@type\":\"ListItem\",\"position\":1,\"name\":\"\u0413\u043e\u043b\u043e\u0432\u043d\u0430\",\"item\":\"https:\\\/\\\/qtmm.org\\\/qt\\\/\"},{\"@type\":\"ListItem\",\"position\":2,\"name\":\"Q\u0131r\u0131mtatar halq\u0131 VI \u00e7a\u011f\u0131r\u0131l\u0131\u015f\u0131 Qurultay\u0131n\u0131\u00f1 delegatlar\u0131n\u0131 Ukraina Sotsial siyaseti naziri Natalya Korolevskaya hay\u0131rlad\u0131\"}]},{\"@type\":\"WebSite\",\"@id\":\"https:\\\/\\\/qtmm.org\\\/qt\\\/#website\",\"url\":\"https:\\\/\\\/qtmm.org\\\/qt\\\/\",\"name\":\"\u041c\u0435\u0434\u0436\u043b\u0456\u0441\",\"description\":\"\",\"publisher\":{\"@id\":\"https:\\\/\\\/qtmm.org\\\/qt\\\/#organization\"},\"potentialAction\":[{\"@type\":\"SearchAction\",\"target\":{\"@type\":\"EntryPoint\",\"urlTemplate\":\"https:\\\/\\\/qtmm.org\\\/qt\\\/?s={search_term_string}\"},\"query-input\":{\"@type\":\"PropertyValueSpecification\",\"valueRequired\":true,\"valueName\":\"search_term_string\"}}],\"inLanguage\":\"qt\"},{\"@type\":\"Organization\",\"@id\":\"https:\\\/\\\/qtmm.org\\\/qt\\\/#organization\",\"name\":\"\u041c\u0435\u0434\u0436\u043b\u0456\u0441\",\"url\":\"https:\\\/\\\/qtmm.org\\\/qt\\\/\",\"logo\":{\"@type\":\"ImageObject\",\"inLanguage\":\"qt\",\"@id\":\"https:\\\/\\\/qtmm.org\\\/qt\\\/#\\\/schema\\\/logo\\\/image\\\/\",\"url\":\"https:\\\/\\\/qtmm.org\\\/wp-content\\\/uploads\\\/2024\\\/12\\\/ua-mejlis-logo-rgb.svg\",\"contentUrl\":\"https:\\\/\\\/qtmm.org\\\/wp-content\\\/uploads\\\/2024\\\/12\\\/ua-mejlis-logo-rgb.svg\",\"caption\":\"\u041c\u0435\u0434\u0436\u043b\u0456\u0441\"},\"image\":{\"@id\":\"https:\\\/\\\/qtmm.org\\\/qt\\\/#\\\/schema\\\/logo\\\/image\\\/\"},\"sameAs\":[\"https:\\\/\\\/www.facebook.com\\\/qtmm.info\\\/\"]},{\"@type\":\"Person\",\"@id\":\"https:\\\/\\\/qtmm.org\\\/qt\\\/#\\\/schema\\\/person\\\/de562469f971dec226ac06e60bbf74a7\",\"name\":\"Developer\",\"image\":{\"@type\":\"ImageObject\",\"inLanguage\":\"qt\",\"@id\":\"https:\\\/\\\/secure.gravatar.com\\\/avatar\\\/392b4cc8fbfeb00b39dfeeab4ee6edded39ffd48e25858637e4765810300227e?s=96&d=mm&r=g\",\"url\":\"https:\\\/\\\/secure.gravatar.com\\\/avatar\\\/392b4cc8fbfeb00b39dfeeab4ee6edded39ffd48e25858637e4765810300227e?s=96&d=mm&r=g\",\"contentUrl\":\"https:\\\/\\\/secure.gravatar.com\\\/avatar\\\/392b4cc8fbfeb00b39dfeeab4ee6edded39ffd48e25858637e4765810300227e?s=96&d=mm&r=g\",\"caption\":\"Developer\"},\"url\":\"https:\\\/\\\/qtmm.org\\\/qt\\\/author\\\/Developer\\\/\"}]}<\/script>\n<!-- \/ Yoast SEO plugin. -->","yoast_head_json":{"title":"Q\u0131r\u0131mtatar halq\u0131 VI \u00e7a\u011f\u0131r\u0131l\u0131\u015f\u0131 Qurultay\u0131n\u0131\u00f1 delegatlar\u0131n\u0131 Ukraina Sotsial siyaseti naziri Natalya Korolevskaya hay\u0131rlad\u0131 - \u041c\u0435\u0434\u0436\u043b\u0456\u0441","robots":{"index":"index","follow":"follow","max-snippet":"max-snippet:-1","max-image-preview":"max-image-preview:large","max-video-preview":"max-video-preview:-1"},"canonical":"https:\/\/qtmm.org\/qt\/qirimtatar-halqi-vi-cagirilisi-qurultayinin-delegatlarini-ukraina-sotsial-siyaseti-naziri-natalya-korolevskaya-hayirladi\/","og_locale":"en_US","og_type":"article","og_title":"Q\u0131r\u0131mtatar halq\u0131 VI \u00e7a\u011f\u0131r\u0131l\u0131\u015f\u0131 Qurultay\u0131n\u0131\u00f1 delegatlar\u0131n\u0131 Ukraina Sotsial siyaseti naziri Natalya Korolevskaya hay\u0131rlad\u0131 - \u041c\u0435\u0434\u0436\u043b\u0456\u0441","og_description":"Qurultayn\u0131\u00f1 say\u011f\u0131l\u0131 delegatlar\u0131 ve musafirleri! Q\u0131r\u0131mtatar halq\u0131 VI \u00e7a\u011f\u0131r\u0131l\u0131\u015f\u0131 Qurultay\u0131 1-nci sessiyas\u0131n\u0131\u00f1 i\u015fi ba\u015flanmas\u0131nen samimiy hay\u0131rlay\u0131m. S\u00fcrg\u00fcn etilgen halqlarn\u0131\u00f1 siyasiy-uquqiy, i\u00e7timaiy-iqtisadiy meselelerini\u00f1 \u00e7ezimi i\u00e7\u00fcn devlet taraf\u0131ndan belli bir i\u015f yap\u0131la. Sotsial siyaset nazirligi s\u00fcrg\u00fcn etilgen halqlarn\u0131\u00f1 iqtisadiy, siyasiy ve medeniy meselelerini\u00f1 \u00e7ezimine kelecekte de destek k\u00f6sterecegini i\u015fand\u0131ram. Forum delegatlar\u0131na \u00e7oqmilletli Ukrainan\u0131\u00f1 \u00e7e\u00e7eklenmesi o\u011frunda mahsuldar \u00e7al\u0131\u015fmalar, [&hellip;]","og_url":"https:\/\/qtmm.org\/qt\/qirimtatar-halqi-vi-cagirilisi-qurultayinin-delegatlarini-ukraina-sotsial-siyaseti-naziri-natalya-korolevskaya-hayirladi\/","og_site_name":"\u041c\u0435\u0434\u0436\u043b\u0456\u0441","article_publisher":"https:\/\/www.facebook.com\/qtmm.info\/","article_published_time":"2013-10-25T21:14:00+00:00","article_modified_time":"2022-01-25T21:14:55+00:00","og_image":[{"width":650,"height":209,"url":"https:\/\/qtmm.org\/wp-content\/uploads\/2022\/01\/bezymyannyy_3.jpeg","type":"image\/jpeg"}],"author":"Developer","twitter_card":"summary_large_image","twitter_misc":{"Written by":"Developer","Est. reading time":"1 minute"},"schema":{"@context":"https:\/\/schema.org","@graph":[{"@type":"Article","@id":"https:\/\/qtmm.org\/qt\/qirimtatar-halqi-vi-cagirilisi-qurultayinin-delegatlarini-ukraina-sotsial-siyaseti-naziri-natalya-korolevskaya-hayirladi\/#article","isPartOf":{"@id":"https:\/\/qtmm.org\/qt\/qirimtatar-halqi-vi-cagirilisi-qurultayinin-delegatlarini-ukraina-sotsial-siyaseti-naziri-natalya-korolevskaya-hayirladi\/"},"author":{"name":"Developer","@id":"https:\/\/qtmm.org\/qt\/#\/schema\/person\/de562469f971dec226ac06e60bbf74a7"},"headline":"Q\u0131r\u0131mtatar halq\u0131 VI \u00e7a\u011f\u0131r\u0131l\u0131\u015f\u0131 Qurultay\u0131n\u0131\u00f1 delegatlar\u0131n\u0131 Ukraina Sotsial siyaseti naziri Natalya Korolevskaya hay\u0131rlad\u0131","datePublished":"2013-10-25T21:14:00+00:00","dateModified":"2022-01-25T21:14:55+00:00","mainEntityOfPage":{"@id":"https:\/\/qtmm.org\/qt\/qirimtatar-halqi-vi-cagirilisi-qurultayinin-delegatlarini-ukraina-sotsial-siyaseti-naziri-natalya-korolevskaya-hayirladi\/"},"wordCount":130,"commentCount":0,"publisher":{"@id":"https:\/\/qtmm.org\/qt\/#organization"},"image":{"@id":"https:\/\/qtmm.org\/qt\/qirimtatar-halqi-vi-cagirilisi-qurultayinin-delegatlarini-ukraina-sotsial-siyaseti-naziri-natalya-korolevskaya-hayirladi\/#primaryimage"},"thumbnailUrl":"http:\/\/qtmm.org\/wp-content\/uploads\/2022\/01\/bezymyannyy_3.jpeg","articleSection":["Haberler"],"inLanguage":"qt","potentialAction":[{"@type":"CommentAction","name":"Comment","target":["https:\/\/qtmm.org\/qt\/qirimtatar-halqi-vi-cagirilisi-qurultayinin-delegatlarini-ukraina-sotsial-siyaseti-naziri-natalya-korolevskaya-hayirladi\/#respond"]}]},{"@type":"WebPage","@id":"https:\/\/qtmm.org\/qt\/qirimtatar-halqi-vi-cagirilisi-qurultayinin-delegatlarini-ukraina-sotsial-siyaseti-naziri-natalya-korolevskaya-hayirladi\/","url":"https:\/\/qtmm.org\/qt\/qirimtatar-halqi-vi-cagirilisi-qurultayinin-delegatlarini-ukraina-sotsial-siyaseti-naziri-natalya-korolevskaya-hayirladi\/","name":"Q\u0131r\u0131mtatar halq\u0131 VI \u00e7a\u011f\u0131r\u0131l\u0131\u015f\u0131 Qurultay\u0131n\u0131\u00f1 delegatlar\u0131n\u0131 Ukraina Sotsial siyaseti naziri Natalya Korolevskaya hay\u0131rlad\u0131 - \u041c\u0435\u0434\u0436\u043b\u0456\u0441","isPartOf":{"@id":"https:\/\/qtmm.org\/qt\/#website"},"primaryImageOfPage":{"@id":"https:\/\/qtmm.org\/qt\/qirimtatar-halqi-vi-cagirilisi-qurultayinin-delegatlarini-ukraina-sotsial-siyaseti-naziri-natalya-korolevskaya-hayirladi\/#primaryimage"},"image":{"@id":"https:\/\/qtmm.org\/qt\/qirimtatar-halqi-vi-cagirilisi-qurultayinin-delegatlarini-ukraina-sotsial-siyaseti-naziri-natalya-korolevskaya-hayirladi\/#primaryimage"},"thumbnailUrl":"http:\/\/qtmm.org\/wp-content\/uploads\/2022\/01\/bezymyannyy_3.jpeg","datePublished":"2013-10-25T21:14:00+00:00","dateModified":"2022-01-25T21:14:55+00:00","breadcrumb":{"@id":"https:\/\/qtmm.org\/qt\/qirimtatar-halqi-vi-cagirilisi-qurultayinin-delegatlarini-ukraina-sotsial-siyaseti-naziri-natalya-korolevskaya-hayirladi\/#breadcrumb"},"inLanguage":"qt","potentialAction":[{"@type":"ReadAction","target":["https:\/\/qtmm.org\/qt\/qirimtatar-halqi-vi-cagirilisi-qurultayinin-delegatlarini-ukraina-sotsial-siyaseti-naziri-natalya-korolevskaya-hayirladi\/"]}]},{"@type":"ImageObject","inLanguage":"qt","@id":"https:\/\/qtmm.org\/qt\/qirimtatar-halqi-vi-cagirilisi-qurultayinin-delegatlarini-ukraina-sotsial-siyaseti-naziri-natalya-korolevskaya-hayirladi\/#primaryimage","url":"http:\/\/qtmm.org\/wp-content\/uploads\/2022\/01\/bezymyannyy_3.jpeg","contentUrl":"http:\/\/qtmm.org\/wp-content\/uploads\/2022\/01\/bezymyannyy_3.jpeg"},{"@type":"BreadcrumbList","@id":"https:\/\/qtmm.org\/qt\/qirimtatar-halqi-vi-cagirilisi-qurultayinin-delegatlarini-ukraina-sotsial-siyaseti-naziri-natalya-korolevskaya-hayirladi\/#breadcrumb","itemListElement":[{"@type":"ListItem","position":1,"name":"\u0413\u043e\u043b\u043e\u0432\u043d\u0430","item":"https:\/\/qtmm.org\/qt\/"},{"@type":"ListItem","position":2,"name":"Q\u0131r\u0131mtatar halq\u0131 VI \u00e7a\u011f\u0131r\u0131l\u0131\u015f\u0131 Qurultay\u0131n\u0131\u00f1 delegatlar\u0131n\u0131 Ukraina Sotsial siyaseti naziri Natalya Korolevskaya hay\u0131rlad\u0131"}]},{"@type":"WebSite","@id":"https:\/\/qtmm.org\/qt\/#website","url":"https:\/\/qtmm.org\/qt\/","name":"\u041c\u0435\u0434\u0436\u043b\u0456\u0441","description":"","publisher":{"@id":"https:\/\/qtmm.org\/qt\/#organization"},"potentialAction":[{"@type":"SearchAction","target":{"@type":"EntryPoint","urlTemplate":"https:\/\/qtmm.org\/qt\/?s={search_term_string}"},"query-input":{"@type":"PropertyValueSpecification","valueRequired":true,"valueName":"search_term_string"}}],"inLanguage":"qt"},{"@type":"Organization","@id":"https:\/\/qtmm.org\/qt\/#organization","name":"\u041c\u0435\u0434\u0436\u043b\u0456\u0441","url":"https:\/\/qtmm.org\/qt\/","logo":{"@type":"ImageObject","inLanguage":"qt","@id":"https:\/\/qtmm.org\/qt\/#\/schema\/logo\/image\/","url":"https:\/\/qtmm.org\/wp-content\/uploads\/2024\/12\/ua-mejlis-logo-rgb.svg","contentUrl":"https:\/\/qtmm.org\/wp-content\/uploads\/2024\/12\/ua-mejlis-logo-rgb.svg","caption":"\u041c\u0435\u0434\u0436\u043b\u0456\u0441"},"image":{"@id":"https:\/\/qtmm.org\/qt\/#\/schema\/logo\/image\/"},"sameAs":["https:\/\/www.facebook.com\/qtmm.info\/"]},{"@type":"Person","@id":"https:\/\/qtmm.org\/qt\/#\/schema\/person\/de562469f971dec226ac06e60bbf74a7","name":"Developer","image":{"@type":"ImageObject","inLanguage":"qt","@id":"https:\/\/secure.gravatar.com\/avatar\/392b4cc8fbfeb00b39dfeeab4ee6edded39ffd48e25858637e4765810300227e?s=96&d=mm&r=g","url":"https:\/\/secure.gravatar.com\/avatar\/392b4cc8fbfeb00b39dfeeab4ee6edded39ffd48e25858637e4765810300227e?s=96&d=mm&r=g","contentUrl":"https:\/\/secure.gravatar.com\/avatar\/392b4cc8fbfeb00b39dfeeab4ee6edded39ffd48e25858637e4765810300227e?s=96&d=mm&r=g","caption":"Developer"},"url":"https:\/\/qtmm.org\/qt\/author\/Developer\/"}]}},"_links":{"self":[{"href":"https:\/\/qtmm.org\/qt\/wp-json\/wp\/v2\/posts\/39843","targetHints":{"allow":["GET"]}}],"collection":[{"href":"https:\/\/qtmm.org\/qt\/wp-json\/wp\/v2\/posts"}],"about":[{"href":"https:\/\/qtmm.org\/qt\/wp-json\/wp\/v2\/types\/post"}],"author":[{"embeddable":true,"href":"https:\/\/qtmm.org\/qt\/wp-json\/wp\/v2\/users\/1"}],"replies":[{"embeddable":true,"href":"https:\/\/qtmm.org\/qt\/wp-json\/wp\/v2\/comments?post=39843"}],"version-history":[{"count":1,"href":"https:\/\/qtmm.org\/qt\/wp-json\/wp\/v2\/posts\/39843\/revisions"}],"predecessor-version":[{"id":39848,"href":"https:\/\/qtmm.org\/qt\/wp-json\/wp\/v2\/posts\/39843\/revisions\/39848"}],"wp:attachment":[{"href":"https:\/\/qtmm.org\/qt\/wp-json\/wp\/v2\/media?parent=39843"}],"wp:term":[{"taxonomy":"category","embeddable":true,"href":"https:\/\/qtmm.org\/qt\/wp-json\/wp\/v2\/categories?post=39843"},{"taxonomy":"post_tag","embeddable":true,"href":"https:\/\/qtmm.org\/qt\/wp-json\/wp\/v2\/tags?post=39843"}],"curies":[{"name":"wp","href":"https:\/\/api.w.org\/{rel}","templated":true}]}}