




{"id":39825,"date":"2013-10-24T00:12:00","date_gmt":"2013-10-23T21:12:00","guid":{"rendered":"http:\/\/qtmm.org\/?p=39825"},"modified":"2022-01-26T00:14:04","modified_gmt":"2022-01-25T21:14:04","slug":"avropa-parlamentinin-deputati-vitautas-landsbergis-qirim-barisiq-ve-tincliq-kefili-olacagina-ve-bu-ukraina-ve-avropa-icun-muim-olganina-emin","status":"publish","type":"post","link":"https:\/\/qtmm.org\/qt\/avropa-parlamentinin-deputati-vitautas-landsbergis-qirim-barisiq-ve-tincliq-kefili-olacagina-ve-bu-ukraina-ve-avropa-icun-muim-olganina-emin\/","title":{"rendered":"Avropa parlamentini\u00f1 deputat\u0131 Vitautas Landsbergis Q\u0131r\u0131m bar\u0131\u015f\u0131q ve t\u0131n\u00e7l\u0131q kefili olaca\u011f\u0131na ve bu Ukraina ve Avropa i\u00e7\u00fcn m\u00fcim ol\u011fan\u0131na emin"},"content":{"rendered":"\n<p>Litvaniya cumhuriyetine i\u015f ziyaretini\u00f1 birinci k\u00fcn\u00fc &#8211; okt\u00e2br 21-de Meclis reisi Mustafa Cemilev Litvaniya Seymini\u00f1 sab\u0131q reisi, Avropa Parlamentini\u00f1 deputat\u0131 Vitautas Landsbergis ile k\u00f6r\u00fc\u015fti.<\/p>\n\n\n\n<figure class=\"wp-block-image size-full\"><img loading=\"lazy\" decoding=\"async\" width=\"650\" height=\"350\" src=\"http:\/\/qtmm.org\/wp-content\/uploads\/2022\/01\/1_131.jpeg\" alt=\"\" class=\"wp-image-39826\" srcset=\"https:\/\/qtmm.org\/wp-content\/uploads\/2022\/01\/1_131.jpeg 650w, https:\/\/qtmm.org\/wp-content\/uploads\/2022\/01\/1_131-300x162.jpeg 300w\" sizes=\"auto, (max-width: 650px) 100vw, 650px\" \/><\/figure>\n\n\n\n<p>K\u00f6r\u00fc\u015f\u00fcvde Meclis t\u0131\u015fq\u0131 al\u00e2qalar b\u00f6l\u00fcgini\u00f1 ba\u015f\u0131 Ali Hamzin, Litvaniya tatarlar\u0131 cemiyetini\u00f1 ba\u015f\u0131, Meclisni\u00f1 Litvaniyadaki temsilcisi Adas Yakubauskas ve Ukraina halq deputat\u0131 Mustafa Cemilevni\u00f1 iqtisadiy meseleler boyunca yard\u0131mc\u0131s\u0131 Rustem \u00dcmerov i\u015ftirak ettiler.<\/p>\n\n\n\n<p>K\u00f6r\u00fc\u015f\u00fcv vaqt\u0131nda Q\u0131r\u0131m ve Ukrainada Avropa Birligi ile birle\u015fme imzalanmas\u0131 arfesindeki vaziyet, imzalanacaq A\u00f1la\u015fman\u0131\u00f1 bir q\u0131sm\u0131 olacaq Avropa Birliginen serbest ticaret alan\u0131 meselesi muzakere etildi.<\/p>\n\n\n\n<figure class=\"wp-block-image size-full\"><img loading=\"lazy\" decoding=\"async\" width=\"650\" height=\"445\" src=\"http:\/\/qtmm.org\/wp-content\/uploads\/2022\/01\/2_131.jpeg\" alt=\"\" class=\"wp-image-39830\" srcset=\"https:\/\/qtmm.org\/wp-content\/uploads\/2022\/01\/2_131.jpeg 650w, https:\/\/qtmm.org\/wp-content\/uploads\/2022\/01\/2_131-300x205.jpeg 300w\" sizes=\"auto, (max-width: 650px) 100vw, 650px\" \/><\/figure>\n\n\n\n<p>Vitautas Landsbergis q\u0131r\u0131mtatarlarn\u0131\u00f1 Ukrainada al\u0131, bilhassa Qurban bayram\u0131 k\u00fcnleri camiler yaq\u0131lmas\u0131n\u0131\u00f1 tafsil\u00e2tl\u0131ca tarif etilmesini rica etti. Avropa Parlamenti deputat\u0131n\u0131\u00f1 fikrince bu vah\u015fiylikni yar\u0131madada vaziyetni kerginle\u015f\u00e7tirmek maqsad\u0131nen yap\u0131l\u011fan fesat, dep tan\u0131lmal\u0131. On\u0131\u00f1 aytqan\u0131na k\u00f6re, fesatlar t\u00fcrk\u00fcmi Ukrainan\u0131\u00f1 Avropa cemiyetine qat\u0131lmas\u0131na qar\u015f\u0131 olaraq, Viln\u00fcste Avropa Birliginen A\u00f1la\u015fma imzalanmas\u0131na da keder etmege do\u011frult\u0131l\u011fand\u0131r.<\/p>\n\n\n\n<p>Mustafa Cemilev Vitautas Landsbergisni\u00f1 kederli fikirlerine qo\u015fularaq Ukrainada Meclis ta 2010 senesi teklif etken Halqara forumn\u0131\u00f1 ke\u00e7irilmesi zarurl\u0131\u011f\u0131na diqqatn\u0131 celp etti.<\/p>\n\n\n\n<figure class=\"wp-block-image size-full\"><img loading=\"lazy\" decoding=\"async\" width=\"650\" height=\"383\" src=\"http:\/\/qtmm.org\/wp-content\/uploads\/2022\/01\/3_100.jpeg\" alt=\"\" class=\"wp-image-39834\" srcset=\"https:\/\/qtmm.org\/wp-content\/uploads\/2022\/01\/3_100.jpeg 650w, https:\/\/qtmm.org\/wp-content\/uploads\/2022\/01\/3_100-300x177.jpeg 300w\" sizes=\"auto, (max-width: 650px) 100vw, 650px\" \/><\/figure>\n\n\n\n<p>Bu munasebetnen Meclis reisi 2013 senesi sent\u00e2br 19-da Q\u0131r\u0131m Nazirler \u015euras\u0131nda Avropa Aliy komissar\u0131 \u015etefan F\u00fcleni\u00f1 q\u0131r\u0131mtatarlar ile k\u00f6r\u00fc\u015f\u00fcvinde Meclis reisi yolba\u015f\u00e7\u0131l\u0131\u011f\u0131nda Meclis azalar\u0131 da i\u015ftirak etkenleri aqq\u0131nda tafsil\u00e2tl\u0131 mal\u00fcmat berdi. Bun\u0131\u00f1 kibi de sent\u00e2br 26-da Br\u00fcsselde &#8220;Q\u0131r\u0131mtatarlarn\u0131\u00f1 aqlar\u0131nen ba\u011fl\u0131 vaziyet boyunca&#8221; ke\u00e7irilgen acele di\u00f1lev aqq\u0131nda da bilgi berildi. K\u00f6r\u00fc\u015f\u00fcvni\u00f1 so\u00f1unda Vitautas Landsbergis Q\u0131r\u0131mn\u0131 arbiy qar\u0131\u015fuvdan serbest etmek meselesini k\u00f6termekni ve bu mevzu\u011fa ba\u011f\u0131\u015flan\u011fan ayr\u0131ca halqara konferentsiya ke\u00e7irmekni teklif etti.<\/p>\n\n\n\n<p>&#8220;Geosiyasiy menfaatlarn\u0131\u00f1 rastkeli\u015ftigi hususiy region olaraq Q\u0131r\u0131m arbiy qar\u0131\u015fuvlardan serbest alan etip il\u00e2n etilmesi on\u0131\u00f1 bar\u0131\u015f\u0131q ve t\u0131n\u00e7l\u0131q kefili olmas\u0131n\u0131 teminler. Bu ise Ukraina, Avropa ve sab\u0131q sovetlerdeki regional siyaset i\u00e7\u00fcn \u011fayet m\u00fcimdir&#8221;, &#8211; dedi belli siyaset\u00e7i Vitautas Landsbergis.<\/p>\n\n\n\n<figure class=\"wp-block-image size-full\"><img loading=\"lazy\" decoding=\"async\" width=\"650\" height=\"311\" src=\"http:\/\/qtmm.org\/wp-content\/uploads\/2022\/01\/4_94.jpeg\" alt=\"\" class=\"wp-image-39838\" srcset=\"https:\/\/qtmm.org\/wp-content\/uploads\/2022\/01\/4_94.jpeg 650w, https:\/\/qtmm.org\/wp-content\/uploads\/2022\/01\/4_94-300x144.jpeg 300w\" sizes=\"auto, (max-width: 650px) 100vw, 650px\" \/><\/figure>\n","protected":false},"excerpt":{"rendered":"<p>Litvaniya cumhuriyetine i\u015f ziyaretini\u00f1 birinci k\u00fcn\u00fc &#8211; okt\u00e2br 21-de Meclis reisi Mustafa Cemilev Litvaniya Seymini\u00f1 sab\u0131q reisi, Avropa Parlamentini\u00f1 deputat\u0131 Vitautas Landsbergis ile k\u00f6r\u00fc\u015fti. K\u00f6r\u00fc\u015f\u00fcvde Meclis t\u0131\u015fq\u0131 al\u00e2qalar b\u00f6l\u00fcgini\u00f1 ba\u015f\u0131 Ali Hamzin, Litvaniya tatarlar\u0131 cemiyetini\u00f1 ba\u015f\u0131, Meclisni\u00f1 Litvaniyadaki temsilcisi Adas Yakubauskas ve Ukraina halq deputat\u0131 Mustafa Cemilevni\u00f1 iqtisadiy meseleler boyunca yard\u0131mc\u0131s\u0131 Rustem \u00dcmerov i\u015ftirak ettiler. [&hellip;]<\/p>\n","protected":false},"author":1,"featured_media":0,"comment_status":"open","ping_status":"open","sticky":false,"template":"","format":"standard","meta":{"inline_featured_image":false,"footnotes":""},"categories":[265],"tags":[],"class_list":["post-39825","post","type-post","status-publish","format-standard","hentry","category-haberler"],"acf":[],"yoast_head":"<!-- This site is optimized with the Yoast SEO plugin v27.4 - https:\/\/yoast.com\/product\/yoast-seo-wordpress\/ -->\n<title>Avropa parlamentini\u00f1 deputat\u0131 Vitautas Landsbergis Q\u0131r\u0131m bar\u0131\u015f\u0131q ve t\u0131n\u00e7l\u0131q kefili olaca\u011f\u0131na ve bu Ukraina ve Avropa i\u00e7\u00fcn m\u00fcim ol\u011fan\u0131na emin - \u041c\u0435\u0434\u0436\u043b\u0456\u0441<\/title>\n<meta name=\"robots\" content=\"index, follow, max-snippet:-1, max-image-preview:large, max-video-preview:-1\" \/>\n<link rel=\"canonical\" href=\"https:\/\/qtmm.org\/qt\/avropa-parlamentinin-deputati-vitautas-landsbergis-qirim-barisiq-ve-tincliq-kefili-olacagina-ve-bu-ukraina-ve-avropa-icun-muim-olganina-emin\/\" \/>\n<meta property=\"og:locale\" content=\"en_US\" \/>\n<meta property=\"og:type\" content=\"article\" \/>\n<meta property=\"og:title\" content=\"Avropa parlamentini\u00f1 deputat\u0131 Vitautas Landsbergis Q\u0131r\u0131m bar\u0131\u015f\u0131q ve t\u0131n\u00e7l\u0131q kefili olaca\u011f\u0131na ve bu Ukraina ve Avropa i\u00e7\u00fcn m\u00fcim ol\u011fan\u0131na emin - \u041c\u0435\u0434\u0436\u043b\u0456\u0441\" \/>\n<meta property=\"og:description\" content=\"Litvaniya cumhuriyetine i\u015f ziyaretini\u00f1 birinci k\u00fcn\u00fc &#8211; okt\u00e2br 21-de Meclis reisi Mustafa Cemilev Litvaniya Seymini\u00f1 sab\u0131q reisi, Avropa Parlamentini\u00f1 deputat\u0131 Vitautas Landsbergis ile k\u00f6r\u00fc\u015fti. K\u00f6r\u00fc\u015f\u00fcvde Meclis t\u0131\u015fq\u0131 al\u00e2qalar b\u00f6l\u00fcgini\u00f1 ba\u015f\u0131 Ali Hamzin, Litvaniya tatarlar\u0131 cemiyetini\u00f1 ba\u015f\u0131, Meclisni\u00f1 Litvaniyadaki temsilcisi Adas Yakubauskas ve Ukraina halq deputat\u0131 Mustafa Cemilevni\u00f1 iqtisadiy meseleler boyunca yard\u0131mc\u0131s\u0131 Rustem \u00dcmerov i\u015ftirak ettiler. [&hellip;]\" \/>\n<meta property=\"og:url\" content=\"https:\/\/qtmm.org\/qt\/avropa-parlamentinin-deputati-vitautas-landsbergis-qirim-barisiq-ve-tincliq-kefili-olacagina-ve-bu-ukraina-ve-avropa-icun-muim-olganina-emin\/\" \/>\n<meta property=\"og:site_name\" content=\"\u041c\u0435\u0434\u0436\u043b\u0456\u0441\" \/>\n<meta property=\"article:publisher\" content=\"https:\/\/www.facebook.com\/qtmm.info\/\" \/>\n<meta property=\"article:published_time\" content=\"2013-10-23T21:12:00+00:00\" \/>\n<meta property=\"article:modified_time\" content=\"2022-01-25T21:14:04+00:00\" \/>\n<meta property=\"og:image\" content=\"https:\/\/qtmm.org\/wp-content\/uploads\/2022\/01\/1_131.jpeg\" \/>\n\t<meta property=\"og:image:width\" content=\"650\" \/>\n\t<meta property=\"og:image:height\" content=\"350\" \/>\n\t<meta property=\"og:image:type\" content=\"image\/jpeg\" \/>\n<meta name=\"author\" content=\"Developer\" \/>\n<meta name=\"twitter:card\" content=\"summary_large_image\" \/>\n<meta name=\"twitter:label1\" content=\"Written by\" \/>\n\t<meta name=\"twitter:data1\" content=\"Developer\" \/>\n\t<meta name=\"twitter:label2\" content=\"Est. reading time\" \/>\n\t<meta name=\"twitter:data2\" content=\"2 minutes\" \/>\n<script type=\"application\/ld+json\" class=\"yoast-schema-graph\">{\"@context\":\"https:\\\/\\\/schema.org\",\"@graph\":[{\"@type\":\"Article\",\"@id\":\"https:\\\/\\\/qtmm.org\\\/qt\\\/avropa-parlamentinin-deputati-vitautas-landsbergis-qirim-barisiq-ve-tincliq-kefili-olacagina-ve-bu-ukraina-ve-avropa-icun-muim-olganina-emin\\\/#article\",\"isPartOf\":{\"@id\":\"https:\\\/\\\/qtmm.org\\\/qt\\\/avropa-parlamentinin-deputati-vitautas-landsbergis-qirim-barisiq-ve-tincliq-kefili-olacagina-ve-bu-ukraina-ve-avropa-icun-muim-olganina-emin\\\/\"},\"author\":{\"name\":\"Developer\",\"@id\":\"https:\\\/\\\/qtmm.org\\\/qt\\\/#\\\/schema\\\/person\\\/de562469f971dec226ac06e60bbf74a7\"},\"headline\":\"Avropa parlamentini\u00f1 deputat\u0131 Vitautas Landsbergis Q\u0131r\u0131m bar\u0131\u015f\u0131q ve t\u0131n\u00e7l\u0131q kefili olaca\u011f\u0131na ve bu Ukraina ve Avropa i\u00e7\u00fcn m\u00fcim ol\u011fan\u0131na emin\",\"datePublished\":\"2013-10-23T21:12:00+00:00\",\"dateModified\":\"2022-01-25T21:14:04+00:00\",\"mainEntityOfPage\":{\"@id\":\"https:\\\/\\\/qtmm.org\\\/qt\\\/avropa-parlamentinin-deputati-vitautas-landsbergis-qirim-barisiq-ve-tincliq-kefili-olacagina-ve-bu-ukraina-ve-avropa-icun-muim-olganina-emin\\\/\"},\"wordCount\":394,\"commentCount\":0,\"publisher\":{\"@id\":\"https:\\\/\\\/qtmm.org\\\/qt\\\/#organization\"},\"image\":{\"@id\":\"https:\\\/\\\/qtmm.org\\\/qt\\\/avropa-parlamentinin-deputati-vitautas-landsbergis-qirim-barisiq-ve-tincliq-kefili-olacagina-ve-bu-ukraina-ve-avropa-icun-muim-olganina-emin\\\/#primaryimage\"},\"thumbnailUrl\":\"http:\\\/\\\/qtmm.org\\\/wp-content\\\/uploads\\\/2022\\\/01\\\/1_131.jpeg\",\"articleSection\":[\"Haberler\"],\"inLanguage\":\"qt\",\"potentialAction\":[{\"@type\":\"CommentAction\",\"name\":\"Comment\",\"target\":[\"https:\\\/\\\/qtmm.org\\\/qt\\\/avropa-parlamentinin-deputati-vitautas-landsbergis-qirim-barisiq-ve-tincliq-kefili-olacagina-ve-bu-ukraina-ve-avropa-icun-muim-olganina-emin\\\/#respond\"]}]},{\"@type\":\"WebPage\",\"@id\":\"https:\\\/\\\/qtmm.org\\\/qt\\\/avropa-parlamentinin-deputati-vitautas-landsbergis-qirim-barisiq-ve-tincliq-kefili-olacagina-ve-bu-ukraina-ve-avropa-icun-muim-olganina-emin\\\/\",\"url\":\"https:\\\/\\\/qtmm.org\\\/qt\\\/avropa-parlamentinin-deputati-vitautas-landsbergis-qirim-barisiq-ve-tincliq-kefili-olacagina-ve-bu-ukraina-ve-avropa-icun-muim-olganina-emin\\\/\",\"name\":\"Avropa parlamentini\u00f1 deputat\u0131 Vitautas Landsbergis Q\u0131r\u0131m bar\u0131\u015f\u0131q ve t\u0131n\u00e7l\u0131q kefili olaca\u011f\u0131na ve bu Ukraina ve Avropa i\u00e7\u00fcn m\u00fcim ol\u011fan\u0131na emin - \u041c\u0435\u0434\u0436\u043b\u0456\u0441\",\"isPartOf\":{\"@id\":\"https:\\\/\\\/qtmm.org\\\/qt\\\/#website\"},\"primaryImageOfPage\":{\"@id\":\"https:\\\/\\\/qtmm.org\\\/qt\\\/avropa-parlamentinin-deputati-vitautas-landsbergis-qirim-barisiq-ve-tincliq-kefili-olacagina-ve-bu-ukraina-ve-avropa-icun-muim-olganina-emin\\\/#primaryimage\"},\"image\":{\"@id\":\"https:\\\/\\\/qtmm.org\\\/qt\\\/avropa-parlamentinin-deputati-vitautas-landsbergis-qirim-barisiq-ve-tincliq-kefili-olacagina-ve-bu-ukraina-ve-avropa-icun-muim-olganina-emin\\\/#primaryimage\"},\"thumbnailUrl\":\"http:\\\/\\\/qtmm.org\\\/wp-content\\\/uploads\\\/2022\\\/01\\\/1_131.jpeg\",\"datePublished\":\"2013-10-23T21:12:00+00:00\",\"dateModified\":\"2022-01-25T21:14:04+00:00\",\"breadcrumb\":{\"@id\":\"https:\\\/\\\/qtmm.org\\\/qt\\\/avropa-parlamentinin-deputati-vitautas-landsbergis-qirim-barisiq-ve-tincliq-kefili-olacagina-ve-bu-ukraina-ve-avropa-icun-muim-olganina-emin\\\/#breadcrumb\"},\"inLanguage\":\"qt\",\"potentialAction\":[{\"@type\":\"ReadAction\",\"target\":[\"https:\\\/\\\/qtmm.org\\\/qt\\\/avropa-parlamentinin-deputati-vitautas-landsbergis-qirim-barisiq-ve-tincliq-kefili-olacagina-ve-bu-ukraina-ve-avropa-icun-muim-olganina-emin\\\/\"]}]},{\"@type\":\"ImageObject\",\"inLanguage\":\"qt\",\"@id\":\"https:\\\/\\\/qtmm.org\\\/qt\\\/avropa-parlamentinin-deputati-vitautas-landsbergis-qirim-barisiq-ve-tincliq-kefili-olacagina-ve-bu-ukraina-ve-avropa-icun-muim-olganina-emin\\\/#primaryimage\",\"url\":\"http:\\\/\\\/qtmm.org\\\/wp-content\\\/uploads\\\/2022\\\/01\\\/1_131.jpeg\",\"contentUrl\":\"http:\\\/\\\/qtmm.org\\\/wp-content\\\/uploads\\\/2022\\\/01\\\/1_131.jpeg\"},{\"@type\":\"BreadcrumbList\",\"@id\":\"https:\\\/\\\/qtmm.org\\\/qt\\\/avropa-parlamentinin-deputati-vitautas-landsbergis-qirim-barisiq-ve-tincliq-kefili-olacagina-ve-bu-ukraina-ve-avropa-icun-muim-olganina-emin\\\/#breadcrumb\",\"itemListElement\":[{\"@type\":\"ListItem\",\"position\":1,\"name\":\"\u0413\u043e\u043b\u043e\u0432\u043d\u0430\",\"item\":\"https:\\\/\\\/qtmm.org\\\/qt\\\/\"},{\"@type\":\"ListItem\",\"position\":2,\"name\":\"Avropa parlamentini\u00f1 deputat\u0131 Vitautas Landsbergis Q\u0131r\u0131m bar\u0131\u015f\u0131q ve t\u0131n\u00e7l\u0131q kefili olaca\u011f\u0131na ve bu Ukraina ve Avropa i\u00e7\u00fcn m\u00fcim ol\u011fan\u0131na emin\"}]},{\"@type\":\"WebSite\",\"@id\":\"https:\\\/\\\/qtmm.org\\\/qt\\\/#website\",\"url\":\"https:\\\/\\\/qtmm.org\\\/qt\\\/\",\"name\":\"\u041c\u0435\u0434\u0436\u043b\u0456\u0441\",\"description\":\"\",\"publisher\":{\"@id\":\"https:\\\/\\\/qtmm.org\\\/qt\\\/#organization\"},\"potentialAction\":[{\"@type\":\"SearchAction\",\"target\":{\"@type\":\"EntryPoint\",\"urlTemplate\":\"https:\\\/\\\/qtmm.org\\\/qt\\\/?s={search_term_string}\"},\"query-input\":{\"@type\":\"PropertyValueSpecification\",\"valueRequired\":true,\"valueName\":\"search_term_string\"}}],\"inLanguage\":\"qt\"},{\"@type\":\"Organization\",\"@id\":\"https:\\\/\\\/qtmm.org\\\/qt\\\/#organization\",\"name\":\"\u041c\u0435\u0434\u0436\u043b\u0456\u0441\",\"url\":\"https:\\\/\\\/qtmm.org\\\/qt\\\/\",\"logo\":{\"@type\":\"ImageObject\",\"inLanguage\":\"qt\",\"@id\":\"https:\\\/\\\/qtmm.org\\\/qt\\\/#\\\/schema\\\/logo\\\/image\\\/\",\"url\":\"https:\\\/\\\/qtmm.org\\\/wp-content\\\/uploads\\\/2024\\\/12\\\/ua-mejlis-logo-rgb.svg\",\"contentUrl\":\"https:\\\/\\\/qtmm.org\\\/wp-content\\\/uploads\\\/2024\\\/12\\\/ua-mejlis-logo-rgb.svg\",\"caption\":\"\u041c\u0435\u0434\u0436\u043b\u0456\u0441\"},\"image\":{\"@id\":\"https:\\\/\\\/qtmm.org\\\/qt\\\/#\\\/schema\\\/logo\\\/image\\\/\"},\"sameAs\":[\"https:\\\/\\\/www.facebook.com\\\/qtmm.info\\\/\"]},{\"@type\":\"Person\",\"@id\":\"https:\\\/\\\/qtmm.org\\\/qt\\\/#\\\/schema\\\/person\\\/de562469f971dec226ac06e60bbf74a7\",\"name\":\"Developer\",\"image\":{\"@type\":\"ImageObject\",\"inLanguage\":\"qt\",\"@id\":\"https:\\\/\\\/secure.gravatar.com\\\/avatar\\\/392b4cc8fbfeb00b39dfeeab4ee6edded39ffd48e25858637e4765810300227e?s=96&d=mm&r=g\",\"url\":\"https:\\\/\\\/secure.gravatar.com\\\/avatar\\\/392b4cc8fbfeb00b39dfeeab4ee6edded39ffd48e25858637e4765810300227e?s=96&d=mm&r=g\",\"contentUrl\":\"https:\\\/\\\/secure.gravatar.com\\\/avatar\\\/392b4cc8fbfeb00b39dfeeab4ee6edded39ffd48e25858637e4765810300227e?s=96&d=mm&r=g\",\"caption\":\"Developer\"},\"url\":\"https:\\\/\\\/qtmm.org\\\/qt\\\/author\\\/Developer\\\/\"}]}<\/script>\n<!-- \/ Yoast SEO plugin. -->","yoast_head_json":{"title":"Avropa parlamentini\u00f1 deputat\u0131 Vitautas Landsbergis Q\u0131r\u0131m bar\u0131\u015f\u0131q ve t\u0131n\u00e7l\u0131q kefili olaca\u011f\u0131na ve bu Ukraina ve Avropa i\u00e7\u00fcn m\u00fcim ol\u011fan\u0131na emin - \u041c\u0435\u0434\u0436\u043b\u0456\u0441","robots":{"index":"index","follow":"follow","max-snippet":"max-snippet:-1","max-image-preview":"max-image-preview:large","max-video-preview":"max-video-preview:-1"},"canonical":"https:\/\/qtmm.org\/qt\/avropa-parlamentinin-deputati-vitautas-landsbergis-qirim-barisiq-ve-tincliq-kefili-olacagina-ve-bu-ukraina-ve-avropa-icun-muim-olganina-emin\/","og_locale":"en_US","og_type":"article","og_title":"Avropa parlamentini\u00f1 deputat\u0131 Vitautas Landsbergis Q\u0131r\u0131m bar\u0131\u015f\u0131q ve t\u0131n\u00e7l\u0131q kefili olaca\u011f\u0131na ve bu Ukraina ve Avropa i\u00e7\u00fcn m\u00fcim ol\u011fan\u0131na emin - \u041c\u0435\u0434\u0436\u043b\u0456\u0441","og_description":"Litvaniya cumhuriyetine i\u015f ziyaretini\u00f1 birinci k\u00fcn\u00fc &#8211; okt\u00e2br 21-de Meclis reisi Mustafa Cemilev Litvaniya Seymini\u00f1 sab\u0131q reisi, Avropa Parlamentini\u00f1 deputat\u0131 Vitautas Landsbergis ile k\u00f6r\u00fc\u015fti. K\u00f6r\u00fc\u015f\u00fcvde Meclis t\u0131\u015fq\u0131 al\u00e2qalar b\u00f6l\u00fcgini\u00f1 ba\u015f\u0131 Ali Hamzin, Litvaniya tatarlar\u0131 cemiyetini\u00f1 ba\u015f\u0131, Meclisni\u00f1 Litvaniyadaki temsilcisi Adas Yakubauskas ve Ukraina halq deputat\u0131 Mustafa Cemilevni\u00f1 iqtisadiy meseleler boyunca yard\u0131mc\u0131s\u0131 Rustem \u00dcmerov i\u015ftirak ettiler. [&hellip;]","og_url":"https:\/\/qtmm.org\/qt\/avropa-parlamentinin-deputati-vitautas-landsbergis-qirim-barisiq-ve-tincliq-kefili-olacagina-ve-bu-ukraina-ve-avropa-icun-muim-olganina-emin\/","og_site_name":"\u041c\u0435\u0434\u0436\u043b\u0456\u0441","article_publisher":"https:\/\/www.facebook.com\/qtmm.info\/","article_published_time":"2013-10-23T21:12:00+00:00","article_modified_time":"2022-01-25T21:14:04+00:00","og_image":[{"width":650,"height":350,"url":"https:\/\/qtmm.org\/wp-content\/uploads\/2022\/01\/1_131.jpeg","type":"image\/jpeg"}],"author":"Developer","twitter_card":"summary_large_image","twitter_misc":{"Written by":"Developer","Est. reading time":"2 minutes"},"schema":{"@context":"https:\/\/schema.org","@graph":[{"@type":"Article","@id":"https:\/\/qtmm.org\/qt\/avropa-parlamentinin-deputati-vitautas-landsbergis-qirim-barisiq-ve-tincliq-kefili-olacagina-ve-bu-ukraina-ve-avropa-icun-muim-olganina-emin\/#article","isPartOf":{"@id":"https:\/\/qtmm.org\/qt\/avropa-parlamentinin-deputati-vitautas-landsbergis-qirim-barisiq-ve-tincliq-kefili-olacagina-ve-bu-ukraina-ve-avropa-icun-muim-olganina-emin\/"},"author":{"name":"Developer","@id":"https:\/\/qtmm.org\/qt\/#\/schema\/person\/de562469f971dec226ac06e60bbf74a7"},"headline":"Avropa parlamentini\u00f1 deputat\u0131 Vitautas Landsbergis Q\u0131r\u0131m bar\u0131\u015f\u0131q ve t\u0131n\u00e7l\u0131q kefili olaca\u011f\u0131na ve bu Ukraina ve Avropa i\u00e7\u00fcn m\u00fcim ol\u011fan\u0131na emin","datePublished":"2013-10-23T21:12:00+00:00","dateModified":"2022-01-25T21:14:04+00:00","mainEntityOfPage":{"@id":"https:\/\/qtmm.org\/qt\/avropa-parlamentinin-deputati-vitautas-landsbergis-qirim-barisiq-ve-tincliq-kefili-olacagina-ve-bu-ukraina-ve-avropa-icun-muim-olganina-emin\/"},"wordCount":394,"commentCount":0,"publisher":{"@id":"https:\/\/qtmm.org\/qt\/#organization"},"image":{"@id":"https:\/\/qtmm.org\/qt\/avropa-parlamentinin-deputati-vitautas-landsbergis-qirim-barisiq-ve-tincliq-kefili-olacagina-ve-bu-ukraina-ve-avropa-icun-muim-olganina-emin\/#primaryimage"},"thumbnailUrl":"http:\/\/qtmm.org\/wp-content\/uploads\/2022\/01\/1_131.jpeg","articleSection":["Haberler"],"inLanguage":"qt","potentialAction":[{"@type":"CommentAction","name":"Comment","target":["https:\/\/qtmm.org\/qt\/avropa-parlamentinin-deputati-vitautas-landsbergis-qirim-barisiq-ve-tincliq-kefili-olacagina-ve-bu-ukraina-ve-avropa-icun-muim-olganina-emin\/#respond"]}]},{"@type":"WebPage","@id":"https:\/\/qtmm.org\/qt\/avropa-parlamentinin-deputati-vitautas-landsbergis-qirim-barisiq-ve-tincliq-kefili-olacagina-ve-bu-ukraina-ve-avropa-icun-muim-olganina-emin\/","url":"https:\/\/qtmm.org\/qt\/avropa-parlamentinin-deputati-vitautas-landsbergis-qirim-barisiq-ve-tincliq-kefili-olacagina-ve-bu-ukraina-ve-avropa-icun-muim-olganina-emin\/","name":"Avropa parlamentini\u00f1 deputat\u0131 Vitautas Landsbergis Q\u0131r\u0131m bar\u0131\u015f\u0131q ve t\u0131n\u00e7l\u0131q kefili olaca\u011f\u0131na ve bu Ukraina ve Avropa i\u00e7\u00fcn m\u00fcim ol\u011fan\u0131na emin - \u041c\u0435\u0434\u0436\u043b\u0456\u0441","isPartOf":{"@id":"https:\/\/qtmm.org\/qt\/#website"},"primaryImageOfPage":{"@id":"https:\/\/qtmm.org\/qt\/avropa-parlamentinin-deputati-vitautas-landsbergis-qirim-barisiq-ve-tincliq-kefili-olacagina-ve-bu-ukraina-ve-avropa-icun-muim-olganina-emin\/#primaryimage"},"image":{"@id":"https:\/\/qtmm.org\/qt\/avropa-parlamentinin-deputati-vitautas-landsbergis-qirim-barisiq-ve-tincliq-kefili-olacagina-ve-bu-ukraina-ve-avropa-icun-muim-olganina-emin\/#primaryimage"},"thumbnailUrl":"http:\/\/qtmm.org\/wp-content\/uploads\/2022\/01\/1_131.jpeg","datePublished":"2013-10-23T21:12:00+00:00","dateModified":"2022-01-25T21:14:04+00:00","breadcrumb":{"@id":"https:\/\/qtmm.org\/qt\/avropa-parlamentinin-deputati-vitautas-landsbergis-qirim-barisiq-ve-tincliq-kefili-olacagina-ve-bu-ukraina-ve-avropa-icun-muim-olganina-emin\/#breadcrumb"},"inLanguage":"qt","potentialAction":[{"@type":"ReadAction","target":["https:\/\/qtmm.org\/qt\/avropa-parlamentinin-deputati-vitautas-landsbergis-qirim-barisiq-ve-tincliq-kefili-olacagina-ve-bu-ukraina-ve-avropa-icun-muim-olganina-emin\/"]}]},{"@type":"ImageObject","inLanguage":"qt","@id":"https:\/\/qtmm.org\/qt\/avropa-parlamentinin-deputati-vitautas-landsbergis-qirim-barisiq-ve-tincliq-kefili-olacagina-ve-bu-ukraina-ve-avropa-icun-muim-olganina-emin\/#primaryimage","url":"http:\/\/qtmm.org\/wp-content\/uploads\/2022\/01\/1_131.jpeg","contentUrl":"http:\/\/qtmm.org\/wp-content\/uploads\/2022\/01\/1_131.jpeg"},{"@type":"BreadcrumbList","@id":"https:\/\/qtmm.org\/qt\/avropa-parlamentinin-deputati-vitautas-landsbergis-qirim-barisiq-ve-tincliq-kefili-olacagina-ve-bu-ukraina-ve-avropa-icun-muim-olganina-emin\/#breadcrumb","itemListElement":[{"@type":"ListItem","position":1,"name":"\u0413\u043e\u043b\u043e\u0432\u043d\u0430","item":"https:\/\/qtmm.org\/qt\/"},{"@type":"ListItem","position":2,"name":"Avropa parlamentini\u00f1 deputat\u0131 Vitautas Landsbergis Q\u0131r\u0131m bar\u0131\u015f\u0131q ve t\u0131n\u00e7l\u0131q kefili olaca\u011f\u0131na ve bu Ukraina ve Avropa i\u00e7\u00fcn m\u00fcim ol\u011fan\u0131na emin"}]},{"@type":"WebSite","@id":"https:\/\/qtmm.org\/qt\/#website","url":"https:\/\/qtmm.org\/qt\/","name":"\u041c\u0435\u0434\u0436\u043b\u0456\u0441","description":"","publisher":{"@id":"https:\/\/qtmm.org\/qt\/#organization"},"potentialAction":[{"@type":"SearchAction","target":{"@type":"EntryPoint","urlTemplate":"https:\/\/qtmm.org\/qt\/?s={search_term_string}"},"query-input":{"@type":"PropertyValueSpecification","valueRequired":true,"valueName":"search_term_string"}}],"inLanguage":"qt"},{"@type":"Organization","@id":"https:\/\/qtmm.org\/qt\/#organization","name":"\u041c\u0435\u0434\u0436\u043b\u0456\u0441","url":"https:\/\/qtmm.org\/qt\/","logo":{"@type":"ImageObject","inLanguage":"qt","@id":"https:\/\/qtmm.org\/qt\/#\/schema\/logo\/image\/","url":"https:\/\/qtmm.org\/wp-content\/uploads\/2024\/12\/ua-mejlis-logo-rgb.svg","contentUrl":"https:\/\/qtmm.org\/wp-content\/uploads\/2024\/12\/ua-mejlis-logo-rgb.svg","caption":"\u041c\u0435\u0434\u0436\u043b\u0456\u0441"},"image":{"@id":"https:\/\/qtmm.org\/qt\/#\/schema\/logo\/image\/"},"sameAs":["https:\/\/www.facebook.com\/qtmm.info\/"]},{"@type":"Person","@id":"https:\/\/qtmm.org\/qt\/#\/schema\/person\/de562469f971dec226ac06e60bbf74a7","name":"Developer","image":{"@type":"ImageObject","inLanguage":"qt","@id":"https:\/\/secure.gravatar.com\/avatar\/392b4cc8fbfeb00b39dfeeab4ee6edded39ffd48e25858637e4765810300227e?s=96&d=mm&r=g","url":"https:\/\/secure.gravatar.com\/avatar\/392b4cc8fbfeb00b39dfeeab4ee6edded39ffd48e25858637e4765810300227e?s=96&d=mm&r=g","contentUrl":"https:\/\/secure.gravatar.com\/avatar\/392b4cc8fbfeb00b39dfeeab4ee6edded39ffd48e25858637e4765810300227e?s=96&d=mm&r=g","caption":"Developer"},"url":"https:\/\/qtmm.org\/qt\/author\/Developer\/"}]}},"_links":{"self":[{"href":"https:\/\/qtmm.org\/qt\/wp-json\/wp\/v2\/posts\/39825","targetHints":{"allow":["GET"]}}],"collection":[{"href":"https:\/\/qtmm.org\/qt\/wp-json\/wp\/v2\/posts"}],"about":[{"href":"https:\/\/qtmm.org\/qt\/wp-json\/wp\/v2\/types\/post"}],"author":[{"embeddable":true,"href":"https:\/\/qtmm.org\/qt\/wp-json\/wp\/v2\/users\/1"}],"replies":[{"embeddable":true,"href":"https:\/\/qtmm.org\/qt\/wp-json\/wp\/v2\/comments?post=39825"}],"version-history":[{"count":1,"href":"https:\/\/qtmm.org\/qt\/wp-json\/wp\/v2\/posts\/39825\/revisions"}],"predecessor-version":[{"id":39842,"href":"https:\/\/qtmm.org\/qt\/wp-json\/wp\/v2\/posts\/39825\/revisions\/39842"}],"wp:attachment":[{"href":"https:\/\/qtmm.org\/qt\/wp-json\/wp\/v2\/media?parent=39825"}],"wp:term":[{"taxonomy":"category","embeddable":true,"href":"https:\/\/qtmm.org\/qt\/wp-json\/wp\/v2\/categories?post=39825"},{"taxonomy":"post_tag","embeddable":true,"href":"https:\/\/qtmm.org\/qt\/wp-json\/wp\/v2\/tags?post=39825"}],"curies":[{"name":"wp","href":"https:\/\/api.w.org\/{rel}","templated":true}]}}