




{"id":39811,"date":"2013-10-24T00:11:00","date_gmt":"2013-10-23T21:11:00","guid":{"rendered":"http:\/\/qtmm.org\/?p=39811"},"modified":"2022-01-26T00:12:23","modified_gmt":"2022-01-25T21:12:23","slug":"turkiyenin-litvaniyadaki-elcisi-ukraina-ve-turkiye-tis-isleri-nazirligi-qirim-nazirler-surasi-ve-meclis-yolbascilarinin-istirakinde-qirimtatarlar-meselesini-muzakere-etmek-icun-4-tarafli-korusuvnin-2","status":"publish","type":"post","link":"https:\/\/qtmm.org\/qt\/turkiyenin-litvaniyadaki-elcisi-ukraina-ve-turkiye-tis-isleri-nazirligi-qirim-nazirler-surasi-ve-meclis-yolbascilarinin-istirakinde-qirimtatarlar-meselesini-muzakere-etmek-icun-4-tarafli-korusuvnin-2\/","title":{"rendered":"T\u00fcrkiyeni\u00f1 Litvaniyadaki El\u00e7isi Ukraina ve T\u00fcrkiye T\u0131\u015f i\u015fleri nazirligi, Q\u0131r\u0131m Nazirler \u015euras\u0131 ve Meclis yolba\u015f\u00e7\u0131lar\u0131n\u0131\u00f1 i\u015ftirakinde q\u0131r\u0131mtatarlar meselesini muzakere etmek i\u00e7\u00fcn 4 tarafl\u0131 k\u00f6r\u00fc\u015f\u00fcvni\u00f1 2-nci raund\u0131 ke\u00e7irilmesine qoltuta"},"content":{"rendered":"\n<p>Meclis delegatsiyas\u0131n\u0131\u00f1 Litvaniya\u011fa i\u015f ziyareti programmas\u0131 \u00e7er\u00e7ivesinde Meclis reisi Mustafa Cemilev okt\u00e2br 21 k\u00fcn\u00fc T\u00fcrkiyeni\u00f1 Litvaniyadaki El\u00e7isi Akin Algan ile k\u00f6r\u00fc\u015fti.<\/p>\n\n\n\n<p>T\u00fcrkiye El\u00e7iliginde ol\u0131p ke\u00e7ken k\u00f6r\u00fc\u015f\u00fcv devam\u0131nda Avropa Komissar\u0131 \u015etefan F\u00fcleni\u00f1 Ukraina ziyareti ve sent\u00e2br 19 k\u00fcn\u00fc Meclis yolba\u015f\u00e7\u0131lar\u0131 ile k\u00f6r\u00fc\u015f\u00fcvinen ba\u011fl\u0131 meseleler muzakere etildi. Bun\u0131\u00f1 kibi de taraflar Meclis reisi, Ukraina halq deputat\u0131 Mustafa Cemilevni\u00f1 T\u00fcrkiye Ba\u015f Naziri Recep Tayip Erdo\u011fan ve T\u00fcrkiye T\u0131\u015f i\u015fleri naziri Ahmet Davuto\u011flunen ayr\u0131ca okt\u00e2br 11 k\u00fcn\u00fc Anqarada k\u00f6r\u00fc\u015f\u00fcvlerini\u00f1 neticelerini de muzakere ettiler.<\/p>\n\n\n\n<figure class=\"wp-block-image size-full\"><img loading=\"lazy\" decoding=\"async\" width=\"800\" height=\"600\" src=\"http:\/\/qtmm.org\/wp-content\/uploads\/2022\/01\/2013_10_21_17.44.31.jpg\" alt=\"\" class=\"wp-image-39812\" srcset=\"https:\/\/qtmm.org\/wp-content\/uploads\/2022\/01\/2013_10_21_17.44.31.jpg 800w, https:\/\/qtmm.org\/wp-content\/uploads\/2022\/01\/2013_10_21_17.44.31-300x225.jpg 300w, https:\/\/qtmm.org\/wp-content\/uploads\/2022\/01\/2013_10_21_17.44.31-768x576.jpg 768w\" sizes=\"auto, (max-width: 800px) 100vw, 800px\" \/><\/figure>\n\n\n\n<p>T\u00fcrkiyeni\u00f1 Litvaniyadaki El\u00e7isi Akin Algan T\u00fcrkiye ve Ukraina T\u0131\u015f i\u015fleri nazirleri, Q\u0131r\u0131m ba\u015f naziri Anatoliy Mogil\u00f6v ve Meclis reisi i\u015ftirakinde q\u0131r\u0131mtatarlarn\u0131\u00f1 meselesine ba\u011f\u0131\u015flan\u011fan 4 tarafl\u0131 k\u00f6r\u00fc\u015f\u00fcvni\u00f1 2-nci raund\u0131 ke\u00e7irilmek kerekligine y\u00fcksek q\u0131ymet kesti. Akin Algann\u0131\u00f1 fikirince bu k\u00f6r\u00fc\u015f\u00fcv 2014 senesi ocaq ay\u0131nda Kiyevde OSCE azalar\u0131 ol\u011fan devletlerni\u00f1 ba\u015f nazirleri k\u00f6r\u00fc\u015fken vaqt\u0131nda ke\u00e7irilmesi m\u00fcmk\u00fcn.<\/p>\n\n\n\n<figure class=\"wp-block-image size-full\"><img loading=\"lazy\" decoding=\"async\" width=\"800\" height=\"600\" src=\"http:\/\/qtmm.org\/wp-content\/uploads\/2022\/01\/2013_10_21_embassy_turkish_to_lithuania1.jpeg\" alt=\"\" class=\"wp-image-39816\" srcset=\"https:\/\/qtmm.org\/wp-content\/uploads\/2022\/01\/2013_10_21_embassy_turkish_to_lithuania1.jpeg 800w, https:\/\/qtmm.org\/wp-content\/uploads\/2022\/01\/2013_10_21_embassy_turkish_to_lithuania1-300x225.jpeg 300w, https:\/\/qtmm.org\/wp-content\/uploads\/2022\/01\/2013_10_21_embassy_turkish_to_lithuania1-768x576.jpeg 768w\" sizes=\"auto, (max-width: 800px) 100vw, 800px\" \/><\/figure>\n\n\n\n<p>K\u00f6r\u00fc\u015f\u00fcv so\u00f1unda T\u00fcrkiyeni\u00f1 Litvaniyadaki El\u00e7isi Akin Algan Meclis delegatsiyas\u0131na Litvaniyada mahsuldar \u00e7al\u0131\u015fmaq tilegini bildirdi.<\/p>\n\n\n\n<p>K\u00f6r\u00fc\u015f\u00fcvde Meclis t\u0131\u015fq\u0131 al\u00e2qalar b\u00f6l\u00fcgini\u00f1 ba\u015f\u0131 Ali Hamzin, Litvaniya tatarlar\u0131 cemiyetini\u00f1 ba\u015f\u0131, Meclisni\u00f1 Litvaniyadaki temsilcisi Adas Yakubauskas ve Ukraina halq deputat\u0131 Mustafa Cemilevni\u00f1 iqtisadiy meseleler boyunca yard\u0131mc\u0131s\u0131 Rustem \u00dcmerov i\u015ftirak ettiler.<\/p>\n","protected":false},"excerpt":{"rendered":"<p>Meclis delegatsiyas\u0131n\u0131\u00f1 Litvaniya\u011fa i\u015f ziyareti programmas\u0131 \u00e7er\u00e7ivesinde Meclis reisi Mustafa Cemilev okt\u00e2br 21 k\u00fcn\u00fc T\u00fcrkiyeni\u00f1 Litvaniyadaki El\u00e7isi Akin Algan ile k\u00f6r\u00fc\u015fti. T\u00fcrkiye El\u00e7iliginde ol\u0131p ke\u00e7ken k\u00f6r\u00fc\u015f\u00fcv devam\u0131nda Avropa Komissar\u0131 \u015etefan F\u00fcleni\u00f1 Ukraina ziyareti ve sent\u00e2br 19 k\u00fcn\u00fc Meclis yolba\u015f\u00e7\u0131lar\u0131 ile k\u00f6r\u00fc\u015f\u00fcvinen ba\u011fl\u0131 meseleler muzakere etildi. Bun\u0131\u00f1 kibi de taraflar Meclis reisi, Ukraina halq deputat\u0131 Mustafa [&hellip;]<\/p>\n","protected":false},"author":1,"featured_media":39820,"comment_status":"open","ping_status":"open","sticky":false,"template":"","format":"standard","meta":{"inline_featured_image":false,"footnotes":""},"categories":[265],"tags":[],"class_list":["post-39811","post","type-post","status-publish","format-standard","has-post-thumbnail","hentry","category-haberler"],"acf":[],"yoast_head":"<!-- This site is optimized with the Yoast SEO plugin v27.4 - https:\/\/yoast.com\/product\/yoast-seo-wordpress\/ -->\n<title>T\u00fcrkiyeni\u00f1 Litvaniyadaki El\u00e7isi Ukraina ve T\u00fcrkiye T\u0131\u015f i\u015fleri nazirligi, Q\u0131r\u0131m Nazirler \u015euras\u0131 ve Meclis yolba\u015f\u00e7\u0131lar\u0131n\u0131\u00f1 i\u015ftirakinde q\u0131r\u0131mtatarlar meselesini muzakere etmek i\u00e7\u00fcn 4 tarafl\u0131 k\u00f6r\u00fc\u015f\u00fcvni\u00f1 2-nci raund\u0131 ke\u00e7irilmesine qoltuta - \u041c\u0435\u0434\u0436\u043b\u0456\u0441<\/title>\n<meta name=\"robots\" content=\"index, follow, max-snippet:-1, max-image-preview:large, max-video-preview:-1\" \/>\n<link rel=\"canonical\" href=\"https:\/\/qtmm.org\/qt\/turkiyenin-litvaniyadaki-elcisi-ukraina-ve-turkiye-tis-isleri-nazirligi-qirim-nazirler-surasi-ve-meclis-yolbascilarinin-istirakinde-qirimtatarlar-meselesini-muzakere-etmek-icun-4-tarafli-korusuvnin-2\/\" \/>\n<meta property=\"og:locale\" content=\"en_US\" \/>\n<meta property=\"og:type\" content=\"article\" \/>\n<meta property=\"og:title\" content=\"T\u00fcrkiyeni\u00f1 Litvaniyadaki El\u00e7isi Ukraina ve T\u00fcrkiye T\u0131\u015f i\u015fleri nazirligi, Q\u0131r\u0131m Nazirler \u015euras\u0131 ve Meclis yolba\u015f\u00e7\u0131lar\u0131n\u0131\u00f1 i\u015ftirakinde q\u0131r\u0131mtatarlar meselesini muzakere etmek i\u00e7\u00fcn 4 tarafl\u0131 k\u00f6r\u00fc\u015f\u00fcvni\u00f1 2-nci raund\u0131 ke\u00e7irilmesine qoltuta - \u041c\u0435\u0434\u0436\u043b\u0456\u0441\" \/>\n<meta property=\"og:description\" content=\"Meclis delegatsiyas\u0131n\u0131\u00f1 Litvaniya\u011fa i\u015f ziyareti programmas\u0131 \u00e7er\u00e7ivesinde Meclis reisi Mustafa Cemilev okt\u00e2br 21 k\u00fcn\u00fc T\u00fcrkiyeni\u00f1 Litvaniyadaki El\u00e7isi Akin Algan ile k\u00f6r\u00fc\u015fti. T\u00fcrkiye El\u00e7iliginde ol\u0131p ke\u00e7ken k\u00f6r\u00fc\u015f\u00fcv devam\u0131nda Avropa Komissar\u0131 \u015etefan F\u00fcleni\u00f1 Ukraina ziyareti ve sent\u00e2br 19 k\u00fcn\u00fc Meclis yolba\u015f\u00e7\u0131lar\u0131 ile k\u00f6r\u00fc\u015f\u00fcvinen ba\u011fl\u0131 meseleler muzakere etildi. Bun\u0131\u00f1 kibi de taraflar Meclis reisi, Ukraina halq deputat\u0131 Mustafa [&hellip;]\" \/>\n<meta property=\"og:url\" content=\"https:\/\/qtmm.org\/qt\/turkiyenin-litvaniyadaki-elcisi-ukraina-ve-turkiye-tis-isleri-nazirligi-qirim-nazirler-surasi-ve-meclis-yolbascilarinin-istirakinde-qirimtatarlar-meselesini-muzakere-etmek-icun-4-tarafli-korusuvnin-2\/\" \/>\n<meta property=\"og:site_name\" content=\"\u041c\u0435\u0434\u0436\u043b\u0456\u0441\" \/>\n<meta property=\"article:publisher\" content=\"https:\/\/www.facebook.com\/qtmm.info\/\" \/>\n<meta property=\"article:published_time\" content=\"2013-10-23T21:11:00+00:00\" \/>\n<meta property=\"article:modified_time\" content=\"2022-01-25T21:12:23+00:00\" \/>\n<meta property=\"og:image\" content=\"https:\/\/qtmm.org\/wp-content\/uploads\/2022\/01\/2013_10_21_17.56.12.jpg\" \/>\n\t<meta property=\"og:image:width\" content=\"800\" \/>\n\t<meta property=\"og:image:height\" content=\"600\" \/>\n\t<meta property=\"og:image:type\" content=\"image\/jpeg\" \/>\n<meta name=\"author\" content=\"Developer\" \/>\n<meta name=\"twitter:card\" content=\"summary_large_image\" \/>\n<meta name=\"twitter:label1\" content=\"Written by\" \/>\n\t<meta name=\"twitter:data1\" content=\"Developer\" \/>\n\t<meta name=\"twitter:label2\" content=\"Est. reading time\" \/>\n\t<meta name=\"twitter:data2\" content=\"1 minute\" \/>\n<script type=\"application\/ld+json\" class=\"yoast-schema-graph\">{\"@context\":\"https:\\\/\\\/schema.org\",\"@graph\":[{\"@type\":\"Article\",\"@id\":\"https:\\\/\\\/qtmm.org\\\/qt\\\/turkiyenin-litvaniyadaki-elcisi-ukraina-ve-turkiye-tis-isleri-nazirligi-qirim-nazirler-surasi-ve-meclis-yolbascilarinin-istirakinde-qirimtatarlar-meselesini-muzakere-etmek-icun-4-tarafli-korusuvnin-2\\\/#article\",\"isPartOf\":{\"@id\":\"https:\\\/\\\/qtmm.org\\\/qt\\\/turkiyenin-litvaniyadaki-elcisi-ukraina-ve-turkiye-tis-isleri-nazirligi-qirim-nazirler-surasi-ve-meclis-yolbascilarinin-istirakinde-qirimtatarlar-meselesini-muzakere-etmek-icun-4-tarafli-korusuvnin-2\\\/\"},\"author\":{\"name\":\"Developer\",\"@id\":\"https:\\\/\\\/qtmm.org\\\/qt\\\/#\\\/schema\\\/person\\\/de562469f971dec226ac06e60bbf74a7\"},\"headline\":\"T\u00fcrkiyeni\u00f1 Litvaniyadaki El\u00e7isi Ukraina ve T\u00fcrkiye T\u0131\u015f i\u015fleri nazirligi, Q\u0131r\u0131m Nazirler \u015euras\u0131 ve Meclis yolba\u015f\u00e7\u0131lar\u0131n\u0131\u00f1 i\u015ftirakinde q\u0131r\u0131mtatarlar meselesini muzakere etmek i\u00e7\u00fcn 4 tarafl\u0131 k\u00f6r\u00fc\u015f\u00fcvni\u00f1 2-nci raund\u0131 ke\u00e7irilmesine qoltuta\",\"datePublished\":\"2013-10-23T21:11:00+00:00\",\"dateModified\":\"2022-01-25T21:12:23+00:00\",\"mainEntityOfPage\":{\"@id\":\"https:\\\/\\\/qtmm.org\\\/qt\\\/turkiyenin-litvaniyadaki-elcisi-ukraina-ve-turkiye-tis-isleri-nazirligi-qirim-nazirler-surasi-ve-meclis-yolbascilarinin-istirakinde-qirimtatarlar-meselesini-muzakere-etmek-icun-4-tarafli-korusuvnin-2\\\/\"},\"wordCount\":290,\"commentCount\":0,\"publisher\":{\"@id\":\"https:\\\/\\\/qtmm.org\\\/qt\\\/#organization\"},\"image\":{\"@id\":\"https:\\\/\\\/qtmm.org\\\/qt\\\/turkiyenin-litvaniyadaki-elcisi-ukraina-ve-turkiye-tis-isleri-nazirligi-qirim-nazirler-surasi-ve-meclis-yolbascilarinin-istirakinde-qirimtatarlar-meselesini-muzakere-etmek-icun-4-tarafli-korusuvnin-2\\\/#primaryimage\"},\"thumbnailUrl\":\"https:\\\/\\\/qtmm.org\\\/wp-content\\\/uploads\\\/2022\\\/01\\\/2013_10_21_17.56.12.jpg\",\"articleSection\":[\"Haberler\"],\"inLanguage\":\"qt\",\"potentialAction\":[{\"@type\":\"CommentAction\",\"name\":\"Comment\",\"target\":[\"https:\\\/\\\/qtmm.org\\\/qt\\\/turkiyenin-litvaniyadaki-elcisi-ukraina-ve-turkiye-tis-isleri-nazirligi-qirim-nazirler-surasi-ve-meclis-yolbascilarinin-istirakinde-qirimtatarlar-meselesini-muzakere-etmek-icun-4-tarafli-korusuvnin-2\\\/#respond\"]}]},{\"@type\":\"WebPage\",\"@id\":\"https:\\\/\\\/qtmm.org\\\/qt\\\/turkiyenin-litvaniyadaki-elcisi-ukraina-ve-turkiye-tis-isleri-nazirligi-qirim-nazirler-surasi-ve-meclis-yolbascilarinin-istirakinde-qirimtatarlar-meselesini-muzakere-etmek-icun-4-tarafli-korusuvnin-2\\\/\",\"url\":\"https:\\\/\\\/qtmm.org\\\/qt\\\/turkiyenin-litvaniyadaki-elcisi-ukraina-ve-turkiye-tis-isleri-nazirligi-qirim-nazirler-surasi-ve-meclis-yolbascilarinin-istirakinde-qirimtatarlar-meselesini-muzakere-etmek-icun-4-tarafli-korusuvnin-2\\\/\",\"name\":\"T\u00fcrkiyeni\u00f1 Litvaniyadaki El\u00e7isi Ukraina ve T\u00fcrkiye T\u0131\u015f i\u015fleri nazirligi, Q\u0131r\u0131m Nazirler \u015euras\u0131 ve Meclis yolba\u015f\u00e7\u0131lar\u0131n\u0131\u00f1 i\u015ftirakinde q\u0131r\u0131mtatarlar meselesini muzakere etmek i\u00e7\u00fcn 4 tarafl\u0131 k\u00f6r\u00fc\u015f\u00fcvni\u00f1 2-nci raund\u0131 ke\u00e7irilmesine qoltuta - \u041c\u0435\u0434\u0436\u043b\u0456\u0441\",\"isPartOf\":{\"@id\":\"https:\\\/\\\/qtmm.org\\\/qt\\\/#website\"},\"primaryImageOfPage\":{\"@id\":\"https:\\\/\\\/qtmm.org\\\/qt\\\/turkiyenin-litvaniyadaki-elcisi-ukraina-ve-turkiye-tis-isleri-nazirligi-qirim-nazirler-surasi-ve-meclis-yolbascilarinin-istirakinde-qirimtatarlar-meselesini-muzakere-etmek-icun-4-tarafli-korusuvnin-2\\\/#primaryimage\"},\"image\":{\"@id\":\"https:\\\/\\\/qtmm.org\\\/qt\\\/turkiyenin-litvaniyadaki-elcisi-ukraina-ve-turkiye-tis-isleri-nazirligi-qirim-nazirler-surasi-ve-meclis-yolbascilarinin-istirakinde-qirimtatarlar-meselesini-muzakere-etmek-icun-4-tarafli-korusuvnin-2\\\/#primaryimage\"},\"thumbnailUrl\":\"https:\\\/\\\/qtmm.org\\\/wp-content\\\/uploads\\\/2022\\\/01\\\/2013_10_21_17.56.12.jpg\",\"datePublished\":\"2013-10-23T21:11:00+00:00\",\"dateModified\":\"2022-01-25T21:12:23+00:00\",\"breadcrumb\":{\"@id\":\"https:\\\/\\\/qtmm.org\\\/qt\\\/turkiyenin-litvaniyadaki-elcisi-ukraina-ve-turkiye-tis-isleri-nazirligi-qirim-nazirler-surasi-ve-meclis-yolbascilarinin-istirakinde-qirimtatarlar-meselesini-muzakere-etmek-icun-4-tarafli-korusuvnin-2\\\/#breadcrumb\"},\"inLanguage\":\"qt\",\"potentialAction\":[{\"@type\":\"ReadAction\",\"target\":[\"https:\\\/\\\/qtmm.org\\\/qt\\\/turkiyenin-litvaniyadaki-elcisi-ukraina-ve-turkiye-tis-isleri-nazirligi-qirim-nazirler-surasi-ve-meclis-yolbascilarinin-istirakinde-qirimtatarlar-meselesini-muzakere-etmek-icun-4-tarafli-korusuvnin-2\\\/\"]}]},{\"@type\":\"ImageObject\",\"inLanguage\":\"qt\",\"@id\":\"https:\\\/\\\/qtmm.org\\\/qt\\\/turkiyenin-litvaniyadaki-elcisi-ukraina-ve-turkiye-tis-isleri-nazirligi-qirim-nazirler-surasi-ve-meclis-yolbascilarinin-istirakinde-qirimtatarlar-meselesini-muzakere-etmek-icun-4-tarafli-korusuvnin-2\\\/#primaryimage\",\"url\":\"https:\\\/\\\/qtmm.org\\\/wp-content\\\/uploads\\\/2022\\\/01\\\/2013_10_21_17.56.12.jpg\",\"contentUrl\":\"https:\\\/\\\/qtmm.org\\\/wp-content\\\/uploads\\\/2022\\\/01\\\/2013_10_21_17.56.12.jpg\",\"width\":800,\"height\":600},{\"@type\":\"BreadcrumbList\",\"@id\":\"https:\\\/\\\/qtmm.org\\\/qt\\\/turkiyenin-litvaniyadaki-elcisi-ukraina-ve-turkiye-tis-isleri-nazirligi-qirim-nazirler-surasi-ve-meclis-yolbascilarinin-istirakinde-qirimtatarlar-meselesini-muzakere-etmek-icun-4-tarafli-korusuvnin-2\\\/#breadcrumb\",\"itemListElement\":[{\"@type\":\"ListItem\",\"position\":1,\"name\":\"\u0413\u043e\u043b\u043e\u0432\u043d\u0430\",\"item\":\"https:\\\/\\\/qtmm.org\\\/qt\\\/\"},{\"@type\":\"ListItem\",\"position\":2,\"name\":\"T\u00fcrkiyeni\u00f1 Litvaniyadaki El\u00e7isi Ukraina ve T\u00fcrkiye T\u0131\u015f i\u015fleri nazirligi, Q\u0131r\u0131m Nazirler \u015euras\u0131 ve Meclis yolba\u015f\u00e7\u0131lar\u0131n\u0131\u00f1 i\u015ftirakinde q\u0131r\u0131mtatarlar meselesini muzakere etmek i\u00e7\u00fcn 4 tarafl\u0131 k\u00f6r\u00fc\u015f\u00fcvni\u00f1 2-nci raund\u0131 ke\u00e7irilmesine qoltuta\"}]},{\"@type\":\"WebSite\",\"@id\":\"https:\\\/\\\/qtmm.org\\\/qt\\\/#website\",\"url\":\"https:\\\/\\\/qtmm.org\\\/qt\\\/\",\"name\":\"\u041c\u0435\u0434\u0436\u043b\u0456\u0441\",\"description\":\"\",\"publisher\":{\"@id\":\"https:\\\/\\\/qtmm.org\\\/qt\\\/#organization\"},\"potentialAction\":[{\"@type\":\"SearchAction\",\"target\":{\"@type\":\"EntryPoint\",\"urlTemplate\":\"https:\\\/\\\/qtmm.org\\\/qt\\\/?s={search_term_string}\"},\"query-input\":{\"@type\":\"PropertyValueSpecification\",\"valueRequired\":true,\"valueName\":\"search_term_string\"}}],\"inLanguage\":\"qt\"},{\"@type\":\"Organization\",\"@id\":\"https:\\\/\\\/qtmm.org\\\/qt\\\/#organization\",\"name\":\"\u041c\u0435\u0434\u0436\u043b\u0456\u0441\",\"url\":\"https:\\\/\\\/qtmm.org\\\/qt\\\/\",\"logo\":{\"@type\":\"ImageObject\",\"inLanguage\":\"qt\",\"@id\":\"https:\\\/\\\/qtmm.org\\\/qt\\\/#\\\/schema\\\/logo\\\/image\\\/\",\"url\":\"https:\\\/\\\/qtmm.org\\\/wp-content\\\/uploads\\\/2024\\\/12\\\/ua-mejlis-logo-rgb.svg\",\"contentUrl\":\"https:\\\/\\\/qtmm.org\\\/wp-content\\\/uploads\\\/2024\\\/12\\\/ua-mejlis-logo-rgb.svg\",\"caption\":\"\u041c\u0435\u0434\u0436\u043b\u0456\u0441\"},\"image\":{\"@id\":\"https:\\\/\\\/qtmm.org\\\/qt\\\/#\\\/schema\\\/logo\\\/image\\\/\"},\"sameAs\":[\"https:\\\/\\\/www.facebook.com\\\/qtmm.info\\\/\"]},{\"@type\":\"Person\",\"@id\":\"https:\\\/\\\/qtmm.org\\\/qt\\\/#\\\/schema\\\/person\\\/de562469f971dec226ac06e60bbf74a7\",\"name\":\"Developer\",\"image\":{\"@type\":\"ImageObject\",\"inLanguage\":\"qt\",\"@id\":\"https:\\\/\\\/secure.gravatar.com\\\/avatar\\\/392b4cc8fbfeb00b39dfeeab4ee6edded39ffd48e25858637e4765810300227e?s=96&d=mm&r=g\",\"url\":\"https:\\\/\\\/secure.gravatar.com\\\/avatar\\\/392b4cc8fbfeb00b39dfeeab4ee6edded39ffd48e25858637e4765810300227e?s=96&d=mm&r=g\",\"contentUrl\":\"https:\\\/\\\/secure.gravatar.com\\\/avatar\\\/392b4cc8fbfeb00b39dfeeab4ee6edded39ffd48e25858637e4765810300227e?s=96&d=mm&r=g\",\"caption\":\"Developer\"},\"url\":\"https:\\\/\\\/qtmm.org\\\/qt\\\/author\\\/Developer\\\/\"}]}<\/script>\n<!-- \/ Yoast SEO plugin. -->","yoast_head_json":{"title":"T\u00fcrkiyeni\u00f1 Litvaniyadaki El\u00e7isi Ukraina ve T\u00fcrkiye T\u0131\u015f i\u015fleri nazirligi, Q\u0131r\u0131m Nazirler \u015euras\u0131 ve Meclis yolba\u015f\u00e7\u0131lar\u0131n\u0131\u00f1 i\u015ftirakinde q\u0131r\u0131mtatarlar meselesini muzakere etmek i\u00e7\u00fcn 4 tarafl\u0131 k\u00f6r\u00fc\u015f\u00fcvni\u00f1 2-nci raund\u0131 ke\u00e7irilmesine qoltuta - \u041c\u0435\u0434\u0436\u043b\u0456\u0441","robots":{"index":"index","follow":"follow","max-snippet":"max-snippet:-1","max-image-preview":"max-image-preview:large","max-video-preview":"max-video-preview:-1"},"canonical":"https:\/\/qtmm.org\/qt\/turkiyenin-litvaniyadaki-elcisi-ukraina-ve-turkiye-tis-isleri-nazirligi-qirim-nazirler-surasi-ve-meclis-yolbascilarinin-istirakinde-qirimtatarlar-meselesini-muzakere-etmek-icun-4-tarafli-korusuvnin-2\/","og_locale":"en_US","og_type":"article","og_title":"T\u00fcrkiyeni\u00f1 Litvaniyadaki El\u00e7isi Ukraina ve T\u00fcrkiye T\u0131\u015f i\u015fleri nazirligi, Q\u0131r\u0131m Nazirler \u015euras\u0131 ve Meclis yolba\u015f\u00e7\u0131lar\u0131n\u0131\u00f1 i\u015ftirakinde q\u0131r\u0131mtatarlar meselesini muzakere etmek i\u00e7\u00fcn 4 tarafl\u0131 k\u00f6r\u00fc\u015f\u00fcvni\u00f1 2-nci raund\u0131 ke\u00e7irilmesine qoltuta - \u041c\u0435\u0434\u0436\u043b\u0456\u0441","og_description":"Meclis delegatsiyas\u0131n\u0131\u00f1 Litvaniya\u011fa i\u015f ziyareti programmas\u0131 \u00e7er\u00e7ivesinde Meclis reisi Mustafa Cemilev okt\u00e2br 21 k\u00fcn\u00fc T\u00fcrkiyeni\u00f1 Litvaniyadaki El\u00e7isi Akin Algan ile k\u00f6r\u00fc\u015fti. T\u00fcrkiye El\u00e7iliginde ol\u0131p ke\u00e7ken k\u00f6r\u00fc\u015f\u00fcv devam\u0131nda Avropa Komissar\u0131 \u015etefan F\u00fcleni\u00f1 Ukraina ziyareti ve sent\u00e2br 19 k\u00fcn\u00fc Meclis yolba\u015f\u00e7\u0131lar\u0131 ile k\u00f6r\u00fc\u015f\u00fcvinen ba\u011fl\u0131 meseleler muzakere etildi. Bun\u0131\u00f1 kibi de taraflar Meclis reisi, Ukraina halq deputat\u0131 Mustafa [&hellip;]","og_url":"https:\/\/qtmm.org\/qt\/turkiyenin-litvaniyadaki-elcisi-ukraina-ve-turkiye-tis-isleri-nazirligi-qirim-nazirler-surasi-ve-meclis-yolbascilarinin-istirakinde-qirimtatarlar-meselesini-muzakere-etmek-icun-4-tarafli-korusuvnin-2\/","og_site_name":"\u041c\u0435\u0434\u0436\u043b\u0456\u0441","article_publisher":"https:\/\/www.facebook.com\/qtmm.info\/","article_published_time":"2013-10-23T21:11:00+00:00","article_modified_time":"2022-01-25T21:12:23+00:00","og_image":[{"width":800,"height":600,"url":"https:\/\/qtmm.org\/wp-content\/uploads\/2022\/01\/2013_10_21_17.56.12.jpg","type":"image\/jpeg"}],"author":"Developer","twitter_card":"summary_large_image","twitter_misc":{"Written by":"Developer","Est. reading time":"1 minute"},"schema":{"@context":"https:\/\/schema.org","@graph":[{"@type":"Article","@id":"https:\/\/qtmm.org\/qt\/turkiyenin-litvaniyadaki-elcisi-ukraina-ve-turkiye-tis-isleri-nazirligi-qirim-nazirler-surasi-ve-meclis-yolbascilarinin-istirakinde-qirimtatarlar-meselesini-muzakere-etmek-icun-4-tarafli-korusuvnin-2\/#article","isPartOf":{"@id":"https:\/\/qtmm.org\/qt\/turkiyenin-litvaniyadaki-elcisi-ukraina-ve-turkiye-tis-isleri-nazirligi-qirim-nazirler-surasi-ve-meclis-yolbascilarinin-istirakinde-qirimtatarlar-meselesini-muzakere-etmek-icun-4-tarafli-korusuvnin-2\/"},"author":{"name":"Developer","@id":"https:\/\/qtmm.org\/qt\/#\/schema\/person\/de562469f971dec226ac06e60bbf74a7"},"headline":"T\u00fcrkiyeni\u00f1 Litvaniyadaki El\u00e7isi Ukraina ve T\u00fcrkiye T\u0131\u015f i\u015fleri nazirligi, Q\u0131r\u0131m Nazirler \u015euras\u0131 ve Meclis yolba\u015f\u00e7\u0131lar\u0131n\u0131\u00f1 i\u015ftirakinde q\u0131r\u0131mtatarlar meselesini muzakere etmek i\u00e7\u00fcn 4 tarafl\u0131 k\u00f6r\u00fc\u015f\u00fcvni\u00f1 2-nci raund\u0131 ke\u00e7irilmesine qoltuta","datePublished":"2013-10-23T21:11:00+00:00","dateModified":"2022-01-25T21:12:23+00:00","mainEntityOfPage":{"@id":"https:\/\/qtmm.org\/qt\/turkiyenin-litvaniyadaki-elcisi-ukraina-ve-turkiye-tis-isleri-nazirligi-qirim-nazirler-surasi-ve-meclis-yolbascilarinin-istirakinde-qirimtatarlar-meselesini-muzakere-etmek-icun-4-tarafli-korusuvnin-2\/"},"wordCount":290,"commentCount":0,"publisher":{"@id":"https:\/\/qtmm.org\/qt\/#organization"},"image":{"@id":"https:\/\/qtmm.org\/qt\/turkiyenin-litvaniyadaki-elcisi-ukraina-ve-turkiye-tis-isleri-nazirligi-qirim-nazirler-surasi-ve-meclis-yolbascilarinin-istirakinde-qirimtatarlar-meselesini-muzakere-etmek-icun-4-tarafli-korusuvnin-2\/#primaryimage"},"thumbnailUrl":"https:\/\/qtmm.org\/wp-content\/uploads\/2022\/01\/2013_10_21_17.56.12.jpg","articleSection":["Haberler"],"inLanguage":"qt","potentialAction":[{"@type":"CommentAction","name":"Comment","target":["https:\/\/qtmm.org\/qt\/turkiyenin-litvaniyadaki-elcisi-ukraina-ve-turkiye-tis-isleri-nazirligi-qirim-nazirler-surasi-ve-meclis-yolbascilarinin-istirakinde-qirimtatarlar-meselesini-muzakere-etmek-icun-4-tarafli-korusuvnin-2\/#respond"]}]},{"@type":"WebPage","@id":"https:\/\/qtmm.org\/qt\/turkiyenin-litvaniyadaki-elcisi-ukraina-ve-turkiye-tis-isleri-nazirligi-qirim-nazirler-surasi-ve-meclis-yolbascilarinin-istirakinde-qirimtatarlar-meselesini-muzakere-etmek-icun-4-tarafli-korusuvnin-2\/","url":"https:\/\/qtmm.org\/qt\/turkiyenin-litvaniyadaki-elcisi-ukraina-ve-turkiye-tis-isleri-nazirligi-qirim-nazirler-surasi-ve-meclis-yolbascilarinin-istirakinde-qirimtatarlar-meselesini-muzakere-etmek-icun-4-tarafli-korusuvnin-2\/","name":"T\u00fcrkiyeni\u00f1 Litvaniyadaki El\u00e7isi Ukraina ve T\u00fcrkiye T\u0131\u015f i\u015fleri nazirligi, Q\u0131r\u0131m Nazirler \u015euras\u0131 ve Meclis yolba\u015f\u00e7\u0131lar\u0131n\u0131\u00f1 i\u015ftirakinde q\u0131r\u0131mtatarlar meselesini muzakere etmek i\u00e7\u00fcn 4 tarafl\u0131 k\u00f6r\u00fc\u015f\u00fcvni\u00f1 2-nci raund\u0131 ke\u00e7irilmesine qoltuta - \u041c\u0435\u0434\u0436\u043b\u0456\u0441","isPartOf":{"@id":"https:\/\/qtmm.org\/qt\/#website"},"primaryImageOfPage":{"@id":"https:\/\/qtmm.org\/qt\/turkiyenin-litvaniyadaki-elcisi-ukraina-ve-turkiye-tis-isleri-nazirligi-qirim-nazirler-surasi-ve-meclis-yolbascilarinin-istirakinde-qirimtatarlar-meselesini-muzakere-etmek-icun-4-tarafli-korusuvnin-2\/#primaryimage"},"image":{"@id":"https:\/\/qtmm.org\/qt\/turkiyenin-litvaniyadaki-elcisi-ukraina-ve-turkiye-tis-isleri-nazirligi-qirim-nazirler-surasi-ve-meclis-yolbascilarinin-istirakinde-qirimtatarlar-meselesini-muzakere-etmek-icun-4-tarafli-korusuvnin-2\/#primaryimage"},"thumbnailUrl":"https:\/\/qtmm.org\/wp-content\/uploads\/2022\/01\/2013_10_21_17.56.12.jpg","datePublished":"2013-10-23T21:11:00+00:00","dateModified":"2022-01-25T21:12:23+00:00","breadcrumb":{"@id":"https:\/\/qtmm.org\/qt\/turkiyenin-litvaniyadaki-elcisi-ukraina-ve-turkiye-tis-isleri-nazirligi-qirim-nazirler-surasi-ve-meclis-yolbascilarinin-istirakinde-qirimtatarlar-meselesini-muzakere-etmek-icun-4-tarafli-korusuvnin-2\/#breadcrumb"},"inLanguage":"qt","potentialAction":[{"@type":"ReadAction","target":["https:\/\/qtmm.org\/qt\/turkiyenin-litvaniyadaki-elcisi-ukraina-ve-turkiye-tis-isleri-nazirligi-qirim-nazirler-surasi-ve-meclis-yolbascilarinin-istirakinde-qirimtatarlar-meselesini-muzakere-etmek-icun-4-tarafli-korusuvnin-2\/"]}]},{"@type":"ImageObject","inLanguage":"qt","@id":"https:\/\/qtmm.org\/qt\/turkiyenin-litvaniyadaki-elcisi-ukraina-ve-turkiye-tis-isleri-nazirligi-qirim-nazirler-surasi-ve-meclis-yolbascilarinin-istirakinde-qirimtatarlar-meselesini-muzakere-etmek-icun-4-tarafli-korusuvnin-2\/#primaryimage","url":"https:\/\/qtmm.org\/wp-content\/uploads\/2022\/01\/2013_10_21_17.56.12.jpg","contentUrl":"https:\/\/qtmm.org\/wp-content\/uploads\/2022\/01\/2013_10_21_17.56.12.jpg","width":800,"height":600},{"@type":"BreadcrumbList","@id":"https:\/\/qtmm.org\/qt\/turkiyenin-litvaniyadaki-elcisi-ukraina-ve-turkiye-tis-isleri-nazirligi-qirim-nazirler-surasi-ve-meclis-yolbascilarinin-istirakinde-qirimtatarlar-meselesini-muzakere-etmek-icun-4-tarafli-korusuvnin-2\/#breadcrumb","itemListElement":[{"@type":"ListItem","position":1,"name":"\u0413\u043e\u043b\u043e\u0432\u043d\u0430","item":"https:\/\/qtmm.org\/qt\/"},{"@type":"ListItem","position":2,"name":"T\u00fcrkiyeni\u00f1 Litvaniyadaki El\u00e7isi Ukraina ve T\u00fcrkiye T\u0131\u015f i\u015fleri nazirligi, Q\u0131r\u0131m Nazirler \u015euras\u0131 ve Meclis yolba\u015f\u00e7\u0131lar\u0131n\u0131\u00f1 i\u015ftirakinde q\u0131r\u0131mtatarlar meselesini muzakere etmek i\u00e7\u00fcn 4 tarafl\u0131 k\u00f6r\u00fc\u015f\u00fcvni\u00f1 2-nci raund\u0131 ke\u00e7irilmesine qoltuta"}]},{"@type":"WebSite","@id":"https:\/\/qtmm.org\/qt\/#website","url":"https:\/\/qtmm.org\/qt\/","name":"\u041c\u0435\u0434\u0436\u043b\u0456\u0441","description":"","publisher":{"@id":"https:\/\/qtmm.org\/qt\/#organization"},"potentialAction":[{"@type":"SearchAction","target":{"@type":"EntryPoint","urlTemplate":"https:\/\/qtmm.org\/qt\/?s={search_term_string}"},"query-input":{"@type":"PropertyValueSpecification","valueRequired":true,"valueName":"search_term_string"}}],"inLanguage":"qt"},{"@type":"Organization","@id":"https:\/\/qtmm.org\/qt\/#organization","name":"\u041c\u0435\u0434\u0436\u043b\u0456\u0441","url":"https:\/\/qtmm.org\/qt\/","logo":{"@type":"ImageObject","inLanguage":"qt","@id":"https:\/\/qtmm.org\/qt\/#\/schema\/logo\/image\/","url":"https:\/\/qtmm.org\/wp-content\/uploads\/2024\/12\/ua-mejlis-logo-rgb.svg","contentUrl":"https:\/\/qtmm.org\/wp-content\/uploads\/2024\/12\/ua-mejlis-logo-rgb.svg","caption":"\u041c\u0435\u0434\u0436\u043b\u0456\u0441"},"image":{"@id":"https:\/\/qtmm.org\/qt\/#\/schema\/logo\/image\/"},"sameAs":["https:\/\/www.facebook.com\/qtmm.info\/"]},{"@type":"Person","@id":"https:\/\/qtmm.org\/qt\/#\/schema\/person\/de562469f971dec226ac06e60bbf74a7","name":"Developer","image":{"@type":"ImageObject","inLanguage":"qt","@id":"https:\/\/secure.gravatar.com\/avatar\/392b4cc8fbfeb00b39dfeeab4ee6edded39ffd48e25858637e4765810300227e?s=96&d=mm&r=g","url":"https:\/\/secure.gravatar.com\/avatar\/392b4cc8fbfeb00b39dfeeab4ee6edded39ffd48e25858637e4765810300227e?s=96&d=mm&r=g","contentUrl":"https:\/\/secure.gravatar.com\/avatar\/392b4cc8fbfeb00b39dfeeab4ee6edded39ffd48e25858637e4765810300227e?s=96&d=mm&r=g","caption":"Developer"},"url":"https:\/\/qtmm.org\/qt\/author\/Developer\/"}]}},"_links":{"self":[{"href":"https:\/\/qtmm.org\/qt\/wp-json\/wp\/v2\/posts\/39811","targetHints":{"allow":["GET"]}}],"collection":[{"href":"https:\/\/qtmm.org\/qt\/wp-json\/wp\/v2\/posts"}],"about":[{"href":"https:\/\/qtmm.org\/qt\/wp-json\/wp\/v2\/types\/post"}],"author":[{"embeddable":true,"href":"https:\/\/qtmm.org\/qt\/wp-json\/wp\/v2\/users\/1"}],"replies":[{"embeddable":true,"href":"https:\/\/qtmm.org\/qt\/wp-json\/wp\/v2\/comments?post=39811"}],"version-history":[{"count":1,"href":"https:\/\/qtmm.org\/qt\/wp-json\/wp\/v2\/posts\/39811\/revisions"}],"predecessor-version":[{"id":39824,"href":"https:\/\/qtmm.org\/qt\/wp-json\/wp\/v2\/posts\/39811\/revisions\/39824"}],"wp:featuredmedia":[{"embeddable":true,"href":"https:\/\/qtmm.org\/qt\/wp-json\/wp\/v2\/media\/39820"}],"wp:attachment":[{"href":"https:\/\/qtmm.org\/qt\/wp-json\/wp\/v2\/media?parent=39811"}],"wp:term":[{"taxonomy":"category","embeddable":true,"href":"https:\/\/qtmm.org\/qt\/wp-json\/wp\/v2\/categories?post=39811"},{"taxonomy":"post_tag","embeddable":true,"href":"https:\/\/qtmm.org\/qt\/wp-json\/wp\/v2\/tags?post=39811"}],"curies":[{"name":"wp","href":"https:\/\/api.w.org\/{rel}","templated":true}]}}