




{"id":39793,"date":"2013-10-24T00:09:00","date_gmt":"2013-10-23T21:09:00","guid":{"rendered":"http:\/\/qtmm.org\/?p=39793"},"modified":"2022-01-26T00:10:58","modified_gmt":"2022-01-25T21:10:58","slug":"meclis-delegatsiyasi-ukrainanin-litvaniyadaki-elcihanesini-ziyaret-etti","status":"publish","type":"post","link":"https:\/\/qtmm.org\/qt\/meclis-delegatsiyasi-ukrainanin-litvaniyadaki-elcihanesini-ziyaret-etti\/","title":{"rendered":"Meclis delegatsiyas\u0131 Ukrainan\u0131\u00f1 Litvaniyadaki El\u00e7ihanesini ziyaret etti"},"content":{"rendered":"\n<p>Okt\u00e2br 21 k\u00fcn\u00fcni\u00f1 ekinci yar\u0131s\u0131nda Meclis delegatsiyas\u0131 Litvaniya Cumhuriyetine i\u015f ziyareti programmas\u0131 \u00e7er\u00e7ivesinde Ukrainan\u0131\u00f1 Litvaniyadaki El\u00e7isi Valeriy Jovtenko ile k\u00f6r\u00fc\u015fti.<\/p>\n\n\n\n<p>K\u00f6r\u00fc\u015f\u00fcv devam\u0131nda Meclis reisi, Ukraina halq deputat\u0131 Mustafa Cemilev Ukraina El\u00e7isine Litvaniya taraf\u0131 daveti ilke kelgen delegatsiyan\u0131\u00f1 ziyaret maqsad\u0131n\u0131 a\u00f1latt\u0131.<\/p>\n\n\n\n<figure class=\"wp-block-image size-full\"><img loading=\"lazy\" decoding=\"async\" width=\"800\" height=\"600\" src=\"http:\/\/qtmm.org\/wp-content\/uploads\/2022\/01\/2013_10_21_embassy_ukraine_to_lithuania1.jpeg\" alt=\"\" class=\"wp-image-39794\" srcset=\"https:\/\/qtmm.org\/wp-content\/uploads\/2022\/01\/2013_10_21_embassy_ukraine_to_lithuania1.jpeg 800w, https:\/\/qtmm.org\/wp-content\/uploads\/2022\/01\/2013_10_21_embassy_ukraine_to_lithuania1-300x225.jpeg 300w, https:\/\/qtmm.org\/wp-content\/uploads\/2022\/01\/2013_10_21_embassy_ukraine_to_lithuania1-768x576.jpeg 768w\" sizes=\"auto, (max-width: 800px) 100vw, 800px\" \/><\/figure>\n\n\n\n<p>K\u00f6r\u00fc\u015f\u00fcvde Meclis t\u0131\u015fq\u0131 al\u00e2qalar b\u00f6l\u00fcgini\u00f1 ba\u015f\u0131 Ali Hamzin, Litvaniya tatarlar\u0131 cemiyetini\u00f1 ba\u015f\u0131, Meclisni\u00f1 Litvaniyadaki temsilcisi Adas Yakubauskas ve Ukraina halq deputat\u0131 Mustafa Cemilevni\u00f1 iqtisadiy meseleler boyunca yard\u0131mc\u0131s\u0131 Rustem \u00dcmerov i\u015ftirak ettiler.<\/p>\n\n\n\n<p>Mustafa Cemilev \u015fun\u0131 ayr\u0131ca qayd etti ki, q\u0131r\u0131mtatar halq\u0131n\u0131\u00f1 idare institutlar\u0131 Qurultay-Meclis mustaqillik devri devam\u0131nda Ukrainan\u0131\u00f1 demokratik k\u00fc\u00e7lerine ve Ukrainan\u0131\u00f1 Avropa Birligine kirmek istegine qoltuta.<\/p>\n\n\n\n<p>Bu s\u0131rada Mustafa Cemilev Q\u0131r\u0131mda q\u0131r\u0131mtatar halq\u0131n\u0131\u00f1 m\u00fcrekkep vaziyeti ve mustaqillik deviri zarf\u0131nda q\u0131r\u0131mtatar halq\u0131n\u0131\u00f1 siyasiy, sotsial, iqtisadiy ve medeniy aqlar\u0131n\u0131\u00f1 \u011fayr\u0131dan tiklenmesi boyunca i\u00e7 bir qanun qabul etilmegenine de diqqatn\u0131 celp etti.<\/p>\n\n\n\n<figure class=\"wp-block-image size-full\"><img loading=\"lazy\" decoding=\"async\" width=\"800\" height=\"600\" src=\"http:\/\/qtmm.org\/wp-content\/uploads\/2022\/01\/2013_10_21_embassy_ukraine_to_lithuania5.jpeg\" alt=\"\" class=\"wp-image-39798\" srcset=\"https:\/\/qtmm.org\/wp-content\/uploads\/2022\/01\/2013_10_21_embassy_ukraine_to_lithuania5.jpeg 800w, https:\/\/qtmm.org\/wp-content\/uploads\/2022\/01\/2013_10_21_embassy_ukraine_to_lithuania5-300x225.jpeg 300w, https:\/\/qtmm.org\/wp-content\/uploads\/2022\/01\/2013_10_21_embassy_ukraine_to_lithuania5-768x576.jpeg 768w\" sizes=\"auto, (max-width: 800px) 100vw, 800px\" \/><\/figure>\n\n\n\n<p>Meclis reisi 2013 senesi sent\u00e2br 19 k\u00fcn\u00fc Q\u0131r\u0131m Nazirler \u015euras\u0131nda Avropa Birligini\u00f1 Komissar\u0131 \u015etefan F\u00fcle ile k\u00f6r\u00fc\u015f\u00fcv aqq\u0131nda ayt\u0131p, Komissar Meclisni\u00f1 q\u0131r\u0131mtatar halq\u0131 aqlar\u0131n\u0131 tiklev boyunca halqara forum ke\u00e7irmek te\u015febb\u00fcsine qoltutqan\u0131n\u0131 ayr\u0131ca seslendirdi.<\/p>\n\n\n\n<p>&#8220;\u015etefan F\u00fcle ukrain akimlerini Q\u0131r\u0131mtatar halq\u0131n\u0131\u00f1 Meclisini tan\u0131maq imk\u00e2nlar\u0131n\u0131 tapma\u011fa \u00e7a\u011f\u0131rd\u0131, &#8211; dedi Mustafa Cemilev. \u2013 Avropa Birligi Komissar\u0131n\u0131\u00f1 bu teklifi, bun\u0131\u00f1 kibi de q\u0131r\u0131mtatarlarn\u0131\u00f1 aqlar\u0131 aqq\u0131nda meseleni\u00f1 sent\u00e2br 26-da Br\u00fcsselde Avropa parlamentinde acele di\u00f1lenilmesi Q\u0131r\u0131mda milletlerara ve dinlerara munasebetlerde kerginlikten del\u00e2let bere. Musulmanlarn\u0131\u00f1 b\u00fcy\u00fck bayram\u0131 k\u00fcnlerinde camiler yaq\u0131l\u011fan\u0131 q\u0131r\u0131mtatarlarn\u0131\u00f1 Ukrainada aqs\u0131mlan\u011fan\u0131n\u0131 k\u00f6stere&#8221;.<\/p>\n\n\n\n<p>Mustafa Cemilev emin ki, qas\u0131m ay\u0131nda Viln\u00fcste Ukrainan\u0131\u00f1 Avropa Birliginen birle\u015fme boyunca a\u00f1la\u015fma imzalamas\u0131 Ukrainada insan, milliy azl\u0131qlar ve tam\u0131r halqlarn\u0131\u00f1 aqlar\u0131n\u0131 saqlav saas\u0131nda avropa standartlar\u0131n\u0131\u00f1 tadbiq etilmesine m\u00fcsbet tesir ke\u00e7irir.<\/p>\n\n\n\n<p>&#8220;Ukrainanen a\u00f1la\u015fma imzalan\u011fan so\u00f1 Avropa Birligi devletlerini Ukraina\u011fa bir s\u0131ra \u015fartlarn\u0131 yerine ketirmese de Avropan\u0131\u00f1 ay\u0131r\u0131lmaz bir q\u0131sm\u0131 olmas\u0131na siyasiy avans bermege \u00e7a\u011f\u0131ram\u0131z ki, ileride bu \u015fartlarn\u0131 m\u0131tlaqa becerir&#8221;, &#8211; dedi s\u00f6z\u00fcni\u00f1 so\u00f1unda Meclis ba\u015fqan\u0131.<\/p>\n\n\n\n<figure class=\"wp-block-image size-full\"><img loading=\"lazy\" decoding=\"async\" width=\"800\" height=\"600\" src=\"http:\/\/qtmm.org\/wp-content\/uploads\/2022\/01\/2013_10_21_embassy_ukraine_to_lithuania6.jpeg\" alt=\"\" class=\"wp-image-39802\" srcset=\"https:\/\/qtmm.org\/wp-content\/uploads\/2022\/01\/2013_10_21_embassy_ukraine_to_lithuania6.jpeg 800w, https:\/\/qtmm.org\/wp-content\/uploads\/2022\/01\/2013_10_21_embassy_ukraine_to_lithuania6-300x225.jpeg 300w, https:\/\/qtmm.org\/wp-content\/uploads\/2022\/01\/2013_10_21_embassy_ukraine_to_lithuania6-768x576.jpeg 768w\" sizes=\"auto, (max-width: 800px) 100vw, 800px\" \/><\/figure>\n\n\n\n<p>Ukrainan\u0131\u00f1 Litvaniyadaki El\u00e7isi Valeriy Jovtenko \u015fahsen Mustafa Cemilev ve Q\u0131r\u0131mtatar halq\u0131n\u0131\u00f1 Meclisine Ukraina tarih\u0131nda pek m\u00fcim yer tutqan vesiqa imzalanmas\u0131 \u00f6g\u00fcnden Ukrainadaki a\u011f\u0131mdaki vaziyetni bu qadar teren ve yah\u015f\u0131 a\u00f1la\u011fan\u0131 i\u00e7\u00fcn samimiy te\u015fekk\u00fcrlerini bildirdi.<\/p>\n\n\n\n<p>Valeriy Jovtenkon\u0131\u00f1 aytqan\u0131na k\u00f6re Ukraina \u2013 bu Avropa devleti ve Avropa alan\u0131nda bulun\u0131rken Avropa standartlar\u0131na ve ya\u015fay\u0131\u015f normalar\u0131na taba \u0131nt\u0131lacaq. Bu ise bug\u00fcnki Ukrainan\u0131\u00f1, ukrain, \u015fu c\u00fcmleden q\u0131r\u0131mtatar, milletini\u00f1 inki\u015faf\u0131 i\u00e7\u00fcn \u011fayet m\u00fcimdir.<\/p>\n\n\n\n<p>Mustafa Cemilev Meclis ad\u0131ndan Ukraina El\u00e7ihanesine Valeriy Vozgrinni\u00f1 &#8220;Q\u0131r\u0131mtatarlar tarih\u0131&#8221; 4 c\u0131ltl\u0131q kitab\u0131n\u0131 ba\u011f\u0131\u015flad\u0131. Ukrainan\u0131\u00f1 Litvaniyadaki El\u00e7isine bun\u0131\u00f1 kibi de OSCE Aliy komissar\u0131 taraf\u0131ndan az\u0131rlan\u0131l\u011fan &#8220;Evel s\u00fcrg\u00fcn olun\u011fan \u015fah\u0131slarn\u0131\u00f1 Q\u0131r\u0131mda, Ukrainada qat\u0131luv\u0131&#8221; maruzas\u0131 da berilecek.<\/p>\n","protected":false},"excerpt":{"rendered":"<p>Okt\u00e2br 21 k\u00fcn\u00fcni\u00f1 ekinci yar\u0131s\u0131nda Meclis delegatsiyas\u0131 Litvaniya Cumhuriyetine i\u015f ziyareti programmas\u0131 \u00e7er\u00e7ivesinde Ukrainan\u0131\u00f1 Litvaniyadaki El\u00e7isi Valeriy Jovtenko ile k\u00f6r\u00fc\u015fti. K\u00f6r\u00fc\u015f\u00fcv devam\u0131nda Meclis reisi, Ukraina halq deputat\u0131 Mustafa Cemilev Ukraina El\u00e7isine Litvaniya taraf\u0131 daveti ilke kelgen delegatsiyan\u0131\u00f1 ziyaret maqsad\u0131n\u0131 a\u00f1latt\u0131. K\u00f6r\u00fc\u015f\u00fcvde Meclis t\u0131\u015fq\u0131 al\u00e2qalar b\u00f6l\u00fcgini\u00f1 ba\u015f\u0131 Ali Hamzin, Litvaniya tatarlar\u0131 cemiyetini\u00f1 ba\u015f\u0131, Meclisni\u00f1 Litvaniyadaki temsilcisi [&hellip;]<\/p>\n","protected":false},"author":1,"featured_media":39806,"comment_status":"open","ping_status":"open","sticky":false,"template":"","format":"standard","meta":{"inline_featured_image":false,"footnotes":""},"categories":[265],"tags":[],"class_list":["post-39793","post","type-post","status-publish","format-standard","has-post-thumbnail","hentry","category-haberler"],"acf":[],"yoast_head":"<!-- This site is optimized with the Yoast SEO plugin v27.4 - https:\/\/yoast.com\/product\/yoast-seo-wordpress\/ -->\n<title>Meclis delegatsiyas\u0131 Ukrainan\u0131\u00f1 Litvaniyadaki El\u00e7ihanesini ziyaret etti - \u041c\u0435\u0434\u0436\u043b\u0456\u0441<\/title>\n<meta name=\"robots\" content=\"index, follow, max-snippet:-1, max-image-preview:large, max-video-preview:-1\" \/>\n<link rel=\"canonical\" href=\"https:\/\/qtmm.org\/qt\/meclis-delegatsiyasi-ukrainanin-litvaniyadaki-elcihanesini-ziyaret-etti\/\" \/>\n<meta property=\"og:locale\" content=\"en_US\" \/>\n<meta property=\"og:type\" content=\"article\" \/>\n<meta property=\"og:title\" content=\"Meclis delegatsiyas\u0131 Ukrainan\u0131\u00f1 Litvaniyadaki El\u00e7ihanesini ziyaret etti - \u041c\u0435\u0434\u0436\u043b\u0456\u0441\" \/>\n<meta property=\"og:description\" content=\"Okt\u00e2br 21 k\u00fcn\u00fcni\u00f1 ekinci yar\u0131s\u0131nda Meclis delegatsiyas\u0131 Litvaniya Cumhuriyetine i\u015f ziyareti programmas\u0131 \u00e7er\u00e7ivesinde Ukrainan\u0131\u00f1 Litvaniyadaki El\u00e7isi Valeriy Jovtenko ile k\u00f6r\u00fc\u015fti. K\u00f6r\u00fc\u015f\u00fcv devam\u0131nda Meclis reisi, Ukraina halq deputat\u0131 Mustafa Cemilev Ukraina El\u00e7isine Litvaniya taraf\u0131 daveti ilke kelgen delegatsiyan\u0131\u00f1 ziyaret maqsad\u0131n\u0131 a\u00f1latt\u0131. K\u00f6r\u00fc\u015f\u00fcvde Meclis t\u0131\u015fq\u0131 al\u00e2qalar b\u00f6l\u00fcgini\u00f1 ba\u015f\u0131 Ali Hamzin, Litvaniya tatarlar\u0131 cemiyetini\u00f1 ba\u015f\u0131, Meclisni\u00f1 Litvaniyadaki temsilcisi [&hellip;]\" \/>\n<meta property=\"og:url\" content=\"https:\/\/qtmm.org\/qt\/meclis-delegatsiyasi-ukrainanin-litvaniyadaki-elcihanesini-ziyaret-etti\/\" \/>\n<meta property=\"og:site_name\" content=\"\u041c\u0435\u0434\u0436\u043b\u0456\u0441\" \/>\n<meta property=\"article:publisher\" content=\"https:\/\/www.facebook.com\/qtmm.info\/\" \/>\n<meta property=\"article:published_time\" content=\"2013-10-23T21:09:00+00:00\" \/>\n<meta property=\"article:modified_time\" content=\"2022-01-25T21:10:58+00:00\" \/>\n<meta property=\"og:image\" content=\"https:\/\/qtmm.org\/wp-content\/uploads\/2022\/01\/2013_10_21_embassy_ukraine_to_lithuania10.jpeg\" \/>\n\t<meta property=\"og:image:width\" content=\"800\" \/>\n\t<meta property=\"og:image:height\" content=\"600\" \/>\n\t<meta property=\"og:image:type\" content=\"image\/jpeg\" \/>\n<meta name=\"author\" content=\"Developer\" \/>\n<meta name=\"twitter:card\" content=\"summary_large_image\" \/>\n<meta name=\"twitter:label1\" content=\"Written by\" \/>\n\t<meta name=\"twitter:data1\" content=\"Developer\" \/>\n\t<meta name=\"twitter:label2\" content=\"Est. reading time\" \/>\n\t<meta name=\"twitter:data2\" content=\"3 minutes\" \/>\n<script type=\"application\/ld+json\" class=\"yoast-schema-graph\">{\"@context\":\"https:\\\/\\\/schema.org\",\"@graph\":[{\"@type\":\"Article\",\"@id\":\"https:\\\/\\\/qtmm.org\\\/qt\\\/meclis-delegatsiyasi-ukrainanin-litvaniyadaki-elcihanesini-ziyaret-etti\\\/#article\",\"isPartOf\":{\"@id\":\"https:\\\/\\\/qtmm.org\\\/qt\\\/meclis-delegatsiyasi-ukrainanin-litvaniyadaki-elcihanesini-ziyaret-etti\\\/\"},\"author\":{\"name\":\"Developer\",\"@id\":\"https:\\\/\\\/qtmm.org\\\/qt\\\/#\\\/schema\\\/person\\\/de562469f971dec226ac06e60bbf74a7\"},\"headline\":\"Meclis delegatsiyas\u0131 Ukrainan\u0131\u00f1 Litvaniyadaki El\u00e7ihanesini ziyaret etti\",\"datePublished\":\"2013-10-23T21:09:00+00:00\",\"dateModified\":\"2022-01-25T21:10:58+00:00\",\"mainEntityOfPage\":{\"@id\":\"https:\\\/\\\/qtmm.org\\\/qt\\\/meclis-delegatsiyasi-ukrainanin-litvaniyadaki-elcihanesini-ziyaret-etti\\\/\"},\"wordCount\":553,\"commentCount\":0,\"publisher\":{\"@id\":\"https:\\\/\\\/qtmm.org\\\/qt\\\/#organization\"},\"image\":{\"@id\":\"https:\\\/\\\/qtmm.org\\\/qt\\\/meclis-delegatsiyasi-ukrainanin-litvaniyadaki-elcihanesini-ziyaret-etti\\\/#primaryimage\"},\"thumbnailUrl\":\"https:\\\/\\\/qtmm.org\\\/wp-content\\\/uploads\\\/2022\\\/01\\\/2013_10_21_embassy_ukraine_to_lithuania10.jpeg\",\"articleSection\":[\"Haberler\"],\"inLanguage\":\"qt\",\"potentialAction\":[{\"@type\":\"CommentAction\",\"name\":\"Comment\",\"target\":[\"https:\\\/\\\/qtmm.org\\\/qt\\\/meclis-delegatsiyasi-ukrainanin-litvaniyadaki-elcihanesini-ziyaret-etti\\\/#respond\"]}]},{\"@type\":\"WebPage\",\"@id\":\"https:\\\/\\\/qtmm.org\\\/qt\\\/meclis-delegatsiyasi-ukrainanin-litvaniyadaki-elcihanesini-ziyaret-etti\\\/\",\"url\":\"https:\\\/\\\/qtmm.org\\\/qt\\\/meclis-delegatsiyasi-ukrainanin-litvaniyadaki-elcihanesini-ziyaret-etti\\\/\",\"name\":\"Meclis delegatsiyas\u0131 Ukrainan\u0131\u00f1 Litvaniyadaki El\u00e7ihanesini ziyaret etti - \u041c\u0435\u0434\u0436\u043b\u0456\u0441\",\"isPartOf\":{\"@id\":\"https:\\\/\\\/qtmm.org\\\/qt\\\/#website\"},\"primaryImageOfPage\":{\"@id\":\"https:\\\/\\\/qtmm.org\\\/qt\\\/meclis-delegatsiyasi-ukrainanin-litvaniyadaki-elcihanesini-ziyaret-etti\\\/#primaryimage\"},\"image\":{\"@id\":\"https:\\\/\\\/qtmm.org\\\/qt\\\/meclis-delegatsiyasi-ukrainanin-litvaniyadaki-elcihanesini-ziyaret-etti\\\/#primaryimage\"},\"thumbnailUrl\":\"https:\\\/\\\/qtmm.org\\\/wp-content\\\/uploads\\\/2022\\\/01\\\/2013_10_21_embassy_ukraine_to_lithuania10.jpeg\",\"datePublished\":\"2013-10-23T21:09:00+00:00\",\"dateModified\":\"2022-01-25T21:10:58+00:00\",\"breadcrumb\":{\"@id\":\"https:\\\/\\\/qtmm.org\\\/qt\\\/meclis-delegatsiyasi-ukrainanin-litvaniyadaki-elcihanesini-ziyaret-etti\\\/#breadcrumb\"},\"inLanguage\":\"qt\",\"potentialAction\":[{\"@type\":\"ReadAction\",\"target\":[\"https:\\\/\\\/qtmm.org\\\/qt\\\/meclis-delegatsiyasi-ukrainanin-litvaniyadaki-elcihanesini-ziyaret-etti\\\/\"]}]},{\"@type\":\"ImageObject\",\"inLanguage\":\"qt\",\"@id\":\"https:\\\/\\\/qtmm.org\\\/qt\\\/meclis-delegatsiyasi-ukrainanin-litvaniyadaki-elcihanesini-ziyaret-etti\\\/#primaryimage\",\"url\":\"https:\\\/\\\/qtmm.org\\\/wp-content\\\/uploads\\\/2022\\\/01\\\/2013_10_21_embassy_ukraine_to_lithuania10.jpeg\",\"contentUrl\":\"https:\\\/\\\/qtmm.org\\\/wp-content\\\/uploads\\\/2022\\\/01\\\/2013_10_21_embassy_ukraine_to_lithuania10.jpeg\",\"width\":800,\"height\":600},{\"@type\":\"BreadcrumbList\",\"@id\":\"https:\\\/\\\/qtmm.org\\\/qt\\\/meclis-delegatsiyasi-ukrainanin-litvaniyadaki-elcihanesini-ziyaret-etti\\\/#breadcrumb\",\"itemListElement\":[{\"@type\":\"ListItem\",\"position\":1,\"name\":\"\u0413\u043e\u043b\u043e\u0432\u043d\u0430\",\"item\":\"https:\\\/\\\/qtmm.org\\\/qt\\\/\"},{\"@type\":\"ListItem\",\"position\":2,\"name\":\"Meclis delegatsiyas\u0131 Ukrainan\u0131\u00f1 Litvaniyadaki El\u00e7ihanesini ziyaret etti\"}]},{\"@type\":\"WebSite\",\"@id\":\"https:\\\/\\\/qtmm.org\\\/qt\\\/#website\",\"url\":\"https:\\\/\\\/qtmm.org\\\/qt\\\/\",\"name\":\"\u041c\u0435\u0434\u0436\u043b\u0456\u0441\",\"description\":\"\",\"publisher\":{\"@id\":\"https:\\\/\\\/qtmm.org\\\/qt\\\/#organization\"},\"potentialAction\":[{\"@type\":\"SearchAction\",\"target\":{\"@type\":\"EntryPoint\",\"urlTemplate\":\"https:\\\/\\\/qtmm.org\\\/qt\\\/?s={search_term_string}\"},\"query-input\":{\"@type\":\"PropertyValueSpecification\",\"valueRequired\":true,\"valueName\":\"search_term_string\"}}],\"inLanguage\":\"qt\"},{\"@type\":\"Organization\",\"@id\":\"https:\\\/\\\/qtmm.org\\\/qt\\\/#organization\",\"name\":\"\u041c\u0435\u0434\u0436\u043b\u0456\u0441\",\"url\":\"https:\\\/\\\/qtmm.org\\\/qt\\\/\",\"logo\":{\"@type\":\"ImageObject\",\"inLanguage\":\"qt\",\"@id\":\"https:\\\/\\\/qtmm.org\\\/qt\\\/#\\\/schema\\\/logo\\\/image\\\/\",\"url\":\"https:\\\/\\\/qtmm.org\\\/wp-content\\\/uploads\\\/2024\\\/12\\\/ua-mejlis-logo-rgb.svg\",\"contentUrl\":\"https:\\\/\\\/qtmm.org\\\/wp-content\\\/uploads\\\/2024\\\/12\\\/ua-mejlis-logo-rgb.svg\",\"caption\":\"\u041c\u0435\u0434\u0436\u043b\u0456\u0441\"},\"image\":{\"@id\":\"https:\\\/\\\/qtmm.org\\\/qt\\\/#\\\/schema\\\/logo\\\/image\\\/\"},\"sameAs\":[\"https:\\\/\\\/www.facebook.com\\\/qtmm.info\\\/\"]},{\"@type\":\"Person\",\"@id\":\"https:\\\/\\\/qtmm.org\\\/qt\\\/#\\\/schema\\\/person\\\/de562469f971dec226ac06e60bbf74a7\",\"name\":\"Developer\",\"image\":{\"@type\":\"ImageObject\",\"inLanguage\":\"qt\",\"@id\":\"https:\\\/\\\/secure.gravatar.com\\\/avatar\\\/392b4cc8fbfeb00b39dfeeab4ee6edded39ffd48e25858637e4765810300227e?s=96&d=mm&r=g\",\"url\":\"https:\\\/\\\/secure.gravatar.com\\\/avatar\\\/392b4cc8fbfeb00b39dfeeab4ee6edded39ffd48e25858637e4765810300227e?s=96&d=mm&r=g\",\"contentUrl\":\"https:\\\/\\\/secure.gravatar.com\\\/avatar\\\/392b4cc8fbfeb00b39dfeeab4ee6edded39ffd48e25858637e4765810300227e?s=96&d=mm&r=g\",\"caption\":\"Developer\"},\"url\":\"https:\\\/\\\/qtmm.org\\\/qt\\\/author\\\/Developer\\\/\"}]}<\/script>\n<!-- \/ Yoast SEO plugin. -->","yoast_head_json":{"title":"Meclis delegatsiyas\u0131 Ukrainan\u0131\u00f1 Litvaniyadaki El\u00e7ihanesini ziyaret etti - \u041c\u0435\u0434\u0436\u043b\u0456\u0441","robots":{"index":"index","follow":"follow","max-snippet":"max-snippet:-1","max-image-preview":"max-image-preview:large","max-video-preview":"max-video-preview:-1"},"canonical":"https:\/\/qtmm.org\/qt\/meclis-delegatsiyasi-ukrainanin-litvaniyadaki-elcihanesini-ziyaret-etti\/","og_locale":"en_US","og_type":"article","og_title":"Meclis delegatsiyas\u0131 Ukrainan\u0131\u00f1 Litvaniyadaki El\u00e7ihanesini ziyaret etti - \u041c\u0435\u0434\u0436\u043b\u0456\u0441","og_description":"Okt\u00e2br 21 k\u00fcn\u00fcni\u00f1 ekinci yar\u0131s\u0131nda Meclis delegatsiyas\u0131 Litvaniya Cumhuriyetine i\u015f ziyareti programmas\u0131 \u00e7er\u00e7ivesinde Ukrainan\u0131\u00f1 Litvaniyadaki El\u00e7isi Valeriy Jovtenko ile k\u00f6r\u00fc\u015fti. K\u00f6r\u00fc\u015f\u00fcv devam\u0131nda Meclis reisi, Ukraina halq deputat\u0131 Mustafa Cemilev Ukraina El\u00e7isine Litvaniya taraf\u0131 daveti ilke kelgen delegatsiyan\u0131\u00f1 ziyaret maqsad\u0131n\u0131 a\u00f1latt\u0131. K\u00f6r\u00fc\u015f\u00fcvde Meclis t\u0131\u015fq\u0131 al\u00e2qalar b\u00f6l\u00fcgini\u00f1 ba\u015f\u0131 Ali Hamzin, Litvaniya tatarlar\u0131 cemiyetini\u00f1 ba\u015f\u0131, Meclisni\u00f1 Litvaniyadaki temsilcisi [&hellip;]","og_url":"https:\/\/qtmm.org\/qt\/meclis-delegatsiyasi-ukrainanin-litvaniyadaki-elcihanesini-ziyaret-etti\/","og_site_name":"\u041c\u0435\u0434\u0436\u043b\u0456\u0441","article_publisher":"https:\/\/www.facebook.com\/qtmm.info\/","article_published_time":"2013-10-23T21:09:00+00:00","article_modified_time":"2022-01-25T21:10:58+00:00","og_image":[{"width":800,"height":600,"url":"https:\/\/qtmm.org\/wp-content\/uploads\/2022\/01\/2013_10_21_embassy_ukraine_to_lithuania10.jpeg","type":"image\/jpeg"}],"author":"Developer","twitter_card":"summary_large_image","twitter_misc":{"Written by":"Developer","Est. reading time":"3 minutes"},"schema":{"@context":"https:\/\/schema.org","@graph":[{"@type":"Article","@id":"https:\/\/qtmm.org\/qt\/meclis-delegatsiyasi-ukrainanin-litvaniyadaki-elcihanesini-ziyaret-etti\/#article","isPartOf":{"@id":"https:\/\/qtmm.org\/qt\/meclis-delegatsiyasi-ukrainanin-litvaniyadaki-elcihanesini-ziyaret-etti\/"},"author":{"name":"Developer","@id":"https:\/\/qtmm.org\/qt\/#\/schema\/person\/de562469f971dec226ac06e60bbf74a7"},"headline":"Meclis delegatsiyas\u0131 Ukrainan\u0131\u00f1 Litvaniyadaki El\u00e7ihanesini ziyaret etti","datePublished":"2013-10-23T21:09:00+00:00","dateModified":"2022-01-25T21:10:58+00:00","mainEntityOfPage":{"@id":"https:\/\/qtmm.org\/qt\/meclis-delegatsiyasi-ukrainanin-litvaniyadaki-elcihanesini-ziyaret-etti\/"},"wordCount":553,"commentCount":0,"publisher":{"@id":"https:\/\/qtmm.org\/qt\/#organization"},"image":{"@id":"https:\/\/qtmm.org\/qt\/meclis-delegatsiyasi-ukrainanin-litvaniyadaki-elcihanesini-ziyaret-etti\/#primaryimage"},"thumbnailUrl":"https:\/\/qtmm.org\/wp-content\/uploads\/2022\/01\/2013_10_21_embassy_ukraine_to_lithuania10.jpeg","articleSection":["Haberler"],"inLanguage":"qt","potentialAction":[{"@type":"CommentAction","name":"Comment","target":["https:\/\/qtmm.org\/qt\/meclis-delegatsiyasi-ukrainanin-litvaniyadaki-elcihanesini-ziyaret-etti\/#respond"]}]},{"@type":"WebPage","@id":"https:\/\/qtmm.org\/qt\/meclis-delegatsiyasi-ukrainanin-litvaniyadaki-elcihanesini-ziyaret-etti\/","url":"https:\/\/qtmm.org\/qt\/meclis-delegatsiyasi-ukrainanin-litvaniyadaki-elcihanesini-ziyaret-etti\/","name":"Meclis delegatsiyas\u0131 Ukrainan\u0131\u00f1 Litvaniyadaki El\u00e7ihanesini ziyaret etti - \u041c\u0435\u0434\u0436\u043b\u0456\u0441","isPartOf":{"@id":"https:\/\/qtmm.org\/qt\/#website"},"primaryImageOfPage":{"@id":"https:\/\/qtmm.org\/qt\/meclis-delegatsiyasi-ukrainanin-litvaniyadaki-elcihanesini-ziyaret-etti\/#primaryimage"},"image":{"@id":"https:\/\/qtmm.org\/qt\/meclis-delegatsiyasi-ukrainanin-litvaniyadaki-elcihanesini-ziyaret-etti\/#primaryimage"},"thumbnailUrl":"https:\/\/qtmm.org\/wp-content\/uploads\/2022\/01\/2013_10_21_embassy_ukraine_to_lithuania10.jpeg","datePublished":"2013-10-23T21:09:00+00:00","dateModified":"2022-01-25T21:10:58+00:00","breadcrumb":{"@id":"https:\/\/qtmm.org\/qt\/meclis-delegatsiyasi-ukrainanin-litvaniyadaki-elcihanesini-ziyaret-etti\/#breadcrumb"},"inLanguage":"qt","potentialAction":[{"@type":"ReadAction","target":["https:\/\/qtmm.org\/qt\/meclis-delegatsiyasi-ukrainanin-litvaniyadaki-elcihanesini-ziyaret-etti\/"]}]},{"@type":"ImageObject","inLanguage":"qt","@id":"https:\/\/qtmm.org\/qt\/meclis-delegatsiyasi-ukrainanin-litvaniyadaki-elcihanesini-ziyaret-etti\/#primaryimage","url":"https:\/\/qtmm.org\/wp-content\/uploads\/2022\/01\/2013_10_21_embassy_ukraine_to_lithuania10.jpeg","contentUrl":"https:\/\/qtmm.org\/wp-content\/uploads\/2022\/01\/2013_10_21_embassy_ukraine_to_lithuania10.jpeg","width":800,"height":600},{"@type":"BreadcrumbList","@id":"https:\/\/qtmm.org\/qt\/meclis-delegatsiyasi-ukrainanin-litvaniyadaki-elcihanesini-ziyaret-etti\/#breadcrumb","itemListElement":[{"@type":"ListItem","position":1,"name":"\u0413\u043e\u043b\u043e\u0432\u043d\u0430","item":"https:\/\/qtmm.org\/qt\/"},{"@type":"ListItem","position":2,"name":"Meclis delegatsiyas\u0131 Ukrainan\u0131\u00f1 Litvaniyadaki El\u00e7ihanesini ziyaret etti"}]},{"@type":"WebSite","@id":"https:\/\/qtmm.org\/qt\/#website","url":"https:\/\/qtmm.org\/qt\/","name":"\u041c\u0435\u0434\u0436\u043b\u0456\u0441","description":"","publisher":{"@id":"https:\/\/qtmm.org\/qt\/#organization"},"potentialAction":[{"@type":"SearchAction","target":{"@type":"EntryPoint","urlTemplate":"https:\/\/qtmm.org\/qt\/?s={search_term_string}"},"query-input":{"@type":"PropertyValueSpecification","valueRequired":true,"valueName":"search_term_string"}}],"inLanguage":"qt"},{"@type":"Organization","@id":"https:\/\/qtmm.org\/qt\/#organization","name":"\u041c\u0435\u0434\u0436\u043b\u0456\u0441","url":"https:\/\/qtmm.org\/qt\/","logo":{"@type":"ImageObject","inLanguage":"qt","@id":"https:\/\/qtmm.org\/qt\/#\/schema\/logo\/image\/","url":"https:\/\/qtmm.org\/wp-content\/uploads\/2024\/12\/ua-mejlis-logo-rgb.svg","contentUrl":"https:\/\/qtmm.org\/wp-content\/uploads\/2024\/12\/ua-mejlis-logo-rgb.svg","caption":"\u041c\u0435\u0434\u0436\u043b\u0456\u0441"},"image":{"@id":"https:\/\/qtmm.org\/qt\/#\/schema\/logo\/image\/"},"sameAs":["https:\/\/www.facebook.com\/qtmm.info\/"]},{"@type":"Person","@id":"https:\/\/qtmm.org\/qt\/#\/schema\/person\/de562469f971dec226ac06e60bbf74a7","name":"Developer","image":{"@type":"ImageObject","inLanguage":"qt","@id":"https:\/\/secure.gravatar.com\/avatar\/392b4cc8fbfeb00b39dfeeab4ee6edded39ffd48e25858637e4765810300227e?s=96&d=mm&r=g","url":"https:\/\/secure.gravatar.com\/avatar\/392b4cc8fbfeb00b39dfeeab4ee6edded39ffd48e25858637e4765810300227e?s=96&d=mm&r=g","contentUrl":"https:\/\/secure.gravatar.com\/avatar\/392b4cc8fbfeb00b39dfeeab4ee6edded39ffd48e25858637e4765810300227e?s=96&d=mm&r=g","caption":"Developer"},"url":"https:\/\/qtmm.org\/qt\/author\/Developer\/"}]}},"_links":{"self":[{"href":"https:\/\/qtmm.org\/qt\/wp-json\/wp\/v2\/posts\/39793","targetHints":{"allow":["GET"]}}],"collection":[{"href":"https:\/\/qtmm.org\/qt\/wp-json\/wp\/v2\/posts"}],"about":[{"href":"https:\/\/qtmm.org\/qt\/wp-json\/wp\/v2\/types\/post"}],"author":[{"embeddable":true,"href":"https:\/\/qtmm.org\/qt\/wp-json\/wp\/v2\/users\/1"}],"replies":[{"embeddable":true,"href":"https:\/\/qtmm.org\/qt\/wp-json\/wp\/v2\/comments?post=39793"}],"version-history":[{"count":1,"href":"https:\/\/qtmm.org\/qt\/wp-json\/wp\/v2\/posts\/39793\/revisions"}],"predecessor-version":[{"id":39810,"href":"https:\/\/qtmm.org\/qt\/wp-json\/wp\/v2\/posts\/39793\/revisions\/39810"}],"wp:featuredmedia":[{"embeddable":true,"href":"https:\/\/qtmm.org\/qt\/wp-json\/wp\/v2\/media\/39806"}],"wp:attachment":[{"href":"https:\/\/qtmm.org\/qt\/wp-json\/wp\/v2\/media?parent=39793"}],"wp:term":[{"taxonomy":"category","embeddable":true,"href":"https:\/\/qtmm.org\/qt\/wp-json\/wp\/v2\/categories?post=39793"},{"taxonomy":"post_tag","embeddable":true,"href":"https:\/\/qtmm.org\/qt\/wp-json\/wp\/v2\/tags?post=39793"}],"curies":[{"name":"wp","href":"https:\/\/api.w.org\/{rel}","templated":true}]}}