




{"id":39787,"date":"2013-10-23T00:08:00","date_gmt":"2013-10-22T21:08:00","guid":{"rendered":"http:\/\/qtmm.org\/?p=39787"},"modified":"2022-01-26T00:09:17","modified_gmt":"2022-01-25T21:09:17","slug":"vi-cagirilis-qurultayi-delegatlarina-meclis-reisinin-muavini-remzi-ilyasov-aqqinda-pis-mektupler-kelmekte","status":"publish","type":"post","link":"https:\/\/qtmm.org\/qt\/vi-cagirilis-qurultayi-delegatlarina-meclis-reisinin-muavini-remzi-ilyasov-aqqinda-pis-mektupler-kelmekte\/","title":{"rendered":"VI \u00e7a\u011f\u0131r\u0131l\u0131\u015f Qurultay\u0131 delegatlar\u0131na Meclis reisini\u00f1 muavini Remzi \u0130lyasov aqq\u0131nda pis mekt\u00fcpler kelmekte"},"content":{"rendered":"\n<p>Belli ol\u011fan\u0131na k\u00f6re, Qurultay 1-nci sessiyas\u0131 ba\u015flanmas\u0131 arfesinde Qurultay delegatlar\u0131n\u0131\u00f1 po\u00e7ta qutular\u0131na anonim mekt\u00fcpler kelip ba\u015fla\u011fan.<\/p>\n\n\n\n<p>Po\u00e7ita zarflar\u0131 \u00fczerinde &#8220;Yollay\u0131c\u0131&#8221; degen yerde Milliy Meclis ofisi yerle\u015fken Aqmescit \u015feeri \u015emidt soqa\u011f\u0131, 2 adresi k\u00f6sterilmekte. Mekt\u00fcp i\u00e7inde ise A 4 k\u00f6leminde k\u00e2\u011f\u0131tta Meclis reisini\u00f1 muavini Remzi \u0130lyasovn\u0131\u00f1 faaliyeti aqq\u0131nda sahte mal\u00fcmat bas\u0131l\u011fan.<\/p>\n\n\n\n<p>Bu pis provokatsiyan\u0131 yapqanlar sessiya ba\u015flanmas\u0131na qadar yeti\u015ftirmek maqsad\u0131nda \u00f6yle bir a\u015f\u0131qqanlar ki, &#8220;yollay\u0131c\u0131&#8221;n\u0131\u00f1 adresini &#8220;al\u0131c\u0131&#8221;n\u0131\u00f1 adresinen ada\u015ft\u0131r\u011fanlar ve neticede Qurultay delegatlar\u0131na yollan\u0131l\u011fan mekt\u00fcplerni &#8220;Ukrpo\u00e7ta&#8221; kene Meclis ofisine qaytar\u011fan. Bu al\u00e7aq areket te\u015fkil\u00e2t\u00e7\u0131lar\u0131n\u0131\u00f1 maqsad\u0131 belli. Bes-belli &#8220;sahte verekaalar&#8221;n\u0131\u00f1 te\u015fkil\u00e2t\u00e7\u0131lar\u0131 ve m\u00fcellifleri milliy qurultay delegatlar\u0131 aras\u0131na \u015f\u0131na qaqmaq, aralar\u0131n\u0131 bozmaq, biri-biirine i\u015fan\u00e7s\u0131zl\u0131q duy\u011fus\u0131n\u0131 ta\u015flamaqn\u0131 niyetlengenler.<\/p>\n\n\n\n<p>Remzi \u0130lyasovn\u0131\u00f1 aytqan\u0131na k\u00f6re professional faaliyeti devam\u0131nda bu kibi fesatlar\u011fa ve muhalifet taraf\u0131ndan qullan\u0131l\u011fan pis tehnologiyalar\u011fa qulaq asmamaqn\u0131 adet etken. Adette b\u00f6yle areketler q\u0131r\u0131mtatar cemiyetinde emiyetli bir vaqialar arfesinde ola tur\u011fan.<\/p>\n\n\n\n<p>&#8220;B\u00f6yle fesat men Meclis reisini\u00f1 muavini olaraq sayland\u0131\u011f\u0131m 2002 senesi de yap\u0131l\u011fan edi, &#8211; dedi R. \u0130lyasov. \u2013 O zaman Meclis reisi Mustafa Cemilev b\u00f6yle al\u00e7aq areketler tek qorqaqlarn\u0131\u00f1 qolundan kele, degen edi. Q\u0131r\u0131mda \u00e7e\u015fit firqalar ve areketler, cemaat te\u015fkil\u00e2tlar\u0131 ve sadece ayr\u0131 gruppalar faaliyet k\u00f6sterip, bularn\u0131\u00f1 er biri \u00f6z saylavc\u0131lar\u0131na tesir etmege istey.<\/p>\n\n\n\n<p>\u00d6z menfaatlar\u0131 o\u011frunda i\u015f k\u00f6rgenleri alda halq i\u00e7\u00fcn eyilik yapmaq isteginden ep uzaqla\u015falar&#8221;, &#8211; dedi R. \u0130lyasov.<\/p>\n\n\n\n<p>&#8220;Er bir insan ne qadar bermege bilse, bun\u0131\u00f1 qadar zengindir. Men musulman\u0131m. B\u00f6yle allarda \u0130sl\u00e2m bizlerni er \u015feyni Allahqa ta\u015flamaqn\u0131 \u00f6grete. Alla bersin cezalar\u0131n\u0131&#8221;, &#8211; dep yek\u00fcn \u00e7ekti s\u00f6zlerine Meclis reisini\u00f1 muavini.<br>\u00d6z maqsadlar\u0131 aqq\u0131nda ayt\u0131rken R. \u0130lyasov semetde\u015flerni\u00f1 al\u0131n\u0131 eyile\u015ftirmek o\u011frunda real istiqballeri ol\u011fan\u0131n\u0131 bildirdi.<\/p>\n","protected":false},"excerpt":{"rendered":"<p>Belli ol\u011fan\u0131na k\u00f6re, Qurultay 1-nci sessiyas\u0131 ba\u015flanmas\u0131 arfesinde Qurultay delegatlar\u0131n\u0131\u00f1 po\u00e7ta qutular\u0131na anonim mekt\u00fcpler kelip ba\u015fla\u011fan. Po\u00e7ita zarflar\u0131 \u00fczerinde &#8220;Yollay\u0131c\u0131&#8221; degen yerde Milliy Meclis ofisi yerle\u015fken Aqmescit \u015feeri \u015emidt soqa\u011f\u0131, 2 adresi k\u00f6sterilmekte. Mekt\u00fcp i\u00e7inde ise A 4 k\u00f6leminde k\u00e2\u011f\u0131tta Meclis reisini\u00f1 muavini Remzi \u0130lyasovn\u0131\u00f1 faaliyeti aqq\u0131nda sahte mal\u00fcmat bas\u0131l\u011fan. Bu pis provokatsiyan\u0131 yapqanlar sessiya [&hellip;]<\/p>\n","protected":false},"author":1,"featured_media":39788,"comment_status":"open","ping_status":"open","sticky":false,"template":"","format":"standard","meta":{"inline_featured_image":false,"footnotes":""},"categories":[265],"tags":[],"class_list":["post-39787","post","type-post","status-publish","format-standard","has-post-thumbnail","hentry","category-haberler"],"acf":[],"yoast_head":"<!-- This site is optimized with the Yoast SEO plugin v27.4 - https:\/\/yoast.com\/product\/yoast-seo-wordpress\/ -->\n<title>VI \u00e7a\u011f\u0131r\u0131l\u0131\u015f Qurultay\u0131 delegatlar\u0131na Meclis reisini\u00f1 muavini Remzi \u0130lyasov aqq\u0131nda pis mekt\u00fcpler kelmekte - \u041c\u0435\u0434\u0436\u043b\u0456\u0441<\/title>\n<meta name=\"robots\" content=\"index, follow, max-snippet:-1, max-image-preview:large, max-video-preview:-1\" \/>\n<link rel=\"canonical\" href=\"https:\/\/qtmm.org\/qt\/vi-cagirilis-qurultayi-delegatlarina-meclis-reisinin-muavini-remzi-ilyasov-aqqinda-pis-mektupler-kelmekte\/\" \/>\n<meta property=\"og:locale\" content=\"en_US\" \/>\n<meta property=\"og:type\" content=\"article\" \/>\n<meta property=\"og:title\" content=\"VI \u00e7a\u011f\u0131r\u0131l\u0131\u015f Qurultay\u0131 delegatlar\u0131na Meclis reisini\u00f1 muavini Remzi \u0130lyasov aqq\u0131nda pis mekt\u00fcpler kelmekte - \u041c\u0435\u0434\u0436\u043b\u0456\u0441\" \/>\n<meta property=\"og:description\" content=\"Belli ol\u011fan\u0131na k\u00f6re, Qurultay 1-nci sessiyas\u0131 ba\u015flanmas\u0131 arfesinde Qurultay delegatlar\u0131n\u0131\u00f1 po\u00e7ta qutular\u0131na anonim mekt\u00fcpler kelip ba\u015fla\u011fan. Po\u00e7ita zarflar\u0131 \u00fczerinde &#8220;Yollay\u0131c\u0131&#8221; degen yerde Milliy Meclis ofisi yerle\u015fken Aqmescit \u015feeri \u015emidt soqa\u011f\u0131, 2 adresi k\u00f6sterilmekte. Mekt\u00fcp i\u00e7inde ise A 4 k\u00f6leminde k\u00e2\u011f\u0131tta Meclis reisini\u00f1 muavini Remzi \u0130lyasovn\u0131\u00f1 faaliyeti aqq\u0131nda sahte mal\u00fcmat bas\u0131l\u011fan. Bu pis provokatsiyan\u0131 yapqanlar sessiya [&hellip;]\" \/>\n<meta property=\"og:url\" content=\"https:\/\/qtmm.org\/qt\/vi-cagirilis-qurultayi-delegatlarina-meclis-reisinin-muavini-remzi-ilyasov-aqqinda-pis-mektupler-kelmekte\/\" \/>\n<meta property=\"og:site_name\" content=\"\u041c\u0435\u0434\u0436\u043b\u0456\u0441\" \/>\n<meta property=\"article:publisher\" content=\"https:\/\/www.facebook.com\/qtmm.info\/\" \/>\n<meta property=\"article:published_time\" content=\"2013-10-22T21:08:00+00:00\" \/>\n<meta property=\"article:modified_time\" content=\"2022-01-25T21:09:17+00:00\" \/>\n<meta property=\"og:image\" content=\"https:\/\/qtmm.org\/wp-content\/uploads\/2022\/01\/photo_5_2.jpeg\" \/>\n\t<meta property=\"og:image:width\" content=\"780\" \/>\n\t<meta property=\"og:image:height\" content=\"600\" \/>\n\t<meta property=\"og:image:type\" content=\"image\/jpeg\" \/>\n<meta name=\"author\" content=\"Developer\" \/>\n<meta name=\"twitter:card\" content=\"summary_large_image\" \/>\n<meta name=\"twitter:label1\" content=\"Written by\" \/>\n\t<meta name=\"twitter:data1\" content=\"Developer\" \/>\n\t<meta name=\"twitter:label2\" content=\"Est. reading time\" \/>\n\t<meta name=\"twitter:data2\" content=\"2 minutes\" \/>\n<script type=\"application\/ld+json\" class=\"yoast-schema-graph\">{\"@context\":\"https:\\\/\\\/schema.org\",\"@graph\":[{\"@type\":\"Article\",\"@id\":\"https:\\\/\\\/qtmm.org\\\/qt\\\/vi-cagirilis-qurultayi-delegatlarina-meclis-reisinin-muavini-remzi-ilyasov-aqqinda-pis-mektupler-kelmekte\\\/#article\",\"isPartOf\":{\"@id\":\"https:\\\/\\\/qtmm.org\\\/qt\\\/vi-cagirilis-qurultayi-delegatlarina-meclis-reisinin-muavini-remzi-ilyasov-aqqinda-pis-mektupler-kelmekte\\\/\"},\"author\":{\"name\":\"Developer\",\"@id\":\"https:\\\/\\\/qtmm.org\\\/qt\\\/#\\\/schema\\\/person\\\/de562469f971dec226ac06e60bbf74a7\"},\"headline\":\"VI \u00e7a\u011f\u0131r\u0131l\u0131\u015f Qurultay\u0131 delegatlar\u0131na Meclis reisini\u00f1 muavini Remzi \u0130lyasov aqq\u0131nda pis mekt\u00fcpler kelmekte\",\"datePublished\":\"2013-10-22T21:08:00+00:00\",\"dateModified\":\"2022-01-25T21:09:17+00:00\",\"mainEntityOfPage\":{\"@id\":\"https:\\\/\\\/qtmm.org\\\/qt\\\/vi-cagirilis-qurultayi-delegatlarina-meclis-reisinin-muavini-remzi-ilyasov-aqqinda-pis-mektupler-kelmekte\\\/\"},\"wordCount\":370,\"commentCount\":0,\"publisher\":{\"@id\":\"https:\\\/\\\/qtmm.org\\\/qt\\\/#organization\"},\"image\":{\"@id\":\"https:\\\/\\\/qtmm.org\\\/qt\\\/vi-cagirilis-qurultayi-delegatlarina-meclis-reisinin-muavini-remzi-ilyasov-aqqinda-pis-mektupler-kelmekte\\\/#primaryimage\"},\"thumbnailUrl\":\"https:\\\/\\\/qtmm.org\\\/wp-content\\\/uploads\\\/2022\\\/01\\\/photo_5_2.jpeg\",\"articleSection\":[\"Haberler\"],\"inLanguage\":\"qt\",\"potentialAction\":[{\"@type\":\"CommentAction\",\"name\":\"Comment\",\"target\":[\"https:\\\/\\\/qtmm.org\\\/qt\\\/vi-cagirilis-qurultayi-delegatlarina-meclis-reisinin-muavini-remzi-ilyasov-aqqinda-pis-mektupler-kelmekte\\\/#respond\"]}]},{\"@type\":\"WebPage\",\"@id\":\"https:\\\/\\\/qtmm.org\\\/qt\\\/vi-cagirilis-qurultayi-delegatlarina-meclis-reisinin-muavini-remzi-ilyasov-aqqinda-pis-mektupler-kelmekte\\\/\",\"url\":\"https:\\\/\\\/qtmm.org\\\/qt\\\/vi-cagirilis-qurultayi-delegatlarina-meclis-reisinin-muavini-remzi-ilyasov-aqqinda-pis-mektupler-kelmekte\\\/\",\"name\":\"VI \u00e7a\u011f\u0131r\u0131l\u0131\u015f Qurultay\u0131 delegatlar\u0131na Meclis reisini\u00f1 muavini Remzi \u0130lyasov aqq\u0131nda pis mekt\u00fcpler kelmekte - \u041c\u0435\u0434\u0436\u043b\u0456\u0441\",\"isPartOf\":{\"@id\":\"https:\\\/\\\/qtmm.org\\\/qt\\\/#website\"},\"primaryImageOfPage\":{\"@id\":\"https:\\\/\\\/qtmm.org\\\/qt\\\/vi-cagirilis-qurultayi-delegatlarina-meclis-reisinin-muavini-remzi-ilyasov-aqqinda-pis-mektupler-kelmekte\\\/#primaryimage\"},\"image\":{\"@id\":\"https:\\\/\\\/qtmm.org\\\/qt\\\/vi-cagirilis-qurultayi-delegatlarina-meclis-reisinin-muavini-remzi-ilyasov-aqqinda-pis-mektupler-kelmekte\\\/#primaryimage\"},\"thumbnailUrl\":\"https:\\\/\\\/qtmm.org\\\/wp-content\\\/uploads\\\/2022\\\/01\\\/photo_5_2.jpeg\",\"datePublished\":\"2013-10-22T21:08:00+00:00\",\"dateModified\":\"2022-01-25T21:09:17+00:00\",\"breadcrumb\":{\"@id\":\"https:\\\/\\\/qtmm.org\\\/qt\\\/vi-cagirilis-qurultayi-delegatlarina-meclis-reisinin-muavini-remzi-ilyasov-aqqinda-pis-mektupler-kelmekte\\\/#breadcrumb\"},\"inLanguage\":\"qt\",\"potentialAction\":[{\"@type\":\"ReadAction\",\"target\":[\"https:\\\/\\\/qtmm.org\\\/qt\\\/vi-cagirilis-qurultayi-delegatlarina-meclis-reisinin-muavini-remzi-ilyasov-aqqinda-pis-mektupler-kelmekte\\\/\"]}]},{\"@type\":\"ImageObject\",\"inLanguage\":\"qt\",\"@id\":\"https:\\\/\\\/qtmm.org\\\/qt\\\/vi-cagirilis-qurultayi-delegatlarina-meclis-reisinin-muavini-remzi-ilyasov-aqqinda-pis-mektupler-kelmekte\\\/#primaryimage\",\"url\":\"https:\\\/\\\/qtmm.org\\\/wp-content\\\/uploads\\\/2022\\\/01\\\/photo_5_2.jpeg\",\"contentUrl\":\"https:\\\/\\\/qtmm.org\\\/wp-content\\\/uploads\\\/2022\\\/01\\\/photo_5_2.jpeg\",\"width\":780,\"height\":600},{\"@type\":\"BreadcrumbList\",\"@id\":\"https:\\\/\\\/qtmm.org\\\/qt\\\/vi-cagirilis-qurultayi-delegatlarina-meclis-reisinin-muavini-remzi-ilyasov-aqqinda-pis-mektupler-kelmekte\\\/#breadcrumb\",\"itemListElement\":[{\"@type\":\"ListItem\",\"position\":1,\"name\":\"\u0413\u043e\u043b\u043e\u0432\u043d\u0430\",\"item\":\"https:\\\/\\\/qtmm.org\\\/qt\\\/\"},{\"@type\":\"ListItem\",\"position\":2,\"name\":\"VI \u00e7a\u011f\u0131r\u0131l\u0131\u015f Qurultay\u0131 delegatlar\u0131na Meclis reisini\u00f1 muavini Remzi \u0130lyasov aqq\u0131nda pis mekt\u00fcpler kelmekte\"}]},{\"@type\":\"WebSite\",\"@id\":\"https:\\\/\\\/qtmm.org\\\/qt\\\/#website\",\"url\":\"https:\\\/\\\/qtmm.org\\\/qt\\\/\",\"name\":\"\u041c\u0435\u0434\u0436\u043b\u0456\u0441\",\"description\":\"\",\"publisher\":{\"@id\":\"https:\\\/\\\/qtmm.org\\\/qt\\\/#organization\"},\"potentialAction\":[{\"@type\":\"SearchAction\",\"target\":{\"@type\":\"EntryPoint\",\"urlTemplate\":\"https:\\\/\\\/qtmm.org\\\/qt\\\/?s={search_term_string}\"},\"query-input\":{\"@type\":\"PropertyValueSpecification\",\"valueRequired\":true,\"valueName\":\"search_term_string\"}}],\"inLanguage\":\"qt\"},{\"@type\":\"Organization\",\"@id\":\"https:\\\/\\\/qtmm.org\\\/qt\\\/#organization\",\"name\":\"\u041c\u0435\u0434\u0436\u043b\u0456\u0441\",\"url\":\"https:\\\/\\\/qtmm.org\\\/qt\\\/\",\"logo\":{\"@type\":\"ImageObject\",\"inLanguage\":\"qt\",\"@id\":\"https:\\\/\\\/qtmm.org\\\/qt\\\/#\\\/schema\\\/logo\\\/image\\\/\",\"url\":\"https:\\\/\\\/qtmm.org\\\/wp-content\\\/uploads\\\/2024\\\/12\\\/ua-mejlis-logo-rgb.svg\",\"contentUrl\":\"https:\\\/\\\/qtmm.org\\\/wp-content\\\/uploads\\\/2024\\\/12\\\/ua-mejlis-logo-rgb.svg\",\"caption\":\"\u041c\u0435\u0434\u0436\u043b\u0456\u0441\"},\"image\":{\"@id\":\"https:\\\/\\\/qtmm.org\\\/qt\\\/#\\\/schema\\\/logo\\\/image\\\/\"},\"sameAs\":[\"https:\\\/\\\/www.facebook.com\\\/qtmm.info\\\/\"]},{\"@type\":\"Person\",\"@id\":\"https:\\\/\\\/qtmm.org\\\/qt\\\/#\\\/schema\\\/person\\\/de562469f971dec226ac06e60bbf74a7\",\"name\":\"Developer\",\"image\":{\"@type\":\"ImageObject\",\"inLanguage\":\"qt\",\"@id\":\"https:\\\/\\\/secure.gravatar.com\\\/avatar\\\/392b4cc8fbfeb00b39dfeeab4ee6edded39ffd48e25858637e4765810300227e?s=96&d=mm&r=g\",\"url\":\"https:\\\/\\\/secure.gravatar.com\\\/avatar\\\/392b4cc8fbfeb00b39dfeeab4ee6edded39ffd48e25858637e4765810300227e?s=96&d=mm&r=g\",\"contentUrl\":\"https:\\\/\\\/secure.gravatar.com\\\/avatar\\\/392b4cc8fbfeb00b39dfeeab4ee6edded39ffd48e25858637e4765810300227e?s=96&d=mm&r=g\",\"caption\":\"Developer\"},\"url\":\"https:\\\/\\\/qtmm.org\\\/qt\\\/author\\\/Developer\\\/\"}]}<\/script>\n<!-- \/ Yoast SEO plugin. -->","yoast_head_json":{"title":"VI \u00e7a\u011f\u0131r\u0131l\u0131\u015f Qurultay\u0131 delegatlar\u0131na Meclis reisini\u00f1 muavini Remzi \u0130lyasov aqq\u0131nda pis mekt\u00fcpler kelmekte - \u041c\u0435\u0434\u0436\u043b\u0456\u0441","robots":{"index":"index","follow":"follow","max-snippet":"max-snippet:-1","max-image-preview":"max-image-preview:large","max-video-preview":"max-video-preview:-1"},"canonical":"https:\/\/qtmm.org\/qt\/vi-cagirilis-qurultayi-delegatlarina-meclis-reisinin-muavini-remzi-ilyasov-aqqinda-pis-mektupler-kelmekte\/","og_locale":"en_US","og_type":"article","og_title":"VI \u00e7a\u011f\u0131r\u0131l\u0131\u015f Qurultay\u0131 delegatlar\u0131na Meclis reisini\u00f1 muavini Remzi \u0130lyasov aqq\u0131nda pis mekt\u00fcpler kelmekte - \u041c\u0435\u0434\u0436\u043b\u0456\u0441","og_description":"Belli ol\u011fan\u0131na k\u00f6re, Qurultay 1-nci sessiyas\u0131 ba\u015flanmas\u0131 arfesinde Qurultay delegatlar\u0131n\u0131\u00f1 po\u00e7ta qutular\u0131na anonim mekt\u00fcpler kelip ba\u015fla\u011fan. Po\u00e7ita zarflar\u0131 \u00fczerinde &#8220;Yollay\u0131c\u0131&#8221; degen yerde Milliy Meclis ofisi yerle\u015fken Aqmescit \u015feeri \u015emidt soqa\u011f\u0131, 2 adresi k\u00f6sterilmekte. Mekt\u00fcp i\u00e7inde ise A 4 k\u00f6leminde k\u00e2\u011f\u0131tta Meclis reisini\u00f1 muavini Remzi \u0130lyasovn\u0131\u00f1 faaliyeti aqq\u0131nda sahte mal\u00fcmat bas\u0131l\u011fan. Bu pis provokatsiyan\u0131 yapqanlar sessiya [&hellip;]","og_url":"https:\/\/qtmm.org\/qt\/vi-cagirilis-qurultayi-delegatlarina-meclis-reisinin-muavini-remzi-ilyasov-aqqinda-pis-mektupler-kelmekte\/","og_site_name":"\u041c\u0435\u0434\u0436\u043b\u0456\u0441","article_publisher":"https:\/\/www.facebook.com\/qtmm.info\/","article_published_time":"2013-10-22T21:08:00+00:00","article_modified_time":"2022-01-25T21:09:17+00:00","og_image":[{"width":780,"height":600,"url":"https:\/\/qtmm.org\/wp-content\/uploads\/2022\/01\/photo_5_2.jpeg","type":"image\/jpeg"}],"author":"Developer","twitter_card":"summary_large_image","twitter_misc":{"Written by":"Developer","Est. reading time":"2 minutes"},"schema":{"@context":"https:\/\/schema.org","@graph":[{"@type":"Article","@id":"https:\/\/qtmm.org\/qt\/vi-cagirilis-qurultayi-delegatlarina-meclis-reisinin-muavini-remzi-ilyasov-aqqinda-pis-mektupler-kelmekte\/#article","isPartOf":{"@id":"https:\/\/qtmm.org\/qt\/vi-cagirilis-qurultayi-delegatlarina-meclis-reisinin-muavini-remzi-ilyasov-aqqinda-pis-mektupler-kelmekte\/"},"author":{"name":"Developer","@id":"https:\/\/qtmm.org\/qt\/#\/schema\/person\/de562469f971dec226ac06e60bbf74a7"},"headline":"VI \u00e7a\u011f\u0131r\u0131l\u0131\u015f Qurultay\u0131 delegatlar\u0131na Meclis reisini\u00f1 muavini Remzi \u0130lyasov aqq\u0131nda pis mekt\u00fcpler kelmekte","datePublished":"2013-10-22T21:08:00+00:00","dateModified":"2022-01-25T21:09:17+00:00","mainEntityOfPage":{"@id":"https:\/\/qtmm.org\/qt\/vi-cagirilis-qurultayi-delegatlarina-meclis-reisinin-muavini-remzi-ilyasov-aqqinda-pis-mektupler-kelmekte\/"},"wordCount":370,"commentCount":0,"publisher":{"@id":"https:\/\/qtmm.org\/qt\/#organization"},"image":{"@id":"https:\/\/qtmm.org\/qt\/vi-cagirilis-qurultayi-delegatlarina-meclis-reisinin-muavini-remzi-ilyasov-aqqinda-pis-mektupler-kelmekte\/#primaryimage"},"thumbnailUrl":"https:\/\/qtmm.org\/wp-content\/uploads\/2022\/01\/photo_5_2.jpeg","articleSection":["Haberler"],"inLanguage":"qt","potentialAction":[{"@type":"CommentAction","name":"Comment","target":["https:\/\/qtmm.org\/qt\/vi-cagirilis-qurultayi-delegatlarina-meclis-reisinin-muavini-remzi-ilyasov-aqqinda-pis-mektupler-kelmekte\/#respond"]}]},{"@type":"WebPage","@id":"https:\/\/qtmm.org\/qt\/vi-cagirilis-qurultayi-delegatlarina-meclis-reisinin-muavini-remzi-ilyasov-aqqinda-pis-mektupler-kelmekte\/","url":"https:\/\/qtmm.org\/qt\/vi-cagirilis-qurultayi-delegatlarina-meclis-reisinin-muavini-remzi-ilyasov-aqqinda-pis-mektupler-kelmekte\/","name":"VI \u00e7a\u011f\u0131r\u0131l\u0131\u015f Qurultay\u0131 delegatlar\u0131na Meclis reisini\u00f1 muavini Remzi \u0130lyasov aqq\u0131nda pis mekt\u00fcpler kelmekte - \u041c\u0435\u0434\u0436\u043b\u0456\u0441","isPartOf":{"@id":"https:\/\/qtmm.org\/qt\/#website"},"primaryImageOfPage":{"@id":"https:\/\/qtmm.org\/qt\/vi-cagirilis-qurultayi-delegatlarina-meclis-reisinin-muavini-remzi-ilyasov-aqqinda-pis-mektupler-kelmekte\/#primaryimage"},"image":{"@id":"https:\/\/qtmm.org\/qt\/vi-cagirilis-qurultayi-delegatlarina-meclis-reisinin-muavini-remzi-ilyasov-aqqinda-pis-mektupler-kelmekte\/#primaryimage"},"thumbnailUrl":"https:\/\/qtmm.org\/wp-content\/uploads\/2022\/01\/photo_5_2.jpeg","datePublished":"2013-10-22T21:08:00+00:00","dateModified":"2022-01-25T21:09:17+00:00","breadcrumb":{"@id":"https:\/\/qtmm.org\/qt\/vi-cagirilis-qurultayi-delegatlarina-meclis-reisinin-muavini-remzi-ilyasov-aqqinda-pis-mektupler-kelmekte\/#breadcrumb"},"inLanguage":"qt","potentialAction":[{"@type":"ReadAction","target":["https:\/\/qtmm.org\/qt\/vi-cagirilis-qurultayi-delegatlarina-meclis-reisinin-muavini-remzi-ilyasov-aqqinda-pis-mektupler-kelmekte\/"]}]},{"@type":"ImageObject","inLanguage":"qt","@id":"https:\/\/qtmm.org\/qt\/vi-cagirilis-qurultayi-delegatlarina-meclis-reisinin-muavini-remzi-ilyasov-aqqinda-pis-mektupler-kelmekte\/#primaryimage","url":"https:\/\/qtmm.org\/wp-content\/uploads\/2022\/01\/photo_5_2.jpeg","contentUrl":"https:\/\/qtmm.org\/wp-content\/uploads\/2022\/01\/photo_5_2.jpeg","width":780,"height":600},{"@type":"BreadcrumbList","@id":"https:\/\/qtmm.org\/qt\/vi-cagirilis-qurultayi-delegatlarina-meclis-reisinin-muavini-remzi-ilyasov-aqqinda-pis-mektupler-kelmekte\/#breadcrumb","itemListElement":[{"@type":"ListItem","position":1,"name":"\u0413\u043e\u043b\u043e\u0432\u043d\u0430","item":"https:\/\/qtmm.org\/qt\/"},{"@type":"ListItem","position":2,"name":"VI \u00e7a\u011f\u0131r\u0131l\u0131\u015f Qurultay\u0131 delegatlar\u0131na Meclis reisini\u00f1 muavini Remzi \u0130lyasov aqq\u0131nda pis mekt\u00fcpler kelmekte"}]},{"@type":"WebSite","@id":"https:\/\/qtmm.org\/qt\/#website","url":"https:\/\/qtmm.org\/qt\/","name":"\u041c\u0435\u0434\u0436\u043b\u0456\u0441","description":"","publisher":{"@id":"https:\/\/qtmm.org\/qt\/#organization"},"potentialAction":[{"@type":"SearchAction","target":{"@type":"EntryPoint","urlTemplate":"https:\/\/qtmm.org\/qt\/?s={search_term_string}"},"query-input":{"@type":"PropertyValueSpecification","valueRequired":true,"valueName":"search_term_string"}}],"inLanguage":"qt"},{"@type":"Organization","@id":"https:\/\/qtmm.org\/qt\/#organization","name":"\u041c\u0435\u0434\u0436\u043b\u0456\u0441","url":"https:\/\/qtmm.org\/qt\/","logo":{"@type":"ImageObject","inLanguage":"qt","@id":"https:\/\/qtmm.org\/qt\/#\/schema\/logo\/image\/","url":"https:\/\/qtmm.org\/wp-content\/uploads\/2024\/12\/ua-mejlis-logo-rgb.svg","contentUrl":"https:\/\/qtmm.org\/wp-content\/uploads\/2024\/12\/ua-mejlis-logo-rgb.svg","caption":"\u041c\u0435\u0434\u0436\u043b\u0456\u0441"},"image":{"@id":"https:\/\/qtmm.org\/qt\/#\/schema\/logo\/image\/"},"sameAs":["https:\/\/www.facebook.com\/qtmm.info\/"]},{"@type":"Person","@id":"https:\/\/qtmm.org\/qt\/#\/schema\/person\/de562469f971dec226ac06e60bbf74a7","name":"Developer","image":{"@type":"ImageObject","inLanguage":"qt","@id":"https:\/\/secure.gravatar.com\/avatar\/392b4cc8fbfeb00b39dfeeab4ee6edded39ffd48e25858637e4765810300227e?s=96&d=mm&r=g","url":"https:\/\/secure.gravatar.com\/avatar\/392b4cc8fbfeb00b39dfeeab4ee6edded39ffd48e25858637e4765810300227e?s=96&d=mm&r=g","contentUrl":"https:\/\/secure.gravatar.com\/avatar\/392b4cc8fbfeb00b39dfeeab4ee6edded39ffd48e25858637e4765810300227e?s=96&d=mm&r=g","caption":"Developer"},"url":"https:\/\/qtmm.org\/qt\/author\/Developer\/"}]}},"_links":{"self":[{"href":"https:\/\/qtmm.org\/qt\/wp-json\/wp\/v2\/posts\/39787","targetHints":{"allow":["GET"]}}],"collection":[{"href":"https:\/\/qtmm.org\/qt\/wp-json\/wp\/v2\/posts"}],"about":[{"href":"https:\/\/qtmm.org\/qt\/wp-json\/wp\/v2\/types\/post"}],"author":[{"embeddable":true,"href":"https:\/\/qtmm.org\/qt\/wp-json\/wp\/v2\/users\/1"}],"replies":[{"embeddable":true,"href":"https:\/\/qtmm.org\/qt\/wp-json\/wp\/v2\/comments?post=39787"}],"version-history":[{"count":1,"href":"https:\/\/qtmm.org\/qt\/wp-json\/wp\/v2\/posts\/39787\/revisions"}],"predecessor-version":[{"id":39792,"href":"https:\/\/qtmm.org\/qt\/wp-json\/wp\/v2\/posts\/39787\/revisions\/39792"}],"wp:featuredmedia":[{"embeddable":true,"href":"https:\/\/qtmm.org\/qt\/wp-json\/wp\/v2\/media\/39788"}],"wp:attachment":[{"href":"https:\/\/qtmm.org\/qt\/wp-json\/wp\/v2\/media?parent=39787"}],"wp:term":[{"taxonomy":"category","embeddable":true,"href":"https:\/\/qtmm.org\/qt\/wp-json\/wp\/v2\/categories?post=39787"},{"taxonomy":"post_tag","embeddable":true,"href":"https:\/\/qtmm.org\/qt\/wp-json\/wp\/v2\/tags?post=39787"}],"curies":[{"name":"wp","href":"https:\/\/api.w.org\/{rel}","templated":true}]}}