




{"id":39757,"date":"2013-10-23T00:05:00","date_gmt":"2013-10-22T21:05:00","guid":{"rendered":"http:\/\/qtmm.org\/?p=39757"},"modified":"2022-01-26T00:08:00","modified_gmt":"2022-01-25T21:08:00","slug":"qirimtatarlarga-qarsi-provokatsiyalar-qirimtatar-halqi-vi-cagirilis-qurultayinin-1-nci-sesiyasinda-muzakere-etilecek","status":"publish","type":"post","link":"https:\/\/qtmm.org\/qt\/qirimtatarlarga-qarsi-provokatsiyalar-qirimtatar-halqi-vi-cagirilis-qurultayinin-1-nci-sesiyasinda-muzakere-etilecek\/","title":{"rendered":"Q\u0131r\u0131mtatarlar\u011fa qar\u015f\u0131 provokatsiyalar Q\u0131r\u0131mtatar halq\u0131 VI \u00e7a\u011f\u0131r\u0131l\u0131\u015f Qurultay\u0131n\u0131\u00f1 1-nci sesiyas\u0131nda muzakere etilecek"},"content":{"rendered":"\n<p>Okt\u00e2br 22 k\u00fcn\u00fc bellisiz \u015fah\u0131slar Aqmescitteki Balaklavskaya soqa\u011f\u0131ndaki muvaqqat ev\u00e7ikni yaqt\u0131lar.<\/p>\n\n\n\n<figure class=\"wp-block-image size-full\"><img loading=\"lazy\" decoding=\"async\" width=\"650\" height=\"333\" src=\"http:\/\/qtmm.org\/wp-content\/uploads\/2022\/01\/imag4134_1.jpeg\" alt=\"\" class=\"wp-image-39758\" srcset=\"https:\/\/qtmm.org\/wp-content\/uploads\/2022\/01\/imag4134_1.jpeg 650w, https:\/\/qtmm.org\/wp-content\/uploads\/2022\/01\/imag4134_1-300x154.jpeg 300w\" sizes=\"auto, (max-width: 650px) 100vw, 650px\" \/><\/figure>\n\n\n\n<p>Bu aqta Meclis K\u00e2tibiyetini\u00f1 ba\u015f\u0131 Zair Smedl\u00e2yev naraz\u0131l\u0131q tarla sakinlerini\u00f1 bildir\u00fcvlerine esaslanaraq haber etti. Belli ol\u011fan\u0131na k\u00f6nre muvaqqat qurulmalardan birisine benzin t\u00f6k\u00fcp yaqqan ve cinayet yap\u0131l\u011fan yerden qa\u00e7qanlar.<\/p>\n\n\n\n<figure class=\"wp-block-image size-full\"><img loading=\"lazy\" decoding=\"async\" width=\"650\" height=\"370\" src=\"http:\/\/qtmm.org\/wp-content\/uploads\/2022\/01\/imag4142.jpeg\" alt=\"\" class=\"wp-image-39762\" srcset=\"https:\/\/qtmm.org\/wp-content\/uploads\/2022\/01\/imag4142.jpeg 650w, https:\/\/qtmm.org\/wp-content\/uploads\/2022\/01\/imag4142-300x171.jpeg 300w\" sizes=\"auto, (max-width: 650px) 100vw, 650px\" \/><\/figure>\n\n\n\n<p>Meclis K\u00e2tibiyetini\u00f1 ba\u015f\u0131 Zair Smedl\u00e2yevni\u00f1 tahmin etkenine k\u00f6re &#8220;Olar ba\u015fta camini yaqmaq maqsad\u0131nda ediler&#8221;, amma cami yan\u0131nda nevbet\u00e7ilik yapqan insanlardan saq\u0131n\u011fanlar. \u0130\u015fte olar cinayet\u00e7ilerni\u00f1 art\u0131ndan \u00e7apqanlar. K\u00e2tibiyet m\u00fcdiri bu maqsadl\u0131 bir fesat ol\u0131p, ke\u00e7enlerde camiler yaq\u0131lmas\u0131n\u0131\u00f1 devam\u0131d\u0131r.<\/p>\n\n\n\n<figure class=\"wp-block-image size-full\"><img loading=\"lazy\" decoding=\"async\" width=\"650\" height=\"370\" src=\"http:\/\/qtmm.org\/wp-content\/uploads\/2022\/01\/imag4145.jpeg\" alt=\"\" class=\"wp-image-39766\" srcset=\"https:\/\/qtmm.org\/wp-content\/uploads\/2022\/01\/imag4145.jpeg 650w, https:\/\/qtmm.org\/wp-content\/uploads\/2022\/01\/imag4145-300x171.jpeg 300w\" sizes=\"auto, (max-width: 650px) 100vw, 650px\" \/><\/figure>\n\n\n\n<p>&#8220;Bu yaquvlar \u2013 Q\u0131r\u0131mda vaziyetni sallamaq, kerginlik qoz\u011famaq i\u00e7\u00fcn yap\u0131l\u011fan nevbetteki fesatt\u0131r, &#8211; dedi Z. Smedl\u00e2yev. \u2013 Molod\u00f6jnoye qasabas\u0131ndaki ya\u011fmalar, Cuma cami qurulacaq tarladaki yaquvlar, Qurban bayram\u0131 arfesinde camiler yaq\u0131lmas\u0131, Aqme\u00e7et qasabas\u0131nda cemaat merkezini\u00f1 yaq\u0131lmas\u0131 bir z\u0131nc\u0131rn\u0131\u00f1 alqalar\u0131d\u0131r. B\u00fct\u00fcn bu areketlerden birden-bir maqsad Q\u0131r\u0131mn\u0131 milletlerara ve dinlerara qapa-qar\u015f\u0131l\u0131qqa s\u00fcyremektir&#8221;.<\/p>\n\n\n\n<figure class=\"wp-block-image size-full\"><img loading=\"lazy\" decoding=\"async\" width=\"650\" height=\"370\" src=\"http:\/\/qtmm.org\/wp-content\/uploads\/2022\/01\/imag4141.jpeg\" alt=\"\" class=\"wp-image-39770\" srcset=\"https:\/\/qtmm.org\/wp-content\/uploads\/2022\/01\/imag4141.jpeg 650w, https:\/\/qtmm.org\/wp-content\/uploads\/2022\/01\/imag4141-300x171.jpeg 300w\" sizes=\"auto, (max-width: 650px) 100vw, 650px\" \/><\/figure>\n\n\n\n<p>Bu fesat Qurultay arfesinde yap\u0131lam\u0131, degen sualge Zair Smedl\u00e2yev: &#8220;Yoq. Bu areketler endi \u00e7oqtan ba\u015fland\u0131. B\u00fct\u00fcn bu areketler devam etkenini\u00f1 bir sebebi \u015fundaki ki cinayetlerni\u00f1 i\u00e7 birisi a\u00e7\u0131lmad\u0131, qabaatl\u0131lar mes\u00fclietke \u00e7ekilmedi&#8221;.<\/p>\n\n\n\n<p>Zair Smedl\u00e2yev qayd etti ki, bu vaziyetni\u00f1 taqiq etilmesi i\u00e7\u00fcn Meclis uquqqoruv organlar\u0131na muracaat etmek meram\u0131nda. Bun\u0131\u00f1 kibi de Q\u0131r\u0131mtatarlar\u011fa qar\u015f\u0131 provokatsiyalar Q\u0131r\u0131mtatar halq\u0131 VI \u00e7a\u011f\u0131r\u0131l\u0131\u015f Qurultay\u0131n\u0131\u00f1 1-nci sesiyas\u0131nda muzakere etilecek.<\/p>\n\n\n\n<figure class=\"wp-block-image size-full\"><img loading=\"lazy\" decoding=\"async\" width=\"650\" height=\"370\" src=\"http:\/\/qtmm.org\/wp-content\/uploads\/2022\/01\/imag4143.jpeg\" alt=\"\" class=\"wp-image-39774\" srcset=\"https:\/\/qtmm.org\/wp-content\/uploads\/2022\/01\/imag4143.jpeg 650w, https:\/\/qtmm.org\/wp-content\/uploads\/2022\/01\/imag4143-300x171.jpeg 300w\" sizes=\"auto, (max-width: 650px) 100vw, 650px\" \/><\/figure>\n\n\n\n<figure class=\"wp-block-image size-full\"><img loading=\"lazy\" decoding=\"async\" width=\"650\" height=\"349\" src=\"http:\/\/qtmm.org\/wp-content\/uploads\/2022\/01\/imag4144.jpeg\" alt=\"\" class=\"wp-image-39778\" srcset=\"https:\/\/qtmm.org\/wp-content\/uploads\/2022\/01\/imag4144.jpeg 650w, https:\/\/qtmm.org\/wp-content\/uploads\/2022\/01\/imag4144-300x161.jpeg 300w\" sizes=\"auto, (max-width: 650px) 100vw, 650px\" \/><\/figure>\n\n\n\n<figure class=\"wp-block-image size-full\"><img loading=\"lazy\" decoding=\"async\" width=\"650\" height=\"321\" src=\"http:\/\/qtmm.org\/wp-content\/uploads\/2022\/01\/imag4139.jpeg\" alt=\"\" class=\"wp-image-39782\" srcset=\"https:\/\/qtmm.org\/wp-content\/uploads\/2022\/01\/imag4139.jpeg 650w, https:\/\/qtmm.org\/wp-content\/uploads\/2022\/01\/imag4139-300x148.jpeg 300w\" sizes=\"auto, (max-width: 650px) 100vw, 650px\" \/><\/figure>\n","protected":false},"excerpt":{"rendered":"<p>Okt\u00e2br 22 k\u00fcn\u00fc bellisiz \u015fah\u0131slar Aqmescitteki Balaklavskaya soqa\u011f\u0131ndaki muvaqqat ev\u00e7ikni yaqt\u0131lar. Bu aqta Meclis K\u00e2tibiyetini\u00f1 ba\u015f\u0131 Zair Smedl\u00e2yev naraz\u0131l\u0131q tarla sakinlerini\u00f1 bildir\u00fcvlerine esaslanaraq haber etti. Belli ol\u011fan\u0131na k\u00f6nre muvaqqat qurulmalardan birisine benzin t\u00f6k\u00fcp yaqqan ve cinayet yap\u0131l\u011fan yerden qa\u00e7qanlar. Meclis K\u00e2tibiyetini\u00f1 ba\u015f\u0131 Zair Smedl\u00e2yevni\u00f1 tahmin etkenine k\u00f6re &#8220;Olar ba\u015fta camini yaqmaq maqsad\u0131nda ediler&#8221;, amma cami [&hellip;]<\/p>\n","protected":false},"author":1,"featured_media":0,"comment_status":"open","ping_status":"open","sticky":false,"template":"","format":"standard","meta":{"inline_featured_image":false,"footnotes":""},"categories":[265],"tags":[],"class_list":["post-39757","post","type-post","status-publish","format-standard","hentry","category-haberler"],"acf":[],"yoast_head":"<!-- This site is optimized with the Yoast SEO plugin v27.4 - https:\/\/yoast.com\/product\/yoast-seo-wordpress\/ -->\n<title>Q\u0131r\u0131mtatarlar\u011fa qar\u015f\u0131 provokatsiyalar Q\u0131r\u0131mtatar halq\u0131 VI \u00e7a\u011f\u0131r\u0131l\u0131\u015f Qurultay\u0131n\u0131\u00f1 1-nci sesiyas\u0131nda muzakere etilecek - \u041c\u0435\u0434\u0436\u043b\u0456\u0441<\/title>\n<meta name=\"robots\" content=\"index, follow, max-snippet:-1, max-image-preview:large, max-video-preview:-1\" \/>\n<link rel=\"canonical\" href=\"https:\/\/qtmm.org\/qt\/qirimtatarlarga-qarsi-provokatsiyalar-qirimtatar-halqi-vi-cagirilis-qurultayinin-1-nci-sesiyasinda-muzakere-etilecek\/\" \/>\n<meta property=\"og:locale\" content=\"en_US\" \/>\n<meta property=\"og:type\" content=\"article\" \/>\n<meta property=\"og:title\" content=\"Q\u0131r\u0131mtatarlar\u011fa qar\u015f\u0131 provokatsiyalar Q\u0131r\u0131mtatar halq\u0131 VI \u00e7a\u011f\u0131r\u0131l\u0131\u015f Qurultay\u0131n\u0131\u00f1 1-nci sesiyas\u0131nda muzakere etilecek - \u041c\u0435\u0434\u0436\u043b\u0456\u0441\" \/>\n<meta property=\"og:description\" content=\"Okt\u00e2br 22 k\u00fcn\u00fc bellisiz \u015fah\u0131slar Aqmescitteki Balaklavskaya soqa\u011f\u0131ndaki muvaqqat ev\u00e7ikni yaqt\u0131lar. Bu aqta Meclis K\u00e2tibiyetini\u00f1 ba\u015f\u0131 Zair Smedl\u00e2yev naraz\u0131l\u0131q tarla sakinlerini\u00f1 bildir\u00fcvlerine esaslanaraq haber etti. Belli ol\u011fan\u0131na k\u00f6nre muvaqqat qurulmalardan birisine benzin t\u00f6k\u00fcp yaqqan ve cinayet yap\u0131l\u011fan yerden qa\u00e7qanlar. Meclis K\u00e2tibiyetini\u00f1 ba\u015f\u0131 Zair Smedl\u00e2yevni\u00f1 tahmin etkenine k\u00f6re &#8220;Olar ba\u015fta camini yaqmaq maqsad\u0131nda ediler&#8221;, amma cami [&hellip;]\" \/>\n<meta property=\"og:url\" content=\"https:\/\/qtmm.org\/qt\/qirimtatarlarga-qarsi-provokatsiyalar-qirimtatar-halqi-vi-cagirilis-qurultayinin-1-nci-sesiyasinda-muzakere-etilecek\/\" \/>\n<meta property=\"og:site_name\" content=\"\u041c\u0435\u0434\u0436\u043b\u0456\u0441\" \/>\n<meta property=\"article:publisher\" content=\"https:\/\/www.facebook.com\/qtmm.info\/\" \/>\n<meta property=\"article:published_time\" content=\"2013-10-22T21:05:00+00:00\" \/>\n<meta property=\"article:modified_time\" content=\"2022-01-25T21:08:00+00:00\" \/>\n<meta property=\"og:image\" content=\"https:\/\/qtmm.org\/wp-content\/uploads\/2022\/01\/imag4134_1.jpeg\" \/>\n\t<meta property=\"og:image:width\" content=\"650\" \/>\n\t<meta property=\"og:image:height\" content=\"333\" \/>\n\t<meta property=\"og:image:type\" content=\"image\/jpeg\" \/>\n<meta name=\"author\" content=\"Developer\" \/>\n<meta name=\"twitter:card\" content=\"summary_large_image\" \/>\n<meta name=\"twitter:label1\" content=\"Written by\" \/>\n\t<meta name=\"twitter:data1\" content=\"Developer\" \/>\n\t<meta name=\"twitter:label2\" content=\"Est. reading time\" \/>\n\t<meta name=\"twitter:data2\" content=\"1 minute\" \/>\n<script type=\"application\/ld+json\" class=\"yoast-schema-graph\">{\"@context\":\"https:\\\/\\\/schema.org\",\"@graph\":[{\"@type\":\"Article\",\"@id\":\"https:\\\/\\\/qtmm.org\\\/qt\\\/qirimtatarlarga-qarsi-provokatsiyalar-qirimtatar-halqi-vi-cagirilis-qurultayinin-1-nci-sesiyasinda-muzakere-etilecek\\\/#article\",\"isPartOf\":{\"@id\":\"https:\\\/\\\/qtmm.org\\\/qt\\\/qirimtatarlarga-qarsi-provokatsiyalar-qirimtatar-halqi-vi-cagirilis-qurultayinin-1-nci-sesiyasinda-muzakere-etilecek\\\/\"},\"author\":{\"name\":\"Developer\",\"@id\":\"https:\\\/\\\/qtmm.org\\\/qt\\\/#\\\/schema\\\/person\\\/de562469f971dec226ac06e60bbf74a7\"},\"headline\":\"Q\u0131r\u0131mtatarlar\u011fa qar\u015f\u0131 provokatsiyalar Q\u0131r\u0131mtatar halq\u0131 VI \u00e7a\u011f\u0131r\u0131l\u0131\u015f Qurultay\u0131n\u0131\u00f1 1-nci sesiyas\u0131nda muzakere etilecek\",\"datePublished\":\"2013-10-22T21:05:00+00:00\",\"dateModified\":\"2022-01-25T21:08:00+00:00\",\"mainEntityOfPage\":{\"@id\":\"https:\\\/\\\/qtmm.org\\\/qt\\\/qirimtatarlarga-qarsi-provokatsiyalar-qirimtatar-halqi-vi-cagirilis-qurultayinin-1-nci-sesiyasinda-muzakere-etilecek\\\/\"},\"wordCount\":290,\"commentCount\":0,\"publisher\":{\"@id\":\"https:\\\/\\\/qtmm.org\\\/qt\\\/#organization\"},\"image\":{\"@id\":\"https:\\\/\\\/qtmm.org\\\/qt\\\/qirimtatarlarga-qarsi-provokatsiyalar-qirimtatar-halqi-vi-cagirilis-qurultayinin-1-nci-sesiyasinda-muzakere-etilecek\\\/#primaryimage\"},\"thumbnailUrl\":\"http:\\\/\\\/qtmm.org\\\/wp-content\\\/uploads\\\/2022\\\/01\\\/imag4134_1.jpeg\",\"articleSection\":[\"Haberler\"],\"inLanguage\":\"qt\",\"potentialAction\":[{\"@type\":\"CommentAction\",\"name\":\"Comment\",\"target\":[\"https:\\\/\\\/qtmm.org\\\/qt\\\/qirimtatarlarga-qarsi-provokatsiyalar-qirimtatar-halqi-vi-cagirilis-qurultayinin-1-nci-sesiyasinda-muzakere-etilecek\\\/#respond\"]}]},{\"@type\":\"WebPage\",\"@id\":\"https:\\\/\\\/qtmm.org\\\/qt\\\/qirimtatarlarga-qarsi-provokatsiyalar-qirimtatar-halqi-vi-cagirilis-qurultayinin-1-nci-sesiyasinda-muzakere-etilecek\\\/\",\"url\":\"https:\\\/\\\/qtmm.org\\\/qt\\\/qirimtatarlarga-qarsi-provokatsiyalar-qirimtatar-halqi-vi-cagirilis-qurultayinin-1-nci-sesiyasinda-muzakere-etilecek\\\/\",\"name\":\"Q\u0131r\u0131mtatarlar\u011fa qar\u015f\u0131 provokatsiyalar Q\u0131r\u0131mtatar halq\u0131 VI \u00e7a\u011f\u0131r\u0131l\u0131\u015f Qurultay\u0131n\u0131\u00f1 1-nci sesiyas\u0131nda muzakere etilecek - \u041c\u0435\u0434\u0436\u043b\u0456\u0441\",\"isPartOf\":{\"@id\":\"https:\\\/\\\/qtmm.org\\\/qt\\\/#website\"},\"primaryImageOfPage\":{\"@id\":\"https:\\\/\\\/qtmm.org\\\/qt\\\/qirimtatarlarga-qarsi-provokatsiyalar-qirimtatar-halqi-vi-cagirilis-qurultayinin-1-nci-sesiyasinda-muzakere-etilecek\\\/#primaryimage\"},\"image\":{\"@id\":\"https:\\\/\\\/qtmm.org\\\/qt\\\/qirimtatarlarga-qarsi-provokatsiyalar-qirimtatar-halqi-vi-cagirilis-qurultayinin-1-nci-sesiyasinda-muzakere-etilecek\\\/#primaryimage\"},\"thumbnailUrl\":\"http:\\\/\\\/qtmm.org\\\/wp-content\\\/uploads\\\/2022\\\/01\\\/imag4134_1.jpeg\",\"datePublished\":\"2013-10-22T21:05:00+00:00\",\"dateModified\":\"2022-01-25T21:08:00+00:00\",\"breadcrumb\":{\"@id\":\"https:\\\/\\\/qtmm.org\\\/qt\\\/qirimtatarlarga-qarsi-provokatsiyalar-qirimtatar-halqi-vi-cagirilis-qurultayinin-1-nci-sesiyasinda-muzakere-etilecek\\\/#breadcrumb\"},\"inLanguage\":\"qt\",\"potentialAction\":[{\"@type\":\"ReadAction\",\"target\":[\"https:\\\/\\\/qtmm.org\\\/qt\\\/qirimtatarlarga-qarsi-provokatsiyalar-qirimtatar-halqi-vi-cagirilis-qurultayinin-1-nci-sesiyasinda-muzakere-etilecek\\\/\"]}]},{\"@type\":\"ImageObject\",\"inLanguage\":\"qt\",\"@id\":\"https:\\\/\\\/qtmm.org\\\/qt\\\/qirimtatarlarga-qarsi-provokatsiyalar-qirimtatar-halqi-vi-cagirilis-qurultayinin-1-nci-sesiyasinda-muzakere-etilecek\\\/#primaryimage\",\"url\":\"http:\\\/\\\/qtmm.org\\\/wp-content\\\/uploads\\\/2022\\\/01\\\/imag4134_1.jpeg\",\"contentUrl\":\"http:\\\/\\\/qtmm.org\\\/wp-content\\\/uploads\\\/2022\\\/01\\\/imag4134_1.jpeg\"},{\"@type\":\"BreadcrumbList\",\"@id\":\"https:\\\/\\\/qtmm.org\\\/qt\\\/qirimtatarlarga-qarsi-provokatsiyalar-qirimtatar-halqi-vi-cagirilis-qurultayinin-1-nci-sesiyasinda-muzakere-etilecek\\\/#breadcrumb\",\"itemListElement\":[{\"@type\":\"ListItem\",\"position\":1,\"name\":\"\u0413\u043e\u043b\u043e\u0432\u043d\u0430\",\"item\":\"https:\\\/\\\/qtmm.org\\\/qt\\\/\"},{\"@type\":\"ListItem\",\"position\":2,\"name\":\"Q\u0131r\u0131mtatarlar\u011fa qar\u015f\u0131 provokatsiyalar Q\u0131r\u0131mtatar halq\u0131 VI \u00e7a\u011f\u0131r\u0131l\u0131\u015f Qurultay\u0131n\u0131\u00f1 1-nci sesiyas\u0131nda muzakere etilecek\"}]},{\"@type\":\"WebSite\",\"@id\":\"https:\\\/\\\/qtmm.org\\\/qt\\\/#website\",\"url\":\"https:\\\/\\\/qtmm.org\\\/qt\\\/\",\"name\":\"\u041c\u0435\u0434\u0436\u043b\u0456\u0441\",\"description\":\"\",\"publisher\":{\"@id\":\"https:\\\/\\\/qtmm.org\\\/qt\\\/#organization\"},\"potentialAction\":[{\"@type\":\"SearchAction\",\"target\":{\"@type\":\"EntryPoint\",\"urlTemplate\":\"https:\\\/\\\/qtmm.org\\\/qt\\\/?s={search_term_string}\"},\"query-input\":{\"@type\":\"PropertyValueSpecification\",\"valueRequired\":true,\"valueName\":\"search_term_string\"}}],\"inLanguage\":\"qt\"},{\"@type\":\"Organization\",\"@id\":\"https:\\\/\\\/qtmm.org\\\/qt\\\/#organization\",\"name\":\"\u041c\u0435\u0434\u0436\u043b\u0456\u0441\",\"url\":\"https:\\\/\\\/qtmm.org\\\/qt\\\/\",\"logo\":{\"@type\":\"ImageObject\",\"inLanguage\":\"qt\",\"@id\":\"https:\\\/\\\/qtmm.org\\\/qt\\\/#\\\/schema\\\/logo\\\/image\\\/\",\"url\":\"https:\\\/\\\/qtmm.org\\\/wp-content\\\/uploads\\\/2024\\\/12\\\/ua-mejlis-logo-rgb.svg\",\"contentUrl\":\"https:\\\/\\\/qtmm.org\\\/wp-content\\\/uploads\\\/2024\\\/12\\\/ua-mejlis-logo-rgb.svg\",\"caption\":\"\u041c\u0435\u0434\u0436\u043b\u0456\u0441\"},\"image\":{\"@id\":\"https:\\\/\\\/qtmm.org\\\/qt\\\/#\\\/schema\\\/logo\\\/image\\\/\"},\"sameAs\":[\"https:\\\/\\\/www.facebook.com\\\/qtmm.info\\\/\"]},{\"@type\":\"Person\",\"@id\":\"https:\\\/\\\/qtmm.org\\\/qt\\\/#\\\/schema\\\/person\\\/de562469f971dec226ac06e60bbf74a7\",\"name\":\"Developer\",\"image\":{\"@type\":\"ImageObject\",\"inLanguage\":\"qt\",\"@id\":\"https:\\\/\\\/secure.gravatar.com\\\/avatar\\\/392b4cc8fbfeb00b39dfeeab4ee6edded39ffd48e25858637e4765810300227e?s=96&d=mm&r=g\",\"url\":\"https:\\\/\\\/secure.gravatar.com\\\/avatar\\\/392b4cc8fbfeb00b39dfeeab4ee6edded39ffd48e25858637e4765810300227e?s=96&d=mm&r=g\",\"contentUrl\":\"https:\\\/\\\/secure.gravatar.com\\\/avatar\\\/392b4cc8fbfeb00b39dfeeab4ee6edded39ffd48e25858637e4765810300227e?s=96&d=mm&r=g\",\"caption\":\"Developer\"},\"url\":\"https:\\\/\\\/qtmm.org\\\/qt\\\/author\\\/Developer\\\/\"}]}<\/script>\n<!-- \/ Yoast SEO plugin. -->","yoast_head_json":{"title":"Q\u0131r\u0131mtatarlar\u011fa qar\u015f\u0131 provokatsiyalar Q\u0131r\u0131mtatar halq\u0131 VI \u00e7a\u011f\u0131r\u0131l\u0131\u015f Qurultay\u0131n\u0131\u00f1 1-nci sesiyas\u0131nda muzakere etilecek - \u041c\u0435\u0434\u0436\u043b\u0456\u0441","robots":{"index":"index","follow":"follow","max-snippet":"max-snippet:-1","max-image-preview":"max-image-preview:large","max-video-preview":"max-video-preview:-1"},"canonical":"https:\/\/qtmm.org\/qt\/qirimtatarlarga-qarsi-provokatsiyalar-qirimtatar-halqi-vi-cagirilis-qurultayinin-1-nci-sesiyasinda-muzakere-etilecek\/","og_locale":"en_US","og_type":"article","og_title":"Q\u0131r\u0131mtatarlar\u011fa qar\u015f\u0131 provokatsiyalar Q\u0131r\u0131mtatar halq\u0131 VI \u00e7a\u011f\u0131r\u0131l\u0131\u015f Qurultay\u0131n\u0131\u00f1 1-nci sesiyas\u0131nda muzakere etilecek - \u041c\u0435\u0434\u0436\u043b\u0456\u0441","og_description":"Okt\u00e2br 22 k\u00fcn\u00fc bellisiz \u015fah\u0131slar Aqmescitteki Balaklavskaya soqa\u011f\u0131ndaki muvaqqat ev\u00e7ikni yaqt\u0131lar. Bu aqta Meclis K\u00e2tibiyetini\u00f1 ba\u015f\u0131 Zair Smedl\u00e2yev naraz\u0131l\u0131q tarla sakinlerini\u00f1 bildir\u00fcvlerine esaslanaraq haber etti. Belli ol\u011fan\u0131na k\u00f6nre muvaqqat qurulmalardan birisine benzin t\u00f6k\u00fcp yaqqan ve cinayet yap\u0131l\u011fan yerden qa\u00e7qanlar. Meclis K\u00e2tibiyetini\u00f1 ba\u015f\u0131 Zair Smedl\u00e2yevni\u00f1 tahmin etkenine k\u00f6re &#8220;Olar ba\u015fta camini yaqmaq maqsad\u0131nda ediler&#8221;, amma cami [&hellip;]","og_url":"https:\/\/qtmm.org\/qt\/qirimtatarlarga-qarsi-provokatsiyalar-qirimtatar-halqi-vi-cagirilis-qurultayinin-1-nci-sesiyasinda-muzakere-etilecek\/","og_site_name":"\u041c\u0435\u0434\u0436\u043b\u0456\u0441","article_publisher":"https:\/\/www.facebook.com\/qtmm.info\/","article_published_time":"2013-10-22T21:05:00+00:00","article_modified_time":"2022-01-25T21:08:00+00:00","og_image":[{"width":650,"height":333,"url":"https:\/\/qtmm.org\/wp-content\/uploads\/2022\/01\/imag4134_1.jpeg","type":"image\/jpeg"}],"author":"Developer","twitter_card":"summary_large_image","twitter_misc":{"Written by":"Developer","Est. reading time":"1 minute"},"schema":{"@context":"https:\/\/schema.org","@graph":[{"@type":"Article","@id":"https:\/\/qtmm.org\/qt\/qirimtatarlarga-qarsi-provokatsiyalar-qirimtatar-halqi-vi-cagirilis-qurultayinin-1-nci-sesiyasinda-muzakere-etilecek\/#article","isPartOf":{"@id":"https:\/\/qtmm.org\/qt\/qirimtatarlarga-qarsi-provokatsiyalar-qirimtatar-halqi-vi-cagirilis-qurultayinin-1-nci-sesiyasinda-muzakere-etilecek\/"},"author":{"name":"Developer","@id":"https:\/\/qtmm.org\/qt\/#\/schema\/person\/de562469f971dec226ac06e60bbf74a7"},"headline":"Q\u0131r\u0131mtatarlar\u011fa qar\u015f\u0131 provokatsiyalar Q\u0131r\u0131mtatar halq\u0131 VI \u00e7a\u011f\u0131r\u0131l\u0131\u015f Qurultay\u0131n\u0131\u00f1 1-nci sesiyas\u0131nda muzakere etilecek","datePublished":"2013-10-22T21:05:00+00:00","dateModified":"2022-01-25T21:08:00+00:00","mainEntityOfPage":{"@id":"https:\/\/qtmm.org\/qt\/qirimtatarlarga-qarsi-provokatsiyalar-qirimtatar-halqi-vi-cagirilis-qurultayinin-1-nci-sesiyasinda-muzakere-etilecek\/"},"wordCount":290,"commentCount":0,"publisher":{"@id":"https:\/\/qtmm.org\/qt\/#organization"},"image":{"@id":"https:\/\/qtmm.org\/qt\/qirimtatarlarga-qarsi-provokatsiyalar-qirimtatar-halqi-vi-cagirilis-qurultayinin-1-nci-sesiyasinda-muzakere-etilecek\/#primaryimage"},"thumbnailUrl":"http:\/\/qtmm.org\/wp-content\/uploads\/2022\/01\/imag4134_1.jpeg","articleSection":["Haberler"],"inLanguage":"qt","potentialAction":[{"@type":"CommentAction","name":"Comment","target":["https:\/\/qtmm.org\/qt\/qirimtatarlarga-qarsi-provokatsiyalar-qirimtatar-halqi-vi-cagirilis-qurultayinin-1-nci-sesiyasinda-muzakere-etilecek\/#respond"]}]},{"@type":"WebPage","@id":"https:\/\/qtmm.org\/qt\/qirimtatarlarga-qarsi-provokatsiyalar-qirimtatar-halqi-vi-cagirilis-qurultayinin-1-nci-sesiyasinda-muzakere-etilecek\/","url":"https:\/\/qtmm.org\/qt\/qirimtatarlarga-qarsi-provokatsiyalar-qirimtatar-halqi-vi-cagirilis-qurultayinin-1-nci-sesiyasinda-muzakere-etilecek\/","name":"Q\u0131r\u0131mtatarlar\u011fa qar\u015f\u0131 provokatsiyalar Q\u0131r\u0131mtatar halq\u0131 VI \u00e7a\u011f\u0131r\u0131l\u0131\u015f Qurultay\u0131n\u0131\u00f1 1-nci sesiyas\u0131nda muzakere etilecek - \u041c\u0435\u0434\u0436\u043b\u0456\u0441","isPartOf":{"@id":"https:\/\/qtmm.org\/qt\/#website"},"primaryImageOfPage":{"@id":"https:\/\/qtmm.org\/qt\/qirimtatarlarga-qarsi-provokatsiyalar-qirimtatar-halqi-vi-cagirilis-qurultayinin-1-nci-sesiyasinda-muzakere-etilecek\/#primaryimage"},"image":{"@id":"https:\/\/qtmm.org\/qt\/qirimtatarlarga-qarsi-provokatsiyalar-qirimtatar-halqi-vi-cagirilis-qurultayinin-1-nci-sesiyasinda-muzakere-etilecek\/#primaryimage"},"thumbnailUrl":"http:\/\/qtmm.org\/wp-content\/uploads\/2022\/01\/imag4134_1.jpeg","datePublished":"2013-10-22T21:05:00+00:00","dateModified":"2022-01-25T21:08:00+00:00","breadcrumb":{"@id":"https:\/\/qtmm.org\/qt\/qirimtatarlarga-qarsi-provokatsiyalar-qirimtatar-halqi-vi-cagirilis-qurultayinin-1-nci-sesiyasinda-muzakere-etilecek\/#breadcrumb"},"inLanguage":"qt","potentialAction":[{"@type":"ReadAction","target":["https:\/\/qtmm.org\/qt\/qirimtatarlarga-qarsi-provokatsiyalar-qirimtatar-halqi-vi-cagirilis-qurultayinin-1-nci-sesiyasinda-muzakere-etilecek\/"]}]},{"@type":"ImageObject","inLanguage":"qt","@id":"https:\/\/qtmm.org\/qt\/qirimtatarlarga-qarsi-provokatsiyalar-qirimtatar-halqi-vi-cagirilis-qurultayinin-1-nci-sesiyasinda-muzakere-etilecek\/#primaryimage","url":"http:\/\/qtmm.org\/wp-content\/uploads\/2022\/01\/imag4134_1.jpeg","contentUrl":"http:\/\/qtmm.org\/wp-content\/uploads\/2022\/01\/imag4134_1.jpeg"},{"@type":"BreadcrumbList","@id":"https:\/\/qtmm.org\/qt\/qirimtatarlarga-qarsi-provokatsiyalar-qirimtatar-halqi-vi-cagirilis-qurultayinin-1-nci-sesiyasinda-muzakere-etilecek\/#breadcrumb","itemListElement":[{"@type":"ListItem","position":1,"name":"\u0413\u043e\u043b\u043e\u0432\u043d\u0430","item":"https:\/\/qtmm.org\/qt\/"},{"@type":"ListItem","position":2,"name":"Q\u0131r\u0131mtatarlar\u011fa qar\u015f\u0131 provokatsiyalar Q\u0131r\u0131mtatar halq\u0131 VI \u00e7a\u011f\u0131r\u0131l\u0131\u015f Qurultay\u0131n\u0131\u00f1 1-nci sesiyas\u0131nda muzakere etilecek"}]},{"@type":"WebSite","@id":"https:\/\/qtmm.org\/qt\/#website","url":"https:\/\/qtmm.org\/qt\/","name":"\u041c\u0435\u0434\u0436\u043b\u0456\u0441","description":"","publisher":{"@id":"https:\/\/qtmm.org\/qt\/#organization"},"potentialAction":[{"@type":"SearchAction","target":{"@type":"EntryPoint","urlTemplate":"https:\/\/qtmm.org\/qt\/?s={search_term_string}"},"query-input":{"@type":"PropertyValueSpecification","valueRequired":true,"valueName":"search_term_string"}}],"inLanguage":"qt"},{"@type":"Organization","@id":"https:\/\/qtmm.org\/qt\/#organization","name":"\u041c\u0435\u0434\u0436\u043b\u0456\u0441","url":"https:\/\/qtmm.org\/qt\/","logo":{"@type":"ImageObject","inLanguage":"qt","@id":"https:\/\/qtmm.org\/qt\/#\/schema\/logo\/image\/","url":"https:\/\/qtmm.org\/wp-content\/uploads\/2024\/12\/ua-mejlis-logo-rgb.svg","contentUrl":"https:\/\/qtmm.org\/wp-content\/uploads\/2024\/12\/ua-mejlis-logo-rgb.svg","caption":"\u041c\u0435\u0434\u0436\u043b\u0456\u0441"},"image":{"@id":"https:\/\/qtmm.org\/qt\/#\/schema\/logo\/image\/"},"sameAs":["https:\/\/www.facebook.com\/qtmm.info\/"]},{"@type":"Person","@id":"https:\/\/qtmm.org\/qt\/#\/schema\/person\/de562469f971dec226ac06e60bbf74a7","name":"Developer","image":{"@type":"ImageObject","inLanguage":"qt","@id":"https:\/\/secure.gravatar.com\/avatar\/392b4cc8fbfeb00b39dfeeab4ee6edded39ffd48e25858637e4765810300227e?s=96&d=mm&r=g","url":"https:\/\/secure.gravatar.com\/avatar\/392b4cc8fbfeb00b39dfeeab4ee6edded39ffd48e25858637e4765810300227e?s=96&d=mm&r=g","contentUrl":"https:\/\/secure.gravatar.com\/avatar\/392b4cc8fbfeb00b39dfeeab4ee6edded39ffd48e25858637e4765810300227e?s=96&d=mm&r=g","caption":"Developer"},"url":"https:\/\/qtmm.org\/qt\/author\/Developer\/"}]}},"_links":{"self":[{"href":"https:\/\/qtmm.org\/qt\/wp-json\/wp\/v2\/posts\/39757","targetHints":{"allow":["GET"]}}],"collection":[{"href":"https:\/\/qtmm.org\/qt\/wp-json\/wp\/v2\/posts"}],"about":[{"href":"https:\/\/qtmm.org\/qt\/wp-json\/wp\/v2\/types\/post"}],"author":[{"embeddable":true,"href":"https:\/\/qtmm.org\/qt\/wp-json\/wp\/v2\/users\/1"}],"replies":[{"embeddable":true,"href":"https:\/\/qtmm.org\/qt\/wp-json\/wp\/v2\/comments?post=39757"}],"version-history":[{"count":1,"href":"https:\/\/qtmm.org\/qt\/wp-json\/wp\/v2\/posts\/39757\/revisions"}],"predecessor-version":[{"id":39786,"href":"https:\/\/qtmm.org\/qt\/wp-json\/wp\/v2\/posts\/39757\/revisions\/39786"}],"wp:attachment":[{"href":"https:\/\/qtmm.org\/qt\/wp-json\/wp\/v2\/media?parent=39757"}],"wp:term":[{"taxonomy":"category","embeddable":true,"href":"https:\/\/qtmm.org\/qt\/wp-json\/wp\/v2\/categories?post=39757"},{"taxonomy":"post_tag","embeddable":true,"href":"https:\/\/qtmm.org\/qt\/wp-json\/wp\/v2\/tags?post=39757"}],"curies":[{"name":"wp","href":"https:\/\/api.w.org\/{rel}","templated":true}]}}