




{"id":39755,"date":"2013-10-21T00:04:00","date_gmt":"2013-10-20T21:04:00","guid":{"rendered":"http:\/\/qtmm.org\/?p=39755"},"modified":"2022-01-26T00:05:41","modified_gmt":"2022-01-25T21:05:41","slug":"qirimtatar-halqinin-meclis-ve-qirim-fondi-qurban-bayrami-kunu-destek-kostergenlernin-episine-tesekkur-bildirdi","status":"publish","type":"post","link":"https:\/\/qtmm.org\/qt\/qirimtatar-halqinin-meclis-ve-qirim-fondi-qurban-bayrami-kunu-destek-kostergenlernin-episine-tesekkur-bildirdi\/","title":{"rendered":"Q\u0131r\u0131mtatar halq\u0131n\u0131\u00f1 Meclis ve \u00abQ\u0131r\u0131m\u00bb fond\u0131\u00bb Qurban bayram\u0131 k\u00fcn\u00fc destek k\u00f6stergenlerni\u00f1 episine te\u015fekk\u00fcr bildirdi"},"content":{"rendered":"\n<p>Qurbay bayram\u0131 k\u00fcnleri q\u0131r\u0131mtatarlar\u011fa k\u00f6sterilgen hayriye yard\u0131m neticelerine yek\u00fcn \u00e7ekerek Milliy Meclis ve &#8220;Q\u0131r\u0131m&#8221; fond\u0131 yard\u0131mda bulun\u011fan uzaq ve qom\u015fu \u00fclkelerde ya\u015fa\u011fan , c\u00fcmleden T\u00fcrkiyedeki q\u0131r\u0131mtatar dernekleri \u0130stanbul b\u00f6l\u00fcgi, Almaniya t\u00fcrkler federatsiyas\u0131na ve Q\u0131r\u0131m musulmanlar\u0131na b\u00fcy\u00fck bayram k\u00fcnleri qoltutqan ayr\u0131 \u015fah\u0131slar\u011fa te\u015fekk\u00fcrlerini bildirdi.<\/p>\n\n\n\n<p>\u015eun\u0131 qayd etmeli ki, Qurban bayram\u0131 munasebetinen er y\u0131l\u0131 ke\u00e7irilgen hayriye faaliyet \u00e7er\u00e7ivesinde T\u00fcrkiyedeki q\u0131r\u0131mtatar dernekleri \u0130stanbul b\u00f6l\u00fcgi regional ve yerli meclisler vastas\u0131nen 161 qurban, Almaniya t\u00fcrkler federatsiyas\u0131 348, Bel\u00e7ika vatanda\u015f\u0131 ol\u011fan t\u00fcrk arqada\u015f 16 qurban \u00e7al\u0131p, etini ealige tarqatt\u0131lar.<\/p>\n","protected":false},"excerpt":{"rendered":"<p>Qurbay bayram\u0131 k\u00fcnleri q\u0131r\u0131mtatarlar\u011fa k\u00f6sterilgen hayriye yard\u0131m neticelerine yek\u00fcn \u00e7ekerek Milliy Meclis ve &#8220;Q\u0131r\u0131m&#8221; fond\u0131 yard\u0131mda bulun\u011fan uzaq ve qom\u015fu \u00fclkelerde ya\u015fa\u011fan , c\u00fcmleden T\u00fcrkiyedeki q\u0131r\u0131mtatar dernekleri \u0130stanbul b\u00f6l\u00fcgi, Almaniya t\u00fcrkler federatsiyas\u0131na ve Q\u0131r\u0131m musulmanlar\u0131na b\u00fcy\u00fck bayram k\u00fcnleri qoltutqan ayr\u0131 \u015fah\u0131slar\u011fa te\u015fekk\u00fcrlerini bildirdi. \u015eun\u0131 qayd etmeli ki, Qurban bayram\u0131 munasebetinen er y\u0131l\u0131 ke\u00e7irilgen hayriye faaliyet [&hellip;]<\/p>\n","protected":false},"author":1,"featured_media":0,"comment_status":"open","ping_status":"open","sticky":false,"template":"","format":"standard","meta":{"inline_featured_image":false,"footnotes":""},"categories":[265],"tags":[],"class_list":["post-39755","post","type-post","status-publish","format-standard","hentry","category-haberler"],"acf":[],"yoast_head":"<!-- This site is optimized with the Yoast SEO plugin v27.4 - https:\/\/yoast.com\/product\/yoast-seo-wordpress\/ -->\n<title>Q\u0131r\u0131mtatar halq\u0131n\u0131\u00f1 Meclis ve \u00abQ\u0131r\u0131m\u00bb fond\u0131\u00bb Qurban bayram\u0131 k\u00fcn\u00fc destek k\u00f6stergenlerni\u00f1 episine te\u015fekk\u00fcr bildirdi - \u041c\u0435\u0434\u0436\u043b\u0456\u0441<\/title>\n<meta name=\"robots\" content=\"index, follow, max-snippet:-1, max-image-preview:large, max-video-preview:-1\" \/>\n<link rel=\"canonical\" href=\"https:\/\/qtmm.org\/qt\/qirimtatar-halqinin-meclis-ve-qirim-fondi-qurban-bayrami-kunu-destek-kostergenlernin-episine-tesekkur-bildirdi\/\" \/>\n<meta property=\"og:locale\" content=\"en_US\" \/>\n<meta property=\"og:type\" content=\"article\" \/>\n<meta property=\"og:title\" content=\"Q\u0131r\u0131mtatar halq\u0131n\u0131\u00f1 Meclis ve \u00abQ\u0131r\u0131m\u00bb fond\u0131\u00bb Qurban bayram\u0131 k\u00fcn\u00fc destek k\u00f6stergenlerni\u00f1 episine te\u015fekk\u00fcr bildirdi - \u041c\u0435\u0434\u0436\u043b\u0456\u0441\" \/>\n<meta property=\"og:description\" content=\"Qurbay bayram\u0131 k\u00fcnleri q\u0131r\u0131mtatarlar\u011fa k\u00f6sterilgen hayriye yard\u0131m neticelerine yek\u00fcn \u00e7ekerek Milliy Meclis ve &#8220;Q\u0131r\u0131m&#8221; fond\u0131 yard\u0131mda bulun\u011fan uzaq ve qom\u015fu \u00fclkelerde ya\u015fa\u011fan , c\u00fcmleden T\u00fcrkiyedeki q\u0131r\u0131mtatar dernekleri \u0130stanbul b\u00f6l\u00fcgi, Almaniya t\u00fcrkler federatsiyas\u0131na ve Q\u0131r\u0131m musulmanlar\u0131na b\u00fcy\u00fck bayram k\u00fcnleri qoltutqan ayr\u0131 \u015fah\u0131slar\u011fa te\u015fekk\u00fcrlerini bildirdi. \u015eun\u0131 qayd etmeli ki, Qurban bayram\u0131 munasebetinen er y\u0131l\u0131 ke\u00e7irilgen hayriye faaliyet [&hellip;]\" \/>\n<meta property=\"og:url\" content=\"https:\/\/qtmm.org\/qt\/qirimtatar-halqinin-meclis-ve-qirim-fondi-qurban-bayrami-kunu-destek-kostergenlernin-episine-tesekkur-bildirdi\/\" \/>\n<meta property=\"og:site_name\" content=\"\u041c\u0435\u0434\u0436\u043b\u0456\u0441\" \/>\n<meta property=\"article:publisher\" content=\"https:\/\/www.facebook.com\/qtmm.info\/\" \/>\n<meta property=\"article:published_time\" content=\"2013-10-20T21:04:00+00:00\" \/>\n<meta property=\"article:modified_time\" content=\"2022-01-25T21:05:41+00:00\" \/>\n<meta name=\"author\" content=\"Developer\" \/>\n<meta name=\"twitter:card\" content=\"summary_large_image\" \/>\n<meta name=\"twitter:label1\" content=\"Written by\" \/>\n\t<meta name=\"twitter:data1\" content=\"Developer\" \/>\n\t<meta name=\"twitter:label2\" content=\"Est. reading time\" \/>\n\t<meta name=\"twitter:data2\" content=\"1 minute\" \/>\n<script type=\"application\/ld+json\" class=\"yoast-schema-graph\">{\"@context\":\"https:\\\/\\\/schema.org\",\"@graph\":[{\"@type\":\"Article\",\"@id\":\"https:\\\/\\\/qtmm.org\\\/qt\\\/qirimtatar-halqinin-meclis-ve-qirim-fondi-qurban-bayrami-kunu-destek-kostergenlernin-episine-tesekkur-bildirdi\\\/#article\",\"isPartOf\":{\"@id\":\"https:\\\/\\\/qtmm.org\\\/qt\\\/qirimtatar-halqinin-meclis-ve-qirim-fondi-qurban-bayrami-kunu-destek-kostergenlernin-episine-tesekkur-bildirdi\\\/\"},\"author\":{\"name\":\"Developer\",\"@id\":\"https:\\\/\\\/qtmm.org\\\/qt\\\/#\\\/schema\\\/person\\\/de562469f971dec226ac06e60bbf74a7\"},\"headline\":\"Q\u0131r\u0131mtatar halq\u0131n\u0131\u00f1 Meclis ve \u00abQ\u0131r\u0131m\u00bb fond\u0131\u00bb Qurban bayram\u0131 k\u00fcn\u00fc destek k\u00f6stergenlerni\u00f1 episine te\u015fekk\u00fcr bildirdi\",\"datePublished\":\"2013-10-20T21:04:00+00:00\",\"dateModified\":\"2022-01-25T21:05:41+00:00\",\"mainEntityOfPage\":{\"@id\":\"https:\\\/\\\/qtmm.org\\\/qt\\\/qirimtatar-halqinin-meclis-ve-qirim-fondi-qurban-bayrami-kunu-destek-kostergenlernin-episine-tesekkur-bildirdi\\\/\"},\"wordCount\":149,\"commentCount\":0,\"publisher\":{\"@id\":\"https:\\\/\\\/qtmm.org\\\/qt\\\/#organization\"},\"articleSection\":[\"Haberler\"],\"inLanguage\":\"qt\",\"potentialAction\":[{\"@type\":\"CommentAction\",\"name\":\"Comment\",\"target\":[\"https:\\\/\\\/qtmm.org\\\/qt\\\/qirimtatar-halqinin-meclis-ve-qirim-fondi-qurban-bayrami-kunu-destek-kostergenlernin-episine-tesekkur-bildirdi\\\/#respond\"]}]},{\"@type\":\"WebPage\",\"@id\":\"https:\\\/\\\/qtmm.org\\\/qt\\\/qirimtatar-halqinin-meclis-ve-qirim-fondi-qurban-bayrami-kunu-destek-kostergenlernin-episine-tesekkur-bildirdi\\\/\",\"url\":\"https:\\\/\\\/qtmm.org\\\/qt\\\/qirimtatar-halqinin-meclis-ve-qirim-fondi-qurban-bayrami-kunu-destek-kostergenlernin-episine-tesekkur-bildirdi\\\/\",\"name\":\"Q\u0131r\u0131mtatar halq\u0131n\u0131\u00f1 Meclis ve \u00abQ\u0131r\u0131m\u00bb fond\u0131\u00bb Qurban bayram\u0131 k\u00fcn\u00fc destek k\u00f6stergenlerni\u00f1 episine te\u015fekk\u00fcr bildirdi - \u041c\u0435\u0434\u0436\u043b\u0456\u0441\",\"isPartOf\":{\"@id\":\"https:\\\/\\\/qtmm.org\\\/qt\\\/#website\"},\"datePublished\":\"2013-10-20T21:04:00+00:00\",\"dateModified\":\"2022-01-25T21:05:41+00:00\",\"breadcrumb\":{\"@id\":\"https:\\\/\\\/qtmm.org\\\/qt\\\/qirimtatar-halqinin-meclis-ve-qirim-fondi-qurban-bayrami-kunu-destek-kostergenlernin-episine-tesekkur-bildirdi\\\/#breadcrumb\"},\"inLanguage\":\"qt\",\"potentialAction\":[{\"@type\":\"ReadAction\",\"target\":[\"https:\\\/\\\/qtmm.org\\\/qt\\\/qirimtatar-halqinin-meclis-ve-qirim-fondi-qurban-bayrami-kunu-destek-kostergenlernin-episine-tesekkur-bildirdi\\\/\"]}]},{\"@type\":\"BreadcrumbList\",\"@id\":\"https:\\\/\\\/qtmm.org\\\/qt\\\/qirimtatar-halqinin-meclis-ve-qirim-fondi-qurban-bayrami-kunu-destek-kostergenlernin-episine-tesekkur-bildirdi\\\/#breadcrumb\",\"itemListElement\":[{\"@type\":\"ListItem\",\"position\":1,\"name\":\"\u0413\u043e\u043b\u043e\u0432\u043d\u0430\",\"item\":\"https:\\\/\\\/qtmm.org\\\/qt\\\/\"},{\"@type\":\"ListItem\",\"position\":2,\"name\":\"Q\u0131r\u0131mtatar halq\u0131n\u0131\u00f1 Meclis ve \u00abQ\u0131r\u0131m\u00bb fond\u0131\u00bb Qurban bayram\u0131 k\u00fcn\u00fc destek k\u00f6stergenlerni\u00f1 episine te\u015fekk\u00fcr bildirdi\"}]},{\"@type\":\"WebSite\",\"@id\":\"https:\\\/\\\/qtmm.org\\\/qt\\\/#website\",\"url\":\"https:\\\/\\\/qtmm.org\\\/qt\\\/\",\"name\":\"\u041c\u0435\u0434\u0436\u043b\u0456\u0441\",\"description\":\"\",\"publisher\":{\"@id\":\"https:\\\/\\\/qtmm.org\\\/qt\\\/#organization\"},\"potentialAction\":[{\"@type\":\"SearchAction\",\"target\":{\"@type\":\"EntryPoint\",\"urlTemplate\":\"https:\\\/\\\/qtmm.org\\\/qt\\\/?s={search_term_string}\"},\"query-input\":{\"@type\":\"PropertyValueSpecification\",\"valueRequired\":true,\"valueName\":\"search_term_string\"}}],\"inLanguage\":\"qt\"},{\"@type\":\"Organization\",\"@id\":\"https:\\\/\\\/qtmm.org\\\/qt\\\/#organization\",\"name\":\"\u041c\u0435\u0434\u0436\u043b\u0456\u0441\",\"url\":\"https:\\\/\\\/qtmm.org\\\/qt\\\/\",\"logo\":{\"@type\":\"ImageObject\",\"inLanguage\":\"qt\",\"@id\":\"https:\\\/\\\/qtmm.org\\\/qt\\\/#\\\/schema\\\/logo\\\/image\\\/\",\"url\":\"https:\\\/\\\/qtmm.org\\\/wp-content\\\/uploads\\\/2024\\\/12\\\/ua-mejlis-logo-rgb.svg\",\"contentUrl\":\"https:\\\/\\\/qtmm.org\\\/wp-content\\\/uploads\\\/2024\\\/12\\\/ua-mejlis-logo-rgb.svg\",\"caption\":\"\u041c\u0435\u0434\u0436\u043b\u0456\u0441\"},\"image\":{\"@id\":\"https:\\\/\\\/qtmm.org\\\/qt\\\/#\\\/schema\\\/logo\\\/image\\\/\"},\"sameAs\":[\"https:\\\/\\\/www.facebook.com\\\/qtmm.info\\\/\"]},{\"@type\":\"Person\",\"@id\":\"https:\\\/\\\/qtmm.org\\\/qt\\\/#\\\/schema\\\/person\\\/de562469f971dec226ac06e60bbf74a7\",\"name\":\"Developer\",\"image\":{\"@type\":\"ImageObject\",\"inLanguage\":\"qt\",\"@id\":\"https:\\\/\\\/secure.gravatar.com\\\/avatar\\\/392b4cc8fbfeb00b39dfeeab4ee6edded39ffd48e25858637e4765810300227e?s=96&d=mm&r=g\",\"url\":\"https:\\\/\\\/secure.gravatar.com\\\/avatar\\\/392b4cc8fbfeb00b39dfeeab4ee6edded39ffd48e25858637e4765810300227e?s=96&d=mm&r=g\",\"contentUrl\":\"https:\\\/\\\/secure.gravatar.com\\\/avatar\\\/392b4cc8fbfeb00b39dfeeab4ee6edded39ffd48e25858637e4765810300227e?s=96&d=mm&r=g\",\"caption\":\"Developer\"},\"url\":\"https:\\\/\\\/qtmm.org\\\/qt\\\/author\\\/Developer\\\/\"}]}<\/script>\n<!-- \/ Yoast SEO plugin. -->","yoast_head_json":{"title":"Q\u0131r\u0131mtatar halq\u0131n\u0131\u00f1 Meclis ve \u00abQ\u0131r\u0131m\u00bb fond\u0131\u00bb Qurban bayram\u0131 k\u00fcn\u00fc destek k\u00f6stergenlerni\u00f1 episine te\u015fekk\u00fcr bildirdi - \u041c\u0435\u0434\u0436\u043b\u0456\u0441","robots":{"index":"index","follow":"follow","max-snippet":"max-snippet:-1","max-image-preview":"max-image-preview:large","max-video-preview":"max-video-preview:-1"},"canonical":"https:\/\/qtmm.org\/qt\/qirimtatar-halqinin-meclis-ve-qirim-fondi-qurban-bayrami-kunu-destek-kostergenlernin-episine-tesekkur-bildirdi\/","og_locale":"en_US","og_type":"article","og_title":"Q\u0131r\u0131mtatar halq\u0131n\u0131\u00f1 Meclis ve \u00abQ\u0131r\u0131m\u00bb fond\u0131\u00bb Qurban bayram\u0131 k\u00fcn\u00fc destek k\u00f6stergenlerni\u00f1 episine te\u015fekk\u00fcr bildirdi - \u041c\u0435\u0434\u0436\u043b\u0456\u0441","og_description":"Qurbay bayram\u0131 k\u00fcnleri q\u0131r\u0131mtatarlar\u011fa k\u00f6sterilgen hayriye yard\u0131m neticelerine yek\u00fcn \u00e7ekerek Milliy Meclis ve &#8220;Q\u0131r\u0131m&#8221; fond\u0131 yard\u0131mda bulun\u011fan uzaq ve qom\u015fu \u00fclkelerde ya\u015fa\u011fan , c\u00fcmleden T\u00fcrkiyedeki q\u0131r\u0131mtatar dernekleri \u0130stanbul b\u00f6l\u00fcgi, Almaniya t\u00fcrkler federatsiyas\u0131na ve Q\u0131r\u0131m musulmanlar\u0131na b\u00fcy\u00fck bayram k\u00fcnleri qoltutqan ayr\u0131 \u015fah\u0131slar\u011fa te\u015fekk\u00fcrlerini bildirdi. \u015eun\u0131 qayd etmeli ki, Qurban bayram\u0131 munasebetinen er y\u0131l\u0131 ke\u00e7irilgen hayriye faaliyet [&hellip;]","og_url":"https:\/\/qtmm.org\/qt\/qirimtatar-halqinin-meclis-ve-qirim-fondi-qurban-bayrami-kunu-destek-kostergenlernin-episine-tesekkur-bildirdi\/","og_site_name":"\u041c\u0435\u0434\u0436\u043b\u0456\u0441","article_publisher":"https:\/\/www.facebook.com\/qtmm.info\/","article_published_time":"2013-10-20T21:04:00+00:00","article_modified_time":"2022-01-25T21:05:41+00:00","author":"Developer","twitter_card":"summary_large_image","twitter_misc":{"Written by":"Developer","Est. reading time":"1 minute"},"schema":{"@context":"https:\/\/schema.org","@graph":[{"@type":"Article","@id":"https:\/\/qtmm.org\/qt\/qirimtatar-halqinin-meclis-ve-qirim-fondi-qurban-bayrami-kunu-destek-kostergenlernin-episine-tesekkur-bildirdi\/#article","isPartOf":{"@id":"https:\/\/qtmm.org\/qt\/qirimtatar-halqinin-meclis-ve-qirim-fondi-qurban-bayrami-kunu-destek-kostergenlernin-episine-tesekkur-bildirdi\/"},"author":{"name":"Developer","@id":"https:\/\/qtmm.org\/qt\/#\/schema\/person\/de562469f971dec226ac06e60bbf74a7"},"headline":"Q\u0131r\u0131mtatar halq\u0131n\u0131\u00f1 Meclis ve \u00abQ\u0131r\u0131m\u00bb fond\u0131\u00bb Qurban bayram\u0131 k\u00fcn\u00fc destek k\u00f6stergenlerni\u00f1 episine te\u015fekk\u00fcr bildirdi","datePublished":"2013-10-20T21:04:00+00:00","dateModified":"2022-01-25T21:05:41+00:00","mainEntityOfPage":{"@id":"https:\/\/qtmm.org\/qt\/qirimtatar-halqinin-meclis-ve-qirim-fondi-qurban-bayrami-kunu-destek-kostergenlernin-episine-tesekkur-bildirdi\/"},"wordCount":149,"commentCount":0,"publisher":{"@id":"https:\/\/qtmm.org\/qt\/#organization"},"articleSection":["Haberler"],"inLanguage":"qt","potentialAction":[{"@type":"CommentAction","name":"Comment","target":["https:\/\/qtmm.org\/qt\/qirimtatar-halqinin-meclis-ve-qirim-fondi-qurban-bayrami-kunu-destek-kostergenlernin-episine-tesekkur-bildirdi\/#respond"]}]},{"@type":"WebPage","@id":"https:\/\/qtmm.org\/qt\/qirimtatar-halqinin-meclis-ve-qirim-fondi-qurban-bayrami-kunu-destek-kostergenlernin-episine-tesekkur-bildirdi\/","url":"https:\/\/qtmm.org\/qt\/qirimtatar-halqinin-meclis-ve-qirim-fondi-qurban-bayrami-kunu-destek-kostergenlernin-episine-tesekkur-bildirdi\/","name":"Q\u0131r\u0131mtatar halq\u0131n\u0131\u00f1 Meclis ve \u00abQ\u0131r\u0131m\u00bb fond\u0131\u00bb Qurban bayram\u0131 k\u00fcn\u00fc destek k\u00f6stergenlerni\u00f1 episine te\u015fekk\u00fcr bildirdi - \u041c\u0435\u0434\u0436\u043b\u0456\u0441","isPartOf":{"@id":"https:\/\/qtmm.org\/qt\/#website"},"datePublished":"2013-10-20T21:04:00+00:00","dateModified":"2022-01-25T21:05:41+00:00","breadcrumb":{"@id":"https:\/\/qtmm.org\/qt\/qirimtatar-halqinin-meclis-ve-qirim-fondi-qurban-bayrami-kunu-destek-kostergenlernin-episine-tesekkur-bildirdi\/#breadcrumb"},"inLanguage":"qt","potentialAction":[{"@type":"ReadAction","target":["https:\/\/qtmm.org\/qt\/qirimtatar-halqinin-meclis-ve-qirim-fondi-qurban-bayrami-kunu-destek-kostergenlernin-episine-tesekkur-bildirdi\/"]}]},{"@type":"BreadcrumbList","@id":"https:\/\/qtmm.org\/qt\/qirimtatar-halqinin-meclis-ve-qirim-fondi-qurban-bayrami-kunu-destek-kostergenlernin-episine-tesekkur-bildirdi\/#breadcrumb","itemListElement":[{"@type":"ListItem","position":1,"name":"\u0413\u043e\u043b\u043e\u0432\u043d\u0430","item":"https:\/\/qtmm.org\/qt\/"},{"@type":"ListItem","position":2,"name":"Q\u0131r\u0131mtatar halq\u0131n\u0131\u00f1 Meclis ve \u00abQ\u0131r\u0131m\u00bb fond\u0131\u00bb Qurban bayram\u0131 k\u00fcn\u00fc destek k\u00f6stergenlerni\u00f1 episine te\u015fekk\u00fcr bildirdi"}]},{"@type":"WebSite","@id":"https:\/\/qtmm.org\/qt\/#website","url":"https:\/\/qtmm.org\/qt\/","name":"\u041c\u0435\u0434\u0436\u043b\u0456\u0441","description":"","publisher":{"@id":"https:\/\/qtmm.org\/qt\/#organization"},"potentialAction":[{"@type":"SearchAction","target":{"@type":"EntryPoint","urlTemplate":"https:\/\/qtmm.org\/qt\/?s={search_term_string}"},"query-input":{"@type":"PropertyValueSpecification","valueRequired":true,"valueName":"search_term_string"}}],"inLanguage":"qt"},{"@type":"Organization","@id":"https:\/\/qtmm.org\/qt\/#organization","name":"\u041c\u0435\u0434\u0436\u043b\u0456\u0441","url":"https:\/\/qtmm.org\/qt\/","logo":{"@type":"ImageObject","inLanguage":"qt","@id":"https:\/\/qtmm.org\/qt\/#\/schema\/logo\/image\/","url":"https:\/\/qtmm.org\/wp-content\/uploads\/2024\/12\/ua-mejlis-logo-rgb.svg","contentUrl":"https:\/\/qtmm.org\/wp-content\/uploads\/2024\/12\/ua-mejlis-logo-rgb.svg","caption":"\u041c\u0435\u0434\u0436\u043b\u0456\u0441"},"image":{"@id":"https:\/\/qtmm.org\/qt\/#\/schema\/logo\/image\/"},"sameAs":["https:\/\/www.facebook.com\/qtmm.info\/"]},{"@type":"Person","@id":"https:\/\/qtmm.org\/qt\/#\/schema\/person\/de562469f971dec226ac06e60bbf74a7","name":"Developer","image":{"@type":"ImageObject","inLanguage":"qt","@id":"https:\/\/secure.gravatar.com\/avatar\/392b4cc8fbfeb00b39dfeeab4ee6edded39ffd48e25858637e4765810300227e?s=96&d=mm&r=g","url":"https:\/\/secure.gravatar.com\/avatar\/392b4cc8fbfeb00b39dfeeab4ee6edded39ffd48e25858637e4765810300227e?s=96&d=mm&r=g","contentUrl":"https:\/\/secure.gravatar.com\/avatar\/392b4cc8fbfeb00b39dfeeab4ee6edded39ffd48e25858637e4765810300227e?s=96&d=mm&r=g","caption":"Developer"},"url":"https:\/\/qtmm.org\/qt\/author\/Developer\/"}]}},"_links":{"self":[{"href":"https:\/\/qtmm.org\/qt\/wp-json\/wp\/v2\/posts\/39755","targetHints":{"allow":["GET"]}}],"collection":[{"href":"https:\/\/qtmm.org\/qt\/wp-json\/wp\/v2\/posts"}],"about":[{"href":"https:\/\/qtmm.org\/qt\/wp-json\/wp\/v2\/types\/post"}],"author":[{"embeddable":true,"href":"https:\/\/qtmm.org\/qt\/wp-json\/wp\/v2\/users\/1"}],"replies":[{"embeddable":true,"href":"https:\/\/qtmm.org\/qt\/wp-json\/wp\/v2\/comments?post=39755"}],"version-history":[{"count":1,"href":"https:\/\/qtmm.org\/qt\/wp-json\/wp\/v2\/posts\/39755\/revisions"}],"predecessor-version":[{"id":39756,"href":"https:\/\/qtmm.org\/qt\/wp-json\/wp\/v2\/posts\/39755\/revisions\/39756"}],"wp:attachment":[{"href":"https:\/\/qtmm.org\/qt\/wp-json\/wp\/v2\/media?parent=39755"}],"wp:term":[{"taxonomy":"category","embeddable":true,"href":"https:\/\/qtmm.org\/qt\/wp-json\/wp\/v2\/categories?post=39755"},{"taxonomy":"post_tag","embeddable":true,"href":"https:\/\/qtmm.org\/qt\/wp-json\/wp\/v2\/tags?post=39755"}],"curies":[{"name":"wp","href":"https:\/\/api.w.org\/{rel}","templated":true}]}}