




{"id":39751,"date":"2013-10-21T00:03:00","date_gmt":"2013-10-20T21:03:00","guid":{"rendered":"http:\/\/qtmm.org\/?p=39751"},"modified":"2022-01-26T00:03:47","modified_gmt":"2022-01-25T21:03:47","slug":"meclis-reisi-mustafa-cemilev-is-ziyaretinen-litvaniyaga-yol-aldi","status":"publish","type":"post","link":"https:\/\/qtmm.org\/qt\/meclis-reisi-mustafa-cemilev-is-ziyaretinen-litvaniyaga-yol-aldi\/","title":{"rendered":"Meclis reisi Mustafa Cemilev i\u015f ziyaretinen Litvaniya\u011fa yol ald\u0131"},"content":{"rendered":"\n<p>Meclis reisi, Ukraina halq deputat\u0131 Mustafa Cemilev okt\u00e2br 21-23 k\u00fcnleri Litvaniyan\u0131\u00f1 Viln\u00fcs \u015feerinde i\u015f ziyaretinen bulunmaqta.<\/p>\n\n\n\n<p>\u00dc\u00e7 k\u00fcnl\u00fck i\u015f ziyareti \u00e7er\u00e7ivesinde Litvaniya ba\u015f naziri Algirdas Butk\u00e2vi\u00e7\u00fcs, T\u0131\u015f i\u015fleri naziri Linas Link\u00e2vi\u00e7\u00fcs, Litvaniya cumhuriyeti seymini\u00f1 azalar\u0131, bun\u0131\u00f1 kibi de Litvaniyan\u0131\u00f1 sab\u0131q reisi, Avropa parlamentini\u00f1 deputat\u0131 Vitautas Landsbergis, T\u00fcrkiyeni\u00f1 Litvaniyadaki El\u00e7isi Akin Algan, Ukrainan\u0131\u00f1 Litvaniyadaki El\u00e7isi Valeriy Jovtenko ve litvaniyal\u0131 disssidentler, sab\u0131q siyasiy mahb\u00fcslernen k\u00f6r\u00fc\u015f\u00fcvler planla\u015ft\u0131r\u0131la.<\/p>\n\n\n\n<p>Ziyaret devam\u0131nda Mustafa Cemilev Avropa Birligini\u00f1 Keni\u015flet\u00fcv ve Avropan\u0131\u00f1 eyiqom\u015fuc\u0131l\u0131q siyaseti meseleleri boyunca komissar \u015etefan F\u00fcleni\u00f1 q\u0131r\u0131mtatar problemi \u00e7ezilmesine dair te\u015febb\u00fcsi aqq\u0131nda mal\u00fcmat berecek.<\/p>\n\n\n\n<p>Bun\u0131\u00f1 kibi de Viln\u00fcste Meclis reisi M. Cemilev ELTA-ELTA &#8220;Lietuvos naujien\u0173 agent\u016bra&#8221; haberler agentligini\u00f1 matbuat merkezinde matbuat konferentsiyas\u0131 bermesi k\u00f6zde tutula.<\/p>\n\n\n\n<p>Meclis reisinen beraber Litvaniyada Meclis t\u0131\u015fq\u0131 al\u00e2qalar b\u00f6l\u00fcgini\u00f1 ba\u015f\u0131 Ali Hamzin, Meclisni\u00f1 Litvaniyadaki temsilcisi, Litvaniya tatarlar cemiyetini\u00f1 ba\u015fqan\u0131 Adas Yakubauskas ve Ukraina halq deputat\u0131 Mustafa Cemilevni\u00f1 iqtisadiy meseleler boyunca yard\u0131mc\u0131s\u0131 Rustem \u00dcmerov bulunmaqtalar.<\/p>\n","protected":false},"excerpt":{"rendered":"<p>Meclis reisi, Ukraina halq deputat\u0131 Mustafa Cemilev okt\u00e2br 21-23 k\u00fcnleri Litvaniyan\u0131\u00f1 Viln\u00fcs \u015feerinde i\u015f ziyaretinen bulunmaqta. \u00dc\u00e7 k\u00fcnl\u00fck i\u015f ziyareti \u00e7er\u00e7ivesinde Litvaniya ba\u015f naziri Algirdas Butk\u00e2vi\u00e7\u00fcs, T\u0131\u015f i\u015fleri naziri Linas Link\u00e2vi\u00e7\u00fcs, Litvaniya cumhuriyeti seymini\u00f1 azalar\u0131, bun\u0131\u00f1 kibi de Litvaniyan\u0131\u00f1 sab\u0131q reisi, Avropa parlamentini\u00f1 deputat\u0131 Vitautas Landsbergis, T\u00fcrkiyeni\u00f1 Litvaniyadaki El\u00e7isi Akin Algan, Ukrainan\u0131\u00f1 Litvaniyadaki El\u00e7isi Valeriy [&hellip;]<\/p>\n","protected":false},"author":1,"featured_media":0,"comment_status":"open","ping_status":"open","sticky":false,"template":"","format":"standard","meta":{"inline_featured_image":false,"footnotes":""},"categories":[265],"tags":[],"class_list":["post-39751","post","type-post","status-publish","format-standard","hentry","category-haberler"],"acf":[],"yoast_head":"<!-- This site is optimized with the Yoast SEO plugin v27.4 - https:\/\/yoast.com\/product\/yoast-seo-wordpress\/ -->\n<title>Meclis reisi Mustafa Cemilev i\u015f ziyaretinen Litvaniya\u011fa yol ald\u0131 - \u041c\u0435\u0434\u0436\u043b\u0456\u0441<\/title>\n<meta name=\"robots\" content=\"index, follow, max-snippet:-1, max-image-preview:large, max-video-preview:-1\" \/>\n<link rel=\"canonical\" href=\"https:\/\/qtmm.org\/qt\/meclis-reisi-mustafa-cemilev-is-ziyaretinen-litvaniyaga-yol-aldi\/\" \/>\n<meta property=\"og:locale\" content=\"en_US\" \/>\n<meta property=\"og:type\" content=\"article\" \/>\n<meta property=\"og:title\" content=\"Meclis reisi Mustafa Cemilev i\u015f ziyaretinen Litvaniya\u011fa yol ald\u0131 - \u041c\u0435\u0434\u0436\u043b\u0456\u0441\" \/>\n<meta property=\"og:description\" content=\"Meclis reisi, Ukraina halq deputat\u0131 Mustafa Cemilev okt\u00e2br 21-23 k\u00fcnleri Litvaniyan\u0131\u00f1 Viln\u00fcs \u015feerinde i\u015f ziyaretinen bulunmaqta. \u00dc\u00e7 k\u00fcnl\u00fck i\u015f ziyareti \u00e7er\u00e7ivesinde Litvaniya ba\u015f naziri Algirdas Butk\u00e2vi\u00e7\u00fcs, T\u0131\u015f i\u015fleri naziri Linas Link\u00e2vi\u00e7\u00fcs, Litvaniya cumhuriyeti seymini\u00f1 azalar\u0131, bun\u0131\u00f1 kibi de Litvaniyan\u0131\u00f1 sab\u0131q reisi, Avropa parlamentini\u00f1 deputat\u0131 Vitautas Landsbergis, T\u00fcrkiyeni\u00f1 Litvaniyadaki El\u00e7isi Akin Algan, Ukrainan\u0131\u00f1 Litvaniyadaki El\u00e7isi Valeriy [&hellip;]\" \/>\n<meta property=\"og:url\" content=\"https:\/\/qtmm.org\/qt\/meclis-reisi-mustafa-cemilev-is-ziyaretinen-litvaniyaga-yol-aldi\/\" \/>\n<meta property=\"og:site_name\" content=\"\u041c\u0435\u0434\u0436\u043b\u0456\u0441\" \/>\n<meta property=\"article:publisher\" content=\"https:\/\/www.facebook.com\/qtmm.info\/\" \/>\n<meta property=\"article:published_time\" content=\"2013-10-20T21:03:00+00:00\" \/>\n<meta property=\"article:modified_time\" content=\"2022-01-25T21:03:47+00:00\" \/>\n<meta name=\"author\" content=\"Developer\" \/>\n<meta name=\"twitter:card\" content=\"summary_large_image\" \/>\n<meta name=\"twitter:label1\" content=\"Written by\" \/>\n\t<meta name=\"twitter:data1\" content=\"Developer\" \/>\n\t<meta name=\"twitter:label2\" content=\"Est. reading time\" \/>\n\t<meta name=\"twitter:data2\" content=\"1 minute\" \/>\n<script type=\"application\/ld+json\" class=\"yoast-schema-graph\">{\"@context\":\"https:\\\/\\\/schema.org\",\"@graph\":[{\"@type\":\"Article\",\"@id\":\"https:\\\/\\\/qtmm.org\\\/qt\\\/meclis-reisi-mustafa-cemilev-is-ziyaretinen-litvaniyaga-yol-aldi\\\/#article\",\"isPartOf\":{\"@id\":\"https:\\\/\\\/qtmm.org\\\/qt\\\/meclis-reisi-mustafa-cemilev-is-ziyaretinen-litvaniyaga-yol-aldi\\\/\"},\"author\":{\"name\":\"Developer\",\"@id\":\"https:\\\/\\\/qtmm.org\\\/qt\\\/#\\\/schema\\\/person\\\/de562469f971dec226ac06e60bbf74a7\"},\"headline\":\"Meclis reisi Mustafa Cemilev i\u015f ziyaretinen Litvaniya\u011fa yol ald\u0131\",\"datePublished\":\"2013-10-20T21:03:00+00:00\",\"dateModified\":\"2022-01-25T21:03:47+00:00\",\"mainEntityOfPage\":{\"@id\":\"https:\\\/\\\/qtmm.org\\\/qt\\\/meclis-reisi-mustafa-cemilev-is-ziyaretinen-litvaniyaga-yol-aldi\\\/\"},\"wordCount\":196,\"commentCount\":0,\"publisher\":{\"@id\":\"https:\\\/\\\/qtmm.org\\\/qt\\\/#organization\"},\"articleSection\":[\"Haberler\"],\"inLanguage\":\"qt\",\"potentialAction\":[{\"@type\":\"CommentAction\",\"name\":\"Comment\",\"target\":[\"https:\\\/\\\/qtmm.org\\\/qt\\\/meclis-reisi-mustafa-cemilev-is-ziyaretinen-litvaniyaga-yol-aldi\\\/#respond\"]}]},{\"@type\":\"WebPage\",\"@id\":\"https:\\\/\\\/qtmm.org\\\/qt\\\/meclis-reisi-mustafa-cemilev-is-ziyaretinen-litvaniyaga-yol-aldi\\\/\",\"url\":\"https:\\\/\\\/qtmm.org\\\/qt\\\/meclis-reisi-mustafa-cemilev-is-ziyaretinen-litvaniyaga-yol-aldi\\\/\",\"name\":\"Meclis reisi Mustafa Cemilev i\u015f ziyaretinen Litvaniya\u011fa yol ald\u0131 - \u041c\u0435\u0434\u0436\u043b\u0456\u0441\",\"isPartOf\":{\"@id\":\"https:\\\/\\\/qtmm.org\\\/qt\\\/#website\"},\"datePublished\":\"2013-10-20T21:03:00+00:00\",\"dateModified\":\"2022-01-25T21:03:47+00:00\",\"breadcrumb\":{\"@id\":\"https:\\\/\\\/qtmm.org\\\/qt\\\/meclis-reisi-mustafa-cemilev-is-ziyaretinen-litvaniyaga-yol-aldi\\\/#breadcrumb\"},\"inLanguage\":\"qt\",\"potentialAction\":[{\"@type\":\"ReadAction\",\"target\":[\"https:\\\/\\\/qtmm.org\\\/qt\\\/meclis-reisi-mustafa-cemilev-is-ziyaretinen-litvaniyaga-yol-aldi\\\/\"]}]},{\"@type\":\"BreadcrumbList\",\"@id\":\"https:\\\/\\\/qtmm.org\\\/qt\\\/meclis-reisi-mustafa-cemilev-is-ziyaretinen-litvaniyaga-yol-aldi\\\/#breadcrumb\",\"itemListElement\":[{\"@type\":\"ListItem\",\"position\":1,\"name\":\"\u0413\u043e\u043b\u043e\u0432\u043d\u0430\",\"item\":\"https:\\\/\\\/qtmm.org\\\/qt\\\/\"},{\"@type\":\"ListItem\",\"position\":2,\"name\":\"Meclis reisi Mustafa Cemilev i\u015f ziyaretinen Litvaniya\u011fa yol ald\u0131\"}]},{\"@type\":\"WebSite\",\"@id\":\"https:\\\/\\\/qtmm.org\\\/qt\\\/#website\",\"url\":\"https:\\\/\\\/qtmm.org\\\/qt\\\/\",\"name\":\"\u041c\u0435\u0434\u0436\u043b\u0456\u0441\",\"description\":\"\",\"publisher\":{\"@id\":\"https:\\\/\\\/qtmm.org\\\/qt\\\/#organization\"},\"potentialAction\":[{\"@type\":\"SearchAction\",\"target\":{\"@type\":\"EntryPoint\",\"urlTemplate\":\"https:\\\/\\\/qtmm.org\\\/qt\\\/?s={search_term_string}\"},\"query-input\":{\"@type\":\"PropertyValueSpecification\",\"valueRequired\":true,\"valueName\":\"search_term_string\"}}],\"inLanguage\":\"qt\"},{\"@type\":\"Organization\",\"@id\":\"https:\\\/\\\/qtmm.org\\\/qt\\\/#organization\",\"name\":\"\u041c\u0435\u0434\u0436\u043b\u0456\u0441\",\"url\":\"https:\\\/\\\/qtmm.org\\\/qt\\\/\",\"logo\":{\"@type\":\"ImageObject\",\"inLanguage\":\"qt\",\"@id\":\"https:\\\/\\\/qtmm.org\\\/qt\\\/#\\\/schema\\\/logo\\\/image\\\/\",\"url\":\"https:\\\/\\\/qtmm.org\\\/wp-content\\\/uploads\\\/2024\\\/12\\\/ua-mejlis-logo-rgb.svg\",\"contentUrl\":\"https:\\\/\\\/qtmm.org\\\/wp-content\\\/uploads\\\/2024\\\/12\\\/ua-mejlis-logo-rgb.svg\",\"caption\":\"\u041c\u0435\u0434\u0436\u043b\u0456\u0441\"},\"image\":{\"@id\":\"https:\\\/\\\/qtmm.org\\\/qt\\\/#\\\/schema\\\/logo\\\/image\\\/\"},\"sameAs\":[\"https:\\\/\\\/www.facebook.com\\\/qtmm.info\\\/\"]},{\"@type\":\"Person\",\"@id\":\"https:\\\/\\\/qtmm.org\\\/qt\\\/#\\\/schema\\\/person\\\/de562469f971dec226ac06e60bbf74a7\",\"name\":\"Developer\",\"image\":{\"@type\":\"ImageObject\",\"inLanguage\":\"qt\",\"@id\":\"https:\\\/\\\/secure.gravatar.com\\\/avatar\\\/392b4cc8fbfeb00b39dfeeab4ee6edded39ffd48e25858637e4765810300227e?s=96&d=mm&r=g\",\"url\":\"https:\\\/\\\/secure.gravatar.com\\\/avatar\\\/392b4cc8fbfeb00b39dfeeab4ee6edded39ffd48e25858637e4765810300227e?s=96&d=mm&r=g\",\"contentUrl\":\"https:\\\/\\\/secure.gravatar.com\\\/avatar\\\/392b4cc8fbfeb00b39dfeeab4ee6edded39ffd48e25858637e4765810300227e?s=96&d=mm&r=g\",\"caption\":\"Developer\"},\"url\":\"https:\\\/\\\/qtmm.org\\\/qt\\\/author\\\/Developer\\\/\"}]}<\/script>\n<!-- \/ Yoast SEO plugin. -->","yoast_head_json":{"title":"Meclis reisi Mustafa Cemilev i\u015f ziyaretinen Litvaniya\u011fa yol ald\u0131 - \u041c\u0435\u0434\u0436\u043b\u0456\u0441","robots":{"index":"index","follow":"follow","max-snippet":"max-snippet:-1","max-image-preview":"max-image-preview:large","max-video-preview":"max-video-preview:-1"},"canonical":"https:\/\/qtmm.org\/qt\/meclis-reisi-mustafa-cemilev-is-ziyaretinen-litvaniyaga-yol-aldi\/","og_locale":"en_US","og_type":"article","og_title":"Meclis reisi Mustafa Cemilev i\u015f ziyaretinen Litvaniya\u011fa yol ald\u0131 - \u041c\u0435\u0434\u0436\u043b\u0456\u0441","og_description":"Meclis reisi, Ukraina halq deputat\u0131 Mustafa Cemilev okt\u00e2br 21-23 k\u00fcnleri Litvaniyan\u0131\u00f1 Viln\u00fcs \u015feerinde i\u015f ziyaretinen bulunmaqta. \u00dc\u00e7 k\u00fcnl\u00fck i\u015f ziyareti \u00e7er\u00e7ivesinde Litvaniya ba\u015f naziri Algirdas Butk\u00e2vi\u00e7\u00fcs, T\u0131\u015f i\u015fleri naziri Linas Link\u00e2vi\u00e7\u00fcs, Litvaniya cumhuriyeti seymini\u00f1 azalar\u0131, bun\u0131\u00f1 kibi de Litvaniyan\u0131\u00f1 sab\u0131q reisi, Avropa parlamentini\u00f1 deputat\u0131 Vitautas Landsbergis, T\u00fcrkiyeni\u00f1 Litvaniyadaki El\u00e7isi Akin Algan, Ukrainan\u0131\u00f1 Litvaniyadaki El\u00e7isi Valeriy [&hellip;]","og_url":"https:\/\/qtmm.org\/qt\/meclis-reisi-mustafa-cemilev-is-ziyaretinen-litvaniyaga-yol-aldi\/","og_site_name":"\u041c\u0435\u0434\u0436\u043b\u0456\u0441","article_publisher":"https:\/\/www.facebook.com\/qtmm.info\/","article_published_time":"2013-10-20T21:03:00+00:00","article_modified_time":"2022-01-25T21:03:47+00:00","author":"Developer","twitter_card":"summary_large_image","twitter_misc":{"Written by":"Developer","Est. reading time":"1 minute"},"schema":{"@context":"https:\/\/schema.org","@graph":[{"@type":"Article","@id":"https:\/\/qtmm.org\/qt\/meclis-reisi-mustafa-cemilev-is-ziyaretinen-litvaniyaga-yol-aldi\/#article","isPartOf":{"@id":"https:\/\/qtmm.org\/qt\/meclis-reisi-mustafa-cemilev-is-ziyaretinen-litvaniyaga-yol-aldi\/"},"author":{"name":"Developer","@id":"https:\/\/qtmm.org\/qt\/#\/schema\/person\/de562469f971dec226ac06e60bbf74a7"},"headline":"Meclis reisi Mustafa Cemilev i\u015f ziyaretinen Litvaniya\u011fa yol ald\u0131","datePublished":"2013-10-20T21:03:00+00:00","dateModified":"2022-01-25T21:03:47+00:00","mainEntityOfPage":{"@id":"https:\/\/qtmm.org\/qt\/meclis-reisi-mustafa-cemilev-is-ziyaretinen-litvaniyaga-yol-aldi\/"},"wordCount":196,"commentCount":0,"publisher":{"@id":"https:\/\/qtmm.org\/qt\/#organization"},"articleSection":["Haberler"],"inLanguage":"qt","potentialAction":[{"@type":"CommentAction","name":"Comment","target":["https:\/\/qtmm.org\/qt\/meclis-reisi-mustafa-cemilev-is-ziyaretinen-litvaniyaga-yol-aldi\/#respond"]}]},{"@type":"WebPage","@id":"https:\/\/qtmm.org\/qt\/meclis-reisi-mustafa-cemilev-is-ziyaretinen-litvaniyaga-yol-aldi\/","url":"https:\/\/qtmm.org\/qt\/meclis-reisi-mustafa-cemilev-is-ziyaretinen-litvaniyaga-yol-aldi\/","name":"Meclis reisi Mustafa Cemilev i\u015f ziyaretinen Litvaniya\u011fa yol ald\u0131 - \u041c\u0435\u0434\u0436\u043b\u0456\u0441","isPartOf":{"@id":"https:\/\/qtmm.org\/qt\/#website"},"datePublished":"2013-10-20T21:03:00+00:00","dateModified":"2022-01-25T21:03:47+00:00","breadcrumb":{"@id":"https:\/\/qtmm.org\/qt\/meclis-reisi-mustafa-cemilev-is-ziyaretinen-litvaniyaga-yol-aldi\/#breadcrumb"},"inLanguage":"qt","potentialAction":[{"@type":"ReadAction","target":["https:\/\/qtmm.org\/qt\/meclis-reisi-mustafa-cemilev-is-ziyaretinen-litvaniyaga-yol-aldi\/"]}]},{"@type":"BreadcrumbList","@id":"https:\/\/qtmm.org\/qt\/meclis-reisi-mustafa-cemilev-is-ziyaretinen-litvaniyaga-yol-aldi\/#breadcrumb","itemListElement":[{"@type":"ListItem","position":1,"name":"\u0413\u043e\u043b\u043e\u0432\u043d\u0430","item":"https:\/\/qtmm.org\/qt\/"},{"@type":"ListItem","position":2,"name":"Meclis reisi Mustafa Cemilev i\u015f ziyaretinen Litvaniya\u011fa yol ald\u0131"}]},{"@type":"WebSite","@id":"https:\/\/qtmm.org\/qt\/#website","url":"https:\/\/qtmm.org\/qt\/","name":"\u041c\u0435\u0434\u0436\u043b\u0456\u0441","description":"","publisher":{"@id":"https:\/\/qtmm.org\/qt\/#organization"},"potentialAction":[{"@type":"SearchAction","target":{"@type":"EntryPoint","urlTemplate":"https:\/\/qtmm.org\/qt\/?s={search_term_string}"},"query-input":{"@type":"PropertyValueSpecification","valueRequired":true,"valueName":"search_term_string"}}],"inLanguage":"qt"},{"@type":"Organization","@id":"https:\/\/qtmm.org\/qt\/#organization","name":"\u041c\u0435\u0434\u0436\u043b\u0456\u0441","url":"https:\/\/qtmm.org\/qt\/","logo":{"@type":"ImageObject","inLanguage":"qt","@id":"https:\/\/qtmm.org\/qt\/#\/schema\/logo\/image\/","url":"https:\/\/qtmm.org\/wp-content\/uploads\/2024\/12\/ua-mejlis-logo-rgb.svg","contentUrl":"https:\/\/qtmm.org\/wp-content\/uploads\/2024\/12\/ua-mejlis-logo-rgb.svg","caption":"\u041c\u0435\u0434\u0436\u043b\u0456\u0441"},"image":{"@id":"https:\/\/qtmm.org\/qt\/#\/schema\/logo\/image\/"},"sameAs":["https:\/\/www.facebook.com\/qtmm.info\/"]},{"@type":"Person","@id":"https:\/\/qtmm.org\/qt\/#\/schema\/person\/de562469f971dec226ac06e60bbf74a7","name":"Developer","image":{"@type":"ImageObject","inLanguage":"qt","@id":"https:\/\/secure.gravatar.com\/avatar\/392b4cc8fbfeb00b39dfeeab4ee6edded39ffd48e25858637e4765810300227e?s=96&d=mm&r=g","url":"https:\/\/secure.gravatar.com\/avatar\/392b4cc8fbfeb00b39dfeeab4ee6edded39ffd48e25858637e4765810300227e?s=96&d=mm&r=g","contentUrl":"https:\/\/secure.gravatar.com\/avatar\/392b4cc8fbfeb00b39dfeeab4ee6edded39ffd48e25858637e4765810300227e?s=96&d=mm&r=g","caption":"Developer"},"url":"https:\/\/qtmm.org\/qt\/author\/Developer\/"}]}},"_links":{"self":[{"href":"https:\/\/qtmm.org\/qt\/wp-json\/wp\/v2\/posts\/39751","targetHints":{"allow":["GET"]}}],"collection":[{"href":"https:\/\/qtmm.org\/qt\/wp-json\/wp\/v2\/posts"}],"about":[{"href":"https:\/\/qtmm.org\/qt\/wp-json\/wp\/v2\/types\/post"}],"author":[{"embeddable":true,"href":"https:\/\/qtmm.org\/qt\/wp-json\/wp\/v2\/users\/1"}],"replies":[{"embeddable":true,"href":"https:\/\/qtmm.org\/qt\/wp-json\/wp\/v2\/comments?post=39751"}],"version-history":[{"count":1,"href":"https:\/\/qtmm.org\/qt\/wp-json\/wp\/v2\/posts\/39751\/revisions"}],"predecessor-version":[{"id":39752,"href":"https:\/\/qtmm.org\/qt\/wp-json\/wp\/v2\/posts\/39751\/revisions\/39752"}],"wp:attachment":[{"href":"https:\/\/qtmm.org\/qt\/wp-json\/wp\/v2\/media?parent=39751"}],"wp:term":[{"taxonomy":"category","embeddable":true,"href":"https:\/\/qtmm.org\/qt\/wp-json\/wp\/v2\/categories?post=39751"},{"taxonomy":"post_tag","embeddable":true,"href":"https:\/\/qtmm.org\/qt\/wp-json\/wp\/v2\/tags?post=39751"}],"curies":[{"name":"wp","href":"https:\/\/api.w.org\/{rel}","templated":true}]}}