




{"id":39713,"date":"2013-10-16T23:59:00","date_gmt":"2013-10-16T20:59:00","guid":{"rendered":"http:\/\/qtmm.org\/?p=39713"},"modified":"2022-01-26T00:02:57","modified_gmt":"2022-01-25T21:02:57","slug":"qurban-bayraminin-ekinci-kunu-qarasubazarda-qurulacaq-cami-temeline-kapsula-qoyuldi","status":"publish","type":"post","link":"https:\/\/qtmm.org\/qt\/qurban-bayraminin-ekinci-kunu-qarasubazarda-qurulacaq-cami-temeline-kapsula-qoyuldi\/","title":{"rendered":"Qurban Bayram\u0131n\u0131\u00f1 ekinci k\u00fcn\u00fc Qarasubazarda qurulacaq cami temeline kapsula qoyuld\u0131"},"content":{"rendered":"\n<p>Qarasubazarda ya\u00f1\u0131 qurulacaq cami temeline okt\u00e2br 16-da Qurban Bayram\u0131 k\u00fcnlerinde kapsula qoyuld\u0131.<\/p>\n\n\n\n<figure class=\"wp-block-image size-full\"><img loading=\"lazy\" decoding=\"async\" width=\"650\" height=\"401\" src=\"http:\/\/qtmm.org\/wp-content\/uploads\/2022\/01\/1_130.jpeg\" alt=\"\" class=\"wp-image-39714\" srcset=\"https:\/\/qtmm.org\/wp-content\/uploads\/2022\/01\/1_130.jpeg 650w, https:\/\/qtmm.org\/wp-content\/uploads\/2022\/01\/1_130-300x185.jpeg 300w\" sizes=\"auto, (max-width: 650px) 100vw, 650px\" \/><\/figure>\n\n\n\n<p>Tedbirde Q\u0131r\u0131mtatar halq\u0131 Meclisi reisini\u00f1 birinci muavini Refat \u00c7ubarov, Q\u0131r\u0131m musulmanlar\u0131n\u0131\u00f1 M\u00fcftisi hac\u0131 Emirali Ablayev, Meclis reisini\u00f1 muavini Remzi \u0130lyasov, Meclis Prezidium\u0131n\u0131\u00f1 azas\u0131, &#8220;Maarif\u00e7i&#8221; birle\u015fmesini\u00f1 reisi Safure Kacametova, Bekir \u00c7oban-zade fond\u0131n\u0131\u00f1 quruc\u0131s\u0131 Resul Velil\u00e2yev, Qarasubazar regional ve yerli meclisler, yerli akimiyet vekilleri, Qarasuvbazar \u015feerini\u00f1 ba\u015f\u0131 Albert Kangiyev i\u015ftirak ettiler.<\/p>\n\n\n\n<p>Tedbir duadan ve qurban \u00e7aluvdan ba\u015fland\u0131.<\/p>\n\n\n\n<figure class=\"wp-block-image size-full\"><img loading=\"lazy\" decoding=\"async\" width=\"650\" height=\"397\" src=\"http:\/\/qtmm.org\/wp-content\/uploads\/2022\/01\/2_130.jpeg\" alt=\"\" class=\"wp-image-39718\" srcset=\"https:\/\/qtmm.org\/wp-content\/uploads\/2022\/01\/2_130.jpeg 650w, https:\/\/qtmm.org\/wp-content\/uploads\/2022\/01\/2_130-300x183.jpeg 300w\" sizes=\"auto, (max-width: 650px) 100vw, 650px\" \/><\/figure>\n\n\n\n<p>Q\u0131r\u0131m musulmanlar\u0131n\u0131\u00f1 M\u00fcftisi hac\u0131 Emirali Ablayev toplan\u011fanlarn\u0131 Qurban bayram\u0131nen hay\u0131rlad\u0131. &#8220;Bizni bug\u00fcn Qarasuvbazarda topla\u011fan vaqia tarih\u0131m\u0131z i\u00e7\u00fcn pek m\u00fcimdir, &#8211; dedi Emirali Ablayev. \u2013 Qadim zamanlarda m\u0131nda pek \u00e7oq cami ve medrese bar edi, bug\u00fcn bular kene \u011fayr\u0131dan tiklenmesi bizlerni pek sevindire&#8221;.<\/p>\n\n\n\n<p>Bun\u0131\u00f1 kibi de M\u00fcftiy cami quruc\u0131l\u0131\u011f\u0131 te\u015febb\u00fcs\u00e7ilerine, \u015eu c\u00fcmleden Bekir \u00c7oban-zade fond\u0131n\u0131\u00f1 esas\u00e7\u0131s\u0131 Resul Velil\u00e2yevge, te\u015fekk\u00fcr bildirdi. \u00d6z nevbetinde Meclis reisini\u00f1 birinci muavini Refat \u00c7ubarov da er kesni bayram ile hay\u0131rlad\u0131.<\/p>\n\n\n\n<p>&#8220;Bug\u00fcn burada qoyd\u0131\u011f\u0131m\u0131z temel &#8211; bu sadece camini\u00f1 temeli degil. 20-25 y\u0131l evelsi biz bu yerde q\u0131r\u0131mtatarlarnen k\u00f6r\u00fc\u015fip, Q\u0131r\u0131mn\u0131\u00f1 kelecegi aqq\u0131nda qaar-qasevetlerimiz, planlar\u0131m\u0131z aqq\u0131nda qonu\u015fqan\u0131m\u0131zda ayn\u0131 \u015fu yerde cami qurulaca\u011f\u0131n\u0131 tasavur bile etmedik.<\/p>\n\n\n\n<figure class=\"wp-block-image size-full\"><img loading=\"lazy\" decoding=\"async\" width=\"650\" height=\"341\" src=\"http:\/\/qtmm.org\/wp-content\/uploads\/2022\/01\/3_99.jpeg\" alt=\"\" class=\"wp-image-39722\" srcset=\"https:\/\/qtmm.org\/wp-content\/uploads\/2022\/01\/3_99.jpeg 650w, https:\/\/qtmm.org\/wp-content\/uploads\/2022\/01\/3_99-300x157.jpeg 300w\" sizes=\"auto, (max-width: 650px) 100vw, 650px\" \/><\/figure>\n\n\n\n<p>Bu cami \u2013 halq\u0131m\u0131z\u011fa qoyul\u011fan bir eykel olur.Biz dedelerimiz yapqan i\u015flerni unutma\u011fan\u0131m\u0131z, olarn\u0131 \u011fayr\u0131dan canland\u0131r\u011fan\u0131m\u0131zn\u0131 k\u00f6stermek kerekmiz&#8221;, &#8211; dedi Refat \u00c7ubarov. \u2013 Meclis ad\u0131ndan Resul Velil\u00e2yevge ve qarda\u015f\u0131 Remzige babalar\u0131 Refat Velil\u00e2yevni\u00f1 hat\u0131ras\u0131na cami qurmaq niyetleri i\u00e7\u00fcn minnetdarl\u0131q bildirdi&#8221;.<\/p>\n\n\n\n<p>Q\u0131r\u0131m Nazirler \u015furas\u0131 reisini\u00f1 muavini Aziz Abdullayev de er kesni em bayram, em bu quvan\u00e7l\u0131 vaqianen tebrikledi.<\/p>\n\n\n\n<p>Tedbirde Qarasuvbazar rayon devlet memuriyetini\u00f1 reisi \u00d6leg Rusetskiy, Qarasuvbazar ba\u015f\u0131 Albert Kangiyev ve Q\u0131r\u0131m yeparhiyas\u0131 vekili Maksim \u00e7\u0131q\u0131\u015fta bulund\u0131lar. Hristianlarn\u0131\u00f1 vekili dinlerara bar\u0131\u015f\u0131q timsali s\u0131fat\u0131nda Qarasuvbazar imam\u0131na \u0130ncilni ba\u011f\u0131\u015flad\u0131.<\/p>\n\n\n\n<p>&#8220;Say\u011f\u0131l\u0131 dostlar, menim arzum yerine kelgen k\u00fcn de yetip keldi. Bu k\u00fcnge yeti\u015fip olama\u011fan rahmetli babama bergen s\u00f6z\u00fcmni yerine ketirmek vaqt\u0131 keldi, &#8211; dedi Resul Velil\u00e2yev. \u2013 Men bug\u00fcn babamnen beraber eski camige namaz\u011fa qatna\u011fan qartlar\u0131m\u0131z\u011fa yalvaram, cami qurul\u011fance sa\u011f-sel\u00e2met olu\u00f1\u0131z ve siz birinci ol\u0131p camige kirersi\u00f1iz. Men i\u00e7\u00fcn bu b\u00fcy\u00fck \u015feref ve quvan\u00e7 olur&#8221;.<\/p>\n\n\n\n<figure class=\"wp-block-image size-full\"><img loading=\"lazy\" decoding=\"async\" width=\"650\" height=\"392\" src=\"http:\/\/qtmm.org\/wp-content\/uploads\/2022\/01\/4_93.jpeg\" alt=\"\" class=\"wp-image-39726\" srcset=\"https:\/\/qtmm.org\/wp-content\/uploads\/2022\/01\/4_93.jpeg 650w, https:\/\/qtmm.org\/wp-content\/uploads\/2022\/01\/4_93-300x181.jpeg 300w\" sizes=\"auto, (max-width: 650px) 100vw, 650px\" \/><\/figure>\n\n\n\n<p>Resul Velil\u00e2yev \u015fun\u0131 da qayd etti ki, camini bir \u00f6z\u00fc degil de, b\u00fct\u00fcn halq qura. &#8220;Ma\u00f1a yard\u0131m etken \u00fck\u00fcmet qurumlar\u0131na, Q\u0131r\u0131m musulmanlar\u0131n\u0131\u00f1 diniy idaresine ricama seslengenleri ve musaade vesiqalarn\u0131\u00f1 resmiyle\u015ftirilmesine yard\u0131m etkenleri i\u00e7\u00fcn minnetdar\u0131m. Ve elbetteki bu vaqian\u0131\u00f1 olmas\u0131nda Meclis reisi Mustafa Cemilev ve on\u0131\u00f1 birinci muavini Refat \u00c7ubarov da bivasta i\u015ftirak etkenlerini aytmaq isteyim&#8221;.<\/p>\n\n\n\n<p>Cami quruc\u0131l\u0131\u011f\u0131 te\u015fkil\u00e2t\u00e7\u0131lar\u0131n\u0131\u00f1 planlar\u0131na k\u00f6re ya\u00f1\u0131 camini\u00f1 qap\u0131lar\u0131 eki y\u0131ldan so\u00f1 a\u00e7\u0131lacaq.<\/p>\n\n\n\n<figure class=\"wp-block-image size-full\"><img loading=\"lazy\" decoding=\"async\" width=\"650\" height=\"487\" src=\"http:\/\/qtmm.org\/wp-content\/uploads\/2022\/01\/6_41.jpeg\" alt=\"\" class=\"wp-image-39730\" srcset=\"https:\/\/qtmm.org\/wp-content\/uploads\/2022\/01\/6_41.jpeg 650w, https:\/\/qtmm.org\/wp-content\/uploads\/2022\/01\/6_41-300x225.jpeg 300w\" sizes=\"auto, (max-width: 650px) 100vw, 650px\" \/><\/figure>\n\n\n\n<figure class=\"wp-block-image size-full\"><img loading=\"lazy\" decoding=\"async\" width=\"650\" height=\"447\" src=\"http:\/\/qtmm.org\/wp-content\/uploads\/2022\/01\/7_19.jpeg\" alt=\"\" class=\"wp-image-39734\" srcset=\"https:\/\/qtmm.org\/wp-content\/uploads\/2022\/01\/7_19.jpeg 650w, https:\/\/qtmm.org\/wp-content\/uploads\/2022\/01\/7_19-300x206.jpeg 300w\" sizes=\"auto, (max-width: 650px) 100vw, 650px\" \/><\/figure>\n\n\n\n<figure class=\"wp-block-image size-full\"><img loading=\"lazy\" decoding=\"async\" width=\"650\" height=\"426\" src=\"http:\/\/qtmm.org\/wp-content\/uploads\/2022\/01\/8_16.jpeg\" alt=\"\" class=\"wp-image-39738\" srcset=\"https:\/\/qtmm.org\/wp-content\/uploads\/2022\/01\/8_16.jpeg 650w, https:\/\/qtmm.org\/wp-content\/uploads\/2022\/01\/8_16-300x197.jpeg 300w\" sizes=\"auto, (max-width: 650px) 100vw, 650px\" \/><\/figure>\n\n\n\n<figure class=\"wp-block-image size-full\"><img loading=\"lazy\" decoding=\"async\" width=\"650\" height=\"410\" src=\"http:\/\/qtmm.org\/wp-content\/uploads\/2022\/01\/9_11.jpeg\" alt=\"\" class=\"wp-image-39742\" srcset=\"https:\/\/qtmm.org\/wp-content\/uploads\/2022\/01\/9_11.jpeg 650w, https:\/\/qtmm.org\/wp-content\/uploads\/2022\/01\/9_11-300x189.jpeg 300w\" sizes=\"auto, (max-width: 650px) 100vw, 650px\" \/><\/figure>\n","protected":false},"excerpt":{"rendered":"<p>Qarasubazarda ya\u00f1\u0131 qurulacaq cami temeline okt\u00e2br 16-da Qurban Bayram\u0131 k\u00fcnlerinde kapsula qoyuld\u0131. Tedbirde Q\u0131r\u0131mtatar halq\u0131 Meclisi reisini\u00f1 birinci muavini Refat \u00c7ubarov, Q\u0131r\u0131m musulmanlar\u0131n\u0131\u00f1 M\u00fcftisi hac\u0131 Emirali Ablayev, Meclis reisini\u00f1 muavini Remzi \u0130lyasov, Meclis Prezidium\u0131n\u0131\u00f1 azas\u0131, &#8220;Maarif\u00e7i&#8221; birle\u015fmesini\u00f1 reisi Safure Kacametova, Bekir \u00c7oban-zade fond\u0131n\u0131\u00f1 quruc\u0131s\u0131 Resul Velil\u00e2yev, Qarasubazar regional ve yerli meclisler, yerli akimiyet vekilleri, Qarasuvbazar [&hellip;]<\/p>\n","protected":false},"author":1,"featured_media":39746,"comment_status":"open","ping_status":"open","sticky":false,"template":"","format":"standard","meta":{"inline_featured_image":false,"footnotes":""},"categories":[265],"tags":[],"class_list":["post-39713","post","type-post","status-publish","format-standard","has-post-thumbnail","hentry","category-haberler"],"acf":[],"yoast_head":"<!-- This site is optimized with the Yoast SEO plugin v27.4 - https:\/\/yoast.com\/product\/yoast-seo-wordpress\/ -->\n<title>Qurban Bayram\u0131n\u0131\u00f1 ekinci k\u00fcn\u00fc Qarasubazarda qurulacaq cami temeline kapsula qoyuld\u0131 - \u041c\u0435\u0434\u0436\u043b\u0456\u0441<\/title>\n<meta name=\"robots\" content=\"index, follow, max-snippet:-1, max-image-preview:large, max-video-preview:-1\" \/>\n<link rel=\"canonical\" href=\"https:\/\/qtmm.org\/qt\/qurban-bayraminin-ekinci-kunu-qarasubazarda-qurulacaq-cami-temeline-kapsula-qoyuldi\/\" \/>\n<meta property=\"og:locale\" content=\"en_US\" \/>\n<meta property=\"og:type\" content=\"article\" \/>\n<meta property=\"og:title\" content=\"Qurban Bayram\u0131n\u0131\u00f1 ekinci k\u00fcn\u00fc Qarasubazarda qurulacaq cami temeline kapsula qoyuld\u0131 - \u041c\u0435\u0434\u0436\u043b\u0456\u0441\" \/>\n<meta property=\"og:description\" content=\"Qarasubazarda ya\u00f1\u0131 qurulacaq cami temeline okt\u00e2br 16-da Qurban Bayram\u0131 k\u00fcnlerinde kapsula qoyuld\u0131. Tedbirde Q\u0131r\u0131mtatar halq\u0131 Meclisi reisini\u00f1 birinci muavini Refat \u00c7ubarov, Q\u0131r\u0131m musulmanlar\u0131n\u0131\u00f1 M\u00fcftisi hac\u0131 Emirali Ablayev, Meclis reisini\u00f1 muavini Remzi \u0130lyasov, Meclis Prezidium\u0131n\u0131\u00f1 azas\u0131, &#8220;Maarif\u00e7i&#8221; birle\u015fmesini\u00f1 reisi Safure Kacametova, Bekir \u00c7oban-zade fond\u0131n\u0131\u00f1 quruc\u0131s\u0131 Resul Velil\u00e2yev, Qarasubazar regional ve yerli meclisler, yerli akimiyet vekilleri, Qarasuvbazar [&hellip;]\" \/>\n<meta property=\"og:url\" content=\"https:\/\/qtmm.org\/qt\/qurban-bayraminin-ekinci-kunu-qarasubazarda-qurulacaq-cami-temeline-kapsula-qoyuldi\/\" \/>\n<meta property=\"og:site_name\" content=\"\u041c\u0435\u0434\u0436\u043b\u0456\u0441\" \/>\n<meta property=\"article:publisher\" content=\"https:\/\/www.facebook.com\/qtmm.info\/\" \/>\n<meta property=\"article:published_time\" content=\"2013-10-16T20:59:00+00:00\" \/>\n<meta property=\"article:modified_time\" content=\"2022-01-25T21:02:57+00:00\" \/>\n<meta property=\"og:image\" content=\"https:\/\/qtmm.org\/wp-content\/uploads\/2022\/01\/10_7.jpeg\" \/>\n\t<meta property=\"og:image:width\" content=\"650\" \/>\n\t<meta property=\"og:image:height\" content=\"448\" \/>\n\t<meta property=\"og:image:type\" content=\"image\/jpeg\" \/>\n<meta name=\"author\" content=\"Developer\" \/>\n<meta name=\"twitter:card\" content=\"summary_large_image\" \/>\n<meta name=\"twitter:label1\" content=\"Written by\" \/>\n\t<meta name=\"twitter:data1\" content=\"Developer\" \/>\n\t<meta name=\"twitter:label2\" content=\"Est. reading time\" \/>\n\t<meta name=\"twitter:data2\" content=\"3 minutes\" \/>\n<script type=\"application\/ld+json\" class=\"yoast-schema-graph\">{\"@context\":\"https:\\\/\\\/schema.org\",\"@graph\":[{\"@type\":\"Article\",\"@id\":\"https:\\\/\\\/qtmm.org\\\/qt\\\/qurban-bayraminin-ekinci-kunu-qarasubazarda-qurulacaq-cami-temeline-kapsula-qoyuldi\\\/#article\",\"isPartOf\":{\"@id\":\"https:\\\/\\\/qtmm.org\\\/qt\\\/qurban-bayraminin-ekinci-kunu-qarasubazarda-qurulacaq-cami-temeline-kapsula-qoyuldi\\\/\"},\"author\":{\"name\":\"Developer\",\"@id\":\"https:\\\/\\\/qtmm.org\\\/qt\\\/#\\\/schema\\\/person\\\/de562469f971dec226ac06e60bbf74a7\"},\"headline\":\"Qurban Bayram\u0131n\u0131\u00f1 ekinci k\u00fcn\u00fc Qarasubazarda qurulacaq cami temeline kapsula qoyuld\u0131\",\"datePublished\":\"2013-10-16T20:59:00+00:00\",\"dateModified\":\"2022-01-25T21:02:57+00:00\",\"mainEntityOfPage\":{\"@id\":\"https:\\\/\\\/qtmm.org\\\/qt\\\/qurban-bayraminin-ekinci-kunu-qarasubazarda-qurulacaq-cami-temeline-kapsula-qoyuldi\\\/\"},\"wordCount\":533,\"commentCount\":0,\"publisher\":{\"@id\":\"https:\\\/\\\/qtmm.org\\\/qt\\\/#organization\"},\"image\":{\"@id\":\"https:\\\/\\\/qtmm.org\\\/qt\\\/qurban-bayraminin-ekinci-kunu-qarasubazarda-qurulacaq-cami-temeline-kapsula-qoyuldi\\\/#primaryimage\"},\"thumbnailUrl\":\"https:\\\/\\\/qtmm.org\\\/wp-content\\\/uploads\\\/2022\\\/01\\\/10_7.jpeg\",\"articleSection\":[\"Haberler\"],\"inLanguage\":\"qt\",\"potentialAction\":[{\"@type\":\"CommentAction\",\"name\":\"Comment\",\"target\":[\"https:\\\/\\\/qtmm.org\\\/qt\\\/qurban-bayraminin-ekinci-kunu-qarasubazarda-qurulacaq-cami-temeline-kapsula-qoyuldi\\\/#respond\"]}]},{\"@type\":\"WebPage\",\"@id\":\"https:\\\/\\\/qtmm.org\\\/qt\\\/qurban-bayraminin-ekinci-kunu-qarasubazarda-qurulacaq-cami-temeline-kapsula-qoyuldi\\\/\",\"url\":\"https:\\\/\\\/qtmm.org\\\/qt\\\/qurban-bayraminin-ekinci-kunu-qarasubazarda-qurulacaq-cami-temeline-kapsula-qoyuldi\\\/\",\"name\":\"Qurban Bayram\u0131n\u0131\u00f1 ekinci k\u00fcn\u00fc Qarasubazarda qurulacaq cami temeline kapsula qoyuld\u0131 - \u041c\u0435\u0434\u0436\u043b\u0456\u0441\",\"isPartOf\":{\"@id\":\"https:\\\/\\\/qtmm.org\\\/qt\\\/#website\"},\"primaryImageOfPage\":{\"@id\":\"https:\\\/\\\/qtmm.org\\\/qt\\\/qurban-bayraminin-ekinci-kunu-qarasubazarda-qurulacaq-cami-temeline-kapsula-qoyuldi\\\/#primaryimage\"},\"image\":{\"@id\":\"https:\\\/\\\/qtmm.org\\\/qt\\\/qurban-bayraminin-ekinci-kunu-qarasubazarda-qurulacaq-cami-temeline-kapsula-qoyuldi\\\/#primaryimage\"},\"thumbnailUrl\":\"https:\\\/\\\/qtmm.org\\\/wp-content\\\/uploads\\\/2022\\\/01\\\/10_7.jpeg\",\"datePublished\":\"2013-10-16T20:59:00+00:00\",\"dateModified\":\"2022-01-25T21:02:57+00:00\",\"breadcrumb\":{\"@id\":\"https:\\\/\\\/qtmm.org\\\/qt\\\/qurban-bayraminin-ekinci-kunu-qarasubazarda-qurulacaq-cami-temeline-kapsula-qoyuldi\\\/#breadcrumb\"},\"inLanguage\":\"qt\",\"potentialAction\":[{\"@type\":\"ReadAction\",\"target\":[\"https:\\\/\\\/qtmm.org\\\/qt\\\/qurban-bayraminin-ekinci-kunu-qarasubazarda-qurulacaq-cami-temeline-kapsula-qoyuldi\\\/\"]}]},{\"@type\":\"ImageObject\",\"inLanguage\":\"qt\",\"@id\":\"https:\\\/\\\/qtmm.org\\\/qt\\\/qurban-bayraminin-ekinci-kunu-qarasubazarda-qurulacaq-cami-temeline-kapsula-qoyuldi\\\/#primaryimage\",\"url\":\"https:\\\/\\\/qtmm.org\\\/wp-content\\\/uploads\\\/2022\\\/01\\\/10_7.jpeg\",\"contentUrl\":\"https:\\\/\\\/qtmm.org\\\/wp-content\\\/uploads\\\/2022\\\/01\\\/10_7.jpeg\",\"width\":650,\"height\":448},{\"@type\":\"BreadcrumbList\",\"@id\":\"https:\\\/\\\/qtmm.org\\\/qt\\\/qurban-bayraminin-ekinci-kunu-qarasubazarda-qurulacaq-cami-temeline-kapsula-qoyuldi\\\/#breadcrumb\",\"itemListElement\":[{\"@type\":\"ListItem\",\"position\":1,\"name\":\"\u0413\u043e\u043b\u043e\u0432\u043d\u0430\",\"item\":\"https:\\\/\\\/qtmm.org\\\/qt\\\/\"},{\"@type\":\"ListItem\",\"position\":2,\"name\":\"Qurban Bayram\u0131n\u0131\u00f1 ekinci k\u00fcn\u00fc Qarasubazarda qurulacaq cami temeline kapsula qoyuld\u0131\"}]},{\"@type\":\"WebSite\",\"@id\":\"https:\\\/\\\/qtmm.org\\\/qt\\\/#website\",\"url\":\"https:\\\/\\\/qtmm.org\\\/qt\\\/\",\"name\":\"\u041c\u0435\u0434\u0436\u043b\u0456\u0441\",\"description\":\"\",\"publisher\":{\"@id\":\"https:\\\/\\\/qtmm.org\\\/qt\\\/#organization\"},\"potentialAction\":[{\"@type\":\"SearchAction\",\"target\":{\"@type\":\"EntryPoint\",\"urlTemplate\":\"https:\\\/\\\/qtmm.org\\\/qt\\\/?s={search_term_string}\"},\"query-input\":{\"@type\":\"PropertyValueSpecification\",\"valueRequired\":true,\"valueName\":\"search_term_string\"}}],\"inLanguage\":\"qt\"},{\"@type\":\"Organization\",\"@id\":\"https:\\\/\\\/qtmm.org\\\/qt\\\/#organization\",\"name\":\"\u041c\u0435\u0434\u0436\u043b\u0456\u0441\",\"url\":\"https:\\\/\\\/qtmm.org\\\/qt\\\/\",\"logo\":{\"@type\":\"ImageObject\",\"inLanguage\":\"qt\",\"@id\":\"https:\\\/\\\/qtmm.org\\\/qt\\\/#\\\/schema\\\/logo\\\/image\\\/\",\"url\":\"https:\\\/\\\/qtmm.org\\\/wp-content\\\/uploads\\\/2024\\\/12\\\/ua-mejlis-logo-rgb.svg\",\"contentUrl\":\"https:\\\/\\\/qtmm.org\\\/wp-content\\\/uploads\\\/2024\\\/12\\\/ua-mejlis-logo-rgb.svg\",\"caption\":\"\u041c\u0435\u0434\u0436\u043b\u0456\u0441\"},\"image\":{\"@id\":\"https:\\\/\\\/qtmm.org\\\/qt\\\/#\\\/schema\\\/logo\\\/image\\\/\"},\"sameAs\":[\"https:\\\/\\\/www.facebook.com\\\/qtmm.info\\\/\"]},{\"@type\":\"Person\",\"@id\":\"https:\\\/\\\/qtmm.org\\\/qt\\\/#\\\/schema\\\/person\\\/de562469f971dec226ac06e60bbf74a7\",\"name\":\"Developer\",\"image\":{\"@type\":\"ImageObject\",\"inLanguage\":\"qt\",\"@id\":\"https:\\\/\\\/secure.gravatar.com\\\/avatar\\\/392b4cc8fbfeb00b39dfeeab4ee6edded39ffd48e25858637e4765810300227e?s=96&d=mm&r=g\",\"url\":\"https:\\\/\\\/secure.gravatar.com\\\/avatar\\\/392b4cc8fbfeb00b39dfeeab4ee6edded39ffd48e25858637e4765810300227e?s=96&d=mm&r=g\",\"contentUrl\":\"https:\\\/\\\/secure.gravatar.com\\\/avatar\\\/392b4cc8fbfeb00b39dfeeab4ee6edded39ffd48e25858637e4765810300227e?s=96&d=mm&r=g\",\"caption\":\"Developer\"},\"url\":\"https:\\\/\\\/qtmm.org\\\/qt\\\/author\\\/Developer\\\/\"}]}<\/script>\n<!-- \/ Yoast SEO plugin. -->","yoast_head_json":{"title":"Qurban Bayram\u0131n\u0131\u00f1 ekinci k\u00fcn\u00fc Qarasubazarda qurulacaq cami temeline kapsula qoyuld\u0131 - \u041c\u0435\u0434\u0436\u043b\u0456\u0441","robots":{"index":"index","follow":"follow","max-snippet":"max-snippet:-1","max-image-preview":"max-image-preview:large","max-video-preview":"max-video-preview:-1"},"canonical":"https:\/\/qtmm.org\/qt\/qurban-bayraminin-ekinci-kunu-qarasubazarda-qurulacaq-cami-temeline-kapsula-qoyuldi\/","og_locale":"en_US","og_type":"article","og_title":"Qurban Bayram\u0131n\u0131\u00f1 ekinci k\u00fcn\u00fc Qarasubazarda qurulacaq cami temeline kapsula qoyuld\u0131 - \u041c\u0435\u0434\u0436\u043b\u0456\u0441","og_description":"Qarasubazarda ya\u00f1\u0131 qurulacaq cami temeline okt\u00e2br 16-da Qurban Bayram\u0131 k\u00fcnlerinde kapsula qoyuld\u0131. Tedbirde Q\u0131r\u0131mtatar halq\u0131 Meclisi reisini\u00f1 birinci muavini Refat \u00c7ubarov, Q\u0131r\u0131m musulmanlar\u0131n\u0131\u00f1 M\u00fcftisi hac\u0131 Emirali Ablayev, Meclis reisini\u00f1 muavini Remzi \u0130lyasov, Meclis Prezidium\u0131n\u0131\u00f1 azas\u0131, &#8220;Maarif\u00e7i&#8221; birle\u015fmesini\u00f1 reisi Safure Kacametova, Bekir \u00c7oban-zade fond\u0131n\u0131\u00f1 quruc\u0131s\u0131 Resul Velil\u00e2yev, Qarasubazar regional ve yerli meclisler, yerli akimiyet vekilleri, Qarasuvbazar [&hellip;]","og_url":"https:\/\/qtmm.org\/qt\/qurban-bayraminin-ekinci-kunu-qarasubazarda-qurulacaq-cami-temeline-kapsula-qoyuldi\/","og_site_name":"\u041c\u0435\u0434\u0436\u043b\u0456\u0441","article_publisher":"https:\/\/www.facebook.com\/qtmm.info\/","article_published_time":"2013-10-16T20:59:00+00:00","article_modified_time":"2022-01-25T21:02:57+00:00","og_image":[{"width":650,"height":448,"url":"https:\/\/qtmm.org\/wp-content\/uploads\/2022\/01\/10_7.jpeg","type":"image\/jpeg"}],"author":"Developer","twitter_card":"summary_large_image","twitter_misc":{"Written by":"Developer","Est. reading time":"3 minutes"},"schema":{"@context":"https:\/\/schema.org","@graph":[{"@type":"Article","@id":"https:\/\/qtmm.org\/qt\/qurban-bayraminin-ekinci-kunu-qarasubazarda-qurulacaq-cami-temeline-kapsula-qoyuldi\/#article","isPartOf":{"@id":"https:\/\/qtmm.org\/qt\/qurban-bayraminin-ekinci-kunu-qarasubazarda-qurulacaq-cami-temeline-kapsula-qoyuldi\/"},"author":{"name":"Developer","@id":"https:\/\/qtmm.org\/qt\/#\/schema\/person\/de562469f971dec226ac06e60bbf74a7"},"headline":"Qurban Bayram\u0131n\u0131\u00f1 ekinci k\u00fcn\u00fc Qarasubazarda qurulacaq cami temeline kapsula qoyuld\u0131","datePublished":"2013-10-16T20:59:00+00:00","dateModified":"2022-01-25T21:02:57+00:00","mainEntityOfPage":{"@id":"https:\/\/qtmm.org\/qt\/qurban-bayraminin-ekinci-kunu-qarasubazarda-qurulacaq-cami-temeline-kapsula-qoyuldi\/"},"wordCount":533,"commentCount":0,"publisher":{"@id":"https:\/\/qtmm.org\/qt\/#organization"},"image":{"@id":"https:\/\/qtmm.org\/qt\/qurban-bayraminin-ekinci-kunu-qarasubazarda-qurulacaq-cami-temeline-kapsula-qoyuldi\/#primaryimage"},"thumbnailUrl":"https:\/\/qtmm.org\/wp-content\/uploads\/2022\/01\/10_7.jpeg","articleSection":["Haberler"],"inLanguage":"qt","potentialAction":[{"@type":"CommentAction","name":"Comment","target":["https:\/\/qtmm.org\/qt\/qurban-bayraminin-ekinci-kunu-qarasubazarda-qurulacaq-cami-temeline-kapsula-qoyuldi\/#respond"]}]},{"@type":"WebPage","@id":"https:\/\/qtmm.org\/qt\/qurban-bayraminin-ekinci-kunu-qarasubazarda-qurulacaq-cami-temeline-kapsula-qoyuldi\/","url":"https:\/\/qtmm.org\/qt\/qurban-bayraminin-ekinci-kunu-qarasubazarda-qurulacaq-cami-temeline-kapsula-qoyuldi\/","name":"Qurban Bayram\u0131n\u0131\u00f1 ekinci k\u00fcn\u00fc Qarasubazarda qurulacaq cami temeline kapsula qoyuld\u0131 - \u041c\u0435\u0434\u0436\u043b\u0456\u0441","isPartOf":{"@id":"https:\/\/qtmm.org\/qt\/#website"},"primaryImageOfPage":{"@id":"https:\/\/qtmm.org\/qt\/qurban-bayraminin-ekinci-kunu-qarasubazarda-qurulacaq-cami-temeline-kapsula-qoyuldi\/#primaryimage"},"image":{"@id":"https:\/\/qtmm.org\/qt\/qurban-bayraminin-ekinci-kunu-qarasubazarda-qurulacaq-cami-temeline-kapsula-qoyuldi\/#primaryimage"},"thumbnailUrl":"https:\/\/qtmm.org\/wp-content\/uploads\/2022\/01\/10_7.jpeg","datePublished":"2013-10-16T20:59:00+00:00","dateModified":"2022-01-25T21:02:57+00:00","breadcrumb":{"@id":"https:\/\/qtmm.org\/qt\/qurban-bayraminin-ekinci-kunu-qarasubazarda-qurulacaq-cami-temeline-kapsula-qoyuldi\/#breadcrumb"},"inLanguage":"qt","potentialAction":[{"@type":"ReadAction","target":["https:\/\/qtmm.org\/qt\/qurban-bayraminin-ekinci-kunu-qarasubazarda-qurulacaq-cami-temeline-kapsula-qoyuldi\/"]}]},{"@type":"ImageObject","inLanguage":"qt","@id":"https:\/\/qtmm.org\/qt\/qurban-bayraminin-ekinci-kunu-qarasubazarda-qurulacaq-cami-temeline-kapsula-qoyuldi\/#primaryimage","url":"https:\/\/qtmm.org\/wp-content\/uploads\/2022\/01\/10_7.jpeg","contentUrl":"https:\/\/qtmm.org\/wp-content\/uploads\/2022\/01\/10_7.jpeg","width":650,"height":448},{"@type":"BreadcrumbList","@id":"https:\/\/qtmm.org\/qt\/qurban-bayraminin-ekinci-kunu-qarasubazarda-qurulacaq-cami-temeline-kapsula-qoyuldi\/#breadcrumb","itemListElement":[{"@type":"ListItem","position":1,"name":"\u0413\u043e\u043b\u043e\u0432\u043d\u0430","item":"https:\/\/qtmm.org\/qt\/"},{"@type":"ListItem","position":2,"name":"Qurban Bayram\u0131n\u0131\u00f1 ekinci k\u00fcn\u00fc Qarasubazarda qurulacaq cami temeline kapsula qoyuld\u0131"}]},{"@type":"WebSite","@id":"https:\/\/qtmm.org\/qt\/#website","url":"https:\/\/qtmm.org\/qt\/","name":"\u041c\u0435\u0434\u0436\u043b\u0456\u0441","description":"","publisher":{"@id":"https:\/\/qtmm.org\/qt\/#organization"},"potentialAction":[{"@type":"SearchAction","target":{"@type":"EntryPoint","urlTemplate":"https:\/\/qtmm.org\/qt\/?s={search_term_string}"},"query-input":{"@type":"PropertyValueSpecification","valueRequired":true,"valueName":"search_term_string"}}],"inLanguage":"qt"},{"@type":"Organization","@id":"https:\/\/qtmm.org\/qt\/#organization","name":"\u041c\u0435\u0434\u0436\u043b\u0456\u0441","url":"https:\/\/qtmm.org\/qt\/","logo":{"@type":"ImageObject","inLanguage":"qt","@id":"https:\/\/qtmm.org\/qt\/#\/schema\/logo\/image\/","url":"https:\/\/qtmm.org\/wp-content\/uploads\/2024\/12\/ua-mejlis-logo-rgb.svg","contentUrl":"https:\/\/qtmm.org\/wp-content\/uploads\/2024\/12\/ua-mejlis-logo-rgb.svg","caption":"\u041c\u0435\u0434\u0436\u043b\u0456\u0441"},"image":{"@id":"https:\/\/qtmm.org\/qt\/#\/schema\/logo\/image\/"},"sameAs":["https:\/\/www.facebook.com\/qtmm.info\/"]},{"@type":"Person","@id":"https:\/\/qtmm.org\/qt\/#\/schema\/person\/de562469f971dec226ac06e60bbf74a7","name":"Developer","image":{"@type":"ImageObject","inLanguage":"qt","@id":"https:\/\/secure.gravatar.com\/avatar\/392b4cc8fbfeb00b39dfeeab4ee6edded39ffd48e25858637e4765810300227e?s=96&d=mm&r=g","url":"https:\/\/secure.gravatar.com\/avatar\/392b4cc8fbfeb00b39dfeeab4ee6edded39ffd48e25858637e4765810300227e?s=96&d=mm&r=g","contentUrl":"https:\/\/secure.gravatar.com\/avatar\/392b4cc8fbfeb00b39dfeeab4ee6edded39ffd48e25858637e4765810300227e?s=96&d=mm&r=g","caption":"Developer"},"url":"https:\/\/qtmm.org\/qt\/author\/Developer\/"}]}},"_links":{"self":[{"href":"https:\/\/qtmm.org\/qt\/wp-json\/wp\/v2\/posts\/39713","targetHints":{"allow":["GET"]}}],"collection":[{"href":"https:\/\/qtmm.org\/qt\/wp-json\/wp\/v2\/posts"}],"about":[{"href":"https:\/\/qtmm.org\/qt\/wp-json\/wp\/v2\/types\/post"}],"author":[{"embeddable":true,"href":"https:\/\/qtmm.org\/qt\/wp-json\/wp\/v2\/users\/1"}],"replies":[{"embeddable":true,"href":"https:\/\/qtmm.org\/qt\/wp-json\/wp\/v2\/comments?post=39713"}],"version-history":[{"count":1,"href":"https:\/\/qtmm.org\/qt\/wp-json\/wp\/v2\/posts\/39713\/revisions"}],"predecessor-version":[{"id":39750,"href":"https:\/\/qtmm.org\/qt\/wp-json\/wp\/v2\/posts\/39713\/revisions\/39750"}],"wp:featuredmedia":[{"embeddable":true,"href":"https:\/\/qtmm.org\/qt\/wp-json\/wp\/v2\/media\/39746"}],"wp:attachment":[{"href":"https:\/\/qtmm.org\/qt\/wp-json\/wp\/v2\/media?parent=39713"}],"wp:term":[{"taxonomy":"category","embeddable":true,"href":"https:\/\/qtmm.org\/qt\/wp-json\/wp\/v2\/categories?post=39713"},{"taxonomy":"post_tag","embeddable":true,"href":"https:\/\/qtmm.org\/qt\/wp-json\/wp\/v2\/tags?post=39713"}],"curies":[{"name":"wp","href":"https:\/\/api.w.org\/{rel}","templated":true}]}}