




{"id":39691,"date":"2013-10-16T23:57:00","date_gmt":"2013-10-16T20:57:00","guid":{"rendered":"http:\/\/qtmm.org\/?p=39691"},"modified":"2022-01-25T23:59:34","modified_gmt":"2022-01-25T20:59:34","slug":"refat-cubarov-qirimda-eki-caminin-yaqilmasini-meclis-terrorist-areketlerinin-alameti-dep-saya","status":"publish","type":"post","link":"https:\/\/qtmm.org\/qt\/refat-cubarov-qirimda-eki-caminin-yaqilmasini-meclis-terrorist-areketlerinin-alameti-dep-saya\/","title":{"rendered":"Refat \u00c7ubarov: Q\u0131r\u0131mda eki camini\u00f1 yaq\u0131lmas\u0131n\u0131 Meclis terrorist areketlerini\u00f1 al\u00e2meti, dep saya"},"content":{"rendered":"\n<p>2013 s yenesi okt\u00e2br 16 k\u00fcn\u00fc Milliy Meclis reisini\u00f1 birinci muavini, Q\u0131r\u0131m Yuqar\u0131 \u015euras\u0131n\u0131\u00f1 deputat\u0131 Refat \u00c7ubarov, Meclis K\u00e2tibiyetini\u00f1 ba\u015f\u0131 Zair Smedl\u00e2yev ve Q\u0131r\u0131m musulmanlar\u0131 m\u00fcftisini\u00f1 muavini Esadulla Bairov &#8220;Q\u0131r\u0131mda camiler yaq\u0131lmas\u0131: sab\u0131r\u0131m\u0131z s\u0131nav\u0131 ya da Q\u0131r\u0131mda k\u00f6lemli fesatlarn\u0131\u00f1 ba\u015flanmas\u0131m\u0131?&#8221; mevzus\u0131nda matbuat konferentsiyas\u0131n\u0131 ke\u00e7irdiler.<\/p>\n\n\n\n<p>Mal\u00fcm ki, musulmanlarn\u0131\u00f1 eki b\u00fcy\u00fck bayramlar\u0131ndan biri ol\u011fan Qurban bayram\u0131 arfesinde Q\u0131r\u0131mda eki cami yaq\u0131ld\u0131. Okt\u00e2br 13-14-ke ke\u00e7er gecesi Saqta yaq\u0131l\u011fan cami i\u00e7inde ate\u015f muaqaddes kitaplar, hocal\u0131q e\u015fyalar\u0131n\u0131 \u011fay\u0131p etti, divarlar\u0131na zarar ketirdi. Camige 500 bi\u00f1 grivn\u00e2l\u0131q zarar ketirildi. Okt\u00e2br 15 k\u00fcn\u00fc bayram namaz\u0131 arfesinde ise Qurman rayon\u0131n\u0131\u00f1 Qarasan k\u00f6y camisi yan\u011f\u0131n\u011fa o\u011frad\u0131.<br><br>Milliy Meclis reisini\u00f1 birinci muavini, Q\u0131r\u0131m Yuqar\u0131 \u015euras\u0131n\u0131\u00f1 deputat\u0131 Refat \u00c7ubarov Q\u0131r\u0131mda eki camini\u00f1 yaq\u0131lmas\u0131n\u0131 Meclis terrorist areketlerini\u00f1 al\u00e2metidir, dedi.<\/p>\n\n\n\n<figure class=\"wp-block-image size-full\"><img loading=\"lazy\" decoding=\"async\" width=\"650\" height=\"350\" src=\"http:\/\/qtmm.org\/wp-content\/uploads\/2022\/01\/4_92.jpeg\" alt=\"\" class=\"wp-image-39696\" srcset=\"https:\/\/qtmm.org\/wp-content\/uploads\/2022\/01\/4_92.jpeg 650w, https:\/\/qtmm.org\/wp-content\/uploads\/2022\/01\/4_92-300x162.jpeg 300w\" sizes=\"auto, (max-width: 650px) 100vw, 650px\" \/><\/figure>\n\n\n\n<p>&#8220;Terrorist areketlerni\u00f1 birinci maqsad\u0131 cemaatn\u0131 qorquzmaqta, &#8211; dedi \u00c7ubarov. \u2013 Alla\u011fa \u015f\u00fck\u00fcr ki, bu fesat aqibetinde insanlar qazalanmad\u0131. L\u00e2kin bun\u0131\u00f1nen bu areketlerni terrorist akt\u0131 degil demek olmaz. Cinayet\u00e7iler bu areketlerni nas\u0131l maqsadnen yapqanlar\u0131 bes-belli. Bu adise s\u0131mar\u0131\u015f\u00e7\u0131lar\u0131n\u0131\u00f1 vazifesi cemaat aras\u0131na \u015f\u0131na qaqmaq, \u015f\u00fcbelerge yol bermek ve neticede insanlar aras\u0131nda biri-birine i\u015fan\u00e7s\u0131zl\u0131q, nefret qoz\u011famaqt\u0131r&#8221;.<br><br>R.\u00c7ubarovn\u0131\u00f1 fikrince Q\u0131r\u0131m cemaat\u0131 i\u00e7\u00fcn e\u00f1 do\u011frus\u0131 adiseni qaralamaq ya da uzun muzakerelerge dalmaq degil de, uquqqoruv organlar\u0131n\u0131\u00f1 konkret neticelerini talap etmek, provokatsiya\u011fa berilmemektir.<\/p>\n\n\n\n<figure class=\"wp-block-image size-full\"><img loading=\"lazy\" decoding=\"async\" width=\"650\" height=\"350\" src=\"http:\/\/qtmm.org\/wp-content\/uploads\/2022\/01\/3_98.jpeg\" alt=\"\" class=\"wp-image-39700\" srcset=\"https:\/\/qtmm.org\/wp-content\/uploads\/2022\/01\/3_98.jpeg 650w, https:\/\/qtmm.org\/wp-content\/uploads\/2022\/01\/3_98-300x162.jpeg 300w\" sizes=\"auto, (max-width: 650px) 100vw, 650px\" \/><\/figure>\n\n\n\n<p>On\u0131\u00f1 qayd etkenine k\u00f6re, Q\u0131r\u0131m uquqqoruy\u0131c\u0131lar\u0131 b\u00f6yle cinayetlerni q\u0131sqa vaq\u0131tta a\u00e7ma\u011fa imk\u00e2nlar\u0131 bar. &#8220;Baz\u0131 ekspertlernen yap\u0131l\u011fan konsultatsiyalar bug\u00fcnde-bug\u00fcn cinayetlerni pek tez vaq\u0131tta a\u00e7maq i\u00e7\u00fcn tehnikiy usullarn\u0131\u00f1 \u00e7oqlu\u011f\u0131 aqq\u0131nda hul\u00e2sa \u00e7\u0131qarma\u011fa imk\u00e2n bere. Amma bun\u0131\u00f1 i\u00e7\u00fcn cinayetke cemiyet i\u00e7\u00fcn \u011fayet tel\u00fckeli dep q\u0131ymet kesmek ve b\u00fct\u00fcn k\u00fc\u00e7ni on\u0131\u00f1 a\u00e7\u0131lmas\u0131na y\u00f6neltmek kerek&#8221;, &#8211; dep qayd etti Refat \u00c7ubarov.<\/p>\n\n\n\n<p>Milliy Meclis reisini\u00f1 birinci muavini dedi ki, yap\u0131l\u011fan cinayetlerni\u00f1 a\u00e7\u0131lmamas\u0131 istek olma\u011fan\u0131 ya da Q\u0131r\u0131m cemiyetini tel\u00fckege \u00fcytegen k\u00fc\u00e7lerge qoltutuvdan del\u00e2let bere.<\/p>\n\n\n\n<figure class=\"wp-block-image size-full\"><img loading=\"lazy\" decoding=\"async\" width=\"650\" height=\"324\" src=\"http:\/\/qtmm.org\/wp-content\/uploads\/2022\/01\/2_129.jpeg\" alt=\"\" class=\"wp-image-39704\" srcset=\"https:\/\/qtmm.org\/wp-content\/uploads\/2022\/01\/2_129.jpeg 650w, https:\/\/qtmm.org\/wp-content\/uploads\/2022\/01\/2_129-300x150.jpeg 300w\" sizes=\"auto, (max-width: 650px) 100vw, 650px\" \/><\/figure>\n\n\n\n<p>&#8220;Biz vaziyetke qarardan ziyade tel\u00fckeli, dep q\u0131ymet keskenimiz alda, ne sebepten Q\u0131r\u0131m akimiyeti bu qadar l\u00e2qayd ol\u011fan\u0131n\u0131 a\u00f1lamaym\u0131z. Eminim ki, Q\u0131r\u0131m cemiyetini\u00f1 bir q\u0131sm\u0131 b\u00f6yle \u015fok al\u0131nda ol\u011fanda Q\u0131r\u0131mn\u0131\u00f1 dinlerara munasebet meseleleri i\u00e7\u00fcn mes\u00fclietli vazifedar \u015fah\u0131slar\u0131 camilerni kelip baqmalar\u0131 kerek edi&#8221;, &#8211; dedi \u00c7ubarov.<\/p>\n\n\n\n<p>Bundan da \u011fayr\u0131 R. \u00c7ubarov Q\u0131r\u0131m \u00fck\u00fcmeti camiler yaq\u0131lmas\u0131 boyunca sadece reisni\u00f1 izaat\u0131nen s\u0131\u00f1\u0131rlanmay\u0131p, bu adise aqq\u0131nda resmiy beyanat yapmas\u0131 kerek edi, dep saya. &#8220;\u00c7oqmilletli Q\u0131r\u0131m cemiyeti i\u00e7\u00fcn bu bir signal olur edi&#8221;, &#8211; dedi Q\u0131r\u0131m Yuqar\u0131 \u015euras\u0131n\u0131\u00f1 deputat\u0131 Refat \u00c7ubarov<\/p>\n\n\n\n<figure class=\"wp-block-image size-full\"><img loading=\"lazy\" decoding=\"async\" width=\"650\" height=\"350\" src=\"http:\/\/qtmm.org\/wp-content\/uploads\/2022\/01\/5_56.jpeg\" alt=\"\" class=\"wp-image-39708\" srcset=\"https:\/\/qtmm.org\/wp-content\/uploads\/2022\/01\/5_56.jpeg 650w, https:\/\/qtmm.org\/wp-content\/uploads\/2022\/01\/5_56-300x162.jpeg 300w\" sizes=\"auto, (max-width: 650px) 100vw, 650px\" \/><\/figure>\n","protected":false},"excerpt":{"rendered":"<p>2013 s yenesi okt\u00e2br 16 k\u00fcn\u00fc Milliy Meclis reisini\u00f1 birinci muavini, Q\u0131r\u0131m Yuqar\u0131 \u015euras\u0131n\u0131\u00f1 deputat\u0131 Refat \u00c7ubarov, Meclis K\u00e2tibiyetini\u00f1 ba\u015f\u0131 Zair Smedl\u00e2yev ve Q\u0131r\u0131m musulmanlar\u0131 m\u00fcftisini\u00f1 muavini Esadulla Bairov &#8220;Q\u0131r\u0131mda camiler yaq\u0131lmas\u0131: sab\u0131r\u0131m\u0131z s\u0131nav\u0131 ya da Q\u0131r\u0131mda k\u00f6lemli fesatlarn\u0131\u00f1 ba\u015flanmas\u0131m\u0131?&#8221; mevzus\u0131nda matbuat konferentsiyas\u0131n\u0131 ke\u00e7irdiler. Mal\u00fcm ki, musulmanlarn\u0131\u00f1 eki b\u00fcy\u00fck bayramlar\u0131ndan biri ol\u011fan Qurban bayram\u0131 arfesinde [&hellip;]<\/p>\n","protected":false},"author":1,"featured_media":39692,"comment_status":"open","ping_status":"open","sticky":false,"template":"","format":"standard","meta":{"inline_featured_image":false,"footnotes":""},"categories":[265],"tags":[],"class_list":["post-39691","post","type-post","status-publish","format-standard","has-post-thumbnail","hentry","category-haberler"],"acf":[],"yoast_head":"<!-- This site is optimized with the Yoast SEO plugin v27.4 - https:\/\/yoast.com\/product\/yoast-seo-wordpress\/ -->\n<title>Refat \u00c7ubarov: Q\u0131r\u0131mda eki camini\u00f1 yaq\u0131lmas\u0131n\u0131 Meclis terrorist areketlerini\u00f1 al\u00e2meti, dep saya - \u041c\u0435\u0434\u0436\u043b\u0456\u0441<\/title>\n<meta name=\"robots\" content=\"index, follow, max-snippet:-1, max-image-preview:large, max-video-preview:-1\" \/>\n<link rel=\"canonical\" href=\"https:\/\/qtmm.org\/qt\/refat-cubarov-qirimda-eki-caminin-yaqilmasini-meclis-terrorist-areketlerinin-alameti-dep-saya\/\" \/>\n<meta property=\"og:locale\" content=\"en_US\" \/>\n<meta property=\"og:type\" content=\"article\" \/>\n<meta property=\"og:title\" content=\"Refat \u00c7ubarov: Q\u0131r\u0131mda eki camini\u00f1 yaq\u0131lmas\u0131n\u0131 Meclis terrorist areketlerini\u00f1 al\u00e2meti, dep saya - \u041c\u0435\u0434\u0436\u043b\u0456\u0441\" \/>\n<meta property=\"og:description\" content=\"2013 s yenesi okt\u00e2br 16 k\u00fcn\u00fc Milliy Meclis reisini\u00f1 birinci muavini, Q\u0131r\u0131m Yuqar\u0131 \u015euras\u0131n\u0131\u00f1 deputat\u0131 Refat \u00c7ubarov, Meclis K\u00e2tibiyetini\u00f1 ba\u015f\u0131 Zair Smedl\u00e2yev ve Q\u0131r\u0131m musulmanlar\u0131 m\u00fcftisini\u00f1 muavini Esadulla Bairov &#8220;Q\u0131r\u0131mda camiler yaq\u0131lmas\u0131: sab\u0131r\u0131m\u0131z s\u0131nav\u0131 ya da Q\u0131r\u0131mda k\u00f6lemli fesatlarn\u0131\u00f1 ba\u015flanmas\u0131m\u0131?&#8221; mevzus\u0131nda matbuat konferentsiyas\u0131n\u0131 ke\u00e7irdiler. Mal\u00fcm ki, musulmanlarn\u0131\u00f1 eki b\u00fcy\u00fck bayramlar\u0131ndan biri ol\u011fan Qurban bayram\u0131 arfesinde [&hellip;]\" \/>\n<meta property=\"og:url\" content=\"https:\/\/qtmm.org\/qt\/refat-cubarov-qirimda-eki-caminin-yaqilmasini-meclis-terrorist-areketlerinin-alameti-dep-saya\/\" \/>\n<meta property=\"og:site_name\" content=\"\u041c\u0435\u0434\u0436\u043b\u0456\u0441\" \/>\n<meta property=\"article:publisher\" content=\"https:\/\/www.facebook.com\/qtmm.info\/\" \/>\n<meta property=\"article:published_time\" content=\"2013-10-16T20:57:00+00:00\" \/>\n<meta property=\"article:modified_time\" content=\"2022-01-25T20:59:34+00:00\" \/>\n<meta property=\"og:image\" content=\"https:\/\/qtmm.org\/wp-content\/uploads\/2022\/01\/1_129.jpeg\" \/>\n\t<meta property=\"og:image:width\" content=\"650\" \/>\n\t<meta property=\"og:image:height\" content=\"350\" \/>\n\t<meta property=\"og:image:type\" content=\"image\/jpeg\" \/>\n<meta name=\"author\" content=\"Developer\" \/>\n<meta name=\"twitter:card\" content=\"summary_large_image\" \/>\n<meta name=\"twitter:label1\" content=\"Written by\" \/>\n\t<meta name=\"twitter:data1\" content=\"Developer\" \/>\n\t<meta name=\"twitter:label2\" content=\"Est. reading time\" \/>\n\t<meta name=\"twitter:data2\" content=\"3 minutes\" \/>\n<script type=\"application\/ld+json\" class=\"yoast-schema-graph\">{\"@context\":\"https:\\\/\\\/schema.org\",\"@graph\":[{\"@type\":\"Article\",\"@id\":\"https:\\\/\\\/qtmm.org\\\/qt\\\/refat-cubarov-qirimda-eki-caminin-yaqilmasini-meclis-terrorist-areketlerinin-alameti-dep-saya\\\/#article\",\"isPartOf\":{\"@id\":\"https:\\\/\\\/qtmm.org\\\/qt\\\/refat-cubarov-qirimda-eki-caminin-yaqilmasini-meclis-terrorist-areketlerinin-alameti-dep-saya\\\/\"},\"author\":{\"name\":\"Developer\",\"@id\":\"https:\\\/\\\/qtmm.org\\\/qt\\\/#\\\/schema\\\/person\\\/de562469f971dec226ac06e60bbf74a7\"},\"headline\":\"Refat \u00c7ubarov: Q\u0131r\u0131mda eki camini\u00f1 yaq\u0131lmas\u0131n\u0131 Meclis terrorist areketlerini\u00f1 al\u00e2meti, dep saya\",\"datePublished\":\"2013-10-16T20:57:00+00:00\",\"dateModified\":\"2022-01-25T20:59:34+00:00\",\"mainEntityOfPage\":{\"@id\":\"https:\\\/\\\/qtmm.org\\\/qt\\\/refat-cubarov-qirimda-eki-caminin-yaqilmasini-meclis-terrorist-areketlerinin-alameti-dep-saya\\\/\"},\"wordCount\":529,\"commentCount\":0,\"publisher\":{\"@id\":\"https:\\\/\\\/qtmm.org\\\/qt\\\/#organization\"},\"image\":{\"@id\":\"https:\\\/\\\/qtmm.org\\\/qt\\\/refat-cubarov-qirimda-eki-caminin-yaqilmasini-meclis-terrorist-areketlerinin-alameti-dep-saya\\\/#primaryimage\"},\"thumbnailUrl\":\"https:\\\/\\\/qtmm.org\\\/wp-content\\\/uploads\\\/2022\\\/01\\\/1_129.jpeg\",\"articleSection\":[\"Haberler\"],\"inLanguage\":\"qt\",\"potentialAction\":[{\"@type\":\"CommentAction\",\"name\":\"Comment\",\"target\":[\"https:\\\/\\\/qtmm.org\\\/qt\\\/refat-cubarov-qirimda-eki-caminin-yaqilmasini-meclis-terrorist-areketlerinin-alameti-dep-saya\\\/#respond\"]}]},{\"@type\":\"WebPage\",\"@id\":\"https:\\\/\\\/qtmm.org\\\/qt\\\/refat-cubarov-qirimda-eki-caminin-yaqilmasini-meclis-terrorist-areketlerinin-alameti-dep-saya\\\/\",\"url\":\"https:\\\/\\\/qtmm.org\\\/qt\\\/refat-cubarov-qirimda-eki-caminin-yaqilmasini-meclis-terrorist-areketlerinin-alameti-dep-saya\\\/\",\"name\":\"Refat \u00c7ubarov: Q\u0131r\u0131mda eki camini\u00f1 yaq\u0131lmas\u0131n\u0131 Meclis terrorist areketlerini\u00f1 al\u00e2meti, dep saya - \u041c\u0435\u0434\u0436\u043b\u0456\u0441\",\"isPartOf\":{\"@id\":\"https:\\\/\\\/qtmm.org\\\/qt\\\/#website\"},\"primaryImageOfPage\":{\"@id\":\"https:\\\/\\\/qtmm.org\\\/qt\\\/refat-cubarov-qirimda-eki-caminin-yaqilmasini-meclis-terrorist-areketlerinin-alameti-dep-saya\\\/#primaryimage\"},\"image\":{\"@id\":\"https:\\\/\\\/qtmm.org\\\/qt\\\/refat-cubarov-qirimda-eki-caminin-yaqilmasini-meclis-terrorist-areketlerinin-alameti-dep-saya\\\/#primaryimage\"},\"thumbnailUrl\":\"https:\\\/\\\/qtmm.org\\\/wp-content\\\/uploads\\\/2022\\\/01\\\/1_129.jpeg\",\"datePublished\":\"2013-10-16T20:57:00+00:00\",\"dateModified\":\"2022-01-25T20:59:34+00:00\",\"breadcrumb\":{\"@id\":\"https:\\\/\\\/qtmm.org\\\/qt\\\/refat-cubarov-qirimda-eki-caminin-yaqilmasini-meclis-terrorist-areketlerinin-alameti-dep-saya\\\/#breadcrumb\"},\"inLanguage\":\"qt\",\"potentialAction\":[{\"@type\":\"ReadAction\",\"target\":[\"https:\\\/\\\/qtmm.org\\\/qt\\\/refat-cubarov-qirimda-eki-caminin-yaqilmasini-meclis-terrorist-areketlerinin-alameti-dep-saya\\\/\"]}]},{\"@type\":\"ImageObject\",\"inLanguage\":\"qt\",\"@id\":\"https:\\\/\\\/qtmm.org\\\/qt\\\/refat-cubarov-qirimda-eki-caminin-yaqilmasini-meclis-terrorist-areketlerinin-alameti-dep-saya\\\/#primaryimage\",\"url\":\"https:\\\/\\\/qtmm.org\\\/wp-content\\\/uploads\\\/2022\\\/01\\\/1_129.jpeg\",\"contentUrl\":\"https:\\\/\\\/qtmm.org\\\/wp-content\\\/uploads\\\/2022\\\/01\\\/1_129.jpeg\",\"width\":650,\"height\":350},{\"@type\":\"BreadcrumbList\",\"@id\":\"https:\\\/\\\/qtmm.org\\\/qt\\\/refat-cubarov-qirimda-eki-caminin-yaqilmasini-meclis-terrorist-areketlerinin-alameti-dep-saya\\\/#breadcrumb\",\"itemListElement\":[{\"@type\":\"ListItem\",\"position\":1,\"name\":\"\u0413\u043e\u043b\u043e\u0432\u043d\u0430\",\"item\":\"https:\\\/\\\/qtmm.org\\\/qt\\\/\"},{\"@type\":\"ListItem\",\"position\":2,\"name\":\"Refat \u00c7ubarov: Q\u0131r\u0131mda eki camini\u00f1 yaq\u0131lmas\u0131n\u0131 Meclis terrorist areketlerini\u00f1 al\u00e2meti, dep saya\"}]},{\"@type\":\"WebSite\",\"@id\":\"https:\\\/\\\/qtmm.org\\\/qt\\\/#website\",\"url\":\"https:\\\/\\\/qtmm.org\\\/qt\\\/\",\"name\":\"\u041c\u0435\u0434\u0436\u043b\u0456\u0441\",\"description\":\"\",\"publisher\":{\"@id\":\"https:\\\/\\\/qtmm.org\\\/qt\\\/#organization\"},\"potentialAction\":[{\"@type\":\"SearchAction\",\"target\":{\"@type\":\"EntryPoint\",\"urlTemplate\":\"https:\\\/\\\/qtmm.org\\\/qt\\\/?s={search_term_string}\"},\"query-input\":{\"@type\":\"PropertyValueSpecification\",\"valueRequired\":true,\"valueName\":\"search_term_string\"}}],\"inLanguage\":\"qt\"},{\"@type\":\"Organization\",\"@id\":\"https:\\\/\\\/qtmm.org\\\/qt\\\/#organization\",\"name\":\"\u041c\u0435\u0434\u0436\u043b\u0456\u0441\",\"url\":\"https:\\\/\\\/qtmm.org\\\/qt\\\/\",\"logo\":{\"@type\":\"ImageObject\",\"inLanguage\":\"qt\",\"@id\":\"https:\\\/\\\/qtmm.org\\\/qt\\\/#\\\/schema\\\/logo\\\/image\\\/\",\"url\":\"https:\\\/\\\/qtmm.org\\\/wp-content\\\/uploads\\\/2024\\\/12\\\/ua-mejlis-logo-rgb.svg\",\"contentUrl\":\"https:\\\/\\\/qtmm.org\\\/wp-content\\\/uploads\\\/2024\\\/12\\\/ua-mejlis-logo-rgb.svg\",\"caption\":\"\u041c\u0435\u0434\u0436\u043b\u0456\u0441\"},\"image\":{\"@id\":\"https:\\\/\\\/qtmm.org\\\/qt\\\/#\\\/schema\\\/logo\\\/image\\\/\"},\"sameAs\":[\"https:\\\/\\\/www.facebook.com\\\/qtmm.info\\\/\"]},{\"@type\":\"Person\",\"@id\":\"https:\\\/\\\/qtmm.org\\\/qt\\\/#\\\/schema\\\/person\\\/de562469f971dec226ac06e60bbf74a7\",\"name\":\"Developer\",\"image\":{\"@type\":\"ImageObject\",\"inLanguage\":\"qt\",\"@id\":\"https:\\\/\\\/secure.gravatar.com\\\/avatar\\\/392b4cc8fbfeb00b39dfeeab4ee6edded39ffd48e25858637e4765810300227e?s=96&d=mm&r=g\",\"url\":\"https:\\\/\\\/secure.gravatar.com\\\/avatar\\\/392b4cc8fbfeb00b39dfeeab4ee6edded39ffd48e25858637e4765810300227e?s=96&d=mm&r=g\",\"contentUrl\":\"https:\\\/\\\/secure.gravatar.com\\\/avatar\\\/392b4cc8fbfeb00b39dfeeab4ee6edded39ffd48e25858637e4765810300227e?s=96&d=mm&r=g\",\"caption\":\"Developer\"},\"url\":\"https:\\\/\\\/qtmm.org\\\/qt\\\/author\\\/Developer\\\/\"}]}<\/script>\n<!-- \/ Yoast SEO plugin. -->","yoast_head_json":{"title":"Refat \u00c7ubarov: Q\u0131r\u0131mda eki camini\u00f1 yaq\u0131lmas\u0131n\u0131 Meclis terrorist areketlerini\u00f1 al\u00e2meti, dep saya - \u041c\u0435\u0434\u0436\u043b\u0456\u0441","robots":{"index":"index","follow":"follow","max-snippet":"max-snippet:-1","max-image-preview":"max-image-preview:large","max-video-preview":"max-video-preview:-1"},"canonical":"https:\/\/qtmm.org\/qt\/refat-cubarov-qirimda-eki-caminin-yaqilmasini-meclis-terrorist-areketlerinin-alameti-dep-saya\/","og_locale":"en_US","og_type":"article","og_title":"Refat \u00c7ubarov: Q\u0131r\u0131mda eki camini\u00f1 yaq\u0131lmas\u0131n\u0131 Meclis terrorist areketlerini\u00f1 al\u00e2meti, dep saya - \u041c\u0435\u0434\u0436\u043b\u0456\u0441","og_description":"2013 s yenesi okt\u00e2br 16 k\u00fcn\u00fc Milliy Meclis reisini\u00f1 birinci muavini, Q\u0131r\u0131m Yuqar\u0131 \u015euras\u0131n\u0131\u00f1 deputat\u0131 Refat \u00c7ubarov, Meclis K\u00e2tibiyetini\u00f1 ba\u015f\u0131 Zair Smedl\u00e2yev ve Q\u0131r\u0131m musulmanlar\u0131 m\u00fcftisini\u00f1 muavini Esadulla Bairov &#8220;Q\u0131r\u0131mda camiler yaq\u0131lmas\u0131: sab\u0131r\u0131m\u0131z s\u0131nav\u0131 ya da Q\u0131r\u0131mda k\u00f6lemli fesatlarn\u0131\u00f1 ba\u015flanmas\u0131m\u0131?&#8221; mevzus\u0131nda matbuat konferentsiyas\u0131n\u0131 ke\u00e7irdiler. Mal\u00fcm ki, musulmanlarn\u0131\u00f1 eki b\u00fcy\u00fck bayramlar\u0131ndan biri ol\u011fan Qurban bayram\u0131 arfesinde [&hellip;]","og_url":"https:\/\/qtmm.org\/qt\/refat-cubarov-qirimda-eki-caminin-yaqilmasini-meclis-terrorist-areketlerinin-alameti-dep-saya\/","og_site_name":"\u041c\u0435\u0434\u0436\u043b\u0456\u0441","article_publisher":"https:\/\/www.facebook.com\/qtmm.info\/","article_published_time":"2013-10-16T20:57:00+00:00","article_modified_time":"2022-01-25T20:59:34+00:00","og_image":[{"width":650,"height":350,"url":"https:\/\/qtmm.org\/wp-content\/uploads\/2022\/01\/1_129.jpeg","type":"image\/jpeg"}],"author":"Developer","twitter_card":"summary_large_image","twitter_misc":{"Written by":"Developer","Est. reading time":"3 minutes"},"schema":{"@context":"https:\/\/schema.org","@graph":[{"@type":"Article","@id":"https:\/\/qtmm.org\/qt\/refat-cubarov-qirimda-eki-caminin-yaqilmasini-meclis-terrorist-areketlerinin-alameti-dep-saya\/#article","isPartOf":{"@id":"https:\/\/qtmm.org\/qt\/refat-cubarov-qirimda-eki-caminin-yaqilmasini-meclis-terrorist-areketlerinin-alameti-dep-saya\/"},"author":{"name":"Developer","@id":"https:\/\/qtmm.org\/qt\/#\/schema\/person\/de562469f971dec226ac06e60bbf74a7"},"headline":"Refat \u00c7ubarov: Q\u0131r\u0131mda eki camini\u00f1 yaq\u0131lmas\u0131n\u0131 Meclis terrorist areketlerini\u00f1 al\u00e2meti, dep saya","datePublished":"2013-10-16T20:57:00+00:00","dateModified":"2022-01-25T20:59:34+00:00","mainEntityOfPage":{"@id":"https:\/\/qtmm.org\/qt\/refat-cubarov-qirimda-eki-caminin-yaqilmasini-meclis-terrorist-areketlerinin-alameti-dep-saya\/"},"wordCount":529,"commentCount":0,"publisher":{"@id":"https:\/\/qtmm.org\/qt\/#organization"},"image":{"@id":"https:\/\/qtmm.org\/qt\/refat-cubarov-qirimda-eki-caminin-yaqilmasini-meclis-terrorist-areketlerinin-alameti-dep-saya\/#primaryimage"},"thumbnailUrl":"https:\/\/qtmm.org\/wp-content\/uploads\/2022\/01\/1_129.jpeg","articleSection":["Haberler"],"inLanguage":"qt","potentialAction":[{"@type":"CommentAction","name":"Comment","target":["https:\/\/qtmm.org\/qt\/refat-cubarov-qirimda-eki-caminin-yaqilmasini-meclis-terrorist-areketlerinin-alameti-dep-saya\/#respond"]}]},{"@type":"WebPage","@id":"https:\/\/qtmm.org\/qt\/refat-cubarov-qirimda-eki-caminin-yaqilmasini-meclis-terrorist-areketlerinin-alameti-dep-saya\/","url":"https:\/\/qtmm.org\/qt\/refat-cubarov-qirimda-eki-caminin-yaqilmasini-meclis-terrorist-areketlerinin-alameti-dep-saya\/","name":"Refat \u00c7ubarov: Q\u0131r\u0131mda eki camini\u00f1 yaq\u0131lmas\u0131n\u0131 Meclis terrorist areketlerini\u00f1 al\u00e2meti, dep saya - \u041c\u0435\u0434\u0436\u043b\u0456\u0441","isPartOf":{"@id":"https:\/\/qtmm.org\/qt\/#website"},"primaryImageOfPage":{"@id":"https:\/\/qtmm.org\/qt\/refat-cubarov-qirimda-eki-caminin-yaqilmasini-meclis-terrorist-areketlerinin-alameti-dep-saya\/#primaryimage"},"image":{"@id":"https:\/\/qtmm.org\/qt\/refat-cubarov-qirimda-eki-caminin-yaqilmasini-meclis-terrorist-areketlerinin-alameti-dep-saya\/#primaryimage"},"thumbnailUrl":"https:\/\/qtmm.org\/wp-content\/uploads\/2022\/01\/1_129.jpeg","datePublished":"2013-10-16T20:57:00+00:00","dateModified":"2022-01-25T20:59:34+00:00","breadcrumb":{"@id":"https:\/\/qtmm.org\/qt\/refat-cubarov-qirimda-eki-caminin-yaqilmasini-meclis-terrorist-areketlerinin-alameti-dep-saya\/#breadcrumb"},"inLanguage":"qt","potentialAction":[{"@type":"ReadAction","target":["https:\/\/qtmm.org\/qt\/refat-cubarov-qirimda-eki-caminin-yaqilmasini-meclis-terrorist-areketlerinin-alameti-dep-saya\/"]}]},{"@type":"ImageObject","inLanguage":"qt","@id":"https:\/\/qtmm.org\/qt\/refat-cubarov-qirimda-eki-caminin-yaqilmasini-meclis-terrorist-areketlerinin-alameti-dep-saya\/#primaryimage","url":"https:\/\/qtmm.org\/wp-content\/uploads\/2022\/01\/1_129.jpeg","contentUrl":"https:\/\/qtmm.org\/wp-content\/uploads\/2022\/01\/1_129.jpeg","width":650,"height":350},{"@type":"BreadcrumbList","@id":"https:\/\/qtmm.org\/qt\/refat-cubarov-qirimda-eki-caminin-yaqilmasini-meclis-terrorist-areketlerinin-alameti-dep-saya\/#breadcrumb","itemListElement":[{"@type":"ListItem","position":1,"name":"\u0413\u043e\u043b\u043e\u0432\u043d\u0430","item":"https:\/\/qtmm.org\/qt\/"},{"@type":"ListItem","position":2,"name":"Refat \u00c7ubarov: Q\u0131r\u0131mda eki camini\u00f1 yaq\u0131lmas\u0131n\u0131 Meclis terrorist areketlerini\u00f1 al\u00e2meti, dep saya"}]},{"@type":"WebSite","@id":"https:\/\/qtmm.org\/qt\/#website","url":"https:\/\/qtmm.org\/qt\/","name":"\u041c\u0435\u0434\u0436\u043b\u0456\u0441","description":"","publisher":{"@id":"https:\/\/qtmm.org\/qt\/#organization"},"potentialAction":[{"@type":"SearchAction","target":{"@type":"EntryPoint","urlTemplate":"https:\/\/qtmm.org\/qt\/?s={search_term_string}"},"query-input":{"@type":"PropertyValueSpecification","valueRequired":true,"valueName":"search_term_string"}}],"inLanguage":"qt"},{"@type":"Organization","@id":"https:\/\/qtmm.org\/qt\/#organization","name":"\u041c\u0435\u0434\u0436\u043b\u0456\u0441","url":"https:\/\/qtmm.org\/qt\/","logo":{"@type":"ImageObject","inLanguage":"qt","@id":"https:\/\/qtmm.org\/qt\/#\/schema\/logo\/image\/","url":"https:\/\/qtmm.org\/wp-content\/uploads\/2024\/12\/ua-mejlis-logo-rgb.svg","contentUrl":"https:\/\/qtmm.org\/wp-content\/uploads\/2024\/12\/ua-mejlis-logo-rgb.svg","caption":"\u041c\u0435\u0434\u0436\u043b\u0456\u0441"},"image":{"@id":"https:\/\/qtmm.org\/qt\/#\/schema\/logo\/image\/"},"sameAs":["https:\/\/www.facebook.com\/qtmm.info\/"]},{"@type":"Person","@id":"https:\/\/qtmm.org\/qt\/#\/schema\/person\/de562469f971dec226ac06e60bbf74a7","name":"Developer","image":{"@type":"ImageObject","inLanguage":"qt","@id":"https:\/\/secure.gravatar.com\/avatar\/392b4cc8fbfeb00b39dfeeab4ee6edded39ffd48e25858637e4765810300227e?s=96&d=mm&r=g","url":"https:\/\/secure.gravatar.com\/avatar\/392b4cc8fbfeb00b39dfeeab4ee6edded39ffd48e25858637e4765810300227e?s=96&d=mm&r=g","contentUrl":"https:\/\/secure.gravatar.com\/avatar\/392b4cc8fbfeb00b39dfeeab4ee6edded39ffd48e25858637e4765810300227e?s=96&d=mm&r=g","caption":"Developer"},"url":"https:\/\/qtmm.org\/qt\/author\/Developer\/"}]}},"_links":{"self":[{"href":"https:\/\/qtmm.org\/qt\/wp-json\/wp\/v2\/posts\/39691","targetHints":{"allow":["GET"]}}],"collection":[{"href":"https:\/\/qtmm.org\/qt\/wp-json\/wp\/v2\/posts"}],"about":[{"href":"https:\/\/qtmm.org\/qt\/wp-json\/wp\/v2\/types\/post"}],"author":[{"embeddable":true,"href":"https:\/\/qtmm.org\/qt\/wp-json\/wp\/v2\/users\/1"}],"replies":[{"embeddable":true,"href":"https:\/\/qtmm.org\/qt\/wp-json\/wp\/v2\/comments?post=39691"}],"version-history":[{"count":1,"href":"https:\/\/qtmm.org\/qt\/wp-json\/wp\/v2\/posts\/39691\/revisions"}],"predecessor-version":[{"id":39712,"href":"https:\/\/qtmm.org\/qt\/wp-json\/wp\/v2\/posts\/39691\/revisions\/39712"}],"wp:featuredmedia":[{"embeddable":true,"href":"https:\/\/qtmm.org\/qt\/wp-json\/wp\/v2\/media\/39692"}],"wp:attachment":[{"href":"https:\/\/qtmm.org\/qt\/wp-json\/wp\/v2\/media?parent=39691"}],"wp:term":[{"taxonomy":"category","embeddable":true,"href":"https:\/\/qtmm.org\/qt\/wp-json\/wp\/v2\/categories?post=39691"},{"taxonomy":"post_tag","embeddable":true,"href":"https:\/\/qtmm.org\/qt\/wp-json\/wp\/v2\/tags?post=39691"}],"curies":[{"name":"wp","href":"https:\/\/api.w.org\/{rel}","templated":true}]}}