




{"id":39675,"date":"2013-10-14T23:55:00","date_gmt":"2013-10-14T20:55:00","guid":{"rendered":"http:\/\/qtmm.org\/?p=39675"},"modified":"2022-01-25T23:55:50","modified_gmt":"2022-01-25T20:55:50","slug":"qurban-bayraminiz-mubarek-olsun-3","status":"publish","type":"post","link":"https:\/\/qtmm.org\/qt\/qurban-bayraminiz-mubarek-olsun-3\/","title":{"rendered":"Qurban Bayram\u0131\u00f1\u0131z Mubarek olsun!"},"content":{"rendered":"\n<p class=\"has-text-align-center\"><strong>Say\u011f\u0131l\u0131 dinda\u015flar, aziz vatanda\u015flar!<\/strong><br>&nbsp;<\/p>\n\n\n\n<p>Epimiz i\u00e7\u00fcn ulu ve muqaddes ol\u011fan Qurban-Bayram munasebeti ile bu samimiy hay\u0131rlavlar\u0131m\u0131z ve tileklerimizni qabul etersi\u00f1iz, degen \u00fcm\u00fcttemiz!<\/p>\n\n\n\n<p>Bun\u0131\u00f1nen beraber, \u00f6z\u00fc\u00f1iz ve qoranta\u00f1\u0131z daima sa\u011f-sel\u00e2met ol\u0131p, etraf\u0131\u00f1\u0131zda sevgi-muabbetlik, quvan\u00e7 ve barl\u0131q m\u00fciti \u00fck\u00fcm s\u00fcrgenini can-g\u00f6\u00f1l\u00fcnden istermiz.<\/p>\n\n\n\n<p>Alla-Taal\u00e2 milletimizni\u00f1 kelecegini ayd\u0131nl\u0131qqa toldurs\u0131n ve b\u00fct\u00fcn asriy arzular\u0131n\u0131 yerine ketirsin, epi\u00f1izni\u00f1 tutqan alicenap i\u015fleri\u00f1izde yard\u0131mc\u0131 olsun!<\/p>\n\n\n\n<p><strong><em>Q\u0131r\u0131mtatar Milliy Meclisi<\/em><\/strong><\/p>\n\n\n\n<figure class=\"wp-block-image size-full\"><img loading=\"lazy\" decoding=\"async\" width=\"650\" height=\"316\" src=\"http:\/\/qtmm.org\/wp-content\/uploads\/2022\/01\/qurban2.jpeg\" alt=\"\" class=\"wp-image-39676\" srcset=\"https:\/\/qtmm.org\/wp-content\/uploads\/2022\/01\/qurban2.jpeg 650w, https:\/\/qtmm.org\/wp-content\/uploads\/2022\/01\/qurban2-300x146.jpeg 300w\" sizes=\"auto, (max-width: 650px) 100vw, 650px\" \/><\/figure>\n","protected":false},"excerpt":{"rendered":"<p>Say\u011f\u0131l\u0131 dinda\u015flar, aziz vatanda\u015flar!&nbsp; Epimiz i\u00e7\u00fcn ulu ve muqaddes ol\u011fan Qurban-Bayram munasebeti ile bu samimiy hay\u0131rlavlar\u0131m\u0131z ve tileklerimizni qabul etersi\u00f1iz, degen \u00fcm\u00fcttemiz! Bun\u0131\u00f1nen beraber, \u00f6z\u00fc\u00f1iz ve qoranta\u00f1\u0131z daima sa\u011f-sel\u00e2met ol\u0131p, etraf\u0131\u00f1\u0131zda sevgi-muabbetlik, quvan\u00e7 ve barl\u0131q m\u00fciti \u00fck\u00fcm s\u00fcrgenini can-g\u00f6\u00f1l\u00fcnden istermiz. Alla-Taal\u00e2 milletimizni\u00f1 kelecegini ayd\u0131nl\u0131qqa toldurs\u0131n ve b\u00fct\u00fcn asriy arzular\u0131n\u0131 yerine ketirsin, epi\u00f1izni\u00f1 tutqan alicenap i\u015fleri\u00f1izde [&hellip;]<\/p>\n","protected":false},"author":1,"featured_media":0,"comment_status":"open","ping_status":"open","sticky":false,"template":"","format":"standard","meta":{"inline_featured_image":false,"footnotes":""},"categories":[265],"tags":[],"class_list":["post-39675","post","type-post","status-publish","format-standard","hentry","category-haberler"],"acf":[],"yoast_head":"<!-- This site is optimized with the Yoast SEO plugin v27.4 - https:\/\/yoast.com\/product\/yoast-seo-wordpress\/ -->\n<title>Qurban Bayram\u0131\u00f1\u0131z Mubarek olsun! - \u041c\u0435\u0434\u0436\u043b\u0456\u0441<\/title>\n<meta name=\"robots\" content=\"index, follow, max-snippet:-1, max-image-preview:large, max-video-preview:-1\" \/>\n<link rel=\"canonical\" href=\"https:\/\/qtmm.org\/qt\/qurban-bayraminiz-mubarek-olsun-3\/\" \/>\n<meta property=\"og:locale\" content=\"en_US\" \/>\n<meta property=\"og:type\" content=\"article\" \/>\n<meta property=\"og:title\" content=\"Qurban Bayram\u0131\u00f1\u0131z Mubarek olsun! - \u041c\u0435\u0434\u0436\u043b\u0456\u0441\" \/>\n<meta property=\"og:description\" content=\"Say\u011f\u0131l\u0131 dinda\u015flar, aziz vatanda\u015flar!&nbsp; Epimiz i\u00e7\u00fcn ulu ve muqaddes ol\u011fan Qurban-Bayram munasebeti ile bu samimiy hay\u0131rlavlar\u0131m\u0131z ve tileklerimizni qabul etersi\u00f1iz, degen \u00fcm\u00fcttemiz! Bun\u0131\u00f1nen beraber, \u00f6z\u00fc\u00f1iz ve qoranta\u00f1\u0131z daima sa\u011f-sel\u00e2met ol\u0131p, etraf\u0131\u00f1\u0131zda sevgi-muabbetlik, quvan\u00e7 ve barl\u0131q m\u00fciti \u00fck\u00fcm s\u00fcrgenini can-g\u00f6\u00f1l\u00fcnden istermiz. Alla-Taal\u00e2 milletimizni\u00f1 kelecegini ayd\u0131nl\u0131qqa toldurs\u0131n ve b\u00fct\u00fcn asriy arzular\u0131n\u0131 yerine ketirsin, epi\u00f1izni\u00f1 tutqan alicenap i\u015fleri\u00f1izde [&hellip;]\" \/>\n<meta property=\"og:url\" content=\"https:\/\/qtmm.org\/qt\/qurban-bayraminiz-mubarek-olsun-3\/\" \/>\n<meta property=\"og:site_name\" content=\"\u041c\u0435\u0434\u0436\u043b\u0456\u0441\" \/>\n<meta property=\"article:publisher\" content=\"https:\/\/www.facebook.com\/qtmm.info\/\" \/>\n<meta property=\"article:published_time\" content=\"2013-10-14T20:55:00+00:00\" \/>\n<meta property=\"article:modified_time\" content=\"2022-01-25T20:55:50+00:00\" \/>\n<meta property=\"og:image\" content=\"https:\/\/qtmm.org\/wp-content\/uploads\/2022\/01\/qurban2.jpeg\" \/>\n\t<meta property=\"og:image:width\" content=\"650\" \/>\n\t<meta property=\"og:image:height\" content=\"316\" \/>\n\t<meta property=\"og:image:type\" content=\"image\/jpeg\" \/>\n<meta name=\"author\" content=\"Developer\" \/>\n<meta name=\"twitter:card\" content=\"summary_large_image\" \/>\n<meta name=\"twitter:label1\" content=\"Written by\" \/>\n\t<meta name=\"twitter:data1\" content=\"Developer\" \/>\n<script type=\"application\/ld+json\" class=\"yoast-schema-graph\">{\"@context\":\"https:\\\/\\\/schema.org\",\"@graph\":[{\"@type\":\"Article\",\"@id\":\"https:\\\/\\\/qtmm.org\\\/qt\\\/qurban-bayraminiz-mubarek-olsun-3\\\/#article\",\"isPartOf\":{\"@id\":\"https:\\\/\\\/qtmm.org\\\/qt\\\/qurban-bayraminiz-mubarek-olsun-3\\\/\"},\"author\":{\"name\":\"Developer\",\"@id\":\"https:\\\/\\\/qtmm.org\\\/qt\\\/#\\\/schema\\\/person\\\/de562469f971dec226ac06e60bbf74a7\"},\"headline\":\"Qurban Bayram\u0131\u00f1\u0131z Mubarek olsun!\",\"datePublished\":\"2013-10-14T20:55:00+00:00\",\"dateModified\":\"2022-01-25T20:55:50+00:00\",\"mainEntityOfPage\":{\"@id\":\"https:\\\/\\\/qtmm.org\\\/qt\\\/qurban-bayraminiz-mubarek-olsun-3\\\/\"},\"wordCount\":101,\"commentCount\":0,\"publisher\":{\"@id\":\"https:\\\/\\\/qtmm.org\\\/qt\\\/#organization\"},\"image\":{\"@id\":\"https:\\\/\\\/qtmm.org\\\/qt\\\/qurban-bayraminiz-mubarek-olsun-3\\\/#primaryimage\"},\"thumbnailUrl\":\"http:\\\/\\\/qtmm.org\\\/wp-content\\\/uploads\\\/2022\\\/01\\\/qurban2.jpeg\",\"articleSection\":[\"Haberler\"],\"inLanguage\":\"qt\",\"potentialAction\":[{\"@type\":\"CommentAction\",\"name\":\"Comment\",\"target\":[\"https:\\\/\\\/qtmm.org\\\/qt\\\/qurban-bayraminiz-mubarek-olsun-3\\\/#respond\"]}]},{\"@type\":\"WebPage\",\"@id\":\"https:\\\/\\\/qtmm.org\\\/qt\\\/qurban-bayraminiz-mubarek-olsun-3\\\/\",\"url\":\"https:\\\/\\\/qtmm.org\\\/qt\\\/qurban-bayraminiz-mubarek-olsun-3\\\/\",\"name\":\"Qurban Bayram\u0131\u00f1\u0131z Mubarek olsun! - \u041c\u0435\u0434\u0436\u043b\u0456\u0441\",\"isPartOf\":{\"@id\":\"https:\\\/\\\/qtmm.org\\\/qt\\\/#website\"},\"primaryImageOfPage\":{\"@id\":\"https:\\\/\\\/qtmm.org\\\/qt\\\/qurban-bayraminiz-mubarek-olsun-3\\\/#primaryimage\"},\"image\":{\"@id\":\"https:\\\/\\\/qtmm.org\\\/qt\\\/qurban-bayraminiz-mubarek-olsun-3\\\/#primaryimage\"},\"thumbnailUrl\":\"http:\\\/\\\/qtmm.org\\\/wp-content\\\/uploads\\\/2022\\\/01\\\/qurban2.jpeg\",\"datePublished\":\"2013-10-14T20:55:00+00:00\",\"dateModified\":\"2022-01-25T20:55:50+00:00\",\"breadcrumb\":{\"@id\":\"https:\\\/\\\/qtmm.org\\\/qt\\\/qurban-bayraminiz-mubarek-olsun-3\\\/#breadcrumb\"},\"inLanguage\":\"qt\",\"potentialAction\":[{\"@type\":\"ReadAction\",\"target\":[\"https:\\\/\\\/qtmm.org\\\/qt\\\/qurban-bayraminiz-mubarek-olsun-3\\\/\"]}]},{\"@type\":\"ImageObject\",\"inLanguage\":\"qt\",\"@id\":\"https:\\\/\\\/qtmm.org\\\/qt\\\/qurban-bayraminiz-mubarek-olsun-3\\\/#primaryimage\",\"url\":\"http:\\\/\\\/qtmm.org\\\/wp-content\\\/uploads\\\/2022\\\/01\\\/qurban2.jpeg\",\"contentUrl\":\"http:\\\/\\\/qtmm.org\\\/wp-content\\\/uploads\\\/2022\\\/01\\\/qurban2.jpeg\"},{\"@type\":\"BreadcrumbList\",\"@id\":\"https:\\\/\\\/qtmm.org\\\/qt\\\/qurban-bayraminiz-mubarek-olsun-3\\\/#breadcrumb\",\"itemListElement\":[{\"@type\":\"ListItem\",\"position\":1,\"name\":\"\u0413\u043e\u043b\u043e\u0432\u043d\u0430\",\"item\":\"https:\\\/\\\/qtmm.org\\\/qt\\\/\"},{\"@type\":\"ListItem\",\"position\":2,\"name\":\"Qurban Bayram\u0131\u00f1\u0131z Mubarek olsun!\"}]},{\"@type\":\"WebSite\",\"@id\":\"https:\\\/\\\/qtmm.org\\\/qt\\\/#website\",\"url\":\"https:\\\/\\\/qtmm.org\\\/qt\\\/\",\"name\":\"\u041c\u0435\u0434\u0436\u043b\u0456\u0441\",\"description\":\"\",\"publisher\":{\"@id\":\"https:\\\/\\\/qtmm.org\\\/qt\\\/#organization\"},\"potentialAction\":[{\"@type\":\"SearchAction\",\"target\":{\"@type\":\"EntryPoint\",\"urlTemplate\":\"https:\\\/\\\/qtmm.org\\\/qt\\\/?s={search_term_string}\"},\"query-input\":{\"@type\":\"PropertyValueSpecification\",\"valueRequired\":true,\"valueName\":\"search_term_string\"}}],\"inLanguage\":\"qt\"},{\"@type\":\"Organization\",\"@id\":\"https:\\\/\\\/qtmm.org\\\/qt\\\/#organization\",\"name\":\"\u041c\u0435\u0434\u0436\u043b\u0456\u0441\",\"url\":\"https:\\\/\\\/qtmm.org\\\/qt\\\/\",\"logo\":{\"@type\":\"ImageObject\",\"inLanguage\":\"qt\",\"@id\":\"https:\\\/\\\/qtmm.org\\\/qt\\\/#\\\/schema\\\/logo\\\/image\\\/\",\"url\":\"https:\\\/\\\/qtmm.org\\\/wp-content\\\/uploads\\\/2024\\\/12\\\/ua-mejlis-logo-rgb.svg\",\"contentUrl\":\"https:\\\/\\\/qtmm.org\\\/wp-content\\\/uploads\\\/2024\\\/12\\\/ua-mejlis-logo-rgb.svg\",\"caption\":\"\u041c\u0435\u0434\u0436\u043b\u0456\u0441\"},\"image\":{\"@id\":\"https:\\\/\\\/qtmm.org\\\/qt\\\/#\\\/schema\\\/logo\\\/image\\\/\"},\"sameAs\":[\"https:\\\/\\\/www.facebook.com\\\/qtmm.info\\\/\"]},{\"@type\":\"Person\",\"@id\":\"https:\\\/\\\/qtmm.org\\\/qt\\\/#\\\/schema\\\/person\\\/de562469f971dec226ac06e60bbf74a7\",\"name\":\"Developer\",\"image\":{\"@type\":\"ImageObject\",\"inLanguage\":\"qt\",\"@id\":\"https:\\\/\\\/secure.gravatar.com\\\/avatar\\\/392b4cc8fbfeb00b39dfeeab4ee6edded39ffd48e25858637e4765810300227e?s=96&d=mm&r=g\",\"url\":\"https:\\\/\\\/secure.gravatar.com\\\/avatar\\\/392b4cc8fbfeb00b39dfeeab4ee6edded39ffd48e25858637e4765810300227e?s=96&d=mm&r=g\",\"contentUrl\":\"https:\\\/\\\/secure.gravatar.com\\\/avatar\\\/392b4cc8fbfeb00b39dfeeab4ee6edded39ffd48e25858637e4765810300227e?s=96&d=mm&r=g\",\"caption\":\"Developer\"},\"url\":\"https:\\\/\\\/qtmm.org\\\/qt\\\/author\\\/Developer\\\/\"}]}<\/script>\n<!-- \/ Yoast SEO plugin. -->","yoast_head_json":{"title":"Qurban Bayram\u0131\u00f1\u0131z Mubarek olsun! - \u041c\u0435\u0434\u0436\u043b\u0456\u0441","robots":{"index":"index","follow":"follow","max-snippet":"max-snippet:-1","max-image-preview":"max-image-preview:large","max-video-preview":"max-video-preview:-1"},"canonical":"https:\/\/qtmm.org\/qt\/qurban-bayraminiz-mubarek-olsun-3\/","og_locale":"en_US","og_type":"article","og_title":"Qurban Bayram\u0131\u00f1\u0131z Mubarek olsun! - \u041c\u0435\u0434\u0436\u043b\u0456\u0441","og_description":"Say\u011f\u0131l\u0131 dinda\u015flar, aziz vatanda\u015flar!&nbsp; Epimiz i\u00e7\u00fcn ulu ve muqaddes ol\u011fan Qurban-Bayram munasebeti ile bu samimiy hay\u0131rlavlar\u0131m\u0131z ve tileklerimizni qabul etersi\u00f1iz, degen \u00fcm\u00fcttemiz! Bun\u0131\u00f1nen beraber, \u00f6z\u00fc\u00f1iz ve qoranta\u00f1\u0131z daima sa\u011f-sel\u00e2met ol\u0131p, etraf\u0131\u00f1\u0131zda sevgi-muabbetlik, quvan\u00e7 ve barl\u0131q m\u00fciti \u00fck\u00fcm s\u00fcrgenini can-g\u00f6\u00f1l\u00fcnden istermiz. Alla-Taal\u00e2 milletimizni\u00f1 kelecegini ayd\u0131nl\u0131qqa toldurs\u0131n ve b\u00fct\u00fcn asriy arzular\u0131n\u0131 yerine ketirsin, epi\u00f1izni\u00f1 tutqan alicenap i\u015fleri\u00f1izde [&hellip;]","og_url":"https:\/\/qtmm.org\/qt\/qurban-bayraminiz-mubarek-olsun-3\/","og_site_name":"\u041c\u0435\u0434\u0436\u043b\u0456\u0441","article_publisher":"https:\/\/www.facebook.com\/qtmm.info\/","article_published_time":"2013-10-14T20:55:00+00:00","article_modified_time":"2022-01-25T20:55:50+00:00","og_image":[{"width":650,"height":316,"url":"https:\/\/qtmm.org\/wp-content\/uploads\/2022\/01\/qurban2.jpeg","type":"image\/jpeg"}],"author":"Developer","twitter_card":"summary_large_image","twitter_misc":{"Written by":"Developer"},"schema":{"@context":"https:\/\/schema.org","@graph":[{"@type":"Article","@id":"https:\/\/qtmm.org\/qt\/qurban-bayraminiz-mubarek-olsun-3\/#article","isPartOf":{"@id":"https:\/\/qtmm.org\/qt\/qurban-bayraminiz-mubarek-olsun-3\/"},"author":{"name":"Developer","@id":"https:\/\/qtmm.org\/qt\/#\/schema\/person\/de562469f971dec226ac06e60bbf74a7"},"headline":"Qurban Bayram\u0131\u00f1\u0131z Mubarek olsun!","datePublished":"2013-10-14T20:55:00+00:00","dateModified":"2022-01-25T20:55:50+00:00","mainEntityOfPage":{"@id":"https:\/\/qtmm.org\/qt\/qurban-bayraminiz-mubarek-olsun-3\/"},"wordCount":101,"commentCount":0,"publisher":{"@id":"https:\/\/qtmm.org\/qt\/#organization"},"image":{"@id":"https:\/\/qtmm.org\/qt\/qurban-bayraminiz-mubarek-olsun-3\/#primaryimage"},"thumbnailUrl":"http:\/\/qtmm.org\/wp-content\/uploads\/2022\/01\/qurban2.jpeg","articleSection":["Haberler"],"inLanguage":"qt","potentialAction":[{"@type":"CommentAction","name":"Comment","target":["https:\/\/qtmm.org\/qt\/qurban-bayraminiz-mubarek-olsun-3\/#respond"]}]},{"@type":"WebPage","@id":"https:\/\/qtmm.org\/qt\/qurban-bayraminiz-mubarek-olsun-3\/","url":"https:\/\/qtmm.org\/qt\/qurban-bayraminiz-mubarek-olsun-3\/","name":"Qurban Bayram\u0131\u00f1\u0131z Mubarek olsun! - \u041c\u0435\u0434\u0436\u043b\u0456\u0441","isPartOf":{"@id":"https:\/\/qtmm.org\/qt\/#website"},"primaryImageOfPage":{"@id":"https:\/\/qtmm.org\/qt\/qurban-bayraminiz-mubarek-olsun-3\/#primaryimage"},"image":{"@id":"https:\/\/qtmm.org\/qt\/qurban-bayraminiz-mubarek-olsun-3\/#primaryimage"},"thumbnailUrl":"http:\/\/qtmm.org\/wp-content\/uploads\/2022\/01\/qurban2.jpeg","datePublished":"2013-10-14T20:55:00+00:00","dateModified":"2022-01-25T20:55:50+00:00","breadcrumb":{"@id":"https:\/\/qtmm.org\/qt\/qurban-bayraminiz-mubarek-olsun-3\/#breadcrumb"},"inLanguage":"qt","potentialAction":[{"@type":"ReadAction","target":["https:\/\/qtmm.org\/qt\/qurban-bayraminiz-mubarek-olsun-3\/"]}]},{"@type":"ImageObject","inLanguage":"qt","@id":"https:\/\/qtmm.org\/qt\/qurban-bayraminiz-mubarek-olsun-3\/#primaryimage","url":"http:\/\/qtmm.org\/wp-content\/uploads\/2022\/01\/qurban2.jpeg","contentUrl":"http:\/\/qtmm.org\/wp-content\/uploads\/2022\/01\/qurban2.jpeg"},{"@type":"BreadcrumbList","@id":"https:\/\/qtmm.org\/qt\/qurban-bayraminiz-mubarek-olsun-3\/#breadcrumb","itemListElement":[{"@type":"ListItem","position":1,"name":"\u0413\u043e\u043b\u043e\u0432\u043d\u0430","item":"https:\/\/qtmm.org\/qt\/"},{"@type":"ListItem","position":2,"name":"Qurban Bayram\u0131\u00f1\u0131z Mubarek olsun!"}]},{"@type":"WebSite","@id":"https:\/\/qtmm.org\/qt\/#website","url":"https:\/\/qtmm.org\/qt\/","name":"\u041c\u0435\u0434\u0436\u043b\u0456\u0441","description":"","publisher":{"@id":"https:\/\/qtmm.org\/qt\/#organization"},"potentialAction":[{"@type":"SearchAction","target":{"@type":"EntryPoint","urlTemplate":"https:\/\/qtmm.org\/qt\/?s={search_term_string}"},"query-input":{"@type":"PropertyValueSpecification","valueRequired":true,"valueName":"search_term_string"}}],"inLanguage":"qt"},{"@type":"Organization","@id":"https:\/\/qtmm.org\/qt\/#organization","name":"\u041c\u0435\u0434\u0436\u043b\u0456\u0441","url":"https:\/\/qtmm.org\/qt\/","logo":{"@type":"ImageObject","inLanguage":"qt","@id":"https:\/\/qtmm.org\/qt\/#\/schema\/logo\/image\/","url":"https:\/\/qtmm.org\/wp-content\/uploads\/2024\/12\/ua-mejlis-logo-rgb.svg","contentUrl":"https:\/\/qtmm.org\/wp-content\/uploads\/2024\/12\/ua-mejlis-logo-rgb.svg","caption":"\u041c\u0435\u0434\u0436\u043b\u0456\u0441"},"image":{"@id":"https:\/\/qtmm.org\/qt\/#\/schema\/logo\/image\/"},"sameAs":["https:\/\/www.facebook.com\/qtmm.info\/"]},{"@type":"Person","@id":"https:\/\/qtmm.org\/qt\/#\/schema\/person\/de562469f971dec226ac06e60bbf74a7","name":"Developer","image":{"@type":"ImageObject","inLanguage":"qt","@id":"https:\/\/secure.gravatar.com\/avatar\/392b4cc8fbfeb00b39dfeeab4ee6edded39ffd48e25858637e4765810300227e?s=96&d=mm&r=g","url":"https:\/\/secure.gravatar.com\/avatar\/392b4cc8fbfeb00b39dfeeab4ee6edded39ffd48e25858637e4765810300227e?s=96&d=mm&r=g","contentUrl":"https:\/\/secure.gravatar.com\/avatar\/392b4cc8fbfeb00b39dfeeab4ee6edded39ffd48e25858637e4765810300227e?s=96&d=mm&r=g","caption":"Developer"},"url":"https:\/\/qtmm.org\/qt\/author\/Developer\/"}]}},"_links":{"self":[{"href":"https:\/\/qtmm.org\/qt\/wp-json\/wp\/v2\/posts\/39675","targetHints":{"allow":["GET"]}}],"collection":[{"href":"https:\/\/qtmm.org\/qt\/wp-json\/wp\/v2\/posts"}],"about":[{"href":"https:\/\/qtmm.org\/qt\/wp-json\/wp\/v2\/types\/post"}],"author":[{"embeddable":true,"href":"https:\/\/qtmm.org\/qt\/wp-json\/wp\/v2\/users\/1"}],"replies":[{"embeddable":true,"href":"https:\/\/qtmm.org\/qt\/wp-json\/wp\/v2\/comments?post=39675"}],"version-history":[{"count":1,"href":"https:\/\/qtmm.org\/qt\/wp-json\/wp\/v2\/posts\/39675\/revisions"}],"predecessor-version":[{"id":39680,"href":"https:\/\/qtmm.org\/qt\/wp-json\/wp\/v2\/posts\/39675\/revisions\/39680"}],"wp:attachment":[{"href":"https:\/\/qtmm.org\/qt\/wp-json\/wp\/v2\/media?parent=39675"}],"wp:term":[{"taxonomy":"category","embeddable":true,"href":"https:\/\/qtmm.org\/qt\/wp-json\/wp\/v2\/categories?post=39675"},{"taxonomy":"post_tag","embeddable":true,"href":"https:\/\/qtmm.org\/qt\/wp-json\/wp\/v2\/tags?post=39675"}],"curies":[{"name":"wp","href":"https:\/\/api.w.org\/{rel}","templated":true}]}}