




{"id":39621,"date":"2013-10-11T23:52:00","date_gmt":"2013-10-11T20:52:00","guid":{"rendered":"http:\/\/qtmm.org\/?p=39621"},"modified":"2022-01-25T23:54:25","modified_gmt":"2022-01-25T20:54:25","slug":"milliy-meclis-reisi-turkiye-bas-naziri-ve-turkiye-tis-isleri-naziri-ile-korusti","status":"publish","type":"post","link":"https:\/\/qtmm.org\/qt\/milliy-meclis-reisi-turkiye-bas-naziri-ve-turkiye-tis-isleri-naziri-ile-korusti\/","title":{"rendered":"Milliy Meclis reisi T\u00fcrkiye Ba\u015f naziri ve T\u00fcrkiye T\u0131\u015f i\u015fleri naziri ile k\u00f6r\u00fc\u015fti"},"content":{"rendered":"\n<p>2013 senesi okt\u00e2br 11 k\u00fcn\u00fc Q\u0131r\u0131mtatar halq\u0131 Meclisini\u00f1 reisi, Ukraina halq deputat\u0131 Mustafa Cemilev Ankarada T\u00fcrkiye Ba\u015f naziri Recep Tayip Erdo\u011fan ve T\u00fcrkiye T\u0131\u015f i\u015fleri naziri Ahmet Davuto\u011flu ile k\u00f6r\u00fc\u015fti.<\/p>\n\n\n\n<p>K\u00f6r\u00fc\u015f\u00fcvler devam\u0131nda T\u00fcrkiye ve Ukraina aras\u0131ndaki munasebetlerni\u00f1 vaziyeti, biraz evel Ukraina Prezidenti Viktor Yanukovi\u00e7ni\u00f1 T\u00fcrkiyege ziyaretini\u00f1 neticeleri, Ukraina cumhurba\u015fqan\u0131 ile s\u00f6yle\u015f\u00fcvlerde q\u0131r\u0131mtatar meselesi ne derecede \u00f6gge s\u00fcr\u00fclgeni muzakere etildi.<\/p>\n\n\n\n<p>T\u00fcrkiye T\u0131\u015f i\u015fleri nazirinen k\u00f6r\u00fc\u015f\u00fcv ald\u0131ndan Mustafa Cemilev A. Davuto\u011flun\u0131\u00f1 teklifi boyunca on\u0131\u00f1 \u0130raq turkmenleri delegatsiyas\u0131 ile k\u00f6r\u00fc\u015f\u00fcvine qat\u0131ld\u0131.<\/p>\n\n\n\n<p>T\u00fcrkiye T\u0131\u015f i\u015fleri nazirinen ayr\u0131ca ol\u011fan k\u00f6r\u00fc\u015f\u00fcvde A. Davuto\u011flu Mustafa Cemilevge Viktor Yanukovi\u00e7ni\u00f1 ziyareti devam\u0131nda ukrain delegatsiyas\u0131n\u0131\u00f1 azalar\u0131 Ukraina T\u0131\u015f i\u015fleri naziri L. Kojara ve Q\u0131r\u0131m Ba\u015f naziri A. Mogil\u00f6v\u011fa Ukraina ve T\u00fcrkiye T\u0131\u015f i\u015fleri nazirleri, Q\u0131r\u0131m Ba\u015f naziri ve Q\u0131r\u0131mtatar halq\u0131 Meclisi reisini\u00f1 i\u015ftirakinde q\u0131r\u0131mtatar halq\u0131n\u0131\u00f1 meselelerini muzakere etmek boyunca 4 tarafl\u0131 k\u00f6r\u00fc\u015f\u00fcvni\u00f1 2-nci raund\u0131n\u0131 ke\u00e7irmekni teklif etkenini bildirdi. Belli ki, Ukraina ve T\u00fcrkiye T\u0131\u015f i\u015fleri nazirleri, Q\u0131r\u0131m Ba\u015f naziri A. Mogil\u00f6v ve Q\u0131r\u0131mtatar halq\u0131 Meclisini\u00f1 reisi M. Cemilevni\u00f1 i\u015ftirakinde b\u00f6yle birinci k\u00f6r\u00fc\u015f\u00fcv ke\u00e7ken seneni\u00f1 okt\u00e2br ay\u0131nda ol\u0131p ke\u00e7ken edi.<\/p>\n\n\n\n<p>A.Davuto\u011flun\u0131\u00f1 s\u00f6ylegenine k\u00f6re ukrain taraf\u0131 b\u00f6yle k\u00f6r\u00fc\u015f\u00fcvge itiraz bildirmedi. A.Davuto\u011flu bu k\u00f6r\u00fc\u015f\u00fcvni kelecek seneni\u00f1 yanvar ay\u0131nda, Kiyevge OSCE azalar\u0131 ol\u011fan devletlerni\u00f1 t\u0131\u015f i\u015fleri nazirlerini\u00f1 k\u00f6r\u00fc\u015f\u00fcvine kelgende ke\u00e7irmek m\u00fcmk\u00fcnligi aqq\u0131nda fikirini bildirgen.<\/p>\n\n\n\n<p>T\u00fcrkiyeni\u00f1 \u00fck\u00fcmran partiyas\u0131 ol\u011fan AKPni\u00f1 merkeziy ofisinde Ba\u015f nazir R.T. Erdo\u011fan ile ol\u0131p ke\u00e7ken k\u00f6r\u00fc\u015f\u00fcvde esasen Avropa Birligi ve OSCE imayesi alt\u0131nda Q\u0131r\u0131mtatarlarn\u0131\u00f1 problemleri boyunca halqara forumn\u0131 ke\u00e7irmek planlar\u0131na dair meseleler muzakere etildi. M. Cemilev T\u00fcrkiyeni\u00f1 Ba\u015f nazirine sent\u00e2br 19 k\u00fcn\u00fc Aqmescitte Meclis yolba\u015f\u00e7\u0131lar\u0131 ve muhtariyet akimleri taraf\u0131ndan davet etilgen q\u0131r\u0131mtatar halq\u0131n\u0131\u00f1 bir qa\u00e7 vekillerini\u00f1 Avropa Birligini\u00f1 Keni\u015flet\u00fcv ve Avropa eyiqom\u015fuc\u0131l\u0131q siyaseti boyunca Aliy komissar\u0131 \u015etefan F\u00fcle ile k\u00f6r\u00fc\u015f\u00fcvi, bun\u0131\u00f1 kibi de OSCE, AB ve BMT qurumlar\u0131 ekspert gruppalar\u0131n\u0131\u00f1 q\u0131r\u0131mtatar problemi boyunca yapqan ara\u015ft\u0131rmalar\u0131 aqq\u0131nda mal\u00fcmat berdi.<\/p>\n\n\n\n<p>Meclis reisi T\u00fcrkiye Ba\u015f nazirine ara\u015ft\u0131rmalarn\u0131\u00f1 neticeleri boyunca az\u0131rlan\u0131l\u011fan &#8220;Q\u0131r\u0131mn\u0131\u00f1 s\u00fcrg\u00fcn etilgen halqlar\u0131n\u0131\u00f1 qat\u0131luv\u0131&#8221; c\u0131y\u0131nt\u0131\u011f\u0131n\u0131 ba\u011f\u0131\u015flad\u0131. Taraflar bun\u0131\u00f1 kibi de T\u0130KAn\u0131\u00f1 Q\u0131r\u0131mda \u00f6m\u00fcrge ke\u00e7irgen leyhalar\u0131nen ba\u011fl\u0131 meselelerni\u00f1 muzakeresine de diqqat ay\u0131rd\u0131lar.<\/p>\n\n\n\n<p>T\u00fcrkiyege eki k\u00fcnl\u00fck ziyareti \u00e7er\u00e7ivesinde M. Cemilev Anqarada &#8220;T\u00fcrk Ocaklar\u0131&#8221; ofisinde bulun\u0131p, \u015fu birle\u015fmeni\u00f1 sab\u0131q prezidenti, T\u00fcrkiye parlamentini\u00f1 sab\u0131q deputat\u0131 Nevzat K\u00f6so\u011flun\u0131\u00f1 okt\u00e2br 10 k\u00fcn\u00fc vefat etkeni munasebetinen ba\u015f sa\u011fl\u0131\u011f\u0131 bildirdi. Rahmetli belli siyaset ve edebiyat erbab\u0131 olaraq &#8220;T\u00fcrkiyeni\u00f1 t\u0131\u015f\u0131nda t\u00fcrk edebiyat\u0131&#8221; 32 c\u0131ltl\u0131q eserni\u00f1 na\u015firi edi. Bu eserni\u00f1 13-nc\u0131 c\u0131lt\u0131 q\u0131r\u0131mtatar edebiyat\u0131na ba\u011f\u0131\u015flan\u011fan edi.<\/p>\n\n\n\n<figure class=\"wp-block-gallery columns-3 is-cropped wp-block-gallery-1 is-layout-flex wp-block-gallery-is-layout-flex\"><ul class=\"blocks-gallery-grid\"><li class=\"blocks-gallery-item\"><figure><a href=\"http:\/\/qtmm.org\/wp-content\/uploads\/2022\/01\/525ac7b7cc653.jpeg\"><img loading=\"lazy\" decoding=\"async\" width=\"640\" height=\"480\" src=\"http:\/\/qtmm.org\/wp-content\/uploads\/2022\/01\/525ac7b7cc653.jpeg\" alt=\"\" data-id=\"39622\" data-full-url=\"http:\/\/qtmm.org\/wp-content\/uploads\/2022\/01\/525ac7b7cc653.jpeg\" data-link=\"http:\/\/qtmm.org\/qt\/?attachment_id=39622\" class=\"wp-image-39622\" srcset=\"https:\/\/qtmm.org\/wp-content\/uploads\/2022\/01\/525ac7b7cc653.jpeg 640w, https:\/\/qtmm.org\/wp-content\/uploads\/2022\/01\/525ac7b7cc653-300x225.jpeg 300w\" sizes=\"auto, (max-width: 640px) 100vw, 640px\" \/><\/a><\/figure><\/li><li class=\"blocks-gallery-item\"><figure><a href=\"http:\/\/qtmm.org\/wp-content\/uploads\/2022\/01\/525ac7b7e42d5.jpeg\"><img loading=\"lazy\" decoding=\"async\" width=\"640\" height=\"480\" src=\"http:\/\/qtmm.org\/wp-content\/uploads\/2022\/01\/525ac7b7e42d5.jpeg\" alt=\"\" data-id=\"39626\" data-full-url=\"http:\/\/qtmm.org\/wp-content\/uploads\/2022\/01\/525ac7b7e42d5.jpeg\" data-link=\"http:\/\/qtmm.org\/qt\/?attachment_id=39626\" class=\"wp-image-39626\" srcset=\"https:\/\/qtmm.org\/wp-content\/uploads\/2022\/01\/525ac7b7e42d5.jpeg 640w, https:\/\/qtmm.org\/wp-content\/uploads\/2022\/01\/525ac7b7e42d5-300x225.jpeg 300w\" sizes=\"auto, (max-width: 640px) 100vw, 640px\" \/><\/a><\/figure><\/li><li class=\"blocks-gallery-item\"><figure><a href=\"http:\/\/qtmm.org\/wp-content\/uploads\/2022\/01\/525ac7b8abcd3.jpeg\"><img loading=\"lazy\" decoding=\"async\" width=\"640\" height=\"480\" src=\"http:\/\/qtmm.org\/wp-content\/uploads\/2022\/01\/525ac7b8abcd3.jpeg\" alt=\"\" data-id=\"39630\" data-full-url=\"http:\/\/qtmm.org\/wp-content\/uploads\/2022\/01\/525ac7b8abcd3.jpeg\" data-link=\"http:\/\/qtmm.org\/qt\/?attachment_id=39630\" class=\"wp-image-39630\" srcset=\"https:\/\/qtmm.org\/wp-content\/uploads\/2022\/01\/525ac7b8abcd3.jpeg 640w, https:\/\/qtmm.org\/wp-content\/uploads\/2022\/01\/525ac7b8abcd3-300x225.jpeg 300w\" sizes=\"auto, (max-width: 640px) 100vw, 640px\" \/><\/a><\/figure><\/li><li class=\"blocks-gallery-item\"><figure><a href=\"http:\/\/qtmm.org\/wp-content\/uploads\/2022\/01\/525ac7b8c3f95.jpeg\"><img loading=\"lazy\" decoding=\"async\" width=\"640\" height=\"480\" src=\"http:\/\/qtmm.org\/wp-content\/uploads\/2022\/01\/525ac7b8c3f95.jpeg\" alt=\"\" data-id=\"39634\" data-full-url=\"http:\/\/qtmm.org\/wp-content\/uploads\/2022\/01\/525ac7b8c3f95.jpeg\" data-link=\"http:\/\/qtmm.org\/qt\/?attachment_id=39634\" class=\"wp-image-39634\" srcset=\"https:\/\/qtmm.org\/wp-content\/uploads\/2022\/01\/525ac7b8c3f95.jpeg 640w, https:\/\/qtmm.org\/wp-content\/uploads\/2022\/01\/525ac7b8c3f95-300x225.jpeg 300w\" sizes=\"auto, (max-width: 640px) 100vw, 640px\" \/><\/a><\/figure><\/li><li class=\"blocks-gallery-item\"><figure><a href=\"http:\/\/qtmm.org\/wp-content\/uploads\/2022\/01\/525ac7b8db51f.jpeg\"><img loading=\"lazy\" decoding=\"async\" width=\"640\" height=\"480\" src=\"http:\/\/qtmm.org\/wp-content\/uploads\/2022\/01\/525ac7b8db51f.jpeg\" alt=\"\" data-id=\"39638\" data-full-url=\"http:\/\/qtmm.org\/wp-content\/uploads\/2022\/01\/525ac7b8db51f.jpeg\" data-link=\"http:\/\/qtmm.org\/qt\/?attachment_id=39638\" class=\"wp-image-39638\" srcset=\"https:\/\/qtmm.org\/wp-content\/uploads\/2022\/01\/525ac7b8db51f.jpeg 640w, https:\/\/qtmm.org\/wp-content\/uploads\/2022\/01\/525ac7b8db51f-300x225.jpeg 300w\" sizes=\"auto, (max-width: 640px) 100vw, 640px\" \/><\/a><\/figure><\/li><li class=\"blocks-gallery-item\"><figure><a href=\"http:\/\/qtmm.org\/wp-content\/uploads\/2022\/01\/525ac7b8f3315.jpeg\"><img loading=\"lazy\" decoding=\"async\" width=\"640\" height=\"480\" src=\"http:\/\/qtmm.org\/wp-content\/uploads\/2022\/01\/525ac7b8f3315.jpeg\" alt=\"\" data-id=\"39642\" data-full-url=\"http:\/\/qtmm.org\/wp-content\/uploads\/2022\/01\/525ac7b8f3315.jpeg\" data-link=\"http:\/\/qtmm.org\/qt\/?attachment_id=39642\" class=\"wp-image-39642\" srcset=\"https:\/\/qtmm.org\/wp-content\/uploads\/2022\/01\/525ac7b8f3315.jpeg 640w, https:\/\/qtmm.org\/wp-content\/uploads\/2022\/01\/525ac7b8f3315-300x225.jpeg 300w\" sizes=\"auto, (max-width: 640px) 100vw, 640px\" \/><\/a><\/figure><\/li><li class=\"blocks-gallery-item\"><figure><a href=\"http:\/\/qtmm.org\/wp-content\/uploads\/2022\/01\/525ac7b81fcfd.jpeg\"><img loading=\"lazy\" decoding=\"async\" width=\"640\" height=\"480\" src=\"http:\/\/qtmm.org\/wp-content\/uploads\/2022\/01\/525ac7b81fcfd.jpeg\" alt=\"\" data-id=\"39646\" data-full-url=\"http:\/\/qtmm.org\/wp-content\/uploads\/2022\/01\/525ac7b81fcfd.jpeg\" data-link=\"http:\/\/qtmm.org\/qt\/?attachment_id=39646\" class=\"wp-image-39646\" srcset=\"https:\/\/qtmm.org\/wp-content\/uploads\/2022\/01\/525ac7b81fcfd.jpeg 640w, https:\/\/qtmm.org\/wp-content\/uploads\/2022\/01\/525ac7b81fcfd-300x225.jpeg 300w\" sizes=\"auto, (max-width: 640px) 100vw, 640px\" \/><\/a><\/figure><\/li><li class=\"blocks-gallery-item\"><figure><a href=\"http:\/\/qtmm.org\/wp-content\/uploads\/2022\/01\/525ac7b84d1d0.jpeg\"><img loading=\"lazy\" decoding=\"async\" width=\"640\" height=\"480\" src=\"http:\/\/qtmm.org\/wp-content\/uploads\/2022\/01\/525ac7b84d1d0.jpeg\" alt=\"\" data-id=\"39650\" data-full-url=\"http:\/\/qtmm.org\/wp-content\/uploads\/2022\/01\/525ac7b84d1d0.jpeg\" data-link=\"http:\/\/qtmm.org\/qt\/?attachment_id=39650\" class=\"wp-image-39650\" srcset=\"https:\/\/qtmm.org\/wp-content\/uploads\/2022\/01\/525ac7b84d1d0.jpeg 640w, https:\/\/qtmm.org\/wp-content\/uploads\/2022\/01\/525ac7b84d1d0-300x225.jpeg 300w\" sizes=\"auto, (max-width: 640px) 100vw, 640px\" \/><\/a><\/figure><\/li><li class=\"blocks-gallery-item\"><figure><a href=\"http:\/\/qtmm.org\/wp-content\/uploads\/2022\/01\/525ac7b87b82d.jpeg\"><img loading=\"lazy\" decoding=\"async\" width=\"640\" height=\"480\" src=\"http:\/\/qtmm.org\/wp-content\/uploads\/2022\/01\/525ac7b87b82d.jpeg\" alt=\"\" data-id=\"39654\" data-full-url=\"http:\/\/qtmm.org\/wp-content\/uploads\/2022\/01\/525ac7b87b82d.jpeg\" data-link=\"http:\/\/qtmm.org\/qt\/?attachment_id=39654\" class=\"wp-image-39654\" srcset=\"https:\/\/qtmm.org\/wp-content\/uploads\/2022\/01\/525ac7b87b82d.jpeg 640w, https:\/\/qtmm.org\/wp-content\/uploads\/2022\/01\/525ac7b87b82d-300x225.jpeg 300w\" sizes=\"auto, (max-width: 640px) 100vw, 640px\" \/><\/a><\/figure><\/li><li class=\"blocks-gallery-item\"><figure><a href=\"http:\/\/qtmm.org\/wp-content\/uploads\/2022\/01\/525ac7b807c91.jpeg\"><img loading=\"lazy\" decoding=\"async\" width=\"640\" height=\"480\" src=\"http:\/\/qtmm.org\/wp-content\/uploads\/2022\/01\/525ac7b807c91.jpeg\" alt=\"\" data-id=\"39658\" data-full-url=\"http:\/\/qtmm.org\/wp-content\/uploads\/2022\/01\/525ac7b807c91.jpeg\" data-link=\"http:\/\/qtmm.org\/qt\/?attachment_id=39658\" class=\"wp-image-39658\" srcset=\"https:\/\/qtmm.org\/wp-content\/uploads\/2022\/01\/525ac7b807c91.jpeg 640w, https:\/\/qtmm.org\/wp-content\/uploads\/2022\/01\/525ac7b807c91-300x225.jpeg 300w\" sizes=\"auto, (max-width: 640px) 100vw, 640px\" \/><\/a><\/figure><\/li><li class=\"blocks-gallery-item\"><figure><a href=\"http:\/\/qtmm.org\/wp-content\/uploads\/2022\/01\/525ac7b863fa9.jpeg\"><img loading=\"lazy\" decoding=\"async\" width=\"640\" height=\"480\" src=\"http:\/\/qtmm.org\/wp-content\/uploads\/2022\/01\/525ac7b863fa9.jpeg\" alt=\"\" data-id=\"39662\" data-full-url=\"http:\/\/qtmm.org\/wp-content\/uploads\/2022\/01\/525ac7b863fa9.jpeg\" data-link=\"http:\/\/qtmm.org\/qt\/?attachment_id=39662\" class=\"wp-image-39662\" srcset=\"https:\/\/qtmm.org\/wp-content\/uploads\/2022\/01\/525ac7b863fa9.jpeg 640w, https:\/\/qtmm.org\/wp-content\/uploads\/2022\/01\/525ac7b863fa9-300x225.jpeg 300w\" sizes=\"auto, (max-width: 640px) 100vw, 640px\" \/><\/a><\/figure><\/li><li class=\"blocks-gallery-item\"><figure><a href=\"http:\/\/qtmm.org\/wp-content\/uploads\/2022\/01\/525ac7b8938b2.jpeg\"><img loading=\"lazy\" decoding=\"async\" width=\"640\" height=\"480\" src=\"http:\/\/qtmm.org\/wp-content\/uploads\/2022\/01\/525ac7b8938b2.jpeg\" alt=\"\" data-id=\"39666\" data-full-url=\"http:\/\/qtmm.org\/wp-content\/uploads\/2022\/01\/525ac7b8938b2.jpeg\" data-link=\"http:\/\/qtmm.org\/qt\/?attachment_id=39666\" class=\"wp-image-39666\" srcset=\"https:\/\/qtmm.org\/wp-content\/uploads\/2022\/01\/525ac7b8938b2.jpeg 640w, https:\/\/qtmm.org\/wp-content\/uploads\/2022\/01\/525ac7b8938b2-300x225.jpeg 300w\" sizes=\"auto, (max-width: 640px) 100vw, 640px\" \/><\/a><\/figure><\/li><li class=\"blocks-gallery-item\"><figure><a href=\"http:\/\/qtmm.org\/wp-content\/uploads\/2022\/01\/525ac7b836931.jpeg\"><img loading=\"lazy\" decoding=\"async\" width=\"640\" height=\"480\" src=\"http:\/\/qtmm.org\/wp-content\/uploads\/2022\/01\/525ac7b836931.jpeg\" alt=\"\" data-id=\"39670\" data-full-url=\"http:\/\/qtmm.org\/wp-content\/uploads\/2022\/01\/525ac7b836931.jpeg\" data-link=\"http:\/\/qtmm.org\/qt\/?attachment_id=39670\" class=\"wp-image-39670\" srcset=\"https:\/\/qtmm.org\/wp-content\/uploads\/2022\/01\/525ac7b836931.jpeg 640w, https:\/\/qtmm.org\/wp-content\/uploads\/2022\/01\/525ac7b836931-300x225.jpeg 300w\" sizes=\"auto, (max-width: 640px) 100vw, 640px\" \/><\/a><\/figure><\/li><\/ul><\/figure>\n","protected":false},"excerpt":{"rendered":"<p>2013 senesi okt\u00e2br 11 k\u00fcn\u00fc Q\u0131r\u0131mtatar halq\u0131 Meclisini\u00f1 reisi, Ukraina halq deputat\u0131 Mustafa Cemilev Ankarada T\u00fcrkiye Ba\u015f naziri Recep Tayip Erdo\u011fan ve T\u00fcrkiye T\u0131\u015f i\u015fleri naziri Ahmet Davuto\u011flu ile k\u00f6r\u00fc\u015fti. K\u00f6r\u00fc\u015f\u00fcvler devam\u0131nda T\u00fcrkiye ve Ukraina aras\u0131ndaki munasebetlerni\u00f1 vaziyeti, biraz evel Ukraina Prezidenti Viktor Yanukovi\u00e7ni\u00f1 T\u00fcrkiyege ziyaretini\u00f1 neticeleri, Ukraina cumhurba\u015fqan\u0131 ile s\u00f6yle\u015f\u00fcvlerde q\u0131r\u0131mtatar meselesi ne derecede [&hellip;]<\/p>\n","protected":false},"author":1,"featured_media":39638,"comment_status":"open","ping_status":"open","sticky":false,"template":"","format":"standard","meta":{"inline_featured_image":false,"footnotes":""},"categories":[265],"tags":[],"class_list":["post-39621","post","type-post","status-publish","format-standard","has-post-thumbnail","hentry","category-haberler"],"acf":[],"yoast_head":"<!-- This site is optimized with the Yoast SEO plugin v27.4 - https:\/\/yoast.com\/product\/yoast-seo-wordpress\/ -->\n<title>Milliy Meclis reisi T\u00fcrkiye Ba\u015f naziri ve T\u00fcrkiye T\u0131\u015f i\u015fleri naziri ile k\u00f6r\u00fc\u015fti - \u041c\u0435\u0434\u0436\u043b\u0456\u0441<\/title>\n<meta name=\"robots\" content=\"index, follow, max-snippet:-1, max-image-preview:large, max-video-preview:-1\" \/>\n<link rel=\"canonical\" href=\"https:\/\/qtmm.org\/qt\/milliy-meclis-reisi-turkiye-bas-naziri-ve-turkiye-tis-isleri-naziri-ile-korusti\/\" \/>\n<meta property=\"og:locale\" content=\"en_US\" \/>\n<meta property=\"og:type\" content=\"article\" \/>\n<meta property=\"og:title\" content=\"Milliy Meclis reisi T\u00fcrkiye Ba\u015f naziri ve T\u00fcrkiye T\u0131\u015f i\u015fleri naziri ile k\u00f6r\u00fc\u015fti - \u041c\u0435\u0434\u0436\u043b\u0456\u0441\" \/>\n<meta property=\"og:description\" content=\"2013 senesi okt\u00e2br 11 k\u00fcn\u00fc Q\u0131r\u0131mtatar halq\u0131 Meclisini\u00f1 reisi, Ukraina halq deputat\u0131 Mustafa Cemilev Ankarada T\u00fcrkiye Ba\u015f naziri Recep Tayip Erdo\u011fan ve T\u00fcrkiye T\u0131\u015f i\u015fleri naziri Ahmet Davuto\u011flu ile k\u00f6r\u00fc\u015fti. K\u00f6r\u00fc\u015f\u00fcvler devam\u0131nda T\u00fcrkiye ve Ukraina aras\u0131ndaki munasebetlerni\u00f1 vaziyeti, biraz evel Ukraina Prezidenti Viktor Yanukovi\u00e7ni\u00f1 T\u00fcrkiyege ziyaretini\u00f1 neticeleri, Ukraina cumhurba\u015fqan\u0131 ile s\u00f6yle\u015f\u00fcvlerde q\u0131r\u0131mtatar meselesi ne derecede [&hellip;]\" \/>\n<meta property=\"og:url\" content=\"https:\/\/qtmm.org\/qt\/milliy-meclis-reisi-turkiye-bas-naziri-ve-turkiye-tis-isleri-naziri-ile-korusti\/\" \/>\n<meta property=\"og:site_name\" content=\"\u041c\u0435\u0434\u0436\u043b\u0456\u0441\" \/>\n<meta property=\"article:publisher\" content=\"https:\/\/www.facebook.com\/qtmm.info\/\" \/>\n<meta property=\"article:published_time\" content=\"2013-10-11T20:52:00+00:00\" \/>\n<meta property=\"article:modified_time\" content=\"2022-01-25T20:54:25+00:00\" \/>\n<meta property=\"og:image\" content=\"https:\/\/qtmm.org\/wp-content\/uploads\/2022\/01\/525ac7b8db51f.jpeg\" \/>\n\t<meta property=\"og:image:width\" content=\"640\" \/>\n\t<meta property=\"og:image:height\" content=\"480\" \/>\n\t<meta property=\"og:image:type\" content=\"image\/jpeg\" \/>\n<meta name=\"author\" content=\"Developer\" \/>\n<meta name=\"twitter:card\" content=\"summary_large_image\" \/>\n<meta name=\"twitter:label1\" content=\"Written by\" \/>\n\t<meta name=\"twitter:data1\" content=\"Developer\" \/>\n\t<meta name=\"twitter:label2\" content=\"Est. reading time\" \/>\n\t<meta name=\"twitter:data2\" content=\"3 minutes\" \/>\n<script type=\"application\/ld+json\" class=\"yoast-schema-graph\">{\"@context\":\"https:\\\/\\\/schema.org\",\"@graph\":[{\"@type\":\"Article\",\"@id\":\"https:\\\/\\\/qtmm.org\\\/qt\\\/milliy-meclis-reisi-turkiye-bas-naziri-ve-turkiye-tis-isleri-naziri-ile-korusti\\\/#article\",\"isPartOf\":{\"@id\":\"https:\\\/\\\/qtmm.org\\\/qt\\\/milliy-meclis-reisi-turkiye-bas-naziri-ve-turkiye-tis-isleri-naziri-ile-korusti\\\/\"},\"author\":{\"name\":\"Developer\",\"@id\":\"https:\\\/\\\/qtmm.org\\\/qt\\\/#\\\/schema\\\/person\\\/de562469f971dec226ac06e60bbf74a7\"},\"headline\":\"Milliy Meclis reisi T\u00fcrkiye Ba\u015f naziri ve T\u00fcrkiye T\u0131\u015f i\u015fleri naziri ile k\u00f6r\u00fc\u015fti\",\"datePublished\":\"2013-10-11T20:52:00+00:00\",\"dateModified\":\"2022-01-25T20:54:25+00:00\",\"mainEntityOfPage\":{\"@id\":\"https:\\\/\\\/qtmm.org\\\/qt\\\/milliy-meclis-reisi-turkiye-bas-naziri-ve-turkiye-tis-isleri-naziri-ile-korusti\\\/\"},\"wordCount\":573,\"commentCount\":0,\"publisher\":{\"@id\":\"https:\\\/\\\/qtmm.org\\\/qt\\\/#organization\"},\"image\":{\"@id\":\"https:\\\/\\\/qtmm.org\\\/qt\\\/milliy-meclis-reisi-turkiye-bas-naziri-ve-turkiye-tis-isleri-naziri-ile-korusti\\\/#primaryimage\"},\"thumbnailUrl\":\"https:\\\/\\\/qtmm.org\\\/wp-content\\\/uploads\\\/2022\\\/01\\\/525ac7b8db51f.jpeg\",\"articleSection\":[\"Haberler\"],\"inLanguage\":\"qt\",\"potentialAction\":[{\"@type\":\"CommentAction\",\"name\":\"Comment\",\"target\":[\"https:\\\/\\\/qtmm.org\\\/qt\\\/milliy-meclis-reisi-turkiye-bas-naziri-ve-turkiye-tis-isleri-naziri-ile-korusti\\\/#respond\"]}]},{\"@type\":\"WebPage\",\"@id\":\"https:\\\/\\\/qtmm.org\\\/qt\\\/milliy-meclis-reisi-turkiye-bas-naziri-ve-turkiye-tis-isleri-naziri-ile-korusti\\\/\",\"url\":\"https:\\\/\\\/qtmm.org\\\/qt\\\/milliy-meclis-reisi-turkiye-bas-naziri-ve-turkiye-tis-isleri-naziri-ile-korusti\\\/\",\"name\":\"Milliy Meclis reisi T\u00fcrkiye Ba\u015f naziri ve T\u00fcrkiye T\u0131\u015f i\u015fleri naziri ile k\u00f6r\u00fc\u015fti - \u041c\u0435\u0434\u0436\u043b\u0456\u0441\",\"isPartOf\":{\"@id\":\"https:\\\/\\\/qtmm.org\\\/qt\\\/#website\"},\"primaryImageOfPage\":{\"@id\":\"https:\\\/\\\/qtmm.org\\\/qt\\\/milliy-meclis-reisi-turkiye-bas-naziri-ve-turkiye-tis-isleri-naziri-ile-korusti\\\/#primaryimage\"},\"image\":{\"@id\":\"https:\\\/\\\/qtmm.org\\\/qt\\\/milliy-meclis-reisi-turkiye-bas-naziri-ve-turkiye-tis-isleri-naziri-ile-korusti\\\/#primaryimage\"},\"thumbnailUrl\":\"https:\\\/\\\/qtmm.org\\\/wp-content\\\/uploads\\\/2022\\\/01\\\/525ac7b8db51f.jpeg\",\"datePublished\":\"2013-10-11T20:52:00+00:00\",\"dateModified\":\"2022-01-25T20:54:25+00:00\",\"breadcrumb\":{\"@id\":\"https:\\\/\\\/qtmm.org\\\/qt\\\/milliy-meclis-reisi-turkiye-bas-naziri-ve-turkiye-tis-isleri-naziri-ile-korusti\\\/#breadcrumb\"},\"inLanguage\":\"qt\",\"potentialAction\":[{\"@type\":\"ReadAction\",\"target\":[\"https:\\\/\\\/qtmm.org\\\/qt\\\/milliy-meclis-reisi-turkiye-bas-naziri-ve-turkiye-tis-isleri-naziri-ile-korusti\\\/\"]}]},{\"@type\":\"ImageObject\",\"inLanguage\":\"qt\",\"@id\":\"https:\\\/\\\/qtmm.org\\\/qt\\\/milliy-meclis-reisi-turkiye-bas-naziri-ve-turkiye-tis-isleri-naziri-ile-korusti\\\/#primaryimage\",\"url\":\"https:\\\/\\\/qtmm.org\\\/wp-content\\\/uploads\\\/2022\\\/01\\\/525ac7b8db51f.jpeg\",\"contentUrl\":\"https:\\\/\\\/qtmm.org\\\/wp-content\\\/uploads\\\/2022\\\/01\\\/525ac7b8db51f.jpeg\",\"width\":640,\"height\":480},{\"@type\":\"BreadcrumbList\",\"@id\":\"https:\\\/\\\/qtmm.org\\\/qt\\\/milliy-meclis-reisi-turkiye-bas-naziri-ve-turkiye-tis-isleri-naziri-ile-korusti\\\/#breadcrumb\",\"itemListElement\":[{\"@type\":\"ListItem\",\"position\":1,\"name\":\"\u0413\u043e\u043b\u043e\u0432\u043d\u0430\",\"item\":\"https:\\\/\\\/qtmm.org\\\/qt\\\/\"},{\"@type\":\"ListItem\",\"position\":2,\"name\":\"Milliy Meclis reisi T\u00fcrkiye Ba\u015f naziri ve T\u00fcrkiye T\u0131\u015f i\u015fleri naziri ile k\u00f6r\u00fc\u015fti\"}]},{\"@type\":\"WebSite\",\"@id\":\"https:\\\/\\\/qtmm.org\\\/qt\\\/#website\",\"url\":\"https:\\\/\\\/qtmm.org\\\/qt\\\/\",\"name\":\"\u041c\u0435\u0434\u0436\u043b\u0456\u0441\",\"description\":\"\",\"publisher\":{\"@id\":\"https:\\\/\\\/qtmm.org\\\/qt\\\/#organization\"},\"potentialAction\":[{\"@type\":\"SearchAction\",\"target\":{\"@type\":\"EntryPoint\",\"urlTemplate\":\"https:\\\/\\\/qtmm.org\\\/qt\\\/?s={search_term_string}\"},\"query-input\":{\"@type\":\"PropertyValueSpecification\",\"valueRequired\":true,\"valueName\":\"search_term_string\"}}],\"inLanguage\":\"qt\"},{\"@type\":\"Organization\",\"@id\":\"https:\\\/\\\/qtmm.org\\\/qt\\\/#organization\",\"name\":\"\u041c\u0435\u0434\u0436\u043b\u0456\u0441\",\"url\":\"https:\\\/\\\/qtmm.org\\\/qt\\\/\",\"logo\":{\"@type\":\"ImageObject\",\"inLanguage\":\"qt\",\"@id\":\"https:\\\/\\\/qtmm.org\\\/qt\\\/#\\\/schema\\\/logo\\\/image\\\/\",\"url\":\"https:\\\/\\\/qtmm.org\\\/wp-content\\\/uploads\\\/2024\\\/12\\\/ua-mejlis-logo-rgb.svg\",\"contentUrl\":\"https:\\\/\\\/qtmm.org\\\/wp-content\\\/uploads\\\/2024\\\/12\\\/ua-mejlis-logo-rgb.svg\",\"caption\":\"\u041c\u0435\u0434\u0436\u043b\u0456\u0441\"},\"image\":{\"@id\":\"https:\\\/\\\/qtmm.org\\\/qt\\\/#\\\/schema\\\/logo\\\/image\\\/\"},\"sameAs\":[\"https:\\\/\\\/www.facebook.com\\\/qtmm.info\\\/\"]},{\"@type\":\"Person\",\"@id\":\"https:\\\/\\\/qtmm.org\\\/qt\\\/#\\\/schema\\\/person\\\/de562469f971dec226ac06e60bbf74a7\",\"name\":\"Developer\",\"image\":{\"@type\":\"ImageObject\",\"inLanguage\":\"qt\",\"@id\":\"https:\\\/\\\/secure.gravatar.com\\\/avatar\\\/392b4cc8fbfeb00b39dfeeab4ee6edded39ffd48e25858637e4765810300227e?s=96&d=mm&r=g\",\"url\":\"https:\\\/\\\/secure.gravatar.com\\\/avatar\\\/392b4cc8fbfeb00b39dfeeab4ee6edded39ffd48e25858637e4765810300227e?s=96&d=mm&r=g\",\"contentUrl\":\"https:\\\/\\\/secure.gravatar.com\\\/avatar\\\/392b4cc8fbfeb00b39dfeeab4ee6edded39ffd48e25858637e4765810300227e?s=96&d=mm&r=g\",\"caption\":\"Developer\"},\"url\":\"https:\\\/\\\/qtmm.org\\\/qt\\\/author\\\/Developer\\\/\"}]}<\/script>\n<!-- \/ Yoast SEO plugin. -->","yoast_head_json":{"title":"Milliy Meclis reisi T\u00fcrkiye Ba\u015f naziri ve T\u00fcrkiye T\u0131\u015f i\u015fleri naziri ile k\u00f6r\u00fc\u015fti - \u041c\u0435\u0434\u0436\u043b\u0456\u0441","robots":{"index":"index","follow":"follow","max-snippet":"max-snippet:-1","max-image-preview":"max-image-preview:large","max-video-preview":"max-video-preview:-1"},"canonical":"https:\/\/qtmm.org\/qt\/milliy-meclis-reisi-turkiye-bas-naziri-ve-turkiye-tis-isleri-naziri-ile-korusti\/","og_locale":"en_US","og_type":"article","og_title":"Milliy Meclis reisi T\u00fcrkiye Ba\u015f naziri ve T\u00fcrkiye T\u0131\u015f i\u015fleri naziri ile k\u00f6r\u00fc\u015fti - \u041c\u0435\u0434\u0436\u043b\u0456\u0441","og_description":"2013 senesi okt\u00e2br 11 k\u00fcn\u00fc Q\u0131r\u0131mtatar halq\u0131 Meclisini\u00f1 reisi, Ukraina halq deputat\u0131 Mustafa Cemilev Ankarada T\u00fcrkiye Ba\u015f naziri Recep Tayip Erdo\u011fan ve T\u00fcrkiye T\u0131\u015f i\u015fleri naziri Ahmet Davuto\u011flu ile k\u00f6r\u00fc\u015fti. K\u00f6r\u00fc\u015f\u00fcvler devam\u0131nda T\u00fcrkiye ve Ukraina aras\u0131ndaki munasebetlerni\u00f1 vaziyeti, biraz evel Ukraina Prezidenti Viktor Yanukovi\u00e7ni\u00f1 T\u00fcrkiyege ziyaretini\u00f1 neticeleri, Ukraina cumhurba\u015fqan\u0131 ile s\u00f6yle\u015f\u00fcvlerde q\u0131r\u0131mtatar meselesi ne derecede [&hellip;]","og_url":"https:\/\/qtmm.org\/qt\/milliy-meclis-reisi-turkiye-bas-naziri-ve-turkiye-tis-isleri-naziri-ile-korusti\/","og_site_name":"\u041c\u0435\u0434\u0436\u043b\u0456\u0441","article_publisher":"https:\/\/www.facebook.com\/qtmm.info\/","article_published_time":"2013-10-11T20:52:00+00:00","article_modified_time":"2022-01-25T20:54:25+00:00","og_image":[{"width":640,"height":480,"url":"https:\/\/qtmm.org\/wp-content\/uploads\/2022\/01\/525ac7b8db51f.jpeg","type":"image\/jpeg"}],"author":"Developer","twitter_card":"summary_large_image","twitter_misc":{"Written by":"Developer","Est. reading time":"3 minutes"},"schema":{"@context":"https:\/\/schema.org","@graph":[{"@type":"Article","@id":"https:\/\/qtmm.org\/qt\/milliy-meclis-reisi-turkiye-bas-naziri-ve-turkiye-tis-isleri-naziri-ile-korusti\/#article","isPartOf":{"@id":"https:\/\/qtmm.org\/qt\/milliy-meclis-reisi-turkiye-bas-naziri-ve-turkiye-tis-isleri-naziri-ile-korusti\/"},"author":{"name":"Developer","@id":"https:\/\/qtmm.org\/qt\/#\/schema\/person\/de562469f971dec226ac06e60bbf74a7"},"headline":"Milliy Meclis reisi T\u00fcrkiye Ba\u015f naziri ve T\u00fcrkiye T\u0131\u015f i\u015fleri naziri ile k\u00f6r\u00fc\u015fti","datePublished":"2013-10-11T20:52:00+00:00","dateModified":"2022-01-25T20:54:25+00:00","mainEntityOfPage":{"@id":"https:\/\/qtmm.org\/qt\/milliy-meclis-reisi-turkiye-bas-naziri-ve-turkiye-tis-isleri-naziri-ile-korusti\/"},"wordCount":573,"commentCount":0,"publisher":{"@id":"https:\/\/qtmm.org\/qt\/#organization"},"image":{"@id":"https:\/\/qtmm.org\/qt\/milliy-meclis-reisi-turkiye-bas-naziri-ve-turkiye-tis-isleri-naziri-ile-korusti\/#primaryimage"},"thumbnailUrl":"https:\/\/qtmm.org\/wp-content\/uploads\/2022\/01\/525ac7b8db51f.jpeg","articleSection":["Haberler"],"inLanguage":"qt","potentialAction":[{"@type":"CommentAction","name":"Comment","target":["https:\/\/qtmm.org\/qt\/milliy-meclis-reisi-turkiye-bas-naziri-ve-turkiye-tis-isleri-naziri-ile-korusti\/#respond"]}]},{"@type":"WebPage","@id":"https:\/\/qtmm.org\/qt\/milliy-meclis-reisi-turkiye-bas-naziri-ve-turkiye-tis-isleri-naziri-ile-korusti\/","url":"https:\/\/qtmm.org\/qt\/milliy-meclis-reisi-turkiye-bas-naziri-ve-turkiye-tis-isleri-naziri-ile-korusti\/","name":"Milliy Meclis reisi T\u00fcrkiye Ba\u015f naziri ve T\u00fcrkiye T\u0131\u015f i\u015fleri naziri ile k\u00f6r\u00fc\u015fti - \u041c\u0435\u0434\u0436\u043b\u0456\u0441","isPartOf":{"@id":"https:\/\/qtmm.org\/qt\/#website"},"primaryImageOfPage":{"@id":"https:\/\/qtmm.org\/qt\/milliy-meclis-reisi-turkiye-bas-naziri-ve-turkiye-tis-isleri-naziri-ile-korusti\/#primaryimage"},"image":{"@id":"https:\/\/qtmm.org\/qt\/milliy-meclis-reisi-turkiye-bas-naziri-ve-turkiye-tis-isleri-naziri-ile-korusti\/#primaryimage"},"thumbnailUrl":"https:\/\/qtmm.org\/wp-content\/uploads\/2022\/01\/525ac7b8db51f.jpeg","datePublished":"2013-10-11T20:52:00+00:00","dateModified":"2022-01-25T20:54:25+00:00","breadcrumb":{"@id":"https:\/\/qtmm.org\/qt\/milliy-meclis-reisi-turkiye-bas-naziri-ve-turkiye-tis-isleri-naziri-ile-korusti\/#breadcrumb"},"inLanguage":"qt","potentialAction":[{"@type":"ReadAction","target":["https:\/\/qtmm.org\/qt\/milliy-meclis-reisi-turkiye-bas-naziri-ve-turkiye-tis-isleri-naziri-ile-korusti\/"]}]},{"@type":"ImageObject","inLanguage":"qt","@id":"https:\/\/qtmm.org\/qt\/milliy-meclis-reisi-turkiye-bas-naziri-ve-turkiye-tis-isleri-naziri-ile-korusti\/#primaryimage","url":"https:\/\/qtmm.org\/wp-content\/uploads\/2022\/01\/525ac7b8db51f.jpeg","contentUrl":"https:\/\/qtmm.org\/wp-content\/uploads\/2022\/01\/525ac7b8db51f.jpeg","width":640,"height":480},{"@type":"BreadcrumbList","@id":"https:\/\/qtmm.org\/qt\/milliy-meclis-reisi-turkiye-bas-naziri-ve-turkiye-tis-isleri-naziri-ile-korusti\/#breadcrumb","itemListElement":[{"@type":"ListItem","position":1,"name":"\u0413\u043e\u043b\u043e\u0432\u043d\u0430","item":"https:\/\/qtmm.org\/qt\/"},{"@type":"ListItem","position":2,"name":"Milliy Meclis reisi T\u00fcrkiye Ba\u015f naziri ve T\u00fcrkiye T\u0131\u015f i\u015fleri naziri ile k\u00f6r\u00fc\u015fti"}]},{"@type":"WebSite","@id":"https:\/\/qtmm.org\/qt\/#website","url":"https:\/\/qtmm.org\/qt\/","name":"\u041c\u0435\u0434\u0436\u043b\u0456\u0441","description":"","publisher":{"@id":"https:\/\/qtmm.org\/qt\/#organization"},"potentialAction":[{"@type":"SearchAction","target":{"@type":"EntryPoint","urlTemplate":"https:\/\/qtmm.org\/qt\/?s={search_term_string}"},"query-input":{"@type":"PropertyValueSpecification","valueRequired":true,"valueName":"search_term_string"}}],"inLanguage":"qt"},{"@type":"Organization","@id":"https:\/\/qtmm.org\/qt\/#organization","name":"\u041c\u0435\u0434\u0436\u043b\u0456\u0441","url":"https:\/\/qtmm.org\/qt\/","logo":{"@type":"ImageObject","inLanguage":"qt","@id":"https:\/\/qtmm.org\/qt\/#\/schema\/logo\/image\/","url":"https:\/\/qtmm.org\/wp-content\/uploads\/2024\/12\/ua-mejlis-logo-rgb.svg","contentUrl":"https:\/\/qtmm.org\/wp-content\/uploads\/2024\/12\/ua-mejlis-logo-rgb.svg","caption":"\u041c\u0435\u0434\u0436\u043b\u0456\u0441"},"image":{"@id":"https:\/\/qtmm.org\/qt\/#\/schema\/logo\/image\/"},"sameAs":["https:\/\/www.facebook.com\/qtmm.info\/"]},{"@type":"Person","@id":"https:\/\/qtmm.org\/qt\/#\/schema\/person\/de562469f971dec226ac06e60bbf74a7","name":"Developer","image":{"@type":"ImageObject","inLanguage":"qt","@id":"https:\/\/secure.gravatar.com\/avatar\/392b4cc8fbfeb00b39dfeeab4ee6edded39ffd48e25858637e4765810300227e?s=96&d=mm&r=g","url":"https:\/\/secure.gravatar.com\/avatar\/392b4cc8fbfeb00b39dfeeab4ee6edded39ffd48e25858637e4765810300227e?s=96&d=mm&r=g","contentUrl":"https:\/\/secure.gravatar.com\/avatar\/392b4cc8fbfeb00b39dfeeab4ee6edded39ffd48e25858637e4765810300227e?s=96&d=mm&r=g","caption":"Developer"},"url":"https:\/\/qtmm.org\/qt\/author\/Developer\/"}]}},"_links":{"self":[{"href":"https:\/\/qtmm.org\/qt\/wp-json\/wp\/v2\/posts\/39621","targetHints":{"allow":["GET"]}}],"collection":[{"href":"https:\/\/qtmm.org\/qt\/wp-json\/wp\/v2\/posts"}],"about":[{"href":"https:\/\/qtmm.org\/qt\/wp-json\/wp\/v2\/types\/post"}],"author":[{"embeddable":true,"href":"https:\/\/qtmm.org\/qt\/wp-json\/wp\/v2\/users\/1"}],"replies":[{"embeddable":true,"href":"https:\/\/qtmm.org\/qt\/wp-json\/wp\/v2\/comments?post=39621"}],"version-history":[{"count":1,"href":"https:\/\/qtmm.org\/qt\/wp-json\/wp\/v2\/posts\/39621\/revisions"}],"predecessor-version":[{"id":39674,"href":"https:\/\/qtmm.org\/qt\/wp-json\/wp\/v2\/posts\/39621\/revisions\/39674"}],"wp:featuredmedia":[{"embeddable":true,"href":"https:\/\/qtmm.org\/qt\/wp-json\/wp\/v2\/media\/39638"}],"wp:attachment":[{"href":"https:\/\/qtmm.org\/qt\/wp-json\/wp\/v2\/media?parent=39621"}],"wp:term":[{"taxonomy":"category","embeddable":true,"href":"https:\/\/qtmm.org\/qt\/wp-json\/wp\/v2\/categories?post=39621"},{"taxonomy":"post_tag","embeddable":true,"href":"https:\/\/qtmm.org\/qt\/wp-json\/wp\/v2\/tags?post=39621"}],"curies":[{"name":"wp","href":"https:\/\/api.w.org\/{rel}","templated":true}]}}