




{"id":39603,"date":"2013-10-10T19:26:00","date_gmt":"2013-10-10T16:26:00","guid":{"rendered":"http:\/\/qtmm.org\/?p=39603"},"modified":"2022-01-25T19:31:58","modified_gmt":"2022-01-25T16:31:58","slug":"aqmescitte-ekspertlernin-qirimda-qurultay-arfesinde-ictimaiy-siyasiy-vaziyet-tedqiqatini-taqdim-ettiler","status":"publish","type":"post","link":"https:\/\/qtmm.org\/qt\/aqmescitte-ekspertlernin-qirimda-qurultay-arfesinde-ictimaiy-siyasiy-vaziyet-tedqiqatini-taqdim-ettiler\/","title":{"rendered":"Aqmescitte ekspertlerni\u00f1 \u00abQ\u0131r\u0131mda Qurultay arfesinde i\u00e7timaiy-siyasiy vaziyet\u00bb tedqiqat\u0131n\u0131 taqdim ettiler"},"content":{"rendered":"\n<p>2013 senesi okt\u00e2br 10 k\u00fcn\u00fc Aqmescitte &#8220;Q\u0131r\u0131m inki\u015faf\u0131 fond\u0131&#8221;n\u0131\u00f1\u00a0ba\u015f direktor\u0131 Aleksey Skorik ve &#8220;SPHERA&#8221; informatsion merkezini\u00f1 m\u00fcdiri Aleksandr \u015e\u00fclga matbuat konferentsiyas\u0131n\u0131 ke\u00e7irip,\u00a0&#8220;Q\u0131r\u0131mda Qurultay arfesinde i\u00e7timaiy-siyasiy vaziyet&#8221; mevzus\u0131nda ekspert soravlar\u0131n\u0131\u00f1 neticeleri boyunca analitik esabatn\u0131 taqdim ettiler.<\/p>\n\n\n\n<p>Aleksey Skorikni\u00f1 s\u00f6zlerine k\u00f6re mezk\u00fcr ekspert sorav\u0131 &#8220;Q\u0131r\u0131m inki\u015faf\u0131 fond\u0131&#8221;n\u0131\u00f1 s\u0131mar\u0131\u015f\u0131na k\u00f6re SPHERA tedqiqat merkezi taraf\u0131ndan yap\u0131l\u011fan.<\/p>\n\n\n\n<p>&#8220;\u0130lk evel\u00e2 \u015fun\u0131 qayd etmek isterdim ki, Q\u0131r\u0131m inki\u015faf\u0131 fond\u0131 hayriye te\u015fkil\u00e2t\u0131 olaraq birinci kere ke\u00e7irgen b\u00f6yle a\u00e7\u0131q ara\u015ft\u0131rman\u0131\u00f1 neticelerini cemaat\u00e7\u0131l\u0131qn\u0131\u00f1 diqqat\u0131na avale etemiz, &#8211; dep ba\u015flad\u0131 matbuat konferentsiyan\u0131 Aleksey Skorik. \u2013 Men bu tedqiqatn\u0131\u00f1 maqsadlar\u0131n\u0131 da a\u00f1latma\u011fa isteyim. Bizim nizamnamemizde q\u0131r\u0131mtatarlarn\u0131 qaytaruv ve ukrain cemiyetine qat\u0131luv\u0131na dair maddeler de bar. Fond milliy idare institutlar\u0131n\u0131\u00f1 inki\u015faf\u0131na da qoltuta, \u00e7\u00fcnki zan\u0131m\u0131zca milliy idare organlar\u0131 q\u0131r\u0131mtatar halq\u0131 \u00f6zg\u00fcnligini\u00f1 saqlan\u0131p qalmas\u0131n\u0131\u00f1 kefilidir.<\/p>\n\n\n\n<p>Ara\u015ft\u0131rman\u0131\u00f1 \u011fayesi ve m\u00fcndericesi aqq\u0131nda ayt\u0131rken &#8220;SPHERA&#8221; informatsion merkezini\u00f1 m\u00fcdiri Aleksandr \u015e\u00fclga \u015fun\u0131 da bildirdi ki, tedqiqatta bivasta Qurultay delegatlar\u0131 , q\u0131r\u0131mtatar siyasiy k\u00fc\u00e7leri, milliy idare organlar\u0131 ve cemaat te\u015fkil\u00e2tlar\u0131n\u0131\u00f1 liderleri, Q\u0131r\u0131m akimiyeti vekilleri, siyasiy ekspert, jurnalist, alim ve uquqqoruy\u0131c\u0131lar i\u015ftirak ettiler. &#8220;1,5 \u2013 2 saat devam etken subetlerni\u00f1 \u00e7oqus\u0131 Aqmescit ve Kiyevde ke\u00e7irildi&#8221;, &#8211; dedi A. \u015e\u00fclga. \u2013 B\u00f6yleliknen, ayn\u0131 suallerge \u00e7e\u015fit fikirlerni k\u00f6stergen tolu mal\u00fcmat al\u0131nd\u0131&#8221;.<\/p>\n\n\n\n<figure class=\"wp-block-image size-full\"><img loading=\"lazy\" decoding=\"async\" width=\"650\" height=\"350\" src=\"http:\/\/qtmm.org\/wp-content\/uploads\/2022\/01\/img_0562_2.jpeg\" alt=\"\" class=\"wp-image-39608\" srcset=\"https:\/\/qtmm.org\/wp-content\/uploads\/2022\/01\/img_0562_2.jpeg 650w, https:\/\/qtmm.org\/wp-content\/uploads\/2022\/01\/img_0562_2-300x162.jpeg 300w\" sizes=\"auto, (max-width: 650px) 100vw, 650px\" \/><\/figure>\n\n\n\n<p>Ekspert sorav 9 esas bloklardan tertip etildi: &#8220;Qurultay arfesinde i\u00e7timaiy-siyasiy vaziyet&#8221;, &#8220;ya\u00f1\u0131 Qurultayn\u0131\u00f1 missiyas\u0131 ve vazifeleri&#8221;, &#8220;ya\u00f1\u0131 ve eski Qurultay delegatlar\u0131n\u0131\u00f1 hususiyetleri&#8221;, &#8220;ya\u00f1\u0131 Qurultayda biznes-faktor&#8221;, &#8220;Qurultayda tesirni\u00f1 ya\u00f1\u0131 ve eski merkezleri&#8221;, &#8220;ya\u00f1\u0131 Meclis&#8221;, &#8220;Qurultay ve Meclisni\u00f1 akimiyet ile munasebetleri&#8221;, &#8220;Qurultay reisi institut\u0131n\u0131 meydan\u011fa ketir\u00fcv istiqbali&#8221;, &#8220;Q\u0131r\u0131mtatarlar problemi boyunca halqara forum ke\u00e7irilmesini\u00f1 istiqbali&#8221;.<br><br>&#8220;SPHERA&#8221; informatsion merkezini\u00f1 m\u00fcdiri Aleksandr \u015e\u00fclga ekspertler fikirlerini anonim \u015fekilde bildirgenlerini qayd etti. &#8220;Bu, ara\u015ft\u0131rma obyektiv olmas\u0131 i\u00e7\u00fcn yap\u0131ld\u0131, &#8211; dedi \u015e\u00fclga. \u2013 Biz \u00e7e\u015fit fikirlerni e\u015fitmek i\u00e7\u00fcn farql\u0131 ekspertlerden sorad\u0131q. Ekspertlerni\u00f1 \u00fc\u00e7te bir q\u0131sm\u0131 q\u0131r\u0131mtatarlar degil, amma bu saada bilgileri bar&#8221;.<\/p>\n\n\n\n<p>Taqdim tedbirinde i\u015ftirak etken Meclis reisini\u00f1 muavini Remzi \u0130lyasov yap\u0131l\u011fan i\u015fke m\u00fcsbet q\u0131ymet kesip, l\u00e2kin ayn\u0131 zamanda bu tedqiqatqa obyektiv q\u0131ymet kesmek zor, dedi. &#8220;\u015e\u00fcbesiz, pek \u00e7oq meseleler \u00f6grenilgen, &#8211; dep qayd etti R. \u0130lyasov. \u2013 L\u00e2kin, Qurultay-Meclis qurum\u0131 faaliyetine kelgende men talil etip, tevsiyeleri\u00f1izni Qurultayda seslendirme\u00f1izni rica eter edim ki, Qurultay delegatlar\u0131 soravda bildirilgen fikir-mul\u00e2azalarn\u0131 qapa-qar\u015f\u0131 izaatlamas\u0131nlar&#8221;.<\/p>\n\n\n\n<figure class=\"wp-block-image size-full\"><img loading=\"lazy\" decoding=\"async\" width=\"650\" height=\"370\" src=\"http:\/\/qtmm.org\/wp-content\/uploads\/2022\/01\/img_0541.jpeg\" alt=\"\" class=\"wp-image-39612\" srcset=\"https:\/\/qtmm.org\/wp-content\/uploads\/2022\/01\/img_0541.jpeg 650w, https:\/\/qtmm.org\/wp-content\/uploads\/2022\/01\/img_0541-300x171.jpeg 300w\" sizes=\"auto, (max-width: 650px) 100vw, 650px\" \/><\/figure>\n\n\n\n<p>&#8220;\u00c7e\u015fit fikirlerni ifade etmek yah\u015f\u0131 i\u015f, zan\u0131mca, amma ara\u015ft\u0131rman\u0131 devam ettirmek kerek. Halqara te\u015fkil\u00e2tlarn\u0131\u00f1 Ukraina\u011fa ait so\u00f1ki esabatlarn\u0131\u00f1 episinde Q\u0131r\u0131mtatar halq\u0131n\u0131\u00f1 Meclisini Ukrainan\u0131\u00f1 uquq alan\u0131na kirsetmek tevsiyeleri mevcut. \u015eun\u0131\u00f1 i\u00e7\u00fcn de ekspert sorav\u0131nda bu sualni\u00f1 t\u00fc\u015f\u00fcrilmesi ya\u00f1l\u0131\u015ft\u0131r, &#8211; dedi Pilip \u00d6rlik ad\u0131na Demokratiya institut\u0131n\u0131\u00f1 (Kiyev) hadimi Natalya Belitser tedbir i\u015ftirak\u00e7ilerine h\u0131tap eterek.<\/p>\n\n\n\n<p>\u00d6z nevbetinde Meclisni\u00f1 t\u0131\u015fq\u0131 al\u00e2qalar b\u00f6l\u00fcgini\u00f1 ba\u015f\u0131 Ali Hamzin &#8220;ara\u015ft\u0131rman\u0131\u00f1 ne derecede semereli ve obyektiv ol\u011fan\u0131n\u0131 zaman ve Qurultayn\u0131\u00f1 ya\u00f1\u0131 erk\u00e2n\u0131n\u0131\u00f1 i\u015fi k\u00f6sterir&#8221;, dedi.<\/p>\n\n\n\n<figure class=\"wp-block-image size-full\"><img loading=\"lazy\" decoding=\"async\" width=\"650\" height=\"400\" src=\"http:\/\/qtmm.org\/wp-content\/uploads\/2022\/01\/img_0574.jpeg\" alt=\"\" class=\"wp-image-39616\" srcset=\"https:\/\/qtmm.org\/wp-content\/uploads\/2022\/01\/img_0574.jpeg 650w, https:\/\/qtmm.org\/wp-content\/uploads\/2022\/01\/img_0574-300x185.jpeg 300w\" sizes=\"auto, (max-width: 650px) 100vw, 650px\" \/><\/figure>\n\n\n\n<p>Yap\u0131l\u011fan i\u015f neticelerine yek\u00fcn \u00e7ekken Aleksey Skorik ve Aleksandr \u015e\u00fclga qayd etkenlerine k\u00f6re, ekspertlerni\u00f1 q\u0131r\u0131mtatar cemiyetini\u00f1 gen\u00e7leri ve \u00fcyken nesilni temsil etken baya\u011f\u0131 q\u0131sm\u0131 Qurultay ve Meclisni isl\u00e2h etmek l\u00e2zim, dep sayalar. Olarn\u0131\u00f1 fikrince, e\u00f1 keli\u015fken variant Qurultay ve Meclis funktsiyalar\u0131n\u0131\u00f1 ayr\u0131-ayr\u0131 olmas\u0131d\u0131r. Qurultay aliy vek\u00e2letli organ olsa, Meclis aliy icra organ\u0131 olmal\u0131.<\/p>\n\n\n\n<p>Qurultay Reisi institut\u0131n\u0131 meydan\u011fa ketir\u00fcv boyunca ekspertler farql\u0131 fikirler bildirdiler. Baz\u0131lar\u0131 bu ad\u0131mn\u0131\u00f1 real ol\u011fan\u0131 ve bu vazifege Mustafa Cemilev se\u00e7ilmek kerekligini bildirdiler. B\u00f6yleliknen, bu \u2013 Qurultay-Meclis qurum\u0131n\u0131 isl\u00e2at et\u00fcv yolunda ciddiy bir y\u0131l\u0131\u015fuv olur ve Mustafa Cemilev spiker vazifesini eeda eter edi.<\/p>\n","protected":false},"excerpt":{"rendered":"<p>2013 senesi okt\u00e2br 10 k\u00fcn\u00fc Aqmescitte &#8220;Q\u0131r\u0131m inki\u015faf\u0131 fond\u0131&#8221;n\u0131\u00f1\u00a0ba\u015f direktor\u0131 Aleksey Skorik ve &#8220;SPHERA&#8221; informatsion merkezini\u00f1 m\u00fcdiri Aleksandr \u015e\u00fclga matbuat konferentsiyas\u0131n\u0131 ke\u00e7irip,\u00a0&#8220;Q\u0131r\u0131mda Qurultay arfesinde i\u00e7timaiy-siyasiy vaziyet&#8221; mevzus\u0131nda ekspert soravlar\u0131n\u0131\u00f1 neticeleri boyunca analitik esabatn\u0131 taqdim ettiler. Aleksey Skorikni\u00f1 s\u00f6zlerine k\u00f6re mezk\u00fcr ekspert sorav\u0131 &#8220;Q\u0131r\u0131m inki\u015faf\u0131 fond\u0131&#8221;n\u0131\u00f1 s\u0131mar\u0131\u015f\u0131na k\u00f6re SPHERA tedqiqat merkezi taraf\u0131ndan yap\u0131l\u011fan. &#8220;\u0130lk evel\u00e2 \u015fun\u0131 [&hellip;]<\/p>\n","protected":false},"author":1,"featured_media":39604,"comment_status":"open","ping_status":"open","sticky":false,"template":"","format":"standard","meta":{"inline_featured_image":false,"footnotes":""},"categories":[265],"tags":[],"class_list":["post-39603","post","type-post","status-publish","format-standard","has-post-thumbnail","hentry","category-haberler"],"acf":[],"yoast_head":"<!-- This site is optimized with the Yoast SEO plugin v27.4 - https:\/\/yoast.com\/product\/yoast-seo-wordpress\/ -->\n<title>Aqmescitte ekspertlerni\u00f1 \u00abQ\u0131r\u0131mda Qurultay arfesinde i\u00e7timaiy-siyasiy vaziyet\u00bb tedqiqat\u0131n\u0131 taqdim ettiler - \u041c\u0435\u0434\u0436\u043b\u0456\u0441<\/title>\n<meta name=\"robots\" content=\"index, follow, max-snippet:-1, max-image-preview:large, max-video-preview:-1\" \/>\n<link rel=\"canonical\" href=\"https:\/\/qtmm.org\/qt\/aqmescitte-ekspertlernin-qirimda-qurultay-arfesinde-ictimaiy-siyasiy-vaziyet-tedqiqatini-taqdim-ettiler\/\" \/>\n<meta property=\"og:locale\" content=\"en_US\" \/>\n<meta property=\"og:type\" content=\"article\" \/>\n<meta property=\"og:title\" content=\"Aqmescitte ekspertlerni\u00f1 \u00abQ\u0131r\u0131mda Qurultay arfesinde i\u00e7timaiy-siyasiy vaziyet\u00bb tedqiqat\u0131n\u0131 taqdim ettiler - \u041c\u0435\u0434\u0436\u043b\u0456\u0441\" \/>\n<meta property=\"og:description\" content=\"2013 senesi okt\u00e2br 10 k\u00fcn\u00fc Aqmescitte &#8220;Q\u0131r\u0131m inki\u015faf\u0131 fond\u0131&#8221;n\u0131\u00f1\u00a0ba\u015f direktor\u0131 Aleksey Skorik ve &#8220;SPHERA&#8221; informatsion merkezini\u00f1 m\u00fcdiri Aleksandr \u015e\u00fclga matbuat konferentsiyas\u0131n\u0131 ke\u00e7irip,\u00a0&#8220;Q\u0131r\u0131mda Qurultay arfesinde i\u00e7timaiy-siyasiy vaziyet&#8221; mevzus\u0131nda ekspert soravlar\u0131n\u0131\u00f1 neticeleri boyunca analitik esabatn\u0131 taqdim ettiler. Aleksey Skorikni\u00f1 s\u00f6zlerine k\u00f6re mezk\u00fcr ekspert sorav\u0131 &#8220;Q\u0131r\u0131m inki\u015faf\u0131 fond\u0131&#8221;n\u0131\u00f1 s\u0131mar\u0131\u015f\u0131na k\u00f6re SPHERA tedqiqat merkezi taraf\u0131ndan yap\u0131l\u011fan. &#8220;\u0130lk evel\u00e2 \u015fun\u0131 [&hellip;]\" \/>\n<meta property=\"og:url\" content=\"https:\/\/qtmm.org\/qt\/aqmescitte-ekspertlernin-qirimda-qurultay-arfesinde-ictimaiy-siyasiy-vaziyet-tedqiqatini-taqdim-ettiler\/\" \/>\n<meta property=\"og:site_name\" content=\"\u041c\u0435\u0434\u0436\u043b\u0456\u0441\" \/>\n<meta property=\"article:publisher\" content=\"https:\/\/www.facebook.com\/qtmm.info\/\" \/>\n<meta property=\"article:published_time\" content=\"2013-10-10T16:26:00+00:00\" \/>\n<meta property=\"article:modified_time\" content=\"2022-01-25T16:31:58+00:00\" \/>\n<meta property=\"og:image\" content=\"https:\/\/qtmm.org\/wp-content\/uploads\/2022\/01\/img_0548_2.jpeg\" \/>\n\t<meta property=\"og:image:width\" content=\"650\" \/>\n\t<meta property=\"og:image:height\" content=\"440\" \/>\n\t<meta property=\"og:image:type\" content=\"image\/jpeg\" \/>\n<meta name=\"author\" content=\"Developer\" \/>\n<meta name=\"twitter:card\" content=\"summary_large_image\" \/>\n<meta name=\"twitter:label1\" content=\"Written by\" \/>\n\t<meta name=\"twitter:data1\" content=\"Developer\" \/>\n\t<meta name=\"twitter:label2\" content=\"Est. reading time\" \/>\n\t<meta name=\"twitter:data2\" content=\"3 minutes\" \/>\n<script type=\"application\/ld+json\" class=\"yoast-schema-graph\">{\"@context\":\"https:\\\/\\\/schema.org\",\"@graph\":[{\"@type\":\"Article\",\"@id\":\"https:\\\/\\\/qtmm.org\\\/qt\\\/aqmescitte-ekspertlernin-qirimda-qurultay-arfesinde-ictimaiy-siyasiy-vaziyet-tedqiqatini-taqdim-ettiler\\\/#article\",\"isPartOf\":{\"@id\":\"https:\\\/\\\/qtmm.org\\\/qt\\\/aqmescitte-ekspertlernin-qirimda-qurultay-arfesinde-ictimaiy-siyasiy-vaziyet-tedqiqatini-taqdim-ettiler\\\/\"},\"author\":{\"name\":\"Developer\",\"@id\":\"https:\\\/\\\/qtmm.org\\\/qt\\\/#\\\/schema\\\/person\\\/de562469f971dec226ac06e60bbf74a7\"},\"headline\":\"Aqmescitte ekspertlerni\u00f1 \u00abQ\u0131r\u0131mda Qurultay arfesinde i\u00e7timaiy-siyasiy vaziyet\u00bb tedqiqat\u0131n\u0131 taqdim ettiler\",\"datePublished\":\"2013-10-10T16:26:00+00:00\",\"dateModified\":\"2022-01-25T16:31:58+00:00\",\"mainEntityOfPage\":{\"@id\":\"https:\\\/\\\/qtmm.org\\\/qt\\\/aqmescitte-ekspertlernin-qirimda-qurultay-arfesinde-ictimaiy-siyasiy-vaziyet-tedqiqatini-taqdim-ettiler\\\/\"},\"wordCount\":695,\"commentCount\":0,\"publisher\":{\"@id\":\"https:\\\/\\\/qtmm.org\\\/qt\\\/#organization\"},\"image\":{\"@id\":\"https:\\\/\\\/qtmm.org\\\/qt\\\/aqmescitte-ekspertlernin-qirimda-qurultay-arfesinde-ictimaiy-siyasiy-vaziyet-tedqiqatini-taqdim-ettiler\\\/#primaryimage\"},\"thumbnailUrl\":\"https:\\\/\\\/qtmm.org\\\/wp-content\\\/uploads\\\/2022\\\/01\\\/img_0548_2.jpeg\",\"articleSection\":[\"Haberler\"],\"inLanguage\":\"qt\",\"potentialAction\":[{\"@type\":\"CommentAction\",\"name\":\"Comment\",\"target\":[\"https:\\\/\\\/qtmm.org\\\/qt\\\/aqmescitte-ekspertlernin-qirimda-qurultay-arfesinde-ictimaiy-siyasiy-vaziyet-tedqiqatini-taqdim-ettiler\\\/#respond\"]}]},{\"@type\":\"WebPage\",\"@id\":\"https:\\\/\\\/qtmm.org\\\/qt\\\/aqmescitte-ekspertlernin-qirimda-qurultay-arfesinde-ictimaiy-siyasiy-vaziyet-tedqiqatini-taqdim-ettiler\\\/\",\"url\":\"https:\\\/\\\/qtmm.org\\\/qt\\\/aqmescitte-ekspertlernin-qirimda-qurultay-arfesinde-ictimaiy-siyasiy-vaziyet-tedqiqatini-taqdim-ettiler\\\/\",\"name\":\"Aqmescitte ekspertlerni\u00f1 \u00abQ\u0131r\u0131mda Qurultay arfesinde i\u00e7timaiy-siyasiy vaziyet\u00bb tedqiqat\u0131n\u0131 taqdim ettiler - \u041c\u0435\u0434\u0436\u043b\u0456\u0441\",\"isPartOf\":{\"@id\":\"https:\\\/\\\/qtmm.org\\\/qt\\\/#website\"},\"primaryImageOfPage\":{\"@id\":\"https:\\\/\\\/qtmm.org\\\/qt\\\/aqmescitte-ekspertlernin-qirimda-qurultay-arfesinde-ictimaiy-siyasiy-vaziyet-tedqiqatini-taqdim-ettiler\\\/#primaryimage\"},\"image\":{\"@id\":\"https:\\\/\\\/qtmm.org\\\/qt\\\/aqmescitte-ekspertlernin-qirimda-qurultay-arfesinde-ictimaiy-siyasiy-vaziyet-tedqiqatini-taqdim-ettiler\\\/#primaryimage\"},\"thumbnailUrl\":\"https:\\\/\\\/qtmm.org\\\/wp-content\\\/uploads\\\/2022\\\/01\\\/img_0548_2.jpeg\",\"datePublished\":\"2013-10-10T16:26:00+00:00\",\"dateModified\":\"2022-01-25T16:31:58+00:00\",\"breadcrumb\":{\"@id\":\"https:\\\/\\\/qtmm.org\\\/qt\\\/aqmescitte-ekspertlernin-qirimda-qurultay-arfesinde-ictimaiy-siyasiy-vaziyet-tedqiqatini-taqdim-ettiler\\\/#breadcrumb\"},\"inLanguage\":\"qt\",\"potentialAction\":[{\"@type\":\"ReadAction\",\"target\":[\"https:\\\/\\\/qtmm.org\\\/qt\\\/aqmescitte-ekspertlernin-qirimda-qurultay-arfesinde-ictimaiy-siyasiy-vaziyet-tedqiqatini-taqdim-ettiler\\\/\"]}]},{\"@type\":\"ImageObject\",\"inLanguage\":\"qt\",\"@id\":\"https:\\\/\\\/qtmm.org\\\/qt\\\/aqmescitte-ekspertlernin-qirimda-qurultay-arfesinde-ictimaiy-siyasiy-vaziyet-tedqiqatini-taqdim-ettiler\\\/#primaryimage\",\"url\":\"https:\\\/\\\/qtmm.org\\\/wp-content\\\/uploads\\\/2022\\\/01\\\/img_0548_2.jpeg\",\"contentUrl\":\"https:\\\/\\\/qtmm.org\\\/wp-content\\\/uploads\\\/2022\\\/01\\\/img_0548_2.jpeg\",\"width\":650,\"height\":440},{\"@type\":\"BreadcrumbList\",\"@id\":\"https:\\\/\\\/qtmm.org\\\/qt\\\/aqmescitte-ekspertlernin-qirimda-qurultay-arfesinde-ictimaiy-siyasiy-vaziyet-tedqiqatini-taqdim-ettiler\\\/#breadcrumb\",\"itemListElement\":[{\"@type\":\"ListItem\",\"position\":1,\"name\":\"\u0413\u043e\u043b\u043e\u0432\u043d\u0430\",\"item\":\"https:\\\/\\\/qtmm.org\\\/qt\\\/\"},{\"@type\":\"ListItem\",\"position\":2,\"name\":\"Aqmescitte ekspertlerni\u00f1 \u00abQ\u0131r\u0131mda Qurultay arfesinde i\u00e7timaiy-siyasiy vaziyet\u00bb tedqiqat\u0131n\u0131 taqdim ettiler\"}]},{\"@type\":\"WebSite\",\"@id\":\"https:\\\/\\\/qtmm.org\\\/qt\\\/#website\",\"url\":\"https:\\\/\\\/qtmm.org\\\/qt\\\/\",\"name\":\"\u041c\u0435\u0434\u0436\u043b\u0456\u0441\",\"description\":\"\",\"publisher\":{\"@id\":\"https:\\\/\\\/qtmm.org\\\/qt\\\/#organization\"},\"potentialAction\":[{\"@type\":\"SearchAction\",\"target\":{\"@type\":\"EntryPoint\",\"urlTemplate\":\"https:\\\/\\\/qtmm.org\\\/qt\\\/?s={search_term_string}\"},\"query-input\":{\"@type\":\"PropertyValueSpecification\",\"valueRequired\":true,\"valueName\":\"search_term_string\"}}],\"inLanguage\":\"qt\"},{\"@type\":\"Organization\",\"@id\":\"https:\\\/\\\/qtmm.org\\\/qt\\\/#organization\",\"name\":\"\u041c\u0435\u0434\u0436\u043b\u0456\u0441\",\"url\":\"https:\\\/\\\/qtmm.org\\\/qt\\\/\",\"logo\":{\"@type\":\"ImageObject\",\"inLanguage\":\"qt\",\"@id\":\"https:\\\/\\\/qtmm.org\\\/qt\\\/#\\\/schema\\\/logo\\\/image\\\/\",\"url\":\"https:\\\/\\\/qtmm.org\\\/wp-content\\\/uploads\\\/2024\\\/12\\\/ua-mejlis-logo-rgb.svg\",\"contentUrl\":\"https:\\\/\\\/qtmm.org\\\/wp-content\\\/uploads\\\/2024\\\/12\\\/ua-mejlis-logo-rgb.svg\",\"caption\":\"\u041c\u0435\u0434\u0436\u043b\u0456\u0441\"},\"image\":{\"@id\":\"https:\\\/\\\/qtmm.org\\\/qt\\\/#\\\/schema\\\/logo\\\/image\\\/\"},\"sameAs\":[\"https:\\\/\\\/www.facebook.com\\\/qtmm.info\\\/\"]},{\"@type\":\"Person\",\"@id\":\"https:\\\/\\\/qtmm.org\\\/qt\\\/#\\\/schema\\\/person\\\/de562469f971dec226ac06e60bbf74a7\",\"name\":\"Developer\",\"image\":{\"@type\":\"ImageObject\",\"inLanguage\":\"qt\",\"@id\":\"https:\\\/\\\/secure.gravatar.com\\\/avatar\\\/392b4cc8fbfeb00b39dfeeab4ee6edded39ffd48e25858637e4765810300227e?s=96&d=mm&r=g\",\"url\":\"https:\\\/\\\/secure.gravatar.com\\\/avatar\\\/392b4cc8fbfeb00b39dfeeab4ee6edded39ffd48e25858637e4765810300227e?s=96&d=mm&r=g\",\"contentUrl\":\"https:\\\/\\\/secure.gravatar.com\\\/avatar\\\/392b4cc8fbfeb00b39dfeeab4ee6edded39ffd48e25858637e4765810300227e?s=96&d=mm&r=g\",\"caption\":\"Developer\"},\"url\":\"https:\\\/\\\/qtmm.org\\\/qt\\\/author\\\/Developer\\\/\"}]}<\/script>\n<!-- \/ Yoast SEO plugin. -->","yoast_head_json":{"title":"Aqmescitte ekspertlerni\u00f1 \u00abQ\u0131r\u0131mda Qurultay arfesinde i\u00e7timaiy-siyasiy vaziyet\u00bb tedqiqat\u0131n\u0131 taqdim ettiler - \u041c\u0435\u0434\u0436\u043b\u0456\u0441","robots":{"index":"index","follow":"follow","max-snippet":"max-snippet:-1","max-image-preview":"max-image-preview:large","max-video-preview":"max-video-preview:-1"},"canonical":"https:\/\/qtmm.org\/qt\/aqmescitte-ekspertlernin-qirimda-qurultay-arfesinde-ictimaiy-siyasiy-vaziyet-tedqiqatini-taqdim-ettiler\/","og_locale":"en_US","og_type":"article","og_title":"Aqmescitte ekspertlerni\u00f1 \u00abQ\u0131r\u0131mda Qurultay arfesinde i\u00e7timaiy-siyasiy vaziyet\u00bb tedqiqat\u0131n\u0131 taqdim ettiler - \u041c\u0435\u0434\u0436\u043b\u0456\u0441","og_description":"2013 senesi okt\u00e2br 10 k\u00fcn\u00fc Aqmescitte &#8220;Q\u0131r\u0131m inki\u015faf\u0131 fond\u0131&#8221;n\u0131\u00f1\u00a0ba\u015f direktor\u0131 Aleksey Skorik ve &#8220;SPHERA&#8221; informatsion merkezini\u00f1 m\u00fcdiri Aleksandr \u015e\u00fclga matbuat konferentsiyas\u0131n\u0131 ke\u00e7irip,\u00a0&#8220;Q\u0131r\u0131mda Qurultay arfesinde i\u00e7timaiy-siyasiy vaziyet&#8221; mevzus\u0131nda ekspert soravlar\u0131n\u0131\u00f1 neticeleri boyunca analitik esabatn\u0131 taqdim ettiler. Aleksey Skorikni\u00f1 s\u00f6zlerine k\u00f6re mezk\u00fcr ekspert sorav\u0131 &#8220;Q\u0131r\u0131m inki\u015faf\u0131 fond\u0131&#8221;n\u0131\u00f1 s\u0131mar\u0131\u015f\u0131na k\u00f6re SPHERA tedqiqat merkezi taraf\u0131ndan yap\u0131l\u011fan. &#8220;\u0130lk evel\u00e2 \u015fun\u0131 [&hellip;]","og_url":"https:\/\/qtmm.org\/qt\/aqmescitte-ekspertlernin-qirimda-qurultay-arfesinde-ictimaiy-siyasiy-vaziyet-tedqiqatini-taqdim-ettiler\/","og_site_name":"\u041c\u0435\u0434\u0436\u043b\u0456\u0441","article_publisher":"https:\/\/www.facebook.com\/qtmm.info\/","article_published_time":"2013-10-10T16:26:00+00:00","article_modified_time":"2022-01-25T16:31:58+00:00","og_image":[{"width":650,"height":440,"url":"https:\/\/qtmm.org\/wp-content\/uploads\/2022\/01\/img_0548_2.jpeg","type":"image\/jpeg"}],"author":"Developer","twitter_card":"summary_large_image","twitter_misc":{"Written by":"Developer","Est. reading time":"3 minutes"},"schema":{"@context":"https:\/\/schema.org","@graph":[{"@type":"Article","@id":"https:\/\/qtmm.org\/qt\/aqmescitte-ekspertlernin-qirimda-qurultay-arfesinde-ictimaiy-siyasiy-vaziyet-tedqiqatini-taqdim-ettiler\/#article","isPartOf":{"@id":"https:\/\/qtmm.org\/qt\/aqmescitte-ekspertlernin-qirimda-qurultay-arfesinde-ictimaiy-siyasiy-vaziyet-tedqiqatini-taqdim-ettiler\/"},"author":{"name":"Developer","@id":"https:\/\/qtmm.org\/qt\/#\/schema\/person\/de562469f971dec226ac06e60bbf74a7"},"headline":"Aqmescitte ekspertlerni\u00f1 \u00abQ\u0131r\u0131mda Qurultay arfesinde i\u00e7timaiy-siyasiy vaziyet\u00bb tedqiqat\u0131n\u0131 taqdim ettiler","datePublished":"2013-10-10T16:26:00+00:00","dateModified":"2022-01-25T16:31:58+00:00","mainEntityOfPage":{"@id":"https:\/\/qtmm.org\/qt\/aqmescitte-ekspertlernin-qirimda-qurultay-arfesinde-ictimaiy-siyasiy-vaziyet-tedqiqatini-taqdim-ettiler\/"},"wordCount":695,"commentCount":0,"publisher":{"@id":"https:\/\/qtmm.org\/qt\/#organization"},"image":{"@id":"https:\/\/qtmm.org\/qt\/aqmescitte-ekspertlernin-qirimda-qurultay-arfesinde-ictimaiy-siyasiy-vaziyet-tedqiqatini-taqdim-ettiler\/#primaryimage"},"thumbnailUrl":"https:\/\/qtmm.org\/wp-content\/uploads\/2022\/01\/img_0548_2.jpeg","articleSection":["Haberler"],"inLanguage":"qt","potentialAction":[{"@type":"CommentAction","name":"Comment","target":["https:\/\/qtmm.org\/qt\/aqmescitte-ekspertlernin-qirimda-qurultay-arfesinde-ictimaiy-siyasiy-vaziyet-tedqiqatini-taqdim-ettiler\/#respond"]}]},{"@type":"WebPage","@id":"https:\/\/qtmm.org\/qt\/aqmescitte-ekspertlernin-qirimda-qurultay-arfesinde-ictimaiy-siyasiy-vaziyet-tedqiqatini-taqdim-ettiler\/","url":"https:\/\/qtmm.org\/qt\/aqmescitte-ekspertlernin-qirimda-qurultay-arfesinde-ictimaiy-siyasiy-vaziyet-tedqiqatini-taqdim-ettiler\/","name":"Aqmescitte ekspertlerni\u00f1 \u00abQ\u0131r\u0131mda Qurultay arfesinde i\u00e7timaiy-siyasiy vaziyet\u00bb tedqiqat\u0131n\u0131 taqdim ettiler - \u041c\u0435\u0434\u0436\u043b\u0456\u0441","isPartOf":{"@id":"https:\/\/qtmm.org\/qt\/#website"},"primaryImageOfPage":{"@id":"https:\/\/qtmm.org\/qt\/aqmescitte-ekspertlernin-qirimda-qurultay-arfesinde-ictimaiy-siyasiy-vaziyet-tedqiqatini-taqdim-ettiler\/#primaryimage"},"image":{"@id":"https:\/\/qtmm.org\/qt\/aqmescitte-ekspertlernin-qirimda-qurultay-arfesinde-ictimaiy-siyasiy-vaziyet-tedqiqatini-taqdim-ettiler\/#primaryimage"},"thumbnailUrl":"https:\/\/qtmm.org\/wp-content\/uploads\/2022\/01\/img_0548_2.jpeg","datePublished":"2013-10-10T16:26:00+00:00","dateModified":"2022-01-25T16:31:58+00:00","breadcrumb":{"@id":"https:\/\/qtmm.org\/qt\/aqmescitte-ekspertlernin-qirimda-qurultay-arfesinde-ictimaiy-siyasiy-vaziyet-tedqiqatini-taqdim-ettiler\/#breadcrumb"},"inLanguage":"qt","potentialAction":[{"@type":"ReadAction","target":["https:\/\/qtmm.org\/qt\/aqmescitte-ekspertlernin-qirimda-qurultay-arfesinde-ictimaiy-siyasiy-vaziyet-tedqiqatini-taqdim-ettiler\/"]}]},{"@type":"ImageObject","inLanguage":"qt","@id":"https:\/\/qtmm.org\/qt\/aqmescitte-ekspertlernin-qirimda-qurultay-arfesinde-ictimaiy-siyasiy-vaziyet-tedqiqatini-taqdim-ettiler\/#primaryimage","url":"https:\/\/qtmm.org\/wp-content\/uploads\/2022\/01\/img_0548_2.jpeg","contentUrl":"https:\/\/qtmm.org\/wp-content\/uploads\/2022\/01\/img_0548_2.jpeg","width":650,"height":440},{"@type":"BreadcrumbList","@id":"https:\/\/qtmm.org\/qt\/aqmescitte-ekspertlernin-qirimda-qurultay-arfesinde-ictimaiy-siyasiy-vaziyet-tedqiqatini-taqdim-ettiler\/#breadcrumb","itemListElement":[{"@type":"ListItem","position":1,"name":"\u0413\u043e\u043b\u043e\u0432\u043d\u0430","item":"https:\/\/qtmm.org\/qt\/"},{"@type":"ListItem","position":2,"name":"Aqmescitte ekspertlerni\u00f1 \u00abQ\u0131r\u0131mda Qurultay arfesinde i\u00e7timaiy-siyasiy vaziyet\u00bb tedqiqat\u0131n\u0131 taqdim ettiler"}]},{"@type":"WebSite","@id":"https:\/\/qtmm.org\/qt\/#website","url":"https:\/\/qtmm.org\/qt\/","name":"\u041c\u0435\u0434\u0436\u043b\u0456\u0441","description":"","publisher":{"@id":"https:\/\/qtmm.org\/qt\/#organization"},"potentialAction":[{"@type":"SearchAction","target":{"@type":"EntryPoint","urlTemplate":"https:\/\/qtmm.org\/qt\/?s={search_term_string}"},"query-input":{"@type":"PropertyValueSpecification","valueRequired":true,"valueName":"search_term_string"}}],"inLanguage":"qt"},{"@type":"Organization","@id":"https:\/\/qtmm.org\/qt\/#organization","name":"\u041c\u0435\u0434\u0436\u043b\u0456\u0441","url":"https:\/\/qtmm.org\/qt\/","logo":{"@type":"ImageObject","inLanguage":"qt","@id":"https:\/\/qtmm.org\/qt\/#\/schema\/logo\/image\/","url":"https:\/\/qtmm.org\/wp-content\/uploads\/2024\/12\/ua-mejlis-logo-rgb.svg","contentUrl":"https:\/\/qtmm.org\/wp-content\/uploads\/2024\/12\/ua-mejlis-logo-rgb.svg","caption":"\u041c\u0435\u0434\u0436\u043b\u0456\u0441"},"image":{"@id":"https:\/\/qtmm.org\/qt\/#\/schema\/logo\/image\/"},"sameAs":["https:\/\/www.facebook.com\/qtmm.info\/"]},{"@type":"Person","@id":"https:\/\/qtmm.org\/qt\/#\/schema\/person\/de562469f971dec226ac06e60bbf74a7","name":"Developer","image":{"@type":"ImageObject","inLanguage":"qt","@id":"https:\/\/secure.gravatar.com\/avatar\/392b4cc8fbfeb00b39dfeeab4ee6edded39ffd48e25858637e4765810300227e?s=96&d=mm&r=g","url":"https:\/\/secure.gravatar.com\/avatar\/392b4cc8fbfeb00b39dfeeab4ee6edded39ffd48e25858637e4765810300227e?s=96&d=mm&r=g","contentUrl":"https:\/\/secure.gravatar.com\/avatar\/392b4cc8fbfeb00b39dfeeab4ee6edded39ffd48e25858637e4765810300227e?s=96&d=mm&r=g","caption":"Developer"},"url":"https:\/\/qtmm.org\/qt\/author\/Developer\/"}]}},"_links":{"self":[{"href":"https:\/\/qtmm.org\/qt\/wp-json\/wp\/v2\/posts\/39603","targetHints":{"allow":["GET"]}}],"collection":[{"href":"https:\/\/qtmm.org\/qt\/wp-json\/wp\/v2\/posts"}],"about":[{"href":"https:\/\/qtmm.org\/qt\/wp-json\/wp\/v2\/types\/post"}],"author":[{"embeddable":true,"href":"https:\/\/qtmm.org\/qt\/wp-json\/wp\/v2\/users\/1"}],"replies":[{"embeddable":true,"href":"https:\/\/qtmm.org\/qt\/wp-json\/wp\/v2\/comments?post=39603"}],"version-history":[{"count":1,"href":"https:\/\/qtmm.org\/qt\/wp-json\/wp\/v2\/posts\/39603\/revisions"}],"predecessor-version":[{"id":39620,"href":"https:\/\/qtmm.org\/qt\/wp-json\/wp\/v2\/posts\/39603\/revisions\/39620"}],"wp:featuredmedia":[{"embeddable":true,"href":"https:\/\/qtmm.org\/qt\/wp-json\/wp\/v2\/media\/39604"}],"wp:attachment":[{"href":"https:\/\/qtmm.org\/qt\/wp-json\/wp\/v2\/media?parent=39603"}],"wp:term":[{"taxonomy":"category","embeddable":true,"href":"https:\/\/qtmm.org\/qt\/wp-json\/wp\/v2\/categories?post=39603"},{"taxonomy":"post_tag","embeddable":true,"href":"https:\/\/qtmm.org\/qt\/wp-json\/wp\/v2\/tags?post=39603"}],"curies":[{"name":"wp","href":"https:\/\/api.w.org\/{rel}","templated":true}]}}