




{"id":39601,"date":"2013-10-10T19:25:00","date_gmt":"2013-10-10T16:25:00","guid":{"rendered":"http:\/\/qtmm.org\/?p=39601"},"modified":"2022-01-25T19:26:46","modified_gmt":"2022-01-25T16:26:46","slug":"qirimtatar-halqi-vi-cagirilis-qurultayi-1-nci-oturimini-alip-baruvnin-tahminiy-tertibi","status":"publish","type":"post","link":"https:\/\/qtmm.org\/qt\/qirimtatar-halqi-vi-cagirilis-qurultayi-1-nci-oturimini-alip-baruvnin-tahminiy-tertibi\/","title":{"rendered":"Q\u0131r\u0131mtatar halq\u0131 VI \u00e7a\u011f\u0131r\u0131l\u0131\u015f Qurultay\u0131 1-nci otur\u0131m\u0131n\u0131 al\u0131p baruvn\u0131\u00f1 TAHM\u0130N\u0130Y TERT\u0130B\u0130"},"content":{"rendered":"\n<p class=\"has-text-align-center\"><strong>Q\u0131r\u0131mtatar halq\u0131 VI \u00e7a\u011f\u0131r\u0131l\u0131\u015f Qurultay\u0131 1-nci otur\u0131m\u0131n\u0131 al\u0131p baruvn\u0131\u00f1<\/strong><\/p>\n\n\n\n<p class=\"has-text-align-center\"><strong>TAHM\u0130N\u0130Y TERT\u0130B\u0130<\/strong><\/p>\n\n\n\n<p><strong>08.30 \u2013 09.45<\/strong>&nbsp;Q\u0131r\u0131mtatar halq\u0131 Qurultay\u0131 delegatlar\u0131 ve musafirlerini qayd et\u00fcv<\/p>\n\n\n\n<p class=\"has-text-align-right\"><em>1-nci qat, foyye<\/em><\/p>\n\n\n\n<p><strong>10.00 \u2013 10.12<\/strong>&nbsp;Q\u0131r\u0131mtatar halq\u0131 VI \u00e7a\u011f\u0131r\u0131l\u0131\u015f Qurultay\u0131na delegatlarn\u0131 saylav boyunca Merkeziy saylav komissiya reisini\u00f1 ke\u00e7ken saylavlarn\u0131\u00f1 neticelerine k\u00f6re Qurultay delegatlar\u0131n\u0131 qayd et\u00fcv aqq\u0131nda. Q\u0131r\u0131mtatar halq\u0131 VI \u00e7a\u011f\u0131r\u0131l\u0131\u015f Qurultay\u0131 1-nci otur\u0131m\u0131n\u0131\u00f1 a\u00e7\u0131luv\u0131 aqq\u0131nda Merkeziy saylav komissiya reisini\u00f1 il\u00e2n\u0131.<\/p>\n\n\n\n<p><em><strong>Maruzac\u0131 &#8211; Zair Smedl\u00e2yev<\/strong><\/em><\/p>\n\n\n\n<p><strong>10.12 \u2013 10.15<\/strong>&nbsp;Q\u0131r\u0131mtatar milliy gimni ve Ukraina devlet gimnini\u00f1 icra etil\u00fcvi<\/p>\n\n\n\n<p><strong>10.15 \u2013 10.20<\/strong>&nbsp;Q\u0131r\u0131m musulmanlar\u0131 m\u00fcftisi&nbsp;<strong>ac\u0131 Emirali Ablayev<\/strong>&nbsp;Q\u0131r\u0131mtatar halq\u0131 Qurultay\u0131n\u0131\u00f1 i\u015fine Fatiha ber\u00fcvi.<\/p>\n\n\n\n<p><strong>10.20 \u2013 10.30<\/strong>&nbsp;<em><strong>Q\u0131r\u0131mtatar halq\u0131 VI \u00e7a\u011f\u0131r\u0131l\u0131\u015f Qurultay\u0131 1-nci otur\u0131m\u0131 Prezidium\u0131n\u0131\u00f1 saylan\u0131luv\u0131<\/strong><\/em><\/p>\n\n\n\n<p><strong>10.30 \u2013 10.40<\/strong>&nbsp;<em><strong>Q\u0131r\u0131mtatar halq\u0131 VI \u00e7a\u011f\u0131r\u0131l\u0131\u015f Qurultay\u0131 1-nci otur\u0131m\u0131 K\u00e2tibiyetini\u00f1 saylan\u0131luv\u0131<\/strong><\/em><\/p>\n\n\n\n<p><strong>10.40 \u2013 10.50<\/strong>&nbsp;<em><strong>Q\u0131r\u0131mtatar halq\u0131 VI \u00e7a\u011f\u0131r\u0131l\u0131\u015f Qurultay\u0131 1-nci otur\u0131m\u0131 Muarririyet komissiyas\u0131n\u0131\u00f1 se\u00e7il\u00fcvi<\/strong><\/em><\/p>\n\n\n\n<p><strong>10.50 \u2013 11.00<\/strong>&nbsp;<em><strong>Q\u0131r\u0131mtatar halq\u0131 VI \u00e7a\u011f\u0131r\u0131l\u0131\u015f Qurultay\u0131 1-nci otur\u0131m\u0131 Mandat komissiyas\u0131n\u0131\u00f1 saylanuv\u0131<\/strong><\/em><\/p>\n\n\n\n<p><strong>11.00 \u2013 11.30<\/strong>&nbsp;Q\u0131r\u0131mtatar halq\u0131 VI \u00e7a\u011f\u0131r\u0131l\u0131\u015f Qurultay\u01311-nci otur\u0131m\u0131 k\u00fcn tertibini\u00f1 tasdiqlanuv\u0131<\/p>\n\n\n\n<p><strong>11.30 \u2013 11.40<\/strong>&nbsp;Q\u0131r\u0131mtatar halq\u0131 VI \u00e7a\u011f\u0131r\u0131l\u0131\u015f Qurultay\u01311-nci otur\u0131m\u0131 K\u00e2tibiyeti ve Muarririyeti komissiyas\u0131, Tefti\u015f komissiyas\u0131n\u0131\u00f1 \u00f6z i\u015fi aqq\u0131nda mal\u00fcmatlar\u0131<\/p>\n\n\n\n<p><strong>11.40 \u2013 12.30<\/strong>&nbsp;<strong>Ukrainada i\u00e7timaiy-siyasiy vaziyet ve milliy idare em de q\u0131r\u0131mtatar halq\u0131 milliy vek\u00e2letligi qurum\u0131n\u0131\u00f1 q\u0131r\u0131mtatar halq\u0131n\u0131\u00f1 aqlar\u0131n\u0131 \u011fayr\u0131dan tiklevdeki ba\u015f vazifeleri aqq\u0131nda<\/strong><\/p>\n\n\n\n<p><strong><em>Maruzac\u0131 &#8211; Mustafa Cemilev<\/em><\/strong><\/p>\n\n\n\n<p><strong>12.30 \u2013 12.50<\/strong>&nbsp;Q\u0131r\u0131mtatar halq\u0131 Qurultay\u0131 musafirlerini\u00f1 \u00e7\u0131q\u0131\u015flar\u0131<\/p>\n\n\n\n<p><em>\u00c7\u0131q\u0131\u015f reglamenti \u2013 3 daqqa\u011fa qadar<\/em><\/p>\n\n\n\n<p><strong>12.50 \u2013 13.00<\/strong>&nbsp;Q\u0131r\u0131mtatar halq\u0131 VI \u00e7a\u011f\u0131r\u0131l\u0131\u015f Qurultay\u01311-nci otur\u0131m\u0131 Mandat komissiyas\u0131n\u0131\u00f1 maruzas\u0131. Mandat komissiyas\u0131 qararlar\u0131n\u0131\u00f1 tasdiqlanmas\u0131.<\/p>\n\n\n\n<p><strong>13.00 \u2013 14.00<\/strong>&nbsp;<strong>Teneff\u00fcs<\/strong><\/p>\n\n\n\n<p><strong>14.00&nbsp;<\/strong><strong>\u2013<\/strong><strong>&nbsp;14.30<\/strong>&nbsp;Qurultay delegatlar\u0131 ve musafirlerini qayd et\u00fcv.<\/p>\n\n\n\n<p><strong>14.30 \u2013 14.45<\/strong>&nbsp;Q\u0131r\u0131mtatar halq\u0131 Qurultay\u0131 musafirlerini\u00f1 \u00e7\u0131q\u0131\u015flar\u0131<\/p>\n\n\n\n<p><em>\u00c7\u0131q\u0131\u015f reglamenti \u2013 3 daqqa\u011fa qadar<\/em><\/p>\n\n\n\n<p><strong>14.45 \u2013 16.30<\/strong>&nbsp;<strong>Ukrainada i\u00e7timaiy-siyasiy vaziyet ve milliy idare em de q\u0131r\u0131mtatar halq\u0131 milliy vek\u00e2letligi qurum\u0131n\u0131\u00f1 q\u0131r\u0131mtatar halq\u0131n\u0131\u00f1 aqlar\u0131n\u0131 \u011fayr\u0131dan tiklevdeki ba\u015f vazifeleri aqq\u0131nda.(Muzakere)<\/strong><\/p>\n\n\n\n<p>Qurultay delegatlar\u0131n\u0131\u00f1 \u00e7\u0131q\u0131\u015flar\u0131<\/p>\n\n\n\n<p><em>\u00c7\u0131q\u0131\u015f reglamenti \u2013 5 daqqa\u011fa qadar<\/em><\/p>\n\n\n\n<p><strong>16.30 \u2013 17.00<\/strong>&nbsp;<strong>Q\u0131r\u0131mtatar halq\u0131 Qurultay\u0131, on\u0131\u00f1 saylanma organlar\u0131 ve yerli milliy idareorganlar\u0131n\u0131\u00f1 faaliyeti ve te\u015fkil\u00e2t\u0131n\u0131 k\u00f6zetken vesiqalar\u011fa de\u00f1i\u015fme veqo\u015fumcalar kirset\u00fcv aqq\u0131nda.<\/strong><\/p>\n\n\n\n<p><em><strong>Maruzac\u0131 &#8211; Remzi \u0130lyasov<\/strong><\/em><\/p>\n\n\n\n<p><strong>17.00-19.00<\/strong>&nbsp;Qurultay delegatlar\u0131n\u0131\u00f1 \u00e7\u0131q\u0131\u015flar\u0131<\/p>\n\n\n\n<p><em>\u00c7\u0131q\u0131\u015f reglamenti \u2013 5 daqqa\u011fa qadar<\/em><\/p>\n\n\n\n<hr class=\"wp-block-separator\"\/>\n\n\n\n<p><strong><u>2013 senesi okt\u00e2br 27<\/u><\/strong><\/p>\n\n\n\n<p><strong>08.30&nbsp;<\/strong><strong>\u2013<\/strong><strong>&nbsp;09.45<\/strong>&nbsp;Qurultay delegatlar\u0131 ve musafirlerini qayd et\u00fcv<\/p>\n\n\n\n<p><strong>10.00 \u2013 10.40<\/strong>&nbsp;<strong>Q\u0131r\u0131mtatar halq\u0131 Qurultay\u0131 saylanma organlar\u0131n\u0131 se\u00e7\u00fcv aqq\u0131nda: delegatlarn\u0131\u00f1 \u00e7\u0131q\u0131\u015flar\u0131, namzetlerni k\u00f6ster\u00fcv ve olarn\u0131 muzakere et\u00fcv<\/strong><\/p>\n\n\n\n<p><strong>10.40 \u2013 10.50<\/strong>&nbsp;Q\u0131r\u0131mtatar halq\u0131 Qurultay\u0131n\u0131\u00f1 vazifedar \u015fah\u0131slar\u0131n\u0131 saylavn\u0131 te\u015fkil\u00e2tland\u0131rmaq ve ke\u00e7irmek i\u00e7\u00fcn Esap komissiyas\u0131n\u0131 saylav.<\/p>\n\n\n\n<p><strong>10.50 \u2013 11.10<\/strong>&nbsp;<strong>Q\u0131r\u0131mtatar halq\u0131n\u0131\u00f1 \u00f6z Vatan\u0131nda aqlar\u0131n\u0131 \u011fayr\u0131dan tiklev, Ukrainada on\u0131\u00f1tel\u00fckesizligi ve inki\u015faf\u0131n\u0131 temin et\u00fcv boyunca halqara forum\u011fa az\u0131rl\u0131qaqq\u0131nda.<\/strong><\/p>\n\n\n\n<p><em><strong>Maruzac\u0131 &#8211; Ali Hamzin<\/strong><\/em><\/p>\n\n\n\n<p><strong>11.10<\/strong><strong>&nbsp;\u2013&nbsp;<\/strong><strong>11.30<\/strong>&nbsp;Q\u0131r\u0131mtatar halq\u0131 Qurultay\u0131 delegatlar\u0131n\u0131\u00f1 \u00e7\u0131q\u0131\u015flar\u0131<\/p>\n\n\n\n<p><em>\u00c7\u0131q\u0131\u015f reglamenti \u2013 3 daqqa\u011fa qadar<\/em><\/p>\n\n\n\n<p><strong>11.30 \u2013 11.40<\/strong>&nbsp;Q\u0131r\u0131mtatar halq\u0131 Qurultay\u0131n\u0131\u00f1 vazifedar \u015fah\u0131slar\u0131n\u0131 saylavn\u0131 te\u015fkil\u00e2tland\u0131rmaq ve ke\u00e7irmek boyunca Esap komissiyas\u0131n\u0131\u00f1 rey ber\u00fcv tertibi ve yeri aqq\u0131nda mal\u00fcmat\u0131, rey ber\u00fcvni\u00f1ba\u015flanmas\u0131 aqq\u0131nda il\u00e2n etmesi<\/p>\n\n\n\n<p><strong>11.40 \u2013 12.40<\/strong>&nbsp;<strong>Gizli rey ber\u00fcvni\u00f1 \u00f6tkerilmesi<\/strong><\/p>\n\n\n\n<p><strong>12.40 \u2013 13.40<\/strong>&nbsp;<strong>Teneff\u00fcs<\/strong><\/p>\n\n\n\n<p><strong>13.40&nbsp;<\/strong><strong>\u2013<\/strong><strong>&nbsp;14.00<\/strong>&nbsp;Qurultay delegatlar\u0131 ve musafirlerini qayd et\u00fcv<\/p>\n\n\n\n<p><strong>14.00 \u2013 14.10<\/strong>&nbsp;Q\u0131r\u0131mtatar halq\u0131 Qurultay\u0131n\u0131\u00f1 vazifedar \u015fah\u0131slar\u0131n\u0131saylavn\u0131 te\u015fkil\u00e2tland\u0131rmaq ve ke\u00e7irmek boyunca Esapkomissiyas\u0131n\u0131\u00f1 rey ber\u00fcv neticelerini bildir\u00fcvi.<\/p>\n\n\n\n<p><strong>14.10 \u2013 15.30<\/strong>&nbsp;<strong>Q\u0131r\u0131mtatar halq\u0131 Qurultay\u0131n\u0131\u00f1 saylanma organlar\u0131naNamzetlerni k\u00f6ster\u00fcv: delegatlarn\u0131\u00f1 \u00e7\u0131q\u0131\u015flar\u0131, namzetlerni k\u00f6ster\u00fcv ve olarn\u0131 muzakere et\u00fcv<\/strong><\/p>\n\n\n\n<p><strong>15.30 \u2013 16.00<\/strong>&nbsp;Q\u0131r\u0131mtatar halq\u0131 Qurultay\u0131n\u0131\u00f1 vazifedar \u015fah\u0131slar\u0131n\u0131 saylavn\u0131 te\u015fkil\u00e2tland\u0131rmaq ve ke\u00e7irmek i\u00e7\u00fcn Esap komissiyas\u0131n\u0131 saylav<\/p>\n\n\n\n<p><strong>16.00 \u2013 16.20<\/strong>&nbsp;<strong>Q\u0131r\u0131mtatar halq\u0131 soyq\u0131r\u0131m\u0131n\u0131\u00f1 70 y\u0131ll\u0131\u011f\u0131 munasebetinen q\u0131r\u0131mtatar halq\u0131 milliy idare organlar\u0131, icadiy ve cemaat te\u015fkil\u00e2tlar\u0131n\u0131\u00f1 vazifeleri aqq\u0131nda.<\/strong><\/p>\n\n\n\n<p><em><strong>Maruzac\u0131 &#8211; Refat \u00c7ubarov<\/strong><\/em><\/p>\n\n\n\n<p><strong>16.20 \u2013 17.00<\/strong>&nbsp;Q\u0131r\u0131mtatar halq\u0131 Qurultay\u0131 delegatlar\u0131n\u0131\u00f1 \u00e7\u0131q\u0131\u015flar\u0131<\/p>\n\n\n\n<p><em>\u00c7\u0131q\u0131\u015f reglamenti \u2013 3 daqqa\u011fa qadar<\/em><\/p>\n\n\n\n<p><em>Q\u0131r\u0131mtatar halq\u0131 Qurultay\u0131n\u0131\u00f1 vazifedar \u015fah\u0131slar\u0131n\u0131 saylavn\u0131 te\u015fkil\u00e2tland\u0131rmaq ve ke\u00e7irmek i\u00e7\u00fcn Esap komissiyas\u0131n\u0131\u00f1 az\u0131r ol\u011fan\u0131 kibi mal\u00fcmatlar\u0131<\/em><\/p>\n\n\n\n<p><strong>17.00 \u2013 18.20<\/strong>&nbsp;<strong>Gizli rey ber\u00fcvni\u00f1 \u00f6tkerilmesi<\/strong><\/p>\n\n\n\n<p><strong>18.20 \u2013 19.50<\/strong>&nbsp;<strong>Q\u0131r\u0131mtatar halq\u0131 Qurultay\u0131n\u0131\u00f1 vesiqalar\u0131n\u0131 qabul et\u00fcv aqq\u0131nda.<\/strong><\/p>\n\n\n\n<p><strong>19.50 \u2013 20.10<\/strong>&nbsp;Q\u0131r\u0131mtatar halq\u0131 Qurultay\u0131n\u0131\u00f1 vazifedar \u015fah\u0131slar\u0131n\u0131 saylavn\u0131 te\u015fkil\u00e2tland\u0131rmaq ve ke\u00e7irmek i\u00e7\u00fcn Esap komissiyas\u0131n\u0131\u00f1 rey ber\u00fcv neticeleri boyunca mal\u00fcmat\u0131<\/p>\n\n\n\n<p><strong>20.10 \u2013 20.40<\/strong>&nbsp;<strong>Q\u0131r\u0131mtatar halq\u0131 Qurultay\u0131n\u0131\u00f1 vesiqalar\u0131n\u0131 qabul et\u00fcv aqq\u0131nda.<\/strong><\/p>\n\n\n\n<p><strong>20.40 \u2013 20.50<\/strong>&nbsp;Yek\u00fcnleyici s\u00f6z. Q\u0131r\u0131mtatar milliy gimni ve Ukraina devlet gimnini\u00f1 icra etil\u00fcvi<\/p>\n\n\n\n<hr class=\"wp-block-separator\"\/>\n\n\n\n<p><strong>\u0130HTAR:<\/strong><\/p>\n\n\n\n<p><strong>Q\u0131r\u0131mtatar halq\u0131 VI \u00e7a\u011f\u0131r\u0131l\u0131\u015f Qurultay\u0131 1-nci otur\u0131m\u0131n\u0131 al\u0131pbar\u0131lmas\u0131n\u0131\u00f1 tertibi Qurultay otur\u0131m\u0131 devam\u0131nda qabul etilgen qararlar\u011fa k\u00f6re Qurultayn\u0131\u00f1 prezidium\u0131 taraf\u0131ndan de\u00f1i\u015ftirile bilir.<\/strong><\/p>\n\n\n\n<p><em><strong>Q\u0131r\u0131mtatar halq\u0131 Qurultay\u0131 vesiqalar\u0131n\u0131\u00f1 leyhalar\u0131 Qurultay delegatlar\u0131 taraf\u0131ndan yazma \u015fekilde Q\u0131r\u0131mtatar halq\u0131 Qurultay\u0131n\u0131\u00f1 1-nci otur\u0131m\u0131n\u0131 az\u0131rlav ve ke\u00e7ir\u00fcv boyunca Te\u015fkiliy h\u0131zmetke 2013 senesi okt\u00e2br 20-ge qadar berilmesi kerek.<\/strong><\/em><\/p>\n","protected":false},"excerpt":{"rendered":"<p>Q\u0131r\u0131mtatar halq\u0131 VI \u00e7a\u011f\u0131r\u0131l\u0131\u015f Qurultay\u0131 1-nci otur\u0131m\u0131n\u0131 al\u0131p baruvn\u0131\u00f1 TAHM\u0130N\u0130Y TERT\u0130B\u0130 08.30 \u2013 09.45&nbsp;Q\u0131r\u0131mtatar halq\u0131 Qurultay\u0131 delegatlar\u0131 ve musafirlerini qayd et\u00fcv 1-nci qat, foyye 10.00 \u2013 10.12&nbsp;Q\u0131r\u0131mtatar halq\u0131 VI \u00e7a\u011f\u0131r\u0131l\u0131\u015f Qurultay\u0131na delegatlarn\u0131 saylav boyunca Merkeziy saylav komissiya reisini\u00f1 ke\u00e7ken saylavlarn\u0131\u00f1 neticelerine k\u00f6re Qurultay delegatlar\u0131n\u0131 qayd et\u00fcv aqq\u0131nda. Q\u0131r\u0131mtatar halq\u0131 VI \u00e7a\u011f\u0131r\u0131l\u0131\u015f Qurultay\u0131 1-nci otur\u0131m\u0131n\u0131\u00f1 a\u00e7\u0131luv\u0131 [&hellip;]<\/p>\n","protected":false},"author":1,"featured_media":0,"comment_status":"open","ping_status":"open","sticky":false,"template":"","format":"standard","meta":{"inline_featured_image":false,"footnotes":""},"categories":[265],"tags":[],"class_list":["post-39601","post","type-post","status-publish","format-standard","hentry","category-haberler"],"acf":[],"yoast_head":"<!-- This site is optimized with the Yoast SEO plugin v27.4 - https:\/\/yoast.com\/product\/yoast-seo-wordpress\/ -->\n<title>Q\u0131r\u0131mtatar halq\u0131 VI \u00e7a\u011f\u0131r\u0131l\u0131\u015f Qurultay\u0131 1-nci otur\u0131m\u0131n\u0131 al\u0131p baruvn\u0131\u00f1 TAHM\u0130N\u0130Y TERT\u0130B\u0130 - \u041c\u0435\u0434\u0436\u043b\u0456\u0441<\/title>\n<meta name=\"robots\" content=\"index, follow, max-snippet:-1, max-image-preview:large, max-video-preview:-1\" \/>\n<link rel=\"canonical\" href=\"https:\/\/qtmm.org\/qt\/qirimtatar-halqi-vi-cagirilis-qurultayi-1-nci-oturimini-alip-baruvnin-tahminiy-tertibi\/\" \/>\n<meta property=\"og:locale\" content=\"en_US\" \/>\n<meta property=\"og:type\" content=\"article\" \/>\n<meta property=\"og:title\" content=\"Q\u0131r\u0131mtatar halq\u0131 VI \u00e7a\u011f\u0131r\u0131l\u0131\u015f Qurultay\u0131 1-nci otur\u0131m\u0131n\u0131 al\u0131p baruvn\u0131\u00f1 TAHM\u0130N\u0130Y TERT\u0130B\u0130 - \u041c\u0435\u0434\u0436\u043b\u0456\u0441\" \/>\n<meta property=\"og:description\" content=\"Q\u0131r\u0131mtatar halq\u0131 VI \u00e7a\u011f\u0131r\u0131l\u0131\u015f Qurultay\u0131 1-nci otur\u0131m\u0131n\u0131 al\u0131p baruvn\u0131\u00f1 TAHM\u0130N\u0130Y TERT\u0130B\u0130 08.30 \u2013 09.45&nbsp;Q\u0131r\u0131mtatar halq\u0131 Qurultay\u0131 delegatlar\u0131 ve musafirlerini qayd et\u00fcv 1-nci qat, foyye 10.00 \u2013 10.12&nbsp;Q\u0131r\u0131mtatar halq\u0131 VI \u00e7a\u011f\u0131r\u0131l\u0131\u015f Qurultay\u0131na delegatlarn\u0131 saylav boyunca Merkeziy saylav komissiya reisini\u00f1 ke\u00e7ken saylavlarn\u0131\u00f1 neticelerine k\u00f6re Qurultay delegatlar\u0131n\u0131 qayd et\u00fcv aqq\u0131nda. Q\u0131r\u0131mtatar halq\u0131 VI \u00e7a\u011f\u0131r\u0131l\u0131\u015f Qurultay\u0131 1-nci otur\u0131m\u0131n\u0131\u00f1 a\u00e7\u0131luv\u0131 [&hellip;]\" \/>\n<meta property=\"og:url\" content=\"https:\/\/qtmm.org\/qt\/qirimtatar-halqi-vi-cagirilis-qurultayi-1-nci-oturimini-alip-baruvnin-tahminiy-tertibi\/\" \/>\n<meta property=\"og:site_name\" content=\"\u041c\u0435\u0434\u0436\u043b\u0456\u0441\" \/>\n<meta property=\"article:publisher\" content=\"https:\/\/www.facebook.com\/qtmm.info\/\" \/>\n<meta property=\"article:published_time\" content=\"2013-10-10T16:25:00+00:00\" \/>\n<meta property=\"article:modified_time\" content=\"2022-01-25T16:26:46+00:00\" \/>\n<meta name=\"author\" content=\"Developer\" \/>\n<meta name=\"twitter:card\" content=\"summary_large_image\" \/>\n<meta name=\"twitter:label1\" content=\"Written by\" \/>\n\t<meta name=\"twitter:data1\" content=\"Developer\" \/>\n\t<meta name=\"twitter:label2\" content=\"Est. reading time\" \/>\n\t<meta name=\"twitter:data2\" content=\"5 minutes\" \/>\n<script type=\"application\/ld+json\" class=\"yoast-schema-graph\">{\"@context\":\"https:\\\/\\\/schema.org\",\"@graph\":[{\"@type\":\"Article\",\"@id\":\"https:\\\/\\\/qtmm.org\\\/qt\\\/qirimtatar-halqi-vi-cagirilis-qurultayi-1-nci-oturimini-alip-baruvnin-tahminiy-tertibi\\\/#article\",\"isPartOf\":{\"@id\":\"https:\\\/\\\/qtmm.org\\\/qt\\\/qirimtatar-halqi-vi-cagirilis-qurultayi-1-nci-oturimini-alip-baruvnin-tahminiy-tertibi\\\/\"},\"author\":{\"name\":\"Developer\",\"@id\":\"https:\\\/\\\/qtmm.org\\\/qt\\\/#\\\/schema\\\/person\\\/de562469f971dec226ac06e60bbf74a7\"},\"headline\":\"Q\u0131r\u0131mtatar halq\u0131 VI \u00e7a\u011f\u0131r\u0131l\u0131\u015f Qurultay\u0131 1-nci otur\u0131m\u0131n\u0131 al\u0131p baruvn\u0131\u00f1 TAHM\u0130N\u0130Y TERT\u0130B\u0130\",\"datePublished\":\"2013-10-10T16:25:00+00:00\",\"dateModified\":\"2022-01-25T16:26:46+00:00\",\"mainEntityOfPage\":{\"@id\":\"https:\\\/\\\/qtmm.org\\\/qt\\\/qirimtatar-halqi-vi-cagirilis-qurultayi-1-nci-oturimini-alip-baruvnin-tahminiy-tertibi\\\/\"},\"wordCount\":958,\"commentCount\":0,\"publisher\":{\"@id\":\"https:\\\/\\\/qtmm.org\\\/qt\\\/#organization\"},\"articleSection\":[\"Haberler\"],\"inLanguage\":\"qt\",\"potentialAction\":[{\"@type\":\"CommentAction\",\"name\":\"Comment\",\"target\":[\"https:\\\/\\\/qtmm.org\\\/qt\\\/qirimtatar-halqi-vi-cagirilis-qurultayi-1-nci-oturimini-alip-baruvnin-tahminiy-tertibi\\\/#respond\"]}]},{\"@type\":\"WebPage\",\"@id\":\"https:\\\/\\\/qtmm.org\\\/qt\\\/qirimtatar-halqi-vi-cagirilis-qurultayi-1-nci-oturimini-alip-baruvnin-tahminiy-tertibi\\\/\",\"url\":\"https:\\\/\\\/qtmm.org\\\/qt\\\/qirimtatar-halqi-vi-cagirilis-qurultayi-1-nci-oturimini-alip-baruvnin-tahminiy-tertibi\\\/\",\"name\":\"Q\u0131r\u0131mtatar halq\u0131 VI \u00e7a\u011f\u0131r\u0131l\u0131\u015f Qurultay\u0131 1-nci otur\u0131m\u0131n\u0131 al\u0131p baruvn\u0131\u00f1 TAHM\u0130N\u0130Y TERT\u0130B\u0130 - \u041c\u0435\u0434\u0436\u043b\u0456\u0441\",\"isPartOf\":{\"@id\":\"https:\\\/\\\/qtmm.org\\\/qt\\\/#website\"},\"datePublished\":\"2013-10-10T16:25:00+00:00\",\"dateModified\":\"2022-01-25T16:26:46+00:00\",\"breadcrumb\":{\"@id\":\"https:\\\/\\\/qtmm.org\\\/qt\\\/qirimtatar-halqi-vi-cagirilis-qurultayi-1-nci-oturimini-alip-baruvnin-tahminiy-tertibi\\\/#breadcrumb\"},\"inLanguage\":\"qt\",\"potentialAction\":[{\"@type\":\"ReadAction\",\"target\":[\"https:\\\/\\\/qtmm.org\\\/qt\\\/qirimtatar-halqi-vi-cagirilis-qurultayi-1-nci-oturimini-alip-baruvnin-tahminiy-tertibi\\\/\"]}]},{\"@type\":\"BreadcrumbList\",\"@id\":\"https:\\\/\\\/qtmm.org\\\/qt\\\/qirimtatar-halqi-vi-cagirilis-qurultayi-1-nci-oturimini-alip-baruvnin-tahminiy-tertibi\\\/#breadcrumb\",\"itemListElement\":[{\"@type\":\"ListItem\",\"position\":1,\"name\":\"\u0413\u043e\u043b\u043e\u0432\u043d\u0430\",\"item\":\"https:\\\/\\\/qtmm.org\\\/qt\\\/\"},{\"@type\":\"ListItem\",\"position\":2,\"name\":\"Q\u0131r\u0131mtatar halq\u0131 VI \u00e7a\u011f\u0131r\u0131l\u0131\u015f Qurultay\u0131 1-nci otur\u0131m\u0131n\u0131 al\u0131p baruvn\u0131\u00f1 TAHM\u0130N\u0130Y TERT\u0130B\u0130\"}]},{\"@type\":\"WebSite\",\"@id\":\"https:\\\/\\\/qtmm.org\\\/qt\\\/#website\",\"url\":\"https:\\\/\\\/qtmm.org\\\/qt\\\/\",\"name\":\"\u041c\u0435\u0434\u0436\u043b\u0456\u0441\",\"description\":\"\",\"publisher\":{\"@id\":\"https:\\\/\\\/qtmm.org\\\/qt\\\/#organization\"},\"potentialAction\":[{\"@type\":\"SearchAction\",\"target\":{\"@type\":\"EntryPoint\",\"urlTemplate\":\"https:\\\/\\\/qtmm.org\\\/qt\\\/?s={search_term_string}\"},\"query-input\":{\"@type\":\"PropertyValueSpecification\",\"valueRequired\":true,\"valueName\":\"search_term_string\"}}],\"inLanguage\":\"qt\"},{\"@type\":\"Organization\",\"@id\":\"https:\\\/\\\/qtmm.org\\\/qt\\\/#organization\",\"name\":\"\u041c\u0435\u0434\u0436\u043b\u0456\u0441\",\"url\":\"https:\\\/\\\/qtmm.org\\\/qt\\\/\",\"logo\":{\"@type\":\"ImageObject\",\"inLanguage\":\"qt\",\"@id\":\"https:\\\/\\\/qtmm.org\\\/qt\\\/#\\\/schema\\\/logo\\\/image\\\/\",\"url\":\"https:\\\/\\\/qtmm.org\\\/wp-content\\\/uploads\\\/2024\\\/12\\\/ua-mejlis-logo-rgb.svg\",\"contentUrl\":\"https:\\\/\\\/qtmm.org\\\/wp-content\\\/uploads\\\/2024\\\/12\\\/ua-mejlis-logo-rgb.svg\",\"caption\":\"\u041c\u0435\u0434\u0436\u043b\u0456\u0441\"},\"image\":{\"@id\":\"https:\\\/\\\/qtmm.org\\\/qt\\\/#\\\/schema\\\/logo\\\/image\\\/\"},\"sameAs\":[\"https:\\\/\\\/www.facebook.com\\\/qtmm.info\\\/\"]},{\"@type\":\"Person\",\"@id\":\"https:\\\/\\\/qtmm.org\\\/qt\\\/#\\\/schema\\\/person\\\/de562469f971dec226ac06e60bbf74a7\",\"name\":\"Developer\",\"image\":{\"@type\":\"ImageObject\",\"inLanguage\":\"qt\",\"@id\":\"https:\\\/\\\/secure.gravatar.com\\\/avatar\\\/392b4cc8fbfeb00b39dfeeab4ee6edded39ffd48e25858637e4765810300227e?s=96&d=mm&r=g\",\"url\":\"https:\\\/\\\/secure.gravatar.com\\\/avatar\\\/392b4cc8fbfeb00b39dfeeab4ee6edded39ffd48e25858637e4765810300227e?s=96&d=mm&r=g\",\"contentUrl\":\"https:\\\/\\\/secure.gravatar.com\\\/avatar\\\/392b4cc8fbfeb00b39dfeeab4ee6edded39ffd48e25858637e4765810300227e?s=96&d=mm&r=g\",\"caption\":\"Developer\"},\"url\":\"https:\\\/\\\/qtmm.org\\\/qt\\\/author\\\/Developer\\\/\"}]}<\/script>\n<!-- \/ Yoast SEO plugin. -->","yoast_head_json":{"title":"Q\u0131r\u0131mtatar halq\u0131 VI \u00e7a\u011f\u0131r\u0131l\u0131\u015f Qurultay\u0131 1-nci otur\u0131m\u0131n\u0131 al\u0131p baruvn\u0131\u00f1 TAHM\u0130N\u0130Y TERT\u0130B\u0130 - \u041c\u0435\u0434\u0436\u043b\u0456\u0441","robots":{"index":"index","follow":"follow","max-snippet":"max-snippet:-1","max-image-preview":"max-image-preview:large","max-video-preview":"max-video-preview:-1"},"canonical":"https:\/\/qtmm.org\/qt\/qirimtatar-halqi-vi-cagirilis-qurultayi-1-nci-oturimini-alip-baruvnin-tahminiy-tertibi\/","og_locale":"en_US","og_type":"article","og_title":"Q\u0131r\u0131mtatar halq\u0131 VI \u00e7a\u011f\u0131r\u0131l\u0131\u015f Qurultay\u0131 1-nci otur\u0131m\u0131n\u0131 al\u0131p baruvn\u0131\u00f1 TAHM\u0130N\u0130Y TERT\u0130B\u0130 - \u041c\u0435\u0434\u0436\u043b\u0456\u0441","og_description":"Q\u0131r\u0131mtatar halq\u0131 VI \u00e7a\u011f\u0131r\u0131l\u0131\u015f Qurultay\u0131 1-nci otur\u0131m\u0131n\u0131 al\u0131p baruvn\u0131\u00f1 TAHM\u0130N\u0130Y TERT\u0130B\u0130 08.30 \u2013 09.45&nbsp;Q\u0131r\u0131mtatar halq\u0131 Qurultay\u0131 delegatlar\u0131 ve musafirlerini qayd et\u00fcv 1-nci qat, foyye 10.00 \u2013 10.12&nbsp;Q\u0131r\u0131mtatar halq\u0131 VI \u00e7a\u011f\u0131r\u0131l\u0131\u015f Qurultay\u0131na delegatlarn\u0131 saylav boyunca Merkeziy saylav komissiya reisini\u00f1 ke\u00e7ken saylavlarn\u0131\u00f1 neticelerine k\u00f6re Qurultay delegatlar\u0131n\u0131 qayd et\u00fcv aqq\u0131nda. Q\u0131r\u0131mtatar halq\u0131 VI \u00e7a\u011f\u0131r\u0131l\u0131\u015f Qurultay\u0131 1-nci otur\u0131m\u0131n\u0131\u00f1 a\u00e7\u0131luv\u0131 [&hellip;]","og_url":"https:\/\/qtmm.org\/qt\/qirimtatar-halqi-vi-cagirilis-qurultayi-1-nci-oturimini-alip-baruvnin-tahminiy-tertibi\/","og_site_name":"\u041c\u0435\u0434\u0436\u043b\u0456\u0441","article_publisher":"https:\/\/www.facebook.com\/qtmm.info\/","article_published_time":"2013-10-10T16:25:00+00:00","article_modified_time":"2022-01-25T16:26:46+00:00","author":"Developer","twitter_card":"summary_large_image","twitter_misc":{"Written by":"Developer","Est. reading time":"5 minutes"},"schema":{"@context":"https:\/\/schema.org","@graph":[{"@type":"Article","@id":"https:\/\/qtmm.org\/qt\/qirimtatar-halqi-vi-cagirilis-qurultayi-1-nci-oturimini-alip-baruvnin-tahminiy-tertibi\/#article","isPartOf":{"@id":"https:\/\/qtmm.org\/qt\/qirimtatar-halqi-vi-cagirilis-qurultayi-1-nci-oturimini-alip-baruvnin-tahminiy-tertibi\/"},"author":{"name":"Developer","@id":"https:\/\/qtmm.org\/qt\/#\/schema\/person\/de562469f971dec226ac06e60bbf74a7"},"headline":"Q\u0131r\u0131mtatar halq\u0131 VI \u00e7a\u011f\u0131r\u0131l\u0131\u015f Qurultay\u0131 1-nci otur\u0131m\u0131n\u0131 al\u0131p baruvn\u0131\u00f1 TAHM\u0130N\u0130Y TERT\u0130B\u0130","datePublished":"2013-10-10T16:25:00+00:00","dateModified":"2022-01-25T16:26:46+00:00","mainEntityOfPage":{"@id":"https:\/\/qtmm.org\/qt\/qirimtatar-halqi-vi-cagirilis-qurultayi-1-nci-oturimini-alip-baruvnin-tahminiy-tertibi\/"},"wordCount":958,"commentCount":0,"publisher":{"@id":"https:\/\/qtmm.org\/qt\/#organization"},"articleSection":["Haberler"],"inLanguage":"qt","potentialAction":[{"@type":"CommentAction","name":"Comment","target":["https:\/\/qtmm.org\/qt\/qirimtatar-halqi-vi-cagirilis-qurultayi-1-nci-oturimini-alip-baruvnin-tahminiy-tertibi\/#respond"]}]},{"@type":"WebPage","@id":"https:\/\/qtmm.org\/qt\/qirimtatar-halqi-vi-cagirilis-qurultayi-1-nci-oturimini-alip-baruvnin-tahminiy-tertibi\/","url":"https:\/\/qtmm.org\/qt\/qirimtatar-halqi-vi-cagirilis-qurultayi-1-nci-oturimini-alip-baruvnin-tahminiy-tertibi\/","name":"Q\u0131r\u0131mtatar halq\u0131 VI \u00e7a\u011f\u0131r\u0131l\u0131\u015f Qurultay\u0131 1-nci otur\u0131m\u0131n\u0131 al\u0131p baruvn\u0131\u00f1 TAHM\u0130N\u0130Y TERT\u0130B\u0130 - \u041c\u0435\u0434\u0436\u043b\u0456\u0441","isPartOf":{"@id":"https:\/\/qtmm.org\/qt\/#website"},"datePublished":"2013-10-10T16:25:00+00:00","dateModified":"2022-01-25T16:26:46+00:00","breadcrumb":{"@id":"https:\/\/qtmm.org\/qt\/qirimtatar-halqi-vi-cagirilis-qurultayi-1-nci-oturimini-alip-baruvnin-tahminiy-tertibi\/#breadcrumb"},"inLanguage":"qt","potentialAction":[{"@type":"ReadAction","target":["https:\/\/qtmm.org\/qt\/qirimtatar-halqi-vi-cagirilis-qurultayi-1-nci-oturimini-alip-baruvnin-tahminiy-tertibi\/"]}]},{"@type":"BreadcrumbList","@id":"https:\/\/qtmm.org\/qt\/qirimtatar-halqi-vi-cagirilis-qurultayi-1-nci-oturimini-alip-baruvnin-tahminiy-tertibi\/#breadcrumb","itemListElement":[{"@type":"ListItem","position":1,"name":"\u0413\u043e\u043b\u043e\u0432\u043d\u0430","item":"https:\/\/qtmm.org\/qt\/"},{"@type":"ListItem","position":2,"name":"Q\u0131r\u0131mtatar halq\u0131 VI \u00e7a\u011f\u0131r\u0131l\u0131\u015f Qurultay\u0131 1-nci otur\u0131m\u0131n\u0131 al\u0131p baruvn\u0131\u00f1 TAHM\u0130N\u0130Y TERT\u0130B\u0130"}]},{"@type":"WebSite","@id":"https:\/\/qtmm.org\/qt\/#website","url":"https:\/\/qtmm.org\/qt\/","name":"\u041c\u0435\u0434\u0436\u043b\u0456\u0441","description":"","publisher":{"@id":"https:\/\/qtmm.org\/qt\/#organization"},"potentialAction":[{"@type":"SearchAction","target":{"@type":"EntryPoint","urlTemplate":"https:\/\/qtmm.org\/qt\/?s={search_term_string}"},"query-input":{"@type":"PropertyValueSpecification","valueRequired":true,"valueName":"search_term_string"}}],"inLanguage":"qt"},{"@type":"Organization","@id":"https:\/\/qtmm.org\/qt\/#organization","name":"\u041c\u0435\u0434\u0436\u043b\u0456\u0441","url":"https:\/\/qtmm.org\/qt\/","logo":{"@type":"ImageObject","inLanguage":"qt","@id":"https:\/\/qtmm.org\/qt\/#\/schema\/logo\/image\/","url":"https:\/\/qtmm.org\/wp-content\/uploads\/2024\/12\/ua-mejlis-logo-rgb.svg","contentUrl":"https:\/\/qtmm.org\/wp-content\/uploads\/2024\/12\/ua-mejlis-logo-rgb.svg","caption":"\u041c\u0435\u0434\u0436\u043b\u0456\u0441"},"image":{"@id":"https:\/\/qtmm.org\/qt\/#\/schema\/logo\/image\/"},"sameAs":["https:\/\/www.facebook.com\/qtmm.info\/"]},{"@type":"Person","@id":"https:\/\/qtmm.org\/qt\/#\/schema\/person\/de562469f971dec226ac06e60bbf74a7","name":"Developer","image":{"@type":"ImageObject","inLanguage":"qt","@id":"https:\/\/secure.gravatar.com\/avatar\/392b4cc8fbfeb00b39dfeeab4ee6edded39ffd48e25858637e4765810300227e?s=96&d=mm&r=g","url":"https:\/\/secure.gravatar.com\/avatar\/392b4cc8fbfeb00b39dfeeab4ee6edded39ffd48e25858637e4765810300227e?s=96&d=mm&r=g","contentUrl":"https:\/\/secure.gravatar.com\/avatar\/392b4cc8fbfeb00b39dfeeab4ee6edded39ffd48e25858637e4765810300227e?s=96&d=mm&r=g","caption":"Developer"},"url":"https:\/\/qtmm.org\/qt\/author\/Developer\/"}]}},"_links":{"self":[{"href":"https:\/\/qtmm.org\/qt\/wp-json\/wp\/v2\/posts\/39601","targetHints":{"allow":["GET"]}}],"collection":[{"href":"https:\/\/qtmm.org\/qt\/wp-json\/wp\/v2\/posts"}],"about":[{"href":"https:\/\/qtmm.org\/qt\/wp-json\/wp\/v2\/types\/post"}],"author":[{"embeddable":true,"href":"https:\/\/qtmm.org\/qt\/wp-json\/wp\/v2\/users\/1"}],"replies":[{"embeddable":true,"href":"https:\/\/qtmm.org\/qt\/wp-json\/wp\/v2\/comments?post=39601"}],"version-history":[{"count":1,"href":"https:\/\/qtmm.org\/qt\/wp-json\/wp\/v2\/posts\/39601\/revisions"}],"predecessor-version":[{"id":39602,"href":"https:\/\/qtmm.org\/qt\/wp-json\/wp\/v2\/posts\/39601\/revisions\/39602"}],"wp:attachment":[{"href":"https:\/\/qtmm.org\/qt\/wp-json\/wp\/v2\/media?parent=39601"}],"wp:term":[{"taxonomy":"category","embeddable":true,"href":"https:\/\/qtmm.org\/qt\/wp-json\/wp\/v2\/categories?post=39601"},{"taxonomy":"post_tag","embeddable":true,"href":"https:\/\/qtmm.org\/qt\/wp-json\/wp\/v2\/tags?post=39601"}],"curies":[{"name":"wp","href":"https:\/\/api.w.org\/{rel}","templated":true}]}}