




{"id":39595,"date":"2013-10-08T19:24:00","date_gmt":"2013-10-08T16:24:00","guid":{"rendered":"http:\/\/qtmm.org\/?p=39595"},"modified":"2022-01-25T19:25:49","modified_gmt":"2022-01-25T16:25:49","slug":"meclis-reisinin-muavini-vi-cagirilis-qurultayinin-delegati-remzi-ilyasov-ukraina-ve-avropa-birligi-qirimtatar-halqinin-aqlarini-gayridan-tiklevde-birlesme-ve-anlasmani-imzalav-arfesindeki-siyasiy-cer","status":"publish","type":"post","link":"https:\/\/qtmm.org\/qt\/meclis-reisinin-muavini-vi-cagirilis-qurultayinin-delegati-remzi-ilyasov-ukraina-ve-avropa-birligi-qirimtatar-halqinin-aqlarini-gayridan-tiklevde-birlesme-ve-anlasmani-imzalav-arfesindeki-siyasiy-cer\/","title":{"rendered":"Meclis reisini\u00f1 muavini, VI \u00e7a\u011f\u0131r\u0131l\u0131\u015f Qurultay\u0131n\u0131\u00f1 delegat\u0131 Remzi \u0130lyasov Ukraina ve Avropa Birligi q\u0131r\u0131mtatar halq\u0131n\u0131\u00f1 aqlar\u0131n\u0131 \u011fayr\u0131dan tiklevde birle\u015fme ve a\u00f1la\u015fman\u0131 imzalav arfesindeki siyasiy ceryanlar aqq\u0131nda"},"content":{"rendered":"\n<p>Ukraina ve Avropa Birligi q\u0131r\u0131mtatar halq\u0131n\u0131\u00f1 aqlar\u0131n\u0131 \u011fayr\u0131dan tiklevde birle\u015fme ve a\u00f1la\u015fman\u0131 imzalav arfesinde ol\u0131p ke\u00e7eyatqan siyasiy ceryanlar devletimiz \u00f6m\u00fcrini\u00f1 \u00e7e\u015fit saalar\u0131nda, \u015fu c\u00fcmleden q\u0131r\u0131mtatar halq\u0131n\u0131\u00f1 aqlar\u0131n\u0131 tiklev meselesinde de pozitiv de\u00f1i\u015fmelerni beklemege imk\u00e2n bere.<\/p>\n\n\n\n<p>Bu munasebetnen \u015fimdiki m\u00fcrekkep devirde menim \u00e7oqbel\u00e2l\u0131 halq\u0131mn\u0131\u00f1 taqdiri, on\u0131\u00f1 bug\u00fcnki al\u0131, Milliy areket ve liderlerini\u00f1 tarihiy missiyalar\u0131, q\u0131r\u0131mtatar halq\u0131 ananeviy institutlar\u0131 semetde\u015flerimizni\u00f1 ayat\u0131nda, eski adetler, y\u0131llarnen devam etken s\u00fcrg\u00fcnlikten so\u00f1 \u00f6z Yurtuna qaytqan halqn\u0131\u00f1 maneviyligini canland\u0131ruvda yeri ve rol\u00fc aq\u0131nda t\u00fc\u015f\u00fcnem.<\/p>\n\n\n\n<p>Biz, q\u0131r\u0131mtatarlar, Q\u0131r\u0131m topra\u011f\u0131n\u0131\u00f1 o\u011ful ve q\u0131zlar\u0131 Ukraina vatanperverleri aras\u0131nda birinci ol\u0131p 90-nc\u0131 senelerni\u00f1 ba\u015f\u0131nda gen\u00e7 ba\u011f\u0131ms\u0131z devletni\u00f1 milliy mustaqillik ve territorial b\u00fct\u00fcnligi i\u00e7\u00fcn \u00f6g s\u0131ralar\u011fa \u00e7\u0131qt\u0131q. Avdetni\u00f1 me\u015faqatlar\u0131na baqmadan, evsiz-barqs\u0131z, i\u015fsiz ol\u011fan halq\u0131m\u0131z Milliy areket liderleri etraf\u0131nda birle\u015fip, bug\u00fcnde-bug\u00fcn d\u00fcnya cemaat\u00e7\u0131l\u0131\u011f\u0131 tan\u0131\u011fan milliy idareni\u00f1 unikal \u015fekilini meydan\u011fa ketirdi.<\/p>\n\n\n\n<p>Q\u0131r\u0131mtatar halq\u0131n\u0131\u00f1 milliy idare organ\u0131 on\u0131\u00f1 yerli ve merkeziy saylanma organlar\u0131n\u0131\u00f1 aktivligi, semetde\u015flerimizni\u00f1 qoltutuv\u0131, ve \u015f\u00fcbesiz, Meclis reisi Mustafa a\u011fa Cemilevni\u00f1 itibar\u0131 sayesinde quruld\u0131 ve inki\u015faf etti.<\/p>\n\n\n\n<p>Mustafa Cemilevni\u00f1 siyasiy ve uquqqoruv faaliyetine em q\u0131r\u0131mtatarlar, em de Ukrainan\u0131\u00f1 devlet, siyaset ve cemaat erbaplar\u0131, on\u0131 q\u0131r\u0131mtatar halq\u0131n\u0131\u00f1 umummilliy lideri olaraq tan\u0131\u011fan d\u00fcnya cemaat\u00e7l\u0131\u011f\u0131 taraf\u0131ndan y\u00fcksek q\u0131ymet kesildi<\/p>\n\n\n\n<p>\u015eun\u0131 qayd etmeli ki, Q\u0131r\u0131mtatar halq\u0131n\u0131\u00f1 aqlar\u0131n\u0131 \u011fayr\u0131dan tiklev boyunca halqara forum ke\u00e7irmek kerekligini husus\u0131ndaki te\u015febb\u00fcske d\u00fcnya cemaat\u00e7\u0131l\u0131\u011f\u0131 qoltutmas\u0131 i\u00e7\u00fcn ayn\u0131 Meclis reisini\u00f1 ille aktiv halqara faaliyeti esas old\u0131. \u015e\u00fcbesiz ki, b\u00f6yle forumn\u0131\u00f1 ke\u00e7irilmesi devletimizni\u00f1 halqara itibar\u0131n\u0131\u00f1 y\u00fckselmesine siltem ol\u0131p, Ukraina\u011fa sovet imperiyas\u0131ndan asabal\u0131q qal\u011fan m\u00fcrekkep meseleni\u00f1 \u00e7ezilmesinde ker\u00e7ek yard\u0131m k\u00f6sterir. \u00dcm\u00fct etemiz ki, devlet Halqara forum ke\u00e7irilmesine keder etmek, aksine zarur yard\u0131m k\u00f6sterir.<\/p>\n\n\n\n<p>OSCE Milliy azl\u0131qlarn\u0131\u00f1 i\u015fleri boyunca Aliy komissarn\u0131\u00f1 &#8220;Q\u0131r\u0131mda s\u00fcrg\u00fcn etilgen \u015fah\u0131slarn\u0131\u00f1 qat\u0131luv\u0131&#8221; 2013 senesi avgust ay\u0131nda bas\u0131l\u011fan esabat\u0131nda Halqara forumn\u0131\u00f1 k\u00fcn tertibine esas olacaq m\u00fcim ve acele meselelerni\u00f1 ast\u0131 s\u0131z\u0131l\u011fan.<\/p>\n\n\n\n<p>Halqara forumn\u0131 ke\u00e7irmek \u011fayesine \u015fu y\u0131ln\u0131\u00f1 aprel 11 k\u00fcn\u00fc ol\u0131p ke\u00e7kenn \u00f6z seyyar topla\u015fuv\u0131nda Ukraina Yuqar\u0131 \u015euras\u0131n\u0131\u00f1 Milliy azl\u0131qlar ve milletlderara munasebetler boyunca komitet de qoltutt\u0131.<\/p>\n\n\n\n<p>Sent\u00e2br 19 k\u00fcn\u00fc Q\u0131r\u0131m Nazirler \u015euras\u0131nda Avropa Birligi komissar\u0131 \u015etefan F\u00fcleni\u00f1 Ukraina t\u0131\u015f i\u015fleri naziri Leonid Kojara, Ukraina Medeniyet nazirini\u00f1 birinci muavini Timofey Kohan, Q\u0131r\u0131m ba\u015f naziri Anatoliy Mogil\u00f6v ve q\u0131r\u0131mtatarlarn\u0131\u00f1 k\u00f6r\u00fc\u015f\u00fcvinde Meclis reisi, Ukraina halq deputat\u0131 Mustafa Cemilev Halqara forumn\u0131 ke\u00e7ir\u00fcv boyunca konkret tekliflernen \u00e7\u0131q\u0131\u015fta bulund\u0131.<\/p>\n\n\n\n<p>Sent\u00e2br 26 k\u00fcn\u00fc ise Avropa Parlamentinde T\u0131\u015fq\u0131 al\u00e2qalar h\u0131zmetini\u00f1 &#8220;Q\u0131r\u0131mtatarlar\u011fa nisbeten insan aqlar\u0131nen ba\u011fl\u0131 vaziyet&#8221; boyunca acele mahsus di\u00f1levler \u00f6tkerilgeni halq\u0131m\u0131zn\u0131\u00f1 taqdirinde mes\u00fcl bir devirni ya\u015fa\u011fan\u0131m\u0131zn\u0131 tekrar tasdiqlay.<\/p>\n\n\n\n<p>\u0130\u00e7 \u015f\u00fcbem yoqt\u0131r ki, 2014 senesini\u00f1 mart-aprel aylar\u0131na planla\u015ft\u0131r\u0131l\u011fan Halqara forum faqat Ukraina ve Avropa Birligi qurumlar\u0131nen birlikte i\u015ftirak etseler y\u00fcksek seviyede az\u0131rlan\u0131l\u0131p, \u00f6yle ke\u00e7irilip. Eminim ki, \u00f6yle de olur.<\/p>\n\n\n\n<p>Qurultayn\u0131\u00f1 1-nci sessiyas\u0131 arfesindeki vaziyetni talil eterkenim, \u015fu fikirge keldim ki Halqara forumn\u0131 ke\u00e7irmeden evel halq\u0131m\u0131zn\u0131\u00f1 tan\u0131l\u011fan yetek\u00e7isi Mustfa Cemilevni Q\u0131r\u0131mtatar halq\u0131 Meclisini\u00f1 reisligine saylamaq ve kendisinden Qurultay delegatlar\u0131n\u0131\u00f1 qarar\u0131nen raz\u0131 olmas\u0131n\u0131 rica etmek kerek. Bug\u00fcn bu mesele er zamandan da ziyade keskin tura. Halqara forumn\u0131 ke\u00e7ir\u00fcv \u011fayesi etraf\u0131nda ol\u011fan ceryanlarn\u0131 diqqatnen k\u00f6zettim, bir \u00e7oqlar\u0131nda bivasta i\u015ftirak da ettim. Olarda Mustafa a\u011fan\u0131\u00f1 rol\u00fc ve tesiri pek b\u00fcy\u00fck.<\/p>\n\n\n\n<p>Bilem ki, baz\u0131lar\u0131 Mustafa a\u011fa halqn\u0131\u00f1 lideri ve o\u00f1a ba\u015fqa statusn\u0131\u00f1 keregi yoqt\u0131r, dep itiraz bildirecekler. L\u00e2kin adeti \u00fczre organlarn\u0131\u00f1 yolba\u015f\u00e7\u0131lar\u0131nen dialog al\u0131p baralar.<\/p>\n\n\n\n<p>Halqara forumn\u0131 ke\u00e7irmek \u011fayesinen halq ad\u0131ndan kefil olaraq \u00e7\u0131qqan milliy liderimizge m\u0131tlaqa Meclis reisi status\u0131 zarurd\u0131r. Ve bu yal\u0131\u00f1\u0131z o\u00f1a degil de, epimizge kerek.<\/p>\n\n\n\n<p>Olacaq Qurultayda vazife ve mes\u00fclietliklerni taqsimlevni tekrar baq\u0131p \u00e7\u0131q\u0131p, Mecliste er kesni\u00f1 vazifesi belgilenmek kerek, dep sayam. Bun\u0131 Meclis reisini a\u011f\u0131mdaki k\u00fcndelik i\u015flerden azat etmek maqsad\u0131nen yapmaq kerek.<\/p>\n\n\n\n<p>Meclis reisi bu devirde \u00f6z\u00fcni\u00f1 diqqat\u0131n\u0131 halqara al\u00e2qalarn\u0131 koordinirlev ve Ukraina merkeziy organlar\u0131nen i\u015fbirlikke celp etmesi l\u00e2zim.<br>Q\u0131r\u0131mtatar halq\u0131n\u0131\u00f1 bug\u00fcnki vaziyeti i\u00e7\u00fcn mes\u00fclietligimizni sezgenimiz alda Halqara forumdan m\u00fcsbet neticelerni bekleymiz. Aks alda zaman areketlerimizge kesen-kes de\u00f1i\u015fmeler kirsetmemizni talap eter.<\/p>\n\n\n\n<p>Menim hul\u00e2salar\u0131m q\u0131r\u0131mtatar halq\u0131 taqdirinde facial\u0131 vaqian\u0131\u00f1 70 y\u0131ll\u0131\u011f\u0131 yaq\u0131nla\u015fqan\u0131 munasebetinen de belgilendi. \u00c7\u00fcnki bu vaqia bizim birlikli, sab\u0131rl\u0131 ve k\u00fc\u00e7l\u00fc olmam\u0131zn\u0131 talap ete. B\u00f6yle bir mes\u00fclietli devirde men milliy areket veteranlar\u0131n\u0131\u00f1 Mustafa a\u011fa Cemilevni Halqara forum\u011fa az\u0131rl\u0131q devrine Meclis reisligine saylamaq ricas\u0131nen Qurultay delegatlar\u0131na yapqan muracaatlar\u0131na qo\u015fulam.<\/p>\n\n\n\n<p>\u015eun\u0131 da qayd etmege isteyim, seslendirilgen fikirlerim so\u00f1radan \u00f6z namzetimni Q\u0131r\u0131mtatar halq\u0131 Meclisini\u00f1 reisligine k\u00f6stermek qarar\u0131mn\u0131 tasdiqlay.<br>Men ve bir \u00e7oq \u011fayretli ya\u015flar da ol\u011fan komandam areket ve isl\u00e2atlarn\u0131\u00f1 konkret plan\u0131n\u0131 k\u00f6remiz. Bu plan ya\u00f1\u0131 semereli seviyege k\u00f6terir ki, biz &#8220;Qurultay-Meclis&#8221; sistemas\u0131 qurum\u0131n\u0131 pekitmek, q\u0131r\u0131mtatar halq\u0131n\u0131\u00f1 potentsial\u0131n\u0131 i\u015fletmek, on\u0131\u00f1 siyasiy ve cemaat te\u015fkil\u00e2tlar\u0131n\u0131 , Ukrainan\u0131\u00f1 qanun\u00e2rat\u0131c\u0131 ve icrac\u0131 organlar\u0131n\u0131n6 vekillerinen \u00e7al\u0131\u015fmaq imk\u00e2n\u0131n\u0131 berir.<\/p>\n\n\n\n<p class=\"has-text-align-right\"><br><br><strong>Remzi \u0130lyasov<br>Q\u0131r\u0131mtatar halq\u0131 VI \u00e7a\u011f\u0131r\u0131l\u0131\u015f Qurultay\u0131n\u0131\u00f1 delegat\u0131.<\/strong><\/p>\n","protected":false},"excerpt":{"rendered":"<p>Ukraina ve Avropa Birligi q\u0131r\u0131mtatar halq\u0131n\u0131\u00f1 aqlar\u0131n\u0131 \u011fayr\u0131dan tiklevde birle\u015fme ve a\u00f1la\u015fman\u0131 imzalav arfesinde ol\u0131p ke\u00e7eyatqan siyasiy ceryanlar devletimiz \u00f6m\u00fcrini\u00f1 \u00e7e\u015fit saalar\u0131nda, \u015fu c\u00fcmleden q\u0131r\u0131mtatar halq\u0131n\u0131\u00f1 aqlar\u0131n\u0131 tiklev meselesinde de pozitiv de\u00f1i\u015fmelerni beklemege imk\u00e2n bere. Bu munasebetnen \u015fimdiki m\u00fcrekkep devirde menim \u00e7oqbel\u00e2l\u0131 halq\u0131mn\u0131\u00f1 taqdiri, on\u0131\u00f1 bug\u00fcnki al\u0131, Milliy areket ve liderlerini\u00f1 tarihiy missiyalar\u0131, q\u0131r\u0131mtatar halq\u0131 [&hellip;]<\/p>\n","protected":false},"author":1,"featured_media":39596,"comment_status":"open","ping_status":"open","sticky":false,"template":"","format":"standard","meta":{"inline_featured_image":false,"footnotes":""},"categories":[265],"tags":[],"class_list":["post-39595","post","type-post","status-publish","format-standard","has-post-thumbnail","hentry","category-haberler"],"acf":[],"yoast_head":"<!-- This site is optimized with the Yoast SEO plugin v27.4 - https:\/\/yoast.com\/product\/yoast-seo-wordpress\/ -->\n<title>Meclis reisini\u00f1 muavini, VI \u00e7a\u011f\u0131r\u0131l\u0131\u015f Qurultay\u0131n\u0131\u00f1 delegat\u0131 Remzi \u0130lyasov Ukraina ve Avropa Birligi q\u0131r\u0131mtatar halq\u0131n\u0131\u00f1 aqlar\u0131n\u0131 \u011fayr\u0131dan tiklevde birle\u015fme ve a\u00f1la\u015fman\u0131 imzalav arfesindeki siyasiy ceryanlar aqq\u0131nda - \u041c\u0435\u0434\u0436\u043b\u0456\u0441<\/title>\n<meta name=\"robots\" content=\"index, follow, max-snippet:-1, max-image-preview:large, max-video-preview:-1\" \/>\n<link rel=\"canonical\" href=\"https:\/\/qtmm.org\/qt\/meclis-reisinin-muavini-vi-cagirilis-qurultayinin-delegati-remzi-ilyasov-ukraina-ve-avropa-birligi-qirimtatar-halqinin-aqlarini-gayridan-tiklevde-birlesme-ve-anlasmani-imzalav-arfesindeki-siyasiy-cer\/\" \/>\n<meta property=\"og:locale\" content=\"en_US\" \/>\n<meta property=\"og:type\" content=\"article\" \/>\n<meta property=\"og:title\" content=\"Meclis reisini\u00f1 muavini, VI \u00e7a\u011f\u0131r\u0131l\u0131\u015f Qurultay\u0131n\u0131\u00f1 delegat\u0131 Remzi \u0130lyasov Ukraina ve Avropa Birligi q\u0131r\u0131mtatar halq\u0131n\u0131\u00f1 aqlar\u0131n\u0131 \u011fayr\u0131dan tiklevde birle\u015fme ve a\u00f1la\u015fman\u0131 imzalav arfesindeki siyasiy ceryanlar aqq\u0131nda - \u041c\u0435\u0434\u0436\u043b\u0456\u0441\" \/>\n<meta property=\"og:description\" content=\"Ukraina ve Avropa Birligi q\u0131r\u0131mtatar halq\u0131n\u0131\u00f1 aqlar\u0131n\u0131 \u011fayr\u0131dan tiklevde birle\u015fme ve a\u00f1la\u015fman\u0131 imzalav arfesinde ol\u0131p ke\u00e7eyatqan siyasiy ceryanlar devletimiz \u00f6m\u00fcrini\u00f1 \u00e7e\u015fit saalar\u0131nda, \u015fu c\u00fcmleden q\u0131r\u0131mtatar halq\u0131n\u0131\u00f1 aqlar\u0131n\u0131 tiklev meselesinde de pozitiv de\u00f1i\u015fmelerni beklemege imk\u00e2n bere. Bu munasebetnen \u015fimdiki m\u00fcrekkep devirde menim \u00e7oqbel\u00e2l\u0131 halq\u0131mn\u0131\u00f1 taqdiri, on\u0131\u00f1 bug\u00fcnki al\u0131, Milliy areket ve liderlerini\u00f1 tarihiy missiyalar\u0131, q\u0131r\u0131mtatar halq\u0131 [&hellip;]\" \/>\n<meta property=\"og:url\" content=\"https:\/\/qtmm.org\/qt\/meclis-reisinin-muavini-vi-cagirilis-qurultayinin-delegati-remzi-ilyasov-ukraina-ve-avropa-birligi-qirimtatar-halqinin-aqlarini-gayridan-tiklevde-birlesme-ve-anlasmani-imzalav-arfesindeki-siyasiy-cer\/\" \/>\n<meta property=\"og:site_name\" content=\"\u041c\u0435\u0434\u0436\u043b\u0456\u0441\" \/>\n<meta property=\"article:publisher\" content=\"https:\/\/www.facebook.com\/qtmm.info\/\" \/>\n<meta property=\"article:published_time\" content=\"2013-10-08T16:24:00+00:00\" \/>\n<meta property=\"article:modified_time\" content=\"2022-01-25T16:25:49+00:00\" \/>\n<meta property=\"og:image\" content=\"https:\/\/qtmm.org\/wp-content\/uploads\/2022\/01\/14_11_11_3_2.jpeg\" \/>\n\t<meta property=\"og:image:width\" content=\"800\" \/>\n\t<meta property=\"og:image:height\" content=\"533\" \/>\n\t<meta property=\"og:image:type\" content=\"image\/jpeg\" \/>\n<meta name=\"author\" content=\"Developer\" \/>\n<meta name=\"twitter:card\" content=\"summary_large_image\" \/>\n<meta name=\"twitter:label1\" content=\"Written by\" \/>\n\t<meta name=\"twitter:data1\" content=\"Developer\" \/>\n\t<meta name=\"twitter:label2\" content=\"Est. reading time\" \/>\n\t<meta name=\"twitter:data2\" content=\"5 minutes\" \/>\n<script type=\"application\/ld+json\" class=\"yoast-schema-graph\">{\"@context\":\"https:\\\/\\\/schema.org\",\"@graph\":[{\"@type\":\"Article\",\"@id\":\"https:\\\/\\\/qtmm.org\\\/qt\\\/meclis-reisinin-muavini-vi-cagirilis-qurultayinin-delegati-remzi-ilyasov-ukraina-ve-avropa-birligi-qirimtatar-halqinin-aqlarini-gayridan-tiklevde-birlesme-ve-anlasmani-imzalav-arfesindeki-siyasiy-cer\\\/#article\",\"isPartOf\":{\"@id\":\"https:\\\/\\\/qtmm.org\\\/qt\\\/meclis-reisinin-muavini-vi-cagirilis-qurultayinin-delegati-remzi-ilyasov-ukraina-ve-avropa-birligi-qirimtatar-halqinin-aqlarini-gayridan-tiklevde-birlesme-ve-anlasmani-imzalav-arfesindeki-siyasiy-cer\\\/\"},\"author\":{\"name\":\"Developer\",\"@id\":\"https:\\\/\\\/qtmm.org\\\/qt\\\/#\\\/schema\\\/person\\\/de562469f971dec226ac06e60bbf74a7\"},\"headline\":\"Meclis reisini\u00f1 muavini, VI \u00e7a\u011f\u0131r\u0131l\u0131\u015f Qurultay\u0131n\u0131\u00f1 delegat\u0131 Remzi \u0130lyasov Ukraina ve Avropa Birligi q\u0131r\u0131mtatar halq\u0131n\u0131\u00f1 aqlar\u0131n\u0131 \u011fayr\u0131dan tiklevde birle\u015fme ve a\u00f1la\u015fman\u0131 imzalav arfesindeki siyasiy ceryanlar aqq\u0131nda\",\"datePublished\":\"2013-10-08T16:24:00+00:00\",\"dateModified\":\"2022-01-25T16:25:49+00:00\",\"mainEntityOfPage\":{\"@id\":\"https:\\\/\\\/qtmm.org\\\/qt\\\/meclis-reisinin-muavini-vi-cagirilis-qurultayinin-delegati-remzi-ilyasov-ukraina-ve-avropa-birligi-qirimtatar-halqinin-aqlarini-gayridan-tiklevde-birlesme-ve-anlasmani-imzalav-arfesindeki-siyasiy-cer\\\/\"},\"wordCount\":1038,\"commentCount\":0,\"publisher\":{\"@id\":\"https:\\\/\\\/qtmm.org\\\/qt\\\/#organization\"},\"image\":{\"@id\":\"https:\\\/\\\/qtmm.org\\\/qt\\\/meclis-reisinin-muavini-vi-cagirilis-qurultayinin-delegati-remzi-ilyasov-ukraina-ve-avropa-birligi-qirimtatar-halqinin-aqlarini-gayridan-tiklevde-birlesme-ve-anlasmani-imzalav-arfesindeki-siyasiy-cer\\\/#primaryimage\"},\"thumbnailUrl\":\"https:\\\/\\\/qtmm.org\\\/wp-content\\\/uploads\\\/2022\\\/01\\\/14_11_11_3_2.jpeg\",\"articleSection\":[\"Haberler\"],\"inLanguage\":\"qt\",\"potentialAction\":[{\"@type\":\"CommentAction\",\"name\":\"Comment\",\"target\":[\"https:\\\/\\\/qtmm.org\\\/qt\\\/meclis-reisinin-muavini-vi-cagirilis-qurultayinin-delegati-remzi-ilyasov-ukraina-ve-avropa-birligi-qirimtatar-halqinin-aqlarini-gayridan-tiklevde-birlesme-ve-anlasmani-imzalav-arfesindeki-siyasiy-cer\\\/#respond\"]}]},{\"@type\":\"WebPage\",\"@id\":\"https:\\\/\\\/qtmm.org\\\/qt\\\/meclis-reisinin-muavini-vi-cagirilis-qurultayinin-delegati-remzi-ilyasov-ukraina-ve-avropa-birligi-qirimtatar-halqinin-aqlarini-gayridan-tiklevde-birlesme-ve-anlasmani-imzalav-arfesindeki-siyasiy-cer\\\/\",\"url\":\"https:\\\/\\\/qtmm.org\\\/qt\\\/meclis-reisinin-muavini-vi-cagirilis-qurultayinin-delegati-remzi-ilyasov-ukraina-ve-avropa-birligi-qirimtatar-halqinin-aqlarini-gayridan-tiklevde-birlesme-ve-anlasmani-imzalav-arfesindeki-siyasiy-cer\\\/\",\"name\":\"Meclis reisini\u00f1 muavini, VI \u00e7a\u011f\u0131r\u0131l\u0131\u015f Qurultay\u0131n\u0131\u00f1 delegat\u0131 Remzi \u0130lyasov Ukraina ve Avropa Birligi q\u0131r\u0131mtatar halq\u0131n\u0131\u00f1 aqlar\u0131n\u0131 \u011fayr\u0131dan tiklevde birle\u015fme ve a\u00f1la\u015fman\u0131 imzalav arfesindeki siyasiy ceryanlar aqq\u0131nda - \u041c\u0435\u0434\u0436\u043b\u0456\u0441\",\"isPartOf\":{\"@id\":\"https:\\\/\\\/qtmm.org\\\/qt\\\/#website\"},\"primaryImageOfPage\":{\"@id\":\"https:\\\/\\\/qtmm.org\\\/qt\\\/meclis-reisinin-muavini-vi-cagirilis-qurultayinin-delegati-remzi-ilyasov-ukraina-ve-avropa-birligi-qirimtatar-halqinin-aqlarini-gayridan-tiklevde-birlesme-ve-anlasmani-imzalav-arfesindeki-siyasiy-cer\\\/#primaryimage\"},\"image\":{\"@id\":\"https:\\\/\\\/qtmm.org\\\/qt\\\/meclis-reisinin-muavini-vi-cagirilis-qurultayinin-delegati-remzi-ilyasov-ukraina-ve-avropa-birligi-qirimtatar-halqinin-aqlarini-gayridan-tiklevde-birlesme-ve-anlasmani-imzalav-arfesindeki-siyasiy-cer\\\/#primaryimage\"},\"thumbnailUrl\":\"https:\\\/\\\/qtmm.org\\\/wp-content\\\/uploads\\\/2022\\\/01\\\/14_11_11_3_2.jpeg\",\"datePublished\":\"2013-10-08T16:24:00+00:00\",\"dateModified\":\"2022-01-25T16:25:49+00:00\",\"breadcrumb\":{\"@id\":\"https:\\\/\\\/qtmm.org\\\/qt\\\/meclis-reisinin-muavini-vi-cagirilis-qurultayinin-delegati-remzi-ilyasov-ukraina-ve-avropa-birligi-qirimtatar-halqinin-aqlarini-gayridan-tiklevde-birlesme-ve-anlasmani-imzalav-arfesindeki-siyasiy-cer\\\/#breadcrumb\"},\"inLanguage\":\"qt\",\"potentialAction\":[{\"@type\":\"ReadAction\",\"target\":[\"https:\\\/\\\/qtmm.org\\\/qt\\\/meclis-reisinin-muavini-vi-cagirilis-qurultayinin-delegati-remzi-ilyasov-ukraina-ve-avropa-birligi-qirimtatar-halqinin-aqlarini-gayridan-tiklevde-birlesme-ve-anlasmani-imzalav-arfesindeki-siyasiy-cer\\\/\"]}]},{\"@type\":\"ImageObject\",\"inLanguage\":\"qt\",\"@id\":\"https:\\\/\\\/qtmm.org\\\/qt\\\/meclis-reisinin-muavini-vi-cagirilis-qurultayinin-delegati-remzi-ilyasov-ukraina-ve-avropa-birligi-qirimtatar-halqinin-aqlarini-gayridan-tiklevde-birlesme-ve-anlasmani-imzalav-arfesindeki-siyasiy-cer\\\/#primaryimage\",\"url\":\"https:\\\/\\\/qtmm.org\\\/wp-content\\\/uploads\\\/2022\\\/01\\\/14_11_11_3_2.jpeg\",\"contentUrl\":\"https:\\\/\\\/qtmm.org\\\/wp-content\\\/uploads\\\/2022\\\/01\\\/14_11_11_3_2.jpeg\",\"width\":800,\"height\":533},{\"@type\":\"BreadcrumbList\",\"@id\":\"https:\\\/\\\/qtmm.org\\\/qt\\\/meclis-reisinin-muavini-vi-cagirilis-qurultayinin-delegati-remzi-ilyasov-ukraina-ve-avropa-birligi-qirimtatar-halqinin-aqlarini-gayridan-tiklevde-birlesme-ve-anlasmani-imzalav-arfesindeki-siyasiy-cer\\\/#breadcrumb\",\"itemListElement\":[{\"@type\":\"ListItem\",\"position\":1,\"name\":\"\u0413\u043e\u043b\u043e\u0432\u043d\u0430\",\"item\":\"https:\\\/\\\/qtmm.org\\\/qt\\\/\"},{\"@type\":\"ListItem\",\"position\":2,\"name\":\"Meclis reisini\u00f1 muavini, VI \u00e7a\u011f\u0131r\u0131l\u0131\u015f Qurultay\u0131n\u0131\u00f1 delegat\u0131 Remzi \u0130lyasov Ukraina ve Avropa Birligi q\u0131r\u0131mtatar halq\u0131n\u0131\u00f1 aqlar\u0131n\u0131 \u011fayr\u0131dan tiklevde birle\u015fme ve a\u00f1la\u015fman\u0131 imzalav arfesindeki siyasiy ceryanlar aqq\u0131nda\"}]},{\"@type\":\"WebSite\",\"@id\":\"https:\\\/\\\/qtmm.org\\\/qt\\\/#website\",\"url\":\"https:\\\/\\\/qtmm.org\\\/qt\\\/\",\"name\":\"\u041c\u0435\u0434\u0436\u043b\u0456\u0441\",\"description\":\"\",\"publisher\":{\"@id\":\"https:\\\/\\\/qtmm.org\\\/qt\\\/#organization\"},\"potentialAction\":[{\"@type\":\"SearchAction\",\"target\":{\"@type\":\"EntryPoint\",\"urlTemplate\":\"https:\\\/\\\/qtmm.org\\\/qt\\\/?s={search_term_string}\"},\"query-input\":{\"@type\":\"PropertyValueSpecification\",\"valueRequired\":true,\"valueName\":\"search_term_string\"}}],\"inLanguage\":\"qt\"},{\"@type\":\"Organization\",\"@id\":\"https:\\\/\\\/qtmm.org\\\/qt\\\/#organization\",\"name\":\"\u041c\u0435\u0434\u0436\u043b\u0456\u0441\",\"url\":\"https:\\\/\\\/qtmm.org\\\/qt\\\/\",\"logo\":{\"@type\":\"ImageObject\",\"inLanguage\":\"qt\",\"@id\":\"https:\\\/\\\/qtmm.org\\\/qt\\\/#\\\/schema\\\/logo\\\/image\\\/\",\"url\":\"https:\\\/\\\/qtmm.org\\\/wp-content\\\/uploads\\\/2024\\\/12\\\/ua-mejlis-logo-rgb.svg\",\"contentUrl\":\"https:\\\/\\\/qtmm.org\\\/wp-content\\\/uploads\\\/2024\\\/12\\\/ua-mejlis-logo-rgb.svg\",\"caption\":\"\u041c\u0435\u0434\u0436\u043b\u0456\u0441\"},\"image\":{\"@id\":\"https:\\\/\\\/qtmm.org\\\/qt\\\/#\\\/schema\\\/logo\\\/image\\\/\"},\"sameAs\":[\"https:\\\/\\\/www.facebook.com\\\/qtmm.info\\\/\"]},{\"@type\":\"Person\",\"@id\":\"https:\\\/\\\/qtmm.org\\\/qt\\\/#\\\/schema\\\/person\\\/de562469f971dec226ac06e60bbf74a7\",\"name\":\"Developer\",\"image\":{\"@type\":\"ImageObject\",\"inLanguage\":\"qt\",\"@id\":\"https:\\\/\\\/secure.gravatar.com\\\/avatar\\\/392b4cc8fbfeb00b39dfeeab4ee6edded39ffd48e25858637e4765810300227e?s=96&d=mm&r=g\",\"url\":\"https:\\\/\\\/secure.gravatar.com\\\/avatar\\\/392b4cc8fbfeb00b39dfeeab4ee6edded39ffd48e25858637e4765810300227e?s=96&d=mm&r=g\",\"contentUrl\":\"https:\\\/\\\/secure.gravatar.com\\\/avatar\\\/392b4cc8fbfeb00b39dfeeab4ee6edded39ffd48e25858637e4765810300227e?s=96&d=mm&r=g\",\"caption\":\"Developer\"},\"url\":\"https:\\\/\\\/qtmm.org\\\/qt\\\/author\\\/Developer\\\/\"}]}<\/script>\n<!-- \/ Yoast SEO plugin. -->","yoast_head_json":{"title":"Meclis reisini\u00f1 muavini, VI \u00e7a\u011f\u0131r\u0131l\u0131\u015f Qurultay\u0131n\u0131\u00f1 delegat\u0131 Remzi \u0130lyasov Ukraina ve Avropa Birligi q\u0131r\u0131mtatar halq\u0131n\u0131\u00f1 aqlar\u0131n\u0131 \u011fayr\u0131dan tiklevde birle\u015fme ve a\u00f1la\u015fman\u0131 imzalav arfesindeki siyasiy ceryanlar aqq\u0131nda - \u041c\u0435\u0434\u0436\u043b\u0456\u0441","robots":{"index":"index","follow":"follow","max-snippet":"max-snippet:-1","max-image-preview":"max-image-preview:large","max-video-preview":"max-video-preview:-1"},"canonical":"https:\/\/qtmm.org\/qt\/meclis-reisinin-muavini-vi-cagirilis-qurultayinin-delegati-remzi-ilyasov-ukraina-ve-avropa-birligi-qirimtatar-halqinin-aqlarini-gayridan-tiklevde-birlesme-ve-anlasmani-imzalav-arfesindeki-siyasiy-cer\/","og_locale":"en_US","og_type":"article","og_title":"Meclis reisini\u00f1 muavini, VI \u00e7a\u011f\u0131r\u0131l\u0131\u015f Qurultay\u0131n\u0131\u00f1 delegat\u0131 Remzi \u0130lyasov Ukraina ve Avropa Birligi q\u0131r\u0131mtatar halq\u0131n\u0131\u00f1 aqlar\u0131n\u0131 \u011fayr\u0131dan tiklevde birle\u015fme ve a\u00f1la\u015fman\u0131 imzalav arfesindeki siyasiy ceryanlar aqq\u0131nda - \u041c\u0435\u0434\u0436\u043b\u0456\u0441","og_description":"Ukraina ve Avropa Birligi q\u0131r\u0131mtatar halq\u0131n\u0131\u00f1 aqlar\u0131n\u0131 \u011fayr\u0131dan tiklevde birle\u015fme ve a\u00f1la\u015fman\u0131 imzalav arfesinde ol\u0131p ke\u00e7eyatqan siyasiy ceryanlar devletimiz \u00f6m\u00fcrini\u00f1 \u00e7e\u015fit saalar\u0131nda, \u015fu c\u00fcmleden q\u0131r\u0131mtatar halq\u0131n\u0131\u00f1 aqlar\u0131n\u0131 tiklev meselesinde de pozitiv de\u00f1i\u015fmelerni beklemege imk\u00e2n bere. Bu munasebetnen \u015fimdiki m\u00fcrekkep devirde menim \u00e7oqbel\u00e2l\u0131 halq\u0131mn\u0131\u00f1 taqdiri, on\u0131\u00f1 bug\u00fcnki al\u0131, Milliy areket ve liderlerini\u00f1 tarihiy missiyalar\u0131, q\u0131r\u0131mtatar halq\u0131 [&hellip;]","og_url":"https:\/\/qtmm.org\/qt\/meclis-reisinin-muavini-vi-cagirilis-qurultayinin-delegati-remzi-ilyasov-ukraina-ve-avropa-birligi-qirimtatar-halqinin-aqlarini-gayridan-tiklevde-birlesme-ve-anlasmani-imzalav-arfesindeki-siyasiy-cer\/","og_site_name":"\u041c\u0435\u0434\u0436\u043b\u0456\u0441","article_publisher":"https:\/\/www.facebook.com\/qtmm.info\/","article_published_time":"2013-10-08T16:24:00+00:00","article_modified_time":"2022-01-25T16:25:49+00:00","og_image":[{"width":800,"height":533,"url":"https:\/\/qtmm.org\/wp-content\/uploads\/2022\/01\/14_11_11_3_2.jpeg","type":"image\/jpeg"}],"author":"Developer","twitter_card":"summary_large_image","twitter_misc":{"Written by":"Developer","Est. reading time":"5 minutes"},"schema":{"@context":"https:\/\/schema.org","@graph":[{"@type":"Article","@id":"https:\/\/qtmm.org\/qt\/meclis-reisinin-muavini-vi-cagirilis-qurultayinin-delegati-remzi-ilyasov-ukraina-ve-avropa-birligi-qirimtatar-halqinin-aqlarini-gayridan-tiklevde-birlesme-ve-anlasmani-imzalav-arfesindeki-siyasiy-cer\/#article","isPartOf":{"@id":"https:\/\/qtmm.org\/qt\/meclis-reisinin-muavini-vi-cagirilis-qurultayinin-delegati-remzi-ilyasov-ukraina-ve-avropa-birligi-qirimtatar-halqinin-aqlarini-gayridan-tiklevde-birlesme-ve-anlasmani-imzalav-arfesindeki-siyasiy-cer\/"},"author":{"name":"Developer","@id":"https:\/\/qtmm.org\/qt\/#\/schema\/person\/de562469f971dec226ac06e60bbf74a7"},"headline":"Meclis reisini\u00f1 muavini, VI \u00e7a\u011f\u0131r\u0131l\u0131\u015f Qurultay\u0131n\u0131\u00f1 delegat\u0131 Remzi \u0130lyasov Ukraina ve Avropa Birligi q\u0131r\u0131mtatar halq\u0131n\u0131\u00f1 aqlar\u0131n\u0131 \u011fayr\u0131dan tiklevde birle\u015fme ve a\u00f1la\u015fman\u0131 imzalav arfesindeki siyasiy ceryanlar aqq\u0131nda","datePublished":"2013-10-08T16:24:00+00:00","dateModified":"2022-01-25T16:25:49+00:00","mainEntityOfPage":{"@id":"https:\/\/qtmm.org\/qt\/meclis-reisinin-muavini-vi-cagirilis-qurultayinin-delegati-remzi-ilyasov-ukraina-ve-avropa-birligi-qirimtatar-halqinin-aqlarini-gayridan-tiklevde-birlesme-ve-anlasmani-imzalav-arfesindeki-siyasiy-cer\/"},"wordCount":1038,"commentCount":0,"publisher":{"@id":"https:\/\/qtmm.org\/qt\/#organization"},"image":{"@id":"https:\/\/qtmm.org\/qt\/meclis-reisinin-muavini-vi-cagirilis-qurultayinin-delegati-remzi-ilyasov-ukraina-ve-avropa-birligi-qirimtatar-halqinin-aqlarini-gayridan-tiklevde-birlesme-ve-anlasmani-imzalav-arfesindeki-siyasiy-cer\/#primaryimage"},"thumbnailUrl":"https:\/\/qtmm.org\/wp-content\/uploads\/2022\/01\/14_11_11_3_2.jpeg","articleSection":["Haberler"],"inLanguage":"qt","potentialAction":[{"@type":"CommentAction","name":"Comment","target":["https:\/\/qtmm.org\/qt\/meclis-reisinin-muavini-vi-cagirilis-qurultayinin-delegati-remzi-ilyasov-ukraina-ve-avropa-birligi-qirimtatar-halqinin-aqlarini-gayridan-tiklevde-birlesme-ve-anlasmani-imzalav-arfesindeki-siyasiy-cer\/#respond"]}]},{"@type":"WebPage","@id":"https:\/\/qtmm.org\/qt\/meclis-reisinin-muavini-vi-cagirilis-qurultayinin-delegati-remzi-ilyasov-ukraina-ve-avropa-birligi-qirimtatar-halqinin-aqlarini-gayridan-tiklevde-birlesme-ve-anlasmani-imzalav-arfesindeki-siyasiy-cer\/","url":"https:\/\/qtmm.org\/qt\/meclis-reisinin-muavini-vi-cagirilis-qurultayinin-delegati-remzi-ilyasov-ukraina-ve-avropa-birligi-qirimtatar-halqinin-aqlarini-gayridan-tiklevde-birlesme-ve-anlasmani-imzalav-arfesindeki-siyasiy-cer\/","name":"Meclis reisini\u00f1 muavini, VI \u00e7a\u011f\u0131r\u0131l\u0131\u015f Qurultay\u0131n\u0131\u00f1 delegat\u0131 Remzi \u0130lyasov Ukraina ve Avropa Birligi q\u0131r\u0131mtatar halq\u0131n\u0131\u00f1 aqlar\u0131n\u0131 \u011fayr\u0131dan tiklevde birle\u015fme ve a\u00f1la\u015fman\u0131 imzalav arfesindeki siyasiy ceryanlar aqq\u0131nda - \u041c\u0435\u0434\u0436\u043b\u0456\u0441","isPartOf":{"@id":"https:\/\/qtmm.org\/qt\/#website"},"primaryImageOfPage":{"@id":"https:\/\/qtmm.org\/qt\/meclis-reisinin-muavini-vi-cagirilis-qurultayinin-delegati-remzi-ilyasov-ukraina-ve-avropa-birligi-qirimtatar-halqinin-aqlarini-gayridan-tiklevde-birlesme-ve-anlasmani-imzalav-arfesindeki-siyasiy-cer\/#primaryimage"},"image":{"@id":"https:\/\/qtmm.org\/qt\/meclis-reisinin-muavini-vi-cagirilis-qurultayinin-delegati-remzi-ilyasov-ukraina-ve-avropa-birligi-qirimtatar-halqinin-aqlarini-gayridan-tiklevde-birlesme-ve-anlasmani-imzalav-arfesindeki-siyasiy-cer\/#primaryimage"},"thumbnailUrl":"https:\/\/qtmm.org\/wp-content\/uploads\/2022\/01\/14_11_11_3_2.jpeg","datePublished":"2013-10-08T16:24:00+00:00","dateModified":"2022-01-25T16:25:49+00:00","breadcrumb":{"@id":"https:\/\/qtmm.org\/qt\/meclis-reisinin-muavini-vi-cagirilis-qurultayinin-delegati-remzi-ilyasov-ukraina-ve-avropa-birligi-qirimtatar-halqinin-aqlarini-gayridan-tiklevde-birlesme-ve-anlasmani-imzalav-arfesindeki-siyasiy-cer\/#breadcrumb"},"inLanguage":"qt","potentialAction":[{"@type":"ReadAction","target":["https:\/\/qtmm.org\/qt\/meclis-reisinin-muavini-vi-cagirilis-qurultayinin-delegati-remzi-ilyasov-ukraina-ve-avropa-birligi-qirimtatar-halqinin-aqlarini-gayridan-tiklevde-birlesme-ve-anlasmani-imzalav-arfesindeki-siyasiy-cer\/"]}]},{"@type":"ImageObject","inLanguage":"qt","@id":"https:\/\/qtmm.org\/qt\/meclis-reisinin-muavini-vi-cagirilis-qurultayinin-delegati-remzi-ilyasov-ukraina-ve-avropa-birligi-qirimtatar-halqinin-aqlarini-gayridan-tiklevde-birlesme-ve-anlasmani-imzalav-arfesindeki-siyasiy-cer\/#primaryimage","url":"https:\/\/qtmm.org\/wp-content\/uploads\/2022\/01\/14_11_11_3_2.jpeg","contentUrl":"https:\/\/qtmm.org\/wp-content\/uploads\/2022\/01\/14_11_11_3_2.jpeg","width":800,"height":533},{"@type":"BreadcrumbList","@id":"https:\/\/qtmm.org\/qt\/meclis-reisinin-muavini-vi-cagirilis-qurultayinin-delegati-remzi-ilyasov-ukraina-ve-avropa-birligi-qirimtatar-halqinin-aqlarini-gayridan-tiklevde-birlesme-ve-anlasmani-imzalav-arfesindeki-siyasiy-cer\/#breadcrumb","itemListElement":[{"@type":"ListItem","position":1,"name":"\u0413\u043e\u043b\u043e\u0432\u043d\u0430","item":"https:\/\/qtmm.org\/qt\/"},{"@type":"ListItem","position":2,"name":"Meclis reisini\u00f1 muavini, VI \u00e7a\u011f\u0131r\u0131l\u0131\u015f Qurultay\u0131n\u0131\u00f1 delegat\u0131 Remzi \u0130lyasov Ukraina ve Avropa Birligi q\u0131r\u0131mtatar halq\u0131n\u0131\u00f1 aqlar\u0131n\u0131 \u011fayr\u0131dan tiklevde birle\u015fme ve a\u00f1la\u015fman\u0131 imzalav arfesindeki siyasiy ceryanlar aqq\u0131nda"}]},{"@type":"WebSite","@id":"https:\/\/qtmm.org\/qt\/#website","url":"https:\/\/qtmm.org\/qt\/","name":"\u041c\u0435\u0434\u0436\u043b\u0456\u0441","description":"","publisher":{"@id":"https:\/\/qtmm.org\/qt\/#organization"},"potentialAction":[{"@type":"SearchAction","target":{"@type":"EntryPoint","urlTemplate":"https:\/\/qtmm.org\/qt\/?s={search_term_string}"},"query-input":{"@type":"PropertyValueSpecification","valueRequired":true,"valueName":"search_term_string"}}],"inLanguage":"qt"},{"@type":"Organization","@id":"https:\/\/qtmm.org\/qt\/#organization","name":"\u041c\u0435\u0434\u0436\u043b\u0456\u0441","url":"https:\/\/qtmm.org\/qt\/","logo":{"@type":"ImageObject","inLanguage":"qt","@id":"https:\/\/qtmm.org\/qt\/#\/schema\/logo\/image\/","url":"https:\/\/qtmm.org\/wp-content\/uploads\/2024\/12\/ua-mejlis-logo-rgb.svg","contentUrl":"https:\/\/qtmm.org\/wp-content\/uploads\/2024\/12\/ua-mejlis-logo-rgb.svg","caption":"\u041c\u0435\u0434\u0436\u043b\u0456\u0441"},"image":{"@id":"https:\/\/qtmm.org\/qt\/#\/schema\/logo\/image\/"},"sameAs":["https:\/\/www.facebook.com\/qtmm.info\/"]},{"@type":"Person","@id":"https:\/\/qtmm.org\/qt\/#\/schema\/person\/de562469f971dec226ac06e60bbf74a7","name":"Developer","image":{"@type":"ImageObject","inLanguage":"qt","@id":"https:\/\/secure.gravatar.com\/avatar\/392b4cc8fbfeb00b39dfeeab4ee6edded39ffd48e25858637e4765810300227e?s=96&d=mm&r=g","url":"https:\/\/secure.gravatar.com\/avatar\/392b4cc8fbfeb00b39dfeeab4ee6edded39ffd48e25858637e4765810300227e?s=96&d=mm&r=g","contentUrl":"https:\/\/secure.gravatar.com\/avatar\/392b4cc8fbfeb00b39dfeeab4ee6edded39ffd48e25858637e4765810300227e?s=96&d=mm&r=g","caption":"Developer"},"url":"https:\/\/qtmm.org\/qt\/author\/Developer\/"}]}},"_links":{"self":[{"href":"https:\/\/qtmm.org\/qt\/wp-json\/wp\/v2\/posts\/39595","targetHints":{"allow":["GET"]}}],"collection":[{"href":"https:\/\/qtmm.org\/qt\/wp-json\/wp\/v2\/posts"}],"about":[{"href":"https:\/\/qtmm.org\/qt\/wp-json\/wp\/v2\/types\/post"}],"author":[{"embeddable":true,"href":"https:\/\/qtmm.org\/qt\/wp-json\/wp\/v2\/users\/1"}],"replies":[{"embeddable":true,"href":"https:\/\/qtmm.org\/qt\/wp-json\/wp\/v2\/comments?post=39595"}],"version-history":[{"count":1,"href":"https:\/\/qtmm.org\/qt\/wp-json\/wp\/v2\/posts\/39595\/revisions"}],"predecessor-version":[{"id":39600,"href":"https:\/\/qtmm.org\/qt\/wp-json\/wp\/v2\/posts\/39595\/revisions\/39600"}],"wp:featuredmedia":[{"embeddable":true,"href":"https:\/\/qtmm.org\/qt\/wp-json\/wp\/v2\/media\/39596"}],"wp:attachment":[{"href":"https:\/\/qtmm.org\/qt\/wp-json\/wp\/v2\/media?parent=39595"}],"wp:term":[{"taxonomy":"category","embeddable":true,"href":"https:\/\/qtmm.org\/qt\/wp-json\/wp\/v2\/categories?post=39595"},{"taxonomy":"post_tag","embeddable":true,"href":"https:\/\/qtmm.org\/qt\/wp-json\/wp\/v2\/tags?post=39595"}],"curies":[{"name":"wp","href":"https:\/\/api.w.org\/{rel}","templated":true}]}}