




{"id":39593,"date":"2013-10-07T19:24:00","date_gmt":"2013-10-07T16:24:00","guid":{"rendered":"http:\/\/qtmm.org\/?p=39593"},"modified":"2022-01-25T19:24:47","modified_gmt":"2022-01-25T16:24:47","slug":"qirimtatar-halqi-vi-cagirilis-qurultayi-1-nci-sessiyasinin-kun-tertibi","status":"publish","type":"post","link":"https:\/\/qtmm.org\/qt\/qirimtatar-halqi-vi-cagirilis-qurultayi-1-nci-sessiyasinin-kun-tertibi\/","title":{"rendered":"Q\u0131r\u0131mtatar halq\u0131 VI \u00e7a\u011f\u0131r\u0131l\u0131\u015f Qurultay\u0131 1-nci sessiyas\u0131n\u0131\u00f1 k\u00fcn tertibi"},"content":{"rendered":"\n<p>1. Ukrainada i\u00e7timaiy-siyasiy vaziyet ve milliy idare organlar\u0131 ve q\u0131r\u0131mtatar halq\u0131 milliy vek\u00e2letligi sistemini\u00f1 q\u0131r\u0131mtatar halq\u0131n\u0131\u00f1 aqlar\u0131n\u0131 \u011fayr\u0131dan tiklev boyunca vazifeleri aqq\u0131nda<\/p>\n\n\n\n<p>2. Q\u0131r\u0131mtatar halq\u0131 Qurultay\u0131, on\u0131\u00f1 saylanma organlar\u0131 ve yerli milliy idare organlar\u0131n\u0131\u00f1 faaliyeti ve te\u015fkil\u00e2t\u0131n\u0131 k\u00f6zetken vesiqalar\u011fa de\u00f1i\u015fme ve qo\u015fumcalar kirset\u00fcv aqq\u0131nda.<\/p>\n\n\n\n<p>3. Q\u0131r\u0131mtatar halq\u0131 Qurultay\u0131n\u0131\u00f1 saylanma organlar\u0131 ve on\u0131\u00f1 vazifedar \u015fah\u0131slar\u0131n\u0131 se\u00e7\u00fcv aqq\u0131nda.<\/p>\n\n\n\n<p>4. Q\u0131r\u0131mtatar halq\u0131n\u0131\u00f1 \u00f6z Vatan\u0131nda aqlar\u0131n\u0131 \u011fayr\u0131dan tiklev, Ukrainada on\u0131\u00f1 tel\u00fckesizligi ve inki\u015faf\u0131n\u0131 temin et\u00fcv boyunca halqara forum\u011fa az\u0131rl\u0131q aqq\u0131nda.<\/p>\n\n\n\n<p>5. Q\u0131r\u0131mtatar halq\u0131 soyq\u0131r\u0131m\u0131n\u0131\u00f1 70 y\u0131ll\u0131\u011f\u0131 munasebetinen q\u0131r\u0131mtatar halq\u0131 milliy idare organlar\u0131, icadiy ve cemaat te\u015fkil\u00e2tlar\u0131n\u0131\u00f1 vazifeleri aqq\u0131nda.<\/p>\n\n\n\n<p>6. Q\u0131r\u0131mtatar halq\u0131 Qurultay\u0131n\u0131\u00f1 vesiqalar\u0131n\u0131 qabul et\u00fcv aqq\u0131nda.<\/p>\n","protected":false},"excerpt":{"rendered":"<p>1. Ukrainada i\u00e7timaiy-siyasiy vaziyet ve milliy idare organlar\u0131 ve q\u0131r\u0131mtatar halq\u0131 milliy vek\u00e2letligi sistemini\u00f1 q\u0131r\u0131mtatar halq\u0131n\u0131\u00f1 aqlar\u0131n\u0131 \u011fayr\u0131dan tiklev boyunca vazifeleri aqq\u0131nda 2. Q\u0131r\u0131mtatar halq\u0131 Qurultay\u0131, on\u0131\u00f1 saylanma organlar\u0131 ve yerli milliy idare organlar\u0131n\u0131\u00f1 faaliyeti ve te\u015fkil\u00e2t\u0131n\u0131 k\u00f6zetken vesiqalar\u011fa de\u00f1i\u015fme ve qo\u015fumcalar kirset\u00fcv aqq\u0131nda. 3. Q\u0131r\u0131mtatar halq\u0131 Qurultay\u0131n\u0131\u00f1 saylanma organlar\u0131 ve on\u0131\u00f1 vazifedar \u015fah\u0131slar\u0131n\u0131 se\u00e7\u00fcv [&hellip;]<\/p>\n","protected":false},"author":1,"featured_media":0,"comment_status":"open","ping_status":"open","sticky":false,"template":"","format":"standard","meta":{"inline_featured_image":false,"footnotes":""},"categories":[265],"tags":[],"class_list":["post-39593","post","type-post","status-publish","format-standard","hentry","category-haberler"],"acf":[],"yoast_head":"<!-- This site is optimized with the Yoast SEO plugin v27.4 - https:\/\/yoast.com\/product\/yoast-seo-wordpress\/ -->\n<title>Q\u0131r\u0131mtatar halq\u0131 VI \u00e7a\u011f\u0131r\u0131l\u0131\u015f Qurultay\u0131 1-nci sessiyas\u0131n\u0131\u00f1 k\u00fcn tertibi - \u041c\u0435\u0434\u0436\u043b\u0456\u0441<\/title>\n<meta name=\"robots\" content=\"index, follow, max-snippet:-1, max-image-preview:large, max-video-preview:-1\" \/>\n<link rel=\"canonical\" href=\"https:\/\/qtmm.org\/qt\/qirimtatar-halqi-vi-cagirilis-qurultayi-1-nci-sessiyasinin-kun-tertibi\/\" \/>\n<meta property=\"og:locale\" content=\"en_US\" \/>\n<meta property=\"og:type\" content=\"article\" \/>\n<meta property=\"og:title\" content=\"Q\u0131r\u0131mtatar halq\u0131 VI \u00e7a\u011f\u0131r\u0131l\u0131\u015f Qurultay\u0131 1-nci sessiyas\u0131n\u0131\u00f1 k\u00fcn tertibi - \u041c\u0435\u0434\u0436\u043b\u0456\u0441\" \/>\n<meta property=\"og:description\" content=\"1. Ukrainada i\u00e7timaiy-siyasiy vaziyet ve milliy idare organlar\u0131 ve q\u0131r\u0131mtatar halq\u0131 milliy vek\u00e2letligi sistemini\u00f1 q\u0131r\u0131mtatar halq\u0131n\u0131\u00f1 aqlar\u0131n\u0131 \u011fayr\u0131dan tiklev boyunca vazifeleri aqq\u0131nda 2. Q\u0131r\u0131mtatar halq\u0131 Qurultay\u0131, on\u0131\u00f1 saylanma organlar\u0131 ve yerli milliy idare organlar\u0131n\u0131\u00f1 faaliyeti ve te\u015fkil\u00e2t\u0131n\u0131 k\u00f6zetken vesiqalar\u011fa de\u00f1i\u015fme ve qo\u015fumcalar kirset\u00fcv aqq\u0131nda. 3. Q\u0131r\u0131mtatar halq\u0131 Qurultay\u0131n\u0131\u00f1 saylanma organlar\u0131 ve on\u0131\u00f1 vazifedar \u015fah\u0131slar\u0131n\u0131 se\u00e7\u00fcv [&hellip;]\" \/>\n<meta property=\"og:url\" content=\"https:\/\/qtmm.org\/qt\/qirimtatar-halqi-vi-cagirilis-qurultayi-1-nci-sessiyasinin-kun-tertibi\/\" \/>\n<meta property=\"og:site_name\" content=\"\u041c\u0435\u0434\u0436\u043b\u0456\u0441\" \/>\n<meta property=\"article:publisher\" content=\"https:\/\/www.facebook.com\/qtmm.info\/\" \/>\n<meta property=\"article:published_time\" content=\"2013-10-07T16:24:00+00:00\" \/>\n<meta property=\"article:modified_time\" content=\"2022-01-25T16:24:47+00:00\" \/>\n<meta name=\"author\" content=\"Developer\" \/>\n<meta name=\"twitter:card\" content=\"summary_large_image\" \/>\n<meta name=\"twitter:label1\" content=\"Written by\" \/>\n\t<meta name=\"twitter:data1\" content=\"Developer\" \/>\n\t<meta name=\"twitter:label2\" content=\"Est. reading time\" \/>\n\t<meta name=\"twitter:data2\" content=\"1 minute\" \/>\n<script type=\"application\/ld+json\" class=\"yoast-schema-graph\">{\"@context\":\"https:\\\/\\\/schema.org\",\"@graph\":[{\"@type\":\"Article\",\"@id\":\"https:\\\/\\\/qtmm.org\\\/qt\\\/qirimtatar-halqi-vi-cagirilis-qurultayi-1-nci-sessiyasinin-kun-tertibi\\\/#article\",\"isPartOf\":{\"@id\":\"https:\\\/\\\/qtmm.org\\\/qt\\\/qirimtatar-halqi-vi-cagirilis-qurultayi-1-nci-sessiyasinin-kun-tertibi\\\/\"},\"author\":{\"name\":\"Developer\",\"@id\":\"https:\\\/\\\/qtmm.org\\\/qt\\\/#\\\/schema\\\/person\\\/de562469f971dec226ac06e60bbf74a7\"},\"headline\":\"Q\u0131r\u0131mtatar halq\u0131 VI \u00e7a\u011f\u0131r\u0131l\u0131\u015f Qurultay\u0131 1-nci sessiyas\u0131n\u0131\u00f1 k\u00fcn tertibi\",\"datePublished\":\"2013-10-07T16:24:00+00:00\",\"dateModified\":\"2022-01-25T16:24:47+00:00\",\"mainEntityOfPage\":{\"@id\":\"https:\\\/\\\/qtmm.org\\\/qt\\\/qirimtatar-halqi-vi-cagirilis-qurultayi-1-nci-sessiyasinin-kun-tertibi\\\/\"},\"wordCount\":172,\"commentCount\":0,\"publisher\":{\"@id\":\"https:\\\/\\\/qtmm.org\\\/qt\\\/#organization\"},\"articleSection\":[\"Haberler\"],\"inLanguage\":\"qt\",\"potentialAction\":[{\"@type\":\"CommentAction\",\"name\":\"Comment\",\"target\":[\"https:\\\/\\\/qtmm.org\\\/qt\\\/qirimtatar-halqi-vi-cagirilis-qurultayi-1-nci-sessiyasinin-kun-tertibi\\\/#respond\"]}]},{\"@type\":\"WebPage\",\"@id\":\"https:\\\/\\\/qtmm.org\\\/qt\\\/qirimtatar-halqi-vi-cagirilis-qurultayi-1-nci-sessiyasinin-kun-tertibi\\\/\",\"url\":\"https:\\\/\\\/qtmm.org\\\/qt\\\/qirimtatar-halqi-vi-cagirilis-qurultayi-1-nci-sessiyasinin-kun-tertibi\\\/\",\"name\":\"Q\u0131r\u0131mtatar halq\u0131 VI \u00e7a\u011f\u0131r\u0131l\u0131\u015f Qurultay\u0131 1-nci sessiyas\u0131n\u0131\u00f1 k\u00fcn tertibi - \u041c\u0435\u0434\u0436\u043b\u0456\u0441\",\"isPartOf\":{\"@id\":\"https:\\\/\\\/qtmm.org\\\/qt\\\/#website\"},\"datePublished\":\"2013-10-07T16:24:00+00:00\",\"dateModified\":\"2022-01-25T16:24:47+00:00\",\"breadcrumb\":{\"@id\":\"https:\\\/\\\/qtmm.org\\\/qt\\\/qirimtatar-halqi-vi-cagirilis-qurultayi-1-nci-sessiyasinin-kun-tertibi\\\/#breadcrumb\"},\"inLanguage\":\"qt\",\"potentialAction\":[{\"@type\":\"ReadAction\",\"target\":[\"https:\\\/\\\/qtmm.org\\\/qt\\\/qirimtatar-halqi-vi-cagirilis-qurultayi-1-nci-sessiyasinin-kun-tertibi\\\/\"]}]},{\"@type\":\"BreadcrumbList\",\"@id\":\"https:\\\/\\\/qtmm.org\\\/qt\\\/qirimtatar-halqi-vi-cagirilis-qurultayi-1-nci-sessiyasinin-kun-tertibi\\\/#breadcrumb\",\"itemListElement\":[{\"@type\":\"ListItem\",\"position\":1,\"name\":\"\u0413\u043e\u043b\u043e\u0432\u043d\u0430\",\"item\":\"https:\\\/\\\/qtmm.org\\\/qt\\\/\"},{\"@type\":\"ListItem\",\"position\":2,\"name\":\"Q\u0131r\u0131mtatar halq\u0131 VI \u00e7a\u011f\u0131r\u0131l\u0131\u015f Qurultay\u0131 1-nci sessiyas\u0131n\u0131\u00f1 k\u00fcn tertibi\"}]},{\"@type\":\"WebSite\",\"@id\":\"https:\\\/\\\/qtmm.org\\\/qt\\\/#website\",\"url\":\"https:\\\/\\\/qtmm.org\\\/qt\\\/\",\"name\":\"\u041c\u0435\u0434\u0436\u043b\u0456\u0441\",\"description\":\"\",\"publisher\":{\"@id\":\"https:\\\/\\\/qtmm.org\\\/qt\\\/#organization\"},\"potentialAction\":[{\"@type\":\"SearchAction\",\"target\":{\"@type\":\"EntryPoint\",\"urlTemplate\":\"https:\\\/\\\/qtmm.org\\\/qt\\\/?s={search_term_string}\"},\"query-input\":{\"@type\":\"PropertyValueSpecification\",\"valueRequired\":true,\"valueName\":\"search_term_string\"}}],\"inLanguage\":\"qt\"},{\"@type\":\"Organization\",\"@id\":\"https:\\\/\\\/qtmm.org\\\/qt\\\/#organization\",\"name\":\"\u041c\u0435\u0434\u0436\u043b\u0456\u0441\",\"url\":\"https:\\\/\\\/qtmm.org\\\/qt\\\/\",\"logo\":{\"@type\":\"ImageObject\",\"inLanguage\":\"qt\",\"@id\":\"https:\\\/\\\/qtmm.org\\\/qt\\\/#\\\/schema\\\/logo\\\/image\\\/\",\"url\":\"https:\\\/\\\/qtmm.org\\\/wp-content\\\/uploads\\\/2024\\\/12\\\/ua-mejlis-logo-rgb.svg\",\"contentUrl\":\"https:\\\/\\\/qtmm.org\\\/wp-content\\\/uploads\\\/2024\\\/12\\\/ua-mejlis-logo-rgb.svg\",\"caption\":\"\u041c\u0435\u0434\u0436\u043b\u0456\u0441\"},\"image\":{\"@id\":\"https:\\\/\\\/qtmm.org\\\/qt\\\/#\\\/schema\\\/logo\\\/image\\\/\"},\"sameAs\":[\"https:\\\/\\\/www.facebook.com\\\/qtmm.info\\\/\"]},{\"@type\":\"Person\",\"@id\":\"https:\\\/\\\/qtmm.org\\\/qt\\\/#\\\/schema\\\/person\\\/de562469f971dec226ac06e60bbf74a7\",\"name\":\"Developer\",\"image\":{\"@type\":\"ImageObject\",\"inLanguage\":\"qt\",\"@id\":\"https:\\\/\\\/secure.gravatar.com\\\/avatar\\\/392b4cc8fbfeb00b39dfeeab4ee6edded39ffd48e25858637e4765810300227e?s=96&d=mm&r=g\",\"url\":\"https:\\\/\\\/secure.gravatar.com\\\/avatar\\\/392b4cc8fbfeb00b39dfeeab4ee6edded39ffd48e25858637e4765810300227e?s=96&d=mm&r=g\",\"contentUrl\":\"https:\\\/\\\/secure.gravatar.com\\\/avatar\\\/392b4cc8fbfeb00b39dfeeab4ee6edded39ffd48e25858637e4765810300227e?s=96&d=mm&r=g\",\"caption\":\"Developer\"},\"url\":\"https:\\\/\\\/qtmm.org\\\/qt\\\/author\\\/Developer\\\/\"}]}<\/script>\n<!-- \/ Yoast SEO plugin. -->","yoast_head_json":{"title":"Q\u0131r\u0131mtatar halq\u0131 VI \u00e7a\u011f\u0131r\u0131l\u0131\u015f Qurultay\u0131 1-nci sessiyas\u0131n\u0131\u00f1 k\u00fcn tertibi - \u041c\u0435\u0434\u0436\u043b\u0456\u0441","robots":{"index":"index","follow":"follow","max-snippet":"max-snippet:-1","max-image-preview":"max-image-preview:large","max-video-preview":"max-video-preview:-1"},"canonical":"https:\/\/qtmm.org\/qt\/qirimtatar-halqi-vi-cagirilis-qurultayi-1-nci-sessiyasinin-kun-tertibi\/","og_locale":"en_US","og_type":"article","og_title":"Q\u0131r\u0131mtatar halq\u0131 VI \u00e7a\u011f\u0131r\u0131l\u0131\u015f Qurultay\u0131 1-nci sessiyas\u0131n\u0131\u00f1 k\u00fcn tertibi - \u041c\u0435\u0434\u0436\u043b\u0456\u0441","og_description":"1. Ukrainada i\u00e7timaiy-siyasiy vaziyet ve milliy idare organlar\u0131 ve q\u0131r\u0131mtatar halq\u0131 milliy vek\u00e2letligi sistemini\u00f1 q\u0131r\u0131mtatar halq\u0131n\u0131\u00f1 aqlar\u0131n\u0131 \u011fayr\u0131dan tiklev boyunca vazifeleri aqq\u0131nda 2. Q\u0131r\u0131mtatar halq\u0131 Qurultay\u0131, on\u0131\u00f1 saylanma organlar\u0131 ve yerli milliy idare organlar\u0131n\u0131\u00f1 faaliyeti ve te\u015fkil\u00e2t\u0131n\u0131 k\u00f6zetken vesiqalar\u011fa de\u00f1i\u015fme ve qo\u015fumcalar kirset\u00fcv aqq\u0131nda. 3. Q\u0131r\u0131mtatar halq\u0131 Qurultay\u0131n\u0131\u00f1 saylanma organlar\u0131 ve on\u0131\u00f1 vazifedar \u015fah\u0131slar\u0131n\u0131 se\u00e7\u00fcv [&hellip;]","og_url":"https:\/\/qtmm.org\/qt\/qirimtatar-halqi-vi-cagirilis-qurultayi-1-nci-sessiyasinin-kun-tertibi\/","og_site_name":"\u041c\u0435\u0434\u0436\u043b\u0456\u0441","article_publisher":"https:\/\/www.facebook.com\/qtmm.info\/","article_published_time":"2013-10-07T16:24:00+00:00","article_modified_time":"2022-01-25T16:24:47+00:00","author":"Developer","twitter_card":"summary_large_image","twitter_misc":{"Written by":"Developer","Est. reading time":"1 minute"},"schema":{"@context":"https:\/\/schema.org","@graph":[{"@type":"Article","@id":"https:\/\/qtmm.org\/qt\/qirimtatar-halqi-vi-cagirilis-qurultayi-1-nci-sessiyasinin-kun-tertibi\/#article","isPartOf":{"@id":"https:\/\/qtmm.org\/qt\/qirimtatar-halqi-vi-cagirilis-qurultayi-1-nci-sessiyasinin-kun-tertibi\/"},"author":{"name":"Developer","@id":"https:\/\/qtmm.org\/qt\/#\/schema\/person\/de562469f971dec226ac06e60bbf74a7"},"headline":"Q\u0131r\u0131mtatar halq\u0131 VI \u00e7a\u011f\u0131r\u0131l\u0131\u015f Qurultay\u0131 1-nci sessiyas\u0131n\u0131\u00f1 k\u00fcn tertibi","datePublished":"2013-10-07T16:24:00+00:00","dateModified":"2022-01-25T16:24:47+00:00","mainEntityOfPage":{"@id":"https:\/\/qtmm.org\/qt\/qirimtatar-halqi-vi-cagirilis-qurultayi-1-nci-sessiyasinin-kun-tertibi\/"},"wordCount":172,"commentCount":0,"publisher":{"@id":"https:\/\/qtmm.org\/qt\/#organization"},"articleSection":["Haberler"],"inLanguage":"qt","potentialAction":[{"@type":"CommentAction","name":"Comment","target":["https:\/\/qtmm.org\/qt\/qirimtatar-halqi-vi-cagirilis-qurultayi-1-nci-sessiyasinin-kun-tertibi\/#respond"]}]},{"@type":"WebPage","@id":"https:\/\/qtmm.org\/qt\/qirimtatar-halqi-vi-cagirilis-qurultayi-1-nci-sessiyasinin-kun-tertibi\/","url":"https:\/\/qtmm.org\/qt\/qirimtatar-halqi-vi-cagirilis-qurultayi-1-nci-sessiyasinin-kun-tertibi\/","name":"Q\u0131r\u0131mtatar halq\u0131 VI \u00e7a\u011f\u0131r\u0131l\u0131\u015f Qurultay\u0131 1-nci sessiyas\u0131n\u0131\u00f1 k\u00fcn tertibi - \u041c\u0435\u0434\u0436\u043b\u0456\u0441","isPartOf":{"@id":"https:\/\/qtmm.org\/qt\/#website"},"datePublished":"2013-10-07T16:24:00+00:00","dateModified":"2022-01-25T16:24:47+00:00","breadcrumb":{"@id":"https:\/\/qtmm.org\/qt\/qirimtatar-halqi-vi-cagirilis-qurultayi-1-nci-sessiyasinin-kun-tertibi\/#breadcrumb"},"inLanguage":"qt","potentialAction":[{"@type":"ReadAction","target":["https:\/\/qtmm.org\/qt\/qirimtatar-halqi-vi-cagirilis-qurultayi-1-nci-sessiyasinin-kun-tertibi\/"]}]},{"@type":"BreadcrumbList","@id":"https:\/\/qtmm.org\/qt\/qirimtatar-halqi-vi-cagirilis-qurultayi-1-nci-sessiyasinin-kun-tertibi\/#breadcrumb","itemListElement":[{"@type":"ListItem","position":1,"name":"\u0413\u043e\u043b\u043e\u0432\u043d\u0430","item":"https:\/\/qtmm.org\/qt\/"},{"@type":"ListItem","position":2,"name":"Q\u0131r\u0131mtatar halq\u0131 VI \u00e7a\u011f\u0131r\u0131l\u0131\u015f Qurultay\u0131 1-nci sessiyas\u0131n\u0131\u00f1 k\u00fcn tertibi"}]},{"@type":"WebSite","@id":"https:\/\/qtmm.org\/qt\/#website","url":"https:\/\/qtmm.org\/qt\/","name":"\u041c\u0435\u0434\u0436\u043b\u0456\u0441","description":"","publisher":{"@id":"https:\/\/qtmm.org\/qt\/#organization"},"potentialAction":[{"@type":"SearchAction","target":{"@type":"EntryPoint","urlTemplate":"https:\/\/qtmm.org\/qt\/?s={search_term_string}"},"query-input":{"@type":"PropertyValueSpecification","valueRequired":true,"valueName":"search_term_string"}}],"inLanguage":"qt"},{"@type":"Organization","@id":"https:\/\/qtmm.org\/qt\/#organization","name":"\u041c\u0435\u0434\u0436\u043b\u0456\u0441","url":"https:\/\/qtmm.org\/qt\/","logo":{"@type":"ImageObject","inLanguage":"qt","@id":"https:\/\/qtmm.org\/qt\/#\/schema\/logo\/image\/","url":"https:\/\/qtmm.org\/wp-content\/uploads\/2024\/12\/ua-mejlis-logo-rgb.svg","contentUrl":"https:\/\/qtmm.org\/wp-content\/uploads\/2024\/12\/ua-mejlis-logo-rgb.svg","caption":"\u041c\u0435\u0434\u0436\u043b\u0456\u0441"},"image":{"@id":"https:\/\/qtmm.org\/qt\/#\/schema\/logo\/image\/"},"sameAs":["https:\/\/www.facebook.com\/qtmm.info\/"]},{"@type":"Person","@id":"https:\/\/qtmm.org\/qt\/#\/schema\/person\/de562469f971dec226ac06e60bbf74a7","name":"Developer","image":{"@type":"ImageObject","inLanguage":"qt","@id":"https:\/\/secure.gravatar.com\/avatar\/392b4cc8fbfeb00b39dfeeab4ee6edded39ffd48e25858637e4765810300227e?s=96&d=mm&r=g","url":"https:\/\/secure.gravatar.com\/avatar\/392b4cc8fbfeb00b39dfeeab4ee6edded39ffd48e25858637e4765810300227e?s=96&d=mm&r=g","contentUrl":"https:\/\/secure.gravatar.com\/avatar\/392b4cc8fbfeb00b39dfeeab4ee6edded39ffd48e25858637e4765810300227e?s=96&d=mm&r=g","caption":"Developer"},"url":"https:\/\/qtmm.org\/qt\/author\/Developer\/"}]}},"_links":{"self":[{"href":"https:\/\/qtmm.org\/qt\/wp-json\/wp\/v2\/posts\/39593","targetHints":{"allow":["GET"]}}],"collection":[{"href":"https:\/\/qtmm.org\/qt\/wp-json\/wp\/v2\/posts"}],"about":[{"href":"https:\/\/qtmm.org\/qt\/wp-json\/wp\/v2\/types\/post"}],"author":[{"embeddable":true,"href":"https:\/\/qtmm.org\/qt\/wp-json\/wp\/v2\/users\/1"}],"replies":[{"embeddable":true,"href":"https:\/\/qtmm.org\/qt\/wp-json\/wp\/v2\/comments?post=39593"}],"version-history":[{"count":1,"href":"https:\/\/qtmm.org\/qt\/wp-json\/wp\/v2\/posts\/39593\/revisions"}],"predecessor-version":[{"id":39594,"href":"https:\/\/qtmm.org\/qt\/wp-json\/wp\/v2\/posts\/39593\/revisions\/39594"}],"wp:attachment":[{"href":"https:\/\/qtmm.org\/qt\/wp-json\/wp\/v2\/media?parent=39593"}],"wp:term":[{"taxonomy":"category","embeddable":true,"href":"https:\/\/qtmm.org\/qt\/wp-json\/wp\/v2\/categories?post=39593"},{"taxonomy":"post_tag","embeddable":true,"href":"https:\/\/qtmm.org\/qt\/wp-json\/wp\/v2\/tags?post=39593"}],"curies":[{"name":"wp","href":"https:\/\/api.w.org\/{rel}","templated":true}]}}