




{"id":39571,"date":"2013-10-07T19:20:00","date_gmt":"2013-10-07T16:20:00","guid":{"rendered":"http:\/\/qtmm.org\/?p=39571"},"modified":"2022-01-25T19:24:11","modified_gmt":"2022-01-25T16:24:11","slug":"2013-senesi-oktabr-7-kunu-meclisnin-toplasuvi-olip-kecti","status":"publish","type":"post","link":"https:\/\/qtmm.org\/qt\/2013-senesi-oktabr-7-kunu-meclisnin-toplasuvi-olip-kecti\/","title":{"rendered":"2013 senesi okt\u00e2br 7 k\u00fcn\u00fc Meclisni\u00f1 topla\u015fuv\u0131 ol\u0131p ke\u00e7ti"},"content":{"rendered":"\n<p>Topla\u015fuvn\u0131\u00f1 k\u00fcn tertibine VI \u00e7a\u011f\u0131r\u0131l\u0131\u015f Qurultay\u0131 k\u00fcn tertibine kirsetilecek meseleler qobl\u0131p, Meclis azalar\u0131 Qurultay 1-nci otur\u0131m\u0131 k\u00fcn tertibini\u00f1 ve otur\u0131mn\u0131 al\u0131p barmaqn\u0131\u00f1 tahminiy tertibi leyhalar\u0131n\u0131 muzakere ettiler.<\/p>\n\n\n\n<figure class=\"wp-block-image size-full\"><img loading=\"lazy\" decoding=\"async\" width=\"650\" height=\"321\" src=\"http:\/\/qtmm.org\/wp-content\/uploads\/2022\/01\/img_0486.jpeg\" alt=\"\" class=\"wp-image-39572\" srcset=\"https:\/\/qtmm.org\/wp-content\/uploads\/2022\/01\/img_0486.jpeg 650w, https:\/\/qtmm.org\/wp-content\/uploads\/2022\/01\/img_0486-300x148.jpeg 300w\" sizes=\"auto, (max-width: 650px) 100vw, 650px\" \/><\/figure>\n\n\n\n<p>Meclis K\u00e2tibiyeti az\u0131rla\u011fan dokument leyhalarn\u0131\u00f1 muzakeresinden so\u00f1ra Meclis azalar\u0131 Q\u0131r\u0131mtatar halq\u0131 VI \u00e7a\u011f\u0131r\u0131l\u0131\u015f Qurultay\u0131 k\u00fcn tertibini\u00f1 leyhas\u0131n\u0131 tasdiqlap, Te\u015fkiliy komitetke \u00f6z\u00fcni\u00f1 nevbetteki topla\u015fuv\u0131nda 1-nci otur\u0131mn\u0131 al\u0131p barmaqn\u0131\u00f1 tahminiy tertibi leyhas\u0131n\u0131 i\u015flemekni ve reglament boyunca Qurultay delegatlar\u0131na yollamaqn\u0131 avale ettiler.<\/p>\n\n\n\n<figure class=\"wp-block-image size-full\"><img loading=\"lazy\" decoding=\"async\" width=\"650\" height=\"319\" src=\"http:\/\/qtmm.org\/wp-content\/uploads\/2022\/01\/img_0518.jpeg\" alt=\"\" class=\"wp-image-39576\" srcset=\"https:\/\/qtmm.org\/wp-content\/uploads\/2022\/01\/img_0518.jpeg 650w, https:\/\/qtmm.org\/wp-content\/uploads\/2022\/01\/img_0518-300x147.jpeg 300w\" sizes=\"auto, (max-width: 650px) 100vw, 650px\" \/><\/figure>\n\n\n\n<p>Meclis topla\u015fuv\u0131 \u00e7er\u00e7ivesinde Meclis reisini\u00f1 birinci muavini Refat \u00c7ubarov Meclis azalar\u0131n\u0131 Meclisni\u00f1 Q\u0131r\u0131mtatar halq\u0131n\u0131\u00f1 aqlar\u0131n\u0131 \u011fayr\u0131dan tiklev boyunca halqara forum\u011fa aktiv az\u0131rl\u0131q i\u015flerine dair Muracaat\u0131n\u0131\u00f1 leyhas\u0131nen tan\u0131\u015f etti.<br><br>Muracaat bira\u011f\u0131zdan qabul etildi. &#8220;Q\u0131r\u0131mtatar halq\u0131n\u0131\u00f1 Meclisi 2014 senesi Ukraina devletini\u00f1 inki\u015faf\u0131nda \u011fayet bir emiyetli y\u0131l olaca\u011f\u0131na, b\u00fcy\u00fck Avropan\u0131\u00f1 inki\u015faf\u0131na isse qo\u015f\u0131p ba\u015flaycaq Ukrainan\u0131\u00f1 areketleri c\u00fcmleden q\u0131r\u0131mtatar halq\u0131 aqlar\u0131n\u0131 \u011fayr\u0131dan tiklep ba\u015flamas\u0131 ve halqqa \u00f6z Vatan\u0131nda inki\u015faf etmesine kefillik bermesinen belgilenecegine \u00fcm\u00fct ete&#8221;, &#8211; denile Meclisni\u00f1 muracaat\u0131nda.<\/p>\n\n\n\n<figure class=\"wp-block-image size-full\"><img loading=\"lazy\" decoding=\"async\" width=\"650\" height=\"301\" src=\"http:\/\/qtmm.org\/wp-content\/uploads\/2022\/01\/img_0523.jpeg\" alt=\"\" class=\"wp-image-39580\" srcset=\"https:\/\/qtmm.org\/wp-content\/uploads\/2022\/01\/img_0523.jpeg 650w, https:\/\/qtmm.org\/wp-content\/uploads\/2022\/01\/img_0523-300x139.jpeg 300w\" sizes=\"auto, (max-width: 650px) 100vw, 650px\" \/><\/figure>\n\n\n\n<p>Bundan da \u011fayr\u0131, topla\u015fuvda \u00e7\u0131q\u0131\u015fta bulun\u011fan Meclis K\u00e2tibiyetini\u00f1 ba\u015f\u0131 Zair Smedl\u00e2yev \u015fun\u0131 haber etti ki, okt\u00e2br 7-ge ke\u00e7er gecesi Gasprada 30 q\u0131r\u0131mtatar qorantas\u0131 ya\u015fa\u011fan eV yand\u0131. Qaza y\u00fcz bergen yerde Meclis azas\u0131, Yalta \u015feer \u015furas\u0131 milletlerara munasebetler ve migratsiya b\u00f6l\u00fcgini\u00f1 ba\u015f\u0131 Zaur Smirnov bulun\u0131p, Vefqulade vaziyet h\u0131zmeti hadimlerinen beraber facian\u0131\u00f1 sebebi ve aqibetlerini \u00f6grenmekte.<\/p>\n\n\n\n<figure class=\"wp-block-image size-full\"><img loading=\"lazy\" decoding=\"async\" width=\"650\" height=\"332\" src=\"http:\/\/qtmm.org\/wp-content\/uploads\/2022\/01\/img_0497.jpeg\" alt=\"\" class=\"wp-image-39584\" srcset=\"https:\/\/qtmm.org\/wp-content\/uploads\/2022\/01\/img_0497.jpeg 650w, https:\/\/qtmm.org\/wp-content\/uploads\/2022\/01\/img_0497-300x153.jpeg 300w\" sizes=\"auto, (max-width: 650px) 100vw, 650px\" \/><\/figure>\n\n\n\n<p>&#8220;\u00dc\u00e7 qatl\u0131 eV gecesi yand\u0131. Ate\u015f insanlarn\u0131 meskensiz qald\u0131rd\u0131, evni\u00f1 dam\u0131n\u0131 yoq etti, &#8211; dedi Smedl\u00e2yev. \u2013 Bahtqa qar\u015f\u0131, i\u00e7 bir insan el\u00e2k olmad\u0131, amma evni\u00f1 sakinleri soqaqta i\u00e7 bir \u015feysiz qald\u0131lar&#8221;. Meclis K\u00e2tibiyetini\u00f1 ba\u015f\u0131 Meclis azalar\u0131ndan \u00e7are-imk\u00e2nlar\u0131na k\u00f6re yan\u011f\u0131ndan zararlan\u011fan semetde\u015flerimizge yard\u0131m bermelerini rica etti.<\/p>\n\n\n\n<p>\u00d6z nevbetinde Meclis azalar\u0131 yan\u011f\u0131ndan zarar k\u00f6rgen insanlar\u011fa yard\u0131m bermege az\u0131rl\u0131qlar\u0131n\u0131 tasdiqlad\u0131lar.<\/p>\n\n\n\n<figure class=\"wp-block-image size-full\"><img loading=\"lazy\" decoding=\"async\" width=\"650\" height=\"293\" src=\"http:\/\/qtmm.org\/wp-content\/uploads\/2022\/01\/img_0492.jpeg\" alt=\"\" class=\"wp-image-39588\" srcset=\"https:\/\/qtmm.org\/wp-content\/uploads\/2022\/01\/img_0492.jpeg 650w, https:\/\/qtmm.org\/wp-content\/uploads\/2022\/01\/img_0492-300x135.jpeg 300w\" sizes=\"auto, (max-width: 650px) 100vw, 650px\" \/><\/figure>\n","protected":false},"excerpt":{"rendered":"<p>Topla\u015fuvn\u0131\u00f1 k\u00fcn tertibine VI \u00e7a\u011f\u0131r\u0131l\u0131\u015f Qurultay\u0131 k\u00fcn tertibine kirsetilecek meseleler qobl\u0131p, Meclis azalar\u0131 Qurultay 1-nci otur\u0131m\u0131 k\u00fcn tertibini\u00f1 ve otur\u0131mn\u0131 al\u0131p barmaqn\u0131\u00f1 tahminiy tertibi leyhalar\u0131n\u0131 muzakere ettiler. Meclis K\u00e2tibiyeti az\u0131rla\u011fan dokument leyhalarn\u0131\u00f1 muzakeresinden so\u00f1ra Meclis azalar\u0131 Q\u0131r\u0131mtatar halq\u0131 VI \u00e7a\u011f\u0131r\u0131l\u0131\u015f Qurultay\u0131 k\u00fcn tertibini\u00f1 leyhas\u0131n\u0131 tasdiqlap, Te\u015fkiliy komitetke \u00f6z\u00fcni\u00f1 nevbetteki topla\u015fuv\u0131nda 1-nci otur\u0131mn\u0131 al\u0131p barmaqn\u0131\u00f1 tahminiy [&hellip;]<\/p>\n","protected":false},"author":1,"featured_media":0,"comment_status":"open","ping_status":"open","sticky":false,"template":"","format":"standard","meta":{"inline_featured_image":false,"footnotes":""},"categories":[265],"tags":[],"class_list":["post-39571","post","type-post","status-publish","format-standard","hentry","category-haberler"],"acf":[],"yoast_head":"<!-- This site is optimized with the Yoast SEO plugin v27.4 - https:\/\/yoast.com\/product\/yoast-seo-wordpress\/ -->\n<title>2013 senesi okt\u00e2br 7 k\u00fcn\u00fc Meclisni\u00f1 topla\u015fuv\u0131 ol\u0131p ke\u00e7ti - \u041c\u0435\u0434\u0436\u043b\u0456\u0441<\/title>\n<meta name=\"robots\" content=\"index, follow, max-snippet:-1, max-image-preview:large, max-video-preview:-1\" \/>\n<link rel=\"canonical\" href=\"https:\/\/qtmm.org\/qt\/2013-senesi-oktabr-7-kunu-meclisnin-toplasuvi-olip-kecti\/\" \/>\n<meta property=\"og:locale\" content=\"en_US\" \/>\n<meta property=\"og:type\" content=\"article\" \/>\n<meta property=\"og:title\" content=\"2013 senesi okt\u00e2br 7 k\u00fcn\u00fc Meclisni\u00f1 topla\u015fuv\u0131 ol\u0131p ke\u00e7ti - \u041c\u0435\u0434\u0436\u043b\u0456\u0441\" \/>\n<meta property=\"og:description\" content=\"Topla\u015fuvn\u0131\u00f1 k\u00fcn tertibine VI \u00e7a\u011f\u0131r\u0131l\u0131\u015f Qurultay\u0131 k\u00fcn tertibine kirsetilecek meseleler qobl\u0131p, Meclis azalar\u0131 Qurultay 1-nci otur\u0131m\u0131 k\u00fcn tertibini\u00f1 ve otur\u0131mn\u0131 al\u0131p barmaqn\u0131\u00f1 tahminiy tertibi leyhalar\u0131n\u0131 muzakere ettiler. Meclis K\u00e2tibiyeti az\u0131rla\u011fan dokument leyhalarn\u0131\u00f1 muzakeresinden so\u00f1ra Meclis azalar\u0131 Q\u0131r\u0131mtatar halq\u0131 VI \u00e7a\u011f\u0131r\u0131l\u0131\u015f Qurultay\u0131 k\u00fcn tertibini\u00f1 leyhas\u0131n\u0131 tasdiqlap, Te\u015fkiliy komitetke \u00f6z\u00fcni\u00f1 nevbetteki topla\u015fuv\u0131nda 1-nci otur\u0131mn\u0131 al\u0131p barmaqn\u0131\u00f1 tahminiy [&hellip;]\" \/>\n<meta property=\"og:url\" content=\"https:\/\/qtmm.org\/qt\/2013-senesi-oktabr-7-kunu-meclisnin-toplasuvi-olip-kecti\/\" \/>\n<meta property=\"og:site_name\" content=\"\u041c\u0435\u0434\u0436\u043b\u0456\u0441\" \/>\n<meta property=\"article:publisher\" content=\"https:\/\/www.facebook.com\/qtmm.info\/\" \/>\n<meta property=\"article:published_time\" content=\"2013-10-07T16:20:00+00:00\" \/>\n<meta property=\"article:modified_time\" content=\"2022-01-25T16:24:11+00:00\" \/>\n<meta property=\"og:image\" content=\"https:\/\/qtmm.org\/wp-content\/uploads\/2022\/01\/img_0486.jpeg\" \/>\n\t<meta property=\"og:image:width\" content=\"650\" \/>\n\t<meta property=\"og:image:height\" content=\"321\" \/>\n\t<meta property=\"og:image:type\" content=\"image\/jpeg\" \/>\n<meta name=\"author\" content=\"Developer\" \/>\n<meta name=\"twitter:card\" content=\"summary_large_image\" \/>\n<meta name=\"twitter:label1\" content=\"Written by\" \/>\n\t<meta name=\"twitter:data1\" content=\"Developer\" \/>\n\t<meta name=\"twitter:label2\" content=\"Est. reading time\" \/>\n\t<meta name=\"twitter:data2\" content=\"2 minutes\" \/>\n<script type=\"application\/ld+json\" class=\"yoast-schema-graph\">{\"@context\":\"https:\\\/\\\/schema.org\",\"@graph\":[{\"@type\":\"Article\",\"@id\":\"https:\\\/\\\/qtmm.org\\\/qt\\\/2013-senesi-oktabr-7-kunu-meclisnin-toplasuvi-olip-kecti\\\/#article\",\"isPartOf\":{\"@id\":\"https:\\\/\\\/qtmm.org\\\/qt\\\/2013-senesi-oktabr-7-kunu-meclisnin-toplasuvi-olip-kecti\\\/\"},\"author\":{\"name\":\"Developer\",\"@id\":\"https:\\\/\\\/qtmm.org\\\/qt\\\/#\\\/schema\\\/person\\\/de562469f971dec226ac06e60bbf74a7\"},\"headline\":\"2013 senesi okt\u00e2br 7 k\u00fcn\u00fc Meclisni\u00f1 topla\u015fuv\u0131 ol\u0131p ke\u00e7ti\",\"datePublished\":\"2013-10-07T16:20:00+00:00\",\"dateModified\":\"2022-01-25T16:24:11+00:00\",\"mainEntityOfPage\":{\"@id\":\"https:\\\/\\\/qtmm.org\\\/qt\\\/2013-senesi-oktabr-7-kunu-meclisnin-toplasuvi-olip-kecti\\\/\"},\"wordCount\":367,\"commentCount\":0,\"publisher\":{\"@id\":\"https:\\\/\\\/qtmm.org\\\/qt\\\/#organization\"},\"image\":{\"@id\":\"https:\\\/\\\/qtmm.org\\\/qt\\\/2013-senesi-oktabr-7-kunu-meclisnin-toplasuvi-olip-kecti\\\/#primaryimage\"},\"thumbnailUrl\":\"http:\\\/\\\/qtmm.org\\\/wp-content\\\/uploads\\\/2022\\\/01\\\/img_0486.jpeg\",\"articleSection\":[\"Haberler\"],\"inLanguage\":\"qt\",\"potentialAction\":[{\"@type\":\"CommentAction\",\"name\":\"Comment\",\"target\":[\"https:\\\/\\\/qtmm.org\\\/qt\\\/2013-senesi-oktabr-7-kunu-meclisnin-toplasuvi-olip-kecti\\\/#respond\"]}]},{\"@type\":\"WebPage\",\"@id\":\"https:\\\/\\\/qtmm.org\\\/qt\\\/2013-senesi-oktabr-7-kunu-meclisnin-toplasuvi-olip-kecti\\\/\",\"url\":\"https:\\\/\\\/qtmm.org\\\/qt\\\/2013-senesi-oktabr-7-kunu-meclisnin-toplasuvi-olip-kecti\\\/\",\"name\":\"2013 senesi okt\u00e2br 7 k\u00fcn\u00fc Meclisni\u00f1 topla\u015fuv\u0131 ol\u0131p ke\u00e7ti - \u041c\u0435\u0434\u0436\u043b\u0456\u0441\",\"isPartOf\":{\"@id\":\"https:\\\/\\\/qtmm.org\\\/qt\\\/#website\"},\"primaryImageOfPage\":{\"@id\":\"https:\\\/\\\/qtmm.org\\\/qt\\\/2013-senesi-oktabr-7-kunu-meclisnin-toplasuvi-olip-kecti\\\/#primaryimage\"},\"image\":{\"@id\":\"https:\\\/\\\/qtmm.org\\\/qt\\\/2013-senesi-oktabr-7-kunu-meclisnin-toplasuvi-olip-kecti\\\/#primaryimage\"},\"thumbnailUrl\":\"http:\\\/\\\/qtmm.org\\\/wp-content\\\/uploads\\\/2022\\\/01\\\/img_0486.jpeg\",\"datePublished\":\"2013-10-07T16:20:00+00:00\",\"dateModified\":\"2022-01-25T16:24:11+00:00\",\"breadcrumb\":{\"@id\":\"https:\\\/\\\/qtmm.org\\\/qt\\\/2013-senesi-oktabr-7-kunu-meclisnin-toplasuvi-olip-kecti\\\/#breadcrumb\"},\"inLanguage\":\"qt\",\"potentialAction\":[{\"@type\":\"ReadAction\",\"target\":[\"https:\\\/\\\/qtmm.org\\\/qt\\\/2013-senesi-oktabr-7-kunu-meclisnin-toplasuvi-olip-kecti\\\/\"]}]},{\"@type\":\"ImageObject\",\"inLanguage\":\"qt\",\"@id\":\"https:\\\/\\\/qtmm.org\\\/qt\\\/2013-senesi-oktabr-7-kunu-meclisnin-toplasuvi-olip-kecti\\\/#primaryimage\",\"url\":\"http:\\\/\\\/qtmm.org\\\/wp-content\\\/uploads\\\/2022\\\/01\\\/img_0486.jpeg\",\"contentUrl\":\"http:\\\/\\\/qtmm.org\\\/wp-content\\\/uploads\\\/2022\\\/01\\\/img_0486.jpeg\"},{\"@type\":\"BreadcrumbList\",\"@id\":\"https:\\\/\\\/qtmm.org\\\/qt\\\/2013-senesi-oktabr-7-kunu-meclisnin-toplasuvi-olip-kecti\\\/#breadcrumb\",\"itemListElement\":[{\"@type\":\"ListItem\",\"position\":1,\"name\":\"\u0413\u043e\u043b\u043e\u0432\u043d\u0430\",\"item\":\"https:\\\/\\\/qtmm.org\\\/qt\\\/\"},{\"@type\":\"ListItem\",\"position\":2,\"name\":\"2013 senesi okt\u00e2br 7 k\u00fcn\u00fc Meclisni\u00f1 topla\u015fuv\u0131 ol\u0131p ke\u00e7ti\"}]},{\"@type\":\"WebSite\",\"@id\":\"https:\\\/\\\/qtmm.org\\\/qt\\\/#website\",\"url\":\"https:\\\/\\\/qtmm.org\\\/qt\\\/\",\"name\":\"\u041c\u0435\u0434\u0436\u043b\u0456\u0441\",\"description\":\"\",\"publisher\":{\"@id\":\"https:\\\/\\\/qtmm.org\\\/qt\\\/#organization\"},\"potentialAction\":[{\"@type\":\"SearchAction\",\"target\":{\"@type\":\"EntryPoint\",\"urlTemplate\":\"https:\\\/\\\/qtmm.org\\\/qt\\\/?s={search_term_string}\"},\"query-input\":{\"@type\":\"PropertyValueSpecification\",\"valueRequired\":true,\"valueName\":\"search_term_string\"}}],\"inLanguage\":\"qt\"},{\"@type\":\"Organization\",\"@id\":\"https:\\\/\\\/qtmm.org\\\/qt\\\/#organization\",\"name\":\"\u041c\u0435\u0434\u0436\u043b\u0456\u0441\",\"url\":\"https:\\\/\\\/qtmm.org\\\/qt\\\/\",\"logo\":{\"@type\":\"ImageObject\",\"inLanguage\":\"qt\",\"@id\":\"https:\\\/\\\/qtmm.org\\\/qt\\\/#\\\/schema\\\/logo\\\/image\\\/\",\"url\":\"https:\\\/\\\/qtmm.org\\\/wp-content\\\/uploads\\\/2024\\\/12\\\/ua-mejlis-logo-rgb.svg\",\"contentUrl\":\"https:\\\/\\\/qtmm.org\\\/wp-content\\\/uploads\\\/2024\\\/12\\\/ua-mejlis-logo-rgb.svg\",\"caption\":\"\u041c\u0435\u0434\u0436\u043b\u0456\u0441\"},\"image\":{\"@id\":\"https:\\\/\\\/qtmm.org\\\/qt\\\/#\\\/schema\\\/logo\\\/image\\\/\"},\"sameAs\":[\"https:\\\/\\\/www.facebook.com\\\/qtmm.info\\\/\"]},{\"@type\":\"Person\",\"@id\":\"https:\\\/\\\/qtmm.org\\\/qt\\\/#\\\/schema\\\/person\\\/de562469f971dec226ac06e60bbf74a7\",\"name\":\"Developer\",\"image\":{\"@type\":\"ImageObject\",\"inLanguage\":\"qt\",\"@id\":\"https:\\\/\\\/secure.gravatar.com\\\/avatar\\\/392b4cc8fbfeb00b39dfeeab4ee6edded39ffd48e25858637e4765810300227e?s=96&d=mm&r=g\",\"url\":\"https:\\\/\\\/secure.gravatar.com\\\/avatar\\\/392b4cc8fbfeb00b39dfeeab4ee6edded39ffd48e25858637e4765810300227e?s=96&d=mm&r=g\",\"contentUrl\":\"https:\\\/\\\/secure.gravatar.com\\\/avatar\\\/392b4cc8fbfeb00b39dfeeab4ee6edded39ffd48e25858637e4765810300227e?s=96&d=mm&r=g\",\"caption\":\"Developer\"},\"url\":\"https:\\\/\\\/qtmm.org\\\/qt\\\/author\\\/Developer\\\/\"}]}<\/script>\n<!-- \/ Yoast SEO plugin. -->","yoast_head_json":{"title":"2013 senesi okt\u00e2br 7 k\u00fcn\u00fc Meclisni\u00f1 topla\u015fuv\u0131 ol\u0131p ke\u00e7ti - \u041c\u0435\u0434\u0436\u043b\u0456\u0441","robots":{"index":"index","follow":"follow","max-snippet":"max-snippet:-1","max-image-preview":"max-image-preview:large","max-video-preview":"max-video-preview:-1"},"canonical":"https:\/\/qtmm.org\/qt\/2013-senesi-oktabr-7-kunu-meclisnin-toplasuvi-olip-kecti\/","og_locale":"en_US","og_type":"article","og_title":"2013 senesi okt\u00e2br 7 k\u00fcn\u00fc Meclisni\u00f1 topla\u015fuv\u0131 ol\u0131p ke\u00e7ti - \u041c\u0435\u0434\u0436\u043b\u0456\u0441","og_description":"Topla\u015fuvn\u0131\u00f1 k\u00fcn tertibine VI \u00e7a\u011f\u0131r\u0131l\u0131\u015f Qurultay\u0131 k\u00fcn tertibine kirsetilecek meseleler qobl\u0131p, Meclis azalar\u0131 Qurultay 1-nci otur\u0131m\u0131 k\u00fcn tertibini\u00f1 ve otur\u0131mn\u0131 al\u0131p barmaqn\u0131\u00f1 tahminiy tertibi leyhalar\u0131n\u0131 muzakere ettiler. Meclis K\u00e2tibiyeti az\u0131rla\u011fan dokument leyhalarn\u0131\u00f1 muzakeresinden so\u00f1ra Meclis azalar\u0131 Q\u0131r\u0131mtatar halq\u0131 VI \u00e7a\u011f\u0131r\u0131l\u0131\u015f Qurultay\u0131 k\u00fcn tertibini\u00f1 leyhas\u0131n\u0131 tasdiqlap, Te\u015fkiliy komitetke \u00f6z\u00fcni\u00f1 nevbetteki topla\u015fuv\u0131nda 1-nci otur\u0131mn\u0131 al\u0131p barmaqn\u0131\u00f1 tahminiy [&hellip;]","og_url":"https:\/\/qtmm.org\/qt\/2013-senesi-oktabr-7-kunu-meclisnin-toplasuvi-olip-kecti\/","og_site_name":"\u041c\u0435\u0434\u0436\u043b\u0456\u0441","article_publisher":"https:\/\/www.facebook.com\/qtmm.info\/","article_published_time":"2013-10-07T16:20:00+00:00","article_modified_time":"2022-01-25T16:24:11+00:00","og_image":[{"width":650,"height":321,"url":"https:\/\/qtmm.org\/wp-content\/uploads\/2022\/01\/img_0486.jpeg","type":"image\/jpeg"}],"author":"Developer","twitter_card":"summary_large_image","twitter_misc":{"Written by":"Developer","Est. reading time":"2 minutes"},"schema":{"@context":"https:\/\/schema.org","@graph":[{"@type":"Article","@id":"https:\/\/qtmm.org\/qt\/2013-senesi-oktabr-7-kunu-meclisnin-toplasuvi-olip-kecti\/#article","isPartOf":{"@id":"https:\/\/qtmm.org\/qt\/2013-senesi-oktabr-7-kunu-meclisnin-toplasuvi-olip-kecti\/"},"author":{"name":"Developer","@id":"https:\/\/qtmm.org\/qt\/#\/schema\/person\/de562469f971dec226ac06e60bbf74a7"},"headline":"2013 senesi okt\u00e2br 7 k\u00fcn\u00fc Meclisni\u00f1 topla\u015fuv\u0131 ol\u0131p ke\u00e7ti","datePublished":"2013-10-07T16:20:00+00:00","dateModified":"2022-01-25T16:24:11+00:00","mainEntityOfPage":{"@id":"https:\/\/qtmm.org\/qt\/2013-senesi-oktabr-7-kunu-meclisnin-toplasuvi-olip-kecti\/"},"wordCount":367,"commentCount":0,"publisher":{"@id":"https:\/\/qtmm.org\/qt\/#organization"},"image":{"@id":"https:\/\/qtmm.org\/qt\/2013-senesi-oktabr-7-kunu-meclisnin-toplasuvi-olip-kecti\/#primaryimage"},"thumbnailUrl":"http:\/\/qtmm.org\/wp-content\/uploads\/2022\/01\/img_0486.jpeg","articleSection":["Haberler"],"inLanguage":"qt","potentialAction":[{"@type":"CommentAction","name":"Comment","target":["https:\/\/qtmm.org\/qt\/2013-senesi-oktabr-7-kunu-meclisnin-toplasuvi-olip-kecti\/#respond"]}]},{"@type":"WebPage","@id":"https:\/\/qtmm.org\/qt\/2013-senesi-oktabr-7-kunu-meclisnin-toplasuvi-olip-kecti\/","url":"https:\/\/qtmm.org\/qt\/2013-senesi-oktabr-7-kunu-meclisnin-toplasuvi-olip-kecti\/","name":"2013 senesi okt\u00e2br 7 k\u00fcn\u00fc Meclisni\u00f1 topla\u015fuv\u0131 ol\u0131p ke\u00e7ti - \u041c\u0435\u0434\u0436\u043b\u0456\u0441","isPartOf":{"@id":"https:\/\/qtmm.org\/qt\/#website"},"primaryImageOfPage":{"@id":"https:\/\/qtmm.org\/qt\/2013-senesi-oktabr-7-kunu-meclisnin-toplasuvi-olip-kecti\/#primaryimage"},"image":{"@id":"https:\/\/qtmm.org\/qt\/2013-senesi-oktabr-7-kunu-meclisnin-toplasuvi-olip-kecti\/#primaryimage"},"thumbnailUrl":"http:\/\/qtmm.org\/wp-content\/uploads\/2022\/01\/img_0486.jpeg","datePublished":"2013-10-07T16:20:00+00:00","dateModified":"2022-01-25T16:24:11+00:00","breadcrumb":{"@id":"https:\/\/qtmm.org\/qt\/2013-senesi-oktabr-7-kunu-meclisnin-toplasuvi-olip-kecti\/#breadcrumb"},"inLanguage":"qt","potentialAction":[{"@type":"ReadAction","target":["https:\/\/qtmm.org\/qt\/2013-senesi-oktabr-7-kunu-meclisnin-toplasuvi-olip-kecti\/"]}]},{"@type":"ImageObject","inLanguage":"qt","@id":"https:\/\/qtmm.org\/qt\/2013-senesi-oktabr-7-kunu-meclisnin-toplasuvi-olip-kecti\/#primaryimage","url":"http:\/\/qtmm.org\/wp-content\/uploads\/2022\/01\/img_0486.jpeg","contentUrl":"http:\/\/qtmm.org\/wp-content\/uploads\/2022\/01\/img_0486.jpeg"},{"@type":"BreadcrumbList","@id":"https:\/\/qtmm.org\/qt\/2013-senesi-oktabr-7-kunu-meclisnin-toplasuvi-olip-kecti\/#breadcrumb","itemListElement":[{"@type":"ListItem","position":1,"name":"\u0413\u043e\u043b\u043e\u0432\u043d\u0430","item":"https:\/\/qtmm.org\/qt\/"},{"@type":"ListItem","position":2,"name":"2013 senesi okt\u00e2br 7 k\u00fcn\u00fc Meclisni\u00f1 topla\u015fuv\u0131 ol\u0131p ke\u00e7ti"}]},{"@type":"WebSite","@id":"https:\/\/qtmm.org\/qt\/#website","url":"https:\/\/qtmm.org\/qt\/","name":"\u041c\u0435\u0434\u0436\u043b\u0456\u0441","description":"","publisher":{"@id":"https:\/\/qtmm.org\/qt\/#organization"},"potentialAction":[{"@type":"SearchAction","target":{"@type":"EntryPoint","urlTemplate":"https:\/\/qtmm.org\/qt\/?s={search_term_string}"},"query-input":{"@type":"PropertyValueSpecification","valueRequired":true,"valueName":"search_term_string"}}],"inLanguage":"qt"},{"@type":"Organization","@id":"https:\/\/qtmm.org\/qt\/#organization","name":"\u041c\u0435\u0434\u0436\u043b\u0456\u0441","url":"https:\/\/qtmm.org\/qt\/","logo":{"@type":"ImageObject","inLanguage":"qt","@id":"https:\/\/qtmm.org\/qt\/#\/schema\/logo\/image\/","url":"https:\/\/qtmm.org\/wp-content\/uploads\/2024\/12\/ua-mejlis-logo-rgb.svg","contentUrl":"https:\/\/qtmm.org\/wp-content\/uploads\/2024\/12\/ua-mejlis-logo-rgb.svg","caption":"\u041c\u0435\u0434\u0436\u043b\u0456\u0441"},"image":{"@id":"https:\/\/qtmm.org\/qt\/#\/schema\/logo\/image\/"},"sameAs":["https:\/\/www.facebook.com\/qtmm.info\/"]},{"@type":"Person","@id":"https:\/\/qtmm.org\/qt\/#\/schema\/person\/de562469f971dec226ac06e60bbf74a7","name":"Developer","image":{"@type":"ImageObject","inLanguage":"qt","@id":"https:\/\/secure.gravatar.com\/avatar\/392b4cc8fbfeb00b39dfeeab4ee6edded39ffd48e25858637e4765810300227e?s=96&d=mm&r=g","url":"https:\/\/secure.gravatar.com\/avatar\/392b4cc8fbfeb00b39dfeeab4ee6edded39ffd48e25858637e4765810300227e?s=96&d=mm&r=g","contentUrl":"https:\/\/secure.gravatar.com\/avatar\/392b4cc8fbfeb00b39dfeeab4ee6edded39ffd48e25858637e4765810300227e?s=96&d=mm&r=g","caption":"Developer"},"url":"https:\/\/qtmm.org\/qt\/author\/Developer\/"}]}},"_links":{"self":[{"href":"https:\/\/qtmm.org\/qt\/wp-json\/wp\/v2\/posts\/39571","targetHints":{"allow":["GET"]}}],"collection":[{"href":"https:\/\/qtmm.org\/qt\/wp-json\/wp\/v2\/posts"}],"about":[{"href":"https:\/\/qtmm.org\/qt\/wp-json\/wp\/v2\/types\/post"}],"author":[{"embeddable":true,"href":"https:\/\/qtmm.org\/qt\/wp-json\/wp\/v2\/users\/1"}],"replies":[{"embeddable":true,"href":"https:\/\/qtmm.org\/qt\/wp-json\/wp\/v2\/comments?post=39571"}],"version-history":[{"count":1,"href":"https:\/\/qtmm.org\/qt\/wp-json\/wp\/v2\/posts\/39571\/revisions"}],"predecessor-version":[{"id":39592,"href":"https:\/\/qtmm.org\/qt\/wp-json\/wp\/v2\/posts\/39571\/revisions\/39592"}],"wp:attachment":[{"href":"https:\/\/qtmm.org\/qt\/wp-json\/wp\/v2\/media?parent=39571"}],"wp:term":[{"taxonomy":"category","embeddable":true,"href":"https:\/\/qtmm.org\/qt\/wp-json\/wp\/v2\/categories?post=39571"},{"taxonomy":"post_tag","embeddable":true,"href":"https:\/\/qtmm.org\/qt\/wp-json\/wp\/v2\/tags?post=39571"}],"curies":[{"name":"wp","href":"https:\/\/api.w.org\/{rel}","templated":true}]}}