




{"id":39569,"date":"2013-10-07T18:26:00","date_gmt":"2013-10-07T15:26:00","guid":{"rendered":"http:\/\/qtmm.org\/?p=39569"},"modified":"2022-01-25T18:26:52","modified_gmt":"2022-01-25T15:26:52","slug":"qirimtatar-halqinin-aqlarini-gayridan-tiklev-boyunca-halqara-forumga-azirliq-ketisati-aqqinda-meclis-beyanati","status":"publish","type":"post","link":"https:\/\/qtmm.org\/qt\/qirimtatar-halqinin-aqlarini-gayridan-tiklev-boyunca-halqara-forumga-azirliq-ketisati-aqqinda-meclis-beyanati\/","title":{"rendered":"Q\u0131r\u0131mtatar halq\u0131n\u0131\u00f1 aqlar\u0131n\u0131 \u011fayr\u0131dan tiklev boyunca halqara forum\u011fa az\u0131rl\u0131q keti\u015fat\u0131 aqq\u0131nda Meclis beyanat\u0131"},"content":{"rendered":"\n<p class=\"has-text-align-center\"><strong>QIRIMTATAR HALQI MECL\u0130S\u0130N\u0130\u00d1 BEYANATI<\/strong><\/p>\n\n\n\n<p><br>2013 senesi sent\u00e2br 19 k\u00fcn\u00fc Aqmescitte Avropa Birligini\u00f1 keni\u015flet\u00fcv ve Avropa qom\u015fuc\u0131l\u0131q siyaseti boyunca komissar\u0131 \u015etefan F\u00fcle OSCEni\u00f1 \u015fimdiki reisi \u2014 Ukraina t\u0131\u015fq\u0131 i\u015fler naziri, Meclis yolba\u015f\u00e7\u0131lar\u0131 ve azalar\u0131, OSCEni\u00f1 milliy azl\u0131qlar i\u015fleri boyunca aliy komissar\u0131, bir s\u0131ra q\u0131r\u0131mtatar cemaat te\u015fkil\u00e2tlar\u0131 ve Q\u0131r\u0131m Ba\u015f naziri ile k\u00f6r\u00fc\u015f\u00fcvi ol\u0131p ke\u00e7ti.<\/p>\n\n\n\n<p>Dialog i\u015ftirak\u00e7ileri SSSR devrinde Q\u0131r\u0131mdan s\u00fcrg\u00fcn etilgen q\u0131r\u0131mtatar halq\u0131 ve diger millet vekillerini\u00f1 aqlar\u0131n\u0131 \u011fayr\u0131dan tiklev boyunca siyasiy ceryann\u0131 ba\u015flamaq yollar\u0131n\u0131 muzakere ettiler. \u015eun\u0131 qayd etmeli ki, Meclisni\u00f1 ta 2009 senesi il\u00e2n etilgen Q\u0131r\u0131mtatar halq\u0131 aqlar\u0131n\u0131 \u011fayr\u0131dan tiklev boyunca halqara forumn\u0131 ke\u00e7ir\u00fcv \u011fayesi Avropa Birligi Aliy komissar\u0131nen k\u00f6r\u00fc\u015f\u00fcvde a\u00e7\u0131qtan-a\u00e7\u0131q maqullendi. Aqmescitte ol\u0131p ke\u00e7ken k\u00f6r\u00fc\u015f\u00fcvden so\u00f1 sent\u00e2br 26-da Br\u00fcsselde Avropa parlamenti insan aqlar\u0131 komitet b\u00f6l\u00fcgini\u00f1 &#8220;\u0130nsan aqlar\u0131nen ba\u011fl\u0131 vaziyet: q\u0131r\u0131mtatarlar&#8221;. Topla\u015fuv vaqt\u0131nda Avropa parlamenti deputatlar\u0131 ve diger i\u015ftirak\u00e7ileri (EEAS) Avropa t\u0131\u015fq\u0131 al\u00e2qalar h\u0131zmeti \u015etefan F\u00fcleni\u00f1 Aqmescitte ke\u00e7irgen k\u00f6r\u00fc\u015f\u00fcvini\u00f1 neticeleri aqq\u0131nda mal\u00fcmatn\u0131 di\u00f1lediler ve maqullediler.<\/p>\n\n\n\n<p>Ayn\u0131 zamanda Avropa parlamenti deputatlar\u0131 q\u0131r\u0131mtatar halq\u0131 aqlar\u0131n\u0131\u00f1 \u011fayr\u0131dan tiklen\u00fcv meselesini\u00f1 \u00e7ezimi ep keri \u00e7ekilgeninen tel\u00e2\u015flar\u0131n\u0131 bildirip, Q\u0131r\u0131mtatar halq\u0131 aqlar\u0131n\u0131 \u011fayr\u0131dan tiklev boyunca halqara forumn\u0131 2014 senesi mart-aprel aylar\u0131ndan ke\u00e7iktirilmeden \u00f6tker\u00fcv zarurl\u0131\u011f\u0131na diqqatn\u0131 celp ettiler.<br>B\u00f6yleliknen Q\u0131r\u0131mtatar halq\u0131 aqlar\u0131n\u0131 \u011fayr\u0131dan tiklev boyunca halqara forumn\u0131 ke\u00e7ir\u00fcv \u011fayesi Meclisni\u00f1 faal areketleri ve Avropa parlamenti deputatlar\u0131n\u0131\u00f1, Avropa Ke\u00f1e\u015fi, BMT, OSCE, Ukrainada akkreditatsiya etilgen diplomatik korpus, Avropa Birligini\u00f1 devletleri, Amerika, Kanada ve T\u00fcrkiyeni\u00f1, ukrain siyaset\u00e7ilerini\u00f1 qoltutuv\u0131 sayesinde ker\u00e7ekle\u015fmekte ve q\u0131r\u0131mtatar halq\u0131n\u0131\u00f1 Q\u0131r\u0131mdan s\u00fcrg\u00fcn etilgenini\u00f1 70 y\u0131ll\u0131\u011f\u0131 arfesinde ke\u00e7irilebilir.<\/p>\n\n\n\n<p>Q\u0131r\u0131mtatar halq\u0131n\u0131\u00f1 Meclisi Avropa Parlamenti deputatlar\u0131 ve institutlar\u0131na, Avropa Ke\u00f1e\u015fi, OSCE, Avropa Birligini\u00f1 keni\u015flet\u00fcv ve Avropa qom\u015fuc\u0131l\u0131q siyaseti boyunca komissar\u0131, Avropa Ke\u00f1e\u015fini\u00f1 Ukrainadaki temsilciligini\u00f1 hadimlerine, OSCE milliy azl\u0131qlar boyunca aliy komissar\u0131na Ukraina\u011fa ve q\u0131r\u0131mtatar halq\u0131na SSSR kommunist rejimi taraf\u0131ndan yap\u0131l\u011fan soyq\u0131r\u0131mn\u0131\u00f1 aqibetlerini yoq et\u00fcvde k\u00f6stergen yard\u0131mlar\u0131 i\u00e7\u00fcn te\u015fekk\u00fcr bildire. Meclis Avropa Birligi Komissar\u0131n\u0131\u00f1 keni\u015flet\u00fcv ve Avropa qom\u015fuc\u0131l\u0131q siyaseti boyunca q\u0131r\u0131mtatar halq\u0131n\u0131\u00f1 aqlar\u0131n\u0131 \u011fayr\u0131dan tiklev ve yerle\u015ftir\u00fcvge dair meselelerde b\u00fct\u00fcn menfaatdar taraflarn\u0131\u00f1 daimiy dialogda bulunmalar\u0131 l\u00e2zim degen fikirine qoltuta.<\/p>\n\n\n\n<p>Q\u0131r\u0131mtatar cemiyetinde b\u00f6yle dialog milliy idare organlar\u0131 \u2014 Qurultay ve Meclisni\u00f1 yerli ve regional meclisler, cemaat te\u015fkil\u00e2tlar\u0131, maalliy \u015furalar\u011fa se\u00e7ilgen q\u0131r\u0131mtatar deputatlar\u0131nen s\u0131q\u0131 \u00e7al\u0131\u015fqan\u0131nen teminlene.<\/p>\n\n\n\n<p>Ayn\u0131 vaq\u0131tta devlet akimiyeti merkeziy ve yerli organlar\u0131n\u0131\u00f1 q\u0131r\u0131mtatar halq\u0131nen munasebetlerine kesen-kes de\u00f1i\u015fmeler kirsetip, bu de\u00f1i\u015fme esas\u0131nda akimiyet ve halq taraf\u0131ndan saylan\u011fan vekiller aras\u0131ndaki real dialog olmal\u0131.<br><br>Q\u0131r\u0131mtatar halq\u0131n\u0131\u00f1 Meclisi Ukrainan\u0131\u00f1 Avropa\u011fa qat\u0131luv kurs\u0131na qoltut\u0131p, noyabr 28-29 k\u00fcnleri Viln\u00fcste &#8220;\u015earq ortaql\u0131\u011f\u0131&#8221; sammitinde Avropa Birligi ile birle\u015fme qurmaq a\u00f1la\u015fmas\u0131n\u0131\u00f1 imzalanmas\u0131na qanuniy bazan\u0131 az\u0131rlav o\u011frunda Ukraina Prezidenti ve muhalifetni\u00f1 birlikteki areketlerine qoltuta.<\/p>\n\n\n\n<p>Q\u0131r\u0131mtatar halq\u0131n\u0131\u00f1 Meclisi Ukraina devletini\u00f1 basq\u0131\u00e7-basq\u0131\u00e7 inki\u015faf\u0131nda 2014 senesi m\u00fcim y\u0131l olaca\u011f\u0131na, Ukrainan\u0131\u00f1 b\u00fcy\u00fck Avropa inki\u015faf\u0131na c\u00fcmleden q\u0131r\u0131mtatar halq\u0131n\u0131\u00f1 aqlar\u0131n\u0131 tiklep ba\u015fla\u011fan\u0131 ve on\u0131\u00f1 \u00f6z Vatan\u0131nda qor\u00e7alanmas\u0131 ve inki\u015faf\u0131na kefilliginen isse qo\u015faca\u011f\u0131na \u00fcm\u00fct ete.<\/p>\n","protected":false},"excerpt":{"rendered":"<p>QIRIMTATAR HALQI MECL\u0130S\u0130N\u0130\u00d1 BEYANATI 2013 senesi sent\u00e2br 19 k\u00fcn\u00fc Aqmescitte Avropa Birligini\u00f1 keni\u015flet\u00fcv ve Avropa qom\u015fuc\u0131l\u0131q siyaseti boyunca komissar\u0131 \u015etefan F\u00fcle OSCEni\u00f1 \u015fimdiki reisi \u2014 Ukraina t\u0131\u015fq\u0131 i\u015fler naziri, Meclis yolba\u015f\u00e7\u0131lar\u0131 ve azalar\u0131, OSCEni\u00f1 milliy azl\u0131qlar i\u015fleri boyunca aliy komissar\u0131, bir s\u0131ra q\u0131r\u0131mtatar cemaat te\u015fkil\u00e2tlar\u0131 ve Q\u0131r\u0131m Ba\u015f naziri ile k\u00f6r\u00fc\u015f\u00fcvi ol\u0131p ke\u00e7ti. Dialog i\u015ftirak\u00e7ileri [&hellip;]<\/p>\n","protected":false},"author":1,"featured_media":0,"comment_status":"open","ping_status":"open","sticky":false,"template":"","format":"standard","meta":{"inline_featured_image":false,"footnotes":""},"categories":[265],"tags":[],"class_list":["post-39569","post","type-post","status-publish","format-standard","hentry","category-haberler"],"acf":[],"yoast_head":"<!-- This site is optimized with the Yoast SEO plugin v27.4 - https:\/\/yoast.com\/product\/yoast-seo-wordpress\/ -->\n<title>Q\u0131r\u0131mtatar halq\u0131n\u0131\u00f1 aqlar\u0131n\u0131 \u011fayr\u0131dan tiklev boyunca halqara forum\u011fa az\u0131rl\u0131q keti\u015fat\u0131 aqq\u0131nda Meclis beyanat\u0131 - \u041c\u0435\u0434\u0436\u043b\u0456\u0441<\/title>\n<meta name=\"robots\" content=\"index, follow, max-snippet:-1, max-image-preview:large, max-video-preview:-1\" \/>\n<link rel=\"canonical\" href=\"https:\/\/qtmm.org\/qt\/qirimtatar-halqinin-aqlarini-gayridan-tiklev-boyunca-halqara-forumga-azirliq-ketisati-aqqinda-meclis-beyanati\/\" \/>\n<meta property=\"og:locale\" content=\"en_US\" \/>\n<meta property=\"og:type\" content=\"article\" \/>\n<meta property=\"og:title\" content=\"Q\u0131r\u0131mtatar halq\u0131n\u0131\u00f1 aqlar\u0131n\u0131 \u011fayr\u0131dan tiklev boyunca halqara forum\u011fa az\u0131rl\u0131q keti\u015fat\u0131 aqq\u0131nda Meclis beyanat\u0131 - \u041c\u0435\u0434\u0436\u043b\u0456\u0441\" \/>\n<meta property=\"og:description\" content=\"QIRIMTATAR HALQI MECL\u0130S\u0130N\u0130\u00d1 BEYANATI 2013 senesi sent\u00e2br 19 k\u00fcn\u00fc Aqmescitte Avropa Birligini\u00f1 keni\u015flet\u00fcv ve Avropa qom\u015fuc\u0131l\u0131q siyaseti boyunca komissar\u0131 \u015etefan F\u00fcle OSCEni\u00f1 \u015fimdiki reisi \u2014 Ukraina t\u0131\u015fq\u0131 i\u015fler naziri, Meclis yolba\u015f\u00e7\u0131lar\u0131 ve azalar\u0131, OSCEni\u00f1 milliy azl\u0131qlar i\u015fleri boyunca aliy komissar\u0131, bir s\u0131ra q\u0131r\u0131mtatar cemaat te\u015fkil\u00e2tlar\u0131 ve Q\u0131r\u0131m Ba\u015f naziri ile k\u00f6r\u00fc\u015f\u00fcvi ol\u0131p ke\u00e7ti. Dialog i\u015ftirak\u00e7ileri [&hellip;]\" \/>\n<meta property=\"og:url\" content=\"https:\/\/qtmm.org\/qt\/qirimtatar-halqinin-aqlarini-gayridan-tiklev-boyunca-halqara-forumga-azirliq-ketisati-aqqinda-meclis-beyanati\/\" \/>\n<meta property=\"og:site_name\" content=\"\u041c\u0435\u0434\u0436\u043b\u0456\u0441\" \/>\n<meta property=\"article:publisher\" content=\"https:\/\/www.facebook.com\/qtmm.info\/\" \/>\n<meta property=\"article:published_time\" content=\"2013-10-07T15:26:00+00:00\" \/>\n<meta property=\"article:modified_time\" content=\"2022-01-25T15:26:52+00:00\" \/>\n<meta name=\"author\" content=\"Developer\" \/>\n<meta name=\"twitter:card\" content=\"summary_large_image\" \/>\n<meta name=\"twitter:label1\" content=\"Written by\" \/>\n\t<meta name=\"twitter:data1\" content=\"Developer\" \/>\n\t<meta name=\"twitter:label2\" content=\"Est. reading time\" \/>\n\t<meta name=\"twitter:data2\" content=\"3 minutes\" \/>\n<script type=\"application\/ld+json\" class=\"yoast-schema-graph\">{\"@context\":\"https:\\\/\\\/schema.org\",\"@graph\":[{\"@type\":\"Article\",\"@id\":\"https:\\\/\\\/qtmm.org\\\/qt\\\/qirimtatar-halqinin-aqlarini-gayridan-tiklev-boyunca-halqara-forumga-azirliq-ketisati-aqqinda-meclis-beyanati\\\/#article\",\"isPartOf\":{\"@id\":\"https:\\\/\\\/qtmm.org\\\/qt\\\/qirimtatar-halqinin-aqlarini-gayridan-tiklev-boyunca-halqara-forumga-azirliq-ketisati-aqqinda-meclis-beyanati\\\/\"},\"author\":{\"name\":\"Developer\",\"@id\":\"https:\\\/\\\/qtmm.org\\\/qt\\\/#\\\/schema\\\/person\\\/de562469f971dec226ac06e60bbf74a7\"},\"headline\":\"Q\u0131r\u0131mtatar halq\u0131n\u0131\u00f1 aqlar\u0131n\u0131 \u011fayr\u0131dan tiklev boyunca halqara forum\u011fa az\u0131rl\u0131q keti\u015fat\u0131 aqq\u0131nda Meclis beyanat\u0131\",\"datePublished\":\"2013-10-07T15:26:00+00:00\",\"dateModified\":\"2022-01-25T15:26:52+00:00\",\"mainEntityOfPage\":{\"@id\":\"https:\\\/\\\/qtmm.org\\\/qt\\\/qirimtatar-halqinin-aqlarini-gayridan-tiklev-boyunca-halqara-forumga-azirliq-ketisati-aqqinda-meclis-beyanati\\\/\"},\"wordCount\":671,\"commentCount\":0,\"publisher\":{\"@id\":\"https:\\\/\\\/qtmm.org\\\/qt\\\/#organization\"},\"articleSection\":[\"Haberler\"],\"inLanguage\":\"qt\",\"potentialAction\":[{\"@type\":\"CommentAction\",\"name\":\"Comment\",\"target\":[\"https:\\\/\\\/qtmm.org\\\/qt\\\/qirimtatar-halqinin-aqlarini-gayridan-tiklev-boyunca-halqara-forumga-azirliq-ketisati-aqqinda-meclis-beyanati\\\/#respond\"]}]},{\"@type\":\"WebPage\",\"@id\":\"https:\\\/\\\/qtmm.org\\\/qt\\\/qirimtatar-halqinin-aqlarini-gayridan-tiklev-boyunca-halqara-forumga-azirliq-ketisati-aqqinda-meclis-beyanati\\\/\",\"url\":\"https:\\\/\\\/qtmm.org\\\/qt\\\/qirimtatar-halqinin-aqlarini-gayridan-tiklev-boyunca-halqara-forumga-azirliq-ketisati-aqqinda-meclis-beyanati\\\/\",\"name\":\"Q\u0131r\u0131mtatar halq\u0131n\u0131\u00f1 aqlar\u0131n\u0131 \u011fayr\u0131dan tiklev boyunca halqara forum\u011fa az\u0131rl\u0131q keti\u015fat\u0131 aqq\u0131nda Meclis beyanat\u0131 - \u041c\u0435\u0434\u0436\u043b\u0456\u0441\",\"isPartOf\":{\"@id\":\"https:\\\/\\\/qtmm.org\\\/qt\\\/#website\"},\"datePublished\":\"2013-10-07T15:26:00+00:00\",\"dateModified\":\"2022-01-25T15:26:52+00:00\",\"breadcrumb\":{\"@id\":\"https:\\\/\\\/qtmm.org\\\/qt\\\/qirimtatar-halqinin-aqlarini-gayridan-tiklev-boyunca-halqara-forumga-azirliq-ketisati-aqqinda-meclis-beyanati\\\/#breadcrumb\"},\"inLanguage\":\"qt\",\"potentialAction\":[{\"@type\":\"ReadAction\",\"target\":[\"https:\\\/\\\/qtmm.org\\\/qt\\\/qirimtatar-halqinin-aqlarini-gayridan-tiklev-boyunca-halqara-forumga-azirliq-ketisati-aqqinda-meclis-beyanati\\\/\"]}]},{\"@type\":\"BreadcrumbList\",\"@id\":\"https:\\\/\\\/qtmm.org\\\/qt\\\/qirimtatar-halqinin-aqlarini-gayridan-tiklev-boyunca-halqara-forumga-azirliq-ketisati-aqqinda-meclis-beyanati\\\/#breadcrumb\",\"itemListElement\":[{\"@type\":\"ListItem\",\"position\":1,\"name\":\"\u0413\u043e\u043b\u043e\u0432\u043d\u0430\",\"item\":\"https:\\\/\\\/qtmm.org\\\/qt\\\/\"},{\"@type\":\"ListItem\",\"position\":2,\"name\":\"Q\u0131r\u0131mtatar halq\u0131n\u0131\u00f1 aqlar\u0131n\u0131 \u011fayr\u0131dan tiklev boyunca halqara forum\u011fa az\u0131rl\u0131q keti\u015fat\u0131 aqq\u0131nda Meclis beyanat\u0131\"}]},{\"@type\":\"WebSite\",\"@id\":\"https:\\\/\\\/qtmm.org\\\/qt\\\/#website\",\"url\":\"https:\\\/\\\/qtmm.org\\\/qt\\\/\",\"name\":\"\u041c\u0435\u0434\u0436\u043b\u0456\u0441\",\"description\":\"\",\"publisher\":{\"@id\":\"https:\\\/\\\/qtmm.org\\\/qt\\\/#organization\"},\"potentialAction\":[{\"@type\":\"SearchAction\",\"target\":{\"@type\":\"EntryPoint\",\"urlTemplate\":\"https:\\\/\\\/qtmm.org\\\/qt\\\/?s={search_term_string}\"},\"query-input\":{\"@type\":\"PropertyValueSpecification\",\"valueRequired\":true,\"valueName\":\"search_term_string\"}}],\"inLanguage\":\"qt\"},{\"@type\":\"Organization\",\"@id\":\"https:\\\/\\\/qtmm.org\\\/qt\\\/#organization\",\"name\":\"\u041c\u0435\u0434\u0436\u043b\u0456\u0441\",\"url\":\"https:\\\/\\\/qtmm.org\\\/qt\\\/\",\"logo\":{\"@type\":\"ImageObject\",\"inLanguage\":\"qt\",\"@id\":\"https:\\\/\\\/qtmm.org\\\/qt\\\/#\\\/schema\\\/logo\\\/image\\\/\",\"url\":\"https:\\\/\\\/qtmm.org\\\/wp-content\\\/uploads\\\/2024\\\/12\\\/ua-mejlis-logo-rgb.svg\",\"contentUrl\":\"https:\\\/\\\/qtmm.org\\\/wp-content\\\/uploads\\\/2024\\\/12\\\/ua-mejlis-logo-rgb.svg\",\"caption\":\"\u041c\u0435\u0434\u0436\u043b\u0456\u0441\"},\"image\":{\"@id\":\"https:\\\/\\\/qtmm.org\\\/qt\\\/#\\\/schema\\\/logo\\\/image\\\/\"},\"sameAs\":[\"https:\\\/\\\/www.facebook.com\\\/qtmm.info\\\/\"]},{\"@type\":\"Person\",\"@id\":\"https:\\\/\\\/qtmm.org\\\/qt\\\/#\\\/schema\\\/person\\\/de562469f971dec226ac06e60bbf74a7\",\"name\":\"Developer\",\"image\":{\"@type\":\"ImageObject\",\"inLanguage\":\"qt\",\"@id\":\"https:\\\/\\\/secure.gravatar.com\\\/avatar\\\/392b4cc8fbfeb00b39dfeeab4ee6edded39ffd48e25858637e4765810300227e?s=96&d=mm&r=g\",\"url\":\"https:\\\/\\\/secure.gravatar.com\\\/avatar\\\/392b4cc8fbfeb00b39dfeeab4ee6edded39ffd48e25858637e4765810300227e?s=96&d=mm&r=g\",\"contentUrl\":\"https:\\\/\\\/secure.gravatar.com\\\/avatar\\\/392b4cc8fbfeb00b39dfeeab4ee6edded39ffd48e25858637e4765810300227e?s=96&d=mm&r=g\",\"caption\":\"Developer\"},\"url\":\"https:\\\/\\\/qtmm.org\\\/qt\\\/author\\\/Developer\\\/\"}]}<\/script>\n<!-- \/ Yoast SEO plugin. -->","yoast_head_json":{"title":"Q\u0131r\u0131mtatar halq\u0131n\u0131\u00f1 aqlar\u0131n\u0131 \u011fayr\u0131dan tiklev boyunca halqara forum\u011fa az\u0131rl\u0131q keti\u015fat\u0131 aqq\u0131nda Meclis beyanat\u0131 - \u041c\u0435\u0434\u0436\u043b\u0456\u0441","robots":{"index":"index","follow":"follow","max-snippet":"max-snippet:-1","max-image-preview":"max-image-preview:large","max-video-preview":"max-video-preview:-1"},"canonical":"https:\/\/qtmm.org\/qt\/qirimtatar-halqinin-aqlarini-gayridan-tiklev-boyunca-halqara-forumga-azirliq-ketisati-aqqinda-meclis-beyanati\/","og_locale":"en_US","og_type":"article","og_title":"Q\u0131r\u0131mtatar halq\u0131n\u0131\u00f1 aqlar\u0131n\u0131 \u011fayr\u0131dan tiklev boyunca halqara forum\u011fa az\u0131rl\u0131q keti\u015fat\u0131 aqq\u0131nda Meclis beyanat\u0131 - \u041c\u0435\u0434\u0436\u043b\u0456\u0441","og_description":"QIRIMTATAR HALQI MECL\u0130S\u0130N\u0130\u00d1 BEYANATI 2013 senesi sent\u00e2br 19 k\u00fcn\u00fc Aqmescitte Avropa Birligini\u00f1 keni\u015flet\u00fcv ve Avropa qom\u015fuc\u0131l\u0131q siyaseti boyunca komissar\u0131 \u015etefan F\u00fcle OSCEni\u00f1 \u015fimdiki reisi \u2014 Ukraina t\u0131\u015fq\u0131 i\u015fler naziri, Meclis yolba\u015f\u00e7\u0131lar\u0131 ve azalar\u0131, OSCEni\u00f1 milliy azl\u0131qlar i\u015fleri boyunca aliy komissar\u0131, bir s\u0131ra q\u0131r\u0131mtatar cemaat te\u015fkil\u00e2tlar\u0131 ve Q\u0131r\u0131m Ba\u015f naziri ile k\u00f6r\u00fc\u015f\u00fcvi ol\u0131p ke\u00e7ti. Dialog i\u015ftirak\u00e7ileri [&hellip;]","og_url":"https:\/\/qtmm.org\/qt\/qirimtatar-halqinin-aqlarini-gayridan-tiklev-boyunca-halqara-forumga-azirliq-ketisati-aqqinda-meclis-beyanati\/","og_site_name":"\u041c\u0435\u0434\u0436\u043b\u0456\u0441","article_publisher":"https:\/\/www.facebook.com\/qtmm.info\/","article_published_time":"2013-10-07T15:26:00+00:00","article_modified_time":"2022-01-25T15:26:52+00:00","author":"Developer","twitter_card":"summary_large_image","twitter_misc":{"Written by":"Developer","Est. reading time":"3 minutes"},"schema":{"@context":"https:\/\/schema.org","@graph":[{"@type":"Article","@id":"https:\/\/qtmm.org\/qt\/qirimtatar-halqinin-aqlarini-gayridan-tiklev-boyunca-halqara-forumga-azirliq-ketisati-aqqinda-meclis-beyanati\/#article","isPartOf":{"@id":"https:\/\/qtmm.org\/qt\/qirimtatar-halqinin-aqlarini-gayridan-tiklev-boyunca-halqara-forumga-azirliq-ketisati-aqqinda-meclis-beyanati\/"},"author":{"name":"Developer","@id":"https:\/\/qtmm.org\/qt\/#\/schema\/person\/de562469f971dec226ac06e60bbf74a7"},"headline":"Q\u0131r\u0131mtatar halq\u0131n\u0131\u00f1 aqlar\u0131n\u0131 \u011fayr\u0131dan tiklev boyunca halqara forum\u011fa az\u0131rl\u0131q keti\u015fat\u0131 aqq\u0131nda Meclis beyanat\u0131","datePublished":"2013-10-07T15:26:00+00:00","dateModified":"2022-01-25T15:26:52+00:00","mainEntityOfPage":{"@id":"https:\/\/qtmm.org\/qt\/qirimtatar-halqinin-aqlarini-gayridan-tiklev-boyunca-halqara-forumga-azirliq-ketisati-aqqinda-meclis-beyanati\/"},"wordCount":671,"commentCount":0,"publisher":{"@id":"https:\/\/qtmm.org\/qt\/#organization"},"articleSection":["Haberler"],"inLanguage":"qt","potentialAction":[{"@type":"CommentAction","name":"Comment","target":["https:\/\/qtmm.org\/qt\/qirimtatar-halqinin-aqlarini-gayridan-tiklev-boyunca-halqara-forumga-azirliq-ketisati-aqqinda-meclis-beyanati\/#respond"]}]},{"@type":"WebPage","@id":"https:\/\/qtmm.org\/qt\/qirimtatar-halqinin-aqlarini-gayridan-tiklev-boyunca-halqara-forumga-azirliq-ketisati-aqqinda-meclis-beyanati\/","url":"https:\/\/qtmm.org\/qt\/qirimtatar-halqinin-aqlarini-gayridan-tiklev-boyunca-halqara-forumga-azirliq-ketisati-aqqinda-meclis-beyanati\/","name":"Q\u0131r\u0131mtatar halq\u0131n\u0131\u00f1 aqlar\u0131n\u0131 \u011fayr\u0131dan tiklev boyunca halqara forum\u011fa az\u0131rl\u0131q keti\u015fat\u0131 aqq\u0131nda Meclis beyanat\u0131 - \u041c\u0435\u0434\u0436\u043b\u0456\u0441","isPartOf":{"@id":"https:\/\/qtmm.org\/qt\/#website"},"datePublished":"2013-10-07T15:26:00+00:00","dateModified":"2022-01-25T15:26:52+00:00","breadcrumb":{"@id":"https:\/\/qtmm.org\/qt\/qirimtatar-halqinin-aqlarini-gayridan-tiklev-boyunca-halqara-forumga-azirliq-ketisati-aqqinda-meclis-beyanati\/#breadcrumb"},"inLanguage":"qt","potentialAction":[{"@type":"ReadAction","target":["https:\/\/qtmm.org\/qt\/qirimtatar-halqinin-aqlarini-gayridan-tiklev-boyunca-halqara-forumga-azirliq-ketisati-aqqinda-meclis-beyanati\/"]}]},{"@type":"BreadcrumbList","@id":"https:\/\/qtmm.org\/qt\/qirimtatar-halqinin-aqlarini-gayridan-tiklev-boyunca-halqara-forumga-azirliq-ketisati-aqqinda-meclis-beyanati\/#breadcrumb","itemListElement":[{"@type":"ListItem","position":1,"name":"\u0413\u043e\u043b\u043e\u0432\u043d\u0430","item":"https:\/\/qtmm.org\/qt\/"},{"@type":"ListItem","position":2,"name":"Q\u0131r\u0131mtatar halq\u0131n\u0131\u00f1 aqlar\u0131n\u0131 \u011fayr\u0131dan tiklev boyunca halqara forum\u011fa az\u0131rl\u0131q keti\u015fat\u0131 aqq\u0131nda Meclis beyanat\u0131"}]},{"@type":"WebSite","@id":"https:\/\/qtmm.org\/qt\/#website","url":"https:\/\/qtmm.org\/qt\/","name":"\u041c\u0435\u0434\u0436\u043b\u0456\u0441","description":"","publisher":{"@id":"https:\/\/qtmm.org\/qt\/#organization"},"potentialAction":[{"@type":"SearchAction","target":{"@type":"EntryPoint","urlTemplate":"https:\/\/qtmm.org\/qt\/?s={search_term_string}"},"query-input":{"@type":"PropertyValueSpecification","valueRequired":true,"valueName":"search_term_string"}}],"inLanguage":"qt"},{"@type":"Organization","@id":"https:\/\/qtmm.org\/qt\/#organization","name":"\u041c\u0435\u0434\u0436\u043b\u0456\u0441","url":"https:\/\/qtmm.org\/qt\/","logo":{"@type":"ImageObject","inLanguage":"qt","@id":"https:\/\/qtmm.org\/qt\/#\/schema\/logo\/image\/","url":"https:\/\/qtmm.org\/wp-content\/uploads\/2024\/12\/ua-mejlis-logo-rgb.svg","contentUrl":"https:\/\/qtmm.org\/wp-content\/uploads\/2024\/12\/ua-mejlis-logo-rgb.svg","caption":"\u041c\u0435\u0434\u0436\u043b\u0456\u0441"},"image":{"@id":"https:\/\/qtmm.org\/qt\/#\/schema\/logo\/image\/"},"sameAs":["https:\/\/www.facebook.com\/qtmm.info\/"]},{"@type":"Person","@id":"https:\/\/qtmm.org\/qt\/#\/schema\/person\/de562469f971dec226ac06e60bbf74a7","name":"Developer","image":{"@type":"ImageObject","inLanguage":"qt","@id":"https:\/\/secure.gravatar.com\/avatar\/392b4cc8fbfeb00b39dfeeab4ee6edded39ffd48e25858637e4765810300227e?s=96&d=mm&r=g","url":"https:\/\/secure.gravatar.com\/avatar\/392b4cc8fbfeb00b39dfeeab4ee6edded39ffd48e25858637e4765810300227e?s=96&d=mm&r=g","contentUrl":"https:\/\/secure.gravatar.com\/avatar\/392b4cc8fbfeb00b39dfeeab4ee6edded39ffd48e25858637e4765810300227e?s=96&d=mm&r=g","caption":"Developer"},"url":"https:\/\/qtmm.org\/qt\/author\/Developer\/"}]}},"_links":{"self":[{"href":"https:\/\/qtmm.org\/qt\/wp-json\/wp\/v2\/posts\/39569","targetHints":{"allow":["GET"]}}],"collection":[{"href":"https:\/\/qtmm.org\/qt\/wp-json\/wp\/v2\/posts"}],"about":[{"href":"https:\/\/qtmm.org\/qt\/wp-json\/wp\/v2\/types\/post"}],"author":[{"embeddable":true,"href":"https:\/\/qtmm.org\/qt\/wp-json\/wp\/v2\/users\/1"}],"replies":[{"embeddable":true,"href":"https:\/\/qtmm.org\/qt\/wp-json\/wp\/v2\/comments?post=39569"}],"version-history":[{"count":1,"href":"https:\/\/qtmm.org\/qt\/wp-json\/wp\/v2\/posts\/39569\/revisions"}],"predecessor-version":[{"id":39570,"href":"https:\/\/qtmm.org\/qt\/wp-json\/wp\/v2\/posts\/39569\/revisions\/39570"}],"wp:attachment":[{"href":"https:\/\/qtmm.org\/qt\/wp-json\/wp\/v2\/media?parent=39569"}],"wp:term":[{"taxonomy":"category","embeddable":true,"href":"https:\/\/qtmm.org\/qt\/wp-json\/wp\/v2\/categories?post=39569"},{"taxonomy":"post_tag","embeddable":true,"href":"https:\/\/qtmm.org\/qt\/wp-json\/wp\/v2\/tags?post=39569"}],"curies":[{"name":"wp","href":"https:\/\/api.w.org\/{rel}","templated":true}]}}