




{"id":39555,"date":"2013-10-03T18:24:00","date_gmt":"2013-10-03T15:24:00","guid":{"rendered":"http:\/\/qtmm.org\/?p=39555"},"modified":"2022-01-25T18:26:06","modified_gmt":"2022-01-25T15:26:06","slug":"meclis-ukrainada-en-qadimiy-uzbek-han-camisinin-700-yilligini-resmiy-surette-qayd-etmek-tesebbusinen-ciqti","status":"publish","type":"post","link":"https:\/\/qtmm.org\/qt\/meclis-ukrainada-en-qadimiy-uzbek-han-camisinin-700-yilligini-resmiy-surette-qayd-etmek-tesebbusinen-ciqti\/","title":{"rendered":"Meclis Ukrainada e\u00f1 qadimiy \u00dczbek han camisini\u00f1 700 y\u0131ll\u0131\u011f\u0131n\u0131 resmiy s\u00fcrette qayd etmek te\u015febb\u00fcsinen \u00e7\u0131qt\u0131"},"content":{"rendered":"\n<p>2013 senesi okt\u00e2br 2 k\u00fcn\u00fc Meclisni\u00f1 ofisinde Meclis reisini\u00f1 muavini, Q\u0131r\u0131m Yuqar\u0131 \u015euras\u0131n\u0131\u00f1 deputat\u0131 Remzi \u0130lyasovn\u0131\u00f1 reisliginde topla\u015fuv ke\u00e7irildi. K\u00fcn tertibini\u00f1 ba\u015f meselesi 2014 senesi Ukrainadaki e\u00f1 qadimiy \u00dczbek han camisini\u00f1 700 y\u0131ll\u0131\u011f\u0131na ba\u011f\u0131\u015flan\u011fan tedbirler ke\u00e7irilmesine az\u0131rl\u0131q old\u0131. Bu aqta QHA informatsion agentligi bildire.<\/p>\n\n\n\n<p>Topla\u015fuv devam\u0131nda qayd etildi ki, \u00dczbek han camisini\u00f1 700 y\u0131ll\u0131\u011f\u0131na ba\u011f\u0131\u015flan\u011fan tedbirler musulman ve q\u0131r\u0131mtatar medeniyeti, mimarl\u0131q abidelerini\u00f1 ve tarih\u0131n\u0131\u00f1 vaziyetine cemaat\u00e7\u0131l\u0131qn\u0131\u00f1 diqqat\u0131n\u0131 celp etmesi kerek.<\/p>\n\n\n\n<figure class=\"wp-block-image size-full\"><img loading=\"lazy\" decoding=\"async\" width=\"800\" height=\"600\" src=\"http:\/\/qtmm.org\/wp-content\/uploads\/2022\/01\/pa020054.jpeg\" alt=\"\" class=\"wp-image-39556\" srcset=\"https:\/\/qtmm.org\/wp-content\/uploads\/2022\/01\/pa020054.jpeg 800w, https:\/\/qtmm.org\/wp-content\/uploads\/2022\/01\/pa020054-300x225.jpeg 300w, https:\/\/qtmm.org\/wp-content\/uploads\/2022\/01\/pa020054-768x576.jpeg 768w\" sizes=\"auto, (max-width: 800px) 100vw, 800px\" \/><\/figure>\n\n\n\n<p>Mezk\u00fcr meseleni\u00f1 muzakeresinde Meclis reisini\u00f1 muavini Remzi \u0130lyasov, Q\u0131r\u0131mtatar sanat m\u00fczeyini\u00f1 direktor\u0131 Safiye Eminova, Eski Q\u0131r\u0131mdaki &#8220;Vatan&#8221; din cemiyetini\u00f1 ba\u015f\u0131 ac\u0131 Rasim Sadredin. Q\u0131r\u0131m musulmanlar\u0131 m\u00fcftisini\u00f1 muavini Ayder \u0130smailov, \u0130. Gasprinskiy ad\u0131n\u0131 q\u0131r\u0131mtatar k\u00fct\u00fcphanesini\u00f1 direktor\u0131 G\u00fclnara Ya\u011fyayeva, &#8220;Lari\u015fes&#8221; m\u00fczeyini\u00f1 ilmiy hadimi, QMPU ocas\u0131 Nariman Abdulvapov i\u015ftirak ettiler.<\/p>\n\n\n\n<p>Rasim Sadredin tarif etkenine k\u00f6re, al-az\u0131rda \u00dczbek han camisi \u011fayet ac\u0131n\u0131ql\u0131 bir alda bulunmaqta ve baz\u0131 obyektlerni acele s\u00fcrette vaqt\u0131nca konservatsiya yapmaq zarur. Topla\u015fuvda camini\u00f1 700 y\u0131ll\u0131\u011f\u0131 munasebetinen bir s\u0131ra emiyetli tedbirler ke\u00e7irimek kerekligi qayd etilip, teklif ve fikirler seslendirildi.<\/p>\n\n\n\n<figure class=\"wp-block-image size-full\"><img loading=\"lazy\" decoding=\"async\" width=\"800\" height=\"600\" src=\"http:\/\/qtmm.org\/wp-content\/uploads\/2022\/01\/pa020056.jpeg\" alt=\"\" class=\"wp-image-39560\" srcset=\"https:\/\/qtmm.org\/wp-content\/uploads\/2022\/01\/pa020056.jpeg 800w, https:\/\/qtmm.org\/wp-content\/uploads\/2022\/01\/pa020056-300x225.jpeg 300w, https:\/\/qtmm.org\/wp-content\/uploads\/2022\/01\/pa020056-768x576.jpeg 768w\" sizes=\"auto, (max-width: 800px) 100vw, 800px\" \/><\/figure>\n\n\n\n<p>Q\u0131r\u0131m musulmanlar\u0131 m\u00fcftisini\u00f1 muavini Ayder \u0130smailov 2014 senesi Q\u0131r\u0131mda \u0130sl\u00e2m peyda olmas\u0131 ve inki\u015faf etmesine ba\u011f\u0131\u015flan\u011fan Halqara konferentsiya ke\u00e7irmekni teklif etip, on\u0131\u00f1 k\u00fcn tertibine esas mesele olaraq \u00dczbek han camisini\u00f1 taqdiri meselesi kirsetilmek kerek.<\/p>\n\n\n\n<p>\u00d6z nevbetinde Safiye Eminova da &#8220;Ukrpo\u00e7ta&#8221; ile 2014 senesi \u00dczbek han camisi tasvir etilgen po\u00e7ta zarflar\u0131n\u0131 \u00e7\u0131qarmaq aqq\u0131nda a\u00f1la\u015fqanlar\u0131n\u0131 bildirdi. Bun\u0131\u00f1 kibi de m\u00fczeyde Q\u0131r\u0131mda \u0130sl\u00e2m tarih\u0131n\u0131 ayd\u0131nlatqan sergi a\u00e7maq planla\u015ft\u0131r\u0131la.<\/p>\n\n\n\n<p>Topla\u015fuvda Ukraina Medeniyet nazirligine, Q\u0131r\u0131m Yuqar\u0131 \u015euras\u0131na 2014 senesi \u00dczbek han camisini\u00f1 700 y\u0131l\u0131l\u0131\u011f\u0131n\u0131 qayd et\u00fcv boyunca qarar leyhas\u0131nen muracaatta bulunmaq qarar\u0131 al\u0131nd\u0131.<\/p>\n\n\n\n<figure class=\"wp-block-image size-full is-resized\"><img loading=\"lazy\" decoding=\"async\" src=\"http:\/\/qtmm.org\/wp-content\/uploads\/2022\/01\/pa020055.jpeg\" alt=\"\" class=\"wp-image-39564\" width=\"792\" height=\"594\" srcset=\"https:\/\/qtmm.org\/wp-content\/uploads\/2022\/01\/pa020055.jpeg 800w, https:\/\/qtmm.org\/wp-content\/uploads\/2022\/01\/pa020055-300x225.jpeg 300w, https:\/\/qtmm.org\/wp-content\/uploads\/2022\/01\/pa020055-768x576.jpeg 768w\" sizes=\"auto, (max-width: 792px) 100vw, 792px\" \/><\/figure>\n\n\n\n<p>Eski Q\u0131r\u0131m \u2013 q\u0131r\u0131mtatar halq\u0131 medeniyeti ve tarih\u0131n\u0131\u00f1 hazinesidir. Anda qurul\u011fan \u00dczbek han camisi 2014 senesi 700-nc\u0131 y\u0131l\u0131n\u0131 qar\u015f\u0131lay. Bu m\u00fcim bir vaqiad\u0131r. Ke\u00e7ken sene \u00f6tkerilgen Halqara ilmiy konferentsiyada \u00dczbek han camisini\u00f1 problemleri ve m\u0131tlaqa restavratsiya yap\u0131lmas\u0131 meseleleri baq\u0131l\u011fan edi. Bu munasebetnen biz \u015fu yubileyge ba\u011f\u0131\u015flan\u011fan bir s\u0131ra tedbirlerni ke\u00e7irmekni qarar ettik. Bun\u0131\u00f1 i\u00e7\u00fcn Ukraina Medeniyet nazirligine Ukraina halq deputat\u0131 Mustafa Cemilevni\u00f1 vastas\u0131nen mekt\u00fcp yollap, nazirnen k\u00f6r\u00fc\u015fmek ve o\u00f1a y\u0131l devam\u0131nda ke\u00e7irilecek b\u00fct\u00fcn tedbirler yaz\u0131l\u011fan teklifimizni bermek qarar\u0131n\u0131 ald\u0131q. Bun\u0131\u00f1 kibi de Q\u0131r\u0131m Yuqar\u0131 \u015euras\u0131na muracaat az\u0131rlap, o\u00f1a \u00dczbek han camisini\u00f1 2014 senesi 700 y\u0131ll\u0131\u011f\u0131n\u0131 qayd etmek boyunca te\u015fkiliy komitetni tasdiqlamaq ricas\u0131nen tekliflerimiz leyhas\u0131n\u0131 eklemekni qararla\u015ft\u0131rd\u0131q, dedi R. \u0130lyasov.<\/p>\n\n\n\n<p><strong>Mal\u00fcmat:<\/strong><\/p>\n\n\n\n<p>\u00dczbek han camisi (XIVa.) &#8211; Q\u0131r\u0131m yar\u0131madas\u0131nda saqlan\u0131p qal\u011fan e\u00f1 qadimiy camidir. 1312 senesi Alt\u0131n Ordu taht\u0131na mingen \u00dczbek Han Solhatta d\u00fclber bir medrese ve cami qurmaq emirini bergen. Cami quruc\u0131l\u0131\u011f\u0131 1314 senesi ba\u015flan\u011fan. T\u00fcrk seyahat\u00e7\u0131s\u0131 Evliya \u00c7elebi bildirgenine k\u00f6re 1512-1513 senelerde Me\u00f1li Geray 1 devrinde o ba\u015f cami ol\u011fan.<\/p>\n","protected":false},"excerpt":{"rendered":"<p>2013 senesi okt\u00e2br 2 k\u00fcn\u00fc Meclisni\u00f1 ofisinde Meclis reisini\u00f1 muavini, Q\u0131r\u0131m Yuqar\u0131 \u015euras\u0131n\u0131\u00f1 deputat\u0131 Remzi \u0130lyasovn\u0131\u00f1 reisliginde topla\u015fuv ke\u00e7irildi. K\u00fcn tertibini\u00f1 ba\u015f meselesi 2014 senesi Ukrainadaki e\u00f1 qadimiy \u00dczbek han camisini\u00f1 700 y\u0131ll\u0131\u011f\u0131na ba\u011f\u0131\u015flan\u011fan tedbirler ke\u00e7irilmesine az\u0131rl\u0131q old\u0131. Bu aqta QHA informatsion agentligi bildire. Topla\u015fuv devam\u0131nda qayd etildi ki, \u00dczbek han camisini\u00f1 700 y\u0131ll\u0131\u011f\u0131na ba\u011f\u0131\u015flan\u011fan [&hellip;]<\/p>\n","protected":false},"author":1,"featured_media":0,"comment_status":"open","ping_status":"open","sticky":false,"template":"","format":"standard","meta":{"inline_featured_image":false,"footnotes":""},"categories":[265],"tags":[],"class_list":["post-39555","post","type-post","status-publish","format-standard","hentry","category-haberler"],"acf":[],"yoast_head":"<!-- This site is optimized with the Yoast SEO plugin v27.4 - https:\/\/yoast.com\/product\/yoast-seo-wordpress\/ -->\n<title>Meclis Ukrainada e\u00f1 qadimiy \u00dczbek han camisini\u00f1 700 y\u0131ll\u0131\u011f\u0131n\u0131 resmiy s\u00fcrette qayd etmek te\u015febb\u00fcsinen \u00e7\u0131qt\u0131 - \u041c\u0435\u0434\u0436\u043b\u0456\u0441<\/title>\n<meta name=\"robots\" content=\"index, follow, max-snippet:-1, max-image-preview:large, max-video-preview:-1\" \/>\n<link rel=\"canonical\" href=\"https:\/\/qtmm.org\/qt\/meclis-ukrainada-en-qadimiy-uzbek-han-camisinin-700-yilligini-resmiy-surette-qayd-etmek-tesebbusinen-ciqti\/\" \/>\n<meta property=\"og:locale\" content=\"en_US\" \/>\n<meta property=\"og:type\" content=\"article\" \/>\n<meta property=\"og:title\" content=\"Meclis Ukrainada e\u00f1 qadimiy \u00dczbek han camisini\u00f1 700 y\u0131ll\u0131\u011f\u0131n\u0131 resmiy s\u00fcrette qayd etmek te\u015febb\u00fcsinen \u00e7\u0131qt\u0131 - \u041c\u0435\u0434\u0436\u043b\u0456\u0441\" \/>\n<meta property=\"og:description\" content=\"2013 senesi okt\u00e2br 2 k\u00fcn\u00fc Meclisni\u00f1 ofisinde Meclis reisini\u00f1 muavini, Q\u0131r\u0131m Yuqar\u0131 \u015euras\u0131n\u0131\u00f1 deputat\u0131 Remzi \u0130lyasovn\u0131\u00f1 reisliginde topla\u015fuv ke\u00e7irildi. K\u00fcn tertibini\u00f1 ba\u015f meselesi 2014 senesi Ukrainadaki e\u00f1 qadimiy \u00dczbek han camisini\u00f1 700 y\u0131ll\u0131\u011f\u0131na ba\u011f\u0131\u015flan\u011fan tedbirler ke\u00e7irilmesine az\u0131rl\u0131q old\u0131. Bu aqta QHA informatsion agentligi bildire. Topla\u015fuv devam\u0131nda qayd etildi ki, \u00dczbek han camisini\u00f1 700 y\u0131ll\u0131\u011f\u0131na ba\u011f\u0131\u015flan\u011fan [&hellip;]\" \/>\n<meta property=\"og:url\" content=\"https:\/\/qtmm.org\/qt\/meclis-ukrainada-en-qadimiy-uzbek-han-camisinin-700-yilligini-resmiy-surette-qayd-etmek-tesebbusinen-ciqti\/\" \/>\n<meta property=\"og:site_name\" content=\"\u041c\u0435\u0434\u0436\u043b\u0456\u0441\" \/>\n<meta property=\"article:publisher\" content=\"https:\/\/www.facebook.com\/qtmm.info\/\" \/>\n<meta property=\"article:published_time\" content=\"2013-10-03T15:24:00+00:00\" \/>\n<meta property=\"article:modified_time\" content=\"2022-01-25T15:26:06+00:00\" \/>\n<meta property=\"og:image\" content=\"https:\/\/qtmm.org\/wp-content\/uploads\/2022\/01\/pa020054.jpeg\" \/>\n\t<meta property=\"og:image:width\" content=\"800\" \/>\n\t<meta property=\"og:image:height\" content=\"600\" \/>\n\t<meta property=\"og:image:type\" content=\"image\/jpeg\" \/>\n<meta name=\"author\" content=\"Developer\" \/>\n<meta name=\"twitter:card\" content=\"summary_large_image\" \/>\n<meta name=\"twitter:label1\" content=\"Written by\" \/>\n\t<meta name=\"twitter:data1\" content=\"Developer\" \/>\n\t<meta name=\"twitter:label2\" content=\"Est. reading time\" \/>\n\t<meta name=\"twitter:data2\" content=\"3 minutes\" \/>\n<script type=\"application\/ld+json\" class=\"yoast-schema-graph\">{\"@context\":\"https:\\\/\\\/schema.org\",\"@graph\":[{\"@type\":\"Article\",\"@id\":\"https:\\\/\\\/qtmm.org\\\/qt\\\/meclis-ukrainada-en-qadimiy-uzbek-han-camisinin-700-yilligini-resmiy-surette-qayd-etmek-tesebbusinen-ciqti\\\/#article\",\"isPartOf\":{\"@id\":\"https:\\\/\\\/qtmm.org\\\/qt\\\/meclis-ukrainada-en-qadimiy-uzbek-han-camisinin-700-yilligini-resmiy-surette-qayd-etmek-tesebbusinen-ciqti\\\/\"},\"author\":{\"name\":\"Developer\",\"@id\":\"https:\\\/\\\/qtmm.org\\\/qt\\\/#\\\/schema\\\/person\\\/de562469f971dec226ac06e60bbf74a7\"},\"headline\":\"Meclis Ukrainada e\u00f1 qadimiy \u00dczbek han camisini\u00f1 700 y\u0131ll\u0131\u011f\u0131n\u0131 resmiy s\u00fcrette qayd etmek te\u015febb\u00fcsinen \u00e7\u0131qt\u0131\",\"datePublished\":\"2013-10-03T15:24:00+00:00\",\"dateModified\":\"2022-01-25T15:26:06+00:00\",\"mainEntityOfPage\":{\"@id\":\"https:\\\/\\\/qtmm.org\\\/qt\\\/meclis-ukrainada-en-qadimiy-uzbek-han-camisinin-700-yilligini-resmiy-surette-qayd-etmek-tesebbusinen-ciqti\\\/\"},\"wordCount\":567,\"commentCount\":0,\"publisher\":{\"@id\":\"https:\\\/\\\/qtmm.org\\\/qt\\\/#organization\"},\"image\":{\"@id\":\"https:\\\/\\\/qtmm.org\\\/qt\\\/meclis-ukrainada-en-qadimiy-uzbek-han-camisinin-700-yilligini-resmiy-surette-qayd-etmek-tesebbusinen-ciqti\\\/#primaryimage\"},\"thumbnailUrl\":\"http:\\\/\\\/qtmm.org\\\/wp-content\\\/uploads\\\/2022\\\/01\\\/pa020054.jpeg\",\"articleSection\":[\"Haberler\"],\"inLanguage\":\"qt\",\"potentialAction\":[{\"@type\":\"CommentAction\",\"name\":\"Comment\",\"target\":[\"https:\\\/\\\/qtmm.org\\\/qt\\\/meclis-ukrainada-en-qadimiy-uzbek-han-camisinin-700-yilligini-resmiy-surette-qayd-etmek-tesebbusinen-ciqti\\\/#respond\"]}]},{\"@type\":\"WebPage\",\"@id\":\"https:\\\/\\\/qtmm.org\\\/qt\\\/meclis-ukrainada-en-qadimiy-uzbek-han-camisinin-700-yilligini-resmiy-surette-qayd-etmek-tesebbusinen-ciqti\\\/\",\"url\":\"https:\\\/\\\/qtmm.org\\\/qt\\\/meclis-ukrainada-en-qadimiy-uzbek-han-camisinin-700-yilligini-resmiy-surette-qayd-etmek-tesebbusinen-ciqti\\\/\",\"name\":\"Meclis Ukrainada e\u00f1 qadimiy \u00dczbek han camisini\u00f1 700 y\u0131ll\u0131\u011f\u0131n\u0131 resmiy s\u00fcrette qayd etmek te\u015febb\u00fcsinen \u00e7\u0131qt\u0131 - \u041c\u0435\u0434\u0436\u043b\u0456\u0441\",\"isPartOf\":{\"@id\":\"https:\\\/\\\/qtmm.org\\\/qt\\\/#website\"},\"primaryImageOfPage\":{\"@id\":\"https:\\\/\\\/qtmm.org\\\/qt\\\/meclis-ukrainada-en-qadimiy-uzbek-han-camisinin-700-yilligini-resmiy-surette-qayd-etmek-tesebbusinen-ciqti\\\/#primaryimage\"},\"image\":{\"@id\":\"https:\\\/\\\/qtmm.org\\\/qt\\\/meclis-ukrainada-en-qadimiy-uzbek-han-camisinin-700-yilligini-resmiy-surette-qayd-etmek-tesebbusinen-ciqti\\\/#primaryimage\"},\"thumbnailUrl\":\"http:\\\/\\\/qtmm.org\\\/wp-content\\\/uploads\\\/2022\\\/01\\\/pa020054.jpeg\",\"datePublished\":\"2013-10-03T15:24:00+00:00\",\"dateModified\":\"2022-01-25T15:26:06+00:00\",\"breadcrumb\":{\"@id\":\"https:\\\/\\\/qtmm.org\\\/qt\\\/meclis-ukrainada-en-qadimiy-uzbek-han-camisinin-700-yilligini-resmiy-surette-qayd-etmek-tesebbusinen-ciqti\\\/#breadcrumb\"},\"inLanguage\":\"qt\",\"potentialAction\":[{\"@type\":\"ReadAction\",\"target\":[\"https:\\\/\\\/qtmm.org\\\/qt\\\/meclis-ukrainada-en-qadimiy-uzbek-han-camisinin-700-yilligini-resmiy-surette-qayd-etmek-tesebbusinen-ciqti\\\/\"]}]},{\"@type\":\"ImageObject\",\"inLanguage\":\"qt\",\"@id\":\"https:\\\/\\\/qtmm.org\\\/qt\\\/meclis-ukrainada-en-qadimiy-uzbek-han-camisinin-700-yilligini-resmiy-surette-qayd-etmek-tesebbusinen-ciqti\\\/#primaryimage\",\"url\":\"http:\\\/\\\/qtmm.org\\\/wp-content\\\/uploads\\\/2022\\\/01\\\/pa020054.jpeg\",\"contentUrl\":\"http:\\\/\\\/qtmm.org\\\/wp-content\\\/uploads\\\/2022\\\/01\\\/pa020054.jpeg\"},{\"@type\":\"BreadcrumbList\",\"@id\":\"https:\\\/\\\/qtmm.org\\\/qt\\\/meclis-ukrainada-en-qadimiy-uzbek-han-camisinin-700-yilligini-resmiy-surette-qayd-etmek-tesebbusinen-ciqti\\\/#breadcrumb\",\"itemListElement\":[{\"@type\":\"ListItem\",\"position\":1,\"name\":\"\u0413\u043e\u043b\u043e\u0432\u043d\u0430\",\"item\":\"https:\\\/\\\/qtmm.org\\\/qt\\\/\"},{\"@type\":\"ListItem\",\"position\":2,\"name\":\"Meclis Ukrainada e\u00f1 qadimiy \u00dczbek han camisini\u00f1 700 y\u0131ll\u0131\u011f\u0131n\u0131 resmiy s\u00fcrette qayd etmek te\u015febb\u00fcsinen \u00e7\u0131qt\u0131\"}]},{\"@type\":\"WebSite\",\"@id\":\"https:\\\/\\\/qtmm.org\\\/qt\\\/#website\",\"url\":\"https:\\\/\\\/qtmm.org\\\/qt\\\/\",\"name\":\"\u041c\u0435\u0434\u0436\u043b\u0456\u0441\",\"description\":\"\",\"publisher\":{\"@id\":\"https:\\\/\\\/qtmm.org\\\/qt\\\/#organization\"},\"potentialAction\":[{\"@type\":\"SearchAction\",\"target\":{\"@type\":\"EntryPoint\",\"urlTemplate\":\"https:\\\/\\\/qtmm.org\\\/qt\\\/?s={search_term_string}\"},\"query-input\":{\"@type\":\"PropertyValueSpecification\",\"valueRequired\":true,\"valueName\":\"search_term_string\"}}],\"inLanguage\":\"qt\"},{\"@type\":\"Organization\",\"@id\":\"https:\\\/\\\/qtmm.org\\\/qt\\\/#organization\",\"name\":\"\u041c\u0435\u0434\u0436\u043b\u0456\u0441\",\"url\":\"https:\\\/\\\/qtmm.org\\\/qt\\\/\",\"logo\":{\"@type\":\"ImageObject\",\"inLanguage\":\"qt\",\"@id\":\"https:\\\/\\\/qtmm.org\\\/qt\\\/#\\\/schema\\\/logo\\\/image\\\/\",\"url\":\"https:\\\/\\\/qtmm.org\\\/wp-content\\\/uploads\\\/2024\\\/12\\\/ua-mejlis-logo-rgb.svg\",\"contentUrl\":\"https:\\\/\\\/qtmm.org\\\/wp-content\\\/uploads\\\/2024\\\/12\\\/ua-mejlis-logo-rgb.svg\",\"caption\":\"\u041c\u0435\u0434\u0436\u043b\u0456\u0441\"},\"image\":{\"@id\":\"https:\\\/\\\/qtmm.org\\\/qt\\\/#\\\/schema\\\/logo\\\/image\\\/\"},\"sameAs\":[\"https:\\\/\\\/www.facebook.com\\\/qtmm.info\\\/\"]},{\"@type\":\"Person\",\"@id\":\"https:\\\/\\\/qtmm.org\\\/qt\\\/#\\\/schema\\\/person\\\/de562469f971dec226ac06e60bbf74a7\",\"name\":\"Developer\",\"image\":{\"@type\":\"ImageObject\",\"inLanguage\":\"qt\",\"@id\":\"https:\\\/\\\/secure.gravatar.com\\\/avatar\\\/392b4cc8fbfeb00b39dfeeab4ee6edded39ffd48e25858637e4765810300227e?s=96&d=mm&r=g\",\"url\":\"https:\\\/\\\/secure.gravatar.com\\\/avatar\\\/392b4cc8fbfeb00b39dfeeab4ee6edded39ffd48e25858637e4765810300227e?s=96&d=mm&r=g\",\"contentUrl\":\"https:\\\/\\\/secure.gravatar.com\\\/avatar\\\/392b4cc8fbfeb00b39dfeeab4ee6edded39ffd48e25858637e4765810300227e?s=96&d=mm&r=g\",\"caption\":\"Developer\"},\"url\":\"https:\\\/\\\/qtmm.org\\\/qt\\\/author\\\/Developer\\\/\"}]}<\/script>\n<!-- \/ Yoast SEO plugin. -->","yoast_head_json":{"title":"Meclis Ukrainada e\u00f1 qadimiy \u00dczbek han camisini\u00f1 700 y\u0131ll\u0131\u011f\u0131n\u0131 resmiy s\u00fcrette qayd etmek te\u015febb\u00fcsinen \u00e7\u0131qt\u0131 - \u041c\u0435\u0434\u0436\u043b\u0456\u0441","robots":{"index":"index","follow":"follow","max-snippet":"max-snippet:-1","max-image-preview":"max-image-preview:large","max-video-preview":"max-video-preview:-1"},"canonical":"https:\/\/qtmm.org\/qt\/meclis-ukrainada-en-qadimiy-uzbek-han-camisinin-700-yilligini-resmiy-surette-qayd-etmek-tesebbusinen-ciqti\/","og_locale":"en_US","og_type":"article","og_title":"Meclis Ukrainada e\u00f1 qadimiy \u00dczbek han camisini\u00f1 700 y\u0131ll\u0131\u011f\u0131n\u0131 resmiy s\u00fcrette qayd etmek te\u015febb\u00fcsinen \u00e7\u0131qt\u0131 - \u041c\u0435\u0434\u0436\u043b\u0456\u0441","og_description":"2013 senesi okt\u00e2br 2 k\u00fcn\u00fc Meclisni\u00f1 ofisinde Meclis reisini\u00f1 muavini, Q\u0131r\u0131m Yuqar\u0131 \u015euras\u0131n\u0131\u00f1 deputat\u0131 Remzi \u0130lyasovn\u0131\u00f1 reisliginde topla\u015fuv ke\u00e7irildi. K\u00fcn tertibini\u00f1 ba\u015f meselesi 2014 senesi Ukrainadaki e\u00f1 qadimiy \u00dczbek han camisini\u00f1 700 y\u0131ll\u0131\u011f\u0131na ba\u011f\u0131\u015flan\u011fan tedbirler ke\u00e7irilmesine az\u0131rl\u0131q old\u0131. Bu aqta QHA informatsion agentligi bildire. Topla\u015fuv devam\u0131nda qayd etildi ki, \u00dczbek han camisini\u00f1 700 y\u0131ll\u0131\u011f\u0131na ba\u011f\u0131\u015flan\u011fan [&hellip;]","og_url":"https:\/\/qtmm.org\/qt\/meclis-ukrainada-en-qadimiy-uzbek-han-camisinin-700-yilligini-resmiy-surette-qayd-etmek-tesebbusinen-ciqti\/","og_site_name":"\u041c\u0435\u0434\u0436\u043b\u0456\u0441","article_publisher":"https:\/\/www.facebook.com\/qtmm.info\/","article_published_time":"2013-10-03T15:24:00+00:00","article_modified_time":"2022-01-25T15:26:06+00:00","og_image":[{"width":800,"height":600,"url":"https:\/\/qtmm.org\/wp-content\/uploads\/2022\/01\/pa020054.jpeg","type":"image\/jpeg"}],"author":"Developer","twitter_card":"summary_large_image","twitter_misc":{"Written by":"Developer","Est. reading time":"3 minutes"},"schema":{"@context":"https:\/\/schema.org","@graph":[{"@type":"Article","@id":"https:\/\/qtmm.org\/qt\/meclis-ukrainada-en-qadimiy-uzbek-han-camisinin-700-yilligini-resmiy-surette-qayd-etmek-tesebbusinen-ciqti\/#article","isPartOf":{"@id":"https:\/\/qtmm.org\/qt\/meclis-ukrainada-en-qadimiy-uzbek-han-camisinin-700-yilligini-resmiy-surette-qayd-etmek-tesebbusinen-ciqti\/"},"author":{"name":"Developer","@id":"https:\/\/qtmm.org\/qt\/#\/schema\/person\/de562469f971dec226ac06e60bbf74a7"},"headline":"Meclis Ukrainada e\u00f1 qadimiy \u00dczbek han camisini\u00f1 700 y\u0131ll\u0131\u011f\u0131n\u0131 resmiy s\u00fcrette qayd etmek te\u015febb\u00fcsinen \u00e7\u0131qt\u0131","datePublished":"2013-10-03T15:24:00+00:00","dateModified":"2022-01-25T15:26:06+00:00","mainEntityOfPage":{"@id":"https:\/\/qtmm.org\/qt\/meclis-ukrainada-en-qadimiy-uzbek-han-camisinin-700-yilligini-resmiy-surette-qayd-etmek-tesebbusinen-ciqti\/"},"wordCount":567,"commentCount":0,"publisher":{"@id":"https:\/\/qtmm.org\/qt\/#organization"},"image":{"@id":"https:\/\/qtmm.org\/qt\/meclis-ukrainada-en-qadimiy-uzbek-han-camisinin-700-yilligini-resmiy-surette-qayd-etmek-tesebbusinen-ciqti\/#primaryimage"},"thumbnailUrl":"http:\/\/qtmm.org\/wp-content\/uploads\/2022\/01\/pa020054.jpeg","articleSection":["Haberler"],"inLanguage":"qt","potentialAction":[{"@type":"CommentAction","name":"Comment","target":["https:\/\/qtmm.org\/qt\/meclis-ukrainada-en-qadimiy-uzbek-han-camisinin-700-yilligini-resmiy-surette-qayd-etmek-tesebbusinen-ciqti\/#respond"]}]},{"@type":"WebPage","@id":"https:\/\/qtmm.org\/qt\/meclis-ukrainada-en-qadimiy-uzbek-han-camisinin-700-yilligini-resmiy-surette-qayd-etmek-tesebbusinen-ciqti\/","url":"https:\/\/qtmm.org\/qt\/meclis-ukrainada-en-qadimiy-uzbek-han-camisinin-700-yilligini-resmiy-surette-qayd-etmek-tesebbusinen-ciqti\/","name":"Meclis Ukrainada e\u00f1 qadimiy \u00dczbek han camisini\u00f1 700 y\u0131ll\u0131\u011f\u0131n\u0131 resmiy s\u00fcrette qayd etmek te\u015febb\u00fcsinen \u00e7\u0131qt\u0131 - \u041c\u0435\u0434\u0436\u043b\u0456\u0441","isPartOf":{"@id":"https:\/\/qtmm.org\/qt\/#website"},"primaryImageOfPage":{"@id":"https:\/\/qtmm.org\/qt\/meclis-ukrainada-en-qadimiy-uzbek-han-camisinin-700-yilligini-resmiy-surette-qayd-etmek-tesebbusinen-ciqti\/#primaryimage"},"image":{"@id":"https:\/\/qtmm.org\/qt\/meclis-ukrainada-en-qadimiy-uzbek-han-camisinin-700-yilligini-resmiy-surette-qayd-etmek-tesebbusinen-ciqti\/#primaryimage"},"thumbnailUrl":"http:\/\/qtmm.org\/wp-content\/uploads\/2022\/01\/pa020054.jpeg","datePublished":"2013-10-03T15:24:00+00:00","dateModified":"2022-01-25T15:26:06+00:00","breadcrumb":{"@id":"https:\/\/qtmm.org\/qt\/meclis-ukrainada-en-qadimiy-uzbek-han-camisinin-700-yilligini-resmiy-surette-qayd-etmek-tesebbusinen-ciqti\/#breadcrumb"},"inLanguage":"qt","potentialAction":[{"@type":"ReadAction","target":["https:\/\/qtmm.org\/qt\/meclis-ukrainada-en-qadimiy-uzbek-han-camisinin-700-yilligini-resmiy-surette-qayd-etmek-tesebbusinen-ciqti\/"]}]},{"@type":"ImageObject","inLanguage":"qt","@id":"https:\/\/qtmm.org\/qt\/meclis-ukrainada-en-qadimiy-uzbek-han-camisinin-700-yilligini-resmiy-surette-qayd-etmek-tesebbusinen-ciqti\/#primaryimage","url":"http:\/\/qtmm.org\/wp-content\/uploads\/2022\/01\/pa020054.jpeg","contentUrl":"http:\/\/qtmm.org\/wp-content\/uploads\/2022\/01\/pa020054.jpeg"},{"@type":"BreadcrumbList","@id":"https:\/\/qtmm.org\/qt\/meclis-ukrainada-en-qadimiy-uzbek-han-camisinin-700-yilligini-resmiy-surette-qayd-etmek-tesebbusinen-ciqti\/#breadcrumb","itemListElement":[{"@type":"ListItem","position":1,"name":"\u0413\u043e\u043b\u043e\u0432\u043d\u0430","item":"https:\/\/qtmm.org\/qt\/"},{"@type":"ListItem","position":2,"name":"Meclis Ukrainada e\u00f1 qadimiy \u00dczbek han camisini\u00f1 700 y\u0131ll\u0131\u011f\u0131n\u0131 resmiy s\u00fcrette qayd etmek te\u015febb\u00fcsinen \u00e7\u0131qt\u0131"}]},{"@type":"WebSite","@id":"https:\/\/qtmm.org\/qt\/#website","url":"https:\/\/qtmm.org\/qt\/","name":"\u041c\u0435\u0434\u0436\u043b\u0456\u0441","description":"","publisher":{"@id":"https:\/\/qtmm.org\/qt\/#organization"},"potentialAction":[{"@type":"SearchAction","target":{"@type":"EntryPoint","urlTemplate":"https:\/\/qtmm.org\/qt\/?s={search_term_string}"},"query-input":{"@type":"PropertyValueSpecification","valueRequired":true,"valueName":"search_term_string"}}],"inLanguage":"qt"},{"@type":"Organization","@id":"https:\/\/qtmm.org\/qt\/#organization","name":"\u041c\u0435\u0434\u0436\u043b\u0456\u0441","url":"https:\/\/qtmm.org\/qt\/","logo":{"@type":"ImageObject","inLanguage":"qt","@id":"https:\/\/qtmm.org\/qt\/#\/schema\/logo\/image\/","url":"https:\/\/qtmm.org\/wp-content\/uploads\/2024\/12\/ua-mejlis-logo-rgb.svg","contentUrl":"https:\/\/qtmm.org\/wp-content\/uploads\/2024\/12\/ua-mejlis-logo-rgb.svg","caption":"\u041c\u0435\u0434\u0436\u043b\u0456\u0441"},"image":{"@id":"https:\/\/qtmm.org\/qt\/#\/schema\/logo\/image\/"},"sameAs":["https:\/\/www.facebook.com\/qtmm.info\/"]},{"@type":"Person","@id":"https:\/\/qtmm.org\/qt\/#\/schema\/person\/de562469f971dec226ac06e60bbf74a7","name":"Developer","image":{"@type":"ImageObject","inLanguage":"qt","@id":"https:\/\/secure.gravatar.com\/avatar\/392b4cc8fbfeb00b39dfeeab4ee6edded39ffd48e25858637e4765810300227e?s=96&d=mm&r=g","url":"https:\/\/secure.gravatar.com\/avatar\/392b4cc8fbfeb00b39dfeeab4ee6edded39ffd48e25858637e4765810300227e?s=96&d=mm&r=g","contentUrl":"https:\/\/secure.gravatar.com\/avatar\/392b4cc8fbfeb00b39dfeeab4ee6edded39ffd48e25858637e4765810300227e?s=96&d=mm&r=g","caption":"Developer"},"url":"https:\/\/qtmm.org\/qt\/author\/Developer\/"}]}},"_links":{"self":[{"href":"https:\/\/qtmm.org\/qt\/wp-json\/wp\/v2\/posts\/39555","targetHints":{"allow":["GET"]}}],"collection":[{"href":"https:\/\/qtmm.org\/qt\/wp-json\/wp\/v2\/posts"}],"about":[{"href":"https:\/\/qtmm.org\/qt\/wp-json\/wp\/v2\/types\/post"}],"author":[{"embeddable":true,"href":"https:\/\/qtmm.org\/qt\/wp-json\/wp\/v2\/users\/1"}],"replies":[{"embeddable":true,"href":"https:\/\/qtmm.org\/qt\/wp-json\/wp\/v2\/comments?post=39555"}],"version-history":[{"count":1,"href":"https:\/\/qtmm.org\/qt\/wp-json\/wp\/v2\/posts\/39555\/revisions"}],"predecessor-version":[{"id":39568,"href":"https:\/\/qtmm.org\/qt\/wp-json\/wp\/v2\/posts\/39555\/revisions\/39568"}],"wp:attachment":[{"href":"https:\/\/qtmm.org\/qt\/wp-json\/wp\/v2\/media?parent=39555"}],"wp:term":[{"taxonomy":"category","embeddable":true,"href":"https:\/\/qtmm.org\/qt\/wp-json\/wp\/v2\/categories?post=39555"},{"taxonomy":"post_tag","embeddable":true,"href":"https:\/\/qtmm.org\/qt\/wp-json\/wp\/v2\/tags?post=39555"}],"curies":[{"name":"wp","href":"https:\/\/api.w.org\/{rel}","templated":true}]}}