




{"id":39541,"date":"2013-10-05T18:23:00","date_gmt":"2013-10-05T15:23:00","guid":{"rendered":"http:\/\/qtmm.org\/?p=39541"},"modified":"2022-01-25T18:24:29","modified_gmt":"2022-01-25T15:24:29","slug":"ukraina-yuqari-surasinin-milletlerara-munasebetler-komiteti-seyyar-toplasuvini-zakarpatye-vilayetinde-kecirdi","status":"publish","type":"post","link":"https:\/\/qtmm.org\/qt\/ukraina-yuqari-surasinin-milletlerara-munasebetler-komiteti-seyyar-toplasuvini-zakarpatye-vilayetinde-kecirdi\/","title":{"rendered":"Ukraina Yuqar\u0131 \u015euras\u0131n\u0131\u00f1 milletlerara munasebetler komiteti seyyar topla\u015fuv\u0131n\u0131 Zakarpatye vil\u00e2yetinde ke\u00e7irdi"},"content":{"rendered":"\n<p>2013 senesi okt\u00e2br 1-2 k\u00fcnleri Zakarpatye vil\u00e2yetinde Ukraina Yuqar\u0131 \u015euras\u0131n\u0131\u00f1 milletlerara munasebetler komitetini\u00f1 seyyar topla\u015fuv\u0131 \u00f6tkerildi.<\/p>\n\n\n\n<p>Topla\u015fuvn\u0131\u00f1 i\u015finde Ukraina Yuqar\u0131 \u015euras\u0131n\u0131\u00f1 insan aqlar\u0131, milliy azl\u0131qlar ve milletlerara munasebetler komitetini\u00f1 tam\u0131r halqlar, milliy azl\u0131qlar, etnik gruppalar, s\u00fcrg\u00fcn etilgen halqlar ve milliy azl\u0131qlar b\u00f6l\u00fcgine yolba\u015f\u00e7\u0131l\u0131q yapqan Q\u0131r\u0131mtatar halq\u0131 Meclisini\u00f1 reisi, Ukraina halq deputat\u0131 Mustafa Cemilev i\u015ftirak etti<\/p>\n\n\n\n<figure class=\"wp-block-image size-full\"><img loading=\"lazy\" decoding=\"async\" width=\"650\" height=\"365\" src=\"http:\/\/qtmm.org\/wp-content\/uploads\/2022\/01\/2_127.jpeg\" alt=\"\" class=\"wp-image-39542\" srcset=\"https:\/\/qtmm.org\/wp-content\/uploads\/2022\/01\/2_127.jpeg 650w, https:\/\/qtmm.org\/wp-content\/uploads\/2022\/01\/2_127-300x168.jpeg 300w\" sizes=\"auto, (max-width: 650px) 100vw, 650px\" \/><\/figure>\n\n\n\n<p>Komitetni\u00f1 Ujgorod \u015feerinde Zakarpatye vil\u00e2yet \u015furas\u0131n\u0131\u00f1 binas\u0131nda eki k\u00fcnl\u00fck i\u015fi devam\u0131nda Zakarpatye vil\u00e2yetinde milliy azl\u0131qlarn\u0131\u00f1 aqlar\u0131n\u0131 teminlev vaziyeti, Ukrainan\u0131\u00f1 s\u0131\u00f1\u0131r topraqlar\u0131nda ya\u015fa\u011fan ve qo\u015fumca qoruv\u011fa muhtac \u015fah\u0131slar ve qa\u00e7aqlar aqq\u0131nda Ukraina qanunlar\u0131 i\u015fletilmesini\u00f1 keti\u015fat\u0131 muzakere etildi. Parlament komitetini\u00f1 azalar\u0131 bun\u0131\u00f1 kibi de Ujgorod milliy universiteti Avropa uquq\u0131 ve uquq\u015f\u0131nasl\u0131q fakultetini\u00f1 professor, ocalar\u0131 ve studentlerinen k\u00f6r\u00fc\u015fip, Zakarpatye milliy azl\u0131qlar\u0131 medeniyetlerini\u00f1 merkezini ziyaret ettiler.<\/p>\n\n\n\n<figure class=\"wp-block-image size-full\"><img loading=\"lazy\" decoding=\"async\" width=\"650\" height=\"300\" src=\"http:\/\/qtmm.org\/wp-content\/uploads\/2022\/01\/3_96.jpeg\" alt=\"\" class=\"wp-image-39546\" srcset=\"https:\/\/qtmm.org\/wp-content\/uploads\/2022\/01\/3_96.jpeg 650w, https:\/\/qtmm.org\/wp-content\/uploads\/2022\/01\/3_96-300x138.jpeg 300w\" sizes=\"auto, (max-width: 650px) 100vw, 650px\" \/><\/figure>\n\n\n\n<p>Okt\u00e2br 2 k\u00fcn\u00fc Komitet \u00f6z i\u015fini Ukrainan\u0131\u00f1 \u011farbiy \u015feerleri, Muka\u00e7evo ve Beregovoda devam etip, m\u0131nda da qa\u00e7aqlar vaqt\u0131nca yerle\u015ftirilgen noqtalarn\u0131 ziyaret etecek, bun\u0131\u00f1 kibi de Ferents Rakotsi II ad\u0131na Zakarpatye macar institut\u0131n\u0131\u00f1 ocalar\u0131 ve studentleri, Macaristan Devlet \u015furas\u0131 Milliy birlik komitetini\u00f1 yolba\u015f\u00e7\u0131lar\u0131nen ve romlar cemiyetini\u00f1 vekillerinen k\u00f6r\u00fc\u015ftiler.<\/p>\n\n\n\n<p>Seyyar topla\u015fuv \u00e7er\u00e7ivesinde romalar milliy azl\u0131q vekilleri toplu ya\u015fa\u011fan yerlerni\u00f1 de ziyaret etilmesi k\u00f6zde tutula.<\/p>\n\n\n\n<figure class=\"wp-block-image size-full\"><img loading=\"lazy\" decoding=\"async\" width=\"650\" height=\"307\" src=\"http:\/\/qtmm.org\/wp-content\/uploads\/2022\/01\/6_40.jpeg\" alt=\"\" class=\"wp-image-39550\" srcset=\"https:\/\/qtmm.org\/wp-content\/uploads\/2022\/01\/6_40.jpeg 650w, https:\/\/qtmm.org\/wp-content\/uploads\/2022\/01\/6_40-300x142.jpeg 300w\" sizes=\"auto, (max-width: 650px) 100vw, 650px\" \/><\/figure>\n","protected":false},"excerpt":{"rendered":"<p>2013 senesi okt\u00e2br 1-2 k\u00fcnleri Zakarpatye vil\u00e2yetinde Ukraina Yuqar\u0131 \u015euras\u0131n\u0131\u00f1 milletlerara munasebetler komitetini\u00f1 seyyar topla\u015fuv\u0131 \u00f6tkerildi. Topla\u015fuvn\u0131\u00f1 i\u015finde Ukraina Yuqar\u0131 \u015euras\u0131n\u0131\u00f1 insan aqlar\u0131, milliy azl\u0131qlar ve milletlerara munasebetler komitetini\u00f1 tam\u0131r halqlar, milliy azl\u0131qlar, etnik gruppalar, s\u00fcrg\u00fcn etilgen halqlar ve milliy azl\u0131qlar b\u00f6l\u00fcgine yolba\u015f\u00e7\u0131l\u0131q yapqan Q\u0131r\u0131mtatar halq\u0131 Meclisini\u00f1 reisi, Ukraina halq deputat\u0131 Mustafa Cemilev i\u015ftirak etti [&hellip;]<\/p>\n","protected":false},"author":1,"featured_media":0,"comment_status":"open","ping_status":"open","sticky":false,"template":"","format":"standard","meta":{"inline_featured_image":false,"footnotes":""},"categories":[265],"tags":[],"class_list":["post-39541","post","type-post","status-publish","format-standard","hentry","category-haberler"],"acf":[],"yoast_head":"<!-- This site is optimized with the Yoast SEO plugin v27.4 - https:\/\/yoast.com\/product\/yoast-seo-wordpress\/ -->\n<title>Ukraina Yuqar\u0131 \u015euras\u0131n\u0131\u00f1 milletlerara munasebetler komiteti seyyar topla\u015fuv\u0131n\u0131 Zakarpatye vil\u00e2yetinde ke\u00e7irdi - \u041c\u0435\u0434\u0436\u043b\u0456\u0441<\/title>\n<meta name=\"robots\" content=\"index, follow, max-snippet:-1, max-image-preview:large, max-video-preview:-1\" \/>\n<link rel=\"canonical\" href=\"https:\/\/qtmm.org\/qt\/ukraina-yuqari-surasinin-milletlerara-munasebetler-komiteti-seyyar-toplasuvini-zakarpatye-vilayetinde-kecirdi\/\" \/>\n<meta property=\"og:locale\" content=\"en_US\" \/>\n<meta property=\"og:type\" content=\"article\" \/>\n<meta property=\"og:title\" content=\"Ukraina Yuqar\u0131 \u015euras\u0131n\u0131\u00f1 milletlerara munasebetler komiteti seyyar topla\u015fuv\u0131n\u0131 Zakarpatye vil\u00e2yetinde ke\u00e7irdi - \u041c\u0435\u0434\u0436\u043b\u0456\u0441\" \/>\n<meta property=\"og:description\" content=\"2013 senesi okt\u00e2br 1-2 k\u00fcnleri Zakarpatye vil\u00e2yetinde Ukraina Yuqar\u0131 \u015euras\u0131n\u0131\u00f1 milletlerara munasebetler komitetini\u00f1 seyyar topla\u015fuv\u0131 \u00f6tkerildi. Topla\u015fuvn\u0131\u00f1 i\u015finde Ukraina Yuqar\u0131 \u015euras\u0131n\u0131\u00f1 insan aqlar\u0131, milliy azl\u0131qlar ve milletlerara munasebetler komitetini\u00f1 tam\u0131r halqlar, milliy azl\u0131qlar, etnik gruppalar, s\u00fcrg\u00fcn etilgen halqlar ve milliy azl\u0131qlar b\u00f6l\u00fcgine yolba\u015f\u00e7\u0131l\u0131q yapqan Q\u0131r\u0131mtatar halq\u0131 Meclisini\u00f1 reisi, Ukraina halq deputat\u0131 Mustafa Cemilev i\u015ftirak etti [&hellip;]\" \/>\n<meta property=\"og:url\" content=\"https:\/\/qtmm.org\/qt\/ukraina-yuqari-surasinin-milletlerara-munasebetler-komiteti-seyyar-toplasuvini-zakarpatye-vilayetinde-kecirdi\/\" \/>\n<meta property=\"og:site_name\" content=\"\u041c\u0435\u0434\u0436\u043b\u0456\u0441\" \/>\n<meta property=\"article:publisher\" content=\"https:\/\/www.facebook.com\/qtmm.info\/\" \/>\n<meta property=\"article:published_time\" content=\"2013-10-05T15:23:00+00:00\" \/>\n<meta property=\"article:modified_time\" content=\"2022-01-25T15:24:29+00:00\" \/>\n<meta property=\"og:image\" content=\"https:\/\/qtmm.org\/wp-content\/uploads\/2022\/01\/2_127.jpeg\" \/>\n\t<meta property=\"og:image:width\" content=\"650\" \/>\n\t<meta property=\"og:image:height\" content=\"365\" \/>\n\t<meta property=\"og:image:type\" content=\"image\/jpeg\" \/>\n<meta name=\"author\" content=\"Developer\" \/>\n<meta name=\"twitter:card\" content=\"summary_large_image\" \/>\n<meta name=\"twitter:label1\" content=\"Written by\" \/>\n\t<meta name=\"twitter:data1\" content=\"Developer\" \/>\n\t<meta name=\"twitter:label2\" content=\"Est. reading time\" \/>\n\t<meta name=\"twitter:data2\" content=\"1 minute\" \/>\n<script type=\"application\/ld+json\" class=\"yoast-schema-graph\">{\"@context\":\"https:\\\/\\\/schema.org\",\"@graph\":[{\"@type\":\"Article\",\"@id\":\"https:\\\/\\\/qtmm.org\\\/qt\\\/ukraina-yuqari-surasinin-milletlerara-munasebetler-komiteti-seyyar-toplasuvini-zakarpatye-vilayetinde-kecirdi\\\/#article\",\"isPartOf\":{\"@id\":\"https:\\\/\\\/qtmm.org\\\/qt\\\/ukraina-yuqari-surasinin-milletlerara-munasebetler-komiteti-seyyar-toplasuvini-zakarpatye-vilayetinde-kecirdi\\\/\"},\"author\":{\"name\":\"Developer\",\"@id\":\"https:\\\/\\\/qtmm.org\\\/qt\\\/#\\\/schema\\\/person\\\/de562469f971dec226ac06e60bbf74a7\"},\"headline\":\"Ukraina Yuqar\u0131 \u015euras\u0131n\u0131\u00f1 milletlerara munasebetler komiteti seyyar topla\u015fuv\u0131n\u0131 Zakarpatye vil\u00e2yetinde ke\u00e7irdi\",\"datePublished\":\"2013-10-05T15:23:00+00:00\",\"dateModified\":\"2022-01-25T15:24:29+00:00\",\"mainEntityOfPage\":{\"@id\":\"https:\\\/\\\/qtmm.org\\\/qt\\\/ukraina-yuqari-surasinin-milletlerara-munasebetler-komiteti-seyyar-toplasuvini-zakarpatye-vilayetinde-kecirdi\\\/\"},\"wordCount\":260,\"commentCount\":0,\"publisher\":{\"@id\":\"https:\\\/\\\/qtmm.org\\\/qt\\\/#organization\"},\"image\":{\"@id\":\"https:\\\/\\\/qtmm.org\\\/qt\\\/ukraina-yuqari-surasinin-milletlerara-munasebetler-komiteti-seyyar-toplasuvini-zakarpatye-vilayetinde-kecirdi\\\/#primaryimage\"},\"thumbnailUrl\":\"http:\\\/\\\/qtmm.org\\\/wp-content\\\/uploads\\\/2022\\\/01\\\/2_127.jpeg\",\"articleSection\":[\"Haberler\"],\"inLanguage\":\"qt\",\"potentialAction\":[{\"@type\":\"CommentAction\",\"name\":\"Comment\",\"target\":[\"https:\\\/\\\/qtmm.org\\\/qt\\\/ukraina-yuqari-surasinin-milletlerara-munasebetler-komiteti-seyyar-toplasuvini-zakarpatye-vilayetinde-kecirdi\\\/#respond\"]}]},{\"@type\":\"WebPage\",\"@id\":\"https:\\\/\\\/qtmm.org\\\/qt\\\/ukraina-yuqari-surasinin-milletlerara-munasebetler-komiteti-seyyar-toplasuvini-zakarpatye-vilayetinde-kecirdi\\\/\",\"url\":\"https:\\\/\\\/qtmm.org\\\/qt\\\/ukraina-yuqari-surasinin-milletlerara-munasebetler-komiteti-seyyar-toplasuvini-zakarpatye-vilayetinde-kecirdi\\\/\",\"name\":\"Ukraina Yuqar\u0131 \u015euras\u0131n\u0131\u00f1 milletlerara munasebetler komiteti seyyar topla\u015fuv\u0131n\u0131 Zakarpatye vil\u00e2yetinde ke\u00e7irdi - \u041c\u0435\u0434\u0436\u043b\u0456\u0441\",\"isPartOf\":{\"@id\":\"https:\\\/\\\/qtmm.org\\\/qt\\\/#website\"},\"primaryImageOfPage\":{\"@id\":\"https:\\\/\\\/qtmm.org\\\/qt\\\/ukraina-yuqari-surasinin-milletlerara-munasebetler-komiteti-seyyar-toplasuvini-zakarpatye-vilayetinde-kecirdi\\\/#primaryimage\"},\"image\":{\"@id\":\"https:\\\/\\\/qtmm.org\\\/qt\\\/ukraina-yuqari-surasinin-milletlerara-munasebetler-komiteti-seyyar-toplasuvini-zakarpatye-vilayetinde-kecirdi\\\/#primaryimage\"},\"thumbnailUrl\":\"http:\\\/\\\/qtmm.org\\\/wp-content\\\/uploads\\\/2022\\\/01\\\/2_127.jpeg\",\"datePublished\":\"2013-10-05T15:23:00+00:00\",\"dateModified\":\"2022-01-25T15:24:29+00:00\",\"breadcrumb\":{\"@id\":\"https:\\\/\\\/qtmm.org\\\/qt\\\/ukraina-yuqari-surasinin-milletlerara-munasebetler-komiteti-seyyar-toplasuvini-zakarpatye-vilayetinde-kecirdi\\\/#breadcrumb\"},\"inLanguage\":\"qt\",\"potentialAction\":[{\"@type\":\"ReadAction\",\"target\":[\"https:\\\/\\\/qtmm.org\\\/qt\\\/ukraina-yuqari-surasinin-milletlerara-munasebetler-komiteti-seyyar-toplasuvini-zakarpatye-vilayetinde-kecirdi\\\/\"]}]},{\"@type\":\"ImageObject\",\"inLanguage\":\"qt\",\"@id\":\"https:\\\/\\\/qtmm.org\\\/qt\\\/ukraina-yuqari-surasinin-milletlerara-munasebetler-komiteti-seyyar-toplasuvini-zakarpatye-vilayetinde-kecirdi\\\/#primaryimage\",\"url\":\"http:\\\/\\\/qtmm.org\\\/wp-content\\\/uploads\\\/2022\\\/01\\\/2_127.jpeg\",\"contentUrl\":\"http:\\\/\\\/qtmm.org\\\/wp-content\\\/uploads\\\/2022\\\/01\\\/2_127.jpeg\"},{\"@type\":\"BreadcrumbList\",\"@id\":\"https:\\\/\\\/qtmm.org\\\/qt\\\/ukraina-yuqari-surasinin-milletlerara-munasebetler-komiteti-seyyar-toplasuvini-zakarpatye-vilayetinde-kecirdi\\\/#breadcrumb\",\"itemListElement\":[{\"@type\":\"ListItem\",\"position\":1,\"name\":\"\u0413\u043e\u043b\u043e\u0432\u043d\u0430\",\"item\":\"https:\\\/\\\/qtmm.org\\\/qt\\\/\"},{\"@type\":\"ListItem\",\"position\":2,\"name\":\"Ukraina Yuqar\u0131 \u015euras\u0131n\u0131\u00f1 milletlerara munasebetler komiteti seyyar topla\u015fuv\u0131n\u0131 Zakarpatye vil\u00e2yetinde ke\u00e7irdi\"}]},{\"@type\":\"WebSite\",\"@id\":\"https:\\\/\\\/qtmm.org\\\/qt\\\/#website\",\"url\":\"https:\\\/\\\/qtmm.org\\\/qt\\\/\",\"name\":\"\u041c\u0435\u0434\u0436\u043b\u0456\u0441\",\"description\":\"\",\"publisher\":{\"@id\":\"https:\\\/\\\/qtmm.org\\\/qt\\\/#organization\"},\"potentialAction\":[{\"@type\":\"SearchAction\",\"target\":{\"@type\":\"EntryPoint\",\"urlTemplate\":\"https:\\\/\\\/qtmm.org\\\/qt\\\/?s={search_term_string}\"},\"query-input\":{\"@type\":\"PropertyValueSpecification\",\"valueRequired\":true,\"valueName\":\"search_term_string\"}}],\"inLanguage\":\"qt\"},{\"@type\":\"Organization\",\"@id\":\"https:\\\/\\\/qtmm.org\\\/qt\\\/#organization\",\"name\":\"\u041c\u0435\u0434\u0436\u043b\u0456\u0441\",\"url\":\"https:\\\/\\\/qtmm.org\\\/qt\\\/\",\"logo\":{\"@type\":\"ImageObject\",\"inLanguage\":\"qt\",\"@id\":\"https:\\\/\\\/qtmm.org\\\/qt\\\/#\\\/schema\\\/logo\\\/image\\\/\",\"url\":\"https:\\\/\\\/qtmm.org\\\/wp-content\\\/uploads\\\/2024\\\/12\\\/ua-mejlis-logo-rgb.svg\",\"contentUrl\":\"https:\\\/\\\/qtmm.org\\\/wp-content\\\/uploads\\\/2024\\\/12\\\/ua-mejlis-logo-rgb.svg\",\"caption\":\"\u041c\u0435\u0434\u0436\u043b\u0456\u0441\"},\"image\":{\"@id\":\"https:\\\/\\\/qtmm.org\\\/qt\\\/#\\\/schema\\\/logo\\\/image\\\/\"},\"sameAs\":[\"https:\\\/\\\/www.facebook.com\\\/qtmm.info\\\/\"]},{\"@type\":\"Person\",\"@id\":\"https:\\\/\\\/qtmm.org\\\/qt\\\/#\\\/schema\\\/person\\\/de562469f971dec226ac06e60bbf74a7\",\"name\":\"Developer\",\"image\":{\"@type\":\"ImageObject\",\"inLanguage\":\"qt\",\"@id\":\"https:\\\/\\\/secure.gravatar.com\\\/avatar\\\/392b4cc8fbfeb00b39dfeeab4ee6edded39ffd48e25858637e4765810300227e?s=96&d=mm&r=g\",\"url\":\"https:\\\/\\\/secure.gravatar.com\\\/avatar\\\/392b4cc8fbfeb00b39dfeeab4ee6edded39ffd48e25858637e4765810300227e?s=96&d=mm&r=g\",\"contentUrl\":\"https:\\\/\\\/secure.gravatar.com\\\/avatar\\\/392b4cc8fbfeb00b39dfeeab4ee6edded39ffd48e25858637e4765810300227e?s=96&d=mm&r=g\",\"caption\":\"Developer\"},\"url\":\"https:\\\/\\\/qtmm.org\\\/qt\\\/author\\\/Developer\\\/\"}]}<\/script>\n<!-- \/ Yoast SEO plugin. -->","yoast_head_json":{"title":"Ukraina Yuqar\u0131 \u015euras\u0131n\u0131\u00f1 milletlerara munasebetler komiteti seyyar topla\u015fuv\u0131n\u0131 Zakarpatye vil\u00e2yetinde ke\u00e7irdi - \u041c\u0435\u0434\u0436\u043b\u0456\u0441","robots":{"index":"index","follow":"follow","max-snippet":"max-snippet:-1","max-image-preview":"max-image-preview:large","max-video-preview":"max-video-preview:-1"},"canonical":"https:\/\/qtmm.org\/qt\/ukraina-yuqari-surasinin-milletlerara-munasebetler-komiteti-seyyar-toplasuvini-zakarpatye-vilayetinde-kecirdi\/","og_locale":"en_US","og_type":"article","og_title":"Ukraina Yuqar\u0131 \u015euras\u0131n\u0131\u00f1 milletlerara munasebetler komiteti seyyar topla\u015fuv\u0131n\u0131 Zakarpatye vil\u00e2yetinde ke\u00e7irdi - \u041c\u0435\u0434\u0436\u043b\u0456\u0441","og_description":"2013 senesi okt\u00e2br 1-2 k\u00fcnleri Zakarpatye vil\u00e2yetinde Ukraina Yuqar\u0131 \u015euras\u0131n\u0131\u00f1 milletlerara munasebetler komitetini\u00f1 seyyar topla\u015fuv\u0131 \u00f6tkerildi. Topla\u015fuvn\u0131\u00f1 i\u015finde Ukraina Yuqar\u0131 \u015euras\u0131n\u0131\u00f1 insan aqlar\u0131, milliy azl\u0131qlar ve milletlerara munasebetler komitetini\u00f1 tam\u0131r halqlar, milliy azl\u0131qlar, etnik gruppalar, s\u00fcrg\u00fcn etilgen halqlar ve milliy azl\u0131qlar b\u00f6l\u00fcgine yolba\u015f\u00e7\u0131l\u0131q yapqan Q\u0131r\u0131mtatar halq\u0131 Meclisini\u00f1 reisi, Ukraina halq deputat\u0131 Mustafa Cemilev i\u015ftirak etti [&hellip;]","og_url":"https:\/\/qtmm.org\/qt\/ukraina-yuqari-surasinin-milletlerara-munasebetler-komiteti-seyyar-toplasuvini-zakarpatye-vilayetinde-kecirdi\/","og_site_name":"\u041c\u0435\u0434\u0436\u043b\u0456\u0441","article_publisher":"https:\/\/www.facebook.com\/qtmm.info\/","article_published_time":"2013-10-05T15:23:00+00:00","article_modified_time":"2022-01-25T15:24:29+00:00","og_image":[{"width":650,"height":365,"url":"https:\/\/qtmm.org\/wp-content\/uploads\/2022\/01\/2_127.jpeg","type":"image\/jpeg"}],"author":"Developer","twitter_card":"summary_large_image","twitter_misc":{"Written by":"Developer","Est. reading time":"1 minute"},"schema":{"@context":"https:\/\/schema.org","@graph":[{"@type":"Article","@id":"https:\/\/qtmm.org\/qt\/ukraina-yuqari-surasinin-milletlerara-munasebetler-komiteti-seyyar-toplasuvini-zakarpatye-vilayetinde-kecirdi\/#article","isPartOf":{"@id":"https:\/\/qtmm.org\/qt\/ukraina-yuqari-surasinin-milletlerara-munasebetler-komiteti-seyyar-toplasuvini-zakarpatye-vilayetinde-kecirdi\/"},"author":{"name":"Developer","@id":"https:\/\/qtmm.org\/qt\/#\/schema\/person\/de562469f971dec226ac06e60bbf74a7"},"headline":"Ukraina Yuqar\u0131 \u015euras\u0131n\u0131\u00f1 milletlerara munasebetler komiteti seyyar topla\u015fuv\u0131n\u0131 Zakarpatye vil\u00e2yetinde ke\u00e7irdi","datePublished":"2013-10-05T15:23:00+00:00","dateModified":"2022-01-25T15:24:29+00:00","mainEntityOfPage":{"@id":"https:\/\/qtmm.org\/qt\/ukraina-yuqari-surasinin-milletlerara-munasebetler-komiteti-seyyar-toplasuvini-zakarpatye-vilayetinde-kecirdi\/"},"wordCount":260,"commentCount":0,"publisher":{"@id":"https:\/\/qtmm.org\/qt\/#organization"},"image":{"@id":"https:\/\/qtmm.org\/qt\/ukraina-yuqari-surasinin-milletlerara-munasebetler-komiteti-seyyar-toplasuvini-zakarpatye-vilayetinde-kecirdi\/#primaryimage"},"thumbnailUrl":"http:\/\/qtmm.org\/wp-content\/uploads\/2022\/01\/2_127.jpeg","articleSection":["Haberler"],"inLanguage":"qt","potentialAction":[{"@type":"CommentAction","name":"Comment","target":["https:\/\/qtmm.org\/qt\/ukraina-yuqari-surasinin-milletlerara-munasebetler-komiteti-seyyar-toplasuvini-zakarpatye-vilayetinde-kecirdi\/#respond"]}]},{"@type":"WebPage","@id":"https:\/\/qtmm.org\/qt\/ukraina-yuqari-surasinin-milletlerara-munasebetler-komiteti-seyyar-toplasuvini-zakarpatye-vilayetinde-kecirdi\/","url":"https:\/\/qtmm.org\/qt\/ukraina-yuqari-surasinin-milletlerara-munasebetler-komiteti-seyyar-toplasuvini-zakarpatye-vilayetinde-kecirdi\/","name":"Ukraina Yuqar\u0131 \u015euras\u0131n\u0131\u00f1 milletlerara munasebetler komiteti seyyar topla\u015fuv\u0131n\u0131 Zakarpatye vil\u00e2yetinde ke\u00e7irdi - \u041c\u0435\u0434\u0436\u043b\u0456\u0441","isPartOf":{"@id":"https:\/\/qtmm.org\/qt\/#website"},"primaryImageOfPage":{"@id":"https:\/\/qtmm.org\/qt\/ukraina-yuqari-surasinin-milletlerara-munasebetler-komiteti-seyyar-toplasuvini-zakarpatye-vilayetinde-kecirdi\/#primaryimage"},"image":{"@id":"https:\/\/qtmm.org\/qt\/ukraina-yuqari-surasinin-milletlerara-munasebetler-komiteti-seyyar-toplasuvini-zakarpatye-vilayetinde-kecirdi\/#primaryimage"},"thumbnailUrl":"http:\/\/qtmm.org\/wp-content\/uploads\/2022\/01\/2_127.jpeg","datePublished":"2013-10-05T15:23:00+00:00","dateModified":"2022-01-25T15:24:29+00:00","breadcrumb":{"@id":"https:\/\/qtmm.org\/qt\/ukraina-yuqari-surasinin-milletlerara-munasebetler-komiteti-seyyar-toplasuvini-zakarpatye-vilayetinde-kecirdi\/#breadcrumb"},"inLanguage":"qt","potentialAction":[{"@type":"ReadAction","target":["https:\/\/qtmm.org\/qt\/ukraina-yuqari-surasinin-milletlerara-munasebetler-komiteti-seyyar-toplasuvini-zakarpatye-vilayetinde-kecirdi\/"]}]},{"@type":"ImageObject","inLanguage":"qt","@id":"https:\/\/qtmm.org\/qt\/ukraina-yuqari-surasinin-milletlerara-munasebetler-komiteti-seyyar-toplasuvini-zakarpatye-vilayetinde-kecirdi\/#primaryimage","url":"http:\/\/qtmm.org\/wp-content\/uploads\/2022\/01\/2_127.jpeg","contentUrl":"http:\/\/qtmm.org\/wp-content\/uploads\/2022\/01\/2_127.jpeg"},{"@type":"BreadcrumbList","@id":"https:\/\/qtmm.org\/qt\/ukraina-yuqari-surasinin-milletlerara-munasebetler-komiteti-seyyar-toplasuvini-zakarpatye-vilayetinde-kecirdi\/#breadcrumb","itemListElement":[{"@type":"ListItem","position":1,"name":"\u0413\u043e\u043b\u043e\u0432\u043d\u0430","item":"https:\/\/qtmm.org\/qt\/"},{"@type":"ListItem","position":2,"name":"Ukraina Yuqar\u0131 \u015euras\u0131n\u0131\u00f1 milletlerara munasebetler komiteti seyyar topla\u015fuv\u0131n\u0131 Zakarpatye vil\u00e2yetinde ke\u00e7irdi"}]},{"@type":"WebSite","@id":"https:\/\/qtmm.org\/qt\/#website","url":"https:\/\/qtmm.org\/qt\/","name":"\u041c\u0435\u0434\u0436\u043b\u0456\u0441","description":"","publisher":{"@id":"https:\/\/qtmm.org\/qt\/#organization"},"potentialAction":[{"@type":"SearchAction","target":{"@type":"EntryPoint","urlTemplate":"https:\/\/qtmm.org\/qt\/?s={search_term_string}"},"query-input":{"@type":"PropertyValueSpecification","valueRequired":true,"valueName":"search_term_string"}}],"inLanguage":"qt"},{"@type":"Organization","@id":"https:\/\/qtmm.org\/qt\/#organization","name":"\u041c\u0435\u0434\u0436\u043b\u0456\u0441","url":"https:\/\/qtmm.org\/qt\/","logo":{"@type":"ImageObject","inLanguage":"qt","@id":"https:\/\/qtmm.org\/qt\/#\/schema\/logo\/image\/","url":"https:\/\/qtmm.org\/wp-content\/uploads\/2024\/12\/ua-mejlis-logo-rgb.svg","contentUrl":"https:\/\/qtmm.org\/wp-content\/uploads\/2024\/12\/ua-mejlis-logo-rgb.svg","caption":"\u041c\u0435\u0434\u0436\u043b\u0456\u0441"},"image":{"@id":"https:\/\/qtmm.org\/qt\/#\/schema\/logo\/image\/"},"sameAs":["https:\/\/www.facebook.com\/qtmm.info\/"]},{"@type":"Person","@id":"https:\/\/qtmm.org\/qt\/#\/schema\/person\/de562469f971dec226ac06e60bbf74a7","name":"Developer","image":{"@type":"ImageObject","inLanguage":"qt","@id":"https:\/\/secure.gravatar.com\/avatar\/392b4cc8fbfeb00b39dfeeab4ee6edded39ffd48e25858637e4765810300227e?s=96&d=mm&r=g","url":"https:\/\/secure.gravatar.com\/avatar\/392b4cc8fbfeb00b39dfeeab4ee6edded39ffd48e25858637e4765810300227e?s=96&d=mm&r=g","contentUrl":"https:\/\/secure.gravatar.com\/avatar\/392b4cc8fbfeb00b39dfeeab4ee6edded39ffd48e25858637e4765810300227e?s=96&d=mm&r=g","caption":"Developer"},"url":"https:\/\/qtmm.org\/qt\/author\/Developer\/"}]}},"_links":{"self":[{"href":"https:\/\/qtmm.org\/qt\/wp-json\/wp\/v2\/posts\/39541","targetHints":{"allow":["GET"]}}],"collection":[{"href":"https:\/\/qtmm.org\/qt\/wp-json\/wp\/v2\/posts"}],"about":[{"href":"https:\/\/qtmm.org\/qt\/wp-json\/wp\/v2\/types\/post"}],"author":[{"embeddable":true,"href":"https:\/\/qtmm.org\/qt\/wp-json\/wp\/v2\/users\/1"}],"replies":[{"embeddable":true,"href":"https:\/\/qtmm.org\/qt\/wp-json\/wp\/v2\/comments?post=39541"}],"version-history":[{"count":1,"href":"https:\/\/qtmm.org\/qt\/wp-json\/wp\/v2\/posts\/39541\/revisions"}],"predecessor-version":[{"id":39554,"href":"https:\/\/qtmm.org\/qt\/wp-json\/wp\/v2\/posts\/39541\/revisions\/39554"}],"wp:attachment":[{"href":"https:\/\/qtmm.org\/qt\/wp-json\/wp\/v2\/media?parent=39541"}],"wp:term":[{"taxonomy":"category","embeddable":true,"href":"https:\/\/qtmm.org\/qt\/wp-json\/wp\/v2\/categories?post=39541"},{"taxonomy":"post_tag","embeddable":true,"href":"https:\/\/qtmm.org\/qt\/wp-json\/wp\/v2\/tags?post=39541"}],"curies":[{"name":"wp","href":"https:\/\/api.w.org\/{rel}","templated":true}]}}