




{"id":39539,"date":"2013-09-30T18:22:00","date_gmt":"2013-09-30T15:22:00","guid":{"rendered":"http:\/\/qtmm.org\/?p=39539"},"modified":"2022-01-25T18:23:08","modified_gmt":"2022-01-25T15:23:08","slug":"qirim-yuqari-surasindaki-qurultay-ruh-fraktsiyasi-qmc-yuqari-surasinin-krasniy-sovhozinda-kontslager-qurbanlarinin-hatirasina-abide-qoyuv-qararina-denisme-ve-qosumca-kirsetmekn","status":"publish","type":"post","link":"https:\/\/qtmm.org\/qt\/qirim-yuqari-surasindaki-qurultay-ruh-fraktsiyasi-qmc-yuqari-surasinin-krasniy-sovhozinda-kontslager-qurbanlarinin-hatirasina-abide-qoyuv-qararina-denisme-ve-qosumca-kirsetmekn\/","title":{"rendered":"Q\u0131r\u0131m Yuqar\u0131 \u015euras\u0131ndaki \u00abQurultay-Ruh\u00bb fraktsiyas\u0131 QMC Yuqar\u0131 \u015euras\u0131n\u0131\u00f1 \u00abKrasn\u0131y\u00bb sovhoz\u0131nda kontslager qurbanlar\u0131n\u0131\u00f1 hat\u0131ras\u0131na abide qoyuv qarar\u0131na de\u00f1i\u015fme ve qo\u015fumca kirsetmekni rica ete"},"content":{"rendered":"\n<p>Q\u0131r\u0131m Yuqar\u0131 \u015euras\u0131n\u0131\u00f1 deputatlar\u0131 Remzi \u0130lyasov ve Safure Kacametova QMC Yuqar\u0131 \u015euras\u0131n\u0131\u00f1 reisi V. Konstantinov\u011fa muracaatta bulun\u0131p, onda QMC Yuqar\u0131 \u015euras\u0131n\u0131\u00f1 &#8220;Krasn\u0131y&#8221; sovhoz\u0131nda kontslager qurbanlar\u0131n\u0131\u00f1 hat\u0131ras\u0131na abide qoyuv qarar\u0131na de\u00f1i\u015fme ve qo\u015fumca kirsetmek zarurl\u0131\u011f\u0131n\u0131 qayd eteler.<\/p>\n\n\n\n<p>Saylavc\u0131lardan kelgen \u00e7oqtan-\u00e7oq muracaat ve talaplar esas\u0131nda ve kerginlikke yol bermemek maqsad\u0131nda Q\u0131r\u0131m Yuqar\u0131 \u015euras\u0131n\u0131\u00f1 deputatlar\u0131 Remzi \u0130lyasov ve Safure Kacametova parlament yolba\u015f\u00e7\u0131s\u0131ndan Q\u0131r\u0131m Yuqar\u0131 \u015euras\u0131 ve Prezidium\u0131n\u0131\u00f1 ait qarar\u0131na de\u00f1i\u015fme ve qo\u015fumca kirsetmekni avale etmesini rica eteler.<\/p>\n\n\n\n<p>C\u00fcmleden, \u00f6z muracaat\u0131nda deputatlar sab\u0131q kamp ol\u011fan yerni ebediyle\u015ftirmek qarar\u0131 al\u0131n\u011fanda kontslagerni\u00f1 fa\u015fistler Q\u0131r\u0131m\u011fa bast\u0131r\u0131p kirmezden baya\u011f\u0131 evelce yani ta sovetler akimiyeti devrinde areket etkenini de k\u00f6z \u00f6g\u00fcne almaq kerekligini qayd eteler. Bundan da \u011fayr\u0131, QMC Yuqar\u0131 \u015euras\u0131n\u0131\u00f1 deputatlar\u0131 cemaat\u00e7\u0131l\u0131qn\u0131\u00f1 fikiri de esapqa al\u0131n\u0131p, abideni qoyuv boyunca te\u015fkiliy komitet erk\u00e2n\u0131na eki professional tarih\u00e7\u0131 ve bun\u0131\u00f1 kibi de QMC Yuqar\u0131 \u015euras\u0131n\u0131\u00f1 deputat\u0131 Leonid Pilunskiyni de kirsetmekni rica eteler.<\/p>\n\n\n\n<p>Bun\u0131\u00f1 kibi de deputatlar hat\u0131ra abidesini\u00f1 tasdiqlan\u011fan leyhas\u0131nda hristian dini simvolikas\u0131nen bir s\u0131rada m\u0131tlaqa musulman ve yeudiy dinlerini\u00f1 simvolikas\u0131ndan da qullanmaqn\u0131 ya da umumen diniy simvolikadan vazge\u00e7mekni talap eteler.<\/p>\n","protected":false},"excerpt":{"rendered":"<p>Q\u0131r\u0131m Yuqar\u0131 \u015euras\u0131n\u0131\u00f1 deputatlar\u0131 Remzi \u0130lyasov ve Safure Kacametova QMC Yuqar\u0131 \u015euras\u0131n\u0131\u00f1 reisi V. Konstantinov\u011fa muracaatta bulun\u0131p, onda QMC Yuqar\u0131 \u015euras\u0131n\u0131\u00f1 &#8220;Krasn\u0131y&#8221; sovhoz\u0131nda kontslager qurbanlar\u0131n\u0131\u00f1 hat\u0131ras\u0131na abide qoyuv qarar\u0131na de\u00f1i\u015fme ve qo\u015fumca kirsetmek zarurl\u0131\u011f\u0131n\u0131 qayd eteler. Saylavc\u0131lardan kelgen \u00e7oqtan-\u00e7oq muracaat ve talaplar esas\u0131nda ve kerginlikke yol bermemek maqsad\u0131nda Q\u0131r\u0131m Yuqar\u0131 \u015euras\u0131n\u0131\u00f1 deputatlar\u0131 Remzi \u0130lyasov ve [&hellip;]<\/p>\n","protected":false},"author":1,"featured_media":0,"comment_status":"open","ping_status":"open","sticky":false,"template":"","format":"standard","meta":{"inline_featured_image":false,"footnotes":""},"categories":[265],"tags":[],"class_list":["post-39539","post","type-post","status-publish","format-standard","hentry","category-haberler"],"acf":[],"yoast_head":"<!-- This site is optimized with the Yoast SEO plugin v27.4 - https:\/\/yoast.com\/product\/yoast-seo-wordpress\/ -->\n<title>Q\u0131r\u0131m Yuqar\u0131 \u015euras\u0131ndaki \u00abQurultay-Ruh\u00bb fraktsiyas\u0131 QMC Yuqar\u0131 \u015euras\u0131n\u0131\u00f1 \u00abKrasn\u0131y\u00bb sovhoz\u0131nda kontslager qurbanlar\u0131n\u0131\u00f1 hat\u0131ras\u0131na abide qoyuv qarar\u0131na de\u00f1i\u015fme ve qo\u015fumca kirsetmekni rica ete - \u041c\u0435\u0434\u0436\u043b\u0456\u0441<\/title>\n<meta name=\"robots\" content=\"index, follow, max-snippet:-1, max-image-preview:large, max-video-preview:-1\" \/>\n<link rel=\"canonical\" href=\"https:\/\/qtmm.org\/qt\/qirim-yuqari-surasindaki-qurultay-ruh-fraktsiyasi-qmc-yuqari-surasinin-krasniy-sovhozinda-kontslager-qurbanlarinin-hatirasina-abide-qoyuv-qararina-denisme-ve-qosumca-kirsetmekn\/\" \/>\n<meta property=\"og:locale\" content=\"en_US\" \/>\n<meta property=\"og:type\" content=\"article\" \/>\n<meta property=\"og:title\" content=\"Q\u0131r\u0131m Yuqar\u0131 \u015euras\u0131ndaki \u00abQurultay-Ruh\u00bb fraktsiyas\u0131 QMC Yuqar\u0131 \u015euras\u0131n\u0131\u00f1 \u00abKrasn\u0131y\u00bb sovhoz\u0131nda kontslager qurbanlar\u0131n\u0131\u00f1 hat\u0131ras\u0131na abide qoyuv qarar\u0131na de\u00f1i\u015fme ve qo\u015fumca kirsetmekni rica ete - \u041c\u0435\u0434\u0436\u043b\u0456\u0441\" \/>\n<meta property=\"og:description\" content=\"Q\u0131r\u0131m Yuqar\u0131 \u015euras\u0131n\u0131\u00f1 deputatlar\u0131 Remzi \u0130lyasov ve Safure Kacametova QMC Yuqar\u0131 \u015euras\u0131n\u0131\u00f1 reisi V. Konstantinov\u011fa muracaatta bulun\u0131p, onda QMC Yuqar\u0131 \u015euras\u0131n\u0131\u00f1 &#8220;Krasn\u0131y&#8221; sovhoz\u0131nda kontslager qurbanlar\u0131n\u0131\u00f1 hat\u0131ras\u0131na abide qoyuv qarar\u0131na de\u00f1i\u015fme ve qo\u015fumca kirsetmek zarurl\u0131\u011f\u0131n\u0131 qayd eteler. Saylavc\u0131lardan kelgen \u00e7oqtan-\u00e7oq muracaat ve talaplar esas\u0131nda ve kerginlikke yol bermemek maqsad\u0131nda Q\u0131r\u0131m Yuqar\u0131 \u015euras\u0131n\u0131\u00f1 deputatlar\u0131 Remzi \u0130lyasov ve [&hellip;]\" \/>\n<meta property=\"og:url\" content=\"https:\/\/qtmm.org\/qt\/qirim-yuqari-surasindaki-qurultay-ruh-fraktsiyasi-qmc-yuqari-surasinin-krasniy-sovhozinda-kontslager-qurbanlarinin-hatirasina-abide-qoyuv-qararina-denisme-ve-qosumca-kirsetmekn\/\" \/>\n<meta property=\"og:site_name\" content=\"\u041c\u0435\u0434\u0436\u043b\u0456\u0441\" \/>\n<meta property=\"article:publisher\" content=\"https:\/\/www.facebook.com\/qtmm.info\/\" \/>\n<meta property=\"article:published_time\" content=\"2013-09-30T15:22:00+00:00\" \/>\n<meta property=\"article:modified_time\" content=\"2022-01-25T15:23:08+00:00\" \/>\n<meta name=\"author\" content=\"Developer\" \/>\n<meta name=\"twitter:card\" content=\"summary_large_image\" \/>\n<meta name=\"twitter:label1\" content=\"Written by\" \/>\n\t<meta name=\"twitter:data1\" content=\"Developer\" \/>\n\t<meta name=\"twitter:label2\" content=\"Est. reading time\" \/>\n\t<meta name=\"twitter:data2\" content=\"1 minute\" \/>\n<script type=\"application\/ld+json\" class=\"yoast-schema-graph\">{\"@context\":\"https:\\\/\\\/schema.org\",\"@graph\":[{\"@type\":\"Article\",\"@id\":\"https:\\\/\\\/qtmm.org\\\/qt\\\/qirim-yuqari-surasindaki-qurultay-ruh-fraktsiyasi-qmc-yuqari-surasinin-krasniy-sovhozinda-kontslager-qurbanlarinin-hatirasina-abide-qoyuv-qararina-denisme-ve-qosumca-kirsetmekn\\\/#article\",\"isPartOf\":{\"@id\":\"https:\\\/\\\/qtmm.org\\\/qt\\\/qirim-yuqari-surasindaki-qurultay-ruh-fraktsiyasi-qmc-yuqari-surasinin-krasniy-sovhozinda-kontslager-qurbanlarinin-hatirasina-abide-qoyuv-qararina-denisme-ve-qosumca-kirsetmekn\\\/\"},\"author\":{\"name\":\"Developer\",\"@id\":\"https:\\\/\\\/qtmm.org\\\/qt\\\/#\\\/schema\\\/person\\\/de562469f971dec226ac06e60bbf74a7\"},\"headline\":\"Q\u0131r\u0131m Yuqar\u0131 \u015euras\u0131ndaki \u00abQurultay-Ruh\u00bb fraktsiyas\u0131 QMC Yuqar\u0131 \u015euras\u0131n\u0131\u00f1 \u00abKrasn\u0131y\u00bb sovhoz\u0131nda kontslager qurbanlar\u0131n\u0131\u00f1 hat\u0131ras\u0131na abide qoyuv qarar\u0131na de\u00f1i\u015fme ve qo\u015fumca kirsetmekni rica ete\",\"datePublished\":\"2013-09-30T15:22:00+00:00\",\"dateModified\":\"2022-01-25T15:23:08+00:00\",\"mainEntityOfPage\":{\"@id\":\"https:\\\/\\\/qtmm.org\\\/qt\\\/qirim-yuqari-surasindaki-qurultay-ruh-fraktsiyasi-qmc-yuqari-surasinin-krasniy-sovhozinda-kontslager-qurbanlarinin-hatirasina-abide-qoyuv-qararina-denisme-ve-qosumca-kirsetmekn\\\/\"},\"wordCount\":270,\"commentCount\":0,\"publisher\":{\"@id\":\"https:\\\/\\\/qtmm.org\\\/qt\\\/#organization\"},\"articleSection\":[\"Haberler\"],\"inLanguage\":\"qt\",\"potentialAction\":[{\"@type\":\"CommentAction\",\"name\":\"Comment\",\"target\":[\"https:\\\/\\\/qtmm.org\\\/qt\\\/qirim-yuqari-surasindaki-qurultay-ruh-fraktsiyasi-qmc-yuqari-surasinin-krasniy-sovhozinda-kontslager-qurbanlarinin-hatirasina-abide-qoyuv-qararina-denisme-ve-qosumca-kirsetmekn\\\/#respond\"]}]},{\"@type\":\"WebPage\",\"@id\":\"https:\\\/\\\/qtmm.org\\\/qt\\\/qirim-yuqari-surasindaki-qurultay-ruh-fraktsiyasi-qmc-yuqari-surasinin-krasniy-sovhozinda-kontslager-qurbanlarinin-hatirasina-abide-qoyuv-qararina-denisme-ve-qosumca-kirsetmekn\\\/\",\"url\":\"https:\\\/\\\/qtmm.org\\\/qt\\\/qirim-yuqari-surasindaki-qurultay-ruh-fraktsiyasi-qmc-yuqari-surasinin-krasniy-sovhozinda-kontslager-qurbanlarinin-hatirasina-abide-qoyuv-qararina-denisme-ve-qosumca-kirsetmekn\\\/\",\"name\":\"Q\u0131r\u0131m Yuqar\u0131 \u015euras\u0131ndaki \u00abQurultay-Ruh\u00bb fraktsiyas\u0131 QMC Yuqar\u0131 \u015euras\u0131n\u0131\u00f1 \u00abKrasn\u0131y\u00bb sovhoz\u0131nda kontslager qurbanlar\u0131n\u0131\u00f1 hat\u0131ras\u0131na abide qoyuv qarar\u0131na de\u00f1i\u015fme ve qo\u015fumca kirsetmekni rica ete - \u041c\u0435\u0434\u0436\u043b\u0456\u0441\",\"isPartOf\":{\"@id\":\"https:\\\/\\\/qtmm.org\\\/qt\\\/#website\"},\"datePublished\":\"2013-09-30T15:22:00+00:00\",\"dateModified\":\"2022-01-25T15:23:08+00:00\",\"breadcrumb\":{\"@id\":\"https:\\\/\\\/qtmm.org\\\/qt\\\/qirim-yuqari-surasindaki-qurultay-ruh-fraktsiyasi-qmc-yuqari-surasinin-krasniy-sovhozinda-kontslager-qurbanlarinin-hatirasina-abide-qoyuv-qararina-denisme-ve-qosumca-kirsetmekn\\\/#breadcrumb\"},\"inLanguage\":\"qt\",\"potentialAction\":[{\"@type\":\"ReadAction\",\"target\":[\"https:\\\/\\\/qtmm.org\\\/qt\\\/qirim-yuqari-surasindaki-qurultay-ruh-fraktsiyasi-qmc-yuqari-surasinin-krasniy-sovhozinda-kontslager-qurbanlarinin-hatirasina-abide-qoyuv-qararina-denisme-ve-qosumca-kirsetmekn\\\/\"]}]},{\"@type\":\"BreadcrumbList\",\"@id\":\"https:\\\/\\\/qtmm.org\\\/qt\\\/qirim-yuqari-surasindaki-qurultay-ruh-fraktsiyasi-qmc-yuqari-surasinin-krasniy-sovhozinda-kontslager-qurbanlarinin-hatirasina-abide-qoyuv-qararina-denisme-ve-qosumca-kirsetmekn\\\/#breadcrumb\",\"itemListElement\":[{\"@type\":\"ListItem\",\"position\":1,\"name\":\"\u0413\u043e\u043b\u043e\u0432\u043d\u0430\",\"item\":\"https:\\\/\\\/qtmm.org\\\/qt\\\/\"},{\"@type\":\"ListItem\",\"position\":2,\"name\":\"Q\u0131r\u0131m Yuqar\u0131 \u015euras\u0131ndaki \u00abQurultay-Ruh\u00bb fraktsiyas\u0131 QMC Yuqar\u0131 \u015euras\u0131n\u0131\u00f1 \u00abKrasn\u0131y\u00bb sovhoz\u0131nda kontslager qurbanlar\u0131n\u0131\u00f1 hat\u0131ras\u0131na abide qoyuv qarar\u0131na de\u00f1i\u015fme ve qo\u015fumca kirsetmekni rica ete\"}]},{\"@type\":\"WebSite\",\"@id\":\"https:\\\/\\\/qtmm.org\\\/qt\\\/#website\",\"url\":\"https:\\\/\\\/qtmm.org\\\/qt\\\/\",\"name\":\"\u041c\u0435\u0434\u0436\u043b\u0456\u0441\",\"description\":\"\",\"publisher\":{\"@id\":\"https:\\\/\\\/qtmm.org\\\/qt\\\/#organization\"},\"potentialAction\":[{\"@type\":\"SearchAction\",\"target\":{\"@type\":\"EntryPoint\",\"urlTemplate\":\"https:\\\/\\\/qtmm.org\\\/qt\\\/?s={search_term_string}\"},\"query-input\":{\"@type\":\"PropertyValueSpecification\",\"valueRequired\":true,\"valueName\":\"search_term_string\"}}],\"inLanguage\":\"qt\"},{\"@type\":\"Organization\",\"@id\":\"https:\\\/\\\/qtmm.org\\\/qt\\\/#organization\",\"name\":\"\u041c\u0435\u0434\u0436\u043b\u0456\u0441\",\"url\":\"https:\\\/\\\/qtmm.org\\\/qt\\\/\",\"logo\":{\"@type\":\"ImageObject\",\"inLanguage\":\"qt\",\"@id\":\"https:\\\/\\\/qtmm.org\\\/qt\\\/#\\\/schema\\\/logo\\\/image\\\/\",\"url\":\"https:\\\/\\\/qtmm.org\\\/wp-content\\\/uploads\\\/2024\\\/12\\\/ua-mejlis-logo-rgb.svg\",\"contentUrl\":\"https:\\\/\\\/qtmm.org\\\/wp-content\\\/uploads\\\/2024\\\/12\\\/ua-mejlis-logo-rgb.svg\",\"caption\":\"\u041c\u0435\u0434\u0436\u043b\u0456\u0441\"},\"image\":{\"@id\":\"https:\\\/\\\/qtmm.org\\\/qt\\\/#\\\/schema\\\/logo\\\/image\\\/\"},\"sameAs\":[\"https:\\\/\\\/www.facebook.com\\\/qtmm.info\\\/\"]},{\"@type\":\"Person\",\"@id\":\"https:\\\/\\\/qtmm.org\\\/qt\\\/#\\\/schema\\\/person\\\/de562469f971dec226ac06e60bbf74a7\",\"name\":\"Developer\",\"image\":{\"@type\":\"ImageObject\",\"inLanguage\":\"qt\",\"@id\":\"https:\\\/\\\/secure.gravatar.com\\\/avatar\\\/392b4cc8fbfeb00b39dfeeab4ee6edded39ffd48e25858637e4765810300227e?s=96&d=mm&r=g\",\"url\":\"https:\\\/\\\/secure.gravatar.com\\\/avatar\\\/392b4cc8fbfeb00b39dfeeab4ee6edded39ffd48e25858637e4765810300227e?s=96&d=mm&r=g\",\"contentUrl\":\"https:\\\/\\\/secure.gravatar.com\\\/avatar\\\/392b4cc8fbfeb00b39dfeeab4ee6edded39ffd48e25858637e4765810300227e?s=96&d=mm&r=g\",\"caption\":\"Developer\"},\"url\":\"https:\\\/\\\/qtmm.org\\\/qt\\\/author\\\/Developer\\\/\"}]}<\/script>\n<!-- \/ Yoast SEO plugin. -->","yoast_head_json":{"title":"Q\u0131r\u0131m Yuqar\u0131 \u015euras\u0131ndaki \u00abQurultay-Ruh\u00bb fraktsiyas\u0131 QMC Yuqar\u0131 \u015euras\u0131n\u0131\u00f1 \u00abKrasn\u0131y\u00bb sovhoz\u0131nda kontslager qurbanlar\u0131n\u0131\u00f1 hat\u0131ras\u0131na abide qoyuv qarar\u0131na de\u00f1i\u015fme ve qo\u015fumca kirsetmekni rica ete - \u041c\u0435\u0434\u0436\u043b\u0456\u0441","robots":{"index":"index","follow":"follow","max-snippet":"max-snippet:-1","max-image-preview":"max-image-preview:large","max-video-preview":"max-video-preview:-1"},"canonical":"https:\/\/qtmm.org\/qt\/qirim-yuqari-surasindaki-qurultay-ruh-fraktsiyasi-qmc-yuqari-surasinin-krasniy-sovhozinda-kontslager-qurbanlarinin-hatirasina-abide-qoyuv-qararina-denisme-ve-qosumca-kirsetmekn\/","og_locale":"en_US","og_type":"article","og_title":"Q\u0131r\u0131m Yuqar\u0131 \u015euras\u0131ndaki \u00abQurultay-Ruh\u00bb fraktsiyas\u0131 QMC Yuqar\u0131 \u015euras\u0131n\u0131\u00f1 \u00abKrasn\u0131y\u00bb sovhoz\u0131nda kontslager qurbanlar\u0131n\u0131\u00f1 hat\u0131ras\u0131na abide qoyuv qarar\u0131na de\u00f1i\u015fme ve qo\u015fumca kirsetmekni rica ete - \u041c\u0435\u0434\u0436\u043b\u0456\u0441","og_description":"Q\u0131r\u0131m Yuqar\u0131 \u015euras\u0131n\u0131\u00f1 deputatlar\u0131 Remzi \u0130lyasov ve Safure Kacametova QMC Yuqar\u0131 \u015euras\u0131n\u0131\u00f1 reisi V. Konstantinov\u011fa muracaatta bulun\u0131p, onda QMC Yuqar\u0131 \u015euras\u0131n\u0131\u00f1 &#8220;Krasn\u0131y&#8221; sovhoz\u0131nda kontslager qurbanlar\u0131n\u0131\u00f1 hat\u0131ras\u0131na abide qoyuv qarar\u0131na de\u00f1i\u015fme ve qo\u015fumca kirsetmek zarurl\u0131\u011f\u0131n\u0131 qayd eteler. Saylavc\u0131lardan kelgen \u00e7oqtan-\u00e7oq muracaat ve talaplar esas\u0131nda ve kerginlikke yol bermemek maqsad\u0131nda Q\u0131r\u0131m Yuqar\u0131 \u015euras\u0131n\u0131\u00f1 deputatlar\u0131 Remzi \u0130lyasov ve [&hellip;]","og_url":"https:\/\/qtmm.org\/qt\/qirim-yuqari-surasindaki-qurultay-ruh-fraktsiyasi-qmc-yuqari-surasinin-krasniy-sovhozinda-kontslager-qurbanlarinin-hatirasina-abide-qoyuv-qararina-denisme-ve-qosumca-kirsetmekn\/","og_site_name":"\u041c\u0435\u0434\u0436\u043b\u0456\u0441","article_publisher":"https:\/\/www.facebook.com\/qtmm.info\/","article_published_time":"2013-09-30T15:22:00+00:00","article_modified_time":"2022-01-25T15:23:08+00:00","author":"Developer","twitter_card":"summary_large_image","twitter_misc":{"Written by":"Developer","Est. reading time":"1 minute"},"schema":{"@context":"https:\/\/schema.org","@graph":[{"@type":"Article","@id":"https:\/\/qtmm.org\/qt\/qirim-yuqari-surasindaki-qurultay-ruh-fraktsiyasi-qmc-yuqari-surasinin-krasniy-sovhozinda-kontslager-qurbanlarinin-hatirasina-abide-qoyuv-qararina-denisme-ve-qosumca-kirsetmekn\/#article","isPartOf":{"@id":"https:\/\/qtmm.org\/qt\/qirim-yuqari-surasindaki-qurultay-ruh-fraktsiyasi-qmc-yuqari-surasinin-krasniy-sovhozinda-kontslager-qurbanlarinin-hatirasina-abide-qoyuv-qararina-denisme-ve-qosumca-kirsetmekn\/"},"author":{"name":"Developer","@id":"https:\/\/qtmm.org\/qt\/#\/schema\/person\/de562469f971dec226ac06e60bbf74a7"},"headline":"Q\u0131r\u0131m Yuqar\u0131 \u015euras\u0131ndaki \u00abQurultay-Ruh\u00bb fraktsiyas\u0131 QMC Yuqar\u0131 \u015euras\u0131n\u0131\u00f1 \u00abKrasn\u0131y\u00bb sovhoz\u0131nda kontslager qurbanlar\u0131n\u0131\u00f1 hat\u0131ras\u0131na abide qoyuv qarar\u0131na de\u00f1i\u015fme ve qo\u015fumca kirsetmekni rica ete","datePublished":"2013-09-30T15:22:00+00:00","dateModified":"2022-01-25T15:23:08+00:00","mainEntityOfPage":{"@id":"https:\/\/qtmm.org\/qt\/qirim-yuqari-surasindaki-qurultay-ruh-fraktsiyasi-qmc-yuqari-surasinin-krasniy-sovhozinda-kontslager-qurbanlarinin-hatirasina-abide-qoyuv-qararina-denisme-ve-qosumca-kirsetmekn\/"},"wordCount":270,"commentCount":0,"publisher":{"@id":"https:\/\/qtmm.org\/qt\/#organization"},"articleSection":["Haberler"],"inLanguage":"qt","potentialAction":[{"@type":"CommentAction","name":"Comment","target":["https:\/\/qtmm.org\/qt\/qirim-yuqari-surasindaki-qurultay-ruh-fraktsiyasi-qmc-yuqari-surasinin-krasniy-sovhozinda-kontslager-qurbanlarinin-hatirasina-abide-qoyuv-qararina-denisme-ve-qosumca-kirsetmekn\/#respond"]}]},{"@type":"WebPage","@id":"https:\/\/qtmm.org\/qt\/qirim-yuqari-surasindaki-qurultay-ruh-fraktsiyasi-qmc-yuqari-surasinin-krasniy-sovhozinda-kontslager-qurbanlarinin-hatirasina-abide-qoyuv-qararina-denisme-ve-qosumca-kirsetmekn\/","url":"https:\/\/qtmm.org\/qt\/qirim-yuqari-surasindaki-qurultay-ruh-fraktsiyasi-qmc-yuqari-surasinin-krasniy-sovhozinda-kontslager-qurbanlarinin-hatirasina-abide-qoyuv-qararina-denisme-ve-qosumca-kirsetmekn\/","name":"Q\u0131r\u0131m Yuqar\u0131 \u015euras\u0131ndaki \u00abQurultay-Ruh\u00bb fraktsiyas\u0131 QMC Yuqar\u0131 \u015euras\u0131n\u0131\u00f1 \u00abKrasn\u0131y\u00bb sovhoz\u0131nda kontslager qurbanlar\u0131n\u0131\u00f1 hat\u0131ras\u0131na abide qoyuv qarar\u0131na de\u00f1i\u015fme ve qo\u015fumca kirsetmekni rica ete - \u041c\u0435\u0434\u0436\u043b\u0456\u0441","isPartOf":{"@id":"https:\/\/qtmm.org\/qt\/#website"},"datePublished":"2013-09-30T15:22:00+00:00","dateModified":"2022-01-25T15:23:08+00:00","breadcrumb":{"@id":"https:\/\/qtmm.org\/qt\/qirim-yuqari-surasindaki-qurultay-ruh-fraktsiyasi-qmc-yuqari-surasinin-krasniy-sovhozinda-kontslager-qurbanlarinin-hatirasina-abide-qoyuv-qararina-denisme-ve-qosumca-kirsetmekn\/#breadcrumb"},"inLanguage":"qt","potentialAction":[{"@type":"ReadAction","target":["https:\/\/qtmm.org\/qt\/qirim-yuqari-surasindaki-qurultay-ruh-fraktsiyasi-qmc-yuqari-surasinin-krasniy-sovhozinda-kontslager-qurbanlarinin-hatirasina-abide-qoyuv-qararina-denisme-ve-qosumca-kirsetmekn\/"]}]},{"@type":"BreadcrumbList","@id":"https:\/\/qtmm.org\/qt\/qirim-yuqari-surasindaki-qurultay-ruh-fraktsiyasi-qmc-yuqari-surasinin-krasniy-sovhozinda-kontslager-qurbanlarinin-hatirasina-abide-qoyuv-qararina-denisme-ve-qosumca-kirsetmekn\/#breadcrumb","itemListElement":[{"@type":"ListItem","position":1,"name":"\u0413\u043e\u043b\u043e\u0432\u043d\u0430","item":"https:\/\/qtmm.org\/qt\/"},{"@type":"ListItem","position":2,"name":"Q\u0131r\u0131m Yuqar\u0131 \u015euras\u0131ndaki \u00abQurultay-Ruh\u00bb fraktsiyas\u0131 QMC Yuqar\u0131 \u015euras\u0131n\u0131\u00f1 \u00abKrasn\u0131y\u00bb sovhoz\u0131nda kontslager qurbanlar\u0131n\u0131\u00f1 hat\u0131ras\u0131na abide qoyuv qarar\u0131na de\u00f1i\u015fme ve qo\u015fumca kirsetmekni rica ete"}]},{"@type":"WebSite","@id":"https:\/\/qtmm.org\/qt\/#website","url":"https:\/\/qtmm.org\/qt\/","name":"\u041c\u0435\u0434\u0436\u043b\u0456\u0441","description":"","publisher":{"@id":"https:\/\/qtmm.org\/qt\/#organization"},"potentialAction":[{"@type":"SearchAction","target":{"@type":"EntryPoint","urlTemplate":"https:\/\/qtmm.org\/qt\/?s={search_term_string}"},"query-input":{"@type":"PropertyValueSpecification","valueRequired":true,"valueName":"search_term_string"}}],"inLanguage":"qt"},{"@type":"Organization","@id":"https:\/\/qtmm.org\/qt\/#organization","name":"\u041c\u0435\u0434\u0436\u043b\u0456\u0441","url":"https:\/\/qtmm.org\/qt\/","logo":{"@type":"ImageObject","inLanguage":"qt","@id":"https:\/\/qtmm.org\/qt\/#\/schema\/logo\/image\/","url":"https:\/\/qtmm.org\/wp-content\/uploads\/2024\/12\/ua-mejlis-logo-rgb.svg","contentUrl":"https:\/\/qtmm.org\/wp-content\/uploads\/2024\/12\/ua-mejlis-logo-rgb.svg","caption":"\u041c\u0435\u0434\u0436\u043b\u0456\u0441"},"image":{"@id":"https:\/\/qtmm.org\/qt\/#\/schema\/logo\/image\/"},"sameAs":["https:\/\/www.facebook.com\/qtmm.info\/"]},{"@type":"Person","@id":"https:\/\/qtmm.org\/qt\/#\/schema\/person\/de562469f971dec226ac06e60bbf74a7","name":"Developer","image":{"@type":"ImageObject","inLanguage":"qt","@id":"https:\/\/secure.gravatar.com\/avatar\/392b4cc8fbfeb00b39dfeeab4ee6edded39ffd48e25858637e4765810300227e?s=96&d=mm&r=g","url":"https:\/\/secure.gravatar.com\/avatar\/392b4cc8fbfeb00b39dfeeab4ee6edded39ffd48e25858637e4765810300227e?s=96&d=mm&r=g","contentUrl":"https:\/\/secure.gravatar.com\/avatar\/392b4cc8fbfeb00b39dfeeab4ee6edded39ffd48e25858637e4765810300227e?s=96&d=mm&r=g","caption":"Developer"},"url":"https:\/\/qtmm.org\/qt\/author\/Developer\/"}]}},"_links":{"self":[{"href":"https:\/\/qtmm.org\/qt\/wp-json\/wp\/v2\/posts\/39539","targetHints":{"allow":["GET"]}}],"collection":[{"href":"https:\/\/qtmm.org\/qt\/wp-json\/wp\/v2\/posts"}],"about":[{"href":"https:\/\/qtmm.org\/qt\/wp-json\/wp\/v2\/types\/post"}],"author":[{"embeddable":true,"href":"https:\/\/qtmm.org\/qt\/wp-json\/wp\/v2\/users\/1"}],"replies":[{"embeddable":true,"href":"https:\/\/qtmm.org\/qt\/wp-json\/wp\/v2\/comments?post=39539"}],"version-history":[{"count":1,"href":"https:\/\/qtmm.org\/qt\/wp-json\/wp\/v2\/posts\/39539\/revisions"}],"predecessor-version":[{"id":39540,"href":"https:\/\/qtmm.org\/qt\/wp-json\/wp\/v2\/posts\/39539\/revisions\/39540"}],"wp:attachment":[{"href":"https:\/\/qtmm.org\/qt\/wp-json\/wp\/v2\/media?parent=39539"}],"wp:term":[{"taxonomy":"category","embeddable":true,"href":"https:\/\/qtmm.org\/qt\/wp-json\/wp\/v2\/categories?post=39539"},{"taxonomy":"post_tag","embeddable":true,"href":"https:\/\/qtmm.org\/qt\/wp-json\/wp\/v2\/tags?post=39539"}],"curies":[{"name":"wp","href":"https:\/\/api.w.org\/{rel}","templated":true}]}}