




{"id":39533,"date":"2013-09-30T18:21:00","date_gmt":"2013-09-30T15:21:00","guid":{"rendered":"http:\/\/qtmm.org\/?p=39533"},"modified":"2022-01-25T18:22:35","modified_gmt":"2022-01-25T15:22:35","slug":"dmitriy-tabacnik-tmu-qirimtatar-ve-sarq-filologiyasi-fakultetinde-ocalarni-qisqartuv-problemine-seslendi","status":"publish","type":"post","link":"https:\/\/qtmm.org\/qt\/dmitriy-tabacnik-tmu-qirimtatar-ve-sarq-filologiyasi-fakultetinde-ocalarni-qisqartuv-problemine-seslendi\/","title":{"rendered":"Dmitriy Taba\u00e7nik TMU Q\u0131r\u0131mtatar ve \u015farq filologiyas\u0131 fakultetinde ocalarn\u0131 q\u0131sqartuv problemine seslendi"},"content":{"rendered":"\n<p>Meclis reisi M. Cemilev ve Vernadskiy ad\u0131na TMU rektor\u0131 N. Bagrovn\u0131\u00f1 q\u0131r\u0131mtatar ve \u015farq filologiyas\u0131 fakultetindeki problemlerni \u00e7ez\u00fcv yollar\u0131n\u0131 ara\u015ft\u0131ruvn\u0131 muzakere ettikleri k\u00f6r\u00fc\u015f\u00fcvi neticeleri boyunca M. Cemilev Kiyevde Ukraina Tasil naziri Dmitriy Taba\u00e7nik ile k\u00f6r\u00fc\u015fken edi.<\/p>\n\n\n\n<p>Hat\u0131rlatam\u0131z ki, k\u00f6r\u00fc\u015f\u00fcvge q\u0131r\u0131mtatar ve \u015farq filologiyas\u0131 fakultetinde ocalar ve ders saatlerini\u00f1 q\u0131sqart\u0131lmas\u0131nen ba\u011fl\u0131 vaziyet sebep\u00e7i ol\u011fan edi.<\/p>\n\n\n\n<figure class=\"wp-block-image size-full\"><img loading=\"lazy\" decoding=\"async\" width=\"650\" height=\"277\" src=\"http:\/\/qtmm.org\/wp-content\/uploads\/2022\/01\/minobrazovaniya_tekst.jpeg\" alt=\"\" class=\"wp-image-39534\" srcset=\"https:\/\/qtmm.org\/wp-content\/uploads\/2022\/01\/minobrazovaniya_tekst.jpeg 650w, https:\/\/qtmm.org\/wp-content\/uploads\/2022\/01\/minobrazovaniya_tekst-300x128.jpeg 300w\" sizes=\"auto, (max-width: 650px) 100vw, 650px\" \/><\/figure>\n\n\n\n<p>Subet devam\u0131nda Ukraina tasil ve ilim naziri Dmitriy Taba\u00e7nik Mustafa Cemilevge \u015fun\u0131 bildirdi ki, yolba\u015f\u00e7\u0131l\u0131q yapqan nazirligi Q\u0131r\u0131m ve umumen Ukrainadaki aliy oquv yurtlar\u0131nda kadrlarn\u0131 ya da saatlerni q\u0131sqartuv boyunca i\u00e7 bir t\u00fcrl\u00fc emir bermedi. Bundan da \u011fayr\u0131 Dmitriy Taba\u00e7nik 2013 senesi okt\u00e2br ay\u0131n\u0131\u00f1 ba\u015flar\u0131nda q\u0131r\u0131mtatar ziyal\u0131lar\u0131nen k\u00f6r\u00fc\u015fip, q\u0131r\u0131mtatar tili ve edebiyat\u0131n\u0131 inki\u015faf ettir\u00fcv ve saqlap qaluv, tasil saas\u0131ndaki diger meseleler aqq\u0131nda laq\u0131rd\u0131 etmek niyetini bildirdi.<\/p>\n\n\n\n<p>K\u00f6r\u00fc\u015f\u00fcv neticeleri boyunca Dmitriy Taba\u00e7nik M. Cemilevni\u00f1 ad\u0131na resmiy mekt\u00fcp yollap, onda TMU q\u0131r\u0131mtatar ve \u015farq filologiyas\u0131 fakulteti ocalar\u0131n\u0131 finansirlev meselesini tekrar \u00f6grenmekni talap ete, dedi. \u00c7\u00fcnki devlet b\u00fccetinden sermiyalar umumen aliy oquv yurtlar\u0131n\u0131\u00f1 finansirlenmesi i\u00e7\u00fcn k\u00f6zde tutula.<\/p>\n\n\n\n<p>Meclis maarif ve medeniyet idaresini\u00f1 ba\u015f\u0131, &#8220;Maarif\u00e7i&#8221; birle\u015fmesini\u00f1 reisi Safure Kacametovan\u0131\u00f1 aytqan\u0131na k\u00f6re Ukraina tasil ve ilim nazirligini\u00f1 cevab\u0131 nazir D. Taba\u00e7nikni\u00f1 problemni \u00f6grenmek ve al etmek meram\u0131ndan del\u00e2let bere.<\/p>\n","protected":false},"excerpt":{"rendered":"<p>Meclis reisi M. Cemilev ve Vernadskiy ad\u0131na TMU rektor\u0131 N. Bagrovn\u0131\u00f1 q\u0131r\u0131mtatar ve \u015farq filologiyas\u0131 fakultetindeki problemlerni \u00e7ez\u00fcv yollar\u0131n\u0131 ara\u015ft\u0131ruvn\u0131 muzakere ettikleri k\u00f6r\u00fc\u015f\u00fcvi neticeleri boyunca M. Cemilev Kiyevde Ukraina Tasil naziri Dmitriy Taba\u00e7nik ile k\u00f6r\u00fc\u015fken edi. Hat\u0131rlatam\u0131z ki, k\u00f6r\u00fc\u015f\u00fcvge q\u0131r\u0131mtatar ve \u015farq filologiyas\u0131 fakultetinde ocalar ve ders saatlerini\u00f1 q\u0131sqart\u0131lmas\u0131nen ba\u011fl\u0131 vaziyet sebep\u00e7i ol\u011fan edi. Subet [&hellip;]<\/p>\n","protected":false},"author":1,"featured_media":0,"comment_status":"open","ping_status":"open","sticky":false,"template":"","format":"standard","meta":{"inline_featured_image":false,"footnotes":""},"categories":[265],"tags":[],"class_list":["post-39533","post","type-post","status-publish","format-standard","hentry","category-haberler"],"acf":[],"yoast_head":"<!-- This site is optimized with the Yoast SEO plugin v27.4 - https:\/\/yoast.com\/product\/yoast-seo-wordpress\/ -->\n<title>Dmitriy Taba\u00e7nik TMU Q\u0131r\u0131mtatar ve \u015farq filologiyas\u0131 fakultetinde ocalarn\u0131 q\u0131sqartuv problemine seslendi - \u041c\u0435\u0434\u0436\u043b\u0456\u0441<\/title>\n<meta name=\"robots\" content=\"index, follow, max-snippet:-1, max-image-preview:large, max-video-preview:-1\" \/>\n<link rel=\"canonical\" href=\"https:\/\/qtmm.org\/qt\/dmitriy-tabacnik-tmu-qirimtatar-ve-sarq-filologiyasi-fakultetinde-ocalarni-qisqartuv-problemine-seslendi\/\" \/>\n<meta property=\"og:locale\" content=\"en_US\" \/>\n<meta property=\"og:type\" content=\"article\" \/>\n<meta property=\"og:title\" content=\"Dmitriy Taba\u00e7nik TMU Q\u0131r\u0131mtatar ve \u015farq filologiyas\u0131 fakultetinde ocalarn\u0131 q\u0131sqartuv problemine seslendi - \u041c\u0435\u0434\u0436\u043b\u0456\u0441\" \/>\n<meta property=\"og:description\" content=\"Meclis reisi M. Cemilev ve Vernadskiy ad\u0131na TMU rektor\u0131 N. Bagrovn\u0131\u00f1 q\u0131r\u0131mtatar ve \u015farq filologiyas\u0131 fakultetindeki problemlerni \u00e7ez\u00fcv yollar\u0131n\u0131 ara\u015ft\u0131ruvn\u0131 muzakere ettikleri k\u00f6r\u00fc\u015f\u00fcvi neticeleri boyunca M. Cemilev Kiyevde Ukraina Tasil naziri Dmitriy Taba\u00e7nik ile k\u00f6r\u00fc\u015fken edi. Hat\u0131rlatam\u0131z ki, k\u00f6r\u00fc\u015f\u00fcvge q\u0131r\u0131mtatar ve \u015farq filologiyas\u0131 fakultetinde ocalar ve ders saatlerini\u00f1 q\u0131sqart\u0131lmas\u0131nen ba\u011fl\u0131 vaziyet sebep\u00e7i ol\u011fan edi. Subet [&hellip;]\" \/>\n<meta property=\"og:url\" content=\"https:\/\/qtmm.org\/qt\/dmitriy-tabacnik-tmu-qirimtatar-ve-sarq-filologiyasi-fakultetinde-ocalarni-qisqartuv-problemine-seslendi\/\" \/>\n<meta property=\"og:site_name\" content=\"\u041c\u0435\u0434\u0436\u043b\u0456\u0441\" \/>\n<meta property=\"article:publisher\" content=\"https:\/\/www.facebook.com\/qtmm.info\/\" \/>\n<meta property=\"article:published_time\" content=\"2013-09-30T15:21:00+00:00\" \/>\n<meta property=\"article:modified_time\" content=\"2022-01-25T15:22:35+00:00\" \/>\n<meta property=\"og:image\" content=\"https:\/\/qtmm.org\/wp-content\/uploads\/2022\/01\/minobrazovaniya_tekst.jpeg\" \/>\n\t<meta property=\"og:image:width\" content=\"650\" \/>\n\t<meta property=\"og:image:height\" content=\"277\" \/>\n\t<meta property=\"og:image:type\" content=\"image\/jpeg\" \/>\n<meta name=\"author\" content=\"Developer\" \/>\n<meta name=\"twitter:card\" content=\"summary_large_image\" \/>\n<meta name=\"twitter:label1\" content=\"Written by\" \/>\n\t<meta name=\"twitter:data1\" content=\"Developer\" \/>\n\t<meta name=\"twitter:label2\" content=\"Est. reading time\" \/>\n\t<meta name=\"twitter:data2\" content=\"1 minute\" \/>\n<script type=\"application\/ld+json\" class=\"yoast-schema-graph\">{\"@context\":\"https:\\\/\\\/schema.org\",\"@graph\":[{\"@type\":\"Article\",\"@id\":\"https:\\\/\\\/qtmm.org\\\/qt\\\/dmitriy-tabacnik-tmu-qirimtatar-ve-sarq-filologiyasi-fakultetinde-ocalarni-qisqartuv-problemine-seslendi\\\/#article\",\"isPartOf\":{\"@id\":\"https:\\\/\\\/qtmm.org\\\/qt\\\/dmitriy-tabacnik-tmu-qirimtatar-ve-sarq-filologiyasi-fakultetinde-ocalarni-qisqartuv-problemine-seslendi\\\/\"},\"author\":{\"name\":\"Developer\",\"@id\":\"https:\\\/\\\/qtmm.org\\\/qt\\\/#\\\/schema\\\/person\\\/de562469f971dec226ac06e60bbf74a7\"},\"headline\":\"Dmitriy Taba\u00e7nik TMU Q\u0131r\u0131mtatar ve \u015farq filologiyas\u0131 fakultetinde ocalarn\u0131 q\u0131sqartuv problemine seslendi\",\"datePublished\":\"2013-09-30T15:21:00+00:00\",\"dateModified\":\"2022-01-25T15:22:35+00:00\",\"mainEntityOfPage\":{\"@id\":\"https:\\\/\\\/qtmm.org\\\/qt\\\/dmitriy-tabacnik-tmu-qirimtatar-ve-sarq-filologiyasi-fakultetinde-ocalarni-qisqartuv-problemine-seslendi\\\/\"},\"wordCount\":274,\"commentCount\":0,\"publisher\":{\"@id\":\"https:\\\/\\\/qtmm.org\\\/qt\\\/#organization\"},\"image\":{\"@id\":\"https:\\\/\\\/qtmm.org\\\/qt\\\/dmitriy-tabacnik-tmu-qirimtatar-ve-sarq-filologiyasi-fakultetinde-ocalarni-qisqartuv-problemine-seslendi\\\/#primaryimage\"},\"thumbnailUrl\":\"http:\\\/\\\/qtmm.org\\\/wp-content\\\/uploads\\\/2022\\\/01\\\/minobrazovaniya_tekst.jpeg\",\"articleSection\":[\"Haberler\"],\"inLanguage\":\"qt\",\"potentialAction\":[{\"@type\":\"CommentAction\",\"name\":\"Comment\",\"target\":[\"https:\\\/\\\/qtmm.org\\\/qt\\\/dmitriy-tabacnik-tmu-qirimtatar-ve-sarq-filologiyasi-fakultetinde-ocalarni-qisqartuv-problemine-seslendi\\\/#respond\"]}]},{\"@type\":\"WebPage\",\"@id\":\"https:\\\/\\\/qtmm.org\\\/qt\\\/dmitriy-tabacnik-tmu-qirimtatar-ve-sarq-filologiyasi-fakultetinde-ocalarni-qisqartuv-problemine-seslendi\\\/\",\"url\":\"https:\\\/\\\/qtmm.org\\\/qt\\\/dmitriy-tabacnik-tmu-qirimtatar-ve-sarq-filologiyasi-fakultetinde-ocalarni-qisqartuv-problemine-seslendi\\\/\",\"name\":\"Dmitriy Taba\u00e7nik TMU Q\u0131r\u0131mtatar ve \u015farq filologiyas\u0131 fakultetinde ocalarn\u0131 q\u0131sqartuv problemine seslendi - \u041c\u0435\u0434\u0436\u043b\u0456\u0441\",\"isPartOf\":{\"@id\":\"https:\\\/\\\/qtmm.org\\\/qt\\\/#website\"},\"primaryImageOfPage\":{\"@id\":\"https:\\\/\\\/qtmm.org\\\/qt\\\/dmitriy-tabacnik-tmu-qirimtatar-ve-sarq-filologiyasi-fakultetinde-ocalarni-qisqartuv-problemine-seslendi\\\/#primaryimage\"},\"image\":{\"@id\":\"https:\\\/\\\/qtmm.org\\\/qt\\\/dmitriy-tabacnik-tmu-qirimtatar-ve-sarq-filologiyasi-fakultetinde-ocalarni-qisqartuv-problemine-seslendi\\\/#primaryimage\"},\"thumbnailUrl\":\"http:\\\/\\\/qtmm.org\\\/wp-content\\\/uploads\\\/2022\\\/01\\\/minobrazovaniya_tekst.jpeg\",\"datePublished\":\"2013-09-30T15:21:00+00:00\",\"dateModified\":\"2022-01-25T15:22:35+00:00\",\"breadcrumb\":{\"@id\":\"https:\\\/\\\/qtmm.org\\\/qt\\\/dmitriy-tabacnik-tmu-qirimtatar-ve-sarq-filologiyasi-fakultetinde-ocalarni-qisqartuv-problemine-seslendi\\\/#breadcrumb\"},\"inLanguage\":\"qt\",\"potentialAction\":[{\"@type\":\"ReadAction\",\"target\":[\"https:\\\/\\\/qtmm.org\\\/qt\\\/dmitriy-tabacnik-tmu-qirimtatar-ve-sarq-filologiyasi-fakultetinde-ocalarni-qisqartuv-problemine-seslendi\\\/\"]}]},{\"@type\":\"ImageObject\",\"inLanguage\":\"qt\",\"@id\":\"https:\\\/\\\/qtmm.org\\\/qt\\\/dmitriy-tabacnik-tmu-qirimtatar-ve-sarq-filologiyasi-fakultetinde-ocalarni-qisqartuv-problemine-seslendi\\\/#primaryimage\",\"url\":\"http:\\\/\\\/qtmm.org\\\/wp-content\\\/uploads\\\/2022\\\/01\\\/minobrazovaniya_tekst.jpeg\",\"contentUrl\":\"http:\\\/\\\/qtmm.org\\\/wp-content\\\/uploads\\\/2022\\\/01\\\/minobrazovaniya_tekst.jpeg\"},{\"@type\":\"BreadcrumbList\",\"@id\":\"https:\\\/\\\/qtmm.org\\\/qt\\\/dmitriy-tabacnik-tmu-qirimtatar-ve-sarq-filologiyasi-fakultetinde-ocalarni-qisqartuv-problemine-seslendi\\\/#breadcrumb\",\"itemListElement\":[{\"@type\":\"ListItem\",\"position\":1,\"name\":\"\u0413\u043e\u043b\u043e\u0432\u043d\u0430\",\"item\":\"https:\\\/\\\/qtmm.org\\\/qt\\\/\"},{\"@type\":\"ListItem\",\"position\":2,\"name\":\"Dmitriy Taba\u00e7nik TMU Q\u0131r\u0131mtatar ve \u015farq filologiyas\u0131 fakultetinde ocalarn\u0131 q\u0131sqartuv problemine seslendi\"}]},{\"@type\":\"WebSite\",\"@id\":\"https:\\\/\\\/qtmm.org\\\/qt\\\/#website\",\"url\":\"https:\\\/\\\/qtmm.org\\\/qt\\\/\",\"name\":\"\u041c\u0435\u0434\u0436\u043b\u0456\u0441\",\"description\":\"\",\"publisher\":{\"@id\":\"https:\\\/\\\/qtmm.org\\\/qt\\\/#organization\"},\"potentialAction\":[{\"@type\":\"SearchAction\",\"target\":{\"@type\":\"EntryPoint\",\"urlTemplate\":\"https:\\\/\\\/qtmm.org\\\/qt\\\/?s={search_term_string}\"},\"query-input\":{\"@type\":\"PropertyValueSpecification\",\"valueRequired\":true,\"valueName\":\"search_term_string\"}}],\"inLanguage\":\"qt\"},{\"@type\":\"Organization\",\"@id\":\"https:\\\/\\\/qtmm.org\\\/qt\\\/#organization\",\"name\":\"\u041c\u0435\u0434\u0436\u043b\u0456\u0441\",\"url\":\"https:\\\/\\\/qtmm.org\\\/qt\\\/\",\"logo\":{\"@type\":\"ImageObject\",\"inLanguage\":\"qt\",\"@id\":\"https:\\\/\\\/qtmm.org\\\/qt\\\/#\\\/schema\\\/logo\\\/image\\\/\",\"url\":\"https:\\\/\\\/qtmm.org\\\/wp-content\\\/uploads\\\/2024\\\/12\\\/ua-mejlis-logo-rgb.svg\",\"contentUrl\":\"https:\\\/\\\/qtmm.org\\\/wp-content\\\/uploads\\\/2024\\\/12\\\/ua-mejlis-logo-rgb.svg\",\"caption\":\"\u041c\u0435\u0434\u0436\u043b\u0456\u0441\"},\"image\":{\"@id\":\"https:\\\/\\\/qtmm.org\\\/qt\\\/#\\\/schema\\\/logo\\\/image\\\/\"},\"sameAs\":[\"https:\\\/\\\/www.facebook.com\\\/qtmm.info\\\/\"]},{\"@type\":\"Person\",\"@id\":\"https:\\\/\\\/qtmm.org\\\/qt\\\/#\\\/schema\\\/person\\\/de562469f971dec226ac06e60bbf74a7\",\"name\":\"Developer\",\"image\":{\"@type\":\"ImageObject\",\"inLanguage\":\"qt\",\"@id\":\"https:\\\/\\\/secure.gravatar.com\\\/avatar\\\/392b4cc8fbfeb00b39dfeeab4ee6edded39ffd48e25858637e4765810300227e?s=96&d=mm&r=g\",\"url\":\"https:\\\/\\\/secure.gravatar.com\\\/avatar\\\/392b4cc8fbfeb00b39dfeeab4ee6edded39ffd48e25858637e4765810300227e?s=96&d=mm&r=g\",\"contentUrl\":\"https:\\\/\\\/secure.gravatar.com\\\/avatar\\\/392b4cc8fbfeb00b39dfeeab4ee6edded39ffd48e25858637e4765810300227e?s=96&d=mm&r=g\",\"caption\":\"Developer\"},\"url\":\"https:\\\/\\\/qtmm.org\\\/qt\\\/author\\\/Developer\\\/\"}]}<\/script>\n<!-- \/ Yoast SEO plugin. -->","yoast_head_json":{"title":"Dmitriy Taba\u00e7nik TMU Q\u0131r\u0131mtatar ve \u015farq filologiyas\u0131 fakultetinde ocalarn\u0131 q\u0131sqartuv problemine seslendi - \u041c\u0435\u0434\u0436\u043b\u0456\u0441","robots":{"index":"index","follow":"follow","max-snippet":"max-snippet:-1","max-image-preview":"max-image-preview:large","max-video-preview":"max-video-preview:-1"},"canonical":"https:\/\/qtmm.org\/qt\/dmitriy-tabacnik-tmu-qirimtatar-ve-sarq-filologiyasi-fakultetinde-ocalarni-qisqartuv-problemine-seslendi\/","og_locale":"en_US","og_type":"article","og_title":"Dmitriy Taba\u00e7nik TMU Q\u0131r\u0131mtatar ve \u015farq filologiyas\u0131 fakultetinde ocalarn\u0131 q\u0131sqartuv problemine seslendi - \u041c\u0435\u0434\u0436\u043b\u0456\u0441","og_description":"Meclis reisi M. Cemilev ve Vernadskiy ad\u0131na TMU rektor\u0131 N. Bagrovn\u0131\u00f1 q\u0131r\u0131mtatar ve \u015farq filologiyas\u0131 fakultetindeki problemlerni \u00e7ez\u00fcv yollar\u0131n\u0131 ara\u015ft\u0131ruvn\u0131 muzakere ettikleri k\u00f6r\u00fc\u015f\u00fcvi neticeleri boyunca M. Cemilev Kiyevde Ukraina Tasil naziri Dmitriy Taba\u00e7nik ile k\u00f6r\u00fc\u015fken edi. Hat\u0131rlatam\u0131z ki, k\u00f6r\u00fc\u015f\u00fcvge q\u0131r\u0131mtatar ve \u015farq filologiyas\u0131 fakultetinde ocalar ve ders saatlerini\u00f1 q\u0131sqart\u0131lmas\u0131nen ba\u011fl\u0131 vaziyet sebep\u00e7i ol\u011fan edi. Subet [&hellip;]","og_url":"https:\/\/qtmm.org\/qt\/dmitriy-tabacnik-tmu-qirimtatar-ve-sarq-filologiyasi-fakultetinde-ocalarni-qisqartuv-problemine-seslendi\/","og_site_name":"\u041c\u0435\u0434\u0436\u043b\u0456\u0441","article_publisher":"https:\/\/www.facebook.com\/qtmm.info\/","article_published_time":"2013-09-30T15:21:00+00:00","article_modified_time":"2022-01-25T15:22:35+00:00","og_image":[{"width":650,"height":277,"url":"https:\/\/qtmm.org\/wp-content\/uploads\/2022\/01\/minobrazovaniya_tekst.jpeg","type":"image\/jpeg"}],"author":"Developer","twitter_card":"summary_large_image","twitter_misc":{"Written by":"Developer","Est. reading time":"1 minute"},"schema":{"@context":"https:\/\/schema.org","@graph":[{"@type":"Article","@id":"https:\/\/qtmm.org\/qt\/dmitriy-tabacnik-tmu-qirimtatar-ve-sarq-filologiyasi-fakultetinde-ocalarni-qisqartuv-problemine-seslendi\/#article","isPartOf":{"@id":"https:\/\/qtmm.org\/qt\/dmitriy-tabacnik-tmu-qirimtatar-ve-sarq-filologiyasi-fakultetinde-ocalarni-qisqartuv-problemine-seslendi\/"},"author":{"name":"Developer","@id":"https:\/\/qtmm.org\/qt\/#\/schema\/person\/de562469f971dec226ac06e60bbf74a7"},"headline":"Dmitriy Taba\u00e7nik TMU Q\u0131r\u0131mtatar ve \u015farq filologiyas\u0131 fakultetinde ocalarn\u0131 q\u0131sqartuv problemine seslendi","datePublished":"2013-09-30T15:21:00+00:00","dateModified":"2022-01-25T15:22:35+00:00","mainEntityOfPage":{"@id":"https:\/\/qtmm.org\/qt\/dmitriy-tabacnik-tmu-qirimtatar-ve-sarq-filologiyasi-fakultetinde-ocalarni-qisqartuv-problemine-seslendi\/"},"wordCount":274,"commentCount":0,"publisher":{"@id":"https:\/\/qtmm.org\/qt\/#organization"},"image":{"@id":"https:\/\/qtmm.org\/qt\/dmitriy-tabacnik-tmu-qirimtatar-ve-sarq-filologiyasi-fakultetinde-ocalarni-qisqartuv-problemine-seslendi\/#primaryimage"},"thumbnailUrl":"http:\/\/qtmm.org\/wp-content\/uploads\/2022\/01\/minobrazovaniya_tekst.jpeg","articleSection":["Haberler"],"inLanguage":"qt","potentialAction":[{"@type":"CommentAction","name":"Comment","target":["https:\/\/qtmm.org\/qt\/dmitriy-tabacnik-tmu-qirimtatar-ve-sarq-filologiyasi-fakultetinde-ocalarni-qisqartuv-problemine-seslendi\/#respond"]}]},{"@type":"WebPage","@id":"https:\/\/qtmm.org\/qt\/dmitriy-tabacnik-tmu-qirimtatar-ve-sarq-filologiyasi-fakultetinde-ocalarni-qisqartuv-problemine-seslendi\/","url":"https:\/\/qtmm.org\/qt\/dmitriy-tabacnik-tmu-qirimtatar-ve-sarq-filologiyasi-fakultetinde-ocalarni-qisqartuv-problemine-seslendi\/","name":"Dmitriy Taba\u00e7nik TMU Q\u0131r\u0131mtatar ve \u015farq filologiyas\u0131 fakultetinde ocalarn\u0131 q\u0131sqartuv problemine seslendi - \u041c\u0435\u0434\u0436\u043b\u0456\u0441","isPartOf":{"@id":"https:\/\/qtmm.org\/qt\/#website"},"primaryImageOfPage":{"@id":"https:\/\/qtmm.org\/qt\/dmitriy-tabacnik-tmu-qirimtatar-ve-sarq-filologiyasi-fakultetinde-ocalarni-qisqartuv-problemine-seslendi\/#primaryimage"},"image":{"@id":"https:\/\/qtmm.org\/qt\/dmitriy-tabacnik-tmu-qirimtatar-ve-sarq-filologiyasi-fakultetinde-ocalarni-qisqartuv-problemine-seslendi\/#primaryimage"},"thumbnailUrl":"http:\/\/qtmm.org\/wp-content\/uploads\/2022\/01\/minobrazovaniya_tekst.jpeg","datePublished":"2013-09-30T15:21:00+00:00","dateModified":"2022-01-25T15:22:35+00:00","breadcrumb":{"@id":"https:\/\/qtmm.org\/qt\/dmitriy-tabacnik-tmu-qirimtatar-ve-sarq-filologiyasi-fakultetinde-ocalarni-qisqartuv-problemine-seslendi\/#breadcrumb"},"inLanguage":"qt","potentialAction":[{"@type":"ReadAction","target":["https:\/\/qtmm.org\/qt\/dmitriy-tabacnik-tmu-qirimtatar-ve-sarq-filologiyasi-fakultetinde-ocalarni-qisqartuv-problemine-seslendi\/"]}]},{"@type":"ImageObject","inLanguage":"qt","@id":"https:\/\/qtmm.org\/qt\/dmitriy-tabacnik-tmu-qirimtatar-ve-sarq-filologiyasi-fakultetinde-ocalarni-qisqartuv-problemine-seslendi\/#primaryimage","url":"http:\/\/qtmm.org\/wp-content\/uploads\/2022\/01\/minobrazovaniya_tekst.jpeg","contentUrl":"http:\/\/qtmm.org\/wp-content\/uploads\/2022\/01\/minobrazovaniya_tekst.jpeg"},{"@type":"BreadcrumbList","@id":"https:\/\/qtmm.org\/qt\/dmitriy-tabacnik-tmu-qirimtatar-ve-sarq-filologiyasi-fakultetinde-ocalarni-qisqartuv-problemine-seslendi\/#breadcrumb","itemListElement":[{"@type":"ListItem","position":1,"name":"\u0413\u043e\u043b\u043e\u0432\u043d\u0430","item":"https:\/\/qtmm.org\/qt\/"},{"@type":"ListItem","position":2,"name":"Dmitriy Taba\u00e7nik TMU Q\u0131r\u0131mtatar ve \u015farq filologiyas\u0131 fakultetinde ocalarn\u0131 q\u0131sqartuv problemine seslendi"}]},{"@type":"WebSite","@id":"https:\/\/qtmm.org\/qt\/#website","url":"https:\/\/qtmm.org\/qt\/","name":"\u041c\u0435\u0434\u0436\u043b\u0456\u0441","description":"","publisher":{"@id":"https:\/\/qtmm.org\/qt\/#organization"},"potentialAction":[{"@type":"SearchAction","target":{"@type":"EntryPoint","urlTemplate":"https:\/\/qtmm.org\/qt\/?s={search_term_string}"},"query-input":{"@type":"PropertyValueSpecification","valueRequired":true,"valueName":"search_term_string"}}],"inLanguage":"qt"},{"@type":"Organization","@id":"https:\/\/qtmm.org\/qt\/#organization","name":"\u041c\u0435\u0434\u0436\u043b\u0456\u0441","url":"https:\/\/qtmm.org\/qt\/","logo":{"@type":"ImageObject","inLanguage":"qt","@id":"https:\/\/qtmm.org\/qt\/#\/schema\/logo\/image\/","url":"https:\/\/qtmm.org\/wp-content\/uploads\/2024\/12\/ua-mejlis-logo-rgb.svg","contentUrl":"https:\/\/qtmm.org\/wp-content\/uploads\/2024\/12\/ua-mejlis-logo-rgb.svg","caption":"\u041c\u0435\u0434\u0436\u043b\u0456\u0441"},"image":{"@id":"https:\/\/qtmm.org\/qt\/#\/schema\/logo\/image\/"},"sameAs":["https:\/\/www.facebook.com\/qtmm.info\/"]},{"@type":"Person","@id":"https:\/\/qtmm.org\/qt\/#\/schema\/person\/de562469f971dec226ac06e60bbf74a7","name":"Developer","image":{"@type":"ImageObject","inLanguage":"qt","@id":"https:\/\/secure.gravatar.com\/avatar\/392b4cc8fbfeb00b39dfeeab4ee6edded39ffd48e25858637e4765810300227e?s=96&d=mm&r=g","url":"https:\/\/secure.gravatar.com\/avatar\/392b4cc8fbfeb00b39dfeeab4ee6edded39ffd48e25858637e4765810300227e?s=96&d=mm&r=g","contentUrl":"https:\/\/secure.gravatar.com\/avatar\/392b4cc8fbfeb00b39dfeeab4ee6edded39ffd48e25858637e4765810300227e?s=96&d=mm&r=g","caption":"Developer"},"url":"https:\/\/qtmm.org\/qt\/author\/Developer\/"}]}},"_links":{"self":[{"href":"https:\/\/qtmm.org\/qt\/wp-json\/wp\/v2\/posts\/39533","targetHints":{"allow":["GET"]}}],"collection":[{"href":"https:\/\/qtmm.org\/qt\/wp-json\/wp\/v2\/posts"}],"about":[{"href":"https:\/\/qtmm.org\/qt\/wp-json\/wp\/v2\/types\/post"}],"author":[{"embeddable":true,"href":"https:\/\/qtmm.org\/qt\/wp-json\/wp\/v2\/users\/1"}],"replies":[{"embeddable":true,"href":"https:\/\/qtmm.org\/qt\/wp-json\/wp\/v2\/comments?post=39533"}],"version-history":[{"count":1,"href":"https:\/\/qtmm.org\/qt\/wp-json\/wp\/v2\/posts\/39533\/revisions"}],"predecessor-version":[{"id":39538,"href":"https:\/\/qtmm.org\/qt\/wp-json\/wp\/v2\/posts\/39533\/revisions\/39538"}],"wp:attachment":[{"href":"https:\/\/qtmm.org\/qt\/wp-json\/wp\/v2\/media?parent=39533"}],"wp:term":[{"taxonomy":"category","embeddable":true,"href":"https:\/\/qtmm.org\/qt\/wp-json\/wp\/v2\/categories?post=39533"},{"taxonomy":"post_tag","embeddable":true,"href":"https:\/\/qtmm.org\/qt\/wp-json\/wp\/v2\/tags?post=39533"}],"curies":[{"name":"wp","href":"https:\/\/api.w.org\/{rel}","templated":true}]}}