




{"id":39515,"date":"2013-09-29T18:20:00","date_gmt":"2013-09-29T15:20:00","guid":{"rendered":"http:\/\/qtmm.org\/?p=39515"},"modified":"2022-01-25T18:21:43","modified_gmt":"2022-01-25T15:21:43","slug":"almaniya-cemaat-erbaplarinin-gruppasi-meclis-yolbascilarinen-korustiler","status":"publish","type":"post","link":"https:\/\/qtmm.org\/qt\/almaniya-cemaat-erbaplarinin-gruppasi-meclis-yolbascilarinen-korustiler\/","title":{"rendered":"Almaniya cemaat erbaplar\u0131n\u0131\u00f1 gruppas\u0131 Meclis yolba\u015f\u00e7\u0131lar\u0131nen k\u00f6r\u00fc\u015ftiler"},"content":{"rendered":"\n<p>2013 senesi sent\u00e2br 29 k\u00fcn\u00fc Aqmescitte Milliy Meclis yolba\u015f\u00e7\u0131lar\u0131n\u0131\u00f1 &#8220;Via Cultus \u2013 devlet siyasiy cemiyeti&#8221; vekillerinen k\u00f6r\u00fc\u015f\u00fcvi ol\u0131p ke\u00e7ti.<\/p>\n\n\n\n<p>Milliy Meclisni Meclis reisini\u00f1 birinci muavini Refat \u00c7ubarov, reis muavini Remzi \u0130lyasov ve t\u0131\u015fq\u0131 al\u00e2qalar b\u00f6l\u00fcgini\u00f1 ba\u015f\u0131 Ali Hamzin temsil ettiler.<\/p>\n\n\n\n<p>&#8220;Via Cultus&#8221;n\u0131 ise 28 azas\u0131 temsil etip, olarn\u0131\u00f1 aras\u0131nda Almaniya parlamentini\u00f1 sab\u0131q azalar\u0131, prokuratura hadimleri, devlet m\u00fcessiselerini\u00f1 ve \u00e7e\u015fit cemaat te\u015fkil\u00e2tlar\u0131n\u0131\u00f1 hadimleri bar edi. Gruppa\u011fa belli nemse siyaset\u015f\u0131nas\u0131, professor Karl-Georg \u015erayner yolba\u015f\u00e7\u0131l\u0131q yapa.<\/p>\n\n\n\n<figure class=\"wp-block-image size-full\"><img loading=\"lazy\" decoding=\"async\" width=\"650\" height=\"300\" src=\"http:\/\/qtmm.org\/wp-content\/uploads\/2022\/01\/img_0261.jpeg\" alt=\"\" class=\"wp-image-39516\" srcset=\"https:\/\/qtmm.org\/wp-content\/uploads\/2022\/01\/img_0261.jpeg 650w, https:\/\/qtmm.org\/wp-content\/uploads\/2022\/01\/img_0261-300x138.jpeg 300w\" sizes=\"auto, (max-width: 650px) 100vw, 650px\" \/><\/figure>\n\n\n\n<p>Karl-Georg \u015eraynerni\u00f1 bildirgenine k\u00f6re, olar Q\u0131r\u0131mda informatsion-tan\u0131\u015fuv maqsadnen ziyarette bulunmaqtalar. &#8220;Bu munasebetnen Meclis yolba\u015f\u00e7\u0131lar\u0131nen k\u00f6r\u00fc\u015f\u00fcvimiz ve subetimiz ziyaretimiizni\u00f1 ba\u015f maqsadlar\u0131ndan biridir, &#8211; dep qayd etti \u015erayner. &#8211; Biz Ukraina ve Q\u0131r\u0131mda milliy azl\u0131qlarn\u0131\u00f1 aqlar\u0131n\u0131 qor\u00e7alavnen ba\u011fl\u0131 vaziyet aqq\u0131nda bivasta birinci \u015fah\u0131slardan bilmek isteymiz&#8221;.<\/p>\n\n\n\n<p>Refat \u00c7ubarov &#8220;Qurultay \u2013 Meclis&#8221; qurum\u0131, q\u0131r\u0131mtatar halq\u0131n\u0131\u00f1 vek\u00e2letli organ\u0131n\u0131\u00f1 maqsadlar\u0131 ve vazifeleri, q\u0131r\u0131mtatar halq\u0131n\u0131\u00f1 bug\u00fcnki vaziyeti aqq\u0131nda ik\u00e2ye etti. Yar\u0131madan\u0131\u00f1 tam\u0131r halq\u0131 ol\u011fan q\u0131r\u0131mtatarlarn\u0131\u00f1 tarih\u0131n\u0131 tarif eterken, Refat \u00c7ubarov \u015fun\u0131 da qayd etti ki q\u0131r\u0131mtatarlarn\u0131\u00f1 1783 senesine qadar mustaqil devletleri \u2013 Q\u0131r\u0131m hanl\u0131\u011f\u0131, sovetler devirinde ise Q\u0131r\u0131m Muhtar Cumhuriyeti kibi milliy muhtariyetke malik ediler. 1783 senesi devlet\u00e7ilik \u011fay\u0131p etilgen so\u00f1 \u00e7ar ve sovet Rusiyesi tarih\u0131nda q\u0131r\u0131mtatarlarn\u0131\u00f1 taqdiri 1944 senesi s\u00fcrg\u00fcnliknen ve soyq\u0131r\u0131mnen yek\u00fcnlengen facial\u0131 vaqialarnen tolud\u0131r.<\/p>\n\n\n\n<figure class=\"wp-block-image size-full\"><img loading=\"lazy\" decoding=\"async\" width=\"650\" height=\"300\" src=\"http:\/\/qtmm.org\/wp-content\/uploads\/2022\/01\/img_0279_1.jpeg\" alt=\"\" class=\"wp-image-39520\" srcset=\"https:\/\/qtmm.org\/wp-content\/uploads\/2022\/01\/img_0279_1.jpeg 650w, https:\/\/qtmm.org\/wp-content\/uploads\/2022\/01\/img_0279_1-300x138.jpeg 300w\" sizes=\"auto, (max-width: 650px) 100vw, 650px\" \/><\/figure>\n\n\n\n<p>&#8220;S\u00fcrg\u00fcnlik ve avdetnen ba\u011fl\u0131 meselelerden \u00e7oqu\u00f1\u0131z haberdars\u0131\u00f1\u0131z. Halq\u0131m\u0131zn\u0131 s\u00fcrg\u00fcn etkenlerinde on\u0131\u00f1 er \u015feyini \u00e7ekip ald\u0131lar. Ana-babalar\u0131m\u0131zn\u0131\u00f1 evlerinde yabanc\u0131 insanlar ya\u015famaqta. Bu da azl\u0131q etkeni kibi Q\u0131r\u0131mdaki b\u00fct\u00fcn k\u00f6y ve \u015feerlerni\u00f1 tarihiy adlar\u0131 de\u00f1i\u015ftirildi, &#8211; dedi \u00c7ubarov. &#8211; Bug\u00fcnde-bug\u00fcn yar\u0131mada &#8220;\u0130vanovka&#8221;, &#8220;Nikolayevka&#8221; kibi o\u00f1a ait olma\u011fan adlardan tarihiy s\u0131fat\u0131n\u0131 coyd\u0131&#8221;.<\/p>\n\n\n\n<p>Ayr\u0131ca qayd etildi ki, Meclis 1991 senesi Ukraina mustaqilligine ve Ukrainan\u0131\u00f1 Avropa\u011fa qat\u0131luv kurs\u0131na qoltutqan Q\u0131r\u0131mda yek\u00e2ne siyasiy k\u00fc\u00e7tir, &#8211; dedi Refat \u00c7ubarov.<\/p>\n\n\n\n<p>Remzi \u0130lyasov musafirlerni\u00f1 Q\u0131r\u0131m Yuqar\u0131 \u015euras\u0131n\u0131\u00f1 i\u015finen, Q\u0131r\u0131m parlament ive yerli \u015furalar\u011fa saylav kompaniyas\u0131n\u0131\u00f1 sistema ve printsiplerinen ba\u011fl\u0131 suallerine cevap berip, Q\u0131r\u0131m Yuqar\u0131 \u015euras\u0131 Milletlerara munasebetler ve s\u00fcrg\u00fcn olun\u011fan grajdanlarn\u0131\u00f1 i\u015fleri boyunca daimiy komissiyas\u0131n\u0131\u00f1 reisi s\u0131fat\u0131nda faaliyetin aqq\u0131nda ik\u00e2ye etti. \u0130lyasov \u015fun\u0131 da ayr\u0131ca qayd etti ki, milliy mens\u00fcpligi boyunca s\u00fcrg\u00fcn etilgen q\u0131r\u0131mtatar halq\u0131n\u0131\u00f1 meselelerini \u00e7ezmek i\u00e7\u00fcn Ukraina zarur qanunlarn\u0131 qabul etmesi kerek.<\/p>\n\n\n\n<figure class=\"wp-block-image size-full\"><img loading=\"lazy\" decoding=\"async\" width=\"650\" height=\"300\" src=\"http:\/\/qtmm.org\/wp-content\/uploads\/2022\/01\/img_0266.jpeg\" alt=\"\" class=\"wp-image-39524\" srcset=\"https:\/\/qtmm.org\/wp-content\/uploads\/2022\/01\/img_0266.jpeg 650w, https:\/\/qtmm.org\/wp-content\/uploads\/2022\/01\/img_0266-300x138.jpeg 300w\" sizes=\"auto, (max-width: 650px) 100vw, 650px\" \/><\/figure>\n\n\n\n<p>Ali Hamzin \u00f6z nevbetinde almaniyal\u0131 musafirlerni\u00f1 diqqat\u0131n\u0131 \u015fu\u00f1a celp etti ki, Meclis Avropa vicdan ve hat\u0131ra platformas\u0131n\u0131\u00f1 azas\u0131d\u0131r. &#8220;Q\u0131r\u0131mtatarlarn\u0131\u00f1 vek\u00e2letli organ\u0131 Q\u0131r\u0131mda Avropa Parlamenti 2009 senesi Viln\u00fcs sammitinde qabul etken printsiplerni te\u015fviq ete. Sammit avgust 23-ni 20-nci as\u0131rda eki totalitar \u2013 kommunist ve natsist rejimleri qurbanlar\u0131n\u0131\u00f1 hat\u0131ras\u0131 k\u00fcn\u00fc dep il\u00e2n etken edi, &#8211; dedi Meclis t\u0131\u015fq\u0131 al\u00e2qalar b\u00f6l\u00fcgini\u00f1 ba\u015f\u0131. \u2013 Q\u0131r\u0131mtatar halq\u0131 \u015fu totalitar rejimni\u00f1 qurban\u0131d\u0131r&#8221;.<\/p>\n\n\n\n<p>Subet devam\u0131nda Ali Hamzin q\u0131r\u0131mtatarlar ta 1917 senesinden ba\u015flap kommunist rejivi taraf\u0131ndan a\u00e7l\u0131q, terror, aqs\u0131mlav, 1937 senesini\u00f1 repressiyalar\u0131na ve 1944 senesi s\u00fcrg\u00fcnlik ve soyoq\u0131r\u0131m\u011fa o\u011frat\u0131l\u011fanlar\u0131 aqq\u0131nda ik\u00e2ye etti. &#8220;Bizim halq\u0131m\u0131z natsist rejiminden de zarar k\u00f6rdi. 100 q\u0131r\u0131mtatar k\u00f6y\u00fc yaq\u0131ld\u0131. Asriy tarih ve medeniyet saibi ol\u011fan bu k\u00f6yler yernen yeksan etildiler&#8221;, &#8211; dedi Ali Hamzin.<\/p>\n\n\n\n<p>K\u00f6r\u00fc\u015f\u00fcvde bun\u0131\u00f1 kibi de a\u011f\u0131r vaziyette bulun\u011fan milliy tasil, q\u0131r\u0131mtatar tilinde kitap ne\u015firi saas\u0131nda problemler, q\u0131r\u0131mtatarlar\u011fa \u00f6z aqlar\u0131n\u0131 tiklemek imk\u00e2n\u0131n\u0131 bergen qanunlar yoqlu\u011f\u0131 muzakere etildi.<\/p>\n\n\n\n<p>K\u00f6r\u00fc\u015f\u00fcv neticeleri boyunca Karl-Georg \u015erayner on\u0131\u00f1 zenaatda\u015flar\u0131 q\u0131r\u0131mtatar problemlerini keni\u015f k\u00fctlege bildirmek meram\u0131nda ol\u011fanlar\u0131n\u0131 bildirdi. &#8220;Bizlerde sizi\u00f1 kibi \u00fck\u00fcmetten t\u0131\u015f te\u015fkil\u00e2tlar, hayriye vaquflar\u0131 \u00e7al\u0131\u015fmaqta, &#8211; dep devam etti \u00e7\u0131q\u0131\u015f\u0131n\u0131 \u015erayner. \u2013 Bu te\u015fkil\u00e2tlar ayd\u0131nlatuv i\u015flerini al\u0131p bar\u0131p, siyasiy vaziyetke tesir ke\u00e7ireler. Biz Q\u0131r\u0131mtatar halq\u0131n\u0131\u00f1 aqlar\u0131n\u0131 tiklev boyunca halqara forumn\u0131\u00f1 ke\u00e7irilmesine \u00f6z issemizni qo\u015farm\u0131z&#8221;.<\/p>\n\n\n\n<figure class=\"wp-block-image size-full\"><img loading=\"lazy\" decoding=\"async\" width=\"650\" height=\"272\" src=\"http:\/\/qtmm.org\/wp-content\/uploads\/2022\/01\/img_0322.jpeg\" alt=\"\" class=\"wp-image-39528\" srcset=\"https:\/\/qtmm.org\/wp-content\/uploads\/2022\/01\/img_0322.jpeg 650w, https:\/\/qtmm.org\/wp-content\/uploads\/2022\/01\/img_0322-300x126.jpeg 300w\" sizes=\"auto, (max-width: 650px) 100vw, 650px\" \/><\/figure>\n","protected":false},"excerpt":{"rendered":"<p>2013 senesi sent\u00e2br 29 k\u00fcn\u00fc Aqmescitte Milliy Meclis yolba\u015f\u00e7\u0131lar\u0131n\u0131\u00f1 &#8220;Via Cultus \u2013 devlet siyasiy cemiyeti&#8221; vekillerinen k\u00f6r\u00fc\u015f\u00fcvi ol\u0131p ke\u00e7ti. Milliy Meclisni Meclis reisini\u00f1 birinci muavini Refat \u00c7ubarov, reis muavini Remzi \u0130lyasov ve t\u0131\u015fq\u0131 al\u00e2qalar b\u00f6l\u00fcgini\u00f1 ba\u015f\u0131 Ali Hamzin temsil ettiler. &#8220;Via Cultus&#8221;n\u0131 ise 28 azas\u0131 temsil etip, olarn\u0131\u00f1 aras\u0131nda Almaniya parlamentini\u00f1 sab\u0131q azalar\u0131, prokuratura hadimleri, [&hellip;]<\/p>\n","protected":false},"author":1,"featured_media":0,"comment_status":"open","ping_status":"open","sticky":false,"template":"","format":"standard","meta":{"inline_featured_image":false,"footnotes":""},"categories":[265],"tags":[],"class_list":["post-39515","post","type-post","status-publish","format-standard","hentry","category-haberler"],"acf":[],"yoast_head":"<!-- This site is optimized with the Yoast SEO plugin v27.4 - https:\/\/yoast.com\/product\/yoast-seo-wordpress\/ -->\n<title>Almaniya cemaat erbaplar\u0131n\u0131\u00f1 gruppas\u0131 Meclis yolba\u015f\u00e7\u0131lar\u0131nen k\u00f6r\u00fc\u015ftiler - \u041c\u0435\u0434\u0436\u043b\u0456\u0441<\/title>\n<meta name=\"robots\" content=\"index, follow, max-snippet:-1, max-image-preview:large, max-video-preview:-1\" \/>\n<link rel=\"canonical\" href=\"https:\/\/qtmm.org\/qt\/almaniya-cemaat-erbaplarinin-gruppasi-meclis-yolbascilarinen-korustiler\/\" \/>\n<meta property=\"og:locale\" content=\"en_US\" \/>\n<meta property=\"og:type\" content=\"article\" \/>\n<meta property=\"og:title\" content=\"Almaniya cemaat erbaplar\u0131n\u0131\u00f1 gruppas\u0131 Meclis yolba\u015f\u00e7\u0131lar\u0131nen k\u00f6r\u00fc\u015ftiler - \u041c\u0435\u0434\u0436\u043b\u0456\u0441\" \/>\n<meta property=\"og:description\" content=\"2013 senesi sent\u00e2br 29 k\u00fcn\u00fc Aqmescitte Milliy Meclis yolba\u015f\u00e7\u0131lar\u0131n\u0131\u00f1 &#8220;Via Cultus \u2013 devlet siyasiy cemiyeti&#8221; vekillerinen k\u00f6r\u00fc\u015f\u00fcvi ol\u0131p ke\u00e7ti. Milliy Meclisni Meclis reisini\u00f1 birinci muavini Refat \u00c7ubarov, reis muavini Remzi \u0130lyasov ve t\u0131\u015fq\u0131 al\u00e2qalar b\u00f6l\u00fcgini\u00f1 ba\u015f\u0131 Ali Hamzin temsil ettiler. &#8220;Via Cultus&#8221;n\u0131 ise 28 azas\u0131 temsil etip, olarn\u0131\u00f1 aras\u0131nda Almaniya parlamentini\u00f1 sab\u0131q azalar\u0131, prokuratura hadimleri, [&hellip;]\" \/>\n<meta property=\"og:url\" content=\"https:\/\/qtmm.org\/qt\/almaniya-cemaat-erbaplarinin-gruppasi-meclis-yolbascilarinen-korustiler\/\" \/>\n<meta property=\"og:site_name\" content=\"\u041c\u0435\u0434\u0436\u043b\u0456\u0441\" \/>\n<meta property=\"article:publisher\" content=\"https:\/\/www.facebook.com\/qtmm.info\/\" \/>\n<meta property=\"article:published_time\" content=\"2013-09-29T15:20:00+00:00\" \/>\n<meta property=\"article:modified_time\" content=\"2022-01-25T15:21:43+00:00\" \/>\n<meta property=\"og:image\" content=\"https:\/\/qtmm.org\/wp-content\/uploads\/2022\/01\/img_0261.jpeg\" \/>\n\t<meta property=\"og:image:width\" content=\"650\" \/>\n\t<meta property=\"og:image:height\" content=\"300\" \/>\n\t<meta property=\"og:image:type\" content=\"image\/jpeg\" \/>\n<meta name=\"author\" content=\"Developer\" \/>\n<meta name=\"twitter:card\" content=\"summary_large_image\" \/>\n<meta name=\"twitter:label1\" content=\"Written by\" \/>\n\t<meta name=\"twitter:data1\" content=\"Developer\" \/>\n\t<meta name=\"twitter:label2\" content=\"Est. reading time\" \/>\n\t<meta name=\"twitter:data2\" content=\"4 minutes\" \/>\n<script type=\"application\/ld+json\" class=\"yoast-schema-graph\">{\"@context\":\"https:\\\/\\\/schema.org\",\"@graph\":[{\"@type\":\"Article\",\"@id\":\"https:\\\/\\\/qtmm.org\\\/qt\\\/almaniya-cemaat-erbaplarinin-gruppasi-meclis-yolbascilarinen-korustiler\\\/#article\",\"isPartOf\":{\"@id\":\"https:\\\/\\\/qtmm.org\\\/qt\\\/almaniya-cemaat-erbaplarinin-gruppasi-meclis-yolbascilarinen-korustiler\\\/\"},\"author\":{\"name\":\"Developer\",\"@id\":\"https:\\\/\\\/qtmm.org\\\/qt\\\/#\\\/schema\\\/person\\\/de562469f971dec226ac06e60bbf74a7\"},\"headline\":\"Almaniya cemaat erbaplar\u0131n\u0131\u00f1 gruppas\u0131 Meclis yolba\u015f\u00e7\u0131lar\u0131nen k\u00f6r\u00fc\u015ftiler\",\"datePublished\":\"2013-09-29T15:20:00+00:00\",\"dateModified\":\"2022-01-25T15:21:43+00:00\",\"mainEntityOfPage\":{\"@id\":\"https:\\\/\\\/qtmm.org\\\/qt\\\/almaniya-cemaat-erbaplarinin-gruppasi-meclis-yolbascilarinen-korustiler\\\/\"},\"wordCount\":755,\"commentCount\":0,\"publisher\":{\"@id\":\"https:\\\/\\\/qtmm.org\\\/qt\\\/#organization\"},\"image\":{\"@id\":\"https:\\\/\\\/qtmm.org\\\/qt\\\/almaniya-cemaat-erbaplarinin-gruppasi-meclis-yolbascilarinen-korustiler\\\/#primaryimage\"},\"thumbnailUrl\":\"http:\\\/\\\/qtmm.org\\\/wp-content\\\/uploads\\\/2022\\\/01\\\/img_0261.jpeg\",\"articleSection\":[\"Haberler\"],\"inLanguage\":\"qt\",\"potentialAction\":[{\"@type\":\"CommentAction\",\"name\":\"Comment\",\"target\":[\"https:\\\/\\\/qtmm.org\\\/qt\\\/almaniya-cemaat-erbaplarinin-gruppasi-meclis-yolbascilarinen-korustiler\\\/#respond\"]}]},{\"@type\":\"WebPage\",\"@id\":\"https:\\\/\\\/qtmm.org\\\/qt\\\/almaniya-cemaat-erbaplarinin-gruppasi-meclis-yolbascilarinen-korustiler\\\/\",\"url\":\"https:\\\/\\\/qtmm.org\\\/qt\\\/almaniya-cemaat-erbaplarinin-gruppasi-meclis-yolbascilarinen-korustiler\\\/\",\"name\":\"Almaniya cemaat erbaplar\u0131n\u0131\u00f1 gruppas\u0131 Meclis yolba\u015f\u00e7\u0131lar\u0131nen k\u00f6r\u00fc\u015ftiler - \u041c\u0435\u0434\u0436\u043b\u0456\u0441\",\"isPartOf\":{\"@id\":\"https:\\\/\\\/qtmm.org\\\/qt\\\/#website\"},\"primaryImageOfPage\":{\"@id\":\"https:\\\/\\\/qtmm.org\\\/qt\\\/almaniya-cemaat-erbaplarinin-gruppasi-meclis-yolbascilarinen-korustiler\\\/#primaryimage\"},\"image\":{\"@id\":\"https:\\\/\\\/qtmm.org\\\/qt\\\/almaniya-cemaat-erbaplarinin-gruppasi-meclis-yolbascilarinen-korustiler\\\/#primaryimage\"},\"thumbnailUrl\":\"http:\\\/\\\/qtmm.org\\\/wp-content\\\/uploads\\\/2022\\\/01\\\/img_0261.jpeg\",\"datePublished\":\"2013-09-29T15:20:00+00:00\",\"dateModified\":\"2022-01-25T15:21:43+00:00\",\"breadcrumb\":{\"@id\":\"https:\\\/\\\/qtmm.org\\\/qt\\\/almaniya-cemaat-erbaplarinin-gruppasi-meclis-yolbascilarinen-korustiler\\\/#breadcrumb\"},\"inLanguage\":\"qt\",\"potentialAction\":[{\"@type\":\"ReadAction\",\"target\":[\"https:\\\/\\\/qtmm.org\\\/qt\\\/almaniya-cemaat-erbaplarinin-gruppasi-meclis-yolbascilarinen-korustiler\\\/\"]}]},{\"@type\":\"ImageObject\",\"inLanguage\":\"qt\",\"@id\":\"https:\\\/\\\/qtmm.org\\\/qt\\\/almaniya-cemaat-erbaplarinin-gruppasi-meclis-yolbascilarinen-korustiler\\\/#primaryimage\",\"url\":\"http:\\\/\\\/qtmm.org\\\/wp-content\\\/uploads\\\/2022\\\/01\\\/img_0261.jpeg\",\"contentUrl\":\"http:\\\/\\\/qtmm.org\\\/wp-content\\\/uploads\\\/2022\\\/01\\\/img_0261.jpeg\"},{\"@type\":\"BreadcrumbList\",\"@id\":\"https:\\\/\\\/qtmm.org\\\/qt\\\/almaniya-cemaat-erbaplarinin-gruppasi-meclis-yolbascilarinen-korustiler\\\/#breadcrumb\",\"itemListElement\":[{\"@type\":\"ListItem\",\"position\":1,\"name\":\"\u0413\u043e\u043b\u043e\u0432\u043d\u0430\",\"item\":\"https:\\\/\\\/qtmm.org\\\/qt\\\/\"},{\"@type\":\"ListItem\",\"position\":2,\"name\":\"Almaniya cemaat erbaplar\u0131n\u0131\u00f1 gruppas\u0131 Meclis yolba\u015f\u00e7\u0131lar\u0131nen k\u00f6r\u00fc\u015ftiler\"}]},{\"@type\":\"WebSite\",\"@id\":\"https:\\\/\\\/qtmm.org\\\/qt\\\/#website\",\"url\":\"https:\\\/\\\/qtmm.org\\\/qt\\\/\",\"name\":\"\u041c\u0435\u0434\u0436\u043b\u0456\u0441\",\"description\":\"\",\"publisher\":{\"@id\":\"https:\\\/\\\/qtmm.org\\\/qt\\\/#organization\"},\"potentialAction\":[{\"@type\":\"SearchAction\",\"target\":{\"@type\":\"EntryPoint\",\"urlTemplate\":\"https:\\\/\\\/qtmm.org\\\/qt\\\/?s={search_term_string}\"},\"query-input\":{\"@type\":\"PropertyValueSpecification\",\"valueRequired\":true,\"valueName\":\"search_term_string\"}}],\"inLanguage\":\"qt\"},{\"@type\":\"Organization\",\"@id\":\"https:\\\/\\\/qtmm.org\\\/qt\\\/#organization\",\"name\":\"\u041c\u0435\u0434\u0436\u043b\u0456\u0441\",\"url\":\"https:\\\/\\\/qtmm.org\\\/qt\\\/\",\"logo\":{\"@type\":\"ImageObject\",\"inLanguage\":\"qt\",\"@id\":\"https:\\\/\\\/qtmm.org\\\/qt\\\/#\\\/schema\\\/logo\\\/image\\\/\",\"url\":\"https:\\\/\\\/qtmm.org\\\/wp-content\\\/uploads\\\/2024\\\/12\\\/ua-mejlis-logo-rgb.svg\",\"contentUrl\":\"https:\\\/\\\/qtmm.org\\\/wp-content\\\/uploads\\\/2024\\\/12\\\/ua-mejlis-logo-rgb.svg\",\"caption\":\"\u041c\u0435\u0434\u0436\u043b\u0456\u0441\"},\"image\":{\"@id\":\"https:\\\/\\\/qtmm.org\\\/qt\\\/#\\\/schema\\\/logo\\\/image\\\/\"},\"sameAs\":[\"https:\\\/\\\/www.facebook.com\\\/qtmm.info\\\/\"]},{\"@type\":\"Person\",\"@id\":\"https:\\\/\\\/qtmm.org\\\/qt\\\/#\\\/schema\\\/person\\\/de562469f971dec226ac06e60bbf74a7\",\"name\":\"Developer\",\"image\":{\"@type\":\"ImageObject\",\"inLanguage\":\"qt\",\"@id\":\"https:\\\/\\\/secure.gravatar.com\\\/avatar\\\/392b4cc8fbfeb00b39dfeeab4ee6edded39ffd48e25858637e4765810300227e?s=96&d=mm&r=g\",\"url\":\"https:\\\/\\\/secure.gravatar.com\\\/avatar\\\/392b4cc8fbfeb00b39dfeeab4ee6edded39ffd48e25858637e4765810300227e?s=96&d=mm&r=g\",\"contentUrl\":\"https:\\\/\\\/secure.gravatar.com\\\/avatar\\\/392b4cc8fbfeb00b39dfeeab4ee6edded39ffd48e25858637e4765810300227e?s=96&d=mm&r=g\",\"caption\":\"Developer\"},\"url\":\"https:\\\/\\\/qtmm.org\\\/qt\\\/author\\\/Developer\\\/\"}]}<\/script>\n<!-- \/ Yoast SEO plugin. -->","yoast_head_json":{"title":"Almaniya cemaat erbaplar\u0131n\u0131\u00f1 gruppas\u0131 Meclis yolba\u015f\u00e7\u0131lar\u0131nen k\u00f6r\u00fc\u015ftiler - \u041c\u0435\u0434\u0436\u043b\u0456\u0441","robots":{"index":"index","follow":"follow","max-snippet":"max-snippet:-1","max-image-preview":"max-image-preview:large","max-video-preview":"max-video-preview:-1"},"canonical":"https:\/\/qtmm.org\/qt\/almaniya-cemaat-erbaplarinin-gruppasi-meclis-yolbascilarinen-korustiler\/","og_locale":"en_US","og_type":"article","og_title":"Almaniya cemaat erbaplar\u0131n\u0131\u00f1 gruppas\u0131 Meclis yolba\u015f\u00e7\u0131lar\u0131nen k\u00f6r\u00fc\u015ftiler - \u041c\u0435\u0434\u0436\u043b\u0456\u0441","og_description":"2013 senesi sent\u00e2br 29 k\u00fcn\u00fc Aqmescitte Milliy Meclis yolba\u015f\u00e7\u0131lar\u0131n\u0131\u00f1 &#8220;Via Cultus \u2013 devlet siyasiy cemiyeti&#8221; vekillerinen k\u00f6r\u00fc\u015f\u00fcvi ol\u0131p ke\u00e7ti. Milliy Meclisni Meclis reisini\u00f1 birinci muavini Refat \u00c7ubarov, reis muavini Remzi \u0130lyasov ve t\u0131\u015fq\u0131 al\u00e2qalar b\u00f6l\u00fcgini\u00f1 ba\u015f\u0131 Ali Hamzin temsil ettiler. &#8220;Via Cultus&#8221;n\u0131 ise 28 azas\u0131 temsil etip, olarn\u0131\u00f1 aras\u0131nda Almaniya parlamentini\u00f1 sab\u0131q azalar\u0131, prokuratura hadimleri, [&hellip;]","og_url":"https:\/\/qtmm.org\/qt\/almaniya-cemaat-erbaplarinin-gruppasi-meclis-yolbascilarinen-korustiler\/","og_site_name":"\u041c\u0435\u0434\u0436\u043b\u0456\u0441","article_publisher":"https:\/\/www.facebook.com\/qtmm.info\/","article_published_time":"2013-09-29T15:20:00+00:00","article_modified_time":"2022-01-25T15:21:43+00:00","og_image":[{"width":650,"height":300,"url":"https:\/\/qtmm.org\/wp-content\/uploads\/2022\/01\/img_0261.jpeg","type":"image\/jpeg"}],"author":"Developer","twitter_card":"summary_large_image","twitter_misc":{"Written by":"Developer","Est. reading time":"4 minutes"},"schema":{"@context":"https:\/\/schema.org","@graph":[{"@type":"Article","@id":"https:\/\/qtmm.org\/qt\/almaniya-cemaat-erbaplarinin-gruppasi-meclis-yolbascilarinen-korustiler\/#article","isPartOf":{"@id":"https:\/\/qtmm.org\/qt\/almaniya-cemaat-erbaplarinin-gruppasi-meclis-yolbascilarinen-korustiler\/"},"author":{"name":"Developer","@id":"https:\/\/qtmm.org\/qt\/#\/schema\/person\/de562469f971dec226ac06e60bbf74a7"},"headline":"Almaniya cemaat erbaplar\u0131n\u0131\u00f1 gruppas\u0131 Meclis yolba\u015f\u00e7\u0131lar\u0131nen k\u00f6r\u00fc\u015ftiler","datePublished":"2013-09-29T15:20:00+00:00","dateModified":"2022-01-25T15:21:43+00:00","mainEntityOfPage":{"@id":"https:\/\/qtmm.org\/qt\/almaniya-cemaat-erbaplarinin-gruppasi-meclis-yolbascilarinen-korustiler\/"},"wordCount":755,"commentCount":0,"publisher":{"@id":"https:\/\/qtmm.org\/qt\/#organization"},"image":{"@id":"https:\/\/qtmm.org\/qt\/almaniya-cemaat-erbaplarinin-gruppasi-meclis-yolbascilarinen-korustiler\/#primaryimage"},"thumbnailUrl":"http:\/\/qtmm.org\/wp-content\/uploads\/2022\/01\/img_0261.jpeg","articleSection":["Haberler"],"inLanguage":"qt","potentialAction":[{"@type":"CommentAction","name":"Comment","target":["https:\/\/qtmm.org\/qt\/almaniya-cemaat-erbaplarinin-gruppasi-meclis-yolbascilarinen-korustiler\/#respond"]}]},{"@type":"WebPage","@id":"https:\/\/qtmm.org\/qt\/almaniya-cemaat-erbaplarinin-gruppasi-meclis-yolbascilarinen-korustiler\/","url":"https:\/\/qtmm.org\/qt\/almaniya-cemaat-erbaplarinin-gruppasi-meclis-yolbascilarinen-korustiler\/","name":"Almaniya cemaat erbaplar\u0131n\u0131\u00f1 gruppas\u0131 Meclis yolba\u015f\u00e7\u0131lar\u0131nen k\u00f6r\u00fc\u015ftiler - \u041c\u0435\u0434\u0436\u043b\u0456\u0441","isPartOf":{"@id":"https:\/\/qtmm.org\/qt\/#website"},"primaryImageOfPage":{"@id":"https:\/\/qtmm.org\/qt\/almaniya-cemaat-erbaplarinin-gruppasi-meclis-yolbascilarinen-korustiler\/#primaryimage"},"image":{"@id":"https:\/\/qtmm.org\/qt\/almaniya-cemaat-erbaplarinin-gruppasi-meclis-yolbascilarinen-korustiler\/#primaryimage"},"thumbnailUrl":"http:\/\/qtmm.org\/wp-content\/uploads\/2022\/01\/img_0261.jpeg","datePublished":"2013-09-29T15:20:00+00:00","dateModified":"2022-01-25T15:21:43+00:00","breadcrumb":{"@id":"https:\/\/qtmm.org\/qt\/almaniya-cemaat-erbaplarinin-gruppasi-meclis-yolbascilarinen-korustiler\/#breadcrumb"},"inLanguage":"qt","potentialAction":[{"@type":"ReadAction","target":["https:\/\/qtmm.org\/qt\/almaniya-cemaat-erbaplarinin-gruppasi-meclis-yolbascilarinen-korustiler\/"]}]},{"@type":"ImageObject","inLanguage":"qt","@id":"https:\/\/qtmm.org\/qt\/almaniya-cemaat-erbaplarinin-gruppasi-meclis-yolbascilarinen-korustiler\/#primaryimage","url":"http:\/\/qtmm.org\/wp-content\/uploads\/2022\/01\/img_0261.jpeg","contentUrl":"http:\/\/qtmm.org\/wp-content\/uploads\/2022\/01\/img_0261.jpeg"},{"@type":"BreadcrumbList","@id":"https:\/\/qtmm.org\/qt\/almaniya-cemaat-erbaplarinin-gruppasi-meclis-yolbascilarinen-korustiler\/#breadcrumb","itemListElement":[{"@type":"ListItem","position":1,"name":"\u0413\u043e\u043b\u043e\u0432\u043d\u0430","item":"https:\/\/qtmm.org\/qt\/"},{"@type":"ListItem","position":2,"name":"Almaniya cemaat erbaplar\u0131n\u0131\u00f1 gruppas\u0131 Meclis yolba\u015f\u00e7\u0131lar\u0131nen k\u00f6r\u00fc\u015ftiler"}]},{"@type":"WebSite","@id":"https:\/\/qtmm.org\/qt\/#website","url":"https:\/\/qtmm.org\/qt\/","name":"\u041c\u0435\u0434\u0436\u043b\u0456\u0441","description":"","publisher":{"@id":"https:\/\/qtmm.org\/qt\/#organization"},"potentialAction":[{"@type":"SearchAction","target":{"@type":"EntryPoint","urlTemplate":"https:\/\/qtmm.org\/qt\/?s={search_term_string}"},"query-input":{"@type":"PropertyValueSpecification","valueRequired":true,"valueName":"search_term_string"}}],"inLanguage":"qt"},{"@type":"Organization","@id":"https:\/\/qtmm.org\/qt\/#organization","name":"\u041c\u0435\u0434\u0436\u043b\u0456\u0441","url":"https:\/\/qtmm.org\/qt\/","logo":{"@type":"ImageObject","inLanguage":"qt","@id":"https:\/\/qtmm.org\/qt\/#\/schema\/logo\/image\/","url":"https:\/\/qtmm.org\/wp-content\/uploads\/2024\/12\/ua-mejlis-logo-rgb.svg","contentUrl":"https:\/\/qtmm.org\/wp-content\/uploads\/2024\/12\/ua-mejlis-logo-rgb.svg","caption":"\u041c\u0435\u0434\u0436\u043b\u0456\u0441"},"image":{"@id":"https:\/\/qtmm.org\/qt\/#\/schema\/logo\/image\/"},"sameAs":["https:\/\/www.facebook.com\/qtmm.info\/"]},{"@type":"Person","@id":"https:\/\/qtmm.org\/qt\/#\/schema\/person\/de562469f971dec226ac06e60bbf74a7","name":"Developer","image":{"@type":"ImageObject","inLanguage":"qt","@id":"https:\/\/secure.gravatar.com\/avatar\/392b4cc8fbfeb00b39dfeeab4ee6edded39ffd48e25858637e4765810300227e?s=96&d=mm&r=g","url":"https:\/\/secure.gravatar.com\/avatar\/392b4cc8fbfeb00b39dfeeab4ee6edded39ffd48e25858637e4765810300227e?s=96&d=mm&r=g","contentUrl":"https:\/\/secure.gravatar.com\/avatar\/392b4cc8fbfeb00b39dfeeab4ee6edded39ffd48e25858637e4765810300227e?s=96&d=mm&r=g","caption":"Developer"},"url":"https:\/\/qtmm.org\/qt\/author\/Developer\/"}]}},"_links":{"self":[{"href":"https:\/\/qtmm.org\/qt\/wp-json\/wp\/v2\/posts\/39515","targetHints":{"allow":["GET"]}}],"collection":[{"href":"https:\/\/qtmm.org\/qt\/wp-json\/wp\/v2\/posts"}],"about":[{"href":"https:\/\/qtmm.org\/qt\/wp-json\/wp\/v2\/types\/post"}],"author":[{"embeddable":true,"href":"https:\/\/qtmm.org\/qt\/wp-json\/wp\/v2\/users\/1"}],"replies":[{"embeddable":true,"href":"https:\/\/qtmm.org\/qt\/wp-json\/wp\/v2\/comments?post=39515"}],"version-history":[{"count":1,"href":"https:\/\/qtmm.org\/qt\/wp-json\/wp\/v2\/posts\/39515\/revisions"}],"predecessor-version":[{"id":39532,"href":"https:\/\/qtmm.org\/qt\/wp-json\/wp\/v2\/posts\/39515\/revisions\/39532"}],"wp:attachment":[{"href":"https:\/\/qtmm.org\/qt\/wp-json\/wp\/v2\/media?parent=39515"}],"wp:term":[{"taxonomy":"category","embeddable":true,"href":"https:\/\/qtmm.org\/qt\/wp-json\/wp\/v2\/categories?post=39515"},{"taxonomy":"post_tag","embeddable":true,"href":"https:\/\/qtmm.org\/qt\/wp-json\/wp\/v2\/tags?post=39515"}],"curies":[{"name":"wp","href":"https:\/\/api.w.org\/{rel}","templated":true}]}}