




{"id":39485,"date":"2013-09-28T18:17:00","date_gmt":"2013-09-28T15:17:00","guid":{"rendered":"http:\/\/qtmm.org\/?p=39485"},"modified":"2022-01-25T18:20:04","modified_gmt":"2022-01-25T15:20:04","slug":"aci-emirali-ablayev-qirim-musulmanlari-muftisi-olaraq-saylandi","status":"publish","type":"post","link":"https:\/\/qtmm.org\/qt\/aci-emirali-ablayev-qirim-musulmanlari-muftisi-olaraq-saylandi\/","title":{"rendered":"Ac\u0131 Emirali Ablayev Q\u0131r\u0131m musulmanlar\u0131 m\u00fcftisi olaraq sayland\u0131"},"content":{"rendered":"\n<p>2013 senesi sent\u00e2br 28-de Aqmescitte Q\u0131r\u0131mtatar muz\u0131kal\u0131 drama teatrini\u00f1 binas\u0131nda \u00f6tkerilgen Q\u0131r\u0131m musulmanlar\u0131 5-nci qurultay\u0131nda b\u00fct\u00fcn Q\u0131r\u0131mdan 365 delegattan 311 neferi i\u015ftirak etti.<\/p>\n\n\n\n<figure class=\"wp-block-image size-full\"><img loading=\"lazy\" decoding=\"async\" width=\"650\" height=\"309\" src=\"http:\/\/qtmm.org\/wp-content\/uploads\/2022\/01\/1_128.jpeg\" alt=\"\" class=\"wp-image-39486\" srcset=\"https:\/\/qtmm.org\/wp-content\/uploads\/2022\/01\/1_128.jpeg 650w, https:\/\/qtmm.org\/wp-content\/uploads\/2022\/01\/1_128-300x143.jpeg 300w\" sizes=\"auto, (max-width: 650px) 100vw, 650px\" \/><\/figure>\n\n\n\n<p>Qurultay k\u00fcn tertibini\u00f1 esas meselelerinden biri Q\u0131r\u0131m musulmanlar\u0131n\u0131\u00f1 m\u00fcftisini ve Tefti\u015f komissiyas\u0131n\u0131 saylav edi.<br>Qurultay \u00f6z i\u015fini devlet ve milliy gimni ve duadan ba\u015fland\u0131.<\/p>\n\n\n\n<p>So\u00f1ra Qurultay prezidium\u0131 saylan\u0131p, o\u00f1a Q\u0131r\u0131m musulmanlar\u0131n\u0131\u00f1 m\u00fcftisi ac\u0131 Emirali Ablayev, on\u0131\u00f1 muavinleri Ayder \u0130smailov ve Enver Noga\u015fev, bun\u0131\u00f1 kibi de Meclis reisini\u00f1 birinci muavini Refat \u00c7ubarov kirdiler.<\/p>\n\n\n\n<figure class=\"wp-block-image size-full\"><img loading=\"lazy\" decoding=\"async\" width=\"650\" height=\"381\" src=\"http:\/\/qtmm.org\/wp-content\/uploads\/2022\/01\/2_126.jpeg\" alt=\"\" class=\"wp-image-39490\" srcset=\"https:\/\/qtmm.org\/wp-content\/uploads\/2022\/01\/2_126.jpeg 650w, https:\/\/qtmm.org\/wp-content\/uploads\/2022\/01\/2_126-300x176.jpeg 300w\" sizes=\"auto, (max-width: 650px) 100vw, 650px\" \/><\/figure>\n\n\n\n<p>Resmiy a\u00e7\u0131l\u0131\u015ftan so\u00f1 Meclis reisini\u00f1 birinci muavini Refat \u00c7ubarov Meclis reisi Mustafa Cemilevni\u00f1 Q\u0131r\u0131m musulmanlar\u0131 qurultay\u0131 ba\u015flanmas\u0131 munasebetinen hay\u0131rlav\u0131n\u0131 bildirdi.<\/p>\n\n\n\n<figure class=\"wp-block-image size-full\"><img loading=\"lazy\" decoding=\"async\" width=\"650\" height=\"374\" src=\"http:\/\/qtmm.org\/wp-content\/uploads\/2022\/01\/3_95.jpeg\" alt=\"\" class=\"wp-image-39494\" srcset=\"https:\/\/qtmm.org\/wp-content\/uploads\/2022\/01\/3_95.jpeg 650w, https:\/\/qtmm.org\/wp-content\/uploads\/2022\/01\/3_95-300x173.jpeg 300w\" sizes=\"auto, (max-width: 650px) 100vw, 650px\" \/><\/figure>\n\n\n\n<p>Bun\u0131\u00f1 kibi de Ukraina dindarlar\u0131, T\u00fcrkiye Cumhuriyeti Din i\u015fleri boyunca idareni\u00f1 vekili Mehmet Emir Ozav\u015far, Ukraina Prezidenti Q\u0131r\u0131mdaki daimiy temsilcisini\u00f1 yard\u0131mc\u0131s\u0131 \u0130braim Mamutov ve Q\u0131r\u0131m Ba\u015f nazirini\u00f1 muavini Aziz Abldullayev da hay\u0131rlav s\u00f6zlerinen \u00e7\u0131q\u0131\u015fta bulund\u0131lar.<br><br>Meclis reisini\u00f1 birinci muavini Refat \u00c7ubarov Q\u0131r\u0131m imamlar\u0131n\u0131\u00f1 i\u015fine ve professionall\u0131\u011f\u0131na y\u00fcksek q\u0131ymet kesti. &#8220;Yapqan i\u015fi\u00f1iz i\u00e7\u00fcn sizlergne te\u015fekk\u00fcr bildirmek isteyim, &#8211; dedi R. \u00c7ubarov. O, Qurultay delegatlar\u0131n\u0131\u00f1 diqqat\u0131n\u0131 yerli din cemiyetleri M\u00fcftiliknen ve maalliy milliy idare organlar\u0131nen bir i\u015f tutqanlar\u0131nda q\u0131r\u0131mtatar halq\u0131n\u0131\u00f1 \u00f6m\u00fcrine dair bir \u00e7oq meselelerni\u00f1 \u00e7ezilmesine iri\u015fmek m\u00fcmk\u00fcnligine celp etti.<\/p>\n\n\n\n<figure class=\"wp-block-image size-full\"><img loading=\"lazy\" decoding=\"async\" width=\"650\" height=\"400\" src=\"http:\/\/qtmm.org\/wp-content\/uploads\/2022\/01\/4_91.jpeg\" alt=\"\" class=\"wp-image-39498\" srcset=\"https:\/\/qtmm.org\/wp-content\/uploads\/2022\/01\/4_91.jpeg 650w, https:\/\/qtmm.org\/wp-content\/uploads\/2022\/01\/4_91-300x185.jpeg 300w\" sizes=\"auto, (max-width: 650px) 100vw, 650px\" \/><\/figure>\n\n\n\n<p>Qurultay devam\u0131nda Q\u0131r\u0131m musulmanlar\u0131n\u0131\u00f1 m\u00fcftisi ac\u0131 Emirali Ablayev esabat maruzas\u0131nen \u00e7\u0131q\u0131\u015fta bulun\u0131p, delegatlar\u011fa idareni\u00f1 be\u015f y\u0131l devam\u0131nda yapqan faaliyetini tarif etti.<\/p>\n\n\n\n<p>M\u00fcftiy ve Tefti\u015f komissiyan\u0131\u00f1 \u00e7\u0131q\u0131\u015flar\u0131ndan so\u00f1 kelecek be\u015f y\u0131l\u011fa M\u00fcftiy saylav meselesi qoyuld\u0131. Qurultay delegatlar\u0131 M\u00fcftiy vazifesine tek bir namzetni Q\u0131r\u0131m musulmanlar\u0131n\u0131\u00f1 m\u00fcftisi ac\u0131 Emirali Ablayevni k\u00f6sterdiler.<\/p>\n\n\n\n<figure class=\"wp-block-image size-full\"><img loading=\"lazy\" decoding=\"async\" width=\"650\" height=\"297\" src=\"http:\/\/qtmm.org\/wp-content\/uploads\/2022\/01\/5_54.jpeg\" alt=\"\" class=\"wp-image-39502\" srcset=\"https:\/\/qtmm.org\/wp-content\/uploads\/2022\/01\/5_54.jpeg 650w, https:\/\/qtmm.org\/wp-content\/uploads\/2022\/01\/5_54-300x137.jpeg 300w\" sizes=\"auto, (max-width: 650px) 100vw, 650px\" \/><\/figure>\n\n\n\n<p>M\u00fcftiy se\u00e7imleri a\u00e7\u0131q rejimde \u00f6tkerildi. Rey ber\u00fcv neticelerine k\u00f6re 311 delegat bira\u011f\u0131zdan Q\u0131pr\u0131m m\u00fcftiysi olaraq ac\u0131 Emirali Ablayevni saylap, so\u00f1ra Tefti\u015f komissiyan\u0131\u00f1 erk\u00e2n\u0131n\u0131 tekmillediler.<\/p>\n\n\n\n<figure class=\"wp-block-image size-full\"><img loading=\"lazy\" decoding=\"async\" width=\"650\" height=\"363\" src=\"http:\/\/qtmm.org\/wp-content\/uploads\/2022\/01\/6_39.jpeg\" alt=\"\" class=\"wp-image-39506\" srcset=\"https:\/\/qtmm.org\/wp-content\/uploads\/2022\/01\/6_39.jpeg 650w, https:\/\/qtmm.org\/wp-content\/uploads\/2022\/01\/6_39-300x168.jpeg 300w\" sizes=\"auto, (max-width: 650px) 100vw, 650px\" \/><\/figure>\n\n\n\n<p>Q\u0131r\u0131m musulmanlar\u0131n\u0131\u00f1 5-nci Qurultay\u0131 duanen yek\u00fcnlendi<\/p>\n\n\n\n<figure class=\"wp-block-image size-full\"><img loading=\"lazy\" decoding=\"async\" width=\"650\" height=\"300\" src=\"http:\/\/qtmm.org\/wp-content\/uploads\/2022\/01\/7_18.jpeg\" alt=\"\" class=\"wp-image-39510\" srcset=\"https:\/\/qtmm.org\/wp-content\/uploads\/2022\/01\/7_18.jpeg 650w, https:\/\/qtmm.org\/wp-content\/uploads\/2022\/01\/7_18-300x138.jpeg 300w\" sizes=\"auto, (max-width: 650px) 100vw, 650px\" \/><\/figure>\n","protected":false},"excerpt":{"rendered":"<p>2013 senesi sent\u00e2br 28-de Aqmescitte Q\u0131r\u0131mtatar muz\u0131kal\u0131 drama teatrini\u00f1 binas\u0131nda \u00f6tkerilgen Q\u0131r\u0131m musulmanlar\u0131 5-nci qurultay\u0131nda b\u00fct\u00fcn Q\u0131r\u0131mdan 365 delegattan 311 neferi i\u015ftirak etti. Qurultay k\u00fcn tertibini\u00f1 esas meselelerinden biri Q\u0131r\u0131m musulmanlar\u0131n\u0131\u00f1 m\u00fcftisini ve Tefti\u015f komissiyas\u0131n\u0131 saylav edi.Qurultay \u00f6z i\u015fini devlet ve milliy gimni ve duadan ba\u015fland\u0131. So\u00f1ra Qurultay prezidium\u0131 saylan\u0131p, o\u00f1a Q\u0131r\u0131m musulmanlar\u0131n\u0131\u00f1 m\u00fcftisi ac\u0131 [&hellip;]<\/p>\n","protected":false},"author":1,"featured_media":0,"comment_status":"open","ping_status":"open","sticky":false,"template":"","format":"standard","meta":{"inline_featured_image":false,"footnotes":""},"categories":[265],"tags":[],"class_list":["post-39485","post","type-post","status-publish","format-standard","hentry","category-haberler"],"acf":[],"yoast_head":"<!-- This site is optimized with the Yoast SEO plugin v27.4 - https:\/\/yoast.com\/product\/yoast-seo-wordpress\/ -->\n<title>Ac\u0131 Emirali Ablayev Q\u0131r\u0131m musulmanlar\u0131 m\u00fcftisi olaraq sayland\u0131 - \u041c\u0435\u0434\u0436\u043b\u0456\u0441<\/title>\n<meta name=\"robots\" content=\"index, follow, max-snippet:-1, max-image-preview:large, max-video-preview:-1\" \/>\n<link rel=\"canonical\" href=\"https:\/\/qtmm.org\/qt\/aci-emirali-ablayev-qirim-musulmanlari-muftisi-olaraq-saylandi\/\" \/>\n<meta property=\"og:locale\" content=\"en_US\" \/>\n<meta property=\"og:type\" content=\"article\" \/>\n<meta property=\"og:title\" content=\"Ac\u0131 Emirali Ablayev Q\u0131r\u0131m musulmanlar\u0131 m\u00fcftisi olaraq sayland\u0131 - \u041c\u0435\u0434\u0436\u043b\u0456\u0441\" \/>\n<meta property=\"og:description\" content=\"2013 senesi sent\u00e2br 28-de Aqmescitte Q\u0131r\u0131mtatar muz\u0131kal\u0131 drama teatrini\u00f1 binas\u0131nda \u00f6tkerilgen Q\u0131r\u0131m musulmanlar\u0131 5-nci qurultay\u0131nda b\u00fct\u00fcn Q\u0131r\u0131mdan 365 delegattan 311 neferi i\u015ftirak etti. Qurultay k\u00fcn tertibini\u00f1 esas meselelerinden biri Q\u0131r\u0131m musulmanlar\u0131n\u0131\u00f1 m\u00fcftisini ve Tefti\u015f komissiyas\u0131n\u0131 saylav edi.Qurultay \u00f6z i\u015fini devlet ve milliy gimni ve duadan ba\u015fland\u0131. So\u00f1ra Qurultay prezidium\u0131 saylan\u0131p, o\u00f1a Q\u0131r\u0131m musulmanlar\u0131n\u0131\u00f1 m\u00fcftisi ac\u0131 [&hellip;]\" \/>\n<meta property=\"og:url\" content=\"https:\/\/qtmm.org\/qt\/aci-emirali-ablayev-qirim-musulmanlari-muftisi-olaraq-saylandi\/\" \/>\n<meta property=\"og:site_name\" content=\"\u041c\u0435\u0434\u0436\u043b\u0456\u0441\" \/>\n<meta property=\"article:publisher\" content=\"https:\/\/www.facebook.com\/qtmm.info\/\" \/>\n<meta property=\"article:published_time\" content=\"2013-09-28T15:17:00+00:00\" \/>\n<meta property=\"article:modified_time\" content=\"2022-01-25T15:20:04+00:00\" \/>\n<meta property=\"og:image\" content=\"https:\/\/qtmm.org\/wp-content\/uploads\/2022\/01\/1_128.jpeg\" \/>\n\t<meta property=\"og:image:width\" content=\"650\" \/>\n\t<meta property=\"og:image:height\" content=\"309\" \/>\n\t<meta property=\"og:image:type\" content=\"image\/jpeg\" \/>\n<meta name=\"author\" content=\"Developer\" \/>\n<meta name=\"twitter:card\" content=\"summary_large_image\" \/>\n<meta name=\"twitter:label1\" content=\"Written by\" \/>\n\t<meta name=\"twitter:data1\" content=\"Developer\" \/>\n\t<meta name=\"twitter:label2\" content=\"Est. reading time\" \/>\n\t<meta name=\"twitter:data2\" content=\"2 minutes\" \/>\n<script type=\"application\/ld+json\" class=\"yoast-schema-graph\">{\"@context\":\"https:\\\/\\\/schema.org\",\"@graph\":[{\"@type\":\"Article\",\"@id\":\"https:\\\/\\\/qtmm.org\\\/qt\\\/aci-emirali-ablayev-qirim-musulmanlari-muftisi-olaraq-saylandi\\\/#article\",\"isPartOf\":{\"@id\":\"https:\\\/\\\/qtmm.org\\\/qt\\\/aci-emirali-ablayev-qirim-musulmanlari-muftisi-olaraq-saylandi\\\/\"},\"author\":{\"name\":\"Developer\",\"@id\":\"https:\\\/\\\/qtmm.org\\\/qt\\\/#\\\/schema\\\/person\\\/de562469f971dec226ac06e60bbf74a7\"},\"headline\":\"Ac\u0131 Emirali Ablayev Q\u0131r\u0131m musulmanlar\u0131 m\u00fcftisi olaraq sayland\u0131\",\"datePublished\":\"2013-09-28T15:17:00+00:00\",\"dateModified\":\"2022-01-25T15:20:04+00:00\",\"mainEntityOfPage\":{\"@id\":\"https:\\\/\\\/qtmm.org\\\/qt\\\/aci-emirali-ablayev-qirim-musulmanlari-muftisi-olaraq-saylandi\\\/\"},\"wordCount\":380,\"commentCount\":0,\"publisher\":{\"@id\":\"https:\\\/\\\/qtmm.org\\\/qt\\\/#organization\"},\"image\":{\"@id\":\"https:\\\/\\\/qtmm.org\\\/qt\\\/aci-emirali-ablayev-qirim-musulmanlari-muftisi-olaraq-saylandi\\\/#primaryimage\"},\"thumbnailUrl\":\"http:\\\/\\\/qtmm.org\\\/wp-content\\\/uploads\\\/2022\\\/01\\\/1_128.jpeg\",\"articleSection\":[\"Haberler\"],\"inLanguage\":\"qt\",\"potentialAction\":[{\"@type\":\"CommentAction\",\"name\":\"Comment\",\"target\":[\"https:\\\/\\\/qtmm.org\\\/qt\\\/aci-emirali-ablayev-qirim-musulmanlari-muftisi-olaraq-saylandi\\\/#respond\"]}]},{\"@type\":\"WebPage\",\"@id\":\"https:\\\/\\\/qtmm.org\\\/qt\\\/aci-emirali-ablayev-qirim-musulmanlari-muftisi-olaraq-saylandi\\\/\",\"url\":\"https:\\\/\\\/qtmm.org\\\/qt\\\/aci-emirali-ablayev-qirim-musulmanlari-muftisi-olaraq-saylandi\\\/\",\"name\":\"Ac\u0131 Emirali Ablayev Q\u0131r\u0131m musulmanlar\u0131 m\u00fcftisi olaraq sayland\u0131 - \u041c\u0435\u0434\u0436\u043b\u0456\u0441\",\"isPartOf\":{\"@id\":\"https:\\\/\\\/qtmm.org\\\/qt\\\/#website\"},\"primaryImageOfPage\":{\"@id\":\"https:\\\/\\\/qtmm.org\\\/qt\\\/aci-emirali-ablayev-qirim-musulmanlari-muftisi-olaraq-saylandi\\\/#primaryimage\"},\"image\":{\"@id\":\"https:\\\/\\\/qtmm.org\\\/qt\\\/aci-emirali-ablayev-qirim-musulmanlari-muftisi-olaraq-saylandi\\\/#primaryimage\"},\"thumbnailUrl\":\"http:\\\/\\\/qtmm.org\\\/wp-content\\\/uploads\\\/2022\\\/01\\\/1_128.jpeg\",\"datePublished\":\"2013-09-28T15:17:00+00:00\",\"dateModified\":\"2022-01-25T15:20:04+00:00\",\"breadcrumb\":{\"@id\":\"https:\\\/\\\/qtmm.org\\\/qt\\\/aci-emirali-ablayev-qirim-musulmanlari-muftisi-olaraq-saylandi\\\/#breadcrumb\"},\"inLanguage\":\"qt\",\"potentialAction\":[{\"@type\":\"ReadAction\",\"target\":[\"https:\\\/\\\/qtmm.org\\\/qt\\\/aci-emirali-ablayev-qirim-musulmanlari-muftisi-olaraq-saylandi\\\/\"]}]},{\"@type\":\"ImageObject\",\"inLanguage\":\"qt\",\"@id\":\"https:\\\/\\\/qtmm.org\\\/qt\\\/aci-emirali-ablayev-qirim-musulmanlari-muftisi-olaraq-saylandi\\\/#primaryimage\",\"url\":\"http:\\\/\\\/qtmm.org\\\/wp-content\\\/uploads\\\/2022\\\/01\\\/1_128.jpeg\",\"contentUrl\":\"http:\\\/\\\/qtmm.org\\\/wp-content\\\/uploads\\\/2022\\\/01\\\/1_128.jpeg\"},{\"@type\":\"BreadcrumbList\",\"@id\":\"https:\\\/\\\/qtmm.org\\\/qt\\\/aci-emirali-ablayev-qirim-musulmanlari-muftisi-olaraq-saylandi\\\/#breadcrumb\",\"itemListElement\":[{\"@type\":\"ListItem\",\"position\":1,\"name\":\"\u0413\u043e\u043b\u043e\u0432\u043d\u0430\",\"item\":\"https:\\\/\\\/qtmm.org\\\/qt\\\/\"},{\"@type\":\"ListItem\",\"position\":2,\"name\":\"Ac\u0131 Emirali Ablayev Q\u0131r\u0131m musulmanlar\u0131 m\u00fcftisi olaraq sayland\u0131\"}]},{\"@type\":\"WebSite\",\"@id\":\"https:\\\/\\\/qtmm.org\\\/qt\\\/#website\",\"url\":\"https:\\\/\\\/qtmm.org\\\/qt\\\/\",\"name\":\"\u041c\u0435\u0434\u0436\u043b\u0456\u0441\",\"description\":\"\",\"publisher\":{\"@id\":\"https:\\\/\\\/qtmm.org\\\/qt\\\/#organization\"},\"potentialAction\":[{\"@type\":\"SearchAction\",\"target\":{\"@type\":\"EntryPoint\",\"urlTemplate\":\"https:\\\/\\\/qtmm.org\\\/qt\\\/?s={search_term_string}\"},\"query-input\":{\"@type\":\"PropertyValueSpecification\",\"valueRequired\":true,\"valueName\":\"search_term_string\"}}],\"inLanguage\":\"qt\"},{\"@type\":\"Organization\",\"@id\":\"https:\\\/\\\/qtmm.org\\\/qt\\\/#organization\",\"name\":\"\u041c\u0435\u0434\u0436\u043b\u0456\u0441\",\"url\":\"https:\\\/\\\/qtmm.org\\\/qt\\\/\",\"logo\":{\"@type\":\"ImageObject\",\"inLanguage\":\"qt\",\"@id\":\"https:\\\/\\\/qtmm.org\\\/qt\\\/#\\\/schema\\\/logo\\\/image\\\/\",\"url\":\"https:\\\/\\\/qtmm.org\\\/wp-content\\\/uploads\\\/2024\\\/12\\\/ua-mejlis-logo-rgb.svg\",\"contentUrl\":\"https:\\\/\\\/qtmm.org\\\/wp-content\\\/uploads\\\/2024\\\/12\\\/ua-mejlis-logo-rgb.svg\",\"caption\":\"\u041c\u0435\u0434\u0436\u043b\u0456\u0441\"},\"image\":{\"@id\":\"https:\\\/\\\/qtmm.org\\\/qt\\\/#\\\/schema\\\/logo\\\/image\\\/\"},\"sameAs\":[\"https:\\\/\\\/www.facebook.com\\\/qtmm.info\\\/\"]},{\"@type\":\"Person\",\"@id\":\"https:\\\/\\\/qtmm.org\\\/qt\\\/#\\\/schema\\\/person\\\/de562469f971dec226ac06e60bbf74a7\",\"name\":\"Developer\",\"image\":{\"@type\":\"ImageObject\",\"inLanguage\":\"qt\",\"@id\":\"https:\\\/\\\/secure.gravatar.com\\\/avatar\\\/392b4cc8fbfeb00b39dfeeab4ee6edded39ffd48e25858637e4765810300227e?s=96&d=mm&r=g\",\"url\":\"https:\\\/\\\/secure.gravatar.com\\\/avatar\\\/392b4cc8fbfeb00b39dfeeab4ee6edded39ffd48e25858637e4765810300227e?s=96&d=mm&r=g\",\"contentUrl\":\"https:\\\/\\\/secure.gravatar.com\\\/avatar\\\/392b4cc8fbfeb00b39dfeeab4ee6edded39ffd48e25858637e4765810300227e?s=96&d=mm&r=g\",\"caption\":\"Developer\"},\"url\":\"https:\\\/\\\/qtmm.org\\\/qt\\\/author\\\/Developer\\\/\"}]}<\/script>\n<!-- \/ Yoast SEO plugin. -->","yoast_head_json":{"title":"Ac\u0131 Emirali Ablayev Q\u0131r\u0131m musulmanlar\u0131 m\u00fcftisi olaraq sayland\u0131 - \u041c\u0435\u0434\u0436\u043b\u0456\u0441","robots":{"index":"index","follow":"follow","max-snippet":"max-snippet:-1","max-image-preview":"max-image-preview:large","max-video-preview":"max-video-preview:-1"},"canonical":"https:\/\/qtmm.org\/qt\/aci-emirali-ablayev-qirim-musulmanlari-muftisi-olaraq-saylandi\/","og_locale":"en_US","og_type":"article","og_title":"Ac\u0131 Emirali Ablayev Q\u0131r\u0131m musulmanlar\u0131 m\u00fcftisi olaraq sayland\u0131 - \u041c\u0435\u0434\u0436\u043b\u0456\u0441","og_description":"2013 senesi sent\u00e2br 28-de Aqmescitte Q\u0131r\u0131mtatar muz\u0131kal\u0131 drama teatrini\u00f1 binas\u0131nda \u00f6tkerilgen Q\u0131r\u0131m musulmanlar\u0131 5-nci qurultay\u0131nda b\u00fct\u00fcn Q\u0131r\u0131mdan 365 delegattan 311 neferi i\u015ftirak etti. Qurultay k\u00fcn tertibini\u00f1 esas meselelerinden biri Q\u0131r\u0131m musulmanlar\u0131n\u0131\u00f1 m\u00fcftisini ve Tefti\u015f komissiyas\u0131n\u0131 saylav edi.Qurultay \u00f6z i\u015fini devlet ve milliy gimni ve duadan ba\u015fland\u0131. So\u00f1ra Qurultay prezidium\u0131 saylan\u0131p, o\u00f1a Q\u0131r\u0131m musulmanlar\u0131n\u0131\u00f1 m\u00fcftisi ac\u0131 [&hellip;]","og_url":"https:\/\/qtmm.org\/qt\/aci-emirali-ablayev-qirim-musulmanlari-muftisi-olaraq-saylandi\/","og_site_name":"\u041c\u0435\u0434\u0436\u043b\u0456\u0441","article_publisher":"https:\/\/www.facebook.com\/qtmm.info\/","article_published_time":"2013-09-28T15:17:00+00:00","article_modified_time":"2022-01-25T15:20:04+00:00","og_image":[{"width":650,"height":309,"url":"https:\/\/qtmm.org\/wp-content\/uploads\/2022\/01\/1_128.jpeg","type":"image\/jpeg"}],"author":"Developer","twitter_card":"summary_large_image","twitter_misc":{"Written by":"Developer","Est. reading time":"2 minutes"},"schema":{"@context":"https:\/\/schema.org","@graph":[{"@type":"Article","@id":"https:\/\/qtmm.org\/qt\/aci-emirali-ablayev-qirim-musulmanlari-muftisi-olaraq-saylandi\/#article","isPartOf":{"@id":"https:\/\/qtmm.org\/qt\/aci-emirali-ablayev-qirim-musulmanlari-muftisi-olaraq-saylandi\/"},"author":{"name":"Developer","@id":"https:\/\/qtmm.org\/qt\/#\/schema\/person\/de562469f971dec226ac06e60bbf74a7"},"headline":"Ac\u0131 Emirali Ablayev Q\u0131r\u0131m musulmanlar\u0131 m\u00fcftisi olaraq sayland\u0131","datePublished":"2013-09-28T15:17:00+00:00","dateModified":"2022-01-25T15:20:04+00:00","mainEntityOfPage":{"@id":"https:\/\/qtmm.org\/qt\/aci-emirali-ablayev-qirim-musulmanlari-muftisi-olaraq-saylandi\/"},"wordCount":380,"commentCount":0,"publisher":{"@id":"https:\/\/qtmm.org\/qt\/#organization"},"image":{"@id":"https:\/\/qtmm.org\/qt\/aci-emirali-ablayev-qirim-musulmanlari-muftisi-olaraq-saylandi\/#primaryimage"},"thumbnailUrl":"http:\/\/qtmm.org\/wp-content\/uploads\/2022\/01\/1_128.jpeg","articleSection":["Haberler"],"inLanguage":"qt","potentialAction":[{"@type":"CommentAction","name":"Comment","target":["https:\/\/qtmm.org\/qt\/aci-emirali-ablayev-qirim-musulmanlari-muftisi-olaraq-saylandi\/#respond"]}]},{"@type":"WebPage","@id":"https:\/\/qtmm.org\/qt\/aci-emirali-ablayev-qirim-musulmanlari-muftisi-olaraq-saylandi\/","url":"https:\/\/qtmm.org\/qt\/aci-emirali-ablayev-qirim-musulmanlari-muftisi-olaraq-saylandi\/","name":"Ac\u0131 Emirali Ablayev Q\u0131r\u0131m musulmanlar\u0131 m\u00fcftisi olaraq sayland\u0131 - \u041c\u0435\u0434\u0436\u043b\u0456\u0441","isPartOf":{"@id":"https:\/\/qtmm.org\/qt\/#website"},"primaryImageOfPage":{"@id":"https:\/\/qtmm.org\/qt\/aci-emirali-ablayev-qirim-musulmanlari-muftisi-olaraq-saylandi\/#primaryimage"},"image":{"@id":"https:\/\/qtmm.org\/qt\/aci-emirali-ablayev-qirim-musulmanlari-muftisi-olaraq-saylandi\/#primaryimage"},"thumbnailUrl":"http:\/\/qtmm.org\/wp-content\/uploads\/2022\/01\/1_128.jpeg","datePublished":"2013-09-28T15:17:00+00:00","dateModified":"2022-01-25T15:20:04+00:00","breadcrumb":{"@id":"https:\/\/qtmm.org\/qt\/aci-emirali-ablayev-qirim-musulmanlari-muftisi-olaraq-saylandi\/#breadcrumb"},"inLanguage":"qt","potentialAction":[{"@type":"ReadAction","target":["https:\/\/qtmm.org\/qt\/aci-emirali-ablayev-qirim-musulmanlari-muftisi-olaraq-saylandi\/"]}]},{"@type":"ImageObject","inLanguage":"qt","@id":"https:\/\/qtmm.org\/qt\/aci-emirali-ablayev-qirim-musulmanlari-muftisi-olaraq-saylandi\/#primaryimage","url":"http:\/\/qtmm.org\/wp-content\/uploads\/2022\/01\/1_128.jpeg","contentUrl":"http:\/\/qtmm.org\/wp-content\/uploads\/2022\/01\/1_128.jpeg"},{"@type":"BreadcrumbList","@id":"https:\/\/qtmm.org\/qt\/aci-emirali-ablayev-qirim-musulmanlari-muftisi-olaraq-saylandi\/#breadcrumb","itemListElement":[{"@type":"ListItem","position":1,"name":"\u0413\u043e\u043b\u043e\u0432\u043d\u0430","item":"https:\/\/qtmm.org\/qt\/"},{"@type":"ListItem","position":2,"name":"Ac\u0131 Emirali Ablayev Q\u0131r\u0131m musulmanlar\u0131 m\u00fcftisi olaraq sayland\u0131"}]},{"@type":"WebSite","@id":"https:\/\/qtmm.org\/qt\/#website","url":"https:\/\/qtmm.org\/qt\/","name":"\u041c\u0435\u0434\u0436\u043b\u0456\u0441","description":"","publisher":{"@id":"https:\/\/qtmm.org\/qt\/#organization"},"potentialAction":[{"@type":"SearchAction","target":{"@type":"EntryPoint","urlTemplate":"https:\/\/qtmm.org\/qt\/?s={search_term_string}"},"query-input":{"@type":"PropertyValueSpecification","valueRequired":true,"valueName":"search_term_string"}}],"inLanguage":"qt"},{"@type":"Organization","@id":"https:\/\/qtmm.org\/qt\/#organization","name":"\u041c\u0435\u0434\u0436\u043b\u0456\u0441","url":"https:\/\/qtmm.org\/qt\/","logo":{"@type":"ImageObject","inLanguage":"qt","@id":"https:\/\/qtmm.org\/qt\/#\/schema\/logo\/image\/","url":"https:\/\/qtmm.org\/wp-content\/uploads\/2024\/12\/ua-mejlis-logo-rgb.svg","contentUrl":"https:\/\/qtmm.org\/wp-content\/uploads\/2024\/12\/ua-mejlis-logo-rgb.svg","caption":"\u041c\u0435\u0434\u0436\u043b\u0456\u0441"},"image":{"@id":"https:\/\/qtmm.org\/qt\/#\/schema\/logo\/image\/"},"sameAs":["https:\/\/www.facebook.com\/qtmm.info\/"]},{"@type":"Person","@id":"https:\/\/qtmm.org\/qt\/#\/schema\/person\/de562469f971dec226ac06e60bbf74a7","name":"Developer","image":{"@type":"ImageObject","inLanguage":"qt","@id":"https:\/\/secure.gravatar.com\/avatar\/392b4cc8fbfeb00b39dfeeab4ee6edded39ffd48e25858637e4765810300227e?s=96&d=mm&r=g","url":"https:\/\/secure.gravatar.com\/avatar\/392b4cc8fbfeb00b39dfeeab4ee6edded39ffd48e25858637e4765810300227e?s=96&d=mm&r=g","contentUrl":"https:\/\/secure.gravatar.com\/avatar\/392b4cc8fbfeb00b39dfeeab4ee6edded39ffd48e25858637e4765810300227e?s=96&d=mm&r=g","caption":"Developer"},"url":"https:\/\/qtmm.org\/qt\/author\/Developer\/"}]}},"_links":{"self":[{"href":"https:\/\/qtmm.org\/qt\/wp-json\/wp\/v2\/posts\/39485","targetHints":{"allow":["GET"]}}],"collection":[{"href":"https:\/\/qtmm.org\/qt\/wp-json\/wp\/v2\/posts"}],"about":[{"href":"https:\/\/qtmm.org\/qt\/wp-json\/wp\/v2\/types\/post"}],"author":[{"embeddable":true,"href":"https:\/\/qtmm.org\/qt\/wp-json\/wp\/v2\/users\/1"}],"replies":[{"embeddable":true,"href":"https:\/\/qtmm.org\/qt\/wp-json\/wp\/v2\/comments?post=39485"}],"version-history":[{"count":1,"href":"https:\/\/qtmm.org\/qt\/wp-json\/wp\/v2\/posts\/39485\/revisions"}],"predecessor-version":[{"id":39514,"href":"https:\/\/qtmm.org\/qt\/wp-json\/wp\/v2\/posts\/39485\/revisions\/39514"}],"wp:attachment":[{"href":"https:\/\/qtmm.org\/qt\/wp-json\/wp\/v2\/media?parent=39485"}],"wp:term":[{"taxonomy":"category","embeddable":true,"href":"https:\/\/qtmm.org\/qt\/wp-json\/wp\/v2\/categories?post=39485"},{"taxonomy":"post_tag","embeddable":true,"href":"https:\/\/qtmm.org\/qt\/wp-json\/wp\/v2\/tags?post=39485"}],"curies":[{"name":"wp","href":"https:\/\/api.w.org\/{rel}","templated":true}]}}