




{"id":39471,"date":"2013-09-27T18:16:00","date_gmt":"2013-09-27T15:16:00","guid":{"rendered":"http:\/\/qtmm.org\/?p=39471"},"modified":"2022-01-25T18:17:45","modified_gmt":"2022-01-25T15:17:45","slug":"meclis-reisi-mustafa-cemilev-turkiye-cumhuriyeti-simaliy-qibrizdaki-kireniya-universiteti-quruciligi-ve-yaqin-sarq-universiteti-camisinin-temelini-qoyuvda-istirak-ete","status":"publish","type":"post","link":"https:\/\/qtmm.org\/qt\/meclis-reisi-mustafa-cemilev-turkiye-cumhuriyeti-simaliy-qibrizdaki-kireniya-universiteti-quruciligi-ve-yaqin-sarq-universiteti-camisinin-temelini-qoyuvda-istirak-ete\/","title":{"rendered":"Meclis reisi Mustafa Cemilev T\u00fcrkiye Cumhuriyeti \u015eimaliy Q\u0131br\u0131zdaki Kireniya universiteti quruc\u0131l\u0131\u011f\u0131 ve Yaq\u0131n \u015earq universiteti camisini\u00f1 temelini qoyuvda i\u015ftirak ete"},"content":{"rendered":"\n<p>Meclis reisi Mustafa Cemilev sent\u00e2br 26-29 k\u00fcnleri T\u00fcrkiye Cumhuriyeti \u015eimaliy Q\u0131br\u0131zda bulunmaqta.<\/p>\n\n\n\n<p>Yaq\u0131n \u015earq universitetini\u00f1 rektor\u0131 Suat G\u00fcnselni\u00f1 daveti ile Meclis reisi M. Cemilev ve Kiyevdeki q\u0131r\u0131mtatar cemiyetini\u00f1 reisi Aslan \u00d6mer Q\u0131r\u0131ml\u0131 ve 5-nc\u0131 \u00e7a\u011f\u0131r\u0131l\u0131\u015f Qurultayn\u0131\u00f1 delegat\u0131, M. Cemilevni\u00f1 mesleat\u00e7\u0131s\u0131 Rustem \u00dcmerov T\u00fcrkiye Cumhuriyeti \u015eimaliy Q\u0131br\u0131zdaki Kireniy universiteti quruc\u0131l\u0131\u011f\u0131 ve Yaq\u0131n \u015earq universiteti camisini\u00f1 temeli qoyulmas\u0131na ba\u011f\u0131\u015flan\u011fan tantanal\u0131 tedbirde i\u015ftirak eteler.<\/p>\n\n\n\n<figure class=\"wp-block-image size-full\"><img loading=\"lazy\" decoding=\"async\" width=\"650\" height=\"369\" src=\"http:\/\/qtmm.org\/wp-content\/uploads\/2022\/01\/1239_550x310_1380524472.jpeg\" alt=\"\" class=\"wp-image-39472\" srcset=\"https:\/\/qtmm.org\/wp-content\/uploads\/2022\/01\/1239_550x310_1380524472.jpeg 650w, https:\/\/qtmm.org\/wp-content\/uploads\/2022\/01\/1239_550x310_1380524472-300x170.jpeg 300w\" sizes=\"auto, (max-width: 650px) 100vw, 650px\" \/><\/figure>\n\n\n\n<p>Sent\u00e2br 27-de ol\u011fan tantanal\u0131 tedbirde T\u00fcrkiyeni\u00f1 ba\u015f nazir muavini Be\u015fir Atalay, T\u00fcrkiye Odalar ve Borsalar Birli\u011fi ba\u015fkan\u0131 Rifat Hisarc\u0131kl\u0131oglu, T\u00fcrkiye Cumhuriyeti \u015eimaliy Q\u0131br\u0131z parlamentini\u00f1 azalar\u0131, T\u00dcRKSOY Ba\u015f k\u00e2tibi D\u00fcsen Kaseinov, universitetni\u00f1 professor ve ocalar\u0131 erk\u00e2n\u0131, studentler bulund\u0131lar. Yaq\u0131n \u015earq universiteti yolba\u015f\u00e7\u0131lar\u0131n\u0131\u00f1 aytqan\u0131na k\u00f6re, universitet kampuslar\u0131n\u0131\u00f1 birinde qurulacaq bu cami Q\u0131br\u0131z camileri i\u00e7inde e\u00f1 b\u00fcy\u00fcgi olacaq.<\/p>\n\n\n\n<div class=\"wp-block-image\"><figure class=\"aligncenter size-full\"><img loading=\"lazy\" decoding=\"async\" width=\"550\" height=\"494\" src=\"http:\/\/qtmm.org\/wp-content\/uploads\/2022\/01\/camii_haberweb.jpeg\" alt=\"\" class=\"wp-image-39476\" srcset=\"https:\/\/qtmm.org\/wp-content\/uploads\/2022\/01\/camii_haberweb.jpeg 550w, https:\/\/qtmm.org\/wp-content\/uploads\/2022\/01\/camii_haberweb-300x269.jpeg 300w\" sizes=\"auto, (max-width: 550px) 100vw, 550px\" \/><\/figure><\/div>\n\n\n\n<p>&#8220;Yaq\u0131n \u015earq universitetini\u00f1 camisi bir kereden 10 bi\u00f1 adamn\u0131 s\u0131\u011fd\u0131rabilecek, &#8211; dep haber ete Universitetn\u0131\u00f1 matbuat h\u0131zmeti. Camini\u00f1 leyhas\u0131nda alt\u0131 minare k\u00f6zde tutul\u0131p, d\u00f6rt\u00fcni\u00f1 y\u00fcksekligi 72 metr, \u00fc\u00e7 \u015faraf\u0131 olacaq, Eki minare ise 54 metr ol\u0131p, eki \u015faraf\u0131 olacaq. Pencereleri osmanl\u0131 mimarl\u0131qn\u0131\u00f1 \u015fekilinde olmas\u0131 k\u00f6zde tutula.<\/p>\n\n\n\n<p>Ayn\u0131 \u015fu k\u00fcn\u00fc Meclis reisi M.Cemilev Kireniya universitetini\u00f1 temel ta\u015f\u0131n\u0131 qoyuvda da i\u015ftirak etti. Kireniya universiteti Kireniya \u015feerindeki ya\u00f1\u0131 liman taraf\u0131nda 6,5 gekter meydanda yerle\u015fecek. Universitet kompleksi 5 fakultet, k\u00fct\u00fcphane, lektsiya ve konferentsiya salonlar\u0131, memuriy bina, sport meydan\u00e7\u0131qlar\u0131ndan ibaret olacaq. Universitet binas\u0131 Q\u0131yur\u0131zda izini qald\u0131r\u011fan medeniyetlerni\u00f1 \u00e7izgilerini ta\u015f\u0131ycaq.<\/p>\n\n\n\n<p>Universitette zemaneviy fenlerden ders berilip, bu da universitet dizayn\u0131na \u00f6z tesirini ke\u00e7irdi.<\/p>\n\n\n\n<div class=\"wp-block-image\"><figure class=\"aligncenter size-full\"><img loading=\"lazy\" decoding=\"async\" width=\"550\" height=\"552\" src=\"http:\/\/qtmm.org\/wp-content\/uploads\/2022\/01\/girne_haberweb.jpeg\" alt=\"\" class=\"wp-image-39480\" srcset=\"https:\/\/qtmm.org\/wp-content\/uploads\/2022\/01\/girne_haberweb.jpeg 550w, https:\/\/qtmm.org\/wp-content\/uploads\/2022\/01\/girne_haberweb-300x300.jpeg 300w, https:\/\/qtmm.org\/wp-content\/uploads\/2022\/01\/girne_haberweb-150x150.jpeg 150w\" sizes=\"auto, (max-width: 550px) 100vw, 550px\" \/><\/figure><\/div>\n\n\n\n<p>Tantanal\u0131 tedbirlerden so\u00f1 Milliy Meclis reisi ve Kiyevdeki q\u0131r\u0131mtatar cemiyetini\u00f1 reisi Aslan \u00d6mer Q\u0131r\u0131ml\u0131, Meclis reisini\u00f1 mesleat\u00e7\u0131s\u0131 Rustem \u00dcmerov i\u00e7\u00fcn Yaq\u0131n \u015earq universiteti &nbsp;ve on\u0131\u00f1 \u00e7oqtan-\u00e7oq oquv korpuslar\u0131 boylap sefer te\u015fkil\u00e2tland\u0131r\u0131ld\u0131. &nbsp;Meclis reisine zemaneviy talaplar\u011fa uy\u011fun \u015fekilde donat\u0131l\u011fan oquv odalar\u0131, basseyn, universitetni\u00f1 \u015fahsiy m\u00fclk\u00fc ol\u011fan antiqa &nbsp;avtomobiller kollektsiyas\u0131n\u0131 k\u00f6sterdiler.&nbsp;Mustafa Cemilevni\u00f1 Q\u0131br\u0131z\u011fa ziyareti \u015ferefinde \u00fcyle yemegi berilip, onda &nbsp;T\u00fcrkiye Cumhuriyeti \u015eimaliy Q\u0131br\u0131z &nbsp;parlamentini\u00f1 sab\u0131q reisi Ersin Tatar, Yaq\u0131n \u015earq universitetini\u00f1 rektor yard\u0131mc\u0131s\u0131 Fahreddin Sad\u0131ko\u011flu,bun\u0131\u00f1 kibi de universitette tasil al\u011fan q\u0131r\u0131mtatar studentleri de i\u015ftirak ettiler.<\/p>\n","protected":false},"excerpt":{"rendered":"<p>Meclis reisi Mustafa Cemilev sent\u00e2br 26-29 k\u00fcnleri T\u00fcrkiye Cumhuriyeti \u015eimaliy Q\u0131br\u0131zda bulunmaqta. Yaq\u0131n \u015earq universitetini\u00f1 rektor\u0131 Suat G\u00fcnselni\u00f1 daveti ile Meclis reisi M. Cemilev ve Kiyevdeki q\u0131r\u0131mtatar cemiyetini\u00f1 reisi Aslan \u00d6mer Q\u0131r\u0131ml\u0131 ve 5-nc\u0131 \u00e7a\u011f\u0131r\u0131l\u0131\u015f Qurultayn\u0131\u00f1 delegat\u0131, M. Cemilevni\u00f1 mesleat\u00e7\u0131s\u0131 Rustem \u00dcmerov T\u00fcrkiye Cumhuriyeti \u015eimaliy Q\u0131br\u0131zdaki Kireniy universiteti quruc\u0131l\u0131\u011f\u0131 ve Yaq\u0131n \u015earq universiteti camisini\u00f1 temeli [&hellip;]<\/p>\n","protected":false},"author":1,"featured_media":0,"comment_status":"open","ping_status":"open","sticky":false,"template":"","format":"standard","meta":{"inline_featured_image":false,"footnotes":""},"categories":[265],"tags":[],"class_list":["post-39471","post","type-post","status-publish","format-standard","hentry","category-haberler"],"acf":[],"yoast_head":"<!-- This site is optimized with the Yoast SEO plugin v27.4 - https:\/\/yoast.com\/product\/yoast-seo-wordpress\/ -->\n<title>Meclis reisi Mustafa Cemilev T\u00fcrkiye Cumhuriyeti \u015eimaliy Q\u0131br\u0131zdaki Kireniya universiteti quruc\u0131l\u0131\u011f\u0131 ve Yaq\u0131n \u015earq universiteti camisini\u00f1 temelini qoyuvda i\u015ftirak ete - \u041c\u0435\u0434\u0436\u043b\u0456\u0441<\/title>\n<meta name=\"robots\" content=\"index, follow, max-snippet:-1, max-image-preview:large, max-video-preview:-1\" \/>\n<link rel=\"canonical\" href=\"https:\/\/qtmm.org\/qt\/meclis-reisi-mustafa-cemilev-turkiye-cumhuriyeti-simaliy-qibrizdaki-kireniya-universiteti-quruciligi-ve-yaqin-sarq-universiteti-camisinin-temelini-qoyuvda-istirak-ete\/\" \/>\n<meta property=\"og:locale\" content=\"en_US\" \/>\n<meta property=\"og:type\" content=\"article\" \/>\n<meta property=\"og:title\" content=\"Meclis reisi Mustafa Cemilev T\u00fcrkiye Cumhuriyeti \u015eimaliy Q\u0131br\u0131zdaki Kireniya universiteti quruc\u0131l\u0131\u011f\u0131 ve Yaq\u0131n \u015earq universiteti camisini\u00f1 temelini qoyuvda i\u015ftirak ete - \u041c\u0435\u0434\u0436\u043b\u0456\u0441\" \/>\n<meta property=\"og:description\" content=\"Meclis reisi Mustafa Cemilev sent\u00e2br 26-29 k\u00fcnleri T\u00fcrkiye Cumhuriyeti \u015eimaliy Q\u0131br\u0131zda bulunmaqta. Yaq\u0131n \u015earq universitetini\u00f1 rektor\u0131 Suat G\u00fcnselni\u00f1 daveti ile Meclis reisi M. Cemilev ve Kiyevdeki q\u0131r\u0131mtatar cemiyetini\u00f1 reisi Aslan \u00d6mer Q\u0131r\u0131ml\u0131 ve 5-nc\u0131 \u00e7a\u011f\u0131r\u0131l\u0131\u015f Qurultayn\u0131\u00f1 delegat\u0131, M. Cemilevni\u00f1 mesleat\u00e7\u0131s\u0131 Rustem \u00dcmerov T\u00fcrkiye Cumhuriyeti \u015eimaliy Q\u0131br\u0131zdaki Kireniy universiteti quruc\u0131l\u0131\u011f\u0131 ve Yaq\u0131n \u015earq universiteti camisini\u00f1 temeli [&hellip;]\" \/>\n<meta property=\"og:url\" content=\"https:\/\/qtmm.org\/qt\/meclis-reisi-mustafa-cemilev-turkiye-cumhuriyeti-simaliy-qibrizdaki-kireniya-universiteti-quruciligi-ve-yaqin-sarq-universiteti-camisinin-temelini-qoyuvda-istirak-ete\/\" \/>\n<meta property=\"og:site_name\" content=\"\u041c\u0435\u0434\u0436\u043b\u0456\u0441\" \/>\n<meta property=\"article:publisher\" content=\"https:\/\/www.facebook.com\/qtmm.info\/\" \/>\n<meta property=\"article:published_time\" content=\"2013-09-27T15:16:00+00:00\" \/>\n<meta property=\"article:modified_time\" content=\"2022-01-25T15:17:45+00:00\" \/>\n<meta property=\"og:image\" content=\"https:\/\/qtmm.org\/wp-content\/uploads\/2022\/01\/1239_550x310_1380524472.jpeg\" \/>\n\t<meta property=\"og:image:width\" content=\"650\" \/>\n\t<meta property=\"og:image:height\" content=\"369\" \/>\n\t<meta property=\"og:image:type\" content=\"image\/jpeg\" \/>\n<meta name=\"author\" content=\"Developer\" \/>\n<meta name=\"twitter:card\" content=\"summary_large_image\" \/>\n<meta name=\"twitter:label1\" content=\"Written by\" \/>\n\t<meta name=\"twitter:data1\" content=\"Developer\" \/>\n\t<meta name=\"twitter:label2\" content=\"Est. reading time\" \/>\n\t<meta name=\"twitter:data2\" content=\"2 minutes\" \/>\n<script type=\"application\/ld+json\" class=\"yoast-schema-graph\">{\"@context\":\"https:\\\/\\\/schema.org\",\"@graph\":[{\"@type\":\"Article\",\"@id\":\"https:\\\/\\\/qtmm.org\\\/qt\\\/meclis-reisi-mustafa-cemilev-turkiye-cumhuriyeti-simaliy-qibrizdaki-kireniya-universiteti-quruciligi-ve-yaqin-sarq-universiteti-camisinin-temelini-qoyuvda-istirak-ete\\\/#article\",\"isPartOf\":{\"@id\":\"https:\\\/\\\/qtmm.org\\\/qt\\\/meclis-reisi-mustafa-cemilev-turkiye-cumhuriyeti-simaliy-qibrizdaki-kireniya-universiteti-quruciligi-ve-yaqin-sarq-universiteti-camisinin-temelini-qoyuvda-istirak-ete\\\/\"},\"author\":{\"name\":\"Developer\",\"@id\":\"https:\\\/\\\/qtmm.org\\\/qt\\\/#\\\/schema\\\/person\\\/de562469f971dec226ac06e60bbf74a7\"},\"headline\":\"Meclis reisi Mustafa Cemilev T\u00fcrkiye Cumhuriyeti \u015eimaliy Q\u0131br\u0131zdaki Kireniya universiteti quruc\u0131l\u0131\u011f\u0131 ve Yaq\u0131n \u015earq universiteti camisini\u00f1 temelini qoyuvda i\u015ftirak ete\",\"datePublished\":\"2013-09-27T15:16:00+00:00\",\"dateModified\":\"2022-01-25T15:17:45+00:00\",\"mainEntityOfPage\":{\"@id\":\"https:\\\/\\\/qtmm.org\\\/qt\\\/meclis-reisi-mustafa-cemilev-turkiye-cumhuriyeti-simaliy-qibrizdaki-kireniya-universiteti-quruciligi-ve-yaqin-sarq-universiteti-camisinin-temelini-qoyuvda-istirak-ete\\\/\"},\"wordCount\":450,\"commentCount\":0,\"publisher\":{\"@id\":\"https:\\\/\\\/qtmm.org\\\/qt\\\/#organization\"},\"image\":{\"@id\":\"https:\\\/\\\/qtmm.org\\\/qt\\\/meclis-reisi-mustafa-cemilev-turkiye-cumhuriyeti-simaliy-qibrizdaki-kireniya-universiteti-quruciligi-ve-yaqin-sarq-universiteti-camisinin-temelini-qoyuvda-istirak-ete\\\/#primaryimage\"},\"thumbnailUrl\":\"http:\\\/\\\/qtmm.org\\\/wp-content\\\/uploads\\\/2022\\\/01\\\/1239_550x310_1380524472.jpeg\",\"articleSection\":[\"Haberler\"],\"inLanguage\":\"qt\",\"potentialAction\":[{\"@type\":\"CommentAction\",\"name\":\"Comment\",\"target\":[\"https:\\\/\\\/qtmm.org\\\/qt\\\/meclis-reisi-mustafa-cemilev-turkiye-cumhuriyeti-simaliy-qibrizdaki-kireniya-universiteti-quruciligi-ve-yaqin-sarq-universiteti-camisinin-temelini-qoyuvda-istirak-ete\\\/#respond\"]}]},{\"@type\":\"WebPage\",\"@id\":\"https:\\\/\\\/qtmm.org\\\/qt\\\/meclis-reisi-mustafa-cemilev-turkiye-cumhuriyeti-simaliy-qibrizdaki-kireniya-universiteti-quruciligi-ve-yaqin-sarq-universiteti-camisinin-temelini-qoyuvda-istirak-ete\\\/\",\"url\":\"https:\\\/\\\/qtmm.org\\\/qt\\\/meclis-reisi-mustafa-cemilev-turkiye-cumhuriyeti-simaliy-qibrizdaki-kireniya-universiteti-quruciligi-ve-yaqin-sarq-universiteti-camisinin-temelini-qoyuvda-istirak-ete\\\/\",\"name\":\"Meclis reisi Mustafa Cemilev T\u00fcrkiye Cumhuriyeti \u015eimaliy Q\u0131br\u0131zdaki Kireniya universiteti quruc\u0131l\u0131\u011f\u0131 ve Yaq\u0131n \u015earq universiteti camisini\u00f1 temelini qoyuvda i\u015ftirak ete - \u041c\u0435\u0434\u0436\u043b\u0456\u0441\",\"isPartOf\":{\"@id\":\"https:\\\/\\\/qtmm.org\\\/qt\\\/#website\"},\"primaryImageOfPage\":{\"@id\":\"https:\\\/\\\/qtmm.org\\\/qt\\\/meclis-reisi-mustafa-cemilev-turkiye-cumhuriyeti-simaliy-qibrizdaki-kireniya-universiteti-quruciligi-ve-yaqin-sarq-universiteti-camisinin-temelini-qoyuvda-istirak-ete\\\/#primaryimage\"},\"image\":{\"@id\":\"https:\\\/\\\/qtmm.org\\\/qt\\\/meclis-reisi-mustafa-cemilev-turkiye-cumhuriyeti-simaliy-qibrizdaki-kireniya-universiteti-quruciligi-ve-yaqin-sarq-universiteti-camisinin-temelini-qoyuvda-istirak-ete\\\/#primaryimage\"},\"thumbnailUrl\":\"http:\\\/\\\/qtmm.org\\\/wp-content\\\/uploads\\\/2022\\\/01\\\/1239_550x310_1380524472.jpeg\",\"datePublished\":\"2013-09-27T15:16:00+00:00\",\"dateModified\":\"2022-01-25T15:17:45+00:00\",\"breadcrumb\":{\"@id\":\"https:\\\/\\\/qtmm.org\\\/qt\\\/meclis-reisi-mustafa-cemilev-turkiye-cumhuriyeti-simaliy-qibrizdaki-kireniya-universiteti-quruciligi-ve-yaqin-sarq-universiteti-camisinin-temelini-qoyuvda-istirak-ete\\\/#breadcrumb\"},\"inLanguage\":\"qt\",\"potentialAction\":[{\"@type\":\"ReadAction\",\"target\":[\"https:\\\/\\\/qtmm.org\\\/qt\\\/meclis-reisi-mustafa-cemilev-turkiye-cumhuriyeti-simaliy-qibrizdaki-kireniya-universiteti-quruciligi-ve-yaqin-sarq-universiteti-camisinin-temelini-qoyuvda-istirak-ete\\\/\"]}]},{\"@type\":\"ImageObject\",\"inLanguage\":\"qt\",\"@id\":\"https:\\\/\\\/qtmm.org\\\/qt\\\/meclis-reisi-mustafa-cemilev-turkiye-cumhuriyeti-simaliy-qibrizdaki-kireniya-universiteti-quruciligi-ve-yaqin-sarq-universiteti-camisinin-temelini-qoyuvda-istirak-ete\\\/#primaryimage\",\"url\":\"http:\\\/\\\/qtmm.org\\\/wp-content\\\/uploads\\\/2022\\\/01\\\/1239_550x310_1380524472.jpeg\",\"contentUrl\":\"http:\\\/\\\/qtmm.org\\\/wp-content\\\/uploads\\\/2022\\\/01\\\/1239_550x310_1380524472.jpeg\"},{\"@type\":\"BreadcrumbList\",\"@id\":\"https:\\\/\\\/qtmm.org\\\/qt\\\/meclis-reisi-mustafa-cemilev-turkiye-cumhuriyeti-simaliy-qibrizdaki-kireniya-universiteti-quruciligi-ve-yaqin-sarq-universiteti-camisinin-temelini-qoyuvda-istirak-ete\\\/#breadcrumb\",\"itemListElement\":[{\"@type\":\"ListItem\",\"position\":1,\"name\":\"\u0413\u043e\u043b\u043e\u0432\u043d\u0430\",\"item\":\"https:\\\/\\\/qtmm.org\\\/qt\\\/\"},{\"@type\":\"ListItem\",\"position\":2,\"name\":\"Meclis reisi Mustafa Cemilev T\u00fcrkiye Cumhuriyeti \u015eimaliy Q\u0131br\u0131zdaki Kireniya universiteti quruc\u0131l\u0131\u011f\u0131 ve Yaq\u0131n \u015earq universiteti camisini\u00f1 temelini qoyuvda i\u015ftirak ete\"}]},{\"@type\":\"WebSite\",\"@id\":\"https:\\\/\\\/qtmm.org\\\/qt\\\/#website\",\"url\":\"https:\\\/\\\/qtmm.org\\\/qt\\\/\",\"name\":\"\u041c\u0435\u0434\u0436\u043b\u0456\u0441\",\"description\":\"\",\"publisher\":{\"@id\":\"https:\\\/\\\/qtmm.org\\\/qt\\\/#organization\"},\"potentialAction\":[{\"@type\":\"SearchAction\",\"target\":{\"@type\":\"EntryPoint\",\"urlTemplate\":\"https:\\\/\\\/qtmm.org\\\/qt\\\/?s={search_term_string}\"},\"query-input\":{\"@type\":\"PropertyValueSpecification\",\"valueRequired\":true,\"valueName\":\"search_term_string\"}}],\"inLanguage\":\"qt\"},{\"@type\":\"Organization\",\"@id\":\"https:\\\/\\\/qtmm.org\\\/qt\\\/#organization\",\"name\":\"\u041c\u0435\u0434\u0436\u043b\u0456\u0441\",\"url\":\"https:\\\/\\\/qtmm.org\\\/qt\\\/\",\"logo\":{\"@type\":\"ImageObject\",\"inLanguage\":\"qt\",\"@id\":\"https:\\\/\\\/qtmm.org\\\/qt\\\/#\\\/schema\\\/logo\\\/image\\\/\",\"url\":\"https:\\\/\\\/qtmm.org\\\/wp-content\\\/uploads\\\/2024\\\/12\\\/ua-mejlis-logo-rgb.svg\",\"contentUrl\":\"https:\\\/\\\/qtmm.org\\\/wp-content\\\/uploads\\\/2024\\\/12\\\/ua-mejlis-logo-rgb.svg\",\"caption\":\"\u041c\u0435\u0434\u0436\u043b\u0456\u0441\"},\"image\":{\"@id\":\"https:\\\/\\\/qtmm.org\\\/qt\\\/#\\\/schema\\\/logo\\\/image\\\/\"},\"sameAs\":[\"https:\\\/\\\/www.facebook.com\\\/qtmm.info\\\/\"]},{\"@type\":\"Person\",\"@id\":\"https:\\\/\\\/qtmm.org\\\/qt\\\/#\\\/schema\\\/person\\\/de562469f971dec226ac06e60bbf74a7\",\"name\":\"Developer\",\"image\":{\"@type\":\"ImageObject\",\"inLanguage\":\"qt\",\"@id\":\"https:\\\/\\\/secure.gravatar.com\\\/avatar\\\/392b4cc8fbfeb00b39dfeeab4ee6edded39ffd48e25858637e4765810300227e?s=96&d=mm&r=g\",\"url\":\"https:\\\/\\\/secure.gravatar.com\\\/avatar\\\/392b4cc8fbfeb00b39dfeeab4ee6edded39ffd48e25858637e4765810300227e?s=96&d=mm&r=g\",\"contentUrl\":\"https:\\\/\\\/secure.gravatar.com\\\/avatar\\\/392b4cc8fbfeb00b39dfeeab4ee6edded39ffd48e25858637e4765810300227e?s=96&d=mm&r=g\",\"caption\":\"Developer\"},\"url\":\"https:\\\/\\\/qtmm.org\\\/qt\\\/author\\\/Developer\\\/\"}]}<\/script>\n<!-- \/ Yoast SEO plugin. -->","yoast_head_json":{"title":"Meclis reisi Mustafa Cemilev T\u00fcrkiye Cumhuriyeti \u015eimaliy Q\u0131br\u0131zdaki Kireniya universiteti quruc\u0131l\u0131\u011f\u0131 ve Yaq\u0131n \u015earq universiteti camisini\u00f1 temelini qoyuvda i\u015ftirak ete - \u041c\u0435\u0434\u0436\u043b\u0456\u0441","robots":{"index":"index","follow":"follow","max-snippet":"max-snippet:-1","max-image-preview":"max-image-preview:large","max-video-preview":"max-video-preview:-1"},"canonical":"https:\/\/qtmm.org\/qt\/meclis-reisi-mustafa-cemilev-turkiye-cumhuriyeti-simaliy-qibrizdaki-kireniya-universiteti-quruciligi-ve-yaqin-sarq-universiteti-camisinin-temelini-qoyuvda-istirak-ete\/","og_locale":"en_US","og_type":"article","og_title":"Meclis reisi Mustafa Cemilev T\u00fcrkiye Cumhuriyeti \u015eimaliy Q\u0131br\u0131zdaki Kireniya universiteti quruc\u0131l\u0131\u011f\u0131 ve Yaq\u0131n \u015earq universiteti camisini\u00f1 temelini qoyuvda i\u015ftirak ete - \u041c\u0435\u0434\u0436\u043b\u0456\u0441","og_description":"Meclis reisi Mustafa Cemilev sent\u00e2br 26-29 k\u00fcnleri T\u00fcrkiye Cumhuriyeti \u015eimaliy Q\u0131br\u0131zda bulunmaqta. Yaq\u0131n \u015earq universitetini\u00f1 rektor\u0131 Suat G\u00fcnselni\u00f1 daveti ile Meclis reisi M. Cemilev ve Kiyevdeki q\u0131r\u0131mtatar cemiyetini\u00f1 reisi Aslan \u00d6mer Q\u0131r\u0131ml\u0131 ve 5-nc\u0131 \u00e7a\u011f\u0131r\u0131l\u0131\u015f Qurultayn\u0131\u00f1 delegat\u0131, M. Cemilevni\u00f1 mesleat\u00e7\u0131s\u0131 Rustem \u00dcmerov T\u00fcrkiye Cumhuriyeti \u015eimaliy Q\u0131br\u0131zdaki Kireniy universiteti quruc\u0131l\u0131\u011f\u0131 ve Yaq\u0131n \u015earq universiteti camisini\u00f1 temeli [&hellip;]","og_url":"https:\/\/qtmm.org\/qt\/meclis-reisi-mustafa-cemilev-turkiye-cumhuriyeti-simaliy-qibrizdaki-kireniya-universiteti-quruciligi-ve-yaqin-sarq-universiteti-camisinin-temelini-qoyuvda-istirak-ete\/","og_site_name":"\u041c\u0435\u0434\u0436\u043b\u0456\u0441","article_publisher":"https:\/\/www.facebook.com\/qtmm.info\/","article_published_time":"2013-09-27T15:16:00+00:00","article_modified_time":"2022-01-25T15:17:45+00:00","og_image":[{"width":650,"height":369,"url":"https:\/\/qtmm.org\/wp-content\/uploads\/2022\/01\/1239_550x310_1380524472.jpeg","type":"image\/jpeg"}],"author":"Developer","twitter_card":"summary_large_image","twitter_misc":{"Written by":"Developer","Est. reading time":"2 minutes"},"schema":{"@context":"https:\/\/schema.org","@graph":[{"@type":"Article","@id":"https:\/\/qtmm.org\/qt\/meclis-reisi-mustafa-cemilev-turkiye-cumhuriyeti-simaliy-qibrizdaki-kireniya-universiteti-quruciligi-ve-yaqin-sarq-universiteti-camisinin-temelini-qoyuvda-istirak-ete\/#article","isPartOf":{"@id":"https:\/\/qtmm.org\/qt\/meclis-reisi-mustafa-cemilev-turkiye-cumhuriyeti-simaliy-qibrizdaki-kireniya-universiteti-quruciligi-ve-yaqin-sarq-universiteti-camisinin-temelini-qoyuvda-istirak-ete\/"},"author":{"name":"Developer","@id":"https:\/\/qtmm.org\/qt\/#\/schema\/person\/de562469f971dec226ac06e60bbf74a7"},"headline":"Meclis reisi Mustafa Cemilev T\u00fcrkiye Cumhuriyeti \u015eimaliy Q\u0131br\u0131zdaki Kireniya universiteti quruc\u0131l\u0131\u011f\u0131 ve Yaq\u0131n \u015earq universiteti camisini\u00f1 temelini qoyuvda i\u015ftirak ete","datePublished":"2013-09-27T15:16:00+00:00","dateModified":"2022-01-25T15:17:45+00:00","mainEntityOfPage":{"@id":"https:\/\/qtmm.org\/qt\/meclis-reisi-mustafa-cemilev-turkiye-cumhuriyeti-simaliy-qibrizdaki-kireniya-universiteti-quruciligi-ve-yaqin-sarq-universiteti-camisinin-temelini-qoyuvda-istirak-ete\/"},"wordCount":450,"commentCount":0,"publisher":{"@id":"https:\/\/qtmm.org\/qt\/#organization"},"image":{"@id":"https:\/\/qtmm.org\/qt\/meclis-reisi-mustafa-cemilev-turkiye-cumhuriyeti-simaliy-qibrizdaki-kireniya-universiteti-quruciligi-ve-yaqin-sarq-universiteti-camisinin-temelini-qoyuvda-istirak-ete\/#primaryimage"},"thumbnailUrl":"http:\/\/qtmm.org\/wp-content\/uploads\/2022\/01\/1239_550x310_1380524472.jpeg","articleSection":["Haberler"],"inLanguage":"qt","potentialAction":[{"@type":"CommentAction","name":"Comment","target":["https:\/\/qtmm.org\/qt\/meclis-reisi-mustafa-cemilev-turkiye-cumhuriyeti-simaliy-qibrizdaki-kireniya-universiteti-quruciligi-ve-yaqin-sarq-universiteti-camisinin-temelini-qoyuvda-istirak-ete\/#respond"]}]},{"@type":"WebPage","@id":"https:\/\/qtmm.org\/qt\/meclis-reisi-mustafa-cemilev-turkiye-cumhuriyeti-simaliy-qibrizdaki-kireniya-universiteti-quruciligi-ve-yaqin-sarq-universiteti-camisinin-temelini-qoyuvda-istirak-ete\/","url":"https:\/\/qtmm.org\/qt\/meclis-reisi-mustafa-cemilev-turkiye-cumhuriyeti-simaliy-qibrizdaki-kireniya-universiteti-quruciligi-ve-yaqin-sarq-universiteti-camisinin-temelini-qoyuvda-istirak-ete\/","name":"Meclis reisi Mustafa Cemilev T\u00fcrkiye Cumhuriyeti \u015eimaliy Q\u0131br\u0131zdaki Kireniya universiteti quruc\u0131l\u0131\u011f\u0131 ve Yaq\u0131n \u015earq universiteti camisini\u00f1 temelini qoyuvda i\u015ftirak ete - \u041c\u0435\u0434\u0436\u043b\u0456\u0441","isPartOf":{"@id":"https:\/\/qtmm.org\/qt\/#website"},"primaryImageOfPage":{"@id":"https:\/\/qtmm.org\/qt\/meclis-reisi-mustafa-cemilev-turkiye-cumhuriyeti-simaliy-qibrizdaki-kireniya-universiteti-quruciligi-ve-yaqin-sarq-universiteti-camisinin-temelini-qoyuvda-istirak-ete\/#primaryimage"},"image":{"@id":"https:\/\/qtmm.org\/qt\/meclis-reisi-mustafa-cemilev-turkiye-cumhuriyeti-simaliy-qibrizdaki-kireniya-universiteti-quruciligi-ve-yaqin-sarq-universiteti-camisinin-temelini-qoyuvda-istirak-ete\/#primaryimage"},"thumbnailUrl":"http:\/\/qtmm.org\/wp-content\/uploads\/2022\/01\/1239_550x310_1380524472.jpeg","datePublished":"2013-09-27T15:16:00+00:00","dateModified":"2022-01-25T15:17:45+00:00","breadcrumb":{"@id":"https:\/\/qtmm.org\/qt\/meclis-reisi-mustafa-cemilev-turkiye-cumhuriyeti-simaliy-qibrizdaki-kireniya-universiteti-quruciligi-ve-yaqin-sarq-universiteti-camisinin-temelini-qoyuvda-istirak-ete\/#breadcrumb"},"inLanguage":"qt","potentialAction":[{"@type":"ReadAction","target":["https:\/\/qtmm.org\/qt\/meclis-reisi-mustafa-cemilev-turkiye-cumhuriyeti-simaliy-qibrizdaki-kireniya-universiteti-quruciligi-ve-yaqin-sarq-universiteti-camisinin-temelini-qoyuvda-istirak-ete\/"]}]},{"@type":"ImageObject","inLanguage":"qt","@id":"https:\/\/qtmm.org\/qt\/meclis-reisi-mustafa-cemilev-turkiye-cumhuriyeti-simaliy-qibrizdaki-kireniya-universiteti-quruciligi-ve-yaqin-sarq-universiteti-camisinin-temelini-qoyuvda-istirak-ete\/#primaryimage","url":"http:\/\/qtmm.org\/wp-content\/uploads\/2022\/01\/1239_550x310_1380524472.jpeg","contentUrl":"http:\/\/qtmm.org\/wp-content\/uploads\/2022\/01\/1239_550x310_1380524472.jpeg"},{"@type":"BreadcrumbList","@id":"https:\/\/qtmm.org\/qt\/meclis-reisi-mustafa-cemilev-turkiye-cumhuriyeti-simaliy-qibrizdaki-kireniya-universiteti-quruciligi-ve-yaqin-sarq-universiteti-camisinin-temelini-qoyuvda-istirak-ete\/#breadcrumb","itemListElement":[{"@type":"ListItem","position":1,"name":"\u0413\u043e\u043b\u043e\u0432\u043d\u0430","item":"https:\/\/qtmm.org\/qt\/"},{"@type":"ListItem","position":2,"name":"Meclis reisi Mustafa Cemilev T\u00fcrkiye Cumhuriyeti \u015eimaliy Q\u0131br\u0131zdaki Kireniya universiteti quruc\u0131l\u0131\u011f\u0131 ve Yaq\u0131n \u015earq universiteti camisini\u00f1 temelini qoyuvda i\u015ftirak ete"}]},{"@type":"WebSite","@id":"https:\/\/qtmm.org\/qt\/#website","url":"https:\/\/qtmm.org\/qt\/","name":"\u041c\u0435\u0434\u0436\u043b\u0456\u0441","description":"","publisher":{"@id":"https:\/\/qtmm.org\/qt\/#organization"},"potentialAction":[{"@type":"SearchAction","target":{"@type":"EntryPoint","urlTemplate":"https:\/\/qtmm.org\/qt\/?s={search_term_string}"},"query-input":{"@type":"PropertyValueSpecification","valueRequired":true,"valueName":"search_term_string"}}],"inLanguage":"qt"},{"@type":"Organization","@id":"https:\/\/qtmm.org\/qt\/#organization","name":"\u041c\u0435\u0434\u0436\u043b\u0456\u0441","url":"https:\/\/qtmm.org\/qt\/","logo":{"@type":"ImageObject","inLanguage":"qt","@id":"https:\/\/qtmm.org\/qt\/#\/schema\/logo\/image\/","url":"https:\/\/qtmm.org\/wp-content\/uploads\/2024\/12\/ua-mejlis-logo-rgb.svg","contentUrl":"https:\/\/qtmm.org\/wp-content\/uploads\/2024\/12\/ua-mejlis-logo-rgb.svg","caption":"\u041c\u0435\u0434\u0436\u043b\u0456\u0441"},"image":{"@id":"https:\/\/qtmm.org\/qt\/#\/schema\/logo\/image\/"},"sameAs":["https:\/\/www.facebook.com\/qtmm.info\/"]},{"@type":"Person","@id":"https:\/\/qtmm.org\/qt\/#\/schema\/person\/de562469f971dec226ac06e60bbf74a7","name":"Developer","image":{"@type":"ImageObject","inLanguage":"qt","@id":"https:\/\/secure.gravatar.com\/avatar\/392b4cc8fbfeb00b39dfeeab4ee6edded39ffd48e25858637e4765810300227e?s=96&d=mm&r=g","url":"https:\/\/secure.gravatar.com\/avatar\/392b4cc8fbfeb00b39dfeeab4ee6edded39ffd48e25858637e4765810300227e?s=96&d=mm&r=g","contentUrl":"https:\/\/secure.gravatar.com\/avatar\/392b4cc8fbfeb00b39dfeeab4ee6edded39ffd48e25858637e4765810300227e?s=96&d=mm&r=g","caption":"Developer"},"url":"https:\/\/qtmm.org\/qt\/author\/Developer\/"}]}},"_links":{"self":[{"href":"https:\/\/qtmm.org\/qt\/wp-json\/wp\/v2\/posts\/39471","targetHints":{"allow":["GET"]}}],"collection":[{"href":"https:\/\/qtmm.org\/qt\/wp-json\/wp\/v2\/posts"}],"about":[{"href":"https:\/\/qtmm.org\/qt\/wp-json\/wp\/v2\/types\/post"}],"author":[{"embeddable":true,"href":"https:\/\/qtmm.org\/qt\/wp-json\/wp\/v2\/users\/1"}],"replies":[{"embeddable":true,"href":"https:\/\/qtmm.org\/qt\/wp-json\/wp\/v2\/comments?post=39471"}],"version-history":[{"count":1,"href":"https:\/\/qtmm.org\/qt\/wp-json\/wp\/v2\/posts\/39471\/revisions"}],"predecessor-version":[{"id":39484,"href":"https:\/\/qtmm.org\/qt\/wp-json\/wp\/v2\/posts\/39471\/revisions\/39484"}],"wp:attachment":[{"href":"https:\/\/qtmm.org\/qt\/wp-json\/wp\/v2\/media?parent=39471"}],"wp:term":[{"taxonomy":"category","embeddable":true,"href":"https:\/\/qtmm.org\/qt\/wp-json\/wp\/v2\/categories?post=39471"},{"taxonomy":"post_tag","embeddable":true,"href":"https:\/\/qtmm.org\/qt\/wp-json\/wp\/v2\/tags?post=39471"}],"curies":[{"name":"wp","href":"https:\/\/api.w.org\/{rel}","templated":true}]}}