




{"id":39459,"date":"2013-09-21T18:14:00","date_gmt":"2013-09-21T15:14:00","guid":{"rendered":"http:\/\/qtmm.org\/?p=39459"},"modified":"2022-01-25T18:15:15","modified_gmt":"2022-01-25T15:15:15","slug":"meclis-reisi-mustafa-cemilev-turkiyenin-avropa-birligi-isleri-boyunca-naziri-egemen-bagis-ile-korusti","status":"publish","type":"post","link":"https:\/\/qtmm.org\/qt\/meclis-reisi-mustafa-cemilev-turkiyenin-avropa-birligi-isleri-boyunca-naziri-egemen-bagis-ile-korusti\/","title":{"rendered":"Meclis reisi Mustafa Cemilev T\u00fcrkiyeni\u00f1 Avropa Birligi i\u015fleri boyunca naziri Egemen Ba\u011f\u0131\u015f ile k\u00f6r\u00fc\u015fti"},"content":{"rendered":"\n<p>2013 senesi sent\u00e2br 20 k\u00fcn\u00fc Ba\u011f\u00e7asarayda Milliy Meclis reisi, Ukraina halq deputat\u0131 Mustafa Cemilev Q\u0131r\u0131m\u011fa Yalta Avropa Strategiyas\u0131 10-nc\u0131 forum\u0131nda i\u015ftirak etmek i\u00e7\u00fcn kelgen T\u00fcrkiyeni\u00f1 Avropa Birligi i\u015fleri boyunca naziri Egemen Ba\u011f\u0131\u015f ile k\u00f6r\u00fc\u015fti. Nazirge T\u00fcrkiyeni\u00f1 Ukrainadaki El\u00e7isi<br>Mehmet Samsar refaqatl\u0131q yapt\u0131.<\/p>\n\n\n\n<p>K\u00f6r\u00fc\u015f\u00fcv devam\u0131nda Meclis ba\u015fqan\u0131 T\u00fcrkiyeni\u00f1 Avropa Birligi i\u015fleri boyunca naziri Egemen Ba\u011f\u0131\u015fnen Avropa Birligi Komissar\u0131 \u015etefan F\u00fcle ile, bun\u0131\u00f1 kibi de Ukraina T\u0131\u015f i\u015fleri naziri L. Kojara ve Q\u0131r\u0131m Nazirler \u015euras\u0131 yolba\u015f\u00e7\u0131lar\u0131nen k\u00f6r\u00fc\u015f\u00fcvini\u00f1 neticelerinen payla\u015ft\u0131.<\/p>\n\n\n\n<p>&#8220;Avropa Birligini\u00f1 komissar\u0131 \u015e. F\u00fcle Meclisni\u00f1 Halqara forumn\u0131 2014 senesi q\u0131r\u0131mtatar halq\u0131n\u0131\u00f1 Vatan\u0131ndan s\u00fcrg\u00fcn etilgenini\u00f1 70 y\u0131ll\u0131\u011f\u0131 arfesinde ke\u00e7irmek te\u015febb\u00fcsine qoltutt\u0131, &#8211; dedi M. Cemilev. \u2013 T\u00f6gerek masa subetini\u00f1 i\u015ftirak\u00e7ileri 3 saat devam etken muzakere vaqt\u0131nda q\u0131r\u0131mtatar halq\u0131n\u0131\u00f1 vaziyetine dair meseleler ve olarn\u0131 \u00e7ez\u00fcvde halqara cemaat\u00e7\u0131l\u0131qn\u0131\u00f1 rol\u00fcnen ba\u011fl\u0131 meselelerni baq\u0131p \u00e7\u0131qt\u0131lar&#8221;.<\/p>\n\n\n\n<p>T\u00fcrkiyeni\u00f1 Avropa Birligi i\u015fleri boyunca naziri Egemen Ba\u011f\u0131\u015f Avropa Birligi komissar\u0131 \u015e. F\u00fcle Halqara forumn\u0131\u00f1 q\u0131r\u0131mtatar halq\u0131n\u0131\u00f1 meselelerini \u00e7ez\u00fcvde Ukraina i\u00e7\u00fcn rol\u00fc aqq\u0131nda seslendirgen fikrine qoltutqan\u0131n\u0131 bildirdi.<\/p>\n\n\n\n<p>Taraflar bun\u0131\u00f1 kibi de T\u0130KA yard\u0131m\u0131nda medeniy ve mesken leyhalar\u0131n\u0131\u00f1, \u015fu c\u00fcmleden B\u00fcy\u00fck Cuma Cami ve Q\u0131r\u0131mtatar medeniy merkezi quruc\u0131l\u0131\u011f\u0131n\u0131\u00f1 istiqballerini muzakere ettiler.<\/p>\n\n\n\n<p>T\u00fcrkiyeni\u00f1 Avropa Birligi i\u015fleri boyunca naziri Egemen Ba\u011f\u0131\u015f Mustafa Cemilevge k\u00f6r\u00fc\u015f\u00fcvde k\u00f6terilgen meselelerni e\u00f1 yaq\u0131n zamanda T\u00fcrkiye Ba\u015f naziri Recep Tayip Erdo\u011fan\u011fa bildirecegini i\u015fand\u0131rd\u0131.<\/p>\n","protected":false},"excerpt":{"rendered":"<p>2013 senesi sent\u00e2br 20 k\u00fcn\u00fc Ba\u011f\u00e7asarayda Milliy Meclis reisi, Ukraina halq deputat\u0131 Mustafa Cemilev Q\u0131r\u0131m\u011fa Yalta Avropa Strategiyas\u0131 10-nc\u0131 forum\u0131nda i\u015ftirak etmek i\u00e7\u00fcn kelgen T\u00fcrkiyeni\u00f1 Avropa Birligi i\u015fleri boyunca naziri Egemen Ba\u011f\u0131\u015f ile k\u00f6r\u00fc\u015fti. Nazirge T\u00fcrkiyeni\u00f1 Ukrainadaki El\u00e7isiMehmet Samsar refaqatl\u0131q yapt\u0131. K\u00f6r\u00fc\u015f\u00fcv devam\u0131nda Meclis ba\u015fqan\u0131 T\u00fcrkiyeni\u00f1 Avropa Birligi i\u015fleri boyunca naziri Egemen Ba\u011f\u0131\u015fnen Avropa Birligi [&hellip;]<\/p>\n","protected":false},"author":1,"featured_media":39460,"comment_status":"open","ping_status":"open","sticky":false,"template":"","format":"standard","meta":{"inline_featured_image":false,"footnotes":""},"categories":[265],"tags":[],"class_list":["post-39459","post","type-post","status-publish","format-standard","has-post-thumbnail","hentry","category-haberler"],"acf":[],"yoast_head":"<!-- This site is optimized with the Yoast SEO plugin v27.4 - https:\/\/yoast.com\/product\/yoast-seo-wordpress\/ -->\n<title>Meclis reisi Mustafa Cemilev T\u00fcrkiyeni\u00f1 Avropa Birligi i\u015fleri boyunca naziri Egemen Ba\u011f\u0131\u015f ile k\u00f6r\u00fc\u015fti - \u041c\u0435\u0434\u0436\u043b\u0456\u0441<\/title>\n<meta name=\"robots\" content=\"index, follow, max-snippet:-1, max-image-preview:large, max-video-preview:-1\" \/>\n<link rel=\"canonical\" href=\"https:\/\/qtmm.org\/qt\/meclis-reisi-mustafa-cemilev-turkiyenin-avropa-birligi-isleri-boyunca-naziri-egemen-bagis-ile-korusti\/\" \/>\n<meta property=\"og:locale\" content=\"en_US\" \/>\n<meta property=\"og:type\" content=\"article\" \/>\n<meta property=\"og:title\" content=\"Meclis reisi Mustafa Cemilev T\u00fcrkiyeni\u00f1 Avropa Birligi i\u015fleri boyunca naziri Egemen Ba\u011f\u0131\u015f ile k\u00f6r\u00fc\u015fti - \u041c\u0435\u0434\u0436\u043b\u0456\u0441\" \/>\n<meta property=\"og:description\" content=\"2013 senesi sent\u00e2br 20 k\u00fcn\u00fc Ba\u011f\u00e7asarayda Milliy Meclis reisi, Ukraina halq deputat\u0131 Mustafa Cemilev Q\u0131r\u0131m\u011fa Yalta Avropa Strategiyas\u0131 10-nc\u0131 forum\u0131nda i\u015ftirak etmek i\u00e7\u00fcn kelgen T\u00fcrkiyeni\u00f1 Avropa Birligi i\u015fleri boyunca naziri Egemen Ba\u011f\u0131\u015f ile k\u00f6r\u00fc\u015fti. Nazirge T\u00fcrkiyeni\u00f1 Ukrainadaki El\u00e7isiMehmet Samsar refaqatl\u0131q yapt\u0131. K\u00f6r\u00fc\u015f\u00fcv devam\u0131nda Meclis ba\u015fqan\u0131 T\u00fcrkiyeni\u00f1 Avropa Birligi i\u015fleri boyunca naziri Egemen Ba\u011f\u0131\u015fnen Avropa Birligi [&hellip;]\" \/>\n<meta property=\"og:url\" content=\"https:\/\/qtmm.org\/qt\/meclis-reisi-mustafa-cemilev-turkiyenin-avropa-birligi-isleri-boyunca-naziri-egemen-bagis-ile-korusti\/\" \/>\n<meta property=\"og:site_name\" content=\"\u041c\u0435\u0434\u0436\u043b\u0456\u0441\" \/>\n<meta property=\"article:publisher\" content=\"https:\/\/www.facebook.com\/qtmm.info\/\" \/>\n<meta property=\"article:published_time\" content=\"2013-09-21T15:14:00+00:00\" \/>\n<meta property=\"article:modified_time\" content=\"2022-01-25T15:15:15+00:00\" \/>\n<meta property=\"og:image\" content=\"https:\/\/qtmm.org\/wp-content\/uploads\/2022\/01\/egimen_bagysh.jpeg\" \/>\n\t<meta property=\"og:image:width\" content=\"650\" \/>\n\t<meta property=\"og:image:height\" content=\"415\" \/>\n\t<meta property=\"og:image:type\" content=\"image\/jpeg\" \/>\n<meta name=\"author\" content=\"Developer\" \/>\n<meta name=\"twitter:card\" content=\"summary_large_image\" \/>\n<meta name=\"twitter:label1\" content=\"Written by\" \/>\n\t<meta name=\"twitter:data1\" content=\"Developer\" \/>\n\t<meta name=\"twitter:label2\" content=\"Est. reading time\" \/>\n\t<meta name=\"twitter:data2\" content=\"1 minute\" \/>\n<script type=\"application\/ld+json\" class=\"yoast-schema-graph\">{\"@context\":\"https:\\\/\\\/schema.org\",\"@graph\":[{\"@type\":\"Article\",\"@id\":\"https:\\\/\\\/qtmm.org\\\/qt\\\/meclis-reisi-mustafa-cemilev-turkiyenin-avropa-birligi-isleri-boyunca-naziri-egemen-bagis-ile-korusti\\\/#article\",\"isPartOf\":{\"@id\":\"https:\\\/\\\/qtmm.org\\\/qt\\\/meclis-reisi-mustafa-cemilev-turkiyenin-avropa-birligi-isleri-boyunca-naziri-egemen-bagis-ile-korusti\\\/\"},\"author\":{\"name\":\"Developer\",\"@id\":\"https:\\\/\\\/qtmm.org\\\/qt\\\/#\\\/schema\\\/person\\\/de562469f971dec226ac06e60bbf74a7\"},\"headline\":\"Meclis reisi Mustafa Cemilev T\u00fcrkiyeni\u00f1 Avropa Birligi i\u015fleri boyunca naziri Egemen Ba\u011f\u0131\u015f ile k\u00f6r\u00fc\u015fti\",\"datePublished\":\"2013-09-21T15:14:00+00:00\",\"dateModified\":\"2022-01-25T15:15:15+00:00\",\"mainEntityOfPage\":{\"@id\":\"https:\\\/\\\/qtmm.org\\\/qt\\\/meclis-reisi-mustafa-cemilev-turkiyenin-avropa-birligi-isleri-boyunca-naziri-egemen-bagis-ile-korusti\\\/\"},\"wordCount\":300,\"commentCount\":0,\"publisher\":{\"@id\":\"https:\\\/\\\/qtmm.org\\\/qt\\\/#organization\"},\"image\":{\"@id\":\"https:\\\/\\\/qtmm.org\\\/qt\\\/meclis-reisi-mustafa-cemilev-turkiyenin-avropa-birligi-isleri-boyunca-naziri-egemen-bagis-ile-korusti\\\/#primaryimage\"},\"thumbnailUrl\":\"https:\\\/\\\/qtmm.org\\\/wp-content\\\/uploads\\\/2022\\\/01\\\/egimen_bagysh.jpeg\",\"articleSection\":[\"Haberler\"],\"inLanguage\":\"qt\",\"potentialAction\":[{\"@type\":\"CommentAction\",\"name\":\"Comment\",\"target\":[\"https:\\\/\\\/qtmm.org\\\/qt\\\/meclis-reisi-mustafa-cemilev-turkiyenin-avropa-birligi-isleri-boyunca-naziri-egemen-bagis-ile-korusti\\\/#respond\"]}]},{\"@type\":\"WebPage\",\"@id\":\"https:\\\/\\\/qtmm.org\\\/qt\\\/meclis-reisi-mustafa-cemilev-turkiyenin-avropa-birligi-isleri-boyunca-naziri-egemen-bagis-ile-korusti\\\/\",\"url\":\"https:\\\/\\\/qtmm.org\\\/qt\\\/meclis-reisi-mustafa-cemilev-turkiyenin-avropa-birligi-isleri-boyunca-naziri-egemen-bagis-ile-korusti\\\/\",\"name\":\"Meclis reisi Mustafa Cemilev T\u00fcrkiyeni\u00f1 Avropa Birligi i\u015fleri boyunca naziri Egemen Ba\u011f\u0131\u015f ile k\u00f6r\u00fc\u015fti - \u041c\u0435\u0434\u0436\u043b\u0456\u0441\",\"isPartOf\":{\"@id\":\"https:\\\/\\\/qtmm.org\\\/qt\\\/#website\"},\"primaryImageOfPage\":{\"@id\":\"https:\\\/\\\/qtmm.org\\\/qt\\\/meclis-reisi-mustafa-cemilev-turkiyenin-avropa-birligi-isleri-boyunca-naziri-egemen-bagis-ile-korusti\\\/#primaryimage\"},\"image\":{\"@id\":\"https:\\\/\\\/qtmm.org\\\/qt\\\/meclis-reisi-mustafa-cemilev-turkiyenin-avropa-birligi-isleri-boyunca-naziri-egemen-bagis-ile-korusti\\\/#primaryimage\"},\"thumbnailUrl\":\"https:\\\/\\\/qtmm.org\\\/wp-content\\\/uploads\\\/2022\\\/01\\\/egimen_bagysh.jpeg\",\"datePublished\":\"2013-09-21T15:14:00+00:00\",\"dateModified\":\"2022-01-25T15:15:15+00:00\",\"breadcrumb\":{\"@id\":\"https:\\\/\\\/qtmm.org\\\/qt\\\/meclis-reisi-mustafa-cemilev-turkiyenin-avropa-birligi-isleri-boyunca-naziri-egemen-bagis-ile-korusti\\\/#breadcrumb\"},\"inLanguage\":\"qt\",\"potentialAction\":[{\"@type\":\"ReadAction\",\"target\":[\"https:\\\/\\\/qtmm.org\\\/qt\\\/meclis-reisi-mustafa-cemilev-turkiyenin-avropa-birligi-isleri-boyunca-naziri-egemen-bagis-ile-korusti\\\/\"]}]},{\"@type\":\"ImageObject\",\"inLanguage\":\"qt\",\"@id\":\"https:\\\/\\\/qtmm.org\\\/qt\\\/meclis-reisi-mustafa-cemilev-turkiyenin-avropa-birligi-isleri-boyunca-naziri-egemen-bagis-ile-korusti\\\/#primaryimage\",\"url\":\"https:\\\/\\\/qtmm.org\\\/wp-content\\\/uploads\\\/2022\\\/01\\\/egimen_bagysh.jpeg\",\"contentUrl\":\"https:\\\/\\\/qtmm.org\\\/wp-content\\\/uploads\\\/2022\\\/01\\\/egimen_bagysh.jpeg\",\"width\":650,\"height\":415},{\"@type\":\"BreadcrumbList\",\"@id\":\"https:\\\/\\\/qtmm.org\\\/qt\\\/meclis-reisi-mustafa-cemilev-turkiyenin-avropa-birligi-isleri-boyunca-naziri-egemen-bagis-ile-korusti\\\/#breadcrumb\",\"itemListElement\":[{\"@type\":\"ListItem\",\"position\":1,\"name\":\"\u0413\u043e\u043b\u043e\u0432\u043d\u0430\",\"item\":\"https:\\\/\\\/qtmm.org\\\/qt\\\/\"},{\"@type\":\"ListItem\",\"position\":2,\"name\":\"Meclis reisi Mustafa Cemilev T\u00fcrkiyeni\u00f1 Avropa Birligi i\u015fleri boyunca naziri Egemen Ba\u011f\u0131\u015f ile k\u00f6r\u00fc\u015fti\"}]},{\"@type\":\"WebSite\",\"@id\":\"https:\\\/\\\/qtmm.org\\\/qt\\\/#website\",\"url\":\"https:\\\/\\\/qtmm.org\\\/qt\\\/\",\"name\":\"\u041c\u0435\u0434\u0436\u043b\u0456\u0441\",\"description\":\"\",\"publisher\":{\"@id\":\"https:\\\/\\\/qtmm.org\\\/qt\\\/#organization\"},\"potentialAction\":[{\"@type\":\"SearchAction\",\"target\":{\"@type\":\"EntryPoint\",\"urlTemplate\":\"https:\\\/\\\/qtmm.org\\\/qt\\\/?s={search_term_string}\"},\"query-input\":{\"@type\":\"PropertyValueSpecification\",\"valueRequired\":true,\"valueName\":\"search_term_string\"}}],\"inLanguage\":\"qt\"},{\"@type\":\"Organization\",\"@id\":\"https:\\\/\\\/qtmm.org\\\/qt\\\/#organization\",\"name\":\"\u041c\u0435\u0434\u0436\u043b\u0456\u0441\",\"url\":\"https:\\\/\\\/qtmm.org\\\/qt\\\/\",\"logo\":{\"@type\":\"ImageObject\",\"inLanguage\":\"qt\",\"@id\":\"https:\\\/\\\/qtmm.org\\\/qt\\\/#\\\/schema\\\/logo\\\/image\\\/\",\"url\":\"https:\\\/\\\/qtmm.org\\\/wp-content\\\/uploads\\\/2024\\\/12\\\/ua-mejlis-logo-rgb.svg\",\"contentUrl\":\"https:\\\/\\\/qtmm.org\\\/wp-content\\\/uploads\\\/2024\\\/12\\\/ua-mejlis-logo-rgb.svg\",\"caption\":\"\u041c\u0435\u0434\u0436\u043b\u0456\u0441\"},\"image\":{\"@id\":\"https:\\\/\\\/qtmm.org\\\/qt\\\/#\\\/schema\\\/logo\\\/image\\\/\"},\"sameAs\":[\"https:\\\/\\\/www.facebook.com\\\/qtmm.info\\\/\"]},{\"@type\":\"Person\",\"@id\":\"https:\\\/\\\/qtmm.org\\\/qt\\\/#\\\/schema\\\/person\\\/de562469f971dec226ac06e60bbf74a7\",\"name\":\"Developer\",\"image\":{\"@type\":\"ImageObject\",\"inLanguage\":\"qt\",\"@id\":\"https:\\\/\\\/secure.gravatar.com\\\/avatar\\\/392b4cc8fbfeb00b39dfeeab4ee6edded39ffd48e25858637e4765810300227e?s=96&d=mm&r=g\",\"url\":\"https:\\\/\\\/secure.gravatar.com\\\/avatar\\\/392b4cc8fbfeb00b39dfeeab4ee6edded39ffd48e25858637e4765810300227e?s=96&d=mm&r=g\",\"contentUrl\":\"https:\\\/\\\/secure.gravatar.com\\\/avatar\\\/392b4cc8fbfeb00b39dfeeab4ee6edded39ffd48e25858637e4765810300227e?s=96&d=mm&r=g\",\"caption\":\"Developer\"},\"url\":\"https:\\\/\\\/qtmm.org\\\/qt\\\/author\\\/Developer\\\/\"}]}<\/script>\n<!-- \/ Yoast SEO plugin. -->","yoast_head_json":{"title":"Meclis reisi Mustafa Cemilev T\u00fcrkiyeni\u00f1 Avropa Birligi i\u015fleri boyunca naziri Egemen Ba\u011f\u0131\u015f ile k\u00f6r\u00fc\u015fti - \u041c\u0435\u0434\u0436\u043b\u0456\u0441","robots":{"index":"index","follow":"follow","max-snippet":"max-snippet:-1","max-image-preview":"max-image-preview:large","max-video-preview":"max-video-preview:-1"},"canonical":"https:\/\/qtmm.org\/qt\/meclis-reisi-mustafa-cemilev-turkiyenin-avropa-birligi-isleri-boyunca-naziri-egemen-bagis-ile-korusti\/","og_locale":"en_US","og_type":"article","og_title":"Meclis reisi Mustafa Cemilev T\u00fcrkiyeni\u00f1 Avropa Birligi i\u015fleri boyunca naziri Egemen Ba\u011f\u0131\u015f ile k\u00f6r\u00fc\u015fti - \u041c\u0435\u0434\u0436\u043b\u0456\u0441","og_description":"2013 senesi sent\u00e2br 20 k\u00fcn\u00fc Ba\u011f\u00e7asarayda Milliy Meclis reisi, Ukraina halq deputat\u0131 Mustafa Cemilev Q\u0131r\u0131m\u011fa Yalta Avropa Strategiyas\u0131 10-nc\u0131 forum\u0131nda i\u015ftirak etmek i\u00e7\u00fcn kelgen T\u00fcrkiyeni\u00f1 Avropa Birligi i\u015fleri boyunca naziri Egemen Ba\u011f\u0131\u015f ile k\u00f6r\u00fc\u015fti. Nazirge T\u00fcrkiyeni\u00f1 Ukrainadaki El\u00e7isiMehmet Samsar refaqatl\u0131q yapt\u0131. K\u00f6r\u00fc\u015f\u00fcv devam\u0131nda Meclis ba\u015fqan\u0131 T\u00fcrkiyeni\u00f1 Avropa Birligi i\u015fleri boyunca naziri Egemen Ba\u011f\u0131\u015fnen Avropa Birligi [&hellip;]","og_url":"https:\/\/qtmm.org\/qt\/meclis-reisi-mustafa-cemilev-turkiyenin-avropa-birligi-isleri-boyunca-naziri-egemen-bagis-ile-korusti\/","og_site_name":"\u041c\u0435\u0434\u0436\u043b\u0456\u0441","article_publisher":"https:\/\/www.facebook.com\/qtmm.info\/","article_published_time":"2013-09-21T15:14:00+00:00","article_modified_time":"2022-01-25T15:15:15+00:00","og_image":[{"width":650,"height":415,"url":"https:\/\/qtmm.org\/wp-content\/uploads\/2022\/01\/egimen_bagysh.jpeg","type":"image\/jpeg"}],"author":"Developer","twitter_card":"summary_large_image","twitter_misc":{"Written by":"Developer","Est. reading time":"1 minute"},"schema":{"@context":"https:\/\/schema.org","@graph":[{"@type":"Article","@id":"https:\/\/qtmm.org\/qt\/meclis-reisi-mustafa-cemilev-turkiyenin-avropa-birligi-isleri-boyunca-naziri-egemen-bagis-ile-korusti\/#article","isPartOf":{"@id":"https:\/\/qtmm.org\/qt\/meclis-reisi-mustafa-cemilev-turkiyenin-avropa-birligi-isleri-boyunca-naziri-egemen-bagis-ile-korusti\/"},"author":{"name":"Developer","@id":"https:\/\/qtmm.org\/qt\/#\/schema\/person\/de562469f971dec226ac06e60bbf74a7"},"headline":"Meclis reisi Mustafa Cemilev T\u00fcrkiyeni\u00f1 Avropa Birligi i\u015fleri boyunca naziri Egemen Ba\u011f\u0131\u015f ile k\u00f6r\u00fc\u015fti","datePublished":"2013-09-21T15:14:00+00:00","dateModified":"2022-01-25T15:15:15+00:00","mainEntityOfPage":{"@id":"https:\/\/qtmm.org\/qt\/meclis-reisi-mustafa-cemilev-turkiyenin-avropa-birligi-isleri-boyunca-naziri-egemen-bagis-ile-korusti\/"},"wordCount":300,"commentCount":0,"publisher":{"@id":"https:\/\/qtmm.org\/qt\/#organization"},"image":{"@id":"https:\/\/qtmm.org\/qt\/meclis-reisi-mustafa-cemilev-turkiyenin-avropa-birligi-isleri-boyunca-naziri-egemen-bagis-ile-korusti\/#primaryimage"},"thumbnailUrl":"https:\/\/qtmm.org\/wp-content\/uploads\/2022\/01\/egimen_bagysh.jpeg","articleSection":["Haberler"],"inLanguage":"qt","potentialAction":[{"@type":"CommentAction","name":"Comment","target":["https:\/\/qtmm.org\/qt\/meclis-reisi-mustafa-cemilev-turkiyenin-avropa-birligi-isleri-boyunca-naziri-egemen-bagis-ile-korusti\/#respond"]}]},{"@type":"WebPage","@id":"https:\/\/qtmm.org\/qt\/meclis-reisi-mustafa-cemilev-turkiyenin-avropa-birligi-isleri-boyunca-naziri-egemen-bagis-ile-korusti\/","url":"https:\/\/qtmm.org\/qt\/meclis-reisi-mustafa-cemilev-turkiyenin-avropa-birligi-isleri-boyunca-naziri-egemen-bagis-ile-korusti\/","name":"Meclis reisi Mustafa Cemilev T\u00fcrkiyeni\u00f1 Avropa Birligi i\u015fleri boyunca naziri Egemen Ba\u011f\u0131\u015f ile k\u00f6r\u00fc\u015fti - \u041c\u0435\u0434\u0436\u043b\u0456\u0441","isPartOf":{"@id":"https:\/\/qtmm.org\/qt\/#website"},"primaryImageOfPage":{"@id":"https:\/\/qtmm.org\/qt\/meclis-reisi-mustafa-cemilev-turkiyenin-avropa-birligi-isleri-boyunca-naziri-egemen-bagis-ile-korusti\/#primaryimage"},"image":{"@id":"https:\/\/qtmm.org\/qt\/meclis-reisi-mustafa-cemilev-turkiyenin-avropa-birligi-isleri-boyunca-naziri-egemen-bagis-ile-korusti\/#primaryimage"},"thumbnailUrl":"https:\/\/qtmm.org\/wp-content\/uploads\/2022\/01\/egimen_bagysh.jpeg","datePublished":"2013-09-21T15:14:00+00:00","dateModified":"2022-01-25T15:15:15+00:00","breadcrumb":{"@id":"https:\/\/qtmm.org\/qt\/meclis-reisi-mustafa-cemilev-turkiyenin-avropa-birligi-isleri-boyunca-naziri-egemen-bagis-ile-korusti\/#breadcrumb"},"inLanguage":"qt","potentialAction":[{"@type":"ReadAction","target":["https:\/\/qtmm.org\/qt\/meclis-reisi-mustafa-cemilev-turkiyenin-avropa-birligi-isleri-boyunca-naziri-egemen-bagis-ile-korusti\/"]}]},{"@type":"ImageObject","inLanguage":"qt","@id":"https:\/\/qtmm.org\/qt\/meclis-reisi-mustafa-cemilev-turkiyenin-avropa-birligi-isleri-boyunca-naziri-egemen-bagis-ile-korusti\/#primaryimage","url":"https:\/\/qtmm.org\/wp-content\/uploads\/2022\/01\/egimen_bagysh.jpeg","contentUrl":"https:\/\/qtmm.org\/wp-content\/uploads\/2022\/01\/egimen_bagysh.jpeg","width":650,"height":415},{"@type":"BreadcrumbList","@id":"https:\/\/qtmm.org\/qt\/meclis-reisi-mustafa-cemilev-turkiyenin-avropa-birligi-isleri-boyunca-naziri-egemen-bagis-ile-korusti\/#breadcrumb","itemListElement":[{"@type":"ListItem","position":1,"name":"\u0413\u043e\u043b\u043e\u0432\u043d\u0430","item":"https:\/\/qtmm.org\/qt\/"},{"@type":"ListItem","position":2,"name":"Meclis reisi Mustafa Cemilev T\u00fcrkiyeni\u00f1 Avropa Birligi i\u015fleri boyunca naziri Egemen Ba\u011f\u0131\u015f ile k\u00f6r\u00fc\u015fti"}]},{"@type":"WebSite","@id":"https:\/\/qtmm.org\/qt\/#website","url":"https:\/\/qtmm.org\/qt\/","name":"\u041c\u0435\u0434\u0436\u043b\u0456\u0441","description":"","publisher":{"@id":"https:\/\/qtmm.org\/qt\/#organization"},"potentialAction":[{"@type":"SearchAction","target":{"@type":"EntryPoint","urlTemplate":"https:\/\/qtmm.org\/qt\/?s={search_term_string}"},"query-input":{"@type":"PropertyValueSpecification","valueRequired":true,"valueName":"search_term_string"}}],"inLanguage":"qt"},{"@type":"Organization","@id":"https:\/\/qtmm.org\/qt\/#organization","name":"\u041c\u0435\u0434\u0436\u043b\u0456\u0441","url":"https:\/\/qtmm.org\/qt\/","logo":{"@type":"ImageObject","inLanguage":"qt","@id":"https:\/\/qtmm.org\/qt\/#\/schema\/logo\/image\/","url":"https:\/\/qtmm.org\/wp-content\/uploads\/2024\/12\/ua-mejlis-logo-rgb.svg","contentUrl":"https:\/\/qtmm.org\/wp-content\/uploads\/2024\/12\/ua-mejlis-logo-rgb.svg","caption":"\u041c\u0435\u0434\u0436\u043b\u0456\u0441"},"image":{"@id":"https:\/\/qtmm.org\/qt\/#\/schema\/logo\/image\/"},"sameAs":["https:\/\/www.facebook.com\/qtmm.info\/"]},{"@type":"Person","@id":"https:\/\/qtmm.org\/qt\/#\/schema\/person\/de562469f971dec226ac06e60bbf74a7","name":"Developer","image":{"@type":"ImageObject","inLanguage":"qt","@id":"https:\/\/secure.gravatar.com\/avatar\/392b4cc8fbfeb00b39dfeeab4ee6edded39ffd48e25858637e4765810300227e?s=96&d=mm&r=g","url":"https:\/\/secure.gravatar.com\/avatar\/392b4cc8fbfeb00b39dfeeab4ee6edded39ffd48e25858637e4765810300227e?s=96&d=mm&r=g","contentUrl":"https:\/\/secure.gravatar.com\/avatar\/392b4cc8fbfeb00b39dfeeab4ee6edded39ffd48e25858637e4765810300227e?s=96&d=mm&r=g","caption":"Developer"},"url":"https:\/\/qtmm.org\/qt\/author\/Developer\/"}]}},"_links":{"self":[{"href":"https:\/\/qtmm.org\/qt\/wp-json\/wp\/v2\/posts\/39459","targetHints":{"allow":["GET"]}}],"collection":[{"href":"https:\/\/qtmm.org\/qt\/wp-json\/wp\/v2\/posts"}],"about":[{"href":"https:\/\/qtmm.org\/qt\/wp-json\/wp\/v2\/types\/post"}],"author":[{"embeddable":true,"href":"https:\/\/qtmm.org\/qt\/wp-json\/wp\/v2\/users\/1"}],"replies":[{"embeddable":true,"href":"https:\/\/qtmm.org\/qt\/wp-json\/wp\/v2\/comments?post=39459"}],"version-history":[{"count":1,"href":"https:\/\/qtmm.org\/qt\/wp-json\/wp\/v2\/posts\/39459\/revisions"}],"predecessor-version":[{"id":39464,"href":"https:\/\/qtmm.org\/qt\/wp-json\/wp\/v2\/posts\/39459\/revisions\/39464"}],"wp:featuredmedia":[{"embeddable":true,"href":"https:\/\/qtmm.org\/qt\/wp-json\/wp\/v2\/media\/39460"}],"wp:attachment":[{"href":"https:\/\/qtmm.org\/qt\/wp-json\/wp\/v2\/media?parent=39459"}],"wp:term":[{"taxonomy":"category","embeddable":true,"href":"https:\/\/qtmm.org\/qt\/wp-json\/wp\/v2\/categories?post=39459"},{"taxonomy":"post_tag","embeddable":true,"href":"https:\/\/qtmm.org\/qt\/wp-json\/wp\/v2\/tags?post=39459"}],"curies":[{"name":"wp","href":"https:\/\/api.w.org\/{rel}","templated":true}]}}