




{"id":39453,"date":"2013-09-20T18:06:00","date_gmt":"2013-09-20T15:06:00","guid":{"rendered":"http:\/\/qtmm.org\/?p=39453"},"modified":"2022-01-25T18:07:34","modified_gmt":"2022-01-25T15:07:34","slug":"ali-hamzin-ukraina-tis-isleri-naziri-leonid-kojaranin-diqqatini-nazirliknin-ukrainada-qirimtatarlar-aqsimlanmagani-aqqinda-yalan-yazilgan-vesiqaga-diqqatini-celp-etti","status":"publish","type":"post","link":"https:\/\/qtmm.org\/qt\/ali-hamzin-ukraina-tis-isleri-naziri-leonid-kojaranin-diqqatini-nazirliknin-ukrainada-qirimtatarlar-aqsimlanmagani-aqqinda-yalan-yazilgan-vesiqaga-diqqatini-celp-etti\/","title":{"rendered":"Ali Hamzin Ukraina T\u0131\u015f i\u015fleri naziri Leonid Kojaran\u0131\u00f1 diqqat\u0131n\u0131 nazirlikni\u00f1 Ukrainada q\u0131r\u0131mtatarlar aqs\u0131mlanma\u011fan\u0131 aqq\u0131nda yalan yaz\u0131l\u011fan vesiqa\u011fa diqqat\u0131n\u0131 celp etti"},"content":{"rendered":"\n<p>Meclis t\u0131\u015fq\u0131 al\u00e2qalar b\u00f6l\u00fcgini\u00f1 ba\u015f\u0131 Ali Hamzin emin ki, ukrain akimiyeti OSCE Aliy komissar\u0131n\u0131\u00f1 ofisi az\u0131rla\u011fan &#8220;Evel s\u00fcrg\u00fcn etilgen \u015fah\u0131slarn\u0131\u00f1 Q\u0131r\u0131mda, Ukrainada qat\u0131luv\u0131&#8221; maruzas\u0131na diqqatl\u0131ca yana\u015fmaq kerek. Bu aqta Meclis t\u0131\u015fq\u0131 al\u00e2qalar b\u00f6l\u00fcgini\u00f1 ba\u015f\u0131 Avropa Birligi komissar\u0131 \u015etefan F\u00fcle ile sent\u00e2br 19-da ol\u0131p ke\u00e7ken k\u00f6r\u00fc\u015f\u00fcvde aytt\u0131<\/p>\n\n\n\n<p>Ukraina T\u0131\u015f i\u015fleri nazirligi taraf\u0131ndan tarqat\u0131l\u011fan ingliz tilinde &#8220;Evel s\u00fcrg\u00fcn etilgen \u015fah\u0131slarn\u0131\u00f1 ukrain cemiyetine qat\u0131lmas\u0131n\u0131\u00f1 vaziyeti aqq\u0131nda&#8221; vesiqa\u011fa i\u015fmar eterek Ali Hamzin Ukraina T\u0131\u015f i\u015fleri naziri Leonid Kojaran\u0131\u00f1 diqqat\u0131n\u0131 \u015fu\u00f1a celp etti ki, nazirlikni\u00f1 Ukrainada q\u0131r\u0131mtatarlar aqs\u0131mlanma\u011fan\u0131 aqq\u0131ndaki s\u00f6zleri quru yaland\u0131r.<\/p>\n\n\n\n<p>&#8220;Bu yalanm\u0131 ya da bu aqiqat AQ\u015e, bir s\u0131ra halqara te\u015fkil\u00e2tlar, \u015fu c\u00fcmleden OSCE ve BMTn\u0131\u00f1 \u0130nsan aqlar\u0131 boyunca komitetni\u00f1 Ukrainada milletlerara munasebetler saas\u0131nda vaziyetni kergin, dep belgilegen er y\u0131ll\u0131q maruzalar\u0131 da yalanm\u0131?&#8221;, &#8211; Ali Hamzin OSCE reisi Leonid Kojara\u011fa i\u015fte b\u00f6yle sualnen h\u0131tap etti.<\/p>\n\n\n\n<figure class=\"wp-block-image size-full\"><img loading=\"lazy\" decoding=\"async\" width=\"650\" height=\"377\" src=\"http:\/\/qtmm.org\/wp-content\/uploads\/2022\/01\/img_0028_1.jpeg\" alt=\"\" class=\"wp-image-39454\" srcset=\"https:\/\/qtmm.org\/wp-content\/uploads\/2022\/01\/img_0028_1.jpeg 650w, https:\/\/qtmm.org\/wp-content\/uploads\/2022\/01\/img_0028_1-300x174.jpeg 300w\" sizes=\"auto, (max-width: 650px) 100vw, 650px\" \/><\/figure>\n\n\n\n<p>Bun\u0131\u00f1 kibi de Meclis T\u0131\u015f al\u00e2qalar b\u00f6l\u00fcgini\u00f1 ba\u015f\u0131 dedi ki, Ukraina T\u0131\u015f i\u015fler nazirligi OSCE Aliy komissar\u0131n\u0131\u00f1 ofisi az\u0131rla\u011fan &#8220;Evel s\u00fcrg\u00fcn etilgen \u015fah\u0131slarn\u0131\u00f1 Q\u0131r\u0131mda, Ukrainada qat\u0131luv&#8221; maruzas\u0131n\u0131 diqqatqa almad\u0131. &#8220;OSCE ofisini\u00f1 hadimleri s\u00fcrg\u00fcn etilgenlerni\u00f1 meseleleri boyunca Norvegiya T\u0131\u015f i\u015fleri nazirligini\u00f1 yard\u0131m\u0131nda az\u0131rla\u011fan esabatlar\u0131n\u0131 Ukraina T\u0131\u015f i\u015fleri nazirligine resmiy s\u00fcrette defalarca yollamaqtalar. L\u00e2kin Ukraina T\u0131\u015f i\u015fler nazirligi OSCE Aliy komissar\u0131n\u0131\u00f1 ofisi az\u0131rla\u011fan &#8220;Evel s\u00fcrg\u00fcn etilgen \u015fah\u0131slarn\u0131\u00f1 Q\u0131r\u0131mda, Ukrainada qat\u0131luv&#8221; maruzas\u0131n\u0131 diqqats\u0131z qald\u0131rd\u0131, T\u0131\u015f i\u015fler nazirliginden i\u00e7 bir t\u00fcrl\u00fc cevap olmad\u0131&#8221;, &#8211; dedi Hamzin.<\/p>\n\n\n\n<p>\u00d6z nevbetinde Ukraina T\u0131\u015f i\u015fler naziri Leonid Kojara dedi ki, OSCE Aliy komissar\u0131n\u0131\u00f1 ofisi az\u0131rla\u011fan esabattan haberim bar, on\u0131 diqqat ile oqup \u00e7\u0131qt\u0131m. &#8220;Zan\u0131mca, halqara te\u015fkil\u00e2t taraf\u0131ndan yap\u0131l\u011fan bu, birinci b\u00f6yle ara\u015ft\u0131rmad\u0131r, &#8211; dep qayd etti Kojara. \u2013 B\u00f6yle tedqiqatlarn\u0131\u00f1 kelecekte de olmas\u0131n\u0131 ister edik&#8221;. Bun\u0131\u00f1nen birlikte Leonid Kojara \u015fun\u0131 da qayd etti ki, akimiyet vekili olaraq o, bu maruzadan qullan\u0131p olamaz, \u00e7\u00fcnki on\u0131\u00f1 fikrince, maruza Avropa qanunlar\u0131na uya, l\u00e2kin Ukrainan\u0131\u00f1 qanunlar\u0131na ve i\u00e7ki taliline i\u00e7 uymay.<\/p>\n","protected":false},"excerpt":{"rendered":"<p>Meclis t\u0131\u015fq\u0131 al\u00e2qalar b\u00f6l\u00fcgini\u00f1 ba\u015f\u0131 Ali Hamzin emin ki, ukrain akimiyeti OSCE Aliy komissar\u0131n\u0131\u00f1 ofisi az\u0131rla\u011fan &#8220;Evel s\u00fcrg\u00fcn etilgen \u015fah\u0131slarn\u0131\u00f1 Q\u0131r\u0131mda, Ukrainada qat\u0131luv\u0131&#8221; maruzas\u0131na diqqatl\u0131ca yana\u015fmaq kerek. Bu aqta Meclis t\u0131\u015fq\u0131 al\u00e2qalar b\u00f6l\u00fcgini\u00f1 ba\u015f\u0131 Avropa Birligi komissar\u0131 \u015etefan F\u00fcle ile sent\u00e2br 19-da ol\u0131p ke\u00e7ken k\u00f6r\u00fc\u015f\u00fcvde aytt\u0131 Ukraina T\u0131\u015f i\u015fleri nazirligi taraf\u0131ndan tarqat\u0131l\u011fan ingliz tilinde &#8220;Evel [&hellip;]<\/p>\n","protected":false},"author":1,"featured_media":0,"comment_status":"open","ping_status":"open","sticky":false,"template":"","format":"standard","meta":{"inline_featured_image":false,"footnotes":""},"categories":[265],"tags":[],"class_list":["post-39453","post","type-post","status-publish","format-standard","hentry","category-haberler"],"acf":[],"yoast_head":"<!-- This site is optimized with the Yoast SEO plugin v27.4 - https:\/\/yoast.com\/product\/yoast-seo-wordpress\/ -->\n<title>Ali Hamzin Ukraina T\u0131\u015f i\u015fleri naziri Leonid Kojaran\u0131\u00f1 diqqat\u0131n\u0131 nazirlikni\u00f1 Ukrainada q\u0131r\u0131mtatarlar aqs\u0131mlanma\u011fan\u0131 aqq\u0131nda yalan yaz\u0131l\u011fan vesiqa\u011fa diqqat\u0131n\u0131 celp etti - \u041c\u0435\u0434\u0436\u043b\u0456\u0441<\/title>\n<meta name=\"robots\" content=\"index, follow, max-snippet:-1, max-image-preview:large, max-video-preview:-1\" \/>\n<link rel=\"canonical\" href=\"https:\/\/qtmm.org\/qt\/ali-hamzin-ukraina-tis-isleri-naziri-leonid-kojaranin-diqqatini-nazirliknin-ukrainada-qirimtatarlar-aqsimlanmagani-aqqinda-yalan-yazilgan-vesiqaga-diqqatini-celp-etti\/\" \/>\n<meta property=\"og:locale\" content=\"en_US\" \/>\n<meta property=\"og:type\" content=\"article\" \/>\n<meta property=\"og:title\" content=\"Ali Hamzin Ukraina T\u0131\u015f i\u015fleri naziri Leonid Kojaran\u0131\u00f1 diqqat\u0131n\u0131 nazirlikni\u00f1 Ukrainada q\u0131r\u0131mtatarlar aqs\u0131mlanma\u011fan\u0131 aqq\u0131nda yalan yaz\u0131l\u011fan vesiqa\u011fa diqqat\u0131n\u0131 celp etti - \u041c\u0435\u0434\u0436\u043b\u0456\u0441\" \/>\n<meta property=\"og:description\" content=\"Meclis t\u0131\u015fq\u0131 al\u00e2qalar b\u00f6l\u00fcgini\u00f1 ba\u015f\u0131 Ali Hamzin emin ki, ukrain akimiyeti OSCE Aliy komissar\u0131n\u0131\u00f1 ofisi az\u0131rla\u011fan &#8220;Evel s\u00fcrg\u00fcn etilgen \u015fah\u0131slarn\u0131\u00f1 Q\u0131r\u0131mda, Ukrainada qat\u0131luv\u0131&#8221; maruzas\u0131na diqqatl\u0131ca yana\u015fmaq kerek. Bu aqta Meclis t\u0131\u015fq\u0131 al\u00e2qalar b\u00f6l\u00fcgini\u00f1 ba\u015f\u0131 Avropa Birligi komissar\u0131 \u015etefan F\u00fcle ile sent\u00e2br 19-da ol\u0131p ke\u00e7ken k\u00f6r\u00fc\u015f\u00fcvde aytt\u0131 Ukraina T\u0131\u015f i\u015fleri nazirligi taraf\u0131ndan tarqat\u0131l\u011fan ingliz tilinde &#8220;Evel [&hellip;]\" \/>\n<meta property=\"og:url\" content=\"https:\/\/qtmm.org\/qt\/ali-hamzin-ukraina-tis-isleri-naziri-leonid-kojaranin-diqqatini-nazirliknin-ukrainada-qirimtatarlar-aqsimlanmagani-aqqinda-yalan-yazilgan-vesiqaga-diqqatini-celp-etti\/\" \/>\n<meta property=\"og:site_name\" content=\"\u041c\u0435\u0434\u0436\u043b\u0456\u0441\" \/>\n<meta property=\"article:publisher\" content=\"https:\/\/www.facebook.com\/qtmm.info\/\" \/>\n<meta property=\"article:published_time\" content=\"2013-09-20T15:06:00+00:00\" \/>\n<meta property=\"article:modified_time\" content=\"2022-01-25T15:07:34+00:00\" \/>\n<meta property=\"og:image\" content=\"https:\/\/qtmm.org\/wp-content\/uploads\/2022\/01\/img_0028_1.jpeg\" \/>\n\t<meta property=\"og:image:width\" content=\"650\" \/>\n\t<meta property=\"og:image:height\" content=\"377\" \/>\n\t<meta property=\"og:image:type\" content=\"image\/jpeg\" \/>\n<meta name=\"author\" content=\"Developer\" \/>\n<meta name=\"twitter:card\" content=\"summary_large_image\" \/>\n<meta name=\"twitter:label1\" content=\"Written by\" \/>\n\t<meta name=\"twitter:data1\" content=\"Developer\" \/>\n\t<meta name=\"twitter:label2\" content=\"Est. reading time\" \/>\n\t<meta name=\"twitter:data2\" content=\"2 minutes\" \/>\n<script type=\"application\/ld+json\" class=\"yoast-schema-graph\">{\"@context\":\"https:\\\/\\\/schema.org\",\"@graph\":[{\"@type\":\"Article\",\"@id\":\"https:\\\/\\\/qtmm.org\\\/qt\\\/ali-hamzin-ukraina-tis-isleri-naziri-leonid-kojaranin-diqqatini-nazirliknin-ukrainada-qirimtatarlar-aqsimlanmagani-aqqinda-yalan-yazilgan-vesiqaga-diqqatini-celp-etti\\\/#article\",\"isPartOf\":{\"@id\":\"https:\\\/\\\/qtmm.org\\\/qt\\\/ali-hamzin-ukraina-tis-isleri-naziri-leonid-kojaranin-diqqatini-nazirliknin-ukrainada-qirimtatarlar-aqsimlanmagani-aqqinda-yalan-yazilgan-vesiqaga-diqqatini-celp-etti\\\/\"},\"author\":{\"name\":\"Developer\",\"@id\":\"https:\\\/\\\/qtmm.org\\\/qt\\\/#\\\/schema\\\/person\\\/de562469f971dec226ac06e60bbf74a7\"},\"headline\":\"Ali Hamzin Ukraina T\u0131\u015f i\u015fleri naziri Leonid Kojaran\u0131\u00f1 diqqat\u0131n\u0131 nazirlikni\u00f1 Ukrainada q\u0131r\u0131mtatarlar aqs\u0131mlanma\u011fan\u0131 aqq\u0131nda yalan yaz\u0131l\u011fan vesiqa\u011fa diqqat\u0131n\u0131 celp etti\",\"datePublished\":\"2013-09-20T15:06:00+00:00\",\"dateModified\":\"2022-01-25T15:07:34+00:00\",\"mainEntityOfPage\":{\"@id\":\"https:\\\/\\\/qtmm.org\\\/qt\\\/ali-hamzin-ukraina-tis-isleri-naziri-leonid-kojaranin-diqqatini-nazirliknin-ukrainada-qirimtatarlar-aqsimlanmagani-aqqinda-yalan-yazilgan-vesiqaga-diqqatini-celp-etti\\\/\"},\"wordCount\":443,\"commentCount\":0,\"publisher\":{\"@id\":\"https:\\\/\\\/qtmm.org\\\/qt\\\/#organization\"},\"image\":{\"@id\":\"https:\\\/\\\/qtmm.org\\\/qt\\\/ali-hamzin-ukraina-tis-isleri-naziri-leonid-kojaranin-diqqatini-nazirliknin-ukrainada-qirimtatarlar-aqsimlanmagani-aqqinda-yalan-yazilgan-vesiqaga-diqqatini-celp-etti\\\/#primaryimage\"},\"thumbnailUrl\":\"http:\\\/\\\/qtmm.org\\\/wp-content\\\/uploads\\\/2022\\\/01\\\/img_0028_1.jpeg\",\"articleSection\":[\"Haberler\"],\"inLanguage\":\"qt\",\"potentialAction\":[{\"@type\":\"CommentAction\",\"name\":\"Comment\",\"target\":[\"https:\\\/\\\/qtmm.org\\\/qt\\\/ali-hamzin-ukraina-tis-isleri-naziri-leonid-kojaranin-diqqatini-nazirliknin-ukrainada-qirimtatarlar-aqsimlanmagani-aqqinda-yalan-yazilgan-vesiqaga-diqqatini-celp-etti\\\/#respond\"]}]},{\"@type\":\"WebPage\",\"@id\":\"https:\\\/\\\/qtmm.org\\\/qt\\\/ali-hamzin-ukraina-tis-isleri-naziri-leonid-kojaranin-diqqatini-nazirliknin-ukrainada-qirimtatarlar-aqsimlanmagani-aqqinda-yalan-yazilgan-vesiqaga-diqqatini-celp-etti\\\/\",\"url\":\"https:\\\/\\\/qtmm.org\\\/qt\\\/ali-hamzin-ukraina-tis-isleri-naziri-leonid-kojaranin-diqqatini-nazirliknin-ukrainada-qirimtatarlar-aqsimlanmagani-aqqinda-yalan-yazilgan-vesiqaga-diqqatini-celp-etti\\\/\",\"name\":\"Ali Hamzin Ukraina T\u0131\u015f i\u015fleri naziri Leonid Kojaran\u0131\u00f1 diqqat\u0131n\u0131 nazirlikni\u00f1 Ukrainada q\u0131r\u0131mtatarlar aqs\u0131mlanma\u011fan\u0131 aqq\u0131nda yalan yaz\u0131l\u011fan vesiqa\u011fa diqqat\u0131n\u0131 celp etti - \u041c\u0435\u0434\u0436\u043b\u0456\u0441\",\"isPartOf\":{\"@id\":\"https:\\\/\\\/qtmm.org\\\/qt\\\/#website\"},\"primaryImageOfPage\":{\"@id\":\"https:\\\/\\\/qtmm.org\\\/qt\\\/ali-hamzin-ukraina-tis-isleri-naziri-leonid-kojaranin-diqqatini-nazirliknin-ukrainada-qirimtatarlar-aqsimlanmagani-aqqinda-yalan-yazilgan-vesiqaga-diqqatini-celp-etti\\\/#primaryimage\"},\"image\":{\"@id\":\"https:\\\/\\\/qtmm.org\\\/qt\\\/ali-hamzin-ukraina-tis-isleri-naziri-leonid-kojaranin-diqqatini-nazirliknin-ukrainada-qirimtatarlar-aqsimlanmagani-aqqinda-yalan-yazilgan-vesiqaga-diqqatini-celp-etti\\\/#primaryimage\"},\"thumbnailUrl\":\"http:\\\/\\\/qtmm.org\\\/wp-content\\\/uploads\\\/2022\\\/01\\\/img_0028_1.jpeg\",\"datePublished\":\"2013-09-20T15:06:00+00:00\",\"dateModified\":\"2022-01-25T15:07:34+00:00\",\"breadcrumb\":{\"@id\":\"https:\\\/\\\/qtmm.org\\\/qt\\\/ali-hamzin-ukraina-tis-isleri-naziri-leonid-kojaranin-diqqatini-nazirliknin-ukrainada-qirimtatarlar-aqsimlanmagani-aqqinda-yalan-yazilgan-vesiqaga-diqqatini-celp-etti\\\/#breadcrumb\"},\"inLanguage\":\"qt\",\"potentialAction\":[{\"@type\":\"ReadAction\",\"target\":[\"https:\\\/\\\/qtmm.org\\\/qt\\\/ali-hamzin-ukraina-tis-isleri-naziri-leonid-kojaranin-diqqatini-nazirliknin-ukrainada-qirimtatarlar-aqsimlanmagani-aqqinda-yalan-yazilgan-vesiqaga-diqqatini-celp-etti\\\/\"]}]},{\"@type\":\"ImageObject\",\"inLanguage\":\"qt\",\"@id\":\"https:\\\/\\\/qtmm.org\\\/qt\\\/ali-hamzin-ukraina-tis-isleri-naziri-leonid-kojaranin-diqqatini-nazirliknin-ukrainada-qirimtatarlar-aqsimlanmagani-aqqinda-yalan-yazilgan-vesiqaga-diqqatini-celp-etti\\\/#primaryimage\",\"url\":\"http:\\\/\\\/qtmm.org\\\/wp-content\\\/uploads\\\/2022\\\/01\\\/img_0028_1.jpeg\",\"contentUrl\":\"http:\\\/\\\/qtmm.org\\\/wp-content\\\/uploads\\\/2022\\\/01\\\/img_0028_1.jpeg\"},{\"@type\":\"BreadcrumbList\",\"@id\":\"https:\\\/\\\/qtmm.org\\\/qt\\\/ali-hamzin-ukraina-tis-isleri-naziri-leonid-kojaranin-diqqatini-nazirliknin-ukrainada-qirimtatarlar-aqsimlanmagani-aqqinda-yalan-yazilgan-vesiqaga-diqqatini-celp-etti\\\/#breadcrumb\",\"itemListElement\":[{\"@type\":\"ListItem\",\"position\":1,\"name\":\"\u0413\u043e\u043b\u043e\u0432\u043d\u0430\",\"item\":\"https:\\\/\\\/qtmm.org\\\/qt\\\/\"},{\"@type\":\"ListItem\",\"position\":2,\"name\":\"Ali Hamzin Ukraina T\u0131\u015f i\u015fleri naziri Leonid Kojaran\u0131\u00f1 diqqat\u0131n\u0131 nazirlikni\u00f1 Ukrainada q\u0131r\u0131mtatarlar aqs\u0131mlanma\u011fan\u0131 aqq\u0131nda yalan yaz\u0131l\u011fan vesiqa\u011fa diqqat\u0131n\u0131 celp etti\"}]},{\"@type\":\"WebSite\",\"@id\":\"https:\\\/\\\/qtmm.org\\\/qt\\\/#website\",\"url\":\"https:\\\/\\\/qtmm.org\\\/qt\\\/\",\"name\":\"\u041c\u0435\u0434\u0436\u043b\u0456\u0441\",\"description\":\"\",\"publisher\":{\"@id\":\"https:\\\/\\\/qtmm.org\\\/qt\\\/#organization\"},\"potentialAction\":[{\"@type\":\"SearchAction\",\"target\":{\"@type\":\"EntryPoint\",\"urlTemplate\":\"https:\\\/\\\/qtmm.org\\\/qt\\\/?s={search_term_string}\"},\"query-input\":{\"@type\":\"PropertyValueSpecification\",\"valueRequired\":true,\"valueName\":\"search_term_string\"}}],\"inLanguage\":\"qt\"},{\"@type\":\"Organization\",\"@id\":\"https:\\\/\\\/qtmm.org\\\/qt\\\/#organization\",\"name\":\"\u041c\u0435\u0434\u0436\u043b\u0456\u0441\",\"url\":\"https:\\\/\\\/qtmm.org\\\/qt\\\/\",\"logo\":{\"@type\":\"ImageObject\",\"inLanguage\":\"qt\",\"@id\":\"https:\\\/\\\/qtmm.org\\\/qt\\\/#\\\/schema\\\/logo\\\/image\\\/\",\"url\":\"https:\\\/\\\/qtmm.org\\\/wp-content\\\/uploads\\\/2024\\\/12\\\/ua-mejlis-logo-rgb.svg\",\"contentUrl\":\"https:\\\/\\\/qtmm.org\\\/wp-content\\\/uploads\\\/2024\\\/12\\\/ua-mejlis-logo-rgb.svg\",\"caption\":\"\u041c\u0435\u0434\u0436\u043b\u0456\u0441\"},\"image\":{\"@id\":\"https:\\\/\\\/qtmm.org\\\/qt\\\/#\\\/schema\\\/logo\\\/image\\\/\"},\"sameAs\":[\"https:\\\/\\\/www.facebook.com\\\/qtmm.info\\\/\"]},{\"@type\":\"Person\",\"@id\":\"https:\\\/\\\/qtmm.org\\\/qt\\\/#\\\/schema\\\/person\\\/de562469f971dec226ac06e60bbf74a7\",\"name\":\"Developer\",\"image\":{\"@type\":\"ImageObject\",\"inLanguage\":\"qt\",\"@id\":\"https:\\\/\\\/secure.gravatar.com\\\/avatar\\\/392b4cc8fbfeb00b39dfeeab4ee6edded39ffd48e25858637e4765810300227e?s=96&d=mm&r=g\",\"url\":\"https:\\\/\\\/secure.gravatar.com\\\/avatar\\\/392b4cc8fbfeb00b39dfeeab4ee6edded39ffd48e25858637e4765810300227e?s=96&d=mm&r=g\",\"contentUrl\":\"https:\\\/\\\/secure.gravatar.com\\\/avatar\\\/392b4cc8fbfeb00b39dfeeab4ee6edded39ffd48e25858637e4765810300227e?s=96&d=mm&r=g\",\"caption\":\"Developer\"},\"url\":\"https:\\\/\\\/qtmm.org\\\/qt\\\/author\\\/Developer\\\/\"}]}<\/script>\n<!-- \/ Yoast SEO plugin. -->","yoast_head_json":{"title":"Ali Hamzin Ukraina T\u0131\u015f i\u015fleri naziri Leonid Kojaran\u0131\u00f1 diqqat\u0131n\u0131 nazirlikni\u00f1 Ukrainada q\u0131r\u0131mtatarlar aqs\u0131mlanma\u011fan\u0131 aqq\u0131nda yalan yaz\u0131l\u011fan vesiqa\u011fa diqqat\u0131n\u0131 celp etti - \u041c\u0435\u0434\u0436\u043b\u0456\u0441","robots":{"index":"index","follow":"follow","max-snippet":"max-snippet:-1","max-image-preview":"max-image-preview:large","max-video-preview":"max-video-preview:-1"},"canonical":"https:\/\/qtmm.org\/qt\/ali-hamzin-ukraina-tis-isleri-naziri-leonid-kojaranin-diqqatini-nazirliknin-ukrainada-qirimtatarlar-aqsimlanmagani-aqqinda-yalan-yazilgan-vesiqaga-diqqatini-celp-etti\/","og_locale":"en_US","og_type":"article","og_title":"Ali Hamzin Ukraina T\u0131\u015f i\u015fleri naziri Leonid Kojaran\u0131\u00f1 diqqat\u0131n\u0131 nazirlikni\u00f1 Ukrainada q\u0131r\u0131mtatarlar aqs\u0131mlanma\u011fan\u0131 aqq\u0131nda yalan yaz\u0131l\u011fan vesiqa\u011fa diqqat\u0131n\u0131 celp etti - \u041c\u0435\u0434\u0436\u043b\u0456\u0441","og_description":"Meclis t\u0131\u015fq\u0131 al\u00e2qalar b\u00f6l\u00fcgini\u00f1 ba\u015f\u0131 Ali Hamzin emin ki, ukrain akimiyeti OSCE Aliy komissar\u0131n\u0131\u00f1 ofisi az\u0131rla\u011fan &#8220;Evel s\u00fcrg\u00fcn etilgen \u015fah\u0131slarn\u0131\u00f1 Q\u0131r\u0131mda, Ukrainada qat\u0131luv\u0131&#8221; maruzas\u0131na diqqatl\u0131ca yana\u015fmaq kerek. Bu aqta Meclis t\u0131\u015fq\u0131 al\u00e2qalar b\u00f6l\u00fcgini\u00f1 ba\u015f\u0131 Avropa Birligi komissar\u0131 \u015etefan F\u00fcle ile sent\u00e2br 19-da ol\u0131p ke\u00e7ken k\u00f6r\u00fc\u015f\u00fcvde aytt\u0131 Ukraina T\u0131\u015f i\u015fleri nazirligi taraf\u0131ndan tarqat\u0131l\u011fan ingliz tilinde &#8220;Evel [&hellip;]","og_url":"https:\/\/qtmm.org\/qt\/ali-hamzin-ukraina-tis-isleri-naziri-leonid-kojaranin-diqqatini-nazirliknin-ukrainada-qirimtatarlar-aqsimlanmagani-aqqinda-yalan-yazilgan-vesiqaga-diqqatini-celp-etti\/","og_site_name":"\u041c\u0435\u0434\u0436\u043b\u0456\u0441","article_publisher":"https:\/\/www.facebook.com\/qtmm.info\/","article_published_time":"2013-09-20T15:06:00+00:00","article_modified_time":"2022-01-25T15:07:34+00:00","og_image":[{"width":650,"height":377,"url":"https:\/\/qtmm.org\/wp-content\/uploads\/2022\/01\/img_0028_1.jpeg","type":"image\/jpeg"}],"author":"Developer","twitter_card":"summary_large_image","twitter_misc":{"Written by":"Developer","Est. reading time":"2 minutes"},"schema":{"@context":"https:\/\/schema.org","@graph":[{"@type":"Article","@id":"https:\/\/qtmm.org\/qt\/ali-hamzin-ukraina-tis-isleri-naziri-leonid-kojaranin-diqqatini-nazirliknin-ukrainada-qirimtatarlar-aqsimlanmagani-aqqinda-yalan-yazilgan-vesiqaga-diqqatini-celp-etti\/#article","isPartOf":{"@id":"https:\/\/qtmm.org\/qt\/ali-hamzin-ukraina-tis-isleri-naziri-leonid-kojaranin-diqqatini-nazirliknin-ukrainada-qirimtatarlar-aqsimlanmagani-aqqinda-yalan-yazilgan-vesiqaga-diqqatini-celp-etti\/"},"author":{"name":"Developer","@id":"https:\/\/qtmm.org\/qt\/#\/schema\/person\/de562469f971dec226ac06e60bbf74a7"},"headline":"Ali Hamzin Ukraina T\u0131\u015f i\u015fleri naziri Leonid Kojaran\u0131\u00f1 diqqat\u0131n\u0131 nazirlikni\u00f1 Ukrainada q\u0131r\u0131mtatarlar aqs\u0131mlanma\u011fan\u0131 aqq\u0131nda yalan yaz\u0131l\u011fan vesiqa\u011fa diqqat\u0131n\u0131 celp etti","datePublished":"2013-09-20T15:06:00+00:00","dateModified":"2022-01-25T15:07:34+00:00","mainEntityOfPage":{"@id":"https:\/\/qtmm.org\/qt\/ali-hamzin-ukraina-tis-isleri-naziri-leonid-kojaranin-diqqatini-nazirliknin-ukrainada-qirimtatarlar-aqsimlanmagani-aqqinda-yalan-yazilgan-vesiqaga-diqqatini-celp-etti\/"},"wordCount":443,"commentCount":0,"publisher":{"@id":"https:\/\/qtmm.org\/qt\/#organization"},"image":{"@id":"https:\/\/qtmm.org\/qt\/ali-hamzin-ukraina-tis-isleri-naziri-leonid-kojaranin-diqqatini-nazirliknin-ukrainada-qirimtatarlar-aqsimlanmagani-aqqinda-yalan-yazilgan-vesiqaga-diqqatini-celp-etti\/#primaryimage"},"thumbnailUrl":"http:\/\/qtmm.org\/wp-content\/uploads\/2022\/01\/img_0028_1.jpeg","articleSection":["Haberler"],"inLanguage":"qt","potentialAction":[{"@type":"CommentAction","name":"Comment","target":["https:\/\/qtmm.org\/qt\/ali-hamzin-ukraina-tis-isleri-naziri-leonid-kojaranin-diqqatini-nazirliknin-ukrainada-qirimtatarlar-aqsimlanmagani-aqqinda-yalan-yazilgan-vesiqaga-diqqatini-celp-etti\/#respond"]}]},{"@type":"WebPage","@id":"https:\/\/qtmm.org\/qt\/ali-hamzin-ukraina-tis-isleri-naziri-leonid-kojaranin-diqqatini-nazirliknin-ukrainada-qirimtatarlar-aqsimlanmagani-aqqinda-yalan-yazilgan-vesiqaga-diqqatini-celp-etti\/","url":"https:\/\/qtmm.org\/qt\/ali-hamzin-ukraina-tis-isleri-naziri-leonid-kojaranin-diqqatini-nazirliknin-ukrainada-qirimtatarlar-aqsimlanmagani-aqqinda-yalan-yazilgan-vesiqaga-diqqatini-celp-etti\/","name":"Ali Hamzin Ukraina T\u0131\u015f i\u015fleri naziri Leonid Kojaran\u0131\u00f1 diqqat\u0131n\u0131 nazirlikni\u00f1 Ukrainada q\u0131r\u0131mtatarlar aqs\u0131mlanma\u011fan\u0131 aqq\u0131nda yalan yaz\u0131l\u011fan vesiqa\u011fa diqqat\u0131n\u0131 celp etti - \u041c\u0435\u0434\u0436\u043b\u0456\u0441","isPartOf":{"@id":"https:\/\/qtmm.org\/qt\/#website"},"primaryImageOfPage":{"@id":"https:\/\/qtmm.org\/qt\/ali-hamzin-ukraina-tis-isleri-naziri-leonid-kojaranin-diqqatini-nazirliknin-ukrainada-qirimtatarlar-aqsimlanmagani-aqqinda-yalan-yazilgan-vesiqaga-diqqatini-celp-etti\/#primaryimage"},"image":{"@id":"https:\/\/qtmm.org\/qt\/ali-hamzin-ukraina-tis-isleri-naziri-leonid-kojaranin-diqqatini-nazirliknin-ukrainada-qirimtatarlar-aqsimlanmagani-aqqinda-yalan-yazilgan-vesiqaga-diqqatini-celp-etti\/#primaryimage"},"thumbnailUrl":"http:\/\/qtmm.org\/wp-content\/uploads\/2022\/01\/img_0028_1.jpeg","datePublished":"2013-09-20T15:06:00+00:00","dateModified":"2022-01-25T15:07:34+00:00","breadcrumb":{"@id":"https:\/\/qtmm.org\/qt\/ali-hamzin-ukraina-tis-isleri-naziri-leonid-kojaranin-diqqatini-nazirliknin-ukrainada-qirimtatarlar-aqsimlanmagani-aqqinda-yalan-yazilgan-vesiqaga-diqqatini-celp-etti\/#breadcrumb"},"inLanguage":"qt","potentialAction":[{"@type":"ReadAction","target":["https:\/\/qtmm.org\/qt\/ali-hamzin-ukraina-tis-isleri-naziri-leonid-kojaranin-diqqatini-nazirliknin-ukrainada-qirimtatarlar-aqsimlanmagani-aqqinda-yalan-yazilgan-vesiqaga-diqqatini-celp-etti\/"]}]},{"@type":"ImageObject","inLanguage":"qt","@id":"https:\/\/qtmm.org\/qt\/ali-hamzin-ukraina-tis-isleri-naziri-leonid-kojaranin-diqqatini-nazirliknin-ukrainada-qirimtatarlar-aqsimlanmagani-aqqinda-yalan-yazilgan-vesiqaga-diqqatini-celp-etti\/#primaryimage","url":"http:\/\/qtmm.org\/wp-content\/uploads\/2022\/01\/img_0028_1.jpeg","contentUrl":"http:\/\/qtmm.org\/wp-content\/uploads\/2022\/01\/img_0028_1.jpeg"},{"@type":"BreadcrumbList","@id":"https:\/\/qtmm.org\/qt\/ali-hamzin-ukraina-tis-isleri-naziri-leonid-kojaranin-diqqatini-nazirliknin-ukrainada-qirimtatarlar-aqsimlanmagani-aqqinda-yalan-yazilgan-vesiqaga-diqqatini-celp-etti\/#breadcrumb","itemListElement":[{"@type":"ListItem","position":1,"name":"\u0413\u043e\u043b\u043e\u0432\u043d\u0430","item":"https:\/\/qtmm.org\/qt\/"},{"@type":"ListItem","position":2,"name":"Ali Hamzin Ukraina T\u0131\u015f i\u015fleri naziri Leonid Kojaran\u0131\u00f1 diqqat\u0131n\u0131 nazirlikni\u00f1 Ukrainada q\u0131r\u0131mtatarlar aqs\u0131mlanma\u011fan\u0131 aqq\u0131nda yalan yaz\u0131l\u011fan vesiqa\u011fa diqqat\u0131n\u0131 celp etti"}]},{"@type":"WebSite","@id":"https:\/\/qtmm.org\/qt\/#website","url":"https:\/\/qtmm.org\/qt\/","name":"\u041c\u0435\u0434\u0436\u043b\u0456\u0441","description":"","publisher":{"@id":"https:\/\/qtmm.org\/qt\/#organization"},"potentialAction":[{"@type":"SearchAction","target":{"@type":"EntryPoint","urlTemplate":"https:\/\/qtmm.org\/qt\/?s={search_term_string}"},"query-input":{"@type":"PropertyValueSpecification","valueRequired":true,"valueName":"search_term_string"}}],"inLanguage":"qt"},{"@type":"Organization","@id":"https:\/\/qtmm.org\/qt\/#organization","name":"\u041c\u0435\u0434\u0436\u043b\u0456\u0441","url":"https:\/\/qtmm.org\/qt\/","logo":{"@type":"ImageObject","inLanguage":"qt","@id":"https:\/\/qtmm.org\/qt\/#\/schema\/logo\/image\/","url":"https:\/\/qtmm.org\/wp-content\/uploads\/2024\/12\/ua-mejlis-logo-rgb.svg","contentUrl":"https:\/\/qtmm.org\/wp-content\/uploads\/2024\/12\/ua-mejlis-logo-rgb.svg","caption":"\u041c\u0435\u0434\u0436\u043b\u0456\u0441"},"image":{"@id":"https:\/\/qtmm.org\/qt\/#\/schema\/logo\/image\/"},"sameAs":["https:\/\/www.facebook.com\/qtmm.info\/"]},{"@type":"Person","@id":"https:\/\/qtmm.org\/qt\/#\/schema\/person\/de562469f971dec226ac06e60bbf74a7","name":"Developer","image":{"@type":"ImageObject","inLanguage":"qt","@id":"https:\/\/secure.gravatar.com\/avatar\/392b4cc8fbfeb00b39dfeeab4ee6edded39ffd48e25858637e4765810300227e?s=96&d=mm&r=g","url":"https:\/\/secure.gravatar.com\/avatar\/392b4cc8fbfeb00b39dfeeab4ee6edded39ffd48e25858637e4765810300227e?s=96&d=mm&r=g","contentUrl":"https:\/\/secure.gravatar.com\/avatar\/392b4cc8fbfeb00b39dfeeab4ee6edded39ffd48e25858637e4765810300227e?s=96&d=mm&r=g","caption":"Developer"},"url":"https:\/\/qtmm.org\/qt\/author\/Developer\/"}]}},"_links":{"self":[{"href":"https:\/\/qtmm.org\/qt\/wp-json\/wp\/v2\/posts\/39453","targetHints":{"allow":["GET"]}}],"collection":[{"href":"https:\/\/qtmm.org\/qt\/wp-json\/wp\/v2\/posts"}],"about":[{"href":"https:\/\/qtmm.org\/qt\/wp-json\/wp\/v2\/types\/post"}],"author":[{"embeddable":true,"href":"https:\/\/qtmm.org\/qt\/wp-json\/wp\/v2\/users\/1"}],"replies":[{"embeddable":true,"href":"https:\/\/qtmm.org\/qt\/wp-json\/wp\/v2\/comments?post=39453"}],"version-history":[{"count":1,"href":"https:\/\/qtmm.org\/qt\/wp-json\/wp\/v2\/posts\/39453\/revisions"}],"predecessor-version":[{"id":39458,"href":"https:\/\/qtmm.org\/qt\/wp-json\/wp\/v2\/posts\/39453\/revisions\/39458"}],"wp:attachment":[{"href":"https:\/\/qtmm.org\/qt\/wp-json\/wp\/v2\/media?parent=39453"}],"wp:term":[{"taxonomy":"category","embeddable":true,"href":"https:\/\/qtmm.org\/qt\/wp-json\/wp\/v2\/categories?post=39453"},{"taxonomy":"post_tag","embeddable":true,"href":"https:\/\/qtmm.org\/qt\/wp-json\/wp\/v2\/tags?post=39453"}],"curies":[{"name":"wp","href":"https:\/\/api.w.org\/{rel}","templated":true}]}}